{"id":13243,"date":"2025-02-11T10:00:19","date_gmt":"2025-02-11T09:00:19","guid":{"rendered":"https:\/\/www.anovapeneira.gal\/?p=13243"},"modified":"2025-02-06T12:52:45","modified_gmt":"2025-02-06T11:52:45","slug":"a-escola-de-taborda-en-perigo-de-ser-pechada-pola-xunta","status":"publish","type":"post","link":"https:\/\/www.anovapeneira.gal\/index.php\/2025\/02\/11\/a-escola-de-taborda-en-perigo-de-ser-pechada-pola-xunta\/","title":{"rendered":"A Escola de Taborda en perigo de ser pechada pola Xunta"},"content":{"rendered":"\n<pre class=\"wp-block-verse\"><strong>Tino Lago e G. Figueiredo<\/strong><\/pre>\n\n\n\n<p><strong>O rural galego ten serios problemas poboacionais,a realidade \u00e9 que a mocidade carece de oportunidades laborais e dos servizos necesarios para poder desenvolver un proxecto vital persoal nas aldeas e o m\u00e1is f\u00e1cil \u00e9 que terminen por emigrar. A imposibilidade de educar \u00e1s crianzas na parroquia na que viven \u00e9 un dos factores que motivan a que as parellas novas decidan marcharse, xa que logo, se de verdade se apostase por fixar poboaci\u00f3n nas aldeas, a pol\u00edtica educativa debe de estar orientada a coidar e potenciar as escolas que xa existen , e non facer que vivan coa espada de Damocles do peche pendurada enriba deles de maneira permanente. A Xunta determina un n\u00famero m\u00ednimo de 6 alumnos e alumnas para manter unha escola en funcionamento, malia que no caso de que nun ano non haxa ese n\u00famero se compromete a facer un estudo demogr\u00e1fico a tres anos vista para decidir a continuidade ou non da escola en cuesti\u00f3n.<\/strong><\/p>\n\n\n\n<p><strong>A escola de Taborda, en Tomi\u00f1o, conta con d\u00e9cadas de actividade ininterrompida. Non sabemos exactamente cando naceu, ningu\u00e9n na parroquia nin no Concello soubo respondernos a esa cuesti\u00f3n, pero sospeito que non debe de andar moi lonxe do s\u00e9culo de vida. \u00c9 un elemento de cohesi\u00f3n parroquial de primeiro nivel pois varias xeraci\u00f3ns de veci\u00f1as e de veci\u00f1os pasaron polas s\u00faas aulas e hai unha opini\u00f3n un\u00e1nime,absolutamente un\u00e1nime, na parroquia en prol de que a escola siga existindo. Asemade o centro educativo goza dun m\u00e1is que merecido prestixio que xa lle fixo acredor de varios premios como o \u201c Crearte\u201d ou o \u201cInnovagal\u201d.<\/strong><\/p>\n\n\n\n<p><strong>Pero a escola est\u00e1 en perigo, pois para o curso 25-26 hai unha previsi\u00f3n de matr\u00edcula de tan s\u00f3 5 alumnos e alumnas, polo que hai medo fundado na parroquia a que a Conseller\u00eda proceda ao seu peche, incluso sen realizar o estudo demogr\u00e1fico a tres anos vista, que en teor\u00eda deben facer antes de ordenar o cerre dunha escola. N\u00f3s conversamos co seu director. El \u00e9 Ant\u00f3n, natural de Santiago e leva 14 anos traballando na escola, 11 como director.<\/strong><\/p>\n\n\n\n<p><strong>Ant\u00f3n De Valenzuela, director da Escola Infantil de Taborda, Tomi\u00f1o.<\/strong><\/p>\n\n\n\n<p>\u201c<strong>Hai unha opini\u00f3n un\u00e1nime na parroquia de Taborda de manter con vida \u00e1 s\u00faa escola\u201d<\/strong><\/p>\n\n\n\n<p><strong>Onde est\u00e1 a vosa escola?<\/strong><\/p>\n\n\n\n<blockquote class=\"wp-block-quote is-layout-flow wp-block-quote-is-layout-flow\">\n<p>En Taborda, que \u00e9 unha das parroquias de Tomi\u00f1o. A escola infantil pertence ao C.R.A. (Colexio Rural Agrupado) Mestre Manuel Garc\u00e9s.<\/p>\n<\/blockquote>\n\n\n\n<p><strong>Cantos colexios compo\u00f1en estre C.R.A.?<\/strong><\/p>\n\n\n\n<blockquote class=\"wp-block-quote is-layout-flow wp-block-quote-is-layout-flow\">\n<p>Somos un C.R.A. dos m\u00e1is grandes de Galicia e contamos con trece unidades, todas de Tomi\u00f1o.<\/p>\n<\/blockquote>\n\n\n\n<p><strong>F\u00e1lame da campa\u00f1a que estades a desenvolver para salvar a vosa unidade do peche que ameaza \u00e1 vosa escola.<\/strong><\/p>\n\n\n\n<blockquote class=\"wp-block-quote is-layout-flow wp-block-quote-is-layout-flow\">\n<p>A xunta establece que as escolas infant\u00eds deben de ter un m\u00ednimo de 6 alumnos e alumnas. N\u00f3s para o curso 25\/26 temos unha previsi\u00f3n de 5.Existe unha ameaza real de que se peche a escola da parroquia de Taboada, e n\u00f3s de ningunha maneira queremos que pase iso. Entendemos que as escolas das parroquias son un sinal de identidade moi importante. Esta escola \u00e9 un centro unificador de todos os veci\u00f1os pois moitos deles xa foros alumnos da escola que \u00e9 parte da historia da parroquia.<\/p>\n<\/blockquote>\n\n\n\n<p><strong>Cando se fundou a escola?<\/strong><\/p>\n\n\n\n<blockquote class=\"wp-block-quote is-layout-flow wp-block-quote-is-layout-flow\">\n<p>Non o sei exactamente, pero ten moitos anos con seguridade. Eu xa a co\u00f1ec\u00edn como parte do C.R.A. Esta uni\u00f3n de todas as escolas foi no ano 1999. Xa temos 25 anos de vida. Esta uni\u00f3n de escolas faise para poder desempe\u00f1ar un proxecto com\u00fan, para compartir o mesmo profesorado e obter m\u00e1is recursos e tomar as decisi\u00f3ns de xeito conxunto. Os veci\u00f1os da parroquia emoci\u00f3nanse ao pensar que poida pechar un anaco da s\u00faa vida. Nesta parroquia a escola \u00e9 un moi importante elemento de cohesi\u00f3n social.<\/p>\n<\/blockquote>\n\n\n\n<p><strong>Cantos alumnos e alumnas ten na actualidade o centro?<\/strong><\/p>\n\n\n\n<blockquote class=\"wp-block-quote is-layout-flow wp-block-quote-is-layout-flow\">\n<p>A escola de Taborda ten seis, e no C.R.A hai sobre 130 alumnos e alumnas. A escola de Taborda p\u00e1salles como a moitas parroquias, dependen moito da natalidade dun ano concreto. Pode haber anos con m\u00e1is alumnos que outros. Desde a Conseller\u00eda puxeron un m\u00ednimo de seis alumnos para manter aberta unha escola pero, desde a Conseller\u00eda de Educaci\u00f3n te\u00f1en un compromiso de que antes de pechar unha unidade van facer un estudio demogr\u00e1fico a tres anos vista, eu estiven nalgunha desas reuni\u00f3ns.<\/p>\n<\/blockquote>\n\n\n\n<blockquote class=\"wp-block-quote is-layout-flow wp-block-quote-is-layout-flow\">\n<p>As familias de Taborda buscan que a Conseller\u00eda cumpra con ese compromiso. \u00c9 posible que a Conseller\u00eda non o cumpra . As familias rompen a chorar cando pensan que isto pode chegar a suceder, non s\u00f3 polo sentimento que te\u00f1en coa escola, sen\u00f3n pola comodidade de ter aos nenos ou nenas preto da casa por si pasa algo, poder achegarse axi\u00f1a ao cole.<\/p>\n<\/blockquote>\n\n\n\n<p><strong>Para o curso que ven temos unha previsi\u00f3n de 5 nenos e nenas. E para os seguintes xa sabemos?<\/strong><\/p>\n\n\n\n<blockquote class=\"wp-block-quote is-layout-flow wp-block-quote-is-layout-flow\">\n<p>Para o curso que ven c\u00f3ntase con cinco alumnos si, pero para o seguinte hai como nove, as\u00ed que deber\u00edan de cumprir o compromiso de estudo demogr\u00e1fico, o m\u00e1ximo de alumnos e alumnas para estas aulas agora est\u00e1 en doce prazas.<\/p>\n<\/blockquote>\n\n\n\n<p><strong>Vaia, que abano m\u00e1is estreito, entre 6 e 12.E que pasar\u00eda se tiverades 13?<\/strong><\/p>\n\n\n\n<blockquote class=\"wp-block-quote is-layout-flow wp-block-quote-is-layout-flow\">\n<p>Depender\u00eda da decisi\u00f3n que tome inspecci\u00f3n, pero a priori a un alumno ou alumna deberiamos derivalo a outra escola do C.R.A.<\/p>\n<\/blockquote>\n\n\n\n<blockquote class=\"wp-block-quote is-layout-flow wp-block-quote-is-layout-flow\">\n<p>De feito, xa temos escolas nas que non puideron entras m\u00e1is nenos por falta de prazas.<\/p>\n<\/blockquote>\n\n\n\n<p><strong>Estades vivindo coa espada de Damocles constantemente. Cumprir\u00e1 a Xunta o seu compromiso de non pechar a escola sen un estudo demogr\u00e1fico previo?<\/strong><\/p>\n\n\n\n<blockquote class=\"wp-block-quote is-layout-flow wp-block-quote-is-layout-flow\">\n<p>Deber\u00edan facelo, pero a realidade que nos chega \u00e9 que non vai existir este estudo.<\/p>\n<\/blockquote>\n\n\n\n<p><strong>Ch\u00e9gavos a informaci\u00f3n de que est\u00e1n pensando en pechar?<\/strong><\/p>\n\n\n\n<blockquote class=\"wp-block-quote is-layout-flow wp-block-quote-is-layout-flow\">\n<p>Si, se non hai seis nenos pechan.<\/p>\n<\/blockquote>\n\n\n\n<p><strong>Estades tratando de conseguir alg\u00fan neno m\u00e1is. Se non o conseguides?<\/strong><\/p>\n\n\n\n<blockquote class=\"wp-block-quote is-layout-flow wp-block-quote-is-layout-flow\">\n<p>Si, con esta campa\u00f1a estamos tratando de lograr alg\u00fan alumno ou alumna m\u00e1is. Se non o conseguimos intentaremos facer, como xa fixemos noutras ocasi\u00f3n, derivar alg\u00fan doutra escola para evitar o peche. O noso centro ten certo reco\u00f1ecemento, e temos levado alg\u00fan premio.<\/p>\n<\/blockquote>\n\n\n\n<p><strong>Cont\u00e1basme que hai un sentimento un\u00e1nime na parroquia de Taborda a prol da conservaci\u00f3n da escola?<\/strong><\/p>\n\n\n\n<blockquote class=\"wp-block-quote is-layout-flow wp-block-quote-is-layout-flow\">\n<p>Si, correcto.<\/p>\n<\/blockquote>\n\n\n\n<p><strong>Cantas persoas traballades na escola?<\/strong><\/p>\n\n\n\n<blockquote class=\"wp-block-quote is-layout-flow wp-block-quote-is-layout-flow\">\n<p>Est\u00e1n a mestra titora, a especialista en psicomotricidade, a especialista de ingl\u00e9s, a especialista de m\u00fasica e a especialista de pedagox\u00eda terap\u00e9utica en audici\u00f3n e linguaxe en caso necesario. Os recursos do centro son en funci\u00f3n das necesidades dos alumnos e alumnas do C.R.A.<\/p>\n<\/blockquote>\n\n\n\n<p><strong>De pechar a escola perigar\u00eda alg\u00fan posto de traballo ou seguir\u00edan todos os e as docentes no grupo de escolas?<\/strong><\/p>\n\n\n\n<blockquote class=\"wp-block-quote is-layout-flow wp-block-quote-is-layout-flow\">\n<p>Seguindo o protocolo da Conseller\u00eda por orde de antig\u00fcidade, recolocar\u00edan a unha persoa e dar\u00edanlle outro destino distinto ao C.R.A.<\/p>\n<\/blockquote>\n\n\n\n<p><strong>Que posici\u00f3n est\u00e1 tomando o concello de Tomi\u00f1o, tedes o seu apoio?<\/strong><\/p>\n\n\n\n<blockquote class=\"wp-block-quote is-layout-flow wp-block-quote-is-layout-flow\">\n<p>O concello de Tomi\u00f1o ap\u00f3ianos pero n\u00f3s entendemos que poder\u00edan facer algo m\u00e1is. Poder\u00edan por exemplo facer un reparto de informaci\u00f3n na caixa de correos das casas das familias de Tomi\u00f1o que te\u00f1en nenos para que todas soubesen da nosa problem\u00e1tica e as\u00ed ter\u00edamos m\u00e1is opci\u00f3ns de cubrir esa praza tan necesaria para evitar o peche. Eles non o fan porque entenden que ser\u00eda un trato de favor con relaci\u00f3n ao resto des escolas do Concello e non lles convence .<\/p>\n<\/blockquote>\n\n\n\n<p><strong>Ent\u00f3n botades de menos algo m\u00e1is de implicaci\u00f3n?<\/strong><\/p>\n\n\n\n<blockquote class=\"wp-block-quote is-layout-flow wp-block-quote-is-layout-flow\">\n<p>Si, poder\u00edan facerse m\u00e1is cousas. Desde a ANPA solicitouse que subvencionaran un transporte, comedor ou un aula madruga para ter m\u00e1is opci\u00f3n a cubrir esas prazas valeiras. Noutros concellos si que o fan para a conciliaci\u00f3ns das familias pero aqu\u00ed non, non cobren estes servizos.<\/p>\n<\/blockquote>\n\n\n\n<blockquote class=\"wp-block-quote is-layout-flow wp-block-quote-is-layout-flow\">\n<p>Por outra banda dicir que tam\u00e9n somos afortunados porque os nosos centros est\u00e1n ben atendidos polo concello, falamos de mantemento ou reformas, mesmo agora imos facer unha reforma inminente nun dos nosos centros. Esta reforma depende da Conseller\u00eda, pero non o vai facer, e faise cargo o Concello.<\/p>\n<\/blockquote>\n","protected":false},"excerpt":{"rendered":"<div class=\"mh-excerpt\"><p>O rural galego ten serios problemas poboacionais,a realidade \u00e9 que a mocidade carece de oportunidades laborais e dos servizos necesarios para poder desenvolver un proxecto vital persoal nas aldeas e o m\u00e1is f\u00e1cil \u00e9 que terminen por emigrar <a class=\"mh-excerpt-more\" href=\"https:\/\/www.anovapeneira.gal\/index.php\/2025\/02\/11\/a-escola-de-taborda-en-perigo-de-ser-pechada-pola-xunta\/\" title=\"A Escola de Taborda en perigo de ser pechada pola Xunta\">[&#8230;]<\/a><\/p>\n<\/div>","protected":false},"author":3,"featured_media":13244,"comment_status":"open","ping_status":"open","sticky":false,"template":"","format":"standard","meta":{"_exactmetrics_skip_tracking":false,"_exactmetrics_sitenote_active":false,"_exactmetrics_sitenote_note":"","_exactmetrics_sitenote_category":0,"footnotes":""},"categories":[21],"tags":[81],"class_list":{"0":"post-13243","1":"post","2":"type-post","3":"status-publish","4":"format-standard","5":"has-post-thumbnail","7":"category-baixo-mino","8":"tag-concello-de-tomino"},"yoast_head":"<!-- This site is optimized with the Yoast SEO plugin v27.4 - https:\/\/yoast.com\/product\/yoast-seo-wordpress\/ -->\n<title>A Escola de Taborda en perigo de ser pechada pola Xunta -<\/title>\n<meta name=\"robots\" content=\"index, follow, max-snippet:-1, max-image-preview:large, max-video-preview:-1\" \/>\n<link rel=\"canonical\" href=\"https:\/\/www.anovapeneira.gal\/index.php\/2025\/02\/11\/a-escola-de-taborda-en-perigo-de-ser-pechada-pola-xunta\/\" \/>\n<meta property=\"og:locale\" content=\"gl_ES\" \/>\n<meta property=\"og:type\" content=\"article\" \/>\n<meta property=\"og:title\" content=\"A Escola de Taborda en perigo de ser pechada pola Xunta -\" \/>\n<meta property=\"og:description\" content=\"O rural galego ten serios problemas poboacionais,a realidade \u00e9 que a mocidade carece de oportunidades laborais e dos servizos necesarios para poder desenvolver un proxecto vital persoal nas aldeas e o m\u00e1is f\u00e1cil \u00e9 que terminen por emigrar [...]\" \/>\n<meta property=\"og:url\" content=\"https:\/\/www.anovapeneira.gal\/index.php\/2025\/02\/11\/a-escola-de-taborda-en-perigo-de-ser-pechada-pola-xunta\/\" \/>\n<meta property=\"article:publisher\" content=\"https:\/\/www.facebook.com\/anovapeneira\" \/>\n<meta property=\"article:published_time\" content=\"2025-02-11T09:00:19+00:00\" \/>\n<meta property=\"og:image\" content=\"https:\/\/www.anovapeneira.gal\/wp-content\/uploads\/2025\/02\/escola_taborda.jpg\" \/>\n\t<meta property=\"og:image:width\" content=\"720\" \/>\n\t<meta property=\"og:image:height\" content=\"432\" \/>\n\t<meta property=\"og:image:type\" content=\"image\/jpeg\" \/>\n<meta name=\"author\" content=\"Redacci\u00f3n A Nova Peneira\" \/>\n<meta name=\"twitter:card\" content=\"summary_large_image\" \/>\n<meta name=\"twitter:creator\" content=\"@APeneira\" \/>\n<meta name=\"twitter:site\" content=\"@APeneira\" \/>\n<meta name=\"twitter:label1\" content=\"Escrito por\" \/>\n\t<meta name=\"twitter:data1\" content=\"Redacci\u00f3n A Nova Peneira\" \/>\n\t<meta name=\"twitter:label2\" content=\"Tempo de lectura\" \/>\n\t<meta name=\"twitter:data2\" content=\"4 minutos\" \/>\n<script type=\"application\/ld+json\" class=\"yoast-schema-graph\">{\"@context\":\"https:\\\/\\\/schema.org\",\"@graph\":[{\"@type\":\"Article\",\"@id\":\"https:\\\/\\\/www.anovapeneira.gal\\\/index.php\\\/2025\\\/02\\\/11\\\/a-escola-de-taborda-en-perigo-de-ser-pechada-pola-xunta\\\/#article\",\"isPartOf\":{\"@id\":\"https:\\\/\\\/www.anovapeneira.gal\\\/index.php\\\/2025\\\/02\\\/11\\\/a-escola-de-taborda-en-perigo-de-ser-pechada-pola-xunta\\\/\"},\"author\":{\"name\":\"Redacci\u00f3n A Nova Peneira\",\"@id\":\"https:\\\/\\\/www.anovapeneira.gal\\\/#\\\/schema\\\/person\\\/b93e3f8932e3f8da96334607eb6ac6aa\"},\"headline\":\"A Escola de Taborda en perigo de ser pechada pola Xunta\",\"datePublished\":\"2025-02-11T09:00:19+00:00\",\"mainEntityOfPage\":{\"@id\":\"https:\\\/\\\/www.anovapeneira.gal\\\/index.php\\\/2025\\\/02\\\/11\\\/a-escola-de-taborda-en-perigo-de-ser-pechada-pola-xunta\\\/\"},\"wordCount\":1433,\"commentCount\":0,\"publisher\":{\"@id\":\"https:\\\/\\\/www.anovapeneira.gal\\\/#organization\"},\"image\":{\"@id\":\"https:\\\/\\\/www.anovapeneira.gal\\\/index.php\\\/2025\\\/02\\\/11\\\/a-escola-de-taborda-en-perigo-de-ser-pechada-pola-xunta\\\/#primaryimage\"},\"thumbnailUrl\":\"https:\\\/\\\/www.anovapeneira.gal\\\/wp-content\\\/uploads\\\/2025\\\/02\\\/escola_taborda.jpg\",\"keywords\":[\"Concello de Tomi\u00f1o\"],\"articleSection\":[\"Baixo Mi\u00f1o\"],\"inLanguage\":\"gl-ES\",\"potentialAction\":[{\"@type\":\"CommentAction\",\"name\":\"Comment\",\"target\":[\"https:\\\/\\\/www.anovapeneira.gal\\\/index.php\\\/2025\\\/02\\\/11\\\/a-escola-de-taborda-en-perigo-de-ser-pechada-pola-xunta\\\/#respond\"]}]},{\"@type\":\"WebPage\",\"@id\":\"https:\\\/\\\/www.anovapeneira.gal\\\/index.php\\\/2025\\\/02\\\/11\\\/a-escola-de-taborda-en-perigo-de-ser-pechada-pola-xunta\\\/\",\"url\":\"https:\\\/\\\/www.anovapeneira.gal\\\/index.php\\\/2025\\\/02\\\/11\\\/a-escola-de-taborda-en-perigo-de-ser-pechada-pola-xunta\\\/\",\"name\":\"A Escola de Taborda en perigo de ser pechada pola Xunta -\",\"isPartOf\":{\"@id\":\"https:\\\/\\\/www.anovapeneira.gal\\\/#website\"},\"primaryImageOfPage\":{\"@id\":\"https:\\\/\\\/www.anovapeneira.gal\\\/index.php\\\/2025\\\/02\\\/11\\\/a-escola-de-taborda-en-perigo-de-ser-pechada-pola-xunta\\\/#primaryimage\"},\"image\":{\"@id\":\"https:\\\/\\\/www.anovapeneira.gal\\\/index.php\\\/2025\\\/02\\\/11\\\/a-escola-de-taborda-en-perigo-de-ser-pechada-pola-xunta\\\/#primaryimage\"},\"thumbnailUrl\":\"https:\\\/\\\/www.anovapeneira.gal\\\/wp-content\\\/uploads\\\/2025\\\/02\\\/escola_taborda.jpg\",\"datePublished\":\"2025-02-11T09:00:19+00:00\",\"breadcrumb\":{\"@id\":\"https:\\\/\\\/www.anovapeneira.gal\\\/index.php\\\/2025\\\/02\\\/11\\\/a-escola-de-taborda-en-perigo-de-ser-pechada-pola-xunta\\\/#breadcrumb\"},\"inLanguage\":\"gl-ES\",\"potentialAction\":[{\"@type\":\"ReadAction\",\"target\":[\"https:\\\/\\\/www.anovapeneira.gal\\\/index.php\\\/2025\\\/02\\\/11\\\/a-escola-de-taborda-en-perigo-de-ser-pechada-pola-xunta\\\/\"]}]},{\"@type\":\"ImageObject\",\"inLanguage\":\"gl-ES\",\"@id\":\"https:\\\/\\\/www.anovapeneira.gal\\\/index.php\\\/2025\\\/02\\\/11\\\/a-escola-de-taborda-en-perigo-de-ser-pechada-pola-xunta\\\/#primaryimage\",\"url\":\"https:\\\/\\\/www.anovapeneira.gal\\\/wp-content\\\/uploads\\\/2025\\\/02\\\/escola_taborda.jpg\",\"contentUrl\":\"https:\\\/\\\/www.anovapeneira.gal\\\/wp-content\\\/uploads\\\/2025\\\/02\\\/escola_taborda.jpg\",\"width\":720,\"height\":432},{\"@type\":\"BreadcrumbList\",\"@id\":\"https:\\\/\\\/www.anovapeneira.gal\\\/index.php\\\/2025\\\/02\\\/11\\\/a-escola-de-taborda-en-perigo-de-ser-pechada-pola-xunta\\\/#breadcrumb\",\"itemListElement\":[{\"@type\":\"ListItem\",\"position\":1,\"name\":\"Portada\",\"item\":\"https:\\\/\\\/www.anovapeneira.gal\\\/\"},{\"@type\":\"ListItem\",\"position\":2,\"name\":\"A Escola de Taborda en perigo de ser pechada pola Xunta\"}]},{\"@type\":\"WebSite\",\"@id\":\"https:\\\/\\\/www.anovapeneira.gal\\\/#website\",\"url\":\"https:\\\/\\\/www.anovapeneira.gal\\\/\",\"name\":\"\",\"description\":\"Xornal galego de informaci\u00f3n xeral Publicaci\u00f3n mensual de novas de Galicia e en especial dos Concellos da sur da provincia de Pontevedra.\",\"publisher\":{\"@id\":\"https:\\\/\\\/www.anovapeneira.gal\\\/#organization\"},\"potentialAction\":[{\"@type\":\"SearchAction\",\"target\":{\"@type\":\"EntryPoint\",\"urlTemplate\":\"https:\\\/\\\/www.anovapeneira.gal\\\/?s={search_term_string}\"},\"query-input\":{\"@type\":\"PropertyValueSpecification\",\"valueRequired\":true,\"valueName\":\"search_term_string\"}}],\"inLanguage\":\"gl-ES\"},{\"@type\":\"Organization\",\"@id\":\"https:\\\/\\\/www.anovapeneira.gal\\\/#organization\",\"name\":\"A Nova Peneira\",\"url\":\"https:\\\/\\\/www.anovapeneira.gal\\\/\",\"logo\":{\"@type\":\"ImageObject\",\"inLanguage\":\"gl-ES\",\"@id\":\"https:\\\/\\\/www.anovapeneira.gal\\\/#\\\/schema\\\/logo\\\/image\\\/\",\"url\":\"http:\\\/\\\/www.anovapeneira.gal\\\/wp-content\\\/uploads\\\/2019\\\/06\\\/logo_a_nova_peneira_portal_web.png\",\"contentUrl\":\"http:\\\/\\\/www.anovapeneira.gal\\\/wp-content\\\/uploads\\\/2019\\\/06\\\/logo_a_nova_peneira_portal_web.png\",\"width\":300,\"height\":100,\"caption\":\"A Nova Peneira\"},\"image\":{\"@id\":\"https:\\\/\\\/www.anovapeneira.gal\\\/#\\\/schema\\\/logo\\\/image\\\/\"},\"sameAs\":[\"https:\\\/\\\/www.facebook.com\\\/anovapeneira\",\"https:\\\/\\\/x.com\\\/APeneira\"]},{\"@type\":\"Person\",\"@id\":\"https:\\\/\\\/www.anovapeneira.gal\\\/#\\\/schema\\\/person\\\/b93e3f8932e3f8da96334607eb6ac6aa\",\"name\":\"Redacci\u00f3n A Nova Peneira\",\"image\":{\"@type\":\"ImageObject\",\"inLanguage\":\"gl-ES\",\"@id\":\"https:\\\/\\\/secure.gravatar.com\\\/avatar\\\/c052a2551a06e23fac63626232eaa90abd78dbcf1700fc46a2b2c89fd27b735f?s=96&d=mm&r=g\",\"url\":\"https:\\\/\\\/secure.gravatar.com\\\/avatar\\\/c052a2551a06e23fac63626232eaa90abd78dbcf1700fc46a2b2c89fd27b735f?s=96&d=mm&r=g\",\"contentUrl\":\"https:\\\/\\\/secure.gravatar.com\\\/avatar\\\/c052a2551a06e23fac63626232eaa90abd78dbcf1700fc46a2b2c89fd27b735f?s=96&d=mm&r=g\",\"caption\":\"Redacci\u00f3n A Nova Peneira\"},\"sameAs\":[\"http:\\\/\\\/www.anovapeneira.gal\\\/\"],\"url\":\"https:\\\/\\\/www.anovapeneira.gal\\\/index.php\\\/author\\\/redactor\\\/\"}]}<\/script>\n<!-- \/ Yoast SEO plugin. -->","yoast_head_json":{"title":"A Escola de Taborda en perigo de ser pechada pola Xunta -","robots":{"index":"index","follow":"follow","max-snippet":"max-snippet:-1","max-image-preview":"max-image-preview:large","max-video-preview":"max-video-preview:-1"},"canonical":"https:\/\/www.anovapeneira.gal\/index.php\/2025\/02\/11\/a-escola-de-taborda-en-perigo-de-ser-pechada-pola-xunta\/","og_locale":"gl_ES","og_type":"article","og_title":"A Escola de Taborda en perigo de ser pechada pola Xunta -","og_description":"O rural galego ten serios problemas poboacionais,a realidade \u00e9 que a mocidade carece de oportunidades laborais e dos servizos necesarios para poder desenvolver un proxecto vital persoal nas aldeas e o m\u00e1is f\u00e1cil \u00e9 que terminen por emigrar [...]","og_url":"https:\/\/www.anovapeneira.gal\/index.php\/2025\/02\/11\/a-escola-de-taborda-en-perigo-de-ser-pechada-pola-xunta\/","article_publisher":"https:\/\/www.facebook.com\/anovapeneira","article_published_time":"2025-02-11T09:00:19+00:00","og_image":[{"width":720,"height":432,"url":"https:\/\/www.anovapeneira.gal\/wp-content\/uploads\/2025\/02\/escola_taborda.jpg","type":"image\/jpeg"}],"author":"Redacci\u00f3n A Nova Peneira","twitter_card":"summary_large_image","twitter_creator":"@APeneira","twitter_site":"@APeneira","twitter_misc":{"Escrito por":"Redacci\u00f3n A Nova Peneira","Tempo de lectura":"4 minutos"},"schema":{"@context":"https:\/\/schema.org","@graph":[{"@type":"Article","@id":"https:\/\/www.anovapeneira.gal\/index.php\/2025\/02\/11\/a-escola-de-taborda-en-perigo-de-ser-pechada-pola-xunta\/#article","isPartOf":{"@id":"https:\/\/www.anovapeneira.gal\/index.php\/2025\/02\/11\/a-escola-de-taborda-en-perigo-de-ser-pechada-pola-xunta\/"},"author":{"name":"Redacci\u00f3n A Nova Peneira","@id":"https:\/\/www.anovapeneira.gal\/#\/schema\/person\/b93e3f8932e3f8da96334607eb6ac6aa"},"headline":"A Escola de Taborda en perigo de ser pechada pola Xunta","datePublished":"2025-02-11T09:00:19+00:00","mainEntityOfPage":{"@id":"https:\/\/www.anovapeneira.gal\/index.php\/2025\/02\/11\/a-escola-de-taborda-en-perigo-de-ser-pechada-pola-xunta\/"},"wordCount":1433,"commentCount":0,"publisher":{"@id":"https:\/\/www.anovapeneira.gal\/#organization"},"image":{"@id":"https:\/\/www.anovapeneira.gal\/index.php\/2025\/02\/11\/a-escola-de-taborda-en-perigo-de-ser-pechada-pola-xunta\/#primaryimage"},"thumbnailUrl":"https:\/\/www.anovapeneira.gal\/wp-content\/uploads\/2025\/02\/escola_taborda.jpg","keywords":["Concello de Tomi\u00f1o"],"articleSection":["Baixo Mi\u00f1o"],"inLanguage":"gl-ES","potentialAction":[{"@type":"CommentAction","name":"Comment","target":["https:\/\/www.anovapeneira.gal\/index.php\/2025\/02\/11\/a-escola-de-taborda-en-perigo-de-ser-pechada-pola-xunta\/#respond"]}]},{"@type":"WebPage","@id":"https:\/\/www.anovapeneira.gal\/index.php\/2025\/02\/11\/a-escola-de-taborda-en-perigo-de-ser-pechada-pola-xunta\/","url":"https:\/\/www.anovapeneira.gal\/index.php\/2025\/02\/11\/a-escola-de-taborda-en-perigo-de-ser-pechada-pola-xunta\/","name":"A Escola de Taborda en perigo de ser pechada pola Xunta -","isPartOf":{"@id":"https:\/\/www.anovapeneira.gal\/#website"},"primaryImageOfPage":{"@id":"https:\/\/www.anovapeneira.gal\/index.php\/2025\/02\/11\/a-escola-de-taborda-en-perigo-de-ser-pechada-pola-xunta\/#primaryimage"},"image":{"@id":"https:\/\/www.anovapeneira.gal\/index.php\/2025\/02\/11\/a-escola-de-taborda-en-perigo-de-ser-pechada-pola-xunta\/#primaryimage"},"thumbnailUrl":"https:\/\/www.anovapeneira.gal\/wp-content\/uploads\/2025\/02\/escola_taborda.jpg","datePublished":"2025-02-11T09:00:19+00:00","breadcrumb":{"@id":"https:\/\/www.anovapeneira.gal\/index.php\/2025\/02\/11\/a-escola-de-taborda-en-perigo-de-ser-pechada-pola-xunta\/#breadcrumb"},"inLanguage":"gl-ES","potentialAction":[{"@type":"ReadAction","target":["https:\/\/www.anovapeneira.gal\/index.php\/2025\/02\/11\/a-escola-de-taborda-en-perigo-de-ser-pechada-pola-xunta\/"]}]},{"@type":"ImageObject","inLanguage":"gl-ES","@id":"https:\/\/www.anovapeneira.gal\/index.php\/2025\/02\/11\/a-escola-de-taborda-en-perigo-de-ser-pechada-pola-xunta\/#primaryimage","url":"https:\/\/www.anovapeneira.gal\/wp-content\/uploads\/2025\/02\/escola_taborda.jpg","contentUrl":"https:\/\/www.anovapeneira.gal\/wp-content\/uploads\/2025\/02\/escola_taborda.jpg","width":720,"height":432},{"@type":"BreadcrumbList","@id":"https:\/\/www.anovapeneira.gal\/index.php\/2025\/02\/11\/a-escola-de-taborda-en-perigo-de-ser-pechada-pola-xunta\/#breadcrumb","itemListElement":[{"@type":"ListItem","position":1,"name":"Portada","item":"https:\/\/www.anovapeneira.gal\/"},{"@type":"ListItem","position":2,"name":"A Escola de Taborda en perigo de ser pechada pola Xunta"}]},{"@type":"WebSite","@id":"https:\/\/www.anovapeneira.gal\/#website","url":"https:\/\/www.anovapeneira.gal\/","name":"","description":"Xornal galego de informaci\u00f3n xeral Publicaci\u00f3n mensual de novas de Galicia e en especial dos Concellos da sur da provincia de Pontevedra.","publisher":{"@id":"https:\/\/www.anovapeneira.gal\/#organization"},"potentialAction":[{"@type":"SearchAction","target":{"@type":"EntryPoint","urlTemplate":"https:\/\/www.anovapeneira.gal\/?s={search_term_string}"},"query-input":{"@type":"PropertyValueSpecification","valueRequired":true,"valueName":"search_term_string"}}],"inLanguage":"gl-ES"},{"@type":"Organization","@id":"https:\/\/www.anovapeneira.gal\/#organization","name":"A Nova Peneira","url":"https:\/\/www.anovapeneira.gal\/","logo":{"@type":"ImageObject","inLanguage":"gl-ES","@id":"https:\/\/www.anovapeneira.gal\/#\/schema\/logo\/image\/","url":"http:\/\/www.anovapeneira.gal\/wp-content\/uploads\/2019\/06\/logo_a_nova_peneira_portal_web.png","contentUrl":"http:\/\/www.anovapeneira.gal\/wp-content\/uploads\/2019\/06\/logo_a_nova_peneira_portal_web.png","width":300,"height":100,"caption":"A Nova Peneira"},"image":{"@id":"https:\/\/www.anovapeneira.gal\/#\/schema\/logo\/image\/"},"sameAs":["https:\/\/www.facebook.com\/anovapeneira","https:\/\/x.com\/APeneira"]},{"@type":"Person","@id":"https:\/\/www.anovapeneira.gal\/#\/schema\/person\/b93e3f8932e3f8da96334607eb6ac6aa","name":"Redacci\u00f3n A Nova Peneira","image":{"@type":"ImageObject","inLanguage":"gl-ES","@id":"https:\/\/secure.gravatar.com\/avatar\/c052a2551a06e23fac63626232eaa90abd78dbcf1700fc46a2b2c89fd27b735f?s=96&d=mm&r=g","url":"https:\/\/secure.gravatar.com\/avatar\/c052a2551a06e23fac63626232eaa90abd78dbcf1700fc46a2b2c89fd27b735f?s=96&d=mm&r=g","contentUrl":"https:\/\/secure.gravatar.com\/avatar\/c052a2551a06e23fac63626232eaa90abd78dbcf1700fc46a2b2c89fd27b735f?s=96&d=mm&r=g","caption":"Redacci\u00f3n A Nova Peneira"},"sameAs":["http:\/\/www.anovapeneira.gal\/"],"url":"https:\/\/www.anovapeneira.gal\/index.php\/author\/redactor\/"}]}},"jetpack_featured_media_url":"https:\/\/www.anovapeneira.gal\/wp-content\/uploads\/2025\/02\/escola_taborda.jpg","_links":{"self":[{"href":"https:\/\/www.anovapeneira.gal\/index.php\/wp-json\/wp\/v2\/posts\/13243","targetHints":{"allow":["GET"]}}],"collection":[{"href":"https:\/\/www.anovapeneira.gal\/index.php\/wp-json\/wp\/v2\/posts"}],"about":[{"href":"https:\/\/www.anovapeneira.gal\/index.php\/wp-json\/wp\/v2\/types\/post"}],"author":[{"embeddable":true,"href":"https:\/\/www.anovapeneira.gal\/index.php\/wp-json\/wp\/v2\/users\/3"}],"replies":[{"embeddable":true,"href":"https:\/\/www.anovapeneira.gal\/index.php\/wp-json\/wp\/v2\/comments?post=13243"}],"version-history":[{"count":1,"href":"https:\/\/www.anovapeneira.gal\/index.php\/wp-json\/wp\/v2\/posts\/13243\/revisions"}],"predecessor-version":[{"id":13245,"href":"https:\/\/www.anovapeneira.gal\/index.php\/wp-json\/wp\/v2\/posts\/13243\/revisions\/13245"}],"wp:featuredmedia":[{"embeddable":true,"href":"https:\/\/www.anovapeneira.gal\/index.php\/wp-json\/wp\/v2\/media\/13244"}],"wp:attachment":[{"href":"https:\/\/www.anovapeneira.gal\/index.php\/wp-json\/wp\/v2\/media?parent=13243"}],"wp:term":[{"taxonomy":"category","embeddable":true,"href":"https:\/\/www.anovapeneira.gal\/index.php\/wp-json\/wp\/v2\/categories?post=13243"},{"taxonomy":"post_tag","embeddable":true,"href":"https:\/\/www.anovapeneira.gal\/index.php\/wp-json\/wp\/v2\/tags?post=13243"}],"curies":[{"name":"wp","href":"https:\/\/api.w.org\/{rel}","templated":true}]}}