{"id":13246,"date":"2025-02-11T10:00:44","date_gmt":"2025-02-11T09:00:44","guid":{"rendered":"https:\/\/www.anovapeneira.gal\/?p=13246"},"modified":"2025-02-06T12:58:13","modified_gmt":"2025-02-06T11:58:13","slug":"o-compromiso-das-familias-e-do-profesorado-na-educacion-sexual-integral","status":"publish","type":"post","link":"https:\/\/www.anovapeneira.gal\/index.php\/2025\/02\/11\/o-compromiso-das-familias-e-do-profesorado-na-educacion-sexual-integral\/","title":{"rendered":"O compromiso das familias e do profesorado na educaci\u00f3n sexual integral"},"content":{"rendered":"\n<p><strong>O 14 de febreiro de 2025 na Casa das Camp\u00e1s en Pontevedra de 18 h a 21 h<\/strong><\/p>\n\n\n\n<p>Desde a Sociedade Galega de Sexolox\u00eda (SOGASEX), da que formo parte, sentimos a necesidade de recompilar informaci\u00f3n das familias para axudarnos a mellorar as nosas intervenci\u00f3ns en materia de educaci\u00f3n afectivo sexual, que a LOMLOE recolle como unha materia transversal en Educaci\u00f3n Primaria e Secundaria, e contribu\u00edr ao desenvolvemento integral de cada menor.<\/p>\n\n\n\n<p>Tendo en conta que a aula \u00e9 un espazo privilexiado de acompa\u00f1amento no desenvolvemento das capacidades cognitivas, sexuais e emocionais, consideramos que co\u00f1ecer as opini\u00f3ns e perspectivas das familias, as\u00ed como contar coa s\u00faa participaci\u00f3n e implicaci\u00f3n neste tema, seranos de grande axuda e tam\u00e9n ser\u00e1 beneficioso tanto para alumnado como para docentes e para as propias familias.<\/p>\n\n\n\n<p><a><\/a> Por iso, desde SOGASEX, dese\u00f1amos unha ferramenta, un cuestionario, a <strong>Enquisa escolar dirixida a familias sobre educaci\u00f3n sexual<\/strong>, a primeira realizada en Galicia, para co\u00f1ecer as opini\u00f3ns, actitudes, co\u00f1ecementos e suxesti\u00f3ns sobre este tema, as\u00ed como a percepci\u00f3n respecto ao papel que lle compete \u00e1 familia na educaci\u00f3n sexual dos e das menores. Este cuestionario foi totalmente an\u00f3nimo, a informaci\u00f3n non \u00eda asociada a ningunha identidade, e estaba dirixido \u00e1s nais, pais ou persoas titoras do alumnado. As enquisas pas\u00e1ronse en distintos centros educativos de Galicia durante os meses de abril, maio e xu\u00f1o de 2024. Responderon as enquisas un total de<strong> 977<\/strong> persoas.<\/p>\n\n\n\n<p>Para dar a co\u00f1ecer os resultados desta enquisa organizamos unha Xornada monogr\u00e1fica sobre Educaci\u00f3n Sexual Integral (ESI) o 14 de febreiro, D\u00eda Europeo da Sa\u00fade Sexual, en Pontevedra. Co\u00f1eceremos algunhas das achegas \u00e1 educaci\u00f3n sexual desde a nosa comunidade galega, a trav\u00e9s da investigaci\u00f3n, a reflexi\u00f3n e o compromiso de persoal docente e de persoal da&nbsp;sexolox\u00eda.<\/p>\n\n\n\n<figure class=\"wp-block-image size-large\"><img loading=\"lazy\" decoding=\"async\" width=\"724\" height=\"1024\" src=\"https:\/\/www.anovapeneira.gal\/wp-content\/uploads\/2025\/02\/Cartel-da-xornada-724x1024.jpg\" alt=\"\" class=\"wp-image-13248\" srcset=\"https:\/\/www.anovapeneira.gal\/wp-content\/uploads\/2025\/02\/Cartel-da-xornada-724x1024.jpg 724w, https:\/\/www.anovapeneira.gal\/wp-content\/uploads\/2025\/02\/Cartel-da-xornada-212x300.jpg 212w, https:\/\/www.anovapeneira.gal\/wp-content\/uploads\/2025\/02\/Cartel-da-xornada-768x1086.jpg 768w, https:\/\/www.anovapeneira.gal\/wp-content\/uploads\/2025\/02\/Cartel-da-xornada-1086x1536.jpg 1086w, https:\/\/www.anovapeneira.gal\/wp-content\/uploads\/2025\/02\/Cartel-da-xornada.jpg 1131w\" sizes=\"auto, (max-width: 724px) 100vw, 724px\" \/><\/figure>\n\n\n\n<p>Esta xornada leva por t\u00edtulo A FAMILIA E O PROFESORADO NA EDUCACI\u00d3N SEXUAL INTEGRAL. E o seu programa ser\u00e1 o seguinte:<\/p>\n\n\n\n<p>18:00h. Presentaci\u00f3n da Xornada<\/p>\n\n\n\n<p>18:05h. <strong>O compromiso coa Educaci\u00f3n Sexual do persoal docente nas aulas<\/strong><\/p>\n\n\n\n<p>Interve\u00f1en: Pepe Cabido, Chis Oliveira e Amada Traba<\/p>\n\n\n\n<p>El, profesor de filosof\u00eda e coordinador do n\u00ba 90 <em>da <\/em><em><strong>Revista Galega de Educaci\u00f3n, <\/strong><\/em>dedicada \u00e1 Educaci\u00f3n afectivo-sexual, e elas, autoras do ensaio <em><strong>A trampa da pornograf\u00eda: educar o desexo, a sexualidade e o amor<\/strong><\/em> nese mesmo n\u00famero. Ambas expertas en educaci\u00f3n emocional e sexualidade e autoras do libro <em><strong>\u00e1m@me. Pensar o amor no S XXI<\/strong><\/em>.<\/p>\n\n\n\n<p>18:45h<strong>. O protagonismo das familias na Educaci\u00f3n Sexual<\/strong><\/p>\n\n\n\n<p>Presentaci\u00f3n dos resultados da primeira enquisa en Galicia dirixida as familias sobre educaci\u00f3n sexual, realizada durante o ano 2024, pola Sociedade Galega de Sexolox\u00eda.<\/p>\n\n\n\n<p>Interve\u00f1en: Purificaci\u00f3n Leal, presidenta de SOGASEX, Lu\u00edsa Fernanda Ar\u00eds e Lola Varela, membros tam\u00e9n da mesma Sociedade e responsables da realizaci\u00f3n da enquisa e do estudo posterior.<\/p>\n\n\n\n<p>20:00h <strong>A Intelixencia Artificial e a Educaci\u00f3n Sexual. Problemas e soluci\u00f3n<\/strong><\/p>\n\n\n\n<p>Interve\u00f1en: Fina Paulos e \u00d3scar Rey docentes do IES Maximino Romero de Lema, A Coru\u00f1a. Autora e autor do libro de recente publicaci\u00f3n<em><strong>Intelixencia artificial para a sociedade, <\/strong><\/em>primeiro manual sobre I A en Galicia.<\/p>\n\n\n\n<p>20:40h <strong>La violencia adolescente en clave relacional<\/strong><\/p>\n\n\n\n<p>Interv\u00e9n : Vanessa Rodr\u00edguez, psic\u00f3loga e sex\u00f3loga, coautora no libro <em><strong>La violencia adolescente en clave relacional<\/strong><\/em>.<\/p>\n\n\n\n<p>Convid\u00e1mosche a participar nesta interesante e necesaria Xornada onde afondaremos no papel das familias e dos docentes na educaci\u00f3n sexual dos e das menores, diante de perigos como a pornograf\u00eda e coa novidade do emprego da Intelixencia Artificial como instrumento de formaci\u00f3n.<\/p>\n\n\n\n<p><strong>Lola Varela<\/strong>. Membro da Xunta Directiva de SOGASEX<\/p>\n","protected":false},"excerpt":{"rendered":"<div class=\"mh-excerpt\"><p>Desde a Sociedade Galega de Sexolox\u00eda (SOGASEX), da que formo parte, sentimos a necesidade de recompilar informaci\u00f3n das familias para axudarnos a mellorar as nosas intervenci\u00f3ns en materia de educaci\u00f3n afectivo sexua <a class=\"mh-excerpt-more\" href=\"https:\/\/www.anovapeneira.gal\/index.php\/2025\/02\/11\/o-compromiso-das-familias-e-do-profesorado-na-educacion-sexual-integral\/\" title=\"O compromiso das familias e do profesorado na educaci\u00f3n sexual integral\">[&#8230;]<\/a><\/p>\n<\/div>","protected":false},"author":3,"featured_media":13247,"comment_status":"open","ping_status":"open","sticky":false,"template":"","format":"standard","meta":{"_exactmetrics_skip_tracking":false,"_exactmetrics_sitenote_active":false,"_exactmetrics_sitenote_note":"","_exactmetrics_sitenote_category":0,"footnotes":""},"categories":[26],"tags":[756],"class_list":{"0":"post-13246","1":"post","2":"type-post","3":"status-publish","4":"format-standard","5":"has-post-thumbnail","7":"category-pontevedra","8":"tag-concello-de-pontevedra"},"yoast_head":"<!-- This site is optimized with the Yoast SEO plugin v27.4 - https:\/\/yoast.com\/product\/yoast-seo-wordpress\/ -->\n<title>O compromiso das familias e do profesorado na educaci\u00f3n sexual integral -<\/title>\n<meta name=\"robots\" content=\"index, follow, max-snippet:-1, max-image-preview:large, max-video-preview:-1\" \/>\n<link rel=\"canonical\" href=\"https:\/\/www.anovapeneira.gal\/index.php\/2025\/02\/11\/o-compromiso-das-familias-e-do-profesorado-na-educacion-sexual-integral\/\" \/>\n<meta property=\"og:locale\" content=\"gl_ES\" \/>\n<meta property=\"og:type\" content=\"article\" \/>\n<meta property=\"og:title\" content=\"O compromiso das familias e do profesorado na educaci\u00f3n sexual integral -\" \/>\n<meta property=\"og:description\" content=\"Desde a Sociedade Galega de Sexolox\u00eda (SOGASEX), da que formo parte, sentimos a necesidade de recompilar informaci\u00f3n das familias para axudarnos a mellorar as nosas intervenci\u00f3ns en materia de educaci\u00f3n afectivo sexua [...]\" \/>\n<meta property=\"og:url\" content=\"https:\/\/www.anovapeneira.gal\/index.php\/2025\/02\/11\/o-compromiso-das-familias-e-do-profesorado-na-educacion-sexual-integral\/\" \/>\n<meta property=\"article:publisher\" content=\"https:\/\/www.facebook.com\/anovapeneira\" \/>\n<meta property=\"article:published_time\" content=\"2025-02-11T09:00:44+00:00\" \/>\n<meta property=\"og:image\" content=\"https:\/\/www.anovapeneira.gal\/wp-content\/uploads\/2025\/02\/lola_varela-copia.jpg\" \/>\n\t<meta property=\"og:image:width\" content=\"720\" \/>\n\t<meta property=\"og:image:height\" content=\"432\" \/>\n\t<meta property=\"og:image:type\" content=\"image\/jpeg\" \/>\n<meta name=\"author\" content=\"Redacci\u00f3n A Nova Peneira\" \/>\n<meta name=\"twitter:card\" content=\"summary_large_image\" \/>\n<meta name=\"twitter:creator\" content=\"@APeneira\" \/>\n<meta name=\"twitter:site\" content=\"@APeneira\" \/>\n<meta name=\"twitter:label1\" content=\"Escrito por\" \/>\n\t<meta name=\"twitter:data1\" content=\"Redacci\u00f3n A Nova Peneira\" \/>\n\t<meta name=\"twitter:label2\" content=\"Tempo de lectura\" \/>\n\t<meta name=\"twitter:data2\" content=\"4 minutos\" \/>\n<script type=\"application\/ld+json\" class=\"yoast-schema-graph\">{\"@context\":\"https:\\\/\\\/schema.org\",\"@graph\":[{\"@type\":\"Article\",\"@id\":\"https:\\\/\\\/www.anovapeneira.gal\\\/index.php\\\/2025\\\/02\\\/11\\\/o-compromiso-das-familias-e-do-profesorado-na-educacion-sexual-integral\\\/#article\",\"isPartOf\":{\"@id\":\"https:\\\/\\\/www.anovapeneira.gal\\\/index.php\\\/2025\\\/02\\\/11\\\/o-compromiso-das-familias-e-do-profesorado-na-educacion-sexual-integral\\\/\"},\"author\":{\"name\":\"Redacci\u00f3n A Nova Peneira\",\"@id\":\"https:\\\/\\\/www.anovapeneira.gal\\\/#\\\/schema\\\/person\\\/b93e3f8932e3f8da96334607eb6ac6aa\"},\"headline\":\"O compromiso das familias e do profesorado na educaci\u00f3n sexual integral\",\"datePublished\":\"2025-02-11T09:00:44+00:00\",\"mainEntityOfPage\":{\"@id\":\"https:\\\/\\\/www.anovapeneira.gal\\\/index.php\\\/2025\\\/02\\\/11\\\/o-compromiso-das-familias-e-do-profesorado-na-educacion-sexual-integral\\\/\"},\"wordCount\":639,\"commentCount\":0,\"publisher\":{\"@id\":\"https:\\\/\\\/www.anovapeneira.gal\\\/#organization\"},\"image\":{\"@id\":\"https:\\\/\\\/www.anovapeneira.gal\\\/index.php\\\/2025\\\/02\\\/11\\\/o-compromiso-das-familias-e-do-profesorado-na-educacion-sexual-integral\\\/#primaryimage\"},\"thumbnailUrl\":\"https:\\\/\\\/www.anovapeneira.gal\\\/wp-content\\\/uploads\\\/2025\\\/02\\\/lola_varela-copia.jpg\",\"keywords\":[\"Concello de Pontevedra\"],\"articleSection\":[\"Pontevedra\"],\"inLanguage\":\"gl-ES\",\"potentialAction\":[{\"@type\":\"CommentAction\",\"name\":\"Comment\",\"target\":[\"https:\\\/\\\/www.anovapeneira.gal\\\/index.php\\\/2025\\\/02\\\/11\\\/o-compromiso-das-familias-e-do-profesorado-na-educacion-sexual-integral\\\/#respond\"]}]},{\"@type\":\"WebPage\",\"@id\":\"https:\\\/\\\/www.anovapeneira.gal\\\/index.php\\\/2025\\\/02\\\/11\\\/o-compromiso-das-familias-e-do-profesorado-na-educacion-sexual-integral\\\/\",\"url\":\"https:\\\/\\\/www.anovapeneira.gal\\\/index.php\\\/2025\\\/02\\\/11\\\/o-compromiso-das-familias-e-do-profesorado-na-educacion-sexual-integral\\\/\",\"name\":\"O compromiso das familias e do profesorado na educaci\u00f3n sexual integral -\",\"isPartOf\":{\"@id\":\"https:\\\/\\\/www.anovapeneira.gal\\\/#website\"},\"primaryImageOfPage\":{\"@id\":\"https:\\\/\\\/www.anovapeneira.gal\\\/index.php\\\/2025\\\/02\\\/11\\\/o-compromiso-das-familias-e-do-profesorado-na-educacion-sexual-integral\\\/#primaryimage\"},\"image\":{\"@id\":\"https:\\\/\\\/www.anovapeneira.gal\\\/index.php\\\/2025\\\/02\\\/11\\\/o-compromiso-das-familias-e-do-profesorado-na-educacion-sexual-integral\\\/#primaryimage\"},\"thumbnailUrl\":\"https:\\\/\\\/www.anovapeneira.gal\\\/wp-content\\\/uploads\\\/2025\\\/02\\\/lola_varela-copia.jpg\",\"datePublished\":\"2025-02-11T09:00:44+00:00\",\"breadcrumb\":{\"@id\":\"https:\\\/\\\/www.anovapeneira.gal\\\/index.php\\\/2025\\\/02\\\/11\\\/o-compromiso-das-familias-e-do-profesorado-na-educacion-sexual-integral\\\/#breadcrumb\"},\"inLanguage\":\"gl-ES\",\"potentialAction\":[{\"@type\":\"ReadAction\",\"target\":[\"https:\\\/\\\/www.anovapeneira.gal\\\/index.php\\\/2025\\\/02\\\/11\\\/o-compromiso-das-familias-e-do-profesorado-na-educacion-sexual-integral\\\/\"]}]},{\"@type\":\"ImageObject\",\"inLanguage\":\"gl-ES\",\"@id\":\"https:\\\/\\\/www.anovapeneira.gal\\\/index.php\\\/2025\\\/02\\\/11\\\/o-compromiso-das-familias-e-do-profesorado-na-educacion-sexual-integral\\\/#primaryimage\",\"url\":\"https:\\\/\\\/www.anovapeneira.gal\\\/wp-content\\\/uploads\\\/2025\\\/02\\\/lola_varela-copia.jpg\",\"contentUrl\":\"https:\\\/\\\/www.anovapeneira.gal\\\/wp-content\\\/uploads\\\/2025\\\/02\\\/lola_varela-copia.jpg\",\"width\":720,\"height\":432,\"caption\":\"Lola varela\"},{\"@type\":\"BreadcrumbList\",\"@id\":\"https:\\\/\\\/www.anovapeneira.gal\\\/index.php\\\/2025\\\/02\\\/11\\\/o-compromiso-das-familias-e-do-profesorado-na-educacion-sexual-integral\\\/#breadcrumb\",\"itemListElement\":[{\"@type\":\"ListItem\",\"position\":1,\"name\":\"Portada\",\"item\":\"https:\\\/\\\/www.anovapeneira.gal\\\/\"},{\"@type\":\"ListItem\",\"position\":2,\"name\":\"O compromiso das familias e do profesorado na educaci\u00f3n sexual integral\"}]},{\"@type\":\"WebSite\",\"@id\":\"https:\\\/\\\/www.anovapeneira.gal\\\/#website\",\"url\":\"https:\\\/\\\/www.anovapeneira.gal\\\/\",\"name\":\"\",\"description\":\"Xornal galego de informaci\u00f3n xeral Publicaci\u00f3n mensual de novas de Galicia e en especial dos Concellos da sur da provincia de Pontevedra.\",\"publisher\":{\"@id\":\"https:\\\/\\\/www.anovapeneira.gal\\\/#organization\"},\"potentialAction\":[{\"@type\":\"SearchAction\",\"target\":{\"@type\":\"EntryPoint\",\"urlTemplate\":\"https:\\\/\\\/www.anovapeneira.gal\\\/?s={search_term_string}\"},\"query-input\":{\"@type\":\"PropertyValueSpecification\",\"valueRequired\":true,\"valueName\":\"search_term_string\"}}],\"inLanguage\":\"gl-ES\"},{\"@type\":\"Organization\",\"@id\":\"https:\\\/\\\/www.anovapeneira.gal\\\/#organization\",\"name\":\"A Nova Peneira\",\"url\":\"https:\\\/\\\/www.anovapeneira.gal\\\/\",\"logo\":{\"@type\":\"ImageObject\",\"inLanguage\":\"gl-ES\",\"@id\":\"https:\\\/\\\/www.anovapeneira.gal\\\/#\\\/schema\\\/logo\\\/image\\\/\",\"url\":\"http:\\\/\\\/www.anovapeneira.gal\\\/wp-content\\\/uploads\\\/2019\\\/06\\\/logo_a_nova_peneira_portal_web.png\",\"contentUrl\":\"http:\\\/\\\/www.anovapeneira.gal\\\/wp-content\\\/uploads\\\/2019\\\/06\\\/logo_a_nova_peneira_portal_web.png\",\"width\":300,\"height\":100,\"caption\":\"A Nova Peneira\"},\"image\":{\"@id\":\"https:\\\/\\\/www.anovapeneira.gal\\\/#\\\/schema\\\/logo\\\/image\\\/\"},\"sameAs\":[\"https:\\\/\\\/www.facebook.com\\\/anovapeneira\",\"https:\\\/\\\/x.com\\\/APeneira\"]},{\"@type\":\"Person\",\"@id\":\"https:\\\/\\\/www.anovapeneira.gal\\\/#\\\/schema\\\/person\\\/b93e3f8932e3f8da96334607eb6ac6aa\",\"name\":\"Redacci\u00f3n A Nova Peneira\",\"image\":{\"@type\":\"ImageObject\",\"inLanguage\":\"gl-ES\",\"@id\":\"https:\\\/\\\/secure.gravatar.com\\\/avatar\\\/c052a2551a06e23fac63626232eaa90abd78dbcf1700fc46a2b2c89fd27b735f?s=96&d=mm&r=g\",\"url\":\"https:\\\/\\\/secure.gravatar.com\\\/avatar\\\/c052a2551a06e23fac63626232eaa90abd78dbcf1700fc46a2b2c89fd27b735f?s=96&d=mm&r=g\",\"contentUrl\":\"https:\\\/\\\/secure.gravatar.com\\\/avatar\\\/c052a2551a06e23fac63626232eaa90abd78dbcf1700fc46a2b2c89fd27b735f?s=96&d=mm&r=g\",\"caption\":\"Redacci\u00f3n A Nova Peneira\"},\"sameAs\":[\"http:\\\/\\\/www.anovapeneira.gal\\\/\"],\"url\":\"https:\\\/\\\/www.anovapeneira.gal\\\/index.php\\\/author\\\/redactor\\\/\"}]}<\/script>\n<!-- \/ Yoast SEO plugin. -->","yoast_head_json":{"title":"O compromiso das familias e do profesorado na educaci\u00f3n sexual integral -","robots":{"index":"index","follow":"follow","max-snippet":"max-snippet:-1","max-image-preview":"max-image-preview:large","max-video-preview":"max-video-preview:-1"},"canonical":"https:\/\/www.anovapeneira.gal\/index.php\/2025\/02\/11\/o-compromiso-das-familias-e-do-profesorado-na-educacion-sexual-integral\/","og_locale":"gl_ES","og_type":"article","og_title":"O compromiso das familias e do profesorado na educaci\u00f3n sexual integral -","og_description":"Desde a Sociedade Galega de Sexolox\u00eda (SOGASEX), da que formo parte, sentimos a necesidade de recompilar informaci\u00f3n das familias para axudarnos a mellorar as nosas intervenci\u00f3ns en materia de educaci\u00f3n afectivo sexua [...]","og_url":"https:\/\/www.anovapeneira.gal\/index.php\/2025\/02\/11\/o-compromiso-das-familias-e-do-profesorado-na-educacion-sexual-integral\/","article_publisher":"https:\/\/www.facebook.com\/anovapeneira","article_published_time":"2025-02-11T09:00:44+00:00","og_image":[{"width":720,"height":432,"url":"https:\/\/www.anovapeneira.gal\/wp-content\/uploads\/2025\/02\/lola_varela-copia.jpg","type":"image\/jpeg"}],"author":"Redacci\u00f3n A Nova Peneira","twitter_card":"summary_large_image","twitter_creator":"@APeneira","twitter_site":"@APeneira","twitter_misc":{"Escrito por":"Redacci\u00f3n A Nova Peneira","Tempo de lectura":"4 minutos"},"schema":{"@context":"https:\/\/schema.org","@graph":[{"@type":"Article","@id":"https:\/\/www.anovapeneira.gal\/index.php\/2025\/02\/11\/o-compromiso-das-familias-e-do-profesorado-na-educacion-sexual-integral\/#article","isPartOf":{"@id":"https:\/\/www.anovapeneira.gal\/index.php\/2025\/02\/11\/o-compromiso-das-familias-e-do-profesorado-na-educacion-sexual-integral\/"},"author":{"name":"Redacci\u00f3n A Nova Peneira","@id":"https:\/\/www.anovapeneira.gal\/#\/schema\/person\/b93e3f8932e3f8da96334607eb6ac6aa"},"headline":"O compromiso das familias e do profesorado na educaci\u00f3n sexual integral","datePublished":"2025-02-11T09:00:44+00:00","mainEntityOfPage":{"@id":"https:\/\/www.anovapeneira.gal\/index.php\/2025\/02\/11\/o-compromiso-das-familias-e-do-profesorado-na-educacion-sexual-integral\/"},"wordCount":639,"commentCount":0,"publisher":{"@id":"https:\/\/www.anovapeneira.gal\/#organization"},"image":{"@id":"https:\/\/www.anovapeneira.gal\/index.php\/2025\/02\/11\/o-compromiso-das-familias-e-do-profesorado-na-educacion-sexual-integral\/#primaryimage"},"thumbnailUrl":"https:\/\/www.anovapeneira.gal\/wp-content\/uploads\/2025\/02\/lola_varela-copia.jpg","keywords":["Concello de Pontevedra"],"articleSection":["Pontevedra"],"inLanguage":"gl-ES","potentialAction":[{"@type":"CommentAction","name":"Comment","target":["https:\/\/www.anovapeneira.gal\/index.php\/2025\/02\/11\/o-compromiso-das-familias-e-do-profesorado-na-educacion-sexual-integral\/#respond"]}]},{"@type":"WebPage","@id":"https:\/\/www.anovapeneira.gal\/index.php\/2025\/02\/11\/o-compromiso-das-familias-e-do-profesorado-na-educacion-sexual-integral\/","url":"https:\/\/www.anovapeneira.gal\/index.php\/2025\/02\/11\/o-compromiso-das-familias-e-do-profesorado-na-educacion-sexual-integral\/","name":"O compromiso das familias e do profesorado na educaci\u00f3n sexual integral -","isPartOf":{"@id":"https:\/\/www.anovapeneira.gal\/#website"},"primaryImageOfPage":{"@id":"https:\/\/www.anovapeneira.gal\/index.php\/2025\/02\/11\/o-compromiso-das-familias-e-do-profesorado-na-educacion-sexual-integral\/#primaryimage"},"image":{"@id":"https:\/\/www.anovapeneira.gal\/index.php\/2025\/02\/11\/o-compromiso-das-familias-e-do-profesorado-na-educacion-sexual-integral\/#primaryimage"},"thumbnailUrl":"https:\/\/www.anovapeneira.gal\/wp-content\/uploads\/2025\/02\/lola_varela-copia.jpg","datePublished":"2025-02-11T09:00:44+00:00","breadcrumb":{"@id":"https:\/\/www.anovapeneira.gal\/index.php\/2025\/02\/11\/o-compromiso-das-familias-e-do-profesorado-na-educacion-sexual-integral\/#breadcrumb"},"inLanguage":"gl-ES","potentialAction":[{"@type":"ReadAction","target":["https:\/\/www.anovapeneira.gal\/index.php\/2025\/02\/11\/o-compromiso-das-familias-e-do-profesorado-na-educacion-sexual-integral\/"]}]},{"@type":"ImageObject","inLanguage":"gl-ES","@id":"https:\/\/www.anovapeneira.gal\/index.php\/2025\/02\/11\/o-compromiso-das-familias-e-do-profesorado-na-educacion-sexual-integral\/#primaryimage","url":"https:\/\/www.anovapeneira.gal\/wp-content\/uploads\/2025\/02\/lola_varela-copia.jpg","contentUrl":"https:\/\/www.anovapeneira.gal\/wp-content\/uploads\/2025\/02\/lola_varela-copia.jpg","width":720,"height":432,"caption":"Lola varela"},{"@type":"BreadcrumbList","@id":"https:\/\/www.anovapeneira.gal\/index.php\/2025\/02\/11\/o-compromiso-das-familias-e-do-profesorado-na-educacion-sexual-integral\/#breadcrumb","itemListElement":[{"@type":"ListItem","position":1,"name":"Portada","item":"https:\/\/www.anovapeneira.gal\/"},{"@type":"ListItem","position":2,"name":"O compromiso das familias e do profesorado na educaci\u00f3n sexual integral"}]},{"@type":"WebSite","@id":"https:\/\/www.anovapeneira.gal\/#website","url":"https:\/\/www.anovapeneira.gal\/","name":"","description":"Xornal galego de informaci\u00f3n xeral Publicaci\u00f3n mensual de novas de Galicia e en especial dos Concellos da sur da provincia de Pontevedra.","publisher":{"@id":"https:\/\/www.anovapeneira.gal\/#organization"},"potentialAction":[{"@type":"SearchAction","target":{"@type":"EntryPoint","urlTemplate":"https:\/\/www.anovapeneira.gal\/?s={search_term_string}"},"query-input":{"@type":"PropertyValueSpecification","valueRequired":true,"valueName":"search_term_string"}}],"inLanguage":"gl-ES"},{"@type":"Organization","@id":"https:\/\/www.anovapeneira.gal\/#organization","name":"A Nova Peneira","url":"https:\/\/www.anovapeneira.gal\/","logo":{"@type":"ImageObject","inLanguage":"gl-ES","@id":"https:\/\/www.anovapeneira.gal\/#\/schema\/logo\/image\/","url":"http:\/\/www.anovapeneira.gal\/wp-content\/uploads\/2019\/06\/logo_a_nova_peneira_portal_web.png","contentUrl":"http:\/\/www.anovapeneira.gal\/wp-content\/uploads\/2019\/06\/logo_a_nova_peneira_portal_web.png","width":300,"height":100,"caption":"A Nova Peneira"},"image":{"@id":"https:\/\/www.anovapeneira.gal\/#\/schema\/logo\/image\/"},"sameAs":["https:\/\/www.facebook.com\/anovapeneira","https:\/\/x.com\/APeneira"]},{"@type":"Person","@id":"https:\/\/www.anovapeneira.gal\/#\/schema\/person\/b93e3f8932e3f8da96334607eb6ac6aa","name":"Redacci\u00f3n A Nova Peneira","image":{"@type":"ImageObject","inLanguage":"gl-ES","@id":"https:\/\/secure.gravatar.com\/avatar\/c052a2551a06e23fac63626232eaa90abd78dbcf1700fc46a2b2c89fd27b735f?s=96&d=mm&r=g","url":"https:\/\/secure.gravatar.com\/avatar\/c052a2551a06e23fac63626232eaa90abd78dbcf1700fc46a2b2c89fd27b735f?s=96&d=mm&r=g","contentUrl":"https:\/\/secure.gravatar.com\/avatar\/c052a2551a06e23fac63626232eaa90abd78dbcf1700fc46a2b2c89fd27b735f?s=96&d=mm&r=g","caption":"Redacci\u00f3n A Nova Peneira"},"sameAs":["http:\/\/www.anovapeneira.gal\/"],"url":"https:\/\/www.anovapeneira.gal\/index.php\/author\/redactor\/"}]}},"jetpack_featured_media_url":"https:\/\/www.anovapeneira.gal\/wp-content\/uploads\/2025\/02\/lola_varela-copia.jpg","_links":{"self":[{"href":"https:\/\/www.anovapeneira.gal\/index.php\/wp-json\/wp\/v2\/posts\/13246","targetHints":{"allow":["GET"]}}],"collection":[{"href":"https:\/\/www.anovapeneira.gal\/index.php\/wp-json\/wp\/v2\/posts"}],"about":[{"href":"https:\/\/www.anovapeneira.gal\/index.php\/wp-json\/wp\/v2\/types\/post"}],"author":[{"embeddable":true,"href":"https:\/\/www.anovapeneira.gal\/index.php\/wp-json\/wp\/v2\/users\/3"}],"replies":[{"embeddable":true,"href":"https:\/\/www.anovapeneira.gal\/index.php\/wp-json\/wp\/v2\/comments?post=13246"}],"version-history":[{"count":2,"href":"https:\/\/www.anovapeneira.gal\/index.php\/wp-json\/wp\/v2\/posts\/13246\/revisions"}],"predecessor-version":[{"id":13250,"href":"https:\/\/www.anovapeneira.gal\/index.php\/wp-json\/wp\/v2\/posts\/13246\/revisions\/13250"}],"wp:featuredmedia":[{"embeddable":true,"href":"https:\/\/www.anovapeneira.gal\/index.php\/wp-json\/wp\/v2\/media\/13247"}],"wp:attachment":[{"href":"https:\/\/www.anovapeneira.gal\/index.php\/wp-json\/wp\/v2\/media?parent=13246"}],"wp:term":[{"taxonomy":"category","embeddable":true,"href":"https:\/\/www.anovapeneira.gal\/index.php\/wp-json\/wp\/v2\/categories?post=13246"},{"taxonomy":"post_tag","embeddable":true,"href":"https:\/\/www.anovapeneira.gal\/index.php\/wp-json\/wp\/v2\/tags?post=13246"}],"curies":[{"name":"wp","href":"https:\/\/api.w.org\/{rel}","templated":true}]}}