{"id":13335,"date":"2025-02-13T10:00:26","date_gmt":"2025-02-13T09:00:26","guid":{"rendered":"https:\/\/www.anovapeneira.gal\/?p=13335"},"modified":"2025-02-10T13:17:53","modified_gmt":"2025-02-10T12:17:53","slug":"tui-unha-viaxe-pola-historia-deportiva","status":"publish","type":"post","link":"https:\/\/www.anovapeneira.gal\/index.php\/2025\/02\/13\/tui-unha-viaxe-pola-historia-deportiva\/","title":{"rendered":"Tui: unha viaxe pola historia deportiva"},"content":{"rendered":"\n<pre class=\"wp-block-verse\"><strong>Aar\u00f3n Franco<\/strong><\/pre>\n\n\n\n<p><strong>O Deporte como eixo vertebrador da comunidade tudense.<\/strong><\/p>\n\n\n\n<p>O concello de Tui, situado no sur do pa\u00eds galego e ba\u00f1ado polo r\u00edo Mi\u00f1o, \u00e9 moito m\u00e1is que un enclave hist\u00f3rico e cultural. Tui \u00e9 unha cidade viva, cunha identidade constru\u00edda ao longo dos s\u00e9culos, onde o deporte desempe\u00f1a un papel fundamental na vida dos seus habitantes. Estratexicamente situada na fronteira con Portugal, Tui soubo aproveitar a s\u00faa riqueza natural, a s\u00faa herdanza cultural e o seu tecido social para fomentar un estilo de vida activo e saudable. O deporte en Tui non \u00e9 simplemente unha actividade recreativa; \u00e9 unha expresi\u00f3n da identidade local, un reflexo da dedicaci\u00f3n, do esforzo e da paix\u00f3n dunha comunidade que aposta polo crecemento dos seus clubs deportivos.<\/p>\n\n\n\n<p>O tecido deportivo tudense \u00e9 diverso e din\u00e1mico, composto por entidades que abranguen desde disciplinas tradicionais como o f\u00fatbol e o baloncesto ata deportes emerxentes e de gran proxecci\u00f3n internacional, como a patinaxe art\u00edstica. Ademais, a pr\u00e1ctica deportiva en Tui est\u00e1 profundamente enraizada nos valores da superaci\u00f3n persoal, o compa\u00f1eirismo e a inclusi\u00f3n, promovendo non s\u00f3 a excelencia competitiva, sen\u00f3n tam\u00e9n o desenvolvemento integral da cidadan\u00eda.<\/p>\n\n\n\n<p>Nesta cr\u00f3nica, exploraremos o rico tecido deportivo tudense, afondando na historia e nos logros dos clubs locais. Destacaremos especialmente o papel do Club de Patinaxe Art\u00edstica Ribex, un dos emblemas deportivos m\u00e1is destacados da cidade, sen esquecer o contexto m\u00e1is amplo no que se desenvolve o deporte en Tui: as instalaci\u00f3ns, as necesidades actuais e as proxecci\u00f3ns de futuro para garantir un ecosistema deportivo sostible e de calidade.<\/p>\n\n\n\n<p><strong>Instalaci\u00f3ns deportivas en Tui: Unha infraestrutura en crecemento.<\/strong><\/p>\n\n\n\n<p>Tui conta cunha serie de instalaci\u00f3ns deportivas que permiten o desenvolvemento de m\u00faltiples disciplinas. O Pavill\u00f3n Municipal de Tui \u00e9 o epicentro da actividade deportiva, acollendo partidos de f\u00fatbol sala, baloncesto e patinaxe art\u00edstica. As s\u00faas instalaci\u00f3ns permiten acoller competici\u00f3ns de nivel auton\u00f3mico e nacional, convert\u00e9ndose nun espazo de referencia para a pr\u00e1ctica deportiva en interiores. Ademais, o Campo Municipal de F\u00fatbol de A G\u00e1ndara \u00e9 o fogar de clubs hist\u00f3ricos como o Tyde FC, ofrecendo un espazo adecuado para o adestramento e a competici\u00f3n de equipos de diferentes categor\u00edas.<\/p>\n\n\n\n<p>O Complexo Deportivo \u00c1lvarez Dur\u00e1n ofrece espazos para o adestramento e competici\u00f3n en diversas modalidades, destacando polas s\u00faas instalaci\u00f3ns ao aire libre e infraestruturas complementarias. O r\u00edo Mi\u00f1o, pola s\u00faa banda, \u00e9 un recurso natural clave para deportes acu\u00e1ticos como o remo e o pirag\u00fcismo, contando con instalaci\u00f3ns adaptadas para clubs como o Club Remo Tui. Estes espazos permiten que a pr\u00e1ctica deportiva sexa accesible para todas as idades e niveis, fomentando o deporte base e o alto rendemento.<\/p>\n\n\n\n<p>Por\u00e9n, malia a existencia destas infraestruturas, existen importantes retos e necesidades que afectan directamente ao crecemento do deporte en Tui. A crecente demanda de espazos deportivos, especialmente para disciplinas en auxe como a patinaxe art\u00edstica, o baloncesto e o f\u00fatbol sala, evidencia a urxencia de mellorar e ampliar as instalaci\u00f3ns existentes. Os clubs deportivos, en particular o Club de Patinaxe Art\u00edstica Ribex, reclaman mellores condici\u00f3ns para o adestramento, como pavill\u00f3ns espec\u00edficos con solos adaptados, espazos m\u00e1is amplos para a pr\u00e1ctica de patinaxe a nivel competitivo e mellores condici\u00f3ns para a organizaci\u00f3n de eventos.<\/p>\n\n\n\n<p>A falta de horarios dispo\u00f1ibles nos pavill\u00f3ns municipais, a insuficiencia de espazos adaptados para deportes de tecnicidade elevada e a carencia de recursos para o mantemento das instalaci\u00f3ns existentes son problemas que limitan o potencial de crecemento de moitos clubs. Ademais, a necesidade de mellorar os vestiarios, ampliar as gradas para acoller m\u00e1is p\u00fablico en eventos deportivos e modernizar os equipamentos t\u00e9cnicos \u00e9 unha prioridade para garantir un entorno adecuado tanto para atletas como para espectadores.<\/p>\n\n\n\n<p>O futuro do deporte en Tui tam\u00e9n pasa pola creaci\u00f3n de novas instalaci\u00f3ns, que permitan diversificar a oferta deportiva e atender a deportes emerxentes que est\u00e1n a ga\u00f1ar popularidade entre a mocidade. Sen estas melloras, correse o risco de perder talento local e de frear o desenvolvemento deportivo da cidade.<\/p>\n\n\n\n<p><strong>Clube deportivo Tui f\u00fatbol sala: o orgullo do parqu\u00e9 tudense.<\/strong><\/p>\n\n\n\n<p>Fundado en 1984, o Club deportivo Tui f\u00fatbol sala xurdiu da iniciativa de apaixoados polo deporte que quer\u00edan levar o f\u00fatbol a outro nivel, adaptado ao parqu\u00e9. O club consolidouse como unha entidade clave no panorama deportivo local, alcanzando fitos como o ascenso \u00e1 Liga Nacional na tempada 1987\/1988. Este logro foi posible grazas \u00e1 dedicaci\u00f3n de xogadores, adestradores e directivos que apostaron pola profesionalizaci\u00f3n do club.<\/p>\n\n\n\n<p>O club comezou como unha modesta iniciativa, xogando en ligas locais de Vigo antes de regresar a Tui para competir no Pavill\u00f3n Municipal. O ascenso \u00e1 Liga Nacional supuxo un fito importante, consolidando ao club como un referente do f\u00fatbol sala galego. Durante esta etapa, o apoio de figuras como Antonio Blanco Novoa e o compromiso da afecci\u00f3n foron fundamentais para o crecemento da entidade. O club converteuse nun s\u00edmbolo de resiliencia e paix\u00f3n, demostrando que o traballo en equipo e a constancia son claves para o \u00e9xito.<\/p>\n\n\n\n<p>Na actualidade, o club non s\u00f3 mant\u00e9n unha s\u00f3lida traxectoria competitiva, sen\u00f3n que tam\u00e9n aposta pola formaci\u00f3n de base, cunha canteira que nutre o primeiro equipo e promove os valores do compa\u00f1eirismo e o esp\u00edrito deportivo entre a mocidade. O traballo nas categor\u00edas inferiores \u00e9 clave para garantir o relevo xeracional e manter o nivel competitivo do club. Ademais, o club colabora con escolas e academias para captar novos talentos e fomentar a pr\u00e1ctica do f\u00fatbol sala entre os m\u00e1is pequenos.<\/p>\n\n\n\n<p><strong>Club Baloncesto Tui: unha canastra de so\u00f1os.<\/strong><\/p>\n\n\n\n<p>O Club Baloncesto Tui, fundado en 1980, \u00e9 un exemplo de resiliencia e paix\u00f3n polo baloncesto. O club conta con equipos en todas as categor\u00edas de formaci\u00f3n, sendo o \u00fanico en Galicia que mant\u00e9n todos os seus equipos masculinos en primeira divisi\u00f3n galega. Este feito destaca o compromiso do club coa excelencia deportiva e a formaci\u00f3n integral dos seus xogadores.<\/p>\n\n\n\n<p>O palmar\u00e9s do club incl\u00fae t\u00edtulos auton\u00f3micos, participaci\u00f3ns en fases de ascenso e un hist\u00f3rico ascenso \u00e1 liga EBA, que non se puido materializar por cuesti\u00f3ns econ\u00f3micas. Non obstante, o club segue a ser un referente en Galicia, cunha proxecci\u00f3n internacional grazas \u00e1 participaci\u00f3n en torneos e intercambios con outros clubs europeos. O obxectivo do Club Baloncesto Tui \u00e9 consolidar a s\u00faa presenza nas categor\u00edas superiores, mellorar as instalaci\u00f3ns e seguir formando xogadores que poidan destacar no panorama nacional e internacional.<\/p>\n\n\n\n<p><strong>Tyde F\u00fatbol Club: a paix\u00f3n polo f\u00fatbol en estado puro.<\/strong><\/p>\n\n\n\n<p>O Tyde F\u00fatbol Club \u00e9 un s\u00edmbolo da historia do f\u00fatbol tudense. Fundado nos anos 70, converteuse nunha das instituci\u00f3ns m\u00e1is emblem\u00e1ticas da cidade. Durante as s\u00faas mellores tempadas, o Tyde destacou polo seu esp\u00edrito competitivo e pola capacidade de formar xogadores que chegaron a destacar en categor\u00edas superiores do f\u00fatbol galego. O club non s\u00f3 representa a paix\u00f3n polo f\u00fatbol, sen\u00f3n tam\u00e9n a tradici\u00f3n e o orgullo local.<\/p>\n\n\n\n<p>Na actualidade, o Tyde contin\u00faa a ser un referente no deporte base, con equipos en diversas categor\u00edas que compiten en ligas provinciais e auton\u00f3micas. A s\u00faa filosof\u00eda bas\u00e9ase no desenvolvemento integral dos xogadores, combinando o adestramento t\u00e9cnico coa transmisi\u00f3n de valores fundamentais como o respecto, o traballo en equipo e o esforzo persoal.<\/p>\n\n\n\n<p><strong>Club Remo Tui: o esp\u00edrito do Mi\u00f1o.<\/strong><\/p>\n\n\n\n<p>O Club Remo Tui aproveita a riqueza natural do r\u00edo Mi\u00f1o para promover o remo como unha disciplina que combina tradici\u00f3n e modernidade. O club ten unha longa traxectoria na formaci\u00f3n de deportistas, alg\u00fans dos cales participaron en eventos de car\u00e1cter internacional. A s\u00faa actividade non s\u00f3 se centra na competici\u00f3n, sen\u00f3n tam\u00e9n na promoci\u00f3n do deporte entre a mocidade tudense, ofrecendo programas de iniciaci\u00f3n e actividades recreativas vinculadas ao medio acu\u00e1tico.<\/p>\n\n\n\n<p>A presenza do Club Remo Tui contrib\u00fae a manter viva a conexi\u00f3n hist\u00f3rica de Tui co r\u00edo Mi\u00f1o, consolidando o deporte como unha parte fundamental da identidade local. A aposta pola sustentabilidade e polo respecto ao entorno natural tam\u00e9n forman parte da s\u00faa filosof\u00eda, promovendo un estilo de vida saudable e consciente.<\/p>\n\n\n\n<p><strong>Club de Patinaxe Art\u00edstica Ribex: a xoia da coroa do deporte tudense.<\/strong><\/p>\n\n\n\n<p>O Club de Patinaxe Art\u00edstica Ribex \u00e9, sen d\u00fabida, o club que mellor exemplifica o crecemento e a proxecci\u00f3n internacional do deporte tudense. Fundado hai m\u00e1is de 15 anos, o Ribex converteuse nun referente da patinaxe art\u00edstica en Galicia e Espa\u00f1a, grazas a un traballo constante e apaixonado por parte da s\u00faa directiva, adestradores e deportistas.<\/p>\n\n\n\n<p>O Ribex promove unha filosof\u00eda baseada na excelencia, o esforzo e o compromiso. O adestramento est\u00e1 dese\u00f1ado para adaptarse \u00e1s diferentes idades e niveis dos patinadores, desde a iniciaci\u00f3n ata a competici\u00f3n de alto rendemento. A disciplina, a creatividade e o traballo en equipo son valores fundamentais que se inculcan dende o primeiro d\u00eda. O club entende o deporte como unha ferramenta para o desenvolvemento integral das persoas, non s\u00f3 a nivel f\u00edsico, sen\u00f3n tam\u00e9n emocional e social.<\/p>\n\n\n\n<p>O m\u00e9todo de traballo do Ribex incl\u00fae unha combinaci\u00f3n equilibrada de t\u00e9cnica, coreograf\u00eda, expresi\u00f3n art\u00edstica e preparaci\u00f3n f\u00edsica. Os adestramentos est\u00e1n estruturados en bloques que abordan o perfeccionamento de habilidades b\u00e1sicas (saltos, xiros, figuras), o traballo de resistencia e flexibilidade, e o desenvolvemento da capacidade interpretativa. Ademais, int\u00e9grase o apoio psicol\u00f3xico para potenciar a confianza e a xesti\u00f3n emocional en competici\u00f3ns.<\/p>\n\n\n\n<p>Outro aspecto clave \u00e9 o enfoque personalizado, onde cada patinador recibe orientaci\u00f3n adaptada \u00e1s s\u00faas necesidades, potenciando as s\u00faas fortalezas e traballando de forma espec\u00edfica nas \u00e1reas de mellora. O Ribex fomenta a participaci\u00f3n en exhibici\u00f3ns e eventos culturais, reforzando o v\u00ednculo entre o deporte e a expresi\u00f3n art\u00edstica.<\/p>\n\n\n\n<p>O Ribex naceu co obxectivo de ofrecer unha alternativa deportiva innovadora no concello. Os primeiros pasos foron modestos, con poucos patinadores e recursos limitados, pero cunha enorme ilusi\u00f3n. O liderado de Santi Alonso, presidente do club, e de Carolina Figueroa, directora t\u00e9cnica e ex patinadora de elite, foi clave para o seu desenvolvemento. Ambos non s\u00f3 achegaron co\u00f1ecemento t\u00e9cnico, sen\u00f3n tam\u00e9n unha visi\u00f3n estrat\u00e9xica que permitiu o crecemento sostido do club.<\/p>\n\n\n\n<p>A directiva do Ribex est\u00e1 composta por un equipo multidisciplinar de profesionais e voluntarios que traballan de maneira incansable para xestionar tanto o aspecto deportivo como administrativo do club. O compromiso coa excelencia refl\u00edctese na organizaci\u00f3n de eventos, na xesti\u00f3n de patrocinios e no establecemento de colaboraci\u00f3ns con outras entidades deportivas, tanto a nivel nacional como internacional.<\/p>\n\n\n\n<p>Carolina Figueroa \u00e9 unha ex patinadora con experiencia internacional, Carolina \u00e9 unha das adestradoras m\u00e1is reco\u00f1ecidas da contorna galega. O seu enfoque pedag\u00f3xico e t\u00e9cnico permite formar patinadores non s\u00f3 para competir, sen\u00f3n tam\u00e9n para desenvolverse a nivel persoal.<\/p>\n\n\n\n<p>Pola s\u00faa banda, Santi Alonso \u00e9 un apaixonado do deporte e xestor eficaz, Santi lidera o club cunha visi\u00f3n de crecemento sostible, priorizando a formaci\u00f3n integral dos deportistas e a consolidaci\u00f3n do Ribex como un referente a nivel nacional.<\/p>\n\n\n\n<figure class=\"wp-block-image size-large\"><img loading=\"lazy\" decoding=\"async\" width=\"995\" height=\"1024\" src=\"https:\/\/www.anovapeneira.gal\/wp-content\/uploads\/2025\/02\/Foto-Interior-Foto-Facebook-Ribex-995x1024.jpg\" alt=\"\" class=\"wp-image-13337\" srcset=\"https:\/\/www.anovapeneira.gal\/wp-content\/uploads\/2025\/02\/Foto-Interior-Foto-Facebook-Ribex-995x1024.jpg 995w, https:\/\/www.anovapeneira.gal\/wp-content\/uploads\/2025\/02\/Foto-Interior-Foto-Facebook-Ribex-292x300.jpg 292w, https:\/\/www.anovapeneira.gal\/wp-content\/uploads\/2025\/02\/Foto-Interior-Foto-Facebook-Ribex-768x790.jpg 768w, https:\/\/www.anovapeneira.gal\/wp-content\/uploads\/2025\/02\/Foto-Interior-Foto-Facebook-Ribex.jpg 1080w\" sizes=\"auto, (max-width: 995px) 100vw, 995px\" \/><\/figure>\n\n\n\n<p><strong>Logros Deportivos e Proxecci\u00f3n Internacional.<\/strong><\/p>\n\n\n\n<p>O Ribex acumula un impresionante palmar\u00e9s que incl\u00fae campionatos galegos. O club \u00e9 habitual nas podiums auton\u00f3micos, tanto en categor\u00edas base como s\u00e9nior; copas de Espa\u00f1a, xa que os seus patinadores te\u00f1en acadado medallas de ouro, prata e bronce, destacando pola calidade t\u00e9cnica das s\u00faas coreograf\u00edas; competicions internacionais pois o Ribex participa regularmente en torneos internacionais en Portugal, Francia e Italia, consolidando a s\u00faa presenza no panorama europeo da patinaxe art\u00edstica.<\/p>\n\n\n\n<p>O obxectivo a medio prazo \u00e9 consolidar unha academia internacional de patinaxe art\u00edstica en Tui, que atraia talentos de toda Europa e transforme \u00e1 cidade nun referente do deporte sobre rodas.<\/p>\n\n\n\n<p>O Ribex enfr\u00f3ntase a un dos maiores desaf\u00edos para o seu crecemento: a falta de instalaci\u00f3ns adecuadas. As s\u00faas actividades real\u00edzanse nun pavill\u00f3n compartido con outros deportes, o que limita o tempo e a calidade do adestramento. O club demanda un espazo espec\u00edfico para patinaxe art\u00edstica, cun solo t\u00e9cnico adaptado e condici\u00f3ns \u00f3ptimas para a pr\u00e1ctica desta disciplina a nivel competitivo. A carencia de infraestruturas adecuadas non s\u00f3 dificulta a preparaci\u00f3n dos patinadores, sen\u00f3n que tam\u00e9n limita a capacidade do club para organizar eventos de relevancia nacional e internacional.<\/p>\n\n\n\n<p><strong>O deporte como motor.<\/strong><\/p>\n\n\n\n<p>O deporte en Tui \u00e9 m\u00e1is ca unha actividade f\u00edsica; \u00e9 unha expresi\u00f3n da identidade, da historia e da cultura dunha comunidade vibrante e apaixonada. Os clubs deportivos tudenses, liderados por exemplos como o Club de Patinaxe Art\u00edstica Ribex, demostran que o traballo duro, a paix\u00f3n e o compromiso son a mellor f\u00f3rmula para acadar o \u00e9xito. O futuro do deporte en Tui depende da capacidade de seguir medrando, mellorando as infraestruturas e apoiando aos clubs que forman a base desta sociedade activa e orgullosa do seu legado deportivo.<\/p>\n\n\n\n<p>A aposta polo deporte non s\u00f3 enriquece o tecido social e cultural, sen\u00f3n que tam\u00e9n contrib\u00fae ao desenvolvemento econ\u00f3mico e tur\u00edstico da cidade. O apoio institucional, o compromiso das entidades privadas e a implicaci\u00f3n da cidadan\u00eda son fundamentais para garantir un futuro brillante para o deporte tudense. En definitiva, o deporte \u00e9 e seguir\u00e1 sendo un motor de vida en Tui, un espello no que se reflicte o mellor da nosa comunidade e unha aposta segura polo futuro das novas xeraci\u00f3ns.<\/p>\n","protected":false},"excerpt":{"rendered":"<div class=\"mh-excerpt\"><p>O concello de Tui, situado no sur do pa\u00eds galego e ba\u00f1ado polo r\u00edo Mi\u00f1o, \u00e9 moito m\u00e1is que un enclave hist\u00f3rico e cultural. Tui \u00e9 unha cidade viva, cunha identidade constru\u00edda ao longo dos s\u00e9culos, onde o deporte desempe\u00f1a un papel fundamental na vida dos seus habitantes <a class=\"mh-excerpt-more\" href=\"https:\/\/www.anovapeneira.gal\/index.php\/2025\/02\/13\/tui-unha-viaxe-pola-historia-deportiva\/\" title=\"Tui: unha viaxe pola historia deportiva\">[&#8230;]<\/a><\/p>\n<\/div>","protected":false},"author":23,"featured_media":13336,"comment_status":"open","ping_status":"open","sticky":false,"template":"","format":"standard","meta":{"_exactmetrics_skip_tracking":false,"_exactmetrics_sitenote_active":false,"_exactmetrics_sitenote_note":"","_exactmetrics_sitenote_category":0,"footnotes":""},"categories":[21],"tags":[426],"class_list":{"0":"post-13335","1":"post","2":"type-post","3":"status-publish","4":"format-standard","5":"has-post-thumbnail","7":"category-baixo-mino","8":"tag-concello-de-tui"},"yoast_head":"<!-- This site is optimized with the Yoast SEO plugin v27.4 - https:\/\/yoast.com\/product\/yoast-seo-wordpress\/ -->\n<title>Tui: unha viaxe pola historia deportiva -<\/title>\n<meta name=\"robots\" content=\"index, follow, max-snippet:-1, max-image-preview:large, max-video-preview:-1\" \/>\n<link rel=\"canonical\" href=\"https:\/\/www.anovapeneira.gal\/index.php\/2025\/02\/13\/tui-unha-viaxe-pola-historia-deportiva\/\" \/>\n<meta property=\"og:locale\" content=\"gl_ES\" \/>\n<meta property=\"og:type\" content=\"article\" \/>\n<meta property=\"og:title\" content=\"Tui: unha viaxe pola historia deportiva -\" \/>\n<meta property=\"og:description\" content=\"O concello de Tui, situado no sur do pa\u00eds galego e ba\u00f1ado polo r\u00edo Mi\u00f1o, \u00e9 moito m\u00e1is que un enclave hist\u00f3rico e cultural. Tui \u00e9 unha cidade viva, cunha identidade constru\u00edda ao longo dos s\u00e9culos, onde o deporte desempe\u00f1a un papel fundamental na vida dos seus habitantes [...]\" \/>\n<meta property=\"og:url\" content=\"https:\/\/www.anovapeneira.gal\/index.php\/2025\/02\/13\/tui-unha-viaxe-pola-historia-deportiva\/\" \/>\n<meta property=\"article:publisher\" content=\"https:\/\/www.facebook.com\/anovapeneira\" \/>\n<meta property=\"article:published_time\" content=\"2025-02-13T09:00:26+00:00\" \/>\n<meta property=\"og:image\" content=\"https:\/\/www.anovapeneira.gal\/wp-content\/uploads\/2025\/02\/balonceso_tui.jpg\" \/>\n\t<meta property=\"og:image:width\" content=\"720\" \/>\n\t<meta property=\"og:image:height\" content=\"432\" \/>\n\t<meta property=\"og:image:type\" content=\"image\/jpeg\" \/>\n<meta name=\"author\" content=\"Aar\u00f3n Franco\" \/>\n<meta name=\"twitter:card\" content=\"summary_large_image\" \/>\n<meta name=\"twitter:creator\" content=\"@APeneira\" \/>\n<meta name=\"twitter:site\" content=\"@APeneira\" \/>\n<meta name=\"twitter:label1\" content=\"Escrito por\" \/>\n\t<meta name=\"twitter:data1\" content=\"Aar\u00f3n Franco\" \/>\n\t<meta name=\"twitter:label2\" content=\"Tempo de lectura\" \/>\n\t<meta name=\"twitter:data2\" content=\"13 minutos\" \/>\n<script type=\"application\/ld+json\" class=\"yoast-schema-graph\">{\"@context\":\"https:\\\/\\\/schema.org\",\"@graph\":[{\"@type\":\"Article\",\"@id\":\"https:\\\/\\\/www.anovapeneira.gal\\\/index.php\\\/2025\\\/02\\\/13\\\/tui-unha-viaxe-pola-historia-deportiva\\\/#article\",\"isPartOf\":{\"@id\":\"https:\\\/\\\/www.anovapeneira.gal\\\/index.php\\\/2025\\\/02\\\/13\\\/tui-unha-viaxe-pola-historia-deportiva\\\/\"},\"author\":{\"name\":\"Aar\u00f3n Franco\",\"@id\":\"https:\\\/\\\/www.anovapeneira.gal\\\/#\\\/schema\\\/person\\\/a907e49c1885c12d6f281770afd68766\"},\"headline\":\"Tui: unha viaxe pola historia deportiva\",\"datePublished\":\"2025-02-13T09:00:26+00:00\",\"mainEntityOfPage\":{\"@id\":\"https:\\\/\\\/www.anovapeneira.gal\\\/index.php\\\/2025\\\/02\\\/13\\\/tui-unha-viaxe-pola-historia-deportiva\\\/\"},\"wordCount\":2390,\"commentCount\":0,\"publisher\":{\"@id\":\"https:\\\/\\\/www.anovapeneira.gal\\\/#organization\"},\"image\":{\"@id\":\"https:\\\/\\\/www.anovapeneira.gal\\\/index.php\\\/2025\\\/02\\\/13\\\/tui-unha-viaxe-pola-historia-deportiva\\\/#primaryimage\"},\"thumbnailUrl\":\"https:\\\/\\\/www.anovapeneira.gal\\\/wp-content\\\/uploads\\\/2025\\\/02\\\/balonceso_tui.jpg\",\"keywords\":[\"Concello de Tui\"],\"articleSection\":[\"Baixo Mi\u00f1o\"],\"inLanguage\":\"gl-ES\",\"potentialAction\":[{\"@type\":\"CommentAction\",\"name\":\"Comment\",\"target\":[\"https:\\\/\\\/www.anovapeneira.gal\\\/index.php\\\/2025\\\/02\\\/13\\\/tui-unha-viaxe-pola-historia-deportiva\\\/#respond\"]}]},{\"@type\":\"WebPage\",\"@id\":\"https:\\\/\\\/www.anovapeneira.gal\\\/index.php\\\/2025\\\/02\\\/13\\\/tui-unha-viaxe-pola-historia-deportiva\\\/\",\"url\":\"https:\\\/\\\/www.anovapeneira.gal\\\/index.php\\\/2025\\\/02\\\/13\\\/tui-unha-viaxe-pola-historia-deportiva\\\/\",\"name\":\"Tui: unha viaxe pola historia deportiva -\",\"isPartOf\":{\"@id\":\"https:\\\/\\\/www.anovapeneira.gal\\\/#website\"},\"primaryImageOfPage\":{\"@id\":\"https:\\\/\\\/www.anovapeneira.gal\\\/index.php\\\/2025\\\/02\\\/13\\\/tui-unha-viaxe-pola-historia-deportiva\\\/#primaryimage\"},\"image\":{\"@id\":\"https:\\\/\\\/www.anovapeneira.gal\\\/index.php\\\/2025\\\/02\\\/13\\\/tui-unha-viaxe-pola-historia-deportiva\\\/#primaryimage\"},\"thumbnailUrl\":\"https:\\\/\\\/www.anovapeneira.gal\\\/wp-content\\\/uploads\\\/2025\\\/02\\\/balonceso_tui.jpg\",\"datePublished\":\"2025-02-13T09:00:26+00:00\",\"breadcrumb\":{\"@id\":\"https:\\\/\\\/www.anovapeneira.gal\\\/index.php\\\/2025\\\/02\\\/13\\\/tui-unha-viaxe-pola-historia-deportiva\\\/#breadcrumb\"},\"inLanguage\":\"gl-ES\",\"potentialAction\":[{\"@type\":\"ReadAction\",\"target\":[\"https:\\\/\\\/www.anovapeneira.gal\\\/index.php\\\/2025\\\/02\\\/13\\\/tui-unha-viaxe-pola-historia-deportiva\\\/\"]}]},{\"@type\":\"ImageObject\",\"inLanguage\":\"gl-ES\",\"@id\":\"https:\\\/\\\/www.anovapeneira.gal\\\/index.php\\\/2025\\\/02\\\/13\\\/tui-unha-viaxe-pola-historia-deportiva\\\/#primaryimage\",\"url\":\"https:\\\/\\\/www.anovapeneira.gal\\\/wp-content\\\/uploads\\\/2025\\\/02\\\/balonceso_tui.jpg\",\"contentUrl\":\"https:\\\/\\\/www.anovapeneira.gal\\\/wp-content\\\/uploads\\\/2025\\\/02\\\/balonceso_tui.jpg\",\"width\":720,\"height\":432,\"caption\":\"Facebook do Club Baloncesto Tui\"},{\"@type\":\"BreadcrumbList\",\"@id\":\"https:\\\/\\\/www.anovapeneira.gal\\\/index.php\\\/2025\\\/02\\\/13\\\/tui-unha-viaxe-pola-historia-deportiva\\\/#breadcrumb\",\"itemListElement\":[{\"@type\":\"ListItem\",\"position\":1,\"name\":\"Portada\",\"item\":\"https:\\\/\\\/www.anovapeneira.gal\\\/\"},{\"@type\":\"ListItem\",\"position\":2,\"name\":\"Tui: unha viaxe pola historia deportiva\"}]},{\"@type\":\"WebSite\",\"@id\":\"https:\\\/\\\/www.anovapeneira.gal\\\/#website\",\"url\":\"https:\\\/\\\/www.anovapeneira.gal\\\/\",\"name\":\"\",\"description\":\"Xornal galego de informaci\u00f3n xeral Publicaci\u00f3n mensual de novas de Galicia e en especial dos Concellos da sur da provincia de Pontevedra.\",\"publisher\":{\"@id\":\"https:\\\/\\\/www.anovapeneira.gal\\\/#organization\"},\"potentialAction\":[{\"@type\":\"SearchAction\",\"target\":{\"@type\":\"EntryPoint\",\"urlTemplate\":\"https:\\\/\\\/www.anovapeneira.gal\\\/?s={search_term_string}\"},\"query-input\":{\"@type\":\"PropertyValueSpecification\",\"valueRequired\":true,\"valueName\":\"search_term_string\"}}],\"inLanguage\":\"gl-ES\"},{\"@type\":\"Organization\",\"@id\":\"https:\\\/\\\/www.anovapeneira.gal\\\/#organization\",\"name\":\"A Nova Peneira\",\"url\":\"https:\\\/\\\/www.anovapeneira.gal\\\/\",\"logo\":{\"@type\":\"ImageObject\",\"inLanguage\":\"gl-ES\",\"@id\":\"https:\\\/\\\/www.anovapeneira.gal\\\/#\\\/schema\\\/logo\\\/image\\\/\",\"url\":\"http:\\\/\\\/www.anovapeneira.gal\\\/wp-content\\\/uploads\\\/2019\\\/06\\\/logo_a_nova_peneira_portal_web.png\",\"contentUrl\":\"http:\\\/\\\/www.anovapeneira.gal\\\/wp-content\\\/uploads\\\/2019\\\/06\\\/logo_a_nova_peneira_portal_web.png\",\"width\":300,\"height\":100,\"caption\":\"A Nova Peneira\"},\"image\":{\"@id\":\"https:\\\/\\\/www.anovapeneira.gal\\\/#\\\/schema\\\/logo\\\/image\\\/\"},\"sameAs\":[\"https:\\\/\\\/www.facebook.com\\\/anovapeneira\",\"https:\\\/\\\/x.com\\\/APeneira\"]},{\"@type\":\"Person\",\"@id\":\"https:\\\/\\\/www.anovapeneira.gal\\\/#\\\/schema\\\/person\\\/a907e49c1885c12d6f281770afd68766\",\"name\":\"Aar\u00f3n Franco\",\"image\":{\"@type\":\"ImageObject\",\"inLanguage\":\"gl-ES\",\"@id\":\"https:\\\/\\\/secure.gravatar.com\\\/avatar\\\/82f0614fe09ae3f066983f8d670d0ff15a0917fefe52b93ffa425275b87d6102?s=96&d=mm&r=g\",\"url\":\"https:\\\/\\\/secure.gravatar.com\\\/avatar\\\/82f0614fe09ae3f066983f8d670d0ff15a0917fefe52b93ffa425275b87d6102?s=96&d=mm&r=g\",\"contentUrl\":\"https:\\\/\\\/secure.gravatar.com\\\/avatar\\\/82f0614fe09ae3f066983f8d670d0ff15a0917fefe52b93ffa425275b87d6102?s=96&d=mm&r=g\",\"caption\":\"Aar\u00f3n Franco\"},\"sameAs\":[\"http:\\\/\\\/www.anovapeneira.gal\\\/\"],\"url\":\"https:\\\/\\\/www.anovapeneira.gal\\\/index.php\\\/author\\\/aaron-franco\\\/\"}]}<\/script>\n<!-- \/ Yoast SEO plugin. -->","yoast_head_json":{"title":"Tui: unha viaxe pola historia deportiva -","robots":{"index":"index","follow":"follow","max-snippet":"max-snippet:-1","max-image-preview":"max-image-preview:large","max-video-preview":"max-video-preview:-1"},"canonical":"https:\/\/www.anovapeneira.gal\/index.php\/2025\/02\/13\/tui-unha-viaxe-pola-historia-deportiva\/","og_locale":"gl_ES","og_type":"article","og_title":"Tui: unha viaxe pola historia deportiva -","og_description":"O concello de Tui, situado no sur do pa\u00eds galego e ba\u00f1ado polo r\u00edo Mi\u00f1o, \u00e9 moito m\u00e1is que un enclave hist\u00f3rico e cultural. Tui \u00e9 unha cidade viva, cunha identidade constru\u00edda ao longo dos s\u00e9culos, onde o deporte desempe\u00f1a un papel fundamental na vida dos seus habitantes [...]","og_url":"https:\/\/www.anovapeneira.gal\/index.php\/2025\/02\/13\/tui-unha-viaxe-pola-historia-deportiva\/","article_publisher":"https:\/\/www.facebook.com\/anovapeneira","article_published_time":"2025-02-13T09:00:26+00:00","og_image":[{"width":720,"height":432,"url":"https:\/\/www.anovapeneira.gal\/wp-content\/uploads\/2025\/02\/balonceso_tui.jpg","type":"image\/jpeg"}],"author":"Aar\u00f3n Franco","twitter_card":"summary_large_image","twitter_creator":"@APeneira","twitter_site":"@APeneira","twitter_misc":{"Escrito por":"Aar\u00f3n Franco","Tempo de lectura":"13 minutos"},"schema":{"@context":"https:\/\/schema.org","@graph":[{"@type":"Article","@id":"https:\/\/www.anovapeneira.gal\/index.php\/2025\/02\/13\/tui-unha-viaxe-pola-historia-deportiva\/#article","isPartOf":{"@id":"https:\/\/www.anovapeneira.gal\/index.php\/2025\/02\/13\/tui-unha-viaxe-pola-historia-deportiva\/"},"author":{"name":"Aar\u00f3n Franco","@id":"https:\/\/www.anovapeneira.gal\/#\/schema\/person\/a907e49c1885c12d6f281770afd68766"},"headline":"Tui: unha viaxe pola historia deportiva","datePublished":"2025-02-13T09:00:26+00:00","mainEntityOfPage":{"@id":"https:\/\/www.anovapeneira.gal\/index.php\/2025\/02\/13\/tui-unha-viaxe-pola-historia-deportiva\/"},"wordCount":2390,"commentCount":0,"publisher":{"@id":"https:\/\/www.anovapeneira.gal\/#organization"},"image":{"@id":"https:\/\/www.anovapeneira.gal\/index.php\/2025\/02\/13\/tui-unha-viaxe-pola-historia-deportiva\/#primaryimage"},"thumbnailUrl":"https:\/\/www.anovapeneira.gal\/wp-content\/uploads\/2025\/02\/balonceso_tui.jpg","keywords":["Concello de Tui"],"articleSection":["Baixo Mi\u00f1o"],"inLanguage":"gl-ES","potentialAction":[{"@type":"CommentAction","name":"Comment","target":["https:\/\/www.anovapeneira.gal\/index.php\/2025\/02\/13\/tui-unha-viaxe-pola-historia-deportiva\/#respond"]}]},{"@type":"WebPage","@id":"https:\/\/www.anovapeneira.gal\/index.php\/2025\/02\/13\/tui-unha-viaxe-pola-historia-deportiva\/","url":"https:\/\/www.anovapeneira.gal\/index.php\/2025\/02\/13\/tui-unha-viaxe-pola-historia-deportiva\/","name":"Tui: unha viaxe pola historia deportiva -","isPartOf":{"@id":"https:\/\/www.anovapeneira.gal\/#website"},"primaryImageOfPage":{"@id":"https:\/\/www.anovapeneira.gal\/index.php\/2025\/02\/13\/tui-unha-viaxe-pola-historia-deportiva\/#primaryimage"},"image":{"@id":"https:\/\/www.anovapeneira.gal\/index.php\/2025\/02\/13\/tui-unha-viaxe-pola-historia-deportiva\/#primaryimage"},"thumbnailUrl":"https:\/\/www.anovapeneira.gal\/wp-content\/uploads\/2025\/02\/balonceso_tui.jpg","datePublished":"2025-02-13T09:00:26+00:00","breadcrumb":{"@id":"https:\/\/www.anovapeneira.gal\/index.php\/2025\/02\/13\/tui-unha-viaxe-pola-historia-deportiva\/#breadcrumb"},"inLanguage":"gl-ES","potentialAction":[{"@type":"ReadAction","target":["https:\/\/www.anovapeneira.gal\/index.php\/2025\/02\/13\/tui-unha-viaxe-pola-historia-deportiva\/"]}]},{"@type":"ImageObject","inLanguage":"gl-ES","@id":"https:\/\/www.anovapeneira.gal\/index.php\/2025\/02\/13\/tui-unha-viaxe-pola-historia-deportiva\/#primaryimage","url":"https:\/\/www.anovapeneira.gal\/wp-content\/uploads\/2025\/02\/balonceso_tui.jpg","contentUrl":"https:\/\/www.anovapeneira.gal\/wp-content\/uploads\/2025\/02\/balonceso_tui.jpg","width":720,"height":432,"caption":"Facebook do Club Baloncesto Tui"},{"@type":"BreadcrumbList","@id":"https:\/\/www.anovapeneira.gal\/index.php\/2025\/02\/13\/tui-unha-viaxe-pola-historia-deportiva\/#breadcrumb","itemListElement":[{"@type":"ListItem","position":1,"name":"Portada","item":"https:\/\/www.anovapeneira.gal\/"},{"@type":"ListItem","position":2,"name":"Tui: unha viaxe pola historia deportiva"}]},{"@type":"WebSite","@id":"https:\/\/www.anovapeneira.gal\/#website","url":"https:\/\/www.anovapeneira.gal\/","name":"","description":"Xornal galego de informaci\u00f3n xeral Publicaci\u00f3n mensual de novas de Galicia e en especial dos Concellos da sur da provincia de Pontevedra.","publisher":{"@id":"https:\/\/www.anovapeneira.gal\/#organization"},"potentialAction":[{"@type":"SearchAction","target":{"@type":"EntryPoint","urlTemplate":"https:\/\/www.anovapeneira.gal\/?s={search_term_string}"},"query-input":{"@type":"PropertyValueSpecification","valueRequired":true,"valueName":"search_term_string"}}],"inLanguage":"gl-ES"},{"@type":"Organization","@id":"https:\/\/www.anovapeneira.gal\/#organization","name":"A Nova Peneira","url":"https:\/\/www.anovapeneira.gal\/","logo":{"@type":"ImageObject","inLanguage":"gl-ES","@id":"https:\/\/www.anovapeneira.gal\/#\/schema\/logo\/image\/","url":"http:\/\/www.anovapeneira.gal\/wp-content\/uploads\/2019\/06\/logo_a_nova_peneira_portal_web.png","contentUrl":"http:\/\/www.anovapeneira.gal\/wp-content\/uploads\/2019\/06\/logo_a_nova_peneira_portal_web.png","width":300,"height":100,"caption":"A Nova Peneira"},"image":{"@id":"https:\/\/www.anovapeneira.gal\/#\/schema\/logo\/image\/"},"sameAs":["https:\/\/www.facebook.com\/anovapeneira","https:\/\/x.com\/APeneira"]},{"@type":"Person","@id":"https:\/\/www.anovapeneira.gal\/#\/schema\/person\/a907e49c1885c12d6f281770afd68766","name":"Aar\u00f3n Franco","image":{"@type":"ImageObject","inLanguage":"gl-ES","@id":"https:\/\/secure.gravatar.com\/avatar\/82f0614fe09ae3f066983f8d670d0ff15a0917fefe52b93ffa425275b87d6102?s=96&d=mm&r=g","url":"https:\/\/secure.gravatar.com\/avatar\/82f0614fe09ae3f066983f8d670d0ff15a0917fefe52b93ffa425275b87d6102?s=96&d=mm&r=g","contentUrl":"https:\/\/secure.gravatar.com\/avatar\/82f0614fe09ae3f066983f8d670d0ff15a0917fefe52b93ffa425275b87d6102?s=96&d=mm&r=g","caption":"Aar\u00f3n Franco"},"sameAs":["http:\/\/www.anovapeneira.gal\/"],"url":"https:\/\/www.anovapeneira.gal\/index.php\/author\/aaron-franco\/"}]}},"jetpack_featured_media_url":"https:\/\/www.anovapeneira.gal\/wp-content\/uploads\/2025\/02\/balonceso_tui.jpg","_links":{"self":[{"href":"https:\/\/www.anovapeneira.gal\/index.php\/wp-json\/wp\/v2\/posts\/13335","targetHints":{"allow":["GET"]}}],"collection":[{"href":"https:\/\/www.anovapeneira.gal\/index.php\/wp-json\/wp\/v2\/posts"}],"about":[{"href":"https:\/\/www.anovapeneira.gal\/index.php\/wp-json\/wp\/v2\/types\/post"}],"author":[{"embeddable":true,"href":"https:\/\/www.anovapeneira.gal\/index.php\/wp-json\/wp\/v2\/users\/23"}],"replies":[{"embeddable":true,"href":"https:\/\/www.anovapeneira.gal\/index.php\/wp-json\/wp\/v2\/comments?post=13335"}],"version-history":[{"count":1,"href":"https:\/\/www.anovapeneira.gal\/index.php\/wp-json\/wp\/v2\/posts\/13335\/revisions"}],"predecessor-version":[{"id":13338,"href":"https:\/\/www.anovapeneira.gal\/index.php\/wp-json\/wp\/v2\/posts\/13335\/revisions\/13338"}],"wp:featuredmedia":[{"embeddable":true,"href":"https:\/\/www.anovapeneira.gal\/index.php\/wp-json\/wp\/v2\/media\/13336"}],"wp:attachment":[{"href":"https:\/\/www.anovapeneira.gal\/index.php\/wp-json\/wp\/v2\/media?parent=13335"}],"wp:term":[{"taxonomy":"category","embeddable":true,"href":"https:\/\/www.anovapeneira.gal\/index.php\/wp-json\/wp\/v2\/categories?post=13335"},{"taxonomy":"post_tag","embeddable":true,"href":"https:\/\/www.anovapeneira.gal\/index.php\/wp-json\/wp\/v2\/tags?post=13335"}],"curies":[{"name":"wp","href":"https:\/\/api.w.org\/{rel}","templated":true}]}}