{"id":13342,"date":"2025-02-14T10:00:19","date_gmt":"2025-02-14T09:00:19","guid":{"rendered":"https:\/\/www.anovapeneira.gal\/?p=13342"},"modified":"2025-02-11T13:45:02","modified_gmt":"2025-02-11T12:45:02","slug":"xulio-fernandez-secretario-comarcal-da-cig-industria","status":"publish","type":"post","link":"https:\/\/www.anovapeneira.gal\/index.php\/2025\/02\/14\/xulio-fernandez-secretario-comarcal-da-cig-industria\/","title":{"rendered":"Xulio Fern\u00e1ndez, Secretario Comarcal da CIG Industria"},"content":{"rendered":"\n<p><strong>Despois de rematada a fantas\u00eda de luces e cores do nadal vigu\u00e9s, que agocha unha realidade industrial cada vez m\u00e1is precaria, acheg\u00e1monos ao local da CIG para conversar con Xulio Fern\u00e1ndez, SC da federaci\u00f3n de Industria da CIG, e co\u00f1ecer a s\u00faa valoraci\u00f3n sobre a situaci\u00f3n industrial na comarca de Vigo. Xulio \u00e9 un veterano sindicalista l\u00facido e cordial,dotado dunha extraordinaria capacidade para o sarcasmo, co que unha vez m\u00e1is foi un pracer conversar.<\/strong><\/p>\n\n\n\n<h2 class=\"wp-block-heading\">\u201c<strong>A administraci\u00f3n municipal non apoia en absoluto \u00e1 industria da nosa cidade\u201d<\/strong><\/h2>\n\n\n\n<p><strong>Xulio, faime unha valoraci\u00f3n global de como est\u00e1 a situaci\u00f3n xeral da actividade industrial da Comarca de Vigo.<\/strong><\/p>\n\n\n\n<blockquote class=\"wp-block-quote is-layout-flow wp-block-quote-is-layout-flow\">\n<p>Ben, vou falar ent\u00f3n por separado dos dous grandes sectores: o naval e o autom\u00f3bil,ambos en franca decadencia.<\/p>\n<\/blockquote>\n\n\n\n<p><strong>O naval a\u00ednda se pode considerar como un gran sector industrial na area de Vigo?<\/strong><\/p>\n\n\n\n<blockquote class=\"wp-block-quote is-layout-flow wp-block-quote-is-layout-flow\">\n<p>No naval a\u00ednda traballan arredor de 2.000 persoas. \u00c9 verdade que en Vigo hai vinte anos chegaron a traballar unhas 10.000 persoas, e reduciu o seu volume de maneira substancial, pero o naval a\u00ednda ten actividade e veremos como se vai desenvolvendo no futuro. O que mellor define a situaci\u00f3n presente do sector \u00e9 o termo precariedade. As condici\u00f3ns de traballo son precarias e con grandes deficiencias na sa\u00fade laboral.<\/p>\n<\/blockquote>\n\n\n\n<blockquote class=\"wp-block-quote is-layout-flow wp-block-quote-is-layout-flow\">\n<p>Estamos ante un sector con empresas de s\u00edntese no que o traballo \u00e9 realizado fundamentalmente por contratas, o que esixe uns importantes niveis de control e coordinaci\u00f3n que non se est\u00e1n a levar a cabo<\/p>\n<\/blockquote>\n\n\n\n<p><strong>Sempre foi unha actividade precaria?<\/strong><\/p>\n\n\n\n<blockquote class=\"wp-block-quote is-layout-flow wp-block-quote-is-layout-flow\">\n<p>Esta actividade sempre foi de condici\u00f3ns duras de traballo pero segue empeorando en comparaci\u00f3n co resto de actividades. As condici\u00f3ns en sa\u00fade laboral son dram\u00e1ticas. As condici\u00f3ns de traballo moi duras con temperaturas moi altas cando chega o ver\u00e1n , por iso pedimos que so se traballe en xornada de ma\u00f1\u00e1. Espazos confinados, temperaturas moi baixas no inverno.<\/p>\n<\/blockquote>\n\n\n\n<p><strong>Non existe no naval o traballo continuado?<\/strong><\/p>\n\n\n\n<blockquote class=\"wp-block-quote is-layout-flow wp-block-quote-is-layout-flow\">\n<p>Non. Arm\u00f3n que \u00e9 empresa m\u00e1is grande agora mesmo e a nova propietaria de Barreras n\u00e9gase. Tanto \u00e9 as\u00ed que temos desenvolvido concentraci\u00f3ns diante da factor\u00eda e denuncias como Federaci\u00f3n<\/p>\n<\/blockquote>\n\n\n\n<p><strong>Cal \u00e9 o motivo?<\/strong><\/p>\n\n\n\n<blockquote class=\"wp-block-quote is-layout-flow wp-block-quote-is-layout-flow\">\n<p>Eles defenden que o corte para a comida produce unha maior sensaci\u00f3n de descanso. Para n\u00f3s non ten sentido e estamos en radical desacordo.<\/p>\n<\/blockquote>\n\n\n\n<p><strong>Que evoluci\u00f3n prevedes para este sector naval?<\/strong><\/p>\n\n\n\n<blockquote class=\"wp-block-quote is-layout-flow wp-block-quote-is-layout-flow\">\n<p>Non prevemos que vaia cambiar moito en moito tempo, de todos os xeitos debemos de estar vixiantes<\/p>\n<\/blockquote>\n\n\n\n<p><strong>Falemos agora do autom\u00f3bil?<\/strong><\/p>\n\n\n\n<blockquote class=\"wp-block-quote is-layout-flow wp-block-quote-is-layout-flow\">\n<p>A CIG ven detectando desde hai moito tempo que as condici\u00f3ns do sector poden chegar a ser realmente dram\u00e1ticas ante o novo cambio de modelo produtivo sum\u00e1ndose as pol\u00edticas de deslocalizaci\u00f3n que po\u00f1en \u00e1s empresas auxiliares en graves riscos. Neste sector non hai unha conciencia sectorial, son traballos de f\u00e1brica a f\u00e1brica e cada unha vai salvando a situaci\u00f3n como pode. Na CIG vimos realizando campa\u00f1as de concienciaci\u00f3n do sector na procura da unidade dos traballadores<\/p>\n<\/blockquote>\n\n\n\n<p><strong>Non hai conciencia sectorial entre os traballadores e traballadoras?<\/strong><\/p>\n\n\n\n<blockquote class=\"wp-block-quote is-layout-flow wp-block-quote-is-layout-flow\">\n<p>Non \u00e9 tan importante como noutros sectores, a\u00ednda que dun tempo a esta parte vai mellorando a cousa, o que nos permitiu por exemplo irmos a unha folga do sector.<\/p>\n<\/blockquote>\n\n\n\n<p><strong>Existe no sector unha desviaci\u00f3n da produci\u00f3n industrial cara a outros pa\u00edses?<\/strong><\/p>\n\n\n\n<blockquote class=\"wp-block-quote is-layout-flow wp-block-quote-is-layout-flow\">\n<p>Si, si que existe, a Portugal e a Marrocos. O sector do autom\u00f3bil est\u00e1 en risco na Comarca de Vigo.<\/p>\n<\/blockquote>\n\n\n\n<p><strong>En risco de reducirse de maneira tan importante como o naval?<\/strong><\/p>\n\n\n\n<blockquote class=\"wp-block-quote is-layout-flow wp-block-quote-is-layout-flow\">\n<p>Si, igual co naval. Pensamos que en pouco tempo vai a haber peche de empresas e outras van reducir substancialmente a s\u00faa produci\u00f3n.<\/p>\n<\/blockquote>\n\n\n\n<p><strong>Isto n\u00f3tase no deterioro das condici\u00f3ns laborais ?<\/strong><\/p>\n\n\n\n<blockquote class=\"wp-block-quote is-layout-flow wp-block-quote-is-layout-flow\">\n<p>Abof\u00e9 que se notan. Afectan ao propio desenvolvemento do traballo, as paradas, os ERTES continuos.<\/p>\n<\/blockquote>\n\n\n\n<p><strong>As administraci\u00f3ns auton\u00f3mica e municipal apoian a actividade industrial?<\/strong><\/p>\n\n\n\n<blockquote class=\"wp-block-quote is-layout-flow wp-block-quote-is-layout-flow\">\n<p>Non hai ning\u00fan tipo de apoio por parte das administraci\u00f3ns,<\/p>\n<\/blockquote>\n\n\n\n<p><strong>A administraci\u00f3n municipal quere converter a Vigo nunha cidade de servizos, e en consecuencia elude as s\u00faas responsabilidades coa industria local?<\/strong><\/p>\n\n\n\n<blockquote class=\"wp-block-quote is-layout-flow wp-block-quote-is-layout-flow\">\n<p>Non cabe d\u00fabida que \u00e9 as\u00ed. E tampouco a hai de que os empregos do sector servizos son de moita peor calidade que os da industria, xa que logo o deterioro das condici\u00f3ns de vida das clases traballadoras \u00e9 unha consecuencia inevitable desta pol\u00edtica disparatada.<\/p>\n<\/blockquote>\n\n\n\n<p><strong>Como est\u00e1 a sa\u00fade interna da Federaci\u00f3n de Industria da CIG da que ti es o m\u00e1ximo responsable?<\/strong><\/p>\n\n\n\n<blockquote class=\"wp-block-quote is-layout-flow wp-block-quote-is-layout-flow\">\n<p>Neste momento somos unha federaci\u00f3n que est\u00e1 crecendo tanto en afiliaci\u00f3n como en delegados e delegadas, podemos dicir que a Federaci\u00f3n est\u00e1 en alza. Somos o referente da comarca a nivel sindicato.<\/p>\n<\/blockquote>\n\n\n\n<p><strong>Que valoraci\u00f3n fas desta folga do autom\u00f3bil?<\/strong><\/p>\n\n\n\n<blockquote class=\"wp-block-quote is-layout-flow wp-block-quote-is-layout-flow\">\n<p>Tendo en conta que os demais sindicatos non s\u00f3 non a apoiaron sen\u00f3n que a combateron sen dar a m\u00e1is m\u00ednima alternativa, o \u00e9xito foi m\u00e1is que notable dando unha mostra de fortaleza sindical.<\/p>\n<\/blockquote>\n\n\n\n<p><strong>CCOO e UXT combateron a convocatoria de folga?<\/strong><\/p>\n\n\n\n<blockquote class=\"wp-block-quote is-layout-flow wp-block-quote-is-layout-flow\">\n<p>Non a apoiaron e foi amplamente criticada, mesmo sindicatos m\u00e1is pequenos tam\u00e9n a criticaron.<\/p>\n<\/blockquote>\n\n\n\n<p><strong>A sa\u00fade interna da CIG como est\u00e1?<\/strong><\/p>\n\n\n\n<blockquote class=\"wp-block-quote is-layout-flow wp-block-quote-is-layout-flow\">\n<p>Agora temos un sindicato moi cohesionado internamente que nos permite traballar en defensa da nosa clase con comodidade e eficacia. Na CIG a d\u00eda de hoxe todas as sensibilidades te\u00f1en cabida e se respectan.<\/p>\n<\/blockquote>\n\n\n\n<p><strong>Sobre a recente expulsi\u00f3n do presidente dun comit\u00e9 de empresa como afiliado, que tes que dicir?<\/strong><\/p>\n\n\n\n<blockquote class=\"wp-block-quote is-layout-flow wp-block-quote-is-layout-flow\">\n<p>A discrepancia interna, incluso a cr\u00edtica , \u00e9 perfectamente asumible, pero sempre que se dea dentro dos organismos do sindicato. Cada delegado ou delegada pode defender o que lle pete, pero cando as distintas posici\u00f3ns se debaten e se adopta unha li\u00f1a maioritaria, todos os afiliados e afiliadas temos a obriga de defendela cara f\u00f3ra. Cando non s\u00f3 non se defende , sen\u00f3n que se combate estamos ante un comportamento desleal inaceptable.<\/p>\n<\/blockquote>\n\n\n\n<p><strong>O relevo xeracional da Federaci\u00f3n de Industria est\u00e1 asegurado ou preoc\u00fapate Xulio?<\/strong><\/p>\n\n\n\n<blockquote class=\"wp-block-quote is-layout-flow wp-block-quote-is-layout-flow\">\n<p>Si que hai unha certa falta de conciencia pol\u00edtica e sindical na xente m\u00e1is nova,pero tan pronto comezan a se integrar na din\u00e1mica dun comit\u00e9, a situaci\u00f3n tende a se reverter. O relevo xeracional nas estruturas e organismos da CIG est\u00e1 plenamente asegurado.<\/p>\n<\/blockquote>\n\n\n\n<p><strong>Eso que dis responde \u00e1 realidade? Ou \u00e9 unha contestaci\u00f3n t\u00f3pica?<\/strong><\/p>\n\n\n\n<blockquote class=\"wp-block-quote is-layout-flow wp-block-quote-is-layout-flow\">\n<p>\u00c9 absolutamente certo. Hai un feixe de afiliados e afiliadas \u00e1 CIG que a\u00ednda non te\u00f1en 30 anos e pos\u00faen un s\u00f3lido compromiso social, sindical e pol\u00edtico.<\/p>\n<\/blockquote>\n","protected":false},"excerpt":{"rendered":"<div class=\"mh-excerpt\"><p>Despois de rematada a fantas\u00eda de luces e cores do nadal vigu\u00e9s, que agocha unha realidade industrial cada vez m\u00e1is precaria, acheg\u00e1monos ao local da CIG para conversar con Xulio Fern\u00e1ndez <a class=\"mh-excerpt-more\" href=\"https:\/\/www.anovapeneira.gal\/index.php\/2025\/02\/14\/xulio-fernandez-secretario-comarcal-da-cig-industria\/\" title=\"Xulio Fern\u00e1ndez, Secretario Comarcal da CIG Industria\">[&#8230;]<\/a><\/p>\n<\/div>","protected":false},"author":3,"featured_media":13344,"comment_status":"open","ping_status":"open","sticky":false,"template":"","format":"standard","meta":{"_exactmetrics_skip_tracking":false,"_exactmetrics_sitenote_active":false,"_exactmetrics_sitenote_note":"","_exactmetrics_sitenote_category":0,"footnotes":""},"categories":[272],"tags":[227],"class_list":{"0":"post-13342","1":"post","2":"type-post","3":"status-publish","4":"format-standard","5":"has-post-thumbnail","7":"category-vigo-entrevistas","8":"tag-concello-de-vigo"},"yoast_head":"<!-- This site is optimized with the Yoast SEO plugin v27.4 - https:\/\/yoast.com\/product\/yoast-seo-wordpress\/ -->\n<title>Xulio Fern\u00e1ndez, Secretario Comarcal da CIG Industria -<\/title>\n<meta name=\"robots\" content=\"index, follow, max-snippet:-1, max-image-preview:large, max-video-preview:-1\" \/>\n<link rel=\"canonical\" href=\"https:\/\/www.anovapeneira.gal\/index.php\/2025\/02\/14\/xulio-fernandez-secretario-comarcal-da-cig-industria\/\" \/>\n<meta property=\"og:locale\" content=\"gl_ES\" \/>\n<meta property=\"og:type\" content=\"article\" \/>\n<meta property=\"og:title\" content=\"Xulio Fern\u00e1ndez, Secretario Comarcal da CIG Industria -\" \/>\n<meta property=\"og:description\" content=\"Despois de rematada a fantas\u00eda de luces e cores do nadal vigu\u00e9s, que agocha unha realidade industrial cada vez m\u00e1is precaria, acheg\u00e1monos ao local da CIG para conversar con Xulio Fern\u00e1ndez [...]\" \/>\n<meta property=\"og:url\" content=\"https:\/\/www.anovapeneira.gal\/index.php\/2025\/02\/14\/xulio-fernandez-secretario-comarcal-da-cig-industria\/\" \/>\n<meta property=\"article:publisher\" content=\"https:\/\/www.facebook.com\/anovapeneira\" \/>\n<meta property=\"article:published_time\" content=\"2025-02-14T09:00:19+00:00\" \/>\n<meta property=\"og:image\" content=\"https:\/\/www.anovapeneira.gal\/wp-content\/uploads\/2025\/02\/xulio_fernandez.jpg\" \/>\n\t<meta property=\"og:image:width\" content=\"720\" \/>\n\t<meta property=\"og:image:height\" content=\"432\" \/>\n\t<meta property=\"og:image:type\" content=\"image\/jpeg\" \/>\n<meta name=\"author\" content=\"Redacci\u00f3n A Nova Peneira\" \/>\n<meta name=\"twitter:card\" content=\"summary_large_image\" \/>\n<meta name=\"twitter:creator\" content=\"@APeneira\" \/>\n<meta name=\"twitter:site\" content=\"@APeneira\" \/>\n<meta name=\"twitter:label1\" content=\"Escrito por\" \/>\n\t<meta name=\"twitter:data1\" content=\"Redacci\u00f3n A Nova Peneira\" \/>\n\t<meta name=\"twitter:label2\" content=\"Tempo de lectura\" \/>\n\t<meta name=\"twitter:data2\" content=\"2 minutos\" \/>\n<script type=\"application\/ld+json\" class=\"yoast-schema-graph\">{\"@context\":\"https:\\\/\\\/schema.org\",\"@graph\":[{\"@type\":\"Article\",\"@id\":\"https:\\\/\\\/www.anovapeneira.gal\\\/index.php\\\/2025\\\/02\\\/14\\\/xulio-fernandez-secretario-comarcal-da-cig-industria\\\/#article\",\"isPartOf\":{\"@id\":\"https:\\\/\\\/www.anovapeneira.gal\\\/index.php\\\/2025\\\/02\\\/14\\\/xulio-fernandez-secretario-comarcal-da-cig-industria\\\/\"},\"author\":{\"name\":\"Redacci\u00f3n A Nova Peneira\",\"@id\":\"https:\\\/\\\/www.anovapeneira.gal\\\/#\\\/schema\\\/person\\\/b93e3f8932e3f8da96334607eb6ac6aa\"},\"headline\":\"Xulio Fern\u00e1ndez, Secretario Comarcal da CIG Industria\",\"datePublished\":\"2025-02-14T09:00:19+00:00\",\"mainEntityOfPage\":{\"@id\":\"https:\\\/\\\/www.anovapeneira.gal\\\/index.php\\\/2025\\\/02\\\/14\\\/xulio-fernandez-secretario-comarcal-da-cig-industria\\\/\"},\"wordCount\":1118,\"commentCount\":0,\"publisher\":{\"@id\":\"https:\\\/\\\/www.anovapeneira.gal\\\/#organization\"},\"image\":{\"@id\":\"https:\\\/\\\/www.anovapeneira.gal\\\/index.php\\\/2025\\\/02\\\/14\\\/xulio-fernandez-secretario-comarcal-da-cig-industria\\\/#primaryimage\"},\"thumbnailUrl\":\"https:\\\/\\\/www.anovapeneira.gal\\\/wp-content\\\/uploads\\\/2025\\\/02\\\/xulio_fernandez.jpg\",\"keywords\":[\"Concello de Vigo\"],\"articleSection\":[\"Vigo\"],\"inLanguage\":\"gl-ES\",\"potentialAction\":[{\"@type\":\"CommentAction\",\"name\":\"Comment\",\"target\":[\"https:\\\/\\\/www.anovapeneira.gal\\\/index.php\\\/2025\\\/02\\\/14\\\/xulio-fernandez-secretario-comarcal-da-cig-industria\\\/#respond\"]}]},{\"@type\":\"WebPage\",\"@id\":\"https:\\\/\\\/www.anovapeneira.gal\\\/index.php\\\/2025\\\/02\\\/14\\\/xulio-fernandez-secretario-comarcal-da-cig-industria\\\/\",\"url\":\"https:\\\/\\\/www.anovapeneira.gal\\\/index.php\\\/2025\\\/02\\\/14\\\/xulio-fernandez-secretario-comarcal-da-cig-industria\\\/\",\"name\":\"Xulio Fern\u00e1ndez, Secretario Comarcal da CIG Industria -\",\"isPartOf\":{\"@id\":\"https:\\\/\\\/www.anovapeneira.gal\\\/#website\"},\"primaryImageOfPage\":{\"@id\":\"https:\\\/\\\/www.anovapeneira.gal\\\/index.php\\\/2025\\\/02\\\/14\\\/xulio-fernandez-secretario-comarcal-da-cig-industria\\\/#primaryimage\"},\"image\":{\"@id\":\"https:\\\/\\\/www.anovapeneira.gal\\\/index.php\\\/2025\\\/02\\\/14\\\/xulio-fernandez-secretario-comarcal-da-cig-industria\\\/#primaryimage\"},\"thumbnailUrl\":\"https:\\\/\\\/www.anovapeneira.gal\\\/wp-content\\\/uploads\\\/2025\\\/02\\\/xulio_fernandez.jpg\",\"datePublished\":\"2025-02-14T09:00:19+00:00\",\"breadcrumb\":{\"@id\":\"https:\\\/\\\/www.anovapeneira.gal\\\/index.php\\\/2025\\\/02\\\/14\\\/xulio-fernandez-secretario-comarcal-da-cig-industria\\\/#breadcrumb\"},\"inLanguage\":\"gl-ES\",\"potentialAction\":[{\"@type\":\"ReadAction\",\"target\":[\"https:\\\/\\\/www.anovapeneira.gal\\\/index.php\\\/2025\\\/02\\\/14\\\/xulio-fernandez-secretario-comarcal-da-cig-industria\\\/\"]}]},{\"@type\":\"ImageObject\",\"inLanguage\":\"gl-ES\",\"@id\":\"https:\\\/\\\/www.anovapeneira.gal\\\/index.php\\\/2025\\\/02\\\/14\\\/xulio-fernandez-secretario-comarcal-da-cig-industria\\\/#primaryimage\",\"url\":\"https:\\\/\\\/www.anovapeneira.gal\\\/wp-content\\\/uploads\\\/2025\\\/02\\\/xulio_fernandez.jpg\",\"contentUrl\":\"https:\\\/\\\/www.anovapeneira.gal\\\/wp-content\\\/uploads\\\/2025\\\/02\\\/xulio_fernandez.jpg\",\"width\":720,\"height\":432,\"caption\":\"Xulio Fern\u00e1ndez\"},{\"@type\":\"BreadcrumbList\",\"@id\":\"https:\\\/\\\/www.anovapeneira.gal\\\/index.php\\\/2025\\\/02\\\/14\\\/xulio-fernandez-secretario-comarcal-da-cig-industria\\\/#breadcrumb\",\"itemListElement\":[{\"@type\":\"ListItem\",\"position\":1,\"name\":\"Portada\",\"item\":\"https:\\\/\\\/www.anovapeneira.gal\\\/\"},{\"@type\":\"ListItem\",\"position\":2,\"name\":\"Xulio Fern\u00e1ndez, Secretario Comarcal da CIG Industria\"}]},{\"@type\":\"WebSite\",\"@id\":\"https:\\\/\\\/www.anovapeneira.gal\\\/#website\",\"url\":\"https:\\\/\\\/www.anovapeneira.gal\\\/\",\"name\":\"\",\"description\":\"Xornal galego de informaci\u00f3n xeral Publicaci\u00f3n mensual de novas de Galicia e en especial dos Concellos da sur da provincia de Pontevedra.\",\"publisher\":{\"@id\":\"https:\\\/\\\/www.anovapeneira.gal\\\/#organization\"},\"potentialAction\":[{\"@type\":\"SearchAction\",\"target\":{\"@type\":\"EntryPoint\",\"urlTemplate\":\"https:\\\/\\\/www.anovapeneira.gal\\\/?s={search_term_string}\"},\"query-input\":{\"@type\":\"PropertyValueSpecification\",\"valueRequired\":true,\"valueName\":\"search_term_string\"}}],\"inLanguage\":\"gl-ES\"},{\"@type\":\"Organization\",\"@id\":\"https:\\\/\\\/www.anovapeneira.gal\\\/#organization\",\"name\":\"A Nova Peneira\",\"url\":\"https:\\\/\\\/www.anovapeneira.gal\\\/\",\"logo\":{\"@type\":\"ImageObject\",\"inLanguage\":\"gl-ES\",\"@id\":\"https:\\\/\\\/www.anovapeneira.gal\\\/#\\\/schema\\\/logo\\\/image\\\/\",\"url\":\"http:\\\/\\\/www.anovapeneira.gal\\\/wp-content\\\/uploads\\\/2019\\\/06\\\/logo_a_nova_peneira_portal_web.png\",\"contentUrl\":\"http:\\\/\\\/www.anovapeneira.gal\\\/wp-content\\\/uploads\\\/2019\\\/06\\\/logo_a_nova_peneira_portal_web.png\",\"width\":300,\"height\":100,\"caption\":\"A Nova Peneira\"},\"image\":{\"@id\":\"https:\\\/\\\/www.anovapeneira.gal\\\/#\\\/schema\\\/logo\\\/image\\\/\"},\"sameAs\":[\"https:\\\/\\\/www.facebook.com\\\/anovapeneira\",\"https:\\\/\\\/x.com\\\/APeneira\"]},{\"@type\":\"Person\",\"@id\":\"https:\\\/\\\/www.anovapeneira.gal\\\/#\\\/schema\\\/person\\\/b93e3f8932e3f8da96334607eb6ac6aa\",\"name\":\"Redacci\u00f3n A Nova Peneira\",\"image\":{\"@type\":\"ImageObject\",\"inLanguage\":\"gl-ES\",\"@id\":\"https:\\\/\\\/secure.gravatar.com\\\/avatar\\\/c052a2551a06e23fac63626232eaa90abd78dbcf1700fc46a2b2c89fd27b735f?s=96&d=mm&r=g\",\"url\":\"https:\\\/\\\/secure.gravatar.com\\\/avatar\\\/c052a2551a06e23fac63626232eaa90abd78dbcf1700fc46a2b2c89fd27b735f?s=96&d=mm&r=g\",\"contentUrl\":\"https:\\\/\\\/secure.gravatar.com\\\/avatar\\\/c052a2551a06e23fac63626232eaa90abd78dbcf1700fc46a2b2c89fd27b735f?s=96&d=mm&r=g\",\"caption\":\"Redacci\u00f3n A Nova Peneira\"},\"sameAs\":[\"http:\\\/\\\/www.anovapeneira.gal\\\/\"],\"url\":\"https:\\\/\\\/www.anovapeneira.gal\\\/index.php\\\/author\\\/redactor\\\/\"}]}<\/script>\n<!-- \/ Yoast SEO plugin. -->","yoast_head_json":{"title":"Xulio Fern\u00e1ndez, Secretario Comarcal da CIG Industria -","robots":{"index":"index","follow":"follow","max-snippet":"max-snippet:-1","max-image-preview":"max-image-preview:large","max-video-preview":"max-video-preview:-1"},"canonical":"https:\/\/www.anovapeneira.gal\/index.php\/2025\/02\/14\/xulio-fernandez-secretario-comarcal-da-cig-industria\/","og_locale":"gl_ES","og_type":"article","og_title":"Xulio Fern\u00e1ndez, Secretario Comarcal da CIG Industria -","og_description":"Despois de rematada a fantas\u00eda de luces e cores do nadal vigu\u00e9s, que agocha unha realidade industrial cada vez m\u00e1is precaria, acheg\u00e1monos ao local da CIG para conversar con Xulio Fern\u00e1ndez [...]","og_url":"https:\/\/www.anovapeneira.gal\/index.php\/2025\/02\/14\/xulio-fernandez-secretario-comarcal-da-cig-industria\/","article_publisher":"https:\/\/www.facebook.com\/anovapeneira","article_published_time":"2025-02-14T09:00:19+00:00","og_image":[{"width":720,"height":432,"url":"https:\/\/www.anovapeneira.gal\/wp-content\/uploads\/2025\/02\/xulio_fernandez.jpg","type":"image\/jpeg"}],"author":"Redacci\u00f3n A Nova Peneira","twitter_card":"summary_large_image","twitter_creator":"@APeneira","twitter_site":"@APeneira","twitter_misc":{"Escrito por":"Redacci\u00f3n A Nova Peneira","Tempo de lectura":"2 minutos"},"schema":{"@context":"https:\/\/schema.org","@graph":[{"@type":"Article","@id":"https:\/\/www.anovapeneira.gal\/index.php\/2025\/02\/14\/xulio-fernandez-secretario-comarcal-da-cig-industria\/#article","isPartOf":{"@id":"https:\/\/www.anovapeneira.gal\/index.php\/2025\/02\/14\/xulio-fernandez-secretario-comarcal-da-cig-industria\/"},"author":{"name":"Redacci\u00f3n A Nova Peneira","@id":"https:\/\/www.anovapeneira.gal\/#\/schema\/person\/b93e3f8932e3f8da96334607eb6ac6aa"},"headline":"Xulio Fern\u00e1ndez, Secretario Comarcal da CIG Industria","datePublished":"2025-02-14T09:00:19+00:00","mainEntityOfPage":{"@id":"https:\/\/www.anovapeneira.gal\/index.php\/2025\/02\/14\/xulio-fernandez-secretario-comarcal-da-cig-industria\/"},"wordCount":1118,"commentCount":0,"publisher":{"@id":"https:\/\/www.anovapeneira.gal\/#organization"},"image":{"@id":"https:\/\/www.anovapeneira.gal\/index.php\/2025\/02\/14\/xulio-fernandez-secretario-comarcal-da-cig-industria\/#primaryimage"},"thumbnailUrl":"https:\/\/www.anovapeneira.gal\/wp-content\/uploads\/2025\/02\/xulio_fernandez.jpg","keywords":["Concello de Vigo"],"articleSection":["Vigo"],"inLanguage":"gl-ES","potentialAction":[{"@type":"CommentAction","name":"Comment","target":["https:\/\/www.anovapeneira.gal\/index.php\/2025\/02\/14\/xulio-fernandez-secretario-comarcal-da-cig-industria\/#respond"]}]},{"@type":"WebPage","@id":"https:\/\/www.anovapeneira.gal\/index.php\/2025\/02\/14\/xulio-fernandez-secretario-comarcal-da-cig-industria\/","url":"https:\/\/www.anovapeneira.gal\/index.php\/2025\/02\/14\/xulio-fernandez-secretario-comarcal-da-cig-industria\/","name":"Xulio Fern\u00e1ndez, Secretario Comarcal da CIG Industria -","isPartOf":{"@id":"https:\/\/www.anovapeneira.gal\/#website"},"primaryImageOfPage":{"@id":"https:\/\/www.anovapeneira.gal\/index.php\/2025\/02\/14\/xulio-fernandez-secretario-comarcal-da-cig-industria\/#primaryimage"},"image":{"@id":"https:\/\/www.anovapeneira.gal\/index.php\/2025\/02\/14\/xulio-fernandez-secretario-comarcal-da-cig-industria\/#primaryimage"},"thumbnailUrl":"https:\/\/www.anovapeneira.gal\/wp-content\/uploads\/2025\/02\/xulio_fernandez.jpg","datePublished":"2025-02-14T09:00:19+00:00","breadcrumb":{"@id":"https:\/\/www.anovapeneira.gal\/index.php\/2025\/02\/14\/xulio-fernandez-secretario-comarcal-da-cig-industria\/#breadcrumb"},"inLanguage":"gl-ES","potentialAction":[{"@type":"ReadAction","target":["https:\/\/www.anovapeneira.gal\/index.php\/2025\/02\/14\/xulio-fernandez-secretario-comarcal-da-cig-industria\/"]}]},{"@type":"ImageObject","inLanguage":"gl-ES","@id":"https:\/\/www.anovapeneira.gal\/index.php\/2025\/02\/14\/xulio-fernandez-secretario-comarcal-da-cig-industria\/#primaryimage","url":"https:\/\/www.anovapeneira.gal\/wp-content\/uploads\/2025\/02\/xulio_fernandez.jpg","contentUrl":"https:\/\/www.anovapeneira.gal\/wp-content\/uploads\/2025\/02\/xulio_fernandez.jpg","width":720,"height":432,"caption":"Xulio Fern\u00e1ndez"},{"@type":"BreadcrumbList","@id":"https:\/\/www.anovapeneira.gal\/index.php\/2025\/02\/14\/xulio-fernandez-secretario-comarcal-da-cig-industria\/#breadcrumb","itemListElement":[{"@type":"ListItem","position":1,"name":"Portada","item":"https:\/\/www.anovapeneira.gal\/"},{"@type":"ListItem","position":2,"name":"Xulio Fern\u00e1ndez, Secretario Comarcal da CIG Industria"}]},{"@type":"WebSite","@id":"https:\/\/www.anovapeneira.gal\/#website","url":"https:\/\/www.anovapeneira.gal\/","name":"","description":"Xornal galego de informaci\u00f3n xeral Publicaci\u00f3n mensual de novas de Galicia e en especial dos Concellos da sur da provincia de Pontevedra.","publisher":{"@id":"https:\/\/www.anovapeneira.gal\/#organization"},"potentialAction":[{"@type":"SearchAction","target":{"@type":"EntryPoint","urlTemplate":"https:\/\/www.anovapeneira.gal\/?s={search_term_string}"},"query-input":{"@type":"PropertyValueSpecification","valueRequired":true,"valueName":"search_term_string"}}],"inLanguage":"gl-ES"},{"@type":"Organization","@id":"https:\/\/www.anovapeneira.gal\/#organization","name":"A Nova Peneira","url":"https:\/\/www.anovapeneira.gal\/","logo":{"@type":"ImageObject","inLanguage":"gl-ES","@id":"https:\/\/www.anovapeneira.gal\/#\/schema\/logo\/image\/","url":"http:\/\/www.anovapeneira.gal\/wp-content\/uploads\/2019\/06\/logo_a_nova_peneira_portal_web.png","contentUrl":"http:\/\/www.anovapeneira.gal\/wp-content\/uploads\/2019\/06\/logo_a_nova_peneira_portal_web.png","width":300,"height":100,"caption":"A Nova Peneira"},"image":{"@id":"https:\/\/www.anovapeneira.gal\/#\/schema\/logo\/image\/"},"sameAs":["https:\/\/www.facebook.com\/anovapeneira","https:\/\/x.com\/APeneira"]},{"@type":"Person","@id":"https:\/\/www.anovapeneira.gal\/#\/schema\/person\/b93e3f8932e3f8da96334607eb6ac6aa","name":"Redacci\u00f3n A Nova Peneira","image":{"@type":"ImageObject","inLanguage":"gl-ES","@id":"https:\/\/secure.gravatar.com\/avatar\/c052a2551a06e23fac63626232eaa90abd78dbcf1700fc46a2b2c89fd27b735f?s=96&d=mm&r=g","url":"https:\/\/secure.gravatar.com\/avatar\/c052a2551a06e23fac63626232eaa90abd78dbcf1700fc46a2b2c89fd27b735f?s=96&d=mm&r=g","contentUrl":"https:\/\/secure.gravatar.com\/avatar\/c052a2551a06e23fac63626232eaa90abd78dbcf1700fc46a2b2c89fd27b735f?s=96&d=mm&r=g","caption":"Redacci\u00f3n A Nova Peneira"},"sameAs":["http:\/\/www.anovapeneira.gal\/"],"url":"https:\/\/www.anovapeneira.gal\/index.php\/author\/redactor\/"}]}},"jetpack_featured_media_url":"https:\/\/www.anovapeneira.gal\/wp-content\/uploads\/2025\/02\/xulio_fernandez.jpg","_links":{"self":[{"href":"https:\/\/www.anovapeneira.gal\/index.php\/wp-json\/wp\/v2\/posts\/13342","targetHints":{"allow":["GET"]}}],"collection":[{"href":"https:\/\/www.anovapeneira.gal\/index.php\/wp-json\/wp\/v2\/posts"}],"about":[{"href":"https:\/\/www.anovapeneira.gal\/index.php\/wp-json\/wp\/v2\/types\/post"}],"author":[{"embeddable":true,"href":"https:\/\/www.anovapeneira.gal\/index.php\/wp-json\/wp\/v2\/users\/3"}],"replies":[{"embeddable":true,"href":"https:\/\/www.anovapeneira.gal\/index.php\/wp-json\/wp\/v2\/comments?post=13342"}],"version-history":[{"count":1,"href":"https:\/\/www.anovapeneira.gal\/index.php\/wp-json\/wp\/v2\/posts\/13342\/revisions"}],"predecessor-version":[{"id":13343,"href":"https:\/\/www.anovapeneira.gal\/index.php\/wp-json\/wp\/v2\/posts\/13342\/revisions\/13343"}],"wp:featuredmedia":[{"embeddable":true,"href":"https:\/\/www.anovapeneira.gal\/index.php\/wp-json\/wp\/v2\/media\/13344"}],"wp:attachment":[{"href":"https:\/\/www.anovapeneira.gal\/index.php\/wp-json\/wp\/v2\/media?parent=13342"}],"wp:term":[{"taxonomy":"category","embeddable":true,"href":"https:\/\/www.anovapeneira.gal\/index.php\/wp-json\/wp\/v2\/categories?post=13342"},{"taxonomy":"post_tag","embeddable":true,"href":"https:\/\/www.anovapeneira.gal\/index.php\/wp-json\/wp\/v2\/tags?post=13342"}],"curies":[{"name":"wp","href":"https:\/\/api.w.org\/{rel}","templated":true}]}}