{"id":13345,"date":"2025-02-14T12:00:45","date_gmt":"2025-02-14T11:00:45","guid":{"rendered":"https:\/\/www.anovapeneira.gal\/?p=13345"},"modified":"2025-02-11T13:52:51","modified_gmt":"2025-02-11T12:52:51","slug":"o-bng-de-nigran-escolle-a-un-novo-responsable-local","status":"publish","type":"post","link":"https:\/\/www.anovapeneira.gal\/index.php\/2025\/02\/14\/o-bng-de-nigran-escolle-a-un-novo-responsable-local\/","title":{"rendered":"O BNG de Nigr\u00e1n escolle a un novo responsable local"},"content":{"rendered":"\n<p><strong>Os nacionalistas de Nigr\u00e1n ve\u00f1en de escoller a un novo responsable en substituci\u00f3n do concelleiro Xavier Rodr\u00edguez, que desta maneira pasa a centrar os seus esforzos no traballo municipal.<\/strong><\/p>\n\n\n\n<p><strong>A persoa que pasa a ser a cabeza visible do bloque de Nigr\u00e1n \u00e9 Miguel Soto, un home de 46 anos, natural de Panx\u00f3n e moi co\u00f1ecido na localidade por ser o propietario dun local de hostalar\u00eda en Patos, O Dru\u00edda, que xa roza as d\u00faas d\u00e9cadas de vida. N\u00f3s fomos co\u00f1ecelo e conversamos con el.<\/strong><\/p>\n\n\n\n<p><strong>Miguel Soto, responsable do BNG de Nigr\u00e1n.<\/strong><\/p>\n\n\n\n<p>\u201c<strong>Afronto a responsabilidade con moita ilusi\u00f3n e cos intenci\u00f3n de dar o mellor de min para que o BNG poida crecer\u201d<\/strong><\/p>\n\n\n\n<p><strong>Queremos co\u00f1ecerte: De onde es, cantos anos tes e cal \u00e9 a t\u00faa actividade profesional?<\/strong><\/p>\n\n\n\n<blockquote class=\"wp-block-quote is-layout-flow wp-block-quote-is-layout-flow\">\n<p>Son nativo de Panx\u00f3n, te\u00f1o 46 anos e son aut\u00f3nomo do sector da hostalar\u00eda. Te\u00f1o unha taper\u00eda en Patos, O Dru\u00edda, desde xa hai case 18 anos.<\/p>\n<\/blockquote>\n\n\n\n<p><strong>Cando comezou a t\u00faa militancia pol\u00edtica?<\/strong><\/p>\n\n\n\n<blockquote class=\"wp-block-quote is-layout-flow wp-block-quote-is-layout-flow\">\n<p>Xa de rapaz militei en Galiza Nova, sempre me interesou a pol\u00edtica desde moi novo. Logo funme a Lugo a estudar e as mi\u00f1as inquedanzas sociais se encami\u00f1aron m\u00e1is polo sindicalismo universitario, de feito formei parte dos CAF. Rematei a carreira de Humanidades e ao pouco tempo xa comecei a traballar no mundo da hostalar\u00eda.<\/p>\n<\/blockquote>\n\n\n\n<blockquote class=\"wp-block-quote is-layout-flow wp-block-quote-is-layout-flow\">\n<p>Hai uns anos retomei a mi\u00f1a militancia pol\u00edtica e afilieime ao BNG.<\/p>\n<\/blockquote>\n\n\n\n<p><strong>Por que no BNG?<\/strong><\/p>\n\n\n\n<blockquote class=\"wp-block-quote is-layout-flow wp-block-quote-is-layout-flow\">\n<p>Por coincidencia co seu corpus ideol\u00f3xico. Entendo que o BNG \u00e9 a organizaci\u00f3n que mellor defende os intereses deste pa\u00eds e debe de ser a casa com\u00fan de todos os que nos sentimos galeguistas.<\/p>\n<\/blockquote>\n\n\n\n<p><strong>Cando asumiches o cargo de portavoz local?<\/strong><\/p>\n\n\n\n<blockquote class=\"wp-block-quote is-layout-flow wp-block-quote-is-layout-flow\">\n<p>O pasado mes de Xaneiro.<\/p>\n<\/blockquote>\n\n\n\n<p><strong>Cal foi o motivo?<\/strong><\/p>\n\n\n\n<blockquote class=\"wp-block-quote is-layout-flow wp-block-quote-is-layout-flow\">\n<p>O BNG \u00e9 unha organizaci\u00f3n radicalmente democr\u00e1tica que procura renovar os \u00f3rganos de direcci\u00f3n e que a maior cantidade de militantes posibles dean o paso de asumir responsabilidades. Por outra parte, desta maneira, o noso anterior portavoz e concelleiro actual Xavier Rodr\u00edguez, ten maior dispo\u00f1ibilidade para se centrar no traballo municipal.<\/p>\n<\/blockquote>\n\n\n\n<p><strong>Como afrontas a responsabilidade?<\/strong><\/p>\n\n\n\n<blockquote class=\"wp-block-quote is-layout-flow wp-block-quote-is-layout-flow\">\n<p>Con moita ilusi\u00f3n. Eu creo que te\u00f1o capacidade para artellar consensos e sensibilidade integradora e procurarei aplicalo no d\u00eda a d\u00eda co obxectivo de lograr non s\u00f3 consolidar a nosa posici\u00f3n sen\u00f3n tam\u00e9n crecer. Estou convencido de que temos un importante potencial de crecemento e o temos que aproveitar.<\/p>\n<\/blockquote>\n\n\n\n<p><strong>Como est\u00e1 a sa\u00fade do BNG de Nigr\u00e1n?<\/strong><\/p>\n\n\n\n<blockquote class=\"wp-block-quote is-layout-flow wp-block-quote-is-layout-flow\">\n<p>Est\u00e1 moi ben, na li\u00f1a do estado do BNG de todo o pa\u00eds. A afiliaci\u00f3n de Nigr\u00e1n experimentou un notable crecemento, incluso nos anos malos nos que non tivemos representaci\u00f3n municipal, e a progresi\u00f3n \u00e9 claramente ascendente.<\/p>\n<\/blockquote>\n\n\n\n<p><strong>Cal \u00e9 a t\u00faa valoraci\u00f3n pol\u00edtica do actual goberno de Nigr\u00e1n?<\/strong><\/p>\n\n\n\n<blockquote class=\"wp-block-quote is-layout-flow wp-block-quote-is-layout-flow\">\n<p>N\u00f3s pensamos que se pod\u00edan facer mellor as cousas. Hai aspectos chave para Nigr\u00e1n como por exemplo pode ser o PXOM que, tendo as maior\u00edas absolutas que te\u00f1en, non entendemos como non o deron sacado de momento.<\/p>\n<\/blockquote>\n\n\n\n<p><strong>Cales son os problemas m\u00e1is importantes que padece Nigr\u00e1n?<\/strong><\/p>\n\n\n\n<blockquote class=\"wp-block-quote is-layout-flow wp-block-quote-is-layout-flow\">\n<p>O esencial \u00e9 o problema de vivenda. Hai moitas vivendas constru\u00eddas pero est\u00e1n orientadas a darlle servizo \u00e1s persoas de f\u00f3ra que as mercan como segunda residencia e aos turistas. \u00c9 un problema moi serio para a mocidade de Nigr\u00e1n que cando quere facer un proxecto de vida do noso pobo, ag\u00e1s que herde unha casa da s\u00faa familia, teno practicamente imposible.<\/p>\n<\/blockquote>\n\n\n\n<blockquote class=\"wp-block-quote is-layout-flow wp-block-quote-is-layout-flow\">\n<p>Unha an\u00e9cdota reveladora da dimensi\u00f3n do problema \u00e9 que cando nas elecci\u00f3ns imos repartir a publicidade porta por porta, atopamos casas que nin sequera te\u00f1en caixa do correo.<\/p>\n<\/blockquote>\n\n\n\n<blockquote class=\"wp-block-quote is-layout-flow wp-block-quote-is-layout-flow\">\n<p>O problema da vivenda en Nigr\u00e1n \u00e9 end\u00e9mico, cando eu era mozo moitas persoas da mi\u00f1a xeraci\u00f3n mercaban casa noutras localidades como Gondomar ou Tomi\u00f1o porque no noso pobo non era posible. Hoxe, por desgraza estase pondo a cousa tan complicada que acceder \u00e1 vivenda resulta terriblemente complicado en case todos os sitios.<\/p>\n<\/blockquote>\n\n\n\n<p><strong>Como est\u00e1 a situaci\u00f3n do transporte en Nigr\u00e1n?<\/strong><\/p>\n\n\n\n<blockquote class=\"wp-block-quote is-layout-flow wp-block-quote-is-layout-flow\">\n<p>Igual que en toda Galicia, mal. De feito este \u00e9 un tema no que o BNG est\u00e1 especialmente sensibilizado e temos desenvolto actos e moci\u00f3ns diversas ao respecto.<\/p>\n<\/blockquote>\n\n\n\n<p><strong>Rematamos Miguel: que pode agardar un ou unha simpatizante nacionalista en relaci\u00f3n \u00e1 evoluci\u00f3n do BNG en Nigr\u00e1n?<\/strong><\/p>\n\n\n\n<blockquote class=\"wp-block-quote is-layout-flow wp-block-quote-is-layout-flow\">\n<p>Como antes comentei estamos en progresi\u00f3n ascendente e creo que se pode dicir de maneira obxectiva que as perspectivas son positivas. Eu, na responsabilidade que me atinxe, vou po\u00f1er o mellor de min mesmo para tratar de que a maior\u00eda social de Nigr\u00e1n sinta que o BNG \u00e9 unha organizaci\u00f3n \u00fatil na procura de soluci\u00f3ns aos problemas.<\/p>\n<\/blockquote>\n","protected":false},"excerpt":{"rendered":"<div class=\"mh-excerpt\"><p>Os nacionalistas de Nigr\u00e1n ve\u00f1en de escoller a un novo responsable en substituci\u00f3n do concelleiro Xavier Rodr\u00edguez, que desta maneira pasa a centrar os seus esforzos no traballo municipal. A persoa que pasa a ser <a class=\"mh-excerpt-more\" href=\"https:\/\/www.anovapeneira.gal\/index.php\/2025\/02\/14\/o-bng-de-nigran-escolle-a-un-novo-responsable-local\/\" title=\"O BNG de Nigr\u00e1n escolle a un novo responsable local\">[&#8230;]<\/a><\/p>\n<\/div>","protected":false},"author":3,"featured_media":13346,"comment_status":"open","ping_status":"open","sticky":false,"template":"","format":"standard","meta":{"_exactmetrics_skip_tracking":false,"_exactmetrics_sitenote_active":false,"_exactmetrics_sitenote_note":"","_exactmetrics_sitenote_category":0,"footnotes":""},"categories":[271],"tags":[135],"class_list":{"0":"post-13345","1":"post","2":"type-post","3":"status-publish","4":"format-standard","5":"has-post-thumbnail","7":"category-val-minor-entrevistas","8":"tag-concello-de-nigran"},"yoast_head":"<!-- This site is optimized with the Yoast SEO plugin v27.4 - https:\/\/yoast.com\/product\/yoast-seo-wordpress\/ -->\n<title>O BNG de Nigr\u00e1n escolle a un novo responsable local -<\/title>\n<meta name=\"robots\" content=\"index, follow, max-snippet:-1, max-image-preview:large, max-video-preview:-1\" \/>\n<link rel=\"canonical\" href=\"https:\/\/www.anovapeneira.gal\/index.php\/2025\/02\/14\/o-bng-de-nigran-escolle-a-un-novo-responsable-local\/\" \/>\n<meta property=\"og:locale\" content=\"gl_ES\" \/>\n<meta property=\"og:type\" content=\"article\" \/>\n<meta property=\"og:title\" content=\"O BNG de Nigr\u00e1n escolle a un novo responsable local -\" \/>\n<meta property=\"og:description\" content=\"Os nacionalistas de Nigr\u00e1n ve\u00f1en de escoller a un novo responsable en substituci\u00f3n do concelleiro Xavier Rodr\u00edguez, que desta maneira pasa a centrar os seus esforzos no traballo municipal. A persoa que pasa a ser [...]\" \/>\n<meta property=\"og:url\" content=\"https:\/\/www.anovapeneira.gal\/index.php\/2025\/02\/14\/o-bng-de-nigran-escolle-a-un-novo-responsable-local\/\" \/>\n<meta property=\"article:publisher\" content=\"https:\/\/www.facebook.com\/anovapeneira\" \/>\n<meta property=\"article:published_time\" content=\"2025-02-14T11:00:45+00:00\" \/>\n<meta property=\"og:image\" content=\"https:\/\/www.anovapeneira.gal\/wp-content\/uploads\/2025\/02\/miguel_soto.jpg\" \/>\n\t<meta property=\"og:image:width\" content=\"720\" \/>\n\t<meta property=\"og:image:height\" content=\"432\" \/>\n\t<meta property=\"og:image:type\" content=\"image\/jpeg\" \/>\n<meta name=\"author\" content=\"Redacci\u00f3n A Nova Peneira\" \/>\n<meta name=\"twitter:card\" content=\"summary_large_image\" \/>\n<meta name=\"twitter:creator\" content=\"@APeneira\" \/>\n<meta name=\"twitter:site\" content=\"@APeneira\" \/>\n<meta name=\"twitter:label1\" content=\"Escrito por\" \/>\n\t<meta name=\"twitter:data1\" content=\"Redacci\u00f3n A Nova Peneira\" \/>\n\t<meta name=\"twitter:label2\" content=\"Tempo de lectura\" \/>\n\t<meta name=\"twitter:data2\" content=\"2 minutos\" \/>\n<script type=\"application\/ld+json\" class=\"yoast-schema-graph\">{\"@context\":\"https:\\\/\\\/schema.org\",\"@graph\":[{\"@type\":\"Article\",\"@id\":\"https:\\\/\\\/www.anovapeneira.gal\\\/index.php\\\/2025\\\/02\\\/14\\\/o-bng-de-nigran-escolle-a-un-novo-responsable-local\\\/#article\",\"isPartOf\":{\"@id\":\"https:\\\/\\\/www.anovapeneira.gal\\\/index.php\\\/2025\\\/02\\\/14\\\/o-bng-de-nigran-escolle-a-un-novo-responsable-local\\\/\"},\"author\":{\"name\":\"Redacci\u00f3n A Nova Peneira\",\"@id\":\"https:\\\/\\\/www.anovapeneira.gal\\\/#\\\/schema\\\/person\\\/b93e3f8932e3f8da96334607eb6ac6aa\"},\"headline\":\"O BNG de Nigr\u00e1n escolle a un novo responsable local\",\"datePublished\":\"2025-02-14T11:00:45+00:00\",\"mainEntityOfPage\":{\"@id\":\"https:\\\/\\\/www.anovapeneira.gal\\\/index.php\\\/2025\\\/02\\\/14\\\/o-bng-de-nigran-escolle-a-un-novo-responsable-local\\\/\"},\"wordCount\":832,\"commentCount\":0,\"publisher\":{\"@id\":\"https:\\\/\\\/www.anovapeneira.gal\\\/#organization\"},\"image\":{\"@id\":\"https:\\\/\\\/www.anovapeneira.gal\\\/index.php\\\/2025\\\/02\\\/14\\\/o-bng-de-nigran-escolle-a-un-novo-responsable-local\\\/#primaryimage\"},\"thumbnailUrl\":\"https:\\\/\\\/www.anovapeneira.gal\\\/wp-content\\\/uploads\\\/2025\\\/02\\\/miguel_soto.jpg\",\"keywords\":[\"Concello de Nigr\u00e1n\"],\"articleSection\":[\"Val Mi\u00f1or\"],\"inLanguage\":\"gl-ES\",\"potentialAction\":[{\"@type\":\"CommentAction\",\"name\":\"Comment\",\"target\":[\"https:\\\/\\\/www.anovapeneira.gal\\\/index.php\\\/2025\\\/02\\\/14\\\/o-bng-de-nigran-escolle-a-un-novo-responsable-local\\\/#respond\"]}]},{\"@type\":\"WebPage\",\"@id\":\"https:\\\/\\\/www.anovapeneira.gal\\\/index.php\\\/2025\\\/02\\\/14\\\/o-bng-de-nigran-escolle-a-un-novo-responsable-local\\\/\",\"url\":\"https:\\\/\\\/www.anovapeneira.gal\\\/index.php\\\/2025\\\/02\\\/14\\\/o-bng-de-nigran-escolle-a-un-novo-responsable-local\\\/\",\"name\":\"O BNG de Nigr\u00e1n escolle a un novo responsable local -\",\"isPartOf\":{\"@id\":\"https:\\\/\\\/www.anovapeneira.gal\\\/#website\"},\"primaryImageOfPage\":{\"@id\":\"https:\\\/\\\/www.anovapeneira.gal\\\/index.php\\\/2025\\\/02\\\/14\\\/o-bng-de-nigran-escolle-a-un-novo-responsable-local\\\/#primaryimage\"},\"image\":{\"@id\":\"https:\\\/\\\/www.anovapeneira.gal\\\/index.php\\\/2025\\\/02\\\/14\\\/o-bng-de-nigran-escolle-a-un-novo-responsable-local\\\/#primaryimage\"},\"thumbnailUrl\":\"https:\\\/\\\/www.anovapeneira.gal\\\/wp-content\\\/uploads\\\/2025\\\/02\\\/miguel_soto.jpg\",\"datePublished\":\"2025-02-14T11:00:45+00:00\",\"breadcrumb\":{\"@id\":\"https:\\\/\\\/www.anovapeneira.gal\\\/index.php\\\/2025\\\/02\\\/14\\\/o-bng-de-nigran-escolle-a-un-novo-responsable-local\\\/#breadcrumb\"},\"inLanguage\":\"gl-ES\",\"potentialAction\":[{\"@type\":\"ReadAction\",\"target\":[\"https:\\\/\\\/www.anovapeneira.gal\\\/index.php\\\/2025\\\/02\\\/14\\\/o-bng-de-nigran-escolle-a-un-novo-responsable-local\\\/\"]}]},{\"@type\":\"ImageObject\",\"inLanguage\":\"gl-ES\",\"@id\":\"https:\\\/\\\/www.anovapeneira.gal\\\/index.php\\\/2025\\\/02\\\/14\\\/o-bng-de-nigran-escolle-a-un-novo-responsable-local\\\/#primaryimage\",\"url\":\"https:\\\/\\\/www.anovapeneira.gal\\\/wp-content\\\/uploads\\\/2025\\\/02\\\/miguel_soto.jpg\",\"contentUrl\":\"https:\\\/\\\/www.anovapeneira.gal\\\/wp-content\\\/uploads\\\/2025\\\/02\\\/miguel_soto.jpg\",\"width\":720,\"height\":432,\"caption\":\"Miguel Soto Bng Nigr\u00e1n\"},{\"@type\":\"BreadcrumbList\",\"@id\":\"https:\\\/\\\/www.anovapeneira.gal\\\/index.php\\\/2025\\\/02\\\/14\\\/o-bng-de-nigran-escolle-a-un-novo-responsable-local\\\/#breadcrumb\",\"itemListElement\":[{\"@type\":\"ListItem\",\"position\":1,\"name\":\"Portada\",\"item\":\"https:\\\/\\\/www.anovapeneira.gal\\\/\"},{\"@type\":\"ListItem\",\"position\":2,\"name\":\"O BNG de Nigr\u00e1n escolle a un novo responsable local\"}]},{\"@type\":\"WebSite\",\"@id\":\"https:\\\/\\\/www.anovapeneira.gal\\\/#website\",\"url\":\"https:\\\/\\\/www.anovapeneira.gal\\\/\",\"name\":\"\",\"description\":\"Xornal galego de informaci\u00f3n xeral Publicaci\u00f3n mensual de novas de Galicia e en especial dos Concellos da sur da provincia de Pontevedra.\",\"publisher\":{\"@id\":\"https:\\\/\\\/www.anovapeneira.gal\\\/#organization\"},\"potentialAction\":[{\"@type\":\"SearchAction\",\"target\":{\"@type\":\"EntryPoint\",\"urlTemplate\":\"https:\\\/\\\/www.anovapeneira.gal\\\/?s={search_term_string}\"},\"query-input\":{\"@type\":\"PropertyValueSpecification\",\"valueRequired\":true,\"valueName\":\"search_term_string\"}}],\"inLanguage\":\"gl-ES\"},{\"@type\":\"Organization\",\"@id\":\"https:\\\/\\\/www.anovapeneira.gal\\\/#organization\",\"name\":\"A Nova Peneira\",\"url\":\"https:\\\/\\\/www.anovapeneira.gal\\\/\",\"logo\":{\"@type\":\"ImageObject\",\"inLanguage\":\"gl-ES\",\"@id\":\"https:\\\/\\\/www.anovapeneira.gal\\\/#\\\/schema\\\/logo\\\/image\\\/\",\"url\":\"http:\\\/\\\/www.anovapeneira.gal\\\/wp-content\\\/uploads\\\/2019\\\/06\\\/logo_a_nova_peneira_portal_web.png\",\"contentUrl\":\"http:\\\/\\\/www.anovapeneira.gal\\\/wp-content\\\/uploads\\\/2019\\\/06\\\/logo_a_nova_peneira_portal_web.png\",\"width\":300,\"height\":100,\"caption\":\"A Nova Peneira\"},\"image\":{\"@id\":\"https:\\\/\\\/www.anovapeneira.gal\\\/#\\\/schema\\\/logo\\\/image\\\/\"},\"sameAs\":[\"https:\\\/\\\/www.facebook.com\\\/anovapeneira\",\"https:\\\/\\\/x.com\\\/APeneira\"]},{\"@type\":\"Person\",\"@id\":\"https:\\\/\\\/www.anovapeneira.gal\\\/#\\\/schema\\\/person\\\/b93e3f8932e3f8da96334607eb6ac6aa\",\"name\":\"Redacci\u00f3n A Nova Peneira\",\"image\":{\"@type\":\"ImageObject\",\"inLanguage\":\"gl-ES\",\"@id\":\"https:\\\/\\\/secure.gravatar.com\\\/avatar\\\/c052a2551a06e23fac63626232eaa90abd78dbcf1700fc46a2b2c89fd27b735f?s=96&d=mm&r=g\",\"url\":\"https:\\\/\\\/secure.gravatar.com\\\/avatar\\\/c052a2551a06e23fac63626232eaa90abd78dbcf1700fc46a2b2c89fd27b735f?s=96&d=mm&r=g\",\"contentUrl\":\"https:\\\/\\\/secure.gravatar.com\\\/avatar\\\/c052a2551a06e23fac63626232eaa90abd78dbcf1700fc46a2b2c89fd27b735f?s=96&d=mm&r=g\",\"caption\":\"Redacci\u00f3n A Nova Peneira\"},\"sameAs\":[\"http:\\\/\\\/www.anovapeneira.gal\\\/\"],\"url\":\"https:\\\/\\\/www.anovapeneira.gal\\\/index.php\\\/author\\\/redactor\\\/\"}]}<\/script>\n<!-- \/ Yoast SEO plugin. -->","yoast_head_json":{"title":"O BNG de Nigr\u00e1n escolle a un novo responsable local -","robots":{"index":"index","follow":"follow","max-snippet":"max-snippet:-1","max-image-preview":"max-image-preview:large","max-video-preview":"max-video-preview:-1"},"canonical":"https:\/\/www.anovapeneira.gal\/index.php\/2025\/02\/14\/o-bng-de-nigran-escolle-a-un-novo-responsable-local\/","og_locale":"gl_ES","og_type":"article","og_title":"O BNG de Nigr\u00e1n escolle a un novo responsable local -","og_description":"Os nacionalistas de Nigr\u00e1n ve\u00f1en de escoller a un novo responsable en substituci\u00f3n do concelleiro Xavier Rodr\u00edguez, que desta maneira pasa a centrar os seus esforzos no traballo municipal. A persoa que pasa a ser [...]","og_url":"https:\/\/www.anovapeneira.gal\/index.php\/2025\/02\/14\/o-bng-de-nigran-escolle-a-un-novo-responsable-local\/","article_publisher":"https:\/\/www.facebook.com\/anovapeneira","article_published_time":"2025-02-14T11:00:45+00:00","og_image":[{"width":720,"height":432,"url":"https:\/\/www.anovapeneira.gal\/wp-content\/uploads\/2025\/02\/miguel_soto.jpg","type":"image\/jpeg"}],"author":"Redacci\u00f3n A Nova Peneira","twitter_card":"summary_large_image","twitter_creator":"@APeneira","twitter_site":"@APeneira","twitter_misc":{"Escrito por":"Redacci\u00f3n A Nova Peneira","Tempo de lectura":"2 minutos"},"schema":{"@context":"https:\/\/schema.org","@graph":[{"@type":"Article","@id":"https:\/\/www.anovapeneira.gal\/index.php\/2025\/02\/14\/o-bng-de-nigran-escolle-a-un-novo-responsable-local\/#article","isPartOf":{"@id":"https:\/\/www.anovapeneira.gal\/index.php\/2025\/02\/14\/o-bng-de-nigran-escolle-a-un-novo-responsable-local\/"},"author":{"name":"Redacci\u00f3n A Nova Peneira","@id":"https:\/\/www.anovapeneira.gal\/#\/schema\/person\/b93e3f8932e3f8da96334607eb6ac6aa"},"headline":"O BNG de Nigr\u00e1n escolle a un novo responsable local","datePublished":"2025-02-14T11:00:45+00:00","mainEntityOfPage":{"@id":"https:\/\/www.anovapeneira.gal\/index.php\/2025\/02\/14\/o-bng-de-nigran-escolle-a-un-novo-responsable-local\/"},"wordCount":832,"commentCount":0,"publisher":{"@id":"https:\/\/www.anovapeneira.gal\/#organization"},"image":{"@id":"https:\/\/www.anovapeneira.gal\/index.php\/2025\/02\/14\/o-bng-de-nigran-escolle-a-un-novo-responsable-local\/#primaryimage"},"thumbnailUrl":"https:\/\/www.anovapeneira.gal\/wp-content\/uploads\/2025\/02\/miguel_soto.jpg","keywords":["Concello de Nigr\u00e1n"],"articleSection":["Val Mi\u00f1or"],"inLanguage":"gl-ES","potentialAction":[{"@type":"CommentAction","name":"Comment","target":["https:\/\/www.anovapeneira.gal\/index.php\/2025\/02\/14\/o-bng-de-nigran-escolle-a-un-novo-responsable-local\/#respond"]}]},{"@type":"WebPage","@id":"https:\/\/www.anovapeneira.gal\/index.php\/2025\/02\/14\/o-bng-de-nigran-escolle-a-un-novo-responsable-local\/","url":"https:\/\/www.anovapeneira.gal\/index.php\/2025\/02\/14\/o-bng-de-nigran-escolle-a-un-novo-responsable-local\/","name":"O BNG de Nigr\u00e1n escolle a un novo responsable local -","isPartOf":{"@id":"https:\/\/www.anovapeneira.gal\/#website"},"primaryImageOfPage":{"@id":"https:\/\/www.anovapeneira.gal\/index.php\/2025\/02\/14\/o-bng-de-nigran-escolle-a-un-novo-responsable-local\/#primaryimage"},"image":{"@id":"https:\/\/www.anovapeneira.gal\/index.php\/2025\/02\/14\/o-bng-de-nigran-escolle-a-un-novo-responsable-local\/#primaryimage"},"thumbnailUrl":"https:\/\/www.anovapeneira.gal\/wp-content\/uploads\/2025\/02\/miguel_soto.jpg","datePublished":"2025-02-14T11:00:45+00:00","breadcrumb":{"@id":"https:\/\/www.anovapeneira.gal\/index.php\/2025\/02\/14\/o-bng-de-nigran-escolle-a-un-novo-responsable-local\/#breadcrumb"},"inLanguage":"gl-ES","potentialAction":[{"@type":"ReadAction","target":["https:\/\/www.anovapeneira.gal\/index.php\/2025\/02\/14\/o-bng-de-nigran-escolle-a-un-novo-responsable-local\/"]}]},{"@type":"ImageObject","inLanguage":"gl-ES","@id":"https:\/\/www.anovapeneira.gal\/index.php\/2025\/02\/14\/o-bng-de-nigran-escolle-a-un-novo-responsable-local\/#primaryimage","url":"https:\/\/www.anovapeneira.gal\/wp-content\/uploads\/2025\/02\/miguel_soto.jpg","contentUrl":"https:\/\/www.anovapeneira.gal\/wp-content\/uploads\/2025\/02\/miguel_soto.jpg","width":720,"height":432,"caption":"Miguel Soto Bng Nigr\u00e1n"},{"@type":"BreadcrumbList","@id":"https:\/\/www.anovapeneira.gal\/index.php\/2025\/02\/14\/o-bng-de-nigran-escolle-a-un-novo-responsable-local\/#breadcrumb","itemListElement":[{"@type":"ListItem","position":1,"name":"Portada","item":"https:\/\/www.anovapeneira.gal\/"},{"@type":"ListItem","position":2,"name":"O BNG de Nigr\u00e1n escolle a un novo responsable local"}]},{"@type":"WebSite","@id":"https:\/\/www.anovapeneira.gal\/#website","url":"https:\/\/www.anovapeneira.gal\/","name":"","description":"Xornal galego de informaci\u00f3n xeral Publicaci\u00f3n mensual de novas de Galicia e en especial dos Concellos da sur da provincia de Pontevedra.","publisher":{"@id":"https:\/\/www.anovapeneira.gal\/#organization"},"potentialAction":[{"@type":"SearchAction","target":{"@type":"EntryPoint","urlTemplate":"https:\/\/www.anovapeneira.gal\/?s={search_term_string}"},"query-input":{"@type":"PropertyValueSpecification","valueRequired":true,"valueName":"search_term_string"}}],"inLanguage":"gl-ES"},{"@type":"Organization","@id":"https:\/\/www.anovapeneira.gal\/#organization","name":"A Nova Peneira","url":"https:\/\/www.anovapeneira.gal\/","logo":{"@type":"ImageObject","inLanguage":"gl-ES","@id":"https:\/\/www.anovapeneira.gal\/#\/schema\/logo\/image\/","url":"http:\/\/www.anovapeneira.gal\/wp-content\/uploads\/2019\/06\/logo_a_nova_peneira_portal_web.png","contentUrl":"http:\/\/www.anovapeneira.gal\/wp-content\/uploads\/2019\/06\/logo_a_nova_peneira_portal_web.png","width":300,"height":100,"caption":"A Nova Peneira"},"image":{"@id":"https:\/\/www.anovapeneira.gal\/#\/schema\/logo\/image\/"},"sameAs":["https:\/\/www.facebook.com\/anovapeneira","https:\/\/x.com\/APeneira"]},{"@type":"Person","@id":"https:\/\/www.anovapeneira.gal\/#\/schema\/person\/b93e3f8932e3f8da96334607eb6ac6aa","name":"Redacci\u00f3n A Nova Peneira","image":{"@type":"ImageObject","inLanguage":"gl-ES","@id":"https:\/\/secure.gravatar.com\/avatar\/c052a2551a06e23fac63626232eaa90abd78dbcf1700fc46a2b2c89fd27b735f?s=96&d=mm&r=g","url":"https:\/\/secure.gravatar.com\/avatar\/c052a2551a06e23fac63626232eaa90abd78dbcf1700fc46a2b2c89fd27b735f?s=96&d=mm&r=g","contentUrl":"https:\/\/secure.gravatar.com\/avatar\/c052a2551a06e23fac63626232eaa90abd78dbcf1700fc46a2b2c89fd27b735f?s=96&d=mm&r=g","caption":"Redacci\u00f3n A Nova Peneira"},"sameAs":["http:\/\/www.anovapeneira.gal\/"],"url":"https:\/\/www.anovapeneira.gal\/index.php\/author\/redactor\/"}]}},"jetpack_featured_media_url":"https:\/\/www.anovapeneira.gal\/wp-content\/uploads\/2025\/02\/miguel_soto.jpg","_links":{"self":[{"href":"https:\/\/www.anovapeneira.gal\/index.php\/wp-json\/wp\/v2\/posts\/13345","targetHints":{"allow":["GET"]}}],"collection":[{"href":"https:\/\/www.anovapeneira.gal\/index.php\/wp-json\/wp\/v2\/posts"}],"about":[{"href":"https:\/\/www.anovapeneira.gal\/index.php\/wp-json\/wp\/v2\/types\/post"}],"author":[{"embeddable":true,"href":"https:\/\/www.anovapeneira.gal\/index.php\/wp-json\/wp\/v2\/users\/3"}],"replies":[{"embeddable":true,"href":"https:\/\/www.anovapeneira.gal\/index.php\/wp-json\/wp\/v2\/comments?post=13345"}],"version-history":[{"count":1,"href":"https:\/\/www.anovapeneira.gal\/index.php\/wp-json\/wp\/v2\/posts\/13345\/revisions"}],"predecessor-version":[{"id":13347,"href":"https:\/\/www.anovapeneira.gal\/index.php\/wp-json\/wp\/v2\/posts\/13345\/revisions\/13347"}],"wp:featuredmedia":[{"embeddable":true,"href":"https:\/\/www.anovapeneira.gal\/index.php\/wp-json\/wp\/v2\/media\/13346"}],"wp:attachment":[{"href":"https:\/\/www.anovapeneira.gal\/index.php\/wp-json\/wp\/v2\/media?parent=13345"}],"wp:term":[{"taxonomy":"category","embeddable":true,"href":"https:\/\/www.anovapeneira.gal\/index.php\/wp-json\/wp\/v2\/categories?post=13345"},{"taxonomy":"post_tag","embeddable":true,"href":"https:\/\/www.anovapeneira.gal\/index.php\/wp-json\/wp\/v2\/tags?post=13345"}],"curies":[{"name":"wp","href":"https:\/\/api.w.org\/{rel}","templated":true}]}}