{"id":1335,"date":"2019-09-25T14:00:44","date_gmt":"2019-09-25T12:00:44","guid":{"rendered":"http:\/\/www.anovapeneira.gal\/?p=1335"},"modified":"2019-09-23T10:59:08","modified_gmt":"2019-09-23T08:59:08","slug":"o-concello-de-tomino-ven-de-aprobar-un-axuda-mais-de-150-000-e-para-a-comunidade-de-usuarios-de-sobrada-que-supora-a-construcion-de-novas-instalacions-para-abastecemento-de-auga","status":"publish","type":"post","link":"https:\/\/www.anovapeneira.gal\/index.php\/2019\/09\/25\/o-concello-de-tomino-ven-de-aprobar-un-axuda-mais-de-150-000-e-para-a-comunidade-de-usuarios-de-sobrada-que-supora-a-construcion-de-novas-instalacions-para-abastecemento-de-auga\/","title":{"rendered":"O Concello de Tomi\u00f1o v\u00e9n de aprobar un axuda  m\u00e1is de 150.000 \u20ac  para a Comunidade de Usuarios de Sobrada que supor\u00e1  a construci\u00f3n de novas instalaci\u00f3ns para abastecemento de auga"},"content":{"rendered":"\n<h2 class=\"wp-block-heading\"><strong>O goberno de Tomi\u00f1o considerou que a Tra\u00edda de augas estaba nunha situaci\u00f3n excepcional e aprobou co respaldo do resto das tra\u00eddas do municipio este investimento extraordinario <\/strong> <\/h2>\n\n\n\n<p><strong>Tomi\u00f1o, 20 setembro de 2019<\/strong><\/p>\n\n\n\n<p>Onte\no pleno do Concello municipal de Tomi\u00f1o aprobou por unanimidade un\ninvestimento de 150.000\u20ac mediante unha modificaci\u00f3n de cr\u00e9dito\ncon cargo a remanente de tesourer\u00eda en concepto de axuda a\nComunidade de usuarios de Sobrada para a construci\u00f3n das novas\ninstalaci\u00f3ns para abastecemento de auga. \n<\/p>\n\n\n\n<p>A\nconstruci\u00f3n de novas instalaci\u00f3ns dar\u00e1n servizo a 130 usuarios dos\nbarrios de Monte, Portela, G\u00e1ndara, Gandari\u00f1a e Cruceiro. Sobrada \u00e9\nun dos n\u00facleos con maior crecemento poboacional do concello e\nactualmente  abastece aos veci\u00f1os e veci\u00f1as a trav\u00e9s de d\u00faas\ntra\u00eddas de augas, a de Torr\u00f3n e a de Sobrada. \u00c9 esta \u00faltima a que\nrecibir\u00e1 a colaboraci\u00f3n municipal co respaldo do resto das tra\u00eddas\nde augas do municipio. Un proxecto necesario e urxente pola gran\ncantidade de novos usuarios, polo sistema de distribuci\u00f3n existente\nobsoleto e ineficente que non admite novos enganches e pola  elevada\ncontaminaci\u00f3n dos seus acu\u00edferos . Cuesti\u00f3ns que fan necesaria a\ncreaci\u00f3n de novas instalaci\u00f3ns que adem\u00e1is beneficiar\u00e1 ao CEIP\nSobrada con m\u00e1is de 200 alumnos e alumnas.<\/p>\n\n\n\n<p>A\nconstruci\u00f3n dun novo sistema supor\u00e1 por un lado, satisfacer as\nnumerosas demandas de conexi\u00f3n e facelo con garant\u00edas de calidade\nsanitaria. Tr\u00e1tase dun abastecemento con calidade no servizo no que\nse incl\u00faen melloras na presi\u00f3n, e tam\u00e9n uns menores custos por\nusuario xa que o sistema pasa a unha rede de distribuci\u00f3n com\u00fan na\nque os custes fixos asociados \u00e1s instalaci\u00f3ns como cloradores,\ndecantadores, clor\u00edmetros,&#8230;  rep\u00e1rtense entre un maior n\u00famero de\nusuarios. A isto eng\u00e1dese as vantaxes para o CEIP Sobrada con\nalumando de niveis infant\u00eds e primaria e con servizo de comedor que\ndisfrutar\u00e1n de melloras  na calidade do servizo para o persoal e o\nalumnado.<\/p>\n\n\n\n<p>O\nConcello de Tomi\u00f1o adem\u00e1is da aportaci\u00f3n mediante a modificaci\u00f3n\nde cr\u00e9dito aprobada na tarde de onte, v\u00e9n colaborando coas tra\u00eddas\nde augas do municipio mediante unha bolsa de axudas anuais con m\u00e1is\nde 50.000 \u20ac adem\u00e1is do apoio lox\u00edstico e t\u00e9cnico. No caso da\nTra\u00edda de augas de Sobrada, o Concello de Tomi\u00f1o xa correu cos\ngastos do proxecto t\u00e9cnico e da direcci\u00f3n de obra que foron\nabonadas no exercicio 2018 e que ascenderon a 30.000\u20ac.<\/p>\n\n\n\n<p>A\nAlcaldesa de Tomi\u00f1o, Sandra Gonz\u00e1lez, destaca que \u201cesta\nmodificaci\u00f3n de cr\u00e9dito foi aprobada por unanimidade da\nCorporaci\u00f3n. Un consenso plenario para executar esta obra que v\u00e9n\ncorroborar que o  compromiso do goberno local foi acertado.\u201d A\nrexidora tam\u00e9n salientou que \u201cno pleno tratouse a posibilidade de\nrebaixa do ICIO porque consideramos que ao ser unha obra de interese\nmunicipal non debe pagar esta tasa\u201d.<\/p>\n","protected":false},"excerpt":{"rendered":"<div class=\"mh-excerpt\"><p>O goberno de Tomi\u00f1o considerou que a Tra\u00edda de augas estaba nunha situaci\u00f3n excepcional e aprobou co respaldo do resto das tra\u00eddas do municipio este investimento extraordinario <a class=\"mh-excerpt-more\" href=\"https:\/\/www.anovapeneira.gal\/index.php\/2019\/09\/25\/o-concello-de-tomino-ven-de-aprobar-un-axuda-mais-de-150-000-e-para-a-comunidade-de-usuarios-de-sobrada-que-supora-a-construcion-de-novas-instalacions-para-abastecemento-de-auga\/\" title=\"O Concello de Tomi\u00f1o v\u00e9n de aprobar un axuda  m\u00e1is de 150.000 \u20ac  para a Comunidade de Usuarios de Sobrada que supor\u00e1  a construci\u00f3n de novas instalaci\u00f3ns para abastecemento de auga\">[&#8230;]<\/a><\/p>\n<\/div>","protected":false},"author":3,"featured_media":1336,"comment_status":"open","ping_status":"open","sticky":false,"template":"","format":"standard","meta":{"_exactmetrics_skip_tracking":false,"_exactmetrics_sitenote_active":false,"_exactmetrics_sitenote_note":"","_exactmetrics_sitenote_category":0,"footnotes":""},"categories":[21],"tags":[612,81,611],"class_list":{"0":"post-1335","1":"post","2":"type-post","3":"status-publish","4":"format-standard","5":"has-post-thumbnail","7":"category-baixo-mino","8":"tag-abastecemento-de-auga","9":"tag-concello-de-tomino","10":"tag-sobrada"},"yoast_head":"<!-- This site is optimized with the Yoast SEO plugin v27.4 - https:\/\/yoast.com\/product\/yoast-seo-wordpress\/ -->\n<title>O Concello de Tomi\u00f1o v\u00e9n de aprobar un axuda m\u00e1is de 150.000 \u20ac para a Comunidade de Usuarios de Sobrada que supor\u00e1 a construci\u00f3n de novas instalaci\u00f3ns para abastecemento de auga -<\/title>\n<meta name=\"robots\" content=\"index, follow, max-snippet:-1, max-image-preview:large, max-video-preview:-1\" \/>\n<link rel=\"canonical\" href=\"https:\/\/www.anovapeneira.gal\/index.php\/2019\/09\/25\/o-concello-de-tomino-ven-de-aprobar-un-axuda-mais-de-150-000-e-para-a-comunidade-de-usuarios-de-sobrada-que-supora-a-construcion-de-novas-instalacions-para-abastecemento-de-auga\/\" \/>\n<meta property=\"og:locale\" content=\"gl_ES\" \/>\n<meta property=\"og:type\" content=\"article\" \/>\n<meta property=\"og:title\" content=\"O Concello de Tomi\u00f1o v\u00e9n de aprobar un axuda m\u00e1is de 150.000 \u20ac para a Comunidade de Usuarios de Sobrada que supor\u00e1 a construci\u00f3n de novas instalaci\u00f3ns para abastecemento de auga -\" \/>\n<meta property=\"og:description\" content=\"O goberno de Tomi\u00f1o considerou que a Tra\u00edda de augas estaba nunha situaci\u00f3n excepcional e aprobou co respaldo do resto das tra\u00eddas do municipio este investimento extraordinario [...]\" \/>\n<meta property=\"og:url\" content=\"https:\/\/www.anovapeneira.gal\/index.php\/2019\/09\/25\/o-concello-de-tomino-ven-de-aprobar-un-axuda-mais-de-150-000-e-para-a-comunidade-de-usuarios-de-sobrada-que-supora-a-construcion-de-novas-instalacions-para-abastecemento-de-auga\/\" \/>\n<meta property=\"article:publisher\" content=\"https:\/\/www.facebook.com\/anovapeneira\" \/>\n<meta property=\"article:published_time\" content=\"2019-09-25T12:00:44+00:00\" \/>\n<meta property=\"og:image\" content=\"https:\/\/www.anovapeneira.gal\/wp-content\/uploads\/2019\/09\/concello_De_tominho_a_nova_peneria.jpg\" \/>\n\t<meta property=\"og:image:width\" content=\"720\" \/>\n\t<meta property=\"og:image:height\" content=\"473\" \/>\n\t<meta property=\"og:image:type\" content=\"image\/jpeg\" \/>\n<meta name=\"author\" content=\"Redacci\u00f3n A Nova Peneira\" \/>\n<meta name=\"twitter:card\" content=\"summary_large_image\" \/>\n<meta name=\"twitter:creator\" content=\"@APeneira\" \/>\n<meta name=\"twitter:site\" content=\"@APeneira\" \/>\n<meta name=\"twitter:label1\" content=\"Escrito por\" \/>\n\t<meta name=\"twitter:data1\" content=\"Redacci\u00f3n A Nova Peneira\" \/>\n\t<meta name=\"twitter:label2\" content=\"Tempo de lectura\" \/>\n\t<meta name=\"twitter:data2\" content=\"3 minutos\" \/>\n<script type=\"application\/ld+json\" class=\"yoast-schema-graph\">{\"@context\":\"https:\\\/\\\/schema.org\",\"@graph\":[{\"@type\":\"Article\",\"@id\":\"https:\\\/\\\/www.anovapeneira.gal\\\/index.php\\\/2019\\\/09\\\/25\\\/o-concello-de-tomino-ven-de-aprobar-un-axuda-mais-de-150-000-e-para-a-comunidade-de-usuarios-de-sobrada-que-supora-a-construcion-de-novas-instalacions-para-abastecemento-de-auga\\\/#article\",\"isPartOf\":{\"@id\":\"https:\\\/\\\/www.anovapeneira.gal\\\/index.php\\\/2019\\\/09\\\/25\\\/o-concello-de-tomino-ven-de-aprobar-un-axuda-mais-de-150-000-e-para-a-comunidade-de-usuarios-de-sobrada-que-supora-a-construcion-de-novas-instalacions-para-abastecemento-de-auga\\\/\"},\"author\":{\"name\":\"Redacci\u00f3n A Nova Peneira\",\"@id\":\"https:\\\/\\\/www.anovapeneira.gal\\\/#\\\/schema\\\/person\\\/b93e3f8932e3f8da96334607eb6ac6aa\"},\"headline\":\"O Concello de Tomi\u00f1o v\u00e9n de aprobar un axuda m\u00e1is de 150.000 \u20ac para a Comunidade de Usuarios de Sobrada que supor\u00e1 a construci\u00f3n de novas instalaci\u00f3ns para abastecemento de auga\",\"datePublished\":\"2019-09-25T12:00:44+00:00\",\"mainEntityOfPage\":{\"@id\":\"https:\\\/\\\/www.anovapeneira.gal\\\/index.php\\\/2019\\\/09\\\/25\\\/o-concello-de-tomino-ven-de-aprobar-un-axuda-mais-de-150-000-e-para-a-comunidade-de-usuarios-de-sobrada-que-supora-a-construcion-de-novas-instalacions-para-abastecemento-de-auga\\\/\"},\"wordCount\":545,\"commentCount\":0,\"publisher\":{\"@id\":\"https:\\\/\\\/www.anovapeneira.gal\\\/#organization\"},\"image\":{\"@id\":\"https:\\\/\\\/www.anovapeneira.gal\\\/index.php\\\/2019\\\/09\\\/25\\\/o-concello-de-tomino-ven-de-aprobar-un-axuda-mais-de-150-000-e-para-a-comunidade-de-usuarios-de-sobrada-que-supora-a-construcion-de-novas-instalacions-para-abastecemento-de-auga\\\/#primaryimage\"},\"thumbnailUrl\":\"https:\\\/\\\/www.anovapeneira.gal\\\/wp-content\\\/uploads\\\/2019\\\/09\\\/concello_De_tominho_a_nova_peneria.jpg\",\"keywords\":[\"Abastecemento de auga\",\"Concello de Tomi\u00f1o\",\"Sobrada\"],\"articleSection\":[\"Baixo Mi\u00f1o\"],\"inLanguage\":\"gl-ES\",\"potentialAction\":[{\"@type\":\"CommentAction\",\"name\":\"Comment\",\"target\":[\"https:\\\/\\\/www.anovapeneira.gal\\\/index.php\\\/2019\\\/09\\\/25\\\/o-concello-de-tomino-ven-de-aprobar-un-axuda-mais-de-150-000-e-para-a-comunidade-de-usuarios-de-sobrada-que-supora-a-construcion-de-novas-instalacions-para-abastecemento-de-auga\\\/#respond\"]}]},{\"@type\":\"WebPage\",\"@id\":\"https:\\\/\\\/www.anovapeneira.gal\\\/index.php\\\/2019\\\/09\\\/25\\\/o-concello-de-tomino-ven-de-aprobar-un-axuda-mais-de-150-000-e-para-a-comunidade-de-usuarios-de-sobrada-que-supora-a-construcion-de-novas-instalacions-para-abastecemento-de-auga\\\/\",\"url\":\"https:\\\/\\\/www.anovapeneira.gal\\\/index.php\\\/2019\\\/09\\\/25\\\/o-concello-de-tomino-ven-de-aprobar-un-axuda-mais-de-150-000-e-para-a-comunidade-de-usuarios-de-sobrada-que-supora-a-construcion-de-novas-instalacions-para-abastecemento-de-auga\\\/\",\"name\":\"O Concello de Tomi\u00f1o v\u00e9n de aprobar un axuda m\u00e1is de 150.000 \u20ac para a Comunidade de Usuarios de Sobrada que supor\u00e1 a construci\u00f3n de novas instalaci\u00f3ns para abastecemento de auga -\",\"isPartOf\":{\"@id\":\"https:\\\/\\\/www.anovapeneira.gal\\\/#website\"},\"primaryImageOfPage\":{\"@id\":\"https:\\\/\\\/www.anovapeneira.gal\\\/index.php\\\/2019\\\/09\\\/25\\\/o-concello-de-tomino-ven-de-aprobar-un-axuda-mais-de-150-000-e-para-a-comunidade-de-usuarios-de-sobrada-que-supora-a-construcion-de-novas-instalacions-para-abastecemento-de-auga\\\/#primaryimage\"},\"image\":{\"@id\":\"https:\\\/\\\/www.anovapeneira.gal\\\/index.php\\\/2019\\\/09\\\/25\\\/o-concello-de-tomino-ven-de-aprobar-un-axuda-mais-de-150-000-e-para-a-comunidade-de-usuarios-de-sobrada-que-supora-a-construcion-de-novas-instalacions-para-abastecemento-de-auga\\\/#primaryimage\"},\"thumbnailUrl\":\"https:\\\/\\\/www.anovapeneira.gal\\\/wp-content\\\/uploads\\\/2019\\\/09\\\/concello_De_tominho_a_nova_peneria.jpg\",\"datePublished\":\"2019-09-25T12:00:44+00:00\",\"breadcrumb\":{\"@id\":\"https:\\\/\\\/www.anovapeneira.gal\\\/index.php\\\/2019\\\/09\\\/25\\\/o-concello-de-tomino-ven-de-aprobar-un-axuda-mais-de-150-000-e-para-a-comunidade-de-usuarios-de-sobrada-que-supora-a-construcion-de-novas-instalacions-para-abastecemento-de-auga\\\/#breadcrumb\"},\"inLanguage\":\"gl-ES\",\"potentialAction\":[{\"@type\":\"ReadAction\",\"target\":[\"https:\\\/\\\/www.anovapeneira.gal\\\/index.php\\\/2019\\\/09\\\/25\\\/o-concello-de-tomino-ven-de-aprobar-un-axuda-mais-de-150-000-e-para-a-comunidade-de-usuarios-de-sobrada-que-supora-a-construcion-de-novas-instalacions-para-abastecemento-de-auga\\\/\"]}]},{\"@type\":\"ImageObject\",\"inLanguage\":\"gl-ES\",\"@id\":\"https:\\\/\\\/www.anovapeneira.gal\\\/index.php\\\/2019\\\/09\\\/25\\\/o-concello-de-tomino-ven-de-aprobar-un-axuda-mais-de-150-000-e-para-a-comunidade-de-usuarios-de-sobrada-que-supora-a-construcion-de-novas-instalacions-para-abastecemento-de-auga\\\/#primaryimage\",\"url\":\"https:\\\/\\\/www.anovapeneira.gal\\\/wp-content\\\/uploads\\\/2019\\\/09\\\/concello_De_tominho_a_nova_peneria.jpg\",\"contentUrl\":\"https:\\\/\\\/www.anovapeneira.gal\\\/wp-content\\\/uploads\\\/2019\\\/09\\\/concello_De_tominho_a_nova_peneria.jpg\",\"width\":720,\"height\":473,\"caption\":\"Concello de Tomi\u00f1o A Nova Peneira\"},{\"@type\":\"BreadcrumbList\",\"@id\":\"https:\\\/\\\/www.anovapeneira.gal\\\/index.php\\\/2019\\\/09\\\/25\\\/o-concello-de-tomino-ven-de-aprobar-un-axuda-mais-de-150-000-e-para-a-comunidade-de-usuarios-de-sobrada-que-supora-a-construcion-de-novas-instalacions-para-abastecemento-de-auga\\\/#breadcrumb\",\"itemListElement\":[{\"@type\":\"ListItem\",\"position\":1,\"name\":\"Portada\",\"item\":\"https:\\\/\\\/www.anovapeneira.gal\\\/\"},{\"@type\":\"ListItem\",\"position\":2,\"name\":\"O Concello de Tomi\u00f1o v\u00e9n de aprobar un axuda m\u00e1is de 150.000 \u20ac para a Comunidade de Usuarios de Sobrada que supor\u00e1 a construci\u00f3n de novas instalaci\u00f3ns para abastecemento de auga\"}]},{\"@type\":\"WebSite\",\"@id\":\"https:\\\/\\\/www.anovapeneira.gal\\\/#website\",\"url\":\"https:\\\/\\\/www.anovapeneira.gal\\\/\",\"name\":\"\",\"description\":\"Xornal galego de informaci\u00f3n xeral Publicaci\u00f3n mensual de novas de Galicia e en especial dos Concellos da sur da provincia de Pontevedra.\",\"publisher\":{\"@id\":\"https:\\\/\\\/www.anovapeneira.gal\\\/#organization\"},\"potentialAction\":[{\"@type\":\"SearchAction\",\"target\":{\"@type\":\"EntryPoint\",\"urlTemplate\":\"https:\\\/\\\/www.anovapeneira.gal\\\/?s={search_term_string}\"},\"query-input\":{\"@type\":\"PropertyValueSpecification\",\"valueRequired\":true,\"valueName\":\"search_term_string\"}}],\"inLanguage\":\"gl-ES\"},{\"@type\":\"Organization\",\"@id\":\"https:\\\/\\\/www.anovapeneira.gal\\\/#organization\",\"name\":\"A Nova Peneira\",\"url\":\"https:\\\/\\\/www.anovapeneira.gal\\\/\",\"logo\":{\"@type\":\"ImageObject\",\"inLanguage\":\"gl-ES\",\"@id\":\"https:\\\/\\\/www.anovapeneira.gal\\\/#\\\/schema\\\/logo\\\/image\\\/\",\"url\":\"http:\\\/\\\/www.anovapeneira.gal\\\/wp-content\\\/uploads\\\/2019\\\/06\\\/logo_a_nova_peneira_portal_web.png\",\"contentUrl\":\"http:\\\/\\\/www.anovapeneira.gal\\\/wp-content\\\/uploads\\\/2019\\\/06\\\/logo_a_nova_peneira_portal_web.png\",\"width\":300,\"height\":100,\"caption\":\"A Nova Peneira\"},\"image\":{\"@id\":\"https:\\\/\\\/www.anovapeneira.gal\\\/#\\\/schema\\\/logo\\\/image\\\/\"},\"sameAs\":[\"https:\\\/\\\/www.facebook.com\\\/anovapeneira\",\"https:\\\/\\\/x.com\\\/APeneira\"]},{\"@type\":\"Person\",\"@id\":\"https:\\\/\\\/www.anovapeneira.gal\\\/#\\\/schema\\\/person\\\/b93e3f8932e3f8da96334607eb6ac6aa\",\"name\":\"Redacci\u00f3n A Nova Peneira\",\"image\":{\"@type\":\"ImageObject\",\"inLanguage\":\"gl-ES\",\"@id\":\"https:\\\/\\\/secure.gravatar.com\\\/avatar\\\/c052a2551a06e23fac63626232eaa90abd78dbcf1700fc46a2b2c89fd27b735f?s=96&d=mm&r=g\",\"url\":\"https:\\\/\\\/secure.gravatar.com\\\/avatar\\\/c052a2551a06e23fac63626232eaa90abd78dbcf1700fc46a2b2c89fd27b735f?s=96&d=mm&r=g\",\"contentUrl\":\"https:\\\/\\\/secure.gravatar.com\\\/avatar\\\/c052a2551a06e23fac63626232eaa90abd78dbcf1700fc46a2b2c89fd27b735f?s=96&d=mm&r=g\",\"caption\":\"Redacci\u00f3n A Nova Peneira\"},\"sameAs\":[\"http:\\\/\\\/www.anovapeneira.gal\\\/\"],\"url\":\"https:\\\/\\\/www.anovapeneira.gal\\\/index.php\\\/author\\\/redactor\\\/\"}]}<\/script>\n<!-- \/ Yoast SEO plugin. -->","yoast_head_json":{"title":"O Concello de Tomi\u00f1o v\u00e9n de aprobar un axuda m\u00e1is de 150.000 \u20ac para a Comunidade de Usuarios de Sobrada que supor\u00e1 a construci\u00f3n de novas instalaci\u00f3ns para abastecemento de auga -","robots":{"index":"index","follow":"follow","max-snippet":"max-snippet:-1","max-image-preview":"max-image-preview:large","max-video-preview":"max-video-preview:-1"},"canonical":"https:\/\/www.anovapeneira.gal\/index.php\/2019\/09\/25\/o-concello-de-tomino-ven-de-aprobar-un-axuda-mais-de-150-000-e-para-a-comunidade-de-usuarios-de-sobrada-que-supora-a-construcion-de-novas-instalacions-para-abastecemento-de-auga\/","og_locale":"gl_ES","og_type":"article","og_title":"O Concello de Tomi\u00f1o v\u00e9n de aprobar un axuda m\u00e1is de 150.000 \u20ac para a Comunidade de Usuarios de Sobrada que supor\u00e1 a construci\u00f3n de novas instalaci\u00f3ns para abastecemento de auga -","og_description":"O goberno de Tomi\u00f1o considerou que a Tra\u00edda de augas estaba nunha situaci\u00f3n excepcional e aprobou co respaldo do resto das tra\u00eddas do municipio este investimento extraordinario [...]","og_url":"https:\/\/www.anovapeneira.gal\/index.php\/2019\/09\/25\/o-concello-de-tomino-ven-de-aprobar-un-axuda-mais-de-150-000-e-para-a-comunidade-de-usuarios-de-sobrada-que-supora-a-construcion-de-novas-instalacions-para-abastecemento-de-auga\/","article_publisher":"https:\/\/www.facebook.com\/anovapeneira","article_published_time":"2019-09-25T12:00:44+00:00","og_image":[{"width":720,"height":473,"url":"https:\/\/www.anovapeneira.gal\/wp-content\/uploads\/2019\/09\/concello_De_tominho_a_nova_peneria.jpg","type":"image\/jpeg"}],"author":"Redacci\u00f3n A Nova Peneira","twitter_card":"summary_large_image","twitter_creator":"@APeneira","twitter_site":"@APeneira","twitter_misc":{"Escrito por":"Redacci\u00f3n A Nova Peneira","Tempo de lectura":"3 minutos"},"schema":{"@context":"https:\/\/schema.org","@graph":[{"@type":"Article","@id":"https:\/\/www.anovapeneira.gal\/index.php\/2019\/09\/25\/o-concello-de-tomino-ven-de-aprobar-un-axuda-mais-de-150-000-e-para-a-comunidade-de-usuarios-de-sobrada-que-supora-a-construcion-de-novas-instalacions-para-abastecemento-de-auga\/#article","isPartOf":{"@id":"https:\/\/www.anovapeneira.gal\/index.php\/2019\/09\/25\/o-concello-de-tomino-ven-de-aprobar-un-axuda-mais-de-150-000-e-para-a-comunidade-de-usuarios-de-sobrada-que-supora-a-construcion-de-novas-instalacions-para-abastecemento-de-auga\/"},"author":{"name":"Redacci\u00f3n A Nova Peneira","@id":"https:\/\/www.anovapeneira.gal\/#\/schema\/person\/b93e3f8932e3f8da96334607eb6ac6aa"},"headline":"O Concello de Tomi\u00f1o v\u00e9n de aprobar un axuda m\u00e1is de 150.000 \u20ac para a Comunidade de Usuarios de Sobrada que supor\u00e1 a construci\u00f3n de novas instalaci\u00f3ns para abastecemento de auga","datePublished":"2019-09-25T12:00:44+00:00","mainEntityOfPage":{"@id":"https:\/\/www.anovapeneira.gal\/index.php\/2019\/09\/25\/o-concello-de-tomino-ven-de-aprobar-un-axuda-mais-de-150-000-e-para-a-comunidade-de-usuarios-de-sobrada-que-supora-a-construcion-de-novas-instalacions-para-abastecemento-de-auga\/"},"wordCount":545,"commentCount":0,"publisher":{"@id":"https:\/\/www.anovapeneira.gal\/#organization"},"image":{"@id":"https:\/\/www.anovapeneira.gal\/index.php\/2019\/09\/25\/o-concello-de-tomino-ven-de-aprobar-un-axuda-mais-de-150-000-e-para-a-comunidade-de-usuarios-de-sobrada-que-supora-a-construcion-de-novas-instalacions-para-abastecemento-de-auga\/#primaryimage"},"thumbnailUrl":"https:\/\/www.anovapeneira.gal\/wp-content\/uploads\/2019\/09\/concello_De_tominho_a_nova_peneria.jpg","keywords":["Abastecemento de auga","Concello de Tomi\u00f1o","Sobrada"],"articleSection":["Baixo Mi\u00f1o"],"inLanguage":"gl-ES","potentialAction":[{"@type":"CommentAction","name":"Comment","target":["https:\/\/www.anovapeneira.gal\/index.php\/2019\/09\/25\/o-concello-de-tomino-ven-de-aprobar-un-axuda-mais-de-150-000-e-para-a-comunidade-de-usuarios-de-sobrada-que-supora-a-construcion-de-novas-instalacions-para-abastecemento-de-auga\/#respond"]}]},{"@type":"WebPage","@id":"https:\/\/www.anovapeneira.gal\/index.php\/2019\/09\/25\/o-concello-de-tomino-ven-de-aprobar-un-axuda-mais-de-150-000-e-para-a-comunidade-de-usuarios-de-sobrada-que-supora-a-construcion-de-novas-instalacions-para-abastecemento-de-auga\/","url":"https:\/\/www.anovapeneira.gal\/index.php\/2019\/09\/25\/o-concello-de-tomino-ven-de-aprobar-un-axuda-mais-de-150-000-e-para-a-comunidade-de-usuarios-de-sobrada-que-supora-a-construcion-de-novas-instalacions-para-abastecemento-de-auga\/","name":"O Concello de Tomi\u00f1o v\u00e9n de aprobar un axuda m\u00e1is de 150.000 \u20ac para a Comunidade de Usuarios de Sobrada que supor\u00e1 a construci\u00f3n de novas instalaci\u00f3ns para abastecemento de auga -","isPartOf":{"@id":"https:\/\/www.anovapeneira.gal\/#website"},"primaryImageOfPage":{"@id":"https:\/\/www.anovapeneira.gal\/index.php\/2019\/09\/25\/o-concello-de-tomino-ven-de-aprobar-un-axuda-mais-de-150-000-e-para-a-comunidade-de-usuarios-de-sobrada-que-supora-a-construcion-de-novas-instalacions-para-abastecemento-de-auga\/#primaryimage"},"image":{"@id":"https:\/\/www.anovapeneira.gal\/index.php\/2019\/09\/25\/o-concello-de-tomino-ven-de-aprobar-un-axuda-mais-de-150-000-e-para-a-comunidade-de-usuarios-de-sobrada-que-supora-a-construcion-de-novas-instalacions-para-abastecemento-de-auga\/#primaryimage"},"thumbnailUrl":"https:\/\/www.anovapeneira.gal\/wp-content\/uploads\/2019\/09\/concello_De_tominho_a_nova_peneria.jpg","datePublished":"2019-09-25T12:00:44+00:00","breadcrumb":{"@id":"https:\/\/www.anovapeneira.gal\/index.php\/2019\/09\/25\/o-concello-de-tomino-ven-de-aprobar-un-axuda-mais-de-150-000-e-para-a-comunidade-de-usuarios-de-sobrada-que-supora-a-construcion-de-novas-instalacions-para-abastecemento-de-auga\/#breadcrumb"},"inLanguage":"gl-ES","potentialAction":[{"@type":"ReadAction","target":["https:\/\/www.anovapeneira.gal\/index.php\/2019\/09\/25\/o-concello-de-tomino-ven-de-aprobar-un-axuda-mais-de-150-000-e-para-a-comunidade-de-usuarios-de-sobrada-que-supora-a-construcion-de-novas-instalacions-para-abastecemento-de-auga\/"]}]},{"@type":"ImageObject","inLanguage":"gl-ES","@id":"https:\/\/www.anovapeneira.gal\/index.php\/2019\/09\/25\/o-concello-de-tomino-ven-de-aprobar-un-axuda-mais-de-150-000-e-para-a-comunidade-de-usuarios-de-sobrada-que-supora-a-construcion-de-novas-instalacions-para-abastecemento-de-auga\/#primaryimage","url":"https:\/\/www.anovapeneira.gal\/wp-content\/uploads\/2019\/09\/concello_De_tominho_a_nova_peneria.jpg","contentUrl":"https:\/\/www.anovapeneira.gal\/wp-content\/uploads\/2019\/09\/concello_De_tominho_a_nova_peneria.jpg","width":720,"height":473,"caption":"Concello de Tomi\u00f1o A Nova Peneira"},{"@type":"BreadcrumbList","@id":"https:\/\/www.anovapeneira.gal\/index.php\/2019\/09\/25\/o-concello-de-tomino-ven-de-aprobar-un-axuda-mais-de-150-000-e-para-a-comunidade-de-usuarios-de-sobrada-que-supora-a-construcion-de-novas-instalacions-para-abastecemento-de-auga\/#breadcrumb","itemListElement":[{"@type":"ListItem","position":1,"name":"Portada","item":"https:\/\/www.anovapeneira.gal\/"},{"@type":"ListItem","position":2,"name":"O Concello de Tomi\u00f1o v\u00e9n de aprobar un axuda m\u00e1is de 150.000 \u20ac para a Comunidade de Usuarios de Sobrada que supor\u00e1 a construci\u00f3n de novas instalaci\u00f3ns para abastecemento de auga"}]},{"@type":"WebSite","@id":"https:\/\/www.anovapeneira.gal\/#website","url":"https:\/\/www.anovapeneira.gal\/","name":"","description":"Xornal galego de informaci\u00f3n xeral Publicaci\u00f3n mensual de novas de Galicia e en especial dos Concellos da sur da provincia de Pontevedra.","publisher":{"@id":"https:\/\/www.anovapeneira.gal\/#organization"},"potentialAction":[{"@type":"SearchAction","target":{"@type":"EntryPoint","urlTemplate":"https:\/\/www.anovapeneira.gal\/?s={search_term_string}"},"query-input":{"@type":"PropertyValueSpecification","valueRequired":true,"valueName":"search_term_string"}}],"inLanguage":"gl-ES"},{"@type":"Organization","@id":"https:\/\/www.anovapeneira.gal\/#organization","name":"A Nova Peneira","url":"https:\/\/www.anovapeneira.gal\/","logo":{"@type":"ImageObject","inLanguage":"gl-ES","@id":"https:\/\/www.anovapeneira.gal\/#\/schema\/logo\/image\/","url":"http:\/\/www.anovapeneira.gal\/wp-content\/uploads\/2019\/06\/logo_a_nova_peneira_portal_web.png","contentUrl":"http:\/\/www.anovapeneira.gal\/wp-content\/uploads\/2019\/06\/logo_a_nova_peneira_portal_web.png","width":300,"height":100,"caption":"A Nova Peneira"},"image":{"@id":"https:\/\/www.anovapeneira.gal\/#\/schema\/logo\/image\/"},"sameAs":["https:\/\/www.facebook.com\/anovapeneira","https:\/\/x.com\/APeneira"]},{"@type":"Person","@id":"https:\/\/www.anovapeneira.gal\/#\/schema\/person\/b93e3f8932e3f8da96334607eb6ac6aa","name":"Redacci\u00f3n A Nova Peneira","image":{"@type":"ImageObject","inLanguage":"gl-ES","@id":"https:\/\/secure.gravatar.com\/avatar\/c052a2551a06e23fac63626232eaa90abd78dbcf1700fc46a2b2c89fd27b735f?s=96&d=mm&r=g","url":"https:\/\/secure.gravatar.com\/avatar\/c052a2551a06e23fac63626232eaa90abd78dbcf1700fc46a2b2c89fd27b735f?s=96&d=mm&r=g","contentUrl":"https:\/\/secure.gravatar.com\/avatar\/c052a2551a06e23fac63626232eaa90abd78dbcf1700fc46a2b2c89fd27b735f?s=96&d=mm&r=g","caption":"Redacci\u00f3n A Nova Peneira"},"sameAs":["http:\/\/www.anovapeneira.gal\/"],"url":"https:\/\/www.anovapeneira.gal\/index.php\/author\/redactor\/"}]}},"jetpack_featured_media_url":"https:\/\/www.anovapeneira.gal\/wp-content\/uploads\/2019\/09\/concello_De_tominho_a_nova_peneria.jpg","_links":{"self":[{"href":"https:\/\/www.anovapeneira.gal\/index.php\/wp-json\/wp\/v2\/posts\/1335","targetHints":{"allow":["GET"]}}],"collection":[{"href":"https:\/\/www.anovapeneira.gal\/index.php\/wp-json\/wp\/v2\/posts"}],"about":[{"href":"https:\/\/www.anovapeneira.gal\/index.php\/wp-json\/wp\/v2\/types\/post"}],"author":[{"embeddable":true,"href":"https:\/\/www.anovapeneira.gal\/index.php\/wp-json\/wp\/v2\/users\/3"}],"replies":[{"embeddable":true,"href":"https:\/\/www.anovapeneira.gal\/index.php\/wp-json\/wp\/v2\/comments?post=1335"}],"version-history":[{"count":1,"href":"https:\/\/www.anovapeneira.gal\/index.php\/wp-json\/wp\/v2\/posts\/1335\/revisions"}],"predecessor-version":[{"id":1337,"href":"https:\/\/www.anovapeneira.gal\/index.php\/wp-json\/wp\/v2\/posts\/1335\/revisions\/1337"}],"wp:featuredmedia":[{"embeddable":true,"href":"https:\/\/www.anovapeneira.gal\/index.php\/wp-json\/wp\/v2\/media\/1336"}],"wp:attachment":[{"href":"https:\/\/www.anovapeneira.gal\/index.php\/wp-json\/wp\/v2\/media?parent=1335"}],"wp:term":[{"taxonomy":"category","embeddable":true,"href":"https:\/\/www.anovapeneira.gal\/index.php\/wp-json\/wp\/v2\/categories?post=1335"},{"taxonomy":"post_tag","embeddable":true,"href":"https:\/\/www.anovapeneira.gal\/index.php\/wp-json\/wp\/v2\/tags?post=1335"}],"curies":[{"name":"wp","href":"https:\/\/api.w.org\/{rel}","templated":true}]}}