{"id":13351,"date":"2025-02-17T12:00:11","date_gmt":"2025-02-17T11:00:11","guid":{"rendered":"https:\/\/www.anovapeneira.gal\/?p=13351"},"modified":"2025-02-11T13:58:37","modified_gmt":"2025-02-11T12:58:37","slug":"o-bng-pide-abrir-o-debate-sobre-as-zbe-en-vigo-ante-as-falsidades-de-caballero-sobre-as-multas","status":"publish","type":"post","link":"https:\/\/www.anovapeneira.gal\/index.php\/2025\/02\/17\/o-bng-pide-abrir-o-debate-sobre-as-zbe-en-vigo-ante-as-falsidades-de-caballero-sobre-as-multas\/","title":{"rendered":"O BNG pide abrir o debate sobre as ZBE en Vigo ante as \u201cfalsidades\u201d de Caballero sobre as multas"},"content":{"rendered":"\n<h2 class=\"wp-block-heading\">A fronte nacionalista urxe convocar os Consellos Sectoriais de Transportes e Medio Ambiente para contar cunha ampla participaci\u00f3n \u00e1 hora de definir a ordenanza reguladora<br><br>O Bloque defende unha alternativa integral de ZBE con medidas como a mellora do bus urbano en lugar do sistema de sanci\u00f3ns por tipo de veh\u00edculo que prepara o Goberno local<\/h2>\n\n\n\n<p>Xabier P. Igrexas: \u201cAvanzar cara unha cidade m\u00e1is sustent\u00e1bel pasa por reducir o uso do coche privado, en lugar de discriminar a quen non se pode permitir un h\u00edbrido ou el\u00e9ctrico\u201d<br><br><strong>VIGO, 10 de febreiro 2025.<\/strong><\/p>\n\n\n\n<p>O Bloque Nacionalista Galego pide abrir o debate sobre as Zonas de Baixas Emisi\u00f3ns (ZBE) en Vigo. As\u00ed o demandou este luns o portavoz municipal do BNG, Xabier P. Igrexas, en resposta \u00e1s \u201cfalsidades\u201d por parte do alcalde, Abel Caballero, sobre a implantaci\u00f3n destas zonas na cidade prevista para este ano 2025.<br><br>Igrexas reiterou o completo rexeitamento do Bloque ao proxecto do Goberno local, que tachou dunha \u201cmoi mala copia de Madrid Central\u201d coa imposici\u00f3n de catro per\u00edmetros nos que se vai restrinxir o acceso aos veh\u00edculos de combusti\u00f3n mediante un sistema coercitivo con multas e sanci\u00f3ns de m\u00ednimo 200 euros.<br><br>\u201cAvanzarmos de verdade cara unha cidade m\u00e1is sustent\u00e1bel e con menos emisi\u00f3ns contaminantes ten que pasar por reducir o uso do veh\u00edculo privado, dando alternativas reais, e non por discriminar a quen non se pode permitir o luxo de comprar un coche h\u00edbrido ou el\u00e9ctrico\u201d, defendeu o voceiro municipal nacionalista.<br><br>Por este motivo, dende o BNG reiteraron a s\u00faa alternativa integral que aposta por converter os 110 quil\u00f3metros do termo municipal de Vigo nunha ZBE, con medidas que promovan e faciliten unha mobilidade alternativa ao coche para reducir as emisi\u00f3ns contaminantes en toda a cidade.<\/p>\n\n\n\n<p>Entre elas, as nacionalistas chaman a reforzar e mellorar dunha vez o transporte p\u00fablico para que sexa unha alternativa vi\u00e1bel ao coche privado. Demandan nese sentido m\u00e1is e mellores frecuencias no servizo de autob\u00fas urbano, un prezo m\u00e1is acces\u00edbel e o redese\u00f1o do mapa de li\u00f1as para conectar mellor o conxunto dos barrios e parroquias. En paralelo, o Bloque defende tam\u00e9n medidas para fomentar a mobilidade peonil, o uso de bicicletas e de veh\u00edculos de mobilidade persoal.<\/p>\n\n\n\n<p><br><strong>M\u00e1is participaci\u00f3n<br><\/strong><br><\/p>\n\n\n\n<p>No obxectivo de abrir o debate, dende a fronte nacionalista van solicitar formalmente que o Goberno local convoque os Consellos Sectoriais de Transportes e Medio Ambiente para contar cunha ampla participaci\u00f3n veci\u00f1al \u00e1 hora de definir a ordenanza municipal que vai regular as Zonas de Baixas Emisi\u00f3ns.<\/p>\n\n\n\n<p>A ese respecto, Igrexas lamentou que Caballero contin\u00fae \u201cescondendo no despacho o proxecto nova ordenanza municipal e da que nada sabemos dende hai varios anos\u201d, mentres o rexedor realiza declaraci\u00f3ns \u201ccontraditorias\u201d nas que afirma, por un lado, que van aplicar a lei pero, por outro, nega que vaian impo\u00f1er as multas previstas.<\/p>\n","protected":false},"excerpt":{"rendered":"<div class=\"mh-excerpt\"><p>A fronte nacionalista urxe convocar os Consellos Sectoriais de Transportes e Medio Ambiente para contar cunha ampla participaci\u00f3n \u00e1 hora de definir a ordenanza reguladora O Bloque defende unha alternativa integral de ZBE con medidas <a class=\"mh-excerpt-more\" href=\"https:\/\/www.anovapeneira.gal\/index.php\/2025\/02\/17\/o-bng-pide-abrir-o-debate-sobre-as-zbe-en-vigo-ante-as-falsidades-de-caballero-sobre-as-multas\/\" title=\"O BNG pide abrir o debate sobre as ZBE en Vigo ante as \u201cfalsidades\u201d de Caballero sobre as multas\">[&#8230;]<\/a><\/p>\n<\/div>","protected":false},"author":3,"featured_media":12233,"comment_status":"open","ping_status":"open","sticky":false,"template":"","format":"standard","meta":{"_exactmetrics_skip_tracking":false,"_exactmetrics_sitenote_active":false,"_exactmetrics_sitenote_note":"","_exactmetrics_sitenote_category":0,"footnotes":""},"categories":[19],"tags":[227],"class_list":{"0":"post-13351","1":"post","2":"type-post","3":"status-publish","4":"format-standard","5":"has-post-thumbnail","7":"category-vigo","8":"tag-concello-de-vigo"},"yoast_head":"<!-- This site is optimized with the Yoast SEO plugin v27.4 - https:\/\/yoast.com\/product\/yoast-seo-wordpress\/ -->\n<title>O BNG pide abrir o debate sobre as ZBE en Vigo ante as \u201cfalsidades\u201d de Caballero sobre as multas -<\/title>\n<meta name=\"robots\" content=\"index, follow, max-snippet:-1, max-image-preview:large, max-video-preview:-1\" \/>\n<link rel=\"canonical\" href=\"https:\/\/www.anovapeneira.gal\/index.php\/2025\/02\/17\/o-bng-pide-abrir-o-debate-sobre-as-zbe-en-vigo-ante-as-falsidades-de-caballero-sobre-as-multas\/\" \/>\n<meta property=\"og:locale\" content=\"gl_ES\" \/>\n<meta property=\"og:type\" content=\"article\" \/>\n<meta property=\"og:title\" content=\"O BNG pide abrir o debate sobre as ZBE en Vigo ante as \u201cfalsidades\u201d de Caballero sobre as multas -\" \/>\n<meta property=\"og:description\" content=\"A fronte nacionalista urxe convocar os Consellos Sectoriais de Transportes e Medio Ambiente para contar cunha ampla participaci\u00f3n \u00e1 hora de definir a ordenanza reguladora O Bloque defende unha alternativa integral de ZBE con medidas [...]\" \/>\n<meta property=\"og:url\" content=\"https:\/\/www.anovapeneira.gal\/index.php\/2025\/02\/17\/o-bng-pide-abrir-o-debate-sobre-as-zbe-en-vigo-ante-as-falsidades-de-caballero-sobre-as-multas\/\" \/>\n<meta property=\"article:publisher\" content=\"https:\/\/www.facebook.com\/anovapeneira\" \/>\n<meta property=\"article:published_time\" content=\"2025-02-17T11:00:11+00:00\" \/>\n<meta property=\"og:image\" content=\"https:\/\/www.anovapeneira.gal\/wp-content\/uploads\/2024\/08\/Foto_Xabier-P-Igrexas_Portavoz-municipal-BNG-Vigo-scaled.jpg\" \/>\n\t<meta property=\"og:image:width\" content=\"2560\" \/>\n\t<meta property=\"og:image:height\" content=\"1440\" \/>\n\t<meta property=\"og:image:type\" content=\"image\/jpeg\" \/>\n<meta name=\"author\" content=\"Redacci\u00f3n A Nova Peneira\" \/>\n<meta name=\"twitter:card\" content=\"summary_large_image\" \/>\n<meta name=\"twitter:creator\" content=\"@APeneira\" \/>\n<meta name=\"twitter:site\" content=\"@APeneira\" \/>\n<meta name=\"twitter:label1\" content=\"Escrito por\" \/>\n\t<meta name=\"twitter:data1\" content=\"Redacci\u00f3n A Nova Peneira\" \/>\n\t<meta name=\"twitter:label2\" content=\"Tempo de lectura\" \/>\n\t<meta name=\"twitter:data2\" content=\"3 minutos\" \/>\n<script type=\"application\/ld+json\" class=\"yoast-schema-graph\">{\"@context\":\"https:\\\/\\\/schema.org\",\"@graph\":[{\"@type\":\"Article\",\"@id\":\"https:\\\/\\\/www.anovapeneira.gal\\\/index.php\\\/2025\\\/02\\\/17\\\/o-bng-pide-abrir-o-debate-sobre-as-zbe-en-vigo-ante-as-falsidades-de-caballero-sobre-as-multas\\\/#article\",\"isPartOf\":{\"@id\":\"https:\\\/\\\/www.anovapeneira.gal\\\/index.php\\\/2025\\\/02\\\/17\\\/o-bng-pide-abrir-o-debate-sobre-as-zbe-en-vigo-ante-as-falsidades-de-caballero-sobre-as-multas\\\/\"},\"author\":{\"name\":\"Redacci\u00f3n A Nova Peneira\",\"@id\":\"https:\\\/\\\/www.anovapeneira.gal\\\/#\\\/schema\\\/person\\\/b93e3f8932e3f8da96334607eb6ac6aa\"},\"headline\":\"O BNG pide abrir o debate sobre as ZBE en Vigo ante as \u201cfalsidades\u201d de Caballero sobre as multas\",\"datePublished\":\"2025-02-17T11:00:11+00:00\",\"mainEntityOfPage\":{\"@id\":\"https:\\\/\\\/www.anovapeneira.gal\\\/index.php\\\/2025\\\/02\\\/17\\\/o-bng-pide-abrir-o-debate-sobre-as-zbe-en-vigo-ante-as-falsidades-de-caballero-sobre-as-multas\\\/\"},\"wordCount\":520,\"commentCount\":0,\"publisher\":{\"@id\":\"https:\\\/\\\/www.anovapeneira.gal\\\/#organization\"},\"image\":{\"@id\":\"https:\\\/\\\/www.anovapeneira.gal\\\/index.php\\\/2025\\\/02\\\/17\\\/o-bng-pide-abrir-o-debate-sobre-as-zbe-en-vigo-ante-as-falsidades-de-caballero-sobre-as-multas\\\/#primaryimage\"},\"thumbnailUrl\":\"https:\\\/\\\/www.anovapeneira.gal\\\/wp-content\\\/uploads\\\/2024\\\/08\\\/Foto_Xabier-P-Igrexas_Portavoz-municipal-BNG-Vigo-scaled.jpg\",\"keywords\":[\"Concello de Vigo\"],\"articleSection\":[\"Vigo\"],\"inLanguage\":\"gl-ES\",\"potentialAction\":[{\"@type\":\"CommentAction\",\"name\":\"Comment\",\"target\":[\"https:\\\/\\\/www.anovapeneira.gal\\\/index.php\\\/2025\\\/02\\\/17\\\/o-bng-pide-abrir-o-debate-sobre-as-zbe-en-vigo-ante-as-falsidades-de-caballero-sobre-as-multas\\\/#respond\"]}]},{\"@type\":\"WebPage\",\"@id\":\"https:\\\/\\\/www.anovapeneira.gal\\\/index.php\\\/2025\\\/02\\\/17\\\/o-bng-pide-abrir-o-debate-sobre-as-zbe-en-vigo-ante-as-falsidades-de-caballero-sobre-as-multas\\\/\",\"url\":\"https:\\\/\\\/www.anovapeneira.gal\\\/index.php\\\/2025\\\/02\\\/17\\\/o-bng-pide-abrir-o-debate-sobre-as-zbe-en-vigo-ante-as-falsidades-de-caballero-sobre-as-multas\\\/\",\"name\":\"O BNG pide abrir o debate sobre as ZBE en Vigo ante as \u201cfalsidades\u201d de Caballero sobre as multas -\",\"isPartOf\":{\"@id\":\"https:\\\/\\\/www.anovapeneira.gal\\\/#website\"},\"primaryImageOfPage\":{\"@id\":\"https:\\\/\\\/www.anovapeneira.gal\\\/index.php\\\/2025\\\/02\\\/17\\\/o-bng-pide-abrir-o-debate-sobre-as-zbe-en-vigo-ante-as-falsidades-de-caballero-sobre-as-multas\\\/#primaryimage\"},\"image\":{\"@id\":\"https:\\\/\\\/www.anovapeneira.gal\\\/index.php\\\/2025\\\/02\\\/17\\\/o-bng-pide-abrir-o-debate-sobre-as-zbe-en-vigo-ante-as-falsidades-de-caballero-sobre-as-multas\\\/#primaryimage\"},\"thumbnailUrl\":\"https:\\\/\\\/www.anovapeneira.gal\\\/wp-content\\\/uploads\\\/2024\\\/08\\\/Foto_Xabier-P-Igrexas_Portavoz-municipal-BNG-Vigo-scaled.jpg\",\"datePublished\":\"2025-02-17T11:00:11+00:00\",\"breadcrumb\":{\"@id\":\"https:\\\/\\\/www.anovapeneira.gal\\\/index.php\\\/2025\\\/02\\\/17\\\/o-bng-pide-abrir-o-debate-sobre-as-zbe-en-vigo-ante-as-falsidades-de-caballero-sobre-as-multas\\\/#breadcrumb\"},\"inLanguage\":\"gl-ES\",\"potentialAction\":[{\"@type\":\"ReadAction\",\"target\":[\"https:\\\/\\\/www.anovapeneira.gal\\\/index.php\\\/2025\\\/02\\\/17\\\/o-bng-pide-abrir-o-debate-sobre-as-zbe-en-vigo-ante-as-falsidades-de-caballero-sobre-as-multas\\\/\"]}]},{\"@type\":\"ImageObject\",\"inLanguage\":\"gl-ES\",\"@id\":\"https:\\\/\\\/www.anovapeneira.gal\\\/index.php\\\/2025\\\/02\\\/17\\\/o-bng-pide-abrir-o-debate-sobre-as-zbe-en-vigo-ante-as-falsidades-de-caballero-sobre-as-multas\\\/#primaryimage\",\"url\":\"https:\\\/\\\/www.anovapeneira.gal\\\/wp-content\\\/uploads\\\/2024\\\/08\\\/Foto_Xabier-P-Igrexas_Portavoz-municipal-BNG-Vigo-scaled.jpg\",\"contentUrl\":\"https:\\\/\\\/www.anovapeneira.gal\\\/wp-content\\\/uploads\\\/2024\\\/08\\\/Foto_Xabier-P-Igrexas_Portavoz-municipal-BNG-Vigo-scaled.jpg\",\"width\":2560,\"height\":1440},{\"@type\":\"BreadcrumbList\",\"@id\":\"https:\\\/\\\/www.anovapeneira.gal\\\/index.php\\\/2025\\\/02\\\/17\\\/o-bng-pide-abrir-o-debate-sobre-as-zbe-en-vigo-ante-as-falsidades-de-caballero-sobre-as-multas\\\/#breadcrumb\",\"itemListElement\":[{\"@type\":\"ListItem\",\"position\":1,\"name\":\"Portada\",\"item\":\"https:\\\/\\\/www.anovapeneira.gal\\\/\"},{\"@type\":\"ListItem\",\"position\":2,\"name\":\"O BNG pide abrir o debate sobre as ZBE en Vigo ante as \u201cfalsidades\u201d de Caballero sobre as multas\"}]},{\"@type\":\"WebSite\",\"@id\":\"https:\\\/\\\/www.anovapeneira.gal\\\/#website\",\"url\":\"https:\\\/\\\/www.anovapeneira.gal\\\/\",\"name\":\"\",\"description\":\"Xornal galego de informaci\u00f3n xeral Publicaci\u00f3n mensual de novas de Galicia e en especial dos Concellos da sur da provincia de Pontevedra.\",\"publisher\":{\"@id\":\"https:\\\/\\\/www.anovapeneira.gal\\\/#organization\"},\"potentialAction\":[{\"@type\":\"SearchAction\",\"target\":{\"@type\":\"EntryPoint\",\"urlTemplate\":\"https:\\\/\\\/www.anovapeneira.gal\\\/?s={search_term_string}\"},\"query-input\":{\"@type\":\"PropertyValueSpecification\",\"valueRequired\":true,\"valueName\":\"search_term_string\"}}],\"inLanguage\":\"gl-ES\"},{\"@type\":\"Organization\",\"@id\":\"https:\\\/\\\/www.anovapeneira.gal\\\/#organization\",\"name\":\"A Nova Peneira\",\"url\":\"https:\\\/\\\/www.anovapeneira.gal\\\/\",\"logo\":{\"@type\":\"ImageObject\",\"inLanguage\":\"gl-ES\",\"@id\":\"https:\\\/\\\/www.anovapeneira.gal\\\/#\\\/schema\\\/logo\\\/image\\\/\",\"url\":\"http:\\\/\\\/www.anovapeneira.gal\\\/wp-content\\\/uploads\\\/2019\\\/06\\\/logo_a_nova_peneira_portal_web.png\",\"contentUrl\":\"http:\\\/\\\/www.anovapeneira.gal\\\/wp-content\\\/uploads\\\/2019\\\/06\\\/logo_a_nova_peneira_portal_web.png\",\"width\":300,\"height\":100,\"caption\":\"A Nova Peneira\"},\"image\":{\"@id\":\"https:\\\/\\\/www.anovapeneira.gal\\\/#\\\/schema\\\/logo\\\/image\\\/\"},\"sameAs\":[\"https:\\\/\\\/www.facebook.com\\\/anovapeneira\",\"https:\\\/\\\/x.com\\\/APeneira\"]},{\"@type\":\"Person\",\"@id\":\"https:\\\/\\\/www.anovapeneira.gal\\\/#\\\/schema\\\/person\\\/b93e3f8932e3f8da96334607eb6ac6aa\",\"name\":\"Redacci\u00f3n A Nova Peneira\",\"image\":{\"@type\":\"ImageObject\",\"inLanguage\":\"gl-ES\",\"@id\":\"https:\\\/\\\/secure.gravatar.com\\\/avatar\\\/c052a2551a06e23fac63626232eaa90abd78dbcf1700fc46a2b2c89fd27b735f?s=96&d=mm&r=g\",\"url\":\"https:\\\/\\\/secure.gravatar.com\\\/avatar\\\/c052a2551a06e23fac63626232eaa90abd78dbcf1700fc46a2b2c89fd27b735f?s=96&d=mm&r=g\",\"contentUrl\":\"https:\\\/\\\/secure.gravatar.com\\\/avatar\\\/c052a2551a06e23fac63626232eaa90abd78dbcf1700fc46a2b2c89fd27b735f?s=96&d=mm&r=g\",\"caption\":\"Redacci\u00f3n A Nova Peneira\"},\"sameAs\":[\"http:\\\/\\\/www.anovapeneira.gal\\\/\"],\"url\":\"https:\\\/\\\/www.anovapeneira.gal\\\/index.php\\\/author\\\/redactor\\\/\"}]}<\/script>\n<!-- \/ Yoast SEO plugin. -->","yoast_head_json":{"title":"O BNG pide abrir o debate sobre as ZBE en Vigo ante as \u201cfalsidades\u201d de Caballero sobre as multas -","robots":{"index":"index","follow":"follow","max-snippet":"max-snippet:-1","max-image-preview":"max-image-preview:large","max-video-preview":"max-video-preview:-1"},"canonical":"https:\/\/www.anovapeneira.gal\/index.php\/2025\/02\/17\/o-bng-pide-abrir-o-debate-sobre-as-zbe-en-vigo-ante-as-falsidades-de-caballero-sobre-as-multas\/","og_locale":"gl_ES","og_type":"article","og_title":"O BNG pide abrir o debate sobre as ZBE en Vigo ante as \u201cfalsidades\u201d de Caballero sobre as multas -","og_description":"A fronte nacionalista urxe convocar os Consellos Sectoriais de Transportes e Medio Ambiente para contar cunha ampla participaci\u00f3n \u00e1 hora de definir a ordenanza reguladora O Bloque defende unha alternativa integral de ZBE con medidas [...]","og_url":"https:\/\/www.anovapeneira.gal\/index.php\/2025\/02\/17\/o-bng-pide-abrir-o-debate-sobre-as-zbe-en-vigo-ante-as-falsidades-de-caballero-sobre-as-multas\/","article_publisher":"https:\/\/www.facebook.com\/anovapeneira","article_published_time":"2025-02-17T11:00:11+00:00","og_image":[{"width":2560,"height":1440,"url":"https:\/\/www.anovapeneira.gal\/wp-content\/uploads\/2024\/08\/Foto_Xabier-P-Igrexas_Portavoz-municipal-BNG-Vigo-scaled.jpg","type":"image\/jpeg"}],"author":"Redacci\u00f3n A Nova Peneira","twitter_card":"summary_large_image","twitter_creator":"@APeneira","twitter_site":"@APeneira","twitter_misc":{"Escrito por":"Redacci\u00f3n A Nova Peneira","Tempo de lectura":"3 minutos"},"schema":{"@context":"https:\/\/schema.org","@graph":[{"@type":"Article","@id":"https:\/\/www.anovapeneira.gal\/index.php\/2025\/02\/17\/o-bng-pide-abrir-o-debate-sobre-as-zbe-en-vigo-ante-as-falsidades-de-caballero-sobre-as-multas\/#article","isPartOf":{"@id":"https:\/\/www.anovapeneira.gal\/index.php\/2025\/02\/17\/o-bng-pide-abrir-o-debate-sobre-as-zbe-en-vigo-ante-as-falsidades-de-caballero-sobre-as-multas\/"},"author":{"name":"Redacci\u00f3n A Nova Peneira","@id":"https:\/\/www.anovapeneira.gal\/#\/schema\/person\/b93e3f8932e3f8da96334607eb6ac6aa"},"headline":"O BNG pide abrir o debate sobre as ZBE en Vigo ante as \u201cfalsidades\u201d de Caballero sobre as multas","datePublished":"2025-02-17T11:00:11+00:00","mainEntityOfPage":{"@id":"https:\/\/www.anovapeneira.gal\/index.php\/2025\/02\/17\/o-bng-pide-abrir-o-debate-sobre-as-zbe-en-vigo-ante-as-falsidades-de-caballero-sobre-as-multas\/"},"wordCount":520,"commentCount":0,"publisher":{"@id":"https:\/\/www.anovapeneira.gal\/#organization"},"image":{"@id":"https:\/\/www.anovapeneira.gal\/index.php\/2025\/02\/17\/o-bng-pide-abrir-o-debate-sobre-as-zbe-en-vigo-ante-as-falsidades-de-caballero-sobre-as-multas\/#primaryimage"},"thumbnailUrl":"https:\/\/www.anovapeneira.gal\/wp-content\/uploads\/2024\/08\/Foto_Xabier-P-Igrexas_Portavoz-municipal-BNG-Vigo-scaled.jpg","keywords":["Concello de Vigo"],"articleSection":["Vigo"],"inLanguage":"gl-ES","potentialAction":[{"@type":"CommentAction","name":"Comment","target":["https:\/\/www.anovapeneira.gal\/index.php\/2025\/02\/17\/o-bng-pide-abrir-o-debate-sobre-as-zbe-en-vigo-ante-as-falsidades-de-caballero-sobre-as-multas\/#respond"]}]},{"@type":"WebPage","@id":"https:\/\/www.anovapeneira.gal\/index.php\/2025\/02\/17\/o-bng-pide-abrir-o-debate-sobre-as-zbe-en-vigo-ante-as-falsidades-de-caballero-sobre-as-multas\/","url":"https:\/\/www.anovapeneira.gal\/index.php\/2025\/02\/17\/o-bng-pide-abrir-o-debate-sobre-as-zbe-en-vigo-ante-as-falsidades-de-caballero-sobre-as-multas\/","name":"O BNG pide abrir o debate sobre as ZBE en Vigo ante as \u201cfalsidades\u201d de Caballero sobre as multas -","isPartOf":{"@id":"https:\/\/www.anovapeneira.gal\/#website"},"primaryImageOfPage":{"@id":"https:\/\/www.anovapeneira.gal\/index.php\/2025\/02\/17\/o-bng-pide-abrir-o-debate-sobre-as-zbe-en-vigo-ante-as-falsidades-de-caballero-sobre-as-multas\/#primaryimage"},"image":{"@id":"https:\/\/www.anovapeneira.gal\/index.php\/2025\/02\/17\/o-bng-pide-abrir-o-debate-sobre-as-zbe-en-vigo-ante-as-falsidades-de-caballero-sobre-as-multas\/#primaryimage"},"thumbnailUrl":"https:\/\/www.anovapeneira.gal\/wp-content\/uploads\/2024\/08\/Foto_Xabier-P-Igrexas_Portavoz-municipal-BNG-Vigo-scaled.jpg","datePublished":"2025-02-17T11:00:11+00:00","breadcrumb":{"@id":"https:\/\/www.anovapeneira.gal\/index.php\/2025\/02\/17\/o-bng-pide-abrir-o-debate-sobre-as-zbe-en-vigo-ante-as-falsidades-de-caballero-sobre-as-multas\/#breadcrumb"},"inLanguage":"gl-ES","potentialAction":[{"@type":"ReadAction","target":["https:\/\/www.anovapeneira.gal\/index.php\/2025\/02\/17\/o-bng-pide-abrir-o-debate-sobre-as-zbe-en-vigo-ante-as-falsidades-de-caballero-sobre-as-multas\/"]}]},{"@type":"ImageObject","inLanguage":"gl-ES","@id":"https:\/\/www.anovapeneira.gal\/index.php\/2025\/02\/17\/o-bng-pide-abrir-o-debate-sobre-as-zbe-en-vigo-ante-as-falsidades-de-caballero-sobre-as-multas\/#primaryimage","url":"https:\/\/www.anovapeneira.gal\/wp-content\/uploads\/2024\/08\/Foto_Xabier-P-Igrexas_Portavoz-municipal-BNG-Vigo-scaled.jpg","contentUrl":"https:\/\/www.anovapeneira.gal\/wp-content\/uploads\/2024\/08\/Foto_Xabier-P-Igrexas_Portavoz-municipal-BNG-Vigo-scaled.jpg","width":2560,"height":1440},{"@type":"BreadcrumbList","@id":"https:\/\/www.anovapeneira.gal\/index.php\/2025\/02\/17\/o-bng-pide-abrir-o-debate-sobre-as-zbe-en-vigo-ante-as-falsidades-de-caballero-sobre-as-multas\/#breadcrumb","itemListElement":[{"@type":"ListItem","position":1,"name":"Portada","item":"https:\/\/www.anovapeneira.gal\/"},{"@type":"ListItem","position":2,"name":"O BNG pide abrir o debate sobre as ZBE en Vigo ante as \u201cfalsidades\u201d de Caballero sobre as multas"}]},{"@type":"WebSite","@id":"https:\/\/www.anovapeneira.gal\/#website","url":"https:\/\/www.anovapeneira.gal\/","name":"","description":"Xornal galego de informaci\u00f3n xeral Publicaci\u00f3n mensual de novas de Galicia e en especial dos Concellos da sur da provincia de Pontevedra.","publisher":{"@id":"https:\/\/www.anovapeneira.gal\/#organization"},"potentialAction":[{"@type":"SearchAction","target":{"@type":"EntryPoint","urlTemplate":"https:\/\/www.anovapeneira.gal\/?s={search_term_string}"},"query-input":{"@type":"PropertyValueSpecification","valueRequired":true,"valueName":"search_term_string"}}],"inLanguage":"gl-ES"},{"@type":"Organization","@id":"https:\/\/www.anovapeneira.gal\/#organization","name":"A Nova Peneira","url":"https:\/\/www.anovapeneira.gal\/","logo":{"@type":"ImageObject","inLanguage":"gl-ES","@id":"https:\/\/www.anovapeneira.gal\/#\/schema\/logo\/image\/","url":"http:\/\/www.anovapeneira.gal\/wp-content\/uploads\/2019\/06\/logo_a_nova_peneira_portal_web.png","contentUrl":"http:\/\/www.anovapeneira.gal\/wp-content\/uploads\/2019\/06\/logo_a_nova_peneira_portal_web.png","width":300,"height":100,"caption":"A Nova Peneira"},"image":{"@id":"https:\/\/www.anovapeneira.gal\/#\/schema\/logo\/image\/"},"sameAs":["https:\/\/www.facebook.com\/anovapeneira","https:\/\/x.com\/APeneira"]},{"@type":"Person","@id":"https:\/\/www.anovapeneira.gal\/#\/schema\/person\/b93e3f8932e3f8da96334607eb6ac6aa","name":"Redacci\u00f3n A Nova Peneira","image":{"@type":"ImageObject","inLanguage":"gl-ES","@id":"https:\/\/secure.gravatar.com\/avatar\/c052a2551a06e23fac63626232eaa90abd78dbcf1700fc46a2b2c89fd27b735f?s=96&d=mm&r=g","url":"https:\/\/secure.gravatar.com\/avatar\/c052a2551a06e23fac63626232eaa90abd78dbcf1700fc46a2b2c89fd27b735f?s=96&d=mm&r=g","contentUrl":"https:\/\/secure.gravatar.com\/avatar\/c052a2551a06e23fac63626232eaa90abd78dbcf1700fc46a2b2c89fd27b735f?s=96&d=mm&r=g","caption":"Redacci\u00f3n A Nova Peneira"},"sameAs":["http:\/\/www.anovapeneira.gal\/"],"url":"https:\/\/www.anovapeneira.gal\/index.php\/author\/redactor\/"}]}},"jetpack_featured_media_url":"https:\/\/www.anovapeneira.gal\/wp-content\/uploads\/2024\/08\/Foto_Xabier-P-Igrexas_Portavoz-municipal-BNG-Vigo-scaled.jpg","_links":{"self":[{"href":"https:\/\/www.anovapeneira.gal\/index.php\/wp-json\/wp\/v2\/posts\/13351","targetHints":{"allow":["GET"]}}],"collection":[{"href":"https:\/\/www.anovapeneira.gal\/index.php\/wp-json\/wp\/v2\/posts"}],"about":[{"href":"https:\/\/www.anovapeneira.gal\/index.php\/wp-json\/wp\/v2\/types\/post"}],"author":[{"embeddable":true,"href":"https:\/\/www.anovapeneira.gal\/index.php\/wp-json\/wp\/v2\/users\/3"}],"replies":[{"embeddable":true,"href":"https:\/\/www.anovapeneira.gal\/index.php\/wp-json\/wp\/v2\/comments?post=13351"}],"version-history":[{"count":3,"href":"https:\/\/www.anovapeneira.gal\/index.php\/wp-json\/wp\/v2\/posts\/13351\/revisions"}],"predecessor-version":[{"id":13354,"href":"https:\/\/www.anovapeneira.gal\/index.php\/wp-json\/wp\/v2\/posts\/13351\/revisions\/13354"}],"wp:featuredmedia":[{"embeddable":true,"href":"https:\/\/www.anovapeneira.gal\/index.php\/wp-json\/wp\/v2\/media\/12233"}],"wp:attachment":[{"href":"https:\/\/www.anovapeneira.gal\/index.php\/wp-json\/wp\/v2\/media?parent=13351"}],"wp:term":[{"taxonomy":"category","embeddable":true,"href":"https:\/\/www.anovapeneira.gal\/index.php\/wp-json\/wp\/v2\/categories?post=13351"},{"taxonomy":"post_tag","embeddable":true,"href":"https:\/\/www.anovapeneira.gal\/index.php\/wp-json\/wp\/v2\/tags?post=13351"}],"curies":[{"name":"wp","href":"https:\/\/api.w.org\/{rel}","templated":true}]}}