{"id":13374,"date":"2025-02-20T12:00:45","date_gmt":"2025-02-20T11:00:45","guid":{"rendered":"https:\/\/www.anovapeneira.gal\/?p=13374"},"modified":"2025-02-17T10:31:24","modified_gmt":"2025-02-17T09:31:24","slug":"eva-solla-coordinadora-xeral-de-esquerda-unida","status":"publish","type":"post","link":"https:\/\/www.anovapeneira.gal\/index.php\/2025\/02\/20\/eva-solla-coordinadora-xeral-de-esquerda-unida\/","title":{"rendered":"Eva Solla, Coordinadora Xeral de Esquerda Unida"},"content":{"rendered":"\n<p><strong>O vindeiro mes de abril Esquerda Unida desenvolver\u00e1 a s\u00faa Asemblea Nacional, al\u00ed a persoa que foi a m\u00e1xima responsables desta organizaci\u00f3n pol\u00edtica, a viguesa Eva Solla, ser\u00e1 substitu\u00edda despois de 8 anos no cargo, que \u00e9 o m\u00e1ximo tempo de mandato que permiten os estatutos de Esquerda Unida. Asemade, Eva considera que o relevo nas responsabilidades org\u00e1nicas \u00e9 necesario para manter a sa\u00fade democr\u00e1tica de calquera forza pol\u00edtica e , en consecuencia, asume a fin desta etapa con tranquilidade e normalidade.<\/strong><\/p>\n\n\n\n<p><strong>\u00c1s portas da AN de EU, acheg\u00e1monos ata o seu local da Porta do Sol en Vigo para conversar con Eva sobre a situaci\u00f3n de Esquerda Unida e sobre as perspectivas pol\u00edticas futuras.<\/strong><\/p>\n\n\n\n<p><strong>Eva \u00e9 unha muller l\u00facida e cordial coa que sempre foi un pracer para min conversar. Vela\u00ed vai o que deu de si a nosa cita<\/strong><\/p>\n\n\n\n<h2 class=\"wp-block-heading\">\u201c<strong>Estamos centradas na construci\u00f3n dunha candidatura de consenso, que ilusione \u00e1 sociedade, e que sirva para relanzar a Esquerda Unida\u201d<\/strong><\/h2>\n\n\n\n<p><strong>Como est\u00e1 a situaci\u00f3n actual de Esquerda Unida?<\/strong><\/p>\n\n\n\n<blockquote class=\"wp-block-quote is-layout-flow wp-block-quote-is-layout-flow\">\n<p>A situaci\u00f3n actual esta baseada no traballo dos e das militantes das localidades. Despois da sa\u00edda do Parlamento de Galicia centr\u00e1monos nas organizaci\u00f3n locais tendo en conta as necesidades destas. Somos unha organizaci\u00f3n modesta e de cara ao futuro os nosos obxectivos son fortalecernos desde a base.<\/p>\n<\/blockquote>\n\n\n\n<p><strong>A corto ou medio prazo hai opci\u00f3ns realistas de pasar de ser unha organizaci\u00f3n modesta a ser unha forza pol\u00edtica con incidencia real na sociedade galega?<\/strong><\/p>\n\n\n\n<blockquote class=\"wp-block-quote is-layout-flow wp-block-quote-is-layout-flow\">\n<p>N\u00f3s creemos que a incidencia que ten a organizaci\u00f3n a nivel social basease fundamentalmente na participaci\u00f3n nos conflitos e colectivos sociais, cos sindicatos na r\u00faa e nas mobilizaci\u00f3ns.<\/p>\n<\/blockquote>\n\n\n\n<blockquote class=\"wp-block-quote is-layout-flow wp-block-quote-is-layout-flow\">\n<p>Se a pregunta vai pola representaci\u00f3n institucional dicir que estamos centradas no traballo que hai que facer para recuperar \u00e1 organizaci\u00f3n e ter m\u00e1is representaci\u00f3n a nivel municipal, deste este crecemento poderase optar no futuro a volver a ter peso institucional.<\/p>\n<\/blockquote>\n\n\n\n<p><strong>Tedes o congreso proximamente?<\/strong><\/p>\n\n\n\n<blockquote class=\"wp-block-quote is-layout-flow wp-block-quote-is-layout-flow\">\n<p>Temos Asemblea Nacional en abril.<\/p>\n<\/blockquote>\n\n\n\n<p><strong>Ti levas oito anos como Coordenadora, vaste presentar a un terceiro mandato?<\/strong><\/p>\n\n\n\n<blockquote class=\"wp-block-quote is-layout-flow wp-block-quote-is-layout-flow\">\n<p>Non. Os nosos estatutos din que non podemos estar m\u00e1is de dous mandatos. Teriamos a posibilidade de optar a un extraordinario, pero penso que neste momento se precisa da renovaci\u00f3n dos \u00f3rganos. Agora non hai procesos electorais \u00e1 vista e penso que estamos no tempo de facelo.<\/p>\n<\/blockquote>\n\n\n\n<p><strong>Ata o 2027, se non hai sorpresas, hai dous anos de tranquilidade electoral.<\/strong><\/p>\n\n\n\n<blockquote class=\"wp-block-quote is-layout-flow wp-block-quote-is-layout-flow\">\n<p>Si, se non hai sorpresas efectivamente, por iso este \u00e9 o momento axeitado.<\/p>\n<\/blockquote>\n\n\n\n<p><strong>Supo\u00f1o que estaredes traballando na presentaci\u00f3n dunha candidatura de consenso?<\/strong><\/p>\n\n\n\n<blockquote class=\"wp-block-quote is-layout-flow wp-block-quote-is-layout-flow\">\n<p>Estamos traballando nisto e conversando con moita xente da organizaci\u00f3n. A idea \u00e9 que sexa un proceso tranquilo cunha candidatura de consenso, este \u00e9 o noso obxectivo. A organizaci\u00f3n necesita unidade e traballar para que haxa cohesi\u00f3n e por suposto, todas e todos os militantes participan e te\u00f1en a posibilidade de presentarse. A nosa intenci\u00f3n e que poida haber representaci\u00f3n de todos os territorios na candidatura .<\/p>\n<\/blockquote>\n\n\n\n<p><strong>Podemos anticipar quen te vai substitu\u00edr como coordinadora xeral?<\/strong><\/p>\n\n\n\n<blockquote class=\"wp-block-quote is-layout-flow wp-block-quote-is-layout-flow\">\n<p>Pois non o sei, a direcci\u00f3n nacional a\u00ednda non presentou ningunha proposta en ning\u00fan \u00f3rgano, niso estamos traballando, a idea e que a persoa que sexa te\u00f1a dispo\u00f1ibilidade e tempo, capacidade de chegar a acordos con todas as persoas dentro da organizaci\u00f3n. Neste momento necesitamos fortalecernos na organizaci\u00f3n e temos que facelo evitando conflitos, dialogando e facendo debate pol\u00edtico.<\/p>\n<\/blockquote>\n\n\n\n<p><strong>Que tipo de relaci\u00f3ns tendes previsto manter con Podemos e con Sumar?<\/strong><\/p>\n\n\n\n<blockquote class=\"wp-block-quote is-layout-flow wp-block-quote-is-layout-flow\">\n<p>Estamos nunha \u00e9poca pre congresual na nosa organizaci\u00f3n, que \u00e9 Esquerda Unida, e niso estamos centrados: en facer m\u00e1is s\u00f3lida a Esquerda Unida, para ilusionar \u00e1 sociedade e podernos relanzar, outra cousa son os procesos electorais e iso xa se ver\u00e1 cando toque. Nos \u00faltimos anos present\u00e1monos aos procesos con f\u00f3rmulas diferentes, unha foron mellores ca outras pero, o espazo pol\u00edtico non se concreta s\u00f3 nos partidos, hai moita xente al\u00e9n deses espazos a que tam\u00e9n hai que intentar enrolar dalgunha maneira.<\/p>\n<\/blockquote>\n\n\n\n<blockquote class=\"wp-block-quote is-layout-flow wp-block-quote-is-layout-flow\">\n<p>Nun proceso electoral concreto ser\u00e1 a direcci\u00f3n a que determine cales son as alianzas concretas mellores para ese momento. O \u00f3ptimo \u00e9 tentar unha alianza ampla pero non sempre \u00e9 posible ou non sempre saen as cousas tan ben como quixeramos.<\/p>\n<\/blockquote>\n\n\n\n<p><strong>A t\u00faa visi\u00f3n ao respecto das relaci\u00f3ns con Podemos-Sumar, cal \u00e9?<\/strong><\/p>\n\n\n\n<blockquote class=\"wp-block-quote is-layout-flow wp-block-quote-is-layout-flow\">\n<p>Penso que hai que traballar tam\u00e9n coas outras organizaci\u00f3n pero non s\u00f3 na conxuntura electoral, sen\u00f3n tam\u00e9n no conflito no d\u00eda a d\u00eda ou nos espazos que podemos compartir en com\u00fan. Xa levamos dicindo hai varios procesos que as verdadeiras alianzas xorden cando hai un traballo previo, os acordos a nivel electoral poden sa\u00edr ben e ser positivos, pero se non hai un traballo do d\u00eda a d\u00eda, poden carecer de estabilidade.<\/p>\n<\/blockquote>\n\n\n\n<p><strong>Como valoras o traballo do teu compa\u00f1eiro Rub\u00e9n P\u00e9rez, o flamante secretario de estado?<\/strong><\/p>\n\n\n\n<blockquote class=\"wp-block-quote is-layout-flow wp-block-quote-is-layout-flow\">\n<p>Estase a facer un traballo moi positivo no Ministerio en xeral. En cuesti\u00f3ns sensibles como son a infancia e a xuventude, cos menores migrantes estase a facer un traballo moi relevante. Sabemos que hai dificultades pero esperemos que contin\u00fae as\u00ed.<\/p>\n<\/blockquote>\n\n\n\n<p><strong>Cal \u00e9 a t\u00faa opini\u00f3n sobre as actuais relaci\u00f3ns no goberno entre as partes Sumar- PSOE?<\/strong><\/p>\n\n\n\n<blockquote class=\"wp-block-quote is-layout-flow wp-block-quote-is-layout-flow\">\n<p>Desde o punto de vista de EU penso que hai moitas cuesti\u00f3n do acordo de goberno que est\u00e1n sen cumprir, penso que \u00e9 moi mellorable esa relaci\u00f3n. Si que se conseguiron cousas e vanse sacar m\u00e1is a base do esforzo, debate e dialogo pero hai moitos elementos sen cumprir que o PSOE ten que atender.<\/p>\n<\/blockquote>\n\n\n\n<p><strong>Que pensas do traballo de Aurora, a vosa concelleira no goberno de Cangas?<\/strong><\/p>\n\n\n\n<blockquote class=\"wp-block-quote is-layout-flow wp-block-quote-is-layout-flow\">\n<p>Xa cando estaba Pazos os compa\u00f1eiros de Cangas ti\u00f1an a virtude de intentar entenderse con outras organizaci\u00f3ns ou con xente coa que non comparten ao cento por cento as ideas. Algo que sempre \u00e9 dif\u00edcil cando un espazo \u00e9 moi plural e hai que facer un sobre esforzo. Penso que o leva ben, e o traballo que est\u00e1n facendo paga a pena e \u00e9 fundamental para que se poida manter en Cangas un goberno de esquerda.<\/p>\n<\/blockquote>\n\n\n\n<p><strong>Que vai ser de Eva Solla politicamente falando no momento que deixe de ser Coordinadora Xeral de Esquerda Unida?<\/strong><\/p>\n\n\n\n<blockquote class=\"wp-block-quote is-layout-flow wp-block-quote-is-layout-flow\">\n<p>Sigo militando tanto no Partido Comunista de Galicia como en Esquerda Unida.<\/p>\n<\/blockquote>\n\n\n\n<p><strong>Vas a seguir na militancia pol\u00edtica, e imaxino que na social tam\u00e9n?<\/strong><\/p>\n\n\n\n<blockquote class=\"wp-block-quote is-layout-flow wp-block-quote-is-layout-flow\">\n<p>Por descontado, eu vou ser unha militante toda a mi\u00f1a vida. A militancia non remata coas responsabilidades institucionais ou coas org\u00e1nicas. Por outra parte ter un descanso de responsabilidades \u00e9 necesario para poder atender as necesidades persoais, laborais e familiares.<\/p>\n<\/blockquote>\n","protected":false},"excerpt":{"rendered":"<div class=\"mh-excerpt\"><p>O vindeiro mes de abril Esquerda Unida desenvolver\u00e1 a s\u00faa Asemblea Nacional, al\u00ed a persoa que foi a m\u00e1xima responsables desta organizaci\u00f3n pol\u00edtica, a viguesa Eva Solla <a class=\"mh-excerpt-more\" href=\"https:\/\/www.anovapeneira.gal\/index.php\/2025\/02\/20\/eva-solla-coordinadora-xeral-de-esquerda-unida\/\" title=\"Eva Solla, Coordinadora Xeral de Esquerda Unida\">[&#8230;]<\/a><\/p>\n<\/div>","protected":false},"author":3,"featured_media":13375,"comment_status":"open","ping_status":"open","sticky":false,"template":"","format":"standard","meta":{"_exactmetrics_skip_tracking":false,"_exactmetrics_sitenote_active":false,"_exactmetrics_sitenote_note":"","_exactmetrics_sitenote_category":0,"footnotes":""},"categories":[19],"tags":[227],"class_list":{"0":"post-13374","1":"post","2":"type-post","3":"status-publish","4":"format-standard","5":"has-post-thumbnail","7":"category-vigo","8":"tag-concello-de-vigo"},"yoast_head":"<!-- This site is optimized with the Yoast SEO plugin v27.4 - https:\/\/yoast.com\/product\/yoast-seo-wordpress\/ -->\n<title>Eva Solla, Coordinadora Xeral de Esquerda Unida -<\/title>\n<meta name=\"robots\" content=\"index, follow, max-snippet:-1, max-image-preview:large, max-video-preview:-1\" \/>\n<link rel=\"canonical\" href=\"https:\/\/www.anovapeneira.gal\/index.php\/2025\/02\/20\/eva-solla-coordinadora-xeral-de-esquerda-unida\/\" \/>\n<meta property=\"og:locale\" content=\"gl_ES\" \/>\n<meta property=\"og:type\" content=\"article\" \/>\n<meta property=\"og:title\" content=\"Eva Solla, Coordinadora Xeral de Esquerda Unida -\" \/>\n<meta property=\"og:description\" content=\"O vindeiro mes de abril Esquerda Unida desenvolver\u00e1 a s\u00faa Asemblea Nacional, al\u00ed a persoa que foi a m\u00e1xima responsables desta organizaci\u00f3n pol\u00edtica, a viguesa Eva Solla [...]\" \/>\n<meta property=\"og:url\" content=\"https:\/\/www.anovapeneira.gal\/index.php\/2025\/02\/20\/eva-solla-coordinadora-xeral-de-esquerda-unida\/\" \/>\n<meta property=\"article:publisher\" content=\"https:\/\/www.facebook.com\/anovapeneira\" \/>\n<meta property=\"article:published_time\" content=\"2025-02-20T11:00:45+00:00\" \/>\n<meta property=\"og:image\" content=\"https:\/\/www.anovapeneira.gal\/wp-content\/uploads\/2025\/02\/eva_solla.jpg\" \/>\n\t<meta property=\"og:image:width\" content=\"720\" \/>\n\t<meta property=\"og:image:height\" content=\"432\" \/>\n\t<meta property=\"og:image:type\" content=\"image\/jpeg\" \/>\n<meta name=\"author\" content=\"Redacci\u00f3n A Nova Peneira\" \/>\n<meta name=\"twitter:card\" content=\"summary_large_image\" \/>\n<meta name=\"twitter:creator\" content=\"@APeneira\" \/>\n<meta name=\"twitter:site\" content=\"@APeneira\" \/>\n<meta name=\"twitter:label1\" content=\"Escrito por\" \/>\n\t<meta name=\"twitter:data1\" content=\"Redacci\u00f3n A Nova Peneira\" \/>\n\t<meta name=\"twitter:label2\" content=\"Tempo de lectura\" \/>\n\t<meta name=\"twitter:data2\" content=\"3 minutos\" \/>\n<script type=\"application\/ld+json\" class=\"yoast-schema-graph\">{\"@context\":\"https:\\\/\\\/schema.org\",\"@graph\":[{\"@type\":\"Article\",\"@id\":\"https:\\\/\\\/www.anovapeneira.gal\\\/index.php\\\/2025\\\/02\\\/20\\\/eva-solla-coordinadora-xeral-de-esquerda-unida\\\/#article\",\"isPartOf\":{\"@id\":\"https:\\\/\\\/www.anovapeneira.gal\\\/index.php\\\/2025\\\/02\\\/20\\\/eva-solla-coordinadora-xeral-de-esquerda-unida\\\/\"},\"author\":{\"name\":\"Redacci\u00f3n A Nova Peneira\",\"@id\":\"https:\\\/\\\/www.anovapeneira.gal\\\/#\\\/schema\\\/person\\\/b93e3f8932e3f8da96334607eb6ac6aa\"},\"headline\":\"Eva Solla, Coordinadora Xeral de Esquerda Unida\",\"datePublished\":\"2025-02-20T11:00:45+00:00\",\"mainEntityOfPage\":{\"@id\":\"https:\\\/\\\/www.anovapeneira.gal\\\/index.php\\\/2025\\\/02\\\/20\\\/eva-solla-coordinadora-xeral-de-esquerda-unida\\\/\"},\"wordCount\":1144,\"commentCount\":0,\"publisher\":{\"@id\":\"https:\\\/\\\/www.anovapeneira.gal\\\/#organization\"},\"image\":{\"@id\":\"https:\\\/\\\/www.anovapeneira.gal\\\/index.php\\\/2025\\\/02\\\/20\\\/eva-solla-coordinadora-xeral-de-esquerda-unida\\\/#primaryimage\"},\"thumbnailUrl\":\"https:\\\/\\\/www.anovapeneira.gal\\\/wp-content\\\/uploads\\\/2025\\\/02\\\/eva_solla.jpg\",\"keywords\":[\"Concello de Vigo\"],\"articleSection\":[\"Vigo\"],\"inLanguage\":\"gl-ES\",\"potentialAction\":[{\"@type\":\"CommentAction\",\"name\":\"Comment\",\"target\":[\"https:\\\/\\\/www.anovapeneira.gal\\\/index.php\\\/2025\\\/02\\\/20\\\/eva-solla-coordinadora-xeral-de-esquerda-unida\\\/#respond\"]}]},{\"@type\":\"WebPage\",\"@id\":\"https:\\\/\\\/www.anovapeneira.gal\\\/index.php\\\/2025\\\/02\\\/20\\\/eva-solla-coordinadora-xeral-de-esquerda-unida\\\/\",\"url\":\"https:\\\/\\\/www.anovapeneira.gal\\\/index.php\\\/2025\\\/02\\\/20\\\/eva-solla-coordinadora-xeral-de-esquerda-unida\\\/\",\"name\":\"Eva Solla, Coordinadora Xeral de Esquerda Unida -\",\"isPartOf\":{\"@id\":\"https:\\\/\\\/www.anovapeneira.gal\\\/#website\"},\"primaryImageOfPage\":{\"@id\":\"https:\\\/\\\/www.anovapeneira.gal\\\/index.php\\\/2025\\\/02\\\/20\\\/eva-solla-coordinadora-xeral-de-esquerda-unida\\\/#primaryimage\"},\"image\":{\"@id\":\"https:\\\/\\\/www.anovapeneira.gal\\\/index.php\\\/2025\\\/02\\\/20\\\/eva-solla-coordinadora-xeral-de-esquerda-unida\\\/#primaryimage\"},\"thumbnailUrl\":\"https:\\\/\\\/www.anovapeneira.gal\\\/wp-content\\\/uploads\\\/2025\\\/02\\\/eva_solla.jpg\",\"datePublished\":\"2025-02-20T11:00:45+00:00\",\"breadcrumb\":{\"@id\":\"https:\\\/\\\/www.anovapeneira.gal\\\/index.php\\\/2025\\\/02\\\/20\\\/eva-solla-coordinadora-xeral-de-esquerda-unida\\\/#breadcrumb\"},\"inLanguage\":\"gl-ES\",\"potentialAction\":[{\"@type\":\"ReadAction\",\"target\":[\"https:\\\/\\\/www.anovapeneira.gal\\\/index.php\\\/2025\\\/02\\\/20\\\/eva-solla-coordinadora-xeral-de-esquerda-unida\\\/\"]}]},{\"@type\":\"ImageObject\",\"inLanguage\":\"gl-ES\",\"@id\":\"https:\\\/\\\/www.anovapeneira.gal\\\/index.php\\\/2025\\\/02\\\/20\\\/eva-solla-coordinadora-xeral-de-esquerda-unida\\\/#primaryimage\",\"url\":\"https:\\\/\\\/www.anovapeneira.gal\\\/wp-content\\\/uploads\\\/2025\\\/02\\\/eva_solla.jpg\",\"contentUrl\":\"https:\\\/\\\/www.anovapeneira.gal\\\/wp-content\\\/uploads\\\/2025\\\/02\\\/eva_solla.jpg\",\"width\":720,\"height\":432,\"caption\":\"Eva Solla\"},{\"@type\":\"BreadcrumbList\",\"@id\":\"https:\\\/\\\/www.anovapeneira.gal\\\/index.php\\\/2025\\\/02\\\/20\\\/eva-solla-coordinadora-xeral-de-esquerda-unida\\\/#breadcrumb\",\"itemListElement\":[{\"@type\":\"ListItem\",\"position\":1,\"name\":\"Portada\",\"item\":\"https:\\\/\\\/www.anovapeneira.gal\\\/\"},{\"@type\":\"ListItem\",\"position\":2,\"name\":\"Eva Solla, Coordinadora Xeral de Esquerda Unida\"}]},{\"@type\":\"WebSite\",\"@id\":\"https:\\\/\\\/www.anovapeneira.gal\\\/#website\",\"url\":\"https:\\\/\\\/www.anovapeneira.gal\\\/\",\"name\":\"\",\"description\":\"Xornal galego de informaci\u00f3n xeral Publicaci\u00f3n mensual de novas de Galicia e en especial dos Concellos da sur da provincia de Pontevedra.\",\"publisher\":{\"@id\":\"https:\\\/\\\/www.anovapeneira.gal\\\/#organization\"},\"potentialAction\":[{\"@type\":\"SearchAction\",\"target\":{\"@type\":\"EntryPoint\",\"urlTemplate\":\"https:\\\/\\\/www.anovapeneira.gal\\\/?s={search_term_string}\"},\"query-input\":{\"@type\":\"PropertyValueSpecification\",\"valueRequired\":true,\"valueName\":\"search_term_string\"}}],\"inLanguage\":\"gl-ES\"},{\"@type\":\"Organization\",\"@id\":\"https:\\\/\\\/www.anovapeneira.gal\\\/#organization\",\"name\":\"A Nova Peneira\",\"url\":\"https:\\\/\\\/www.anovapeneira.gal\\\/\",\"logo\":{\"@type\":\"ImageObject\",\"inLanguage\":\"gl-ES\",\"@id\":\"https:\\\/\\\/www.anovapeneira.gal\\\/#\\\/schema\\\/logo\\\/image\\\/\",\"url\":\"http:\\\/\\\/www.anovapeneira.gal\\\/wp-content\\\/uploads\\\/2019\\\/06\\\/logo_a_nova_peneira_portal_web.png\",\"contentUrl\":\"http:\\\/\\\/www.anovapeneira.gal\\\/wp-content\\\/uploads\\\/2019\\\/06\\\/logo_a_nova_peneira_portal_web.png\",\"width\":300,\"height\":100,\"caption\":\"A Nova Peneira\"},\"image\":{\"@id\":\"https:\\\/\\\/www.anovapeneira.gal\\\/#\\\/schema\\\/logo\\\/image\\\/\"},\"sameAs\":[\"https:\\\/\\\/www.facebook.com\\\/anovapeneira\",\"https:\\\/\\\/x.com\\\/APeneira\"]},{\"@type\":\"Person\",\"@id\":\"https:\\\/\\\/www.anovapeneira.gal\\\/#\\\/schema\\\/person\\\/b93e3f8932e3f8da96334607eb6ac6aa\",\"name\":\"Redacci\u00f3n A Nova Peneira\",\"image\":{\"@type\":\"ImageObject\",\"inLanguage\":\"gl-ES\",\"@id\":\"https:\\\/\\\/secure.gravatar.com\\\/avatar\\\/c052a2551a06e23fac63626232eaa90abd78dbcf1700fc46a2b2c89fd27b735f?s=96&d=mm&r=g\",\"url\":\"https:\\\/\\\/secure.gravatar.com\\\/avatar\\\/c052a2551a06e23fac63626232eaa90abd78dbcf1700fc46a2b2c89fd27b735f?s=96&d=mm&r=g\",\"contentUrl\":\"https:\\\/\\\/secure.gravatar.com\\\/avatar\\\/c052a2551a06e23fac63626232eaa90abd78dbcf1700fc46a2b2c89fd27b735f?s=96&d=mm&r=g\",\"caption\":\"Redacci\u00f3n A Nova Peneira\"},\"sameAs\":[\"http:\\\/\\\/www.anovapeneira.gal\\\/\"],\"url\":\"https:\\\/\\\/www.anovapeneira.gal\\\/index.php\\\/author\\\/redactor\\\/\"}]}<\/script>\n<!-- \/ Yoast SEO plugin. -->","yoast_head_json":{"title":"Eva Solla, Coordinadora Xeral de Esquerda Unida -","robots":{"index":"index","follow":"follow","max-snippet":"max-snippet:-1","max-image-preview":"max-image-preview:large","max-video-preview":"max-video-preview:-1"},"canonical":"https:\/\/www.anovapeneira.gal\/index.php\/2025\/02\/20\/eva-solla-coordinadora-xeral-de-esquerda-unida\/","og_locale":"gl_ES","og_type":"article","og_title":"Eva Solla, Coordinadora Xeral de Esquerda Unida -","og_description":"O vindeiro mes de abril Esquerda Unida desenvolver\u00e1 a s\u00faa Asemblea Nacional, al\u00ed a persoa que foi a m\u00e1xima responsables desta organizaci\u00f3n pol\u00edtica, a viguesa Eva Solla [...]","og_url":"https:\/\/www.anovapeneira.gal\/index.php\/2025\/02\/20\/eva-solla-coordinadora-xeral-de-esquerda-unida\/","article_publisher":"https:\/\/www.facebook.com\/anovapeneira","article_published_time":"2025-02-20T11:00:45+00:00","og_image":[{"width":720,"height":432,"url":"https:\/\/www.anovapeneira.gal\/wp-content\/uploads\/2025\/02\/eva_solla.jpg","type":"image\/jpeg"}],"author":"Redacci\u00f3n A Nova Peneira","twitter_card":"summary_large_image","twitter_creator":"@APeneira","twitter_site":"@APeneira","twitter_misc":{"Escrito por":"Redacci\u00f3n A Nova Peneira","Tempo de lectura":"3 minutos"},"schema":{"@context":"https:\/\/schema.org","@graph":[{"@type":"Article","@id":"https:\/\/www.anovapeneira.gal\/index.php\/2025\/02\/20\/eva-solla-coordinadora-xeral-de-esquerda-unida\/#article","isPartOf":{"@id":"https:\/\/www.anovapeneira.gal\/index.php\/2025\/02\/20\/eva-solla-coordinadora-xeral-de-esquerda-unida\/"},"author":{"name":"Redacci\u00f3n A Nova Peneira","@id":"https:\/\/www.anovapeneira.gal\/#\/schema\/person\/b93e3f8932e3f8da96334607eb6ac6aa"},"headline":"Eva Solla, Coordinadora Xeral de Esquerda Unida","datePublished":"2025-02-20T11:00:45+00:00","mainEntityOfPage":{"@id":"https:\/\/www.anovapeneira.gal\/index.php\/2025\/02\/20\/eva-solla-coordinadora-xeral-de-esquerda-unida\/"},"wordCount":1144,"commentCount":0,"publisher":{"@id":"https:\/\/www.anovapeneira.gal\/#organization"},"image":{"@id":"https:\/\/www.anovapeneira.gal\/index.php\/2025\/02\/20\/eva-solla-coordinadora-xeral-de-esquerda-unida\/#primaryimage"},"thumbnailUrl":"https:\/\/www.anovapeneira.gal\/wp-content\/uploads\/2025\/02\/eva_solla.jpg","keywords":["Concello de Vigo"],"articleSection":["Vigo"],"inLanguage":"gl-ES","potentialAction":[{"@type":"CommentAction","name":"Comment","target":["https:\/\/www.anovapeneira.gal\/index.php\/2025\/02\/20\/eva-solla-coordinadora-xeral-de-esquerda-unida\/#respond"]}]},{"@type":"WebPage","@id":"https:\/\/www.anovapeneira.gal\/index.php\/2025\/02\/20\/eva-solla-coordinadora-xeral-de-esquerda-unida\/","url":"https:\/\/www.anovapeneira.gal\/index.php\/2025\/02\/20\/eva-solla-coordinadora-xeral-de-esquerda-unida\/","name":"Eva Solla, Coordinadora Xeral de Esquerda Unida -","isPartOf":{"@id":"https:\/\/www.anovapeneira.gal\/#website"},"primaryImageOfPage":{"@id":"https:\/\/www.anovapeneira.gal\/index.php\/2025\/02\/20\/eva-solla-coordinadora-xeral-de-esquerda-unida\/#primaryimage"},"image":{"@id":"https:\/\/www.anovapeneira.gal\/index.php\/2025\/02\/20\/eva-solla-coordinadora-xeral-de-esquerda-unida\/#primaryimage"},"thumbnailUrl":"https:\/\/www.anovapeneira.gal\/wp-content\/uploads\/2025\/02\/eva_solla.jpg","datePublished":"2025-02-20T11:00:45+00:00","breadcrumb":{"@id":"https:\/\/www.anovapeneira.gal\/index.php\/2025\/02\/20\/eva-solla-coordinadora-xeral-de-esquerda-unida\/#breadcrumb"},"inLanguage":"gl-ES","potentialAction":[{"@type":"ReadAction","target":["https:\/\/www.anovapeneira.gal\/index.php\/2025\/02\/20\/eva-solla-coordinadora-xeral-de-esquerda-unida\/"]}]},{"@type":"ImageObject","inLanguage":"gl-ES","@id":"https:\/\/www.anovapeneira.gal\/index.php\/2025\/02\/20\/eva-solla-coordinadora-xeral-de-esquerda-unida\/#primaryimage","url":"https:\/\/www.anovapeneira.gal\/wp-content\/uploads\/2025\/02\/eva_solla.jpg","contentUrl":"https:\/\/www.anovapeneira.gal\/wp-content\/uploads\/2025\/02\/eva_solla.jpg","width":720,"height":432,"caption":"Eva Solla"},{"@type":"BreadcrumbList","@id":"https:\/\/www.anovapeneira.gal\/index.php\/2025\/02\/20\/eva-solla-coordinadora-xeral-de-esquerda-unida\/#breadcrumb","itemListElement":[{"@type":"ListItem","position":1,"name":"Portada","item":"https:\/\/www.anovapeneira.gal\/"},{"@type":"ListItem","position":2,"name":"Eva Solla, Coordinadora Xeral de Esquerda Unida"}]},{"@type":"WebSite","@id":"https:\/\/www.anovapeneira.gal\/#website","url":"https:\/\/www.anovapeneira.gal\/","name":"","description":"Xornal galego de informaci\u00f3n xeral Publicaci\u00f3n mensual de novas de Galicia e en especial dos Concellos da sur da provincia de Pontevedra.","publisher":{"@id":"https:\/\/www.anovapeneira.gal\/#organization"},"potentialAction":[{"@type":"SearchAction","target":{"@type":"EntryPoint","urlTemplate":"https:\/\/www.anovapeneira.gal\/?s={search_term_string}"},"query-input":{"@type":"PropertyValueSpecification","valueRequired":true,"valueName":"search_term_string"}}],"inLanguage":"gl-ES"},{"@type":"Organization","@id":"https:\/\/www.anovapeneira.gal\/#organization","name":"A Nova Peneira","url":"https:\/\/www.anovapeneira.gal\/","logo":{"@type":"ImageObject","inLanguage":"gl-ES","@id":"https:\/\/www.anovapeneira.gal\/#\/schema\/logo\/image\/","url":"http:\/\/www.anovapeneira.gal\/wp-content\/uploads\/2019\/06\/logo_a_nova_peneira_portal_web.png","contentUrl":"http:\/\/www.anovapeneira.gal\/wp-content\/uploads\/2019\/06\/logo_a_nova_peneira_portal_web.png","width":300,"height":100,"caption":"A Nova Peneira"},"image":{"@id":"https:\/\/www.anovapeneira.gal\/#\/schema\/logo\/image\/"},"sameAs":["https:\/\/www.facebook.com\/anovapeneira","https:\/\/x.com\/APeneira"]},{"@type":"Person","@id":"https:\/\/www.anovapeneira.gal\/#\/schema\/person\/b93e3f8932e3f8da96334607eb6ac6aa","name":"Redacci\u00f3n A Nova Peneira","image":{"@type":"ImageObject","inLanguage":"gl-ES","@id":"https:\/\/secure.gravatar.com\/avatar\/c052a2551a06e23fac63626232eaa90abd78dbcf1700fc46a2b2c89fd27b735f?s=96&d=mm&r=g","url":"https:\/\/secure.gravatar.com\/avatar\/c052a2551a06e23fac63626232eaa90abd78dbcf1700fc46a2b2c89fd27b735f?s=96&d=mm&r=g","contentUrl":"https:\/\/secure.gravatar.com\/avatar\/c052a2551a06e23fac63626232eaa90abd78dbcf1700fc46a2b2c89fd27b735f?s=96&d=mm&r=g","caption":"Redacci\u00f3n A Nova Peneira"},"sameAs":["http:\/\/www.anovapeneira.gal\/"],"url":"https:\/\/www.anovapeneira.gal\/index.php\/author\/redactor\/"}]}},"jetpack_featured_media_url":"https:\/\/www.anovapeneira.gal\/wp-content\/uploads\/2025\/02\/eva_solla.jpg","_links":{"self":[{"href":"https:\/\/www.anovapeneira.gal\/index.php\/wp-json\/wp\/v2\/posts\/13374","targetHints":{"allow":["GET"]}}],"collection":[{"href":"https:\/\/www.anovapeneira.gal\/index.php\/wp-json\/wp\/v2\/posts"}],"about":[{"href":"https:\/\/www.anovapeneira.gal\/index.php\/wp-json\/wp\/v2\/types\/post"}],"author":[{"embeddable":true,"href":"https:\/\/www.anovapeneira.gal\/index.php\/wp-json\/wp\/v2\/users\/3"}],"replies":[{"embeddable":true,"href":"https:\/\/www.anovapeneira.gal\/index.php\/wp-json\/wp\/v2\/comments?post=13374"}],"version-history":[{"count":2,"href":"https:\/\/www.anovapeneira.gal\/index.php\/wp-json\/wp\/v2\/posts\/13374\/revisions"}],"predecessor-version":[{"id":13377,"href":"https:\/\/www.anovapeneira.gal\/index.php\/wp-json\/wp\/v2\/posts\/13374\/revisions\/13377"}],"wp:featuredmedia":[{"embeddable":true,"href":"https:\/\/www.anovapeneira.gal\/index.php\/wp-json\/wp\/v2\/media\/13375"}],"wp:attachment":[{"href":"https:\/\/www.anovapeneira.gal\/index.php\/wp-json\/wp\/v2\/media?parent=13374"}],"wp:term":[{"taxonomy":"category","embeddable":true,"href":"https:\/\/www.anovapeneira.gal\/index.php\/wp-json\/wp\/v2\/categories?post=13374"},{"taxonomy":"post_tag","embeddable":true,"href":"https:\/\/www.anovapeneira.gal\/index.php\/wp-json\/wp\/v2\/tags?post=13374"}],"curies":[{"name":"wp","href":"https:\/\/api.w.org\/{rel}","templated":true}]}}