{"id":13378,"date":"2025-02-21T10:00:58","date_gmt":"2025-02-21T09:00:58","guid":{"rendered":"https:\/\/www.anovapeneira.gal\/?p=13378"},"modified":"2025-02-21T10:56:42","modified_gmt":"2025-02-21T09:56:42","slug":"roberto-villar-concelleiro-de-aer-no-concello-de-redondela","status":"publish","type":"post","link":"https:\/\/www.anovapeneira.gal\/index.php\/2025\/02\/21\/roberto-villar-concelleiro-de-aer-no-concello-de-redondela\/","title":{"rendered":"Roberto Villar concelleiro de AER no Concello de Redondela"},"content":{"rendered":"\n<p><strong>Rematamos esta xeira de an\u00e1lise en profundidade da pol\u00edtica local de Redondela falando con Roberto Villar, concelleiro da agrupaci\u00f3n de electores e membro do goberno local. Este apaixonado da ecolox\u00eda afronta o seu segundo mandato como como concelleiro. Na s\u00faa primeira experiencia que comezou no ano 19 , interrompida despois de que AER decidise romper coa alcaldesa Digna Rivas, foi concelleiro de medio ambiente e cando abandonou a conceller\u00eda decidiu ampliar a s\u00faa formaci\u00f3n e cursar un ciclo de educaci\u00f3n ambiental. No medio dun contexto moi complicado na pol\u00edtica local, no que parece que a tensi\u00f3n entre os distintos grupos est\u00e1 en niveis demasiado elevados para poder facer pol\u00edtica con normalidade, conversamos con Roberto quen defendeu con paix\u00f3n o traballo de AER e a pertinencia da s\u00faa forma de facer pol\u00edtica. Vela\u00ed vai o que deu de si a nosa conversa<\/strong><\/p>\n\n\n\n<h2 class=\"wp-block-heading\">\u201c<strong>Javier Bas \u00e9 o grande vendedor de fume de Redondela\u201d<\/strong><\/h2>\n\n\n\n<p><strong>Cales son as \u00e1reas sobre as que ten responsabilidade a t\u00faa conceller\u00eda?<\/strong><\/p>\n\n\n\n<blockquote class=\"wp-block-quote is-layout-flow wp-block-quote-is-layout-flow\">\n<p>Obras, Auga e saneamento, lixo o control e rescate de especies e actividades de educaci\u00f3n ambiental.<\/p>\n<\/blockquote>\n\n\n\n<p><strong>Ti es dos fundadores de AER?<\/strong><\/p>\n\n\n\n<blockquote class=\"wp-block-quote is-layout-flow wp-block-quote-is-layout-flow\">\n<p>Non, eu entrei en AER no ano 2015.Fun votante desde sempre, pero non foi ata ese ano cando comecei a participar activamente.<\/p>\n<\/blockquote>\n\n\n\n<p><strong>Por que te decidiches a entrar en pol\u00edtica?<\/strong><\/p>\n\n\n\n<blockquote class=\"wp-block-quote is-layout-flow wp-block-quote-is-layout-flow\">\n<p>Sempre, xa desde cativo, me interesou a realidade pol\u00edtica, pero o que motivou que dese o paso foi a ampliaci\u00f3n da AP9 en Chapela, un tema que me afectou persoalmente de maneira moi importante.<\/p>\n<\/blockquote>\n\n\n\n<p><strong>Algunha lembranza especial daqueles momentos?<\/strong><\/p>\n\n\n\n<blockquote class=\"wp-block-quote is-layout-flow wp-block-quote-is-layout-flow\">\n<p>Moitas, pero creo que a que se leva o primeiro posto no podio \u00e9 a actuaci\u00f3n do grande vendedor de fume de Redondela Javier Bas. Dedicarse \u00e1 pol\u00edtica ten cousas moi desagradables, pero traballar para mellorar a vida da veci\u00f1anza e en consecuencia impedir que un PP nocivo,o PP de Javier Bas, chegue ao goberno de Redondela dignifica a pr\u00e1ctica pol\u00edtica.<\/p>\n<\/blockquote>\n\n\n\n<p><strong>Percibes algunha diferenza entre o Javier Bas de antes de Madrid, e o Javier Bas de despois de Madrid?<\/strong><\/p>\n\n\n\n<blockquote class=\"wp-block-quote is-layout-flow wp-block-quote-is-layout-flow\">\n<p>Si, claramente si. El veu \u201cAyusado\u201d de Madrid. Parece que coa s\u00faa agresividade est\u00e1 a ga\u00f1ar puntos para que os seus xefes o mante\u00f1an. Resultan en verdade chocantes as s\u00faas cr\u00edticas recorrentes ao meu soldo,ao soldo dun concelleiro escollido democraticamente, cando el ten un soldo que duplica ao meu nun posto que lle deron a dedo.<\/p>\n<\/blockquote>\n\n\n\n<p><strong>Ben, o certo \u00e9 que cando chegou a alcald\u00eda baixouse o soldo<\/strong><\/p>\n\n\n\n<blockquote class=\"wp-block-quote is-layout-flow wp-block-quote-is-layout-flow\">\n<p>Si, pero non por propia vontade. Baixouse o soldo porque llo esixiu AER.<\/p>\n<\/blockquote>\n\n\n\n<p><strong>Despois da explosi\u00f3n electoral inicial, que leva a AER \u00e1s catro actas, veu a tendencia claramente descendente na que estades agora cun s\u00f3 concelleiro. Tedes analizado na agrupaci\u00f3n de maneira autocr\u00edtica os motivos que levaron a esta situaci\u00f3n?<\/strong><\/p>\n\n\n\n<blockquote class=\"wp-block-quote is-layout-flow wp-block-quote-is-layout-flow\">\n<p>Desde logo que o temos analizado de maneira autocr\u00edtica. Non creo que se poida dar unha resposta concreta para explicalo, penso que se trata dunha suma de raz\u00f3ns varias. Posiblemente ternos marchado no mandato anterior do goberno nos prexudicara , e por outra parte AER \u00e9 obxecto das cr\u00edticas de todos , tanto desde a dereita como desde a esquerda, e c\u00f3nstanos que persoas que te\u00f1en interese en achegarse \u00e1 agrupaci\u00f3n t\u00e9\u00f1ense botado para atr\u00e1s por medo \u00e1s consecuencias que lles puidera supor.<\/p>\n<\/blockquote>\n\n\n\n<blockquote class=\"wp-block-quote is-layout-flow wp-block-quote-is-layout-flow\">\n<p>E por \u00faltimo hai xente que se achega \u00e1 pol\u00edtica coa boa intenci\u00f3n de contribu\u00edr ao ben com\u00fan, pero tam\u00e9n os hai que s\u00f3 ve\u00f1en para tratar de arranxar cuesti\u00f3ns persoais e n\u00f3s non fomos inmunes a esa situaci\u00f3n.<\/p>\n<\/blockquote>\n\n\n\n<p><strong>O modus operandi da agrupaci\u00f3n de electores mudou nalg\u00fan momento?<\/strong><\/p>\n\n\n\n<blockquote class=\"wp-block-quote is-layout-flow wp-block-quote-is-layout-flow\">\n<p>Non, categoricamente non. Sempre foi o mesmo, radicalmente democr\u00e1tico, desde o principio.<\/p>\n<\/blockquote>\n\n\n\n<p><strong>Que valoraci\u00f3n fas destes dous anos de goberno?<\/strong><\/p>\n\n\n\n<blockquote class=\"wp-block-quote is-layout-flow wp-block-quote-is-layout-flow\">\n<p>Se me preguntas polo goberno en xeral a resposta vai ser diferente a se me preguntas pola mi\u00f1a \u00e1rea.<\/p>\n<\/blockquote>\n\n\n\n<p><strong>Pois imos por partes:Val\u00f3rame os dous anos de goberno no seu conxunto?<\/strong><\/p>\n\n\n\n<blockquote class=\"wp-block-quote is-layout-flow wp-block-quote-is-layout-flow\">\n<p>V\u00e9xoos frouxos. \u00c9 un goberno un tanto decepcionante no que respecta \u00e1 s\u00faa organizaci\u00f3n. Hai grandes ideas e proxectos moi importantes pero \u00e9 necesario mellorar a organizaci\u00f3n. A alcaldesa debe tam\u00e9n de delegar m\u00e1is e mellor.<\/p>\n<\/blockquote>\n\n\n\n<p><strong>Este \u00e9, como di o PP, o goberno do facebook?<\/strong><\/p>\n\n\n\n<blockquote class=\"wp-block-quote is-layout-flow wp-block-quote-is-layout-flow\">\n<p>Non, iso \u00e9 falso. Pero si \u00e9 o goberno do whats app e \u00e1 veci\u00f1anza non se lle pode atender por whats app. Quero deixar claro que o PP, cando gobernou Redondela, tam\u00e9n o fac\u00eda, e esa forma de actuar \u00e9 puro clientelismo. Esta \u00e9 unha administraci\u00f3n de arredor de 30.000 habitantes e a comunicaci\u00f3n coa administraci\u00f3n debe de realizarse por escrito. O caso contrario \u00e9 discriminatorio, s\u00f3 se atenden aos veci\u00f1os que te\u00f1an acceso aos nosos m\u00f3biles, e asemade satura o d\u00eda a d\u00eda do concelleiro en cuesti\u00f3n.<\/p>\n<\/blockquote>\n\n\n\n<p><strong>Agora t\u00f3cache valorar a t\u00faa \u00e1rea?<\/strong><\/p>\n\n\n\n<blockquote class=\"wp-block-quote is-layout-flow wp-block-quote-is-layout-flow\">\n<p>Trato de profesionalizar, ordenar e mellorar a estrutura da mi\u00f1a conceller\u00eda. Unha das cuesti\u00f3ns das que estou m\u00e1is satisfeito \u00e9 ter investido cartos, despois de moitos anos, nas instalaci\u00f3ns de v\u00edas e obras. Regulamos tam\u00e9n a xesti\u00f3n de residuos,ata ent\u00f3n era un aut\u00e9ntico desastre.<\/p>\n<\/blockquote>\n\n\n\n<p><strong>Expl\u00edcanos a cuesti\u00f3n da factura\/s que supostamente abonou a t\u00faa conceller\u00eda \u00e1 empresa na que traballa o ex concelleiro de AER Daniel Boullosa?<\/strong><\/p>\n\n\n\n<blockquote class=\"wp-block-quote is-layout-flow wp-block-quote-is-layout-flow\">\n<p>Ese asunto \u00e9 pura pol\u00edtica da lama. Estamos falando dunha soa factura de 1.200\u20ac para mudar as l\u00e1mpadas dun xard\u00edn que hab\u00eda que cambiar .Eu comprei nesa empresa por prezo,porque foi como sa\u00eda m\u00e1is barato .Non hai ningunha ilegalidade e nin sequera ningunha inmoralidade. O BNG foi facer dano de maneira total e absolutamente inmotivada. Non entendo ese odio irracional que nos ten o BNG, eu mesmo voto ao BNG en distintos procesos electorais pero este odio absurdo que nos ten o Bloque de Redondela \u00e9 incomprensible.<\/p>\n<\/blockquote>\n\n\n\n<p><strong>Ides tomar algunha medida legal?<\/strong><\/p>\n\n\n\n<p>Estivemos sopes\u00e1ndoo, pero decidimos pasar da lama. Ese espazo deix\u00e1mosllo a outros. Neste asunto o BNG deulle de comer \u00e1s gaivotas do PP. Sinalar con nomes e apelidos publicamente a persoas que non te\u00f1en nada que ver coa pol\u00edtica \u00e9 lamentable.<\/p>\n\n\n\n<p><strong>Malia que AER \u00e9 unha agrupaci\u00f3n local, todas as persoas que estades na agrupaci\u00f3n estades interesadas na pol\u00edtica e quero rematar co\u00f1ecendo a t\u00faa opini\u00f3n, de maneira sint\u00e9tica, sobre figuras salientables da actualidade pol\u00edtica.<\/strong><\/p>\n\n\n\n<p><strong>Ayuso?<\/strong><\/p>\n\n\n\n<p>Unha fascista.<\/p>\n\n\n\n<p><strong>Rueda?<\/strong><\/p>\n\n\n\n<p>Un aproveitado bastante menos comprometido con Galicia do que o estaba Fraga.<\/p>\n\n\n\n<p><strong>O \u00ednclito conselleiro, do que non quero dicir nin o nome, que afirmou que en San Sim\u00f3n non se mataban persoas?<\/strong><\/p>\n\n\n\n<p>Un tipo que carece de cerebro. Semellante barbaridade \u00e9 o peor insulto que se lle pode facer a Redondela e \u00e1 s\u00faa historia.<\/p>\n\n\n\n<p><strong>Alberto Pazos?<\/strong><\/p>\n\n\n\n<p>\u00c9 unha persoa que \u00e9 anti Redondela. Eu non querer\u00eda vivir na Redondela de Alberto Pazos. No PP de Redondela non manda Javier Bas, manda Alberto Pazos. El \u00e9 o l\u00edder real da dereita redondel\u00e1. Estamos agardando a\u00ednda que condene as infames palabras sobre San Sim\u00f3n do seu compa\u00f1eiro polo que antes me preguntabas.<\/p>\n\n\n\n<p><strong>Por que dis que Alberto Pazos \u00e9 anti Redondela?<\/strong><\/p>\n\n\n\n<p>Porque sempre que os intereses de Redondela chocan cos intereses do PP el, todas as veces sen excepci\u00f3n, escolle situarse do lado do seu partido.<\/p>\n\n\n\n<p><strong>Javier Bas?<\/strong><\/p>\n\n\n\n<p>Un aproveitado da pol\u00edtica que fai cousas realmente lamentables.<\/p>\n\n\n\n<p><strong>Como por exemplo?<\/strong><\/p>\n\n\n\n<p>Nun pleno d\u00edxonos a Rita P\u00e9rez e a min que n\u00f3s nunca ga\u00f1ariamos tanto di\u00f1eiro no sector privado como ga\u00f1ou el. Eu son un orgulloso caldeireiro, que desde logo nunca ser\u00eda banqueiro como el.<\/p>\n\n\n\n<p><strong>Digna Rivas?<\/strong><\/p>\n\n\n\n<p>Unha pol\u00edtica cl\u00e1sica \u00e1 que respecto e coa que te\u00f1o boa relaci\u00f3n. Ao meu xu\u00edzo \u00e9 demasiado autoritaria.<\/p>\n\n\n\n<p><strong>Xoan Carlos Gonz\u00e1lez?<\/strong><\/p>\n\n\n\n<p>Unha persoa que ten aversi\u00f3n a AER e o seu \u00fanico obxectivo parece ser destru\u00edrnos.<\/p>\n\n\n\n<p><strong>Roberto Villar?<\/strong><\/p>\n\n\n\n<p>Un \u201cperroflauta\u201d, unha anomal\u00eda pol\u00edtica.<\/p>\n\n\n\n<p><strong>Unha \u00faltima pregunta de si ou non: O goberno aguanta ata a fin do mandato?<\/strong><\/p>\n\n\n\n<p>Por AER non vai ser. Pero todo depende de que se cumpran os acordos pactados. Se non se cumpren non desboto nada.<\/p>\n","protected":false},"excerpt":{"rendered":"<div class=\"mh-excerpt\"><p>Rematamos esta xeira de an\u00e1lise en profundidade da pol\u00edtica local de Redondela falando con Roberto Villar, concelleiro da agrupaci\u00f3n de electores e membro do goberno local <a class=\"mh-excerpt-more\" href=\"https:\/\/www.anovapeneira.gal\/index.php\/2025\/02\/21\/roberto-villar-concelleiro-de-aer-no-concello-de-redondela\/\" title=\"Roberto Villar concelleiro de AER no Concello de Redondela\">[&#8230;]<\/a><\/p>\n<\/div>","protected":false},"author":1,"featured_media":13379,"comment_status":"open","ping_status":"open","sticky":false,"template":"","format":"standard","meta":{"_exactmetrics_skip_tracking":false,"_exactmetrics_sitenote_active":false,"_exactmetrics_sitenote_note":"","_exactmetrics_sitenote_category":0,"footnotes":""},"categories":[1],"tags":[],"class_list":{"0":"post-13378","1":"post","2":"type-post","3":"status-publish","4":"format-standard","5":"has-post-thumbnail","7":"category-sin-categoria"},"yoast_head":"<!-- This site is optimized with the Yoast SEO plugin v27.4 - https:\/\/yoast.com\/product\/yoast-seo-wordpress\/ -->\n<title>Roberto Villar concelleiro de AER no Concello de Redondela -<\/title>\n<meta name=\"robots\" content=\"index, follow, max-snippet:-1, max-image-preview:large, max-video-preview:-1\" \/>\n<link rel=\"canonical\" href=\"https:\/\/www.anovapeneira.gal\/index.php\/2025\/02\/21\/roberto-villar-concelleiro-de-aer-no-concello-de-redondela\/\" \/>\n<meta property=\"og:locale\" content=\"gl_ES\" \/>\n<meta property=\"og:type\" content=\"article\" \/>\n<meta property=\"og:title\" content=\"Roberto Villar concelleiro de AER no Concello de Redondela -\" \/>\n<meta property=\"og:description\" content=\"Rematamos esta xeira de an\u00e1lise en profundidade da pol\u00edtica local de Redondela falando con Roberto Villar, concelleiro da agrupaci\u00f3n de electores e membro do goberno local [...]\" \/>\n<meta property=\"og:url\" content=\"https:\/\/www.anovapeneira.gal\/index.php\/2025\/02\/21\/roberto-villar-concelleiro-de-aer-no-concello-de-redondela\/\" \/>\n<meta property=\"article:publisher\" content=\"https:\/\/www.facebook.com\/anovapeneira\" \/>\n<meta property=\"article:author\" content=\"https:\/\/www.facebook.com\/anovapeneira\/\" \/>\n<meta property=\"article:published_time\" content=\"2025-02-21T09:00:58+00:00\" \/>\n<meta property=\"article:modified_time\" content=\"2025-02-21T09:56:42+00:00\" \/>\n<meta property=\"og:image\" content=\"https:\/\/www.anovapeneira.gal\/wp-content\/uploads\/2025\/02\/roberto_aer.jpg\" \/>\n\t<meta property=\"og:image:width\" content=\"720\" \/>\n\t<meta property=\"og:image:height\" content=\"432\" \/>\n\t<meta property=\"og:image:type\" content=\"image\/jpeg\" \/>\n<meta name=\"author\" content=\"admin\" \/>\n<meta name=\"twitter:card\" content=\"summary_large_image\" \/>\n<meta name=\"twitter:creator\" content=\"@APeneira\" \/>\n<meta name=\"twitter:site\" content=\"@APeneira\" \/>\n<meta name=\"twitter:label1\" content=\"Escrito por\" \/>\n\t<meta name=\"twitter:data1\" content=\"admin\" \/>\n\t<meta name=\"twitter:label2\" content=\"Tempo de lectura\" \/>\n\t<meta name=\"twitter:data2\" content=\"4 minutos\" \/>\n<script type=\"application\/ld+json\" class=\"yoast-schema-graph\">{\"@context\":\"https:\\\/\\\/schema.org\",\"@graph\":[{\"@type\":\"Article\",\"@id\":\"https:\\\/\\\/www.anovapeneira.gal\\\/index.php\\\/2025\\\/02\\\/21\\\/roberto-villar-concelleiro-de-aer-no-concello-de-redondela\\\/#article\",\"isPartOf\":{\"@id\":\"https:\\\/\\\/www.anovapeneira.gal\\\/index.php\\\/2025\\\/02\\\/21\\\/roberto-villar-concelleiro-de-aer-no-concello-de-redondela\\\/\"},\"author\":{\"name\":\"admin\",\"@id\":\"https:\\\/\\\/www.anovapeneira.gal\\\/#\\\/schema\\\/person\\\/fb77575328c93684dae4b0075f90c2cb\"},\"headline\":\"Roberto Villar concelleiro de AER no Concello de Redondela\",\"datePublished\":\"2025-02-21T09:00:58+00:00\",\"dateModified\":\"2025-02-21T09:56:42+00:00\",\"mainEntityOfPage\":{\"@id\":\"https:\\\/\\\/www.anovapeneira.gal\\\/index.php\\\/2025\\\/02\\\/21\\\/roberto-villar-concelleiro-de-aer-no-concello-de-redondela\\\/\"},\"wordCount\":1406,\"commentCount\":0,\"publisher\":{\"@id\":\"https:\\\/\\\/www.anovapeneira.gal\\\/#organization\"},\"image\":{\"@id\":\"https:\\\/\\\/www.anovapeneira.gal\\\/index.php\\\/2025\\\/02\\\/21\\\/roberto-villar-concelleiro-de-aer-no-concello-de-redondela\\\/#primaryimage\"},\"thumbnailUrl\":\"https:\\\/\\\/www.anovapeneira.gal\\\/wp-content\\\/uploads\\\/2025\\\/02\\\/roberto_aer.jpg\",\"articleSection\":[\"Sin categor\u00eda\"],\"inLanguage\":\"gl-ES\",\"potentialAction\":[{\"@type\":\"CommentAction\",\"name\":\"Comment\",\"target\":[\"https:\\\/\\\/www.anovapeneira.gal\\\/index.php\\\/2025\\\/02\\\/21\\\/roberto-villar-concelleiro-de-aer-no-concello-de-redondela\\\/#respond\"]}]},{\"@type\":\"WebPage\",\"@id\":\"https:\\\/\\\/www.anovapeneira.gal\\\/index.php\\\/2025\\\/02\\\/21\\\/roberto-villar-concelleiro-de-aer-no-concello-de-redondela\\\/\",\"url\":\"https:\\\/\\\/www.anovapeneira.gal\\\/index.php\\\/2025\\\/02\\\/21\\\/roberto-villar-concelleiro-de-aer-no-concello-de-redondela\\\/\",\"name\":\"Roberto Villar concelleiro de AER no Concello de Redondela -\",\"isPartOf\":{\"@id\":\"https:\\\/\\\/www.anovapeneira.gal\\\/#website\"},\"primaryImageOfPage\":{\"@id\":\"https:\\\/\\\/www.anovapeneira.gal\\\/index.php\\\/2025\\\/02\\\/21\\\/roberto-villar-concelleiro-de-aer-no-concello-de-redondela\\\/#primaryimage\"},\"image\":{\"@id\":\"https:\\\/\\\/www.anovapeneira.gal\\\/index.php\\\/2025\\\/02\\\/21\\\/roberto-villar-concelleiro-de-aer-no-concello-de-redondela\\\/#primaryimage\"},\"thumbnailUrl\":\"https:\\\/\\\/www.anovapeneira.gal\\\/wp-content\\\/uploads\\\/2025\\\/02\\\/roberto_aer.jpg\",\"datePublished\":\"2025-02-21T09:00:58+00:00\",\"dateModified\":\"2025-02-21T09:56:42+00:00\",\"breadcrumb\":{\"@id\":\"https:\\\/\\\/www.anovapeneira.gal\\\/index.php\\\/2025\\\/02\\\/21\\\/roberto-villar-concelleiro-de-aer-no-concello-de-redondela\\\/#breadcrumb\"},\"inLanguage\":\"gl-ES\",\"potentialAction\":[{\"@type\":\"ReadAction\",\"target\":[\"https:\\\/\\\/www.anovapeneira.gal\\\/index.php\\\/2025\\\/02\\\/21\\\/roberto-villar-concelleiro-de-aer-no-concello-de-redondela\\\/\"]}]},{\"@type\":\"ImageObject\",\"inLanguage\":\"gl-ES\",\"@id\":\"https:\\\/\\\/www.anovapeneira.gal\\\/index.php\\\/2025\\\/02\\\/21\\\/roberto-villar-concelleiro-de-aer-no-concello-de-redondela\\\/#primaryimage\",\"url\":\"https:\\\/\\\/www.anovapeneira.gal\\\/wp-content\\\/uploads\\\/2025\\\/02\\\/roberto_aer.jpg\",\"contentUrl\":\"https:\\\/\\\/www.anovapeneira.gal\\\/wp-content\\\/uploads\\\/2025\\\/02\\\/roberto_aer.jpg\",\"width\":720,\"height\":432,\"caption\":\"Roberto AER\"},{\"@type\":\"BreadcrumbList\",\"@id\":\"https:\\\/\\\/www.anovapeneira.gal\\\/index.php\\\/2025\\\/02\\\/21\\\/roberto-villar-concelleiro-de-aer-no-concello-de-redondela\\\/#breadcrumb\",\"itemListElement\":[{\"@type\":\"ListItem\",\"position\":1,\"name\":\"Portada\",\"item\":\"https:\\\/\\\/www.anovapeneira.gal\\\/\"},{\"@type\":\"ListItem\",\"position\":2,\"name\":\"Roberto Villar concelleiro de AER no Concello de Redondela\"}]},{\"@type\":\"WebSite\",\"@id\":\"https:\\\/\\\/www.anovapeneira.gal\\\/#website\",\"url\":\"https:\\\/\\\/www.anovapeneira.gal\\\/\",\"name\":\"\",\"description\":\"Xornal galego de informaci\u00f3n xeral Publicaci\u00f3n mensual de novas de Galicia e en especial dos Concellos da sur da provincia de Pontevedra.\",\"publisher\":{\"@id\":\"https:\\\/\\\/www.anovapeneira.gal\\\/#organization\"},\"potentialAction\":[{\"@type\":\"SearchAction\",\"target\":{\"@type\":\"EntryPoint\",\"urlTemplate\":\"https:\\\/\\\/www.anovapeneira.gal\\\/?s={search_term_string}\"},\"query-input\":{\"@type\":\"PropertyValueSpecification\",\"valueRequired\":true,\"valueName\":\"search_term_string\"}}],\"inLanguage\":\"gl-ES\"},{\"@type\":\"Organization\",\"@id\":\"https:\\\/\\\/www.anovapeneira.gal\\\/#organization\",\"name\":\"A Nova Peneira\",\"url\":\"https:\\\/\\\/www.anovapeneira.gal\\\/\",\"logo\":{\"@type\":\"ImageObject\",\"inLanguage\":\"gl-ES\",\"@id\":\"https:\\\/\\\/www.anovapeneira.gal\\\/#\\\/schema\\\/logo\\\/image\\\/\",\"url\":\"http:\\\/\\\/www.anovapeneira.gal\\\/wp-content\\\/uploads\\\/2019\\\/06\\\/logo_a_nova_peneira_portal_web.png\",\"contentUrl\":\"http:\\\/\\\/www.anovapeneira.gal\\\/wp-content\\\/uploads\\\/2019\\\/06\\\/logo_a_nova_peneira_portal_web.png\",\"width\":300,\"height\":100,\"caption\":\"A Nova Peneira\"},\"image\":{\"@id\":\"https:\\\/\\\/www.anovapeneira.gal\\\/#\\\/schema\\\/logo\\\/image\\\/\"},\"sameAs\":[\"https:\\\/\\\/www.facebook.com\\\/anovapeneira\",\"https:\\\/\\\/x.com\\\/APeneira\"]},{\"@type\":\"Person\",\"@id\":\"https:\\\/\\\/www.anovapeneira.gal\\\/#\\\/schema\\\/person\\\/fb77575328c93684dae4b0075f90c2cb\",\"name\":\"admin\",\"image\":{\"@type\":\"ImageObject\",\"inLanguage\":\"gl-ES\",\"@id\":\"https:\\\/\\\/secure.gravatar.com\\\/avatar\\\/df15c36ce375448325e0bc870e91bbee95947a002eb98dcfd6c2b053e18843e9?s=96&d=mm&r=g\",\"url\":\"https:\\\/\\\/secure.gravatar.com\\\/avatar\\\/df15c36ce375448325e0bc870e91bbee95947a002eb98dcfd6c2b053e18843e9?s=96&d=mm&r=g\",\"contentUrl\":\"https:\\\/\\\/secure.gravatar.com\\\/avatar\\\/df15c36ce375448325e0bc870e91bbee95947a002eb98dcfd6c2b053e18843e9?s=96&d=mm&r=g\",\"caption\":\"admin\"},\"description\":\"Xornal galego de informaci\u00f3n xeral Publicaci\u00f3n mensual de novas de Galicia e en especial dos Concellos da sur da provincia de Pontevedra.\",\"sameAs\":[\"http:\\\/\\\/www.anovapeneira.gal\\\/\",\"https:\\\/\\\/www.facebook.com\\\/anovapeneira\\\/\"],\"url\":\"https:\\\/\\\/www.anovapeneira.gal\\\/index.php\\\/author\\\/admin\\\/\"}]}<\/script>\n<!-- \/ Yoast SEO plugin. -->","yoast_head_json":{"title":"Roberto Villar concelleiro de AER no Concello de Redondela -","robots":{"index":"index","follow":"follow","max-snippet":"max-snippet:-1","max-image-preview":"max-image-preview:large","max-video-preview":"max-video-preview:-1"},"canonical":"https:\/\/www.anovapeneira.gal\/index.php\/2025\/02\/21\/roberto-villar-concelleiro-de-aer-no-concello-de-redondela\/","og_locale":"gl_ES","og_type":"article","og_title":"Roberto Villar concelleiro de AER no Concello de Redondela -","og_description":"Rematamos esta xeira de an\u00e1lise en profundidade da pol\u00edtica local de Redondela falando con Roberto Villar, concelleiro da agrupaci\u00f3n de electores e membro do goberno local [...]","og_url":"https:\/\/www.anovapeneira.gal\/index.php\/2025\/02\/21\/roberto-villar-concelleiro-de-aer-no-concello-de-redondela\/","article_publisher":"https:\/\/www.facebook.com\/anovapeneira","article_author":"https:\/\/www.facebook.com\/anovapeneira\/","article_published_time":"2025-02-21T09:00:58+00:00","article_modified_time":"2025-02-21T09:56:42+00:00","og_image":[{"width":720,"height":432,"url":"https:\/\/www.anovapeneira.gal\/wp-content\/uploads\/2025\/02\/roberto_aer.jpg","type":"image\/jpeg"}],"author":"admin","twitter_card":"summary_large_image","twitter_creator":"@APeneira","twitter_site":"@APeneira","twitter_misc":{"Escrito por":"admin","Tempo de lectura":"4 minutos"},"schema":{"@context":"https:\/\/schema.org","@graph":[{"@type":"Article","@id":"https:\/\/www.anovapeneira.gal\/index.php\/2025\/02\/21\/roberto-villar-concelleiro-de-aer-no-concello-de-redondela\/#article","isPartOf":{"@id":"https:\/\/www.anovapeneira.gal\/index.php\/2025\/02\/21\/roberto-villar-concelleiro-de-aer-no-concello-de-redondela\/"},"author":{"name":"admin","@id":"https:\/\/www.anovapeneira.gal\/#\/schema\/person\/fb77575328c93684dae4b0075f90c2cb"},"headline":"Roberto Villar concelleiro de AER no Concello de Redondela","datePublished":"2025-02-21T09:00:58+00:00","dateModified":"2025-02-21T09:56:42+00:00","mainEntityOfPage":{"@id":"https:\/\/www.anovapeneira.gal\/index.php\/2025\/02\/21\/roberto-villar-concelleiro-de-aer-no-concello-de-redondela\/"},"wordCount":1406,"commentCount":0,"publisher":{"@id":"https:\/\/www.anovapeneira.gal\/#organization"},"image":{"@id":"https:\/\/www.anovapeneira.gal\/index.php\/2025\/02\/21\/roberto-villar-concelleiro-de-aer-no-concello-de-redondela\/#primaryimage"},"thumbnailUrl":"https:\/\/www.anovapeneira.gal\/wp-content\/uploads\/2025\/02\/roberto_aer.jpg","articleSection":["Sin categor\u00eda"],"inLanguage":"gl-ES","potentialAction":[{"@type":"CommentAction","name":"Comment","target":["https:\/\/www.anovapeneira.gal\/index.php\/2025\/02\/21\/roberto-villar-concelleiro-de-aer-no-concello-de-redondela\/#respond"]}]},{"@type":"WebPage","@id":"https:\/\/www.anovapeneira.gal\/index.php\/2025\/02\/21\/roberto-villar-concelleiro-de-aer-no-concello-de-redondela\/","url":"https:\/\/www.anovapeneira.gal\/index.php\/2025\/02\/21\/roberto-villar-concelleiro-de-aer-no-concello-de-redondela\/","name":"Roberto Villar concelleiro de AER no Concello de Redondela -","isPartOf":{"@id":"https:\/\/www.anovapeneira.gal\/#website"},"primaryImageOfPage":{"@id":"https:\/\/www.anovapeneira.gal\/index.php\/2025\/02\/21\/roberto-villar-concelleiro-de-aer-no-concello-de-redondela\/#primaryimage"},"image":{"@id":"https:\/\/www.anovapeneira.gal\/index.php\/2025\/02\/21\/roberto-villar-concelleiro-de-aer-no-concello-de-redondela\/#primaryimage"},"thumbnailUrl":"https:\/\/www.anovapeneira.gal\/wp-content\/uploads\/2025\/02\/roberto_aer.jpg","datePublished":"2025-02-21T09:00:58+00:00","dateModified":"2025-02-21T09:56:42+00:00","breadcrumb":{"@id":"https:\/\/www.anovapeneira.gal\/index.php\/2025\/02\/21\/roberto-villar-concelleiro-de-aer-no-concello-de-redondela\/#breadcrumb"},"inLanguage":"gl-ES","potentialAction":[{"@type":"ReadAction","target":["https:\/\/www.anovapeneira.gal\/index.php\/2025\/02\/21\/roberto-villar-concelleiro-de-aer-no-concello-de-redondela\/"]}]},{"@type":"ImageObject","inLanguage":"gl-ES","@id":"https:\/\/www.anovapeneira.gal\/index.php\/2025\/02\/21\/roberto-villar-concelleiro-de-aer-no-concello-de-redondela\/#primaryimage","url":"https:\/\/www.anovapeneira.gal\/wp-content\/uploads\/2025\/02\/roberto_aer.jpg","contentUrl":"https:\/\/www.anovapeneira.gal\/wp-content\/uploads\/2025\/02\/roberto_aer.jpg","width":720,"height":432,"caption":"Roberto AER"},{"@type":"BreadcrumbList","@id":"https:\/\/www.anovapeneira.gal\/index.php\/2025\/02\/21\/roberto-villar-concelleiro-de-aer-no-concello-de-redondela\/#breadcrumb","itemListElement":[{"@type":"ListItem","position":1,"name":"Portada","item":"https:\/\/www.anovapeneira.gal\/"},{"@type":"ListItem","position":2,"name":"Roberto Villar concelleiro de AER no Concello de Redondela"}]},{"@type":"WebSite","@id":"https:\/\/www.anovapeneira.gal\/#website","url":"https:\/\/www.anovapeneira.gal\/","name":"","description":"Xornal galego de informaci\u00f3n xeral Publicaci\u00f3n mensual de novas de Galicia e en especial dos Concellos da sur da provincia de Pontevedra.","publisher":{"@id":"https:\/\/www.anovapeneira.gal\/#organization"},"potentialAction":[{"@type":"SearchAction","target":{"@type":"EntryPoint","urlTemplate":"https:\/\/www.anovapeneira.gal\/?s={search_term_string}"},"query-input":{"@type":"PropertyValueSpecification","valueRequired":true,"valueName":"search_term_string"}}],"inLanguage":"gl-ES"},{"@type":"Organization","@id":"https:\/\/www.anovapeneira.gal\/#organization","name":"A Nova Peneira","url":"https:\/\/www.anovapeneira.gal\/","logo":{"@type":"ImageObject","inLanguage":"gl-ES","@id":"https:\/\/www.anovapeneira.gal\/#\/schema\/logo\/image\/","url":"http:\/\/www.anovapeneira.gal\/wp-content\/uploads\/2019\/06\/logo_a_nova_peneira_portal_web.png","contentUrl":"http:\/\/www.anovapeneira.gal\/wp-content\/uploads\/2019\/06\/logo_a_nova_peneira_portal_web.png","width":300,"height":100,"caption":"A Nova Peneira"},"image":{"@id":"https:\/\/www.anovapeneira.gal\/#\/schema\/logo\/image\/"},"sameAs":["https:\/\/www.facebook.com\/anovapeneira","https:\/\/x.com\/APeneira"]},{"@type":"Person","@id":"https:\/\/www.anovapeneira.gal\/#\/schema\/person\/fb77575328c93684dae4b0075f90c2cb","name":"admin","image":{"@type":"ImageObject","inLanguage":"gl-ES","@id":"https:\/\/secure.gravatar.com\/avatar\/df15c36ce375448325e0bc870e91bbee95947a002eb98dcfd6c2b053e18843e9?s=96&d=mm&r=g","url":"https:\/\/secure.gravatar.com\/avatar\/df15c36ce375448325e0bc870e91bbee95947a002eb98dcfd6c2b053e18843e9?s=96&d=mm&r=g","contentUrl":"https:\/\/secure.gravatar.com\/avatar\/df15c36ce375448325e0bc870e91bbee95947a002eb98dcfd6c2b053e18843e9?s=96&d=mm&r=g","caption":"admin"},"description":"Xornal galego de informaci\u00f3n xeral Publicaci\u00f3n mensual de novas de Galicia e en especial dos Concellos da sur da provincia de Pontevedra.","sameAs":["http:\/\/www.anovapeneira.gal\/","https:\/\/www.facebook.com\/anovapeneira\/"],"url":"https:\/\/www.anovapeneira.gal\/index.php\/author\/admin\/"}]}},"jetpack_featured_media_url":"https:\/\/www.anovapeneira.gal\/wp-content\/uploads\/2025\/02\/roberto_aer.jpg","_links":{"self":[{"href":"https:\/\/www.anovapeneira.gal\/index.php\/wp-json\/wp\/v2\/posts\/13378","targetHints":{"allow":["GET"]}}],"collection":[{"href":"https:\/\/www.anovapeneira.gal\/index.php\/wp-json\/wp\/v2\/posts"}],"about":[{"href":"https:\/\/www.anovapeneira.gal\/index.php\/wp-json\/wp\/v2\/types\/post"}],"author":[{"embeddable":true,"href":"https:\/\/www.anovapeneira.gal\/index.php\/wp-json\/wp\/v2\/users\/1"}],"replies":[{"embeddable":true,"href":"https:\/\/www.anovapeneira.gal\/index.php\/wp-json\/wp\/v2\/comments?post=13378"}],"version-history":[{"count":2,"href":"https:\/\/www.anovapeneira.gal\/index.php\/wp-json\/wp\/v2\/posts\/13378\/revisions"}],"predecessor-version":[{"id":13410,"href":"https:\/\/www.anovapeneira.gal\/index.php\/wp-json\/wp\/v2\/posts\/13378\/revisions\/13410"}],"wp:featuredmedia":[{"embeddable":true,"href":"https:\/\/www.anovapeneira.gal\/index.php\/wp-json\/wp\/v2\/media\/13379"}],"wp:attachment":[{"href":"https:\/\/www.anovapeneira.gal\/index.php\/wp-json\/wp\/v2\/media?parent=13378"}],"wp:term":[{"taxonomy":"category","embeddable":true,"href":"https:\/\/www.anovapeneira.gal\/index.php\/wp-json\/wp\/v2\/categories?post=13378"},{"taxonomy":"post_tag","embeddable":true,"href":"https:\/\/www.anovapeneira.gal\/index.php\/wp-json\/wp\/v2\/tags?post=13378"}],"curies":[{"name":"wp","href":"https:\/\/api.w.org\/{rel}","templated":true}]}}