{"id":13385,"date":"2025-02-24T10:00:08","date_gmt":"2025-02-24T09:00:08","guid":{"rendered":"https:\/\/www.anovapeneira.gal\/?p=13385"},"modified":"2025-02-19T09:41:59","modified_gmt":"2025-02-19T08:41:59","slug":"cousas-de-salvaterra-bernardo-bernardez-martinez-iii","status":"publish","type":"post","link":"https:\/\/www.anovapeneira.gal\/index.php\/2025\/02\/24\/cousas-de-salvaterra-bernardo-bernardez-martinez-iii\/","title":{"rendered":"COUSAS DE SALVATERRA. Bernardo Bern\u00e1rdez Mart\u00ednez, III"},"content":{"rendered":"\n<p>Ven do n\u00famero anterior\u2026<\/p>\n\n\n\n<p>Non faltou quen se alegrara da morte de Bernardo, exemplo de tal infamia ficou escrita para a posteridade na carta do 3 de agosto\/36, dirixida a un fascista vigu\u00e9s polo que fora Xu\u00edz Municipal de Salvaterra, Alfonso Gonz\u00e1lez Troncoso do lugar do Lodeiro, \u201c\u2026En esta xa fusilaron a un, o concelleiro comunista por Alx\u00e9n\u2026\u201d (Xentileza de Fco. Candeira Mosquera).<\/p>\n\n\n\n<p>Importa saber o contexto no que se xogaba a vida aquela xente, por iso transcribo un resumo de sucesos neses d\u00edas, publicados polo xornal \u201cEl Pueblo Gallego\u201d o 01 de Xullo do 1936, (que xa caera nas mans dos golpistas, levantados en armas contra a legalidade democr\u00e1tica), di as\u00ed:<\/p>\n\n\n\n<p>\u201cPola Prensa do d\u00eda 19 \u00faltimo s\u00f3ubose do estado de Espa\u00f1a, apoderouse de t\u00f3dolos pac\u00edficos cidad\u00e1ns desta localidade unha gran desasosego. Dende as primeiras horas da noite de dito d\u00eda, numerosos grupos de homes dirix\u00edanse a Casa do Pobo, (hoxe Casa da M\u00fasica), existente nesta vila. O seguinte d\u00eda, 20, os grupos eran cada vez m\u00e1is numerosos e dirix\u00edanse o Concello a recibir ordes do Alcalde; pouco despois do medio d\u00eda declarouse a folga xeral, obrigando o peche de comercios, tendas, talleres, etc.<\/p>\n\n\n\n<p>Dende o d\u00eda 21 percorren as parroquias do municipio e diferentes lugares desta vila grupos de paisanos armados con toda clase de armas de fogo, e obrigan os tranquilos e honrados veci\u00f1os, tanto de d\u00eda como a altas horas da noite, a que lles fagan entrega das armas que posu\u00edan conseguindo incautarse de todas. Cando con tal obxecto, chamaron a altas horas da noite as portas da casa do cura de Taboexa, sen saber de onde, soou un disparo e un dos do grupo armado apareceu ferido de perdigonada nunha n\u00e1dega. Foxen todos e traen o ferido a esta vila. O d\u00eda seguinte m\u00e1is de 30 paisanos armados, capitaneados polos significados comunistas, van a procura do citado p\u00e1rroco, quen de atopalo, mal o pasar\u00eda. Pouco despois presentouse dito se\u00f1or \u00f3 Alcalde, ficando detido nunha das dependencias da Casa Consistorial.<\/p>\n\n\n\n<p>A situaci\u00f3n fac\u00edase m\u00e1is angustiosa para os pac\u00edficos cidad\u00e1ns, por practicarse detenci\u00f3ns arbitrarias e temerse acap\u00e1ranse os v\u00edveres e existencias de pan, toda vez que eran moitos os homes aqu\u00ed concentrados, circulando pronto o rumor de que as forzas marxistas percorr\u00edan as casas dos propietarios buscando alimentos.<\/p>\n\n\n\n<p>Por outra banda, a falta de luz, de comunicaci\u00f3n telegr\u00e1fica e telef\u00f3nica, sen trens nin carros, nin sequera un aparello de radio que escoitar, sum\u00eda a todos nunha espantosa zozobra. E para colmar a situaci\u00f3n, o tel\u00e9fono que solo comunicaba con Tui, transmit\u00eda ordes dos marxistas daquel pobo a cada cal m\u00e1is inquietantes.<\/p>\n\n\n\n<p>Unha tarde chegou de Tui unha camioneta con paisanos armados, infundindo p\u00e1nico e ondeando voar as pontes e obstru\u00edr estradas, a fin de impedir a entrada das forzas armadas. O seguinte d\u00eda tam\u00e9n de tarde, corre o rumor de que vi\u00f1an forzas inimigas pola estrada de Ponteareas. T\u00f3dolos espingardeiros van apresa e pensan en preparar unha emboscada. Varios ven un carro con Garda Civil, est\u00e1n en d\u00fabidas se ser\u00e1n amigos ou inimigos; esc\u00f3ndense e escoitase un disparo. Os \u00e1nimos tranquil\u00edzanse algo o saberse que non houbo v\u00edtimas e que era a Garda Civil de Ponteareas que vi\u00f1a reparando o tendido telef\u00f3nico e que disparara sen \u00e1nimo de causar desgrazas.<\/p>\n\n\n\n<p>O d\u00eda 26, o pitar dunha m\u00e1quina de tren, que vi\u00f1a de Vigo, sorprendeu a todos. Outra vez o medo e o p\u00e1nico apod\u00e9rase dos espingardeiros. \u00bfQuen vai contra o inimigo? Algo tranquil\u00edzalles o estar a v\u00eda erguida na ponte da Fillaboa. O pouco tempo chegan uns carabineiros con unha orde para as autoridades desta localidade e para que se entrevisten coas forzas armadas o servizo de Espa\u00f1a. O Alcalde, por fin, acede os reiterados consellos do tenente de Carabineiros desta praza, trata de resignar o mando e ordena as milicias de paisanos que deixen as armas, o que pouco a pouco foi realiz\u00e1ndose.<\/p>\n\n\n\n<p>Xusto \u00e9 consignar aqu\u00ed, que o moi digno tenente de Carabineiros D. Francisco Villarrubia, permanecendo acuartelado coas escasas forzas as s\u00faas ordes de Carabineiros e Garda Civil, con serenidade e sensatez, velou polo mantemento da orde, evitando nesta localidade d\u00edas de amargura e loito. O d\u00eda 28, xa ning\u00fan paisano circulaba con armas, podendo un piquete de Carabineiros \u00e1s dez da ma\u00f1\u00e1 publicar o Bando de Guerra, con gran contento da veci\u00f1anza que se v\u00eda libre e tranquila.<\/p>\n\n\n\n<p>Foron tan r\u00e1pidas e eficaces as ordes dadas polo comandante militar Sr. Villarrubia que, en poucas horas, f\u00edxose cargo do Concello, estaban expeditas as estradas, funcionaba a luz, andaban carros, abr\u00edanse comercios e todo o mundo se po\u00f1\u00eda fronte do seus traballos e as comunicaci\u00f3ns repar\u00e1banse con prontitude.<\/p>\n\n\n\n<p>O d\u00eda 29 chegaron trens de Ourense e Vigo, despois de reparadas as avar\u00edas causadas nas pontes e v\u00edas polos marxistas, con viaxeiros e tropas armadas dos distintos institutos, que saudaban co berro \u00a1Viva Espa\u00f1a! Que era contestado por todos con grande entusiasmo. Varios cami\u00f3ns con forzas chegaron at\u00e9 o cuartel da Garda Civil saudando de igual maneira. Estamos, pois, desfrutando actualmente nesta vila dunha paz e tranquilidade absoluta, grazas o trunfo das armas o servizo de Espa\u00f1a.\u201d<\/p>\n\n\n\n<p>O d\u00eda 29 pasearon a Bernardo, \u201cperigoso\u201d home progresista, Concelleiro nas filas do P.S.O.E. labrador e panadeiro. No Rexistro Civil de Salvaterra de Mi\u00f1o, folio 137, apuntamento 90, pode lerse: \u201c\u2026proc\u00e9dese a inscribir a defunci\u00f3n de D. Bernardo Bern\u00e1rdez Mart\u00ednez, de vinte catro anos de idade, natural de Nogheira, Ponteareas, fillo de Xo\u00e1n e de Isabel, con enderezo na parroquia de Alx\u00e9n, lugar do Coto D`Ouro\u2026.casado con Carme Trigo Bern\u00e1rdez de cuxo matrimonio deixa dous fillos chamados Bernardo e Xosefa, (lembrar que outro vi\u00f1a de cami\u00f1o). Morreu no lugar da Picada desta vila, (antigo matadoiro), \u2026a consecuencia de hemorraxia interna\u2026\u201d<\/p>\n\n\n\n<p>Continuar\u00e1\u2026<\/p>\n\n\n\n<p>Ant\u00f3n Lourenzo, \u201cXaque\u201d.<\/p>\n\n\n\n<p>Salvaterra de Mi\u00f1o a 16 de Febreiro do 2025<\/p>\n","protected":false},"excerpt":{"rendered":"<div class=\"mh-excerpt\"><p>Non faltou quen se alegrara da morte de Bernardo, exemplo de tal infamia ficou escrita para a posteridade na carta do 3 de agosto\/36, dirixida a un fascista vigu\u00e9s polo que fora Xu\u00edz Municipal de Salvaterra, Alfonso Gonz\u00e1lez Troncoso do lugar do Lodeiro <a class=\"mh-excerpt-more\" href=\"https:\/\/www.anovapeneira.gal\/index.php\/2025\/02\/24\/cousas-de-salvaterra-bernardo-bernardez-martinez-iii\/\" title=\"COUSAS DE SALVATERRA. Bernardo Bern\u00e1rdez Mart\u00ednez, III\">[&#8230;]<\/a><\/p>\n<\/div>","protected":false},"author":34,"featured_media":13387,"comment_status":"open","ping_status":"open","sticky":false,"template":"","format":"standard","meta":{"_exactmetrics_skip_tracking":false,"_exactmetrics_sitenote_active":false,"_exactmetrics_sitenote_note":"","_exactmetrics_sitenote_category":0,"footnotes":""},"categories":[1],"tags":[],"class_list":{"0":"post-13385","1":"post","2":"type-post","3":"status-publish","4":"format-standard","5":"has-post-thumbnail","7":"category-sin-categoria"},"yoast_head":"<!-- This site is optimized with the Yoast SEO plugin v27.4 - https:\/\/yoast.com\/product\/yoast-seo-wordpress\/ -->\n<title>COUSAS DE SALVATERRA. Bernardo Bern\u00e1rdez Mart\u00ednez, III -<\/title>\n<meta name=\"robots\" content=\"index, follow, max-snippet:-1, max-image-preview:large, max-video-preview:-1\" \/>\n<link rel=\"canonical\" href=\"https:\/\/www.anovapeneira.gal\/index.php\/2025\/02\/24\/cousas-de-salvaterra-bernardo-bernardez-martinez-iii\/\" \/>\n<meta property=\"og:locale\" content=\"gl_ES\" \/>\n<meta property=\"og:type\" content=\"article\" \/>\n<meta property=\"og:title\" content=\"COUSAS DE SALVATERRA. Bernardo Bern\u00e1rdez Mart\u00ednez, III -\" \/>\n<meta property=\"og:description\" content=\"Non faltou quen se alegrara da morte de Bernardo, exemplo de tal infamia ficou escrita para a posteridade na carta do 3 de agosto\/36, dirixida a un fascista vigu\u00e9s polo que fora Xu\u00edz Municipal de Salvaterra, Alfonso Gonz\u00e1lez Troncoso do lugar do Lodeiro [...]\" \/>\n<meta property=\"og:url\" content=\"https:\/\/www.anovapeneira.gal\/index.php\/2025\/02\/24\/cousas-de-salvaterra-bernardo-bernardez-martinez-iii\/\" \/>\n<meta property=\"article:publisher\" content=\"https:\/\/www.facebook.com\/anovapeneira\" \/>\n<meta property=\"article:published_time\" content=\"2025-02-24T09:00:08+00:00\" \/>\n<meta property=\"og:image\" content=\"https:\/\/www.anovapeneira.gal\/wp-content\/uploads\/2025\/02\/xaque.jpg\" \/>\n\t<meta property=\"og:image:width\" content=\"700\" \/>\n\t<meta property=\"og:image:height\" content=\"522\" \/>\n\t<meta property=\"og:image:type\" content=\"image\/jpeg\" \/>\n<meta name=\"author\" content=\"Ant\u00f3n Lorenzo Gonz\u00e1lez\" \/>\n<meta name=\"twitter:card\" content=\"summary_large_image\" \/>\n<meta name=\"twitter:creator\" content=\"@APeneira\" \/>\n<meta name=\"twitter:site\" content=\"@APeneira\" \/>\n<meta name=\"twitter:label1\" content=\"Escrito por\" \/>\n\t<meta name=\"twitter:data1\" content=\"Ant\u00f3n Lorenzo Gonz\u00e1lez\" \/>\n\t<meta name=\"twitter:label2\" content=\"Tempo de lectura\" \/>\n\t<meta name=\"twitter:data2\" content=\"6 minutos\" \/>\n<script type=\"application\/ld+json\" class=\"yoast-schema-graph\">{\"@context\":\"https:\\\/\\\/schema.org\",\"@graph\":[{\"@type\":\"Article\",\"@id\":\"https:\\\/\\\/www.anovapeneira.gal\\\/index.php\\\/2025\\\/02\\\/24\\\/cousas-de-salvaterra-bernardo-bernardez-martinez-iii\\\/#article\",\"isPartOf\":{\"@id\":\"https:\\\/\\\/www.anovapeneira.gal\\\/index.php\\\/2025\\\/02\\\/24\\\/cousas-de-salvaterra-bernardo-bernardez-martinez-iii\\\/\"},\"author\":{\"name\":\"Ant\u00f3n Lorenzo Gonz\u00e1lez\",\"@id\":\"https:\\\/\\\/www.anovapeneira.gal\\\/#\\\/schema\\\/person\\\/1bf91cd240796d05b6522e3d8a6e2d8e\"},\"headline\":\"COUSAS DE SALVATERRA. Bernardo Bern\u00e1rdez Mart\u00ednez, III\",\"datePublished\":\"2025-02-24T09:00:08+00:00\",\"mainEntityOfPage\":{\"@id\":\"https:\\\/\\\/www.anovapeneira.gal\\\/index.php\\\/2025\\\/02\\\/24\\\/cousas-de-salvaterra-bernardo-bernardez-martinez-iii\\\/\"},\"wordCount\":1062,\"commentCount\":0,\"publisher\":{\"@id\":\"https:\\\/\\\/www.anovapeneira.gal\\\/#organization\"},\"image\":{\"@id\":\"https:\\\/\\\/www.anovapeneira.gal\\\/index.php\\\/2025\\\/02\\\/24\\\/cousas-de-salvaterra-bernardo-bernardez-martinez-iii\\\/#primaryimage\"},\"thumbnailUrl\":\"https:\\\/\\\/www.anovapeneira.gal\\\/wp-content\\\/uploads\\\/2025\\\/02\\\/xaque.jpg\",\"articleSection\":[\"Sin categor\u00eda\"],\"inLanguage\":\"gl-ES\",\"potentialAction\":[{\"@type\":\"CommentAction\",\"name\":\"Comment\",\"target\":[\"https:\\\/\\\/www.anovapeneira.gal\\\/index.php\\\/2025\\\/02\\\/24\\\/cousas-de-salvaterra-bernardo-bernardez-martinez-iii\\\/#respond\"]}]},{\"@type\":\"WebPage\",\"@id\":\"https:\\\/\\\/www.anovapeneira.gal\\\/index.php\\\/2025\\\/02\\\/24\\\/cousas-de-salvaterra-bernardo-bernardez-martinez-iii\\\/\",\"url\":\"https:\\\/\\\/www.anovapeneira.gal\\\/index.php\\\/2025\\\/02\\\/24\\\/cousas-de-salvaterra-bernardo-bernardez-martinez-iii\\\/\",\"name\":\"COUSAS DE SALVATERRA. Bernardo Bern\u00e1rdez Mart\u00ednez, III -\",\"isPartOf\":{\"@id\":\"https:\\\/\\\/www.anovapeneira.gal\\\/#website\"},\"primaryImageOfPage\":{\"@id\":\"https:\\\/\\\/www.anovapeneira.gal\\\/index.php\\\/2025\\\/02\\\/24\\\/cousas-de-salvaterra-bernardo-bernardez-martinez-iii\\\/#primaryimage\"},\"image\":{\"@id\":\"https:\\\/\\\/www.anovapeneira.gal\\\/index.php\\\/2025\\\/02\\\/24\\\/cousas-de-salvaterra-bernardo-bernardez-martinez-iii\\\/#primaryimage\"},\"thumbnailUrl\":\"https:\\\/\\\/www.anovapeneira.gal\\\/wp-content\\\/uploads\\\/2025\\\/02\\\/xaque.jpg\",\"datePublished\":\"2025-02-24T09:00:08+00:00\",\"breadcrumb\":{\"@id\":\"https:\\\/\\\/www.anovapeneira.gal\\\/index.php\\\/2025\\\/02\\\/24\\\/cousas-de-salvaterra-bernardo-bernardez-martinez-iii\\\/#breadcrumb\"},\"inLanguage\":\"gl-ES\",\"potentialAction\":[{\"@type\":\"ReadAction\",\"target\":[\"https:\\\/\\\/www.anovapeneira.gal\\\/index.php\\\/2025\\\/02\\\/24\\\/cousas-de-salvaterra-bernardo-bernardez-martinez-iii\\\/\"]}]},{\"@type\":\"ImageObject\",\"inLanguage\":\"gl-ES\",\"@id\":\"https:\\\/\\\/www.anovapeneira.gal\\\/index.php\\\/2025\\\/02\\\/24\\\/cousas-de-salvaterra-bernardo-bernardez-martinez-iii\\\/#primaryimage\",\"url\":\"https:\\\/\\\/www.anovapeneira.gal\\\/wp-content\\\/uploads\\\/2025\\\/02\\\/xaque.jpg\",\"contentUrl\":\"https:\\\/\\\/www.anovapeneira.gal\\\/wp-content\\\/uploads\\\/2025\\\/02\\\/xaque.jpg\",\"width\":700,\"height\":522},{\"@type\":\"BreadcrumbList\",\"@id\":\"https:\\\/\\\/www.anovapeneira.gal\\\/index.php\\\/2025\\\/02\\\/24\\\/cousas-de-salvaterra-bernardo-bernardez-martinez-iii\\\/#breadcrumb\",\"itemListElement\":[{\"@type\":\"ListItem\",\"position\":1,\"name\":\"Portada\",\"item\":\"https:\\\/\\\/www.anovapeneira.gal\\\/\"},{\"@type\":\"ListItem\",\"position\":2,\"name\":\"COUSAS DE SALVATERRA. Bernardo Bern\u00e1rdez Mart\u00ednez, III\"}]},{\"@type\":\"WebSite\",\"@id\":\"https:\\\/\\\/www.anovapeneira.gal\\\/#website\",\"url\":\"https:\\\/\\\/www.anovapeneira.gal\\\/\",\"name\":\"\",\"description\":\"Xornal galego de informaci\u00f3n xeral Publicaci\u00f3n mensual de novas de Galicia e en especial dos Concellos da sur da provincia de Pontevedra.\",\"publisher\":{\"@id\":\"https:\\\/\\\/www.anovapeneira.gal\\\/#organization\"},\"potentialAction\":[{\"@type\":\"SearchAction\",\"target\":{\"@type\":\"EntryPoint\",\"urlTemplate\":\"https:\\\/\\\/www.anovapeneira.gal\\\/?s={search_term_string}\"},\"query-input\":{\"@type\":\"PropertyValueSpecification\",\"valueRequired\":true,\"valueName\":\"search_term_string\"}}],\"inLanguage\":\"gl-ES\"},{\"@type\":\"Organization\",\"@id\":\"https:\\\/\\\/www.anovapeneira.gal\\\/#organization\",\"name\":\"A Nova Peneira\",\"url\":\"https:\\\/\\\/www.anovapeneira.gal\\\/\",\"logo\":{\"@type\":\"ImageObject\",\"inLanguage\":\"gl-ES\",\"@id\":\"https:\\\/\\\/www.anovapeneira.gal\\\/#\\\/schema\\\/logo\\\/image\\\/\",\"url\":\"http:\\\/\\\/www.anovapeneira.gal\\\/wp-content\\\/uploads\\\/2019\\\/06\\\/logo_a_nova_peneira_portal_web.png\",\"contentUrl\":\"http:\\\/\\\/www.anovapeneira.gal\\\/wp-content\\\/uploads\\\/2019\\\/06\\\/logo_a_nova_peneira_portal_web.png\",\"width\":300,\"height\":100,\"caption\":\"A Nova Peneira\"},\"image\":{\"@id\":\"https:\\\/\\\/www.anovapeneira.gal\\\/#\\\/schema\\\/logo\\\/image\\\/\"},\"sameAs\":[\"https:\\\/\\\/www.facebook.com\\\/anovapeneira\",\"https:\\\/\\\/x.com\\\/APeneira\"]},{\"@type\":\"Person\",\"@id\":\"https:\\\/\\\/www.anovapeneira.gal\\\/#\\\/schema\\\/person\\\/1bf91cd240796d05b6522e3d8a6e2d8e\",\"name\":\"Ant\u00f3n Lorenzo Gonz\u00e1lez\",\"image\":{\"@type\":\"ImageObject\",\"inLanguage\":\"gl-ES\",\"@id\":\"https:\\\/\\\/secure.gravatar.com\\\/avatar\\\/dcd882e8f4338e07610336943426400d525673506eb37ce59442ba704e5cc971?s=96&d=mm&r=g\",\"url\":\"https:\\\/\\\/secure.gravatar.com\\\/avatar\\\/dcd882e8f4338e07610336943426400d525673506eb37ce59442ba704e5cc971?s=96&d=mm&r=g\",\"contentUrl\":\"https:\\\/\\\/secure.gravatar.com\\\/avatar\\\/dcd882e8f4338e07610336943426400d525673506eb37ce59442ba704e5cc971?s=96&d=mm&r=g\",\"caption\":\"Ant\u00f3n Lorenzo Gonz\u00e1lez\"},\"url\":\"https:\\\/\\\/www.anovapeneira.gal\\\/index.php\\\/author\\\/xaque\\\/\"}]}<\/script>\n<!-- \/ Yoast SEO plugin. -->","yoast_head_json":{"title":"COUSAS DE SALVATERRA. Bernardo Bern\u00e1rdez Mart\u00ednez, III -","robots":{"index":"index","follow":"follow","max-snippet":"max-snippet:-1","max-image-preview":"max-image-preview:large","max-video-preview":"max-video-preview:-1"},"canonical":"https:\/\/www.anovapeneira.gal\/index.php\/2025\/02\/24\/cousas-de-salvaterra-bernardo-bernardez-martinez-iii\/","og_locale":"gl_ES","og_type":"article","og_title":"COUSAS DE SALVATERRA. Bernardo Bern\u00e1rdez Mart\u00ednez, III -","og_description":"Non faltou quen se alegrara da morte de Bernardo, exemplo de tal infamia ficou escrita para a posteridade na carta do 3 de agosto\/36, dirixida a un fascista vigu\u00e9s polo que fora Xu\u00edz Municipal de Salvaterra, Alfonso Gonz\u00e1lez Troncoso do lugar do Lodeiro [...]","og_url":"https:\/\/www.anovapeneira.gal\/index.php\/2025\/02\/24\/cousas-de-salvaterra-bernardo-bernardez-martinez-iii\/","article_publisher":"https:\/\/www.facebook.com\/anovapeneira","article_published_time":"2025-02-24T09:00:08+00:00","og_image":[{"width":700,"height":522,"url":"https:\/\/www.anovapeneira.gal\/wp-content\/uploads\/2025\/02\/xaque.jpg","type":"image\/jpeg"}],"author":"Ant\u00f3n Lorenzo Gonz\u00e1lez","twitter_card":"summary_large_image","twitter_creator":"@APeneira","twitter_site":"@APeneira","twitter_misc":{"Escrito por":"Ant\u00f3n Lorenzo Gonz\u00e1lez","Tempo de lectura":"6 minutos"},"schema":{"@context":"https:\/\/schema.org","@graph":[{"@type":"Article","@id":"https:\/\/www.anovapeneira.gal\/index.php\/2025\/02\/24\/cousas-de-salvaterra-bernardo-bernardez-martinez-iii\/#article","isPartOf":{"@id":"https:\/\/www.anovapeneira.gal\/index.php\/2025\/02\/24\/cousas-de-salvaterra-bernardo-bernardez-martinez-iii\/"},"author":{"name":"Ant\u00f3n Lorenzo Gonz\u00e1lez","@id":"https:\/\/www.anovapeneira.gal\/#\/schema\/person\/1bf91cd240796d05b6522e3d8a6e2d8e"},"headline":"COUSAS DE SALVATERRA. Bernardo Bern\u00e1rdez Mart\u00ednez, III","datePublished":"2025-02-24T09:00:08+00:00","mainEntityOfPage":{"@id":"https:\/\/www.anovapeneira.gal\/index.php\/2025\/02\/24\/cousas-de-salvaterra-bernardo-bernardez-martinez-iii\/"},"wordCount":1062,"commentCount":0,"publisher":{"@id":"https:\/\/www.anovapeneira.gal\/#organization"},"image":{"@id":"https:\/\/www.anovapeneira.gal\/index.php\/2025\/02\/24\/cousas-de-salvaterra-bernardo-bernardez-martinez-iii\/#primaryimage"},"thumbnailUrl":"https:\/\/www.anovapeneira.gal\/wp-content\/uploads\/2025\/02\/xaque.jpg","articleSection":["Sin categor\u00eda"],"inLanguage":"gl-ES","potentialAction":[{"@type":"CommentAction","name":"Comment","target":["https:\/\/www.anovapeneira.gal\/index.php\/2025\/02\/24\/cousas-de-salvaterra-bernardo-bernardez-martinez-iii\/#respond"]}]},{"@type":"WebPage","@id":"https:\/\/www.anovapeneira.gal\/index.php\/2025\/02\/24\/cousas-de-salvaterra-bernardo-bernardez-martinez-iii\/","url":"https:\/\/www.anovapeneira.gal\/index.php\/2025\/02\/24\/cousas-de-salvaterra-bernardo-bernardez-martinez-iii\/","name":"COUSAS DE SALVATERRA. Bernardo Bern\u00e1rdez Mart\u00ednez, III -","isPartOf":{"@id":"https:\/\/www.anovapeneira.gal\/#website"},"primaryImageOfPage":{"@id":"https:\/\/www.anovapeneira.gal\/index.php\/2025\/02\/24\/cousas-de-salvaterra-bernardo-bernardez-martinez-iii\/#primaryimage"},"image":{"@id":"https:\/\/www.anovapeneira.gal\/index.php\/2025\/02\/24\/cousas-de-salvaterra-bernardo-bernardez-martinez-iii\/#primaryimage"},"thumbnailUrl":"https:\/\/www.anovapeneira.gal\/wp-content\/uploads\/2025\/02\/xaque.jpg","datePublished":"2025-02-24T09:00:08+00:00","breadcrumb":{"@id":"https:\/\/www.anovapeneira.gal\/index.php\/2025\/02\/24\/cousas-de-salvaterra-bernardo-bernardez-martinez-iii\/#breadcrumb"},"inLanguage":"gl-ES","potentialAction":[{"@type":"ReadAction","target":["https:\/\/www.anovapeneira.gal\/index.php\/2025\/02\/24\/cousas-de-salvaterra-bernardo-bernardez-martinez-iii\/"]}]},{"@type":"ImageObject","inLanguage":"gl-ES","@id":"https:\/\/www.anovapeneira.gal\/index.php\/2025\/02\/24\/cousas-de-salvaterra-bernardo-bernardez-martinez-iii\/#primaryimage","url":"https:\/\/www.anovapeneira.gal\/wp-content\/uploads\/2025\/02\/xaque.jpg","contentUrl":"https:\/\/www.anovapeneira.gal\/wp-content\/uploads\/2025\/02\/xaque.jpg","width":700,"height":522},{"@type":"BreadcrumbList","@id":"https:\/\/www.anovapeneira.gal\/index.php\/2025\/02\/24\/cousas-de-salvaterra-bernardo-bernardez-martinez-iii\/#breadcrumb","itemListElement":[{"@type":"ListItem","position":1,"name":"Portada","item":"https:\/\/www.anovapeneira.gal\/"},{"@type":"ListItem","position":2,"name":"COUSAS DE SALVATERRA. Bernardo Bern\u00e1rdez Mart\u00ednez, III"}]},{"@type":"WebSite","@id":"https:\/\/www.anovapeneira.gal\/#website","url":"https:\/\/www.anovapeneira.gal\/","name":"","description":"Xornal galego de informaci\u00f3n xeral Publicaci\u00f3n mensual de novas de Galicia e en especial dos Concellos da sur da provincia de Pontevedra.","publisher":{"@id":"https:\/\/www.anovapeneira.gal\/#organization"},"potentialAction":[{"@type":"SearchAction","target":{"@type":"EntryPoint","urlTemplate":"https:\/\/www.anovapeneira.gal\/?s={search_term_string}"},"query-input":{"@type":"PropertyValueSpecification","valueRequired":true,"valueName":"search_term_string"}}],"inLanguage":"gl-ES"},{"@type":"Organization","@id":"https:\/\/www.anovapeneira.gal\/#organization","name":"A Nova Peneira","url":"https:\/\/www.anovapeneira.gal\/","logo":{"@type":"ImageObject","inLanguage":"gl-ES","@id":"https:\/\/www.anovapeneira.gal\/#\/schema\/logo\/image\/","url":"http:\/\/www.anovapeneira.gal\/wp-content\/uploads\/2019\/06\/logo_a_nova_peneira_portal_web.png","contentUrl":"http:\/\/www.anovapeneira.gal\/wp-content\/uploads\/2019\/06\/logo_a_nova_peneira_portal_web.png","width":300,"height":100,"caption":"A Nova Peneira"},"image":{"@id":"https:\/\/www.anovapeneira.gal\/#\/schema\/logo\/image\/"},"sameAs":["https:\/\/www.facebook.com\/anovapeneira","https:\/\/x.com\/APeneira"]},{"@type":"Person","@id":"https:\/\/www.anovapeneira.gal\/#\/schema\/person\/1bf91cd240796d05b6522e3d8a6e2d8e","name":"Ant\u00f3n Lorenzo Gonz\u00e1lez","image":{"@type":"ImageObject","inLanguage":"gl-ES","@id":"https:\/\/secure.gravatar.com\/avatar\/dcd882e8f4338e07610336943426400d525673506eb37ce59442ba704e5cc971?s=96&d=mm&r=g","url":"https:\/\/secure.gravatar.com\/avatar\/dcd882e8f4338e07610336943426400d525673506eb37ce59442ba704e5cc971?s=96&d=mm&r=g","contentUrl":"https:\/\/secure.gravatar.com\/avatar\/dcd882e8f4338e07610336943426400d525673506eb37ce59442ba704e5cc971?s=96&d=mm&r=g","caption":"Ant\u00f3n Lorenzo Gonz\u00e1lez"},"url":"https:\/\/www.anovapeneira.gal\/index.php\/author\/xaque\/"}]}},"jetpack_featured_media_url":"https:\/\/www.anovapeneira.gal\/wp-content\/uploads\/2025\/02\/xaque.jpg","_links":{"self":[{"href":"https:\/\/www.anovapeneira.gal\/index.php\/wp-json\/wp\/v2\/posts\/13385","targetHints":{"allow":["GET"]}}],"collection":[{"href":"https:\/\/www.anovapeneira.gal\/index.php\/wp-json\/wp\/v2\/posts"}],"about":[{"href":"https:\/\/www.anovapeneira.gal\/index.php\/wp-json\/wp\/v2\/types\/post"}],"author":[{"embeddable":true,"href":"https:\/\/www.anovapeneira.gal\/index.php\/wp-json\/wp\/v2\/users\/34"}],"replies":[{"embeddable":true,"href":"https:\/\/www.anovapeneira.gal\/index.php\/wp-json\/wp\/v2\/comments?post=13385"}],"version-history":[{"count":2,"href":"https:\/\/www.anovapeneira.gal\/index.php\/wp-json\/wp\/v2\/posts\/13385\/revisions"}],"predecessor-version":[{"id":13389,"href":"https:\/\/www.anovapeneira.gal\/index.php\/wp-json\/wp\/v2\/posts\/13385\/revisions\/13389"}],"wp:featuredmedia":[{"embeddable":true,"href":"https:\/\/www.anovapeneira.gal\/index.php\/wp-json\/wp\/v2\/media\/13387"}],"wp:attachment":[{"href":"https:\/\/www.anovapeneira.gal\/index.php\/wp-json\/wp\/v2\/media?parent=13385"}],"wp:term":[{"taxonomy":"category","embeddable":true,"href":"https:\/\/www.anovapeneira.gal\/index.php\/wp-json\/wp\/v2\/categories?post=13385"},{"taxonomy":"post_tag","embeddable":true,"href":"https:\/\/www.anovapeneira.gal\/index.php\/wp-json\/wp\/v2\/tags?post=13385"}],"curies":[{"name":"wp","href":"https:\/\/api.w.org\/{rel}","templated":true}]}}