{"id":1342,"date":"2019-09-26T14:00:12","date_gmt":"2019-09-26T12:00:12","guid":{"rendered":"http:\/\/www.anovapeneira.gal\/?p=1342"},"modified":"2019-09-23T11:24:51","modified_gmt":"2019-09-23T09:24:51","slug":"o-bng-reitera-a-sua-oposicion-a-construcion-dunha-cidade-deportiva-e-un-centro-comercial","status":"publish","type":"post","link":"https:\/\/www.anovapeneira.gal\/index.php\/2019\/09\/26\/o-bng-reitera-a-sua-oposicion-a-construcion-dunha-cidade-deportiva-e-un-centro-comercial\/","title":{"rendered":"O BNG reitera a s\u00faa oposici\u00f3n \u00e1 construci\u00f3n dunha cidade deportiva e un centro comercial"},"content":{"rendered":"\n<h2 class=\"wp-block-heading\">O documento que Nidia Ar\u00e9valo quere someter a votaci\u00f3n no pr\u00f3ximo pleno contempla a expropiaci\u00f3n dos terreos. O portavoz nacionalista no concello, Gustavo Barcia, considera que \u201ca alcaldesa vai da man dos especuladores e vira as costas \u00e1 veci\u00f1anza\u201d<\/h2>\n\n\n\n<p><strong>Mos, 21 de setembro de 2019.<\/strong><\/p>\n\n\n\n<p>A pesar da forte oposici\u00f3n veci\u00f1al, o goberno do PP pretende levar ao pr\u00f3ximo pleno a modificaci\u00f3n puntual do PXOM coa que se quere legalizar a construci\u00f3n dunha cidade deportiva e unha gran superficie comercial no monte de Tameiga e Pereiras. O proxecto que se vai someter a votaci\u00f3n contempla a recalificaci\u00f3n de m\u00e1is de 900.000 m2 de terreos de protecci\u00f3n forestal, 100.000 m\u00e1is dos que estaban previstos inicialmente e o BNG considera que, de sa\u00edr adiante, supor\u00e1 \u201cunha desfeita ambiental, social e econ\u00f3mica\u201d.O portavoz nacionalista no Concello, Gustavo Barcia, considera que  \u201ca alcaldesa est\u00e1 a enganar \u00e1veci\u00f1anza cando di que non vai haber expropiaci\u00f3ns\u201d xa que ese \u00e9, precisamente, o procedemento para a adquisici\u00f3n dos terreos estipulado no documento inicial. Afirma tam\u00e9n que as cifras relativas \u00e1 creaci\u00f3n de postos de traballo, \u00e1 recadaci\u00f3n de impostos ou ao investimento en infraestruturas ligadas ao proxecto que se anuncian dende o goberno municipal\u201cnon son realistas\u201d. Pouca antelaci\u00f3nEn opini\u00f3n de Barcia, \u201cresulta chocante que Nidia Ar\u00e9valo, tras asinar o pacto dos alcaldes polo medio ambiente,  pretenda asfaltar e encher de formig\u00f3n case un mill\u00f3n de metros cadrados de monte\u201d. O portavoz do BNG insiste en que con este proxecto a alcaldesa \u201cvai da man dos especuladores e vira as costas \u00e1 veci\u00f1anza\u201d. Lamenta, ademais, o escaso tempo dispo\u00f1ible para analizar a documentaci\u00f3n, que foi remitida aos grupos da oposici\u00f3n apenas dez d\u00edas antes da celebraci\u00f3n do pleno. Indica que son \u201cdecenas de documentos e centos de folios\u201d relativos a unha modificaci\u00f3n do PXOM que pode condicionar de forma dr\u00e1stica o futuro de Mos.<\/p>\n","protected":false},"excerpt":{"rendered":"<div class=\"mh-excerpt\"><p>O documento que Nidia Ar\u00e9valo quere someter a votaci\u00f3n no pr\u00f3ximo pleno contempla a expropiaci\u00f3n dos terreos <a class=\"mh-excerpt-more\" href=\"https:\/\/www.anovapeneira.gal\/index.php\/2019\/09\/26\/o-bng-reitera-a-sua-oposicion-a-construcion-dunha-cidade-deportiva-e-un-centro-comercial\/\" title=\"O BNG reitera a s\u00faa oposici\u00f3n \u00e1 construci\u00f3n dunha cidade deportiva e un centro comercial\">[&#8230;]<\/a><\/p>\n<\/div>","protected":false},"author":3,"featured_media":1343,"comment_status":"open","ping_status":"open","sticky":false,"template":"","format":"standard","meta":{"_exactmetrics_skip_tracking":false,"_exactmetrics_sitenote_active":false,"_exactmetrics_sitenote_note":"","_exactmetrics_sitenote_category":0,"footnotes":""},"categories":[23],"tags":[615,218,159,616],"class_list":{"0":"post-1342","1":"post","2":"type-post","3":"status-publish","4":"format-standard","5":"has-post-thumbnail","7":"category-a-lourina","8":"tag-cidade-deportiva","9":"tag-concello-de-mos","10":"tag-medio-ambiente","11":"tag-real-club-celta"},"yoast_head":"<!-- This site is optimized with the Yoast SEO plugin v27.4 - https:\/\/yoast.com\/product\/yoast-seo-wordpress\/ -->\n<title>O BNG reitera a s\u00faa oposici\u00f3n \u00e1 construci\u00f3n dunha cidade deportiva e un centro comercial -<\/title>\n<meta name=\"robots\" content=\"index, follow, max-snippet:-1, max-image-preview:large, max-video-preview:-1\" \/>\n<link rel=\"canonical\" href=\"https:\/\/www.anovapeneira.gal\/index.php\/2019\/09\/26\/o-bng-reitera-a-sua-oposicion-a-construcion-dunha-cidade-deportiva-e-un-centro-comercial\/\" \/>\n<meta property=\"og:locale\" content=\"gl_ES\" \/>\n<meta property=\"og:type\" content=\"article\" \/>\n<meta property=\"og:title\" content=\"O BNG reitera a s\u00faa oposici\u00f3n \u00e1 construci\u00f3n dunha cidade deportiva e un centro comercial -\" \/>\n<meta property=\"og:description\" content=\"O documento que Nidia Ar\u00e9valo quere someter a votaci\u00f3n no pr\u00f3ximo pleno contempla a expropiaci\u00f3n dos terreos [...]\" \/>\n<meta property=\"og:url\" content=\"https:\/\/www.anovapeneira.gal\/index.php\/2019\/09\/26\/o-bng-reitera-a-sua-oposicion-a-construcion-dunha-cidade-deportiva-e-un-centro-comercial\/\" \/>\n<meta property=\"article:publisher\" content=\"https:\/\/www.facebook.com\/anovapeneira\" \/>\n<meta property=\"article:published_time\" content=\"2019-09-26T12:00:12+00:00\" \/>\n<meta property=\"og:image\" content=\"https:\/\/www.anovapeneira.gal\/wp-content\/uploads\/2019\/09\/celta_campos_de_mos_a_nova_peneira.jpg\" \/>\n\t<meta property=\"og:image:width\" content=\"720\" \/>\n\t<meta property=\"og:image:height\" content=\"473\" \/>\n\t<meta property=\"og:image:type\" content=\"image\/jpeg\" \/>\n<meta name=\"author\" content=\"Redacci\u00f3n A Nova Peneira\" \/>\n<meta name=\"twitter:card\" content=\"summary_large_image\" \/>\n<meta name=\"twitter:creator\" content=\"@APeneira\" \/>\n<meta name=\"twitter:site\" content=\"@APeneira\" \/>\n<meta name=\"twitter:label1\" content=\"Escrito por\" \/>\n\t<meta name=\"twitter:data1\" content=\"Redacci\u00f3n A Nova Peneira\" \/>\n\t<meta name=\"twitter:label2\" content=\"Tempo de lectura\" \/>\n\t<meta name=\"twitter:data2\" content=\"2 minutos\" \/>\n<script type=\"application\/ld+json\" class=\"yoast-schema-graph\">{\"@context\":\"https:\\\/\\\/schema.org\",\"@graph\":[{\"@type\":\"Article\",\"@id\":\"https:\\\/\\\/www.anovapeneira.gal\\\/index.php\\\/2019\\\/09\\\/26\\\/o-bng-reitera-a-sua-oposicion-a-construcion-dunha-cidade-deportiva-e-un-centro-comercial\\\/#article\",\"isPartOf\":{\"@id\":\"https:\\\/\\\/www.anovapeneira.gal\\\/index.php\\\/2019\\\/09\\\/26\\\/o-bng-reitera-a-sua-oposicion-a-construcion-dunha-cidade-deportiva-e-un-centro-comercial\\\/\"},\"author\":{\"name\":\"Redacci\u00f3n A Nova Peneira\",\"@id\":\"https:\\\/\\\/www.anovapeneira.gal\\\/#\\\/schema\\\/person\\\/b93e3f8932e3f8da96334607eb6ac6aa\"},\"headline\":\"O BNG reitera a s\u00faa oposici\u00f3n \u00e1 construci\u00f3n dunha cidade deportiva e un centro comercial\",\"datePublished\":\"2019-09-26T12:00:12+00:00\",\"mainEntityOfPage\":{\"@id\":\"https:\\\/\\\/www.anovapeneira.gal\\\/index.php\\\/2019\\\/09\\\/26\\\/o-bng-reitera-a-sua-oposicion-a-construcion-dunha-cidade-deportiva-e-un-centro-comercial\\\/\"},\"wordCount\":352,\"commentCount\":0,\"publisher\":{\"@id\":\"https:\\\/\\\/www.anovapeneira.gal\\\/#organization\"},\"image\":{\"@id\":\"https:\\\/\\\/www.anovapeneira.gal\\\/index.php\\\/2019\\\/09\\\/26\\\/o-bng-reitera-a-sua-oposicion-a-construcion-dunha-cidade-deportiva-e-un-centro-comercial\\\/#primaryimage\"},\"thumbnailUrl\":\"https:\\\/\\\/www.anovapeneira.gal\\\/wp-content\\\/uploads\\\/2019\\\/09\\\/celta_campos_de_mos_a_nova_peneira.jpg\",\"keywords\":[\"Cidade deportiva\",\"Concello de Mos\",\"Medio Ambiente\",\"Real Club Celta\"],\"articleSection\":[\"A Louri\u00f1a\"],\"inLanguage\":\"gl-ES\",\"potentialAction\":[{\"@type\":\"CommentAction\",\"name\":\"Comment\",\"target\":[\"https:\\\/\\\/www.anovapeneira.gal\\\/index.php\\\/2019\\\/09\\\/26\\\/o-bng-reitera-a-sua-oposicion-a-construcion-dunha-cidade-deportiva-e-un-centro-comercial\\\/#respond\"]}]},{\"@type\":\"WebPage\",\"@id\":\"https:\\\/\\\/www.anovapeneira.gal\\\/index.php\\\/2019\\\/09\\\/26\\\/o-bng-reitera-a-sua-oposicion-a-construcion-dunha-cidade-deportiva-e-un-centro-comercial\\\/\",\"url\":\"https:\\\/\\\/www.anovapeneira.gal\\\/index.php\\\/2019\\\/09\\\/26\\\/o-bng-reitera-a-sua-oposicion-a-construcion-dunha-cidade-deportiva-e-un-centro-comercial\\\/\",\"name\":\"O BNG reitera a s\u00faa oposici\u00f3n \u00e1 construci\u00f3n dunha cidade deportiva e un centro comercial -\",\"isPartOf\":{\"@id\":\"https:\\\/\\\/www.anovapeneira.gal\\\/#website\"},\"primaryImageOfPage\":{\"@id\":\"https:\\\/\\\/www.anovapeneira.gal\\\/index.php\\\/2019\\\/09\\\/26\\\/o-bng-reitera-a-sua-oposicion-a-construcion-dunha-cidade-deportiva-e-un-centro-comercial\\\/#primaryimage\"},\"image\":{\"@id\":\"https:\\\/\\\/www.anovapeneira.gal\\\/index.php\\\/2019\\\/09\\\/26\\\/o-bng-reitera-a-sua-oposicion-a-construcion-dunha-cidade-deportiva-e-un-centro-comercial\\\/#primaryimage\"},\"thumbnailUrl\":\"https:\\\/\\\/www.anovapeneira.gal\\\/wp-content\\\/uploads\\\/2019\\\/09\\\/celta_campos_de_mos_a_nova_peneira.jpg\",\"datePublished\":\"2019-09-26T12:00:12+00:00\",\"breadcrumb\":{\"@id\":\"https:\\\/\\\/www.anovapeneira.gal\\\/index.php\\\/2019\\\/09\\\/26\\\/o-bng-reitera-a-sua-oposicion-a-construcion-dunha-cidade-deportiva-e-un-centro-comercial\\\/#breadcrumb\"},\"inLanguage\":\"gl-ES\",\"potentialAction\":[{\"@type\":\"ReadAction\",\"target\":[\"https:\\\/\\\/www.anovapeneira.gal\\\/index.php\\\/2019\\\/09\\\/26\\\/o-bng-reitera-a-sua-oposicion-a-construcion-dunha-cidade-deportiva-e-un-centro-comercial\\\/\"]}]},{\"@type\":\"ImageObject\",\"inLanguage\":\"gl-ES\",\"@id\":\"https:\\\/\\\/www.anovapeneira.gal\\\/index.php\\\/2019\\\/09\\\/26\\\/o-bng-reitera-a-sua-oposicion-a-construcion-dunha-cidade-deportiva-e-un-centro-comercial\\\/#primaryimage\",\"url\":\"https:\\\/\\\/www.anovapeneira.gal\\\/wp-content\\\/uploads\\\/2019\\\/09\\\/celta_campos_de_mos_a_nova_peneira.jpg\",\"contentUrl\":\"https:\\\/\\\/www.anovapeneira.gal\\\/wp-content\\\/uploads\\\/2019\\\/09\\\/celta_campos_de_mos_a_nova_peneira.jpg\",\"width\":720,\"height\":473,\"caption\":\"Proxecto Celta campos de Mos A Nova Peneira\"},{\"@type\":\"BreadcrumbList\",\"@id\":\"https:\\\/\\\/www.anovapeneira.gal\\\/index.php\\\/2019\\\/09\\\/26\\\/o-bng-reitera-a-sua-oposicion-a-construcion-dunha-cidade-deportiva-e-un-centro-comercial\\\/#breadcrumb\",\"itemListElement\":[{\"@type\":\"ListItem\",\"position\":1,\"name\":\"Portada\",\"item\":\"https:\\\/\\\/www.anovapeneira.gal\\\/\"},{\"@type\":\"ListItem\",\"position\":2,\"name\":\"O BNG reitera a s\u00faa oposici\u00f3n \u00e1 construci\u00f3n dunha cidade deportiva e un centro comercial\"}]},{\"@type\":\"WebSite\",\"@id\":\"https:\\\/\\\/www.anovapeneira.gal\\\/#website\",\"url\":\"https:\\\/\\\/www.anovapeneira.gal\\\/\",\"name\":\"\",\"description\":\"Xornal galego de informaci\u00f3n xeral Publicaci\u00f3n mensual de novas de Galicia e en especial dos Concellos da sur da provincia de Pontevedra.\",\"publisher\":{\"@id\":\"https:\\\/\\\/www.anovapeneira.gal\\\/#organization\"},\"potentialAction\":[{\"@type\":\"SearchAction\",\"target\":{\"@type\":\"EntryPoint\",\"urlTemplate\":\"https:\\\/\\\/www.anovapeneira.gal\\\/?s={search_term_string}\"},\"query-input\":{\"@type\":\"PropertyValueSpecification\",\"valueRequired\":true,\"valueName\":\"search_term_string\"}}],\"inLanguage\":\"gl-ES\"},{\"@type\":\"Organization\",\"@id\":\"https:\\\/\\\/www.anovapeneira.gal\\\/#organization\",\"name\":\"A Nova Peneira\",\"url\":\"https:\\\/\\\/www.anovapeneira.gal\\\/\",\"logo\":{\"@type\":\"ImageObject\",\"inLanguage\":\"gl-ES\",\"@id\":\"https:\\\/\\\/www.anovapeneira.gal\\\/#\\\/schema\\\/logo\\\/image\\\/\",\"url\":\"http:\\\/\\\/www.anovapeneira.gal\\\/wp-content\\\/uploads\\\/2019\\\/06\\\/logo_a_nova_peneira_portal_web.png\",\"contentUrl\":\"http:\\\/\\\/www.anovapeneira.gal\\\/wp-content\\\/uploads\\\/2019\\\/06\\\/logo_a_nova_peneira_portal_web.png\",\"width\":300,\"height\":100,\"caption\":\"A Nova Peneira\"},\"image\":{\"@id\":\"https:\\\/\\\/www.anovapeneira.gal\\\/#\\\/schema\\\/logo\\\/image\\\/\"},\"sameAs\":[\"https:\\\/\\\/www.facebook.com\\\/anovapeneira\",\"https:\\\/\\\/x.com\\\/APeneira\"]},{\"@type\":\"Person\",\"@id\":\"https:\\\/\\\/www.anovapeneira.gal\\\/#\\\/schema\\\/person\\\/b93e3f8932e3f8da96334607eb6ac6aa\",\"name\":\"Redacci\u00f3n A Nova Peneira\",\"image\":{\"@type\":\"ImageObject\",\"inLanguage\":\"gl-ES\",\"@id\":\"https:\\\/\\\/secure.gravatar.com\\\/avatar\\\/c052a2551a06e23fac63626232eaa90abd78dbcf1700fc46a2b2c89fd27b735f?s=96&d=mm&r=g\",\"url\":\"https:\\\/\\\/secure.gravatar.com\\\/avatar\\\/c052a2551a06e23fac63626232eaa90abd78dbcf1700fc46a2b2c89fd27b735f?s=96&d=mm&r=g\",\"contentUrl\":\"https:\\\/\\\/secure.gravatar.com\\\/avatar\\\/c052a2551a06e23fac63626232eaa90abd78dbcf1700fc46a2b2c89fd27b735f?s=96&d=mm&r=g\",\"caption\":\"Redacci\u00f3n A Nova Peneira\"},\"sameAs\":[\"http:\\\/\\\/www.anovapeneira.gal\\\/\"],\"url\":\"https:\\\/\\\/www.anovapeneira.gal\\\/index.php\\\/author\\\/redactor\\\/\"}]}<\/script>\n<!-- \/ Yoast SEO plugin. -->","yoast_head_json":{"title":"O BNG reitera a s\u00faa oposici\u00f3n \u00e1 construci\u00f3n dunha cidade deportiva e un centro comercial -","robots":{"index":"index","follow":"follow","max-snippet":"max-snippet:-1","max-image-preview":"max-image-preview:large","max-video-preview":"max-video-preview:-1"},"canonical":"https:\/\/www.anovapeneira.gal\/index.php\/2019\/09\/26\/o-bng-reitera-a-sua-oposicion-a-construcion-dunha-cidade-deportiva-e-un-centro-comercial\/","og_locale":"gl_ES","og_type":"article","og_title":"O BNG reitera a s\u00faa oposici\u00f3n \u00e1 construci\u00f3n dunha cidade deportiva e un centro comercial -","og_description":"O documento que Nidia Ar\u00e9valo quere someter a votaci\u00f3n no pr\u00f3ximo pleno contempla a expropiaci\u00f3n dos terreos [...]","og_url":"https:\/\/www.anovapeneira.gal\/index.php\/2019\/09\/26\/o-bng-reitera-a-sua-oposicion-a-construcion-dunha-cidade-deportiva-e-un-centro-comercial\/","article_publisher":"https:\/\/www.facebook.com\/anovapeneira","article_published_time":"2019-09-26T12:00:12+00:00","og_image":[{"width":720,"height":473,"url":"https:\/\/www.anovapeneira.gal\/wp-content\/uploads\/2019\/09\/celta_campos_de_mos_a_nova_peneira.jpg","type":"image\/jpeg"}],"author":"Redacci\u00f3n A Nova Peneira","twitter_card":"summary_large_image","twitter_creator":"@APeneira","twitter_site":"@APeneira","twitter_misc":{"Escrito por":"Redacci\u00f3n A Nova Peneira","Tempo de lectura":"2 minutos"},"schema":{"@context":"https:\/\/schema.org","@graph":[{"@type":"Article","@id":"https:\/\/www.anovapeneira.gal\/index.php\/2019\/09\/26\/o-bng-reitera-a-sua-oposicion-a-construcion-dunha-cidade-deportiva-e-un-centro-comercial\/#article","isPartOf":{"@id":"https:\/\/www.anovapeneira.gal\/index.php\/2019\/09\/26\/o-bng-reitera-a-sua-oposicion-a-construcion-dunha-cidade-deportiva-e-un-centro-comercial\/"},"author":{"name":"Redacci\u00f3n A Nova Peneira","@id":"https:\/\/www.anovapeneira.gal\/#\/schema\/person\/b93e3f8932e3f8da96334607eb6ac6aa"},"headline":"O BNG reitera a s\u00faa oposici\u00f3n \u00e1 construci\u00f3n dunha cidade deportiva e un centro comercial","datePublished":"2019-09-26T12:00:12+00:00","mainEntityOfPage":{"@id":"https:\/\/www.anovapeneira.gal\/index.php\/2019\/09\/26\/o-bng-reitera-a-sua-oposicion-a-construcion-dunha-cidade-deportiva-e-un-centro-comercial\/"},"wordCount":352,"commentCount":0,"publisher":{"@id":"https:\/\/www.anovapeneira.gal\/#organization"},"image":{"@id":"https:\/\/www.anovapeneira.gal\/index.php\/2019\/09\/26\/o-bng-reitera-a-sua-oposicion-a-construcion-dunha-cidade-deportiva-e-un-centro-comercial\/#primaryimage"},"thumbnailUrl":"https:\/\/www.anovapeneira.gal\/wp-content\/uploads\/2019\/09\/celta_campos_de_mos_a_nova_peneira.jpg","keywords":["Cidade deportiva","Concello de Mos","Medio Ambiente","Real Club Celta"],"articleSection":["A Louri\u00f1a"],"inLanguage":"gl-ES","potentialAction":[{"@type":"CommentAction","name":"Comment","target":["https:\/\/www.anovapeneira.gal\/index.php\/2019\/09\/26\/o-bng-reitera-a-sua-oposicion-a-construcion-dunha-cidade-deportiva-e-un-centro-comercial\/#respond"]}]},{"@type":"WebPage","@id":"https:\/\/www.anovapeneira.gal\/index.php\/2019\/09\/26\/o-bng-reitera-a-sua-oposicion-a-construcion-dunha-cidade-deportiva-e-un-centro-comercial\/","url":"https:\/\/www.anovapeneira.gal\/index.php\/2019\/09\/26\/o-bng-reitera-a-sua-oposicion-a-construcion-dunha-cidade-deportiva-e-un-centro-comercial\/","name":"O BNG reitera a s\u00faa oposici\u00f3n \u00e1 construci\u00f3n dunha cidade deportiva e un centro comercial -","isPartOf":{"@id":"https:\/\/www.anovapeneira.gal\/#website"},"primaryImageOfPage":{"@id":"https:\/\/www.anovapeneira.gal\/index.php\/2019\/09\/26\/o-bng-reitera-a-sua-oposicion-a-construcion-dunha-cidade-deportiva-e-un-centro-comercial\/#primaryimage"},"image":{"@id":"https:\/\/www.anovapeneira.gal\/index.php\/2019\/09\/26\/o-bng-reitera-a-sua-oposicion-a-construcion-dunha-cidade-deportiva-e-un-centro-comercial\/#primaryimage"},"thumbnailUrl":"https:\/\/www.anovapeneira.gal\/wp-content\/uploads\/2019\/09\/celta_campos_de_mos_a_nova_peneira.jpg","datePublished":"2019-09-26T12:00:12+00:00","breadcrumb":{"@id":"https:\/\/www.anovapeneira.gal\/index.php\/2019\/09\/26\/o-bng-reitera-a-sua-oposicion-a-construcion-dunha-cidade-deportiva-e-un-centro-comercial\/#breadcrumb"},"inLanguage":"gl-ES","potentialAction":[{"@type":"ReadAction","target":["https:\/\/www.anovapeneira.gal\/index.php\/2019\/09\/26\/o-bng-reitera-a-sua-oposicion-a-construcion-dunha-cidade-deportiva-e-un-centro-comercial\/"]}]},{"@type":"ImageObject","inLanguage":"gl-ES","@id":"https:\/\/www.anovapeneira.gal\/index.php\/2019\/09\/26\/o-bng-reitera-a-sua-oposicion-a-construcion-dunha-cidade-deportiva-e-un-centro-comercial\/#primaryimage","url":"https:\/\/www.anovapeneira.gal\/wp-content\/uploads\/2019\/09\/celta_campos_de_mos_a_nova_peneira.jpg","contentUrl":"https:\/\/www.anovapeneira.gal\/wp-content\/uploads\/2019\/09\/celta_campos_de_mos_a_nova_peneira.jpg","width":720,"height":473,"caption":"Proxecto Celta campos de Mos A Nova Peneira"},{"@type":"BreadcrumbList","@id":"https:\/\/www.anovapeneira.gal\/index.php\/2019\/09\/26\/o-bng-reitera-a-sua-oposicion-a-construcion-dunha-cidade-deportiva-e-un-centro-comercial\/#breadcrumb","itemListElement":[{"@type":"ListItem","position":1,"name":"Portada","item":"https:\/\/www.anovapeneira.gal\/"},{"@type":"ListItem","position":2,"name":"O BNG reitera a s\u00faa oposici\u00f3n \u00e1 construci\u00f3n dunha cidade deportiva e un centro comercial"}]},{"@type":"WebSite","@id":"https:\/\/www.anovapeneira.gal\/#website","url":"https:\/\/www.anovapeneira.gal\/","name":"","description":"Xornal galego de informaci\u00f3n xeral Publicaci\u00f3n mensual de novas de Galicia e en especial dos Concellos da sur da provincia de Pontevedra.","publisher":{"@id":"https:\/\/www.anovapeneira.gal\/#organization"},"potentialAction":[{"@type":"SearchAction","target":{"@type":"EntryPoint","urlTemplate":"https:\/\/www.anovapeneira.gal\/?s={search_term_string}"},"query-input":{"@type":"PropertyValueSpecification","valueRequired":true,"valueName":"search_term_string"}}],"inLanguage":"gl-ES"},{"@type":"Organization","@id":"https:\/\/www.anovapeneira.gal\/#organization","name":"A Nova Peneira","url":"https:\/\/www.anovapeneira.gal\/","logo":{"@type":"ImageObject","inLanguage":"gl-ES","@id":"https:\/\/www.anovapeneira.gal\/#\/schema\/logo\/image\/","url":"http:\/\/www.anovapeneira.gal\/wp-content\/uploads\/2019\/06\/logo_a_nova_peneira_portal_web.png","contentUrl":"http:\/\/www.anovapeneira.gal\/wp-content\/uploads\/2019\/06\/logo_a_nova_peneira_portal_web.png","width":300,"height":100,"caption":"A Nova Peneira"},"image":{"@id":"https:\/\/www.anovapeneira.gal\/#\/schema\/logo\/image\/"},"sameAs":["https:\/\/www.facebook.com\/anovapeneira","https:\/\/x.com\/APeneira"]},{"@type":"Person","@id":"https:\/\/www.anovapeneira.gal\/#\/schema\/person\/b93e3f8932e3f8da96334607eb6ac6aa","name":"Redacci\u00f3n A Nova Peneira","image":{"@type":"ImageObject","inLanguage":"gl-ES","@id":"https:\/\/secure.gravatar.com\/avatar\/c052a2551a06e23fac63626232eaa90abd78dbcf1700fc46a2b2c89fd27b735f?s=96&d=mm&r=g","url":"https:\/\/secure.gravatar.com\/avatar\/c052a2551a06e23fac63626232eaa90abd78dbcf1700fc46a2b2c89fd27b735f?s=96&d=mm&r=g","contentUrl":"https:\/\/secure.gravatar.com\/avatar\/c052a2551a06e23fac63626232eaa90abd78dbcf1700fc46a2b2c89fd27b735f?s=96&d=mm&r=g","caption":"Redacci\u00f3n A Nova Peneira"},"sameAs":["http:\/\/www.anovapeneira.gal\/"],"url":"https:\/\/www.anovapeneira.gal\/index.php\/author\/redactor\/"}]}},"jetpack_featured_media_url":"https:\/\/www.anovapeneira.gal\/wp-content\/uploads\/2019\/09\/celta_campos_de_mos_a_nova_peneira.jpg","_links":{"self":[{"href":"https:\/\/www.anovapeneira.gal\/index.php\/wp-json\/wp\/v2\/posts\/1342","targetHints":{"allow":["GET"]}}],"collection":[{"href":"https:\/\/www.anovapeneira.gal\/index.php\/wp-json\/wp\/v2\/posts"}],"about":[{"href":"https:\/\/www.anovapeneira.gal\/index.php\/wp-json\/wp\/v2\/types\/post"}],"author":[{"embeddable":true,"href":"https:\/\/www.anovapeneira.gal\/index.php\/wp-json\/wp\/v2\/users\/3"}],"replies":[{"embeddable":true,"href":"https:\/\/www.anovapeneira.gal\/index.php\/wp-json\/wp\/v2\/comments?post=1342"}],"version-history":[{"count":1,"href":"https:\/\/www.anovapeneira.gal\/index.php\/wp-json\/wp\/v2\/posts\/1342\/revisions"}],"predecessor-version":[{"id":1344,"href":"https:\/\/www.anovapeneira.gal\/index.php\/wp-json\/wp\/v2\/posts\/1342\/revisions\/1344"}],"wp:featuredmedia":[{"embeddable":true,"href":"https:\/\/www.anovapeneira.gal\/index.php\/wp-json\/wp\/v2\/media\/1343"}],"wp:attachment":[{"href":"https:\/\/www.anovapeneira.gal\/index.php\/wp-json\/wp\/v2\/media?parent=1342"}],"wp:term":[{"taxonomy":"category","embeddable":true,"href":"https:\/\/www.anovapeneira.gal\/index.php\/wp-json\/wp\/v2\/categories?post=1342"},{"taxonomy":"post_tag","embeddable":true,"href":"https:\/\/www.anovapeneira.gal\/index.php\/wp-json\/wp\/v2\/tags?post=1342"}],"curies":[{"name":"wp","href":"https:\/\/api.w.org\/{rel}","templated":true}]}}