{"id":13440,"date":"2025-03-04T10:00:42","date_gmt":"2025-03-04T09:00:42","guid":{"rendered":"https:\/\/www.anovapeneira.gal\/?p=13440"},"modified":"2025-03-03T12:18:00","modified_gmt":"2025-03-03T11:18:00","slug":"carta-da-memoria-abundio-ledo-gomez","status":"publish","type":"post","link":"https:\/\/www.anovapeneira.gal\/index.php\/2025\/03\/04\/carta-da-memoria-abundio-ledo-gomez\/","title":{"rendered":"Carta da memoria Abundio Ledo G\u00f3mez"},"content":{"rendered":"\n<pre class=\"wp-block-verse\">Manuel Alfonso Est\u00e9vez, fillo de Fornelos da Ribeira<\/pre>\n\n\n\n<p>Fai hoxe mais de cento trinta e tantos anos, que nacera en Fornelos da Ribeira, e 85 que non lograra sa\u00edr con vida nin conmutar as penas de morte ante as duras condici\u00f3ns carcerarias, pero a\u00ed onde te encontres, queremos que a trav\u00e9s de A NOVA PENEIRA, \u00a1A Nosa Peneira! que saibas da confecci\u00f3n desta Carta da Memoria, expresamente para ti, e para os compa\u00f1eiros que compartiron contigo aquel destino imposible, analizado e contextualizado que ben merece o noso reco\u00f1ecemento.<\/p>\n\n\n\n<p>Sabemos que daquelas prisi\u00f3ns franquistas sa\u00edron cartas que salvaron vidas, lograron conmutar penas de morte, e contribu\u00edr a supervivencia ante as duras condici\u00f3ns carcerarias. Logo de tantos anos, queremos que saibas que sentimos o orgullo da t\u00faa vida, de quen eras,de como eras, por onde pasaches, onde viviches, como mirabas e como sorr\u00edas. E tam\u00e9n o que pasou. E e duro de ler o teu sumario cheo de mentiras e inxustizas. E te te\u00f1o idealizado valente e decidido loitando por defender a liberdade, tan honesto como para volver a Fornelos da Ribeira, coa inocencia e tranquilidade quen so sabe que fixo o correcto.<\/p>\n\n\n\n<p>Fuches nado en Fornelos da Ribeira en 1.888 e finaches en Burgos o 18-01-1.940 sendo xastre, sindicalista e pol\u00edtico.<\/p>\n\n\n\n<p>Sabemos que te casaches con Rosa Est\u00e9vez Rodr\u00edguez o dia 9-12-1.918 sendo carteiro, que emigraches a Cuba no 1.920 sendo colaborador de El Tea. Tam\u00e9n sabemos que retornaches no 1.922 a Fornelos da Ribeira e te instalaches como xastre, fuches nomeado como o catro tenente de alcalde<br>de Salvaterra do Mi\u00f1o, e si mal non me lembro, fuches elixido presidente do sindicato EL PROGRESO no 1.933. Co Frente Popular reposto de concelleiro do Axuntamento de Salvaterra, e con o golpe do 18 de Xullo do 36, tiveches que fuxir o monte reclamado polo xu\u00edz militar de Vigo, o 15-09-1.936, cos compa\u00f1eiros, Manuel Monteagudo Rodr\u00edguez, Manuel Mari\u00f1o M\u00e9ndez, Jos\u00e9 Mac\u00edas Gutierrez, Vicente Dom\u00edngueznVilar, Etelvino Tielas e Rom\u00e1n Santill\u00e1n.<\/p>\n\n\n\n<p>Detido e xulgado en Vigo, por un consello de guerra o 27-07-1.937 fuches condenado a 30 anos e trasladado a Prisi\u00f3n Central de Burgos, para cumprir condena, abr\u00edndote expediente &#8211; ademais &#8211; de responsabilidades pol\u00edticas no 1.938 e finando na Prisi\u00f3n de Burgos o 18-01-1.940.<\/p>\n\n\n\n<p>Aqu\u00ed queda pois, a t\u00faa ausencia para sempre. E, vi\u00f1eron os anos de \u201csilencio\u201d ata esta Carta da Memoria, coa t\u00faa conciencia tranquila, a t\u00faa defensa da legalidade e o posto que te encomendaron na vida, orgullo de ti e dos teus compa\u00f1eiros de fatiga.<\/p>\n\n\n\n<p>Logo de tantos anos, seguimos pensando na t\u00faa actitude admirable, nos teus anos de luz ante os verdugos, en t\u00e9rminos de valores, de honestidade e valent\u00eda, deixando o list\u00f3n moi alto na loita pola<br>verdade, sendo fillo de Fornelos da Ribeira.<\/p>\n\n\n\n<p>\u00a1Cantos anos calados sen o\u00edr a coletilla da t\u00faa voz muda, con nome e apelido, con historia e con vida plena, arrancada no alba!<\/p>\n\n\n\n<p>Mataron teu corpo, pero non puideron coas ideas que defendiades. Hoxe, na democracia, logo daqueles anos de ditadura feroz, grazas A NOVA PENEIRA, rescatamos o teu nome e a dos compa\u00f1eiros enganchados no vento, lanzando o mundo enteiro esta Carta da Memoria, coa a historia arrebatada.<\/p>\n\n\n\n<p>A t\u00faa morte non foi en balde, porque aqu\u00ed deixaches o legado da dignidade e liberdade. E o silencio das familias enchendo o oco da presente Carta da Memoria, reencontr\u00e1ndonos con plena lucidez e consciencia dese tr\u00e1xico final.<\/p>\n\n\n\n<p>D.E.P.<\/p>\n\n\n\n<p>Notas: El Tea, do 23-10-1,920; 13-05-1.922. El Pueblo Gallego do 22-01-1.933. El Tea do 14-02-1.933. Base de datos dos concelleiros republicanos. Requisitorias de El Pueblo Gallego do 15-09-1.936. El Ideal Gallego do 20-03-1.938. BOE do 13-12-1.940.<\/p>\n","protected":false},"excerpt":{"rendered":"<div class=\"mh-excerpt\"><p>Fai hoxe mais de cento trinta e tantos anos, que nacera en Fornelos da Ribeira, e 85 que non lograra sa\u00edr con vida nin conmutar as penas de morte ante as duras condici\u00f3ns carcerarias <a class=\"mh-excerpt-more\" href=\"https:\/\/www.anovapeneira.gal\/index.php\/2025\/03\/04\/carta-da-memoria-abundio-ledo-gomez\/\" title=\"Carta da memoria Abundio Ledo G\u00f3mez\">[&#8230;]<\/a><\/p>\n<\/div>","protected":false},"author":1,"featured_media":0,"comment_status":"open","ping_status":"open","sticky":false,"template":"","format":"standard","meta":{"_exactmetrics_skip_tracking":false,"_exactmetrics_sitenote_active":false,"_exactmetrics_sitenote_note":"","_exactmetrics_sitenote_category":0,"footnotes":""},"categories":[1],"tags":[],"class_list":{"0":"post-13440","1":"post","2":"type-post","3":"status-publish","4":"format-standard","6":"category-sin-categoria"},"yoast_head":"<!-- This site is optimized with the Yoast SEO plugin v27.4 - https:\/\/yoast.com\/product\/yoast-seo-wordpress\/ -->\n<title>Carta da memoria Abundio Ledo G\u00f3mez -<\/title>\n<meta name=\"robots\" content=\"index, follow, max-snippet:-1, max-image-preview:large, max-video-preview:-1\" \/>\n<link rel=\"canonical\" href=\"https:\/\/www.anovapeneira.gal\/index.php\/2025\/03\/04\/carta-da-memoria-abundio-ledo-gomez\/\" \/>\n<meta property=\"og:locale\" content=\"gl_ES\" \/>\n<meta property=\"og:type\" content=\"article\" \/>\n<meta property=\"og:title\" content=\"Carta da memoria Abundio Ledo G\u00f3mez -\" \/>\n<meta property=\"og:description\" content=\"Fai hoxe mais de cento trinta e tantos anos, que nacera en Fornelos da Ribeira, e 85 que non lograra sa\u00edr con vida nin conmutar as penas de morte ante as duras condici\u00f3ns carcerarias [...]\" \/>\n<meta property=\"og:url\" content=\"https:\/\/www.anovapeneira.gal\/index.php\/2025\/03\/04\/carta-da-memoria-abundio-ledo-gomez\/\" \/>\n<meta property=\"article:publisher\" content=\"https:\/\/www.facebook.com\/anovapeneira\" \/>\n<meta property=\"article:author\" content=\"https:\/\/www.facebook.com\/anovapeneira\/\" \/>\n<meta property=\"article:published_time\" content=\"2025-03-04T09:00:42+00:00\" \/>\n<meta name=\"author\" content=\"admin\" \/>\n<meta name=\"twitter:card\" content=\"summary_large_image\" \/>\n<meta name=\"twitter:creator\" content=\"@APeneira\" \/>\n<meta name=\"twitter:site\" content=\"@APeneira\" \/>\n<meta name=\"twitter:label1\" content=\"Escrito por\" \/>\n\t<meta name=\"twitter:data1\" content=\"admin\" \/>\n\t<meta name=\"twitter:label2\" content=\"Tempo de lectura\" \/>\n\t<meta name=\"twitter:data2\" content=\"3 minutos\" \/>\n<script type=\"application\/ld+json\" class=\"yoast-schema-graph\">{\"@context\":\"https:\\\/\\\/schema.org\",\"@graph\":[{\"@type\":\"Article\",\"@id\":\"https:\\\/\\\/www.anovapeneira.gal\\\/index.php\\\/2025\\\/03\\\/04\\\/carta-da-memoria-abundio-ledo-gomez\\\/#article\",\"isPartOf\":{\"@id\":\"https:\\\/\\\/www.anovapeneira.gal\\\/index.php\\\/2025\\\/03\\\/04\\\/carta-da-memoria-abundio-ledo-gomez\\\/\"},\"author\":{\"name\":\"admin\",\"@id\":\"https:\\\/\\\/www.anovapeneira.gal\\\/#\\\/schema\\\/person\\\/fb77575328c93684dae4b0075f90c2cb\"},\"headline\":\"Carta da memoria Abundio Ledo G\u00f3mez\",\"datePublished\":\"2025-03-04T09:00:42+00:00\",\"mainEntityOfPage\":{\"@id\":\"https:\\\/\\\/www.anovapeneira.gal\\\/index.php\\\/2025\\\/03\\\/04\\\/carta-da-memoria-abundio-ledo-gomez\\\/\"},\"wordCount\":653,\"commentCount\":0,\"publisher\":{\"@id\":\"https:\\\/\\\/www.anovapeneira.gal\\\/#organization\"},\"articleSection\":[\"Sin categor\u00eda\"],\"inLanguage\":\"gl-ES\",\"potentialAction\":[{\"@type\":\"CommentAction\",\"name\":\"Comment\",\"target\":[\"https:\\\/\\\/www.anovapeneira.gal\\\/index.php\\\/2025\\\/03\\\/04\\\/carta-da-memoria-abundio-ledo-gomez\\\/#respond\"]}]},{\"@type\":\"WebPage\",\"@id\":\"https:\\\/\\\/www.anovapeneira.gal\\\/index.php\\\/2025\\\/03\\\/04\\\/carta-da-memoria-abundio-ledo-gomez\\\/\",\"url\":\"https:\\\/\\\/www.anovapeneira.gal\\\/index.php\\\/2025\\\/03\\\/04\\\/carta-da-memoria-abundio-ledo-gomez\\\/\",\"name\":\"Carta da memoria Abundio Ledo G\u00f3mez -\",\"isPartOf\":{\"@id\":\"https:\\\/\\\/www.anovapeneira.gal\\\/#website\"},\"datePublished\":\"2025-03-04T09:00:42+00:00\",\"breadcrumb\":{\"@id\":\"https:\\\/\\\/www.anovapeneira.gal\\\/index.php\\\/2025\\\/03\\\/04\\\/carta-da-memoria-abundio-ledo-gomez\\\/#breadcrumb\"},\"inLanguage\":\"gl-ES\",\"potentialAction\":[{\"@type\":\"ReadAction\",\"target\":[\"https:\\\/\\\/www.anovapeneira.gal\\\/index.php\\\/2025\\\/03\\\/04\\\/carta-da-memoria-abundio-ledo-gomez\\\/\"]}]},{\"@type\":\"BreadcrumbList\",\"@id\":\"https:\\\/\\\/www.anovapeneira.gal\\\/index.php\\\/2025\\\/03\\\/04\\\/carta-da-memoria-abundio-ledo-gomez\\\/#breadcrumb\",\"itemListElement\":[{\"@type\":\"ListItem\",\"position\":1,\"name\":\"Portada\",\"item\":\"https:\\\/\\\/www.anovapeneira.gal\\\/\"},{\"@type\":\"ListItem\",\"position\":2,\"name\":\"Carta da memoria Abundio Ledo G\u00f3mez\"}]},{\"@type\":\"WebSite\",\"@id\":\"https:\\\/\\\/www.anovapeneira.gal\\\/#website\",\"url\":\"https:\\\/\\\/www.anovapeneira.gal\\\/\",\"name\":\"\",\"description\":\"Xornal galego de informaci\u00f3n xeral Publicaci\u00f3n mensual de novas de Galicia e en especial dos Concellos da sur da provincia de Pontevedra.\",\"publisher\":{\"@id\":\"https:\\\/\\\/www.anovapeneira.gal\\\/#organization\"},\"potentialAction\":[{\"@type\":\"SearchAction\",\"target\":{\"@type\":\"EntryPoint\",\"urlTemplate\":\"https:\\\/\\\/www.anovapeneira.gal\\\/?s={search_term_string}\"},\"query-input\":{\"@type\":\"PropertyValueSpecification\",\"valueRequired\":true,\"valueName\":\"search_term_string\"}}],\"inLanguage\":\"gl-ES\"},{\"@type\":\"Organization\",\"@id\":\"https:\\\/\\\/www.anovapeneira.gal\\\/#organization\",\"name\":\"A Nova Peneira\",\"url\":\"https:\\\/\\\/www.anovapeneira.gal\\\/\",\"logo\":{\"@type\":\"ImageObject\",\"inLanguage\":\"gl-ES\",\"@id\":\"https:\\\/\\\/www.anovapeneira.gal\\\/#\\\/schema\\\/logo\\\/image\\\/\",\"url\":\"http:\\\/\\\/www.anovapeneira.gal\\\/wp-content\\\/uploads\\\/2019\\\/06\\\/logo_a_nova_peneira_portal_web.png\",\"contentUrl\":\"http:\\\/\\\/www.anovapeneira.gal\\\/wp-content\\\/uploads\\\/2019\\\/06\\\/logo_a_nova_peneira_portal_web.png\",\"width\":300,\"height\":100,\"caption\":\"A Nova Peneira\"},\"image\":{\"@id\":\"https:\\\/\\\/www.anovapeneira.gal\\\/#\\\/schema\\\/logo\\\/image\\\/\"},\"sameAs\":[\"https:\\\/\\\/www.facebook.com\\\/anovapeneira\",\"https:\\\/\\\/x.com\\\/APeneira\"]},{\"@type\":\"Person\",\"@id\":\"https:\\\/\\\/www.anovapeneira.gal\\\/#\\\/schema\\\/person\\\/fb77575328c93684dae4b0075f90c2cb\",\"name\":\"admin\",\"image\":{\"@type\":\"ImageObject\",\"inLanguage\":\"gl-ES\",\"@id\":\"https:\\\/\\\/secure.gravatar.com\\\/avatar\\\/df15c36ce375448325e0bc870e91bbee95947a002eb98dcfd6c2b053e18843e9?s=96&d=mm&r=g\",\"url\":\"https:\\\/\\\/secure.gravatar.com\\\/avatar\\\/df15c36ce375448325e0bc870e91bbee95947a002eb98dcfd6c2b053e18843e9?s=96&d=mm&r=g\",\"contentUrl\":\"https:\\\/\\\/secure.gravatar.com\\\/avatar\\\/df15c36ce375448325e0bc870e91bbee95947a002eb98dcfd6c2b053e18843e9?s=96&d=mm&r=g\",\"caption\":\"admin\"},\"description\":\"Xornal galego de informaci\u00f3n xeral Publicaci\u00f3n mensual de novas de Galicia e en especial dos Concellos da sur da provincia de Pontevedra.\",\"sameAs\":[\"http:\\\/\\\/www.anovapeneira.gal\\\/\",\"https:\\\/\\\/www.facebook.com\\\/anovapeneira\\\/\"],\"url\":\"https:\\\/\\\/www.anovapeneira.gal\\\/index.php\\\/author\\\/admin\\\/\"}]}<\/script>\n<!-- \/ Yoast SEO plugin. -->","yoast_head_json":{"title":"Carta da memoria Abundio Ledo G\u00f3mez -","robots":{"index":"index","follow":"follow","max-snippet":"max-snippet:-1","max-image-preview":"max-image-preview:large","max-video-preview":"max-video-preview:-1"},"canonical":"https:\/\/www.anovapeneira.gal\/index.php\/2025\/03\/04\/carta-da-memoria-abundio-ledo-gomez\/","og_locale":"gl_ES","og_type":"article","og_title":"Carta da memoria Abundio Ledo G\u00f3mez -","og_description":"Fai hoxe mais de cento trinta e tantos anos, que nacera en Fornelos da Ribeira, e 85 que non lograra sa\u00edr con vida nin conmutar as penas de morte ante as duras condici\u00f3ns carcerarias [...]","og_url":"https:\/\/www.anovapeneira.gal\/index.php\/2025\/03\/04\/carta-da-memoria-abundio-ledo-gomez\/","article_publisher":"https:\/\/www.facebook.com\/anovapeneira","article_author":"https:\/\/www.facebook.com\/anovapeneira\/","article_published_time":"2025-03-04T09:00:42+00:00","author":"admin","twitter_card":"summary_large_image","twitter_creator":"@APeneira","twitter_site":"@APeneira","twitter_misc":{"Escrito por":"admin","Tempo de lectura":"3 minutos"},"schema":{"@context":"https:\/\/schema.org","@graph":[{"@type":"Article","@id":"https:\/\/www.anovapeneira.gal\/index.php\/2025\/03\/04\/carta-da-memoria-abundio-ledo-gomez\/#article","isPartOf":{"@id":"https:\/\/www.anovapeneira.gal\/index.php\/2025\/03\/04\/carta-da-memoria-abundio-ledo-gomez\/"},"author":{"name":"admin","@id":"https:\/\/www.anovapeneira.gal\/#\/schema\/person\/fb77575328c93684dae4b0075f90c2cb"},"headline":"Carta da memoria Abundio Ledo G\u00f3mez","datePublished":"2025-03-04T09:00:42+00:00","mainEntityOfPage":{"@id":"https:\/\/www.anovapeneira.gal\/index.php\/2025\/03\/04\/carta-da-memoria-abundio-ledo-gomez\/"},"wordCount":653,"commentCount":0,"publisher":{"@id":"https:\/\/www.anovapeneira.gal\/#organization"},"articleSection":["Sin categor\u00eda"],"inLanguage":"gl-ES","potentialAction":[{"@type":"CommentAction","name":"Comment","target":["https:\/\/www.anovapeneira.gal\/index.php\/2025\/03\/04\/carta-da-memoria-abundio-ledo-gomez\/#respond"]}]},{"@type":"WebPage","@id":"https:\/\/www.anovapeneira.gal\/index.php\/2025\/03\/04\/carta-da-memoria-abundio-ledo-gomez\/","url":"https:\/\/www.anovapeneira.gal\/index.php\/2025\/03\/04\/carta-da-memoria-abundio-ledo-gomez\/","name":"Carta da memoria Abundio Ledo G\u00f3mez -","isPartOf":{"@id":"https:\/\/www.anovapeneira.gal\/#website"},"datePublished":"2025-03-04T09:00:42+00:00","breadcrumb":{"@id":"https:\/\/www.anovapeneira.gal\/index.php\/2025\/03\/04\/carta-da-memoria-abundio-ledo-gomez\/#breadcrumb"},"inLanguage":"gl-ES","potentialAction":[{"@type":"ReadAction","target":["https:\/\/www.anovapeneira.gal\/index.php\/2025\/03\/04\/carta-da-memoria-abundio-ledo-gomez\/"]}]},{"@type":"BreadcrumbList","@id":"https:\/\/www.anovapeneira.gal\/index.php\/2025\/03\/04\/carta-da-memoria-abundio-ledo-gomez\/#breadcrumb","itemListElement":[{"@type":"ListItem","position":1,"name":"Portada","item":"https:\/\/www.anovapeneira.gal\/"},{"@type":"ListItem","position":2,"name":"Carta da memoria Abundio Ledo G\u00f3mez"}]},{"@type":"WebSite","@id":"https:\/\/www.anovapeneira.gal\/#website","url":"https:\/\/www.anovapeneira.gal\/","name":"","description":"Xornal galego de informaci\u00f3n xeral Publicaci\u00f3n mensual de novas de Galicia e en especial dos Concellos da sur da provincia de Pontevedra.","publisher":{"@id":"https:\/\/www.anovapeneira.gal\/#organization"},"potentialAction":[{"@type":"SearchAction","target":{"@type":"EntryPoint","urlTemplate":"https:\/\/www.anovapeneira.gal\/?s={search_term_string}"},"query-input":{"@type":"PropertyValueSpecification","valueRequired":true,"valueName":"search_term_string"}}],"inLanguage":"gl-ES"},{"@type":"Organization","@id":"https:\/\/www.anovapeneira.gal\/#organization","name":"A Nova Peneira","url":"https:\/\/www.anovapeneira.gal\/","logo":{"@type":"ImageObject","inLanguage":"gl-ES","@id":"https:\/\/www.anovapeneira.gal\/#\/schema\/logo\/image\/","url":"http:\/\/www.anovapeneira.gal\/wp-content\/uploads\/2019\/06\/logo_a_nova_peneira_portal_web.png","contentUrl":"http:\/\/www.anovapeneira.gal\/wp-content\/uploads\/2019\/06\/logo_a_nova_peneira_portal_web.png","width":300,"height":100,"caption":"A Nova Peneira"},"image":{"@id":"https:\/\/www.anovapeneira.gal\/#\/schema\/logo\/image\/"},"sameAs":["https:\/\/www.facebook.com\/anovapeneira","https:\/\/x.com\/APeneira"]},{"@type":"Person","@id":"https:\/\/www.anovapeneira.gal\/#\/schema\/person\/fb77575328c93684dae4b0075f90c2cb","name":"admin","image":{"@type":"ImageObject","inLanguage":"gl-ES","@id":"https:\/\/secure.gravatar.com\/avatar\/df15c36ce375448325e0bc870e91bbee95947a002eb98dcfd6c2b053e18843e9?s=96&d=mm&r=g","url":"https:\/\/secure.gravatar.com\/avatar\/df15c36ce375448325e0bc870e91bbee95947a002eb98dcfd6c2b053e18843e9?s=96&d=mm&r=g","contentUrl":"https:\/\/secure.gravatar.com\/avatar\/df15c36ce375448325e0bc870e91bbee95947a002eb98dcfd6c2b053e18843e9?s=96&d=mm&r=g","caption":"admin"},"description":"Xornal galego de informaci\u00f3n xeral Publicaci\u00f3n mensual de novas de Galicia e en especial dos Concellos da sur da provincia de Pontevedra.","sameAs":["http:\/\/www.anovapeneira.gal\/","https:\/\/www.facebook.com\/anovapeneira\/"],"url":"https:\/\/www.anovapeneira.gal\/index.php\/author\/admin\/"}]}},"jetpack_featured_media_url":"","_links":{"self":[{"href":"https:\/\/www.anovapeneira.gal\/index.php\/wp-json\/wp\/v2\/posts\/13440","targetHints":{"allow":["GET"]}}],"collection":[{"href":"https:\/\/www.anovapeneira.gal\/index.php\/wp-json\/wp\/v2\/posts"}],"about":[{"href":"https:\/\/www.anovapeneira.gal\/index.php\/wp-json\/wp\/v2\/types\/post"}],"author":[{"embeddable":true,"href":"https:\/\/www.anovapeneira.gal\/index.php\/wp-json\/wp\/v2\/users\/1"}],"replies":[{"embeddable":true,"href":"https:\/\/www.anovapeneira.gal\/index.php\/wp-json\/wp\/v2\/comments?post=13440"}],"version-history":[{"count":1,"href":"https:\/\/www.anovapeneira.gal\/index.php\/wp-json\/wp\/v2\/posts\/13440\/revisions"}],"predecessor-version":[{"id":13441,"href":"https:\/\/www.anovapeneira.gal\/index.php\/wp-json\/wp\/v2\/posts\/13440\/revisions\/13441"}],"wp:attachment":[{"href":"https:\/\/www.anovapeneira.gal\/index.php\/wp-json\/wp\/v2\/media?parent=13440"}],"wp:term":[{"taxonomy":"category","embeddable":true,"href":"https:\/\/www.anovapeneira.gal\/index.php\/wp-json\/wp\/v2\/categories?post=13440"},{"taxonomy":"post_tag","embeddable":true,"href":"https:\/\/www.anovapeneira.gal\/index.php\/wp-json\/wp\/v2\/tags?post=13440"}],"curies":[{"name":"wp","href":"https:\/\/api.w.org\/{rel}","templated":true}]}}