{"id":13444,"date":"2025-03-05T12:00:10","date_gmt":"2025-03-05T11:00:10","guid":{"rendered":"https:\/\/www.anovapeneira.gal\/?p=13444"},"modified":"2025-03-03T12:30:28","modified_gmt":"2025-03-03T11:30:28","slug":"galiza-nova-presenta-a-campana-do-8m-baixo-o-lema-mulleres-libres-na-galiza-liberada","status":"publish","type":"post","link":"https:\/\/www.anovapeneira.gal\/index.php\/2025\/03\/05\/galiza-nova-presenta-a-campana-do-8m-baixo-o-lema-mulleres-libres-na-galiza-liberada\/","title":{"rendered":"Galiza Nova presenta a campa\u00f1a do 8M baixo o lema Mulleres libres na Galiza liberada"},"content":{"rendered":"\n<h2 class=\"wp-block-heading\">Sabela M\u00e9ndez, Responsable Nacional de Mulleres: &#8220;Os problemas de precariedade que vive a mocidade galega agr\u00e1vanse no caso das mozas polo simple feito de sermos mulleres&#8221;<\/h2>\n\n\n\n<p><strong>Santiago de Compostela, 28 de febreiro.<\/strong><\/p>\n\n\n\n<p>A organizaci\u00f3n xuvenil do BNG presentou hoxe a s\u00faa campa\u00f1a para este 8 de marzo, d\u00eda internacional da muller traballadora, baixo o lema &#8220;Mulleres libres na Galiza liberada&#8221;. Unha campa\u00f1a coa que pretenden po\u00f1er o foco en como a precariedade que vive a mocidade galega agr\u00e1vase no caso das mozas polo feito de ser mulleres.<\/p>\n\n\n\n<p>&#8220;A situaci\u00f3n do emprego, do acceso \u00e1 vivenda ou da emigraci\u00f3n xuvenil son emigraci\u00f3n xuvenil son peores no caso das mozas galegas&#8221; denuncia Sabela M\u00e9ndez, responsable de mulleres da organizaci\u00f3n &#8220;por exemplo, a fenda salarial segundo os \u00faltimos datos est\u00e1 entre o 15 e o 20%, se a iso lle sumamos a precarizaci\u00f3n, temporalidade e parcialidade no emprego que por defecto sufrimos a mocidade, en que situaci\u00f3n nos deixa iso \u00e1s mozas?&#8221; cuestiona M\u00e9ndez.<\/p>\n\n\n\n<p>&#8220;Dende Galiza Nova queremos garantir Nova queremos garantir que a mocidade galega poida desenvolver os seus proxectos de vida dignamente e con normalidade&#8221; afirmou Sabela, &#8220;o patriarcado dificulta a\u00ednda m\u00e1is a nosa emancipaci\u00f3n, xa que a feminizaci\u00f3n da pobreza ou a responsabilidade maioritaria nos coidados familiares fan que moitas veces nos vexamos na obriga de atrasar o inicio dos nosos proxectos de vida propios&#8221;.<\/p>\n\n\n\n<p>Dende a propia organizaci\u00f3n tam\u00e9n afirman que &#8220;a loita por un emprego digno, o acceso \u00e1 vivenda e contra a emancipaci\u00f3n non pode ser entendidas sen a loita pola liberaci\u00f3n de Galiza, vivimos nun pa\u00eds sen dereito a decidir por si propio e iso condiciona m\u00e1is a\u00ednda as nosas condici\u00f3ns de vida. De a\u00ed a nosa reivindicaci\u00f3n, ser mulleres libres na Galiza liberada&#8221;.<\/p>\n\n\n\n<p>A campa\u00f1a estar\u00e1 acompa\u00f1ada de publicaci\u00f3ns en redes nas que se explicar\u00e1 a situaci\u00f3n espec\u00edfica do emprego, a vivenda e a emigraci\u00f3n das mozas galegas, as\u00ed como actos formativos e tam\u00e9n de axitaci\u00f3n de cara \u00e1s mobilizaci\u00f3ns que na propia data convoca o movemento feminista.<\/p>\n\n\n\n<figure class=\"wp-block-image size-large\"><img loading=\"lazy\" decoding=\"async\" width=\"724\" height=\"1024\" src=\"https:\/\/www.anovapeneira.gal\/wp-content\/uploads\/2025\/03\/8M-CARTAZ-GALIZA-NOVA-724x1024.jpg\" alt=\"\" class=\"wp-image-13447\" srcset=\"https:\/\/www.anovapeneira.gal\/wp-content\/uploads\/2025\/03\/8M-CARTAZ-GALIZA-NOVA-724x1024.jpg 724w, https:\/\/www.anovapeneira.gal\/wp-content\/uploads\/2025\/03\/8M-CARTAZ-GALIZA-NOVA-212x300.jpg 212w, https:\/\/www.anovapeneira.gal\/wp-content\/uploads\/2025\/03\/8M-CARTAZ-GALIZA-NOVA-768x1086.jpg 768w, https:\/\/www.anovapeneira.gal\/wp-content\/uploads\/2025\/03\/8M-CARTAZ-GALIZA-NOVA-1086x1536.jpg 1086w, https:\/\/www.anovapeneira.gal\/wp-content\/uploads\/2025\/03\/8M-CARTAZ-GALIZA-NOVA.jpg 1414w\" sizes=\"auto, (max-width: 724px) 100vw, 724px\" \/><\/figure>\n","protected":false},"excerpt":{"rendered":"<div class=\"mh-excerpt\"><p>Sabela M\u00e9ndez, Responsable Nacional de Mulleres: &#8220;Os problemas de precariedade que vive a mocidade galega agr\u00e1vanse no caso das mozas polo simple feito de sermos mulleres&#8221; <a class=\"mh-excerpt-more\" href=\"https:\/\/www.anovapeneira.gal\/index.php\/2025\/03\/05\/galiza-nova-presenta-a-campana-do-8m-baixo-o-lema-mulleres-libres-na-galiza-liberada\/\" title=\"Galiza Nova presenta a campa\u00f1a do 8M baixo o lema Mulleres libres na Galiza liberada\">[&#8230;]<\/a><\/p>\n<\/div>","protected":false},"author":3,"featured_media":13445,"comment_status":"open","ping_status":"open","sticky":false,"template":"","format":"standard","meta":{"_exactmetrics_skip_tracking":false,"_exactmetrics_sitenote_active":false,"_exactmetrics_sitenote_note":"","_exactmetrics_sitenote_category":0,"footnotes":""},"categories":[263],"tags":[838],"class_list":{"0":"post-13444","1":"post","2":"type-post","3":"status-publish","4":"format-standard","5":"has-post-thumbnail","7":"category-novas","8":"tag-galiza-nova"},"yoast_head":"<!-- This site is optimized with the Yoast SEO plugin v27.4 - https:\/\/yoast.com\/product\/yoast-seo-wordpress\/ -->\n<title>Galiza Nova presenta a campa\u00f1a do 8M baixo o lema Mulleres libres na Galiza liberada -<\/title>\n<meta name=\"robots\" content=\"index, follow, max-snippet:-1, max-image-preview:large, max-video-preview:-1\" \/>\n<link rel=\"canonical\" href=\"https:\/\/www.anovapeneira.gal\/index.php\/2025\/03\/05\/galiza-nova-presenta-a-campana-do-8m-baixo-o-lema-mulleres-libres-na-galiza-liberada\/\" \/>\n<meta property=\"og:locale\" content=\"gl_ES\" \/>\n<meta property=\"og:type\" content=\"article\" \/>\n<meta property=\"og:title\" content=\"Galiza Nova presenta a campa\u00f1a do 8M baixo o lema Mulleres libres na Galiza liberada -\" \/>\n<meta property=\"og:description\" content=\"Sabela M\u00e9ndez, Responsable Nacional de Mulleres: &quot;Os problemas de precariedade que vive a mocidade galega agr\u00e1vanse no caso das mozas polo simple feito de sermos mulleres&quot; [...]\" \/>\n<meta property=\"og:url\" content=\"https:\/\/www.anovapeneira.gal\/index.php\/2025\/03\/05\/galiza-nova-presenta-a-campana-do-8m-baixo-o-lema-mulleres-libres-na-galiza-liberada\/\" \/>\n<meta property=\"article:publisher\" content=\"https:\/\/www.facebook.com\/anovapeneira\" \/>\n<meta property=\"article:published_time\" content=\"2025-03-05T11:00:10+00:00\" \/>\n<meta property=\"og:image\" content=\"https:\/\/www.anovapeneira.gal\/wp-content\/uploads\/2025\/03\/8M_Galiza_Nova.png\" \/>\n\t<meta property=\"og:image:width\" content=\"720\" \/>\n\t<meta property=\"og:image:height\" content=\"432\" \/>\n\t<meta property=\"og:image:type\" content=\"image\/png\" \/>\n<meta name=\"author\" content=\"Redacci\u00f3n A Nova Peneira\" \/>\n<meta name=\"twitter:card\" content=\"summary_large_image\" \/>\n<meta name=\"twitter:creator\" content=\"@APeneira\" \/>\n<meta name=\"twitter:site\" content=\"@APeneira\" \/>\n<meta name=\"twitter:label1\" content=\"Escrito por\" \/>\n\t<meta name=\"twitter:data1\" content=\"Redacci\u00f3n A Nova Peneira\" \/>\n\t<meta name=\"twitter:label2\" content=\"Tempo de lectura\" \/>\n\t<meta name=\"twitter:data2\" content=\"3 minutos\" \/>\n<script type=\"application\/ld+json\" class=\"yoast-schema-graph\">{\"@context\":\"https:\\\/\\\/schema.org\",\"@graph\":[{\"@type\":\"Article\",\"@id\":\"https:\\\/\\\/www.anovapeneira.gal\\\/index.php\\\/2025\\\/03\\\/05\\\/galiza-nova-presenta-a-campana-do-8m-baixo-o-lema-mulleres-libres-na-galiza-liberada\\\/#article\",\"isPartOf\":{\"@id\":\"https:\\\/\\\/www.anovapeneira.gal\\\/index.php\\\/2025\\\/03\\\/05\\\/galiza-nova-presenta-a-campana-do-8m-baixo-o-lema-mulleres-libres-na-galiza-liberada\\\/\"},\"author\":{\"name\":\"Redacci\u00f3n A Nova Peneira\",\"@id\":\"https:\\\/\\\/www.anovapeneira.gal\\\/#\\\/schema\\\/person\\\/b93e3f8932e3f8da96334607eb6ac6aa\"},\"headline\":\"Galiza Nova presenta a campa\u00f1a do 8M baixo o lema Mulleres libres na Galiza liberada\",\"datePublished\":\"2025-03-05T11:00:10+00:00\",\"mainEntityOfPage\":{\"@id\":\"https:\\\/\\\/www.anovapeneira.gal\\\/index.php\\\/2025\\\/03\\\/05\\\/galiza-nova-presenta-a-campana-do-8m-baixo-o-lema-mulleres-libres-na-galiza-liberada\\\/\"},\"wordCount\":382,\"commentCount\":0,\"publisher\":{\"@id\":\"https:\\\/\\\/www.anovapeneira.gal\\\/#organization\"},\"image\":{\"@id\":\"https:\\\/\\\/www.anovapeneira.gal\\\/index.php\\\/2025\\\/03\\\/05\\\/galiza-nova-presenta-a-campana-do-8m-baixo-o-lema-mulleres-libres-na-galiza-liberada\\\/#primaryimage\"},\"thumbnailUrl\":\"https:\\\/\\\/www.anovapeneira.gal\\\/wp-content\\\/uploads\\\/2025\\\/03\\\/8M_Galiza_Nova.png\",\"keywords\":[\"Galiza Nova\"],\"articleSection\":[\"Novas\"],\"inLanguage\":\"gl-ES\",\"potentialAction\":[{\"@type\":\"CommentAction\",\"name\":\"Comment\",\"target\":[\"https:\\\/\\\/www.anovapeneira.gal\\\/index.php\\\/2025\\\/03\\\/05\\\/galiza-nova-presenta-a-campana-do-8m-baixo-o-lema-mulleres-libres-na-galiza-liberada\\\/#respond\"]}]},{\"@type\":\"WebPage\",\"@id\":\"https:\\\/\\\/www.anovapeneira.gal\\\/index.php\\\/2025\\\/03\\\/05\\\/galiza-nova-presenta-a-campana-do-8m-baixo-o-lema-mulleres-libres-na-galiza-liberada\\\/\",\"url\":\"https:\\\/\\\/www.anovapeneira.gal\\\/index.php\\\/2025\\\/03\\\/05\\\/galiza-nova-presenta-a-campana-do-8m-baixo-o-lema-mulleres-libres-na-galiza-liberada\\\/\",\"name\":\"Galiza Nova presenta a campa\u00f1a do 8M baixo o lema Mulleres libres na Galiza liberada -\",\"isPartOf\":{\"@id\":\"https:\\\/\\\/www.anovapeneira.gal\\\/#website\"},\"primaryImageOfPage\":{\"@id\":\"https:\\\/\\\/www.anovapeneira.gal\\\/index.php\\\/2025\\\/03\\\/05\\\/galiza-nova-presenta-a-campana-do-8m-baixo-o-lema-mulleres-libres-na-galiza-liberada\\\/#primaryimage\"},\"image\":{\"@id\":\"https:\\\/\\\/www.anovapeneira.gal\\\/index.php\\\/2025\\\/03\\\/05\\\/galiza-nova-presenta-a-campana-do-8m-baixo-o-lema-mulleres-libres-na-galiza-liberada\\\/#primaryimage\"},\"thumbnailUrl\":\"https:\\\/\\\/www.anovapeneira.gal\\\/wp-content\\\/uploads\\\/2025\\\/03\\\/8M_Galiza_Nova.png\",\"datePublished\":\"2025-03-05T11:00:10+00:00\",\"breadcrumb\":{\"@id\":\"https:\\\/\\\/www.anovapeneira.gal\\\/index.php\\\/2025\\\/03\\\/05\\\/galiza-nova-presenta-a-campana-do-8m-baixo-o-lema-mulleres-libres-na-galiza-liberada\\\/#breadcrumb\"},\"inLanguage\":\"gl-ES\",\"potentialAction\":[{\"@type\":\"ReadAction\",\"target\":[\"https:\\\/\\\/www.anovapeneira.gal\\\/index.php\\\/2025\\\/03\\\/05\\\/galiza-nova-presenta-a-campana-do-8m-baixo-o-lema-mulleres-libres-na-galiza-liberada\\\/\"]}]},{\"@type\":\"ImageObject\",\"inLanguage\":\"gl-ES\",\"@id\":\"https:\\\/\\\/www.anovapeneira.gal\\\/index.php\\\/2025\\\/03\\\/05\\\/galiza-nova-presenta-a-campana-do-8m-baixo-o-lema-mulleres-libres-na-galiza-liberada\\\/#primaryimage\",\"url\":\"https:\\\/\\\/www.anovapeneira.gal\\\/wp-content\\\/uploads\\\/2025\\\/03\\\/8M_Galiza_Nova.png\",\"contentUrl\":\"https:\\\/\\\/www.anovapeneira.gal\\\/wp-content\\\/uploads\\\/2025\\\/03\\\/8M_Galiza_Nova.png\",\"width\":720,\"height\":432,\"caption\":\"8M Galiza Nova\"},{\"@type\":\"BreadcrumbList\",\"@id\":\"https:\\\/\\\/www.anovapeneira.gal\\\/index.php\\\/2025\\\/03\\\/05\\\/galiza-nova-presenta-a-campana-do-8m-baixo-o-lema-mulleres-libres-na-galiza-liberada\\\/#breadcrumb\",\"itemListElement\":[{\"@type\":\"ListItem\",\"position\":1,\"name\":\"Portada\",\"item\":\"https:\\\/\\\/www.anovapeneira.gal\\\/\"},{\"@type\":\"ListItem\",\"position\":2,\"name\":\"Galiza Nova presenta a campa\u00f1a do 8M baixo o lema Mulleres libres na Galiza liberada\"}]},{\"@type\":\"WebSite\",\"@id\":\"https:\\\/\\\/www.anovapeneira.gal\\\/#website\",\"url\":\"https:\\\/\\\/www.anovapeneira.gal\\\/\",\"name\":\"\",\"description\":\"Xornal galego de informaci\u00f3n xeral Publicaci\u00f3n mensual de novas de Galicia e en especial dos Concellos da sur da provincia de Pontevedra.\",\"publisher\":{\"@id\":\"https:\\\/\\\/www.anovapeneira.gal\\\/#organization\"},\"potentialAction\":[{\"@type\":\"SearchAction\",\"target\":{\"@type\":\"EntryPoint\",\"urlTemplate\":\"https:\\\/\\\/www.anovapeneira.gal\\\/?s={search_term_string}\"},\"query-input\":{\"@type\":\"PropertyValueSpecification\",\"valueRequired\":true,\"valueName\":\"search_term_string\"}}],\"inLanguage\":\"gl-ES\"},{\"@type\":\"Organization\",\"@id\":\"https:\\\/\\\/www.anovapeneira.gal\\\/#organization\",\"name\":\"A Nova Peneira\",\"url\":\"https:\\\/\\\/www.anovapeneira.gal\\\/\",\"logo\":{\"@type\":\"ImageObject\",\"inLanguage\":\"gl-ES\",\"@id\":\"https:\\\/\\\/www.anovapeneira.gal\\\/#\\\/schema\\\/logo\\\/image\\\/\",\"url\":\"http:\\\/\\\/www.anovapeneira.gal\\\/wp-content\\\/uploads\\\/2019\\\/06\\\/logo_a_nova_peneira_portal_web.png\",\"contentUrl\":\"http:\\\/\\\/www.anovapeneira.gal\\\/wp-content\\\/uploads\\\/2019\\\/06\\\/logo_a_nova_peneira_portal_web.png\",\"width\":300,\"height\":100,\"caption\":\"A Nova Peneira\"},\"image\":{\"@id\":\"https:\\\/\\\/www.anovapeneira.gal\\\/#\\\/schema\\\/logo\\\/image\\\/\"},\"sameAs\":[\"https:\\\/\\\/www.facebook.com\\\/anovapeneira\",\"https:\\\/\\\/x.com\\\/APeneira\"]},{\"@type\":\"Person\",\"@id\":\"https:\\\/\\\/www.anovapeneira.gal\\\/#\\\/schema\\\/person\\\/b93e3f8932e3f8da96334607eb6ac6aa\",\"name\":\"Redacci\u00f3n A Nova Peneira\",\"image\":{\"@type\":\"ImageObject\",\"inLanguage\":\"gl-ES\",\"@id\":\"https:\\\/\\\/secure.gravatar.com\\\/avatar\\\/c052a2551a06e23fac63626232eaa90abd78dbcf1700fc46a2b2c89fd27b735f?s=96&d=mm&r=g\",\"url\":\"https:\\\/\\\/secure.gravatar.com\\\/avatar\\\/c052a2551a06e23fac63626232eaa90abd78dbcf1700fc46a2b2c89fd27b735f?s=96&d=mm&r=g\",\"contentUrl\":\"https:\\\/\\\/secure.gravatar.com\\\/avatar\\\/c052a2551a06e23fac63626232eaa90abd78dbcf1700fc46a2b2c89fd27b735f?s=96&d=mm&r=g\",\"caption\":\"Redacci\u00f3n A Nova Peneira\"},\"sameAs\":[\"http:\\\/\\\/www.anovapeneira.gal\\\/\"],\"url\":\"https:\\\/\\\/www.anovapeneira.gal\\\/index.php\\\/author\\\/redactor\\\/\"}]}<\/script>\n<!-- \/ Yoast SEO plugin. -->","yoast_head_json":{"title":"Galiza Nova presenta a campa\u00f1a do 8M baixo o lema Mulleres libres na Galiza liberada -","robots":{"index":"index","follow":"follow","max-snippet":"max-snippet:-1","max-image-preview":"max-image-preview:large","max-video-preview":"max-video-preview:-1"},"canonical":"https:\/\/www.anovapeneira.gal\/index.php\/2025\/03\/05\/galiza-nova-presenta-a-campana-do-8m-baixo-o-lema-mulleres-libres-na-galiza-liberada\/","og_locale":"gl_ES","og_type":"article","og_title":"Galiza Nova presenta a campa\u00f1a do 8M baixo o lema Mulleres libres na Galiza liberada -","og_description":"Sabela M\u00e9ndez, Responsable Nacional de Mulleres: \"Os problemas de precariedade que vive a mocidade galega agr\u00e1vanse no caso das mozas polo simple feito de sermos mulleres\" [...]","og_url":"https:\/\/www.anovapeneira.gal\/index.php\/2025\/03\/05\/galiza-nova-presenta-a-campana-do-8m-baixo-o-lema-mulleres-libres-na-galiza-liberada\/","article_publisher":"https:\/\/www.facebook.com\/anovapeneira","article_published_time":"2025-03-05T11:00:10+00:00","og_image":[{"width":720,"height":432,"url":"https:\/\/www.anovapeneira.gal\/wp-content\/uploads\/2025\/03\/8M_Galiza_Nova.png","type":"image\/png"}],"author":"Redacci\u00f3n A Nova Peneira","twitter_card":"summary_large_image","twitter_creator":"@APeneira","twitter_site":"@APeneira","twitter_misc":{"Escrito por":"Redacci\u00f3n A Nova Peneira","Tempo de lectura":"3 minutos"},"schema":{"@context":"https:\/\/schema.org","@graph":[{"@type":"Article","@id":"https:\/\/www.anovapeneira.gal\/index.php\/2025\/03\/05\/galiza-nova-presenta-a-campana-do-8m-baixo-o-lema-mulleres-libres-na-galiza-liberada\/#article","isPartOf":{"@id":"https:\/\/www.anovapeneira.gal\/index.php\/2025\/03\/05\/galiza-nova-presenta-a-campana-do-8m-baixo-o-lema-mulleres-libres-na-galiza-liberada\/"},"author":{"name":"Redacci\u00f3n A Nova Peneira","@id":"https:\/\/www.anovapeneira.gal\/#\/schema\/person\/b93e3f8932e3f8da96334607eb6ac6aa"},"headline":"Galiza Nova presenta a campa\u00f1a do 8M baixo o lema Mulleres libres na Galiza liberada","datePublished":"2025-03-05T11:00:10+00:00","mainEntityOfPage":{"@id":"https:\/\/www.anovapeneira.gal\/index.php\/2025\/03\/05\/galiza-nova-presenta-a-campana-do-8m-baixo-o-lema-mulleres-libres-na-galiza-liberada\/"},"wordCount":382,"commentCount":0,"publisher":{"@id":"https:\/\/www.anovapeneira.gal\/#organization"},"image":{"@id":"https:\/\/www.anovapeneira.gal\/index.php\/2025\/03\/05\/galiza-nova-presenta-a-campana-do-8m-baixo-o-lema-mulleres-libres-na-galiza-liberada\/#primaryimage"},"thumbnailUrl":"https:\/\/www.anovapeneira.gal\/wp-content\/uploads\/2025\/03\/8M_Galiza_Nova.png","keywords":["Galiza Nova"],"articleSection":["Novas"],"inLanguage":"gl-ES","potentialAction":[{"@type":"CommentAction","name":"Comment","target":["https:\/\/www.anovapeneira.gal\/index.php\/2025\/03\/05\/galiza-nova-presenta-a-campana-do-8m-baixo-o-lema-mulleres-libres-na-galiza-liberada\/#respond"]}]},{"@type":"WebPage","@id":"https:\/\/www.anovapeneira.gal\/index.php\/2025\/03\/05\/galiza-nova-presenta-a-campana-do-8m-baixo-o-lema-mulleres-libres-na-galiza-liberada\/","url":"https:\/\/www.anovapeneira.gal\/index.php\/2025\/03\/05\/galiza-nova-presenta-a-campana-do-8m-baixo-o-lema-mulleres-libres-na-galiza-liberada\/","name":"Galiza Nova presenta a campa\u00f1a do 8M baixo o lema Mulleres libres na Galiza liberada -","isPartOf":{"@id":"https:\/\/www.anovapeneira.gal\/#website"},"primaryImageOfPage":{"@id":"https:\/\/www.anovapeneira.gal\/index.php\/2025\/03\/05\/galiza-nova-presenta-a-campana-do-8m-baixo-o-lema-mulleres-libres-na-galiza-liberada\/#primaryimage"},"image":{"@id":"https:\/\/www.anovapeneira.gal\/index.php\/2025\/03\/05\/galiza-nova-presenta-a-campana-do-8m-baixo-o-lema-mulleres-libres-na-galiza-liberada\/#primaryimage"},"thumbnailUrl":"https:\/\/www.anovapeneira.gal\/wp-content\/uploads\/2025\/03\/8M_Galiza_Nova.png","datePublished":"2025-03-05T11:00:10+00:00","breadcrumb":{"@id":"https:\/\/www.anovapeneira.gal\/index.php\/2025\/03\/05\/galiza-nova-presenta-a-campana-do-8m-baixo-o-lema-mulleres-libres-na-galiza-liberada\/#breadcrumb"},"inLanguage":"gl-ES","potentialAction":[{"@type":"ReadAction","target":["https:\/\/www.anovapeneira.gal\/index.php\/2025\/03\/05\/galiza-nova-presenta-a-campana-do-8m-baixo-o-lema-mulleres-libres-na-galiza-liberada\/"]}]},{"@type":"ImageObject","inLanguage":"gl-ES","@id":"https:\/\/www.anovapeneira.gal\/index.php\/2025\/03\/05\/galiza-nova-presenta-a-campana-do-8m-baixo-o-lema-mulleres-libres-na-galiza-liberada\/#primaryimage","url":"https:\/\/www.anovapeneira.gal\/wp-content\/uploads\/2025\/03\/8M_Galiza_Nova.png","contentUrl":"https:\/\/www.anovapeneira.gal\/wp-content\/uploads\/2025\/03\/8M_Galiza_Nova.png","width":720,"height":432,"caption":"8M Galiza Nova"},{"@type":"BreadcrumbList","@id":"https:\/\/www.anovapeneira.gal\/index.php\/2025\/03\/05\/galiza-nova-presenta-a-campana-do-8m-baixo-o-lema-mulleres-libres-na-galiza-liberada\/#breadcrumb","itemListElement":[{"@type":"ListItem","position":1,"name":"Portada","item":"https:\/\/www.anovapeneira.gal\/"},{"@type":"ListItem","position":2,"name":"Galiza Nova presenta a campa\u00f1a do 8M baixo o lema Mulleres libres na Galiza liberada"}]},{"@type":"WebSite","@id":"https:\/\/www.anovapeneira.gal\/#website","url":"https:\/\/www.anovapeneira.gal\/","name":"","description":"Xornal galego de informaci\u00f3n xeral Publicaci\u00f3n mensual de novas de Galicia e en especial dos Concellos da sur da provincia de Pontevedra.","publisher":{"@id":"https:\/\/www.anovapeneira.gal\/#organization"},"potentialAction":[{"@type":"SearchAction","target":{"@type":"EntryPoint","urlTemplate":"https:\/\/www.anovapeneira.gal\/?s={search_term_string}"},"query-input":{"@type":"PropertyValueSpecification","valueRequired":true,"valueName":"search_term_string"}}],"inLanguage":"gl-ES"},{"@type":"Organization","@id":"https:\/\/www.anovapeneira.gal\/#organization","name":"A Nova Peneira","url":"https:\/\/www.anovapeneira.gal\/","logo":{"@type":"ImageObject","inLanguage":"gl-ES","@id":"https:\/\/www.anovapeneira.gal\/#\/schema\/logo\/image\/","url":"http:\/\/www.anovapeneira.gal\/wp-content\/uploads\/2019\/06\/logo_a_nova_peneira_portal_web.png","contentUrl":"http:\/\/www.anovapeneira.gal\/wp-content\/uploads\/2019\/06\/logo_a_nova_peneira_portal_web.png","width":300,"height":100,"caption":"A Nova Peneira"},"image":{"@id":"https:\/\/www.anovapeneira.gal\/#\/schema\/logo\/image\/"},"sameAs":["https:\/\/www.facebook.com\/anovapeneira","https:\/\/x.com\/APeneira"]},{"@type":"Person","@id":"https:\/\/www.anovapeneira.gal\/#\/schema\/person\/b93e3f8932e3f8da96334607eb6ac6aa","name":"Redacci\u00f3n A Nova Peneira","image":{"@type":"ImageObject","inLanguage":"gl-ES","@id":"https:\/\/secure.gravatar.com\/avatar\/c052a2551a06e23fac63626232eaa90abd78dbcf1700fc46a2b2c89fd27b735f?s=96&d=mm&r=g","url":"https:\/\/secure.gravatar.com\/avatar\/c052a2551a06e23fac63626232eaa90abd78dbcf1700fc46a2b2c89fd27b735f?s=96&d=mm&r=g","contentUrl":"https:\/\/secure.gravatar.com\/avatar\/c052a2551a06e23fac63626232eaa90abd78dbcf1700fc46a2b2c89fd27b735f?s=96&d=mm&r=g","caption":"Redacci\u00f3n A Nova Peneira"},"sameAs":["http:\/\/www.anovapeneira.gal\/"],"url":"https:\/\/www.anovapeneira.gal\/index.php\/author\/redactor\/"}]}},"jetpack_featured_media_url":"https:\/\/www.anovapeneira.gal\/wp-content\/uploads\/2025\/03\/8M_Galiza_Nova.png","_links":{"self":[{"href":"https:\/\/www.anovapeneira.gal\/index.php\/wp-json\/wp\/v2\/posts\/13444","targetHints":{"allow":["GET"]}}],"collection":[{"href":"https:\/\/www.anovapeneira.gal\/index.php\/wp-json\/wp\/v2\/posts"}],"about":[{"href":"https:\/\/www.anovapeneira.gal\/index.php\/wp-json\/wp\/v2\/types\/post"}],"author":[{"embeddable":true,"href":"https:\/\/www.anovapeneira.gal\/index.php\/wp-json\/wp\/v2\/users\/3"}],"replies":[{"embeddable":true,"href":"https:\/\/www.anovapeneira.gal\/index.php\/wp-json\/wp\/v2\/comments?post=13444"}],"version-history":[{"count":3,"href":"https:\/\/www.anovapeneira.gal\/index.php\/wp-json\/wp\/v2\/posts\/13444\/revisions"}],"predecessor-version":[{"id":13449,"href":"https:\/\/www.anovapeneira.gal\/index.php\/wp-json\/wp\/v2\/posts\/13444\/revisions\/13449"}],"wp:featuredmedia":[{"embeddable":true,"href":"https:\/\/www.anovapeneira.gal\/index.php\/wp-json\/wp\/v2\/media\/13445"}],"wp:attachment":[{"href":"https:\/\/www.anovapeneira.gal\/index.php\/wp-json\/wp\/v2\/media?parent=13444"}],"wp:term":[{"taxonomy":"category","embeddable":true,"href":"https:\/\/www.anovapeneira.gal\/index.php\/wp-json\/wp\/v2\/categories?post=13444"},{"taxonomy":"post_tag","embeddable":true,"href":"https:\/\/www.anovapeneira.gal\/index.php\/wp-json\/wp\/v2\/tags?post=13444"}],"curies":[{"name":"wp","href":"https:\/\/api.w.org\/{rel}","templated":true}]}}