{"id":13453,"date":"2025-03-06T12:00:50","date_gmt":"2025-03-06T11:00:50","guid":{"rendered":"https:\/\/www.anovapeneira.gal\/?p=13453"},"modified":"2025-03-03T13:17:13","modified_gmt":"2025-03-03T12:17:13","slug":"sobre-a-natureza-do-comportamento-e-o-partido-popular","status":"publish","type":"post","link":"https:\/\/www.anovapeneira.gal\/index.php\/2025\/03\/06\/sobre-a-natureza-do-comportamento-e-o-partido-popular\/","title":{"rendered":"Sobre a natureza do comportamento e o Partido Popular"},"content":{"rendered":"\n<figure class=\"wp-block-image size-full is-resized\"><img loading=\"lazy\" decoding=\"async\" width=\"190\" height=\"222\" src=\"https:\/\/www.anovapeneira.gal\/wp-content\/uploads\/2019\/05\/tino_lago_director_a_nova_peneira.jpg\" alt=\"Tino Lago director a Nova Peneira\" class=\"wp-image-189\" style=\"width:115px;height:auto\"\/><figcaption class=\"wp-element-caption\">Tino Lago director a Nova Peneira<\/figcaption><\/figure>\n\n\n\n<p>Todos os seres humanos sen excepci\u00f3n algunha, absolutamente todas as persoas que no pasado, no presente e no futuro cami\u00f1amos por esta vida o tempo necesario como para tomar decisi\u00f3ns de maneira consciente necesitamos xustificar a natureza moral dos nosos comportamentos ante os demais. \u00c9 terriblemente complicado, non \u00e9 imposible pero si \u00e9 moi dif\u00edcil, cruzarse no cami\u00f1o da vida con algu\u00e9n, por moi longo que te\u00f1a sido ese cami\u00f1o, que te\u00f1a o valor moral necesario para reco\u00f1ecer en si mesmo comportamentos inmorais. Tanto \u00e9 as\u00ed que en li\u00f1as xerais aos nosos ollos a inmoralidade sempre est\u00e1 nos outros. As discusi\u00f3ns, os problemas, os conflitos e as colisi\u00f3ns sempre son motivadas polos actos alleos. Case nunca escoitaremos a ningu\u00e9n reco\u00f1ecer ao seu propio comportamento como o catalizador de calquera desavinza.<\/p>\n\n\n\n<p>Unha an\u00e9cdota curiosa, ao respecto disto, que aparece entre as br\u00e9temas da mi\u00f1a memoria, aconteceume hai xa alg\u00fans anos , cando tomando un cordial caf\u00e9 cun importante cargo do PPdeG, este d\u00edxome que non soportaba o transfuguismo. O seu evidente lapso p\u00faxomo moi doado e eu non tardei nada en preguntarlle pola s\u00faa opini\u00f3n sobre a forma na que Nidia Ar\u00e9valo accedeu \u00e1 alcald\u00eda de Mos. A resposta que recib\u00edn era que non pod\u00eda asegurar que ese episodio fose un caso de transfuguismo. Esta forma de reaccionar \u00e9 inherente \u00e1 condici\u00f3n humana, non \u00e9 que se dea en persoas dun perfil pol\u00edtico concreto, d\u00e1se en case todas, ag\u00e1s nas que te\u00f1en unha arquitectura moral dunha solidez a proba de bomba.<\/p>\n\n\n\n<p>O meu compa\u00f1eiro de caf\u00e9 non era a alcaldesa de Mos, pero respondeu desa maneira porque a xustificaci\u00f3n moral de actos inmorais d\u00e1se tanto dos que cometemos n\u00f3s mesmos, como dos que cometen as persoas do noso entorno ou as que formen parte dos colectivos cos que nos identifiquemos.<\/p>\n\n\n\n<p>A expresi\u00f3n m\u00e1is terrible deste modus operandi d\u00e1se nas guerras: quen non lembra por exemplo as imaxinarias armas de destruci\u00f3n masiva que serviron como xustificaci\u00f3n do asasinato de centos de milleiros de iraqu\u00eds para poderlle roubar o seu petr\u00f3leo,ou o xenocidio contra o pobo palestino agochado como se fose unha guerra defensiva contra o terrorismo&#8230;Hai infinidade de exemplos semellantes e se nos po\u00f1emos a referilos a listaxe ser\u00eda interminable, e hainos tam\u00e9n aqu\u00ed e hainos tam\u00e9n agora. As\u00ed por exemplo recentemente asistimos \u00e1 vergonzosa renuncia das autonom\u00edas gobernadas polo partido popular \u00e1 quita da d\u00e9beda das s\u00faas comunidades proposta polo goberno do estado. Ningu\u00e9n cun m\u00ednimo de sentido com\u00fan cre as xustificaci\u00f3ns coas que motivaban tal disparate: renunciar a unha quita de parte da t\u00faa d\u00e9beda. A motivaci\u00f3n real de semellante burrada est\u00e1 en que non queren respaldar o que ser\u00eda un evidente triunfo pol\u00edtico para o executivo de Pedro S\u00e1nchez, e xa que logo prefiren prexudicar aos seus propios cidad\u00e1ns e cidad\u00e1s. No caso do noso pa\u00eds a quita da d\u00e9beda ser\u00eda de algo m\u00e1is de catro mil mill\u00f3ns de \u20ac.O presidente galego non tardou moito en sa\u00edr a defender publicamente a renuncia da devandita condonaci\u00f3n porque \u201c\u00e9 un negocio que a Galicia non lle conv\u00e9n\u201d.A condonaci\u00f3n proposta supor\u00eda a do arredor do 16% da d\u00e9beda total do pa\u00eds galego e claro que nos convir\u00eda, como que non\u00a1\u00a1\u00a1.A quen non lle convir\u00eda unha quita do 16% da totalidade das s\u00faas d\u00e9bedas\u00a1\u00a1.O que non nos conv\u00e9n de ningunha maneira \u00e9 un partido no goberno da Xunta e un presidente do goberno auton\u00f3mico que priorizan o seu interese pol\u00edtico sobre o interese xeral do pobo galego. O que si lle conv\u00e9n a Galicia \u00e9 mandar para as s\u00faas casas ao PP, e ao presidente Alfonso Rueda.<\/p>\n","protected":false},"excerpt":{"rendered":"<div class=\"mh-excerpt\"><p>Todos os seres humanos sen excepci\u00f3n algunha, absolutamente todas as persoas que no pasado, no presente e no futuro cami\u00f1amos por esta vida o tempo necesario como para tomar decisi\u00f3ns de maneira consciente necesitamos xustificar a natureza moral dos nosos comportamentos ante os demais <a class=\"mh-excerpt-more\" href=\"https:\/\/www.anovapeneira.gal\/index.php\/2025\/03\/06\/sobre-a-natureza-do-comportamento-e-o-partido-popular\/\" title=\"Sobre a natureza do comportamento e o Partido Popular\">[&#8230;]<\/a><\/p>\n<\/div>","protected":false},"author":2,"featured_media":13456,"comment_status":"open","ping_status":"open","sticky":false,"template":"","format":"standard","meta":{"_exactmetrics_skip_tracking":false,"_exactmetrics_sitenote_active":false,"_exactmetrics_sitenote_note":"","_exactmetrics_sitenote_category":0,"footnotes":""},"categories":[61],"tags":[],"class_list":{"0":"post-13453","1":"post","2":"type-post","3":"status-publish","4":"format-standard","5":"has-post-thumbnail","7":"category-artigo-editorial"},"yoast_head":"<!-- This site is optimized with the Yoast SEO plugin v27.5 - https:\/\/yoast.com\/product\/yoast-seo-wordpress\/ -->\n<title>Sobre a natureza do comportamento e o Partido Popular -<\/title>\n<meta name=\"robots\" content=\"index, follow, max-snippet:-1, max-image-preview:large, max-video-preview:-1\" \/>\n<link rel=\"canonical\" href=\"https:\/\/www.anovapeneira.gal\/index.php\/2025\/03\/06\/sobre-a-natureza-do-comportamento-e-o-partido-popular\/\" \/>\n<meta property=\"og:locale\" content=\"gl_ES\" \/>\n<meta property=\"og:type\" content=\"article\" \/>\n<meta property=\"og:title\" content=\"Sobre a natureza do comportamento e o Partido Popular -\" \/>\n<meta property=\"og:description\" content=\"Todos os seres humanos sen excepci\u00f3n algunha, absolutamente todas as persoas que no pasado, no presente e no futuro cami\u00f1amos por esta vida o tempo necesario como para tomar decisi\u00f3ns de maneira consciente necesitamos xustificar a natureza moral dos nosos comportamentos ante os demais [...]\" \/>\n<meta property=\"og:url\" content=\"https:\/\/www.anovapeneira.gal\/index.php\/2025\/03\/06\/sobre-a-natureza-do-comportamento-e-o-partido-popular\/\" \/>\n<meta property=\"article:publisher\" content=\"https:\/\/www.facebook.com\/anovapeneira\" \/>\n<meta property=\"article:published_time\" content=\"2025-03-06T11:00:50+00:00\" \/>\n<meta property=\"og:image\" content=\"https:\/\/www.anovapeneira.gal\/wp-content\/uploads\/2025\/03\/rueda_pp.jpg\" \/>\n\t<meta property=\"og:image:width\" content=\"720\" \/>\n\t<meta property=\"og:image:height\" content=\"432\" \/>\n\t<meta property=\"og:image:type\" content=\"image\/jpeg\" \/>\n<meta name=\"author\" content=\"Tino Lago\" \/>\n<meta name=\"twitter:card\" content=\"summary_large_image\" \/>\n<meta name=\"twitter:creator\" content=\"@APeneira\" \/>\n<meta name=\"twitter:site\" content=\"@APeneira\" \/>\n<meta name=\"twitter:label1\" content=\"Escrito por\" \/>\n\t<meta name=\"twitter:data1\" content=\"Tino Lago\" \/>\n\t<meta name=\"twitter:label2\" content=\"Tempo de lectura\" \/>\n\t<meta name=\"twitter:data2\" content=\"4 minutos\" \/>\n<script type=\"application\/ld+json\" class=\"yoast-schema-graph\">{\"@context\":\"https:\\\/\\\/schema.org\",\"@graph\":[{\"@type\":\"Article\",\"@id\":\"https:\\\/\\\/www.anovapeneira.gal\\\/index.php\\\/2025\\\/03\\\/06\\\/sobre-a-natureza-do-comportamento-e-o-partido-popular\\\/#article\",\"isPartOf\":{\"@id\":\"https:\\\/\\\/www.anovapeneira.gal\\\/index.php\\\/2025\\\/03\\\/06\\\/sobre-a-natureza-do-comportamento-e-o-partido-popular\\\/\"},\"author\":{\"name\":\"Tino Lago\",\"@id\":\"https:\\\/\\\/www.anovapeneira.gal\\\/#\\\/schema\\\/person\\\/424dfe65e3070fd8a44d22d2c088762a\"},\"headline\":\"Sobre a natureza do comportamento e o Partido Popular\",\"datePublished\":\"2025-03-06T11:00:50+00:00\",\"mainEntityOfPage\":{\"@id\":\"https:\\\/\\\/www.anovapeneira.gal\\\/index.php\\\/2025\\\/03\\\/06\\\/sobre-a-natureza-do-comportamento-e-o-partido-popular\\\/\"},\"wordCount\":681,\"commentCount\":0,\"publisher\":{\"@id\":\"https:\\\/\\\/www.anovapeneira.gal\\\/#organization\"},\"image\":{\"@id\":\"https:\\\/\\\/www.anovapeneira.gal\\\/index.php\\\/2025\\\/03\\\/06\\\/sobre-a-natureza-do-comportamento-e-o-partido-popular\\\/#primaryimage\"},\"thumbnailUrl\":\"https:\\\/\\\/www.anovapeneira.gal\\\/wp-content\\\/uploads\\\/2025\\\/03\\\/rueda_pp.jpg\",\"articleSection\":[\"Artigo editorial\"],\"inLanguage\":\"gl-ES\",\"potentialAction\":[{\"@type\":\"CommentAction\",\"name\":\"Comment\",\"target\":[\"https:\\\/\\\/www.anovapeneira.gal\\\/index.php\\\/2025\\\/03\\\/06\\\/sobre-a-natureza-do-comportamento-e-o-partido-popular\\\/#respond\"]}]},{\"@type\":\"WebPage\",\"@id\":\"https:\\\/\\\/www.anovapeneira.gal\\\/index.php\\\/2025\\\/03\\\/06\\\/sobre-a-natureza-do-comportamento-e-o-partido-popular\\\/\",\"url\":\"https:\\\/\\\/www.anovapeneira.gal\\\/index.php\\\/2025\\\/03\\\/06\\\/sobre-a-natureza-do-comportamento-e-o-partido-popular\\\/\",\"name\":\"Sobre a natureza do comportamento e o Partido Popular -\",\"isPartOf\":{\"@id\":\"https:\\\/\\\/www.anovapeneira.gal\\\/#website\"},\"primaryImageOfPage\":{\"@id\":\"https:\\\/\\\/www.anovapeneira.gal\\\/index.php\\\/2025\\\/03\\\/06\\\/sobre-a-natureza-do-comportamento-e-o-partido-popular\\\/#primaryimage\"},\"image\":{\"@id\":\"https:\\\/\\\/www.anovapeneira.gal\\\/index.php\\\/2025\\\/03\\\/06\\\/sobre-a-natureza-do-comportamento-e-o-partido-popular\\\/#primaryimage\"},\"thumbnailUrl\":\"https:\\\/\\\/www.anovapeneira.gal\\\/wp-content\\\/uploads\\\/2025\\\/03\\\/rueda_pp.jpg\",\"datePublished\":\"2025-03-06T11:00:50+00:00\",\"breadcrumb\":{\"@id\":\"https:\\\/\\\/www.anovapeneira.gal\\\/index.php\\\/2025\\\/03\\\/06\\\/sobre-a-natureza-do-comportamento-e-o-partido-popular\\\/#breadcrumb\"},\"inLanguage\":\"gl-ES\",\"potentialAction\":[{\"@type\":\"ReadAction\",\"target\":[\"https:\\\/\\\/www.anovapeneira.gal\\\/index.php\\\/2025\\\/03\\\/06\\\/sobre-a-natureza-do-comportamento-e-o-partido-popular\\\/\"]}]},{\"@type\":\"ImageObject\",\"inLanguage\":\"gl-ES\",\"@id\":\"https:\\\/\\\/www.anovapeneira.gal\\\/index.php\\\/2025\\\/03\\\/06\\\/sobre-a-natureza-do-comportamento-e-o-partido-popular\\\/#primaryimage\",\"url\":\"https:\\\/\\\/www.anovapeneira.gal\\\/wp-content\\\/uploads\\\/2025\\\/03\\\/rueda_pp.jpg\",\"contentUrl\":\"https:\\\/\\\/www.anovapeneira.gal\\\/wp-content\\\/uploads\\\/2025\\\/03\\\/rueda_pp.jpg\",\"width\":720,\"height\":432,\"caption\":\"Rueda PP\"},{\"@type\":\"BreadcrumbList\",\"@id\":\"https:\\\/\\\/www.anovapeneira.gal\\\/index.php\\\/2025\\\/03\\\/06\\\/sobre-a-natureza-do-comportamento-e-o-partido-popular\\\/#breadcrumb\",\"itemListElement\":[{\"@type\":\"ListItem\",\"position\":1,\"name\":\"Portada\",\"item\":\"https:\\\/\\\/www.anovapeneira.gal\\\/\"},{\"@type\":\"ListItem\",\"position\":2,\"name\":\"Sobre a natureza do comportamento e o Partido Popular\"}]},{\"@type\":\"WebSite\",\"@id\":\"https:\\\/\\\/www.anovapeneira.gal\\\/#website\",\"url\":\"https:\\\/\\\/www.anovapeneira.gal\\\/\",\"name\":\"\",\"description\":\"Xornal galego de informaci\u00f3n xeral Publicaci\u00f3n mensual de novas de Galicia e en especial dos Concellos da sur da provincia de Pontevedra.\",\"publisher\":{\"@id\":\"https:\\\/\\\/www.anovapeneira.gal\\\/#organization\"},\"potentialAction\":[{\"@type\":\"SearchAction\",\"target\":{\"@type\":\"EntryPoint\",\"urlTemplate\":\"https:\\\/\\\/www.anovapeneira.gal\\\/?s={search_term_string}\"},\"query-input\":{\"@type\":\"PropertyValueSpecification\",\"valueRequired\":true,\"valueName\":\"search_term_string\"}}],\"inLanguage\":\"gl-ES\"},{\"@type\":\"Organization\",\"@id\":\"https:\\\/\\\/www.anovapeneira.gal\\\/#organization\",\"name\":\"A Nova Peneira\",\"url\":\"https:\\\/\\\/www.anovapeneira.gal\\\/\",\"logo\":{\"@type\":\"ImageObject\",\"inLanguage\":\"gl-ES\",\"@id\":\"https:\\\/\\\/www.anovapeneira.gal\\\/#\\\/schema\\\/logo\\\/image\\\/\",\"url\":\"http:\\\/\\\/www.anovapeneira.gal\\\/wp-content\\\/uploads\\\/2019\\\/06\\\/logo_a_nova_peneira_portal_web.png\",\"contentUrl\":\"http:\\\/\\\/www.anovapeneira.gal\\\/wp-content\\\/uploads\\\/2019\\\/06\\\/logo_a_nova_peneira_portal_web.png\",\"width\":300,\"height\":100,\"caption\":\"A Nova Peneira\"},\"image\":{\"@id\":\"https:\\\/\\\/www.anovapeneira.gal\\\/#\\\/schema\\\/logo\\\/image\\\/\"},\"sameAs\":[\"https:\\\/\\\/www.facebook.com\\\/anovapeneira\",\"https:\\\/\\\/x.com\\\/APeneira\"]},{\"@type\":\"Person\",\"@id\":\"https:\\\/\\\/www.anovapeneira.gal\\\/#\\\/schema\\\/person\\\/424dfe65e3070fd8a44d22d2c088762a\",\"name\":\"Tino Lago\",\"image\":{\"@type\":\"ImageObject\",\"inLanguage\":\"gl-ES\",\"@id\":\"https:\\\/\\\/secure.gravatar.com\\\/avatar\\\/b3df6a06e44bab3111583b90f0f33a0379ee5e3d22cbadd232d39f21c30c62be?s=96&d=mm&r=g\",\"url\":\"https:\\\/\\\/secure.gravatar.com\\\/avatar\\\/b3df6a06e44bab3111583b90f0f33a0379ee5e3d22cbadd232d39f21c30c62be?s=96&d=mm&r=g\",\"contentUrl\":\"https:\\\/\\\/secure.gravatar.com\\\/avatar\\\/b3df6a06e44bab3111583b90f0f33a0379ee5e3d22cbadd232d39f21c30c62be?s=96&d=mm&r=g\",\"caption\":\"Tino Lago\"},\"sameAs\":[\"http:\\\/\\\/www.anovapeneira.gal\"],\"url\":\"https:\\\/\\\/www.anovapeneira.gal\\\/index.php\\\/author\\\/director\\\/\"}]}<\/script>\n<!-- \/ Yoast SEO plugin. -->","yoast_head_json":{"title":"Sobre a natureza do comportamento e o Partido Popular -","robots":{"index":"index","follow":"follow","max-snippet":"max-snippet:-1","max-image-preview":"max-image-preview:large","max-video-preview":"max-video-preview:-1"},"canonical":"https:\/\/www.anovapeneira.gal\/index.php\/2025\/03\/06\/sobre-a-natureza-do-comportamento-e-o-partido-popular\/","og_locale":"gl_ES","og_type":"article","og_title":"Sobre a natureza do comportamento e o Partido Popular -","og_description":"Todos os seres humanos sen excepci\u00f3n algunha, absolutamente todas as persoas que no pasado, no presente e no futuro cami\u00f1amos por esta vida o tempo necesario como para tomar decisi\u00f3ns de maneira consciente necesitamos xustificar a natureza moral dos nosos comportamentos ante os demais [...]","og_url":"https:\/\/www.anovapeneira.gal\/index.php\/2025\/03\/06\/sobre-a-natureza-do-comportamento-e-o-partido-popular\/","article_publisher":"https:\/\/www.facebook.com\/anovapeneira","article_published_time":"2025-03-06T11:00:50+00:00","og_image":[{"width":720,"height":432,"url":"https:\/\/www.anovapeneira.gal\/wp-content\/uploads\/2025\/03\/rueda_pp.jpg","type":"image\/jpeg"}],"author":"Tino Lago","twitter_card":"summary_large_image","twitter_creator":"@APeneira","twitter_site":"@APeneira","twitter_misc":{"Escrito por":"Tino Lago","Tempo de lectura":"4 minutos"},"schema":{"@context":"https:\/\/schema.org","@graph":[{"@type":"Article","@id":"https:\/\/www.anovapeneira.gal\/index.php\/2025\/03\/06\/sobre-a-natureza-do-comportamento-e-o-partido-popular\/#article","isPartOf":{"@id":"https:\/\/www.anovapeneira.gal\/index.php\/2025\/03\/06\/sobre-a-natureza-do-comportamento-e-o-partido-popular\/"},"author":{"name":"Tino Lago","@id":"https:\/\/www.anovapeneira.gal\/#\/schema\/person\/424dfe65e3070fd8a44d22d2c088762a"},"headline":"Sobre a natureza do comportamento e o Partido Popular","datePublished":"2025-03-06T11:00:50+00:00","mainEntityOfPage":{"@id":"https:\/\/www.anovapeneira.gal\/index.php\/2025\/03\/06\/sobre-a-natureza-do-comportamento-e-o-partido-popular\/"},"wordCount":681,"commentCount":0,"publisher":{"@id":"https:\/\/www.anovapeneira.gal\/#organization"},"image":{"@id":"https:\/\/www.anovapeneira.gal\/index.php\/2025\/03\/06\/sobre-a-natureza-do-comportamento-e-o-partido-popular\/#primaryimage"},"thumbnailUrl":"https:\/\/www.anovapeneira.gal\/wp-content\/uploads\/2025\/03\/rueda_pp.jpg","articleSection":["Artigo editorial"],"inLanguage":"gl-ES","potentialAction":[{"@type":"CommentAction","name":"Comment","target":["https:\/\/www.anovapeneira.gal\/index.php\/2025\/03\/06\/sobre-a-natureza-do-comportamento-e-o-partido-popular\/#respond"]}]},{"@type":"WebPage","@id":"https:\/\/www.anovapeneira.gal\/index.php\/2025\/03\/06\/sobre-a-natureza-do-comportamento-e-o-partido-popular\/","url":"https:\/\/www.anovapeneira.gal\/index.php\/2025\/03\/06\/sobre-a-natureza-do-comportamento-e-o-partido-popular\/","name":"Sobre a natureza do comportamento e o Partido Popular -","isPartOf":{"@id":"https:\/\/www.anovapeneira.gal\/#website"},"primaryImageOfPage":{"@id":"https:\/\/www.anovapeneira.gal\/index.php\/2025\/03\/06\/sobre-a-natureza-do-comportamento-e-o-partido-popular\/#primaryimage"},"image":{"@id":"https:\/\/www.anovapeneira.gal\/index.php\/2025\/03\/06\/sobre-a-natureza-do-comportamento-e-o-partido-popular\/#primaryimage"},"thumbnailUrl":"https:\/\/www.anovapeneira.gal\/wp-content\/uploads\/2025\/03\/rueda_pp.jpg","datePublished":"2025-03-06T11:00:50+00:00","breadcrumb":{"@id":"https:\/\/www.anovapeneira.gal\/index.php\/2025\/03\/06\/sobre-a-natureza-do-comportamento-e-o-partido-popular\/#breadcrumb"},"inLanguage":"gl-ES","potentialAction":[{"@type":"ReadAction","target":["https:\/\/www.anovapeneira.gal\/index.php\/2025\/03\/06\/sobre-a-natureza-do-comportamento-e-o-partido-popular\/"]}]},{"@type":"ImageObject","inLanguage":"gl-ES","@id":"https:\/\/www.anovapeneira.gal\/index.php\/2025\/03\/06\/sobre-a-natureza-do-comportamento-e-o-partido-popular\/#primaryimage","url":"https:\/\/www.anovapeneira.gal\/wp-content\/uploads\/2025\/03\/rueda_pp.jpg","contentUrl":"https:\/\/www.anovapeneira.gal\/wp-content\/uploads\/2025\/03\/rueda_pp.jpg","width":720,"height":432,"caption":"Rueda PP"},{"@type":"BreadcrumbList","@id":"https:\/\/www.anovapeneira.gal\/index.php\/2025\/03\/06\/sobre-a-natureza-do-comportamento-e-o-partido-popular\/#breadcrumb","itemListElement":[{"@type":"ListItem","position":1,"name":"Portada","item":"https:\/\/www.anovapeneira.gal\/"},{"@type":"ListItem","position":2,"name":"Sobre a natureza do comportamento e o Partido Popular"}]},{"@type":"WebSite","@id":"https:\/\/www.anovapeneira.gal\/#website","url":"https:\/\/www.anovapeneira.gal\/","name":"","description":"Xornal galego de informaci\u00f3n xeral Publicaci\u00f3n mensual de novas de Galicia e en especial dos Concellos da sur da provincia de Pontevedra.","publisher":{"@id":"https:\/\/www.anovapeneira.gal\/#organization"},"potentialAction":[{"@type":"SearchAction","target":{"@type":"EntryPoint","urlTemplate":"https:\/\/www.anovapeneira.gal\/?s={search_term_string}"},"query-input":{"@type":"PropertyValueSpecification","valueRequired":true,"valueName":"search_term_string"}}],"inLanguage":"gl-ES"},{"@type":"Organization","@id":"https:\/\/www.anovapeneira.gal\/#organization","name":"A Nova Peneira","url":"https:\/\/www.anovapeneira.gal\/","logo":{"@type":"ImageObject","inLanguage":"gl-ES","@id":"https:\/\/www.anovapeneira.gal\/#\/schema\/logo\/image\/","url":"http:\/\/www.anovapeneira.gal\/wp-content\/uploads\/2019\/06\/logo_a_nova_peneira_portal_web.png","contentUrl":"http:\/\/www.anovapeneira.gal\/wp-content\/uploads\/2019\/06\/logo_a_nova_peneira_portal_web.png","width":300,"height":100,"caption":"A Nova Peneira"},"image":{"@id":"https:\/\/www.anovapeneira.gal\/#\/schema\/logo\/image\/"},"sameAs":["https:\/\/www.facebook.com\/anovapeneira","https:\/\/x.com\/APeneira"]},{"@type":"Person","@id":"https:\/\/www.anovapeneira.gal\/#\/schema\/person\/424dfe65e3070fd8a44d22d2c088762a","name":"Tino Lago","image":{"@type":"ImageObject","inLanguage":"gl-ES","@id":"https:\/\/secure.gravatar.com\/avatar\/b3df6a06e44bab3111583b90f0f33a0379ee5e3d22cbadd232d39f21c30c62be?s=96&d=mm&r=g","url":"https:\/\/secure.gravatar.com\/avatar\/b3df6a06e44bab3111583b90f0f33a0379ee5e3d22cbadd232d39f21c30c62be?s=96&d=mm&r=g","contentUrl":"https:\/\/secure.gravatar.com\/avatar\/b3df6a06e44bab3111583b90f0f33a0379ee5e3d22cbadd232d39f21c30c62be?s=96&d=mm&r=g","caption":"Tino Lago"},"sameAs":["http:\/\/www.anovapeneira.gal"],"url":"https:\/\/www.anovapeneira.gal\/index.php\/author\/director\/"}]}},"jetpack_featured_media_url":"https:\/\/www.anovapeneira.gal\/wp-content\/uploads\/2025\/03\/rueda_pp.jpg","_links":{"self":[{"href":"https:\/\/www.anovapeneira.gal\/index.php\/wp-json\/wp\/v2\/posts\/13453","targetHints":{"allow":["GET"]}}],"collection":[{"href":"https:\/\/www.anovapeneira.gal\/index.php\/wp-json\/wp\/v2\/posts"}],"about":[{"href":"https:\/\/www.anovapeneira.gal\/index.php\/wp-json\/wp\/v2\/types\/post"}],"author":[{"embeddable":true,"href":"https:\/\/www.anovapeneira.gal\/index.php\/wp-json\/wp\/v2\/users\/2"}],"replies":[{"embeddable":true,"href":"https:\/\/www.anovapeneira.gal\/index.php\/wp-json\/wp\/v2\/comments?post=13453"}],"version-history":[{"count":3,"href":"https:\/\/www.anovapeneira.gal\/index.php\/wp-json\/wp\/v2\/posts\/13453\/revisions"}],"predecessor-version":[{"id":13457,"href":"https:\/\/www.anovapeneira.gal\/index.php\/wp-json\/wp\/v2\/posts\/13453\/revisions\/13457"}],"wp:featuredmedia":[{"embeddable":true,"href":"https:\/\/www.anovapeneira.gal\/index.php\/wp-json\/wp\/v2\/media\/13456"}],"wp:attachment":[{"href":"https:\/\/www.anovapeneira.gal\/index.php\/wp-json\/wp\/v2\/media?parent=13453"}],"wp:term":[{"taxonomy":"category","embeddable":true,"href":"https:\/\/www.anovapeneira.gal\/index.php\/wp-json\/wp\/v2\/categories?post=13453"},{"taxonomy":"post_tag","embeddable":true,"href":"https:\/\/www.anovapeneira.gal\/index.php\/wp-json\/wp\/v2\/tags?post=13453"}],"curies":[{"name":"wp","href":"https:\/\/api.w.org\/{rel}","templated":true}]}}