{"id":13459,"date":"2025-03-04T12:00:26","date_gmt":"2025-03-04T11:00:26","guid":{"rendered":"https:\/\/www.anovapeneira.gal\/?p=13459"},"modified":"2025-03-03T17:08:56","modified_gmt":"2025-03-03T16:08:56","slug":"8-de-marzo-dia-internacional-da-muller-traballadora-se-non-e-abolicionista-non-e-feminismo","status":"publish","type":"post","link":"https:\/\/www.anovapeneira.gal\/index.php\/2025\/03\/04\/8-de-marzo-dia-internacional-da-muller-traballadora-se-non-e-abolicionista-non-e-feminismo\/","title":{"rendered":"8 de marzo, D\u00eda Internacional da Muller Traballadora: Se non \u00e9 abolicionista, non \u00e9 feminismo"},"content":{"rendered":"\n<p>Neste D\u00eda Internacional da Muller Traballadora, dende As Silveiras, reafirmamos o noso compromiso feminista coa loita pola abolici\u00f3n de todas as formas de explotaci\u00f3n que afectan as mulleres. Hoxe m\u00e1is ca nunca, \u00e9 urxente denunciarmos os mecanismos de opresi\u00f3n que nos mercantilizan e nos negan a dignidade, mentres se disfrazan perigosamente de \u201cliberdade de elecci\u00f3n\u201d neste patriarcado do consentimento en que vivimos. Denunciamos o sistema prostitucional, a industria da pornograf\u00eda, os \u201cventres de alugueiro\u201d e o propio x\u00e9nero como unha construci\u00f3n social que perpet\u00faa estereotipos e roles opresores.<\/p>\n\n\n\n<p>A prostituci\u00f3n \u00e9 violencia. A s\u00faa existencia parte dunha desigualdade estrutural que leva a milleiros de mulleres, especialmente as m\u00e1is vulnerables, a ser usadas e abusadas por homes que cren ter dereito a violalas a cambio de cartos. O mito da &#8220;prostituci\u00f3n libre&#8221; oculta a realidade da trata, da pobreza, dos abusos e da degradaci\u00f3n da sa\u00fade f\u00edsica e mental das mulleres explotadas. Mentres haxa demanda, haber\u00e1 explotaci\u00f3n. Por iso, As Silveiras defendemos a abolici\u00f3n da prostituci\u00f3n e a implementaci\u00f3n de pol\u00edticas que ofrezan alternativas reais \u00e1s mulleres en situaci\u00f3n de prostituci\u00f3n.<\/p>\n\n\n\n<p>A pornograf\u00eda, pola s\u00faa parte, non \u00e9 s\u00f3 un reflexo da violencia machista, sen\u00f3n tam\u00e9n unha ferramenta que a perpet\u00faa. A normalizaci\u00f3n da degradaci\u00f3n, da humillaci\u00f3n e da violencia sexual contra as mulleres a trav\u00e9s da pornograf\u00eda ten consecuencias reais, tanto para as v\u00edtimas directas como para a sociedade no seu conxunto, xa que alimenta unha cultura de violencia simb\u00f3lica e real. Ens\u00ednaselles aos homes que o pracer masculino xustifica a dor feminina, e cada vez vemos m\u00e1is casos de nenos e mozos con comportamentos sexualmente agresivos, porque a pornograf\u00eda \u00e9 a s\u00faa primeira escola sexual. Non podemos permitir que a educaci\u00f3n afectivo-sexual da mocidade quede en mans dunha industria que se lucra co abuso e a violencia sobre as mulleres.<\/p>\n\n\n\n<p>Os \u201cventres de alugueiro\u201d, que se presentan como un acto de xenerosidade e altru\u00edsmo, son outra manifestaci\u00f3n da explotaci\u00f3n extrema das mulleres para satisfacer demandas de mercados globais e intereses econ\u00f3micos. A mal chamada \u201cxestaci\u00f3n subrogada\u201d \u00e9 explotaci\u00f3n reprodutiva, na que se converte os beb\u00e9s en produtos de compra-venda e as mulleres en meros recipientes para satisfacer os desexos alleos, vulnerando as\u00ed os dereitos tanto das nais xestantes coma das crianzas. A maternidade non pode ser un negocio, e moito menos \u00e1 custa da dignidade e a sa\u00fade das mulleres m\u00e1is empobrecidas. Por iso, As Silveiras denunciamos os intentos de legalizaci\u00f3n desta pr\u00e1ctica abusiva na Uni\u00f3n Europea e esiximos a prohibici\u00f3n total da explotaci\u00f3n reprodutiva a escala global.<\/p>\n\n\n\n<p>Ademais, denunciamos o x\u00e9nero como un sistema de opresi\u00f3n que nos imp\u00f3n normas e roles baseados no sexo. As feministas non podemos aceptar que se defina as mulleres por estereotipos nin que se reduza a nosa loita a unha identidade subxectiva. O feminismo \u00e9 a loita pola liberaci\u00f3n das mulleres como clase oprimida, e iso pasa por<\/p>\n\n\n\n<p>rachar coa imposici\u00f3n do x\u00e9nero e as s\u00faas limitaci\u00f3ns. Denunciamos tam\u00e9n como a ideolox\u00eda <em>queer<\/em>resignificou o x\u00e9nero, transform\u00e1ndoo dunha categor\u00eda opresora nunha suposta identidade escollida de xeito individual. Esta resignificaci\u00f3n borra a an\u00e1lise material da opresi\u00f3n das mulleres e dificulta a loita polos nosos dereitos. Mentres o x\u00e9nero sexa tratado como unha esencia persoal e non como unha estrutura de dominaci\u00f3n, as mulleres non poderemos liberarnos da opresi\u00f3n patriarcal baseada no sexo.<\/p>\n\n\n\n<p>A nosa loita \u00e9 pola abolici\u00f3n de todas as formas de explotaci\u00f3n e opresi\u00f3n das mulleres. Non aceptamos que se siga vendendo como &#8220;apoderamento&#8221; o que ennrealidade \u00e9 submisi\u00f3n. Queremos un mundo en que ningunha muller sexa prostitu\u00edda, explotada nin borrada. Un mundo en que a igualdade sexa real e non unha ilusi\u00f3n. Este 8 de marzo, D\u00eda Internacional da Muller Traballadora, sa\u00edmos xuntas \u00e1s r\u00faas para esixir os nosos dereitos e para berrar que o feminismo non rec\u00faa!<\/p>\n\n\n\n<p>Acude \u00e1 concentraci\u00f3n abolicionista do 8 de marzo, \u00e1s 12 horas, na Porta do Sol de Vigo: \u201cA explotaci\u00f3n dos nosos corpos non \u00e9 apoderante\u201d!<\/p>\n","protected":false},"excerpt":{"rendered":"<div class=\"mh-excerpt\"><p>Neste D\u00eda Internacional da Muller Traballadora, dende As Silveiras, reafirmamos o noso compromiso feminista coa loita pola abolici\u00f3n de todas as formas de explotaci\u00f3n que afectan as mulleres. <a class=\"mh-excerpt-more\" href=\"https:\/\/www.anovapeneira.gal\/index.php\/2025\/03\/04\/8-de-marzo-dia-internacional-da-muller-traballadora-se-non-e-abolicionista-non-e-feminismo\/\" title=\"8 de marzo, D\u00eda Internacional da Muller Traballadora: Se non \u00e9 abolicionista, non \u00e9 feminismo\">[&#8230;]<\/a><\/p>\n<\/div>","protected":false},"author":3,"featured_media":13363,"comment_status":"open","ping_status":"open","sticky":false,"template":"","format":"standard","meta":{"_exactmetrics_skip_tracking":false,"_exactmetrics_sitenote_active":false,"_exactmetrics_sitenote_note":"","_exactmetrics_sitenote_category":0,"footnotes":""},"categories":[263],"tags":[1448],"class_list":{"0":"post-13459","1":"post","2":"type-post","3":"status-publish","4":"format-standard","5":"has-post-thumbnail","7":"category-novas","8":"tag-as-silveiras"},"yoast_head":"<!-- This site is optimized with the Yoast SEO plugin v27.4 - https:\/\/yoast.com\/product\/yoast-seo-wordpress\/ -->\n<title>8 de marzo, D\u00eda Internacional da Muller Traballadora: Se non \u00e9 abolicionista, non \u00e9 feminismo -<\/title>\n<meta name=\"robots\" content=\"index, follow, max-snippet:-1, max-image-preview:large, max-video-preview:-1\" \/>\n<link rel=\"canonical\" href=\"https:\/\/www.anovapeneira.gal\/index.php\/2025\/03\/04\/8-de-marzo-dia-internacional-da-muller-traballadora-se-non-e-abolicionista-non-e-feminismo\/\" \/>\n<meta property=\"og:locale\" content=\"gl_ES\" \/>\n<meta property=\"og:type\" content=\"article\" \/>\n<meta property=\"og:title\" content=\"8 de marzo, D\u00eda Internacional da Muller Traballadora: Se non \u00e9 abolicionista, non \u00e9 feminismo -\" \/>\n<meta property=\"og:description\" content=\"Neste D\u00eda Internacional da Muller Traballadora, dende As Silveiras, reafirmamos o noso compromiso feminista coa loita pola abolici\u00f3n de todas as formas de explotaci\u00f3n que afectan as mulleres. [...]\" \/>\n<meta property=\"og:url\" content=\"https:\/\/www.anovapeneira.gal\/index.php\/2025\/03\/04\/8-de-marzo-dia-internacional-da-muller-traballadora-se-non-e-abolicionista-non-e-feminismo\/\" \/>\n<meta property=\"article:publisher\" content=\"https:\/\/www.facebook.com\/anovapeneira\" \/>\n<meta property=\"article:published_time\" content=\"2025-03-04T11:00:26+00:00\" \/>\n<meta property=\"og:image\" content=\"https:\/\/www.anovapeneira.gal\/wp-content\/uploads\/2025\/02\/Silveiras.jpg\" \/>\n\t<meta property=\"og:image:width\" content=\"720\" \/>\n\t<meta property=\"og:image:height\" content=\"432\" \/>\n\t<meta property=\"og:image:type\" content=\"image\/jpeg\" \/>\n<meta name=\"author\" content=\"Redacci\u00f3n A Nova Peneira\" \/>\n<meta name=\"twitter:card\" content=\"summary_large_image\" \/>\n<meta name=\"twitter:creator\" content=\"@APeneira\" \/>\n<meta name=\"twitter:site\" content=\"@APeneira\" \/>\n<meta name=\"twitter:label1\" content=\"Escrito por\" \/>\n\t<meta name=\"twitter:data1\" content=\"Redacci\u00f3n A Nova Peneira\" \/>\n\t<meta name=\"twitter:label2\" content=\"Tempo de lectura\" \/>\n\t<meta name=\"twitter:data2\" content=\"4 minutos\" \/>\n<script type=\"application\/ld+json\" class=\"yoast-schema-graph\">{\"@context\":\"https:\\\/\\\/schema.org\",\"@graph\":[{\"@type\":\"Article\",\"@id\":\"https:\\\/\\\/www.anovapeneira.gal\\\/index.php\\\/2025\\\/03\\\/04\\\/8-de-marzo-dia-internacional-da-muller-traballadora-se-non-e-abolicionista-non-e-feminismo\\\/#article\",\"isPartOf\":{\"@id\":\"https:\\\/\\\/www.anovapeneira.gal\\\/index.php\\\/2025\\\/03\\\/04\\\/8-de-marzo-dia-internacional-da-muller-traballadora-se-non-e-abolicionista-non-e-feminismo\\\/\"},\"author\":{\"name\":\"Redacci\u00f3n A Nova Peneira\",\"@id\":\"https:\\\/\\\/www.anovapeneira.gal\\\/#\\\/schema\\\/person\\\/b93e3f8932e3f8da96334607eb6ac6aa\"},\"headline\":\"8 de marzo, D\u00eda Internacional da Muller Traballadora: Se non \u00e9 abolicionista, non \u00e9 feminismo\",\"datePublished\":\"2025-03-04T11:00:26+00:00\",\"mainEntityOfPage\":{\"@id\":\"https:\\\/\\\/www.anovapeneira.gal\\\/index.php\\\/2025\\\/03\\\/04\\\/8-de-marzo-dia-internacional-da-muller-traballadora-se-non-e-abolicionista-non-e-feminismo\\\/\"},\"wordCount\":737,\"commentCount\":0,\"publisher\":{\"@id\":\"https:\\\/\\\/www.anovapeneira.gal\\\/#organization\"},\"image\":{\"@id\":\"https:\\\/\\\/www.anovapeneira.gal\\\/index.php\\\/2025\\\/03\\\/04\\\/8-de-marzo-dia-internacional-da-muller-traballadora-se-non-e-abolicionista-non-e-feminismo\\\/#primaryimage\"},\"thumbnailUrl\":\"https:\\\/\\\/www.anovapeneira.gal\\\/wp-content\\\/uploads\\\/2025\\\/02\\\/Silveiras.jpg\",\"keywords\":[\"As silveiras\"],\"articleSection\":[\"Novas\"],\"inLanguage\":\"gl-ES\",\"potentialAction\":[{\"@type\":\"CommentAction\",\"name\":\"Comment\",\"target\":[\"https:\\\/\\\/www.anovapeneira.gal\\\/index.php\\\/2025\\\/03\\\/04\\\/8-de-marzo-dia-internacional-da-muller-traballadora-se-non-e-abolicionista-non-e-feminismo\\\/#respond\"]}]},{\"@type\":\"WebPage\",\"@id\":\"https:\\\/\\\/www.anovapeneira.gal\\\/index.php\\\/2025\\\/03\\\/04\\\/8-de-marzo-dia-internacional-da-muller-traballadora-se-non-e-abolicionista-non-e-feminismo\\\/\",\"url\":\"https:\\\/\\\/www.anovapeneira.gal\\\/index.php\\\/2025\\\/03\\\/04\\\/8-de-marzo-dia-internacional-da-muller-traballadora-se-non-e-abolicionista-non-e-feminismo\\\/\",\"name\":\"8 de marzo, D\u00eda Internacional da Muller Traballadora: Se non \u00e9 abolicionista, non \u00e9 feminismo -\",\"isPartOf\":{\"@id\":\"https:\\\/\\\/www.anovapeneira.gal\\\/#website\"},\"primaryImageOfPage\":{\"@id\":\"https:\\\/\\\/www.anovapeneira.gal\\\/index.php\\\/2025\\\/03\\\/04\\\/8-de-marzo-dia-internacional-da-muller-traballadora-se-non-e-abolicionista-non-e-feminismo\\\/#primaryimage\"},\"image\":{\"@id\":\"https:\\\/\\\/www.anovapeneira.gal\\\/index.php\\\/2025\\\/03\\\/04\\\/8-de-marzo-dia-internacional-da-muller-traballadora-se-non-e-abolicionista-non-e-feminismo\\\/#primaryimage\"},\"thumbnailUrl\":\"https:\\\/\\\/www.anovapeneira.gal\\\/wp-content\\\/uploads\\\/2025\\\/02\\\/Silveiras.jpg\",\"datePublished\":\"2025-03-04T11:00:26+00:00\",\"breadcrumb\":{\"@id\":\"https:\\\/\\\/www.anovapeneira.gal\\\/index.php\\\/2025\\\/03\\\/04\\\/8-de-marzo-dia-internacional-da-muller-traballadora-se-non-e-abolicionista-non-e-feminismo\\\/#breadcrumb\"},\"inLanguage\":\"gl-ES\",\"potentialAction\":[{\"@type\":\"ReadAction\",\"target\":[\"https:\\\/\\\/www.anovapeneira.gal\\\/index.php\\\/2025\\\/03\\\/04\\\/8-de-marzo-dia-internacional-da-muller-traballadora-se-non-e-abolicionista-non-e-feminismo\\\/\"]}]},{\"@type\":\"ImageObject\",\"inLanguage\":\"gl-ES\",\"@id\":\"https:\\\/\\\/www.anovapeneira.gal\\\/index.php\\\/2025\\\/03\\\/04\\\/8-de-marzo-dia-internacional-da-muller-traballadora-se-non-e-abolicionista-non-e-feminismo\\\/#primaryimage\",\"url\":\"https:\\\/\\\/www.anovapeneira.gal\\\/wp-content\\\/uploads\\\/2025\\\/02\\\/Silveiras.jpg\",\"contentUrl\":\"https:\\\/\\\/www.anovapeneira.gal\\\/wp-content\\\/uploads\\\/2025\\\/02\\\/Silveiras.jpg\",\"width\":720,\"height\":432,\"caption\":\"Silveiras Asociaci\u00f3n feminista\"},{\"@type\":\"BreadcrumbList\",\"@id\":\"https:\\\/\\\/www.anovapeneira.gal\\\/index.php\\\/2025\\\/03\\\/04\\\/8-de-marzo-dia-internacional-da-muller-traballadora-se-non-e-abolicionista-non-e-feminismo\\\/#breadcrumb\",\"itemListElement\":[{\"@type\":\"ListItem\",\"position\":1,\"name\":\"Portada\",\"item\":\"https:\\\/\\\/www.anovapeneira.gal\\\/\"},{\"@type\":\"ListItem\",\"position\":2,\"name\":\"8 de marzo, D\u00eda Internacional da Muller Traballadora: Se non \u00e9 abolicionista, non \u00e9 feminismo\"}]},{\"@type\":\"WebSite\",\"@id\":\"https:\\\/\\\/www.anovapeneira.gal\\\/#website\",\"url\":\"https:\\\/\\\/www.anovapeneira.gal\\\/\",\"name\":\"\",\"description\":\"Xornal galego de informaci\u00f3n xeral Publicaci\u00f3n mensual de novas de Galicia e en especial dos Concellos da sur da provincia de Pontevedra.\",\"publisher\":{\"@id\":\"https:\\\/\\\/www.anovapeneira.gal\\\/#organization\"},\"potentialAction\":[{\"@type\":\"SearchAction\",\"target\":{\"@type\":\"EntryPoint\",\"urlTemplate\":\"https:\\\/\\\/www.anovapeneira.gal\\\/?s={search_term_string}\"},\"query-input\":{\"@type\":\"PropertyValueSpecification\",\"valueRequired\":true,\"valueName\":\"search_term_string\"}}],\"inLanguage\":\"gl-ES\"},{\"@type\":\"Organization\",\"@id\":\"https:\\\/\\\/www.anovapeneira.gal\\\/#organization\",\"name\":\"A Nova Peneira\",\"url\":\"https:\\\/\\\/www.anovapeneira.gal\\\/\",\"logo\":{\"@type\":\"ImageObject\",\"inLanguage\":\"gl-ES\",\"@id\":\"https:\\\/\\\/www.anovapeneira.gal\\\/#\\\/schema\\\/logo\\\/image\\\/\",\"url\":\"http:\\\/\\\/www.anovapeneira.gal\\\/wp-content\\\/uploads\\\/2019\\\/06\\\/logo_a_nova_peneira_portal_web.png\",\"contentUrl\":\"http:\\\/\\\/www.anovapeneira.gal\\\/wp-content\\\/uploads\\\/2019\\\/06\\\/logo_a_nova_peneira_portal_web.png\",\"width\":300,\"height\":100,\"caption\":\"A Nova Peneira\"},\"image\":{\"@id\":\"https:\\\/\\\/www.anovapeneira.gal\\\/#\\\/schema\\\/logo\\\/image\\\/\"},\"sameAs\":[\"https:\\\/\\\/www.facebook.com\\\/anovapeneira\",\"https:\\\/\\\/x.com\\\/APeneira\"]},{\"@type\":\"Person\",\"@id\":\"https:\\\/\\\/www.anovapeneira.gal\\\/#\\\/schema\\\/person\\\/b93e3f8932e3f8da96334607eb6ac6aa\",\"name\":\"Redacci\u00f3n A Nova Peneira\",\"image\":{\"@type\":\"ImageObject\",\"inLanguage\":\"gl-ES\",\"@id\":\"https:\\\/\\\/secure.gravatar.com\\\/avatar\\\/c052a2551a06e23fac63626232eaa90abd78dbcf1700fc46a2b2c89fd27b735f?s=96&d=mm&r=g\",\"url\":\"https:\\\/\\\/secure.gravatar.com\\\/avatar\\\/c052a2551a06e23fac63626232eaa90abd78dbcf1700fc46a2b2c89fd27b735f?s=96&d=mm&r=g\",\"contentUrl\":\"https:\\\/\\\/secure.gravatar.com\\\/avatar\\\/c052a2551a06e23fac63626232eaa90abd78dbcf1700fc46a2b2c89fd27b735f?s=96&d=mm&r=g\",\"caption\":\"Redacci\u00f3n A Nova Peneira\"},\"sameAs\":[\"http:\\\/\\\/www.anovapeneira.gal\\\/\"],\"url\":\"https:\\\/\\\/www.anovapeneira.gal\\\/index.php\\\/author\\\/redactor\\\/\"}]}<\/script>\n<!-- \/ Yoast SEO plugin. -->","yoast_head_json":{"title":"8 de marzo, D\u00eda Internacional da Muller Traballadora: Se non \u00e9 abolicionista, non \u00e9 feminismo -","robots":{"index":"index","follow":"follow","max-snippet":"max-snippet:-1","max-image-preview":"max-image-preview:large","max-video-preview":"max-video-preview:-1"},"canonical":"https:\/\/www.anovapeneira.gal\/index.php\/2025\/03\/04\/8-de-marzo-dia-internacional-da-muller-traballadora-se-non-e-abolicionista-non-e-feminismo\/","og_locale":"gl_ES","og_type":"article","og_title":"8 de marzo, D\u00eda Internacional da Muller Traballadora: Se non \u00e9 abolicionista, non \u00e9 feminismo -","og_description":"Neste D\u00eda Internacional da Muller Traballadora, dende As Silveiras, reafirmamos o noso compromiso feminista coa loita pola abolici\u00f3n de todas as formas de explotaci\u00f3n que afectan as mulleres. [...]","og_url":"https:\/\/www.anovapeneira.gal\/index.php\/2025\/03\/04\/8-de-marzo-dia-internacional-da-muller-traballadora-se-non-e-abolicionista-non-e-feminismo\/","article_publisher":"https:\/\/www.facebook.com\/anovapeneira","article_published_time":"2025-03-04T11:00:26+00:00","og_image":[{"width":720,"height":432,"url":"https:\/\/www.anovapeneira.gal\/wp-content\/uploads\/2025\/02\/Silveiras.jpg","type":"image\/jpeg"}],"author":"Redacci\u00f3n A Nova Peneira","twitter_card":"summary_large_image","twitter_creator":"@APeneira","twitter_site":"@APeneira","twitter_misc":{"Escrito por":"Redacci\u00f3n A Nova Peneira","Tempo de lectura":"4 minutos"},"schema":{"@context":"https:\/\/schema.org","@graph":[{"@type":"Article","@id":"https:\/\/www.anovapeneira.gal\/index.php\/2025\/03\/04\/8-de-marzo-dia-internacional-da-muller-traballadora-se-non-e-abolicionista-non-e-feminismo\/#article","isPartOf":{"@id":"https:\/\/www.anovapeneira.gal\/index.php\/2025\/03\/04\/8-de-marzo-dia-internacional-da-muller-traballadora-se-non-e-abolicionista-non-e-feminismo\/"},"author":{"name":"Redacci\u00f3n A Nova Peneira","@id":"https:\/\/www.anovapeneira.gal\/#\/schema\/person\/b93e3f8932e3f8da96334607eb6ac6aa"},"headline":"8 de marzo, D\u00eda Internacional da Muller Traballadora: Se non \u00e9 abolicionista, non \u00e9 feminismo","datePublished":"2025-03-04T11:00:26+00:00","mainEntityOfPage":{"@id":"https:\/\/www.anovapeneira.gal\/index.php\/2025\/03\/04\/8-de-marzo-dia-internacional-da-muller-traballadora-se-non-e-abolicionista-non-e-feminismo\/"},"wordCount":737,"commentCount":0,"publisher":{"@id":"https:\/\/www.anovapeneira.gal\/#organization"},"image":{"@id":"https:\/\/www.anovapeneira.gal\/index.php\/2025\/03\/04\/8-de-marzo-dia-internacional-da-muller-traballadora-se-non-e-abolicionista-non-e-feminismo\/#primaryimage"},"thumbnailUrl":"https:\/\/www.anovapeneira.gal\/wp-content\/uploads\/2025\/02\/Silveiras.jpg","keywords":["As silveiras"],"articleSection":["Novas"],"inLanguage":"gl-ES","potentialAction":[{"@type":"CommentAction","name":"Comment","target":["https:\/\/www.anovapeneira.gal\/index.php\/2025\/03\/04\/8-de-marzo-dia-internacional-da-muller-traballadora-se-non-e-abolicionista-non-e-feminismo\/#respond"]}]},{"@type":"WebPage","@id":"https:\/\/www.anovapeneira.gal\/index.php\/2025\/03\/04\/8-de-marzo-dia-internacional-da-muller-traballadora-se-non-e-abolicionista-non-e-feminismo\/","url":"https:\/\/www.anovapeneira.gal\/index.php\/2025\/03\/04\/8-de-marzo-dia-internacional-da-muller-traballadora-se-non-e-abolicionista-non-e-feminismo\/","name":"8 de marzo, D\u00eda Internacional da Muller Traballadora: Se non \u00e9 abolicionista, non \u00e9 feminismo -","isPartOf":{"@id":"https:\/\/www.anovapeneira.gal\/#website"},"primaryImageOfPage":{"@id":"https:\/\/www.anovapeneira.gal\/index.php\/2025\/03\/04\/8-de-marzo-dia-internacional-da-muller-traballadora-se-non-e-abolicionista-non-e-feminismo\/#primaryimage"},"image":{"@id":"https:\/\/www.anovapeneira.gal\/index.php\/2025\/03\/04\/8-de-marzo-dia-internacional-da-muller-traballadora-se-non-e-abolicionista-non-e-feminismo\/#primaryimage"},"thumbnailUrl":"https:\/\/www.anovapeneira.gal\/wp-content\/uploads\/2025\/02\/Silveiras.jpg","datePublished":"2025-03-04T11:00:26+00:00","breadcrumb":{"@id":"https:\/\/www.anovapeneira.gal\/index.php\/2025\/03\/04\/8-de-marzo-dia-internacional-da-muller-traballadora-se-non-e-abolicionista-non-e-feminismo\/#breadcrumb"},"inLanguage":"gl-ES","potentialAction":[{"@type":"ReadAction","target":["https:\/\/www.anovapeneira.gal\/index.php\/2025\/03\/04\/8-de-marzo-dia-internacional-da-muller-traballadora-se-non-e-abolicionista-non-e-feminismo\/"]}]},{"@type":"ImageObject","inLanguage":"gl-ES","@id":"https:\/\/www.anovapeneira.gal\/index.php\/2025\/03\/04\/8-de-marzo-dia-internacional-da-muller-traballadora-se-non-e-abolicionista-non-e-feminismo\/#primaryimage","url":"https:\/\/www.anovapeneira.gal\/wp-content\/uploads\/2025\/02\/Silveiras.jpg","contentUrl":"https:\/\/www.anovapeneira.gal\/wp-content\/uploads\/2025\/02\/Silveiras.jpg","width":720,"height":432,"caption":"Silveiras Asociaci\u00f3n feminista"},{"@type":"BreadcrumbList","@id":"https:\/\/www.anovapeneira.gal\/index.php\/2025\/03\/04\/8-de-marzo-dia-internacional-da-muller-traballadora-se-non-e-abolicionista-non-e-feminismo\/#breadcrumb","itemListElement":[{"@type":"ListItem","position":1,"name":"Portada","item":"https:\/\/www.anovapeneira.gal\/"},{"@type":"ListItem","position":2,"name":"8 de marzo, D\u00eda Internacional da Muller Traballadora: Se non \u00e9 abolicionista, non \u00e9 feminismo"}]},{"@type":"WebSite","@id":"https:\/\/www.anovapeneira.gal\/#website","url":"https:\/\/www.anovapeneira.gal\/","name":"","description":"Xornal galego de informaci\u00f3n xeral Publicaci\u00f3n mensual de novas de Galicia e en especial dos Concellos da sur da provincia de Pontevedra.","publisher":{"@id":"https:\/\/www.anovapeneira.gal\/#organization"},"potentialAction":[{"@type":"SearchAction","target":{"@type":"EntryPoint","urlTemplate":"https:\/\/www.anovapeneira.gal\/?s={search_term_string}"},"query-input":{"@type":"PropertyValueSpecification","valueRequired":true,"valueName":"search_term_string"}}],"inLanguage":"gl-ES"},{"@type":"Organization","@id":"https:\/\/www.anovapeneira.gal\/#organization","name":"A Nova Peneira","url":"https:\/\/www.anovapeneira.gal\/","logo":{"@type":"ImageObject","inLanguage":"gl-ES","@id":"https:\/\/www.anovapeneira.gal\/#\/schema\/logo\/image\/","url":"http:\/\/www.anovapeneira.gal\/wp-content\/uploads\/2019\/06\/logo_a_nova_peneira_portal_web.png","contentUrl":"http:\/\/www.anovapeneira.gal\/wp-content\/uploads\/2019\/06\/logo_a_nova_peneira_portal_web.png","width":300,"height":100,"caption":"A Nova Peneira"},"image":{"@id":"https:\/\/www.anovapeneira.gal\/#\/schema\/logo\/image\/"},"sameAs":["https:\/\/www.facebook.com\/anovapeneira","https:\/\/x.com\/APeneira"]},{"@type":"Person","@id":"https:\/\/www.anovapeneira.gal\/#\/schema\/person\/b93e3f8932e3f8da96334607eb6ac6aa","name":"Redacci\u00f3n A Nova Peneira","image":{"@type":"ImageObject","inLanguage":"gl-ES","@id":"https:\/\/secure.gravatar.com\/avatar\/c052a2551a06e23fac63626232eaa90abd78dbcf1700fc46a2b2c89fd27b735f?s=96&d=mm&r=g","url":"https:\/\/secure.gravatar.com\/avatar\/c052a2551a06e23fac63626232eaa90abd78dbcf1700fc46a2b2c89fd27b735f?s=96&d=mm&r=g","contentUrl":"https:\/\/secure.gravatar.com\/avatar\/c052a2551a06e23fac63626232eaa90abd78dbcf1700fc46a2b2c89fd27b735f?s=96&d=mm&r=g","caption":"Redacci\u00f3n A Nova Peneira"},"sameAs":["http:\/\/www.anovapeneira.gal\/"],"url":"https:\/\/www.anovapeneira.gal\/index.php\/author\/redactor\/"}]}},"jetpack_featured_media_url":"https:\/\/www.anovapeneira.gal\/wp-content\/uploads\/2025\/02\/Silveiras.jpg","_links":{"self":[{"href":"https:\/\/www.anovapeneira.gal\/index.php\/wp-json\/wp\/v2\/posts\/13459","targetHints":{"allow":["GET"]}}],"collection":[{"href":"https:\/\/www.anovapeneira.gal\/index.php\/wp-json\/wp\/v2\/posts"}],"about":[{"href":"https:\/\/www.anovapeneira.gal\/index.php\/wp-json\/wp\/v2\/types\/post"}],"author":[{"embeddable":true,"href":"https:\/\/www.anovapeneira.gal\/index.php\/wp-json\/wp\/v2\/users\/3"}],"replies":[{"embeddable":true,"href":"https:\/\/www.anovapeneira.gal\/index.php\/wp-json\/wp\/v2\/comments?post=13459"}],"version-history":[{"count":1,"href":"https:\/\/www.anovapeneira.gal\/index.php\/wp-json\/wp\/v2\/posts\/13459\/revisions"}],"predecessor-version":[{"id":13460,"href":"https:\/\/www.anovapeneira.gal\/index.php\/wp-json\/wp\/v2\/posts\/13459\/revisions\/13460"}],"wp:featuredmedia":[{"embeddable":true,"href":"https:\/\/www.anovapeneira.gal\/index.php\/wp-json\/wp\/v2\/media\/13363"}],"wp:attachment":[{"href":"https:\/\/www.anovapeneira.gal\/index.php\/wp-json\/wp\/v2\/media?parent=13459"}],"wp:term":[{"taxonomy":"category","embeddable":true,"href":"https:\/\/www.anovapeneira.gal\/index.php\/wp-json\/wp\/v2\/categories?post=13459"},{"taxonomy":"post_tag","embeddable":true,"href":"https:\/\/www.anovapeneira.gal\/index.php\/wp-json\/wp\/v2\/tags?post=13459"}],"curies":[{"name":"wp","href":"https:\/\/api.w.org\/{rel}","templated":true}]}}