{"id":13463,"date":"2025-03-07T12:00:16","date_gmt":"2025-03-07T11:00:16","guid":{"rendered":"https:\/\/www.anovapeneira.gal\/?p=13463"},"modified":"2025-03-06T10:21:43","modified_gmt":"2025-03-06T09:21:43","slug":"o-plan-de-accion-integral-de-redondela-inclue-un-centro-socio-cultural-en-chapela-a-reforma-do-mercado-e-o-museo-angel-barros","status":"publish","type":"post","link":"https:\/\/www.anovapeneira.gal\/index.php\/2025\/03\/07\/o-plan-de-accion-integral-de-redondela-inclue-un-centro-socio-cultural-en-chapela-a-reforma-do-mercado-e-o-museo-angel-barros\/","title":{"rendered":"O Plan de Acci\u00f3n Integral de Redondela incl\u00fae un Centro Socio cultural en Chapela, a reforma do Mercado e o Museo \u00c1ngel Barros"},"content":{"rendered":"\n<ul class=\"wp-block-list\">\n<li><em>A alcaldesa, Digna Rivas, destaca \u201ca madurez\u201d dos proxectos seleccionados, cos traballos t\u00e9cnicos avanzados, que \u00e9 un dos requisitos para optar aos fondos europeos. O Concello de Redondela presenta proxectos \u201crealistas e moi necesarios\u201d para facer realidade nun prazo de entre 2 e 4 anos.<\/em><\/li>\n<\/ul>\n\n\n\n<ul class=\"wp-block-list\">\n<li><em>Rivas est\u00e1 convencida de que os proxectos presentados \u201csair\u00e1n adiante, unha vez m\u00e1is, a pesar dos atrancos que nos po\u00f1en os grupos da oposici\u00f3n, que votaron en contra\u201d. Como foi anteriormente no caso do aparcadoiro disuasorio de Vilavella, \u201ca oposici\u00f3n non apoia os proxectos necesarios para Redondela, pero este goberno local traballa para facelos realidade\u201d, concl\u00fae Rivas.<\/em><\/li>\n<\/ul>\n\n\n\n<p>Redondela, 1 de marzo de 2025. O Concello de Redondela opta aos fondos europeos con grandes proxectos que se incl\u00faen no PAI (Plan de Acci\u00f3n Integrado). A alcaldesa, Digna Rivas, explica que se trata dun instrumento \u201cclave\u201d para abordar alg\u00fans dos retos destacados na Axenda Urbana. O obxectivo deste plan \u00e9 \u201crevitalizar e mellorar a calidade de vida , a accesibilidade e a sostibilidade urbana\u201d. Entre os proxectos do PAI est\u00e1n o novo Centro Sociocultural de Chapela, a reforma do Mercado Municipal, o Museo Etnogr\u00e1fico \u00c1ngel Barros e obras de humanizaci\u00f3ns e eficiencia enerx\u00e9tica. Rivas sinala que son \u201cproxectos estrat\u00e9xicos para o futuro de Redondela\u201d. A alcaldesa asegura que o plan sair\u00e1 adiante \u201cmalia que os grupos da oposici\u00f3n votaron en contra en d\u00faas ocasi\u00f3ns, prexudicando as\u00ed os intereses dos veci\u00f1os e veci\u00f1as de Redondela\u201d.<\/p>\n\n\n\n<p><strong>Novo centro C\u00edvico Sociocultural en Chapela<\/strong><\/p>\n\n\n\n<p>O edificio, que se crea no antigo colexio Igrexa, revitalizar\u00e1 este espazo emblem\u00e1tico da parroquia. Tr\u00e1tase dun novo lugar de encontro e actividades para a veci\u00f1anza nunha parcela de 1.489 metros cadrados. O edificio ter\u00e1 dous andares, de 350 metros cadrados cada un. Contar\u00e1 con biblioteca e espazos multifuncionais para acoller diferentes actividades culturais, sociais e recreativas que promover\u00e1n a participaci\u00f3n da cidadan\u00eda. \u201cEsta \u00e9 unha infraestrutura moi necesaria e demandada en Chapela, que precisa dun espazo p\u00fablico destas caracter\u00edsticas\u201d, sinala Digna Rivas. O proxecto ascende a 1,6 mill\u00f3ns de euros.<\/p>\n\n\n\n<p><strong>Acondicionamento do Mercado de Redondela<\/strong><\/p>\n\n\n\n<p>Esta actuaci\u00f3n c\u00e9ntrase no acondicionamento do mercado de abastos para a obtenci\u00f3n do selo \u201cMercado Excelente\u201d. Incl\u00fae a renovaci\u00f3n das estruturas deste edificio hist\u00f3rico, conservando as s\u00faas fachadas orixinais. O novo mercado contar\u00e1 cun nivel intermedio, optimizando o espazo, e adaptarase a distribuci\u00f3n dos postos do mercado para permitir unha maior flexibilidade. Mellorarase o confort do edificio cunha nova cuberta de zinc natural e instalaranse sistemas de climatizaci\u00f3n, iluminaci\u00f3n LED e melloras no illamento. O proxecto incl\u00fae a transformaci\u00f3n dixital do mercado, o que<\/p>\n\n\n\n<p>far\u00e1 m\u00e1is eficiente este espazo e permitir\u00e1n o acceso a unha gama de servizos que favorecer\u00e1n o seu funcionamento na era dixital. Esta reforma integral do mercado ascende a 2,6 mill\u00f3ns de euros.<\/p>\n\n\n\n<p><strong>Museo Etnogr\u00e1fico \u00c1ngel Barros<\/strong><\/p>\n\n\n\n<p>O PAI incl\u00fae a rehabilitaci\u00f3n da edificaci\u00f3n co\u00f1ecida como Antigas Vivendad dos Mestres, na avenida Mendi\u00f1o, que se transformar\u00e1 no Museo Etnogr\u00e1fico \u00c1ngel Barros con espazos de exposici\u00f3n, salas tipo aula, aseos e cuartos para almac\u00e9n e instalaci\u00f3ns. Exporase a obra do artista local que recibe o seu nome. Renovarase a fachada e cuberta do edificio cunha nova &#8220;pel&#8221; exterior moderna e funcional. Optimizarase a s\u00faa eficiencia enerx\u00e9tica con melloras en illamento, impermeabilizaci\u00f3n, cuberta, sistema de climatizaci\u00f3n e novas instalaci\u00f3ns el\u00e9ctricas e de iluminaci\u00f3n. A actuaci\u00f3n definiuse a partir das achegas recollidas no proceso de participaci\u00f3n cidad\u00e1 da Axenda Urbana. Esta actuaci\u00f3n foi longamente reivindicada pola cidadan\u00eda. A rehabilitaci\u00f3n do edificio e a s\u00faa musealizaci\u00f3n ascenden a 1.167.000 euros.<\/p>\n\n\n\n<p>O Plan de Actuaci\u00f3n Integrado incl\u00fae tam\u00e9n outras obras, como a humanizaci\u00f3n do espazo p\u00fablico con actuaci\u00f3ns no casco hist\u00f3rico como \u00e9 o caso das r\u00faas Prata, Telmo Bern\u00e1rdez. Pai Sarmiento ou R\u00faa do Muro, entre outras. O obxectivo \u00e9 eliminar barreiras arquitect\u00f3nicas e habilitar espazos nas \u00e1reas que sexa posible para favorecer a convivencia entre os cidad\u00e1ns. Estas transformaci\u00f3ns urban\u00edsticas buscan un dese\u00f1o inclusivo e funcional que optimiza a calidade da contorna urbana, mellorando a experiencia tanto dos residentes como dos visitantes.<\/p>\n\n\n\n<p>Rivas destaca \u201ca madurez\u201d dos proxectos seleccionados, que \u00e9 un dos requisitos para poder optar aos fondos europeos. As propostas inclu\u00eddas no PAI contan xa cos traballos t\u00e9cnicos avanzados para facilitar a licitaci\u00f3n das obras. O Concello de Redondela presenta proxectos \u201crealistas\u201d e que que son \u201cmoi necesarios\u201d para facer realidade nun prazo de entre 2 e 4 anos. Os fondos FEDER financiar\u00edan un 60% do custe dos traballos, e o 40% restante o propio Concello.<\/p>\n\n\n\n<p>A alcaldesa est\u00e1 convencida de que os proxectos presentados \u201csair\u00e1n adiante, unha vez m\u00e1is, a pesar dos atrancos que nos po\u00f1en os grupos da oposici\u00f3n\u201d. Como en ocasi\u00f3ns anteriores, como pode ser o aparcadoiro disuasorio de Vilavella, a oposici\u00f3n \u201cnon apoia proxectos necesarios para Redondela, pero este goberno local traballar\u00e1 para facelos realidade\u201d, concl\u00fae Rivas.<\/p>\n","protected":false},"excerpt":{"rendered":"<div class=\"mh-excerpt\"><p>A alcaldesa, Digna Rivas, destaca \u201ca madurez\u201d dos proxectos seleccionados, cos traballos t\u00e9cnicos avanzados, que \u00e9 un dos requisitos para optar aos fondos europeos <a class=\"mh-excerpt-more\" href=\"https:\/\/www.anovapeneira.gal\/index.php\/2025\/03\/07\/o-plan-de-accion-integral-de-redondela-inclue-un-centro-socio-cultural-en-chapela-a-reforma-do-mercado-e-o-museo-angel-barros\/\" title=\"O Plan de Acci\u00f3n Integral de Redondela incl\u00fae un Centro Socio cultural en Chapela, a reforma do Mercado e o Museo \u00c1ngel Barros\">[&#8230;]<\/a><\/p>\n<\/div>","protected":false},"author":1,"featured_media":13465,"comment_status":"open","ping_status":"open","sticky":false,"template":"","format":"standard","meta":{"_exactmetrics_skip_tracking":false,"_exactmetrics_sitenote_active":false,"_exactmetrics_sitenote_note":"","_exactmetrics_sitenote_category":0,"footnotes":""},"categories":[24],"tags":[171],"class_list":{"0":"post-13463","1":"post","2":"type-post","3":"status-publish","4":"format-standard","5":"has-post-thumbnail","7":"category-redondela","8":"tag-concello-de-redondela"},"yoast_head":"<!-- This site is optimized with the Yoast SEO plugin v27.4 - https:\/\/yoast.com\/product\/yoast-seo-wordpress\/ -->\n<title>O Plan de Acci\u00f3n Integral de Redondela incl\u00fae un Centro Socio cultural en Chapela, a reforma do Mercado e o Museo \u00c1ngel Barros -<\/title>\n<meta name=\"robots\" content=\"index, follow, max-snippet:-1, max-image-preview:large, max-video-preview:-1\" \/>\n<link rel=\"canonical\" href=\"https:\/\/www.anovapeneira.gal\/index.php\/2025\/03\/07\/o-plan-de-accion-integral-de-redondela-inclue-un-centro-socio-cultural-en-chapela-a-reforma-do-mercado-e-o-museo-angel-barros\/\" \/>\n<meta property=\"og:locale\" content=\"gl_ES\" \/>\n<meta property=\"og:type\" content=\"article\" \/>\n<meta property=\"og:title\" content=\"O Plan de Acci\u00f3n Integral de Redondela incl\u00fae un Centro Socio cultural en Chapela, a reforma do Mercado e o Museo \u00c1ngel Barros -\" \/>\n<meta property=\"og:description\" content=\"A alcaldesa, Digna Rivas, destaca \u201ca madurez\u201d dos proxectos seleccionados, cos traballos t\u00e9cnicos avanzados, que \u00e9 un dos requisitos para optar aos fondos europeos [...]\" \/>\n<meta property=\"og:url\" content=\"https:\/\/www.anovapeneira.gal\/index.php\/2025\/03\/07\/o-plan-de-accion-integral-de-redondela-inclue-un-centro-socio-cultural-en-chapela-a-reforma-do-mercado-e-o-museo-angel-barros\/\" \/>\n<meta property=\"article:publisher\" content=\"https:\/\/www.facebook.com\/anovapeneira\" \/>\n<meta property=\"article:author\" content=\"https:\/\/www.facebook.com\/anovapeneira\/\" \/>\n<meta property=\"article:published_time\" content=\"2025-03-07T11:00:16+00:00\" \/>\n<meta property=\"og:image\" content=\"https:\/\/www.anovapeneira.gal\/wp-content\/uploads\/2025\/03\/Centro_Sociocomunitario_Chapela.jpg\" \/>\n\t<meta property=\"og:image:width\" content=\"720\" \/>\n\t<meta property=\"og:image:height\" content=\"432\" \/>\n\t<meta property=\"og:image:type\" content=\"image\/jpeg\" \/>\n<meta name=\"author\" content=\"admin\" \/>\n<meta name=\"twitter:card\" content=\"summary_large_image\" \/>\n<meta name=\"twitter:creator\" content=\"@APeneira\" \/>\n<meta name=\"twitter:site\" content=\"@APeneira\" \/>\n<meta name=\"twitter:label1\" content=\"Escrito por\" \/>\n\t<meta name=\"twitter:data1\" content=\"admin\" \/>\n\t<meta name=\"twitter:label2\" content=\"Tempo de lectura\" \/>\n\t<meta name=\"twitter:data2\" content=\"5 minutos\" \/>\n<script type=\"application\/ld+json\" class=\"yoast-schema-graph\">{\"@context\":\"https:\\\/\\\/schema.org\",\"@graph\":[{\"@type\":\"Article\",\"@id\":\"https:\\\/\\\/www.anovapeneira.gal\\\/index.php\\\/2025\\\/03\\\/07\\\/o-plan-de-accion-integral-de-redondela-inclue-un-centro-socio-cultural-en-chapela-a-reforma-do-mercado-e-o-museo-angel-barros\\\/#article\",\"isPartOf\":{\"@id\":\"https:\\\/\\\/www.anovapeneira.gal\\\/index.php\\\/2025\\\/03\\\/07\\\/o-plan-de-accion-integral-de-redondela-inclue-un-centro-socio-cultural-en-chapela-a-reforma-do-mercado-e-o-museo-angel-barros\\\/\"},\"author\":{\"name\":\"admin\",\"@id\":\"https:\\\/\\\/www.anovapeneira.gal\\\/#\\\/schema\\\/person\\\/fb77575328c93684dae4b0075f90c2cb\"},\"headline\":\"O Plan de Acci\u00f3n Integral de Redondela incl\u00fae un Centro Socio cultural en Chapela, a reforma do Mercado e o Museo \u00c1ngel Barros\",\"datePublished\":\"2025-03-07T11:00:16+00:00\",\"mainEntityOfPage\":{\"@id\":\"https:\\\/\\\/www.anovapeneira.gal\\\/index.php\\\/2025\\\/03\\\/07\\\/o-plan-de-accion-integral-de-redondela-inclue-un-centro-socio-cultural-en-chapela-a-reforma-do-mercado-e-o-museo-angel-barros\\\/\"},\"wordCount\":894,\"commentCount\":0,\"publisher\":{\"@id\":\"https:\\\/\\\/www.anovapeneira.gal\\\/#organization\"},\"image\":{\"@id\":\"https:\\\/\\\/www.anovapeneira.gal\\\/index.php\\\/2025\\\/03\\\/07\\\/o-plan-de-accion-integral-de-redondela-inclue-un-centro-socio-cultural-en-chapela-a-reforma-do-mercado-e-o-museo-angel-barros\\\/#primaryimage\"},\"thumbnailUrl\":\"https:\\\/\\\/www.anovapeneira.gal\\\/wp-content\\\/uploads\\\/2025\\\/03\\\/Centro_Sociocomunitario_Chapela.jpg\",\"keywords\":[\"Concello de Redondela\"],\"articleSection\":[\"Redondela\"],\"inLanguage\":\"gl-ES\",\"potentialAction\":[{\"@type\":\"CommentAction\",\"name\":\"Comment\",\"target\":[\"https:\\\/\\\/www.anovapeneira.gal\\\/index.php\\\/2025\\\/03\\\/07\\\/o-plan-de-accion-integral-de-redondela-inclue-un-centro-socio-cultural-en-chapela-a-reforma-do-mercado-e-o-museo-angel-barros\\\/#respond\"]}]},{\"@type\":\"WebPage\",\"@id\":\"https:\\\/\\\/www.anovapeneira.gal\\\/index.php\\\/2025\\\/03\\\/07\\\/o-plan-de-accion-integral-de-redondela-inclue-un-centro-socio-cultural-en-chapela-a-reforma-do-mercado-e-o-museo-angel-barros\\\/\",\"url\":\"https:\\\/\\\/www.anovapeneira.gal\\\/index.php\\\/2025\\\/03\\\/07\\\/o-plan-de-accion-integral-de-redondela-inclue-un-centro-socio-cultural-en-chapela-a-reforma-do-mercado-e-o-museo-angel-barros\\\/\",\"name\":\"O Plan de Acci\u00f3n Integral de Redondela incl\u00fae un Centro Socio cultural en Chapela, a reforma do Mercado e o Museo \u00c1ngel Barros -\",\"isPartOf\":{\"@id\":\"https:\\\/\\\/www.anovapeneira.gal\\\/#website\"},\"primaryImageOfPage\":{\"@id\":\"https:\\\/\\\/www.anovapeneira.gal\\\/index.php\\\/2025\\\/03\\\/07\\\/o-plan-de-accion-integral-de-redondela-inclue-un-centro-socio-cultural-en-chapela-a-reforma-do-mercado-e-o-museo-angel-barros\\\/#primaryimage\"},\"image\":{\"@id\":\"https:\\\/\\\/www.anovapeneira.gal\\\/index.php\\\/2025\\\/03\\\/07\\\/o-plan-de-accion-integral-de-redondela-inclue-un-centro-socio-cultural-en-chapela-a-reforma-do-mercado-e-o-museo-angel-barros\\\/#primaryimage\"},\"thumbnailUrl\":\"https:\\\/\\\/www.anovapeneira.gal\\\/wp-content\\\/uploads\\\/2025\\\/03\\\/Centro_Sociocomunitario_Chapela.jpg\",\"datePublished\":\"2025-03-07T11:00:16+00:00\",\"breadcrumb\":{\"@id\":\"https:\\\/\\\/www.anovapeneira.gal\\\/index.php\\\/2025\\\/03\\\/07\\\/o-plan-de-accion-integral-de-redondela-inclue-un-centro-socio-cultural-en-chapela-a-reforma-do-mercado-e-o-museo-angel-barros\\\/#breadcrumb\"},\"inLanguage\":\"gl-ES\",\"potentialAction\":[{\"@type\":\"ReadAction\",\"target\":[\"https:\\\/\\\/www.anovapeneira.gal\\\/index.php\\\/2025\\\/03\\\/07\\\/o-plan-de-accion-integral-de-redondela-inclue-un-centro-socio-cultural-en-chapela-a-reforma-do-mercado-e-o-museo-angel-barros\\\/\"]}]},{\"@type\":\"ImageObject\",\"inLanguage\":\"gl-ES\",\"@id\":\"https:\\\/\\\/www.anovapeneira.gal\\\/index.php\\\/2025\\\/03\\\/07\\\/o-plan-de-accion-integral-de-redondela-inclue-un-centro-socio-cultural-en-chapela-a-reforma-do-mercado-e-o-museo-angel-barros\\\/#primaryimage\",\"url\":\"https:\\\/\\\/www.anovapeneira.gal\\\/wp-content\\\/uploads\\\/2025\\\/03\\\/Centro_Sociocomunitario_Chapela.jpg\",\"contentUrl\":\"https:\\\/\\\/www.anovapeneira.gal\\\/wp-content\\\/uploads\\\/2025\\\/03\\\/Centro_Sociocomunitario_Chapela.jpg\",\"width\":720,\"height\":432,\"caption\":\"Centro Sociocomunitario de Chapela\"},{\"@type\":\"BreadcrumbList\",\"@id\":\"https:\\\/\\\/www.anovapeneira.gal\\\/index.php\\\/2025\\\/03\\\/07\\\/o-plan-de-accion-integral-de-redondela-inclue-un-centro-socio-cultural-en-chapela-a-reforma-do-mercado-e-o-museo-angel-barros\\\/#breadcrumb\",\"itemListElement\":[{\"@type\":\"ListItem\",\"position\":1,\"name\":\"Portada\",\"item\":\"https:\\\/\\\/www.anovapeneira.gal\\\/\"},{\"@type\":\"ListItem\",\"position\":2,\"name\":\"O Plan de Acci\u00f3n Integral de Redondela incl\u00fae un Centro Socio cultural en Chapela, a reforma do Mercado e o Museo \u00c1ngel Barros\"}]},{\"@type\":\"WebSite\",\"@id\":\"https:\\\/\\\/www.anovapeneira.gal\\\/#website\",\"url\":\"https:\\\/\\\/www.anovapeneira.gal\\\/\",\"name\":\"\",\"description\":\"Xornal galego de informaci\u00f3n xeral Publicaci\u00f3n mensual de novas de Galicia e en especial dos Concellos da sur da provincia de Pontevedra.\",\"publisher\":{\"@id\":\"https:\\\/\\\/www.anovapeneira.gal\\\/#organization\"},\"potentialAction\":[{\"@type\":\"SearchAction\",\"target\":{\"@type\":\"EntryPoint\",\"urlTemplate\":\"https:\\\/\\\/www.anovapeneira.gal\\\/?s={search_term_string}\"},\"query-input\":{\"@type\":\"PropertyValueSpecification\",\"valueRequired\":true,\"valueName\":\"search_term_string\"}}],\"inLanguage\":\"gl-ES\"},{\"@type\":\"Organization\",\"@id\":\"https:\\\/\\\/www.anovapeneira.gal\\\/#organization\",\"name\":\"A Nova Peneira\",\"url\":\"https:\\\/\\\/www.anovapeneira.gal\\\/\",\"logo\":{\"@type\":\"ImageObject\",\"inLanguage\":\"gl-ES\",\"@id\":\"https:\\\/\\\/www.anovapeneira.gal\\\/#\\\/schema\\\/logo\\\/image\\\/\",\"url\":\"http:\\\/\\\/www.anovapeneira.gal\\\/wp-content\\\/uploads\\\/2019\\\/06\\\/logo_a_nova_peneira_portal_web.png\",\"contentUrl\":\"http:\\\/\\\/www.anovapeneira.gal\\\/wp-content\\\/uploads\\\/2019\\\/06\\\/logo_a_nova_peneira_portal_web.png\",\"width\":300,\"height\":100,\"caption\":\"A Nova Peneira\"},\"image\":{\"@id\":\"https:\\\/\\\/www.anovapeneira.gal\\\/#\\\/schema\\\/logo\\\/image\\\/\"},\"sameAs\":[\"https:\\\/\\\/www.facebook.com\\\/anovapeneira\",\"https:\\\/\\\/x.com\\\/APeneira\"]},{\"@type\":\"Person\",\"@id\":\"https:\\\/\\\/www.anovapeneira.gal\\\/#\\\/schema\\\/person\\\/fb77575328c93684dae4b0075f90c2cb\",\"name\":\"admin\",\"image\":{\"@type\":\"ImageObject\",\"inLanguage\":\"gl-ES\",\"@id\":\"https:\\\/\\\/secure.gravatar.com\\\/avatar\\\/df15c36ce375448325e0bc870e91bbee95947a002eb98dcfd6c2b053e18843e9?s=96&d=mm&r=g\",\"url\":\"https:\\\/\\\/secure.gravatar.com\\\/avatar\\\/df15c36ce375448325e0bc870e91bbee95947a002eb98dcfd6c2b053e18843e9?s=96&d=mm&r=g\",\"contentUrl\":\"https:\\\/\\\/secure.gravatar.com\\\/avatar\\\/df15c36ce375448325e0bc870e91bbee95947a002eb98dcfd6c2b053e18843e9?s=96&d=mm&r=g\",\"caption\":\"admin\"},\"description\":\"Xornal galego de informaci\u00f3n xeral Publicaci\u00f3n mensual de novas de Galicia e en especial dos Concellos da sur da provincia de Pontevedra.\",\"sameAs\":[\"http:\\\/\\\/www.anovapeneira.gal\\\/\",\"https:\\\/\\\/www.facebook.com\\\/anovapeneira\\\/\"],\"url\":\"https:\\\/\\\/www.anovapeneira.gal\\\/index.php\\\/author\\\/admin\\\/\"}]}<\/script>\n<!-- \/ Yoast SEO plugin. -->","yoast_head_json":{"title":"O Plan de Acci\u00f3n Integral de Redondela incl\u00fae un Centro Socio cultural en Chapela, a reforma do Mercado e o Museo \u00c1ngel Barros -","robots":{"index":"index","follow":"follow","max-snippet":"max-snippet:-1","max-image-preview":"max-image-preview:large","max-video-preview":"max-video-preview:-1"},"canonical":"https:\/\/www.anovapeneira.gal\/index.php\/2025\/03\/07\/o-plan-de-accion-integral-de-redondela-inclue-un-centro-socio-cultural-en-chapela-a-reforma-do-mercado-e-o-museo-angel-barros\/","og_locale":"gl_ES","og_type":"article","og_title":"O Plan de Acci\u00f3n Integral de Redondela incl\u00fae un Centro Socio cultural en Chapela, a reforma do Mercado e o Museo \u00c1ngel Barros -","og_description":"A alcaldesa, Digna Rivas, destaca \u201ca madurez\u201d dos proxectos seleccionados, cos traballos t\u00e9cnicos avanzados, que \u00e9 un dos requisitos para optar aos fondos europeos [...]","og_url":"https:\/\/www.anovapeneira.gal\/index.php\/2025\/03\/07\/o-plan-de-accion-integral-de-redondela-inclue-un-centro-socio-cultural-en-chapela-a-reforma-do-mercado-e-o-museo-angel-barros\/","article_publisher":"https:\/\/www.facebook.com\/anovapeneira","article_author":"https:\/\/www.facebook.com\/anovapeneira\/","article_published_time":"2025-03-07T11:00:16+00:00","og_image":[{"width":720,"height":432,"url":"https:\/\/www.anovapeneira.gal\/wp-content\/uploads\/2025\/03\/Centro_Sociocomunitario_Chapela.jpg","type":"image\/jpeg"}],"author":"admin","twitter_card":"summary_large_image","twitter_creator":"@APeneira","twitter_site":"@APeneira","twitter_misc":{"Escrito por":"admin","Tempo de lectura":"5 minutos"},"schema":{"@context":"https:\/\/schema.org","@graph":[{"@type":"Article","@id":"https:\/\/www.anovapeneira.gal\/index.php\/2025\/03\/07\/o-plan-de-accion-integral-de-redondela-inclue-un-centro-socio-cultural-en-chapela-a-reforma-do-mercado-e-o-museo-angel-barros\/#article","isPartOf":{"@id":"https:\/\/www.anovapeneira.gal\/index.php\/2025\/03\/07\/o-plan-de-accion-integral-de-redondela-inclue-un-centro-socio-cultural-en-chapela-a-reforma-do-mercado-e-o-museo-angel-barros\/"},"author":{"name":"admin","@id":"https:\/\/www.anovapeneira.gal\/#\/schema\/person\/fb77575328c93684dae4b0075f90c2cb"},"headline":"O Plan de Acci\u00f3n Integral de Redondela incl\u00fae un Centro Socio cultural en Chapela, a reforma do Mercado e o Museo \u00c1ngel Barros","datePublished":"2025-03-07T11:00:16+00:00","mainEntityOfPage":{"@id":"https:\/\/www.anovapeneira.gal\/index.php\/2025\/03\/07\/o-plan-de-accion-integral-de-redondela-inclue-un-centro-socio-cultural-en-chapela-a-reforma-do-mercado-e-o-museo-angel-barros\/"},"wordCount":894,"commentCount":0,"publisher":{"@id":"https:\/\/www.anovapeneira.gal\/#organization"},"image":{"@id":"https:\/\/www.anovapeneira.gal\/index.php\/2025\/03\/07\/o-plan-de-accion-integral-de-redondela-inclue-un-centro-socio-cultural-en-chapela-a-reforma-do-mercado-e-o-museo-angel-barros\/#primaryimage"},"thumbnailUrl":"https:\/\/www.anovapeneira.gal\/wp-content\/uploads\/2025\/03\/Centro_Sociocomunitario_Chapela.jpg","keywords":["Concello de Redondela"],"articleSection":["Redondela"],"inLanguage":"gl-ES","potentialAction":[{"@type":"CommentAction","name":"Comment","target":["https:\/\/www.anovapeneira.gal\/index.php\/2025\/03\/07\/o-plan-de-accion-integral-de-redondela-inclue-un-centro-socio-cultural-en-chapela-a-reforma-do-mercado-e-o-museo-angel-barros\/#respond"]}]},{"@type":"WebPage","@id":"https:\/\/www.anovapeneira.gal\/index.php\/2025\/03\/07\/o-plan-de-accion-integral-de-redondela-inclue-un-centro-socio-cultural-en-chapela-a-reforma-do-mercado-e-o-museo-angel-barros\/","url":"https:\/\/www.anovapeneira.gal\/index.php\/2025\/03\/07\/o-plan-de-accion-integral-de-redondela-inclue-un-centro-socio-cultural-en-chapela-a-reforma-do-mercado-e-o-museo-angel-barros\/","name":"O Plan de Acci\u00f3n Integral de Redondela incl\u00fae un Centro Socio cultural en Chapela, a reforma do Mercado e o Museo \u00c1ngel Barros -","isPartOf":{"@id":"https:\/\/www.anovapeneira.gal\/#website"},"primaryImageOfPage":{"@id":"https:\/\/www.anovapeneira.gal\/index.php\/2025\/03\/07\/o-plan-de-accion-integral-de-redondela-inclue-un-centro-socio-cultural-en-chapela-a-reforma-do-mercado-e-o-museo-angel-barros\/#primaryimage"},"image":{"@id":"https:\/\/www.anovapeneira.gal\/index.php\/2025\/03\/07\/o-plan-de-accion-integral-de-redondela-inclue-un-centro-socio-cultural-en-chapela-a-reforma-do-mercado-e-o-museo-angel-barros\/#primaryimage"},"thumbnailUrl":"https:\/\/www.anovapeneira.gal\/wp-content\/uploads\/2025\/03\/Centro_Sociocomunitario_Chapela.jpg","datePublished":"2025-03-07T11:00:16+00:00","breadcrumb":{"@id":"https:\/\/www.anovapeneira.gal\/index.php\/2025\/03\/07\/o-plan-de-accion-integral-de-redondela-inclue-un-centro-socio-cultural-en-chapela-a-reforma-do-mercado-e-o-museo-angel-barros\/#breadcrumb"},"inLanguage":"gl-ES","potentialAction":[{"@type":"ReadAction","target":["https:\/\/www.anovapeneira.gal\/index.php\/2025\/03\/07\/o-plan-de-accion-integral-de-redondela-inclue-un-centro-socio-cultural-en-chapela-a-reforma-do-mercado-e-o-museo-angel-barros\/"]}]},{"@type":"ImageObject","inLanguage":"gl-ES","@id":"https:\/\/www.anovapeneira.gal\/index.php\/2025\/03\/07\/o-plan-de-accion-integral-de-redondela-inclue-un-centro-socio-cultural-en-chapela-a-reforma-do-mercado-e-o-museo-angel-barros\/#primaryimage","url":"https:\/\/www.anovapeneira.gal\/wp-content\/uploads\/2025\/03\/Centro_Sociocomunitario_Chapela.jpg","contentUrl":"https:\/\/www.anovapeneira.gal\/wp-content\/uploads\/2025\/03\/Centro_Sociocomunitario_Chapela.jpg","width":720,"height":432,"caption":"Centro Sociocomunitario de Chapela"},{"@type":"BreadcrumbList","@id":"https:\/\/www.anovapeneira.gal\/index.php\/2025\/03\/07\/o-plan-de-accion-integral-de-redondela-inclue-un-centro-socio-cultural-en-chapela-a-reforma-do-mercado-e-o-museo-angel-barros\/#breadcrumb","itemListElement":[{"@type":"ListItem","position":1,"name":"Portada","item":"https:\/\/www.anovapeneira.gal\/"},{"@type":"ListItem","position":2,"name":"O Plan de Acci\u00f3n Integral de Redondela incl\u00fae un Centro Socio cultural en Chapela, a reforma do Mercado e o Museo \u00c1ngel Barros"}]},{"@type":"WebSite","@id":"https:\/\/www.anovapeneira.gal\/#website","url":"https:\/\/www.anovapeneira.gal\/","name":"","description":"Xornal galego de informaci\u00f3n xeral Publicaci\u00f3n mensual de novas de Galicia e en especial dos Concellos da sur da provincia de Pontevedra.","publisher":{"@id":"https:\/\/www.anovapeneira.gal\/#organization"},"potentialAction":[{"@type":"SearchAction","target":{"@type":"EntryPoint","urlTemplate":"https:\/\/www.anovapeneira.gal\/?s={search_term_string}"},"query-input":{"@type":"PropertyValueSpecification","valueRequired":true,"valueName":"search_term_string"}}],"inLanguage":"gl-ES"},{"@type":"Organization","@id":"https:\/\/www.anovapeneira.gal\/#organization","name":"A Nova Peneira","url":"https:\/\/www.anovapeneira.gal\/","logo":{"@type":"ImageObject","inLanguage":"gl-ES","@id":"https:\/\/www.anovapeneira.gal\/#\/schema\/logo\/image\/","url":"http:\/\/www.anovapeneira.gal\/wp-content\/uploads\/2019\/06\/logo_a_nova_peneira_portal_web.png","contentUrl":"http:\/\/www.anovapeneira.gal\/wp-content\/uploads\/2019\/06\/logo_a_nova_peneira_portal_web.png","width":300,"height":100,"caption":"A Nova Peneira"},"image":{"@id":"https:\/\/www.anovapeneira.gal\/#\/schema\/logo\/image\/"},"sameAs":["https:\/\/www.facebook.com\/anovapeneira","https:\/\/x.com\/APeneira"]},{"@type":"Person","@id":"https:\/\/www.anovapeneira.gal\/#\/schema\/person\/fb77575328c93684dae4b0075f90c2cb","name":"admin","image":{"@type":"ImageObject","inLanguage":"gl-ES","@id":"https:\/\/secure.gravatar.com\/avatar\/df15c36ce375448325e0bc870e91bbee95947a002eb98dcfd6c2b053e18843e9?s=96&d=mm&r=g","url":"https:\/\/secure.gravatar.com\/avatar\/df15c36ce375448325e0bc870e91bbee95947a002eb98dcfd6c2b053e18843e9?s=96&d=mm&r=g","contentUrl":"https:\/\/secure.gravatar.com\/avatar\/df15c36ce375448325e0bc870e91bbee95947a002eb98dcfd6c2b053e18843e9?s=96&d=mm&r=g","caption":"admin"},"description":"Xornal galego de informaci\u00f3n xeral Publicaci\u00f3n mensual de novas de Galicia e en especial dos Concellos da sur da provincia de Pontevedra.","sameAs":["http:\/\/www.anovapeneira.gal\/","https:\/\/www.facebook.com\/anovapeneira\/"],"url":"https:\/\/www.anovapeneira.gal\/index.php\/author\/admin\/"}]}},"jetpack_featured_media_url":"https:\/\/www.anovapeneira.gal\/wp-content\/uploads\/2025\/03\/Centro_Sociocomunitario_Chapela.jpg","_links":{"self":[{"href":"https:\/\/www.anovapeneira.gal\/index.php\/wp-json\/wp\/v2\/posts\/13463","targetHints":{"allow":["GET"]}}],"collection":[{"href":"https:\/\/www.anovapeneira.gal\/index.php\/wp-json\/wp\/v2\/posts"}],"about":[{"href":"https:\/\/www.anovapeneira.gal\/index.php\/wp-json\/wp\/v2\/types\/post"}],"author":[{"embeddable":true,"href":"https:\/\/www.anovapeneira.gal\/index.php\/wp-json\/wp\/v2\/users\/1"}],"replies":[{"embeddable":true,"href":"https:\/\/www.anovapeneira.gal\/index.php\/wp-json\/wp\/v2\/comments?post=13463"}],"version-history":[{"count":1,"href":"https:\/\/www.anovapeneira.gal\/index.php\/wp-json\/wp\/v2\/posts\/13463\/revisions"}],"predecessor-version":[{"id":13466,"href":"https:\/\/www.anovapeneira.gal\/index.php\/wp-json\/wp\/v2\/posts\/13463\/revisions\/13466"}],"wp:featuredmedia":[{"embeddable":true,"href":"https:\/\/www.anovapeneira.gal\/index.php\/wp-json\/wp\/v2\/media\/13465"}],"wp:attachment":[{"href":"https:\/\/www.anovapeneira.gal\/index.php\/wp-json\/wp\/v2\/media?parent=13463"}],"wp:term":[{"taxonomy":"category","embeddable":true,"href":"https:\/\/www.anovapeneira.gal\/index.php\/wp-json\/wp\/v2\/categories?post=13463"},{"taxonomy":"post_tag","embeddable":true,"href":"https:\/\/www.anovapeneira.gal\/index.php\/wp-json\/wp\/v2\/tags?post=13463"}],"curies":[{"name":"wp","href":"https:\/\/api.w.org\/{rel}","templated":true}]}}