{"id":13470,"date":"2025-03-10T12:00:29","date_gmt":"2025-03-10T11:00:29","guid":{"rendered":"https:\/\/www.anovapeneira.gal\/?p=13470"},"modified":"2025-03-07T13:41:48","modified_gmt":"2025-03-07T12:41:48","slug":"anselmo-taboas-concelleiro-do-psoe-en-pazos-de-borben","status":"publish","type":"post","link":"https:\/\/www.anovapeneira.gal\/index.php\/2025\/03\/10\/anselmo-taboas-concelleiro-do-psoe-en-pazos-de-borben\/","title":{"rendered":"Anselmo T\u00e1boas, concelleiro do PSOE en Pazos de Borb\u00e9n"},"content":{"rendered":"\n<pre class=\"wp-block-verse\"><strong>Tino Lago<\/strong><\/pre>\n\n\n\n<p><strong>Despois do hist\u00f3rico, e moi necesario, cambio de goberno en Pazos de Borb\u00e9n nas elecci\u00f3ns do ano 2023, Luciano Otero acced\u00eda \u00e1 alcald\u00eda deste concello nun goberno en minor\u00eda, pois ten 4 de 11 concelleiros. Non houbo acordo para integrar ao concelleiro do BNG nin ao do PSOE, e chegando \u00e1 metade do mandato o goberno vai zafando como pode, nunha situaci\u00f3n aritm\u00e9tica complicada,e con bastantes m\u00e1is tensi\u00f3ns das que ser\u00edan desexables coas outras d\u00faas forzas de esquerda da corporaci\u00f3n municipal. N\u00f3s conversamos con Anselmo, o concelleiro socialista. El \u00e9 un veci\u00f1o de Nespereira, que leva pouco tempo na pol\u00edtica activa e que se confesa moi ilusionado con esta etapa na s\u00faa vida, convencido de que Pazos si necesitaba un cambio pero decepcionado polo tipo de goberno que, ao seu xu\u00edzo, est\u00e1 a desenvolver AV. Antes de deixarlles co contido da nosa conversa quixera expresar unha opini\u00f3n persoal referente ao titular da entrevista:Se foi as\u00ed, tal como Anselmo o manifesta, e non te\u00f1o ning\u00fan motivo para dubidar das s\u00faas palabras, \u00e9 unha proba manifesta da necesidade de reconducir as relaci\u00f3ns entre AV, BNG e o PSOE porque o PP , por hixiene democr\u00e1tica, non debe de volver gobernar en Pazos de Borb\u00e9n nunca xamais.<\/strong><\/p>\n\n\n\n<h2 class=\"wp-block-heading\">\u201c<strong>O PP, nas negociaci\u00f3ns de investidura, ofreceume a alcald\u00eda de Pazos e un posto de traballo na Deputaci\u00f3n\u201d<\/strong><\/h2>\n\n\n\n<p><strong>Queremos co\u00f1ecerte Anselmo, de onde es ti, a que te dedicas e como chegaches \u00e1 pol\u00edtica?<\/strong><\/p>\n\n\n\n<blockquote class=\"wp-block-quote is-layout-flow wp-block-quote-is-layout-flow\">\n<p>Eu son natural de Nespereira te\u00f1o 46 anos, estou casado e te\u00f1o un fillo de case 20 anos. Traballo nunha empresa de fr\u00edo en Mos e sempre me interesou a pol\u00edtica. Desde moi novo fun simpatizante e votante do PSOE e desde alg\u00fans anos son afiliado tam\u00e9n. Inicialmente afilieime directamente en Ferraz e non formaba parte de ningunha agrupaci\u00f3n en concreto, ata que contactaron comigo os compa\u00f1eiros e compa\u00f1eiras da agrupaci\u00f3n local de Pazos.<\/p>\n<\/blockquote>\n\n\n\n<p><strong>Vaia, es da mesma parroquia dos dous \u00faltimos alcaldes?<\/strong><\/p>\n\n\n\n<blockquote class=\"wp-block-quote is-layout-flow wp-block-quote-is-layout-flow\">\n<p>Pois si, e asemade somos veci\u00f1os,vivimos os tres nunha contorna de arredor de 300 metros.<\/p>\n<\/blockquote>\n\n\n\n<p><strong>Cando es o candidato do PSOE nas elecci\u00f3ns do 23 era a primeira vez para ti? Ou xa ti\u00f1as experiencia previa?<\/strong><\/p>\n\n\n\n<blockquote class=\"wp-block-quote is-layout-flow wp-block-quote-is-layout-flow\">\n<p>Foi a primeira vez para min, nunca antes fora en ningunha lista electoral.<\/p>\n<\/blockquote>\n\n\n\n<p><strong>Como levas a compatibilidade entre a vida familiar, profesional e pol\u00edtica?<\/strong><\/p>\n\n\n\n<blockquote class=\"wp-block-quote is-layout-flow wp-block-quote-is-layout-flow\">\n<p>\u00c9 complicado, realmente dif\u00edcil. Nunca pensei que a pol\u00edtica absorbera tanto tempo, que por outra parte \u00e9 de maneira totalmente altru\u00edsta pois non cobramos nada.<\/p>\n<\/blockquote>\n\n\n\n<p><strong>Ben, cobrar\u00e1s as dietas de asistencia aos plenos?<\/strong><\/p>\n\n\n\n<blockquote class=\"wp-block-quote is-layout-flow wp-block-quote-is-layout-flow\">\n<p>Si, pero d\u00f3oas integramente \u00e1 agrupaci\u00f3n local.<\/p>\n<\/blockquote>\n\n\n\n<p><strong>Integramente?<\/strong><\/p>\n\n\n\n<blockquote class=\"wp-block-quote is-layout-flow wp-block-quote-is-layout-flow\">\n<p>Si.<\/p>\n<\/blockquote>\n\n\n\n<p><strong>A pol\u00edtica era o que esperabas?<\/strong><\/p>\n\n\n\n<blockquote class=\"wp-block-quote is-layout-flow wp-block-quote-is-layout-flow\">\n<p>Ten partes boas e partes malas. Co\u00f1eces xente moi interesante pero tam\u00e9n te sit\u00faa en din\u00e1micas complexas de ter que tomar decisi\u00f3ns que noutros contextos non tomar\u00edas.<\/p>\n<\/blockquote>\n\n\n\n<p><strong>Cando chegas ao Concello o PP levaba un feixe de anos gobernando. Ti cres que Pazos necesitaba nese momento un cambio?<\/strong><\/p>\n\n\n\n<blockquote class=\"wp-block-quote is-layout-flow wp-block-quote-is-layout-flow\">\n<p>Si, sen d\u00fabida que o necesitaba. Levaban moito tempo e asemade non estaban facendo nada, era un PP durmido.<\/p>\n<\/blockquote>\n\n\n\n<p><strong>E polo tanto apoiaches a investidura de Luciano Otero?<\/strong><\/p>\n\n\n\n<blockquote class=\"wp-block-quote is-layout-flow wp-block-quote-is-layout-flow\">\n<p>Si, pensamos que o cambio ser\u00eda para ben pero non o foi.<\/p>\n<\/blockquote>\n\n\n\n<p><strong>Ti\u00f1as d\u00fabidas sobre apoiar a Luciano como alcalde?<\/strong><\/p>\n\n\n\n<blockquote class=\"wp-block-quote is-layout-flow wp-block-quote-is-layout-flow\">\n<p>O que tivemos foi negociaci\u00f3ns tanto co PP como con AV.<\/p>\n<\/blockquote>\n\n\n\n<p><strong>Co PP por que? Dirix\u00edronse eles a ti para que os apoiaras?<\/strong><\/p>\n\n\n\n<blockquote class=\"wp-block-quote is-layout-flow wp-block-quote-is-layout-flow\">\n<p>Si, e fix\u00e9ronme propostas moi interesantes.<\/p>\n<\/blockquote>\n\n\n\n<p><strong>Que propostas?<\/strong><\/p>\n\n\n\n<blockquote class=\"wp-block-quote is-layout-flow wp-block-quote-is-layout-flow\">\n<p>Darme a min a alcald\u00eda e un posto de traballo na Deputaci\u00f3n.<\/p>\n<\/blockquote>\n\n\n\n<p><strong>Vaia, acabas de deixarme estupefacto. Podo publicar iso?<\/strong><\/p>\n\n\n\n<blockquote class=\"wp-block-quote is-layout-flow wp-block-quote-is-layout-flow\">\n<p>Si.<\/p>\n<\/blockquote>\n\n\n\n<p><strong>Quen estaba por parte do PP nesa reuni\u00f3n na que che fan esa oferta? Persoas do PP de Redondela? Do PP provincial?<\/strong><\/p>\n\n\n\n<blockquote class=\"wp-block-quote is-layout-flow wp-block-quote-is-layout-flow\">\n<p>Non, eran persoas do PP de Pazos.<\/p>\n<\/blockquote>\n\n\n\n<p><strong>Ti, evidentemente non aceptaches?<\/strong><\/p>\n\n\n\n<blockquote class=\"wp-block-quote is-layout-flow wp-block-quote-is-layout-flow\">\n<p>Non, non aceptei. Eu estou en pol\u00edtica por principios non por interese persoal.<\/p>\n<\/blockquote>\n\n\n\n<p><strong>Como foron as negociaci\u00f3ns con AV?<\/strong><\/p>\n\n\n\n<blockquote class=\"wp-block-quote is-layout-flow wp-block-quote-is-layout-flow\">\n<p>Non foron nada f\u00e1ciles, de feito non chegamos a ning\u00fan acordo de investidura. D\u00e9moslle o voto afirmativo a cambio de nada porque, como che comentei antes, ti\u00f1amos claro que Pazos precisaba un cambio.<\/p>\n<\/blockquote>\n\n\n\n<p><strong>Non che ofreceron entrar no goberno?<\/strong><\/p>\n\n\n\n<blockquote class=\"wp-block-quote is-layout-flow wp-block-quote-is-layout-flow\">\n<p>Si, pero non aceptamos.<\/p>\n<\/blockquote>\n\n\n\n<p><strong>Por que motivo non aceptastes?<\/strong><\/p>\n\n\n\n<blockquote class=\"wp-block-quote is-layout-flow wp-block-quote-is-layout-flow\">\n<p>As li\u00f1as pol\u00edticas que nos propuxeron non eran do noso agrado. Posiblemente nas metas si que hab\u00eda coincidencias, pero o cami\u00f1o para chegar a esas metas non era o noso.<\/p>\n<\/blockquote>\n\n\n\n<p><strong>Ben, e con case a metade do mandato esgotada como valoras estes dous anos da alcald\u00eda de Luciano Otero?<\/strong><\/p>\n\n\n\n<blockquote class=\"wp-block-quote is-layout-flow wp-block-quote-is-layout-flow\">\n<p>Algo m\u00e1is de traballo faise, \u00e9 verdade, pero Pazos non mellorou absolutamente en nada.<\/p>\n<\/blockquote>\n\n\n\n<p><strong>Pazos non mellorou absolutamente en nada?<\/strong><\/p>\n\n\n\n<blockquote class=\"wp-block-quote is-layout-flow wp-block-quote-is-layout-flow\">\n<p>Non, en nada. Este goberno segue facendo contrataci\u00f3ns a dedo, igual c\u00f3 anterior. Os amigos contratados, son distintos pero se segue contratando a amigos como se fac\u00eda antes. As depuradoras seguen m\u00e1is ou menos igual, as infraestruturas contin\u00faan mal, o transporte contin\u00faa a ser deficiente, non se mellorou nada nin no que respecta ao centro de d\u00eda nin no que se refire \u00e1 garder\u00eda.<\/p>\n<\/blockquote>\n\n\n\n<p><strong>E o pol\u00edgono?<\/strong><\/p>\n\n\n\n<blockquote class=\"wp-block-quote is-layout-flow wp-block-quote-is-layout-flow\">\n<p>Algo avanzou, pero iso xa ven do PP. O alcalde est\u00e1 en minor\u00eda, precisa do noso voto e do voto do BNG, necesita un talante adecuado para crear consensos e chegar a acordos con n\u00f3s. Pero por desgraza non ten ese talante. A proba da s\u00faa evidente falta de talante est\u00e1 en que en todo o ano 24 e no que levamos do 25 s\u00f3 tivemos unha reuni\u00f3n de arredor de 5 minutos.<\/p>\n<\/blockquote>\n\n\n\n<p><strong>De quen \u00e9 a responsabilidade de que a estrada de Nespereira estea a\u00ednda sen ama\u00f1ar?<\/strong><\/p>\n\n\n\n<blockquote class=\"wp-block-quote is-layout-flow wp-block-quote-is-layout-flow\">\n<p>Tanto do alcalde como da Deputaci\u00f3n, a responsabilidade \u00e9 compartida. Os veci\u00f1os est\u00e1n pagando as consecuencias de que ambas administraci\u00f3ns estean enfrontadas.<\/p>\n<\/blockquote>\n\n\n\n<p><strong>Ti tiraches unha nota de prensa, moi dura, na que afirmabas que en todo o que queda de mandato non \u00edas apoiar nada deste goberno. Cal foi o motivo?<\/strong><\/p>\n\n\n\n<blockquote class=\"wp-block-quote is-layout-flow wp-block-quote-is-layout-flow\">\n<p>A finais do ano 23 fixemos un acordo para darlle o noso voto afirmativo nun pleno a un reco\u00f1ecemento extraxudicial de cr\u00e9dito e a un plan de obras. N\u00f3s para apoiar ao goberno exiximos que se mudaran as pol\u00edticas de contrataci\u00f3n. Despois dun ano agardando constatamos que nada cambiou: este goberno, igual c\u00f3 anterior, segue contratando a dedo e segue contratando aos amigos. Un ano esperando, creo que \u00e9 unha marxe de tempo m\u00e1is que razoable, e polo tanto este \u00e9 un goberno que n\u00f3s non podemos apoiar.<\/p>\n<\/blockquote>\n\n\n\n<p><strong>Alg\u00fan exemplo desas supostas contrataci\u00f3ns a dedo?<\/strong><\/p>\n\n\n\n<blockquote class=\"wp-block-quote is-layout-flow wp-block-quote-is-layout-flow\">\n<p>Ten un asesor externo que no ano 2024 facturou 50.000\u20ac ao Concello. A maneira de traballar nun mudou en nada con relaci\u00f3n \u00e1 do anterior alcalde.<\/p>\n<\/blockquote>\n\n\n\n<p><strong>Se a cambiara poder\u00edas reconsiderar o teu criterio de non apoiar nada deste goberno?<\/strong><\/p>\n\n\n\n<blockquote class=\"wp-block-quote is-layout-flow wp-block-quote-is-layout-flow\">\n<p>Non me ofrece confianza.<\/p>\n<\/blockquote>\n\n\n\n<p><strong>Xa, pero se el te chama, s\u00e9ntase contigo e chegades a un consenso tanto nas formas de traballo como nas li\u00f1as pol\u00edticas a seguir, pola t\u00faa banda haber\u00eda posibilidade de reconducir as cousas?<\/strong><\/p>\n\n\n\n<blockquote class=\"wp-block-quote is-layout-flow wp-block-quote-is-layout-flow\">\n<p>Si, pola mi\u00f1a parte totalmente. Non haber\u00eda problema e n\u00f3s botariamos unha man no que fixera falta. Eu estou disposto a cambiar as cousas. Agora ben, ter\u00eda que cumprir o pactado, desde logo.<\/p>\n<\/blockquote>\n\n\n\n<p><strong>Como percibes que a sociedade de Pazos est\u00e1 a valorar o teu traballo?<\/strong><\/p>\n\n\n\n<blockquote class=\"wp-block-quote is-layout-flow wp-block-quote-is-layout-flow\">\n<p>A n\u00f3s c\u00fastanos moito ter visibilidade. Na pol\u00edtica local hai como unha especie de polarizaci\u00f3n, e n\u00f3s en Pazos sempre fomos minoritarios. En calquera caso traballamos con ilusi\u00f3n para que a veci\u00f1anza poida percibir que os socialistas estamos aqu\u00ed para axudar a mellorar as cousas.<\/p>\n<\/blockquote>\n\n\n\n<p><strong>Acabamos Anselmo, como est\u00e1s de de \u00e1nimos e cales son as t\u00faas expectativas pol\u00edticas para o futuro inmediato?<\/strong><\/p>\n\n\n\n<blockquote class=\"wp-block-quote is-layout-flow wp-block-quote-is-layout-flow\">\n<p>De \u00e1nimos estou moi ben, conservo a ilusi\u00f3n intacta. \u00c9 unha honra para min representar aos e \u00e1s socialistas de Pazos no Concello, e seguirei fac\u00e9ndoo o mellor que poida e saiba para tratar de axudar ao conxunto da veci\u00f1anza de Pazos.<\/p>\n<\/blockquote>\n\n\n\n<blockquote class=\"wp-block-quote is-layout-flow wp-block-quote-is-layout-flow\">\n<p>Para o futuro quero que a agrupaci\u00f3n local creza.Ter un PSOE forte e solvente en Pazos \u00e9 a mellor maneira de enfrontarse con \u00e9xito aos problemas e necesidades do noso pobo. E eu, se os meus compa\u00f1eiros e compa\u00f1eiras o estiman oportuno, te\u00f1o a intenci\u00f3n de repetir no 27 como candidato socialista \u00e1 alcald\u00eda do noso Concello.<\/p>\n<\/blockquote>\n","protected":false},"excerpt":{"rendered":"<div class=\"mh-excerpt\"><p>Tino Lago Despois do hist\u00f3rico, e moi necesario, cambio de goberno en Pazos de Borb\u00e9n nas elecci\u00f3ns do ano 2023, Luciano Otero acced\u00eda \u00e1 alcald\u00eda deste concello nun goberno en minor\u00eda, pois ten 4 de <a class=\"mh-excerpt-more\" href=\"https:\/\/www.anovapeneira.gal\/index.php\/2025\/03\/10\/anselmo-taboas-concelleiro-do-psoe-en-pazos-de-borben\/\" title=\"Anselmo T\u00e1boas, concelleiro do PSOE en Pazos de Borb\u00e9n\">[&#8230;]<\/a><\/p>\n<\/div>","protected":false},"author":2,"featured_media":13471,"comment_status":"open","ping_status":"open","sticky":false,"template":"","format":"standard","meta":{"_exactmetrics_skip_tracking":false,"_exactmetrics_sitenote_active":false,"_exactmetrics_sitenote_note":"","_exactmetrics_sitenote_category":0,"footnotes":""},"categories":[270],"tags":[1389],"class_list":{"0":"post-13470","1":"post","2":"type-post","3":"status-publish","4":"format-standard","5":"has-post-thumbnail","7":"category-redondela-entrevistas","8":"tag-concellon-de-pazos-de-borben"},"yoast_head":"<!-- This site is optimized with the Yoast SEO plugin v27.4 - https:\/\/yoast.com\/product\/yoast-seo-wordpress\/ -->\n<title>Anselmo T\u00e1boas, concelleiro do PSOE en Pazos de Borb\u00e9n -<\/title>\n<meta name=\"robots\" content=\"index, follow, max-snippet:-1, max-image-preview:large, max-video-preview:-1\" \/>\n<link rel=\"canonical\" href=\"https:\/\/www.anovapeneira.gal\/index.php\/2025\/03\/10\/anselmo-taboas-concelleiro-do-psoe-en-pazos-de-borben\/\" \/>\n<meta property=\"og:locale\" content=\"gl_ES\" \/>\n<meta property=\"og:type\" content=\"article\" \/>\n<meta property=\"og:title\" content=\"Anselmo T\u00e1boas, concelleiro do PSOE en Pazos de Borb\u00e9n -\" \/>\n<meta property=\"og:description\" content=\"Tino Lago Despois do hist\u00f3rico, e moi necesario, cambio de goberno en Pazos de Borb\u00e9n nas elecci\u00f3ns do ano 2023, Luciano Otero acced\u00eda \u00e1 alcald\u00eda deste concello nun goberno en minor\u00eda, pois ten 4 de [...]\" \/>\n<meta property=\"og:url\" content=\"https:\/\/www.anovapeneira.gal\/index.php\/2025\/03\/10\/anselmo-taboas-concelleiro-do-psoe-en-pazos-de-borben\/\" \/>\n<meta property=\"article:publisher\" content=\"https:\/\/www.facebook.com\/anovapeneira\" \/>\n<meta property=\"article:published_time\" content=\"2025-03-10T11:00:29+00:00\" \/>\n<meta property=\"og:image\" content=\"https:\/\/www.anovapeneira.gal\/wp-content\/uploads\/2025\/03\/anselmo_taboas.jpg\" \/>\n\t<meta property=\"og:image:width\" content=\"720\" \/>\n\t<meta property=\"og:image:height\" content=\"432\" \/>\n\t<meta property=\"og:image:type\" content=\"image\/jpeg\" \/>\n<meta name=\"author\" content=\"Tino Lago\" \/>\n<meta name=\"twitter:card\" content=\"summary_large_image\" \/>\n<meta name=\"twitter:creator\" content=\"@APeneira\" \/>\n<meta name=\"twitter:site\" content=\"@APeneira\" \/>\n<meta name=\"twitter:label1\" content=\"Escrito por\" \/>\n\t<meta name=\"twitter:data1\" content=\"Tino Lago\" \/>\n\t<meta name=\"twitter:label2\" content=\"Tempo de lectura\" \/>\n\t<meta name=\"twitter:data2\" content=\"4 minutos\" \/>\n<script type=\"application\/ld+json\" class=\"yoast-schema-graph\">{\"@context\":\"https:\\\/\\\/schema.org\",\"@graph\":[{\"@type\":\"Article\",\"@id\":\"https:\\\/\\\/www.anovapeneira.gal\\\/index.php\\\/2025\\\/03\\\/10\\\/anselmo-taboas-concelleiro-do-psoe-en-pazos-de-borben\\\/#article\",\"isPartOf\":{\"@id\":\"https:\\\/\\\/www.anovapeneira.gal\\\/index.php\\\/2025\\\/03\\\/10\\\/anselmo-taboas-concelleiro-do-psoe-en-pazos-de-borben\\\/\"},\"author\":{\"name\":\"Tino Lago\",\"@id\":\"https:\\\/\\\/www.anovapeneira.gal\\\/#\\\/schema\\\/person\\\/424dfe65e3070fd8a44d22d2c088762a\"},\"headline\":\"Anselmo T\u00e1boas, concelleiro do PSOE en Pazos de Borb\u00e9n\",\"datePublished\":\"2025-03-10T11:00:29+00:00\",\"mainEntityOfPage\":{\"@id\":\"https:\\\/\\\/www.anovapeneira.gal\\\/index.php\\\/2025\\\/03\\\/10\\\/anselmo-taboas-concelleiro-do-psoe-en-pazos-de-borben\\\/\"},\"wordCount\":1450,\"commentCount\":0,\"publisher\":{\"@id\":\"https:\\\/\\\/www.anovapeneira.gal\\\/#organization\"},\"image\":{\"@id\":\"https:\\\/\\\/www.anovapeneira.gal\\\/index.php\\\/2025\\\/03\\\/10\\\/anselmo-taboas-concelleiro-do-psoe-en-pazos-de-borben\\\/#primaryimage\"},\"thumbnailUrl\":\"https:\\\/\\\/www.anovapeneira.gal\\\/wp-content\\\/uploads\\\/2025\\\/03\\\/anselmo_taboas.jpg\",\"keywords\":[\"Concellon de Pazos de Borb\u00e9n\"],\"articleSection\":[\"Redondela\"],\"inLanguage\":\"gl-ES\",\"potentialAction\":[{\"@type\":\"CommentAction\",\"name\":\"Comment\",\"target\":[\"https:\\\/\\\/www.anovapeneira.gal\\\/index.php\\\/2025\\\/03\\\/10\\\/anselmo-taboas-concelleiro-do-psoe-en-pazos-de-borben\\\/#respond\"]}]},{\"@type\":\"WebPage\",\"@id\":\"https:\\\/\\\/www.anovapeneira.gal\\\/index.php\\\/2025\\\/03\\\/10\\\/anselmo-taboas-concelleiro-do-psoe-en-pazos-de-borben\\\/\",\"url\":\"https:\\\/\\\/www.anovapeneira.gal\\\/index.php\\\/2025\\\/03\\\/10\\\/anselmo-taboas-concelleiro-do-psoe-en-pazos-de-borben\\\/\",\"name\":\"Anselmo T\u00e1boas, concelleiro do PSOE en Pazos de Borb\u00e9n -\",\"isPartOf\":{\"@id\":\"https:\\\/\\\/www.anovapeneira.gal\\\/#website\"},\"primaryImageOfPage\":{\"@id\":\"https:\\\/\\\/www.anovapeneira.gal\\\/index.php\\\/2025\\\/03\\\/10\\\/anselmo-taboas-concelleiro-do-psoe-en-pazos-de-borben\\\/#primaryimage\"},\"image\":{\"@id\":\"https:\\\/\\\/www.anovapeneira.gal\\\/index.php\\\/2025\\\/03\\\/10\\\/anselmo-taboas-concelleiro-do-psoe-en-pazos-de-borben\\\/#primaryimage\"},\"thumbnailUrl\":\"https:\\\/\\\/www.anovapeneira.gal\\\/wp-content\\\/uploads\\\/2025\\\/03\\\/anselmo_taboas.jpg\",\"datePublished\":\"2025-03-10T11:00:29+00:00\",\"breadcrumb\":{\"@id\":\"https:\\\/\\\/www.anovapeneira.gal\\\/index.php\\\/2025\\\/03\\\/10\\\/anselmo-taboas-concelleiro-do-psoe-en-pazos-de-borben\\\/#breadcrumb\"},\"inLanguage\":\"gl-ES\",\"potentialAction\":[{\"@type\":\"ReadAction\",\"target\":[\"https:\\\/\\\/www.anovapeneira.gal\\\/index.php\\\/2025\\\/03\\\/10\\\/anselmo-taboas-concelleiro-do-psoe-en-pazos-de-borben\\\/\"]}]},{\"@type\":\"ImageObject\",\"inLanguage\":\"gl-ES\",\"@id\":\"https:\\\/\\\/www.anovapeneira.gal\\\/index.php\\\/2025\\\/03\\\/10\\\/anselmo-taboas-concelleiro-do-psoe-en-pazos-de-borben\\\/#primaryimage\",\"url\":\"https:\\\/\\\/www.anovapeneira.gal\\\/wp-content\\\/uploads\\\/2025\\\/03\\\/anselmo_taboas.jpg\",\"contentUrl\":\"https:\\\/\\\/www.anovapeneira.gal\\\/wp-content\\\/uploads\\\/2025\\\/03\\\/anselmo_taboas.jpg\",\"width\":720,\"height\":432,\"caption\":\"Anselmo T\u00e1boas, concelleiro do PSOE en Pazos de Borb\u00e9n\"},{\"@type\":\"BreadcrumbList\",\"@id\":\"https:\\\/\\\/www.anovapeneira.gal\\\/index.php\\\/2025\\\/03\\\/10\\\/anselmo-taboas-concelleiro-do-psoe-en-pazos-de-borben\\\/#breadcrumb\",\"itemListElement\":[{\"@type\":\"ListItem\",\"position\":1,\"name\":\"Portada\",\"item\":\"https:\\\/\\\/www.anovapeneira.gal\\\/\"},{\"@type\":\"ListItem\",\"position\":2,\"name\":\"Anselmo T\u00e1boas, concelleiro do PSOE en Pazos de Borb\u00e9n\"}]},{\"@type\":\"WebSite\",\"@id\":\"https:\\\/\\\/www.anovapeneira.gal\\\/#website\",\"url\":\"https:\\\/\\\/www.anovapeneira.gal\\\/\",\"name\":\"\",\"description\":\"Xornal galego de informaci\u00f3n xeral Publicaci\u00f3n mensual de novas de Galicia e en especial dos Concellos da sur da provincia de Pontevedra.\",\"publisher\":{\"@id\":\"https:\\\/\\\/www.anovapeneira.gal\\\/#organization\"},\"potentialAction\":[{\"@type\":\"SearchAction\",\"target\":{\"@type\":\"EntryPoint\",\"urlTemplate\":\"https:\\\/\\\/www.anovapeneira.gal\\\/?s={search_term_string}\"},\"query-input\":{\"@type\":\"PropertyValueSpecification\",\"valueRequired\":true,\"valueName\":\"search_term_string\"}}],\"inLanguage\":\"gl-ES\"},{\"@type\":\"Organization\",\"@id\":\"https:\\\/\\\/www.anovapeneira.gal\\\/#organization\",\"name\":\"A Nova Peneira\",\"url\":\"https:\\\/\\\/www.anovapeneira.gal\\\/\",\"logo\":{\"@type\":\"ImageObject\",\"inLanguage\":\"gl-ES\",\"@id\":\"https:\\\/\\\/www.anovapeneira.gal\\\/#\\\/schema\\\/logo\\\/image\\\/\",\"url\":\"http:\\\/\\\/www.anovapeneira.gal\\\/wp-content\\\/uploads\\\/2019\\\/06\\\/logo_a_nova_peneira_portal_web.png\",\"contentUrl\":\"http:\\\/\\\/www.anovapeneira.gal\\\/wp-content\\\/uploads\\\/2019\\\/06\\\/logo_a_nova_peneira_portal_web.png\",\"width\":300,\"height\":100,\"caption\":\"A Nova Peneira\"},\"image\":{\"@id\":\"https:\\\/\\\/www.anovapeneira.gal\\\/#\\\/schema\\\/logo\\\/image\\\/\"},\"sameAs\":[\"https:\\\/\\\/www.facebook.com\\\/anovapeneira\",\"https:\\\/\\\/x.com\\\/APeneira\"]},{\"@type\":\"Person\",\"@id\":\"https:\\\/\\\/www.anovapeneira.gal\\\/#\\\/schema\\\/person\\\/424dfe65e3070fd8a44d22d2c088762a\",\"name\":\"Tino Lago\",\"image\":{\"@type\":\"ImageObject\",\"inLanguage\":\"gl-ES\",\"@id\":\"https:\\\/\\\/secure.gravatar.com\\\/avatar\\\/b3df6a06e44bab3111583b90f0f33a0379ee5e3d22cbadd232d39f21c30c62be?s=96&d=mm&r=g\",\"url\":\"https:\\\/\\\/secure.gravatar.com\\\/avatar\\\/b3df6a06e44bab3111583b90f0f33a0379ee5e3d22cbadd232d39f21c30c62be?s=96&d=mm&r=g\",\"contentUrl\":\"https:\\\/\\\/secure.gravatar.com\\\/avatar\\\/b3df6a06e44bab3111583b90f0f33a0379ee5e3d22cbadd232d39f21c30c62be?s=96&d=mm&r=g\",\"caption\":\"Tino Lago\"},\"sameAs\":[\"http:\\\/\\\/www.anovapeneira.gal\"],\"url\":\"https:\\\/\\\/www.anovapeneira.gal\\\/index.php\\\/author\\\/director\\\/\"}]}<\/script>\n<!-- \/ Yoast SEO plugin. -->","yoast_head_json":{"title":"Anselmo T\u00e1boas, concelleiro do PSOE en Pazos de Borb\u00e9n -","robots":{"index":"index","follow":"follow","max-snippet":"max-snippet:-1","max-image-preview":"max-image-preview:large","max-video-preview":"max-video-preview:-1"},"canonical":"https:\/\/www.anovapeneira.gal\/index.php\/2025\/03\/10\/anselmo-taboas-concelleiro-do-psoe-en-pazos-de-borben\/","og_locale":"gl_ES","og_type":"article","og_title":"Anselmo T\u00e1boas, concelleiro do PSOE en Pazos de Borb\u00e9n -","og_description":"Tino Lago Despois do hist\u00f3rico, e moi necesario, cambio de goberno en Pazos de Borb\u00e9n nas elecci\u00f3ns do ano 2023, Luciano Otero acced\u00eda \u00e1 alcald\u00eda deste concello nun goberno en minor\u00eda, pois ten 4 de [...]","og_url":"https:\/\/www.anovapeneira.gal\/index.php\/2025\/03\/10\/anselmo-taboas-concelleiro-do-psoe-en-pazos-de-borben\/","article_publisher":"https:\/\/www.facebook.com\/anovapeneira","article_published_time":"2025-03-10T11:00:29+00:00","og_image":[{"width":720,"height":432,"url":"https:\/\/www.anovapeneira.gal\/wp-content\/uploads\/2025\/03\/anselmo_taboas.jpg","type":"image\/jpeg"}],"author":"Tino Lago","twitter_card":"summary_large_image","twitter_creator":"@APeneira","twitter_site":"@APeneira","twitter_misc":{"Escrito por":"Tino Lago","Tempo de lectura":"4 minutos"},"schema":{"@context":"https:\/\/schema.org","@graph":[{"@type":"Article","@id":"https:\/\/www.anovapeneira.gal\/index.php\/2025\/03\/10\/anselmo-taboas-concelleiro-do-psoe-en-pazos-de-borben\/#article","isPartOf":{"@id":"https:\/\/www.anovapeneira.gal\/index.php\/2025\/03\/10\/anselmo-taboas-concelleiro-do-psoe-en-pazos-de-borben\/"},"author":{"name":"Tino Lago","@id":"https:\/\/www.anovapeneira.gal\/#\/schema\/person\/424dfe65e3070fd8a44d22d2c088762a"},"headline":"Anselmo T\u00e1boas, concelleiro do PSOE en Pazos de Borb\u00e9n","datePublished":"2025-03-10T11:00:29+00:00","mainEntityOfPage":{"@id":"https:\/\/www.anovapeneira.gal\/index.php\/2025\/03\/10\/anselmo-taboas-concelleiro-do-psoe-en-pazos-de-borben\/"},"wordCount":1450,"commentCount":0,"publisher":{"@id":"https:\/\/www.anovapeneira.gal\/#organization"},"image":{"@id":"https:\/\/www.anovapeneira.gal\/index.php\/2025\/03\/10\/anselmo-taboas-concelleiro-do-psoe-en-pazos-de-borben\/#primaryimage"},"thumbnailUrl":"https:\/\/www.anovapeneira.gal\/wp-content\/uploads\/2025\/03\/anselmo_taboas.jpg","keywords":["Concellon de Pazos de Borb\u00e9n"],"articleSection":["Redondela"],"inLanguage":"gl-ES","potentialAction":[{"@type":"CommentAction","name":"Comment","target":["https:\/\/www.anovapeneira.gal\/index.php\/2025\/03\/10\/anselmo-taboas-concelleiro-do-psoe-en-pazos-de-borben\/#respond"]}]},{"@type":"WebPage","@id":"https:\/\/www.anovapeneira.gal\/index.php\/2025\/03\/10\/anselmo-taboas-concelleiro-do-psoe-en-pazos-de-borben\/","url":"https:\/\/www.anovapeneira.gal\/index.php\/2025\/03\/10\/anselmo-taboas-concelleiro-do-psoe-en-pazos-de-borben\/","name":"Anselmo T\u00e1boas, concelleiro do PSOE en Pazos de Borb\u00e9n -","isPartOf":{"@id":"https:\/\/www.anovapeneira.gal\/#website"},"primaryImageOfPage":{"@id":"https:\/\/www.anovapeneira.gal\/index.php\/2025\/03\/10\/anselmo-taboas-concelleiro-do-psoe-en-pazos-de-borben\/#primaryimage"},"image":{"@id":"https:\/\/www.anovapeneira.gal\/index.php\/2025\/03\/10\/anselmo-taboas-concelleiro-do-psoe-en-pazos-de-borben\/#primaryimage"},"thumbnailUrl":"https:\/\/www.anovapeneira.gal\/wp-content\/uploads\/2025\/03\/anselmo_taboas.jpg","datePublished":"2025-03-10T11:00:29+00:00","breadcrumb":{"@id":"https:\/\/www.anovapeneira.gal\/index.php\/2025\/03\/10\/anselmo-taboas-concelleiro-do-psoe-en-pazos-de-borben\/#breadcrumb"},"inLanguage":"gl-ES","potentialAction":[{"@type":"ReadAction","target":["https:\/\/www.anovapeneira.gal\/index.php\/2025\/03\/10\/anselmo-taboas-concelleiro-do-psoe-en-pazos-de-borben\/"]}]},{"@type":"ImageObject","inLanguage":"gl-ES","@id":"https:\/\/www.anovapeneira.gal\/index.php\/2025\/03\/10\/anselmo-taboas-concelleiro-do-psoe-en-pazos-de-borben\/#primaryimage","url":"https:\/\/www.anovapeneira.gal\/wp-content\/uploads\/2025\/03\/anselmo_taboas.jpg","contentUrl":"https:\/\/www.anovapeneira.gal\/wp-content\/uploads\/2025\/03\/anselmo_taboas.jpg","width":720,"height":432,"caption":"Anselmo T\u00e1boas, concelleiro do PSOE en Pazos de Borb\u00e9n"},{"@type":"BreadcrumbList","@id":"https:\/\/www.anovapeneira.gal\/index.php\/2025\/03\/10\/anselmo-taboas-concelleiro-do-psoe-en-pazos-de-borben\/#breadcrumb","itemListElement":[{"@type":"ListItem","position":1,"name":"Portada","item":"https:\/\/www.anovapeneira.gal\/"},{"@type":"ListItem","position":2,"name":"Anselmo T\u00e1boas, concelleiro do PSOE en Pazos de Borb\u00e9n"}]},{"@type":"WebSite","@id":"https:\/\/www.anovapeneira.gal\/#website","url":"https:\/\/www.anovapeneira.gal\/","name":"","description":"Xornal galego de informaci\u00f3n xeral Publicaci\u00f3n mensual de novas de Galicia e en especial dos Concellos da sur da provincia de Pontevedra.","publisher":{"@id":"https:\/\/www.anovapeneira.gal\/#organization"},"potentialAction":[{"@type":"SearchAction","target":{"@type":"EntryPoint","urlTemplate":"https:\/\/www.anovapeneira.gal\/?s={search_term_string}"},"query-input":{"@type":"PropertyValueSpecification","valueRequired":true,"valueName":"search_term_string"}}],"inLanguage":"gl-ES"},{"@type":"Organization","@id":"https:\/\/www.anovapeneira.gal\/#organization","name":"A Nova Peneira","url":"https:\/\/www.anovapeneira.gal\/","logo":{"@type":"ImageObject","inLanguage":"gl-ES","@id":"https:\/\/www.anovapeneira.gal\/#\/schema\/logo\/image\/","url":"http:\/\/www.anovapeneira.gal\/wp-content\/uploads\/2019\/06\/logo_a_nova_peneira_portal_web.png","contentUrl":"http:\/\/www.anovapeneira.gal\/wp-content\/uploads\/2019\/06\/logo_a_nova_peneira_portal_web.png","width":300,"height":100,"caption":"A Nova Peneira"},"image":{"@id":"https:\/\/www.anovapeneira.gal\/#\/schema\/logo\/image\/"},"sameAs":["https:\/\/www.facebook.com\/anovapeneira","https:\/\/x.com\/APeneira"]},{"@type":"Person","@id":"https:\/\/www.anovapeneira.gal\/#\/schema\/person\/424dfe65e3070fd8a44d22d2c088762a","name":"Tino Lago","image":{"@type":"ImageObject","inLanguage":"gl-ES","@id":"https:\/\/secure.gravatar.com\/avatar\/b3df6a06e44bab3111583b90f0f33a0379ee5e3d22cbadd232d39f21c30c62be?s=96&d=mm&r=g","url":"https:\/\/secure.gravatar.com\/avatar\/b3df6a06e44bab3111583b90f0f33a0379ee5e3d22cbadd232d39f21c30c62be?s=96&d=mm&r=g","contentUrl":"https:\/\/secure.gravatar.com\/avatar\/b3df6a06e44bab3111583b90f0f33a0379ee5e3d22cbadd232d39f21c30c62be?s=96&d=mm&r=g","caption":"Tino Lago"},"sameAs":["http:\/\/www.anovapeneira.gal"],"url":"https:\/\/www.anovapeneira.gal\/index.php\/author\/director\/"}]}},"jetpack_featured_media_url":"https:\/\/www.anovapeneira.gal\/wp-content\/uploads\/2025\/03\/anselmo_taboas.jpg","_links":{"self":[{"href":"https:\/\/www.anovapeneira.gal\/index.php\/wp-json\/wp\/v2\/posts\/13470","targetHints":{"allow":["GET"]}}],"collection":[{"href":"https:\/\/www.anovapeneira.gal\/index.php\/wp-json\/wp\/v2\/posts"}],"about":[{"href":"https:\/\/www.anovapeneira.gal\/index.php\/wp-json\/wp\/v2\/types\/post"}],"author":[{"embeddable":true,"href":"https:\/\/www.anovapeneira.gal\/index.php\/wp-json\/wp\/v2\/users\/2"}],"replies":[{"embeddable":true,"href":"https:\/\/www.anovapeneira.gal\/index.php\/wp-json\/wp\/v2\/comments?post=13470"}],"version-history":[{"count":1,"href":"https:\/\/www.anovapeneira.gal\/index.php\/wp-json\/wp\/v2\/posts\/13470\/revisions"}],"predecessor-version":[{"id":13472,"href":"https:\/\/www.anovapeneira.gal\/index.php\/wp-json\/wp\/v2\/posts\/13470\/revisions\/13472"}],"wp:featuredmedia":[{"embeddable":true,"href":"https:\/\/www.anovapeneira.gal\/index.php\/wp-json\/wp\/v2\/media\/13471"}],"wp:attachment":[{"href":"https:\/\/www.anovapeneira.gal\/index.php\/wp-json\/wp\/v2\/media?parent=13470"}],"wp:term":[{"taxonomy":"category","embeddable":true,"href":"https:\/\/www.anovapeneira.gal\/index.php\/wp-json\/wp\/v2\/categories?post=13470"},{"taxonomy":"post_tag","embeddable":true,"href":"https:\/\/www.anovapeneira.gal\/index.php\/wp-json\/wp\/v2\/tags?post=13470"}],"curies":[{"name":"wp","href":"https:\/\/api.w.org\/{rel}","templated":true}]}}