{"id":13474,"date":"2025-03-11T10:00:15","date_gmt":"2025-03-11T09:00:15","guid":{"rendered":"https:\/\/www.anovapeneira.gal\/?p=13474"},"modified":"2025-03-10T11:22:50","modified_gmt":"2025-03-10T10:22:50","slug":"a-union-europea-quere-a-guerra","status":"publish","type":"post","link":"https:\/\/www.anovapeneira.gal\/index.php\/2025\/03\/11\/a-union-europea-quere-a-guerra\/","title":{"rendered":"A Uni\u00f3n Europea quere a guerra"},"content":{"rendered":"\n<figure class=\"wp-block-image size-full is-resized\"><img loading=\"lazy\" decoding=\"async\" width=\"190\" height=\"222\" src=\"https:\/\/www.anovapeneira.gal\/wp-content\/uploads\/2019\/07\/pedro_cortegoso_opinion_a_nova_peneira_bn.jpg\" alt=\"Pedro M. Cortegoso Gago Artigo Opini\u00f3n A Nova Peneira\" class=\"wp-image-464\" style=\"width:85px;height:auto\"\/><figcaption class=\"wp-element-caption\">Pedro M. Cortegoso Gago\nTraballador do Sergas<\/figcaption><\/figure>\n\n\n\n<p>Foi o \u201cesquerdista\u201d Obama, \u00e9 dicir EEUU, quen comezou a guerra na Ucra\u00edna en 2014 organizando un golpe de estado para po\u00f1er un goberno servil aos seus intereses. Unha operaci\u00f3n onde empregaron grupos nazis como forza de choque para amedrentar \u00e1 poboaci\u00f3n. Comezaba as\u00ed a guerra interposta da OTAN contra Rusia, verdadeiro obxectivo deste conflito.<\/p>\n\n\n\n<p>Os que se resistiron foron masacrados, encadeados, ilegalizados, e a poboaci\u00f3n do Donbass foi bombardeada polo exercito e as milicias nazis ucra\u00ednas. Un goberno afoutado co apoio un\u00e1nime das \u201cdemocracias occidentais\u201d lanzouse \u00e1 eliminaci\u00f3n f\u00edsica dos rusos no su pa\u00eds. As 14.000 v\u00edtimas, maioritariamente civ\u00eds, provocadas por estes nazis non tiveron cabida nos medios de comunicaci\u00f3n do occidente \u201ccivilizado\u201d.<\/p>\n\n\n\n<p>O intento de soluci\u00f3n mediante os acordos de Minsk foi un engano, como reco\u00f1eceu Angela Merkell, para seguir rearmando Ucra\u00edna coa finalidade de darlle o golpe final \u00e1 resistencia no Donbass e poder ir m\u00e1is al\u00e1.<\/p>\n\n\n\n<p>O 24 de febreiro de 2022 Rusia iniciaba a s\u00faa Operaci\u00f3n Militar Especial. \u00c9 evidente que non foi unha decisi\u00f3n improvisada, o goberno ruso preparouse a conciencia para iniciar unha guerra contra os pa\u00edses da OTAN, tanto militar como economicamente. A s\u00faa econom\u00eda de guerra est\u00e1 resistindo moi ben, substitu\u00edndo o mercado da UE por outros pa\u00edses como China ou India, parceiros de Rusia nos BRICS.<\/p>\n\n\n\n<p>A esta guerra sum\u00e1ronse con entusiasmo a maior\u00eda dos pa\u00edses da UE, Inglaterra e Noruega, obedecendo as ordes do amo estadounidense. Como eses chulos que se ven amparados polo mat\u00f3n que vai detr\u00e1s deles no patio do colexio, lanz\u00e1ronse a impo\u00f1er sanci\u00f3ns econ\u00f3micas, enviar armas e a financiar a guerra do goberno nazi de Kiev.<\/p>\n\n\n\n<p><strong>Rusia ga\u00f1ou a guerra.<\/strong><\/p>\n\n\n\n<p>Por\u00e9n, a vida da moitas voltas e despois de anos de guerra o mat\u00f3n estadounidense quedou sen folgos, os ucra\u00ednos sen exercito, os arsenais sen tanques e avi\u00f3ns.<\/p>\n\n\n\n<p>EEUU non ten a capacidade militar nin econ\u00f3mica para manter unha guerra de desgaste como a que est\u00e1 a levar adiante Rusia, e moito menos os pa\u00edses da UE que te\u00f1en ex\u00e9rcitos de xoguete.<\/p>\n\n\n\n<p>Rusia deixou que o exercito ucra\u00edno se fose desgastando, que os pa\u00edses occidentais foran reducindo o seus arsenais e as sanci\u00f3ns econ\u00f3micas tiveron un efecto b\u00famerang para os pa\u00edses da UE.<\/p>\n\n\n\n<p>Trump \u00e9 un fachendoso millonario cun discurso fascista, pero representa a unha parte do capital estadounidense que quere evitar a bancarrota dun pa\u00eds sobre-endebedado e que ten que importar moito m\u00e1is do que produce. A guerra \u00e9 un pozo sen fondo para EEUU, e saben que non a poden ga\u00f1ar.<\/p>\n\n\n\n<p>O espect\u00e1culo en directo con Zelensky e os desplantes \u00e1 UE son unha posta en escena para deixarlle claro \u00e1 UE que ten que asumir en solitario o custe da guerra ucra\u00edna. Ante o fracaso da estratexia de acoso e derribo de Rusia o mat\u00f3n deixa sos aos seus lacaios europeos que seguen apostando pola guerra. Non o fai por bondade, faino coa finalidade de prepararse para a pr\u00f3xima guerra que ter\u00e1 como obxectivo China, o verdadeiro inimigo dos EEUU, deixando en mans dos europeos o acoso a Rusia.<\/p>\n\n\n\n<p><strong>Temos uns psic\u00f3patas dirixindo a Uni\u00f3n Europea e a maior\u00eda dos gobernos dos estados membros?<\/strong><\/p>\n\n\n\n<p>Estamos dirixidos por xente sen escr\u00fapulos ao servizo dun capitalismo salvaxe que pode levarnos a unha nova guerra mundial onde non haber\u00e1 ga\u00f1adores. Rusia \u00e9 unha potencia nuclear que ten a capacidades militares moi superiores. \u00c9 evidente que non pode ser derrotada militarmente, e prolongar esta guerra s\u00f3 responden aos intereses econ\u00f3micos.<\/p>\n\n\n\n<p>Como se explica que Von der Layen presenta un paquete de \u201cdefensa\u201d de 800.000 mill\u00f3ns de euros para continuar a guerra. De onde van sa\u00edr todos eses cartos? De onde vai sacar Pedro S\u00e1nchez, o presidente do goberno m\u00e1is <em>progre<\/em>, os 1.000 mill\u00f3ns de euros anuais durante dez anos para axudar militarmente a Ucra\u00edna? Est\u00e1 claro que dos nosos petos e do noso sufrimento. Imos ter recortes no gasto social: hospitais, residencias, escolas, prestaci\u00f3ns, xubilaci\u00f3ns, vivenda social etc. O noso empobrecemento alimentar\u00e1 a fabricaci\u00f3n de tanques e bombas.<\/p>\n\n\n\n<p>Mar\u00edn, 4 de marzo de 2025.<\/p>\n\n\n\n<p>Asdo.: Pedro M. Cortegoso Gago.<\/p>\n","protected":false},"excerpt":{"rendered":"<div class=\"mh-excerpt\"><p>Foi o \u201cesquerdista\u201d Obama, \u00e9 dicir EEUU, quen comezou a guerra na Ucra\u00edna en 2014 organizando un golpe de estado para po\u00f1er un goberno servil aos seus intereses <a class=\"mh-excerpt-more\" href=\"https:\/\/www.anovapeneira.gal\/index.php\/2025\/03\/11\/a-union-europea-quere-a-guerra\/\" title=\"A Uni\u00f3n Europea quere a guerra\">[&#8230;]<\/a><\/p>\n<\/div>","protected":false},"author":4,"featured_media":584,"comment_status":"open","ping_status":"open","sticky":false,"template":"","format":"standard","meta":{"_exactmetrics_skip_tracking":false,"_exactmetrics_sitenote_active":false,"_exactmetrics_sitenote_note":"","_exactmetrics_sitenote_category":0,"footnotes":""},"categories":[7],"tags":[],"class_list":{"0":"post-13474","1":"post","2":"type-post","3":"status-publish","4":"format-standard","5":"has-post-thumbnail","7":"category-artigos-de-opinion"},"yoast_head":"<!-- This site is optimized with the Yoast SEO plugin v27.4 - https:\/\/yoast.com\/product\/yoast-seo-wordpress\/ -->\n<title>A Uni\u00f3n Europea quere a guerra -<\/title>\n<meta name=\"robots\" content=\"index, follow, max-snippet:-1, max-image-preview:large, max-video-preview:-1\" \/>\n<link rel=\"canonical\" href=\"https:\/\/www.anovapeneira.gal\/index.php\/2025\/03\/11\/a-union-europea-quere-a-guerra\/\" \/>\n<meta property=\"og:locale\" content=\"gl_ES\" \/>\n<meta property=\"og:type\" content=\"article\" \/>\n<meta property=\"og:title\" content=\"A Uni\u00f3n Europea quere a guerra -\" \/>\n<meta property=\"og:description\" content=\"Foi o \u201cesquerdista\u201d Obama, \u00e9 dicir EEUU, quen comezou a guerra na Ucra\u00edna en 2014 organizando un golpe de estado para po\u00f1er un goberno servil aos seus intereses [...]\" \/>\n<meta property=\"og:url\" content=\"https:\/\/www.anovapeneira.gal\/index.php\/2025\/03\/11\/a-union-europea-quere-a-guerra\/\" \/>\n<meta property=\"article:publisher\" content=\"https:\/\/www.facebook.com\/anovapeneira\" \/>\n<meta property=\"article:published_time\" content=\"2025-03-11T09:00:15+00:00\" \/>\n<meta property=\"og:image\" content=\"https:\/\/www.anovapeneira.gal\/wp-content\/uploads\/2019\/07\/ARTIGO_DE_OPINION_A_NOVA_PENEIRA.jpg\" \/>\n\t<meta property=\"og:image:width\" content=\"720\" \/>\n\t<meta property=\"og:image:height\" content=\"473\" \/>\n\t<meta property=\"og:image:type\" content=\"image\/jpeg\" \/>\n<meta name=\"author\" content=\"Pedro M. Cortegoso Gago\" \/>\n<meta name=\"twitter:card\" content=\"summary_large_image\" \/>\n<meta name=\"twitter:creator\" content=\"@APeneira\" \/>\n<meta name=\"twitter:site\" content=\"@APeneira\" \/>\n<meta name=\"twitter:label1\" content=\"Escrito por\" \/>\n\t<meta name=\"twitter:data1\" content=\"Pedro M. Cortegoso Gago\" \/>\n\t<meta name=\"twitter:label2\" content=\"Tempo de lectura\" \/>\n\t<meta name=\"twitter:data2\" content=\"5 minutos\" \/>\n<script type=\"application\/ld+json\" class=\"yoast-schema-graph\">{\"@context\":\"https:\\\/\\\/schema.org\",\"@graph\":[{\"@type\":\"Article\",\"@id\":\"https:\\\/\\\/www.anovapeneira.gal\\\/index.php\\\/2025\\\/03\\\/11\\\/a-union-europea-quere-a-guerra\\\/#article\",\"isPartOf\":{\"@id\":\"https:\\\/\\\/www.anovapeneira.gal\\\/index.php\\\/2025\\\/03\\\/11\\\/a-union-europea-quere-a-guerra\\\/\"},\"author\":{\"name\":\"Pedro M. Cortegoso Gago\",\"@id\":\"https:\\\/\\\/www.anovapeneira.gal\\\/#\\\/schema\\\/person\\\/c04a9c9f722c9446e71ae434c0353337\"},\"headline\":\"A Uni\u00f3n Europea quere a guerra\",\"datePublished\":\"2025-03-11T09:00:15+00:00\",\"mainEntityOfPage\":{\"@id\":\"https:\\\/\\\/www.anovapeneira.gal\\\/index.php\\\/2025\\\/03\\\/11\\\/a-union-europea-quere-a-guerra\\\/\"},\"wordCount\":740,\"commentCount\":0,\"publisher\":{\"@id\":\"https:\\\/\\\/www.anovapeneira.gal\\\/#organization\"},\"image\":{\"@id\":\"https:\\\/\\\/www.anovapeneira.gal\\\/index.php\\\/2025\\\/03\\\/11\\\/a-union-europea-quere-a-guerra\\\/#primaryimage\"},\"thumbnailUrl\":\"https:\\\/\\\/www.anovapeneira.gal\\\/wp-content\\\/uploads\\\/2019\\\/07\\\/ARTIGO_DE_OPINION_A_NOVA_PENEIRA.jpg\",\"articleSection\":[\"Artigos de opini\u00f3n\"],\"inLanguage\":\"gl-ES\",\"potentialAction\":[{\"@type\":\"CommentAction\",\"name\":\"Comment\",\"target\":[\"https:\\\/\\\/www.anovapeneira.gal\\\/index.php\\\/2025\\\/03\\\/11\\\/a-union-europea-quere-a-guerra\\\/#respond\"]}]},{\"@type\":\"WebPage\",\"@id\":\"https:\\\/\\\/www.anovapeneira.gal\\\/index.php\\\/2025\\\/03\\\/11\\\/a-union-europea-quere-a-guerra\\\/\",\"url\":\"https:\\\/\\\/www.anovapeneira.gal\\\/index.php\\\/2025\\\/03\\\/11\\\/a-union-europea-quere-a-guerra\\\/\",\"name\":\"A Uni\u00f3n Europea quere a guerra -\",\"isPartOf\":{\"@id\":\"https:\\\/\\\/www.anovapeneira.gal\\\/#website\"},\"primaryImageOfPage\":{\"@id\":\"https:\\\/\\\/www.anovapeneira.gal\\\/index.php\\\/2025\\\/03\\\/11\\\/a-union-europea-quere-a-guerra\\\/#primaryimage\"},\"image\":{\"@id\":\"https:\\\/\\\/www.anovapeneira.gal\\\/index.php\\\/2025\\\/03\\\/11\\\/a-union-europea-quere-a-guerra\\\/#primaryimage\"},\"thumbnailUrl\":\"https:\\\/\\\/www.anovapeneira.gal\\\/wp-content\\\/uploads\\\/2019\\\/07\\\/ARTIGO_DE_OPINION_A_NOVA_PENEIRA.jpg\",\"datePublished\":\"2025-03-11T09:00:15+00:00\",\"breadcrumb\":{\"@id\":\"https:\\\/\\\/www.anovapeneira.gal\\\/index.php\\\/2025\\\/03\\\/11\\\/a-union-europea-quere-a-guerra\\\/#breadcrumb\"},\"inLanguage\":\"gl-ES\",\"potentialAction\":[{\"@type\":\"ReadAction\",\"target\":[\"https:\\\/\\\/www.anovapeneira.gal\\\/index.php\\\/2025\\\/03\\\/11\\\/a-union-europea-quere-a-guerra\\\/\"]}]},{\"@type\":\"ImageObject\",\"inLanguage\":\"gl-ES\",\"@id\":\"https:\\\/\\\/www.anovapeneira.gal\\\/index.php\\\/2025\\\/03\\\/11\\\/a-union-europea-quere-a-guerra\\\/#primaryimage\",\"url\":\"https:\\\/\\\/www.anovapeneira.gal\\\/wp-content\\\/uploads\\\/2019\\\/07\\\/ARTIGO_DE_OPINION_A_NOVA_PENEIRA.jpg\",\"contentUrl\":\"https:\\\/\\\/www.anovapeneira.gal\\\/wp-content\\\/uploads\\\/2019\\\/07\\\/ARTIGO_DE_OPINION_A_NOVA_PENEIRA.jpg\",\"width\":720,\"height\":473,\"caption\":\"Artigo de opini\u00f3n A Nova Peneira\"},{\"@type\":\"BreadcrumbList\",\"@id\":\"https:\\\/\\\/www.anovapeneira.gal\\\/index.php\\\/2025\\\/03\\\/11\\\/a-union-europea-quere-a-guerra\\\/#breadcrumb\",\"itemListElement\":[{\"@type\":\"ListItem\",\"position\":1,\"name\":\"Portada\",\"item\":\"https:\\\/\\\/www.anovapeneira.gal\\\/\"},{\"@type\":\"ListItem\",\"position\":2,\"name\":\"A Uni\u00f3n Europea quere a guerra\"}]},{\"@type\":\"WebSite\",\"@id\":\"https:\\\/\\\/www.anovapeneira.gal\\\/#website\",\"url\":\"https:\\\/\\\/www.anovapeneira.gal\\\/\",\"name\":\"\",\"description\":\"Xornal galego de informaci\u00f3n xeral Publicaci\u00f3n mensual de novas de Galicia e en especial dos Concellos da sur da provincia de Pontevedra.\",\"publisher\":{\"@id\":\"https:\\\/\\\/www.anovapeneira.gal\\\/#organization\"},\"potentialAction\":[{\"@type\":\"SearchAction\",\"target\":{\"@type\":\"EntryPoint\",\"urlTemplate\":\"https:\\\/\\\/www.anovapeneira.gal\\\/?s={search_term_string}\"},\"query-input\":{\"@type\":\"PropertyValueSpecification\",\"valueRequired\":true,\"valueName\":\"search_term_string\"}}],\"inLanguage\":\"gl-ES\"},{\"@type\":\"Organization\",\"@id\":\"https:\\\/\\\/www.anovapeneira.gal\\\/#organization\",\"name\":\"A Nova Peneira\",\"url\":\"https:\\\/\\\/www.anovapeneira.gal\\\/\",\"logo\":{\"@type\":\"ImageObject\",\"inLanguage\":\"gl-ES\",\"@id\":\"https:\\\/\\\/www.anovapeneira.gal\\\/#\\\/schema\\\/logo\\\/image\\\/\",\"url\":\"http:\\\/\\\/www.anovapeneira.gal\\\/wp-content\\\/uploads\\\/2019\\\/06\\\/logo_a_nova_peneira_portal_web.png\",\"contentUrl\":\"http:\\\/\\\/www.anovapeneira.gal\\\/wp-content\\\/uploads\\\/2019\\\/06\\\/logo_a_nova_peneira_portal_web.png\",\"width\":300,\"height\":100,\"caption\":\"A Nova Peneira\"},\"image\":{\"@id\":\"https:\\\/\\\/www.anovapeneira.gal\\\/#\\\/schema\\\/logo\\\/image\\\/\"},\"sameAs\":[\"https:\\\/\\\/www.facebook.com\\\/anovapeneira\",\"https:\\\/\\\/x.com\\\/APeneira\"]},{\"@type\":\"Person\",\"@id\":\"https:\\\/\\\/www.anovapeneira.gal\\\/#\\\/schema\\\/person\\\/c04a9c9f722c9446e71ae434c0353337\",\"name\":\"Pedro M. Cortegoso Gago\",\"image\":{\"@type\":\"ImageObject\",\"inLanguage\":\"gl-ES\",\"@id\":\"https:\\\/\\\/secure.gravatar.com\\\/avatar\\\/1613b27278a972c04db5c2f04fb2cbfa9edb58d6c3e2547817ecb8240eb58381?s=96&d=mm&r=g\",\"url\":\"https:\\\/\\\/secure.gravatar.com\\\/avatar\\\/1613b27278a972c04db5c2f04fb2cbfa9edb58d6c3e2547817ecb8240eb58381?s=96&d=mm&r=g\",\"contentUrl\":\"https:\\\/\\\/secure.gravatar.com\\\/avatar\\\/1613b27278a972c04db5c2f04fb2cbfa9edb58d6c3e2547817ecb8240eb58381?s=96&d=mm&r=g\",\"caption\":\"Pedro M. Cortegoso Gago\"},\"sameAs\":[\"http:\\\/\\\/anovapeneira.gal\"],\"url\":\"https:\\\/\\\/www.anovapeneira.gal\\\/index.php\\\/author\\\/opinionpcortegoso\\\/\"}]}<\/script>\n<!-- \/ Yoast SEO plugin. -->","yoast_head_json":{"title":"A Uni\u00f3n Europea quere a guerra -","robots":{"index":"index","follow":"follow","max-snippet":"max-snippet:-1","max-image-preview":"max-image-preview:large","max-video-preview":"max-video-preview:-1"},"canonical":"https:\/\/www.anovapeneira.gal\/index.php\/2025\/03\/11\/a-union-europea-quere-a-guerra\/","og_locale":"gl_ES","og_type":"article","og_title":"A Uni\u00f3n Europea quere a guerra -","og_description":"Foi o \u201cesquerdista\u201d Obama, \u00e9 dicir EEUU, quen comezou a guerra na Ucra\u00edna en 2014 organizando un golpe de estado para po\u00f1er un goberno servil aos seus intereses [...]","og_url":"https:\/\/www.anovapeneira.gal\/index.php\/2025\/03\/11\/a-union-europea-quere-a-guerra\/","article_publisher":"https:\/\/www.facebook.com\/anovapeneira","article_published_time":"2025-03-11T09:00:15+00:00","og_image":[{"width":720,"height":473,"url":"https:\/\/www.anovapeneira.gal\/wp-content\/uploads\/2019\/07\/ARTIGO_DE_OPINION_A_NOVA_PENEIRA.jpg","type":"image\/jpeg"}],"author":"Pedro M. Cortegoso Gago","twitter_card":"summary_large_image","twitter_creator":"@APeneira","twitter_site":"@APeneira","twitter_misc":{"Escrito por":"Pedro M. Cortegoso Gago","Tempo de lectura":"5 minutos"},"schema":{"@context":"https:\/\/schema.org","@graph":[{"@type":"Article","@id":"https:\/\/www.anovapeneira.gal\/index.php\/2025\/03\/11\/a-union-europea-quere-a-guerra\/#article","isPartOf":{"@id":"https:\/\/www.anovapeneira.gal\/index.php\/2025\/03\/11\/a-union-europea-quere-a-guerra\/"},"author":{"name":"Pedro M. Cortegoso Gago","@id":"https:\/\/www.anovapeneira.gal\/#\/schema\/person\/c04a9c9f722c9446e71ae434c0353337"},"headline":"A Uni\u00f3n Europea quere a guerra","datePublished":"2025-03-11T09:00:15+00:00","mainEntityOfPage":{"@id":"https:\/\/www.anovapeneira.gal\/index.php\/2025\/03\/11\/a-union-europea-quere-a-guerra\/"},"wordCount":740,"commentCount":0,"publisher":{"@id":"https:\/\/www.anovapeneira.gal\/#organization"},"image":{"@id":"https:\/\/www.anovapeneira.gal\/index.php\/2025\/03\/11\/a-union-europea-quere-a-guerra\/#primaryimage"},"thumbnailUrl":"https:\/\/www.anovapeneira.gal\/wp-content\/uploads\/2019\/07\/ARTIGO_DE_OPINION_A_NOVA_PENEIRA.jpg","articleSection":["Artigos de opini\u00f3n"],"inLanguage":"gl-ES","potentialAction":[{"@type":"CommentAction","name":"Comment","target":["https:\/\/www.anovapeneira.gal\/index.php\/2025\/03\/11\/a-union-europea-quere-a-guerra\/#respond"]}]},{"@type":"WebPage","@id":"https:\/\/www.anovapeneira.gal\/index.php\/2025\/03\/11\/a-union-europea-quere-a-guerra\/","url":"https:\/\/www.anovapeneira.gal\/index.php\/2025\/03\/11\/a-union-europea-quere-a-guerra\/","name":"A Uni\u00f3n Europea quere a guerra -","isPartOf":{"@id":"https:\/\/www.anovapeneira.gal\/#website"},"primaryImageOfPage":{"@id":"https:\/\/www.anovapeneira.gal\/index.php\/2025\/03\/11\/a-union-europea-quere-a-guerra\/#primaryimage"},"image":{"@id":"https:\/\/www.anovapeneira.gal\/index.php\/2025\/03\/11\/a-union-europea-quere-a-guerra\/#primaryimage"},"thumbnailUrl":"https:\/\/www.anovapeneira.gal\/wp-content\/uploads\/2019\/07\/ARTIGO_DE_OPINION_A_NOVA_PENEIRA.jpg","datePublished":"2025-03-11T09:00:15+00:00","breadcrumb":{"@id":"https:\/\/www.anovapeneira.gal\/index.php\/2025\/03\/11\/a-union-europea-quere-a-guerra\/#breadcrumb"},"inLanguage":"gl-ES","potentialAction":[{"@type":"ReadAction","target":["https:\/\/www.anovapeneira.gal\/index.php\/2025\/03\/11\/a-union-europea-quere-a-guerra\/"]}]},{"@type":"ImageObject","inLanguage":"gl-ES","@id":"https:\/\/www.anovapeneira.gal\/index.php\/2025\/03\/11\/a-union-europea-quere-a-guerra\/#primaryimage","url":"https:\/\/www.anovapeneira.gal\/wp-content\/uploads\/2019\/07\/ARTIGO_DE_OPINION_A_NOVA_PENEIRA.jpg","contentUrl":"https:\/\/www.anovapeneira.gal\/wp-content\/uploads\/2019\/07\/ARTIGO_DE_OPINION_A_NOVA_PENEIRA.jpg","width":720,"height":473,"caption":"Artigo de opini\u00f3n A Nova Peneira"},{"@type":"BreadcrumbList","@id":"https:\/\/www.anovapeneira.gal\/index.php\/2025\/03\/11\/a-union-europea-quere-a-guerra\/#breadcrumb","itemListElement":[{"@type":"ListItem","position":1,"name":"Portada","item":"https:\/\/www.anovapeneira.gal\/"},{"@type":"ListItem","position":2,"name":"A Uni\u00f3n Europea quere a guerra"}]},{"@type":"WebSite","@id":"https:\/\/www.anovapeneira.gal\/#website","url":"https:\/\/www.anovapeneira.gal\/","name":"","description":"Xornal galego de informaci\u00f3n xeral Publicaci\u00f3n mensual de novas de Galicia e en especial dos Concellos da sur da provincia de Pontevedra.","publisher":{"@id":"https:\/\/www.anovapeneira.gal\/#organization"},"potentialAction":[{"@type":"SearchAction","target":{"@type":"EntryPoint","urlTemplate":"https:\/\/www.anovapeneira.gal\/?s={search_term_string}"},"query-input":{"@type":"PropertyValueSpecification","valueRequired":true,"valueName":"search_term_string"}}],"inLanguage":"gl-ES"},{"@type":"Organization","@id":"https:\/\/www.anovapeneira.gal\/#organization","name":"A Nova Peneira","url":"https:\/\/www.anovapeneira.gal\/","logo":{"@type":"ImageObject","inLanguage":"gl-ES","@id":"https:\/\/www.anovapeneira.gal\/#\/schema\/logo\/image\/","url":"http:\/\/www.anovapeneira.gal\/wp-content\/uploads\/2019\/06\/logo_a_nova_peneira_portal_web.png","contentUrl":"http:\/\/www.anovapeneira.gal\/wp-content\/uploads\/2019\/06\/logo_a_nova_peneira_portal_web.png","width":300,"height":100,"caption":"A Nova Peneira"},"image":{"@id":"https:\/\/www.anovapeneira.gal\/#\/schema\/logo\/image\/"},"sameAs":["https:\/\/www.facebook.com\/anovapeneira","https:\/\/x.com\/APeneira"]},{"@type":"Person","@id":"https:\/\/www.anovapeneira.gal\/#\/schema\/person\/c04a9c9f722c9446e71ae434c0353337","name":"Pedro M. Cortegoso Gago","image":{"@type":"ImageObject","inLanguage":"gl-ES","@id":"https:\/\/secure.gravatar.com\/avatar\/1613b27278a972c04db5c2f04fb2cbfa9edb58d6c3e2547817ecb8240eb58381?s=96&d=mm&r=g","url":"https:\/\/secure.gravatar.com\/avatar\/1613b27278a972c04db5c2f04fb2cbfa9edb58d6c3e2547817ecb8240eb58381?s=96&d=mm&r=g","contentUrl":"https:\/\/secure.gravatar.com\/avatar\/1613b27278a972c04db5c2f04fb2cbfa9edb58d6c3e2547817ecb8240eb58381?s=96&d=mm&r=g","caption":"Pedro M. Cortegoso Gago"},"sameAs":["http:\/\/anovapeneira.gal"],"url":"https:\/\/www.anovapeneira.gal\/index.php\/author\/opinionpcortegoso\/"}]}},"jetpack_featured_media_url":"https:\/\/www.anovapeneira.gal\/wp-content\/uploads\/2019\/07\/ARTIGO_DE_OPINION_A_NOVA_PENEIRA.jpg","_links":{"self":[{"href":"https:\/\/www.anovapeneira.gal\/index.php\/wp-json\/wp\/v2\/posts\/13474","targetHints":{"allow":["GET"]}}],"collection":[{"href":"https:\/\/www.anovapeneira.gal\/index.php\/wp-json\/wp\/v2\/posts"}],"about":[{"href":"https:\/\/www.anovapeneira.gal\/index.php\/wp-json\/wp\/v2\/types\/post"}],"author":[{"embeddable":true,"href":"https:\/\/www.anovapeneira.gal\/index.php\/wp-json\/wp\/v2\/users\/4"}],"replies":[{"embeddable":true,"href":"https:\/\/www.anovapeneira.gal\/index.php\/wp-json\/wp\/v2\/comments?post=13474"}],"version-history":[{"count":1,"href":"https:\/\/www.anovapeneira.gal\/index.php\/wp-json\/wp\/v2\/posts\/13474\/revisions"}],"predecessor-version":[{"id":13475,"href":"https:\/\/www.anovapeneira.gal\/index.php\/wp-json\/wp\/v2\/posts\/13474\/revisions\/13475"}],"wp:featuredmedia":[{"embeddable":true,"href":"https:\/\/www.anovapeneira.gal\/index.php\/wp-json\/wp\/v2\/media\/584"}],"wp:attachment":[{"href":"https:\/\/www.anovapeneira.gal\/index.php\/wp-json\/wp\/v2\/media?parent=13474"}],"wp:term":[{"taxonomy":"category","embeddable":true,"href":"https:\/\/www.anovapeneira.gal\/index.php\/wp-json\/wp\/v2\/categories?post=13474"},{"taxonomy":"post_tag","embeddable":true,"href":"https:\/\/www.anovapeneira.gal\/index.php\/wp-json\/wp\/v2\/tags?post=13474"}],"curies":[{"name":"wp","href":"https:\/\/api.w.org\/{rel}","templated":true}]}}