{"id":13476,"date":"2025-03-11T12:00:49","date_gmt":"2025-03-11T11:00:49","guid":{"rendered":"https:\/\/www.anovapeneira.gal\/?p=13476"},"modified":"2025-03-10T11:33:08","modified_gmt":"2025-03-10T10:33:08","slug":"ecoloxistas-en-accion-presenta-un-contencioso-contra-a-xunta-de-galicia-por-declarar-a-reapertura-da-mina-de-touro-como-proxecto-industrial-estratexico-so-para-sortear-o-rexeitamento-ambiental","status":"publish","type":"post","link":"https:\/\/www.anovapeneira.gal\/index.php\/2025\/03\/11\/ecoloxistas-en-accion-presenta-un-contencioso-contra-a-xunta-de-galicia-por-declarar-a-reapertura-da-mina-de-touro-como-proxecto-industrial-estratexico-so-para-sortear-o-rexeitamento-ambiental\/","title":{"rendered":"Ecoloxistas en Acci\u00f3n presenta un contencioso contra a Xunta de Galicia por declarar a reapertura da mina de Touro como Proxecto Industrial Estrat\u00e9xico s\u00f3 para sortear o rexeitamento ambiental"},"content":{"rendered":"\n<p>Ecoloxistas en Acci\u00f3n ven de presentar un recurso contencioso-administrativo co gallo de impugnar o Acordo formalizado polo Consello de la Xunta de Galicia polo que se declarou Proxecto Industrial Estrat\u00e9xico \u00e1 reapertura e ampliaci\u00f3n da mina de Touro e O Pino.<\/p>\n\n\n\n<p>A organizaci\u00f3n ecoloxista basea principalmente a s\u00faa impugnaci\u00f3n na ausencia dun plan Director mineiro en Galicia que xustifique declarar Cobre San Rafael un proxecto de Interese Estrate\u00e9xico para Galicia.<\/p>\n\n\n\n<p>Ecoloxistas en Acci\u00f3n tam\u00e9n sinala a gravidade de otorgar esta condici\u00f3n de estrat\u00e9xico a un proxecto promovido por unha sociedade empresarial en situaci\u00f3n t\u00e9cnica de suspensi\u00f3n de pagos.<\/p>\n\n\n\n<p>Unha insolvencia econ\u00f3mica que, destacan, semella argallada para non asumir os posibles desastres ambientalistas que xenere a actividade da explotaci\u00f3n mineira e que foron denunciado no informe do hidr\u00f3logo Steven Emerman.<\/p>\n\n\n\n<p>Ecoloxistas en Acci\u00f3n presentou un recurso contencioso-administrativo co gallo de impugnar o Acordo formalizado polo Consello de la Xunta de Galicia polo que se declarou Proxecto Industrial Estrat\u00e9xico \u00e1 reapertura e ampliaci\u00f3n da mina de Touro e O Pino. Un acordo do Goberno galego que a d\u00eda de hoxe segue sen estar oficialmente publicado como \u00e9 preceptivo.<\/p>\n\n\n\n<p>Sinalan que o proxecto de explotaci\u00f3n mineira, Cobre San Rafael, xa foi tramitado en 2017 e desestimado pola administraci\u00f3n ambiental galega en virtude da Resoluci\u00f3n da Directora Xeral de Calidade Ambiental e Cambio Clim\u00e1tico do 28 de xaneiro de 2020 &nbsp;e correlativamente desestimado pola administraci\u00f3n mineira galega en virtude da Resoluci\u00f3n da Directora Xeral de Planificaci\u00f3n Enerx\u00e9tica e recursos Naturais do 24 de febreiro de 2021<\/p>\n\n\n\n<p>Por iso, a organizaci\u00f3n ecoloxista denuncia que ante a existencia dunha declaraci\u00f3n de impacto ambiental que califica o proxecto Cobre San Rafael como ambientalmente desfavorable, a declaraci\u00f3n agora de Proxecto Industrial Estrat\u00e9xico para &nbsp;\u201cdesatascar\u201d a s\u00faa tramitaci\u00f3n e \u201caxilizala\u201d \u00e9 unha decisi\u00f3n arbitraria e contraria a lei do Goberno galego. &nbsp;Para Ecoloxistas en Acci\u00f3n detr\u00e1s deste acordo do Consello da Xunta \u201cnon hai ningunha xustificaci\u00f3n estrat\u00e9xica para o pa\u00eds e s\u00f3 unha artima\u00f1a para sortear o rexeitamento ambiental e desmontar a oposici\u00f3n veci\u00f1al de Touro e O Pino \u00e1 reapertura da mina.\u201d<\/p>\n\n\n\n<p>Outra das raz\u00f3ns de peso que a organizaci\u00f3n ecoloxista esgrime para a impugnaci\u00f3n e nulidade da declaraci\u00f3n de Cobre San Rafael como Proxecto Industrial Estrat\u00e9xico \u00e9 a total ausencia dun plan Director mineiro en Galicia que xustifique esta consideraci\u00f3n para a reapertura e ampliaci\u00f3n da mina de Touro e O Pino. &nbsp;De feito, subli\u00f1an, que a data de hoxe non existe ning\u00fan plan director nin mapa industrial aprobado para o sector correspondiente ao proxecto Cobre San Rafael.<\/p>\n\n\n\n<p>Ademais para Isabel Garc\u00eda, voceira de Ecoloxistas en Acci\u00f3n e veci\u00f1a da plataforma mina Touro O Pino Non, a reapertura e ampliaci\u00f3n desta explotaci\u00f3n mineira preexistente \u201csup\u00f3n un grave risco para os sistemas fluviales, augas subterr\u00e1neas e o ciclo h\u00eddrico da zonas afectadas pola explotaci\u00f3n, as\u00ed como para a integridade da Zona de Especial Conservaci\u00f3n do Sistema uvial Ulla-Deza\u201d. Xa que, a\u00ednda hoxe as anal\u00edticas dos r\u00edos Brandelos, Pucheiras, Portapego e a balsa de Angumil na contorna ao complexo mineiro po\u00f1en de manifesto unha contaminaci\u00f3n grave e persistente<\/p>\n\n\n\n<p>Para entender a magnitude do problema hai que ter en conta que o 98,82% do material procesado corresp\u00f3ndese con residuos provenientes das part\u00edculas de roca h\u00famidas e trituradas que quedan despois de que o produto de valor extraeuse (est\u00e9riles de planta) que alcanza a cifra de 101,53 mill\u00f3ns de toneladas de est\u00e9riles \u00a0\u00c1 s\u00faa vez, da actividade mineira xorden tam\u00e9n os que se co\u00f1ece como est\u00e9riles mineiros, que se corresponden coa roca que debe eliminarse para chegar ao xacemento do mineral, que neste caso alcanzar\u00eda a cantidade de 164,3 mdt. As\u00ed pois, por cada tonelada de metal extraeranse 632 toneladas de residuos. Desta enorme cantidade de residuos, os est\u00e9riles de planta m\u00e1is contaminantes amorearanse de forma permanente no dep\u00f3sito denominado DEP1, que consiste nunha presa de 81 metros de altura e 3148 metros de lonxitude 14. Unha presa que estar\u00eda a tan s\u00f3 4,75 km en li\u00f1a do sistema uvial protexido Ulla-Deza. Para Ecoloxistas en Acci\u00f3n \u00e9 especialmente grave que se lle otorgue preferencia Cobre San Rafael cando esta sociedade mercantil est\u00e1 en situaci\u00f3n de suspensi\u00f3n de pagos debido \u00e1 existencia dun Fondo de Manobra Negativo en 2022 e 2021. E cun Patrimonio Neto, a efectos do artigo 363, negativo, atop\u00e1ndose Cobre San Rafael incursa en causas de disoluci\u00f3n seg\u00fan o informe de solvencia econ\u00f3mica que presenta \u00e1 Xunta. Ademais, a empresa mineira para probar a s\u00faa solvencia economico-financiera fai referencia a un informe de Auditor\u00eda que nunca chega a achegar, desco\u00f1ecendose o contido do mesmo. A organizaci\u00f3n ecoloxistas alerta de que esta insolvencia econ\u00f3mica \u201c\u201dsemella argallada para non asumir os posibles desastres ambientalistas que xenere a actividade da explotaci\u00f3n mineira e que foron denunciados no informe do hidr\u00f3logo Steven Emerman\u201d.<\/p>\n","protected":false},"excerpt":{"rendered":"<div class=\"mh-excerpt\"><p>Ecoloxistas en Acci\u00f3n ven de presentar un recurso contencioso-administrativo co gallo de impugnar o Acordo formalizado polo Consello de la Xunta de Galicia polo que se declarou Proxecto Industrial Estrat\u00e9xico \u00e1 reapertura e ampliaci\u00f3n da mina de Touro e O Pino <a class=\"mh-excerpt-more\" href=\"https:\/\/www.anovapeneira.gal\/index.php\/2025\/03\/11\/ecoloxistas-en-accion-presenta-un-contencioso-contra-a-xunta-de-galicia-por-declarar-a-reapertura-da-mina-de-touro-como-proxecto-industrial-estratexico-so-para-sortear-o-rexeitamento-ambiental\/\" title=\"Ecoloxistas en Acci\u00f3n presenta un contencioso contra a Xunta de Galicia por declarar a reapertura da mina de Touro como Proxecto Industrial Estrat\u00e9xico s\u00f3 para sortear o rexeitamento ambiental\">[&#8230;]<\/a><\/p>\n<\/div>","protected":false},"author":3,"featured_media":13238,"comment_status":"open","ping_status":"open","sticky":false,"template":"","format":"standard","meta":{"_exactmetrics_skip_tracking":false,"_exactmetrics_sitenote_active":false,"_exactmetrics_sitenote_note":"","_exactmetrics_sitenote_category":0,"footnotes":""},"categories":[263],"tags":[924],"class_list":{"0":"post-13476","1":"post","2":"type-post","3":"status-publish","4":"format-standard","5":"has-post-thumbnail","7":"category-novas","8":"tag-ecoloxistas-en-accion"},"yoast_head":"<!-- This site is optimized with the Yoast SEO plugin v27.4 - https:\/\/yoast.com\/product\/yoast-seo-wordpress\/ -->\n<title>Ecoloxistas en Acci\u00f3n presenta un contencioso contra a Xunta de Galicia por declarar a reapertura da mina de Touro como Proxecto Industrial Estrat\u00e9xico s\u00f3 para sortear o rexeitamento ambiental -<\/title>\n<meta name=\"robots\" content=\"index, follow, max-snippet:-1, max-image-preview:large, max-video-preview:-1\" \/>\n<link rel=\"canonical\" href=\"https:\/\/www.anovapeneira.gal\/index.php\/2025\/03\/11\/ecoloxistas-en-accion-presenta-un-contencioso-contra-a-xunta-de-galicia-por-declarar-a-reapertura-da-mina-de-touro-como-proxecto-industrial-estratexico-so-para-sortear-o-rexeitamento-ambiental\/\" \/>\n<meta property=\"og:locale\" content=\"gl_ES\" \/>\n<meta property=\"og:type\" content=\"article\" \/>\n<meta property=\"og:title\" content=\"Ecoloxistas en Acci\u00f3n presenta un contencioso contra a Xunta de Galicia por declarar a reapertura da mina de Touro como Proxecto Industrial Estrat\u00e9xico s\u00f3 para sortear o rexeitamento ambiental -\" \/>\n<meta property=\"og:description\" content=\"Ecoloxistas en Acci\u00f3n ven de presentar un recurso contencioso-administrativo co gallo de impugnar o Acordo formalizado polo Consello de la Xunta de Galicia polo que se declarou Proxecto Industrial Estrat\u00e9xico \u00e1 reapertura e ampliaci\u00f3n da mina de Touro e O Pino [...]\" \/>\n<meta property=\"og:url\" content=\"https:\/\/www.anovapeneira.gal\/index.php\/2025\/03\/11\/ecoloxistas-en-accion-presenta-un-contencioso-contra-a-xunta-de-galicia-por-declarar-a-reapertura-da-mina-de-touro-como-proxecto-industrial-estratexico-so-para-sortear-o-rexeitamento-ambiental\/\" \/>\n<meta property=\"article:publisher\" content=\"https:\/\/www.facebook.com\/anovapeneira\" \/>\n<meta property=\"article:published_time\" content=\"2025-03-11T11:00:49+00:00\" \/>\n<meta property=\"og:image\" content=\"https:\/\/www.anovapeneira.gal\/wp-content\/uploads\/2025\/02\/mina_touro.jpg\" \/>\n\t<meta property=\"og:image:width\" content=\"720\" \/>\n\t<meta property=\"og:image:height\" content=\"432\" \/>\n\t<meta property=\"og:image:type\" content=\"image\/jpeg\" \/>\n<meta name=\"author\" content=\"Redacci\u00f3n A Nova Peneira\" \/>\n<meta name=\"twitter:card\" content=\"summary_large_image\" \/>\n<meta name=\"twitter:creator\" content=\"@APeneira\" \/>\n<meta name=\"twitter:site\" content=\"@APeneira\" \/>\n<meta name=\"twitter:label1\" content=\"Escrito por\" \/>\n\t<meta name=\"twitter:data1\" content=\"Redacci\u00f3n A Nova Peneira\" \/>\n\t<meta name=\"twitter:label2\" content=\"Tempo de lectura\" \/>\n\t<meta name=\"twitter:data2\" content=\"5 minutos\" \/>\n<script type=\"application\/ld+json\" class=\"yoast-schema-graph\">{\"@context\":\"https:\\\/\\\/schema.org\",\"@graph\":[{\"@type\":\"Article\",\"@id\":\"https:\\\/\\\/www.anovapeneira.gal\\\/index.php\\\/2025\\\/03\\\/11\\\/ecoloxistas-en-accion-presenta-un-contencioso-contra-a-xunta-de-galicia-por-declarar-a-reapertura-da-mina-de-touro-como-proxecto-industrial-estratexico-so-para-sortear-o-rexeitamento-ambiental\\\/#article\",\"isPartOf\":{\"@id\":\"https:\\\/\\\/www.anovapeneira.gal\\\/index.php\\\/2025\\\/03\\\/11\\\/ecoloxistas-en-accion-presenta-un-contencioso-contra-a-xunta-de-galicia-por-declarar-a-reapertura-da-mina-de-touro-como-proxecto-industrial-estratexico-so-para-sortear-o-rexeitamento-ambiental\\\/\"},\"author\":{\"name\":\"Redacci\u00f3n A Nova Peneira\",\"@id\":\"https:\\\/\\\/www.anovapeneira.gal\\\/#\\\/schema\\\/person\\\/b93e3f8932e3f8da96334607eb6ac6aa\"},\"headline\":\"Ecoloxistas en Acci\u00f3n presenta un contencioso contra a Xunta de Galicia por declarar a reapertura da mina de Touro como Proxecto Industrial Estrat\u00e9xico s\u00f3 para sortear o rexeitamento ambiental\",\"datePublished\":\"2025-03-11T11:00:49+00:00\",\"mainEntityOfPage\":{\"@id\":\"https:\\\/\\\/www.anovapeneira.gal\\\/index.php\\\/2025\\\/03\\\/11\\\/ecoloxistas-en-accion-presenta-un-contencioso-contra-a-xunta-de-galicia-por-declarar-a-reapertura-da-mina-de-touro-como-proxecto-industrial-estratexico-so-para-sortear-o-rexeitamento-ambiental\\\/\"},\"wordCount\":897,\"commentCount\":0,\"publisher\":{\"@id\":\"https:\\\/\\\/www.anovapeneira.gal\\\/#organization\"},\"image\":{\"@id\":\"https:\\\/\\\/www.anovapeneira.gal\\\/index.php\\\/2025\\\/03\\\/11\\\/ecoloxistas-en-accion-presenta-un-contencioso-contra-a-xunta-de-galicia-por-declarar-a-reapertura-da-mina-de-touro-como-proxecto-industrial-estratexico-so-para-sortear-o-rexeitamento-ambiental\\\/#primaryimage\"},\"thumbnailUrl\":\"https:\\\/\\\/www.anovapeneira.gal\\\/wp-content\\\/uploads\\\/2025\\\/02\\\/mina_touro.jpg\",\"keywords\":[\"Ecoloxistas en Acci\u00f3n\"],\"articleSection\":[\"Novas\"],\"inLanguage\":\"gl-ES\",\"potentialAction\":[{\"@type\":\"CommentAction\",\"name\":\"Comment\",\"target\":[\"https:\\\/\\\/www.anovapeneira.gal\\\/index.php\\\/2025\\\/03\\\/11\\\/ecoloxistas-en-accion-presenta-un-contencioso-contra-a-xunta-de-galicia-por-declarar-a-reapertura-da-mina-de-touro-como-proxecto-industrial-estratexico-so-para-sortear-o-rexeitamento-ambiental\\\/#respond\"]}]},{\"@type\":\"WebPage\",\"@id\":\"https:\\\/\\\/www.anovapeneira.gal\\\/index.php\\\/2025\\\/03\\\/11\\\/ecoloxistas-en-accion-presenta-un-contencioso-contra-a-xunta-de-galicia-por-declarar-a-reapertura-da-mina-de-touro-como-proxecto-industrial-estratexico-so-para-sortear-o-rexeitamento-ambiental\\\/\",\"url\":\"https:\\\/\\\/www.anovapeneira.gal\\\/index.php\\\/2025\\\/03\\\/11\\\/ecoloxistas-en-accion-presenta-un-contencioso-contra-a-xunta-de-galicia-por-declarar-a-reapertura-da-mina-de-touro-como-proxecto-industrial-estratexico-so-para-sortear-o-rexeitamento-ambiental\\\/\",\"name\":\"Ecoloxistas en Acci\u00f3n presenta un contencioso contra a Xunta de Galicia por declarar a reapertura da mina de Touro como Proxecto Industrial Estrat\u00e9xico s\u00f3 para sortear o rexeitamento ambiental -\",\"isPartOf\":{\"@id\":\"https:\\\/\\\/www.anovapeneira.gal\\\/#website\"},\"primaryImageOfPage\":{\"@id\":\"https:\\\/\\\/www.anovapeneira.gal\\\/index.php\\\/2025\\\/03\\\/11\\\/ecoloxistas-en-accion-presenta-un-contencioso-contra-a-xunta-de-galicia-por-declarar-a-reapertura-da-mina-de-touro-como-proxecto-industrial-estratexico-so-para-sortear-o-rexeitamento-ambiental\\\/#primaryimage\"},\"image\":{\"@id\":\"https:\\\/\\\/www.anovapeneira.gal\\\/index.php\\\/2025\\\/03\\\/11\\\/ecoloxistas-en-accion-presenta-un-contencioso-contra-a-xunta-de-galicia-por-declarar-a-reapertura-da-mina-de-touro-como-proxecto-industrial-estratexico-so-para-sortear-o-rexeitamento-ambiental\\\/#primaryimage\"},\"thumbnailUrl\":\"https:\\\/\\\/www.anovapeneira.gal\\\/wp-content\\\/uploads\\\/2025\\\/02\\\/mina_touro.jpg\",\"datePublished\":\"2025-03-11T11:00:49+00:00\",\"breadcrumb\":{\"@id\":\"https:\\\/\\\/www.anovapeneira.gal\\\/index.php\\\/2025\\\/03\\\/11\\\/ecoloxistas-en-accion-presenta-un-contencioso-contra-a-xunta-de-galicia-por-declarar-a-reapertura-da-mina-de-touro-como-proxecto-industrial-estratexico-so-para-sortear-o-rexeitamento-ambiental\\\/#breadcrumb\"},\"inLanguage\":\"gl-ES\",\"potentialAction\":[{\"@type\":\"ReadAction\",\"target\":[\"https:\\\/\\\/www.anovapeneira.gal\\\/index.php\\\/2025\\\/03\\\/11\\\/ecoloxistas-en-accion-presenta-un-contencioso-contra-a-xunta-de-galicia-por-declarar-a-reapertura-da-mina-de-touro-como-proxecto-industrial-estratexico-so-para-sortear-o-rexeitamento-ambiental\\\/\"]}]},{\"@type\":\"ImageObject\",\"inLanguage\":\"gl-ES\",\"@id\":\"https:\\\/\\\/www.anovapeneira.gal\\\/index.php\\\/2025\\\/03\\\/11\\\/ecoloxistas-en-accion-presenta-un-contencioso-contra-a-xunta-de-galicia-por-declarar-a-reapertura-da-mina-de-touro-como-proxecto-industrial-estratexico-so-para-sortear-o-rexeitamento-ambiental\\\/#primaryimage\",\"url\":\"https:\\\/\\\/www.anovapeneira.gal\\\/wp-content\\\/uploads\\\/2025\\\/02\\\/mina_touro.jpg\",\"contentUrl\":\"https:\\\/\\\/www.anovapeneira.gal\\\/wp-content\\\/uploads\\\/2025\\\/02\\\/mina_touro.jpg\",\"width\":720,\"height\":432,\"caption\":\"Mina Touro\"},{\"@type\":\"BreadcrumbList\",\"@id\":\"https:\\\/\\\/www.anovapeneira.gal\\\/index.php\\\/2025\\\/03\\\/11\\\/ecoloxistas-en-accion-presenta-un-contencioso-contra-a-xunta-de-galicia-por-declarar-a-reapertura-da-mina-de-touro-como-proxecto-industrial-estratexico-so-para-sortear-o-rexeitamento-ambiental\\\/#breadcrumb\",\"itemListElement\":[{\"@type\":\"ListItem\",\"position\":1,\"name\":\"Portada\",\"item\":\"https:\\\/\\\/www.anovapeneira.gal\\\/\"},{\"@type\":\"ListItem\",\"position\":2,\"name\":\"Ecoloxistas en Acci\u00f3n presenta un contencioso contra a Xunta de Galicia por declarar a reapertura da mina de Touro como Proxecto Industrial Estrat\u00e9xico s\u00f3 para sortear o rexeitamento ambiental\"}]},{\"@type\":\"WebSite\",\"@id\":\"https:\\\/\\\/www.anovapeneira.gal\\\/#website\",\"url\":\"https:\\\/\\\/www.anovapeneira.gal\\\/\",\"name\":\"\",\"description\":\"Xornal galego de informaci\u00f3n xeral Publicaci\u00f3n mensual de novas de Galicia e en especial dos Concellos da sur da provincia de Pontevedra.\",\"publisher\":{\"@id\":\"https:\\\/\\\/www.anovapeneira.gal\\\/#organization\"},\"potentialAction\":[{\"@type\":\"SearchAction\",\"target\":{\"@type\":\"EntryPoint\",\"urlTemplate\":\"https:\\\/\\\/www.anovapeneira.gal\\\/?s={search_term_string}\"},\"query-input\":{\"@type\":\"PropertyValueSpecification\",\"valueRequired\":true,\"valueName\":\"search_term_string\"}}],\"inLanguage\":\"gl-ES\"},{\"@type\":\"Organization\",\"@id\":\"https:\\\/\\\/www.anovapeneira.gal\\\/#organization\",\"name\":\"A Nova Peneira\",\"url\":\"https:\\\/\\\/www.anovapeneira.gal\\\/\",\"logo\":{\"@type\":\"ImageObject\",\"inLanguage\":\"gl-ES\",\"@id\":\"https:\\\/\\\/www.anovapeneira.gal\\\/#\\\/schema\\\/logo\\\/image\\\/\",\"url\":\"http:\\\/\\\/www.anovapeneira.gal\\\/wp-content\\\/uploads\\\/2019\\\/06\\\/logo_a_nova_peneira_portal_web.png\",\"contentUrl\":\"http:\\\/\\\/www.anovapeneira.gal\\\/wp-content\\\/uploads\\\/2019\\\/06\\\/logo_a_nova_peneira_portal_web.png\",\"width\":300,\"height\":100,\"caption\":\"A Nova Peneira\"},\"image\":{\"@id\":\"https:\\\/\\\/www.anovapeneira.gal\\\/#\\\/schema\\\/logo\\\/image\\\/\"},\"sameAs\":[\"https:\\\/\\\/www.facebook.com\\\/anovapeneira\",\"https:\\\/\\\/x.com\\\/APeneira\"]},{\"@type\":\"Person\",\"@id\":\"https:\\\/\\\/www.anovapeneira.gal\\\/#\\\/schema\\\/person\\\/b93e3f8932e3f8da96334607eb6ac6aa\",\"name\":\"Redacci\u00f3n A Nova Peneira\",\"image\":{\"@type\":\"ImageObject\",\"inLanguage\":\"gl-ES\",\"@id\":\"https:\\\/\\\/secure.gravatar.com\\\/avatar\\\/c052a2551a06e23fac63626232eaa90abd78dbcf1700fc46a2b2c89fd27b735f?s=96&d=mm&r=g\",\"url\":\"https:\\\/\\\/secure.gravatar.com\\\/avatar\\\/c052a2551a06e23fac63626232eaa90abd78dbcf1700fc46a2b2c89fd27b735f?s=96&d=mm&r=g\",\"contentUrl\":\"https:\\\/\\\/secure.gravatar.com\\\/avatar\\\/c052a2551a06e23fac63626232eaa90abd78dbcf1700fc46a2b2c89fd27b735f?s=96&d=mm&r=g\",\"caption\":\"Redacci\u00f3n A Nova Peneira\"},\"sameAs\":[\"http:\\\/\\\/www.anovapeneira.gal\\\/\"],\"url\":\"https:\\\/\\\/www.anovapeneira.gal\\\/index.php\\\/author\\\/redactor\\\/\"}]}<\/script>\n<!-- \/ Yoast SEO plugin. -->","yoast_head_json":{"title":"Ecoloxistas en Acci\u00f3n presenta un contencioso contra a Xunta de Galicia por declarar a reapertura da mina de Touro como Proxecto Industrial Estrat\u00e9xico s\u00f3 para sortear o rexeitamento ambiental -","robots":{"index":"index","follow":"follow","max-snippet":"max-snippet:-1","max-image-preview":"max-image-preview:large","max-video-preview":"max-video-preview:-1"},"canonical":"https:\/\/www.anovapeneira.gal\/index.php\/2025\/03\/11\/ecoloxistas-en-accion-presenta-un-contencioso-contra-a-xunta-de-galicia-por-declarar-a-reapertura-da-mina-de-touro-como-proxecto-industrial-estratexico-so-para-sortear-o-rexeitamento-ambiental\/","og_locale":"gl_ES","og_type":"article","og_title":"Ecoloxistas en Acci\u00f3n presenta un contencioso contra a Xunta de Galicia por declarar a reapertura da mina de Touro como Proxecto Industrial Estrat\u00e9xico s\u00f3 para sortear o rexeitamento ambiental -","og_description":"Ecoloxistas en Acci\u00f3n ven de presentar un recurso contencioso-administrativo co gallo de impugnar o Acordo formalizado polo Consello de la Xunta de Galicia polo que se declarou Proxecto Industrial Estrat\u00e9xico \u00e1 reapertura e ampliaci\u00f3n da mina de Touro e O Pino [...]","og_url":"https:\/\/www.anovapeneira.gal\/index.php\/2025\/03\/11\/ecoloxistas-en-accion-presenta-un-contencioso-contra-a-xunta-de-galicia-por-declarar-a-reapertura-da-mina-de-touro-como-proxecto-industrial-estratexico-so-para-sortear-o-rexeitamento-ambiental\/","article_publisher":"https:\/\/www.facebook.com\/anovapeneira","article_published_time":"2025-03-11T11:00:49+00:00","og_image":[{"width":720,"height":432,"url":"https:\/\/www.anovapeneira.gal\/wp-content\/uploads\/2025\/02\/mina_touro.jpg","type":"image\/jpeg"}],"author":"Redacci\u00f3n A Nova Peneira","twitter_card":"summary_large_image","twitter_creator":"@APeneira","twitter_site":"@APeneira","twitter_misc":{"Escrito por":"Redacci\u00f3n A Nova Peneira","Tempo de lectura":"5 minutos"},"schema":{"@context":"https:\/\/schema.org","@graph":[{"@type":"Article","@id":"https:\/\/www.anovapeneira.gal\/index.php\/2025\/03\/11\/ecoloxistas-en-accion-presenta-un-contencioso-contra-a-xunta-de-galicia-por-declarar-a-reapertura-da-mina-de-touro-como-proxecto-industrial-estratexico-so-para-sortear-o-rexeitamento-ambiental\/#article","isPartOf":{"@id":"https:\/\/www.anovapeneira.gal\/index.php\/2025\/03\/11\/ecoloxistas-en-accion-presenta-un-contencioso-contra-a-xunta-de-galicia-por-declarar-a-reapertura-da-mina-de-touro-como-proxecto-industrial-estratexico-so-para-sortear-o-rexeitamento-ambiental\/"},"author":{"name":"Redacci\u00f3n A Nova Peneira","@id":"https:\/\/www.anovapeneira.gal\/#\/schema\/person\/b93e3f8932e3f8da96334607eb6ac6aa"},"headline":"Ecoloxistas en Acci\u00f3n presenta un contencioso contra a Xunta de Galicia por declarar a reapertura da mina de Touro como Proxecto Industrial Estrat\u00e9xico s\u00f3 para sortear o rexeitamento ambiental","datePublished":"2025-03-11T11:00:49+00:00","mainEntityOfPage":{"@id":"https:\/\/www.anovapeneira.gal\/index.php\/2025\/03\/11\/ecoloxistas-en-accion-presenta-un-contencioso-contra-a-xunta-de-galicia-por-declarar-a-reapertura-da-mina-de-touro-como-proxecto-industrial-estratexico-so-para-sortear-o-rexeitamento-ambiental\/"},"wordCount":897,"commentCount":0,"publisher":{"@id":"https:\/\/www.anovapeneira.gal\/#organization"},"image":{"@id":"https:\/\/www.anovapeneira.gal\/index.php\/2025\/03\/11\/ecoloxistas-en-accion-presenta-un-contencioso-contra-a-xunta-de-galicia-por-declarar-a-reapertura-da-mina-de-touro-como-proxecto-industrial-estratexico-so-para-sortear-o-rexeitamento-ambiental\/#primaryimage"},"thumbnailUrl":"https:\/\/www.anovapeneira.gal\/wp-content\/uploads\/2025\/02\/mina_touro.jpg","keywords":["Ecoloxistas en Acci\u00f3n"],"articleSection":["Novas"],"inLanguage":"gl-ES","potentialAction":[{"@type":"CommentAction","name":"Comment","target":["https:\/\/www.anovapeneira.gal\/index.php\/2025\/03\/11\/ecoloxistas-en-accion-presenta-un-contencioso-contra-a-xunta-de-galicia-por-declarar-a-reapertura-da-mina-de-touro-como-proxecto-industrial-estratexico-so-para-sortear-o-rexeitamento-ambiental\/#respond"]}]},{"@type":"WebPage","@id":"https:\/\/www.anovapeneira.gal\/index.php\/2025\/03\/11\/ecoloxistas-en-accion-presenta-un-contencioso-contra-a-xunta-de-galicia-por-declarar-a-reapertura-da-mina-de-touro-como-proxecto-industrial-estratexico-so-para-sortear-o-rexeitamento-ambiental\/","url":"https:\/\/www.anovapeneira.gal\/index.php\/2025\/03\/11\/ecoloxistas-en-accion-presenta-un-contencioso-contra-a-xunta-de-galicia-por-declarar-a-reapertura-da-mina-de-touro-como-proxecto-industrial-estratexico-so-para-sortear-o-rexeitamento-ambiental\/","name":"Ecoloxistas en Acci\u00f3n presenta un contencioso contra a Xunta de Galicia por declarar a reapertura da mina de Touro como Proxecto Industrial Estrat\u00e9xico s\u00f3 para sortear o rexeitamento ambiental -","isPartOf":{"@id":"https:\/\/www.anovapeneira.gal\/#website"},"primaryImageOfPage":{"@id":"https:\/\/www.anovapeneira.gal\/index.php\/2025\/03\/11\/ecoloxistas-en-accion-presenta-un-contencioso-contra-a-xunta-de-galicia-por-declarar-a-reapertura-da-mina-de-touro-como-proxecto-industrial-estratexico-so-para-sortear-o-rexeitamento-ambiental\/#primaryimage"},"image":{"@id":"https:\/\/www.anovapeneira.gal\/index.php\/2025\/03\/11\/ecoloxistas-en-accion-presenta-un-contencioso-contra-a-xunta-de-galicia-por-declarar-a-reapertura-da-mina-de-touro-como-proxecto-industrial-estratexico-so-para-sortear-o-rexeitamento-ambiental\/#primaryimage"},"thumbnailUrl":"https:\/\/www.anovapeneira.gal\/wp-content\/uploads\/2025\/02\/mina_touro.jpg","datePublished":"2025-03-11T11:00:49+00:00","breadcrumb":{"@id":"https:\/\/www.anovapeneira.gal\/index.php\/2025\/03\/11\/ecoloxistas-en-accion-presenta-un-contencioso-contra-a-xunta-de-galicia-por-declarar-a-reapertura-da-mina-de-touro-como-proxecto-industrial-estratexico-so-para-sortear-o-rexeitamento-ambiental\/#breadcrumb"},"inLanguage":"gl-ES","potentialAction":[{"@type":"ReadAction","target":["https:\/\/www.anovapeneira.gal\/index.php\/2025\/03\/11\/ecoloxistas-en-accion-presenta-un-contencioso-contra-a-xunta-de-galicia-por-declarar-a-reapertura-da-mina-de-touro-como-proxecto-industrial-estratexico-so-para-sortear-o-rexeitamento-ambiental\/"]}]},{"@type":"ImageObject","inLanguage":"gl-ES","@id":"https:\/\/www.anovapeneira.gal\/index.php\/2025\/03\/11\/ecoloxistas-en-accion-presenta-un-contencioso-contra-a-xunta-de-galicia-por-declarar-a-reapertura-da-mina-de-touro-como-proxecto-industrial-estratexico-so-para-sortear-o-rexeitamento-ambiental\/#primaryimage","url":"https:\/\/www.anovapeneira.gal\/wp-content\/uploads\/2025\/02\/mina_touro.jpg","contentUrl":"https:\/\/www.anovapeneira.gal\/wp-content\/uploads\/2025\/02\/mina_touro.jpg","width":720,"height":432,"caption":"Mina Touro"},{"@type":"BreadcrumbList","@id":"https:\/\/www.anovapeneira.gal\/index.php\/2025\/03\/11\/ecoloxistas-en-accion-presenta-un-contencioso-contra-a-xunta-de-galicia-por-declarar-a-reapertura-da-mina-de-touro-como-proxecto-industrial-estratexico-so-para-sortear-o-rexeitamento-ambiental\/#breadcrumb","itemListElement":[{"@type":"ListItem","position":1,"name":"Portada","item":"https:\/\/www.anovapeneira.gal\/"},{"@type":"ListItem","position":2,"name":"Ecoloxistas en Acci\u00f3n presenta un contencioso contra a Xunta de Galicia por declarar a reapertura da mina de Touro como Proxecto Industrial Estrat\u00e9xico s\u00f3 para sortear o rexeitamento ambiental"}]},{"@type":"WebSite","@id":"https:\/\/www.anovapeneira.gal\/#website","url":"https:\/\/www.anovapeneira.gal\/","name":"","description":"Xornal galego de informaci\u00f3n xeral Publicaci\u00f3n mensual de novas de Galicia e en especial dos Concellos da sur da provincia de Pontevedra.","publisher":{"@id":"https:\/\/www.anovapeneira.gal\/#organization"},"potentialAction":[{"@type":"SearchAction","target":{"@type":"EntryPoint","urlTemplate":"https:\/\/www.anovapeneira.gal\/?s={search_term_string}"},"query-input":{"@type":"PropertyValueSpecification","valueRequired":true,"valueName":"search_term_string"}}],"inLanguage":"gl-ES"},{"@type":"Organization","@id":"https:\/\/www.anovapeneira.gal\/#organization","name":"A Nova Peneira","url":"https:\/\/www.anovapeneira.gal\/","logo":{"@type":"ImageObject","inLanguage":"gl-ES","@id":"https:\/\/www.anovapeneira.gal\/#\/schema\/logo\/image\/","url":"http:\/\/www.anovapeneira.gal\/wp-content\/uploads\/2019\/06\/logo_a_nova_peneira_portal_web.png","contentUrl":"http:\/\/www.anovapeneira.gal\/wp-content\/uploads\/2019\/06\/logo_a_nova_peneira_portal_web.png","width":300,"height":100,"caption":"A Nova Peneira"},"image":{"@id":"https:\/\/www.anovapeneira.gal\/#\/schema\/logo\/image\/"},"sameAs":["https:\/\/www.facebook.com\/anovapeneira","https:\/\/x.com\/APeneira"]},{"@type":"Person","@id":"https:\/\/www.anovapeneira.gal\/#\/schema\/person\/b93e3f8932e3f8da96334607eb6ac6aa","name":"Redacci\u00f3n A Nova Peneira","image":{"@type":"ImageObject","inLanguage":"gl-ES","@id":"https:\/\/secure.gravatar.com\/avatar\/c052a2551a06e23fac63626232eaa90abd78dbcf1700fc46a2b2c89fd27b735f?s=96&d=mm&r=g","url":"https:\/\/secure.gravatar.com\/avatar\/c052a2551a06e23fac63626232eaa90abd78dbcf1700fc46a2b2c89fd27b735f?s=96&d=mm&r=g","contentUrl":"https:\/\/secure.gravatar.com\/avatar\/c052a2551a06e23fac63626232eaa90abd78dbcf1700fc46a2b2c89fd27b735f?s=96&d=mm&r=g","caption":"Redacci\u00f3n A Nova Peneira"},"sameAs":["http:\/\/www.anovapeneira.gal\/"],"url":"https:\/\/www.anovapeneira.gal\/index.php\/author\/redactor\/"}]}},"jetpack_featured_media_url":"https:\/\/www.anovapeneira.gal\/wp-content\/uploads\/2025\/02\/mina_touro.jpg","_links":{"self":[{"href":"https:\/\/www.anovapeneira.gal\/index.php\/wp-json\/wp\/v2\/posts\/13476","targetHints":{"allow":["GET"]}}],"collection":[{"href":"https:\/\/www.anovapeneira.gal\/index.php\/wp-json\/wp\/v2\/posts"}],"about":[{"href":"https:\/\/www.anovapeneira.gal\/index.php\/wp-json\/wp\/v2\/types\/post"}],"author":[{"embeddable":true,"href":"https:\/\/www.anovapeneira.gal\/index.php\/wp-json\/wp\/v2\/users\/3"}],"replies":[{"embeddable":true,"href":"https:\/\/www.anovapeneira.gal\/index.php\/wp-json\/wp\/v2\/comments?post=13476"}],"version-history":[{"count":1,"href":"https:\/\/www.anovapeneira.gal\/index.php\/wp-json\/wp\/v2\/posts\/13476\/revisions"}],"predecessor-version":[{"id":13477,"href":"https:\/\/www.anovapeneira.gal\/index.php\/wp-json\/wp\/v2\/posts\/13476\/revisions\/13477"}],"wp:featuredmedia":[{"embeddable":true,"href":"https:\/\/www.anovapeneira.gal\/index.php\/wp-json\/wp\/v2\/media\/13238"}],"wp:attachment":[{"href":"https:\/\/www.anovapeneira.gal\/index.php\/wp-json\/wp\/v2\/media?parent=13476"}],"wp:term":[{"taxonomy":"category","embeddable":true,"href":"https:\/\/www.anovapeneira.gal\/index.php\/wp-json\/wp\/v2\/categories?post=13476"},{"taxonomy":"post_tag","embeddable":true,"href":"https:\/\/www.anovapeneira.gal\/index.php\/wp-json\/wp\/v2\/tags?post=13476"}],"curies":[{"name":"wp","href":"https:\/\/api.w.org\/{rel}","templated":true}]}}