{"id":1348,"date":"2019-09-27T12:00:16","date_gmt":"2019-09-27T10:00:16","guid":{"rendered":"http:\/\/www.anovapeneira.gal\/?p=1348"},"modified":"2019-09-23T11:44:40","modified_gmt":"2019-09-23T09:44:40","slug":"o-asociacionismo-e-a-empanada-de-noia","status":"publish","type":"post","link":"https:\/\/www.anovapeneira.gal\/index.php\/2019\/09\/27\/o-asociacionismo-e-a-empanada-de-noia\/","title":{"rendered":"O asociacionismo e a empanada de Noia"},"content":{"rendered":"\n<figure class=\"wp-block-image is-resized\"><img loading=\"lazy\" decoding=\"async\" src=\"http:\/\/www.anovapeneira.gal\/wp-content\/uploads\/2019\/09\/ANDRES_Counago_REDONDELA_opinion_a_nova_peneira.jpg\" alt=\"Andr\u00e9s Cou\u00f1ago Opini\u00f3n A Nova Peneira\" class=\"wp-image-1349\" width=\"95\" height=\"111\"\/><figcaption><strong>Andr\u00e9s Cou\u00f1ago Laxe<\/strong> <\/figcaption><\/figure>\n\n\n\n<p>O asociacionismo e a empanada de Noia foron as d\u00faas actividades que me ocuparon o pasado domingo d\u00eda 01-09-2019. Pola ma\u00f1\u00e1 asist\u00edn a unha asemblea veci\u00f1al na que por en\u00e9sima vez se puxo de manifesto a descomposici\u00f3n deste movemento de car\u00e1cter social que ten como principal tarefa tratar asuntos de interese comunitario. Non digo o nome da entidade convocante (hai 45 anos que foi fundada) por unha certa vergonza e pola parte de responsabilidade que tam\u00e9n me corresponder\u00eda, a\u00ednda que xa fun directivo dela durante 25 anos.<br>Trat\u00e1base de dar contas despois de dous anos como xunta xestora, a\u00ednda que cando asumiron a responsabilidade a intenci\u00f3n era por un per\u00edodo breve de tempo para logo convocar nova asemblea e nomear xunta directiva. Nunca o propuxeron nin creo que ningu\u00e9n o reclamase.<br>A orde do d\u00eda para dar conta do feito non tivo relevancia ningunha. Os proxectos: autorizar o se\u00f1or que xestiona a cantina do local para colocar un toldo na fronte do edificio social, podar unha \u00e1rbore camelia \u201cpara evitar molestias na terraza\u201d (a outra que estaba na mesma zona xa a cortaron), facer un cortello no mesmo espazo para despexo de mercanc\u00edas do cantineiro (m\u00e1is de 400 m2 de utilidade ten o edificio), convocar nova asemblea para finais de setembro e xestionar o arranxo do montacargas, unha inutilidade que tivo e ten como funci\u00f3n afear e escarallar a est\u00e9tica dun edificio hist\u00f3rico, unha vella sociedade agraria. Para esta viaxe non fac\u00edan falta alforxas, di o refraneiro; e abof\u00e9 que neste caso o di moi ben.<br>Non, queridos, as\u00ed non. As\u00ed non imos a ningures. As\u00ed seguiranse dando de baixa o resto dos socios; temos un 50% menos nos \u00faltimos cinco anos. Daquela, \u00e9 necesaria unha reflexi\u00f3n ao respecto, e o primeiro que temos-tedes que tratar de saber \u00e9 que estamos falando dun centro cultural que ten unha cantina e non ao rev\u00e9s. Dirixides unha entidade Cultural que ten 45 anos de historia, que contamos cun edificio que as s\u00faas paredes interiores e exteriores esta cargadas de referencias culturais: a Blanco Amor, a Basilio \u00c1lvarez\u2026 Como se pode colocar un letreiro para anunciar a cantina do centro co nome deturpado da entidade fronte a escultura dese\u00f1ada por Castelao que preside a fachada da Sociedade? \u00c9 todo un s\u00edntoma.<br>Se queredes presentarvos \u00e1 elecci\u00f3n, v\u00f3s ou calquera outro grupo, deber\u00edase facer un programa cultural, cando menos de intenci\u00f3ns ; referencias dabondo hai nos arquivos para poder copiar e mellorar. Quen pode defender e divulgar mellor que a Sociedade Cultural o patrimonio etnogr\u00e1fico, art\u00edstico, arquitect\u00f3nico, topon\u00edmico e paisax\u00edstico da parroquia? E as festas c\u00edclicas do ano: Maios, Entroido, Letras Galegas\u2026e a biblioteca, as conferencias, a presentaci\u00f3n de libros, exposici\u00f3ns\u2026?<br>T\u00e9molo sabido dabondo que o asociacionismo \u00e9 progreso e avance para as sociedades, xa que con el prom\u00f3vese a participaci\u00f3n cidad\u00e1 na procura do benestar com\u00fan e o ben p\u00fablico; mesmo sabemos que para establecer o nivel e calidade de vida dunha poboaci\u00f3n, entre outros medidores para determinalo, \u00e9 utilizado o n\u00famero e o grao de implicaci\u00f3n asociativa da cidadan\u00eda desa comunidade.<\/p>\n\n\n\n<p>\nNo\ndicir do cura redondel\u00e1n don Carlos \u00c1lvarez, un cura como Deus\nmanda, a parroquia \u00e9 a que est\u00e1 do portal do eido para f\u00f3ra, o\nterritorio p\u00fablico e os bens que nel se atopan, son os que temos a\nobriga de coidar e compartir.<\/p>\n\n\n\n<p>E\nata aqu\u00ed chegaron as ocupaci\u00f3ns e reflexi\u00f3ns da ma\u00f1\u00e1 do domingo.\nA tarde paseina moito mellor, compartina co libri\u00f1o \u201cUnha viaxe \u00e1\nprocura do solpor, do Tambre \u00e1 fin da terra\u201d, de Francisco X.\nFern\u00e1ndez Naval. Nas p\u00e1xinas que lle adica \u00e1 fermosa vila de Noia\n\u201cun rom\u00e1ntico e encantador lugar, onde florecen as camelias, dan\nfroito os limoeiros e repousan as garzas\u201d, tam\u00e9n descubrimos o\nrica que \u00e9 a Vila en locais para comer, destacando o tratamento que\nlle dan ao peixe e ao marisco e sobre todo \u00e1s empanadas variadas de\npan de millo. Un dos segredos da empanada de Noia \u00e9 que \u00e9 a \u00fanica\n\u00e1 que se lle d\u00e1 volta no forno.<br>Na humilde opini\u00f3n de quen ten\na experiencia de 45 anos de participaci\u00f3n e activismo asociativo de\ntodo tipo, podiamos conclu\u00edr dicindo que o mundo asociativo de\nRedondela e seguro que o do resto do pa\u00eds necesita que se lle dea a\nvolta como \u00e1 empanada de Noia<\/p>\n","protected":false},"excerpt":{"rendered":"<div class=\"mh-excerpt\"><p>O asociacionismo e a empanada de Noia foron as d\u00faas actividades que me ocuparon o pasado domingo d\u00eda 01-09-2019. Pola ma\u00f1\u00e1 asist\u00edn a unha asemblea veci\u00f1al na que por en\u00e9sima vez se puxo de manifesto a descomposici\u00f3n deste movemento de car\u00e1cter social que ten como principal tarefa tratar asuntos de interese comunitario <a class=\"mh-excerpt-more\" href=\"https:\/\/www.anovapeneira.gal\/index.php\/2019\/09\/27\/o-asociacionismo-e-a-empanada-de-noia\/\" title=\"O asociacionismo e a empanada de Noia\">[&#8230;]<\/a><\/p>\n<\/div>","protected":false},"author":12,"featured_media":584,"comment_status":"open","ping_status":"open","sticky":false,"template":"","format":"standard","meta":{"_exactmetrics_skip_tracking":false,"_exactmetrics_sitenote_active":false,"_exactmetrics_sitenote_note":"","_exactmetrics_sitenote_category":0,"footnotes":""},"categories":[7],"tags":[33,620],"class_list":{"0":"post-1348","1":"post","2":"type-post","3":"status-publish","4":"format-standard","5":"has-post-thumbnail","7":"category-artigos-de-opinion","8":"tag-cultura","9":"tag-empanada-de-noia"},"yoast_head":"<!-- This site is optimized with the Yoast SEO plugin v27.4 - https:\/\/yoast.com\/product\/yoast-seo-wordpress\/ -->\n<title>O asociacionismo e a empanada de Noia -<\/title>\n<meta name=\"robots\" content=\"index, follow, max-snippet:-1, max-image-preview:large, max-video-preview:-1\" \/>\n<link rel=\"canonical\" href=\"https:\/\/www.anovapeneira.gal\/index.php\/2019\/09\/27\/o-asociacionismo-e-a-empanada-de-noia\/\" \/>\n<meta property=\"og:locale\" content=\"gl_ES\" \/>\n<meta property=\"og:type\" content=\"article\" \/>\n<meta property=\"og:title\" content=\"O asociacionismo e a empanada de Noia -\" \/>\n<meta property=\"og:description\" content=\"O asociacionismo e a empanada de Noia foron as d\u00faas actividades que me ocuparon o pasado domingo d\u00eda 01-09-2019. Pola ma\u00f1\u00e1 asist\u00edn a unha asemblea veci\u00f1al na que por en\u00e9sima vez se puxo de manifesto a descomposici\u00f3n deste movemento de car\u00e1cter social que ten como principal tarefa tratar asuntos de interese comunitario [...]\" \/>\n<meta property=\"og:url\" content=\"https:\/\/www.anovapeneira.gal\/index.php\/2019\/09\/27\/o-asociacionismo-e-a-empanada-de-noia\/\" \/>\n<meta property=\"article:publisher\" content=\"https:\/\/www.facebook.com\/anovapeneira\" \/>\n<meta property=\"article:published_time\" content=\"2019-09-27T10:00:16+00:00\" \/>\n<meta property=\"og:image\" content=\"https:\/\/www.anovapeneira.gal\/wp-content\/uploads\/2019\/07\/ARTIGO_DE_OPINION_A_NOVA_PENEIRA.jpg\" \/>\n\t<meta property=\"og:image:width\" content=\"720\" \/>\n\t<meta property=\"og:image:height\" content=\"473\" \/>\n\t<meta property=\"og:image:type\" content=\"image\/jpeg\" \/>\n<meta name=\"author\" content=\"Artigos Opini\u00f3n\" \/>\n<meta name=\"twitter:card\" content=\"summary_large_image\" \/>\n<meta name=\"twitter:creator\" content=\"@APeneira\" \/>\n<meta name=\"twitter:site\" content=\"@APeneira\" \/>\n<meta name=\"twitter:label1\" content=\"Escrito por\" \/>\n\t<meta name=\"twitter:data1\" content=\"Artigos Opini\u00f3n\" \/>\n\t<meta name=\"twitter:label2\" content=\"Tempo de lectura\" \/>\n\t<meta name=\"twitter:data2\" content=\"4 minutos\" \/>\n<script type=\"application\/ld+json\" class=\"yoast-schema-graph\">{\"@context\":\"https:\\\/\\\/schema.org\",\"@graph\":[{\"@type\":\"Article\",\"@id\":\"https:\\\/\\\/www.anovapeneira.gal\\\/index.php\\\/2019\\\/09\\\/27\\\/o-asociacionismo-e-a-empanada-de-noia\\\/#article\",\"isPartOf\":{\"@id\":\"https:\\\/\\\/www.anovapeneira.gal\\\/index.php\\\/2019\\\/09\\\/27\\\/o-asociacionismo-e-a-empanada-de-noia\\\/\"},\"author\":{\"name\":\"Artigos Opini\u00f3n\",\"@id\":\"https:\\\/\\\/www.anovapeneira.gal\\\/#\\\/schema\\\/person\\\/f18a4feb302e8f20bcef4490b5b60bb3\"},\"headline\":\"O asociacionismo e a empanada de Noia\",\"datePublished\":\"2019-09-27T10:00:16+00:00\",\"mainEntityOfPage\":{\"@id\":\"https:\\\/\\\/www.anovapeneira.gal\\\/index.php\\\/2019\\\/09\\\/27\\\/o-asociacionismo-e-a-empanada-de-noia\\\/\"},\"wordCount\":774,\"commentCount\":0,\"publisher\":{\"@id\":\"https:\\\/\\\/www.anovapeneira.gal\\\/#organization\"},\"image\":{\"@id\":\"https:\\\/\\\/www.anovapeneira.gal\\\/index.php\\\/2019\\\/09\\\/27\\\/o-asociacionismo-e-a-empanada-de-noia\\\/#primaryimage\"},\"thumbnailUrl\":\"https:\\\/\\\/www.anovapeneira.gal\\\/wp-content\\\/uploads\\\/2019\\\/07\\\/ARTIGO_DE_OPINION_A_NOVA_PENEIRA.jpg\",\"keywords\":[\"Cultura\",\"Empanada de Noia\"],\"articleSection\":[\"Artigos de opini\u00f3n\"],\"inLanguage\":\"gl-ES\",\"potentialAction\":[{\"@type\":\"CommentAction\",\"name\":\"Comment\",\"target\":[\"https:\\\/\\\/www.anovapeneira.gal\\\/index.php\\\/2019\\\/09\\\/27\\\/o-asociacionismo-e-a-empanada-de-noia\\\/#respond\"]}]},{\"@type\":\"WebPage\",\"@id\":\"https:\\\/\\\/www.anovapeneira.gal\\\/index.php\\\/2019\\\/09\\\/27\\\/o-asociacionismo-e-a-empanada-de-noia\\\/\",\"url\":\"https:\\\/\\\/www.anovapeneira.gal\\\/index.php\\\/2019\\\/09\\\/27\\\/o-asociacionismo-e-a-empanada-de-noia\\\/\",\"name\":\"O asociacionismo e a empanada de Noia -\",\"isPartOf\":{\"@id\":\"https:\\\/\\\/www.anovapeneira.gal\\\/#website\"},\"primaryImageOfPage\":{\"@id\":\"https:\\\/\\\/www.anovapeneira.gal\\\/index.php\\\/2019\\\/09\\\/27\\\/o-asociacionismo-e-a-empanada-de-noia\\\/#primaryimage\"},\"image\":{\"@id\":\"https:\\\/\\\/www.anovapeneira.gal\\\/index.php\\\/2019\\\/09\\\/27\\\/o-asociacionismo-e-a-empanada-de-noia\\\/#primaryimage\"},\"thumbnailUrl\":\"https:\\\/\\\/www.anovapeneira.gal\\\/wp-content\\\/uploads\\\/2019\\\/07\\\/ARTIGO_DE_OPINION_A_NOVA_PENEIRA.jpg\",\"datePublished\":\"2019-09-27T10:00:16+00:00\",\"breadcrumb\":{\"@id\":\"https:\\\/\\\/www.anovapeneira.gal\\\/index.php\\\/2019\\\/09\\\/27\\\/o-asociacionismo-e-a-empanada-de-noia\\\/#breadcrumb\"},\"inLanguage\":\"gl-ES\",\"potentialAction\":[{\"@type\":\"ReadAction\",\"target\":[\"https:\\\/\\\/www.anovapeneira.gal\\\/index.php\\\/2019\\\/09\\\/27\\\/o-asociacionismo-e-a-empanada-de-noia\\\/\"]}]},{\"@type\":\"ImageObject\",\"inLanguage\":\"gl-ES\",\"@id\":\"https:\\\/\\\/www.anovapeneira.gal\\\/index.php\\\/2019\\\/09\\\/27\\\/o-asociacionismo-e-a-empanada-de-noia\\\/#primaryimage\",\"url\":\"https:\\\/\\\/www.anovapeneira.gal\\\/wp-content\\\/uploads\\\/2019\\\/07\\\/ARTIGO_DE_OPINION_A_NOVA_PENEIRA.jpg\",\"contentUrl\":\"https:\\\/\\\/www.anovapeneira.gal\\\/wp-content\\\/uploads\\\/2019\\\/07\\\/ARTIGO_DE_OPINION_A_NOVA_PENEIRA.jpg\",\"width\":720,\"height\":473,\"caption\":\"Artigo de opini\u00f3n A Nova Peneira\"},{\"@type\":\"BreadcrumbList\",\"@id\":\"https:\\\/\\\/www.anovapeneira.gal\\\/index.php\\\/2019\\\/09\\\/27\\\/o-asociacionismo-e-a-empanada-de-noia\\\/#breadcrumb\",\"itemListElement\":[{\"@type\":\"ListItem\",\"position\":1,\"name\":\"Portada\",\"item\":\"https:\\\/\\\/www.anovapeneira.gal\\\/\"},{\"@type\":\"ListItem\",\"position\":2,\"name\":\"O asociacionismo e a empanada de Noia\"}]},{\"@type\":\"WebSite\",\"@id\":\"https:\\\/\\\/www.anovapeneira.gal\\\/#website\",\"url\":\"https:\\\/\\\/www.anovapeneira.gal\\\/\",\"name\":\"\",\"description\":\"Xornal galego de informaci\u00f3n xeral Publicaci\u00f3n mensual de novas de Galicia e en especial dos Concellos da sur da provincia de Pontevedra.\",\"publisher\":{\"@id\":\"https:\\\/\\\/www.anovapeneira.gal\\\/#organization\"},\"potentialAction\":[{\"@type\":\"SearchAction\",\"target\":{\"@type\":\"EntryPoint\",\"urlTemplate\":\"https:\\\/\\\/www.anovapeneira.gal\\\/?s={search_term_string}\"},\"query-input\":{\"@type\":\"PropertyValueSpecification\",\"valueRequired\":true,\"valueName\":\"search_term_string\"}}],\"inLanguage\":\"gl-ES\"},{\"@type\":\"Organization\",\"@id\":\"https:\\\/\\\/www.anovapeneira.gal\\\/#organization\",\"name\":\"A Nova Peneira\",\"url\":\"https:\\\/\\\/www.anovapeneira.gal\\\/\",\"logo\":{\"@type\":\"ImageObject\",\"inLanguage\":\"gl-ES\",\"@id\":\"https:\\\/\\\/www.anovapeneira.gal\\\/#\\\/schema\\\/logo\\\/image\\\/\",\"url\":\"http:\\\/\\\/www.anovapeneira.gal\\\/wp-content\\\/uploads\\\/2019\\\/06\\\/logo_a_nova_peneira_portal_web.png\",\"contentUrl\":\"http:\\\/\\\/www.anovapeneira.gal\\\/wp-content\\\/uploads\\\/2019\\\/06\\\/logo_a_nova_peneira_portal_web.png\",\"width\":300,\"height\":100,\"caption\":\"A Nova Peneira\"},\"image\":{\"@id\":\"https:\\\/\\\/www.anovapeneira.gal\\\/#\\\/schema\\\/logo\\\/image\\\/\"},\"sameAs\":[\"https:\\\/\\\/www.facebook.com\\\/anovapeneira\",\"https:\\\/\\\/x.com\\\/APeneira\"]},{\"@type\":\"Person\",\"@id\":\"https:\\\/\\\/www.anovapeneira.gal\\\/#\\\/schema\\\/person\\\/f18a4feb302e8f20bcef4490b5b60bb3\",\"name\":\"Artigos Opini\u00f3n\",\"image\":{\"@type\":\"ImageObject\",\"inLanguage\":\"gl-ES\",\"@id\":\"https:\\\/\\\/secure.gravatar.com\\\/avatar\\\/072844300f4881150aee2da4278f7a65d16eefdf8262eb67085f1e702de2b959?s=96&d=mm&r=g\",\"url\":\"https:\\\/\\\/secure.gravatar.com\\\/avatar\\\/072844300f4881150aee2da4278f7a65d16eefdf8262eb67085f1e702de2b959?s=96&d=mm&r=g\",\"contentUrl\":\"https:\\\/\\\/secure.gravatar.com\\\/avatar\\\/072844300f4881150aee2da4278f7a65d16eefdf8262eb67085f1e702de2b959?s=96&d=mm&r=g\",\"caption\":\"Artigos Opini\u00f3n\"},\"sameAs\":[\"http:\\\/\\\/anovapeneira.gal\"],\"url\":\"https:\\\/\\\/www.anovapeneira.gal\\\/index.php\\\/author\\\/artigosopinion\\\/\"}]}<\/script>\n<!-- \/ Yoast SEO plugin. -->","yoast_head_json":{"title":"O asociacionismo e a empanada de Noia -","robots":{"index":"index","follow":"follow","max-snippet":"max-snippet:-1","max-image-preview":"max-image-preview:large","max-video-preview":"max-video-preview:-1"},"canonical":"https:\/\/www.anovapeneira.gal\/index.php\/2019\/09\/27\/o-asociacionismo-e-a-empanada-de-noia\/","og_locale":"gl_ES","og_type":"article","og_title":"O asociacionismo e a empanada de Noia -","og_description":"O asociacionismo e a empanada de Noia foron as d\u00faas actividades que me ocuparon o pasado domingo d\u00eda 01-09-2019. Pola ma\u00f1\u00e1 asist\u00edn a unha asemblea veci\u00f1al na que por en\u00e9sima vez se puxo de manifesto a descomposici\u00f3n deste movemento de car\u00e1cter social que ten como principal tarefa tratar asuntos de interese comunitario [...]","og_url":"https:\/\/www.anovapeneira.gal\/index.php\/2019\/09\/27\/o-asociacionismo-e-a-empanada-de-noia\/","article_publisher":"https:\/\/www.facebook.com\/anovapeneira","article_published_time":"2019-09-27T10:00:16+00:00","og_image":[{"width":720,"height":473,"url":"https:\/\/www.anovapeneira.gal\/wp-content\/uploads\/2019\/07\/ARTIGO_DE_OPINION_A_NOVA_PENEIRA.jpg","type":"image\/jpeg"}],"author":"Artigos Opini\u00f3n","twitter_card":"summary_large_image","twitter_creator":"@APeneira","twitter_site":"@APeneira","twitter_misc":{"Escrito por":"Artigos Opini\u00f3n","Tempo de lectura":"4 minutos"},"schema":{"@context":"https:\/\/schema.org","@graph":[{"@type":"Article","@id":"https:\/\/www.anovapeneira.gal\/index.php\/2019\/09\/27\/o-asociacionismo-e-a-empanada-de-noia\/#article","isPartOf":{"@id":"https:\/\/www.anovapeneira.gal\/index.php\/2019\/09\/27\/o-asociacionismo-e-a-empanada-de-noia\/"},"author":{"name":"Artigos Opini\u00f3n","@id":"https:\/\/www.anovapeneira.gal\/#\/schema\/person\/f18a4feb302e8f20bcef4490b5b60bb3"},"headline":"O asociacionismo e a empanada de Noia","datePublished":"2019-09-27T10:00:16+00:00","mainEntityOfPage":{"@id":"https:\/\/www.anovapeneira.gal\/index.php\/2019\/09\/27\/o-asociacionismo-e-a-empanada-de-noia\/"},"wordCount":774,"commentCount":0,"publisher":{"@id":"https:\/\/www.anovapeneira.gal\/#organization"},"image":{"@id":"https:\/\/www.anovapeneira.gal\/index.php\/2019\/09\/27\/o-asociacionismo-e-a-empanada-de-noia\/#primaryimage"},"thumbnailUrl":"https:\/\/www.anovapeneira.gal\/wp-content\/uploads\/2019\/07\/ARTIGO_DE_OPINION_A_NOVA_PENEIRA.jpg","keywords":["Cultura","Empanada de Noia"],"articleSection":["Artigos de opini\u00f3n"],"inLanguage":"gl-ES","potentialAction":[{"@type":"CommentAction","name":"Comment","target":["https:\/\/www.anovapeneira.gal\/index.php\/2019\/09\/27\/o-asociacionismo-e-a-empanada-de-noia\/#respond"]}]},{"@type":"WebPage","@id":"https:\/\/www.anovapeneira.gal\/index.php\/2019\/09\/27\/o-asociacionismo-e-a-empanada-de-noia\/","url":"https:\/\/www.anovapeneira.gal\/index.php\/2019\/09\/27\/o-asociacionismo-e-a-empanada-de-noia\/","name":"O asociacionismo e a empanada de Noia -","isPartOf":{"@id":"https:\/\/www.anovapeneira.gal\/#website"},"primaryImageOfPage":{"@id":"https:\/\/www.anovapeneira.gal\/index.php\/2019\/09\/27\/o-asociacionismo-e-a-empanada-de-noia\/#primaryimage"},"image":{"@id":"https:\/\/www.anovapeneira.gal\/index.php\/2019\/09\/27\/o-asociacionismo-e-a-empanada-de-noia\/#primaryimage"},"thumbnailUrl":"https:\/\/www.anovapeneira.gal\/wp-content\/uploads\/2019\/07\/ARTIGO_DE_OPINION_A_NOVA_PENEIRA.jpg","datePublished":"2019-09-27T10:00:16+00:00","breadcrumb":{"@id":"https:\/\/www.anovapeneira.gal\/index.php\/2019\/09\/27\/o-asociacionismo-e-a-empanada-de-noia\/#breadcrumb"},"inLanguage":"gl-ES","potentialAction":[{"@type":"ReadAction","target":["https:\/\/www.anovapeneira.gal\/index.php\/2019\/09\/27\/o-asociacionismo-e-a-empanada-de-noia\/"]}]},{"@type":"ImageObject","inLanguage":"gl-ES","@id":"https:\/\/www.anovapeneira.gal\/index.php\/2019\/09\/27\/o-asociacionismo-e-a-empanada-de-noia\/#primaryimage","url":"https:\/\/www.anovapeneira.gal\/wp-content\/uploads\/2019\/07\/ARTIGO_DE_OPINION_A_NOVA_PENEIRA.jpg","contentUrl":"https:\/\/www.anovapeneira.gal\/wp-content\/uploads\/2019\/07\/ARTIGO_DE_OPINION_A_NOVA_PENEIRA.jpg","width":720,"height":473,"caption":"Artigo de opini\u00f3n A Nova Peneira"},{"@type":"BreadcrumbList","@id":"https:\/\/www.anovapeneira.gal\/index.php\/2019\/09\/27\/o-asociacionismo-e-a-empanada-de-noia\/#breadcrumb","itemListElement":[{"@type":"ListItem","position":1,"name":"Portada","item":"https:\/\/www.anovapeneira.gal\/"},{"@type":"ListItem","position":2,"name":"O asociacionismo e a empanada de Noia"}]},{"@type":"WebSite","@id":"https:\/\/www.anovapeneira.gal\/#website","url":"https:\/\/www.anovapeneira.gal\/","name":"","description":"Xornal galego de informaci\u00f3n xeral Publicaci\u00f3n mensual de novas de Galicia e en especial dos Concellos da sur da provincia de Pontevedra.","publisher":{"@id":"https:\/\/www.anovapeneira.gal\/#organization"},"potentialAction":[{"@type":"SearchAction","target":{"@type":"EntryPoint","urlTemplate":"https:\/\/www.anovapeneira.gal\/?s={search_term_string}"},"query-input":{"@type":"PropertyValueSpecification","valueRequired":true,"valueName":"search_term_string"}}],"inLanguage":"gl-ES"},{"@type":"Organization","@id":"https:\/\/www.anovapeneira.gal\/#organization","name":"A Nova Peneira","url":"https:\/\/www.anovapeneira.gal\/","logo":{"@type":"ImageObject","inLanguage":"gl-ES","@id":"https:\/\/www.anovapeneira.gal\/#\/schema\/logo\/image\/","url":"http:\/\/www.anovapeneira.gal\/wp-content\/uploads\/2019\/06\/logo_a_nova_peneira_portal_web.png","contentUrl":"http:\/\/www.anovapeneira.gal\/wp-content\/uploads\/2019\/06\/logo_a_nova_peneira_portal_web.png","width":300,"height":100,"caption":"A Nova Peneira"},"image":{"@id":"https:\/\/www.anovapeneira.gal\/#\/schema\/logo\/image\/"},"sameAs":["https:\/\/www.facebook.com\/anovapeneira","https:\/\/x.com\/APeneira"]},{"@type":"Person","@id":"https:\/\/www.anovapeneira.gal\/#\/schema\/person\/f18a4feb302e8f20bcef4490b5b60bb3","name":"Artigos Opini\u00f3n","image":{"@type":"ImageObject","inLanguage":"gl-ES","@id":"https:\/\/secure.gravatar.com\/avatar\/072844300f4881150aee2da4278f7a65d16eefdf8262eb67085f1e702de2b959?s=96&d=mm&r=g","url":"https:\/\/secure.gravatar.com\/avatar\/072844300f4881150aee2da4278f7a65d16eefdf8262eb67085f1e702de2b959?s=96&d=mm&r=g","contentUrl":"https:\/\/secure.gravatar.com\/avatar\/072844300f4881150aee2da4278f7a65d16eefdf8262eb67085f1e702de2b959?s=96&d=mm&r=g","caption":"Artigos Opini\u00f3n"},"sameAs":["http:\/\/anovapeneira.gal"],"url":"https:\/\/www.anovapeneira.gal\/index.php\/author\/artigosopinion\/"}]}},"jetpack_featured_media_url":"https:\/\/www.anovapeneira.gal\/wp-content\/uploads\/2019\/07\/ARTIGO_DE_OPINION_A_NOVA_PENEIRA.jpg","_links":{"self":[{"href":"https:\/\/www.anovapeneira.gal\/index.php\/wp-json\/wp\/v2\/posts\/1348","targetHints":{"allow":["GET"]}}],"collection":[{"href":"https:\/\/www.anovapeneira.gal\/index.php\/wp-json\/wp\/v2\/posts"}],"about":[{"href":"https:\/\/www.anovapeneira.gal\/index.php\/wp-json\/wp\/v2\/types\/post"}],"author":[{"embeddable":true,"href":"https:\/\/www.anovapeneira.gal\/index.php\/wp-json\/wp\/v2\/users\/12"}],"replies":[{"embeddable":true,"href":"https:\/\/www.anovapeneira.gal\/index.php\/wp-json\/wp\/v2\/comments?post=1348"}],"version-history":[{"count":1,"href":"https:\/\/www.anovapeneira.gal\/index.php\/wp-json\/wp\/v2\/posts\/1348\/revisions"}],"predecessor-version":[{"id":1350,"href":"https:\/\/www.anovapeneira.gal\/index.php\/wp-json\/wp\/v2\/posts\/1348\/revisions\/1350"}],"wp:featuredmedia":[{"embeddable":true,"href":"https:\/\/www.anovapeneira.gal\/index.php\/wp-json\/wp\/v2\/media\/584"}],"wp:attachment":[{"href":"https:\/\/www.anovapeneira.gal\/index.php\/wp-json\/wp\/v2\/media?parent=1348"}],"wp:term":[{"taxonomy":"category","embeddable":true,"href":"https:\/\/www.anovapeneira.gal\/index.php\/wp-json\/wp\/v2\/categories?post=1348"},{"taxonomy":"post_tag","embeddable":true,"href":"https:\/\/www.anovapeneira.gal\/index.php\/wp-json\/wp\/v2\/tags?post=1348"}],"curies":[{"name":"wp","href":"https:\/\/api.w.org\/{rel}","templated":true}]}}