{"id":13531,"date":"2025-03-14T12:00:46","date_gmt":"2025-03-14T11:00:46","guid":{"rendered":"https:\/\/www.anovapeneira.gal\/?p=13531"},"modified":"2025-03-11T10:22:11","modified_gmt":"2025-03-11T09:22:11","slug":"deputadas-galegas","status":"publish","type":"post","link":"https:\/\/www.anovapeneira.gal\/index.php\/2025\/03\/14\/deputadas-galegas\/","title":{"rendered":"Deputadas galegas"},"content":{"rendered":"\n<pre class=\"wp-block-verse\"><strong>Tino Lago<\/strong><\/pre>\n\n\n\n<p><strong>Iniciamos unha nova xeira de entrevistas pol\u00edticas con mulleres deputadas das distintas forzas pol\u00edticas do noso pa\u00eds, falando con Sandra, deputada provincial do PP.<\/strong><\/p>\n\n\n\n<p><strong>Sandra Bastos concelleira do PP de Redondela, e deputada provincial.<\/strong><\/p>\n\n\n\n<h2 class=\"wp-block-heading\">\u201c <strong>Digna Rivas \u00e9 unha alcaldesa que non respecta \u00e1 oposici\u00f3n\u201d<\/strong><\/h2>\n\n\n\n<p><strong>Comecemos por co\u00f1ecerte un pouco: De onde es, a que te dedicas e como e cando comezou a t\u00faa relaci\u00f3n coa pol\u00edtica?<\/strong><\/p>\n\n\n\n<blockquote class=\"wp-block-quote is-layout-flow wp-block-quote-is-layout-flow\">\n<p>Eu son de Redondela, a mi\u00f1a familia procede de Cesantes, e agora mesmo ded\u00edcome \u00e1 pol\u00edtica a tempo completo.<\/p>\n<\/blockquote>\n\n\n\n<p><strong>Non sempre foi as\u00ed?<\/strong><\/p>\n\n\n\n<blockquote class=\"wp-block-quote is-layout-flow wp-block-quote-is-layout-flow\">\n<p>Efectivamente, dediqueime \u00e1 fotograf\u00eda durante m\u00e1is de 30 anos. Deixeino hai moi pouco, en decembro do pasado ano.<\/p>\n<\/blockquote>\n\n\n\n<p><strong>Gust\u00e1bache a fotograf\u00eda?<\/strong><\/p>\n\n\n\n<blockquote class=\"wp-block-quote is-layout-flow wp-block-quote-is-layout-flow\">\n<p>Si, moito. E segue a gustarme a\u00ednda. \u00c9 unha aut\u00e9ntica paix\u00f3n.<\/p>\n<\/blockquote>\n\n\n\n<p><strong>Por que o deixaches? Se cadra a pol\u00edtica non che deixa tempo ?<\/strong><\/p>\n\n\n\n<blockquote class=\"wp-block-quote is-layout-flow wp-block-quote-is-layout-flow\">\n<p>Ese \u00e9 un dos motivos, pero o principal \u00e9 un problema de sa\u00fade que me impide desenvolver ese traballo.<\/p>\n<\/blockquote>\n\n\n\n<p><strong>Como comezou a t\u00faa relaci\u00f3n coa pol\u00edtica?<\/strong><\/p>\n\n\n\n<blockquote class=\"wp-block-quote is-layout-flow wp-block-quote-is-layout-flow\">\n<p>A pol\u00edtica gustoume desde sempre, e o PP foi a organizaci\u00f3n pol\u00edtica coa que, desde que te\u00f1o recordos, me sinto identificada pois as s\u00faas ideas encaixan coa mi\u00f1a forma de entender a realidade. O meu activismo in\u00edciase no ano 2019 e a mi\u00f1a afiliaci\u00f3n foi un par de anos despois.<\/p>\n<\/blockquote>\n\n\n\n<blockquote class=\"wp-block-quote is-layout-flow wp-block-quote-is-layout-flow\">\n<p>Como antes mencionei sempre sent\u00edn simpat\u00eda polo PP, pero desde que co\u00f1ezo por dentro ao partido en Redondela a mi\u00f1a simpat\u00eda multiplicouse ata se converter en identificaci\u00f3n plena.<\/p>\n<\/blockquote>\n\n\n\n<p><strong>Nas municipais do 2019 vas por primeira vez nunha lista do PP de Redondela, \u00edas de n\u00famero 9 e quitastes 9 actas, polo tanto fuches escollida concelleira. Quen che propuxo formar parte desa lista?<\/strong><\/p>\n\n\n\n<blockquote class=\"wp-block-quote is-layout-flow wp-block-quote-is-layout-flow\">\n<p>Javier Bas.<\/p>\n<\/blockquote>\n\n\n\n<p><strong>Co\u00f1ec\u00edalo persoalmente?<\/strong><\/p>\n\n\n\n<blockquote class=\"wp-block-quote is-layout-flow wp-block-quote-is-layout-flow\">\n<p>Si, pero non ti\u00f1a a relaci\u00f3n que temos agora.<\/p>\n<\/blockquote>\n\n\n\n<p><strong>Por que aceptaches ir nesa lista?<\/strong><\/p>\n\n\n\n<blockquote class=\"wp-block-quote is-layout-flow wp-block-quote-is-layout-flow\">\n<p>Pois porque Javier fora 8 anos alcalde, e eu valoraba de maneira tremendamente positiva o traballo que fixeran por Redondela tanto el como todo o seu equipo. E eu, humildemente, creo que pod\u00eda achegar cousas positivas ao traballo pol\u00edtico da mi\u00f1a organizaci\u00f3n.<\/p>\n<\/blockquote>\n\n\n\n<p><strong>No 19 entras no concello como concelleira da oposici\u00f3n no primeiro mandato de Digna Rivas. Como valoras eses primeiros catro anos de goberno da actual alcaldesa?<\/strong><\/p>\n\n\n\n<blockquote class=\"wp-block-quote is-layout-flow wp-block-quote-is-layout-flow\">\n<p>O que me encontrei foi moi sorprendente para min. Eu non agardaba nin de lonxe que se puidese gobernar as\u00ed.<\/p>\n<\/blockquote>\n\n\n\n<p><strong>As\u00ed, como?<\/strong><\/p>\n\n\n\n<blockquote class=\"wp-block-quote is-layout-flow wp-block-quote-is-layout-flow\">\n<p>Facendo un exercicio constante de deshonestidade intelectual. Prescindido dos principios, esquecendo os valores e vivindo nun permanente todo vale con tal de conservar o goberno.<\/p>\n<\/blockquote>\n\n\n\n<p><strong>Quen prescindiu dos principios?<\/strong><\/p>\n\n\n\n<blockquote class=\"wp-block-quote is-layout-flow wp-block-quote-is-layout-flow\">\n<p>Perm\u00edteme que non personalice. S\u00f3 dicir que eu agardaba outra forma de facer pol\u00edtica. Esperaba, dentro das l\u00f3xicas discrepancias ideol\u00f3xicas e dos lex\u00edtimos intereses pol\u00edticos de cada grupo, unha disposici\u00f3n ao consenso en beneficio de Redondela, que en absoluto encontrei no equipo de goberno.<\/p>\n<\/blockquote>\n\n\n\n<p><strong>E nese primeiro mandato v\u00f3s fixestes unha oposici\u00f3n construtiva?<\/strong><\/p>\n\n\n\n<blockquote class=\"wp-block-quote is-layout-flow wp-block-quote-is-layout-flow\">\n<p>Tent\u00e1molo desde o primeiro momento.<\/p>\n<\/blockquote>\n\n\n\n<p><strong>Alg\u00fans voceiros tanto de AER como do BNG manifestan que o paso de Javier Bas polo congreso provocou un cambio substancial na s\u00faa forma de facer pol\u00edtica pois, ao seu xu\u00edzo, \u00e1 s\u00faa volta manifesta unhas maneiras virulentas e agresivas. Que tes que dicir ao respecto?<\/strong><\/p>\n\n\n\n<blockquote class=\"wp-block-quote is-layout-flow wp-block-quote-is-layout-flow\">\n<p>Que \u00e9 unha soberana estupidez. Po\u00f1er na mesma ecuaci\u00f3n a Javier Bas e \u00e1 agresividade non ten nada que ver coa realidade.<\/p>\n<\/blockquote>\n\n\n\n<p><strong>Nas elecci\u00f3ns do 23 subides en votos e en actas, pasastes de 9 a 10, pero non foi suficiente para poderdes gobernar. Case esgotada a 1\u00ba metade do mandato, como o valoras?<\/strong><\/p>\n\n\n\n<blockquote class=\"wp-block-quote is-layout-flow wp-block-quote-is-layout-flow\">\n<p>\u00c9 un desprop\u00f3sito para Redondela. Continuamos un cami\u00f1o descendente que parece que non ten fin, e o \u00fanico que provoca este desgoberno \u00e9 vergo\u00f1a.<\/p>\n<\/blockquote>\n\n\n\n<blockquote class=\"wp-block-quote is-layout-flow wp-block-quote-is-layout-flow\">\n<p>O goberno do PSOE \u00e9 un aut\u00e9ntico desastre e AER e o BNG son c\u00f3mplices responsables do desastre. \u00c9 que ambos s\u00f3 te\u00f1en un obxectivo: que non goberne o PP e para conseguilo d\u00e1lles igual todo o demais, incluso que a veci\u00f1anza de Redondela sufra este aut\u00e9ntico disparate de goberno.<\/p>\n<\/blockquote>\n\n\n\n<blockquote class=\"wp-block-quote is-layout-flow wp-block-quote-is-layout-flow\">\n<p>E cando falo de sufrimento non falo en abstracto, ref\u00edrome a persoas concretas, as persoas m\u00e1is vulnerables, que sufriron terriblemente a nefasta xesti\u00f3n do SAF. Non o vou esquecer na vida.<\/p>\n<\/blockquote>\n\n\n\n<p><strong>Por que?<\/strong><\/p>\n\n\n\n<blockquote class=\"wp-block-quote is-layout-flow wp-block-quote-is-layout-flow\">\n<p>Porque vin cos meus propios ollos casos concretos de veci\u00f1os e veci\u00f1as vulnerables, que sufriron nas s\u00faas propias carnes a ineptitude na xesti\u00f3n desta alcaldesa e deste goberno.<\/p>\n<\/blockquote>\n\n\n\n<p><strong>A alcaldesa de Redondela non fai nada ben?<\/strong><\/p>\n\n\n\n<blockquote class=\"wp-block-quote is-layout-flow wp-block-quote-is-layout-flow\">\n<p>C\u00fastame moito mencionar algo que estea ben feito. \u00c9 que incluso o talante \u00e9 p\u00e9simo, a capacidade para constru\u00edr espazos de di\u00e1logo e consenso son inexistentes. E ollo, non s\u00f3 con n\u00f3s. Os conflitos e desavinzas con persoas do seu propio partido son tam\u00e9n moi numerosos. Eu agora que te\u00f1o a oportunidade de percorrer a provincia sinto envexa sa, ao constatar como noutros concellos veci\u00f1os hai un respecto institucional entre o goberno e a oposici\u00f3n que est\u00e1 a quil\u00f3metros de distancia do que temos en Redondela.<\/p>\n<\/blockquote>\n\n\n\n<p><strong>Vaia que interesante,e que concellos veci\u00f1os? non te referir\u00e1s ao de Mos?<\/strong><\/p>\n\n\n\n<blockquote class=\"wp-block-quote is-layout-flow wp-block-quote-is-layout-flow\">\n<p>Pois eu te\u00f1o ido a actos en Mos nos que a alcaldesa d\u00e1lle voz a membros da oposici\u00f3n.<\/p>\n<\/blockquote>\n\n\n\n<p><strong>A alcaldesa de Mos cualificou en p\u00fablico a unha parte da veci\u00f1anza de Mos, a CM de Tameiga, como unha comunidade non grata. Semellante disparate da persoa que ostenta a m\u00e1xima responsabilidade nun municipio cara a unha parte dos habitantes dese concello, non a vin eu nunca xamais en ning\u00fan alcalde nin alcaldesa en m\u00e1is de 30 anos que levo metido ata o fondo das tripas da pol\u00edtica galega<\/strong><\/p>\n\n\n\n<blockquote class=\"wp-block-quote is-layout-flow wp-block-quote-is-layout-flow\">\n<p>Falamos de cousas distintas, eu refer\u00edame ao respecto institucional debido entre o goberno e a oposici\u00f3n. A alcaldesa de Redondela non respecta \u00e1 oposici\u00f3n<\/p>\n<\/blockquote>\n\n\n\n<p><strong>Ben, dime alg\u00fan exemplo concreto dalg\u00fan concello no que se dea ese respecto institucional que describes?<\/strong><\/p>\n\n\n\n<blockquote class=\"wp-block-quote is-layout-flow wp-block-quote-is-layout-flow\">\n<p>Pois por exemplo en Poio ou en Ponteareas.<\/p>\n<\/blockquote>\n\n\n\n<p><strong>En Ponteareas hai respecto institucional \u00e1 oposici\u00f3n?..Vaia, d\u00e9ixasme abraiado..E que me dis ent\u00f3n daquel \u201c Cala ti, parapl\u00e9jico\u201d do voso socio de goberno Mingos Freitas dirix\u00edndose a unha persoa do BNG que est\u00e1 en cadeira de rodas?<\/strong><\/p>\n\n\n\n<blockquote class=\"wp-block-quote is-layout-flow wp-block-quote-is-layout-flow\">\n<p>Non podo dicir nada porque desco\u00f1ezo ese episodio que mencionas.<\/p>\n<\/blockquote>\n\n\n\n<p><strong>O problema de pagos que tivo Redondela foi motivado por un problema inform\u00e1tico ou pola mala xesti\u00f3n ?<\/strong><\/p>\n\n\n\n<blockquote class=\"wp-block-quote is-layout-flow wp-block-quote-is-layout-flow\">\n<p>Evidentemente pola mala xesti\u00f3n.<\/p>\n<\/blockquote>\n\n\n\n<p><strong>O problema inform\u00e1tico non existiu?<\/strong><\/p>\n\n\n\n<blockquote class=\"wp-block-quote is-layout-flow wp-block-quote-is-layout-flow\">\n<p>Eu non podo afirmar se existiu ou non, nin o alcance que puidera chegar a ter, pero o que si podo asegurar con certeza \u00e9 que a xesti\u00f3n \u00e9 p\u00e9sima. E \u00e9 esa xesti\u00f3n desastrosa, e non ning\u00fan outro motivo, o que fixo que Redondela perdese subvenci\u00f3ns, por exemplo o pasado ano perdemos unha de 50.000\u20ac para conciliaci\u00f3n da Xunta de Galicia, ou algo grav\u00edsimo como \u00e9 que a escola infantil de Chapela non est\u00e1 feita pola mala xesti\u00f3n de Digna Rivas.<\/p>\n<\/blockquote>\n\n\n\n<p><strong>Concr\u00e9tame onde estar\u00eda esa suposta mala xesti\u00f3n no que se refire \u00e1 escola infantil de Chapela?<\/strong><\/p>\n\n\n\n<blockquote class=\"wp-block-quote is-layout-flow wp-block-quote-is-layout-flow\">\n<p>S\u00f3 fac\u00edan falta d\u00faas cousas: po\u00f1er os terreos e facer un proxecto .O goberno de Redondela non foi quen de facer o proxecto.<\/p>\n<\/blockquote>\n\n\n\n<p><strong>Ben, falemos da DEPO. Quen te prop\u00f3n ser deputada provincial?<\/strong><\/p>\n\n\n\n<blockquote class=\"wp-block-quote is-layout-flow wp-block-quote-is-layout-flow\">\n<p>Os meus compa\u00f1eiros e compa\u00f1eiras do PP de Redondela.<\/p>\n<\/blockquote>\n\n\n\n<p><strong>Que sentiches nese momento?<\/strong><\/p>\n\n\n\n<blockquote class=\"wp-block-quote is-layout-flow wp-block-quote-is-layout-flow\">\n<p>Unha inmensa honra e unha infinita gratitude, por ter o privilexio de gozar da s\u00faa confianza.<\/p>\n<\/blockquote>\n\n\n\n<p><strong>Como valoras este ano e medio como deputada?<\/strong><\/p>\n\n\n\n<blockquote class=\"wp-block-quote is-layout-flow wp-block-quote-is-layout-flow\">\n<p>Moi positivamente tanto pola oportunidade para aprender como pola satisfacci\u00f3n de que o teu traballo contrib\u00fae a mellorar a vida da xente, que, ao fin e ao cabo, \u00e9 do que se debera tratar a pol\u00edtica.<\/p>\n<\/blockquote>\n\n\n\n<p><strong>Que \u00e1reas levas?<\/strong><\/p>\n\n\n\n<blockquote class=\"wp-block-quote is-layout-flow wp-block-quote-is-layout-flow\">\n<p>Benestar social, igualdade e oc\u00fapome do Pr\u00edncipe Felipe, al\u00ed te\u00f1o o meu despacho. Eu,desde sempre, te\u00f1o unha especial sensibilidade cara as persoas e colectivos m\u00e1is vulnerables, os que peor o pasan na vida, polo tanto estou levando \u00e1reas coas que me sinto plenamente satisfeita e emocionalmente moi vinculada.<\/p>\n<\/blockquote>\n\n\n\n<p><strong>O presidente da DEPO \u00e9 sensible aos problemas dos colectivos m\u00e1is vulnerables?<\/strong><\/p>\n\n\n\n<blockquote class=\"wp-block-quote is-layout-flow wp-block-quote-is-layout-flow\">\n<p>Absolutamente si. Si, sen ning\u00fan tipo de matiz. Tanto polo seu propio car\u00e1cter, como pola s\u00faa experiencia en Rodeiro, o seu concello, o presidente Luis L\u00f3pez \u00e9 unha persoa moi implicada nos problemas dos demais, e que co\u00f1ece as necesidades e carencias de toda a provincia. Podo asegurar con co\u00f1ecemento de causa que d\u00e1 o mellor de si mesmo nun s\u00f3 obxectivo: o ben com\u00fan.<\/p>\n<\/blockquote>\n\n\n\n<p><strong>Cales son as principais necesidades sociais e problemas coas que te tes encontrado?<\/strong><\/p>\n\n\n\n<blockquote class=\"wp-block-quote is-layout-flow wp-block-quote-is-layout-flow\">\n<p>Eu destacar\u00eda dous campos nos que os problemas son moi importantes e nos que \u00e9 necesario investir moitos recursos e moito esforzo:<\/p>\n<\/blockquote>\n\n\n\n<blockquote class=\"wp-block-quote is-layout-flow wp-block-quote-is-layout-flow\">\n<p>-O envellecemento da poboaci\u00f3n. \u00c9 imprescindibles que as familias te\u00f1an as axudas necesarias para que as persoas maiores pasen os \u00faltimos anos da s\u00faa vida de maneira digna e c\u00f3moda<\/p>\n<\/blockquote>\n\n\n\n<blockquote class=\"wp-block-quote is-layout-flow wp-block-quote-is-layout-flow\">\n<p>-As dificultades que sofren no seu d\u00eda a d\u00eda as persoas con capacidades diferentes.<\/p>\n<\/blockquote>\n\n\n\n<blockquote class=\"wp-block-quote is-layout-flow wp-block-quote-is-layout-flow\">\n<p>A min encantar\u00edame solucionar todos os problemas de todas as persoas, pero a realidade \u00e9 a que \u00e9, e \u00e1s veces as administraci\u00f3ns non podemos chegar.<\/p>\n<\/blockquote>\n\n\n\n<p><strong>O goberno da DEPO trata por igual a todos os Concellos con independencia da cor pol\u00edtica que te\u00f1a o goberno do Concello?<\/strong><\/p>\n\n\n\n<blockquote class=\"wp-block-quote is-layout-flow wp-block-quote-is-layout-flow\">\n<p>Si, claro que si.<\/p>\n<\/blockquote>\n\n\n\n<p><strong>Rematas en Xullo a t\u00faa andaina como deputada, verdade?<\/strong><\/p>\n\n\n\n<blockquote class=\"wp-block-quote is-layout-flow wp-block-quote-is-layout-flow\">\n<p>Si, pero non a mi\u00f1a andaina pol\u00edtica. Seguirei traballando con intensidade en Redondela para que o meu concello poida ter no 27 o goberno que merece ter.<\/p>\n<\/blockquote>\n","protected":false},"excerpt":{"rendered":"<div class=\"mh-excerpt\"><p>Iniciamos unha nova xeira de entrevistas pol\u00edticas con mulleres deputadas das distintas forzas pol\u00edticas do noso pa\u00eds, falando con Sandra, deputada provincial do PP. <a class=\"mh-excerpt-more\" href=\"https:\/\/www.anovapeneira.gal\/index.php\/2025\/03\/14\/deputadas-galegas\/\" title=\"Deputadas galegas\">[&#8230;]<\/a><\/p>\n<\/div>","protected":false},"author":2,"featured_media":13533,"comment_status":"open","ping_status":"open","sticky":false,"template":"","format":"standard","meta":{"_exactmetrics_skip_tracking":false,"_exactmetrics_sitenote_active":false,"_exactmetrics_sitenote_note":"","_exactmetrics_sitenote_category":0,"footnotes":""},"categories":[270],"tags":[171],"class_list":{"0":"post-13531","1":"post","2":"type-post","3":"status-publish","4":"format-standard","5":"has-post-thumbnail","7":"category-redondela-entrevistas","8":"tag-concello-de-redondela"},"yoast_head":"<!-- This site is optimized with the Yoast SEO plugin v27.4 - https:\/\/yoast.com\/product\/yoast-seo-wordpress\/ -->\n<title>Deputadas galegas -<\/title>\n<meta name=\"robots\" content=\"index, follow, max-snippet:-1, max-image-preview:large, max-video-preview:-1\" \/>\n<link rel=\"canonical\" href=\"https:\/\/www.anovapeneira.gal\/index.php\/2025\/03\/14\/deputadas-galegas\/\" \/>\n<meta property=\"og:locale\" content=\"gl_ES\" \/>\n<meta property=\"og:type\" content=\"article\" \/>\n<meta property=\"og:title\" content=\"Deputadas galegas -\" \/>\n<meta property=\"og:description\" content=\"Iniciamos unha nova xeira de entrevistas pol\u00edticas con mulleres deputadas das distintas forzas pol\u00edticas do noso pa\u00eds, falando con Sandra, deputada provincial do PP. [...]\" \/>\n<meta property=\"og:url\" content=\"https:\/\/www.anovapeneira.gal\/index.php\/2025\/03\/14\/deputadas-galegas\/\" \/>\n<meta property=\"article:publisher\" content=\"https:\/\/www.facebook.com\/anovapeneira\" \/>\n<meta property=\"article:published_time\" content=\"2025-03-14T11:00:46+00:00\" \/>\n<meta property=\"og:image\" content=\"https:\/\/www.anovapeneira.gal\/wp-content\/uploads\/2025\/03\/sandra_bastos.jpg\" \/>\n\t<meta property=\"og:image:width\" content=\"720\" \/>\n\t<meta property=\"og:image:height\" content=\"432\" \/>\n\t<meta property=\"og:image:type\" content=\"image\/jpeg\" \/>\n<meta name=\"author\" content=\"Tino Lago\" \/>\n<meta name=\"twitter:card\" content=\"summary_large_image\" \/>\n<meta name=\"twitter:creator\" content=\"@APeneira\" \/>\n<meta name=\"twitter:site\" content=\"@APeneira\" \/>\n<meta name=\"twitter:label1\" content=\"Escrito por\" \/>\n\t<meta name=\"twitter:data1\" content=\"Tino Lago\" \/>\n\t<meta name=\"twitter:label2\" content=\"Tempo de lectura\" \/>\n\t<meta name=\"twitter:data2\" content=\"4 minutos\" \/>\n<script type=\"application\/ld+json\" class=\"yoast-schema-graph\">{\"@context\":\"https:\\\/\\\/schema.org\",\"@graph\":[{\"@type\":\"Article\",\"@id\":\"https:\\\/\\\/www.anovapeneira.gal\\\/index.php\\\/2025\\\/03\\\/14\\\/deputadas-galegas\\\/#article\",\"isPartOf\":{\"@id\":\"https:\\\/\\\/www.anovapeneira.gal\\\/index.php\\\/2025\\\/03\\\/14\\\/deputadas-galegas\\\/\"},\"author\":{\"name\":\"Tino Lago\",\"@id\":\"https:\\\/\\\/www.anovapeneira.gal\\\/#\\\/schema\\\/person\\\/424dfe65e3070fd8a44d22d2c088762a\"},\"headline\":\"Deputadas galegas\",\"datePublished\":\"2025-03-14T11:00:46+00:00\",\"mainEntityOfPage\":{\"@id\":\"https:\\\/\\\/www.anovapeneira.gal\\\/index.php\\\/2025\\\/03\\\/14\\\/deputadas-galegas\\\/\"},\"wordCount\":1642,\"commentCount\":0,\"publisher\":{\"@id\":\"https:\\\/\\\/www.anovapeneira.gal\\\/#organization\"},\"image\":{\"@id\":\"https:\\\/\\\/www.anovapeneira.gal\\\/index.php\\\/2025\\\/03\\\/14\\\/deputadas-galegas\\\/#primaryimage\"},\"thumbnailUrl\":\"https:\\\/\\\/www.anovapeneira.gal\\\/wp-content\\\/uploads\\\/2025\\\/03\\\/sandra_bastos.jpg\",\"keywords\":[\"Concello de Redondela\"],\"articleSection\":[\"Redondela\"],\"inLanguage\":\"gl-ES\",\"potentialAction\":[{\"@type\":\"CommentAction\",\"name\":\"Comment\",\"target\":[\"https:\\\/\\\/www.anovapeneira.gal\\\/index.php\\\/2025\\\/03\\\/14\\\/deputadas-galegas\\\/#respond\"]}]},{\"@type\":\"WebPage\",\"@id\":\"https:\\\/\\\/www.anovapeneira.gal\\\/index.php\\\/2025\\\/03\\\/14\\\/deputadas-galegas\\\/\",\"url\":\"https:\\\/\\\/www.anovapeneira.gal\\\/index.php\\\/2025\\\/03\\\/14\\\/deputadas-galegas\\\/\",\"name\":\"Deputadas galegas -\",\"isPartOf\":{\"@id\":\"https:\\\/\\\/www.anovapeneira.gal\\\/#website\"},\"primaryImageOfPage\":{\"@id\":\"https:\\\/\\\/www.anovapeneira.gal\\\/index.php\\\/2025\\\/03\\\/14\\\/deputadas-galegas\\\/#primaryimage\"},\"image\":{\"@id\":\"https:\\\/\\\/www.anovapeneira.gal\\\/index.php\\\/2025\\\/03\\\/14\\\/deputadas-galegas\\\/#primaryimage\"},\"thumbnailUrl\":\"https:\\\/\\\/www.anovapeneira.gal\\\/wp-content\\\/uploads\\\/2025\\\/03\\\/sandra_bastos.jpg\",\"datePublished\":\"2025-03-14T11:00:46+00:00\",\"breadcrumb\":{\"@id\":\"https:\\\/\\\/www.anovapeneira.gal\\\/index.php\\\/2025\\\/03\\\/14\\\/deputadas-galegas\\\/#breadcrumb\"},\"inLanguage\":\"gl-ES\",\"potentialAction\":[{\"@type\":\"ReadAction\",\"target\":[\"https:\\\/\\\/www.anovapeneira.gal\\\/index.php\\\/2025\\\/03\\\/14\\\/deputadas-galegas\\\/\"]}]},{\"@type\":\"ImageObject\",\"inLanguage\":\"gl-ES\",\"@id\":\"https:\\\/\\\/www.anovapeneira.gal\\\/index.php\\\/2025\\\/03\\\/14\\\/deputadas-galegas\\\/#primaryimage\",\"url\":\"https:\\\/\\\/www.anovapeneira.gal\\\/wp-content\\\/uploads\\\/2025\\\/03\\\/sandra_bastos.jpg\",\"contentUrl\":\"https:\\\/\\\/www.anovapeneira.gal\\\/wp-content\\\/uploads\\\/2025\\\/03\\\/sandra_bastos.jpg\",\"width\":720,\"height\":432,\"caption\":\"Sandra Bastos concelleira do PP de Redondela\"},{\"@type\":\"BreadcrumbList\",\"@id\":\"https:\\\/\\\/www.anovapeneira.gal\\\/index.php\\\/2025\\\/03\\\/14\\\/deputadas-galegas\\\/#breadcrumb\",\"itemListElement\":[{\"@type\":\"ListItem\",\"position\":1,\"name\":\"Portada\",\"item\":\"https:\\\/\\\/www.anovapeneira.gal\\\/\"},{\"@type\":\"ListItem\",\"position\":2,\"name\":\"Deputadas galegas\"}]},{\"@type\":\"WebSite\",\"@id\":\"https:\\\/\\\/www.anovapeneira.gal\\\/#website\",\"url\":\"https:\\\/\\\/www.anovapeneira.gal\\\/\",\"name\":\"\",\"description\":\"Xornal galego de informaci\u00f3n xeral Publicaci\u00f3n mensual de novas de Galicia e en especial dos Concellos da sur da provincia de Pontevedra.\",\"publisher\":{\"@id\":\"https:\\\/\\\/www.anovapeneira.gal\\\/#organization\"},\"potentialAction\":[{\"@type\":\"SearchAction\",\"target\":{\"@type\":\"EntryPoint\",\"urlTemplate\":\"https:\\\/\\\/www.anovapeneira.gal\\\/?s={search_term_string}\"},\"query-input\":{\"@type\":\"PropertyValueSpecification\",\"valueRequired\":true,\"valueName\":\"search_term_string\"}}],\"inLanguage\":\"gl-ES\"},{\"@type\":\"Organization\",\"@id\":\"https:\\\/\\\/www.anovapeneira.gal\\\/#organization\",\"name\":\"A Nova Peneira\",\"url\":\"https:\\\/\\\/www.anovapeneira.gal\\\/\",\"logo\":{\"@type\":\"ImageObject\",\"inLanguage\":\"gl-ES\",\"@id\":\"https:\\\/\\\/www.anovapeneira.gal\\\/#\\\/schema\\\/logo\\\/image\\\/\",\"url\":\"http:\\\/\\\/www.anovapeneira.gal\\\/wp-content\\\/uploads\\\/2019\\\/06\\\/logo_a_nova_peneira_portal_web.png\",\"contentUrl\":\"http:\\\/\\\/www.anovapeneira.gal\\\/wp-content\\\/uploads\\\/2019\\\/06\\\/logo_a_nova_peneira_portal_web.png\",\"width\":300,\"height\":100,\"caption\":\"A Nova Peneira\"},\"image\":{\"@id\":\"https:\\\/\\\/www.anovapeneira.gal\\\/#\\\/schema\\\/logo\\\/image\\\/\"},\"sameAs\":[\"https:\\\/\\\/www.facebook.com\\\/anovapeneira\",\"https:\\\/\\\/x.com\\\/APeneira\"]},{\"@type\":\"Person\",\"@id\":\"https:\\\/\\\/www.anovapeneira.gal\\\/#\\\/schema\\\/person\\\/424dfe65e3070fd8a44d22d2c088762a\",\"name\":\"Tino Lago\",\"image\":{\"@type\":\"ImageObject\",\"inLanguage\":\"gl-ES\",\"@id\":\"https:\\\/\\\/secure.gravatar.com\\\/avatar\\\/b3df6a06e44bab3111583b90f0f33a0379ee5e3d22cbadd232d39f21c30c62be?s=96&d=mm&r=g\",\"url\":\"https:\\\/\\\/secure.gravatar.com\\\/avatar\\\/b3df6a06e44bab3111583b90f0f33a0379ee5e3d22cbadd232d39f21c30c62be?s=96&d=mm&r=g\",\"contentUrl\":\"https:\\\/\\\/secure.gravatar.com\\\/avatar\\\/b3df6a06e44bab3111583b90f0f33a0379ee5e3d22cbadd232d39f21c30c62be?s=96&d=mm&r=g\",\"caption\":\"Tino Lago\"},\"sameAs\":[\"http:\\\/\\\/www.anovapeneira.gal\"],\"url\":\"https:\\\/\\\/www.anovapeneira.gal\\\/index.php\\\/author\\\/director\\\/\"}]}<\/script>\n<!-- \/ Yoast SEO plugin. -->","yoast_head_json":{"title":"Deputadas galegas -","robots":{"index":"index","follow":"follow","max-snippet":"max-snippet:-1","max-image-preview":"max-image-preview:large","max-video-preview":"max-video-preview:-1"},"canonical":"https:\/\/www.anovapeneira.gal\/index.php\/2025\/03\/14\/deputadas-galegas\/","og_locale":"gl_ES","og_type":"article","og_title":"Deputadas galegas -","og_description":"Iniciamos unha nova xeira de entrevistas pol\u00edticas con mulleres deputadas das distintas forzas pol\u00edticas do noso pa\u00eds, falando con Sandra, deputada provincial do PP. [...]","og_url":"https:\/\/www.anovapeneira.gal\/index.php\/2025\/03\/14\/deputadas-galegas\/","article_publisher":"https:\/\/www.facebook.com\/anovapeneira","article_published_time":"2025-03-14T11:00:46+00:00","og_image":[{"width":720,"height":432,"url":"https:\/\/www.anovapeneira.gal\/wp-content\/uploads\/2025\/03\/sandra_bastos.jpg","type":"image\/jpeg"}],"author":"Tino Lago","twitter_card":"summary_large_image","twitter_creator":"@APeneira","twitter_site":"@APeneira","twitter_misc":{"Escrito por":"Tino Lago","Tempo de lectura":"4 minutos"},"schema":{"@context":"https:\/\/schema.org","@graph":[{"@type":"Article","@id":"https:\/\/www.anovapeneira.gal\/index.php\/2025\/03\/14\/deputadas-galegas\/#article","isPartOf":{"@id":"https:\/\/www.anovapeneira.gal\/index.php\/2025\/03\/14\/deputadas-galegas\/"},"author":{"name":"Tino Lago","@id":"https:\/\/www.anovapeneira.gal\/#\/schema\/person\/424dfe65e3070fd8a44d22d2c088762a"},"headline":"Deputadas galegas","datePublished":"2025-03-14T11:00:46+00:00","mainEntityOfPage":{"@id":"https:\/\/www.anovapeneira.gal\/index.php\/2025\/03\/14\/deputadas-galegas\/"},"wordCount":1642,"commentCount":0,"publisher":{"@id":"https:\/\/www.anovapeneira.gal\/#organization"},"image":{"@id":"https:\/\/www.anovapeneira.gal\/index.php\/2025\/03\/14\/deputadas-galegas\/#primaryimage"},"thumbnailUrl":"https:\/\/www.anovapeneira.gal\/wp-content\/uploads\/2025\/03\/sandra_bastos.jpg","keywords":["Concello de Redondela"],"articleSection":["Redondela"],"inLanguage":"gl-ES","potentialAction":[{"@type":"CommentAction","name":"Comment","target":["https:\/\/www.anovapeneira.gal\/index.php\/2025\/03\/14\/deputadas-galegas\/#respond"]}]},{"@type":"WebPage","@id":"https:\/\/www.anovapeneira.gal\/index.php\/2025\/03\/14\/deputadas-galegas\/","url":"https:\/\/www.anovapeneira.gal\/index.php\/2025\/03\/14\/deputadas-galegas\/","name":"Deputadas galegas -","isPartOf":{"@id":"https:\/\/www.anovapeneira.gal\/#website"},"primaryImageOfPage":{"@id":"https:\/\/www.anovapeneira.gal\/index.php\/2025\/03\/14\/deputadas-galegas\/#primaryimage"},"image":{"@id":"https:\/\/www.anovapeneira.gal\/index.php\/2025\/03\/14\/deputadas-galegas\/#primaryimage"},"thumbnailUrl":"https:\/\/www.anovapeneira.gal\/wp-content\/uploads\/2025\/03\/sandra_bastos.jpg","datePublished":"2025-03-14T11:00:46+00:00","breadcrumb":{"@id":"https:\/\/www.anovapeneira.gal\/index.php\/2025\/03\/14\/deputadas-galegas\/#breadcrumb"},"inLanguage":"gl-ES","potentialAction":[{"@type":"ReadAction","target":["https:\/\/www.anovapeneira.gal\/index.php\/2025\/03\/14\/deputadas-galegas\/"]}]},{"@type":"ImageObject","inLanguage":"gl-ES","@id":"https:\/\/www.anovapeneira.gal\/index.php\/2025\/03\/14\/deputadas-galegas\/#primaryimage","url":"https:\/\/www.anovapeneira.gal\/wp-content\/uploads\/2025\/03\/sandra_bastos.jpg","contentUrl":"https:\/\/www.anovapeneira.gal\/wp-content\/uploads\/2025\/03\/sandra_bastos.jpg","width":720,"height":432,"caption":"Sandra Bastos concelleira do PP de Redondela"},{"@type":"BreadcrumbList","@id":"https:\/\/www.anovapeneira.gal\/index.php\/2025\/03\/14\/deputadas-galegas\/#breadcrumb","itemListElement":[{"@type":"ListItem","position":1,"name":"Portada","item":"https:\/\/www.anovapeneira.gal\/"},{"@type":"ListItem","position":2,"name":"Deputadas galegas"}]},{"@type":"WebSite","@id":"https:\/\/www.anovapeneira.gal\/#website","url":"https:\/\/www.anovapeneira.gal\/","name":"","description":"Xornal galego de informaci\u00f3n xeral Publicaci\u00f3n mensual de novas de Galicia e en especial dos Concellos da sur da provincia de Pontevedra.","publisher":{"@id":"https:\/\/www.anovapeneira.gal\/#organization"},"potentialAction":[{"@type":"SearchAction","target":{"@type":"EntryPoint","urlTemplate":"https:\/\/www.anovapeneira.gal\/?s={search_term_string}"},"query-input":{"@type":"PropertyValueSpecification","valueRequired":true,"valueName":"search_term_string"}}],"inLanguage":"gl-ES"},{"@type":"Organization","@id":"https:\/\/www.anovapeneira.gal\/#organization","name":"A Nova Peneira","url":"https:\/\/www.anovapeneira.gal\/","logo":{"@type":"ImageObject","inLanguage":"gl-ES","@id":"https:\/\/www.anovapeneira.gal\/#\/schema\/logo\/image\/","url":"http:\/\/www.anovapeneira.gal\/wp-content\/uploads\/2019\/06\/logo_a_nova_peneira_portal_web.png","contentUrl":"http:\/\/www.anovapeneira.gal\/wp-content\/uploads\/2019\/06\/logo_a_nova_peneira_portal_web.png","width":300,"height":100,"caption":"A Nova Peneira"},"image":{"@id":"https:\/\/www.anovapeneira.gal\/#\/schema\/logo\/image\/"},"sameAs":["https:\/\/www.facebook.com\/anovapeneira","https:\/\/x.com\/APeneira"]},{"@type":"Person","@id":"https:\/\/www.anovapeneira.gal\/#\/schema\/person\/424dfe65e3070fd8a44d22d2c088762a","name":"Tino Lago","image":{"@type":"ImageObject","inLanguage":"gl-ES","@id":"https:\/\/secure.gravatar.com\/avatar\/b3df6a06e44bab3111583b90f0f33a0379ee5e3d22cbadd232d39f21c30c62be?s=96&d=mm&r=g","url":"https:\/\/secure.gravatar.com\/avatar\/b3df6a06e44bab3111583b90f0f33a0379ee5e3d22cbadd232d39f21c30c62be?s=96&d=mm&r=g","contentUrl":"https:\/\/secure.gravatar.com\/avatar\/b3df6a06e44bab3111583b90f0f33a0379ee5e3d22cbadd232d39f21c30c62be?s=96&d=mm&r=g","caption":"Tino Lago"},"sameAs":["http:\/\/www.anovapeneira.gal"],"url":"https:\/\/www.anovapeneira.gal\/index.php\/author\/director\/"}]}},"jetpack_featured_media_url":"https:\/\/www.anovapeneira.gal\/wp-content\/uploads\/2025\/03\/sandra_bastos.jpg","_links":{"self":[{"href":"https:\/\/www.anovapeneira.gal\/index.php\/wp-json\/wp\/v2\/posts\/13531","targetHints":{"allow":["GET"]}}],"collection":[{"href":"https:\/\/www.anovapeneira.gal\/index.php\/wp-json\/wp\/v2\/posts"}],"about":[{"href":"https:\/\/www.anovapeneira.gal\/index.php\/wp-json\/wp\/v2\/types\/post"}],"author":[{"embeddable":true,"href":"https:\/\/www.anovapeneira.gal\/index.php\/wp-json\/wp\/v2\/users\/2"}],"replies":[{"embeddable":true,"href":"https:\/\/www.anovapeneira.gal\/index.php\/wp-json\/wp\/v2\/comments?post=13531"}],"version-history":[{"count":3,"href":"https:\/\/www.anovapeneira.gal\/index.php\/wp-json\/wp\/v2\/posts\/13531\/revisions"}],"predecessor-version":[{"id":13535,"href":"https:\/\/www.anovapeneira.gal\/index.php\/wp-json\/wp\/v2\/posts\/13531\/revisions\/13535"}],"wp:featuredmedia":[{"embeddable":true,"href":"https:\/\/www.anovapeneira.gal\/index.php\/wp-json\/wp\/v2\/media\/13533"}],"wp:attachment":[{"href":"https:\/\/www.anovapeneira.gal\/index.php\/wp-json\/wp\/v2\/media?parent=13531"}],"wp:term":[{"taxonomy":"category","embeddable":true,"href":"https:\/\/www.anovapeneira.gal\/index.php\/wp-json\/wp\/v2\/categories?post=13531"},{"taxonomy":"post_tag","embeddable":true,"href":"https:\/\/www.anovapeneira.gal\/index.php\/wp-json\/wp\/v2\/tags?post=13531"}],"curies":[{"name":"wp","href":"https:\/\/api.w.org\/{rel}","templated":true}]}}