{"id":13537,"date":"2025-03-17T10:00:16","date_gmt":"2025-03-17T09:00:16","guid":{"rendered":"https:\/\/www.anovapeneira.gal\/?p=13537"},"modified":"2025-03-13T10:24:58","modified_gmt":"2025-03-13T09:24:58","slug":"o-bng-do-porrino-escolle-a-unha-nova-responsable-local","status":"publish","type":"post","link":"https:\/\/www.anovapeneira.gal\/index.php\/2025\/03\/17\/o-bng-do-porrino-escolle-a-unha-nova-responsable-local\/","title":{"rendered":"O BNG do Porri\u00f1o escolle a unha nova responsable local"},"content":{"rendered":"\n<pre class=\"wp-block-verse\"><strong>Tino Lago<\/strong><\/pre>\n\n\n\n<p><strong>Cont\u00e1bame un amigo adestrador de f\u00fatbol, xa veterano, que ao longo dos milleiros de quil\u00f3metros percorridos, en m\u00e1is de 3 d\u00e9cadas de profesi\u00f3n, polos campos do pa\u00eds galego vendo partidos de f\u00fatbol modesto, tense encontrado con futbolistas de enorme talento, con capacidade para chegaren \u00e1 elite, pero que por circunstancias diversas non o puideron facer, e que se cadra esa \u00e9 unha das s\u00faas maiores frustraci\u00f3ns. A min p\u00e1same o mesmo coa pol\u00edtica: en m\u00e1is de 30 amos que levo no m\u00e1is profundo das tripas da pol\u00edtica galega te\u00f1o visto de todo, desde in\u00fatiles pouco m\u00e1is que analfabetos e analfabetas aos que a casualidade, a sorte, o transfuguismo ou calquera outra mala arte colocaron en alcald\u00edas ou en calquera outro posto pol\u00edtico relevante, ata aut\u00e9nticos portentos, verdadeiros animais pol\u00edticos que por h ou por b nunca tiveron a oportunidade de chegar. Un deles \u00e9 Pedro Pereira,candidato \u00e1 alcald\u00eda do Porri\u00f1o polo BNG, e a \u00fanica persoa que co\u00f1ezo que \u00e9 capaz de ter todo O Porri\u00f1o, cent\u00edmetro a cent\u00edmetro , na cabeza. Se a sociedade do Porri\u00f1o nunca lle dera a oportunidade de ser alcalde, ser\u00eda unha demostraci\u00f3n palpable do absurda que pode ser \u00e1s veces a vida.<\/strong><\/p>\n\n\n\n<p><strong>En calquera caso xa se est\u00e1 convertendo nun agradable costume para min o de co\u00f1ecer e conversar coas distintas persoas que van asumindo a responsabilidade de dirixir a organizaci\u00f3n local do Bloque, unha organizaci\u00f3n viva, s\u00f3lida e solvente que nos \u00faltimos anos tivo como responsables a M\u00edriam , a Marcelo e agora t\u00f3calle a Menchu: unha muller de Atios que pese a ser xa veterana na militancia nacionalista conserva intacta a ilusi\u00f3n. Vela\u00ed vai o que deu de si a nosa conversa<\/strong><\/p>\n\n\n\n<p><strong>Menchu Pereira.<\/strong><\/p>\n\n\n\n<h2 class=\"wp-block-heading\">\u201c<strong>Afronto a responsabilidade con toneladas de ilusi\u00f3n, e coa intenci\u00f3n de dar o mellor de min para que o nacionalismo no Porri\u00f1o poida crecer\u201d.<\/strong><\/h2>\n\n\n\n<p><strong>Ben, comecemos por co\u00f1ecerte un pouco?<\/strong><\/p>\n\n\n\n<blockquote class=\"wp-block-quote is-layout-flow wp-block-quote-is-layout-flow\">\n<p>Pois eu son e vivo en Atios. Vivo na mesma parroquia na que nac\u00edn,mudei de barrio pero non de parroquia. Traballo no sector da pedra. Xa levo m\u00e1is de vinte anos traballando neste campo. Sempre me interesaron os asuntos p\u00fablicos, de feito al\u00e9n da militancia pol\u00edtica tam\u00e9n procuro implicarme no tecido social da mi\u00f1a comunidade, as\u00ed pois, formo parte da Comunidade de Montes de Atios.<\/p>\n<\/blockquote>\n\n\n\n<p><strong>Cando e como se iniciou a t\u00faa relaci\u00f3n coa pol\u00edtica?<\/strong><\/p>\n\n\n\n<blockquote class=\"wp-block-quote is-layout-flow wp-block-quote-is-layout-flow\">\n<p>Desde sempre. A pol\u00edtica \u00e9 o instrumento que determina como nos organizamos socialmente, e non concibo as posici\u00f3ns que manifestan desentenderse ou carecer de interese polos asuntos pol\u00edticos. As decisi\u00f3ns pol\u00edticas afectan \u00e1 vida coti\u00e1 das persoas, e se non queremos participar ser\u00e1n outros e outras quen decidan por n\u00f3s. S\u00edntome unha muller libre do meu pobo, o pobo galego, e xa que logo o cami\u00f1o para ser simpatizante e votante do BNG veu \u00e1 mi\u00f1a vida por si s\u00f3. A\u00ednda que desde moi nova colaborei co BNG do Porri\u00f1o, a mi\u00f1a afiliaci\u00f3n foi no ano 2015.<\/p>\n<\/blockquote>\n\n\n\n<p><strong>Caramba entraches nun momento moi dif\u00edcil, naquel ano o nacionalismo galego estaba atravesando unha das maiores crises da s\u00faa historia<\/strong><\/p>\n\n\n\n<blockquote class=\"wp-block-quote is-layout-flow wp-block-quote-is-layout-flow\">\n<p>Ese foi o momento no que entrei,coincidiu as\u00ed. En calquera caso a implicaci\u00f3n e a conciencia de formar parte dun colectivo exixe estar tam\u00e9n nos malos momentos. Estar s\u00f3 nos d\u00edas de vi\u00f1o e rosas \u00e9 moi doado.<\/p>\n<\/blockquote>\n\n\n\n<p><strong>Dende cando formas parte do Consello Local?<\/strong><\/p>\n\n\n\n<blockquote class=\"wp-block-quote is-layout-flow wp-block-quote-is-layout-flow\">\n<p>Desde ese mesmo ano 2015 e xa comecei como responsable de organizaci\u00f3n tam\u00e9n.<\/p>\n<\/blockquote>\n\n\n\n<p><strong>Levas 10 anos ininterrompidos como responsable de organizaci\u00f3n?<\/strong><\/p>\n\n\n\n<blockquote class=\"wp-block-quote is-layout-flow wp-block-quote-is-layout-flow\">\n<p>Si, as\u00ed \u00e9. A\u00ednda que sempre coa colaboraci\u00f3n desinteresada e xenerosa dos meus compa\u00f1eiros e compa\u00f1eiras. Non me gusta particularizar, adoita ser inxusto, pero neste caso quixera facer unha excepci\u00f3n para salientar a axuda que en todo este tempo me brindou a compa\u00f1eira Duli.<\/p>\n<\/blockquote>\n\n\n\n<p><strong>Non te co\u00f1ezo, pero se levas tanto tempo con responsabilidades de organizaci\u00f3n presup\u00f3\u00f1oche un perfil persoal moi concreto: serio, solvente, rigoroso, constante&#8230;.no caso contrario non ser\u00eda posible<\/strong><\/p>\n\n\n\n<blockquote class=\"wp-block-quote is-layout-flow wp-block-quote-is-layout-flow\">\n<p>Ha, ha, ha, ha, ha&#8230;Non o sei. S\u00f3 dicir que me gusta o traballo de organizaci\u00f3n , g\u00fastame moito m\u00e1is que a exposici\u00f3n p\u00fablica. Non a levo nada ben.<\/p>\n<\/blockquote>\n\n\n\n<p><strong>Todo \u00e9 afacerse<\/strong><\/p>\n\n\n\n<blockquote class=\"wp-block-quote is-layout-flow wp-block-quote-is-layout-flow\">\n<p>Si, supo\u00f1o que si, pero de momento non a levo ben.<\/p>\n<\/blockquote>\n\n\n\n<p><strong>Cando deches o salto a responsable local?<\/strong><\/p>\n\n\n\n<blockquote class=\"wp-block-quote is-layout-flow wp-block-quote-is-layout-flow\">\n<p>En xaneiro deste ano. Despois das asembleas nacional e comarcal, como marcan os estatutos do BNG.<\/p>\n<\/blockquote>\n\n\n\n<p><strong>Por que se produciu o cambio, propux\u00e9roncho os teus compa\u00f1eiros e compa\u00f1eiras ou a decisi\u00f3n foi t\u00faa?<\/strong><\/p>\n\n\n\n<blockquote class=\"wp-block-quote is-layout-flow wp-block-quote-is-layout-flow\">\n<p>A decisi\u00f3n foi consensuada. Consideramos que a persoa que quedase co cargo deber\u00eda ter bagaxe dentro da organizaci\u00f3n. Pedro, M\u00edriam e Marcelo est\u00e1n no Concello, e entendemos que deben de centrarse no traballo institucional. E do resto de persoas que estamos no Consello local, decidimos que fose eu quen asumira a responsabilidade.<\/p>\n<\/blockquote>\n\n\n\n<p><strong>Con que \u00e1nimos afrontas a responsabilidade Menchu?<\/strong><\/p>\n\n\n\n<blockquote class=\"wp-block-quote is-layout-flow wp-block-quote-is-layout-flow\">\n<p>Con moita cautela , \u00e9 algo novo para min e xa che dixen que tendo a escapar da exposici\u00f3n p\u00fablica, pero con toneladas de ilusi\u00f3n tam\u00e9n. Estou decidida a dar o mellor de min mesma para que o nacionalismo poida crecer no Porri\u00f1o. Co equipo marabilloso de persoas que me acompa\u00f1an estou segura de que todo vai ser doado. Temos un CL que combina a persoas veteranas, con moita experiencia, con novas incorporaci\u00f3ns, de feito hai d\u00faas persoas novas que se acaban de sumar, algo que nos enriquece e asegura a nosa continuidade no tempo.<\/p>\n<\/blockquote>\n\n\n\n<p><strong>Como est\u00e1 a sa\u00fade interna do BNG Local de Porri\u00f1o?<\/strong><\/p>\n\n\n\n<blockquote class=\"wp-block-quote is-layout-flow wp-block-quote-is-layout-flow\">\n<p>Estamos moi ben, incorp\u00f3rase xente nova e temos militantes moi implicados e implicadas. O BNG \u00e9 unha organizaci\u00f3n viva que est\u00e1 sempre en todos os conflitos sociais e pol\u00edticos. Onde hai un problema al\u00ed est\u00e1 o BNG para tratar de achegar unha soluci\u00f3n, e en moitas ocasi\u00f3ns estamos n\u00f3s s\u00f3s. Por mencionar unha \u00e1rea na que hai campo para podermos mellorar, e imos tratar de facelo, dicir que nos gustar\u00eda que houbese participaci\u00f3n m\u00e1is activa das persoas que nos consta que simpatizan con n\u00f3s.<\/p>\n<\/blockquote>\n\n\n\n<p><strong>Como valora a Responsable Local do BNG do Porri\u00f1o este mandato que case leva dous anos?<\/strong><\/p>\n\n\n\n<blockquote class=\"wp-block-quote is-layout-flow wp-block-quote-is-layout-flow\">\n<p>O PP est\u00e1 nas ant\u00edpodas da forma de facer pol\u00edtica do BNG. N\u00f3s temos un modelo de Vila,sabemos a onde queremos chegar e dese\u00f1amos un cami\u00f1o e unhas li\u00f1as de traballo .O PP f\u00f3ra das festas, lupandas e populismo, non ten nada que ofrecer \u00e1 sociedade do Porri\u00f1o.<\/p>\n<\/blockquote>\n","protected":false},"excerpt":{"rendered":"<div class=\"mh-excerpt\"><p>Cont\u00e1bame un amigo adestrador de f\u00fatbol, xa veterano, que ao longo dos milleiros de quil\u00f3metros percorridos, en m\u00e1is de 3 d\u00e9cadas de profesi\u00f3n, polos campos do pa\u00eds galego vendo partidos de f\u00fatbol modesto <a class=\"mh-excerpt-more\" href=\"https:\/\/www.anovapeneira.gal\/index.php\/2025\/03\/17\/o-bng-do-porrino-escolle-a-unha-nova-responsable-local\/\" title=\"O BNG do Porri\u00f1o escolle a unha nova responsable local\">[&#8230;]<\/a><\/p>\n<\/div>","protected":false},"author":2,"featured_media":13538,"comment_status":"open","ping_status":"open","sticky":false,"template":"","format":"standard","meta":{"_exactmetrics_skip_tracking":false,"_exactmetrics_sitenote_active":false,"_exactmetrics_sitenote_note":"","_exactmetrics_sitenote_category":0,"footnotes":""},"categories":[265],"tags":[1251],"class_list":{"0":"post-13537","1":"post","2":"type-post","3":"status-publish","4":"format-standard","5":"has-post-thumbnail","7":"category-a-lourina-entrevistas","8":"tag-concello-de-porrino"},"yoast_head":"<!-- This site is optimized with the Yoast SEO plugin v27.5 - https:\/\/yoast.com\/product\/yoast-seo-wordpress\/ -->\n<title>O BNG do Porri\u00f1o escolle a unha nova responsable local -<\/title>\n<meta name=\"robots\" content=\"index, follow, max-snippet:-1, max-image-preview:large, max-video-preview:-1\" \/>\n<link rel=\"canonical\" href=\"https:\/\/www.anovapeneira.gal\/index.php\/2025\/03\/17\/o-bng-do-porrino-escolle-a-unha-nova-responsable-local\/\" \/>\n<meta property=\"og:locale\" content=\"gl_ES\" \/>\n<meta property=\"og:type\" content=\"article\" \/>\n<meta property=\"og:title\" content=\"O BNG do Porri\u00f1o escolle a unha nova responsable local -\" \/>\n<meta property=\"og:description\" content=\"Cont\u00e1bame un amigo adestrador de f\u00fatbol, xa veterano, que ao longo dos milleiros de quil\u00f3metros percorridos, en m\u00e1is de 3 d\u00e9cadas de profesi\u00f3n, polos campos do pa\u00eds galego vendo partidos de f\u00fatbol modesto [...]\" \/>\n<meta property=\"og:url\" content=\"https:\/\/www.anovapeneira.gal\/index.php\/2025\/03\/17\/o-bng-do-porrino-escolle-a-unha-nova-responsable-local\/\" \/>\n<meta property=\"article:publisher\" content=\"https:\/\/www.facebook.com\/anovapeneira\" \/>\n<meta property=\"article:published_time\" content=\"2025-03-17T09:00:16+00:00\" \/>\n<meta property=\"og:image\" content=\"https:\/\/www.anovapeneira.gal\/wp-content\/uploads\/2025\/03\/menchu_pereira.jpg\" \/>\n\t<meta property=\"og:image:width\" content=\"720\" \/>\n\t<meta property=\"og:image:height\" content=\"432\" \/>\n\t<meta property=\"og:image:type\" content=\"image\/jpeg\" \/>\n<meta name=\"author\" content=\"Tino Lago\" \/>\n<meta name=\"twitter:card\" content=\"summary_large_image\" \/>\n<meta name=\"twitter:creator\" content=\"@APeneira\" \/>\n<meta name=\"twitter:site\" content=\"@APeneira\" \/>\n<meta name=\"twitter:label1\" content=\"Escrito por\" \/>\n\t<meta name=\"twitter:data1\" content=\"Tino Lago\" \/>\n\t<meta name=\"twitter:label2\" content=\"Tempo de lectura\" \/>\n\t<meta name=\"twitter:data2\" content=\"3 minutos\" \/>\n<script type=\"application\/ld+json\" class=\"yoast-schema-graph\">{\"@context\":\"https:\\\/\\\/schema.org\",\"@graph\":[{\"@type\":\"Article\",\"@id\":\"https:\\\/\\\/www.anovapeneira.gal\\\/index.php\\\/2025\\\/03\\\/17\\\/o-bng-do-porrino-escolle-a-unha-nova-responsable-local\\\/#article\",\"isPartOf\":{\"@id\":\"https:\\\/\\\/www.anovapeneira.gal\\\/index.php\\\/2025\\\/03\\\/17\\\/o-bng-do-porrino-escolle-a-unha-nova-responsable-local\\\/\"},\"author\":{\"name\":\"Tino Lago\",\"@id\":\"https:\\\/\\\/www.anovapeneira.gal\\\/#\\\/schema\\\/person\\\/424dfe65e3070fd8a44d22d2c088762a\"},\"headline\":\"O BNG do Porri\u00f1o escolle a unha nova responsable local\",\"datePublished\":\"2025-03-17T09:00:16+00:00\",\"mainEntityOfPage\":{\"@id\":\"https:\\\/\\\/www.anovapeneira.gal\\\/index.php\\\/2025\\\/03\\\/17\\\/o-bng-do-porrino-escolle-a-unha-nova-responsable-local\\\/\"},\"wordCount\":1161,\"commentCount\":0,\"publisher\":{\"@id\":\"https:\\\/\\\/www.anovapeneira.gal\\\/#organization\"},\"image\":{\"@id\":\"https:\\\/\\\/www.anovapeneira.gal\\\/index.php\\\/2025\\\/03\\\/17\\\/o-bng-do-porrino-escolle-a-unha-nova-responsable-local\\\/#primaryimage\"},\"thumbnailUrl\":\"https:\\\/\\\/www.anovapeneira.gal\\\/wp-content\\\/uploads\\\/2025\\\/03\\\/menchu_pereira.jpg\",\"keywords\":[\"Concello de Porri\u00f1o\"],\"articleSection\":[\"A Louri\u00f1a\"],\"inLanguage\":\"gl-ES\",\"potentialAction\":[{\"@type\":\"CommentAction\",\"name\":\"Comment\",\"target\":[\"https:\\\/\\\/www.anovapeneira.gal\\\/index.php\\\/2025\\\/03\\\/17\\\/o-bng-do-porrino-escolle-a-unha-nova-responsable-local\\\/#respond\"]}]},{\"@type\":\"WebPage\",\"@id\":\"https:\\\/\\\/www.anovapeneira.gal\\\/index.php\\\/2025\\\/03\\\/17\\\/o-bng-do-porrino-escolle-a-unha-nova-responsable-local\\\/\",\"url\":\"https:\\\/\\\/www.anovapeneira.gal\\\/index.php\\\/2025\\\/03\\\/17\\\/o-bng-do-porrino-escolle-a-unha-nova-responsable-local\\\/\",\"name\":\"O BNG do Porri\u00f1o escolle a unha nova responsable local -\",\"isPartOf\":{\"@id\":\"https:\\\/\\\/www.anovapeneira.gal\\\/#website\"},\"primaryImageOfPage\":{\"@id\":\"https:\\\/\\\/www.anovapeneira.gal\\\/index.php\\\/2025\\\/03\\\/17\\\/o-bng-do-porrino-escolle-a-unha-nova-responsable-local\\\/#primaryimage\"},\"image\":{\"@id\":\"https:\\\/\\\/www.anovapeneira.gal\\\/index.php\\\/2025\\\/03\\\/17\\\/o-bng-do-porrino-escolle-a-unha-nova-responsable-local\\\/#primaryimage\"},\"thumbnailUrl\":\"https:\\\/\\\/www.anovapeneira.gal\\\/wp-content\\\/uploads\\\/2025\\\/03\\\/menchu_pereira.jpg\",\"datePublished\":\"2025-03-17T09:00:16+00:00\",\"breadcrumb\":{\"@id\":\"https:\\\/\\\/www.anovapeneira.gal\\\/index.php\\\/2025\\\/03\\\/17\\\/o-bng-do-porrino-escolle-a-unha-nova-responsable-local\\\/#breadcrumb\"},\"inLanguage\":\"gl-ES\",\"potentialAction\":[{\"@type\":\"ReadAction\",\"target\":[\"https:\\\/\\\/www.anovapeneira.gal\\\/index.php\\\/2025\\\/03\\\/17\\\/o-bng-do-porrino-escolle-a-unha-nova-responsable-local\\\/\"]}]},{\"@type\":\"ImageObject\",\"inLanguage\":\"gl-ES\",\"@id\":\"https:\\\/\\\/www.anovapeneira.gal\\\/index.php\\\/2025\\\/03\\\/17\\\/o-bng-do-porrino-escolle-a-unha-nova-responsable-local\\\/#primaryimage\",\"url\":\"https:\\\/\\\/www.anovapeneira.gal\\\/wp-content\\\/uploads\\\/2025\\\/03\\\/menchu_pereira.jpg\",\"contentUrl\":\"https:\\\/\\\/www.anovapeneira.gal\\\/wp-content\\\/uploads\\\/2025\\\/03\\\/menchu_pereira.jpg\",\"width\":720,\"height\":432,\"caption\":\"O BNG do Porri\u00f1o escolle a unha nova responsable local\"},{\"@type\":\"BreadcrumbList\",\"@id\":\"https:\\\/\\\/www.anovapeneira.gal\\\/index.php\\\/2025\\\/03\\\/17\\\/o-bng-do-porrino-escolle-a-unha-nova-responsable-local\\\/#breadcrumb\",\"itemListElement\":[{\"@type\":\"ListItem\",\"position\":1,\"name\":\"Portada\",\"item\":\"https:\\\/\\\/www.anovapeneira.gal\\\/\"},{\"@type\":\"ListItem\",\"position\":2,\"name\":\"O BNG do Porri\u00f1o escolle a unha nova responsable local\"}]},{\"@type\":\"WebSite\",\"@id\":\"https:\\\/\\\/www.anovapeneira.gal\\\/#website\",\"url\":\"https:\\\/\\\/www.anovapeneira.gal\\\/\",\"name\":\"\",\"description\":\"Xornal galego de informaci\u00f3n xeral Publicaci\u00f3n mensual de novas de Galicia e en especial dos Concellos da sur da provincia de Pontevedra.\",\"publisher\":{\"@id\":\"https:\\\/\\\/www.anovapeneira.gal\\\/#organization\"},\"potentialAction\":[{\"@type\":\"SearchAction\",\"target\":{\"@type\":\"EntryPoint\",\"urlTemplate\":\"https:\\\/\\\/www.anovapeneira.gal\\\/?s={search_term_string}\"},\"query-input\":{\"@type\":\"PropertyValueSpecification\",\"valueRequired\":true,\"valueName\":\"search_term_string\"}}],\"inLanguage\":\"gl-ES\"},{\"@type\":\"Organization\",\"@id\":\"https:\\\/\\\/www.anovapeneira.gal\\\/#organization\",\"name\":\"A Nova Peneira\",\"url\":\"https:\\\/\\\/www.anovapeneira.gal\\\/\",\"logo\":{\"@type\":\"ImageObject\",\"inLanguage\":\"gl-ES\",\"@id\":\"https:\\\/\\\/www.anovapeneira.gal\\\/#\\\/schema\\\/logo\\\/image\\\/\",\"url\":\"http:\\\/\\\/www.anovapeneira.gal\\\/wp-content\\\/uploads\\\/2019\\\/06\\\/logo_a_nova_peneira_portal_web.png\",\"contentUrl\":\"http:\\\/\\\/www.anovapeneira.gal\\\/wp-content\\\/uploads\\\/2019\\\/06\\\/logo_a_nova_peneira_portal_web.png\",\"width\":300,\"height\":100,\"caption\":\"A Nova Peneira\"},\"image\":{\"@id\":\"https:\\\/\\\/www.anovapeneira.gal\\\/#\\\/schema\\\/logo\\\/image\\\/\"},\"sameAs\":[\"https:\\\/\\\/www.facebook.com\\\/anovapeneira\",\"https:\\\/\\\/x.com\\\/APeneira\"]},{\"@type\":\"Person\",\"@id\":\"https:\\\/\\\/www.anovapeneira.gal\\\/#\\\/schema\\\/person\\\/424dfe65e3070fd8a44d22d2c088762a\",\"name\":\"Tino Lago\",\"image\":{\"@type\":\"ImageObject\",\"inLanguage\":\"gl-ES\",\"@id\":\"https:\\\/\\\/secure.gravatar.com\\\/avatar\\\/b3df6a06e44bab3111583b90f0f33a0379ee5e3d22cbadd232d39f21c30c62be?s=96&d=mm&r=g\",\"url\":\"https:\\\/\\\/secure.gravatar.com\\\/avatar\\\/b3df6a06e44bab3111583b90f0f33a0379ee5e3d22cbadd232d39f21c30c62be?s=96&d=mm&r=g\",\"contentUrl\":\"https:\\\/\\\/secure.gravatar.com\\\/avatar\\\/b3df6a06e44bab3111583b90f0f33a0379ee5e3d22cbadd232d39f21c30c62be?s=96&d=mm&r=g\",\"caption\":\"Tino Lago\"},\"sameAs\":[\"http:\\\/\\\/www.anovapeneira.gal\"],\"url\":\"https:\\\/\\\/www.anovapeneira.gal\\\/index.php\\\/author\\\/director\\\/\"}]}<\/script>\n<!-- \/ Yoast SEO plugin. -->","yoast_head_json":{"title":"O BNG do Porri\u00f1o escolle a unha nova responsable local -","robots":{"index":"index","follow":"follow","max-snippet":"max-snippet:-1","max-image-preview":"max-image-preview:large","max-video-preview":"max-video-preview:-1"},"canonical":"https:\/\/www.anovapeneira.gal\/index.php\/2025\/03\/17\/o-bng-do-porrino-escolle-a-unha-nova-responsable-local\/","og_locale":"gl_ES","og_type":"article","og_title":"O BNG do Porri\u00f1o escolle a unha nova responsable local -","og_description":"Cont\u00e1bame un amigo adestrador de f\u00fatbol, xa veterano, que ao longo dos milleiros de quil\u00f3metros percorridos, en m\u00e1is de 3 d\u00e9cadas de profesi\u00f3n, polos campos do pa\u00eds galego vendo partidos de f\u00fatbol modesto [...]","og_url":"https:\/\/www.anovapeneira.gal\/index.php\/2025\/03\/17\/o-bng-do-porrino-escolle-a-unha-nova-responsable-local\/","article_publisher":"https:\/\/www.facebook.com\/anovapeneira","article_published_time":"2025-03-17T09:00:16+00:00","og_image":[{"width":720,"height":432,"url":"https:\/\/www.anovapeneira.gal\/wp-content\/uploads\/2025\/03\/menchu_pereira.jpg","type":"image\/jpeg"}],"author":"Tino Lago","twitter_card":"summary_large_image","twitter_creator":"@APeneira","twitter_site":"@APeneira","twitter_misc":{"Escrito por":"Tino Lago","Tempo de lectura":"3 minutos"},"schema":{"@context":"https:\/\/schema.org","@graph":[{"@type":"Article","@id":"https:\/\/www.anovapeneira.gal\/index.php\/2025\/03\/17\/o-bng-do-porrino-escolle-a-unha-nova-responsable-local\/#article","isPartOf":{"@id":"https:\/\/www.anovapeneira.gal\/index.php\/2025\/03\/17\/o-bng-do-porrino-escolle-a-unha-nova-responsable-local\/"},"author":{"name":"Tino Lago","@id":"https:\/\/www.anovapeneira.gal\/#\/schema\/person\/424dfe65e3070fd8a44d22d2c088762a"},"headline":"O BNG do Porri\u00f1o escolle a unha nova responsable local","datePublished":"2025-03-17T09:00:16+00:00","mainEntityOfPage":{"@id":"https:\/\/www.anovapeneira.gal\/index.php\/2025\/03\/17\/o-bng-do-porrino-escolle-a-unha-nova-responsable-local\/"},"wordCount":1161,"commentCount":0,"publisher":{"@id":"https:\/\/www.anovapeneira.gal\/#organization"},"image":{"@id":"https:\/\/www.anovapeneira.gal\/index.php\/2025\/03\/17\/o-bng-do-porrino-escolle-a-unha-nova-responsable-local\/#primaryimage"},"thumbnailUrl":"https:\/\/www.anovapeneira.gal\/wp-content\/uploads\/2025\/03\/menchu_pereira.jpg","keywords":["Concello de Porri\u00f1o"],"articleSection":["A Louri\u00f1a"],"inLanguage":"gl-ES","potentialAction":[{"@type":"CommentAction","name":"Comment","target":["https:\/\/www.anovapeneira.gal\/index.php\/2025\/03\/17\/o-bng-do-porrino-escolle-a-unha-nova-responsable-local\/#respond"]}]},{"@type":"WebPage","@id":"https:\/\/www.anovapeneira.gal\/index.php\/2025\/03\/17\/o-bng-do-porrino-escolle-a-unha-nova-responsable-local\/","url":"https:\/\/www.anovapeneira.gal\/index.php\/2025\/03\/17\/o-bng-do-porrino-escolle-a-unha-nova-responsable-local\/","name":"O BNG do Porri\u00f1o escolle a unha nova responsable local -","isPartOf":{"@id":"https:\/\/www.anovapeneira.gal\/#website"},"primaryImageOfPage":{"@id":"https:\/\/www.anovapeneira.gal\/index.php\/2025\/03\/17\/o-bng-do-porrino-escolle-a-unha-nova-responsable-local\/#primaryimage"},"image":{"@id":"https:\/\/www.anovapeneira.gal\/index.php\/2025\/03\/17\/o-bng-do-porrino-escolle-a-unha-nova-responsable-local\/#primaryimage"},"thumbnailUrl":"https:\/\/www.anovapeneira.gal\/wp-content\/uploads\/2025\/03\/menchu_pereira.jpg","datePublished":"2025-03-17T09:00:16+00:00","breadcrumb":{"@id":"https:\/\/www.anovapeneira.gal\/index.php\/2025\/03\/17\/o-bng-do-porrino-escolle-a-unha-nova-responsable-local\/#breadcrumb"},"inLanguage":"gl-ES","potentialAction":[{"@type":"ReadAction","target":["https:\/\/www.anovapeneira.gal\/index.php\/2025\/03\/17\/o-bng-do-porrino-escolle-a-unha-nova-responsable-local\/"]}]},{"@type":"ImageObject","inLanguage":"gl-ES","@id":"https:\/\/www.anovapeneira.gal\/index.php\/2025\/03\/17\/o-bng-do-porrino-escolle-a-unha-nova-responsable-local\/#primaryimage","url":"https:\/\/www.anovapeneira.gal\/wp-content\/uploads\/2025\/03\/menchu_pereira.jpg","contentUrl":"https:\/\/www.anovapeneira.gal\/wp-content\/uploads\/2025\/03\/menchu_pereira.jpg","width":720,"height":432,"caption":"O BNG do Porri\u00f1o escolle a unha nova responsable local"},{"@type":"BreadcrumbList","@id":"https:\/\/www.anovapeneira.gal\/index.php\/2025\/03\/17\/o-bng-do-porrino-escolle-a-unha-nova-responsable-local\/#breadcrumb","itemListElement":[{"@type":"ListItem","position":1,"name":"Portada","item":"https:\/\/www.anovapeneira.gal\/"},{"@type":"ListItem","position":2,"name":"O BNG do Porri\u00f1o escolle a unha nova responsable local"}]},{"@type":"WebSite","@id":"https:\/\/www.anovapeneira.gal\/#website","url":"https:\/\/www.anovapeneira.gal\/","name":"","description":"Xornal galego de informaci\u00f3n xeral Publicaci\u00f3n mensual de novas de Galicia e en especial dos Concellos da sur da provincia de Pontevedra.","publisher":{"@id":"https:\/\/www.anovapeneira.gal\/#organization"},"potentialAction":[{"@type":"SearchAction","target":{"@type":"EntryPoint","urlTemplate":"https:\/\/www.anovapeneira.gal\/?s={search_term_string}"},"query-input":{"@type":"PropertyValueSpecification","valueRequired":true,"valueName":"search_term_string"}}],"inLanguage":"gl-ES"},{"@type":"Organization","@id":"https:\/\/www.anovapeneira.gal\/#organization","name":"A Nova Peneira","url":"https:\/\/www.anovapeneira.gal\/","logo":{"@type":"ImageObject","inLanguage":"gl-ES","@id":"https:\/\/www.anovapeneira.gal\/#\/schema\/logo\/image\/","url":"http:\/\/www.anovapeneira.gal\/wp-content\/uploads\/2019\/06\/logo_a_nova_peneira_portal_web.png","contentUrl":"http:\/\/www.anovapeneira.gal\/wp-content\/uploads\/2019\/06\/logo_a_nova_peneira_portal_web.png","width":300,"height":100,"caption":"A Nova Peneira"},"image":{"@id":"https:\/\/www.anovapeneira.gal\/#\/schema\/logo\/image\/"},"sameAs":["https:\/\/www.facebook.com\/anovapeneira","https:\/\/x.com\/APeneira"]},{"@type":"Person","@id":"https:\/\/www.anovapeneira.gal\/#\/schema\/person\/424dfe65e3070fd8a44d22d2c088762a","name":"Tino Lago","image":{"@type":"ImageObject","inLanguage":"gl-ES","@id":"https:\/\/secure.gravatar.com\/avatar\/b3df6a06e44bab3111583b90f0f33a0379ee5e3d22cbadd232d39f21c30c62be?s=96&d=mm&r=g","url":"https:\/\/secure.gravatar.com\/avatar\/b3df6a06e44bab3111583b90f0f33a0379ee5e3d22cbadd232d39f21c30c62be?s=96&d=mm&r=g","contentUrl":"https:\/\/secure.gravatar.com\/avatar\/b3df6a06e44bab3111583b90f0f33a0379ee5e3d22cbadd232d39f21c30c62be?s=96&d=mm&r=g","caption":"Tino Lago"},"sameAs":["http:\/\/www.anovapeneira.gal"],"url":"https:\/\/www.anovapeneira.gal\/index.php\/author\/director\/"}]}},"jetpack_featured_media_url":"https:\/\/www.anovapeneira.gal\/wp-content\/uploads\/2025\/03\/menchu_pereira.jpg","_links":{"self":[{"href":"https:\/\/www.anovapeneira.gal\/index.php\/wp-json\/wp\/v2\/posts\/13537","targetHints":{"allow":["GET"]}}],"collection":[{"href":"https:\/\/www.anovapeneira.gal\/index.php\/wp-json\/wp\/v2\/posts"}],"about":[{"href":"https:\/\/www.anovapeneira.gal\/index.php\/wp-json\/wp\/v2\/types\/post"}],"author":[{"embeddable":true,"href":"https:\/\/www.anovapeneira.gal\/index.php\/wp-json\/wp\/v2\/users\/2"}],"replies":[{"embeddable":true,"href":"https:\/\/www.anovapeneira.gal\/index.php\/wp-json\/wp\/v2\/comments?post=13537"}],"version-history":[{"count":1,"href":"https:\/\/www.anovapeneira.gal\/index.php\/wp-json\/wp\/v2\/posts\/13537\/revisions"}],"predecessor-version":[{"id":13539,"href":"https:\/\/www.anovapeneira.gal\/index.php\/wp-json\/wp\/v2\/posts\/13537\/revisions\/13539"}],"wp:featuredmedia":[{"embeddable":true,"href":"https:\/\/www.anovapeneira.gal\/index.php\/wp-json\/wp\/v2\/media\/13538"}],"wp:attachment":[{"href":"https:\/\/www.anovapeneira.gal\/index.php\/wp-json\/wp\/v2\/media?parent=13537"}],"wp:term":[{"taxonomy":"category","embeddable":true,"href":"https:\/\/www.anovapeneira.gal\/index.php\/wp-json\/wp\/v2\/categories?post=13537"},{"taxonomy":"post_tag","embeddable":true,"href":"https:\/\/www.anovapeneira.gal\/index.php\/wp-json\/wp\/v2\/tags?post=13537"}],"curies":[{"name":"wp","href":"https:\/\/api.w.org\/{rel}","templated":true}]}}