{"id":13543,"date":"2025-03-18T10:00:11","date_gmt":"2025-03-18T09:00:11","guid":{"rendered":"https:\/\/www.anovapeneira.gal\/?p=13543"},"modified":"2025-03-13T11:07:27","modified_gmt":"2025-03-13T10:07:27","slug":"emerxencia-nacional","status":"publish","type":"post","link":"https:\/\/www.anovapeneira.gal\/index.php\/2025\/03\/18\/emerxencia-nacional\/","title":{"rendered":"Emerxencia nacional"},"content":{"rendered":"\n<pre class=\"wp-block-verse\">Xavier Rodr\u00edguez<\/pre>\n\n\n\n<p>Tras a publicaci\u00f3n dos datos de IGE sobre o galego, un terremoto invadiu as nosas conciencias ante a dram\u00e1tica situaci\u00f3n da lingua. Ningunha sorpresa. Nada que non puideramos apreciar no noso entorno, especialmente os que habitamos na \u00e1rea metropolitana de Vigo. Simplemente foi a constataci\u00f3n da realidade que vivimos amosada con toda a crueza da que \u00e9 capaz a estat\u00edstica.<\/p>\n\n\n\n<p>Despois do impacto, a mobilizaci\u00f3n, e despois da mobilizaci\u00f3n c\u00f3mpre a reflexi\u00f3n. Cadaqu\u00e9n no seu \u00e1mbito. Probablemente toque reconsiderar posici\u00f3ns ata agora inamov\u00edbeis e empezar a garantir que aqueles proxenitores que queren educar aos seus fillos en galego poidan facelo ao cen por cen. Igual nos atopamos que non son tan poucos. Pero iso non toca aqu\u00ed.<\/p>\n\n\n\n<p>Aqu\u00ed o que me toca \u00e9 analizar se tam\u00e9n dende os concellos se colabora na normalizaci\u00f3n da lingua ou, pola contra, \u00e9 outro elemento que axuda a desgaleguizaci\u00f3n da sociedade. O concello de Nigr\u00e1n claramente \u00e9 o segundo, pero tam\u00e9n hai que dicir que como a maior\u00eda dos da nosa \u00e1rea.<\/p>\n\n\n\n<p>Cando fai dos mandatos o BNG resultou decisivo para aprobar os orzamentos, esixiu e conseguiu, entre outras cousas, que se contratase unha t\u00e9cnica de normalizaci\u00f3n ling\u00fc\u00edstica ao abeiro das convocatorias que realiza a Deputaci\u00f3n de Pontevedra, que subvenciona o servizo. Este servizo foi realmente proveitoso para o concello, tanto polos materiais editados como pola colaboraci\u00f3n con centros educativos ou a elaboraci\u00f3n da primeira ordenanza de normalizaci\u00f3n ling\u00fc\u00edstica de Nigr\u00e1n. A pesares disto, a falta de convicci\u00f3n xunguida co desleixo e adornada coa maior\u00eda absoluta que llelo permite, fixo que o goberno municipal deixara de acudir \u00e1s convocatorias de subvenci\u00f3ns e prescindise do servizo.<\/p>\n\n\n\n<p>\u00c9 evidente que unha t\u00e9cnica de normalizaci\u00f3n ling\u00fc\u00edstica non vai arranxar a situaci\u00f3n pero tr\u00e1tase de se se cami\u00f1a paseni\u00f1amente nunha direcci\u00f3n ou na contraria. Hai moitos aspectos sobre os que incidir e, claramente, a existencia de persoal espec\u00edfico axuda a actuar sobre eles.<\/p>\n\n\n\n<p>Unha das causas que se esgrimiron dende a Xunta para explicar o alarmante descenso de falantes foi culpar a inmigraci\u00f3n. Recentemente o concello de Nigr\u00e1n fixo unha convocatoria dun curso de castel\u00e1n. Estupendo. A\u00ednda mellor ser\u00eda que se impartisen as d\u00faas linguas oficiais neste territorio se busc\u00e1semos unha verdadeira integraci\u00f3n. Non \u00e9 ningunha novidade, xa o fan varios concellos cos seus cursos de benvida cun not\u00e1bel \u00e9xito. \u00c9 desex\u00e1bel e \u00fatil para quen v\u00e9n a traballar con n\u00f3s que entendan a quen se expresa na nosa lingua.<\/p>\n\n\n\n<p>Isto obriga a tomarse en serio a promoci\u00f3n do galego e non abordalo coma un adorno, tal e como sucede coas actividades subvencionadas polo Concello de Nigr\u00e1n. A utilizaci\u00f3n da lingua galega \u00e9 un dos criterios a valorar nas convocatorias de subvenci\u00f3ns de actividades culturais, deportivas e festeiras. Como non existe control ning\u00fan, practicamente a totalidade das solicitudes afirman desenvolver na nosa lingua os seus eventos. A realidade \u00e9 que non \u00e9 as\u00ed, pero non lles ten ning\u00fan custe.<\/p>\n\n\n\n<p>A mesma situaci\u00f3n d\u00e1se coa prensa \u00e1 que est\u00e1 subscrita o concello, tanto para a casa consistorial como para a biblioteca, s\u00f3 con xornais en castel\u00e1n.<\/p>\n\n\n\n<p>Con todo, a verdadeira promoci\u00f3n do idioma non est\u00e1 s\u00f3 en actos ou medios en galego, que est\u00e1 moi ben que sexan na nosa lingua mais fronte aos que s\u00f3 somos espectadores ou lectores. A verdadeira promoci\u00f3n est\u00e1 en actividades de participaci\u00f3n que se desenvolvan en lingua galega e que axuden a expresarse nela a persoas que habitualmente non o fan. Isto \u00e9, a utilizaci\u00f3n do idioma nos cursos e actividades realizadas polo propio concello, non exclusivamente en eventos de promoci\u00f3n da lingua. Pero isto \u00e9 outro nivel.<\/p>\n","protected":false},"excerpt":{"rendered":"<div class=\"mh-excerpt\"><p>Tras a publicaci\u00f3n dos datos de IGE sobre o galego, un terremoto invadiu as nosas conciencias ante a dram\u00e1tica situaci\u00f3n da lingua <a class=\"mh-excerpt-more\" href=\"https:\/\/www.anovapeneira.gal\/index.php\/2025\/03\/18\/emerxencia-nacional\/\" title=\"Emerxencia nacional\">[&#8230;]<\/a><\/p>\n<\/div>","protected":false},"author":16,"featured_media":8144,"comment_status":"open","ping_status":"open","sticky":false,"template":"","format":"standard","meta":{"_exactmetrics_skip_tracking":false,"_exactmetrics_sitenote_active":false,"_exactmetrics_sitenote_note":"","_exactmetrics_sitenote_category":0,"footnotes":""},"categories":[7],"tags":[135],"class_list":{"0":"post-13543","1":"post","2":"type-post","3":"status-publish","4":"format-standard","5":"has-post-thumbnail","7":"category-artigos-de-opinion","8":"tag-concello-de-nigran"},"yoast_head":"<!-- This site is optimized with the Yoast SEO plugin v27.4 - https:\/\/yoast.com\/product\/yoast-seo-wordpress\/ -->\n<title>Emerxencia nacional -<\/title>\n<meta name=\"robots\" content=\"index, follow, max-snippet:-1, max-image-preview:large, max-video-preview:-1\" \/>\n<link rel=\"canonical\" href=\"https:\/\/www.anovapeneira.gal\/index.php\/2025\/03\/18\/emerxencia-nacional\/\" \/>\n<meta property=\"og:locale\" content=\"gl_ES\" \/>\n<meta property=\"og:type\" content=\"article\" \/>\n<meta property=\"og:title\" content=\"Emerxencia nacional -\" \/>\n<meta property=\"og:description\" content=\"Tras a publicaci\u00f3n dos datos de IGE sobre o galego, un terremoto invadiu as nosas conciencias ante a dram\u00e1tica situaci\u00f3n da lingua [...]\" \/>\n<meta property=\"og:url\" content=\"https:\/\/www.anovapeneira.gal\/index.php\/2025\/03\/18\/emerxencia-nacional\/\" \/>\n<meta property=\"article:publisher\" content=\"https:\/\/www.facebook.com\/anovapeneira\" \/>\n<meta property=\"article:published_time\" content=\"2025-03-18T09:00:11+00:00\" \/>\n<meta property=\"og:image\" content=\"https:\/\/www.anovapeneira.gal\/wp-content\/uploads\/2022\/09\/xavier_rodriguez.jpg\" \/>\n\t<meta property=\"og:image:width\" content=\"720\" \/>\n\t<meta property=\"og:image:height\" content=\"432\" \/>\n\t<meta property=\"og:image:type\" content=\"image\/jpeg\" \/>\n<meta name=\"author\" content=\"Xavier Rodr\u00edguez\" \/>\n<meta name=\"twitter:card\" content=\"summary_large_image\" \/>\n<meta name=\"twitter:creator\" content=\"@APeneira\" \/>\n<meta name=\"twitter:site\" content=\"@APeneira\" \/>\n<meta name=\"twitter:label1\" content=\"Escrito por\" \/>\n\t<meta name=\"twitter:data1\" content=\"Xavier Rodr\u00edguez\" \/>\n\t<meta name=\"twitter:label2\" content=\"Tempo de lectura\" \/>\n\t<meta name=\"twitter:data2\" content=\"4 minutos\" \/>\n<script type=\"application\/ld+json\" class=\"yoast-schema-graph\">{\"@context\":\"https:\\\/\\\/schema.org\",\"@graph\":[{\"@type\":\"Article\",\"@id\":\"https:\\\/\\\/www.anovapeneira.gal\\\/index.php\\\/2025\\\/03\\\/18\\\/emerxencia-nacional\\\/#article\",\"isPartOf\":{\"@id\":\"https:\\\/\\\/www.anovapeneira.gal\\\/index.php\\\/2025\\\/03\\\/18\\\/emerxencia-nacional\\\/\"},\"author\":{\"name\":\"Xavier Rodr\u00edguez\",\"@id\":\"https:\\\/\\\/www.anovapeneira.gal\\\/#\\\/schema\\\/person\\\/e598b63030664c413236c3f685e56918\"},\"headline\":\"Emerxencia nacional\",\"datePublished\":\"2025-03-18T09:00:11+00:00\",\"mainEntityOfPage\":{\"@id\":\"https:\\\/\\\/www.anovapeneira.gal\\\/index.php\\\/2025\\\/03\\\/18\\\/emerxencia-nacional\\\/\"},\"wordCount\":649,\"commentCount\":0,\"publisher\":{\"@id\":\"https:\\\/\\\/www.anovapeneira.gal\\\/#organization\"},\"image\":{\"@id\":\"https:\\\/\\\/www.anovapeneira.gal\\\/index.php\\\/2025\\\/03\\\/18\\\/emerxencia-nacional\\\/#primaryimage\"},\"thumbnailUrl\":\"https:\\\/\\\/www.anovapeneira.gal\\\/wp-content\\\/uploads\\\/2022\\\/09\\\/xavier_rodriguez.jpg\",\"keywords\":[\"Concello de Nigr\u00e1n\"],\"articleSection\":[\"Artigos de opini\u00f3n\"],\"inLanguage\":\"gl-ES\",\"potentialAction\":[{\"@type\":\"CommentAction\",\"name\":\"Comment\",\"target\":[\"https:\\\/\\\/www.anovapeneira.gal\\\/index.php\\\/2025\\\/03\\\/18\\\/emerxencia-nacional\\\/#respond\"]}]},{\"@type\":\"WebPage\",\"@id\":\"https:\\\/\\\/www.anovapeneira.gal\\\/index.php\\\/2025\\\/03\\\/18\\\/emerxencia-nacional\\\/\",\"url\":\"https:\\\/\\\/www.anovapeneira.gal\\\/index.php\\\/2025\\\/03\\\/18\\\/emerxencia-nacional\\\/\",\"name\":\"Emerxencia nacional -\",\"isPartOf\":{\"@id\":\"https:\\\/\\\/www.anovapeneira.gal\\\/#website\"},\"primaryImageOfPage\":{\"@id\":\"https:\\\/\\\/www.anovapeneira.gal\\\/index.php\\\/2025\\\/03\\\/18\\\/emerxencia-nacional\\\/#primaryimage\"},\"image\":{\"@id\":\"https:\\\/\\\/www.anovapeneira.gal\\\/index.php\\\/2025\\\/03\\\/18\\\/emerxencia-nacional\\\/#primaryimage\"},\"thumbnailUrl\":\"https:\\\/\\\/www.anovapeneira.gal\\\/wp-content\\\/uploads\\\/2022\\\/09\\\/xavier_rodriguez.jpg\",\"datePublished\":\"2025-03-18T09:00:11+00:00\",\"breadcrumb\":{\"@id\":\"https:\\\/\\\/www.anovapeneira.gal\\\/index.php\\\/2025\\\/03\\\/18\\\/emerxencia-nacional\\\/#breadcrumb\"},\"inLanguage\":\"gl-ES\",\"potentialAction\":[{\"@type\":\"ReadAction\",\"target\":[\"https:\\\/\\\/www.anovapeneira.gal\\\/index.php\\\/2025\\\/03\\\/18\\\/emerxencia-nacional\\\/\"]}]},{\"@type\":\"ImageObject\",\"inLanguage\":\"gl-ES\",\"@id\":\"https:\\\/\\\/www.anovapeneira.gal\\\/index.php\\\/2025\\\/03\\\/18\\\/emerxencia-nacional\\\/#primaryimage\",\"url\":\"https:\\\/\\\/www.anovapeneira.gal\\\/wp-content\\\/uploads\\\/2022\\\/09\\\/xavier_rodriguez.jpg\",\"contentUrl\":\"https:\\\/\\\/www.anovapeneira.gal\\\/wp-content\\\/uploads\\\/2022\\\/09\\\/xavier_rodriguez.jpg\",\"width\":720,\"height\":432,\"caption\":\"Xavier Rodr\u00edguez BNG \u00e1 de Nigr\u00e1n\"},{\"@type\":\"BreadcrumbList\",\"@id\":\"https:\\\/\\\/www.anovapeneira.gal\\\/index.php\\\/2025\\\/03\\\/18\\\/emerxencia-nacional\\\/#breadcrumb\",\"itemListElement\":[{\"@type\":\"ListItem\",\"position\":1,\"name\":\"Portada\",\"item\":\"https:\\\/\\\/www.anovapeneira.gal\\\/\"},{\"@type\":\"ListItem\",\"position\":2,\"name\":\"Emerxencia nacional\"}]},{\"@type\":\"WebSite\",\"@id\":\"https:\\\/\\\/www.anovapeneira.gal\\\/#website\",\"url\":\"https:\\\/\\\/www.anovapeneira.gal\\\/\",\"name\":\"\",\"description\":\"Xornal galego de informaci\u00f3n xeral Publicaci\u00f3n mensual de novas de Galicia e en especial dos Concellos da sur da provincia de Pontevedra.\",\"publisher\":{\"@id\":\"https:\\\/\\\/www.anovapeneira.gal\\\/#organization\"},\"potentialAction\":[{\"@type\":\"SearchAction\",\"target\":{\"@type\":\"EntryPoint\",\"urlTemplate\":\"https:\\\/\\\/www.anovapeneira.gal\\\/?s={search_term_string}\"},\"query-input\":{\"@type\":\"PropertyValueSpecification\",\"valueRequired\":true,\"valueName\":\"search_term_string\"}}],\"inLanguage\":\"gl-ES\"},{\"@type\":\"Organization\",\"@id\":\"https:\\\/\\\/www.anovapeneira.gal\\\/#organization\",\"name\":\"A Nova Peneira\",\"url\":\"https:\\\/\\\/www.anovapeneira.gal\\\/\",\"logo\":{\"@type\":\"ImageObject\",\"inLanguage\":\"gl-ES\",\"@id\":\"https:\\\/\\\/www.anovapeneira.gal\\\/#\\\/schema\\\/logo\\\/image\\\/\",\"url\":\"http:\\\/\\\/www.anovapeneira.gal\\\/wp-content\\\/uploads\\\/2019\\\/06\\\/logo_a_nova_peneira_portal_web.png\",\"contentUrl\":\"http:\\\/\\\/www.anovapeneira.gal\\\/wp-content\\\/uploads\\\/2019\\\/06\\\/logo_a_nova_peneira_portal_web.png\",\"width\":300,\"height\":100,\"caption\":\"A Nova Peneira\"},\"image\":{\"@id\":\"https:\\\/\\\/www.anovapeneira.gal\\\/#\\\/schema\\\/logo\\\/image\\\/\"},\"sameAs\":[\"https:\\\/\\\/www.facebook.com\\\/anovapeneira\",\"https:\\\/\\\/x.com\\\/APeneira\"]},{\"@type\":\"Person\",\"@id\":\"https:\\\/\\\/www.anovapeneira.gal\\\/#\\\/schema\\\/person\\\/e598b63030664c413236c3f685e56918\",\"name\":\"Xavier Rodr\u00edguez\",\"image\":{\"@type\":\"ImageObject\",\"inLanguage\":\"gl-ES\",\"@id\":\"https:\\\/\\\/secure.gravatar.com\\\/avatar\\\/d9b9f992d649071928b76ede112924ee61e9f7be582c6755dc0932efc9f011eb?s=96&d=mm&r=g\",\"url\":\"https:\\\/\\\/secure.gravatar.com\\\/avatar\\\/d9b9f992d649071928b76ede112924ee61e9f7be582c6755dc0932efc9f011eb?s=96&d=mm&r=g\",\"contentUrl\":\"https:\\\/\\\/secure.gravatar.com\\\/avatar\\\/d9b9f992d649071928b76ede112924ee61e9f7be582c6755dc0932efc9f011eb?s=96&d=mm&r=g\",\"caption\":\"Xavier Rodr\u00edguez\"},\"sameAs\":[\"http:\\\/\\\/www.anovapeneira.gal\\\/\"],\"url\":\"https:\\\/\\\/www.anovapeneira.gal\\\/index.php\\\/author\\\/xavierrodriguez\\\/\"}]}<\/script>\n<!-- \/ Yoast SEO plugin. -->","yoast_head_json":{"title":"Emerxencia nacional -","robots":{"index":"index","follow":"follow","max-snippet":"max-snippet:-1","max-image-preview":"max-image-preview:large","max-video-preview":"max-video-preview:-1"},"canonical":"https:\/\/www.anovapeneira.gal\/index.php\/2025\/03\/18\/emerxencia-nacional\/","og_locale":"gl_ES","og_type":"article","og_title":"Emerxencia nacional -","og_description":"Tras a publicaci\u00f3n dos datos de IGE sobre o galego, un terremoto invadiu as nosas conciencias ante a dram\u00e1tica situaci\u00f3n da lingua [...]","og_url":"https:\/\/www.anovapeneira.gal\/index.php\/2025\/03\/18\/emerxencia-nacional\/","article_publisher":"https:\/\/www.facebook.com\/anovapeneira","article_published_time":"2025-03-18T09:00:11+00:00","og_image":[{"width":720,"height":432,"url":"https:\/\/www.anovapeneira.gal\/wp-content\/uploads\/2022\/09\/xavier_rodriguez.jpg","type":"image\/jpeg"}],"author":"Xavier Rodr\u00edguez","twitter_card":"summary_large_image","twitter_creator":"@APeneira","twitter_site":"@APeneira","twitter_misc":{"Escrito por":"Xavier Rodr\u00edguez","Tempo de lectura":"4 minutos"},"schema":{"@context":"https:\/\/schema.org","@graph":[{"@type":"Article","@id":"https:\/\/www.anovapeneira.gal\/index.php\/2025\/03\/18\/emerxencia-nacional\/#article","isPartOf":{"@id":"https:\/\/www.anovapeneira.gal\/index.php\/2025\/03\/18\/emerxencia-nacional\/"},"author":{"name":"Xavier Rodr\u00edguez","@id":"https:\/\/www.anovapeneira.gal\/#\/schema\/person\/e598b63030664c413236c3f685e56918"},"headline":"Emerxencia nacional","datePublished":"2025-03-18T09:00:11+00:00","mainEntityOfPage":{"@id":"https:\/\/www.anovapeneira.gal\/index.php\/2025\/03\/18\/emerxencia-nacional\/"},"wordCount":649,"commentCount":0,"publisher":{"@id":"https:\/\/www.anovapeneira.gal\/#organization"},"image":{"@id":"https:\/\/www.anovapeneira.gal\/index.php\/2025\/03\/18\/emerxencia-nacional\/#primaryimage"},"thumbnailUrl":"https:\/\/www.anovapeneira.gal\/wp-content\/uploads\/2022\/09\/xavier_rodriguez.jpg","keywords":["Concello de Nigr\u00e1n"],"articleSection":["Artigos de opini\u00f3n"],"inLanguage":"gl-ES","potentialAction":[{"@type":"CommentAction","name":"Comment","target":["https:\/\/www.anovapeneira.gal\/index.php\/2025\/03\/18\/emerxencia-nacional\/#respond"]}]},{"@type":"WebPage","@id":"https:\/\/www.anovapeneira.gal\/index.php\/2025\/03\/18\/emerxencia-nacional\/","url":"https:\/\/www.anovapeneira.gal\/index.php\/2025\/03\/18\/emerxencia-nacional\/","name":"Emerxencia nacional -","isPartOf":{"@id":"https:\/\/www.anovapeneira.gal\/#website"},"primaryImageOfPage":{"@id":"https:\/\/www.anovapeneira.gal\/index.php\/2025\/03\/18\/emerxencia-nacional\/#primaryimage"},"image":{"@id":"https:\/\/www.anovapeneira.gal\/index.php\/2025\/03\/18\/emerxencia-nacional\/#primaryimage"},"thumbnailUrl":"https:\/\/www.anovapeneira.gal\/wp-content\/uploads\/2022\/09\/xavier_rodriguez.jpg","datePublished":"2025-03-18T09:00:11+00:00","breadcrumb":{"@id":"https:\/\/www.anovapeneira.gal\/index.php\/2025\/03\/18\/emerxencia-nacional\/#breadcrumb"},"inLanguage":"gl-ES","potentialAction":[{"@type":"ReadAction","target":["https:\/\/www.anovapeneira.gal\/index.php\/2025\/03\/18\/emerxencia-nacional\/"]}]},{"@type":"ImageObject","inLanguage":"gl-ES","@id":"https:\/\/www.anovapeneira.gal\/index.php\/2025\/03\/18\/emerxencia-nacional\/#primaryimage","url":"https:\/\/www.anovapeneira.gal\/wp-content\/uploads\/2022\/09\/xavier_rodriguez.jpg","contentUrl":"https:\/\/www.anovapeneira.gal\/wp-content\/uploads\/2022\/09\/xavier_rodriguez.jpg","width":720,"height":432,"caption":"Xavier Rodr\u00edguez BNG \u00e1 de Nigr\u00e1n"},{"@type":"BreadcrumbList","@id":"https:\/\/www.anovapeneira.gal\/index.php\/2025\/03\/18\/emerxencia-nacional\/#breadcrumb","itemListElement":[{"@type":"ListItem","position":1,"name":"Portada","item":"https:\/\/www.anovapeneira.gal\/"},{"@type":"ListItem","position":2,"name":"Emerxencia nacional"}]},{"@type":"WebSite","@id":"https:\/\/www.anovapeneira.gal\/#website","url":"https:\/\/www.anovapeneira.gal\/","name":"","description":"Xornal galego de informaci\u00f3n xeral Publicaci\u00f3n mensual de novas de Galicia e en especial dos Concellos da sur da provincia de Pontevedra.","publisher":{"@id":"https:\/\/www.anovapeneira.gal\/#organization"},"potentialAction":[{"@type":"SearchAction","target":{"@type":"EntryPoint","urlTemplate":"https:\/\/www.anovapeneira.gal\/?s={search_term_string}"},"query-input":{"@type":"PropertyValueSpecification","valueRequired":true,"valueName":"search_term_string"}}],"inLanguage":"gl-ES"},{"@type":"Organization","@id":"https:\/\/www.anovapeneira.gal\/#organization","name":"A Nova Peneira","url":"https:\/\/www.anovapeneira.gal\/","logo":{"@type":"ImageObject","inLanguage":"gl-ES","@id":"https:\/\/www.anovapeneira.gal\/#\/schema\/logo\/image\/","url":"http:\/\/www.anovapeneira.gal\/wp-content\/uploads\/2019\/06\/logo_a_nova_peneira_portal_web.png","contentUrl":"http:\/\/www.anovapeneira.gal\/wp-content\/uploads\/2019\/06\/logo_a_nova_peneira_portal_web.png","width":300,"height":100,"caption":"A Nova Peneira"},"image":{"@id":"https:\/\/www.anovapeneira.gal\/#\/schema\/logo\/image\/"},"sameAs":["https:\/\/www.facebook.com\/anovapeneira","https:\/\/x.com\/APeneira"]},{"@type":"Person","@id":"https:\/\/www.anovapeneira.gal\/#\/schema\/person\/e598b63030664c413236c3f685e56918","name":"Xavier Rodr\u00edguez","image":{"@type":"ImageObject","inLanguage":"gl-ES","@id":"https:\/\/secure.gravatar.com\/avatar\/d9b9f992d649071928b76ede112924ee61e9f7be582c6755dc0932efc9f011eb?s=96&d=mm&r=g","url":"https:\/\/secure.gravatar.com\/avatar\/d9b9f992d649071928b76ede112924ee61e9f7be582c6755dc0932efc9f011eb?s=96&d=mm&r=g","contentUrl":"https:\/\/secure.gravatar.com\/avatar\/d9b9f992d649071928b76ede112924ee61e9f7be582c6755dc0932efc9f011eb?s=96&d=mm&r=g","caption":"Xavier Rodr\u00edguez"},"sameAs":["http:\/\/www.anovapeneira.gal\/"],"url":"https:\/\/www.anovapeneira.gal\/index.php\/author\/xavierrodriguez\/"}]}},"jetpack_featured_media_url":"https:\/\/www.anovapeneira.gal\/wp-content\/uploads\/2022\/09\/xavier_rodriguez.jpg","_links":{"self":[{"href":"https:\/\/www.anovapeneira.gal\/index.php\/wp-json\/wp\/v2\/posts\/13543","targetHints":{"allow":["GET"]}}],"collection":[{"href":"https:\/\/www.anovapeneira.gal\/index.php\/wp-json\/wp\/v2\/posts"}],"about":[{"href":"https:\/\/www.anovapeneira.gal\/index.php\/wp-json\/wp\/v2\/types\/post"}],"author":[{"embeddable":true,"href":"https:\/\/www.anovapeneira.gal\/index.php\/wp-json\/wp\/v2\/users\/16"}],"replies":[{"embeddable":true,"href":"https:\/\/www.anovapeneira.gal\/index.php\/wp-json\/wp\/v2\/comments?post=13543"}],"version-history":[{"count":1,"href":"https:\/\/www.anovapeneira.gal\/index.php\/wp-json\/wp\/v2\/posts\/13543\/revisions"}],"predecessor-version":[{"id":13544,"href":"https:\/\/www.anovapeneira.gal\/index.php\/wp-json\/wp\/v2\/posts\/13543\/revisions\/13544"}],"wp:featuredmedia":[{"embeddable":true,"href":"https:\/\/www.anovapeneira.gal\/index.php\/wp-json\/wp\/v2\/media\/8144"}],"wp:attachment":[{"href":"https:\/\/www.anovapeneira.gal\/index.php\/wp-json\/wp\/v2\/media?parent=13543"}],"wp:term":[{"taxonomy":"category","embeddable":true,"href":"https:\/\/www.anovapeneira.gal\/index.php\/wp-json\/wp\/v2\/categories?post=13543"},{"taxonomy":"post_tag","embeddable":true,"href":"https:\/\/www.anovapeneira.gal\/index.php\/wp-json\/wp\/v2\/tags?post=13543"}],"curies":[{"name":"wp","href":"https:\/\/api.w.org\/{rel}","templated":true}]}}