{"id":13548,"date":"2025-03-19T10:00:30","date_gmt":"2025-03-19T09:00:30","guid":{"rendered":"https:\/\/www.anovapeneira.gal\/?p=13548"},"modified":"2025-03-13T11:12:48","modified_gmt":"2025-03-13T10:12:48","slug":"rego-exixe-ao-goberno-espanol-rexeitar-a-escalada-belicista-da-ue","status":"publish","type":"post","link":"https:\/\/www.anovapeneira.gal\/index.php\/2025\/03\/19\/rego-exixe-ao-goberno-espanol-rexeitar-a-escalada-belicista-da-ue\/","title":{"rendered":"Rego exixe ao Goberno espa\u00f1ol \u201crexeitar a escalada belicista da UE\u201d"},"content":{"rendered":"\n<h2 class=\"wp-block-heading\"><strong>O deputado do BNG denuncia o silencio c\u00f3mplice ante as ameazas de Trump e as aspiraci\u00f3ns de limpeza \u00e9tnica anunciada para Gaza<\/strong><\/h2>\n\n\n\n<p><strong>O BNG reclama \u201cmudar de rumbo\u201d na pol\u00edtica exterior do Goberno do Estado, rexeitando o imperialismo dos EUA, op\u00f3ndose ao belicismo e ao aumento do gasto militar proposto pola UE<\/strong><\/p>\n\n\n\n<p><strong>Madrid, 12 de marzo de 2025.<\/strong> <\/p>\n\n\n\n<p>O Bloque Nacionalista Galego leva ao Congreso a s\u00faa oposici\u00f3n \u00e1 escalada militarista da Uni\u00f3n Europea e \u00e1 submisi\u00f3n do Goberno do Estado \u00e1s pol\u00edticas imperialistas dos Estados Unidos. O deputado do BNG, N\u00e9stor Rego, denuncia durante a interpelaci\u00f3n do BNG ao Ministro de Asuntos Exteriores a falta de resposta ante as ameazas de Donald Trump, a hipocris\u00eda da UE en materia de sanci\u00f3ns e a intenci\u00f3n de destinar 800.000 mill\u00f3ns de euros a un fondo de guerra. O BNG reafirma a s\u00faa defensa da paz, da soberan\u00eda dos pobos e das pol\u00edticas sociais, reclamando unha mudanza de rumbo que aposte pola diplomacia e o desarmamento en lugar do aumento do gasto militar.<\/p>\n\n\n\n<p>O deputado do BNG no Congreso, N\u00e9stor Rego, interpela o Ministro de Asuntos Exteriores sobre a posici\u00f3n do Goberno do Estado frente \u00e1s ameazas e imposici\u00f3ns do novo presidente dos Estados Unidos, Donald Trump, e sobre a deriva militarista da Uni\u00f3n Europea. O Bloque Nacionalista Galego denuncia o silencio c\u00f3mplice do Executivo frente \u00e1s acci\u00f3ns de Washington e reclama unha aposta decidida pola paz e a soberan\u00eda dos pobos.<\/p>\n\n\n\n<p><strong>Hipocris\u00eda e silencio c\u00f3mplice da UE frente ao imperialismo norteamericano<\/strong><\/p>\n\n\n\n<p>N\u00e9stor Rego cuestiona que o Goberno do Estado e a Uni\u00f3n Europea permanezan impas\u00edbeis ante anuncios, realizados por Trump, de extrema gravidade como a imposici\u00f3n de aranceis comerciais ou as ameazas militares contra terceiros pa\u00edses, inclu\u00eddo un Estado membro da UE como Dinamarca. &#8220;O silencio frente a estas acci\u00f3ns non s\u00f3 \u00e9 preocupante sen\u00f3n que evidencia a total submisi\u00f3n aos intereses do imperialismo norteamericano&#8221; denuncia o deputado nacionalista.<\/p>\n\n\n\n<p>Rego destaca especialmente a situaci\u00f3n en Gaza, onde Trump anunciou a intenci\u00f3n de proceder ao desprazamento forzoso de toda a poboaci\u00f3n palestina para converter a zona nun <em>resort<\/em> baixo control estadounidense. &#8220;Falamos dun crime de lesa humanidade, dunha limpeza \u00e9tnica anunciada publicamente, sen que o Estado ou a UE fixesen ningunha condena&#8221; critica o deputado.<\/p>\n\n\n\n<p>O BNG denuncia que mentres a UE seguiu as directrices de Estados Unidos aplicando sanci\u00f3ns masivas \u00e1 Rusia, en ning\u00fan momento adoptou medidas semellantes contra o Estado sionista de Israel, a pesar do xenocidio en Gaza e da morte de m\u00e1is de 50.000 persoas. &#8220;A hipocris\u00eda da UE \u00e9 evidente&#8221; afirma Rego. &#8220;Seguen unha pol\u00edtica de total seguidismo do imperialismo estadounidense, mesmo cando este ameaza con tomar pola forza un territorio dun Estado membro, como no caso de Groenlandia&#8221;.<\/p>\n\n\n\n<p><strong>Cambio de rumbo: contra a escalada militar, pola paz<\/strong><\/p>\n\n\n\n<p>O BNG reitera a s\u00faa oposici\u00f3n ao incremento do gasto militar na UE, que xa prev\u00e9 un fondo de guerra de 800.000 mill\u00f3ns de euros. &#8220;M\u00e1is gasto militar non \u00e9 sin\u00f3nimo de m\u00e1is seguridade. \u00c9o de m\u00e1is inestabilidade e de m\u00e1is recortes sociais&#8221;, asegura Rego. &#8220;Mentres alg\u00fans falan de investir 3% ou mesmo 5% do PIB en armamento, no BNG temos clara a nosa prioridade: se hai que escoller entre hospitais e bombas, escollemos hospitais; entre escolas e m\u00edsiles, escollemos escolas; entre vivendas e tanques, escollemos vivendas&#8221; reivindica o deputado do BNG no Congreso durante a interpelaci\u00f3n.<\/p>\n\n\n\n<p>Por este motivo, o deputado nacionalista urxe o Goberno a rexeitar a escalada militarista e apostar pola paz, a soberan\u00eda dos pobos e a defensa dos dereitos sociais. &#8220;O Estado debe rexeitar o fondo de guerra da UE, apostar pola sa\u00edda da OTAN, impedir o uso das bases militares espa\u00f1olas para operaci\u00f3ns inxerencistas e, sobre todo, mudar de rumbo para defender os intereses das maior\u00edas sociais e non os do gran capital armament\u00edstico&#8221; concl\u00fae Rego.<\/p>\n","protected":false},"excerpt":{"rendered":"<div class=\"mh-excerpt\"><p>O deputado do BNG denuncia o silencio c\u00f3mplice ante as ameazas de Trump e as aspiraci\u00f3ns de limpeza \u00e9tnica anunciada para Gaza O BNG reclama \u201cmudar de rumbo\u201d na pol\u00edtica exterior do Goberno do Estado, <a class=\"mh-excerpt-more\" href=\"https:\/\/www.anovapeneira.gal\/index.php\/2025\/03\/19\/rego-exixe-ao-goberno-espanol-rexeitar-a-escalada-belicista-da-ue\/\" title=\"Rego exixe ao Goberno espa\u00f1ol \u201crexeitar a escalada belicista da UE\u201d\">[&#8230;]<\/a><\/p>\n<\/div>","protected":false},"author":3,"featured_media":13186,"comment_status":"open","ping_status":"open","sticky":false,"template":"","format":"standard","meta":{"_exactmetrics_skip_tracking":false,"_exactmetrics_sitenote_active":false,"_exactmetrics_sitenote_note":"","_exactmetrics_sitenote_category":0,"footnotes":""},"categories":[263],"tags":[631],"class_list":{"0":"post-13548","1":"post","2":"type-post","3":"status-publish","4":"format-standard","5":"has-post-thumbnail","7":"category-novas","8":"tag-nestor-rego"},"yoast_head":"<!-- This site is optimized with the Yoast SEO plugin v27.4 - https:\/\/yoast.com\/product\/yoast-seo-wordpress\/ -->\n<title>Rego exixe ao Goberno espa\u00f1ol \u201crexeitar a escalada belicista da UE\u201d -<\/title>\n<meta name=\"robots\" content=\"index, follow, max-snippet:-1, max-image-preview:large, max-video-preview:-1\" \/>\n<link rel=\"canonical\" href=\"https:\/\/www.anovapeneira.gal\/index.php\/2025\/03\/19\/rego-exixe-ao-goberno-espanol-rexeitar-a-escalada-belicista-da-ue\/\" \/>\n<meta property=\"og:locale\" content=\"gl_ES\" \/>\n<meta property=\"og:type\" content=\"article\" \/>\n<meta property=\"og:title\" content=\"Rego exixe ao Goberno espa\u00f1ol \u201crexeitar a escalada belicista da UE\u201d -\" \/>\n<meta property=\"og:description\" content=\"O deputado do BNG denuncia o silencio c\u00f3mplice ante as ameazas de Trump e as aspiraci\u00f3ns de limpeza \u00e9tnica anunciada para Gaza O BNG reclama \u201cmudar de rumbo\u201d na pol\u00edtica exterior do Goberno do Estado, [...]\" \/>\n<meta property=\"og:url\" content=\"https:\/\/www.anovapeneira.gal\/index.php\/2025\/03\/19\/rego-exixe-ao-goberno-espanol-rexeitar-a-escalada-belicista-da-ue\/\" \/>\n<meta property=\"article:publisher\" content=\"https:\/\/www.facebook.com\/anovapeneira\" \/>\n<meta property=\"article:published_time\" content=\"2025-03-19T09:00:30+00:00\" \/>\n<meta property=\"og:image\" content=\"https:\/\/www.anovapeneira.gal\/wp-content\/uploads\/2025\/01\/nestor_rego.jpg\" \/>\n\t<meta property=\"og:image:width\" content=\"720\" \/>\n\t<meta property=\"og:image:height\" content=\"432\" \/>\n\t<meta property=\"og:image:type\" content=\"image\/jpeg\" \/>\n<meta name=\"author\" content=\"Redacci\u00f3n A Nova Peneira\" \/>\n<meta name=\"twitter:card\" content=\"summary_large_image\" \/>\n<meta name=\"twitter:creator\" content=\"@APeneira\" \/>\n<meta name=\"twitter:site\" content=\"@APeneira\" \/>\n<meta name=\"twitter:label1\" content=\"Escrito por\" \/>\n\t<meta name=\"twitter:data1\" content=\"Redacci\u00f3n A Nova Peneira\" \/>\n\t<meta name=\"twitter:label2\" content=\"Tempo de lectura\" \/>\n\t<meta name=\"twitter:data2\" content=\"4 minutos\" \/>\n<script type=\"application\/ld+json\" class=\"yoast-schema-graph\">{\"@context\":\"https:\\\/\\\/schema.org\",\"@graph\":[{\"@type\":\"Article\",\"@id\":\"https:\\\/\\\/www.anovapeneira.gal\\\/index.php\\\/2025\\\/03\\\/19\\\/rego-exixe-ao-goberno-espanol-rexeitar-a-escalada-belicista-da-ue\\\/#article\",\"isPartOf\":{\"@id\":\"https:\\\/\\\/www.anovapeneira.gal\\\/index.php\\\/2025\\\/03\\\/19\\\/rego-exixe-ao-goberno-espanol-rexeitar-a-escalada-belicista-da-ue\\\/\"},\"author\":{\"name\":\"Redacci\u00f3n A Nova Peneira\",\"@id\":\"https:\\\/\\\/www.anovapeneira.gal\\\/#\\\/schema\\\/person\\\/b93e3f8932e3f8da96334607eb6ac6aa\"},\"headline\":\"Rego exixe ao Goberno espa\u00f1ol \u201crexeitar a escalada belicista da UE\u201d\",\"datePublished\":\"2025-03-19T09:00:30+00:00\",\"mainEntityOfPage\":{\"@id\":\"https:\\\/\\\/www.anovapeneira.gal\\\/index.php\\\/2025\\\/03\\\/19\\\/rego-exixe-ao-goberno-espanol-rexeitar-a-escalada-belicista-da-ue\\\/\"},\"wordCount\":694,\"commentCount\":0,\"publisher\":{\"@id\":\"https:\\\/\\\/www.anovapeneira.gal\\\/#organization\"},\"image\":{\"@id\":\"https:\\\/\\\/www.anovapeneira.gal\\\/index.php\\\/2025\\\/03\\\/19\\\/rego-exixe-ao-goberno-espanol-rexeitar-a-escalada-belicista-da-ue\\\/#primaryimage\"},\"thumbnailUrl\":\"https:\\\/\\\/www.anovapeneira.gal\\\/wp-content\\\/uploads\\\/2025\\\/01\\\/nestor_rego.jpg\",\"keywords\":[\"N\u00e9stor Rego\"],\"articleSection\":[\"Novas\"],\"inLanguage\":\"gl-ES\",\"potentialAction\":[{\"@type\":\"CommentAction\",\"name\":\"Comment\",\"target\":[\"https:\\\/\\\/www.anovapeneira.gal\\\/index.php\\\/2025\\\/03\\\/19\\\/rego-exixe-ao-goberno-espanol-rexeitar-a-escalada-belicista-da-ue\\\/#respond\"]}]},{\"@type\":\"WebPage\",\"@id\":\"https:\\\/\\\/www.anovapeneira.gal\\\/index.php\\\/2025\\\/03\\\/19\\\/rego-exixe-ao-goberno-espanol-rexeitar-a-escalada-belicista-da-ue\\\/\",\"url\":\"https:\\\/\\\/www.anovapeneira.gal\\\/index.php\\\/2025\\\/03\\\/19\\\/rego-exixe-ao-goberno-espanol-rexeitar-a-escalada-belicista-da-ue\\\/\",\"name\":\"Rego exixe ao Goberno espa\u00f1ol \u201crexeitar a escalada belicista da UE\u201d -\",\"isPartOf\":{\"@id\":\"https:\\\/\\\/www.anovapeneira.gal\\\/#website\"},\"primaryImageOfPage\":{\"@id\":\"https:\\\/\\\/www.anovapeneira.gal\\\/index.php\\\/2025\\\/03\\\/19\\\/rego-exixe-ao-goberno-espanol-rexeitar-a-escalada-belicista-da-ue\\\/#primaryimage\"},\"image\":{\"@id\":\"https:\\\/\\\/www.anovapeneira.gal\\\/index.php\\\/2025\\\/03\\\/19\\\/rego-exixe-ao-goberno-espanol-rexeitar-a-escalada-belicista-da-ue\\\/#primaryimage\"},\"thumbnailUrl\":\"https:\\\/\\\/www.anovapeneira.gal\\\/wp-content\\\/uploads\\\/2025\\\/01\\\/nestor_rego.jpg\",\"datePublished\":\"2025-03-19T09:00:30+00:00\",\"breadcrumb\":{\"@id\":\"https:\\\/\\\/www.anovapeneira.gal\\\/index.php\\\/2025\\\/03\\\/19\\\/rego-exixe-ao-goberno-espanol-rexeitar-a-escalada-belicista-da-ue\\\/#breadcrumb\"},\"inLanguage\":\"gl-ES\",\"potentialAction\":[{\"@type\":\"ReadAction\",\"target\":[\"https:\\\/\\\/www.anovapeneira.gal\\\/index.php\\\/2025\\\/03\\\/19\\\/rego-exixe-ao-goberno-espanol-rexeitar-a-escalada-belicista-da-ue\\\/\"]}]},{\"@type\":\"ImageObject\",\"inLanguage\":\"gl-ES\",\"@id\":\"https:\\\/\\\/www.anovapeneira.gal\\\/index.php\\\/2025\\\/03\\\/19\\\/rego-exixe-ao-goberno-espanol-rexeitar-a-escalada-belicista-da-ue\\\/#primaryimage\",\"url\":\"https:\\\/\\\/www.anovapeneira.gal\\\/wp-content\\\/uploads\\\/2025\\\/01\\\/nestor_rego.jpg\",\"contentUrl\":\"https:\\\/\\\/www.anovapeneira.gal\\\/wp-content\\\/uploads\\\/2025\\\/01\\\/nestor_rego.jpg\",\"width\":720,\"height\":432,\"caption\":\"N\u00e9stor Rego\"},{\"@type\":\"BreadcrumbList\",\"@id\":\"https:\\\/\\\/www.anovapeneira.gal\\\/index.php\\\/2025\\\/03\\\/19\\\/rego-exixe-ao-goberno-espanol-rexeitar-a-escalada-belicista-da-ue\\\/#breadcrumb\",\"itemListElement\":[{\"@type\":\"ListItem\",\"position\":1,\"name\":\"Portada\",\"item\":\"https:\\\/\\\/www.anovapeneira.gal\\\/\"},{\"@type\":\"ListItem\",\"position\":2,\"name\":\"Rego exixe ao Goberno espa\u00f1ol \u201crexeitar a escalada belicista da UE\u201d\"}]},{\"@type\":\"WebSite\",\"@id\":\"https:\\\/\\\/www.anovapeneira.gal\\\/#website\",\"url\":\"https:\\\/\\\/www.anovapeneira.gal\\\/\",\"name\":\"\",\"description\":\"Xornal galego de informaci\u00f3n xeral Publicaci\u00f3n mensual de novas de Galicia e en especial dos Concellos da sur da provincia de Pontevedra.\",\"publisher\":{\"@id\":\"https:\\\/\\\/www.anovapeneira.gal\\\/#organization\"},\"potentialAction\":[{\"@type\":\"SearchAction\",\"target\":{\"@type\":\"EntryPoint\",\"urlTemplate\":\"https:\\\/\\\/www.anovapeneira.gal\\\/?s={search_term_string}\"},\"query-input\":{\"@type\":\"PropertyValueSpecification\",\"valueRequired\":true,\"valueName\":\"search_term_string\"}}],\"inLanguage\":\"gl-ES\"},{\"@type\":\"Organization\",\"@id\":\"https:\\\/\\\/www.anovapeneira.gal\\\/#organization\",\"name\":\"A Nova Peneira\",\"url\":\"https:\\\/\\\/www.anovapeneira.gal\\\/\",\"logo\":{\"@type\":\"ImageObject\",\"inLanguage\":\"gl-ES\",\"@id\":\"https:\\\/\\\/www.anovapeneira.gal\\\/#\\\/schema\\\/logo\\\/image\\\/\",\"url\":\"http:\\\/\\\/www.anovapeneira.gal\\\/wp-content\\\/uploads\\\/2019\\\/06\\\/logo_a_nova_peneira_portal_web.png\",\"contentUrl\":\"http:\\\/\\\/www.anovapeneira.gal\\\/wp-content\\\/uploads\\\/2019\\\/06\\\/logo_a_nova_peneira_portal_web.png\",\"width\":300,\"height\":100,\"caption\":\"A Nova Peneira\"},\"image\":{\"@id\":\"https:\\\/\\\/www.anovapeneira.gal\\\/#\\\/schema\\\/logo\\\/image\\\/\"},\"sameAs\":[\"https:\\\/\\\/www.facebook.com\\\/anovapeneira\",\"https:\\\/\\\/x.com\\\/APeneira\"]},{\"@type\":\"Person\",\"@id\":\"https:\\\/\\\/www.anovapeneira.gal\\\/#\\\/schema\\\/person\\\/b93e3f8932e3f8da96334607eb6ac6aa\",\"name\":\"Redacci\u00f3n A Nova Peneira\",\"image\":{\"@type\":\"ImageObject\",\"inLanguage\":\"gl-ES\",\"@id\":\"https:\\\/\\\/secure.gravatar.com\\\/avatar\\\/c052a2551a06e23fac63626232eaa90abd78dbcf1700fc46a2b2c89fd27b735f?s=96&d=mm&r=g\",\"url\":\"https:\\\/\\\/secure.gravatar.com\\\/avatar\\\/c052a2551a06e23fac63626232eaa90abd78dbcf1700fc46a2b2c89fd27b735f?s=96&d=mm&r=g\",\"contentUrl\":\"https:\\\/\\\/secure.gravatar.com\\\/avatar\\\/c052a2551a06e23fac63626232eaa90abd78dbcf1700fc46a2b2c89fd27b735f?s=96&d=mm&r=g\",\"caption\":\"Redacci\u00f3n A Nova Peneira\"},\"sameAs\":[\"http:\\\/\\\/www.anovapeneira.gal\\\/\"],\"url\":\"https:\\\/\\\/www.anovapeneira.gal\\\/index.php\\\/author\\\/redactor\\\/\"}]}<\/script>\n<!-- \/ Yoast SEO plugin. -->","yoast_head_json":{"title":"Rego exixe ao Goberno espa\u00f1ol \u201crexeitar a escalada belicista da UE\u201d -","robots":{"index":"index","follow":"follow","max-snippet":"max-snippet:-1","max-image-preview":"max-image-preview:large","max-video-preview":"max-video-preview:-1"},"canonical":"https:\/\/www.anovapeneira.gal\/index.php\/2025\/03\/19\/rego-exixe-ao-goberno-espanol-rexeitar-a-escalada-belicista-da-ue\/","og_locale":"gl_ES","og_type":"article","og_title":"Rego exixe ao Goberno espa\u00f1ol \u201crexeitar a escalada belicista da UE\u201d -","og_description":"O deputado do BNG denuncia o silencio c\u00f3mplice ante as ameazas de Trump e as aspiraci\u00f3ns de limpeza \u00e9tnica anunciada para Gaza O BNG reclama \u201cmudar de rumbo\u201d na pol\u00edtica exterior do Goberno do Estado, [...]","og_url":"https:\/\/www.anovapeneira.gal\/index.php\/2025\/03\/19\/rego-exixe-ao-goberno-espanol-rexeitar-a-escalada-belicista-da-ue\/","article_publisher":"https:\/\/www.facebook.com\/anovapeneira","article_published_time":"2025-03-19T09:00:30+00:00","og_image":[{"width":720,"height":432,"url":"https:\/\/www.anovapeneira.gal\/wp-content\/uploads\/2025\/01\/nestor_rego.jpg","type":"image\/jpeg"}],"author":"Redacci\u00f3n A Nova Peneira","twitter_card":"summary_large_image","twitter_creator":"@APeneira","twitter_site":"@APeneira","twitter_misc":{"Escrito por":"Redacci\u00f3n A Nova Peneira","Tempo de lectura":"4 minutos"},"schema":{"@context":"https:\/\/schema.org","@graph":[{"@type":"Article","@id":"https:\/\/www.anovapeneira.gal\/index.php\/2025\/03\/19\/rego-exixe-ao-goberno-espanol-rexeitar-a-escalada-belicista-da-ue\/#article","isPartOf":{"@id":"https:\/\/www.anovapeneira.gal\/index.php\/2025\/03\/19\/rego-exixe-ao-goberno-espanol-rexeitar-a-escalada-belicista-da-ue\/"},"author":{"name":"Redacci\u00f3n A Nova Peneira","@id":"https:\/\/www.anovapeneira.gal\/#\/schema\/person\/b93e3f8932e3f8da96334607eb6ac6aa"},"headline":"Rego exixe ao Goberno espa\u00f1ol \u201crexeitar a escalada belicista da UE\u201d","datePublished":"2025-03-19T09:00:30+00:00","mainEntityOfPage":{"@id":"https:\/\/www.anovapeneira.gal\/index.php\/2025\/03\/19\/rego-exixe-ao-goberno-espanol-rexeitar-a-escalada-belicista-da-ue\/"},"wordCount":694,"commentCount":0,"publisher":{"@id":"https:\/\/www.anovapeneira.gal\/#organization"},"image":{"@id":"https:\/\/www.anovapeneira.gal\/index.php\/2025\/03\/19\/rego-exixe-ao-goberno-espanol-rexeitar-a-escalada-belicista-da-ue\/#primaryimage"},"thumbnailUrl":"https:\/\/www.anovapeneira.gal\/wp-content\/uploads\/2025\/01\/nestor_rego.jpg","keywords":["N\u00e9stor Rego"],"articleSection":["Novas"],"inLanguage":"gl-ES","potentialAction":[{"@type":"CommentAction","name":"Comment","target":["https:\/\/www.anovapeneira.gal\/index.php\/2025\/03\/19\/rego-exixe-ao-goberno-espanol-rexeitar-a-escalada-belicista-da-ue\/#respond"]}]},{"@type":"WebPage","@id":"https:\/\/www.anovapeneira.gal\/index.php\/2025\/03\/19\/rego-exixe-ao-goberno-espanol-rexeitar-a-escalada-belicista-da-ue\/","url":"https:\/\/www.anovapeneira.gal\/index.php\/2025\/03\/19\/rego-exixe-ao-goberno-espanol-rexeitar-a-escalada-belicista-da-ue\/","name":"Rego exixe ao Goberno espa\u00f1ol \u201crexeitar a escalada belicista da UE\u201d -","isPartOf":{"@id":"https:\/\/www.anovapeneira.gal\/#website"},"primaryImageOfPage":{"@id":"https:\/\/www.anovapeneira.gal\/index.php\/2025\/03\/19\/rego-exixe-ao-goberno-espanol-rexeitar-a-escalada-belicista-da-ue\/#primaryimage"},"image":{"@id":"https:\/\/www.anovapeneira.gal\/index.php\/2025\/03\/19\/rego-exixe-ao-goberno-espanol-rexeitar-a-escalada-belicista-da-ue\/#primaryimage"},"thumbnailUrl":"https:\/\/www.anovapeneira.gal\/wp-content\/uploads\/2025\/01\/nestor_rego.jpg","datePublished":"2025-03-19T09:00:30+00:00","breadcrumb":{"@id":"https:\/\/www.anovapeneira.gal\/index.php\/2025\/03\/19\/rego-exixe-ao-goberno-espanol-rexeitar-a-escalada-belicista-da-ue\/#breadcrumb"},"inLanguage":"gl-ES","potentialAction":[{"@type":"ReadAction","target":["https:\/\/www.anovapeneira.gal\/index.php\/2025\/03\/19\/rego-exixe-ao-goberno-espanol-rexeitar-a-escalada-belicista-da-ue\/"]}]},{"@type":"ImageObject","inLanguage":"gl-ES","@id":"https:\/\/www.anovapeneira.gal\/index.php\/2025\/03\/19\/rego-exixe-ao-goberno-espanol-rexeitar-a-escalada-belicista-da-ue\/#primaryimage","url":"https:\/\/www.anovapeneira.gal\/wp-content\/uploads\/2025\/01\/nestor_rego.jpg","contentUrl":"https:\/\/www.anovapeneira.gal\/wp-content\/uploads\/2025\/01\/nestor_rego.jpg","width":720,"height":432,"caption":"N\u00e9stor Rego"},{"@type":"BreadcrumbList","@id":"https:\/\/www.anovapeneira.gal\/index.php\/2025\/03\/19\/rego-exixe-ao-goberno-espanol-rexeitar-a-escalada-belicista-da-ue\/#breadcrumb","itemListElement":[{"@type":"ListItem","position":1,"name":"Portada","item":"https:\/\/www.anovapeneira.gal\/"},{"@type":"ListItem","position":2,"name":"Rego exixe ao Goberno espa\u00f1ol \u201crexeitar a escalada belicista da UE\u201d"}]},{"@type":"WebSite","@id":"https:\/\/www.anovapeneira.gal\/#website","url":"https:\/\/www.anovapeneira.gal\/","name":"","description":"Xornal galego de informaci\u00f3n xeral Publicaci\u00f3n mensual de novas de Galicia e en especial dos Concellos da sur da provincia de Pontevedra.","publisher":{"@id":"https:\/\/www.anovapeneira.gal\/#organization"},"potentialAction":[{"@type":"SearchAction","target":{"@type":"EntryPoint","urlTemplate":"https:\/\/www.anovapeneira.gal\/?s={search_term_string}"},"query-input":{"@type":"PropertyValueSpecification","valueRequired":true,"valueName":"search_term_string"}}],"inLanguage":"gl-ES"},{"@type":"Organization","@id":"https:\/\/www.anovapeneira.gal\/#organization","name":"A Nova Peneira","url":"https:\/\/www.anovapeneira.gal\/","logo":{"@type":"ImageObject","inLanguage":"gl-ES","@id":"https:\/\/www.anovapeneira.gal\/#\/schema\/logo\/image\/","url":"http:\/\/www.anovapeneira.gal\/wp-content\/uploads\/2019\/06\/logo_a_nova_peneira_portal_web.png","contentUrl":"http:\/\/www.anovapeneira.gal\/wp-content\/uploads\/2019\/06\/logo_a_nova_peneira_portal_web.png","width":300,"height":100,"caption":"A Nova Peneira"},"image":{"@id":"https:\/\/www.anovapeneira.gal\/#\/schema\/logo\/image\/"},"sameAs":["https:\/\/www.facebook.com\/anovapeneira","https:\/\/x.com\/APeneira"]},{"@type":"Person","@id":"https:\/\/www.anovapeneira.gal\/#\/schema\/person\/b93e3f8932e3f8da96334607eb6ac6aa","name":"Redacci\u00f3n A Nova Peneira","image":{"@type":"ImageObject","inLanguage":"gl-ES","@id":"https:\/\/secure.gravatar.com\/avatar\/c052a2551a06e23fac63626232eaa90abd78dbcf1700fc46a2b2c89fd27b735f?s=96&d=mm&r=g","url":"https:\/\/secure.gravatar.com\/avatar\/c052a2551a06e23fac63626232eaa90abd78dbcf1700fc46a2b2c89fd27b735f?s=96&d=mm&r=g","contentUrl":"https:\/\/secure.gravatar.com\/avatar\/c052a2551a06e23fac63626232eaa90abd78dbcf1700fc46a2b2c89fd27b735f?s=96&d=mm&r=g","caption":"Redacci\u00f3n A Nova Peneira"},"sameAs":["http:\/\/www.anovapeneira.gal\/"],"url":"https:\/\/www.anovapeneira.gal\/index.php\/author\/redactor\/"}]}},"jetpack_featured_media_url":"https:\/\/www.anovapeneira.gal\/wp-content\/uploads\/2025\/01\/nestor_rego.jpg","_links":{"self":[{"href":"https:\/\/www.anovapeneira.gal\/index.php\/wp-json\/wp\/v2\/posts\/13548","targetHints":{"allow":["GET"]}}],"collection":[{"href":"https:\/\/www.anovapeneira.gal\/index.php\/wp-json\/wp\/v2\/posts"}],"about":[{"href":"https:\/\/www.anovapeneira.gal\/index.php\/wp-json\/wp\/v2\/types\/post"}],"author":[{"embeddable":true,"href":"https:\/\/www.anovapeneira.gal\/index.php\/wp-json\/wp\/v2\/users\/3"}],"replies":[{"embeddable":true,"href":"https:\/\/www.anovapeneira.gal\/index.php\/wp-json\/wp\/v2\/comments?post=13548"}],"version-history":[{"count":2,"href":"https:\/\/www.anovapeneira.gal\/index.php\/wp-json\/wp\/v2\/posts\/13548\/revisions"}],"predecessor-version":[{"id":13550,"href":"https:\/\/www.anovapeneira.gal\/index.php\/wp-json\/wp\/v2\/posts\/13548\/revisions\/13550"}],"wp:featuredmedia":[{"embeddable":true,"href":"https:\/\/www.anovapeneira.gal\/index.php\/wp-json\/wp\/v2\/media\/13186"}],"wp:attachment":[{"href":"https:\/\/www.anovapeneira.gal\/index.php\/wp-json\/wp\/v2\/media?parent=13548"}],"wp:term":[{"taxonomy":"category","embeddable":true,"href":"https:\/\/www.anovapeneira.gal\/index.php\/wp-json\/wp\/v2\/categories?post=13548"},{"taxonomy":"post_tag","embeddable":true,"href":"https:\/\/www.anovapeneira.gal\/index.php\/wp-json\/wp\/v2\/tags?post=13548"}],"curies":[{"name":"wp","href":"https:\/\/api.w.org\/{rel}","templated":true}]}}