{"id":13551,"date":"2025-03-19T12:00:00","date_gmt":"2025-03-19T11:00:00","guid":{"rendered":"https:\/\/www.anovapeneira.gal\/?p=13551"},"modified":"2025-03-13T11:19:18","modified_gmt":"2025-03-13T10:19:18","slug":"condena-de-4-meses-de-prision-por-agredir-a-un-tecnico-de-emerxencias-do-061","status":"publish","type":"post","link":"https:\/\/www.anovapeneira.gal\/index.php\/2025\/03\/19\/condena-de-4-meses-de-prision-por-agredir-a-un-tecnico-de-emerxencias-do-061\/","title":{"rendered":"Condena de 4 meses de prisi\u00f3n por agredir a un t\u00e9cnico de emerxencias do 061"},"content":{"rendered":"\n<h2 class=\"wp-block-heading\"><strong>O Xulgado califica os feitos como un delito de atentado \u00e1 autoridade recollido no c\u00f3digo penal, por exercer violencia contra un sanitario na prestaci\u00f3n dun servizo p\u00fablico.<\/strong><\/h2>\n\n\n\n<p><em><strong>Ambulancia do 061 no servizo de urxencias de Cangas.<\/strong><\/em><\/p>\n\n\n\n<p><strong>12\/03\/2025<\/strong> Os feitos produc\u00edronse en marzo de 2023 no Servizo de Urxencias do Centro de Sa\u00fade de Cangas. A paciente que estaba a ser atendida golpeou ao sanitario sen motivo aparente aproveitando que este se atopaba de costas. Segundo se recolle nos feitos probados da sentencia, a acusada agrediu ao sanitario que a atend\u00eda <em>\u201ccoa intenci\u00f3n de menoscabar a s\u00faa integridade corporal, golpe\u00e1ndoo sen a debida consideraci\u00f3n \u00e1s funci\u00f3ns que desempe\u00f1aba como persoal sanitario\u201d<\/em>.<\/p>\n\n\n\n<p>A sentencia firme ditada onte, contra a que non cabe recurso, condena \u00e1 paciente a catro meses de prisi\u00f3n, a inhabilitaci\u00f3n para o sufraxio pasivo polo mesmo per\u00edodo, ao pago das costas procesais e ao abono dunha indemnizaci\u00f3n de 250 euros. A acusada puido beneficiarse dunha reduci\u00f3n de pena ao aceptar unha condena por conformidade para non ter que chegar a xu\u00edzo.<\/p>\n\n\n\n<p>Os profesionais do sector destacan que esta sentencia sup\u00f3n un enorme espaldarazo para o persoal T\u00e9cnico en Emerxencias Sanitarias, xa que servir\u00e1 como medida disuasoria para que este tipo de agresi\u00f3ns non se sigan producindo con total impunidade.<\/p>\n\n\n\n<p>Ata o de agora, o m\u00e1is habitual era que estas condenas se saldasen con pequenas multas como \u201cdelito leve de lesi\u00f3ns\u201d por mor de que o persoal T\u00e9cnico en Emerxencias, pese a prestar un servizo p\u00fablico esencial, non est\u00e1 contratado directamente pola administraci\u00f3n (faise a trav\u00e9s dunha contrata privada) e polo tanto non te\u00f1en a condici\u00f3n de funcionarios.<\/p>\n\n\n\n<p>O avogado Ignacio Amoedo de \u201cValvigo Abogados\u201d foi o encargado da elaboraci\u00f3n do recurso que motivou o cambio de consideraci\u00f3n de tipo de delito e o que conseguiu finalmente a condena como \u201cdelito de atentado a autoridade\u201d.<\/p>\n\n\n\n<p>No xulgado de Cangas seguen pendentes de resoluci\u00f3n 3 casos de agresi\u00f3n a persoal t\u00e9cnico do 061 por feitos producidos entre os anos 2022 e 2023. Entre eles, at\u00f3pase o suceso m\u00e1is grave, onde un T\u00e9cnico de Emerxencias foi agredido por 3 atacantes ao mesmo tempo. Nesa ocasi\u00f3n, a garda civil tivo que intervir para evitar que continuasen mallando con patadas e pu\u00f1adas ao sanitario ao tempo que auxiliaba ao persoal do Centro de Sa\u00fade que se atopaba parapetado nunha consulta para evitar ser agredido tam\u00e9n.<\/p>\n\n\n\n<p><strong>Indefensi\u00f3n total do persoal T\u00e9cnico de Emerxencias fronte as agresi\u00f3ns.<\/strong><\/p>\n\n\n\n<p>Os profesionais consultados coinciden de forma un\u00e1nime en que est\u00e1n totalmente desprotexidos, xa que a pesar de que existe un protocolo de actuaci\u00f3n asinado e publicado no DOG, ningunha das empresas en Galiza o est\u00e1 a cumprir.<\/p>\n\n\n\n<p>A CIG (sindicato maioritario no sector) ven de solicitar recentemente que se convoque a \u201cmesa de seguimento dos concursos p\u00fablicos de ambulancias\u201d, comprometido pola Secretaria Xeral T\u00e9cnica da Conseller\u00eda de Sanidade durante a crise coa empresa \u201cAmbulancias do Atl\u00e1ntico\u201d o ano pasado.<\/p>\n\n\n\n<p>O sindicato nacionalista denunciou que ningunha das empresas de ambulancias esta a formar ao seu persoal en t\u00e9cnicas de autodefensa nin est\u00e1 a dotar de medios de protecci\u00f3n en caso de agresi\u00f3ns tal e como se recolle no protocolo. \u2013 <em>\u201cO persoal de ambulancias non disp\u00f3n nin tan sequera dun radiotelefono port\u00e1til para cada sanitario co que poder comunicarse para pedir auxilio, tendo que compartir un por ambulancia\u201d<\/em>.<\/p>\n\n\n\n<p><a><\/a> Ademais, sinalan que ao non dispo\u00f1er de ningunha ferramenta defensivo-disuasoria como chalecos anti-trauma e anti-pinchazos ou c\u00e1maras subxectivas, te\u00f1en que depender exclusivamente do auxilio das forzas da orde p\u00fablica, pese a que habitualmente non dispo\u00f1en de patrullas dispo\u00f1ibles.<\/p>\n\n\n\n<p>Por \u00faltimo, lamentan que debido a que realizan unha funci\u00f3n p\u00fablica por medio de empresas concesionarias privadas, quedar\u00e1n fora da lei que a Xunta prometeu reformar para protexer tan s\u00f3 ao seu persoal en caso de agresi\u00f3ns. Polo tanto, esixir\u00e1n que se incl\u00faa ao todo o persoal que depende de empresas privadas entre os que se atopa o persoal de ambulancias, de limpeza ou hospitais privados.<\/p>\n","protected":false},"excerpt":{"rendered":"<div class=\"mh-excerpt\"><p>O Xulgado califica os feitos como un delito de atentado \u00e1 autoridade recollido no c\u00f3digo penal, por exercer violencia contra un sanitario na prestaci\u00f3n dun servizo p\u00fablico. Ambulancia do 061 no servizo de urxencias de <a class=\"mh-excerpt-more\" href=\"https:\/\/www.anovapeneira.gal\/index.php\/2025\/03\/19\/condena-de-4-meses-de-prision-por-agredir-a-un-tecnico-de-emerxencias-do-061\/\" title=\"Condena de 4 meses de prisi\u00f3n por agredir a un t\u00e9cnico de emerxencias do 061\">[&#8230;]<\/a><\/p>\n<\/div>","protected":false},"author":3,"featured_media":13553,"comment_status":"open","ping_status":"open","sticky":false,"template":"","format":"standard","meta":{"_exactmetrics_skip_tracking":false,"_exactmetrics_sitenote_active":false,"_exactmetrics_sitenote_note":"","_exactmetrics_sitenote_category":0,"footnotes":""},"categories":[22],"tags":[1073],"class_list":{"0":"post-13551","1":"post","2":"type-post","3":"status-publish","4":"format-standard","5":"has-post-thumbnail","7":"category-morrazo","8":"tag-concello-de-cangas"},"yoast_head":"<!-- This site is optimized with the Yoast SEO plugin v27.4 - https:\/\/yoast.com\/product\/yoast-seo-wordpress\/ -->\n<title>Condena de 4 meses de prisi\u00f3n por agredir a un t\u00e9cnico de emerxencias do 061 -<\/title>\n<meta name=\"robots\" content=\"index, follow, max-snippet:-1, max-image-preview:large, max-video-preview:-1\" \/>\n<link rel=\"canonical\" href=\"https:\/\/www.anovapeneira.gal\/index.php\/2025\/03\/19\/condena-de-4-meses-de-prision-por-agredir-a-un-tecnico-de-emerxencias-do-061\/\" \/>\n<meta property=\"og:locale\" content=\"gl_ES\" \/>\n<meta property=\"og:type\" content=\"article\" \/>\n<meta property=\"og:title\" content=\"Condena de 4 meses de prisi\u00f3n por agredir a un t\u00e9cnico de emerxencias do 061 -\" \/>\n<meta property=\"og:description\" content=\"O Xulgado califica os feitos como un delito de atentado \u00e1 autoridade recollido no c\u00f3digo penal, por exercer violencia contra un sanitario na prestaci\u00f3n dun servizo p\u00fablico. Ambulancia do 061 no servizo de urxencias de [...]\" \/>\n<meta property=\"og:url\" content=\"https:\/\/www.anovapeneira.gal\/index.php\/2025\/03\/19\/condena-de-4-meses-de-prision-por-agredir-a-un-tecnico-de-emerxencias-do-061\/\" \/>\n<meta property=\"article:publisher\" content=\"https:\/\/www.facebook.com\/anovapeneira\" \/>\n<meta property=\"article:published_time\" content=\"2025-03-19T11:00:00+00:00\" \/>\n<meta property=\"og:image\" content=\"https:\/\/www.anovapeneira.gal\/wp-content\/uploads\/2025\/03\/o61_cangas.jpg\" \/>\n\t<meta property=\"og:image:width\" content=\"720\" \/>\n\t<meta property=\"og:image:height\" content=\"432\" \/>\n\t<meta property=\"og:image:type\" content=\"image\/jpeg\" \/>\n<meta name=\"author\" content=\"Redacci\u00f3n A Nova Peneira\" \/>\n<meta name=\"twitter:card\" content=\"summary_large_image\" \/>\n<meta name=\"twitter:creator\" content=\"@APeneira\" \/>\n<meta name=\"twitter:site\" content=\"@APeneira\" \/>\n<meta name=\"twitter:label1\" content=\"Escrito por\" \/>\n\t<meta name=\"twitter:data1\" content=\"Redacci\u00f3n A Nova Peneira\" \/>\n\t<meta name=\"twitter:label2\" content=\"Tempo de lectura\" \/>\n\t<meta name=\"twitter:data2\" content=\"4 minutos\" \/>\n<script type=\"application\/ld+json\" class=\"yoast-schema-graph\">{\"@context\":\"https:\\\/\\\/schema.org\",\"@graph\":[{\"@type\":\"Article\",\"@id\":\"https:\\\/\\\/www.anovapeneira.gal\\\/index.php\\\/2025\\\/03\\\/19\\\/condena-de-4-meses-de-prision-por-agredir-a-un-tecnico-de-emerxencias-do-061\\\/#article\",\"isPartOf\":{\"@id\":\"https:\\\/\\\/www.anovapeneira.gal\\\/index.php\\\/2025\\\/03\\\/19\\\/condena-de-4-meses-de-prision-por-agredir-a-un-tecnico-de-emerxencias-do-061\\\/\"},\"author\":{\"name\":\"Redacci\u00f3n A Nova Peneira\",\"@id\":\"https:\\\/\\\/www.anovapeneira.gal\\\/#\\\/schema\\\/person\\\/b93e3f8932e3f8da96334607eb6ac6aa\"},\"headline\":\"Condena de 4 meses de prisi\u00f3n por agredir a un t\u00e9cnico de emerxencias do 061\",\"datePublished\":\"2025-03-19T11:00:00+00:00\",\"mainEntityOfPage\":{\"@id\":\"https:\\\/\\\/www.anovapeneira.gal\\\/index.php\\\/2025\\\/03\\\/19\\\/condena-de-4-meses-de-prision-por-agredir-a-un-tecnico-de-emerxencias-do-061\\\/\"},\"wordCount\":723,\"commentCount\":0,\"publisher\":{\"@id\":\"https:\\\/\\\/www.anovapeneira.gal\\\/#organization\"},\"image\":{\"@id\":\"https:\\\/\\\/www.anovapeneira.gal\\\/index.php\\\/2025\\\/03\\\/19\\\/condena-de-4-meses-de-prision-por-agredir-a-un-tecnico-de-emerxencias-do-061\\\/#primaryimage\"},\"thumbnailUrl\":\"https:\\\/\\\/www.anovapeneira.gal\\\/wp-content\\\/uploads\\\/2025\\\/03\\\/o61_cangas.jpg\",\"keywords\":[\"Concello de Cangas\"],\"articleSection\":[\"Morrazo\"],\"inLanguage\":\"gl-ES\",\"potentialAction\":[{\"@type\":\"CommentAction\",\"name\":\"Comment\",\"target\":[\"https:\\\/\\\/www.anovapeneira.gal\\\/index.php\\\/2025\\\/03\\\/19\\\/condena-de-4-meses-de-prision-por-agredir-a-un-tecnico-de-emerxencias-do-061\\\/#respond\"]}]},{\"@type\":\"WebPage\",\"@id\":\"https:\\\/\\\/www.anovapeneira.gal\\\/index.php\\\/2025\\\/03\\\/19\\\/condena-de-4-meses-de-prision-por-agredir-a-un-tecnico-de-emerxencias-do-061\\\/\",\"url\":\"https:\\\/\\\/www.anovapeneira.gal\\\/index.php\\\/2025\\\/03\\\/19\\\/condena-de-4-meses-de-prision-por-agredir-a-un-tecnico-de-emerxencias-do-061\\\/\",\"name\":\"Condena de 4 meses de prisi\u00f3n por agredir a un t\u00e9cnico de emerxencias do 061 -\",\"isPartOf\":{\"@id\":\"https:\\\/\\\/www.anovapeneira.gal\\\/#website\"},\"primaryImageOfPage\":{\"@id\":\"https:\\\/\\\/www.anovapeneira.gal\\\/index.php\\\/2025\\\/03\\\/19\\\/condena-de-4-meses-de-prision-por-agredir-a-un-tecnico-de-emerxencias-do-061\\\/#primaryimage\"},\"image\":{\"@id\":\"https:\\\/\\\/www.anovapeneira.gal\\\/index.php\\\/2025\\\/03\\\/19\\\/condena-de-4-meses-de-prision-por-agredir-a-un-tecnico-de-emerxencias-do-061\\\/#primaryimage\"},\"thumbnailUrl\":\"https:\\\/\\\/www.anovapeneira.gal\\\/wp-content\\\/uploads\\\/2025\\\/03\\\/o61_cangas.jpg\",\"datePublished\":\"2025-03-19T11:00:00+00:00\",\"breadcrumb\":{\"@id\":\"https:\\\/\\\/www.anovapeneira.gal\\\/index.php\\\/2025\\\/03\\\/19\\\/condena-de-4-meses-de-prision-por-agredir-a-un-tecnico-de-emerxencias-do-061\\\/#breadcrumb\"},\"inLanguage\":\"gl-ES\",\"potentialAction\":[{\"@type\":\"ReadAction\",\"target\":[\"https:\\\/\\\/www.anovapeneira.gal\\\/index.php\\\/2025\\\/03\\\/19\\\/condena-de-4-meses-de-prision-por-agredir-a-un-tecnico-de-emerxencias-do-061\\\/\"]}]},{\"@type\":\"ImageObject\",\"inLanguage\":\"gl-ES\",\"@id\":\"https:\\\/\\\/www.anovapeneira.gal\\\/index.php\\\/2025\\\/03\\\/19\\\/condena-de-4-meses-de-prision-por-agredir-a-un-tecnico-de-emerxencias-do-061\\\/#primaryimage\",\"url\":\"https:\\\/\\\/www.anovapeneira.gal\\\/wp-content\\\/uploads\\\/2025\\\/03\\\/o61_cangas.jpg\",\"contentUrl\":\"https:\\\/\\\/www.anovapeneira.gal\\\/wp-content\\\/uploads\\\/2025\\\/03\\\/o61_cangas.jpg\",\"width\":720,\"height\":432,\"caption\":\"Ambulancia do 061 no servizo de urxencias de Cangas.\"},{\"@type\":\"BreadcrumbList\",\"@id\":\"https:\\\/\\\/www.anovapeneira.gal\\\/index.php\\\/2025\\\/03\\\/19\\\/condena-de-4-meses-de-prision-por-agredir-a-un-tecnico-de-emerxencias-do-061\\\/#breadcrumb\",\"itemListElement\":[{\"@type\":\"ListItem\",\"position\":1,\"name\":\"Portada\",\"item\":\"https:\\\/\\\/www.anovapeneira.gal\\\/\"},{\"@type\":\"ListItem\",\"position\":2,\"name\":\"Condena de 4 meses de prisi\u00f3n por agredir a un t\u00e9cnico de emerxencias do 061\"}]},{\"@type\":\"WebSite\",\"@id\":\"https:\\\/\\\/www.anovapeneira.gal\\\/#website\",\"url\":\"https:\\\/\\\/www.anovapeneira.gal\\\/\",\"name\":\"\",\"description\":\"Xornal galego de informaci\u00f3n xeral Publicaci\u00f3n mensual de novas de Galicia e en especial dos Concellos da sur da provincia de Pontevedra.\",\"publisher\":{\"@id\":\"https:\\\/\\\/www.anovapeneira.gal\\\/#organization\"},\"potentialAction\":[{\"@type\":\"SearchAction\",\"target\":{\"@type\":\"EntryPoint\",\"urlTemplate\":\"https:\\\/\\\/www.anovapeneira.gal\\\/?s={search_term_string}\"},\"query-input\":{\"@type\":\"PropertyValueSpecification\",\"valueRequired\":true,\"valueName\":\"search_term_string\"}}],\"inLanguage\":\"gl-ES\"},{\"@type\":\"Organization\",\"@id\":\"https:\\\/\\\/www.anovapeneira.gal\\\/#organization\",\"name\":\"A Nova Peneira\",\"url\":\"https:\\\/\\\/www.anovapeneira.gal\\\/\",\"logo\":{\"@type\":\"ImageObject\",\"inLanguage\":\"gl-ES\",\"@id\":\"https:\\\/\\\/www.anovapeneira.gal\\\/#\\\/schema\\\/logo\\\/image\\\/\",\"url\":\"http:\\\/\\\/www.anovapeneira.gal\\\/wp-content\\\/uploads\\\/2019\\\/06\\\/logo_a_nova_peneira_portal_web.png\",\"contentUrl\":\"http:\\\/\\\/www.anovapeneira.gal\\\/wp-content\\\/uploads\\\/2019\\\/06\\\/logo_a_nova_peneira_portal_web.png\",\"width\":300,\"height\":100,\"caption\":\"A Nova Peneira\"},\"image\":{\"@id\":\"https:\\\/\\\/www.anovapeneira.gal\\\/#\\\/schema\\\/logo\\\/image\\\/\"},\"sameAs\":[\"https:\\\/\\\/www.facebook.com\\\/anovapeneira\",\"https:\\\/\\\/x.com\\\/APeneira\"]},{\"@type\":\"Person\",\"@id\":\"https:\\\/\\\/www.anovapeneira.gal\\\/#\\\/schema\\\/person\\\/b93e3f8932e3f8da96334607eb6ac6aa\",\"name\":\"Redacci\u00f3n A Nova Peneira\",\"image\":{\"@type\":\"ImageObject\",\"inLanguage\":\"gl-ES\",\"@id\":\"https:\\\/\\\/secure.gravatar.com\\\/avatar\\\/c052a2551a06e23fac63626232eaa90abd78dbcf1700fc46a2b2c89fd27b735f?s=96&d=mm&r=g\",\"url\":\"https:\\\/\\\/secure.gravatar.com\\\/avatar\\\/c052a2551a06e23fac63626232eaa90abd78dbcf1700fc46a2b2c89fd27b735f?s=96&d=mm&r=g\",\"contentUrl\":\"https:\\\/\\\/secure.gravatar.com\\\/avatar\\\/c052a2551a06e23fac63626232eaa90abd78dbcf1700fc46a2b2c89fd27b735f?s=96&d=mm&r=g\",\"caption\":\"Redacci\u00f3n A Nova Peneira\"},\"sameAs\":[\"http:\\\/\\\/www.anovapeneira.gal\\\/\"],\"url\":\"https:\\\/\\\/www.anovapeneira.gal\\\/index.php\\\/author\\\/redactor\\\/\"}]}<\/script>\n<!-- \/ Yoast SEO plugin. -->","yoast_head_json":{"title":"Condena de 4 meses de prisi\u00f3n por agredir a un t\u00e9cnico de emerxencias do 061 -","robots":{"index":"index","follow":"follow","max-snippet":"max-snippet:-1","max-image-preview":"max-image-preview:large","max-video-preview":"max-video-preview:-1"},"canonical":"https:\/\/www.anovapeneira.gal\/index.php\/2025\/03\/19\/condena-de-4-meses-de-prision-por-agredir-a-un-tecnico-de-emerxencias-do-061\/","og_locale":"gl_ES","og_type":"article","og_title":"Condena de 4 meses de prisi\u00f3n por agredir a un t\u00e9cnico de emerxencias do 061 -","og_description":"O Xulgado califica os feitos como un delito de atentado \u00e1 autoridade recollido no c\u00f3digo penal, por exercer violencia contra un sanitario na prestaci\u00f3n dun servizo p\u00fablico. Ambulancia do 061 no servizo de urxencias de [...]","og_url":"https:\/\/www.anovapeneira.gal\/index.php\/2025\/03\/19\/condena-de-4-meses-de-prision-por-agredir-a-un-tecnico-de-emerxencias-do-061\/","article_publisher":"https:\/\/www.facebook.com\/anovapeneira","article_published_time":"2025-03-19T11:00:00+00:00","og_image":[{"width":720,"height":432,"url":"https:\/\/www.anovapeneira.gal\/wp-content\/uploads\/2025\/03\/o61_cangas.jpg","type":"image\/jpeg"}],"author":"Redacci\u00f3n A Nova Peneira","twitter_card":"summary_large_image","twitter_creator":"@APeneira","twitter_site":"@APeneira","twitter_misc":{"Escrito por":"Redacci\u00f3n A Nova Peneira","Tempo de lectura":"4 minutos"},"schema":{"@context":"https:\/\/schema.org","@graph":[{"@type":"Article","@id":"https:\/\/www.anovapeneira.gal\/index.php\/2025\/03\/19\/condena-de-4-meses-de-prision-por-agredir-a-un-tecnico-de-emerxencias-do-061\/#article","isPartOf":{"@id":"https:\/\/www.anovapeneira.gal\/index.php\/2025\/03\/19\/condena-de-4-meses-de-prision-por-agredir-a-un-tecnico-de-emerxencias-do-061\/"},"author":{"name":"Redacci\u00f3n A Nova Peneira","@id":"https:\/\/www.anovapeneira.gal\/#\/schema\/person\/b93e3f8932e3f8da96334607eb6ac6aa"},"headline":"Condena de 4 meses de prisi\u00f3n por agredir a un t\u00e9cnico de emerxencias do 061","datePublished":"2025-03-19T11:00:00+00:00","mainEntityOfPage":{"@id":"https:\/\/www.anovapeneira.gal\/index.php\/2025\/03\/19\/condena-de-4-meses-de-prision-por-agredir-a-un-tecnico-de-emerxencias-do-061\/"},"wordCount":723,"commentCount":0,"publisher":{"@id":"https:\/\/www.anovapeneira.gal\/#organization"},"image":{"@id":"https:\/\/www.anovapeneira.gal\/index.php\/2025\/03\/19\/condena-de-4-meses-de-prision-por-agredir-a-un-tecnico-de-emerxencias-do-061\/#primaryimage"},"thumbnailUrl":"https:\/\/www.anovapeneira.gal\/wp-content\/uploads\/2025\/03\/o61_cangas.jpg","keywords":["Concello de Cangas"],"articleSection":["Morrazo"],"inLanguage":"gl-ES","potentialAction":[{"@type":"CommentAction","name":"Comment","target":["https:\/\/www.anovapeneira.gal\/index.php\/2025\/03\/19\/condena-de-4-meses-de-prision-por-agredir-a-un-tecnico-de-emerxencias-do-061\/#respond"]}]},{"@type":"WebPage","@id":"https:\/\/www.anovapeneira.gal\/index.php\/2025\/03\/19\/condena-de-4-meses-de-prision-por-agredir-a-un-tecnico-de-emerxencias-do-061\/","url":"https:\/\/www.anovapeneira.gal\/index.php\/2025\/03\/19\/condena-de-4-meses-de-prision-por-agredir-a-un-tecnico-de-emerxencias-do-061\/","name":"Condena de 4 meses de prisi\u00f3n por agredir a un t\u00e9cnico de emerxencias do 061 -","isPartOf":{"@id":"https:\/\/www.anovapeneira.gal\/#website"},"primaryImageOfPage":{"@id":"https:\/\/www.anovapeneira.gal\/index.php\/2025\/03\/19\/condena-de-4-meses-de-prision-por-agredir-a-un-tecnico-de-emerxencias-do-061\/#primaryimage"},"image":{"@id":"https:\/\/www.anovapeneira.gal\/index.php\/2025\/03\/19\/condena-de-4-meses-de-prision-por-agredir-a-un-tecnico-de-emerxencias-do-061\/#primaryimage"},"thumbnailUrl":"https:\/\/www.anovapeneira.gal\/wp-content\/uploads\/2025\/03\/o61_cangas.jpg","datePublished":"2025-03-19T11:00:00+00:00","breadcrumb":{"@id":"https:\/\/www.anovapeneira.gal\/index.php\/2025\/03\/19\/condena-de-4-meses-de-prision-por-agredir-a-un-tecnico-de-emerxencias-do-061\/#breadcrumb"},"inLanguage":"gl-ES","potentialAction":[{"@type":"ReadAction","target":["https:\/\/www.anovapeneira.gal\/index.php\/2025\/03\/19\/condena-de-4-meses-de-prision-por-agredir-a-un-tecnico-de-emerxencias-do-061\/"]}]},{"@type":"ImageObject","inLanguage":"gl-ES","@id":"https:\/\/www.anovapeneira.gal\/index.php\/2025\/03\/19\/condena-de-4-meses-de-prision-por-agredir-a-un-tecnico-de-emerxencias-do-061\/#primaryimage","url":"https:\/\/www.anovapeneira.gal\/wp-content\/uploads\/2025\/03\/o61_cangas.jpg","contentUrl":"https:\/\/www.anovapeneira.gal\/wp-content\/uploads\/2025\/03\/o61_cangas.jpg","width":720,"height":432,"caption":"Ambulancia do 061 no servizo de urxencias de Cangas."},{"@type":"BreadcrumbList","@id":"https:\/\/www.anovapeneira.gal\/index.php\/2025\/03\/19\/condena-de-4-meses-de-prision-por-agredir-a-un-tecnico-de-emerxencias-do-061\/#breadcrumb","itemListElement":[{"@type":"ListItem","position":1,"name":"Portada","item":"https:\/\/www.anovapeneira.gal\/"},{"@type":"ListItem","position":2,"name":"Condena de 4 meses de prisi\u00f3n por agredir a un t\u00e9cnico de emerxencias do 061"}]},{"@type":"WebSite","@id":"https:\/\/www.anovapeneira.gal\/#website","url":"https:\/\/www.anovapeneira.gal\/","name":"","description":"Xornal galego de informaci\u00f3n xeral Publicaci\u00f3n mensual de novas de Galicia e en especial dos Concellos da sur da provincia de Pontevedra.","publisher":{"@id":"https:\/\/www.anovapeneira.gal\/#organization"},"potentialAction":[{"@type":"SearchAction","target":{"@type":"EntryPoint","urlTemplate":"https:\/\/www.anovapeneira.gal\/?s={search_term_string}"},"query-input":{"@type":"PropertyValueSpecification","valueRequired":true,"valueName":"search_term_string"}}],"inLanguage":"gl-ES"},{"@type":"Organization","@id":"https:\/\/www.anovapeneira.gal\/#organization","name":"A Nova Peneira","url":"https:\/\/www.anovapeneira.gal\/","logo":{"@type":"ImageObject","inLanguage":"gl-ES","@id":"https:\/\/www.anovapeneira.gal\/#\/schema\/logo\/image\/","url":"http:\/\/www.anovapeneira.gal\/wp-content\/uploads\/2019\/06\/logo_a_nova_peneira_portal_web.png","contentUrl":"http:\/\/www.anovapeneira.gal\/wp-content\/uploads\/2019\/06\/logo_a_nova_peneira_portal_web.png","width":300,"height":100,"caption":"A Nova Peneira"},"image":{"@id":"https:\/\/www.anovapeneira.gal\/#\/schema\/logo\/image\/"},"sameAs":["https:\/\/www.facebook.com\/anovapeneira","https:\/\/x.com\/APeneira"]},{"@type":"Person","@id":"https:\/\/www.anovapeneira.gal\/#\/schema\/person\/b93e3f8932e3f8da96334607eb6ac6aa","name":"Redacci\u00f3n A Nova Peneira","image":{"@type":"ImageObject","inLanguage":"gl-ES","@id":"https:\/\/secure.gravatar.com\/avatar\/c052a2551a06e23fac63626232eaa90abd78dbcf1700fc46a2b2c89fd27b735f?s=96&d=mm&r=g","url":"https:\/\/secure.gravatar.com\/avatar\/c052a2551a06e23fac63626232eaa90abd78dbcf1700fc46a2b2c89fd27b735f?s=96&d=mm&r=g","contentUrl":"https:\/\/secure.gravatar.com\/avatar\/c052a2551a06e23fac63626232eaa90abd78dbcf1700fc46a2b2c89fd27b735f?s=96&d=mm&r=g","caption":"Redacci\u00f3n A Nova Peneira"},"sameAs":["http:\/\/www.anovapeneira.gal\/"],"url":"https:\/\/www.anovapeneira.gal\/index.php\/author\/redactor\/"}]}},"jetpack_featured_media_url":"https:\/\/www.anovapeneira.gal\/wp-content\/uploads\/2025\/03\/o61_cangas.jpg","_links":{"self":[{"href":"https:\/\/www.anovapeneira.gal\/index.php\/wp-json\/wp\/v2\/posts\/13551","targetHints":{"allow":["GET"]}}],"collection":[{"href":"https:\/\/www.anovapeneira.gal\/index.php\/wp-json\/wp\/v2\/posts"}],"about":[{"href":"https:\/\/www.anovapeneira.gal\/index.php\/wp-json\/wp\/v2\/types\/post"}],"author":[{"embeddable":true,"href":"https:\/\/www.anovapeneira.gal\/index.php\/wp-json\/wp\/v2\/users\/3"}],"replies":[{"embeddable":true,"href":"https:\/\/www.anovapeneira.gal\/index.php\/wp-json\/wp\/v2\/comments?post=13551"}],"version-history":[{"count":1,"href":"https:\/\/www.anovapeneira.gal\/index.php\/wp-json\/wp\/v2\/posts\/13551\/revisions"}],"predecessor-version":[{"id":13554,"href":"https:\/\/www.anovapeneira.gal\/index.php\/wp-json\/wp\/v2\/posts\/13551\/revisions\/13554"}],"wp:featuredmedia":[{"embeddable":true,"href":"https:\/\/www.anovapeneira.gal\/index.php\/wp-json\/wp\/v2\/media\/13553"}],"wp:attachment":[{"href":"https:\/\/www.anovapeneira.gal\/index.php\/wp-json\/wp\/v2\/media?parent=13551"}],"wp:term":[{"taxonomy":"category","embeddable":true,"href":"https:\/\/www.anovapeneira.gal\/index.php\/wp-json\/wp\/v2\/categories?post=13551"},{"taxonomy":"post_tag","embeddable":true,"href":"https:\/\/www.anovapeneira.gal\/index.php\/wp-json\/wp\/v2\/tags?post=13551"}],"curies":[{"name":"wp","href":"https:\/\/api.w.org\/{rel}","templated":true}]}}