{"id":13558,"date":"2025-03-20T12:00:56","date_gmt":"2025-03-20T11:00:56","guid":{"rendered":"https:\/\/www.anovapeneira.gal\/?p=13558"},"modified":"2025-03-21T11:05:06","modified_gmt":"2025-03-21T10:05:06","slug":"san-simon-dignificada","status":"publish","type":"post","link":"https:\/\/www.anovapeneira.gal\/index.php\/2025\/03\/20\/san-simon-dignificada\/","title":{"rendered":"San Sim\u00f3n dignificada"},"content":{"rendered":"\n<p>Os habitantes de Moa\u00f1a volveron dirixir a s\u00faa mirada cara \u00e1 Illa de San Sim\u00f3n, s\u00edmbolo da memoria hist\u00f3rica en Galicia, ao acoller unhas xornadas dedicadas a lembrar o seu papel na represi\u00f3n franquista. Organizadas polo Concello de Moa\u00f1a coa coordinaci\u00f3n da xornalista e investigadora Montse Fajardo, contaron cun nutrido elenco de especialistas que puxeron en valor a importancia de manter viva a verdade hist\u00f3rica fronte aos intentos de reescribila. M\u00e1is de cen persoas participaron no evento, celebrado no club de xubilados de Domaio, onde se reflexionou sobre a memoria, a xustiza e o reco\u00f1ecemento das v\u00edtimas.<\/p>\n\n\n\n<p>As xornadas tiveron lugar un mes despois da pol\u00e9mica desatada no Parlamento galego cando o deputado do PP Jos\u00e9 Luis Ferro asegurou en comisi\u00f3n que &#8220;non hab\u00eda constancia de mortes&#8221; na illa durante a s\u00faa etapa como campo de concentraci\u00f3n franquista. Estas palabras, que foron amplamente criticadas polos colectivos de memoria hist\u00f3rica e investigadores, evidenciaron a necesidade de espazos como o que acolleu Moa\u00f1a, onde se abordou a realidade documentada da represi\u00f3n exercida na illa. Ademais, o evento produciuse pouco despois de que o Goberno do Estado anunciase a intenci\u00f3n de declarar San Sim\u00f3n como Lugar de Memoria Democr\u00e1tica, xunto ao Pazo de Meir\u00e1s, garantindo as\u00ed a s\u00faa protecci\u00f3n e reco\u00f1ecemento oficial.<\/p>\n\n\n\n<p>Desde Moa\u00f1a, a concelleira e ex deputada provincial de Memoria Hist\u00f3rica, Mar\u00eda Ortega, puxo en valor a importancia desta declaraci\u00f3n e volveu incidir na defensa de San Sim\u00f3n como Illa da Memoria. No seu discurso inaugural, Ortega condenou as palabras do deputado do PP e a &#8220;postura morna&#8221; do presidente da Xunta e do seu goberno, que evitaron rectificar ou desautorizar tales afirmaci\u00f3ns. &#8220;\u00c9 intolerable que, 50 anos despois da morte do ditador, sigamos tendo que escoitar negacionismo por parte de representantes p\u00fablicos e que non se faga nada para po\u00f1er en valor a memoria das v\u00edtimas&#8221;, afirmou.<\/p>\n\n\n\n<p>O evento contou coa participaci\u00f3n de destacadas figuras do movemento memorialista en Galicia. O historiador e profesor xubilado Xos\u00e9 \u00c1lvarez Castro, quen mant\u00e9n desde 2018 o blog Pontevedra nos anos do medo, falou sobre a represi\u00f3n extraxudicial exercida en San Sim\u00f3n e a realidade da s\u00faa funci\u00f3n como campo de concentraci\u00f3n franquista. \u00c1lvarez leva anos documentando o ocorrido na illa e puxo de manifesto a enorme cantidade de testemu\u00f1os e arquivos que desmenten o discurso negacionista de certos sectores pol\u00edticos.<\/p>\n\n\n\n<p>Outro dos nomes destacados foi o do historiador Dionisio Pereira, unha referencia na investigaci\u00f3n sobre o anarquismo galego e autor de O diario do moa\u00f1\u00e9s Luis P\u00e9rez \u00c1lvarez, quen explicou a represi\u00f3n sufrida polos libertarios galegos e o papel de San Sim\u00f3n neste proceso. A s\u00faa intervenci\u00f3n complementouse coa de Juan Gonz\u00e1lez, historiador e alcalde de Nigr\u00e1n, quen destacou o traballo realizado nos \u00faltimos anos para recuperar a memoria das v\u00edtimas do franquismo, as\u00ed como a importancia de seguir investigando e divulgando.<\/p>\n\n\n\n<p>Especialmente emotiva foi a participaci\u00f3n de Queta Molas, quen puxo o foco na memoria das familias das v\u00edtimas, relatando historias persoais e lembrando a dor que deixou a represi\u00f3n en milleiros de fogares galegos. Tam\u00e9n se salientou a contribuci\u00f3n de Eva Mejuto, que presentou o seu proxecto sobre A memoria das lavandeiras nas aulas, facendo fincap\u00e9 na desinformaci\u00f3n que est\u00e1 a recibir a xuventude galega en materia de historia contempor\u00e1nea. Mejuto alertou sobre o feito de que moitos mozos e mozas xa non son quen de distinguir entre ditadura e democracia debido \u00e1 falta de ensinanza sobre este per\u00edodo. &#8220;Por\u00e9n, cando se lles achega a s\u00faa historia dende a rigorosidade e a did\u00e1ctica, a mocidade acolle o pasado con interese&#8221;, explicou.<\/p>\n\n\n\n<p>A mesa redonda de peche estivo protagonizada polo portavoz de Iniciativa Galega pola Memoria (IGM), Mat\u00edas da Torre, quen afondou na necesidade de blindar o reco\u00f1ecemento de San Sim\u00f3n como lugar de memoria e establecer un Plan de Usos para garantir que non se leven a cabo nel actividades que desvirt\u00faen ou trivialicen o seu pasado. O obxectivo \u00e9 asegurar que a illa sexa un espazo de homenaxe, reflexi\u00f3n e divulgaci\u00f3n, en lugar de ser utilizada con fins alleos \u00e1 s\u00faa historia.<\/p>\n\n\n\n<p>Da Torre tam\u00e9n denunciou a negativa da Xunta de Galicia a reunirse coa Iniciativa Galega pola Memoria para abordar esta cuesti\u00f3n, a pesar de que o Goberno do Estado xa avanzou na s\u00faa protecci\u00f3n institucional. Esta falta de compromiso por parte da administraci\u00f3n auton\u00f3mica contrasta, segundo o historiador, coa vontade da cidadan\u00eda e dos colectivos implicados en preservar o legado das v\u00edtimas.<\/p>\n\n\n\n<p>A alcaldesa de Moa\u00f1a, Leticia Santos, pechou as xornadas cun discurso no que alertou dos perigos da actual deriva pol\u00edtica, comparando a situaci\u00f3n actual con certos episodios previos ao golpe de Estado de 1936. Santos denunciou que &#8220;o fascismo intenta impo\u00f1erse de novo&#8221; e que, en moitos espazos, falar de pol\u00edtica en liberdade estase a converter nun acto de risco. &#8220;Estas xornadas son m\u00e1is necesarias que nunca porque vivimos nun Estado que non fixo o que ti\u00f1a que facer para restablecer a memoria das v\u00edtimas do franquismo. En 50 anos non se lles deu a reparaci\u00f3n que merecen e seguimos vendo unha nova ola de negacionismo e banalizaci\u00f3n do pasado&#8221;, lamentou.<\/p>\n\n\n\n<p>A s\u00faa intervenci\u00f3n conclu\u00edu cunha condena firme \u00e1s palabras do deputado Ferro, asegurando que a s\u00faa visi\u00f3n da illa como un posible resort non s\u00f3 era unha falta de respecto \u00e1s v\u00edtimas, sen\u00f3n que evidenciaba unha estratexia premeditada para reescribir a historia. &#8220;O peor de todo \u00e9 que no PP, en vez de sa\u00edr a corrixir, optaron por tapar o que dixo este home&#8221;, denunciou.<\/p>\n\n\n\n<p>A celebraci\u00f3n destas xornadas en Moa\u00f1a non s\u00f3 serviu para rebater os discursos negacionistas, sen\u00f3n tam\u00e9n para renovar o compromiso coa memoria hist\u00f3rica e reivindicar a dignificaci\u00f3n de San Sim\u00f3n. A participaci\u00f3n de historiadores, testemu\u00f1as e colectivos memorialistas puxo en evidencia a necesidade de seguir loitando contra a desinformaci\u00f3n e pola reparaci\u00f3n das v\u00edtimas.<\/p>\n\n\n\n<p>O eco das intervenci\u00f3ns continuar\u00e1 presente, especialmente nun contexto no que a ultradereita e certos sectores pol\u00edticos parecen empe\u00f1ados en minimizar ou negar a represi\u00f3n franquista. Mentres iso ocorra, encontros coma este seguir\u00e1n sendo esenciais para garantir que a verdade non quede sepultada baixo o esquecemento ou a manipulaci\u00f3n interesada.<\/p>\n\n\n\n<figure class=\"wp-block-image size-full\"><img loading=\"lazy\" decoding=\"async\" width=\"960\" height=\"723\" src=\"https:\/\/www.anovapeneira.gal\/wp-content\/uploads\/2025\/03\/Aaron-Moana-1.jpg\" alt=\"\" class=\"wp-image-13561\" srcset=\"https:\/\/www.anovapeneira.gal\/wp-content\/uploads\/2025\/03\/Aaron-Moana-1.jpg 960w, https:\/\/www.anovapeneira.gal\/wp-content\/uploads\/2025\/03\/Aaron-Moana-1-300x226.jpg 300w, https:\/\/www.anovapeneira.gal\/wp-content\/uploads\/2025\/03\/Aaron-Moana-1-768x578.jpg 768w, https:\/\/www.anovapeneira.gal\/wp-content\/uploads\/2025\/03\/Aaron-Moana-1-326x245.jpg 326w, https:\/\/www.anovapeneira.gal\/wp-content\/uploads\/2025\/03\/Aaron-Moana-1-80x60.jpg 80w\" sizes=\"auto, (max-width: 960px) 100vw, 960px\" \/><\/figure>\n\n\n\n<p><strong>Mar\u00eda Ortega: \u201cTraballar na recuperaci\u00f3n da memoria hist\u00f3rica \u00e9 procurar a xustiza social\u201d.<\/strong><\/p>\n\n\n\n<p><strong>A memoria hist\u00f3rica \u00e9 un tema de grande relevancia en Galicia, especialmente en lugares como a Illa de San Sim\u00f3n. Como valoras o seu papel na recuperaci\u00f3n da verdade sobre a represi\u00f3n franquista?<\/strong><\/p>\n\n\n\n<blockquote class=\"wp-block-quote is-layout-flow wp-block-quote-is-layout-flow\">\n<p>Como dis, a memoria hist\u00f3rica ten unha grande importancia, e eu creo que non s\u00f3 pola obriga de facer xustiza coas persoas que padeceron a represi\u00f3n e as s\u00faas familias, sen\u00f3n porque \u00e9 tam\u00e9n unha ferramenta imprescindible para fortalecer a democracia e acadar, por fin, a sociedade que so\u00f1aba esa xeraci\u00f3n represaliada.<\/p>\n<\/blockquote>\n\n\n\n<p><strong>Recentemente celebr\u00e1ronse en Moa\u00f1a unhas xornadas de memoria hist\u00f3rica. Que impacto cres que te\u00f1en este tipo de eventos na sociedade actual? A participaci\u00f3n foi a esperada?<\/strong><\/p>\n\n\n\n<blockquote class=\"wp-block-quote is-layout-flow wp-block-quote-is-layout-flow\">\n<p>Pola mi\u00f1a experiencia tanto desde a Deputaci\u00f3n como agora desde a concellar\u00eda podo asegurarche que as actividades relacionadas coa memoria hist\u00f3rica espertan sempre grande interese, e un exemplo recente son, precisamente, esas xornadas sobre San Sim\u00f3n que celebramos en febreiro en Domaio. Como an\u00e9cdota podo contarche que ti\u00f1amos previsto agasallar cun caf\u00e9 \u00e1s persoas asistentes, calculamos para cincuenta e houbo que encargar m\u00e1is porque superamos as 130 persoas. O local estaba abarrotado. Eu creo que a xente percibe claramente cando existe un compromiso real coa memoria, cando as cousas non se fan por compromiso, como mero tr\u00e1mite, sen\u00f3n porque se acredita realmente na necesidade de investigar, divulgar e homenaxear \u00e1s persoas represaliadas. En Moa\u00f1a ese compromiso \u00e9 absoluto, a xente \u00e9 consciente e sempre responde.<\/p>\n<\/blockquote>\n\n\n\n<p><strong>A Illa de San Sim\u00f3n foi utilizada como campo de concentraci\u00f3n franquista. Cres que se fixo o suficiente para dignificar a memoria das v\u00edtimas que pasaron por al\u00ed? Que medidas adicionais consideras necesarias?<\/strong><\/p>\n\n\n\n<blockquote class=\"wp-block-quote is-layout-flow wp-block-quote-is-layout-flow\">\n<p>Desde que asum\u00edn as responsabilidades de memoria sempre fun da man co movemento memorialista galego e neste tema, coincido plenamente coa denuncia que fai reiteradamente a Iniciativa Galega pola Memoria: xa non \u00e9 que a actual Xunta de Galicia careza de ning\u00fan tipo de pol\u00edtica p\u00fablica nesta materia, ou mesmo que careza de ning\u00fan tipo de interese. O problema \u00e9 peor: o goberno galego non fai m\u00e1is que agredir \u00e1s v\u00edtimas e \u00e1s s\u00faas familias con declaraci\u00f3ns como as realizadas hai unhas semanas negando a existencia de mortes en San Sim\u00f3n. Esa foi unha das raz\u00f3ns que me levaron a facer esas xornadas: darlles voz a persoas que levan d\u00e9cadas investigando o tempo en que a illa foi campo de concentraci\u00f3n, e que en Domaio volveron deixar ben claro que San Sim\u00f3n foi un lugar de morte e padecemento. Por tanto \u00e9 intolerable que o goberno posibilite e mesmo auspicie que siga funcionando como un parque de atracci\u00f3ns, con xynkanas, procuras do tesouro, festas de Sama\u00edn e calquera actividade que se lles pase pola cabeza&#8230; calquera que non lembre o que al\u00ed pasou durante a ditadura, claro.<\/p>\n<\/blockquote>\n\n\n\n<p><strong>Moitas voces reclaman unha maior implicaci\u00f3n institucional na recuperaci\u00f3n da memoria hist\u00f3rica. Desde o teu punto de vista, que m\u00e1is deber\u00edan facer as administraci\u00f3ns neste sentido?<\/strong><\/p>\n\n\n\n<blockquote class=\"wp-block-quote is-layout-flow wp-block-quote-is-layout-flow\">\n<p>Pois creo que \u00e9 imprescindible que o goberno galego po\u00f1a en marcha unha pol\u00edtica p\u00fablica de memoria, que haxa unha programaci\u00f3n que axude a cumprir o mandado da lexislaci\u00f3n internacional: verdade, xustiza e reparaci\u00f3n para as v\u00edtimas. Pero tam\u00e9n lle por\u00eda deberes ao executivo estatal. Non me parece de recibo que anuncie a aprobaci\u00f3n da illa de San Sim\u00f3n como lugar de memoria sen contar co movemento memorialista galego. Malia que foi a IGM quen tramitou a solicitude, co seu expediente correspondente, ante a Secretar\u00eda de Memoria Democr\u00e1tica nin sequera foi convidada \u00e1 reuni\u00f3n na que se anunciaron as actividades que Moncloa vai po\u00f1er en marcha a ra\u00edz desa aprobaci\u00f3n. Dende logo eu non entendo unha pol\u00edtica p\u00fablica de memoria que lle d\u00e1 as costas \u00e1s asociaci\u00f3ns da memoria que ao fin e ao cabo son quen representan a moitas das familias e tam\u00e9n a quen leva d\u00e9cadas investigando e homenaxeando \u00e1s v\u00edtimas suplindo as\u00ed o desleixo institucional. Para n\u00f3s son unha parte fundamental na recuperaci\u00f3n da memoria.<\/p>\n<\/blockquote>\n\n\n\n<p><strong>Unha das cr\u00edticas frecuentes \u00e9 que a sociedade actual, sobre todo as xeraci\u00f3ns m\u00e1is novas, desco\u00f1ece moitos episodios da nosa historia recente. Como se pode mellorar a educaci\u00f3n e divulgaci\u00f3n sobre a memoria hist\u00f3rica en Galicia?<\/strong><\/p>\n\n\n\n<blockquote class=\"wp-block-quote is-layout-flow wp-block-quote-is-layout-flow\">\n<p>Pois eu entendo que, como calquera outra mellora social, po\u00f1endo en marcha pol\u00edticas p\u00fablicas e dot\u00e1ndoas de orzamento. Co anterior goberno da Deputaci\u00f3n ti\u00f1amos a dispor de asociaci\u00f3ns e comunidades educativas durante todo o ano, ciclos de conferencias de persoas expertas en distintas tem\u00e1ticas relacionadas coa divulgaci\u00f3n da memoria: en calquera momento do ano pod\u00edan pedir unha charla, unha obra de teatro, un taller dos que ti\u00f1amos programados e n\u00f3s corriamos cos gastos da s\u00faa realizaci\u00f3n. Iso posibilitaba que unha asociaci\u00f3n con poucos recursos ou mesmo un centro educativo se animase a programar actividades de memoria. Ademais todas as actividades eran feitas por persoas con ampla experiencia co que garantiamos que a mensaxe fose rigorosa e tivera a perspectiva de pa\u00eds, x\u00e9nero e clase que nos parec\u00eda fundamental inculcar para que non quedasen f\u00f3ra as v\u00edtimas menos co\u00f1ecidas da represi\u00f3n, como as clases humildes ou as mulleres. Iso acabouse coa chegada do PP \u00e1 Deputaci\u00f3n, igual que se acabaron as publicaci\u00f3ns, as xornadas contra a impunidade que faciamos cada ano ou calquera actividade digna de menci\u00f3n.<\/p>\n<\/blockquote>\n\n\n\n<p><strong>Desde unha perspectiva m\u00e1is persoal, que significa para ti traballar na recuperaci\u00f3n da memoria hist\u00f3rica? Hai alg\u00fan testemu\u00f1o ou historia que te marcara especialmente?<\/strong><\/p>\n\n\n\n<blockquote class=\"wp-block-quote is-layout-flow wp-block-quote-is-layout-flow\">\n<p>Creo que traballar na recuperaci\u00f3n da memoria hist\u00f3rica \u00e9 procurar a xustiza social. \u00c9 po\u00f1er en valor a vida de todas as persoas que nos precederon e loitaron para que hoxe poidamos desfrutar de ser libres para pensar e ser o que cada quen queira. Aquelas persoas que deron a s\u00faa vida, perd\u00e9ndoa as veces, para desfrutar dos dereitos que temos na actualidade. \u00c9 reco\u00f1ecer a loita dos homes e mulleres que so\u00f1aron que unha Galiza culta, produtiva, e dona de seu era posible.<\/p>\n<\/blockquote>\n\n\n\n<blockquote class=\"wp-block-quote is-layout-flow wp-block-quote-is-layout-flow\">\n<p>Dende sempre me impresionou a actitude proactiva das familias das persoas v\u00edtimas da represi\u00f3n franquista e a das entrega das asociaci\u00f3ns memorialistas e persoas investigadoras que nunca se renden a pesar da indiferenza que se atopan a maior\u00eda das veces por parte das instituci\u00f3ns. Pero se te\u00f1o que sinalar un momento que me marcara especialmente foi co\u00f1ecer a Chato Galante nas primeiras xornadas de loita contra a impunidade que celebramos no 2019 e nas que falamos da Querela Arxentina. Era un tipo excepcional. Sen d\u00fabida el \u00e9 un dos responsables do meu compromiso coa recuperaci\u00f3n da memoria hist\u00f3rica.<\/p>\n<\/blockquote>\n\n\n\n<p><strong>En Galicia a\u00ednda quedan moitas fosas com\u00fans sen exhumar. Que pasos deber\u00edan darse para que as familias das v\u00edtimas poidan acceder \u00e1 verdade e \u00e1 xustiza?<\/strong><\/p>\n\n\n\n<blockquote class=\"wp-block-quote is-layout-flow wp-block-quote-is-layout-flow\">\n<p>O da exhumaci\u00f3n das foxas \u00e9 outro exemplo do desleixo da Xunta de Galicia cara a esta tem\u00e1tica. Malia contar con fondos estatais, lim\u00edtase a asinar un convenio case \u00e1s agachadas coa Universidade de Compostela, pero nin aparecen polos traballos, nin amosan o m\u00ednimo interese polos achados ou polo que estes poidan supo\u00f1er para as familias. As\u00ed que eu creo que o primeiro paso ser\u00eda amosar un pouco m\u00e1is de empat\u00eda cara a quen leva case nove d\u00e9cadas agardando xustiza. E a partir de a\u00ed, non estar\u00eda de m\u00e1is que aportaran fondos para que non pasase como na foxa de Cabreira, que acharon os corpos pero non hai cartos para cotexar o ADN. Porque iso hai que subli\u00f1alo tam\u00e9n: a Xunta asina un convenio para que a Universidade faga os traballos cos fondos estatais, pero non lle dedica \u00e1 apertura de foxas nin un c\u00e9ntimo.<\/p>\n<\/blockquote>\n\n\n\n<p><strong>Como vai o tema da fosa de Cabreira?<\/strong><\/p>\n\n\n\n<blockquote class=\"wp-block-quote is-layout-flow wp-block-quote-is-layout-flow\">\n<p>Pois desde o Concello estamos intentando paliar esa falta de fondos, e a fin de que se poida realizar o cotexo do ADN dos restos achados cos das familias de Moa\u00f1a que cren que al\u00ed puideran estar enterrados familiares seus, solicitamos unha subvenci\u00f3n a FEMP para poder levar a cabo as probas xen\u00e9ticas. Cremos que ao longo deste 2025 poderemos darlle algunha resposta as familias que poden contar co compromiso do Concello de Moa\u00f1a de acabar coa incerteza de tantos anos. Ogall\u00e1 sexamos quen.<\/p>\n<\/blockquote>\n\n\n\n<p><strong>Para rematar, que mensaxe lle enviar\u00edas \u00e1 sociedade galega sobre a importancia de lembrar e reivindicar a memoria das v\u00edtimas do franquismo?<\/strong><\/p>\n\n\n\n<blockquote class=\"wp-block-quote is-layout-flow wp-block-quote-is-layout-flow\">\n<p>Pois volver\u00eda a incidir no que falabamos ao principio. A memoria \u00e9 unha ferramenta imprescind\u00edbel para afianzar a democracia e tal como est\u00e1n as cousas, con este rearme da ultradereita, creo que falta fai.<\/p>\n<\/blockquote>\n\n\n\n<p><strong>Pepe \u00c1lvarez: \u201cSe non existe memoria non existe sociedade\u201d.<\/strong><\/p>\n\n\n\n<p><strong>Como investigador da memoria hist\u00f3rica en Galicia, cales consideras que son os principais retos que a\u00ednda quedan por afrontar na recuperaci\u00f3n da verdade sobre a represi\u00f3n franquista?<\/strong><\/p>\n\n\n\n<blockquote class=\"wp-block-quote is-layout-flow wp-block-quote-is-layout-flow\">\n<p>Pois \u00e9 certo que se avanzou, coa posta en marcha da lei de memoria democr\u00e1tica mellorou o acceso a arquivos e documentaci\u00f3n, mais a\u00ednda queda un treito que detallar no que respecta a facilitar do acceso ao corpo investigador. Como \u00e9 posible que contin\u00fae vixente a lei franquista de secretos oficiais?<\/p>\n<\/blockquote>\n\n\n\n<blockquote class=\"wp-block-quote is-layout-flow wp-block-quote-is-layout-flow\">\n<p>Por outra banda, a lei de protecci\u00f3n de datos dificulta a labor.<\/p>\n<\/blockquote>\n\n\n\n<p><strong>Recentemente participaches nas xornadas de memoria hist\u00f3rica en Moa\u00f1a. Que aprendizaxes destacas deste encontro e que valoraci\u00f3n fas do interese social por estes temas?<\/strong><\/p>\n\n\n\n<blockquote class=\"wp-block-quote is-layout-flow wp-block-quote-is-layout-flow\">\n<p>Interesant\u00edsimo. Demostrou que a xente ten interese por co\u00f1ecer a verdade en todo o relacionado con golpe do 1936 e con toda a represi\u00f3n da posguerra. Ademais foi moi interesante como se abr\u00edu un espazo \u00e1 reflexi\u00f3n sobre problem\u00e1ticas a futuro como pode ser a falta de relevo xeracional no tecido asociativo ou os formatos cos que traballar e chegar a m\u00e1is xente.<\/p>\n<\/blockquote>\n\n\n\n<p><strong>A Illa de San Sim\u00f3n foi un dos espazos m\u00e1is simb\u00f3licos da represi\u00f3n en Galicia. A t\u00faa investigaci\u00f3n levouche a descubrir algunha historia que consideres especialmente impactante ou pouco co\u00f1ecida?<\/strong><\/p>\n\n\n\n<blockquote class=\"wp-block-quote is-layout-flow wp-block-quote-is-layout-flow\">\n<p>Pois \u00e9 dif\u00edcil escoller xa que hai moitas cousas xa que descubrimos documentaci\u00f3n que foi aclarando diferentes aspectos que ata hai ben pouco non se puideran demostrar. Por exemplo que houbera mulleres presas en San Sim\u00f3n. Apareceu nas listaxes unha muller, a\u00ednda que non sabemos a xustificaci\u00f3n que lle deron.<\/p>\n<\/blockquote>\n\n\n\n<p><strong>Un dos temas m\u00e1is sens\u00edbeis da memoria hist\u00f3rica \u00e9 o das fosas com\u00fans e a identificaci\u00f3n das v\u00edtimas. Como valoras o estado actual das exhumaci\u00f3ns en Galicia e que medidas consideras prioritarias para avanzar neste \u00e1mbito?<\/strong><\/p>\n\n\n\n<blockquote class=\"wp-block-quote is-layout-flow wp-block-quote-is-layout-flow\">\n<p>Hai un plan estatal que Galiza pilota a facultade de Xeograf\u00eda e historia, a\u00ednda que eu son dos que pensan que nas foxas haber\u00eda que escavar sempre a demanda. En todo caso o que si haber\u00eda que facer, naqueles casos nos que non existise esa demanda se deber\u00edan dignificar os lugares, facer memoriais e honrar a esas persoas.<\/p>\n<\/blockquote>\n\n\n\n<p><strong>A memoria hist\u00f3rica est\u00e1 moi vinculada \u00e1 transmisi\u00f3n interxeracional. Como ves o papel das novas xeraci\u00f3ns na preservaci\u00f3n e reivindicaci\u00f3n da historia?<\/strong><\/p>\n\n\n\n<blockquote class=\"wp-block-quote is-layout-flow wp-block-quote-is-layout-flow\">\n<p>Isto depende da informaci\u00f3n que vaian recibindo. Hai centros educativos nos que se traballa moito, cunha actividade inmensa e marcando unha direcci\u00f3n favorable a educar na verdade. Por desgraza isto non \u00e9 o com\u00fan xa que na inmensa maior\u00eda non se fala disto, non hai programaci\u00f3n, nin implicaci\u00f3n. Pero ben, malia que nos pese, en li\u00f1as xerais non estamos en tempos de gran participaci\u00f3n. Non s\u00f3 na memoria, sen\u00f3n no asociacionismo en xeral.<\/p>\n<\/blockquote>\n\n\n\n<p><strong>A investigaci\u00f3n hist\u00f3rica sobre o franquismo segue xerando controversia en certos sectores da sociedade. Como xestionas os posibles ataques ou resistencias \u00e1 t\u00faa labor como investigador?<\/strong><\/p>\n\n\n\n<blockquote class=\"wp-block-quote is-layout-flow wp-block-quote-is-layout-flow\">\n<p>Eu persoalmente nunca atopei demasiado atranco, pero o certo \u00e9 que contin\u00faan a estar a\u00ed. A proba \u00e9 que o que v\u00e9n de pasar hai uns d\u00edas coa sentenza contra un investigador da Universidade de Alacant, que por publicar un traballo sobre o secretario xudicial do tribunal que condenou a Miguel Hern\u00e1ndez, ten que pagar. Con est\u00e1s cousas o que se pretende \u00e9 amedrentar.<\/p>\n<\/blockquote>\n\n\n\n<p><strong>Para finalizar, que mensaxe che gustar\u00eda deixar sobre a importancia de seguir investigando e divulgando a memoria hist\u00f3rica en Galicia?<\/strong><\/p>\n\n\n\n<p>\u00c9 fundamental. A investigaci\u00f3n non \u00e9 perfecto se non se divulga. Para o presente \u00e9 fundamental co\u00f1ecer o pasado, pois iso \u00e9 o que nos prepara para o futuro.<\/p>\n\n\n\n<blockquote class=\"wp-block-quote is-layout-flow wp-block-quote-is-layout-flow\">\n<p>Do mesmo xeito que se un ser humano ten memoria non existe persoa. Se non existe memoria non existe sociedade nin pobo.<\/p>\n<\/blockquote>\n","protected":false},"excerpt":{"rendered":"<div class=\"mh-excerpt\"><p>Os habitantes de Moa\u00f1a volveron dirixir a s\u00faa mirada cara \u00e1 Illa de San Sim\u00f3n, s\u00edmbolo da memoria hist\u00f3rica en Galicia, ao acoller unhas xornadas dedicadas a lembrar o seu papel na represi\u00f3n franquista <a class=\"mh-excerpt-more\" href=\"https:\/\/www.anovapeneira.gal\/index.php\/2025\/03\/20\/san-simon-dignificada\/\" title=\"San Sim\u00f3n dignificada\">[&#8230;]<\/a><\/p>\n<\/div>","protected":false},"author":23,"featured_media":13559,"comment_status":"open","ping_status":"open","sticky":false,"template":"","format":"standard","meta":{"_exactmetrics_skip_tracking":false,"_exactmetrics_sitenote_active":false,"_exactmetrics_sitenote_note":"","_exactmetrics_sitenote_category":0,"footnotes":""},"categories":[268],"tags":[710],"class_list":{"0":"post-13558","1":"post","2":"type-post","3":"status-publish","4":"format-standard","5":"has-post-thumbnail","7":"category-morrazo-entrevistas","8":"tag-concello-de-moana"},"yoast_head":"<!-- This site is optimized with the Yoast SEO plugin v27.4 - https:\/\/yoast.com\/product\/yoast-seo-wordpress\/ -->\n<title>San Sim\u00f3n dignificada -<\/title>\n<meta name=\"robots\" content=\"index, follow, max-snippet:-1, max-image-preview:large, max-video-preview:-1\" \/>\n<link rel=\"canonical\" href=\"https:\/\/www.anovapeneira.gal\/index.php\/2025\/03\/20\/san-simon-dignificada\/\" \/>\n<meta property=\"og:locale\" content=\"gl_ES\" \/>\n<meta property=\"og:type\" content=\"article\" \/>\n<meta property=\"og:title\" content=\"San Sim\u00f3n dignificada -\" \/>\n<meta property=\"og:description\" content=\"Os habitantes de Moa\u00f1a volveron dirixir a s\u00faa mirada cara \u00e1 Illa de San Sim\u00f3n, s\u00edmbolo da memoria hist\u00f3rica en Galicia, ao acoller unhas xornadas dedicadas a lembrar o seu papel na represi\u00f3n franquista [...]\" \/>\n<meta property=\"og:url\" content=\"https:\/\/www.anovapeneira.gal\/index.php\/2025\/03\/20\/san-simon-dignificada\/\" \/>\n<meta property=\"article:publisher\" content=\"https:\/\/www.facebook.com\/anovapeneira\" \/>\n<meta property=\"article:published_time\" content=\"2025-03-20T11:00:56+00:00\" \/>\n<meta property=\"article:modified_time\" content=\"2025-03-21T10:05:06+00:00\" \/>\n<meta property=\"og:image\" content=\"https:\/\/www.anovapeneira.gal\/wp-content\/uploads\/2025\/03\/memoria_hitorica_Moana.png\" \/>\n\t<meta property=\"og:image:width\" content=\"720\" \/>\n\t<meta property=\"og:image:height\" content=\"432\" \/>\n\t<meta property=\"og:image:type\" content=\"image\/png\" \/>\n<meta name=\"author\" content=\"Aar\u00f3n Franco\" \/>\n<meta name=\"twitter:card\" content=\"summary_large_image\" \/>\n<meta name=\"twitter:creator\" content=\"@APeneira\" \/>\n<meta name=\"twitter:site\" content=\"@APeneira\" \/>\n<meta name=\"twitter:label1\" content=\"Escrito por\" \/>\n\t<meta name=\"twitter:data1\" content=\"Aar\u00f3n Franco\" \/>\n\t<meta name=\"twitter:label2\" content=\"Tempo de lectura\" \/>\n\t<meta name=\"twitter:data2\" content=\"9 minutos\" \/>\n<script type=\"application\/ld+json\" class=\"yoast-schema-graph\">{\"@context\":\"https:\\\/\\\/schema.org\",\"@graph\":[{\"@type\":\"Article\",\"@id\":\"https:\\\/\\\/www.anovapeneira.gal\\\/index.php\\\/2025\\\/03\\\/20\\\/san-simon-dignificada\\\/#article\",\"isPartOf\":{\"@id\":\"https:\\\/\\\/www.anovapeneira.gal\\\/index.php\\\/2025\\\/03\\\/20\\\/san-simon-dignificada\\\/\"},\"author\":{\"name\":\"Aar\u00f3n Franco\",\"@id\":\"https:\\\/\\\/www.anovapeneira.gal\\\/#\\\/schema\\\/person\\\/a907e49c1885c12d6f281770afd68766\"},\"headline\":\"San Sim\u00f3n dignificada\",\"datePublished\":\"2025-03-20T11:00:56+00:00\",\"dateModified\":\"2025-03-21T10:05:06+00:00\",\"mainEntityOfPage\":{\"@id\":\"https:\\\/\\\/www.anovapeneira.gal\\\/index.php\\\/2025\\\/03\\\/20\\\/san-simon-dignificada\\\/\"},\"wordCount\":3330,\"commentCount\":0,\"publisher\":{\"@id\":\"https:\\\/\\\/www.anovapeneira.gal\\\/#organization\"},\"image\":{\"@id\":\"https:\\\/\\\/www.anovapeneira.gal\\\/index.php\\\/2025\\\/03\\\/20\\\/san-simon-dignificada\\\/#primaryimage\"},\"thumbnailUrl\":\"https:\\\/\\\/www.anovapeneira.gal\\\/wp-content\\\/uploads\\\/2025\\\/03\\\/memoria_hitorica_Moana.png\",\"keywords\":[\"Concello de Moa\u00f1a\"],\"articleSection\":[\"Morrazo\"],\"inLanguage\":\"gl-ES\",\"potentialAction\":[{\"@type\":\"CommentAction\",\"name\":\"Comment\",\"target\":[\"https:\\\/\\\/www.anovapeneira.gal\\\/index.php\\\/2025\\\/03\\\/20\\\/san-simon-dignificada\\\/#respond\"]}]},{\"@type\":\"WebPage\",\"@id\":\"https:\\\/\\\/www.anovapeneira.gal\\\/index.php\\\/2025\\\/03\\\/20\\\/san-simon-dignificada\\\/\",\"url\":\"https:\\\/\\\/www.anovapeneira.gal\\\/index.php\\\/2025\\\/03\\\/20\\\/san-simon-dignificada\\\/\",\"name\":\"San Sim\u00f3n dignificada -\",\"isPartOf\":{\"@id\":\"https:\\\/\\\/www.anovapeneira.gal\\\/#website\"},\"primaryImageOfPage\":{\"@id\":\"https:\\\/\\\/www.anovapeneira.gal\\\/index.php\\\/2025\\\/03\\\/20\\\/san-simon-dignificada\\\/#primaryimage\"},\"image\":{\"@id\":\"https:\\\/\\\/www.anovapeneira.gal\\\/index.php\\\/2025\\\/03\\\/20\\\/san-simon-dignificada\\\/#primaryimage\"},\"thumbnailUrl\":\"https:\\\/\\\/www.anovapeneira.gal\\\/wp-content\\\/uploads\\\/2025\\\/03\\\/memoria_hitorica_Moana.png\",\"datePublished\":\"2025-03-20T11:00:56+00:00\",\"dateModified\":\"2025-03-21T10:05:06+00:00\",\"breadcrumb\":{\"@id\":\"https:\\\/\\\/www.anovapeneira.gal\\\/index.php\\\/2025\\\/03\\\/20\\\/san-simon-dignificada\\\/#breadcrumb\"},\"inLanguage\":\"gl-ES\",\"potentialAction\":[{\"@type\":\"ReadAction\",\"target\":[\"https:\\\/\\\/www.anovapeneira.gal\\\/index.php\\\/2025\\\/03\\\/20\\\/san-simon-dignificada\\\/\"]}]},{\"@type\":\"ImageObject\",\"inLanguage\":\"gl-ES\",\"@id\":\"https:\\\/\\\/www.anovapeneira.gal\\\/index.php\\\/2025\\\/03\\\/20\\\/san-simon-dignificada\\\/#primaryimage\",\"url\":\"https:\\\/\\\/www.anovapeneira.gal\\\/wp-content\\\/uploads\\\/2025\\\/03\\\/memoria_hitorica_Moana.png\",\"contentUrl\":\"https:\\\/\\\/www.anovapeneira.gal\\\/wp-content\\\/uploads\\\/2025\\\/03\\\/memoria_hitorica_Moana.png\",\"width\":720,\"height\":432},{\"@type\":\"BreadcrumbList\",\"@id\":\"https:\\\/\\\/www.anovapeneira.gal\\\/index.php\\\/2025\\\/03\\\/20\\\/san-simon-dignificada\\\/#breadcrumb\",\"itemListElement\":[{\"@type\":\"ListItem\",\"position\":1,\"name\":\"Portada\",\"item\":\"https:\\\/\\\/www.anovapeneira.gal\\\/\"},{\"@type\":\"ListItem\",\"position\":2,\"name\":\"San Sim\u00f3n dignificada\"}]},{\"@type\":\"WebSite\",\"@id\":\"https:\\\/\\\/www.anovapeneira.gal\\\/#website\",\"url\":\"https:\\\/\\\/www.anovapeneira.gal\\\/\",\"name\":\"\",\"description\":\"Xornal galego de informaci\u00f3n xeral Publicaci\u00f3n mensual de novas de Galicia e en especial dos Concellos da sur da provincia de Pontevedra.\",\"publisher\":{\"@id\":\"https:\\\/\\\/www.anovapeneira.gal\\\/#organization\"},\"potentialAction\":[{\"@type\":\"SearchAction\",\"target\":{\"@type\":\"EntryPoint\",\"urlTemplate\":\"https:\\\/\\\/www.anovapeneira.gal\\\/?s={search_term_string}\"},\"query-input\":{\"@type\":\"PropertyValueSpecification\",\"valueRequired\":true,\"valueName\":\"search_term_string\"}}],\"inLanguage\":\"gl-ES\"},{\"@type\":\"Organization\",\"@id\":\"https:\\\/\\\/www.anovapeneira.gal\\\/#organization\",\"name\":\"A Nova Peneira\",\"url\":\"https:\\\/\\\/www.anovapeneira.gal\\\/\",\"logo\":{\"@type\":\"ImageObject\",\"inLanguage\":\"gl-ES\",\"@id\":\"https:\\\/\\\/www.anovapeneira.gal\\\/#\\\/schema\\\/logo\\\/image\\\/\",\"url\":\"http:\\\/\\\/www.anovapeneira.gal\\\/wp-content\\\/uploads\\\/2019\\\/06\\\/logo_a_nova_peneira_portal_web.png\",\"contentUrl\":\"http:\\\/\\\/www.anovapeneira.gal\\\/wp-content\\\/uploads\\\/2019\\\/06\\\/logo_a_nova_peneira_portal_web.png\",\"width\":300,\"height\":100,\"caption\":\"A Nova Peneira\"},\"image\":{\"@id\":\"https:\\\/\\\/www.anovapeneira.gal\\\/#\\\/schema\\\/logo\\\/image\\\/\"},\"sameAs\":[\"https:\\\/\\\/www.facebook.com\\\/anovapeneira\",\"https:\\\/\\\/x.com\\\/APeneira\"]},{\"@type\":\"Person\",\"@id\":\"https:\\\/\\\/www.anovapeneira.gal\\\/#\\\/schema\\\/person\\\/a907e49c1885c12d6f281770afd68766\",\"name\":\"Aar\u00f3n Franco\",\"image\":{\"@type\":\"ImageObject\",\"inLanguage\":\"gl-ES\",\"@id\":\"https:\\\/\\\/secure.gravatar.com\\\/avatar\\\/82f0614fe09ae3f066983f8d670d0ff15a0917fefe52b93ffa425275b87d6102?s=96&d=mm&r=g\",\"url\":\"https:\\\/\\\/secure.gravatar.com\\\/avatar\\\/82f0614fe09ae3f066983f8d670d0ff15a0917fefe52b93ffa425275b87d6102?s=96&d=mm&r=g\",\"contentUrl\":\"https:\\\/\\\/secure.gravatar.com\\\/avatar\\\/82f0614fe09ae3f066983f8d670d0ff15a0917fefe52b93ffa425275b87d6102?s=96&d=mm&r=g\",\"caption\":\"Aar\u00f3n Franco\"},\"sameAs\":[\"http:\\\/\\\/www.anovapeneira.gal\\\/\"],\"url\":\"https:\\\/\\\/www.anovapeneira.gal\\\/index.php\\\/author\\\/aaron-franco\\\/\"}]}<\/script>\n<!-- \/ Yoast SEO plugin. -->","yoast_head_json":{"title":"San Sim\u00f3n dignificada -","robots":{"index":"index","follow":"follow","max-snippet":"max-snippet:-1","max-image-preview":"max-image-preview:large","max-video-preview":"max-video-preview:-1"},"canonical":"https:\/\/www.anovapeneira.gal\/index.php\/2025\/03\/20\/san-simon-dignificada\/","og_locale":"gl_ES","og_type":"article","og_title":"San Sim\u00f3n dignificada -","og_description":"Os habitantes de Moa\u00f1a volveron dirixir a s\u00faa mirada cara \u00e1 Illa de San Sim\u00f3n, s\u00edmbolo da memoria hist\u00f3rica en Galicia, ao acoller unhas xornadas dedicadas a lembrar o seu papel na represi\u00f3n franquista [...]","og_url":"https:\/\/www.anovapeneira.gal\/index.php\/2025\/03\/20\/san-simon-dignificada\/","article_publisher":"https:\/\/www.facebook.com\/anovapeneira","article_published_time":"2025-03-20T11:00:56+00:00","article_modified_time":"2025-03-21T10:05:06+00:00","og_image":[{"width":720,"height":432,"url":"https:\/\/www.anovapeneira.gal\/wp-content\/uploads\/2025\/03\/memoria_hitorica_Moana.png","type":"image\/png"}],"author":"Aar\u00f3n Franco","twitter_card":"summary_large_image","twitter_creator":"@APeneira","twitter_site":"@APeneira","twitter_misc":{"Escrito por":"Aar\u00f3n Franco","Tempo de lectura":"9 minutos"},"schema":{"@context":"https:\/\/schema.org","@graph":[{"@type":"Article","@id":"https:\/\/www.anovapeneira.gal\/index.php\/2025\/03\/20\/san-simon-dignificada\/#article","isPartOf":{"@id":"https:\/\/www.anovapeneira.gal\/index.php\/2025\/03\/20\/san-simon-dignificada\/"},"author":{"name":"Aar\u00f3n Franco","@id":"https:\/\/www.anovapeneira.gal\/#\/schema\/person\/a907e49c1885c12d6f281770afd68766"},"headline":"San Sim\u00f3n dignificada","datePublished":"2025-03-20T11:00:56+00:00","dateModified":"2025-03-21T10:05:06+00:00","mainEntityOfPage":{"@id":"https:\/\/www.anovapeneira.gal\/index.php\/2025\/03\/20\/san-simon-dignificada\/"},"wordCount":3330,"commentCount":0,"publisher":{"@id":"https:\/\/www.anovapeneira.gal\/#organization"},"image":{"@id":"https:\/\/www.anovapeneira.gal\/index.php\/2025\/03\/20\/san-simon-dignificada\/#primaryimage"},"thumbnailUrl":"https:\/\/www.anovapeneira.gal\/wp-content\/uploads\/2025\/03\/memoria_hitorica_Moana.png","keywords":["Concello de Moa\u00f1a"],"articleSection":["Morrazo"],"inLanguage":"gl-ES","potentialAction":[{"@type":"CommentAction","name":"Comment","target":["https:\/\/www.anovapeneira.gal\/index.php\/2025\/03\/20\/san-simon-dignificada\/#respond"]}]},{"@type":"WebPage","@id":"https:\/\/www.anovapeneira.gal\/index.php\/2025\/03\/20\/san-simon-dignificada\/","url":"https:\/\/www.anovapeneira.gal\/index.php\/2025\/03\/20\/san-simon-dignificada\/","name":"San Sim\u00f3n dignificada -","isPartOf":{"@id":"https:\/\/www.anovapeneira.gal\/#website"},"primaryImageOfPage":{"@id":"https:\/\/www.anovapeneira.gal\/index.php\/2025\/03\/20\/san-simon-dignificada\/#primaryimage"},"image":{"@id":"https:\/\/www.anovapeneira.gal\/index.php\/2025\/03\/20\/san-simon-dignificada\/#primaryimage"},"thumbnailUrl":"https:\/\/www.anovapeneira.gal\/wp-content\/uploads\/2025\/03\/memoria_hitorica_Moana.png","datePublished":"2025-03-20T11:00:56+00:00","dateModified":"2025-03-21T10:05:06+00:00","breadcrumb":{"@id":"https:\/\/www.anovapeneira.gal\/index.php\/2025\/03\/20\/san-simon-dignificada\/#breadcrumb"},"inLanguage":"gl-ES","potentialAction":[{"@type":"ReadAction","target":["https:\/\/www.anovapeneira.gal\/index.php\/2025\/03\/20\/san-simon-dignificada\/"]}]},{"@type":"ImageObject","inLanguage":"gl-ES","@id":"https:\/\/www.anovapeneira.gal\/index.php\/2025\/03\/20\/san-simon-dignificada\/#primaryimage","url":"https:\/\/www.anovapeneira.gal\/wp-content\/uploads\/2025\/03\/memoria_hitorica_Moana.png","contentUrl":"https:\/\/www.anovapeneira.gal\/wp-content\/uploads\/2025\/03\/memoria_hitorica_Moana.png","width":720,"height":432},{"@type":"BreadcrumbList","@id":"https:\/\/www.anovapeneira.gal\/index.php\/2025\/03\/20\/san-simon-dignificada\/#breadcrumb","itemListElement":[{"@type":"ListItem","position":1,"name":"Portada","item":"https:\/\/www.anovapeneira.gal\/"},{"@type":"ListItem","position":2,"name":"San Sim\u00f3n dignificada"}]},{"@type":"WebSite","@id":"https:\/\/www.anovapeneira.gal\/#website","url":"https:\/\/www.anovapeneira.gal\/","name":"","description":"Xornal galego de informaci\u00f3n xeral Publicaci\u00f3n mensual de novas de Galicia e en especial dos Concellos da sur da provincia de Pontevedra.","publisher":{"@id":"https:\/\/www.anovapeneira.gal\/#organization"},"potentialAction":[{"@type":"SearchAction","target":{"@type":"EntryPoint","urlTemplate":"https:\/\/www.anovapeneira.gal\/?s={search_term_string}"},"query-input":{"@type":"PropertyValueSpecification","valueRequired":true,"valueName":"search_term_string"}}],"inLanguage":"gl-ES"},{"@type":"Organization","@id":"https:\/\/www.anovapeneira.gal\/#organization","name":"A Nova Peneira","url":"https:\/\/www.anovapeneira.gal\/","logo":{"@type":"ImageObject","inLanguage":"gl-ES","@id":"https:\/\/www.anovapeneira.gal\/#\/schema\/logo\/image\/","url":"http:\/\/www.anovapeneira.gal\/wp-content\/uploads\/2019\/06\/logo_a_nova_peneira_portal_web.png","contentUrl":"http:\/\/www.anovapeneira.gal\/wp-content\/uploads\/2019\/06\/logo_a_nova_peneira_portal_web.png","width":300,"height":100,"caption":"A Nova Peneira"},"image":{"@id":"https:\/\/www.anovapeneira.gal\/#\/schema\/logo\/image\/"},"sameAs":["https:\/\/www.facebook.com\/anovapeneira","https:\/\/x.com\/APeneira"]},{"@type":"Person","@id":"https:\/\/www.anovapeneira.gal\/#\/schema\/person\/a907e49c1885c12d6f281770afd68766","name":"Aar\u00f3n Franco","image":{"@type":"ImageObject","inLanguage":"gl-ES","@id":"https:\/\/secure.gravatar.com\/avatar\/82f0614fe09ae3f066983f8d670d0ff15a0917fefe52b93ffa425275b87d6102?s=96&d=mm&r=g","url":"https:\/\/secure.gravatar.com\/avatar\/82f0614fe09ae3f066983f8d670d0ff15a0917fefe52b93ffa425275b87d6102?s=96&d=mm&r=g","contentUrl":"https:\/\/secure.gravatar.com\/avatar\/82f0614fe09ae3f066983f8d670d0ff15a0917fefe52b93ffa425275b87d6102?s=96&d=mm&r=g","caption":"Aar\u00f3n Franco"},"sameAs":["http:\/\/www.anovapeneira.gal\/"],"url":"https:\/\/www.anovapeneira.gal\/index.php\/author\/aaron-franco\/"}]}},"jetpack_featured_media_url":"https:\/\/www.anovapeneira.gal\/wp-content\/uploads\/2025\/03\/memoria_hitorica_Moana.png","_links":{"self":[{"href":"https:\/\/www.anovapeneira.gal\/index.php\/wp-json\/wp\/v2\/posts\/13558","targetHints":{"allow":["GET"]}}],"collection":[{"href":"https:\/\/www.anovapeneira.gal\/index.php\/wp-json\/wp\/v2\/posts"}],"about":[{"href":"https:\/\/www.anovapeneira.gal\/index.php\/wp-json\/wp\/v2\/types\/post"}],"author":[{"embeddable":true,"href":"https:\/\/www.anovapeneira.gal\/index.php\/wp-json\/wp\/v2\/users\/23"}],"replies":[{"embeddable":true,"href":"https:\/\/www.anovapeneira.gal\/index.php\/wp-json\/wp\/v2\/comments?post=13558"}],"version-history":[{"count":4,"href":"https:\/\/www.anovapeneira.gal\/index.php\/wp-json\/wp\/v2\/posts\/13558\/revisions"}],"predecessor-version":[{"id":13576,"href":"https:\/\/www.anovapeneira.gal\/index.php\/wp-json\/wp\/v2\/posts\/13558\/revisions\/13576"}],"wp:featuredmedia":[{"embeddable":true,"href":"https:\/\/www.anovapeneira.gal\/index.php\/wp-json\/wp\/v2\/media\/13559"}],"wp:attachment":[{"href":"https:\/\/www.anovapeneira.gal\/index.php\/wp-json\/wp\/v2\/media?parent=13558"}],"wp:term":[{"taxonomy":"category","embeddable":true,"href":"https:\/\/www.anovapeneira.gal\/index.php\/wp-json\/wp\/v2\/categories?post=13558"},{"taxonomy":"post_tag","embeddable":true,"href":"https:\/\/www.anovapeneira.gal\/index.php\/wp-json\/wp\/v2\/tags?post=13558"}],"curies":[{"name":"wp","href":"https:\/\/api.w.org\/{rel}","templated":true}]}}