{"id":13565,"date":"2025-03-21T10:00:36","date_gmt":"2025-03-21T09:00:36","guid":{"rendered":"https:\/\/www.anovapeneira.gal\/?p=13565"},"modified":"2025-03-19T09:25:00","modified_gmt":"2025-03-19T08:25:00","slug":"cousas-de-salvaterra-bernardo-bernardez-martinez-iv","status":"publish","type":"post","link":"https:\/\/www.anovapeneira.gal\/index.php\/2025\/03\/21\/cousas-de-salvaterra-bernardo-bernardez-martinez-iv\/","title":{"rendered":"COUSAS DE SALVATERRA. Bernardo Bern\u00e1rdez Mart\u00ednez, IV"},"content":{"rendered":"\n<figure class=\"wp-block-image size-full is-resized\"><img loading=\"lazy\" decoding=\"async\" width=\"1080\" height=\"1080\" src=\"https:\/\/www.anovapeneira.gal\/wp-content\/uploads\/2025\/02\/xaque_p.jpg\" alt=\"Xaque\" class=\"wp-image-13386\" style=\"width:127px;height:auto\" srcset=\"https:\/\/www.anovapeneira.gal\/wp-content\/uploads\/2025\/02\/xaque_p.jpg 1080w, https:\/\/www.anovapeneira.gal\/wp-content\/uploads\/2025\/02\/xaque_p-300x300.jpg 300w, https:\/\/www.anovapeneira.gal\/wp-content\/uploads\/2025\/02\/xaque_p-1024x1024.jpg 1024w, https:\/\/www.anovapeneira.gal\/wp-content\/uploads\/2025\/02\/xaque_p-150x150.jpg 150w, https:\/\/www.anovapeneira.gal\/wp-content\/uploads\/2025\/02\/xaque_p-768x768.jpg 768w\" sizes=\"auto, (max-width: 1080px) 100vw, 1080px\" \/><figcaption class=\"wp-element-caption\">Ant\u00f3n Lourenzo, veci\u00f1o da Vila<\/figcaption><\/figure>\n\n\n\n<p>Ven do n\u00famero anterior\u2026<\/p>\n\n\n\n<p>Mentres en Bos Aires, coa l\u00f3xica falta de comunicaci\u00f3n, na Asociaci\u00f3n de Residentes de Salvaterra de Mi\u00f1o nesa cidade, \u00e1 que lle chegaban alarmantes noticias a trav\u00e9s da prensa e, a pesar dos riscos, de particulares que se atrev\u00edan a informar, daban conta os socios na acta da Asemblea Extraordinaria do 11 de outubro de 1936;<\/p>\n\n\n\n<p>\u201c\u2026Situaci\u00f3n no Distrito: Oxea pide a palabra e manifesta que polo que se sabe, na rexi\u00f3n os revolucionarios fusilaron a varios Camaradas, entre eles o actual Concelleiro por Alx\u00e9n Bernardo Bern\u00e1rdez, verdadeira promesa para o futuro e pide que cando sexa posible se busque a maneira de axudar a vi\u00fava e unha filli\u00f1a do mesmo e que mentres tanto se lle env\u00ede unha nota de p\u00e9same a dita vi\u00fava. Asemade pide que como unha homenaxe \u00f3 nomeado, e na s\u00faa persoa a todos os que caeron na defensa da liberdade, os asemble\u00edstas se po\u00f1an de p\u00e9, o que as\u00ed se fai&#8230;\u201d<\/p>\n\n\n\n<p>Estaban mal informados en Bos Aires xa que os fillos que ficaran sen pai eran dous, non un como xa se sinalou antes, pero \u00e9 que asemade Carme Trigo, a vi\u00fava, ficou gr\u00e1vida dun terceiro fillo;<\/p>\n\n\n\n<p>\u201cLibro de Bautizados da parroquia de Alx\u00e9n, 1936. N\u00ba 32, Coto D`Ouro. JOS\u00c9 LU\u00cdS TRIGO, de Carmen.<\/p>\n\n\n\n<p>Na igrexa parroquial de San Paio de Alx\u00e9n, Dioceses de Tui e provincia de Pontevedra, a vinte sete de decembro de mil novecentos trinta e seis, D. Rodrigo Rodr\u00edguez Gir\u00e1ldez, cura p\u00e1rroco da mesma, bautizou solemnemente e p\u00faxolle o nome de Jos\u00e9 Lu\u00eds a un neno que naceu o doce de este mesmo mes e ano, fillo natural de Carmen Trigo Bern\u00e1rdez. Av\u00f3s maternos Maximino Trigo Gonz\u00e1lez e Angustia Bern\u00e1rdez Mart\u00ednez. Foron padri\u00f1os Lu\u00eds Abalde L\u00f3pez e Rosa V\u00e1zquez Alfaro. O av\u00f3 \u00e9 natural de Belesar, Arciprestado do Mi\u00f1or, o padri\u00f1o de Ponteareas, a madri\u00f1a de Fornelos da Ribeira, e os demais de Alx\u00e9n&#8230;<\/p>\n\n\n\n<p>A situaci\u00f3n de desamparo na que ficara a familia, o terrible desgusto polo asasinato de Bernardo sustento da mesma, ficou patente no asa\u00f1amento que contra ela tomaron as forzas conservadoras retr\u00f3gradas. Primeiro asasinaron a Bernardo Bern\u00e1rdez Mart\u00ednez, e \u00e9 como se voltaran asasinalo o negarlle o apelido do pai \u201cBern\u00e1rdez\u201d o terceiro fillo, Jos\u00e9 Lu\u00edsTrigo, como consta no libro eclesi\u00e1stico de bautizados. O meni\u00f1o morreu os poucos meses;<\/p>\n\n\n\n<p>Libro de Defuntos da parroquia de Alx\u00e9n n\u00ba5, 1923 \u2013 1983. N\u00ba 8, Coto D`Ouro. Jos\u00e9 Lu\u00eds Trigo, (P\u00e1rvulo). No cemiterio parroquial de San Paio de Alx\u00e9n, Dioceses de Tui, Pontevedra, a dezaseis de abril de mil novecentos trinta e sete, D. Rodrigo Rodr\u00edquez Gir\u00e1ldez, cura p\u00e1rroco da mesma, deille sepultura eclesi\u00e1stica no cemiterio desta parroquia o cad\u00e1ver de Jos\u00e9 Lu\u00eds Trigo, de tres meses de idade, fillo natural de Carmen Trigo Bern\u00e1rdez que finou o d\u00eda anterior no lugar de Coto D`Ouro. E para que conste an\u00f3too e asino.<\/p>\n\n\n\n<p>No Rexistro civil s\u00ed se fixo xustiza, mantendo os apelidos lex\u00edtimos do beb\u00e9 defunto, as\u00ed:<\/p>\n\n\n\n<p>\u201cN\u00ba 267, JOS\u00c9 BERN\u00c1RDEZ TRIGO.<\/p>\n\n\n\n<p>En Salvaterra provincia de Pontevedra, \u00e1s dez horas do d\u00eda dezasete de decembro de mil novecentos trinta e seis, ante D. Ju\u00e1n Francisco Fern\u00e1ndez Sierra, Xu\u00edz municipal suplente e D. Remigio Nieto Virosta, Secretario accidental , proc\u00e9dese a inscribir o nacemento dun var\u00f3n ocorrido \u00e1s cinco horas do d\u00eda dezaseis do actual na parroquia de Alx\u00e9n, lugar do Coto D`Ouro, fillo de Bernardo Bern\u00e1rdez Mart\u00ednez e Carmen Trigo Bern\u00e1rdez de vintecatro anos el, vinteun ela, labradora, naturais el de Nogheira (Ponteareas) e hoxe defunto e ela de Alx\u00e9n de onde \u00e9 veci\u00f1a, neto por li\u00f1a paterna de Ju\u00e1n Bern\u00e1rdez e Isabel Mart\u00ednez Gil, naturais de Nogheira e defuntos, e por li\u00f1a materna de M\u00e1ximo Trigo e Angustia Bern\u00e1rdez Mart\u00ednez, naturais el do Val Mi\u00f1or e ela de Alx\u00e9n e veci\u00f1o el de Bos Aires e ela defunta, e p\u00f3nselle o nome de Jos\u00e9.<\/p>\n\n\n\n<p>Nota: O aqu\u00ed inscrito morreu o d\u00eda 16 de abril de 1937, segundo consta o folio 79 do tomo 14 da secci\u00f3n terceira deste Rexistro Civil.<\/p>\n\n\n\n<p>Salvaterra, febreiro 15 de 1941. O Secretario Remigio Nieto.\u201d<\/p>\n\n\n\n<p>En amable conversa mantida entre os netos descendentes de Bernardo e os membros da Asociaci\u00f3n para a recuperaci\u00f3n da Memoria Hist\u00f3rica do Baixo Mi\u00f1o, O Condado e A Louri\u00f1a, D. Anxo L\u00f3pez e este que subscribe, ocorrida o pasado 08 de agosto deste 2024 en Alx\u00e9n, cont\u00e1ronnos entre outras cousas, que parece ser Bernardo ti\u00f1a bastantes libros e a s\u00faa dona queimounos por medo ou porque llos mandaron queimar. Tam\u00e9n nos contaron que Bernardo como panadeiro era bastante xeneroso e vend\u00eda moito ao fiado, nalg\u00fan caso de necesidade regalaba pan aos clientes. Ti\u00f1a as d\u00e9bedas anotadas nunha libreta e s\u00faa dona, Carme, tentou cobrar ap\u00f3s a s\u00faa morte, despois de ter moitas negativas da d\u00e9beda tivo que vender madeira dos montes para poder facer fronte aos pagos que lle reclamaban os provedores. Carme, mesmo como pensamento recorrente daqueles intres, sent\u00edase culpable por ser tan inocente e non avisar a Bernardo do perigo, mandalo fuxir pola fiestra, polo a salvo dos gardas que o vi\u00f1eron a buscar \u00e1 habitaci\u00f3n onde estaba durmindo a sesta despois de madrugar para repartir o pan.<\/p>\n\n\n\n<p>Finalmente sinalar que o lugar do enterramento, como figura no certificado de defunci\u00f3n, foi o cemiterio de Salvaterra, pero hai que ter en conta que este tipo de defuntos eran soterrados extra muros do cemiterio. Segundo me contou fai moitos anos meu propio pai, o lugar era na parte Noroeste do vello cemiterio, xa que logo, a d\u00eda de hoxe os restos de varios defuntos, non s\u00f3 Bernardo, estar\u00e1n con moita probabilidade entre modernos nichos de cimento. Tal relato do lugar, cadra co testemu\u00f1o dunha veci\u00f1a de Alx\u00e9n a quen lle comentaron no seu d\u00eda que os restos de Bernardo estaban no lugar que manifestei, \u201cpreto da antiga f\u00e1brica de Pedramol\u201d.<\/p>\n\n\n\n<p>Continuar\u00e1\u2026<\/p>\n","protected":false},"excerpt":{"rendered":"<div class=\"mh-excerpt\"><p>Mentres en Bos Aires, coa l\u00f3xica falta de comunicaci\u00f3n, na Asociaci\u00f3n de Residentes de Salvaterra de Mi\u00f1o nesa cidade, \u00e1 que lle chegaban alarmantes noticias a trav\u00e9s da prensa e, a pesar dos riscos, de particulares que se atrev\u00edan a informar, daban conta os socios na acta da Asemblea Extraordinaria do 11 de outubro de 1936 <a class=\"mh-excerpt-more\" href=\"https:\/\/www.anovapeneira.gal\/index.php\/2025\/03\/21\/cousas-de-salvaterra-bernardo-bernardez-martinez-iv\/\" title=\"COUSAS DE SALVATERRA. Bernardo Bern\u00e1rdez Mart\u00ednez, IV\">[&#8230;]<\/a><\/p>\n<\/div>","protected":false},"author":34,"featured_media":13566,"comment_status":"open","ping_status":"open","sticky":false,"template":"","format":"standard","meta":{"_exactmetrics_skip_tracking":false,"_exactmetrics_sitenote_active":false,"_exactmetrics_sitenote_note":"","_exactmetrics_sitenote_category":0,"footnotes":""},"categories":[7],"tags":[1300],"class_list":{"0":"post-13565","1":"post","2":"type-post","3":"status-publish","4":"format-standard","5":"has-post-thumbnail","7":"category-artigos-de-opinion","8":"tag-concello-de-salvaterra-de-mino"},"yoast_head":"<!-- This site is optimized with the Yoast SEO plugin v27.4 - https:\/\/yoast.com\/product\/yoast-seo-wordpress\/ -->\n<title>COUSAS DE SALVATERRA. Bernardo Bern\u00e1rdez Mart\u00ednez, IV -<\/title>\n<meta name=\"robots\" content=\"index, follow, max-snippet:-1, max-image-preview:large, max-video-preview:-1\" \/>\n<link rel=\"canonical\" href=\"https:\/\/www.anovapeneira.gal\/index.php\/2025\/03\/21\/cousas-de-salvaterra-bernardo-bernardez-martinez-iv\/\" \/>\n<meta property=\"og:locale\" content=\"gl_ES\" \/>\n<meta property=\"og:type\" content=\"article\" \/>\n<meta property=\"og:title\" content=\"COUSAS DE SALVATERRA. Bernardo Bern\u00e1rdez Mart\u00ednez, IV -\" \/>\n<meta property=\"og:description\" content=\"Mentres en Bos Aires, coa l\u00f3xica falta de comunicaci\u00f3n, na Asociaci\u00f3n de Residentes de Salvaterra de Mi\u00f1o nesa cidade, \u00e1 que lle chegaban alarmantes noticias a trav\u00e9s da prensa e, a pesar dos riscos, de particulares que se atrev\u00edan a informar, daban conta os socios na acta da Asemblea Extraordinaria do 11 de outubro de 1936 [...]\" \/>\n<meta property=\"og:url\" content=\"https:\/\/www.anovapeneira.gal\/index.php\/2025\/03\/21\/cousas-de-salvaterra-bernardo-bernardez-martinez-iv\/\" \/>\n<meta property=\"article:publisher\" content=\"https:\/\/www.facebook.com\/anovapeneira\" \/>\n<meta property=\"article:published_time\" content=\"2025-03-21T09:00:36+00:00\" \/>\n<meta property=\"og:image\" content=\"https:\/\/www.anovapeneira.gal\/wp-content\/uploads\/2025\/03\/bernardo_bernardez.jpg\" \/>\n\t<meta property=\"og:image:width\" content=\"720\" \/>\n\t<meta property=\"og:image:height\" content=\"432\" \/>\n\t<meta property=\"og:image:type\" content=\"image\/jpeg\" \/>\n<meta name=\"author\" content=\"Ant\u00f3n Lorenzo Gonz\u00e1lez\" \/>\n<meta name=\"twitter:card\" content=\"summary_large_image\" \/>\n<meta name=\"twitter:creator\" content=\"@APeneira\" \/>\n<meta name=\"twitter:site\" content=\"@APeneira\" \/>\n<meta name=\"twitter:label1\" content=\"Escrito por\" \/>\n\t<meta name=\"twitter:data1\" content=\"Ant\u00f3n Lorenzo Gonz\u00e1lez\" \/>\n\t<meta name=\"twitter:label2\" content=\"Tempo de lectura\" \/>\n\t<meta name=\"twitter:data2\" content=\"6 minutos\" \/>\n<script type=\"application\/ld+json\" class=\"yoast-schema-graph\">{\"@context\":\"https:\\\/\\\/schema.org\",\"@graph\":[{\"@type\":\"Article\",\"@id\":\"https:\\\/\\\/www.anovapeneira.gal\\\/index.php\\\/2025\\\/03\\\/21\\\/cousas-de-salvaterra-bernardo-bernardez-martinez-iv\\\/#article\",\"isPartOf\":{\"@id\":\"https:\\\/\\\/www.anovapeneira.gal\\\/index.php\\\/2025\\\/03\\\/21\\\/cousas-de-salvaterra-bernardo-bernardez-martinez-iv\\\/\"},\"author\":{\"name\":\"Ant\u00f3n Lorenzo Gonz\u00e1lez\",\"@id\":\"https:\\\/\\\/www.anovapeneira.gal\\\/#\\\/schema\\\/person\\\/1bf91cd240796d05b6522e3d8a6e2d8e\"},\"headline\":\"COUSAS DE SALVATERRA. Bernardo Bern\u00e1rdez Mart\u00ednez, IV\",\"datePublished\":\"2025-03-21T09:00:36+00:00\",\"mainEntityOfPage\":{\"@id\":\"https:\\\/\\\/www.anovapeneira.gal\\\/index.php\\\/2025\\\/03\\\/21\\\/cousas-de-salvaterra-bernardo-bernardez-martinez-iv\\\/\"},\"wordCount\":1084,\"commentCount\":0,\"publisher\":{\"@id\":\"https:\\\/\\\/www.anovapeneira.gal\\\/#organization\"},\"image\":{\"@id\":\"https:\\\/\\\/www.anovapeneira.gal\\\/index.php\\\/2025\\\/03\\\/21\\\/cousas-de-salvaterra-bernardo-bernardez-martinez-iv\\\/#primaryimage\"},\"thumbnailUrl\":\"https:\\\/\\\/www.anovapeneira.gal\\\/wp-content\\\/uploads\\\/2025\\\/03\\\/bernardo_bernardez.jpg\",\"keywords\":[\"Concello de Salvaterra de Mi\u00f1o\"],\"articleSection\":[\"Artigos de opini\u00f3n\"],\"inLanguage\":\"gl-ES\",\"potentialAction\":[{\"@type\":\"CommentAction\",\"name\":\"Comment\",\"target\":[\"https:\\\/\\\/www.anovapeneira.gal\\\/index.php\\\/2025\\\/03\\\/21\\\/cousas-de-salvaterra-bernardo-bernardez-martinez-iv\\\/#respond\"]}]},{\"@type\":\"WebPage\",\"@id\":\"https:\\\/\\\/www.anovapeneira.gal\\\/index.php\\\/2025\\\/03\\\/21\\\/cousas-de-salvaterra-bernardo-bernardez-martinez-iv\\\/\",\"url\":\"https:\\\/\\\/www.anovapeneira.gal\\\/index.php\\\/2025\\\/03\\\/21\\\/cousas-de-salvaterra-bernardo-bernardez-martinez-iv\\\/\",\"name\":\"COUSAS DE SALVATERRA. Bernardo Bern\u00e1rdez Mart\u00ednez, IV -\",\"isPartOf\":{\"@id\":\"https:\\\/\\\/www.anovapeneira.gal\\\/#website\"},\"primaryImageOfPage\":{\"@id\":\"https:\\\/\\\/www.anovapeneira.gal\\\/index.php\\\/2025\\\/03\\\/21\\\/cousas-de-salvaterra-bernardo-bernardez-martinez-iv\\\/#primaryimage\"},\"image\":{\"@id\":\"https:\\\/\\\/www.anovapeneira.gal\\\/index.php\\\/2025\\\/03\\\/21\\\/cousas-de-salvaterra-bernardo-bernardez-martinez-iv\\\/#primaryimage\"},\"thumbnailUrl\":\"https:\\\/\\\/www.anovapeneira.gal\\\/wp-content\\\/uploads\\\/2025\\\/03\\\/bernardo_bernardez.jpg\",\"datePublished\":\"2025-03-21T09:00:36+00:00\",\"breadcrumb\":{\"@id\":\"https:\\\/\\\/www.anovapeneira.gal\\\/index.php\\\/2025\\\/03\\\/21\\\/cousas-de-salvaterra-bernardo-bernardez-martinez-iv\\\/#breadcrumb\"},\"inLanguage\":\"gl-ES\",\"potentialAction\":[{\"@type\":\"ReadAction\",\"target\":[\"https:\\\/\\\/www.anovapeneira.gal\\\/index.php\\\/2025\\\/03\\\/21\\\/cousas-de-salvaterra-bernardo-bernardez-martinez-iv\\\/\"]}]},{\"@type\":\"ImageObject\",\"inLanguage\":\"gl-ES\",\"@id\":\"https:\\\/\\\/www.anovapeneira.gal\\\/index.php\\\/2025\\\/03\\\/21\\\/cousas-de-salvaterra-bernardo-bernardez-martinez-iv\\\/#primaryimage\",\"url\":\"https:\\\/\\\/www.anovapeneira.gal\\\/wp-content\\\/uploads\\\/2025\\\/03\\\/bernardo_bernardez.jpg\",\"contentUrl\":\"https:\\\/\\\/www.anovapeneira.gal\\\/wp-content\\\/uploads\\\/2025\\\/03\\\/bernardo_bernardez.jpg\",\"width\":720,\"height\":432,\"caption\":\"A dereita da caseta, lugar no que se sup\u00f3n est\u00e1 soterrado Bernardo Bern\u00e1rdez Mart\u00ednez.\"},{\"@type\":\"BreadcrumbList\",\"@id\":\"https:\\\/\\\/www.anovapeneira.gal\\\/index.php\\\/2025\\\/03\\\/21\\\/cousas-de-salvaterra-bernardo-bernardez-martinez-iv\\\/#breadcrumb\",\"itemListElement\":[{\"@type\":\"ListItem\",\"position\":1,\"name\":\"Portada\",\"item\":\"https:\\\/\\\/www.anovapeneira.gal\\\/\"},{\"@type\":\"ListItem\",\"position\":2,\"name\":\"COUSAS DE SALVATERRA. Bernardo Bern\u00e1rdez Mart\u00ednez, IV\"}]},{\"@type\":\"WebSite\",\"@id\":\"https:\\\/\\\/www.anovapeneira.gal\\\/#website\",\"url\":\"https:\\\/\\\/www.anovapeneira.gal\\\/\",\"name\":\"\",\"description\":\"Xornal galego de informaci\u00f3n xeral Publicaci\u00f3n mensual de novas de Galicia e en especial dos Concellos da sur da provincia de Pontevedra.\",\"publisher\":{\"@id\":\"https:\\\/\\\/www.anovapeneira.gal\\\/#organization\"},\"potentialAction\":[{\"@type\":\"SearchAction\",\"target\":{\"@type\":\"EntryPoint\",\"urlTemplate\":\"https:\\\/\\\/www.anovapeneira.gal\\\/?s={search_term_string}\"},\"query-input\":{\"@type\":\"PropertyValueSpecification\",\"valueRequired\":true,\"valueName\":\"search_term_string\"}}],\"inLanguage\":\"gl-ES\"},{\"@type\":\"Organization\",\"@id\":\"https:\\\/\\\/www.anovapeneira.gal\\\/#organization\",\"name\":\"A Nova Peneira\",\"url\":\"https:\\\/\\\/www.anovapeneira.gal\\\/\",\"logo\":{\"@type\":\"ImageObject\",\"inLanguage\":\"gl-ES\",\"@id\":\"https:\\\/\\\/www.anovapeneira.gal\\\/#\\\/schema\\\/logo\\\/image\\\/\",\"url\":\"http:\\\/\\\/www.anovapeneira.gal\\\/wp-content\\\/uploads\\\/2019\\\/06\\\/logo_a_nova_peneira_portal_web.png\",\"contentUrl\":\"http:\\\/\\\/www.anovapeneira.gal\\\/wp-content\\\/uploads\\\/2019\\\/06\\\/logo_a_nova_peneira_portal_web.png\",\"width\":300,\"height\":100,\"caption\":\"A Nova Peneira\"},\"image\":{\"@id\":\"https:\\\/\\\/www.anovapeneira.gal\\\/#\\\/schema\\\/logo\\\/image\\\/\"},\"sameAs\":[\"https:\\\/\\\/www.facebook.com\\\/anovapeneira\",\"https:\\\/\\\/x.com\\\/APeneira\"]},{\"@type\":\"Person\",\"@id\":\"https:\\\/\\\/www.anovapeneira.gal\\\/#\\\/schema\\\/person\\\/1bf91cd240796d05b6522e3d8a6e2d8e\",\"name\":\"Ant\u00f3n Lorenzo Gonz\u00e1lez\",\"image\":{\"@type\":\"ImageObject\",\"inLanguage\":\"gl-ES\",\"@id\":\"https:\\\/\\\/secure.gravatar.com\\\/avatar\\\/dcd882e8f4338e07610336943426400d525673506eb37ce59442ba704e5cc971?s=96&d=mm&r=g\",\"url\":\"https:\\\/\\\/secure.gravatar.com\\\/avatar\\\/dcd882e8f4338e07610336943426400d525673506eb37ce59442ba704e5cc971?s=96&d=mm&r=g\",\"contentUrl\":\"https:\\\/\\\/secure.gravatar.com\\\/avatar\\\/dcd882e8f4338e07610336943426400d525673506eb37ce59442ba704e5cc971?s=96&d=mm&r=g\",\"caption\":\"Ant\u00f3n Lorenzo Gonz\u00e1lez\"},\"url\":\"https:\\\/\\\/www.anovapeneira.gal\\\/index.php\\\/author\\\/xaque\\\/\"}]}<\/script>\n<!-- \/ Yoast SEO plugin. -->","yoast_head_json":{"title":"COUSAS DE SALVATERRA. Bernardo Bern\u00e1rdez Mart\u00ednez, IV -","robots":{"index":"index","follow":"follow","max-snippet":"max-snippet:-1","max-image-preview":"max-image-preview:large","max-video-preview":"max-video-preview:-1"},"canonical":"https:\/\/www.anovapeneira.gal\/index.php\/2025\/03\/21\/cousas-de-salvaterra-bernardo-bernardez-martinez-iv\/","og_locale":"gl_ES","og_type":"article","og_title":"COUSAS DE SALVATERRA. Bernardo Bern\u00e1rdez Mart\u00ednez, IV -","og_description":"Mentres en Bos Aires, coa l\u00f3xica falta de comunicaci\u00f3n, na Asociaci\u00f3n de Residentes de Salvaterra de Mi\u00f1o nesa cidade, \u00e1 que lle chegaban alarmantes noticias a trav\u00e9s da prensa e, a pesar dos riscos, de particulares que se atrev\u00edan a informar, daban conta os socios na acta da Asemblea Extraordinaria do 11 de outubro de 1936 [...]","og_url":"https:\/\/www.anovapeneira.gal\/index.php\/2025\/03\/21\/cousas-de-salvaterra-bernardo-bernardez-martinez-iv\/","article_publisher":"https:\/\/www.facebook.com\/anovapeneira","article_published_time":"2025-03-21T09:00:36+00:00","og_image":[{"width":720,"height":432,"url":"https:\/\/www.anovapeneira.gal\/wp-content\/uploads\/2025\/03\/bernardo_bernardez.jpg","type":"image\/jpeg"}],"author":"Ant\u00f3n Lorenzo Gonz\u00e1lez","twitter_card":"summary_large_image","twitter_creator":"@APeneira","twitter_site":"@APeneira","twitter_misc":{"Escrito por":"Ant\u00f3n Lorenzo Gonz\u00e1lez","Tempo de lectura":"6 minutos"},"schema":{"@context":"https:\/\/schema.org","@graph":[{"@type":"Article","@id":"https:\/\/www.anovapeneira.gal\/index.php\/2025\/03\/21\/cousas-de-salvaterra-bernardo-bernardez-martinez-iv\/#article","isPartOf":{"@id":"https:\/\/www.anovapeneira.gal\/index.php\/2025\/03\/21\/cousas-de-salvaterra-bernardo-bernardez-martinez-iv\/"},"author":{"name":"Ant\u00f3n Lorenzo Gonz\u00e1lez","@id":"https:\/\/www.anovapeneira.gal\/#\/schema\/person\/1bf91cd240796d05b6522e3d8a6e2d8e"},"headline":"COUSAS DE SALVATERRA. Bernardo Bern\u00e1rdez Mart\u00ednez, IV","datePublished":"2025-03-21T09:00:36+00:00","mainEntityOfPage":{"@id":"https:\/\/www.anovapeneira.gal\/index.php\/2025\/03\/21\/cousas-de-salvaterra-bernardo-bernardez-martinez-iv\/"},"wordCount":1084,"commentCount":0,"publisher":{"@id":"https:\/\/www.anovapeneira.gal\/#organization"},"image":{"@id":"https:\/\/www.anovapeneira.gal\/index.php\/2025\/03\/21\/cousas-de-salvaterra-bernardo-bernardez-martinez-iv\/#primaryimage"},"thumbnailUrl":"https:\/\/www.anovapeneira.gal\/wp-content\/uploads\/2025\/03\/bernardo_bernardez.jpg","keywords":["Concello de Salvaterra de Mi\u00f1o"],"articleSection":["Artigos de opini\u00f3n"],"inLanguage":"gl-ES","potentialAction":[{"@type":"CommentAction","name":"Comment","target":["https:\/\/www.anovapeneira.gal\/index.php\/2025\/03\/21\/cousas-de-salvaterra-bernardo-bernardez-martinez-iv\/#respond"]}]},{"@type":"WebPage","@id":"https:\/\/www.anovapeneira.gal\/index.php\/2025\/03\/21\/cousas-de-salvaterra-bernardo-bernardez-martinez-iv\/","url":"https:\/\/www.anovapeneira.gal\/index.php\/2025\/03\/21\/cousas-de-salvaterra-bernardo-bernardez-martinez-iv\/","name":"COUSAS DE SALVATERRA. Bernardo Bern\u00e1rdez Mart\u00ednez, IV -","isPartOf":{"@id":"https:\/\/www.anovapeneira.gal\/#website"},"primaryImageOfPage":{"@id":"https:\/\/www.anovapeneira.gal\/index.php\/2025\/03\/21\/cousas-de-salvaterra-bernardo-bernardez-martinez-iv\/#primaryimage"},"image":{"@id":"https:\/\/www.anovapeneira.gal\/index.php\/2025\/03\/21\/cousas-de-salvaterra-bernardo-bernardez-martinez-iv\/#primaryimage"},"thumbnailUrl":"https:\/\/www.anovapeneira.gal\/wp-content\/uploads\/2025\/03\/bernardo_bernardez.jpg","datePublished":"2025-03-21T09:00:36+00:00","breadcrumb":{"@id":"https:\/\/www.anovapeneira.gal\/index.php\/2025\/03\/21\/cousas-de-salvaterra-bernardo-bernardez-martinez-iv\/#breadcrumb"},"inLanguage":"gl-ES","potentialAction":[{"@type":"ReadAction","target":["https:\/\/www.anovapeneira.gal\/index.php\/2025\/03\/21\/cousas-de-salvaterra-bernardo-bernardez-martinez-iv\/"]}]},{"@type":"ImageObject","inLanguage":"gl-ES","@id":"https:\/\/www.anovapeneira.gal\/index.php\/2025\/03\/21\/cousas-de-salvaterra-bernardo-bernardez-martinez-iv\/#primaryimage","url":"https:\/\/www.anovapeneira.gal\/wp-content\/uploads\/2025\/03\/bernardo_bernardez.jpg","contentUrl":"https:\/\/www.anovapeneira.gal\/wp-content\/uploads\/2025\/03\/bernardo_bernardez.jpg","width":720,"height":432,"caption":"A dereita da caseta, lugar no que se sup\u00f3n est\u00e1 soterrado Bernardo Bern\u00e1rdez Mart\u00ednez."},{"@type":"BreadcrumbList","@id":"https:\/\/www.anovapeneira.gal\/index.php\/2025\/03\/21\/cousas-de-salvaterra-bernardo-bernardez-martinez-iv\/#breadcrumb","itemListElement":[{"@type":"ListItem","position":1,"name":"Portada","item":"https:\/\/www.anovapeneira.gal\/"},{"@type":"ListItem","position":2,"name":"COUSAS DE SALVATERRA. Bernardo Bern\u00e1rdez Mart\u00ednez, IV"}]},{"@type":"WebSite","@id":"https:\/\/www.anovapeneira.gal\/#website","url":"https:\/\/www.anovapeneira.gal\/","name":"","description":"Xornal galego de informaci\u00f3n xeral Publicaci\u00f3n mensual de novas de Galicia e en especial dos Concellos da sur da provincia de Pontevedra.","publisher":{"@id":"https:\/\/www.anovapeneira.gal\/#organization"},"potentialAction":[{"@type":"SearchAction","target":{"@type":"EntryPoint","urlTemplate":"https:\/\/www.anovapeneira.gal\/?s={search_term_string}"},"query-input":{"@type":"PropertyValueSpecification","valueRequired":true,"valueName":"search_term_string"}}],"inLanguage":"gl-ES"},{"@type":"Organization","@id":"https:\/\/www.anovapeneira.gal\/#organization","name":"A Nova Peneira","url":"https:\/\/www.anovapeneira.gal\/","logo":{"@type":"ImageObject","inLanguage":"gl-ES","@id":"https:\/\/www.anovapeneira.gal\/#\/schema\/logo\/image\/","url":"http:\/\/www.anovapeneira.gal\/wp-content\/uploads\/2019\/06\/logo_a_nova_peneira_portal_web.png","contentUrl":"http:\/\/www.anovapeneira.gal\/wp-content\/uploads\/2019\/06\/logo_a_nova_peneira_portal_web.png","width":300,"height":100,"caption":"A Nova Peneira"},"image":{"@id":"https:\/\/www.anovapeneira.gal\/#\/schema\/logo\/image\/"},"sameAs":["https:\/\/www.facebook.com\/anovapeneira","https:\/\/x.com\/APeneira"]},{"@type":"Person","@id":"https:\/\/www.anovapeneira.gal\/#\/schema\/person\/1bf91cd240796d05b6522e3d8a6e2d8e","name":"Ant\u00f3n Lorenzo Gonz\u00e1lez","image":{"@type":"ImageObject","inLanguage":"gl-ES","@id":"https:\/\/secure.gravatar.com\/avatar\/dcd882e8f4338e07610336943426400d525673506eb37ce59442ba704e5cc971?s=96&d=mm&r=g","url":"https:\/\/secure.gravatar.com\/avatar\/dcd882e8f4338e07610336943426400d525673506eb37ce59442ba704e5cc971?s=96&d=mm&r=g","contentUrl":"https:\/\/secure.gravatar.com\/avatar\/dcd882e8f4338e07610336943426400d525673506eb37ce59442ba704e5cc971?s=96&d=mm&r=g","caption":"Ant\u00f3n Lorenzo Gonz\u00e1lez"},"url":"https:\/\/www.anovapeneira.gal\/index.php\/author\/xaque\/"}]}},"jetpack_featured_media_url":"https:\/\/www.anovapeneira.gal\/wp-content\/uploads\/2025\/03\/bernardo_bernardez.jpg","_links":{"self":[{"href":"https:\/\/www.anovapeneira.gal\/index.php\/wp-json\/wp\/v2\/posts\/13565","targetHints":{"allow":["GET"]}}],"collection":[{"href":"https:\/\/www.anovapeneira.gal\/index.php\/wp-json\/wp\/v2\/posts"}],"about":[{"href":"https:\/\/www.anovapeneira.gal\/index.php\/wp-json\/wp\/v2\/types\/post"}],"author":[{"embeddable":true,"href":"https:\/\/www.anovapeneira.gal\/index.php\/wp-json\/wp\/v2\/users\/34"}],"replies":[{"embeddable":true,"href":"https:\/\/www.anovapeneira.gal\/index.php\/wp-json\/wp\/v2\/comments?post=13565"}],"version-history":[{"count":3,"href":"https:\/\/www.anovapeneira.gal\/index.php\/wp-json\/wp\/v2\/posts\/13565\/revisions"}],"predecessor-version":[{"id":13569,"href":"https:\/\/www.anovapeneira.gal\/index.php\/wp-json\/wp\/v2\/posts\/13565\/revisions\/13569"}],"wp:featuredmedia":[{"embeddable":true,"href":"https:\/\/www.anovapeneira.gal\/index.php\/wp-json\/wp\/v2\/media\/13566"}],"wp:attachment":[{"href":"https:\/\/www.anovapeneira.gal\/index.php\/wp-json\/wp\/v2\/media?parent=13565"}],"wp:term":[{"taxonomy":"category","embeddable":true,"href":"https:\/\/www.anovapeneira.gal\/index.php\/wp-json\/wp\/v2\/categories?post=13565"},{"taxonomy":"post_tag","embeddable":true,"href":"https:\/\/www.anovapeneira.gal\/index.php\/wp-json\/wp\/v2\/tags?post=13565"}],"curies":[{"name":"wp","href":"https:\/\/api.w.org\/{rel}","templated":true}]}}