{"id":13572,"date":"2025-03-21T12:00:13","date_gmt":"2025-03-21T11:00:13","guid":{"rendered":"https:\/\/www.anovapeneira.gal\/?p=13572"},"modified":"2025-03-20T13:44:31","modified_gmt":"2025-03-20T12:44:31","slug":"o-bng-das-neves-renova-o-seu-grupo-municipal","status":"publish","type":"post","link":"https:\/\/www.anovapeneira.gal\/index.php\/2025\/03\/21\/o-bng-das-neves-renova-o-seu-grupo-municipal\/","title":{"rendered":"O BNG das Neves renova o seu Grupo Municipal"},"content":{"rendered":"\n<h2 class=\"wp-block-heading\"><strong>Nas vindeiras semanas coller\u00e1n as s\u00faas actas Roc\u00edo Barreiro e Alba Casas, e \u00d3scar Gonz\u00e1lez ser\u00e1 o novo portavoz municipal<\/strong><\/h2>\n\n\n\n<p>Despois de que deixaran os seus lugares na corporaci\u00f3n municipal o ex-Alcalde Xos\u00e9 Manuel Rodr\u00edguez e a ex-Concelleira de Servizos Sociais, Pilar Gonz\u00e1lez, rexistran a aceptaci\u00f3n das s\u00faas actas d\u00faas mozas integrantes da candidatura do BNG nas elecci\u00f3ns municipais do 2023. Tr\u00e1tase de Roc\u00edo Barreiro, qu\u00edmica e veci\u00f1a de Santiago de Ribarteme, que xa fora Concelleira no goberno entre 2019 e 2023; e de Alba Casas, artista multidisciplinar e investigadora cultural, veci\u00f1a das Neves e que ocupar\u00e1 por primeira vez un lugar na corporaci\u00f3n municipal.<\/p>\n\n\n\n<p>O relevo que se produce v\u00e9n dunha fonda reflexi\u00f3n que levou a organizaci\u00f3n local a formular a proposta dunha renovaci\u00f3n xeracional, que dea comezo a un proxecto que mante\u00f1a a esencia do BNG pero con novas visi\u00f3ns e perspectivas. Con miradas novas, que acheguen novas ideas ao proxecto que comezara no 1995, hai 30 anos, cando o BNG obtivo por primeira vez representaci\u00f3n institucional.<\/p>\n\n\n\n<p>Na s\u00faa mensaxe de despedida, pronunciada no pleno do pasado 11 de marzo, Xos\u00e9 Manuel Rodr\u00edguez dixo sentirse orgulloso de ser e vivir nas Neves e de ter sido alcalde; podendo desenvolver ideas e proxectos transformadores coma o #ViveNasNeves. Engadiu que seguir\u00e1 traballando no proxecto do BNG e que \u00e9 un privilexio ter persoas novas que ve\u00f1en con ganas e far\u00e1n continuar o que hai 30 anos iniciaron outras co mesmo amor polas Neves. Pola s\u00faa banda, Pilar Gonz\u00e1lez agradeceu a entrega a todas as persoas coas que traballou nos anos nos que foi Concelleira de Servizos Sociais e lembrou que non marcha a ningures, segue facendo a s\u00faa vida nas Neves e seguir\u00e1 botando unha man \u00e1s compa\u00f1eiras e compa\u00f1eiros do BNG.<\/p>\n\n\n\n<p>As futuras novas concelleiras declaran comezar con ganas de aportar co\u00f1ecementos, ideas e traballo ao proxecto ambicioso do BNG nas Neves. Din ser conscientes do que sup\u00f3n ter a responsabilidade de manter o legado herdado e facelo a\u00ednda maior, para recuperar a confianza da veci\u00f1anza que en 2015 levou o BNG \u00e1 alcald\u00eda.<\/p>\n\n\n\n<p>Ademais, o grupo municipal do BNG das Neves tam\u00e9n vai mudar a portavoc\u00eda, que trala renuncia de Xos\u00e9 Manuel Rodr\u00edguez, pasa a ser asumida por \u00d3scar Gonz\u00e1lez, que xa vi\u00f1a sendo Concelleiro e que foi tenente de alcalde entre 2015 e 2023.<\/p>\n\n\n\n<p>A respons\u00e1bel local, Raquel Barreiro, comunica que o BNG da localidade vai celebrar un acto de convivencia para dar comezo a esta nova etapa, que se desenvolver\u00e1 arredor dunha cea que queren compartir coas persoas amigas e simpatizantes o vindeiro 12 de abril \u00e1s 21:00 h no Hotel Nande de Rubi\u00f3s.<\/p>\n\n\n\n<p><strong>As Neves, 14 de marzo, 2025<\/strong><\/p>\n\n\n\n<p><strong>P.D.: <\/strong>Ax\u00fantase unha fotograf\u00eda coas seguintes persoas de esquerda e dereita: Roc\u00edo Barreiro, \u00d3scar Gonz\u00e1lez, Alba Casas e Raquel Barreiro.<\/p>\n","protected":false},"excerpt":{"rendered":"<div class=\"mh-excerpt\"><p>Nas vindeiras semanas coller\u00e1n as s\u00faas actas Roc\u00edo Barreiro e Alba Casas, e \u00d3scar Gonz\u00e1lez ser\u00e1 o novo portavoz municipal <a class=\"mh-excerpt-more\" href=\"https:\/\/www.anovapeneira.gal\/index.php\/2025\/03\/21\/o-bng-das-neves-renova-o-seu-grupo-municipal\/\" title=\"O BNG das Neves renova o seu Grupo Municipal\">[&#8230;]<\/a><\/p>\n<\/div>","protected":false},"author":3,"featured_media":13573,"comment_status":"open","ping_status":"open","sticky":false,"template":"","format":"standard","meta":{"_exactmetrics_skip_tracking":false,"_exactmetrics_sitenote_active":false,"_exactmetrics_sitenote_note":"","_exactmetrics_sitenote_category":0,"footnotes":""},"categories":[25],"tags":[546],"class_list":{"0":"post-13572","1":"post","2":"type-post","3":"status-publish","4":"format-standard","5":"has-post-thumbnail","7":"category-condado","8":"tag-concello-das-neves"},"yoast_head":"<!-- This site is optimized with the Yoast SEO plugin v27.4 - https:\/\/yoast.com\/product\/yoast-seo-wordpress\/ -->\n<title>O BNG das Neves renova o seu Grupo Municipal -<\/title>\n<meta name=\"robots\" content=\"index, follow, max-snippet:-1, max-image-preview:large, max-video-preview:-1\" \/>\n<link rel=\"canonical\" href=\"https:\/\/www.anovapeneira.gal\/index.php\/2025\/03\/21\/o-bng-das-neves-renova-o-seu-grupo-municipal\/\" \/>\n<meta property=\"og:locale\" content=\"gl_ES\" \/>\n<meta property=\"og:type\" content=\"article\" \/>\n<meta property=\"og:title\" content=\"O BNG das Neves renova o seu Grupo Municipal -\" \/>\n<meta property=\"og:description\" content=\"Nas vindeiras semanas coller\u00e1n as s\u00faas actas Roc\u00edo Barreiro e Alba Casas, e \u00d3scar Gonz\u00e1lez ser\u00e1 o novo portavoz municipal [...]\" \/>\n<meta property=\"og:url\" content=\"https:\/\/www.anovapeneira.gal\/index.php\/2025\/03\/21\/o-bng-das-neves-renova-o-seu-grupo-municipal\/\" \/>\n<meta property=\"article:publisher\" content=\"https:\/\/www.facebook.com\/anovapeneira\" \/>\n<meta property=\"article:published_time\" content=\"2025-03-21T11:00:13+00:00\" \/>\n<meta property=\"og:image\" content=\"https:\/\/www.anovapeneira.gal\/wp-content\/uploads\/2025\/03\/bng_as_neves.png\" \/>\n\t<meta property=\"og:image:width\" content=\"720\" \/>\n\t<meta property=\"og:image:height\" content=\"432\" \/>\n\t<meta property=\"og:image:type\" content=\"image\/png\" \/>\n<meta name=\"author\" content=\"Redacci\u00f3n A Nova Peneira\" \/>\n<meta name=\"twitter:card\" content=\"summary_large_image\" \/>\n<meta name=\"twitter:creator\" content=\"@APeneira\" \/>\n<meta name=\"twitter:site\" content=\"@APeneira\" \/>\n<meta name=\"twitter:label1\" content=\"Escrito por\" \/>\n\t<meta name=\"twitter:data1\" content=\"Redacci\u00f3n A Nova Peneira\" \/>\n\t<meta name=\"twitter:label2\" content=\"Tempo de lectura\" \/>\n\t<meta name=\"twitter:data2\" content=\"3 minutos\" \/>\n<script type=\"application\/ld+json\" class=\"yoast-schema-graph\">{\"@context\":\"https:\\\/\\\/schema.org\",\"@graph\":[{\"@type\":\"Article\",\"@id\":\"https:\\\/\\\/www.anovapeneira.gal\\\/index.php\\\/2025\\\/03\\\/21\\\/o-bng-das-neves-renova-o-seu-grupo-municipal\\\/#article\",\"isPartOf\":{\"@id\":\"https:\\\/\\\/www.anovapeneira.gal\\\/index.php\\\/2025\\\/03\\\/21\\\/o-bng-das-neves-renova-o-seu-grupo-municipal\\\/\"},\"author\":{\"name\":\"Redacci\u00f3n A Nova Peneira\",\"@id\":\"https:\\\/\\\/www.anovapeneira.gal\\\/#\\\/schema\\\/person\\\/b93e3f8932e3f8da96334607eb6ac6aa\"},\"headline\":\"O BNG das Neves renova o seu Grupo Municipal\",\"datePublished\":\"2025-03-21T11:00:13+00:00\",\"mainEntityOfPage\":{\"@id\":\"https:\\\/\\\/www.anovapeneira.gal\\\/index.php\\\/2025\\\/03\\\/21\\\/o-bng-das-neves-renova-o-seu-grupo-municipal\\\/\"},\"wordCount\":507,\"commentCount\":0,\"publisher\":{\"@id\":\"https:\\\/\\\/www.anovapeneira.gal\\\/#organization\"},\"image\":{\"@id\":\"https:\\\/\\\/www.anovapeneira.gal\\\/index.php\\\/2025\\\/03\\\/21\\\/o-bng-das-neves-renova-o-seu-grupo-municipal\\\/#primaryimage\"},\"thumbnailUrl\":\"https:\\\/\\\/www.anovapeneira.gal\\\/wp-content\\\/uploads\\\/2025\\\/03\\\/bng_as_neves.png\",\"keywords\":[\"Concello das Neves\"],\"articleSection\":[\"Condado\"],\"inLanguage\":\"gl-ES\",\"potentialAction\":[{\"@type\":\"CommentAction\",\"name\":\"Comment\",\"target\":[\"https:\\\/\\\/www.anovapeneira.gal\\\/index.php\\\/2025\\\/03\\\/21\\\/o-bng-das-neves-renova-o-seu-grupo-municipal\\\/#respond\"]}]},{\"@type\":\"WebPage\",\"@id\":\"https:\\\/\\\/www.anovapeneira.gal\\\/index.php\\\/2025\\\/03\\\/21\\\/o-bng-das-neves-renova-o-seu-grupo-municipal\\\/\",\"url\":\"https:\\\/\\\/www.anovapeneira.gal\\\/index.php\\\/2025\\\/03\\\/21\\\/o-bng-das-neves-renova-o-seu-grupo-municipal\\\/\",\"name\":\"O BNG das Neves renova o seu Grupo Municipal -\",\"isPartOf\":{\"@id\":\"https:\\\/\\\/www.anovapeneira.gal\\\/#website\"},\"primaryImageOfPage\":{\"@id\":\"https:\\\/\\\/www.anovapeneira.gal\\\/index.php\\\/2025\\\/03\\\/21\\\/o-bng-das-neves-renova-o-seu-grupo-municipal\\\/#primaryimage\"},\"image\":{\"@id\":\"https:\\\/\\\/www.anovapeneira.gal\\\/index.php\\\/2025\\\/03\\\/21\\\/o-bng-das-neves-renova-o-seu-grupo-municipal\\\/#primaryimage\"},\"thumbnailUrl\":\"https:\\\/\\\/www.anovapeneira.gal\\\/wp-content\\\/uploads\\\/2025\\\/03\\\/bng_as_neves.png\",\"datePublished\":\"2025-03-21T11:00:13+00:00\",\"breadcrumb\":{\"@id\":\"https:\\\/\\\/www.anovapeneira.gal\\\/index.php\\\/2025\\\/03\\\/21\\\/o-bng-das-neves-renova-o-seu-grupo-municipal\\\/#breadcrumb\"},\"inLanguage\":\"gl-ES\",\"potentialAction\":[{\"@type\":\"ReadAction\",\"target\":[\"https:\\\/\\\/www.anovapeneira.gal\\\/index.php\\\/2025\\\/03\\\/21\\\/o-bng-das-neves-renova-o-seu-grupo-municipal\\\/\"]}]},{\"@type\":\"ImageObject\",\"inLanguage\":\"gl-ES\",\"@id\":\"https:\\\/\\\/www.anovapeneira.gal\\\/index.php\\\/2025\\\/03\\\/21\\\/o-bng-das-neves-renova-o-seu-grupo-municipal\\\/#primaryimage\",\"url\":\"https:\\\/\\\/www.anovapeneira.gal\\\/wp-content\\\/uploads\\\/2025\\\/03\\\/bng_as_neves.png\",\"contentUrl\":\"https:\\\/\\\/www.anovapeneira.gal\\\/wp-content\\\/uploads\\\/2025\\\/03\\\/bng_as_neves.png\",\"width\":720,\"height\":432,\"caption\":\"BNG As Neves\"},{\"@type\":\"BreadcrumbList\",\"@id\":\"https:\\\/\\\/www.anovapeneira.gal\\\/index.php\\\/2025\\\/03\\\/21\\\/o-bng-das-neves-renova-o-seu-grupo-municipal\\\/#breadcrumb\",\"itemListElement\":[{\"@type\":\"ListItem\",\"position\":1,\"name\":\"Portada\",\"item\":\"https:\\\/\\\/www.anovapeneira.gal\\\/\"},{\"@type\":\"ListItem\",\"position\":2,\"name\":\"O BNG das Neves renova o seu Grupo Municipal\"}]},{\"@type\":\"WebSite\",\"@id\":\"https:\\\/\\\/www.anovapeneira.gal\\\/#website\",\"url\":\"https:\\\/\\\/www.anovapeneira.gal\\\/\",\"name\":\"\",\"description\":\"Xornal galego de informaci\u00f3n xeral Publicaci\u00f3n mensual de novas de Galicia e en especial dos Concellos da sur da provincia de Pontevedra.\",\"publisher\":{\"@id\":\"https:\\\/\\\/www.anovapeneira.gal\\\/#organization\"},\"potentialAction\":[{\"@type\":\"SearchAction\",\"target\":{\"@type\":\"EntryPoint\",\"urlTemplate\":\"https:\\\/\\\/www.anovapeneira.gal\\\/?s={search_term_string}\"},\"query-input\":{\"@type\":\"PropertyValueSpecification\",\"valueRequired\":true,\"valueName\":\"search_term_string\"}}],\"inLanguage\":\"gl-ES\"},{\"@type\":\"Organization\",\"@id\":\"https:\\\/\\\/www.anovapeneira.gal\\\/#organization\",\"name\":\"A Nova Peneira\",\"url\":\"https:\\\/\\\/www.anovapeneira.gal\\\/\",\"logo\":{\"@type\":\"ImageObject\",\"inLanguage\":\"gl-ES\",\"@id\":\"https:\\\/\\\/www.anovapeneira.gal\\\/#\\\/schema\\\/logo\\\/image\\\/\",\"url\":\"http:\\\/\\\/www.anovapeneira.gal\\\/wp-content\\\/uploads\\\/2019\\\/06\\\/logo_a_nova_peneira_portal_web.png\",\"contentUrl\":\"http:\\\/\\\/www.anovapeneira.gal\\\/wp-content\\\/uploads\\\/2019\\\/06\\\/logo_a_nova_peneira_portal_web.png\",\"width\":300,\"height\":100,\"caption\":\"A Nova Peneira\"},\"image\":{\"@id\":\"https:\\\/\\\/www.anovapeneira.gal\\\/#\\\/schema\\\/logo\\\/image\\\/\"},\"sameAs\":[\"https:\\\/\\\/www.facebook.com\\\/anovapeneira\",\"https:\\\/\\\/x.com\\\/APeneira\"]},{\"@type\":\"Person\",\"@id\":\"https:\\\/\\\/www.anovapeneira.gal\\\/#\\\/schema\\\/person\\\/b93e3f8932e3f8da96334607eb6ac6aa\",\"name\":\"Redacci\u00f3n A Nova Peneira\",\"image\":{\"@type\":\"ImageObject\",\"inLanguage\":\"gl-ES\",\"@id\":\"https:\\\/\\\/secure.gravatar.com\\\/avatar\\\/c052a2551a06e23fac63626232eaa90abd78dbcf1700fc46a2b2c89fd27b735f?s=96&d=mm&r=g\",\"url\":\"https:\\\/\\\/secure.gravatar.com\\\/avatar\\\/c052a2551a06e23fac63626232eaa90abd78dbcf1700fc46a2b2c89fd27b735f?s=96&d=mm&r=g\",\"contentUrl\":\"https:\\\/\\\/secure.gravatar.com\\\/avatar\\\/c052a2551a06e23fac63626232eaa90abd78dbcf1700fc46a2b2c89fd27b735f?s=96&d=mm&r=g\",\"caption\":\"Redacci\u00f3n A Nova Peneira\"},\"sameAs\":[\"http:\\\/\\\/www.anovapeneira.gal\\\/\"],\"url\":\"https:\\\/\\\/www.anovapeneira.gal\\\/index.php\\\/author\\\/redactor\\\/\"}]}<\/script>\n<!-- \/ Yoast SEO plugin. -->","yoast_head_json":{"title":"O BNG das Neves renova o seu Grupo Municipal -","robots":{"index":"index","follow":"follow","max-snippet":"max-snippet:-1","max-image-preview":"max-image-preview:large","max-video-preview":"max-video-preview:-1"},"canonical":"https:\/\/www.anovapeneira.gal\/index.php\/2025\/03\/21\/o-bng-das-neves-renova-o-seu-grupo-municipal\/","og_locale":"gl_ES","og_type":"article","og_title":"O BNG das Neves renova o seu Grupo Municipal -","og_description":"Nas vindeiras semanas coller\u00e1n as s\u00faas actas Roc\u00edo Barreiro e Alba Casas, e \u00d3scar Gonz\u00e1lez ser\u00e1 o novo portavoz municipal [...]","og_url":"https:\/\/www.anovapeneira.gal\/index.php\/2025\/03\/21\/o-bng-das-neves-renova-o-seu-grupo-municipal\/","article_publisher":"https:\/\/www.facebook.com\/anovapeneira","article_published_time":"2025-03-21T11:00:13+00:00","og_image":[{"width":720,"height":432,"url":"https:\/\/www.anovapeneira.gal\/wp-content\/uploads\/2025\/03\/bng_as_neves.png","type":"image\/png"}],"author":"Redacci\u00f3n A Nova Peneira","twitter_card":"summary_large_image","twitter_creator":"@APeneira","twitter_site":"@APeneira","twitter_misc":{"Escrito por":"Redacci\u00f3n A Nova Peneira","Tempo de lectura":"3 minutos"},"schema":{"@context":"https:\/\/schema.org","@graph":[{"@type":"Article","@id":"https:\/\/www.anovapeneira.gal\/index.php\/2025\/03\/21\/o-bng-das-neves-renova-o-seu-grupo-municipal\/#article","isPartOf":{"@id":"https:\/\/www.anovapeneira.gal\/index.php\/2025\/03\/21\/o-bng-das-neves-renova-o-seu-grupo-municipal\/"},"author":{"name":"Redacci\u00f3n A Nova Peneira","@id":"https:\/\/www.anovapeneira.gal\/#\/schema\/person\/b93e3f8932e3f8da96334607eb6ac6aa"},"headline":"O BNG das Neves renova o seu Grupo Municipal","datePublished":"2025-03-21T11:00:13+00:00","mainEntityOfPage":{"@id":"https:\/\/www.anovapeneira.gal\/index.php\/2025\/03\/21\/o-bng-das-neves-renova-o-seu-grupo-municipal\/"},"wordCount":507,"commentCount":0,"publisher":{"@id":"https:\/\/www.anovapeneira.gal\/#organization"},"image":{"@id":"https:\/\/www.anovapeneira.gal\/index.php\/2025\/03\/21\/o-bng-das-neves-renova-o-seu-grupo-municipal\/#primaryimage"},"thumbnailUrl":"https:\/\/www.anovapeneira.gal\/wp-content\/uploads\/2025\/03\/bng_as_neves.png","keywords":["Concello das Neves"],"articleSection":["Condado"],"inLanguage":"gl-ES","potentialAction":[{"@type":"CommentAction","name":"Comment","target":["https:\/\/www.anovapeneira.gal\/index.php\/2025\/03\/21\/o-bng-das-neves-renova-o-seu-grupo-municipal\/#respond"]}]},{"@type":"WebPage","@id":"https:\/\/www.anovapeneira.gal\/index.php\/2025\/03\/21\/o-bng-das-neves-renova-o-seu-grupo-municipal\/","url":"https:\/\/www.anovapeneira.gal\/index.php\/2025\/03\/21\/o-bng-das-neves-renova-o-seu-grupo-municipal\/","name":"O BNG das Neves renova o seu Grupo Municipal -","isPartOf":{"@id":"https:\/\/www.anovapeneira.gal\/#website"},"primaryImageOfPage":{"@id":"https:\/\/www.anovapeneira.gal\/index.php\/2025\/03\/21\/o-bng-das-neves-renova-o-seu-grupo-municipal\/#primaryimage"},"image":{"@id":"https:\/\/www.anovapeneira.gal\/index.php\/2025\/03\/21\/o-bng-das-neves-renova-o-seu-grupo-municipal\/#primaryimage"},"thumbnailUrl":"https:\/\/www.anovapeneira.gal\/wp-content\/uploads\/2025\/03\/bng_as_neves.png","datePublished":"2025-03-21T11:00:13+00:00","breadcrumb":{"@id":"https:\/\/www.anovapeneira.gal\/index.php\/2025\/03\/21\/o-bng-das-neves-renova-o-seu-grupo-municipal\/#breadcrumb"},"inLanguage":"gl-ES","potentialAction":[{"@type":"ReadAction","target":["https:\/\/www.anovapeneira.gal\/index.php\/2025\/03\/21\/o-bng-das-neves-renova-o-seu-grupo-municipal\/"]}]},{"@type":"ImageObject","inLanguage":"gl-ES","@id":"https:\/\/www.anovapeneira.gal\/index.php\/2025\/03\/21\/o-bng-das-neves-renova-o-seu-grupo-municipal\/#primaryimage","url":"https:\/\/www.anovapeneira.gal\/wp-content\/uploads\/2025\/03\/bng_as_neves.png","contentUrl":"https:\/\/www.anovapeneira.gal\/wp-content\/uploads\/2025\/03\/bng_as_neves.png","width":720,"height":432,"caption":"BNG As Neves"},{"@type":"BreadcrumbList","@id":"https:\/\/www.anovapeneira.gal\/index.php\/2025\/03\/21\/o-bng-das-neves-renova-o-seu-grupo-municipal\/#breadcrumb","itemListElement":[{"@type":"ListItem","position":1,"name":"Portada","item":"https:\/\/www.anovapeneira.gal\/"},{"@type":"ListItem","position":2,"name":"O BNG das Neves renova o seu Grupo Municipal"}]},{"@type":"WebSite","@id":"https:\/\/www.anovapeneira.gal\/#website","url":"https:\/\/www.anovapeneira.gal\/","name":"","description":"Xornal galego de informaci\u00f3n xeral Publicaci\u00f3n mensual de novas de Galicia e en especial dos Concellos da sur da provincia de Pontevedra.","publisher":{"@id":"https:\/\/www.anovapeneira.gal\/#organization"},"potentialAction":[{"@type":"SearchAction","target":{"@type":"EntryPoint","urlTemplate":"https:\/\/www.anovapeneira.gal\/?s={search_term_string}"},"query-input":{"@type":"PropertyValueSpecification","valueRequired":true,"valueName":"search_term_string"}}],"inLanguage":"gl-ES"},{"@type":"Organization","@id":"https:\/\/www.anovapeneira.gal\/#organization","name":"A Nova Peneira","url":"https:\/\/www.anovapeneira.gal\/","logo":{"@type":"ImageObject","inLanguage":"gl-ES","@id":"https:\/\/www.anovapeneira.gal\/#\/schema\/logo\/image\/","url":"http:\/\/www.anovapeneira.gal\/wp-content\/uploads\/2019\/06\/logo_a_nova_peneira_portal_web.png","contentUrl":"http:\/\/www.anovapeneira.gal\/wp-content\/uploads\/2019\/06\/logo_a_nova_peneira_portal_web.png","width":300,"height":100,"caption":"A Nova Peneira"},"image":{"@id":"https:\/\/www.anovapeneira.gal\/#\/schema\/logo\/image\/"},"sameAs":["https:\/\/www.facebook.com\/anovapeneira","https:\/\/x.com\/APeneira"]},{"@type":"Person","@id":"https:\/\/www.anovapeneira.gal\/#\/schema\/person\/b93e3f8932e3f8da96334607eb6ac6aa","name":"Redacci\u00f3n A Nova Peneira","image":{"@type":"ImageObject","inLanguage":"gl-ES","@id":"https:\/\/secure.gravatar.com\/avatar\/c052a2551a06e23fac63626232eaa90abd78dbcf1700fc46a2b2c89fd27b735f?s=96&d=mm&r=g","url":"https:\/\/secure.gravatar.com\/avatar\/c052a2551a06e23fac63626232eaa90abd78dbcf1700fc46a2b2c89fd27b735f?s=96&d=mm&r=g","contentUrl":"https:\/\/secure.gravatar.com\/avatar\/c052a2551a06e23fac63626232eaa90abd78dbcf1700fc46a2b2c89fd27b735f?s=96&d=mm&r=g","caption":"Redacci\u00f3n A Nova Peneira"},"sameAs":["http:\/\/www.anovapeneira.gal\/"],"url":"https:\/\/www.anovapeneira.gal\/index.php\/author\/redactor\/"}]}},"jetpack_featured_media_url":"https:\/\/www.anovapeneira.gal\/wp-content\/uploads\/2025\/03\/bng_as_neves.png","_links":{"self":[{"href":"https:\/\/www.anovapeneira.gal\/index.php\/wp-json\/wp\/v2\/posts\/13572","targetHints":{"allow":["GET"]}}],"collection":[{"href":"https:\/\/www.anovapeneira.gal\/index.php\/wp-json\/wp\/v2\/posts"}],"about":[{"href":"https:\/\/www.anovapeneira.gal\/index.php\/wp-json\/wp\/v2\/types\/post"}],"author":[{"embeddable":true,"href":"https:\/\/www.anovapeneira.gal\/index.php\/wp-json\/wp\/v2\/users\/3"}],"replies":[{"embeddable":true,"href":"https:\/\/www.anovapeneira.gal\/index.php\/wp-json\/wp\/v2\/comments?post=13572"}],"version-history":[{"count":2,"href":"https:\/\/www.anovapeneira.gal\/index.php\/wp-json\/wp\/v2\/posts\/13572\/revisions"}],"predecessor-version":[{"id":13575,"href":"https:\/\/www.anovapeneira.gal\/index.php\/wp-json\/wp\/v2\/posts\/13572\/revisions\/13575"}],"wp:featuredmedia":[{"embeddable":true,"href":"https:\/\/www.anovapeneira.gal\/index.php\/wp-json\/wp\/v2\/media\/13573"}],"wp:attachment":[{"href":"https:\/\/www.anovapeneira.gal\/index.php\/wp-json\/wp\/v2\/media?parent=13572"}],"wp:term":[{"taxonomy":"category","embeddable":true,"href":"https:\/\/www.anovapeneira.gal\/index.php\/wp-json\/wp\/v2\/categories?post=13572"},{"taxonomy":"post_tag","embeddable":true,"href":"https:\/\/www.anovapeneira.gal\/index.php\/wp-json\/wp\/v2\/tags?post=13572"}],"curies":[{"name":"wp","href":"https:\/\/api.w.org\/{rel}","templated":true}]}}