{"id":13579,"date":"2025-03-24T10:00:23","date_gmt":"2025-03-24T09:00:23","guid":{"rendered":"https:\/\/www.anovapeneira.gal\/?p=13579"},"modified":"2025-03-21T13:30:38","modified_gmt":"2025-03-21T12:30:38","slug":"a-estupidez-politica-non-ten-limites","status":"publish","type":"post","link":"https:\/\/www.anovapeneira.gal\/index.php\/2025\/03\/24\/a-estupidez-politica-non-ten-limites\/","title":{"rendered":"A estupidez pol\u00edtica non ten l\u00edmites"},"content":{"rendered":"\n<pre class=\"wp-block-verse\"><strong>Ana Hermida. Asociaci\u00f3n Lis\u00edstrata<\/strong><\/pre>\n\n\n\n<p>Est\u00e1n facendo crer \u00e1s masas que Europa debe defenderse e rearmarse fronte a un ataque hipot\u00e9tico de Rusia, e xa que polo visto EEUU vai abandonar a defensa do vello continente, hai que estar preparadas para ir \u00e1 guerra.<\/p>\n\n\n\n<p>A idiotez pol\u00edtica e humana \u00e9 incr\u00edble, as masas son moi manipulables, son anos de pol\u00edticas de desgobernos que fixeron tan ben o seu traballo, que convertiron a animais racionais e con intelecto e pensamento en simples seres aborregados e dirixibles, eso de pensar \u00e9 un perigo para quen desgoberna.<\/p>\n\n\n\n<p>As\u00ed que temos os peores pol\u00edticos da historia no peor momento, como exemplo, ademais das cercanas como nos concellos (que non hai como collelas pola s\u00faa deformaci\u00f3n, que non formaci\u00f3n, e a s\u00faa nula \u00e9tica nin empat\u00eda), temos desdirixindo ao planeta a xente \u00e1 que non lle funciona moi ben a cabeza, seica a eses seres ineptos con esas poucas capacidades ch\u00e1manlles tolos, pois a\u00ed est\u00e1n como exemplo de mandatarios Donald Trump e Vlad\u00edmir Putin, que xoias!<\/p>\n\n\n\n<p>Digo eu que poden facer como Xeri\u00f3n e H\u00e9rcules, que pelexen entre os dous, as\u00ed debera ser. Pero non, hai intereses econ\u00f3micos dabondo para que se lles peguen como lapas eses vultos sospeitosos, que son clons perfectos dos seus amos. Pois esta xente de tan estupenda preparaci\u00f3n \u00e9 a que vai levar ao planeta \u00e1 s\u00faa destruci\u00f3n. E todo polos CARTOS, un ataca ao outro polos intereses econ\u00f3micos e as\u00ed est\u00e1 China, EEUU, Rusia, India e a vella e perdida Europa, que nun tempo foi referente e hoxe est\u00e1 envellecida no humano e no tecnol\u00f3xico, o que foi e o que \u00e9! s\u00f3 sabe regular, eso d\u00e1selle moi ben, mira para outro lado mentres as potencias doutros continentes invisten e tecnolox\u00eda.<\/p>\n\n\n\n<p>E as\u00ed estamos neste curruncho do mundo, desgobernado por xente reguladora que nos di que contaminamos moito e hai que salvar o planeta, as\u00ed que o que van facer \u00e9 rearmarse ata o dentes para destru\u00edr este planeta verde e azul.<\/p>\n\n\n\n<p>De onde sacar\u00e1 OITOCENTOS MIL MILL\u00d3NS DE EUROS que seg\u00fan a iluminada Ursula von der Leyen quere investir Europa en armamento?<\/p>\n\n\n\n<p>Pois o gasto vai recaer en cada pa\u00eds europeo, que ter\u00e1 que elevar o seu presuposto militar non un 2%, como era o usual, sen\u00f3n nun 3,5% ou m\u00e1is. Como se sufraga este incremento? Pois aumentando a D\u00c9BEDA, incrementando IMPOSTOS e RECORTANDO O GASTO SOCIAL.<\/p>\n\n\n\n<p>Di Emmanuel Macron que teremos que facer sacrificios, todo sexa pola guerra e por destru\u00edr o mundo! As\u00ed que a poboaci\u00f3n europea, di o gobernante franc\u00e9s, vai ter que aceptar que o ESTADO DO BENESTAR E O GASTO SOCIAL vai desaparecer tal e como o co\u00f1ecemos.<\/p>\n\n\n\n<p>Pois ben, quen lidera cada pa\u00eds europeo e quen est\u00e1 na toma de decisi\u00f3n da Comisi\u00f3n Europea, deberan ir a Chern\u00f3byl \u00e1 xogar \u00e1 guerra, pero sen involucrar \u00e1 poboaci\u00f3n. O mundo enteiro agradecer\u00eda tal xeneroso xesto.<\/p>\n\n\n\n<p>Sempre nos queda a fe no ser humano, cando xurden grandes problemas, xurden tam\u00e9n grandes actos, e de grandes cat\u00e1strofes saen tam\u00e9n grandes soluci\u00f3ns.<\/p>\n\n\n\n<p>Haber\u00e1 que agarda<\/p>\n","protected":false},"excerpt":{"rendered":"<div class=\"mh-excerpt\"><p>Est\u00e1n facendo crer \u00e1s masas que Europa debe defenderse e rearmarse fronte a un ataque hipot\u00e9tico de Rusia, e xa que polo visto EEUU vai abandonar a defensa do vello continente, hai que estar preparadas para ir \u00e1 guerra. <a class=\"mh-excerpt-more\" href=\"https:\/\/www.anovapeneira.gal\/index.php\/2025\/03\/24\/a-estupidez-politica-non-ten-limites\/\" title=\"A estupidez pol\u00edtica non ten l\u00edmites\">[&#8230;]<\/a><\/p>\n<\/div>","protected":false},"author":12,"featured_media":12339,"comment_status":"open","ping_status":"open","sticky":false,"template":"","format":"standard","meta":{"_exactmetrics_skip_tracking":false,"_exactmetrics_sitenote_active":false,"_exactmetrics_sitenote_note":"","_exactmetrics_sitenote_category":0,"footnotes":""},"categories":[7],"tags":[],"class_list":{"0":"post-13579","1":"post","2":"type-post","3":"status-publish","4":"format-standard","5":"has-post-thumbnail","7":"category-artigos-de-opinion"},"yoast_head":"<!-- This site is optimized with the Yoast SEO plugin v27.4 - https:\/\/yoast.com\/product\/yoast-seo-wordpress\/ -->\n<title>A estupidez pol\u00edtica non ten l\u00edmites -<\/title>\n<meta name=\"robots\" content=\"index, follow, max-snippet:-1, max-image-preview:large, max-video-preview:-1\" \/>\n<link rel=\"canonical\" href=\"https:\/\/www.anovapeneira.gal\/index.php\/2025\/03\/24\/a-estupidez-politica-non-ten-limites\/\" \/>\n<meta property=\"og:locale\" content=\"gl_ES\" \/>\n<meta property=\"og:type\" content=\"article\" \/>\n<meta property=\"og:title\" content=\"A estupidez pol\u00edtica non ten l\u00edmites -\" \/>\n<meta property=\"og:description\" content=\"Est\u00e1n facendo crer \u00e1s masas que Europa debe defenderse e rearmarse fronte a un ataque hipot\u00e9tico de Rusia, e xa que polo visto EEUU vai abandonar a defensa do vello continente, hai que estar preparadas para ir \u00e1 guerra. [...]\" \/>\n<meta property=\"og:url\" content=\"https:\/\/www.anovapeneira.gal\/index.php\/2025\/03\/24\/a-estupidez-politica-non-ten-limites\/\" \/>\n<meta property=\"article:publisher\" content=\"https:\/\/www.facebook.com\/anovapeneira\" \/>\n<meta property=\"article:published_time\" content=\"2025-03-24T09:00:23+00:00\" \/>\n<meta property=\"og:image\" content=\"https:\/\/www.anovapeneira.gal\/wp-content\/uploads\/2024\/08\/Ana-Hermida_1.png\" \/>\n\t<meta property=\"og:image:width\" content=\"720\" \/>\n\t<meta property=\"og:image:height\" content=\"432\" \/>\n\t<meta property=\"og:image:type\" content=\"image\/png\" \/>\n<meta name=\"author\" content=\"Artigos Opini\u00f3n\" \/>\n<meta name=\"twitter:card\" content=\"summary_large_image\" \/>\n<meta name=\"twitter:creator\" content=\"@APeneira\" \/>\n<meta name=\"twitter:site\" content=\"@APeneira\" \/>\n<meta name=\"twitter:label1\" content=\"Escrito por\" \/>\n\t<meta name=\"twitter:data1\" content=\"Artigos Opini\u00f3n\" \/>\n\t<meta name=\"twitter:label2\" content=\"Tempo de lectura\" \/>\n\t<meta name=\"twitter:data2\" content=\"3 minutos\" \/>\n<script type=\"application\/ld+json\" class=\"yoast-schema-graph\">{\"@context\":\"https:\\\/\\\/schema.org\",\"@graph\":[{\"@type\":\"Article\",\"@id\":\"https:\\\/\\\/www.anovapeneira.gal\\\/index.php\\\/2025\\\/03\\\/24\\\/a-estupidez-politica-non-ten-limites\\\/#article\",\"isPartOf\":{\"@id\":\"https:\\\/\\\/www.anovapeneira.gal\\\/index.php\\\/2025\\\/03\\\/24\\\/a-estupidez-politica-non-ten-limites\\\/\"},\"author\":{\"name\":\"Artigos Opini\u00f3n\",\"@id\":\"https:\\\/\\\/www.anovapeneira.gal\\\/#\\\/schema\\\/person\\\/f18a4feb302e8f20bcef4490b5b60bb3\"},\"headline\":\"A estupidez pol\u00edtica non ten l\u00edmites\",\"datePublished\":\"2025-03-24T09:00:23+00:00\",\"mainEntityOfPage\":{\"@id\":\"https:\\\/\\\/www.anovapeneira.gal\\\/index.php\\\/2025\\\/03\\\/24\\\/a-estupidez-politica-non-ten-limites\\\/\"},\"wordCount\":544,\"commentCount\":0,\"publisher\":{\"@id\":\"https:\\\/\\\/www.anovapeneira.gal\\\/#organization\"},\"image\":{\"@id\":\"https:\\\/\\\/www.anovapeneira.gal\\\/index.php\\\/2025\\\/03\\\/24\\\/a-estupidez-politica-non-ten-limites\\\/#primaryimage\"},\"thumbnailUrl\":\"https:\\\/\\\/www.anovapeneira.gal\\\/wp-content\\\/uploads\\\/2024\\\/08\\\/Ana-Hermida_1.png\",\"articleSection\":[\"Artigos de opini\u00f3n\"],\"inLanguage\":\"gl-ES\",\"potentialAction\":[{\"@type\":\"CommentAction\",\"name\":\"Comment\",\"target\":[\"https:\\\/\\\/www.anovapeneira.gal\\\/index.php\\\/2025\\\/03\\\/24\\\/a-estupidez-politica-non-ten-limites\\\/#respond\"]}]},{\"@type\":\"WebPage\",\"@id\":\"https:\\\/\\\/www.anovapeneira.gal\\\/index.php\\\/2025\\\/03\\\/24\\\/a-estupidez-politica-non-ten-limites\\\/\",\"url\":\"https:\\\/\\\/www.anovapeneira.gal\\\/index.php\\\/2025\\\/03\\\/24\\\/a-estupidez-politica-non-ten-limites\\\/\",\"name\":\"A estupidez pol\u00edtica non ten l\u00edmites -\",\"isPartOf\":{\"@id\":\"https:\\\/\\\/www.anovapeneira.gal\\\/#website\"},\"primaryImageOfPage\":{\"@id\":\"https:\\\/\\\/www.anovapeneira.gal\\\/index.php\\\/2025\\\/03\\\/24\\\/a-estupidez-politica-non-ten-limites\\\/#primaryimage\"},\"image\":{\"@id\":\"https:\\\/\\\/www.anovapeneira.gal\\\/index.php\\\/2025\\\/03\\\/24\\\/a-estupidez-politica-non-ten-limites\\\/#primaryimage\"},\"thumbnailUrl\":\"https:\\\/\\\/www.anovapeneira.gal\\\/wp-content\\\/uploads\\\/2024\\\/08\\\/Ana-Hermida_1.png\",\"datePublished\":\"2025-03-24T09:00:23+00:00\",\"breadcrumb\":{\"@id\":\"https:\\\/\\\/www.anovapeneira.gal\\\/index.php\\\/2025\\\/03\\\/24\\\/a-estupidez-politica-non-ten-limites\\\/#breadcrumb\"},\"inLanguage\":\"gl-ES\",\"potentialAction\":[{\"@type\":\"ReadAction\",\"target\":[\"https:\\\/\\\/www.anovapeneira.gal\\\/index.php\\\/2025\\\/03\\\/24\\\/a-estupidez-politica-non-ten-limites\\\/\"]}]},{\"@type\":\"ImageObject\",\"inLanguage\":\"gl-ES\",\"@id\":\"https:\\\/\\\/www.anovapeneira.gal\\\/index.php\\\/2025\\\/03\\\/24\\\/a-estupidez-politica-non-ten-limites\\\/#primaryimage\",\"url\":\"https:\\\/\\\/www.anovapeneira.gal\\\/wp-content\\\/uploads\\\/2024\\\/08\\\/Ana-Hermida_1.png\",\"contentUrl\":\"https:\\\/\\\/www.anovapeneira.gal\\\/wp-content\\\/uploads\\\/2024\\\/08\\\/Ana-Hermida_1.png\",\"width\":720,\"height\":432},{\"@type\":\"BreadcrumbList\",\"@id\":\"https:\\\/\\\/www.anovapeneira.gal\\\/index.php\\\/2025\\\/03\\\/24\\\/a-estupidez-politica-non-ten-limites\\\/#breadcrumb\",\"itemListElement\":[{\"@type\":\"ListItem\",\"position\":1,\"name\":\"Portada\",\"item\":\"https:\\\/\\\/www.anovapeneira.gal\\\/\"},{\"@type\":\"ListItem\",\"position\":2,\"name\":\"A estupidez pol\u00edtica non ten l\u00edmites\"}]},{\"@type\":\"WebSite\",\"@id\":\"https:\\\/\\\/www.anovapeneira.gal\\\/#website\",\"url\":\"https:\\\/\\\/www.anovapeneira.gal\\\/\",\"name\":\"\",\"description\":\"Xornal galego de informaci\u00f3n xeral Publicaci\u00f3n mensual de novas de Galicia e en especial dos Concellos da sur da provincia de Pontevedra.\",\"publisher\":{\"@id\":\"https:\\\/\\\/www.anovapeneira.gal\\\/#organization\"},\"potentialAction\":[{\"@type\":\"SearchAction\",\"target\":{\"@type\":\"EntryPoint\",\"urlTemplate\":\"https:\\\/\\\/www.anovapeneira.gal\\\/?s={search_term_string}\"},\"query-input\":{\"@type\":\"PropertyValueSpecification\",\"valueRequired\":true,\"valueName\":\"search_term_string\"}}],\"inLanguage\":\"gl-ES\"},{\"@type\":\"Organization\",\"@id\":\"https:\\\/\\\/www.anovapeneira.gal\\\/#organization\",\"name\":\"A Nova Peneira\",\"url\":\"https:\\\/\\\/www.anovapeneira.gal\\\/\",\"logo\":{\"@type\":\"ImageObject\",\"inLanguage\":\"gl-ES\",\"@id\":\"https:\\\/\\\/www.anovapeneira.gal\\\/#\\\/schema\\\/logo\\\/image\\\/\",\"url\":\"http:\\\/\\\/www.anovapeneira.gal\\\/wp-content\\\/uploads\\\/2019\\\/06\\\/logo_a_nova_peneira_portal_web.png\",\"contentUrl\":\"http:\\\/\\\/www.anovapeneira.gal\\\/wp-content\\\/uploads\\\/2019\\\/06\\\/logo_a_nova_peneira_portal_web.png\",\"width\":300,\"height\":100,\"caption\":\"A Nova Peneira\"},\"image\":{\"@id\":\"https:\\\/\\\/www.anovapeneira.gal\\\/#\\\/schema\\\/logo\\\/image\\\/\"},\"sameAs\":[\"https:\\\/\\\/www.facebook.com\\\/anovapeneira\",\"https:\\\/\\\/x.com\\\/APeneira\"]},{\"@type\":\"Person\",\"@id\":\"https:\\\/\\\/www.anovapeneira.gal\\\/#\\\/schema\\\/person\\\/f18a4feb302e8f20bcef4490b5b60bb3\",\"name\":\"Artigos Opini\u00f3n\",\"image\":{\"@type\":\"ImageObject\",\"inLanguage\":\"gl-ES\",\"@id\":\"https:\\\/\\\/secure.gravatar.com\\\/avatar\\\/072844300f4881150aee2da4278f7a65d16eefdf8262eb67085f1e702de2b959?s=96&d=mm&r=g\",\"url\":\"https:\\\/\\\/secure.gravatar.com\\\/avatar\\\/072844300f4881150aee2da4278f7a65d16eefdf8262eb67085f1e702de2b959?s=96&d=mm&r=g\",\"contentUrl\":\"https:\\\/\\\/secure.gravatar.com\\\/avatar\\\/072844300f4881150aee2da4278f7a65d16eefdf8262eb67085f1e702de2b959?s=96&d=mm&r=g\",\"caption\":\"Artigos Opini\u00f3n\"},\"sameAs\":[\"http:\\\/\\\/anovapeneira.gal\"],\"url\":\"https:\\\/\\\/www.anovapeneira.gal\\\/index.php\\\/author\\\/artigosopinion\\\/\"}]}<\/script>\n<!-- \/ Yoast SEO plugin. -->","yoast_head_json":{"title":"A estupidez pol\u00edtica non ten l\u00edmites -","robots":{"index":"index","follow":"follow","max-snippet":"max-snippet:-1","max-image-preview":"max-image-preview:large","max-video-preview":"max-video-preview:-1"},"canonical":"https:\/\/www.anovapeneira.gal\/index.php\/2025\/03\/24\/a-estupidez-politica-non-ten-limites\/","og_locale":"gl_ES","og_type":"article","og_title":"A estupidez pol\u00edtica non ten l\u00edmites -","og_description":"Est\u00e1n facendo crer \u00e1s masas que Europa debe defenderse e rearmarse fronte a un ataque hipot\u00e9tico de Rusia, e xa que polo visto EEUU vai abandonar a defensa do vello continente, hai que estar preparadas para ir \u00e1 guerra. [...]","og_url":"https:\/\/www.anovapeneira.gal\/index.php\/2025\/03\/24\/a-estupidez-politica-non-ten-limites\/","article_publisher":"https:\/\/www.facebook.com\/anovapeneira","article_published_time":"2025-03-24T09:00:23+00:00","og_image":[{"width":720,"height":432,"url":"https:\/\/www.anovapeneira.gal\/wp-content\/uploads\/2024\/08\/Ana-Hermida_1.png","type":"image\/png"}],"author":"Artigos Opini\u00f3n","twitter_card":"summary_large_image","twitter_creator":"@APeneira","twitter_site":"@APeneira","twitter_misc":{"Escrito por":"Artigos Opini\u00f3n","Tempo de lectura":"3 minutos"},"schema":{"@context":"https:\/\/schema.org","@graph":[{"@type":"Article","@id":"https:\/\/www.anovapeneira.gal\/index.php\/2025\/03\/24\/a-estupidez-politica-non-ten-limites\/#article","isPartOf":{"@id":"https:\/\/www.anovapeneira.gal\/index.php\/2025\/03\/24\/a-estupidez-politica-non-ten-limites\/"},"author":{"name":"Artigos Opini\u00f3n","@id":"https:\/\/www.anovapeneira.gal\/#\/schema\/person\/f18a4feb302e8f20bcef4490b5b60bb3"},"headline":"A estupidez pol\u00edtica non ten l\u00edmites","datePublished":"2025-03-24T09:00:23+00:00","mainEntityOfPage":{"@id":"https:\/\/www.anovapeneira.gal\/index.php\/2025\/03\/24\/a-estupidez-politica-non-ten-limites\/"},"wordCount":544,"commentCount":0,"publisher":{"@id":"https:\/\/www.anovapeneira.gal\/#organization"},"image":{"@id":"https:\/\/www.anovapeneira.gal\/index.php\/2025\/03\/24\/a-estupidez-politica-non-ten-limites\/#primaryimage"},"thumbnailUrl":"https:\/\/www.anovapeneira.gal\/wp-content\/uploads\/2024\/08\/Ana-Hermida_1.png","articleSection":["Artigos de opini\u00f3n"],"inLanguage":"gl-ES","potentialAction":[{"@type":"CommentAction","name":"Comment","target":["https:\/\/www.anovapeneira.gal\/index.php\/2025\/03\/24\/a-estupidez-politica-non-ten-limites\/#respond"]}]},{"@type":"WebPage","@id":"https:\/\/www.anovapeneira.gal\/index.php\/2025\/03\/24\/a-estupidez-politica-non-ten-limites\/","url":"https:\/\/www.anovapeneira.gal\/index.php\/2025\/03\/24\/a-estupidez-politica-non-ten-limites\/","name":"A estupidez pol\u00edtica non ten l\u00edmites -","isPartOf":{"@id":"https:\/\/www.anovapeneira.gal\/#website"},"primaryImageOfPage":{"@id":"https:\/\/www.anovapeneira.gal\/index.php\/2025\/03\/24\/a-estupidez-politica-non-ten-limites\/#primaryimage"},"image":{"@id":"https:\/\/www.anovapeneira.gal\/index.php\/2025\/03\/24\/a-estupidez-politica-non-ten-limites\/#primaryimage"},"thumbnailUrl":"https:\/\/www.anovapeneira.gal\/wp-content\/uploads\/2024\/08\/Ana-Hermida_1.png","datePublished":"2025-03-24T09:00:23+00:00","breadcrumb":{"@id":"https:\/\/www.anovapeneira.gal\/index.php\/2025\/03\/24\/a-estupidez-politica-non-ten-limites\/#breadcrumb"},"inLanguage":"gl-ES","potentialAction":[{"@type":"ReadAction","target":["https:\/\/www.anovapeneira.gal\/index.php\/2025\/03\/24\/a-estupidez-politica-non-ten-limites\/"]}]},{"@type":"ImageObject","inLanguage":"gl-ES","@id":"https:\/\/www.anovapeneira.gal\/index.php\/2025\/03\/24\/a-estupidez-politica-non-ten-limites\/#primaryimage","url":"https:\/\/www.anovapeneira.gal\/wp-content\/uploads\/2024\/08\/Ana-Hermida_1.png","contentUrl":"https:\/\/www.anovapeneira.gal\/wp-content\/uploads\/2024\/08\/Ana-Hermida_1.png","width":720,"height":432},{"@type":"BreadcrumbList","@id":"https:\/\/www.anovapeneira.gal\/index.php\/2025\/03\/24\/a-estupidez-politica-non-ten-limites\/#breadcrumb","itemListElement":[{"@type":"ListItem","position":1,"name":"Portada","item":"https:\/\/www.anovapeneira.gal\/"},{"@type":"ListItem","position":2,"name":"A estupidez pol\u00edtica non ten l\u00edmites"}]},{"@type":"WebSite","@id":"https:\/\/www.anovapeneira.gal\/#website","url":"https:\/\/www.anovapeneira.gal\/","name":"","description":"Xornal galego de informaci\u00f3n xeral Publicaci\u00f3n mensual de novas de Galicia e en especial dos Concellos da sur da provincia de Pontevedra.","publisher":{"@id":"https:\/\/www.anovapeneira.gal\/#organization"},"potentialAction":[{"@type":"SearchAction","target":{"@type":"EntryPoint","urlTemplate":"https:\/\/www.anovapeneira.gal\/?s={search_term_string}"},"query-input":{"@type":"PropertyValueSpecification","valueRequired":true,"valueName":"search_term_string"}}],"inLanguage":"gl-ES"},{"@type":"Organization","@id":"https:\/\/www.anovapeneira.gal\/#organization","name":"A Nova Peneira","url":"https:\/\/www.anovapeneira.gal\/","logo":{"@type":"ImageObject","inLanguage":"gl-ES","@id":"https:\/\/www.anovapeneira.gal\/#\/schema\/logo\/image\/","url":"http:\/\/www.anovapeneira.gal\/wp-content\/uploads\/2019\/06\/logo_a_nova_peneira_portal_web.png","contentUrl":"http:\/\/www.anovapeneira.gal\/wp-content\/uploads\/2019\/06\/logo_a_nova_peneira_portal_web.png","width":300,"height":100,"caption":"A Nova Peneira"},"image":{"@id":"https:\/\/www.anovapeneira.gal\/#\/schema\/logo\/image\/"},"sameAs":["https:\/\/www.facebook.com\/anovapeneira","https:\/\/x.com\/APeneira"]},{"@type":"Person","@id":"https:\/\/www.anovapeneira.gal\/#\/schema\/person\/f18a4feb302e8f20bcef4490b5b60bb3","name":"Artigos Opini\u00f3n","image":{"@type":"ImageObject","inLanguage":"gl-ES","@id":"https:\/\/secure.gravatar.com\/avatar\/072844300f4881150aee2da4278f7a65d16eefdf8262eb67085f1e702de2b959?s=96&d=mm&r=g","url":"https:\/\/secure.gravatar.com\/avatar\/072844300f4881150aee2da4278f7a65d16eefdf8262eb67085f1e702de2b959?s=96&d=mm&r=g","contentUrl":"https:\/\/secure.gravatar.com\/avatar\/072844300f4881150aee2da4278f7a65d16eefdf8262eb67085f1e702de2b959?s=96&d=mm&r=g","caption":"Artigos Opini\u00f3n"},"sameAs":["http:\/\/anovapeneira.gal"],"url":"https:\/\/www.anovapeneira.gal\/index.php\/author\/artigosopinion\/"}]}},"jetpack_featured_media_url":"https:\/\/www.anovapeneira.gal\/wp-content\/uploads\/2024\/08\/Ana-Hermida_1.png","_links":{"self":[{"href":"https:\/\/www.anovapeneira.gal\/index.php\/wp-json\/wp\/v2\/posts\/13579","targetHints":{"allow":["GET"]}}],"collection":[{"href":"https:\/\/www.anovapeneira.gal\/index.php\/wp-json\/wp\/v2\/posts"}],"about":[{"href":"https:\/\/www.anovapeneira.gal\/index.php\/wp-json\/wp\/v2\/types\/post"}],"author":[{"embeddable":true,"href":"https:\/\/www.anovapeneira.gal\/index.php\/wp-json\/wp\/v2\/users\/12"}],"replies":[{"embeddable":true,"href":"https:\/\/www.anovapeneira.gal\/index.php\/wp-json\/wp\/v2\/comments?post=13579"}],"version-history":[{"count":2,"href":"https:\/\/www.anovapeneira.gal\/index.php\/wp-json\/wp\/v2\/posts\/13579\/revisions"}],"predecessor-version":[{"id":13581,"href":"https:\/\/www.anovapeneira.gal\/index.php\/wp-json\/wp\/v2\/posts\/13579\/revisions\/13581"}],"wp:featuredmedia":[{"embeddable":true,"href":"https:\/\/www.anovapeneira.gal\/index.php\/wp-json\/wp\/v2\/media\/12339"}],"wp:attachment":[{"href":"https:\/\/www.anovapeneira.gal\/index.php\/wp-json\/wp\/v2\/media?parent=13579"}],"wp:term":[{"taxonomy":"category","embeddable":true,"href":"https:\/\/www.anovapeneira.gal\/index.php\/wp-json\/wp\/v2\/categories?post=13579"},{"taxonomy":"post_tag","embeddable":true,"href":"https:\/\/www.anovapeneira.gal\/index.php\/wp-json\/wp\/v2\/tags?post=13579"}],"curies":[{"name":"wp","href":"https:\/\/api.w.org\/{rel}","templated":true}]}}