{"id":13582,"date":"2025-03-24T12:00:00","date_gmt":"2025-03-24T11:00:00","guid":{"rendered":"https:\/\/www.anovapeneira.gal\/?p=13582"},"modified":"2025-03-21T13:30:30","modified_gmt":"2025-03-21T12:30:30","slug":"xxxvii-festa-da-ostra-de-arcade-2025","status":"publish","type":"post","link":"https:\/\/www.anovapeneira.gal\/index.php\/2025\/03\/24\/xxxvii-festa-da-ostra-de-arcade-2025\/","title":{"rendered":"XXXVII Festa da ostra de Arcade 2025"},"content":{"rendered":"\n<pre class=\"wp-block-verse\"><strong>G.Figueiredo<\/strong><\/pre>\n\n\n\n<p>A historia desta Festa da Ostra conta con 37 anos de antig\u00fcidade, a primeira organizouse no ano 1987. A idea partiu dos ostricultores da zona que consideraron como id\u00f3nea a vila de Arcade para esta celebraci\u00f3n, xa que foron os pioneiros no consumo, comercializaci\u00f3n e exportaci\u00f3n deste molusco, non s\u00f3 a outras partes de Espa\u00f1a, sen\u00f3n tam\u00e9n de Europa.<\/p>\n\n\n\n<p>Os principios desta tradicional festa de Soutomaior nacen coa intenci\u00f3n de potenciar o consumo da ostra, xa que ten un importante papel na econom\u00eda da vila, e desta forma proxectar a imaxe de Arcade como punto de referencia na produci\u00f3n e comercializaci\u00f3n deste tan exquisito molusco.<\/p>\n\n\n\n<p>As\u00ed, ostricultores, hostaleiros e comerciantes colaboran co concello para a celebraci\u00f3n da festa, que hoxe est\u00e1 considerada como unha das grandes da gastronom\u00eda galega, mesmo foi declarada de interese tur\u00edstico no ano 2002.<\/p>\n\n\n\n<p>Non \u00e9 unha casualidade que se escollese o primeiro fin de semana de abril como data para a celebraci\u00f3n, xa que nesta \u00e9poca \u00e9 cando a ostra est\u00e1 nas mellores condici\u00f3ns biol\u00f3xicas para a s\u00faa degustaci\u00f3n.<\/p>\n\n\n\n<p>A este molusco se lle atrib\u00fae un valor afrodis\u00edaco e dise que con elas Casanova recuper\u00e1base dos excesos amorosos.<\/p>\n\n\n\n<p>Os gregos com\u00edan po de cuncha de ostra en momentos de decadencia sexual, e en Atenas votaban escribindo na cuncha do molusco o nome do pol\u00edtico que quer\u00edan apartar do goberno, e o m\u00e1is votado era condenado ao ostracismo,100 anos de desterro.<\/p>\n\n\n\n<p>Xa non tan afastados no tempo, un dos m\u00e1is famosos escritores do nos pa\u00eds, \u00c1lvaro Cunqueiro, dixo:<\/p>\n\n\n\n<p>\u201c<em>A ostra \u00e9 un manxar esencial para abrir unha mariscada. Ten un sabor espiritual, que \u00e9 como unha saudade do mar<\/em>\u201d.<\/p>\n\n\n\n<p>M\u00e1is de 25.000 persoas conf\u00edrmano cada ano en Arcade, onde a ostra ten o sabor das augas da desembocadura do r\u00edo Verdugo. Sexa polo seu suposto poder afrodis\u00edaco ou polo ben que entra o vi\u00f1o branco con que se acompa\u00f1an, o certo \u00e9 que durante este encontro rep\u00e1rtense m\u00e1is de 100.000 unidades de ostras.<\/p>\n\n\n\n<p>A ostra \u00e9 consumida todo o ano, coci\u00f1ada ou cr\u00faa, que \u00e9 forma m\u00e1is com\u00fan, pero a mellor \u00e9poca para a s\u00faa degustaci\u00f3n \u00e9, precisamente, o mes de abril e para elo est\u00e1 a carpa montada no peirao de Arcade, nela decenas de persoas af\u00e1nanse en abrir as ostras, con especial mestr\u00eda, cun coitelo curto e ancho, no momento de ser servidas para consumilas en cru e con lim\u00f3n. Pero nas casetas, que se abren o s\u00e1bado e o domingo, tam\u00e9n se venden raci\u00f3ns de empanada de ostras ou ostras en escabeche, botellas de albari\u00f1o de Soutomaior&#8230;<\/p>\n\n\n\n<p>Este ano \u00e9 a s\u00faa 37 edici\u00f3n e cadra nos d\u00edas 4, 5 e 6 do cuarto mes do ano. Sempre se celebrou ininterrompidamente ag\u00e1s a do ano 2020 que tivo que suspenderse por mor da pandemia do Covid19.<\/p>\n\n\n\n<p>Para a festa deste ano ser\u00e1n as orquestras Am\u00e9rica de Vigo e Par\u00eds de Noia as encargadas de dar o pistoletazo de sa\u00edda o venres 4 \u00e1s 22:00 H.<\/p>\n\n\n\n<p>Os distintos postos estar\u00e1n abertos desde a ma\u00f1\u00e1 do s\u00e1bado ata o domingo, para poder degustar as distintas preparaci\u00f3ns da ostra.<\/p>\n\n\n\n<p>O s\u00e1bado 5 os postos abrir\u00e1n \u00e1s 12:00h. do mediod\u00eda, ser\u00e1 a esta mesma hora cando comece o pasarr\u00faas \u201cBassica Rapa\u201d, poderase degustar nas casetas este exquisito manxar durante todo o d\u00edas para entrada a noiti\u00f1a, \u00e1s 22:00 horas, deleitarse coas orquestras \u201cOlimpus\u201d e \u201cCubo\u201d. Ser\u00e1n os fogos de artificio os m\u00e1is tard\u00f3ns, pois estes nos se poder\u00e1n visualizar ata as 00:00 horas.<\/p>\n\n\n\n<p>Xa para o domingo, \u00faltimo d\u00eda para poder comer as ostras das R\u00edas Baixas, escoitarase a m\u00fasica desde as 10:00 horas e ser\u00e1n a \u201cBanda Art\u00edstica de Arcade\u201d e a \u201cBanda Culturas de Arcade\u201d as encargadas de po\u00f1er o broche musical a ma\u00f1\u00e1 do domingo. Os postos de degustaci\u00f3n abrir\u00e1n \u00e1s 11:00 horas e de 12:00 a 15:00 horas haber\u00e1 m\u00fasica en directo na man de grupo \u201cFernando S\u00e1nchez Jazz Cuartet\u201d para amenizar a comida. \u00c1s 13:00 horas oficiarse a lectura do preg\u00f3n que este ano corre a cargo de Celso Fern\u00e1ndez Sanmart\u00edn, \u201cCelsi\u00f1o\u201d. Para rematar e como broche final musical ser\u00e1 o grupo \u201cFesticultores Troupe\u201d o encargado de facer o peche a estes tres d\u00edas de festa nesta vila ostreira.<\/p>\n\n\n\n<p>Para non perderse: \u201cAs ostreiras chaman a atenci\u00f3n polo seu dominio do coitelo e a rapidez coa que abren as ostras\u201d.<\/p>\n","protected":false},"excerpt":{"rendered":"<div class=\"mh-excerpt\"><p>G.Figueiredo A historia desta Festa da Ostra conta con 37 anos de antig\u00fcidade, a primeira organizouse no ano 1987. A idea partiu dos ostricultores da zona que consideraron como id\u00f3nea a vila de Arcade para <a class=\"mh-excerpt-more\" href=\"https:\/\/www.anovapeneira.gal\/index.php\/2025\/03\/24\/xxxvii-festa-da-ostra-de-arcade-2025\/\" title=\"XXXVII Festa da ostra de Arcade 2025\">[&#8230;]<\/a><\/p>\n<\/div>","protected":false},"author":17,"featured_media":13584,"comment_status":"open","ping_status":"open","sticky":false,"template":"","format":"standard","meta":{"_exactmetrics_skip_tracking":false,"_exactmetrics_sitenote_active":false,"_exactmetrics_sitenote_note":"","_exactmetrics_sitenote_category":0,"footnotes":""},"categories":[26],"tags":[1348],"class_list":{"0":"post-13582","1":"post","2":"type-post","3":"status-publish","4":"format-standard","5":"has-post-thumbnail","7":"category-pontevedra","8":"tag-concello-de-soutomaior"},"yoast_head":"<!-- This site is optimized with the Yoast SEO plugin v27.4 - https:\/\/yoast.com\/product\/yoast-seo-wordpress\/ -->\n<title>XXXVII Festa da ostra de Arcade 2025 -<\/title>\n<meta name=\"robots\" content=\"index, follow, max-snippet:-1, max-image-preview:large, max-video-preview:-1\" \/>\n<link rel=\"canonical\" href=\"https:\/\/www.anovapeneira.gal\/index.php\/2025\/03\/24\/xxxvii-festa-da-ostra-de-arcade-2025\/\" \/>\n<meta property=\"og:locale\" content=\"gl_ES\" \/>\n<meta property=\"og:type\" content=\"article\" \/>\n<meta property=\"og:title\" content=\"XXXVII Festa da ostra de Arcade 2025 -\" \/>\n<meta property=\"og:description\" content=\"G.Figueiredo A historia desta Festa da Ostra conta con 37 anos de antig\u00fcidade, a primeira organizouse no ano 1987. A idea partiu dos ostricultores da zona que consideraron como id\u00f3nea a vila de Arcade para [...]\" \/>\n<meta property=\"og:url\" content=\"https:\/\/www.anovapeneira.gal\/index.php\/2025\/03\/24\/xxxvii-festa-da-ostra-de-arcade-2025\/\" \/>\n<meta property=\"article:publisher\" content=\"https:\/\/www.facebook.com\/anovapeneira\" \/>\n<meta property=\"article:published_time\" content=\"2025-03-24T11:00:00+00:00\" \/>\n<meta property=\"og:image\" content=\"https:\/\/www.anovapeneira.gal\/wp-content\/uploads\/2025\/03\/festa-da-ostras.png\" \/>\n\t<meta property=\"og:image:width\" content=\"720\" \/>\n\t<meta property=\"og:image:height\" content=\"432\" \/>\n\t<meta property=\"og:image:type\" content=\"image\/png\" \/>\n<meta name=\"author\" content=\"G. Figueiredo\" \/>\n<meta name=\"twitter:card\" content=\"summary_large_image\" \/>\n<meta name=\"twitter:creator\" content=\"@APeneira\" \/>\n<meta name=\"twitter:site\" content=\"@APeneira\" \/>\n<meta name=\"twitter:label1\" content=\"Escrito por\" \/>\n\t<meta name=\"twitter:data1\" content=\"G. Figueiredo\" \/>\n\t<meta name=\"twitter:label2\" content=\"Tempo de lectura\" \/>\n\t<meta name=\"twitter:data2\" content=\"5 minutos\" \/>\n<script type=\"application\/ld+json\" class=\"yoast-schema-graph\">{\"@context\":\"https:\\\/\\\/schema.org\",\"@graph\":[{\"@type\":\"Article\",\"@id\":\"https:\\\/\\\/www.anovapeneira.gal\\\/index.php\\\/2025\\\/03\\\/24\\\/xxxvii-festa-da-ostra-de-arcade-2025\\\/#article\",\"isPartOf\":{\"@id\":\"https:\\\/\\\/www.anovapeneira.gal\\\/index.php\\\/2025\\\/03\\\/24\\\/xxxvii-festa-da-ostra-de-arcade-2025\\\/\"},\"author\":{\"name\":\"G. Figueiredo\",\"@id\":\"https:\\\/\\\/www.anovapeneira.gal\\\/#\\\/schema\\\/person\\\/42f904d7cac80cf3f5a31494dd82a9b6\"},\"headline\":\"XXXVII Festa da ostra de Arcade 2025\",\"datePublished\":\"2025-03-24T11:00:00+00:00\",\"mainEntityOfPage\":{\"@id\":\"https:\\\/\\\/www.anovapeneira.gal\\\/index.php\\\/2025\\\/03\\\/24\\\/xxxvii-festa-da-ostra-de-arcade-2025\\\/\"},\"wordCount\":782,\"commentCount\":0,\"publisher\":{\"@id\":\"https:\\\/\\\/www.anovapeneira.gal\\\/#organization\"},\"image\":{\"@id\":\"https:\\\/\\\/www.anovapeneira.gal\\\/index.php\\\/2025\\\/03\\\/24\\\/xxxvii-festa-da-ostra-de-arcade-2025\\\/#primaryimage\"},\"thumbnailUrl\":\"https:\\\/\\\/www.anovapeneira.gal\\\/wp-content\\\/uploads\\\/2025\\\/03\\\/festa-da-ostras.png\",\"keywords\":[\"Concello de Soutomaior\"],\"articleSection\":[\"Pontevedra\"],\"inLanguage\":\"gl-ES\",\"potentialAction\":[{\"@type\":\"CommentAction\",\"name\":\"Comment\",\"target\":[\"https:\\\/\\\/www.anovapeneira.gal\\\/index.php\\\/2025\\\/03\\\/24\\\/xxxvii-festa-da-ostra-de-arcade-2025\\\/#respond\"]}]},{\"@type\":\"WebPage\",\"@id\":\"https:\\\/\\\/www.anovapeneira.gal\\\/index.php\\\/2025\\\/03\\\/24\\\/xxxvii-festa-da-ostra-de-arcade-2025\\\/\",\"url\":\"https:\\\/\\\/www.anovapeneira.gal\\\/index.php\\\/2025\\\/03\\\/24\\\/xxxvii-festa-da-ostra-de-arcade-2025\\\/\",\"name\":\"XXXVII Festa da ostra de Arcade 2025 -\",\"isPartOf\":{\"@id\":\"https:\\\/\\\/www.anovapeneira.gal\\\/#website\"},\"primaryImageOfPage\":{\"@id\":\"https:\\\/\\\/www.anovapeneira.gal\\\/index.php\\\/2025\\\/03\\\/24\\\/xxxvii-festa-da-ostra-de-arcade-2025\\\/#primaryimage\"},\"image\":{\"@id\":\"https:\\\/\\\/www.anovapeneira.gal\\\/index.php\\\/2025\\\/03\\\/24\\\/xxxvii-festa-da-ostra-de-arcade-2025\\\/#primaryimage\"},\"thumbnailUrl\":\"https:\\\/\\\/www.anovapeneira.gal\\\/wp-content\\\/uploads\\\/2025\\\/03\\\/festa-da-ostras.png\",\"datePublished\":\"2025-03-24T11:00:00+00:00\",\"breadcrumb\":{\"@id\":\"https:\\\/\\\/www.anovapeneira.gal\\\/index.php\\\/2025\\\/03\\\/24\\\/xxxvii-festa-da-ostra-de-arcade-2025\\\/#breadcrumb\"},\"inLanguage\":\"gl-ES\",\"potentialAction\":[{\"@type\":\"ReadAction\",\"target\":[\"https:\\\/\\\/www.anovapeneira.gal\\\/index.php\\\/2025\\\/03\\\/24\\\/xxxvii-festa-da-ostra-de-arcade-2025\\\/\"]}]},{\"@type\":\"ImageObject\",\"inLanguage\":\"gl-ES\",\"@id\":\"https:\\\/\\\/www.anovapeneira.gal\\\/index.php\\\/2025\\\/03\\\/24\\\/xxxvii-festa-da-ostra-de-arcade-2025\\\/#primaryimage\",\"url\":\"https:\\\/\\\/www.anovapeneira.gal\\\/wp-content\\\/uploads\\\/2025\\\/03\\\/festa-da-ostras.png\",\"contentUrl\":\"https:\\\/\\\/www.anovapeneira.gal\\\/wp-content\\\/uploads\\\/2025\\\/03\\\/festa-da-ostras.png\",\"width\":720,\"height\":432,\"caption\":\"XXXVII Festa da ostra de Arcade 2025\"},{\"@type\":\"BreadcrumbList\",\"@id\":\"https:\\\/\\\/www.anovapeneira.gal\\\/index.php\\\/2025\\\/03\\\/24\\\/xxxvii-festa-da-ostra-de-arcade-2025\\\/#breadcrumb\",\"itemListElement\":[{\"@type\":\"ListItem\",\"position\":1,\"name\":\"Portada\",\"item\":\"https:\\\/\\\/www.anovapeneira.gal\\\/\"},{\"@type\":\"ListItem\",\"position\":2,\"name\":\"XXXVII Festa da ostra de Arcade 2025\"}]},{\"@type\":\"WebSite\",\"@id\":\"https:\\\/\\\/www.anovapeneira.gal\\\/#website\",\"url\":\"https:\\\/\\\/www.anovapeneira.gal\\\/\",\"name\":\"\",\"description\":\"Xornal galego de informaci\u00f3n xeral Publicaci\u00f3n mensual de novas de Galicia e en especial dos Concellos da sur da provincia de Pontevedra.\",\"publisher\":{\"@id\":\"https:\\\/\\\/www.anovapeneira.gal\\\/#organization\"},\"potentialAction\":[{\"@type\":\"SearchAction\",\"target\":{\"@type\":\"EntryPoint\",\"urlTemplate\":\"https:\\\/\\\/www.anovapeneira.gal\\\/?s={search_term_string}\"},\"query-input\":{\"@type\":\"PropertyValueSpecification\",\"valueRequired\":true,\"valueName\":\"search_term_string\"}}],\"inLanguage\":\"gl-ES\"},{\"@type\":\"Organization\",\"@id\":\"https:\\\/\\\/www.anovapeneira.gal\\\/#organization\",\"name\":\"A Nova Peneira\",\"url\":\"https:\\\/\\\/www.anovapeneira.gal\\\/\",\"logo\":{\"@type\":\"ImageObject\",\"inLanguage\":\"gl-ES\",\"@id\":\"https:\\\/\\\/www.anovapeneira.gal\\\/#\\\/schema\\\/logo\\\/image\\\/\",\"url\":\"http:\\\/\\\/www.anovapeneira.gal\\\/wp-content\\\/uploads\\\/2019\\\/06\\\/logo_a_nova_peneira_portal_web.png\",\"contentUrl\":\"http:\\\/\\\/www.anovapeneira.gal\\\/wp-content\\\/uploads\\\/2019\\\/06\\\/logo_a_nova_peneira_portal_web.png\",\"width\":300,\"height\":100,\"caption\":\"A Nova Peneira\"},\"image\":{\"@id\":\"https:\\\/\\\/www.anovapeneira.gal\\\/#\\\/schema\\\/logo\\\/image\\\/\"},\"sameAs\":[\"https:\\\/\\\/www.facebook.com\\\/anovapeneira\",\"https:\\\/\\\/x.com\\\/APeneira\"]},{\"@type\":\"Person\",\"@id\":\"https:\\\/\\\/www.anovapeneira.gal\\\/#\\\/schema\\\/person\\\/42f904d7cac80cf3f5a31494dd82a9b6\",\"name\":\"G. Figueiredo\",\"image\":{\"@type\":\"ImageObject\",\"inLanguage\":\"gl-ES\",\"@id\":\"https:\\\/\\\/secure.gravatar.com\\\/avatar\\\/2d970086688458e0398ef8b84f5cbb8cc1ec3ab115aeb8435135a9f556af97b3?s=96&d=mm&r=g\",\"url\":\"https:\\\/\\\/secure.gravatar.com\\\/avatar\\\/2d970086688458e0398ef8b84f5cbb8cc1ec3ab115aeb8435135a9f556af97b3?s=96&d=mm&r=g\",\"contentUrl\":\"https:\\\/\\\/secure.gravatar.com\\\/avatar\\\/2d970086688458e0398ef8b84f5cbb8cc1ec3ab115aeb8435135a9f556af97b3?s=96&d=mm&r=g\",\"caption\":\"G. Figueiredo\"},\"sameAs\":[\"http:\\\/\\\/www.anovapeneira.gal\\\/\"],\"url\":\"https:\\\/\\\/www.anovapeneira.gal\\\/index.php\\\/author\\\/g-figueiredo\\\/\"}]}<\/script>\n<!-- \/ Yoast SEO plugin. -->","yoast_head_json":{"title":"XXXVII Festa da ostra de Arcade 2025 -","robots":{"index":"index","follow":"follow","max-snippet":"max-snippet:-1","max-image-preview":"max-image-preview:large","max-video-preview":"max-video-preview:-1"},"canonical":"https:\/\/www.anovapeneira.gal\/index.php\/2025\/03\/24\/xxxvii-festa-da-ostra-de-arcade-2025\/","og_locale":"gl_ES","og_type":"article","og_title":"XXXVII Festa da ostra de Arcade 2025 -","og_description":"G.Figueiredo A historia desta Festa da Ostra conta con 37 anos de antig\u00fcidade, a primeira organizouse no ano 1987. A idea partiu dos ostricultores da zona que consideraron como id\u00f3nea a vila de Arcade para [...]","og_url":"https:\/\/www.anovapeneira.gal\/index.php\/2025\/03\/24\/xxxvii-festa-da-ostra-de-arcade-2025\/","article_publisher":"https:\/\/www.facebook.com\/anovapeneira","article_published_time":"2025-03-24T11:00:00+00:00","og_image":[{"width":720,"height":432,"url":"https:\/\/www.anovapeneira.gal\/wp-content\/uploads\/2025\/03\/festa-da-ostras.png","type":"image\/png"}],"author":"G. Figueiredo","twitter_card":"summary_large_image","twitter_creator":"@APeneira","twitter_site":"@APeneira","twitter_misc":{"Escrito por":"G. Figueiredo","Tempo de lectura":"5 minutos"},"schema":{"@context":"https:\/\/schema.org","@graph":[{"@type":"Article","@id":"https:\/\/www.anovapeneira.gal\/index.php\/2025\/03\/24\/xxxvii-festa-da-ostra-de-arcade-2025\/#article","isPartOf":{"@id":"https:\/\/www.anovapeneira.gal\/index.php\/2025\/03\/24\/xxxvii-festa-da-ostra-de-arcade-2025\/"},"author":{"name":"G. Figueiredo","@id":"https:\/\/www.anovapeneira.gal\/#\/schema\/person\/42f904d7cac80cf3f5a31494dd82a9b6"},"headline":"XXXVII Festa da ostra de Arcade 2025","datePublished":"2025-03-24T11:00:00+00:00","mainEntityOfPage":{"@id":"https:\/\/www.anovapeneira.gal\/index.php\/2025\/03\/24\/xxxvii-festa-da-ostra-de-arcade-2025\/"},"wordCount":782,"commentCount":0,"publisher":{"@id":"https:\/\/www.anovapeneira.gal\/#organization"},"image":{"@id":"https:\/\/www.anovapeneira.gal\/index.php\/2025\/03\/24\/xxxvii-festa-da-ostra-de-arcade-2025\/#primaryimage"},"thumbnailUrl":"https:\/\/www.anovapeneira.gal\/wp-content\/uploads\/2025\/03\/festa-da-ostras.png","keywords":["Concello de Soutomaior"],"articleSection":["Pontevedra"],"inLanguage":"gl-ES","potentialAction":[{"@type":"CommentAction","name":"Comment","target":["https:\/\/www.anovapeneira.gal\/index.php\/2025\/03\/24\/xxxvii-festa-da-ostra-de-arcade-2025\/#respond"]}]},{"@type":"WebPage","@id":"https:\/\/www.anovapeneira.gal\/index.php\/2025\/03\/24\/xxxvii-festa-da-ostra-de-arcade-2025\/","url":"https:\/\/www.anovapeneira.gal\/index.php\/2025\/03\/24\/xxxvii-festa-da-ostra-de-arcade-2025\/","name":"XXXVII Festa da ostra de Arcade 2025 -","isPartOf":{"@id":"https:\/\/www.anovapeneira.gal\/#website"},"primaryImageOfPage":{"@id":"https:\/\/www.anovapeneira.gal\/index.php\/2025\/03\/24\/xxxvii-festa-da-ostra-de-arcade-2025\/#primaryimage"},"image":{"@id":"https:\/\/www.anovapeneira.gal\/index.php\/2025\/03\/24\/xxxvii-festa-da-ostra-de-arcade-2025\/#primaryimage"},"thumbnailUrl":"https:\/\/www.anovapeneira.gal\/wp-content\/uploads\/2025\/03\/festa-da-ostras.png","datePublished":"2025-03-24T11:00:00+00:00","breadcrumb":{"@id":"https:\/\/www.anovapeneira.gal\/index.php\/2025\/03\/24\/xxxvii-festa-da-ostra-de-arcade-2025\/#breadcrumb"},"inLanguage":"gl-ES","potentialAction":[{"@type":"ReadAction","target":["https:\/\/www.anovapeneira.gal\/index.php\/2025\/03\/24\/xxxvii-festa-da-ostra-de-arcade-2025\/"]}]},{"@type":"ImageObject","inLanguage":"gl-ES","@id":"https:\/\/www.anovapeneira.gal\/index.php\/2025\/03\/24\/xxxvii-festa-da-ostra-de-arcade-2025\/#primaryimage","url":"https:\/\/www.anovapeneira.gal\/wp-content\/uploads\/2025\/03\/festa-da-ostras.png","contentUrl":"https:\/\/www.anovapeneira.gal\/wp-content\/uploads\/2025\/03\/festa-da-ostras.png","width":720,"height":432,"caption":"XXXVII Festa da ostra de Arcade 2025"},{"@type":"BreadcrumbList","@id":"https:\/\/www.anovapeneira.gal\/index.php\/2025\/03\/24\/xxxvii-festa-da-ostra-de-arcade-2025\/#breadcrumb","itemListElement":[{"@type":"ListItem","position":1,"name":"Portada","item":"https:\/\/www.anovapeneira.gal\/"},{"@type":"ListItem","position":2,"name":"XXXVII Festa da ostra de Arcade 2025"}]},{"@type":"WebSite","@id":"https:\/\/www.anovapeneira.gal\/#website","url":"https:\/\/www.anovapeneira.gal\/","name":"","description":"Xornal galego de informaci\u00f3n xeral Publicaci\u00f3n mensual de novas de Galicia e en especial dos Concellos da sur da provincia de Pontevedra.","publisher":{"@id":"https:\/\/www.anovapeneira.gal\/#organization"},"potentialAction":[{"@type":"SearchAction","target":{"@type":"EntryPoint","urlTemplate":"https:\/\/www.anovapeneira.gal\/?s={search_term_string}"},"query-input":{"@type":"PropertyValueSpecification","valueRequired":true,"valueName":"search_term_string"}}],"inLanguage":"gl-ES"},{"@type":"Organization","@id":"https:\/\/www.anovapeneira.gal\/#organization","name":"A Nova Peneira","url":"https:\/\/www.anovapeneira.gal\/","logo":{"@type":"ImageObject","inLanguage":"gl-ES","@id":"https:\/\/www.anovapeneira.gal\/#\/schema\/logo\/image\/","url":"http:\/\/www.anovapeneira.gal\/wp-content\/uploads\/2019\/06\/logo_a_nova_peneira_portal_web.png","contentUrl":"http:\/\/www.anovapeneira.gal\/wp-content\/uploads\/2019\/06\/logo_a_nova_peneira_portal_web.png","width":300,"height":100,"caption":"A Nova Peneira"},"image":{"@id":"https:\/\/www.anovapeneira.gal\/#\/schema\/logo\/image\/"},"sameAs":["https:\/\/www.facebook.com\/anovapeneira","https:\/\/x.com\/APeneira"]},{"@type":"Person","@id":"https:\/\/www.anovapeneira.gal\/#\/schema\/person\/42f904d7cac80cf3f5a31494dd82a9b6","name":"G. Figueiredo","image":{"@type":"ImageObject","inLanguage":"gl-ES","@id":"https:\/\/secure.gravatar.com\/avatar\/2d970086688458e0398ef8b84f5cbb8cc1ec3ab115aeb8435135a9f556af97b3?s=96&d=mm&r=g","url":"https:\/\/secure.gravatar.com\/avatar\/2d970086688458e0398ef8b84f5cbb8cc1ec3ab115aeb8435135a9f556af97b3?s=96&d=mm&r=g","contentUrl":"https:\/\/secure.gravatar.com\/avatar\/2d970086688458e0398ef8b84f5cbb8cc1ec3ab115aeb8435135a9f556af97b3?s=96&d=mm&r=g","caption":"G. Figueiredo"},"sameAs":["http:\/\/www.anovapeneira.gal\/"],"url":"https:\/\/www.anovapeneira.gal\/index.php\/author\/g-figueiredo\/"}]}},"jetpack_featured_media_url":"https:\/\/www.anovapeneira.gal\/wp-content\/uploads\/2025\/03\/festa-da-ostras.png","_links":{"self":[{"href":"https:\/\/www.anovapeneira.gal\/index.php\/wp-json\/wp\/v2\/posts\/13582","targetHints":{"allow":["GET"]}}],"collection":[{"href":"https:\/\/www.anovapeneira.gal\/index.php\/wp-json\/wp\/v2\/posts"}],"about":[{"href":"https:\/\/www.anovapeneira.gal\/index.php\/wp-json\/wp\/v2\/types\/post"}],"author":[{"embeddable":true,"href":"https:\/\/www.anovapeneira.gal\/index.php\/wp-json\/wp\/v2\/users\/17"}],"replies":[{"embeddable":true,"href":"https:\/\/www.anovapeneira.gal\/index.php\/wp-json\/wp\/v2\/comments?post=13582"}],"version-history":[{"count":1,"href":"https:\/\/www.anovapeneira.gal\/index.php\/wp-json\/wp\/v2\/posts\/13582\/revisions"}],"predecessor-version":[{"id":13585,"href":"https:\/\/www.anovapeneira.gal\/index.php\/wp-json\/wp\/v2\/posts\/13582\/revisions\/13585"}],"wp:featuredmedia":[{"embeddable":true,"href":"https:\/\/www.anovapeneira.gal\/index.php\/wp-json\/wp\/v2\/media\/13584"}],"wp:attachment":[{"href":"https:\/\/www.anovapeneira.gal\/index.php\/wp-json\/wp\/v2\/media?parent=13582"}],"wp:term":[{"taxonomy":"category","embeddable":true,"href":"https:\/\/www.anovapeneira.gal\/index.php\/wp-json\/wp\/v2\/categories?post=13582"},{"taxonomy":"post_tag","embeddable":true,"href":"https:\/\/www.anovapeneira.gal\/index.php\/wp-json\/wp\/v2\/tags?post=13582"}],"curies":[{"name":"wp","href":"https:\/\/api.w.org\/{rel}","templated":true}]}}