{"id":13586,"date":"2025-03-25T10:00:57","date_gmt":"2025-03-25T09:00:57","guid":{"rendered":"https:\/\/www.anovapeneira.gal\/?p=13586"},"modified":"2025-03-21T13:36:18","modified_gmt":"2025-03-21T12:36:18","slug":"arte-lixo-volve-as-ruas-de-redondela","status":"publish","type":"post","link":"https:\/\/www.anovapeneira.gal\/index.php\/2025\/03\/25\/arte-lixo-volve-as-ruas-de-redondela\/","title":{"rendered":"Arte Lixo volve \u00e1s r\u00faas de Redondela"},"content":{"rendered":"\n<pre class=\"wp-block-verse\"><strong>Marcos Santos.<\/strong><\/pre>\n\n\n\n<p><strong>Un ano m\u00e1is a Arte Lixo volve a asolagar as r\u00faas de Redondela de compromiso coa vida: coa arte, a paz,o coidado do medio ambiente, a liberdade e con todas as causas xustas polas que paga a a pena comprometerse. E, un ano m\u00e1is, \u00e9 unha honra para este humilde cronista da vida redondel\u00e1 darlle espazo nas nosas p\u00e1xinas a un colectivo formado por un tipo especial de persoas, ref\u00edrome a ese tipo de xente que fai mellor \u00e1 humanidade. Falamos con<\/strong><\/p>\n\n\n\n<p><strong>Fran Larri, Quico Amoedo, Irene Campelo, \u00c1nxela Hern\u00e1ndez e Iria M\u00edguez<\/strong><\/p>\n\n\n\n<h2 class=\"wp-block-heading\">\u201c <strong>Arte Lixo \u00e9 un espazo aberto para a cultura, a liberdade, a vida en comunidade e o respecto entre persoas e colectivos\u201d<\/strong><\/h2>\n\n\n\n<p><strong>Arte Lixo \u00e9 unha marca de enorme prestixio, xa asentada na psique colectiva de Redondela, pero este ano vai ser \u201c Altri lixo\u201d, por que ?<\/strong><\/p>\n\n\n\n<blockquote class=\"wp-block-quote is-layout-flow wp-block-quote-is-layout-flow\">\n<p>Si, as\u00ed, \u00e9. E a resposta \u00e9 obvia. Arte Lixo \u00e9 un colectivo implicado coa vida, concienciado co coidado da casa na que vivimos todos os seres humanos e non humanos, o planeta Terra, que ama a Redondela e que se sinte parte deste pobo, o pobo galego. Altri est\u00e1 nas ant\u00edpodas da nosa realidade: \u00e9 un proxecto de morte, sen ning\u00fan tipo de conciencia a non ser a do beneficio econ\u00f3mico, para uns poucos, para os de sempre, que non ten escr\u00fapulos en arrasar a contorna e en negarlle o futuro ao pobo galego s\u00f3 para ga\u00f1ar di\u00f1eiro. \u00c9 unha vergonza, un atentado sen precedentes na historia de Galicia, e Arte Lixo non pode permanecer calado. Mirar para outro lado \u00e9 complicidade.<\/p>\n<\/blockquote>\n\n\n\n<p><strong>A\u00ednda que esta entrevista vaise publicar a finais de marzo, fac\u00e9mola o venres 14,e anunciamos que proximamente ides facer unha concentraci\u00f3n de protesta. Explic\u00e1denos as circunstancias?<\/strong><\/p>\n\n\n\n<blockquote class=\"wp-block-quote is-layout-flow wp-block-quote-is-layout-flow\">\n<p>Si, vai ser o domingo 16 \u00e1s 12 da ma\u00f1\u00e1 diante do Concello de Redondela, para expresar o noso frontal rexeitamento a ese atentado terrible contra o coraz\u00f3n de Galicia.<\/p>\n<\/blockquote>\n\n\n\n<p><strong>Vexo que esta vai ser unha das edici\u00f3ns m\u00e1is reivindicativas da Arte Lixo?<\/strong><\/p>\n\n\n\n<blockquote class=\"wp-block-quote is-layout-flow wp-block-quote-is-layout-flow\">\n<p>A arte non s\u00f3 debe de ter unha finalidade est\u00e9tica, non se pode desentender da realidade na que vive, debe de servir tam\u00e9n para denunciar os abusos e as inxustizas. E Altri \u00e9 un abuso e unha inxustiza.<\/p>\n<\/blockquote>\n\n\n\n<blockquote class=\"wp-block-quote is-layout-flow wp-block-quote-is-layout-flow\">\n<p>Queremos ser parte do clamor social contrario a ese atentado salvaxe contra Galicia e contra o pobo galego. Oxal\u00e1 consigamos paralo.<\/p>\n<\/blockquote>\n\n\n\n<p><strong>Cando comezamos este ano?<\/strong><\/p>\n\n\n\n<blockquote class=\"wp-block-quote is-layout-flow wp-block-quote-is-layout-flow\">\n<p>O 4 de abril.<\/p>\n<\/blockquote>\n\n\n\n<p><strong>Cunha exposici\u00f3n no multiuisos da Xunqueira, como todos os anos?<\/strong><\/p>\n\n\n\n<blockquote class=\"wp-block-quote is-layout-flow wp-block-quote-is-layout-flow\">\n<p>Si<\/p>\n<\/blockquote>\n\n\n\n<p><strong>Quen ven?<\/strong><\/p>\n\n\n\n<blockquote class=\"wp-block-quote is-layout-flow wp-block-quote-is-layout-flow\">\n<p>Eduardo N\u00fa\u00f1ez, un artista que para n\u00f3 foi todo un descubrimento. Convidamos a todo o pobo de Redondela a que o co\u00f1eza porque estamos seguros de que as s\u00faas obras van chamar poderosamente a atenci\u00f3n.<\/p>\n<\/blockquote>\n\n\n\n<p><strong>Ata cando vai estar a Exposici\u00f3n?<\/strong><\/p>\n\n\n\n<blockquote class=\"wp-block-quote is-layout-flow wp-block-quote-is-layout-flow\">\n<p>Ata o d\u00eda 19.<\/p>\n<\/blockquote>\n\n\n\n<p><strong>Que m\u00e1is teremos nesta edici\u00f3n?<\/strong><\/p>\n\n\n\n<blockquote class=\"wp-block-quote is-layout-flow wp-block-quote-is-layout-flow\">\n<p>Na inauguraci\u00f3n teremos m\u00fasica e leremos un manifesto<\/p>\n<\/blockquote>\n\n\n\n<p><strong>E petiscos?<\/strong><\/p>\n\n\n\n<blockquote class=\"wp-block-quote is-layout-flow wp-block-quote-is-layout-flow\">\n<p>Ha, ha ha, ha..si claro, os petiscos non pod\u00edan faltar. Tam\u00e9n teremos algunha sorpresa m\u00e1is<\/p>\n<\/blockquote>\n\n\n\n<p><strong>Cando colocaredes as obras na r\u00faa e nos escaparates?<\/strong><\/p>\n\n\n\n<blockquote class=\"wp-block-quote is-layout-flow wp-block-quote-is-layout-flow\">\n<p>Entre o venres 4 e o s\u00e1bado 5 de abril contamos que estea todo montado.<\/p>\n<\/blockquote>\n\n\n\n<p><strong>A\u00ednda que as feiras no noso pobo son o 6 e o 21, coido que este mes imos ter feira un d\u00eda antes do habitual?<\/strong><\/p>\n\n\n\n<blockquote class=\"wp-block-quote is-layout-flow wp-block-quote-is-layout-flow\">\n<p>Ha, ha ha,si, o s\u00e1bado 5 teremos unha Feira \u201c Altri non\u201d con diversas actuaci\u00f3ns como por exemplo: unha mostra de segunda man, actividades para os cativos e cativas , m\u00fasica e unha mesa redonda sobre Altri.<\/p>\n<\/blockquote>\n\n\n\n<p><strong>Este ano repite \u201c A arte non ten cancelas\u201d e \u201c A Poes\u00eda de pe\u00f3ns\u201d?<\/strong><\/p>\n\n\n\n<blockquote class=\"wp-block-quote is-layout-flow wp-block-quote-is-layout-flow\">\n<p>Si,repetimos ambas actividades.<\/p>\n<\/blockquote>\n\n\n\n<p><strong>Cando remata o prazo de inscrici\u00f3n para quen te\u00f1a interese en achegar algunha peza?<\/strong><\/p>\n\n\n\n<blockquote class=\"wp-block-quote is-layout-flow wp-block-quote-is-layout-flow\">\n<p>O 24 de marzo. A inscrici\u00f3n real\u00edzase a trav\u00e9s un formulario google<\/p>\n<\/blockquote>\n\n\n\n<p><strong>Rematamos o d\u00eda 12.Que faredes ese d\u00eda?<\/strong><\/p>\n\n\n\n<blockquote class=\"wp-block-quote is-layout-flow wp-block-quote-is-layout-flow\">\n<p>Repetimos con Millo Verde, sa\u00edu moi ben o ano pasado e temos ga\u00f1as ambos colectivos de volvernos xuntar. Tam\u00e9n teremos un obradoiro infantil, e faremos de novo o micro aberto: todo aquel ou aquela que queira subir ao escenario a cantar, bailar , interpretar&#8230; poder\u00e1 facelo. A\u00ednda que previamente ter\u00e1n que apuntarse para podermos manter unha orde e que todos nos respectemos,<\/p>\n<\/blockquote>\n\n\n\n<p><strong>Teremos caras novas este ano?<\/strong><\/p>\n\n\n\n<blockquote class=\"wp-block-quote is-layout-flow wp-block-quote-is-layout-flow\">\n<p>Abof\u00e9 que si. E \u00e9 algo que nos ilusiona especialmente porque amosa que estamos vivos e moi presentes na sociedade redondel\u00e1.<\/p>\n<\/blockquote>\n\n\n\n<p><strong>Xa estades tan presentes que case non fai falta convidar aos lectores e lectoras que vos visiten?<\/strong><\/p>\n\n\n\n<blockquote class=\"wp-block-quote is-layout-flow wp-block-quote-is-layout-flow\">\n<p>Iso sempre fai falta, si. Convidamos a todas as persoas a que nos co\u00f1ezan porque n\u00f3s somos un colectivo que cre que a forza da sociedade civil organizada \u00e9 imparable, e \u00e9 tanto a forma m\u00e1is xusta de vivir en comunidade , como a maneira de combater os abusos e inxustizas con m\u00e1is probabilidades de \u00e9xito. Arte Lixo \u00e9 un espazo aberto para a arte, a cultura, a liberdade a vida en comunidade, e o respecto entre persoas e colectivos.<\/p>\n<\/blockquote>\n","protected":false},"excerpt":{"rendered":"<div class=\"mh-excerpt\"><p>Marcos Santos. Un ano m\u00e1is a Arte Lixo volve a asolagar as r\u00faas de Redondela de compromiso coa vida: coa arte, a paz,o coidado do medio ambiente, a liberdade e con todas as causas xustas <a class=\"mh-excerpt-more\" href=\"https:\/\/www.anovapeneira.gal\/index.php\/2025\/03\/25\/arte-lixo-volve-as-ruas-de-redondela\/\" title=\"Arte Lixo volve \u00e1s r\u00faas de Redondela\">[&#8230;]<\/a><\/p>\n<\/div>","protected":false},"author":6,"featured_media":13587,"comment_status":"open","ping_status":"open","sticky":false,"template":"","format":"standard","meta":{"_exactmetrics_skip_tracking":false,"_exactmetrics_sitenote_active":false,"_exactmetrics_sitenote_note":"","_exactmetrics_sitenote_category":0,"footnotes":""},"categories":[270],"tags":[171],"class_list":{"0":"post-13586","1":"post","2":"type-post","3":"status-publish","4":"format-standard","5":"has-post-thumbnail","7":"category-redondela-entrevistas","8":"tag-concello-de-redondela"},"yoast_head":"<!-- This site is optimized with the Yoast SEO plugin v27.4 - https:\/\/yoast.com\/product\/yoast-seo-wordpress\/ -->\n<title>Arte Lixo volve \u00e1s r\u00faas de Redondela -<\/title>\n<meta name=\"robots\" content=\"index, follow, max-snippet:-1, max-image-preview:large, max-video-preview:-1\" \/>\n<link rel=\"canonical\" href=\"https:\/\/www.anovapeneira.gal\/index.php\/2025\/03\/25\/arte-lixo-volve-as-ruas-de-redondela\/\" \/>\n<meta property=\"og:locale\" content=\"gl_ES\" \/>\n<meta property=\"og:type\" content=\"article\" \/>\n<meta property=\"og:title\" content=\"Arte Lixo volve \u00e1s r\u00faas de Redondela -\" \/>\n<meta property=\"og:description\" content=\"Marcos Santos. Un ano m\u00e1is a Arte Lixo volve a asolagar as r\u00faas de Redondela de compromiso coa vida: coa arte, a paz,o coidado do medio ambiente, a liberdade e con todas as causas xustas [...]\" \/>\n<meta property=\"og:url\" content=\"https:\/\/www.anovapeneira.gal\/index.php\/2025\/03\/25\/arte-lixo-volve-as-ruas-de-redondela\/\" \/>\n<meta property=\"article:publisher\" content=\"https:\/\/www.facebook.com\/anovapeneira\" \/>\n<meta property=\"article:published_time\" content=\"2025-03-25T09:00:57+00:00\" \/>\n<meta property=\"og:image\" content=\"https:\/\/www.anovapeneira.gal\/wp-content\/uploads\/2025\/03\/arte_lixo.png\" \/>\n\t<meta property=\"og:image:width\" content=\"720\" \/>\n\t<meta property=\"og:image:height\" content=\"432\" \/>\n\t<meta property=\"og:image:type\" content=\"image\/png\" \/>\n<meta name=\"author\" content=\"Marcos Santos\" \/>\n<meta name=\"twitter:card\" content=\"summary_large_image\" \/>\n<meta name=\"twitter:creator\" content=\"@APeneira\" \/>\n<meta name=\"twitter:site\" content=\"@APeneira\" \/>\n<meta name=\"twitter:label1\" content=\"Escrito por\" \/>\n\t<meta name=\"twitter:data1\" content=\"Marcos Santos\" \/>\n\t<meta name=\"twitter:label2\" content=\"Tempo de lectura\" \/>\n\t<meta name=\"twitter:data2\" content=\"2 minutos\" \/>\n<script type=\"application\/ld+json\" class=\"yoast-schema-graph\">{\"@context\":\"https:\\\/\\\/schema.org\",\"@graph\":[{\"@type\":\"Article\",\"@id\":\"https:\\\/\\\/www.anovapeneira.gal\\\/index.php\\\/2025\\\/03\\\/25\\\/arte-lixo-volve-as-ruas-de-redondela\\\/#article\",\"isPartOf\":{\"@id\":\"https:\\\/\\\/www.anovapeneira.gal\\\/index.php\\\/2025\\\/03\\\/25\\\/arte-lixo-volve-as-ruas-de-redondela\\\/\"},\"author\":{\"name\":\"Marcos Santos\",\"@id\":\"https:\\\/\\\/www.anovapeneira.gal\\\/#\\\/schema\\\/person\\\/d9d84823564720e7593293bab054e52d\"},\"headline\":\"Arte Lixo volve \u00e1s r\u00faas de Redondela\",\"datePublished\":\"2025-03-25T09:00:57+00:00\",\"mainEntityOfPage\":{\"@id\":\"https:\\\/\\\/www.anovapeneira.gal\\\/index.php\\\/2025\\\/03\\\/25\\\/arte-lixo-volve-as-ruas-de-redondela\\\/\"},\"wordCount\":850,\"commentCount\":0,\"publisher\":{\"@id\":\"https:\\\/\\\/www.anovapeneira.gal\\\/#organization\"},\"image\":{\"@id\":\"https:\\\/\\\/www.anovapeneira.gal\\\/index.php\\\/2025\\\/03\\\/25\\\/arte-lixo-volve-as-ruas-de-redondela\\\/#primaryimage\"},\"thumbnailUrl\":\"https:\\\/\\\/www.anovapeneira.gal\\\/wp-content\\\/uploads\\\/2025\\\/03\\\/arte_lixo.png\",\"keywords\":[\"Concello de Redondela\"],\"articleSection\":[\"Redondela\"],\"inLanguage\":\"gl-ES\",\"potentialAction\":[{\"@type\":\"CommentAction\",\"name\":\"Comment\",\"target\":[\"https:\\\/\\\/www.anovapeneira.gal\\\/index.php\\\/2025\\\/03\\\/25\\\/arte-lixo-volve-as-ruas-de-redondela\\\/#respond\"]}]},{\"@type\":\"WebPage\",\"@id\":\"https:\\\/\\\/www.anovapeneira.gal\\\/index.php\\\/2025\\\/03\\\/25\\\/arte-lixo-volve-as-ruas-de-redondela\\\/\",\"url\":\"https:\\\/\\\/www.anovapeneira.gal\\\/index.php\\\/2025\\\/03\\\/25\\\/arte-lixo-volve-as-ruas-de-redondela\\\/\",\"name\":\"Arte Lixo volve \u00e1s r\u00faas de Redondela -\",\"isPartOf\":{\"@id\":\"https:\\\/\\\/www.anovapeneira.gal\\\/#website\"},\"primaryImageOfPage\":{\"@id\":\"https:\\\/\\\/www.anovapeneira.gal\\\/index.php\\\/2025\\\/03\\\/25\\\/arte-lixo-volve-as-ruas-de-redondela\\\/#primaryimage\"},\"image\":{\"@id\":\"https:\\\/\\\/www.anovapeneira.gal\\\/index.php\\\/2025\\\/03\\\/25\\\/arte-lixo-volve-as-ruas-de-redondela\\\/#primaryimage\"},\"thumbnailUrl\":\"https:\\\/\\\/www.anovapeneira.gal\\\/wp-content\\\/uploads\\\/2025\\\/03\\\/arte_lixo.png\",\"datePublished\":\"2025-03-25T09:00:57+00:00\",\"breadcrumb\":{\"@id\":\"https:\\\/\\\/www.anovapeneira.gal\\\/index.php\\\/2025\\\/03\\\/25\\\/arte-lixo-volve-as-ruas-de-redondela\\\/#breadcrumb\"},\"inLanguage\":\"gl-ES\",\"potentialAction\":[{\"@type\":\"ReadAction\",\"target\":[\"https:\\\/\\\/www.anovapeneira.gal\\\/index.php\\\/2025\\\/03\\\/25\\\/arte-lixo-volve-as-ruas-de-redondela\\\/\"]}]},{\"@type\":\"ImageObject\",\"inLanguage\":\"gl-ES\",\"@id\":\"https:\\\/\\\/www.anovapeneira.gal\\\/index.php\\\/2025\\\/03\\\/25\\\/arte-lixo-volve-as-ruas-de-redondela\\\/#primaryimage\",\"url\":\"https:\\\/\\\/www.anovapeneira.gal\\\/wp-content\\\/uploads\\\/2025\\\/03\\\/arte_lixo.png\",\"contentUrl\":\"https:\\\/\\\/www.anovapeneira.gal\\\/wp-content\\\/uploads\\\/2025\\\/03\\\/arte_lixo.png\",\"width\":720,\"height\":432,\"caption\":\"Arte lixo\"},{\"@type\":\"BreadcrumbList\",\"@id\":\"https:\\\/\\\/www.anovapeneira.gal\\\/index.php\\\/2025\\\/03\\\/25\\\/arte-lixo-volve-as-ruas-de-redondela\\\/#breadcrumb\",\"itemListElement\":[{\"@type\":\"ListItem\",\"position\":1,\"name\":\"Portada\",\"item\":\"https:\\\/\\\/www.anovapeneira.gal\\\/\"},{\"@type\":\"ListItem\",\"position\":2,\"name\":\"Arte Lixo volve \u00e1s r\u00faas de Redondela\"}]},{\"@type\":\"WebSite\",\"@id\":\"https:\\\/\\\/www.anovapeneira.gal\\\/#website\",\"url\":\"https:\\\/\\\/www.anovapeneira.gal\\\/\",\"name\":\"\",\"description\":\"Xornal galego de informaci\u00f3n xeral Publicaci\u00f3n mensual de novas de Galicia e en especial dos Concellos da sur da provincia de Pontevedra.\",\"publisher\":{\"@id\":\"https:\\\/\\\/www.anovapeneira.gal\\\/#organization\"},\"potentialAction\":[{\"@type\":\"SearchAction\",\"target\":{\"@type\":\"EntryPoint\",\"urlTemplate\":\"https:\\\/\\\/www.anovapeneira.gal\\\/?s={search_term_string}\"},\"query-input\":{\"@type\":\"PropertyValueSpecification\",\"valueRequired\":true,\"valueName\":\"search_term_string\"}}],\"inLanguage\":\"gl-ES\"},{\"@type\":\"Organization\",\"@id\":\"https:\\\/\\\/www.anovapeneira.gal\\\/#organization\",\"name\":\"A Nova Peneira\",\"url\":\"https:\\\/\\\/www.anovapeneira.gal\\\/\",\"logo\":{\"@type\":\"ImageObject\",\"inLanguage\":\"gl-ES\",\"@id\":\"https:\\\/\\\/www.anovapeneira.gal\\\/#\\\/schema\\\/logo\\\/image\\\/\",\"url\":\"http:\\\/\\\/www.anovapeneira.gal\\\/wp-content\\\/uploads\\\/2019\\\/06\\\/logo_a_nova_peneira_portal_web.png\",\"contentUrl\":\"http:\\\/\\\/www.anovapeneira.gal\\\/wp-content\\\/uploads\\\/2019\\\/06\\\/logo_a_nova_peneira_portal_web.png\",\"width\":300,\"height\":100,\"caption\":\"A Nova Peneira\"},\"image\":{\"@id\":\"https:\\\/\\\/www.anovapeneira.gal\\\/#\\\/schema\\\/logo\\\/image\\\/\"},\"sameAs\":[\"https:\\\/\\\/www.facebook.com\\\/anovapeneira\",\"https:\\\/\\\/x.com\\\/APeneira\"]},{\"@type\":\"Person\",\"@id\":\"https:\\\/\\\/www.anovapeneira.gal\\\/#\\\/schema\\\/person\\\/d9d84823564720e7593293bab054e52d\",\"name\":\"Marcos Santos\",\"image\":{\"@type\":\"ImageObject\",\"inLanguage\":\"gl-ES\",\"@id\":\"https:\\\/\\\/secure.gravatar.com\\\/avatar\\\/0e8017099a7a47c0a9d2275e865fe326484561eb3d70649069e4b8e61a8d2e8c?s=96&d=mm&r=g\",\"url\":\"https:\\\/\\\/secure.gravatar.com\\\/avatar\\\/0e8017099a7a47c0a9d2275e865fe326484561eb3d70649069e4b8e61a8d2e8c?s=96&d=mm&r=g\",\"contentUrl\":\"https:\\\/\\\/secure.gravatar.com\\\/avatar\\\/0e8017099a7a47c0a9d2275e865fe326484561eb3d70649069e4b8e61a8d2e8c?s=96&d=mm&r=g\",\"caption\":\"Marcos Santos\"},\"sameAs\":[\"http:\\\/\\\/anovapeneira.gal\"],\"url\":\"https:\\\/\\\/www.anovapeneira.gal\\\/index.php\\\/author\\\/marcos-santos\\\/\"}]}<\/script>\n<!-- \/ Yoast SEO plugin. -->","yoast_head_json":{"title":"Arte Lixo volve \u00e1s r\u00faas de Redondela -","robots":{"index":"index","follow":"follow","max-snippet":"max-snippet:-1","max-image-preview":"max-image-preview:large","max-video-preview":"max-video-preview:-1"},"canonical":"https:\/\/www.anovapeneira.gal\/index.php\/2025\/03\/25\/arte-lixo-volve-as-ruas-de-redondela\/","og_locale":"gl_ES","og_type":"article","og_title":"Arte Lixo volve \u00e1s r\u00faas de Redondela -","og_description":"Marcos Santos. Un ano m\u00e1is a Arte Lixo volve a asolagar as r\u00faas de Redondela de compromiso coa vida: coa arte, a paz,o coidado do medio ambiente, a liberdade e con todas as causas xustas [...]","og_url":"https:\/\/www.anovapeneira.gal\/index.php\/2025\/03\/25\/arte-lixo-volve-as-ruas-de-redondela\/","article_publisher":"https:\/\/www.facebook.com\/anovapeneira","article_published_time":"2025-03-25T09:00:57+00:00","og_image":[{"width":720,"height":432,"url":"https:\/\/www.anovapeneira.gal\/wp-content\/uploads\/2025\/03\/arte_lixo.png","type":"image\/png"}],"author":"Marcos Santos","twitter_card":"summary_large_image","twitter_creator":"@APeneira","twitter_site":"@APeneira","twitter_misc":{"Escrito por":"Marcos Santos","Tempo de lectura":"2 minutos"},"schema":{"@context":"https:\/\/schema.org","@graph":[{"@type":"Article","@id":"https:\/\/www.anovapeneira.gal\/index.php\/2025\/03\/25\/arte-lixo-volve-as-ruas-de-redondela\/#article","isPartOf":{"@id":"https:\/\/www.anovapeneira.gal\/index.php\/2025\/03\/25\/arte-lixo-volve-as-ruas-de-redondela\/"},"author":{"name":"Marcos Santos","@id":"https:\/\/www.anovapeneira.gal\/#\/schema\/person\/d9d84823564720e7593293bab054e52d"},"headline":"Arte Lixo volve \u00e1s r\u00faas de Redondela","datePublished":"2025-03-25T09:00:57+00:00","mainEntityOfPage":{"@id":"https:\/\/www.anovapeneira.gal\/index.php\/2025\/03\/25\/arte-lixo-volve-as-ruas-de-redondela\/"},"wordCount":850,"commentCount":0,"publisher":{"@id":"https:\/\/www.anovapeneira.gal\/#organization"},"image":{"@id":"https:\/\/www.anovapeneira.gal\/index.php\/2025\/03\/25\/arte-lixo-volve-as-ruas-de-redondela\/#primaryimage"},"thumbnailUrl":"https:\/\/www.anovapeneira.gal\/wp-content\/uploads\/2025\/03\/arte_lixo.png","keywords":["Concello de Redondela"],"articleSection":["Redondela"],"inLanguage":"gl-ES","potentialAction":[{"@type":"CommentAction","name":"Comment","target":["https:\/\/www.anovapeneira.gal\/index.php\/2025\/03\/25\/arte-lixo-volve-as-ruas-de-redondela\/#respond"]}]},{"@type":"WebPage","@id":"https:\/\/www.anovapeneira.gal\/index.php\/2025\/03\/25\/arte-lixo-volve-as-ruas-de-redondela\/","url":"https:\/\/www.anovapeneira.gal\/index.php\/2025\/03\/25\/arte-lixo-volve-as-ruas-de-redondela\/","name":"Arte Lixo volve \u00e1s r\u00faas de Redondela -","isPartOf":{"@id":"https:\/\/www.anovapeneira.gal\/#website"},"primaryImageOfPage":{"@id":"https:\/\/www.anovapeneira.gal\/index.php\/2025\/03\/25\/arte-lixo-volve-as-ruas-de-redondela\/#primaryimage"},"image":{"@id":"https:\/\/www.anovapeneira.gal\/index.php\/2025\/03\/25\/arte-lixo-volve-as-ruas-de-redondela\/#primaryimage"},"thumbnailUrl":"https:\/\/www.anovapeneira.gal\/wp-content\/uploads\/2025\/03\/arte_lixo.png","datePublished":"2025-03-25T09:00:57+00:00","breadcrumb":{"@id":"https:\/\/www.anovapeneira.gal\/index.php\/2025\/03\/25\/arte-lixo-volve-as-ruas-de-redondela\/#breadcrumb"},"inLanguage":"gl-ES","potentialAction":[{"@type":"ReadAction","target":["https:\/\/www.anovapeneira.gal\/index.php\/2025\/03\/25\/arte-lixo-volve-as-ruas-de-redondela\/"]}]},{"@type":"ImageObject","inLanguage":"gl-ES","@id":"https:\/\/www.anovapeneira.gal\/index.php\/2025\/03\/25\/arte-lixo-volve-as-ruas-de-redondela\/#primaryimage","url":"https:\/\/www.anovapeneira.gal\/wp-content\/uploads\/2025\/03\/arte_lixo.png","contentUrl":"https:\/\/www.anovapeneira.gal\/wp-content\/uploads\/2025\/03\/arte_lixo.png","width":720,"height":432,"caption":"Arte lixo"},{"@type":"BreadcrumbList","@id":"https:\/\/www.anovapeneira.gal\/index.php\/2025\/03\/25\/arte-lixo-volve-as-ruas-de-redondela\/#breadcrumb","itemListElement":[{"@type":"ListItem","position":1,"name":"Portada","item":"https:\/\/www.anovapeneira.gal\/"},{"@type":"ListItem","position":2,"name":"Arte Lixo volve \u00e1s r\u00faas de Redondela"}]},{"@type":"WebSite","@id":"https:\/\/www.anovapeneira.gal\/#website","url":"https:\/\/www.anovapeneira.gal\/","name":"","description":"Xornal galego de informaci\u00f3n xeral Publicaci\u00f3n mensual de novas de Galicia e en especial dos Concellos da sur da provincia de Pontevedra.","publisher":{"@id":"https:\/\/www.anovapeneira.gal\/#organization"},"potentialAction":[{"@type":"SearchAction","target":{"@type":"EntryPoint","urlTemplate":"https:\/\/www.anovapeneira.gal\/?s={search_term_string}"},"query-input":{"@type":"PropertyValueSpecification","valueRequired":true,"valueName":"search_term_string"}}],"inLanguage":"gl-ES"},{"@type":"Organization","@id":"https:\/\/www.anovapeneira.gal\/#organization","name":"A Nova Peneira","url":"https:\/\/www.anovapeneira.gal\/","logo":{"@type":"ImageObject","inLanguage":"gl-ES","@id":"https:\/\/www.anovapeneira.gal\/#\/schema\/logo\/image\/","url":"http:\/\/www.anovapeneira.gal\/wp-content\/uploads\/2019\/06\/logo_a_nova_peneira_portal_web.png","contentUrl":"http:\/\/www.anovapeneira.gal\/wp-content\/uploads\/2019\/06\/logo_a_nova_peneira_portal_web.png","width":300,"height":100,"caption":"A Nova Peneira"},"image":{"@id":"https:\/\/www.anovapeneira.gal\/#\/schema\/logo\/image\/"},"sameAs":["https:\/\/www.facebook.com\/anovapeneira","https:\/\/x.com\/APeneira"]},{"@type":"Person","@id":"https:\/\/www.anovapeneira.gal\/#\/schema\/person\/d9d84823564720e7593293bab054e52d","name":"Marcos Santos","image":{"@type":"ImageObject","inLanguage":"gl-ES","@id":"https:\/\/secure.gravatar.com\/avatar\/0e8017099a7a47c0a9d2275e865fe326484561eb3d70649069e4b8e61a8d2e8c?s=96&d=mm&r=g","url":"https:\/\/secure.gravatar.com\/avatar\/0e8017099a7a47c0a9d2275e865fe326484561eb3d70649069e4b8e61a8d2e8c?s=96&d=mm&r=g","contentUrl":"https:\/\/secure.gravatar.com\/avatar\/0e8017099a7a47c0a9d2275e865fe326484561eb3d70649069e4b8e61a8d2e8c?s=96&d=mm&r=g","caption":"Marcos Santos"},"sameAs":["http:\/\/anovapeneira.gal"],"url":"https:\/\/www.anovapeneira.gal\/index.php\/author\/marcos-santos\/"}]}},"jetpack_featured_media_url":"https:\/\/www.anovapeneira.gal\/wp-content\/uploads\/2025\/03\/arte_lixo.png","_links":{"self":[{"href":"https:\/\/www.anovapeneira.gal\/index.php\/wp-json\/wp\/v2\/posts\/13586","targetHints":{"allow":["GET"]}}],"collection":[{"href":"https:\/\/www.anovapeneira.gal\/index.php\/wp-json\/wp\/v2\/posts"}],"about":[{"href":"https:\/\/www.anovapeneira.gal\/index.php\/wp-json\/wp\/v2\/types\/post"}],"author":[{"embeddable":true,"href":"https:\/\/www.anovapeneira.gal\/index.php\/wp-json\/wp\/v2\/users\/6"}],"replies":[{"embeddable":true,"href":"https:\/\/www.anovapeneira.gal\/index.php\/wp-json\/wp\/v2\/comments?post=13586"}],"version-history":[{"count":1,"href":"https:\/\/www.anovapeneira.gal\/index.php\/wp-json\/wp\/v2\/posts\/13586\/revisions"}],"predecessor-version":[{"id":13588,"href":"https:\/\/www.anovapeneira.gal\/index.php\/wp-json\/wp\/v2\/posts\/13586\/revisions\/13588"}],"wp:featuredmedia":[{"embeddable":true,"href":"https:\/\/www.anovapeneira.gal\/index.php\/wp-json\/wp\/v2\/media\/13587"}],"wp:attachment":[{"href":"https:\/\/www.anovapeneira.gal\/index.php\/wp-json\/wp\/v2\/media?parent=13586"}],"wp:term":[{"taxonomy":"category","embeddable":true,"href":"https:\/\/www.anovapeneira.gal\/index.php\/wp-json\/wp\/v2\/categories?post=13586"},{"taxonomy":"post_tag","embeddable":true,"href":"https:\/\/www.anovapeneira.gal\/index.php\/wp-json\/wp\/v2\/tags?post=13586"}],"curies":[{"name":"wp","href":"https:\/\/api.w.org\/{rel}","templated":true}]}}