{"id":13589,"date":"2025-03-25T12:00:28","date_gmt":"2025-03-25T11:00:28","guid":{"rendered":"https:\/\/www.anovapeneira.gal\/?p=13589"},"modified":"2025-03-21T13:45:59","modified_gmt":"2025-03-21T12:45:59","slug":"o-bng-do-condado-paradanta-escolle-un-novo-responsable-comarcal","status":"publish","type":"post","link":"https:\/\/www.anovapeneira.gal\/index.php\/2025\/03\/25\/o-bng-do-condado-paradanta-escolle-un-novo-responsable-comarcal\/","title":{"rendered":"O BNG do Condado Paradanta escolle un novo responsable comarcal"},"content":{"rendered":"\n<pre class=\"wp-block-verse\"><strong>Tino Lago<\/strong><\/pre>\n\n\n\n<p><strong>O BNG do Condado Paradanta escolleu unha nova direcci\u00f3n comarcal que est\u00e1 liderada por Javier Vi\u00e9itez, concelleiro en Salvaterra. El \u00e9 natural de Alx\u00e9n, ten 45 anos e traballa no sector da automoci\u00f3n. Javier \u00e9 unha persoa tranquila, cun perfil integrador e amigo dos consensos como a forma m\u00e1is adecuada para resolver os conflitos. Asume a responsabilidade con ilusi\u00f3n, e despois dunha longa conversa con el voume permitir facer algo que case nunca fago;especular co futuro, para dicir que o BNG acertou escoll\u00e9ndoo para un posto no que se require paciencia, man esquerda e habilidade para constru\u00edr espazos de consenso. Te\u00f1o a sensaci\u00f3n de que vai facer un gran traballo.<\/strong><\/p>\n\n\n\n<p><strong>Javier Vi\u00e9itez.<\/strong><\/p>\n\n\n\n<h2 class=\"wp-block-heading\">\u201c <strong>S\u00edntome na obriga moral de agradecer a toda a militancia do BNG, pasada e presente, o seu enorme traballo que permitiu constru\u00edr unha organizaci\u00f3n tan s\u00f3lida na nosa comarca\u201d<\/strong><\/h2>\n\n\n\n<p><strong>Cando estreaches o cargo?<\/strong><\/p>\n\n\n\n<blockquote class=\"wp-block-quote is-layout-flow wp-block-quote-is-layout-flow\">\n<p>O 13 de Xaneiro. Pux\u00e9ronse en contacto comigo e coment\u00e1ronme a posibilidade de encabezar unha candidatura de integraci\u00f3n e consenso. Non \u00e9 algo que estivera nos meus plans, pero deille unha volta e decid\u00edn dar o paso.<\/p>\n<\/blockquote>\n\n\n\n<p><strong>Que criterios utilizastes para a confecci\u00f3n da candidatura?<\/strong><\/p>\n\n\n\n<blockquote class=\"wp-block-quote is-layout-flow wp-block-quote-is-layout-flow\">\n<p>A integraci\u00f3n e o consenso, dous conceptos esenciais para que unha organizaci\u00f3n pol\u00edtica funcione correctamente. De feito cando se votou no local de Ponteareas foi aprobada case por unanimidade, tivemos o 98% de fotos favorables.<\/p>\n<\/blockquote>\n\n\n\n<p><strong>Levas algo m\u00e1is de dous meses como responsable comarcal,imaxino que xa puideches facerche unha idea da sa\u00fade do BNG na Comarca?<\/strong><\/p>\n\n\n\n<blockquote class=\"wp-block-quote is-layout-flow wp-block-quote-is-layout-flow\">\n<p>Si, foron dous meses moi intensos , ateigados de xuntanzas que me est\u00e1n servindo para aprender moito. Estou descubrindo a potencia e a dimensi\u00f3n tan grande que ten o BNG nesta comarca, e a disposici\u00f3n positiva de todas as estruturas do Bloque en colaborar para facer m\u00e1is f\u00e1cil o traballo. A modo de s\u00edntese dicir que a nosa sa\u00fade \u00e9 boa, iso \u00e9 unha evidencia , pero temos unha ampla marxe para podermos mellorar.<\/p>\n<\/blockquote>\n\n\n\n<p><strong>Onde ves esa marxe de mellora?<\/strong><\/p>\n\n\n\n<blockquote class=\"wp-block-quote is-layout-flow wp-block-quote-is-layout-flow\">\n<p>Quixera chegar a moitas m\u00e1is persoas da nosa comarca. O BNG \u00e9 a forza m\u00e1is \u00fatil para defender os intereses do pobo galego, e encantar\u00edame que o noso traballo servise para que as\u00ed o perciba a maior\u00eda social da veci\u00f1anza do Condado Paradanta. Por outra parte quixera aumentar o nivel de participaci\u00f3n e de implicaci\u00f3n no traballo do d\u00eda a d\u00eda da nosa base social, tanto de militantes como de simpatizantes.<\/p>\n<\/blockquote>\n\n\n\n<p><strong>Nas municipais do 19 os resultados foron magn\u00edficos para o nacionalismo na vosa comarca, pois acadastes 3 alcald\u00edas: Ponteareas, As Neves e Mondariz. Por\u00e9n no 23 o retroceso foi evidente pois s\u00f3 se ga\u00f1ou unha, Mondariz Balneario, pero se perderon as 3 anteriores. Como est\u00e1n os \u00e1nimos no momento actual?<\/strong><\/p>\n\n\n\n<blockquote class=\"wp-block-quote is-layout-flow wp-block-quote-is-layout-flow\">\n<p>Non foi unha situaci\u00f3n agradable, desde logo. Cada unha desas tres alcald\u00edas que perdemos ten unha casu\u00edstica propia, e penso que haber\u00eda que analizar localidade por localidade para determinar as raz\u00f3ns desas perdas. Agora, case dous anos despois, os \u00e1nimos est\u00e1n a tope e penso que estamos na mellor das disposici\u00f3ns para darmos a batalla con opci\u00f3ns realistas de recuperalas todas.<\/p>\n<\/blockquote>\n\n\n\n<blockquote class=\"wp-block-quote is-layout-flow wp-block-quote-is-layout-flow\">\n<p>De todas maneiras nas municipais do 23 tam\u00e9n houbo aspectos moi positivos: ga\u00f1amos a alcald\u00eda de Mondariz Balneario e avanzamos, nalg\u00fans casos de maneira significativa, en Salvaterra, Salceda e O Porri\u00f1o.<\/p>\n<\/blockquote>\n\n\n\n<p><strong>Xos\u00e9 Manuel Rodr\u00edguez M\u00e9ndez, o primeiro alcalde nacionalista das Neves, ven de anunciar que d\u00e1 un paso atr\u00e1s e renuncia a s\u00faa acta de Concelleiro. Como valoras esa decisi\u00f3n?<\/strong><\/p>\n\n\n\n<blockquote class=\"wp-block-quote is-layout-flow wp-block-quote-is-layout-flow\">\n<p>Xos\u00e9 Manuel Rodr\u00edguez, al\u00e9n de ser o primeiro alcalde nacionalista \u00e9 o mellor alcalde da historia das Neves sen ning\u00fan tipo de d\u00fabida. Por primeira vez nesa localidade traballouse, nos oito anos que gobernamos, cun plan e un modelo de vila que tratou de crear oportunidades laborais para as persoas que al\u00ed viv\u00edan, atraer a novos habitantes a vivir nas Neves e dotar ao Concello de servizos suficientes. Lamentablemente a colaboraci\u00f3n da Xunta co goberno municipal foi ningunha.<\/p>\n<\/blockquote>\n\n\n\n<blockquote class=\"wp-block-quote is-layout-flow wp-block-quote-is-layout-flow\">\n<p>A decisi\u00f3n de dar un paso atr\u00e1s de Xos\u00e9 e de Pilar \u00e9 un xesto de xenerosidade pola s\u00faa banda, que eu valoro de maneira moi positiva.<\/p>\n<\/blockquote>\n\n\n\n<blockquote class=\"wp-block-quote is-layout-flow wp-block-quote-is-layout-flow\">\n<p>Hai un relevo magn\u00edfico, entran d\u00faas concelleiras novas, Roc\u00edo e Alba, que acompa\u00f1ar\u00e1n a \u00d3scar, e o BNG das Neves optar\u00e1 a retomar a alcald\u00eda con posibilidades serias de \u00e9xito porque o goberno que ten agora as Neves \u00e9 moi mellorable.<\/p>\n<\/blockquote>\n\n\n\n<p><strong>Ben, xa falamos das Neves e agora quero co\u00f1ecer de maneira sint\u00e9tica a t\u00faa opini\u00f3n sobre as outras localidades da Comarca<\/strong><\/p>\n\n\n\n<p><strong>Ponteareas?<\/strong><\/p>\n\n\n\n<blockquote class=\"wp-block-quote is-layout-flow wp-block-quote-is-layout-flow\">\n<p>En Ponteareas a organizaci\u00f3n local, baixo o liderado de Cristina Fern\u00e1ndez D\u00e1vila, est\u00e1 facendo un magn\u00edfico traballo de oposici\u00f3n. Est\u00e1n percorrendo a localidade parroquia a parroquia para constatar as necesidades e problemas da veci\u00f1anza e, fronte ao desgoberno actual, ofrecer soluci\u00f3ns concretas e eficaces. Temos un novo responsable local, Xabier Prado e unha organizaci\u00f3n moi s\u00f3lida. Neste Concello o goberno de Nava Castro foi unha terrible regresi\u00f3n que ameaza seriamente todo o bo dos gobernos de Pepe Represas e da propia Cristina Fern\u00e1ndez.<\/p>\n<\/blockquote>\n\n\n\n<p><strong>Salvaterra?<\/strong><\/p>\n\n\n\n<blockquote class=\"wp-block-quote is-layout-flow wp-block-quote-is-layout-flow\">\n<p>En primeiro lugar quixera ter un oco para a memoria do compa\u00f1eiro Tit\u00ed. En Salvaterra estamos moi ben, facendo un enorme traballo de base, e con serias posibilidades de que Patricia Mari\u00f1o sexa a vindeira alcaldesa do noso pobo. E parte desa boa sa\u00fade d\u00e9bese ao grande traballo desenvolvido polo compa\u00f1eiro ao que antes me refer\u00eda.<\/p>\n<\/blockquote>\n\n\n\n<blockquote class=\"wp-block-quote is-layout-flow wp-block-quote-is-layout-flow\">\n<p>Eu milito no BNG de Salvaterra e podo dicir con absoluta rotundidade que o ambiente na agrupaci\u00f3n local \u00e9 extraordinario, e a conexi\u00f3n coa realidade social que temos \u00e9 espectacular.<\/p>\n<\/blockquote>\n\n\n\n<p><strong>E que papel xoga o BNG de Mondariz no caos pol\u00edtico que vive esa localidade?<\/strong><\/p>\n\n\n\n<blockquote class=\"wp-block-quote is-layout-flow wp-block-quote-is-layout-flow\">\n<p>N\u00f3s temos unha nova responsable local, Alba Sanjurjo, e tratamos de facer as cousas coa seriedade e o rigor habituais do BNG. A dimisi\u00f3n de todo o goberno local foi algo in\u00e9dito, e desde logo non estiveron \u00e1 altura. A veci\u00f1anza de Mondariz pode ter a absoluta confianza en que n\u00f3s esteamos onde esteamos, no goberno ou na oposici\u00f3n, non imos abandonar as nosas responsabilidades.<\/p>\n<\/blockquote>\n\n\n\n<p><strong>Mondariz Balneario?<\/strong><\/p>\n\n\n\n<blockquote class=\"wp-block-quote is-layout-flow wp-block-quote-is-layout-flow\">\n<p>Para chegarmos a esa alcald\u00eda houbo un inmenso traballo previo que quero valorar pois mer\u00e9ceno. Todos sabemos como ga\u00f1aba as elecci\u00f3ns o anterior alcalde, e acadar esa alcald\u00eda tivo un m\u00e9rito extraordinario. En canto \u00e1 acci\u00f3n de goberno non \u00e9 que o diga eu, que tam\u00e9n o digo,\u00e9 que o que di a veci\u00f1anza \u00e9 que C\u00e9sar Gil e o seu equipo son un goberno extraordinario.<\/p>\n<\/blockquote>\n\n\n\n<p><strong>Arbo?<\/strong><\/p>\n\n\n\n<blockquote class=\"wp-block-quote is-layout-flow wp-block-quote-is-layout-flow\">\n<p>Nese pobo no que o BNG chegou a ter a alcald\u00eda, agora non temos representaci\u00f3n. Existiron distintas circunstancias que nos levaron a iso, que non paga a pena valorar pois son cousas dun pasado que o nacionalismo tivo a intelixencia de superar.<\/p>\n<\/blockquote>\n\n\n\n<blockquote class=\"wp-block-quote is-layout-flow wp-block-quote-is-layout-flow\">\n<p>O l\u00edder do BNG de Arbo, Diego Prieto Gago, est\u00e1 facendo un traballo extraordinario. Non temos representaci\u00f3n pero facemos m\u00e1is pol\u00edtica, e m\u00e1is e mellor oposici\u00f3n que toda a oposici\u00f3n que si ten actas.<\/p>\n<\/blockquote>\n\n\n\n<blockquote class=\"wp-block-quote is-layout-flow wp-block-quote-is-layout-flow\">\n<p>Non hai conflito nin problema en Arbo no que non estea Diego, e moito ollo con este pobo porque te\u00f1o a convicci\u00f3n de que no 27 entraremos cunha forza moi importante.<\/p>\n<\/blockquote>\n\n\n\n<p><strong>Na Ca\u00f1iza?<\/strong><\/p>\n\n\n\n<blockquote class=\"wp-block-quote is-layout-flow wp-block-quote-is-layout-flow\">\n<p>Nesta localidade non ti\u00f1amos, como sabes, organizaci\u00f3n local. Logramos o paso m\u00e1is dif\u00edcil que \u00e9 montala e que estivera viva. Agora temos que crecer e lograr a penetraci\u00f3n suficiente para acadar representaci\u00f3n institucional. Temos unha magn\u00edfica responsable local, Trini Labaca, e temos confianza plena en que pronto haber\u00e1 concelleiras e concelleiros do BNG na Caniza.<\/p>\n<\/blockquote>\n\n\n\n<p><strong>En Covelo \u00e9 posible crecer?<\/strong><\/p>\n\n\n\n<blockquote class=\"wp-block-quote is-layout-flow wp-block-quote-is-layout-flow\">\n<p>Este \u00e9 un caso peculiar. O alcalde Pablo Castillo, comprende ben a idiosincrasia do pobo galego e en certo modo \u00e1s veces pode parecer que usurpa o noso espazo. Pero non debemos esquecer que el un alcalde do PP, o mesmo PP, exactamente o mesmo, do alcalde Jos\u00e9 Costa. N\u00f3s temos d\u00faas magn\u00edficas concelleiras que fan un gran traballo e temos moito potencial de crecemento que nos acabar\u00e1 dando moitas alegr\u00edas con seguridade.<\/p>\n<\/blockquote>\n\n\n\n<p><strong>E falando de crecer, que nos dis de Crecente?<\/strong><\/p>\n\n\n\n<blockquote class=\"wp-block-quote is-layout-flow wp-block-quote-is-layout-flow\">\n<p>Digo que o noso concelleiro Benigno, e o noso responsable local, Luis, te\u00f1en un m\u00e9rito superlativo, pois o seu esforzo e implicaci\u00f3n mante\u00f1en vivo o facho do nacionalismo nun pobo que ven padecendo ao longo da s\u00faa historia un tipo de goberno caciquil baseado no nepotismo contra o que \u00e9 moi dif\u00edcil competir.<\/p>\n<\/blockquote>\n\n\n\n<p><strong>No Porri\u00f1o?<\/strong><\/p>\n\n\n\n<blockquote class=\"wp-block-quote is-layout-flow wp-block-quote-is-layout-flow\">\n<p>Nesa localidade o PP ten unha maior\u00eda abafadora iso \u00e9 incuestionable. N\u00f3s subimos no 23, pero non subimos o suficiente. Agora ben, se nos molestamos en pasar do superficial \u00e1s profundidades da realidade veremos como o goberno do Porri\u00f1o f\u00f3ra do populismo, das festas e lupandas, dos bicos e das apertas, non ten nada que ofrecer para mellorar a vida da veci\u00f1anza.<\/p>\n<\/blockquote>\n\n\n\n<blockquote class=\"wp-block-quote is-layout-flow wp-block-quote-is-layout-flow\">\n<p>No Porri\u00f1o temos unha organizaci\u00f3n local moi potente, acabamos de escoller a unha nova responsable local, Menchu Pereira, e temos un grupo municipal de enorme solvencia. As cousas estanse facendo ben e son moi optimista co futuro do BNG no Porri\u00f1o.<\/p>\n<\/blockquote>\n\n\n\n<p><strong>En Salceda a estratexia para crecer pasa por integrar a Movemento Salceda, ou por competir contra eles polo mesmo espazo?<\/strong><\/p>\n\n\n\n<blockquote class=\"wp-block-quote is-layout-flow wp-block-quote-is-layout-flow\">\n<p>Nin por unha cousa nin pola outra. A estratexia \u00e9 tratar de facer ver \u00e1 sociedade de Salceda que o BNG \u00e9 a casa com\u00fan do nacionalismo galego, que \u00e9 unha forza \u00fatil para resolver problemas e que ten un proxecto de pa\u00eds. En Salceda n\u00f3s imos ao noso, que \u00e9 que o noso traballo avale o noso crecemento. Nese sentido considero moi importante a entrada na corporaci\u00f3n do noso compa\u00f1eiro Tano Guerra.<\/p>\n<\/blockquote>\n\n\n\n<p><strong>Acabamos Javi, moitas grazas<\/strong><\/p>\n\n\n\n<blockquote class=\"wp-block-quote is-layout-flow wp-block-quote-is-layout-flow\">\n<p>Se me permites quixera dicir para rematar que me sinto na obriga moral de agradecer o enorme esforzo e o grande traballo de toda a militancia do BNG presente e pasada. Especialmente quixera valorar a quen estivo antes ca min. Nunha comarca que tivo alcaldes como Jose Costa, Julio C\u00e9sar Luengo, Pepe Castro, C\u00e9sar Mera,Arturo Grandal&#8230;. ter constru\u00eddo unha forza nacionalista coa solidez e a solvencia que ten o BNG,en disposici\u00f3n de pelexar polas alcald\u00edas de moitos destes concellos, ten un m\u00e9rito superlativo e merece todo o meu respecto. Te\u00f1o unha ilusi\u00f3n inmensa e vou tratar, humildemente, de estar \u00e1 altura.<\/p>\n<\/blockquote>\n","protected":false},"excerpt":{"rendered":"<div class=\"mh-excerpt\"><p>O BNG do Condado Paradanta escolleu unha nova direcci\u00f3n comarcal que est\u00e1 liderada por Javier Vi\u00e9itez, concelleiro en Salvaterra <a class=\"mh-excerpt-more\" href=\"https:\/\/www.anovapeneira.gal\/index.php\/2025\/03\/25\/o-bng-do-condado-paradanta-escolle-un-novo-responsable-comarcal\/\" title=\"O BNG do Condado Paradanta escolle un novo responsable comarcal\">[&#8230;]<\/a><\/p>\n<\/div>","protected":false},"author":2,"featured_media":13590,"comment_status":"open","ping_status":"open","sticky":false,"template":"","format":"standard","meta":{"_exactmetrics_skip_tracking":false,"_exactmetrics_sitenote_active":false,"_exactmetrics_sitenote_note":"","_exactmetrics_sitenote_category":0,"footnotes":""},"categories":[267],"tags":[1300],"class_list":{"0":"post-13589","1":"post","2":"type-post","3":"status-publish","4":"format-standard","5":"has-post-thumbnail","7":"category-condado-entrevistas","8":"tag-concello-de-salvaterra-de-mino"},"yoast_head":"<!-- This site is optimized with the Yoast SEO plugin v27.4 - https:\/\/yoast.com\/product\/yoast-seo-wordpress\/ -->\n<title>O BNG do Condado Paradanta escolle un novo responsable comarcal -<\/title>\n<meta name=\"robots\" content=\"index, follow, max-snippet:-1, max-image-preview:large, max-video-preview:-1\" \/>\n<link rel=\"canonical\" href=\"https:\/\/www.anovapeneira.gal\/index.php\/2025\/03\/25\/o-bng-do-condado-paradanta-escolle-un-novo-responsable-comarcal\/\" \/>\n<meta property=\"og:locale\" content=\"gl_ES\" \/>\n<meta property=\"og:type\" content=\"article\" \/>\n<meta property=\"og:title\" content=\"O BNG do Condado Paradanta escolle un novo responsable comarcal -\" \/>\n<meta property=\"og:description\" content=\"O BNG do Condado Paradanta escolleu unha nova direcci\u00f3n comarcal que est\u00e1 liderada por Javier Vi\u00e9itez, concelleiro en Salvaterra [...]\" \/>\n<meta property=\"og:url\" content=\"https:\/\/www.anovapeneira.gal\/index.php\/2025\/03\/25\/o-bng-do-condado-paradanta-escolle-un-novo-responsable-comarcal\/\" \/>\n<meta property=\"article:publisher\" content=\"https:\/\/www.facebook.com\/anovapeneira\" \/>\n<meta property=\"article:published_time\" content=\"2025-03-25T11:00:28+00:00\" \/>\n<meta property=\"og:image\" content=\"https:\/\/www.anovapeneira.gal\/wp-content\/uploads\/2025\/03\/bng_condado.png\" \/>\n\t<meta property=\"og:image:width\" content=\"720\" \/>\n\t<meta property=\"og:image:height\" content=\"432\" \/>\n\t<meta property=\"og:image:type\" content=\"image\/png\" \/>\n<meta name=\"author\" content=\"Tino Lago\" \/>\n<meta name=\"twitter:card\" content=\"summary_large_image\" \/>\n<meta name=\"twitter:creator\" content=\"@APeneira\" \/>\n<meta name=\"twitter:site\" content=\"@APeneira\" \/>\n<meta name=\"twitter:label1\" content=\"Escrito por\" \/>\n\t<meta name=\"twitter:data1\" content=\"Tino Lago\" \/>\n\t<meta name=\"twitter:label2\" content=\"Tempo de lectura\" \/>\n\t<meta name=\"twitter:data2\" content=\"3 minutos\" \/>\n<script type=\"application\/ld+json\" class=\"yoast-schema-graph\">{\"@context\":\"https:\\\/\\\/schema.org\",\"@graph\":[{\"@type\":\"Article\",\"@id\":\"https:\\\/\\\/www.anovapeneira.gal\\\/index.php\\\/2025\\\/03\\\/25\\\/o-bng-do-condado-paradanta-escolle-un-novo-responsable-comarcal\\\/#article\",\"isPartOf\":{\"@id\":\"https:\\\/\\\/www.anovapeneira.gal\\\/index.php\\\/2025\\\/03\\\/25\\\/o-bng-do-condado-paradanta-escolle-un-novo-responsable-comarcal\\\/\"},\"author\":{\"name\":\"Tino Lago\",\"@id\":\"https:\\\/\\\/www.anovapeneira.gal\\\/#\\\/schema\\\/person\\\/424dfe65e3070fd8a44d22d2c088762a\"},\"headline\":\"O BNG do Condado Paradanta escolle un novo responsable comarcal\",\"datePublished\":\"2025-03-25T11:00:28+00:00\",\"mainEntityOfPage\":{\"@id\":\"https:\\\/\\\/www.anovapeneira.gal\\\/index.php\\\/2025\\\/03\\\/25\\\/o-bng-do-condado-paradanta-escolle-un-novo-responsable-comarcal\\\/\"},\"wordCount\":1809,\"commentCount\":0,\"publisher\":{\"@id\":\"https:\\\/\\\/www.anovapeneira.gal\\\/#organization\"},\"image\":{\"@id\":\"https:\\\/\\\/www.anovapeneira.gal\\\/index.php\\\/2025\\\/03\\\/25\\\/o-bng-do-condado-paradanta-escolle-un-novo-responsable-comarcal\\\/#primaryimage\"},\"thumbnailUrl\":\"https:\\\/\\\/www.anovapeneira.gal\\\/wp-content\\\/uploads\\\/2025\\\/03\\\/bng_condado.png\",\"keywords\":[\"Concello de Salvaterra de Mi\u00f1o\"],\"articleSection\":[\"Condado\"],\"inLanguage\":\"gl-ES\",\"potentialAction\":[{\"@type\":\"CommentAction\",\"name\":\"Comment\",\"target\":[\"https:\\\/\\\/www.anovapeneira.gal\\\/index.php\\\/2025\\\/03\\\/25\\\/o-bng-do-condado-paradanta-escolle-un-novo-responsable-comarcal\\\/#respond\"]}]},{\"@type\":\"WebPage\",\"@id\":\"https:\\\/\\\/www.anovapeneira.gal\\\/index.php\\\/2025\\\/03\\\/25\\\/o-bng-do-condado-paradanta-escolle-un-novo-responsable-comarcal\\\/\",\"url\":\"https:\\\/\\\/www.anovapeneira.gal\\\/index.php\\\/2025\\\/03\\\/25\\\/o-bng-do-condado-paradanta-escolle-un-novo-responsable-comarcal\\\/\",\"name\":\"O BNG do Condado Paradanta escolle un novo responsable comarcal -\",\"isPartOf\":{\"@id\":\"https:\\\/\\\/www.anovapeneira.gal\\\/#website\"},\"primaryImageOfPage\":{\"@id\":\"https:\\\/\\\/www.anovapeneira.gal\\\/index.php\\\/2025\\\/03\\\/25\\\/o-bng-do-condado-paradanta-escolle-un-novo-responsable-comarcal\\\/#primaryimage\"},\"image\":{\"@id\":\"https:\\\/\\\/www.anovapeneira.gal\\\/index.php\\\/2025\\\/03\\\/25\\\/o-bng-do-condado-paradanta-escolle-un-novo-responsable-comarcal\\\/#primaryimage\"},\"thumbnailUrl\":\"https:\\\/\\\/www.anovapeneira.gal\\\/wp-content\\\/uploads\\\/2025\\\/03\\\/bng_condado.png\",\"datePublished\":\"2025-03-25T11:00:28+00:00\",\"breadcrumb\":{\"@id\":\"https:\\\/\\\/www.anovapeneira.gal\\\/index.php\\\/2025\\\/03\\\/25\\\/o-bng-do-condado-paradanta-escolle-un-novo-responsable-comarcal\\\/#breadcrumb\"},\"inLanguage\":\"gl-ES\",\"potentialAction\":[{\"@type\":\"ReadAction\",\"target\":[\"https:\\\/\\\/www.anovapeneira.gal\\\/index.php\\\/2025\\\/03\\\/25\\\/o-bng-do-condado-paradanta-escolle-un-novo-responsable-comarcal\\\/\"]}]},{\"@type\":\"ImageObject\",\"inLanguage\":\"gl-ES\",\"@id\":\"https:\\\/\\\/www.anovapeneira.gal\\\/index.php\\\/2025\\\/03\\\/25\\\/o-bng-do-condado-paradanta-escolle-un-novo-responsable-comarcal\\\/#primaryimage\",\"url\":\"https:\\\/\\\/www.anovapeneira.gal\\\/wp-content\\\/uploads\\\/2025\\\/03\\\/bng_condado.png\",\"contentUrl\":\"https:\\\/\\\/www.anovapeneira.gal\\\/wp-content\\\/uploads\\\/2025\\\/03\\\/bng_condado.png\",\"width\":720,\"height\":432,\"caption\":\"BNG Condado javi\"},{\"@type\":\"BreadcrumbList\",\"@id\":\"https:\\\/\\\/www.anovapeneira.gal\\\/index.php\\\/2025\\\/03\\\/25\\\/o-bng-do-condado-paradanta-escolle-un-novo-responsable-comarcal\\\/#breadcrumb\",\"itemListElement\":[{\"@type\":\"ListItem\",\"position\":1,\"name\":\"Portada\",\"item\":\"https:\\\/\\\/www.anovapeneira.gal\\\/\"},{\"@type\":\"ListItem\",\"position\":2,\"name\":\"O BNG do Condado Paradanta escolle un novo responsable comarcal\"}]},{\"@type\":\"WebSite\",\"@id\":\"https:\\\/\\\/www.anovapeneira.gal\\\/#website\",\"url\":\"https:\\\/\\\/www.anovapeneira.gal\\\/\",\"name\":\"\",\"description\":\"Xornal galego de informaci\u00f3n xeral Publicaci\u00f3n mensual de novas de Galicia e en especial dos Concellos da sur da provincia de Pontevedra.\",\"publisher\":{\"@id\":\"https:\\\/\\\/www.anovapeneira.gal\\\/#organization\"},\"potentialAction\":[{\"@type\":\"SearchAction\",\"target\":{\"@type\":\"EntryPoint\",\"urlTemplate\":\"https:\\\/\\\/www.anovapeneira.gal\\\/?s={search_term_string}\"},\"query-input\":{\"@type\":\"PropertyValueSpecification\",\"valueRequired\":true,\"valueName\":\"search_term_string\"}}],\"inLanguage\":\"gl-ES\"},{\"@type\":\"Organization\",\"@id\":\"https:\\\/\\\/www.anovapeneira.gal\\\/#organization\",\"name\":\"A Nova Peneira\",\"url\":\"https:\\\/\\\/www.anovapeneira.gal\\\/\",\"logo\":{\"@type\":\"ImageObject\",\"inLanguage\":\"gl-ES\",\"@id\":\"https:\\\/\\\/www.anovapeneira.gal\\\/#\\\/schema\\\/logo\\\/image\\\/\",\"url\":\"http:\\\/\\\/www.anovapeneira.gal\\\/wp-content\\\/uploads\\\/2019\\\/06\\\/logo_a_nova_peneira_portal_web.png\",\"contentUrl\":\"http:\\\/\\\/www.anovapeneira.gal\\\/wp-content\\\/uploads\\\/2019\\\/06\\\/logo_a_nova_peneira_portal_web.png\",\"width\":300,\"height\":100,\"caption\":\"A Nova Peneira\"},\"image\":{\"@id\":\"https:\\\/\\\/www.anovapeneira.gal\\\/#\\\/schema\\\/logo\\\/image\\\/\"},\"sameAs\":[\"https:\\\/\\\/www.facebook.com\\\/anovapeneira\",\"https:\\\/\\\/x.com\\\/APeneira\"]},{\"@type\":\"Person\",\"@id\":\"https:\\\/\\\/www.anovapeneira.gal\\\/#\\\/schema\\\/person\\\/424dfe65e3070fd8a44d22d2c088762a\",\"name\":\"Tino Lago\",\"image\":{\"@type\":\"ImageObject\",\"inLanguage\":\"gl-ES\",\"@id\":\"https:\\\/\\\/secure.gravatar.com\\\/avatar\\\/b3df6a06e44bab3111583b90f0f33a0379ee5e3d22cbadd232d39f21c30c62be?s=96&d=mm&r=g\",\"url\":\"https:\\\/\\\/secure.gravatar.com\\\/avatar\\\/b3df6a06e44bab3111583b90f0f33a0379ee5e3d22cbadd232d39f21c30c62be?s=96&d=mm&r=g\",\"contentUrl\":\"https:\\\/\\\/secure.gravatar.com\\\/avatar\\\/b3df6a06e44bab3111583b90f0f33a0379ee5e3d22cbadd232d39f21c30c62be?s=96&d=mm&r=g\",\"caption\":\"Tino Lago\"},\"sameAs\":[\"http:\\\/\\\/www.anovapeneira.gal\"],\"url\":\"https:\\\/\\\/www.anovapeneira.gal\\\/index.php\\\/author\\\/director\\\/\"}]}<\/script>\n<!-- \/ Yoast SEO plugin. -->","yoast_head_json":{"title":"O BNG do Condado Paradanta escolle un novo responsable comarcal -","robots":{"index":"index","follow":"follow","max-snippet":"max-snippet:-1","max-image-preview":"max-image-preview:large","max-video-preview":"max-video-preview:-1"},"canonical":"https:\/\/www.anovapeneira.gal\/index.php\/2025\/03\/25\/o-bng-do-condado-paradanta-escolle-un-novo-responsable-comarcal\/","og_locale":"gl_ES","og_type":"article","og_title":"O BNG do Condado Paradanta escolle un novo responsable comarcal -","og_description":"O BNG do Condado Paradanta escolleu unha nova direcci\u00f3n comarcal que est\u00e1 liderada por Javier Vi\u00e9itez, concelleiro en Salvaterra [...]","og_url":"https:\/\/www.anovapeneira.gal\/index.php\/2025\/03\/25\/o-bng-do-condado-paradanta-escolle-un-novo-responsable-comarcal\/","article_publisher":"https:\/\/www.facebook.com\/anovapeneira","article_published_time":"2025-03-25T11:00:28+00:00","og_image":[{"width":720,"height":432,"url":"https:\/\/www.anovapeneira.gal\/wp-content\/uploads\/2025\/03\/bng_condado.png","type":"image\/png"}],"author":"Tino Lago","twitter_card":"summary_large_image","twitter_creator":"@APeneira","twitter_site":"@APeneira","twitter_misc":{"Escrito por":"Tino Lago","Tempo de lectura":"3 minutos"},"schema":{"@context":"https:\/\/schema.org","@graph":[{"@type":"Article","@id":"https:\/\/www.anovapeneira.gal\/index.php\/2025\/03\/25\/o-bng-do-condado-paradanta-escolle-un-novo-responsable-comarcal\/#article","isPartOf":{"@id":"https:\/\/www.anovapeneira.gal\/index.php\/2025\/03\/25\/o-bng-do-condado-paradanta-escolle-un-novo-responsable-comarcal\/"},"author":{"name":"Tino Lago","@id":"https:\/\/www.anovapeneira.gal\/#\/schema\/person\/424dfe65e3070fd8a44d22d2c088762a"},"headline":"O BNG do Condado Paradanta escolle un novo responsable comarcal","datePublished":"2025-03-25T11:00:28+00:00","mainEntityOfPage":{"@id":"https:\/\/www.anovapeneira.gal\/index.php\/2025\/03\/25\/o-bng-do-condado-paradanta-escolle-un-novo-responsable-comarcal\/"},"wordCount":1809,"commentCount":0,"publisher":{"@id":"https:\/\/www.anovapeneira.gal\/#organization"},"image":{"@id":"https:\/\/www.anovapeneira.gal\/index.php\/2025\/03\/25\/o-bng-do-condado-paradanta-escolle-un-novo-responsable-comarcal\/#primaryimage"},"thumbnailUrl":"https:\/\/www.anovapeneira.gal\/wp-content\/uploads\/2025\/03\/bng_condado.png","keywords":["Concello de Salvaterra de Mi\u00f1o"],"articleSection":["Condado"],"inLanguage":"gl-ES","potentialAction":[{"@type":"CommentAction","name":"Comment","target":["https:\/\/www.anovapeneira.gal\/index.php\/2025\/03\/25\/o-bng-do-condado-paradanta-escolle-un-novo-responsable-comarcal\/#respond"]}]},{"@type":"WebPage","@id":"https:\/\/www.anovapeneira.gal\/index.php\/2025\/03\/25\/o-bng-do-condado-paradanta-escolle-un-novo-responsable-comarcal\/","url":"https:\/\/www.anovapeneira.gal\/index.php\/2025\/03\/25\/o-bng-do-condado-paradanta-escolle-un-novo-responsable-comarcal\/","name":"O BNG do Condado Paradanta escolle un novo responsable comarcal -","isPartOf":{"@id":"https:\/\/www.anovapeneira.gal\/#website"},"primaryImageOfPage":{"@id":"https:\/\/www.anovapeneira.gal\/index.php\/2025\/03\/25\/o-bng-do-condado-paradanta-escolle-un-novo-responsable-comarcal\/#primaryimage"},"image":{"@id":"https:\/\/www.anovapeneira.gal\/index.php\/2025\/03\/25\/o-bng-do-condado-paradanta-escolle-un-novo-responsable-comarcal\/#primaryimage"},"thumbnailUrl":"https:\/\/www.anovapeneira.gal\/wp-content\/uploads\/2025\/03\/bng_condado.png","datePublished":"2025-03-25T11:00:28+00:00","breadcrumb":{"@id":"https:\/\/www.anovapeneira.gal\/index.php\/2025\/03\/25\/o-bng-do-condado-paradanta-escolle-un-novo-responsable-comarcal\/#breadcrumb"},"inLanguage":"gl-ES","potentialAction":[{"@type":"ReadAction","target":["https:\/\/www.anovapeneira.gal\/index.php\/2025\/03\/25\/o-bng-do-condado-paradanta-escolle-un-novo-responsable-comarcal\/"]}]},{"@type":"ImageObject","inLanguage":"gl-ES","@id":"https:\/\/www.anovapeneira.gal\/index.php\/2025\/03\/25\/o-bng-do-condado-paradanta-escolle-un-novo-responsable-comarcal\/#primaryimage","url":"https:\/\/www.anovapeneira.gal\/wp-content\/uploads\/2025\/03\/bng_condado.png","contentUrl":"https:\/\/www.anovapeneira.gal\/wp-content\/uploads\/2025\/03\/bng_condado.png","width":720,"height":432,"caption":"BNG Condado javi"},{"@type":"BreadcrumbList","@id":"https:\/\/www.anovapeneira.gal\/index.php\/2025\/03\/25\/o-bng-do-condado-paradanta-escolle-un-novo-responsable-comarcal\/#breadcrumb","itemListElement":[{"@type":"ListItem","position":1,"name":"Portada","item":"https:\/\/www.anovapeneira.gal\/"},{"@type":"ListItem","position":2,"name":"O BNG do Condado Paradanta escolle un novo responsable comarcal"}]},{"@type":"WebSite","@id":"https:\/\/www.anovapeneira.gal\/#website","url":"https:\/\/www.anovapeneira.gal\/","name":"","description":"Xornal galego de informaci\u00f3n xeral Publicaci\u00f3n mensual de novas de Galicia e en especial dos Concellos da sur da provincia de Pontevedra.","publisher":{"@id":"https:\/\/www.anovapeneira.gal\/#organization"},"potentialAction":[{"@type":"SearchAction","target":{"@type":"EntryPoint","urlTemplate":"https:\/\/www.anovapeneira.gal\/?s={search_term_string}"},"query-input":{"@type":"PropertyValueSpecification","valueRequired":true,"valueName":"search_term_string"}}],"inLanguage":"gl-ES"},{"@type":"Organization","@id":"https:\/\/www.anovapeneira.gal\/#organization","name":"A Nova Peneira","url":"https:\/\/www.anovapeneira.gal\/","logo":{"@type":"ImageObject","inLanguage":"gl-ES","@id":"https:\/\/www.anovapeneira.gal\/#\/schema\/logo\/image\/","url":"http:\/\/www.anovapeneira.gal\/wp-content\/uploads\/2019\/06\/logo_a_nova_peneira_portal_web.png","contentUrl":"http:\/\/www.anovapeneira.gal\/wp-content\/uploads\/2019\/06\/logo_a_nova_peneira_portal_web.png","width":300,"height":100,"caption":"A Nova Peneira"},"image":{"@id":"https:\/\/www.anovapeneira.gal\/#\/schema\/logo\/image\/"},"sameAs":["https:\/\/www.facebook.com\/anovapeneira","https:\/\/x.com\/APeneira"]},{"@type":"Person","@id":"https:\/\/www.anovapeneira.gal\/#\/schema\/person\/424dfe65e3070fd8a44d22d2c088762a","name":"Tino Lago","image":{"@type":"ImageObject","inLanguage":"gl-ES","@id":"https:\/\/secure.gravatar.com\/avatar\/b3df6a06e44bab3111583b90f0f33a0379ee5e3d22cbadd232d39f21c30c62be?s=96&d=mm&r=g","url":"https:\/\/secure.gravatar.com\/avatar\/b3df6a06e44bab3111583b90f0f33a0379ee5e3d22cbadd232d39f21c30c62be?s=96&d=mm&r=g","contentUrl":"https:\/\/secure.gravatar.com\/avatar\/b3df6a06e44bab3111583b90f0f33a0379ee5e3d22cbadd232d39f21c30c62be?s=96&d=mm&r=g","caption":"Tino Lago"},"sameAs":["http:\/\/www.anovapeneira.gal"],"url":"https:\/\/www.anovapeneira.gal\/index.php\/author\/director\/"}]}},"jetpack_featured_media_url":"https:\/\/www.anovapeneira.gal\/wp-content\/uploads\/2025\/03\/bng_condado.png","_links":{"self":[{"href":"https:\/\/www.anovapeneira.gal\/index.php\/wp-json\/wp\/v2\/posts\/13589","targetHints":{"allow":["GET"]}}],"collection":[{"href":"https:\/\/www.anovapeneira.gal\/index.php\/wp-json\/wp\/v2\/posts"}],"about":[{"href":"https:\/\/www.anovapeneira.gal\/index.php\/wp-json\/wp\/v2\/types\/post"}],"author":[{"embeddable":true,"href":"https:\/\/www.anovapeneira.gal\/index.php\/wp-json\/wp\/v2\/users\/2"}],"replies":[{"embeddable":true,"href":"https:\/\/www.anovapeneira.gal\/index.php\/wp-json\/wp\/v2\/comments?post=13589"}],"version-history":[{"count":2,"href":"https:\/\/www.anovapeneira.gal\/index.php\/wp-json\/wp\/v2\/posts\/13589\/revisions"}],"predecessor-version":[{"id":13592,"href":"https:\/\/www.anovapeneira.gal\/index.php\/wp-json\/wp\/v2\/posts\/13589\/revisions\/13592"}],"wp:featuredmedia":[{"embeddable":true,"href":"https:\/\/www.anovapeneira.gal\/index.php\/wp-json\/wp\/v2\/media\/13590"}],"wp:attachment":[{"href":"https:\/\/www.anovapeneira.gal\/index.php\/wp-json\/wp\/v2\/media?parent=13589"}],"wp:term":[{"taxonomy":"category","embeddable":true,"href":"https:\/\/www.anovapeneira.gal\/index.php\/wp-json\/wp\/v2\/categories?post=13589"},{"taxonomy":"post_tag","embeddable":true,"href":"https:\/\/www.anovapeneira.gal\/index.php\/wp-json\/wp\/v2\/tags?post=13589"}],"curies":[{"name":"wp","href":"https:\/\/api.w.org\/{rel}","templated":true}]}}