{"id":13593,"date":"2025-03-26T10:00:42","date_gmt":"2025-03-26T09:00:42","guid":{"rendered":"https:\/\/www.anovapeneira.gal\/?p=13593"},"modified":"2025-03-21T13:48:02","modified_gmt":"2025-03-21T12:48:02","slug":"a-asociacion-cultural-almuinha-renova-asua-directiva","status":"publish","type":"post","link":"https:\/\/www.anovapeneira.gal\/index.php\/2025\/03\/26\/a-asociacion-cultural-almuinha-renova-asua-directiva\/","title":{"rendered":"A Asociaci\u00f3n Cultural Almuinha renova as\u00faa directiva"},"content":{"rendered":"\n<h2 class=\"wp-block-heading\"><em>Aar\u00f3n Franco, novo presidente da Asociaci\u00f3n Cultural Almuinha, liderar\u00e1 unha etapa de renovaci\u00f3n e impulso cultural<\/em><\/h2>\n\n\n\n<p>A Asociaci\u00f3n Cultural Almuinha inicia unha nova etapa con enerx\u00eda renovada tras a recente renovaci\u00f3n da s\u00faa directiva. Como resultado deste proceso, a asemblea xeral de finais do ano 2024 elixiu a Aar\u00f3n Franco Out\u00f3n como novo presidente, reforzando as\u00ed o compromiso da entidade coa promoci\u00f3n da cultura galega, a defensa da lingua e a posta en valor do patrimonio do Pa\u00eds.<\/p>\n\n\n\n<p>Aar\u00f3n Franco Out\u00f3n, historiador, docente e activista cultural, conta cunha ampla traxectoria no \u00e1mbito da dinamizaci\u00f3n social e cultural. Natural de Mar\u00edn, leva anos implicado en proxectos que fomentan a identidade galega, a memoria hist\u00f3rica e a participaci\u00f3n cidad\u00e1, tanto desde Almuinha como na s\u00faa faceta de escritor e investigador. Recentemente, publicou o seu poemario Punto e Coma, consolidando as\u00ed a s\u00faa vinculaci\u00f3n co mundo da literatura.<\/p>\n\n\n\n<p>Na s\u00faa primeira intervenci\u00f3n como presidente, Franco Out\u00f3n expresou a s\u00faa gratitude pola confianza depositada nel e destacou a importancia de continuar e fortalecer o traballo da asociaci\u00f3n. \u201cAlmuinha \u00e9 un referente na defensa da nosa cultura e da nosa lingua. Queremos que esta nova etapa sexa unha oportunidade para abrir novas v\u00edas de participaci\u00f3n e seguir facendo de Mar\u00edn un espazo de cultura viva e accesible\u201d, declarou.<\/p>\n\n\n\n<p>A nova equipa directiva inicia esta etapa con ilusi\u00f3n, reforzando o traballo previo e promovendo novos proxectos que ampl\u00eden o alcance da cultura e a s\u00faa conexi\u00f3n coa sociedade. Con esta visi\u00f3n integradora, Almuinha aposta pola cultura como espazo de encontro, reflexi\u00f3n e participaci\u00f3n, favorecendo a conciencia cr\u00edtica e a proxecci\u00f3n da sociedade desde a s\u00faa propia identidade.<\/p>\n\n\n\n<p>A asociaci\u00f3n reafirma o seu papel como motor cultural, impulsando unha cultura aberta, participativa e comprometida. Con ilusi\u00f3n e dedicaci\u00f3n, a nova directiva traballar\u00e1 para fortalecer a identidade e o tecido cultural, mantendo vivo o esp\u00edrito de dinamizaci\u00f3n e defensa da nosa herdanza.<\/p>\n\n\n\n<p>Desde a chegada da nova Xunta directiva consolid\u00e1ronse os talleres de pandeireta, teatro e baile galego, as\u00ed como se v\u00e9n facendo unha aposta pola presentaci\u00f3n de libros e celebraci\u00f3n de coloquios. Desde Carlos Call\u00f3n, ata Lara Dopazo pasando por moitas m\u00e1is autoras que estan por vir, a Asociaci\u00f3n cultural Almuinha ten pechado xa un forte calendario de activades que traer\u00e1 a fortes activos culturais do pais. Desde Emma Pedreira ate Iria Collazo, ou ao fundador da p\u00e1xina Orgullo galego, Borxa Gonz\u00e1lez xunto a outras emprendedoras, Almuinha aposta pola firme defensa da cultura galega e das posibilidades que ten este pais e as s\u00faas propias forzas.<\/p>\n\n\n\n<p>Para iso inicia un cami\u00f1o de impulso renovado con persoas vencelladas ao mundo da cultura.<\/p>\n\n\n\n<p>A.C. ALMUINHA.<\/p>\n\n\n\n<p>Mar\u00edn, 14 de Marzo do 2025<\/p>\n","protected":false},"excerpt":{"rendered":"<div class=\"mh-excerpt\"><p>Aar\u00f3n Franco, novo presidente da Asociaci\u00f3n Cultural Almuinha, liderar\u00e1 unha etapa de renovaci\u00f3n e impulso cultural A Asociaci\u00f3n Cultural Almuinha inicia unha nova etapa con enerx\u00eda renovada tras a recente renovaci\u00f3n da s\u00faa directiva. Como <a class=\"mh-excerpt-more\" href=\"https:\/\/www.anovapeneira.gal\/index.php\/2025\/03\/26\/a-asociacion-cultural-almuinha-renova-asua-directiva\/\" title=\"A Asociaci\u00f3n Cultural Almuinha renova as\u00faa directiva\">[&#8230;]<\/a><\/p>\n<\/div>","protected":false},"author":3,"featured_media":13594,"comment_status":"open","ping_status":"open","sticky":false,"template":"","format":"standard","meta":{"_exactmetrics_skip_tracking":false,"_exactmetrics_sitenote_active":false,"_exactmetrics_sitenote_note":"","_exactmetrics_sitenote_category":0,"footnotes":""},"categories":[22],"tags":[144],"class_list":{"0":"post-13593","1":"post","2":"type-post","3":"status-publish","4":"format-standard","5":"has-post-thumbnail","7":"category-morrazo","8":"tag-concello-de-marin"},"yoast_head":"<!-- This site is optimized with the Yoast SEO plugin v27.4 - https:\/\/yoast.com\/product\/yoast-seo-wordpress\/ -->\n<title>A Asociaci\u00f3n Cultural Almuinha renova as\u00faa directiva -<\/title>\n<meta name=\"robots\" content=\"index, follow, max-snippet:-1, max-image-preview:large, max-video-preview:-1\" \/>\n<link rel=\"canonical\" href=\"https:\/\/www.anovapeneira.gal\/index.php\/2025\/03\/26\/a-asociacion-cultural-almuinha-renova-asua-directiva\/\" \/>\n<meta property=\"og:locale\" content=\"gl_ES\" \/>\n<meta property=\"og:type\" content=\"article\" \/>\n<meta property=\"og:title\" content=\"A Asociaci\u00f3n Cultural Almuinha renova as\u00faa directiva -\" \/>\n<meta property=\"og:description\" content=\"Aar\u00f3n Franco, novo presidente da Asociaci\u00f3n Cultural Almuinha, liderar\u00e1 unha etapa de renovaci\u00f3n e impulso cultural A Asociaci\u00f3n Cultural Almuinha inicia unha nova etapa con enerx\u00eda renovada tras a recente renovaci\u00f3n da s\u00faa directiva. Como [...]\" \/>\n<meta property=\"og:url\" content=\"https:\/\/www.anovapeneira.gal\/index.php\/2025\/03\/26\/a-asociacion-cultural-almuinha-renova-asua-directiva\/\" \/>\n<meta property=\"article:publisher\" content=\"https:\/\/www.facebook.com\/anovapeneira\" \/>\n<meta property=\"article:published_time\" content=\"2025-03-26T09:00:42+00:00\" \/>\n<meta property=\"og:image\" content=\"https:\/\/www.anovapeneira.gal\/wp-content\/uploads\/2025\/03\/aron.png\" \/>\n\t<meta property=\"og:image:width\" content=\"720\" \/>\n\t<meta property=\"og:image:height\" content=\"432\" \/>\n\t<meta property=\"og:image:type\" content=\"image\/png\" \/>\n<meta name=\"author\" content=\"Redacci\u00f3n A Nova Peneira\" \/>\n<meta name=\"twitter:card\" content=\"summary_large_image\" \/>\n<meta name=\"twitter:creator\" content=\"@APeneira\" \/>\n<meta name=\"twitter:site\" content=\"@APeneira\" \/>\n<meta name=\"twitter:label1\" content=\"Escrito por\" \/>\n\t<meta name=\"twitter:data1\" content=\"Redacci\u00f3n A Nova Peneira\" \/>\n\t<meta name=\"twitter:label2\" content=\"Tempo de lectura\" \/>\n\t<meta name=\"twitter:data2\" content=\"3 minutos\" \/>\n<script type=\"application\/ld+json\" class=\"yoast-schema-graph\">{\"@context\":\"https:\\\/\\\/schema.org\",\"@graph\":[{\"@type\":\"Article\",\"@id\":\"https:\\\/\\\/www.anovapeneira.gal\\\/index.php\\\/2025\\\/03\\\/26\\\/a-asociacion-cultural-almuinha-renova-asua-directiva\\\/#article\",\"isPartOf\":{\"@id\":\"https:\\\/\\\/www.anovapeneira.gal\\\/index.php\\\/2025\\\/03\\\/26\\\/a-asociacion-cultural-almuinha-renova-asua-directiva\\\/\"},\"author\":{\"name\":\"Redacci\u00f3n A Nova Peneira\",\"@id\":\"https:\\\/\\\/www.anovapeneira.gal\\\/#\\\/schema\\\/person\\\/b93e3f8932e3f8da96334607eb6ac6aa\"},\"headline\":\"A Asociaci\u00f3n Cultural Almuinha renova as\u00faa directiva\",\"datePublished\":\"2025-03-26T09:00:42+00:00\",\"mainEntityOfPage\":{\"@id\":\"https:\\\/\\\/www.anovapeneira.gal\\\/index.php\\\/2025\\\/03\\\/26\\\/a-asociacion-cultural-almuinha-renova-asua-directiva\\\/\"},\"wordCount\":503,\"commentCount\":0,\"publisher\":{\"@id\":\"https:\\\/\\\/www.anovapeneira.gal\\\/#organization\"},\"image\":{\"@id\":\"https:\\\/\\\/www.anovapeneira.gal\\\/index.php\\\/2025\\\/03\\\/26\\\/a-asociacion-cultural-almuinha-renova-asua-directiva\\\/#primaryimage\"},\"thumbnailUrl\":\"https:\\\/\\\/www.anovapeneira.gal\\\/wp-content\\\/uploads\\\/2025\\\/03\\\/aron.png\",\"keywords\":[\"Concello de Mar\u00edn\"],\"articleSection\":[\"Morrazo\"],\"inLanguage\":\"gl-ES\",\"potentialAction\":[{\"@type\":\"CommentAction\",\"name\":\"Comment\",\"target\":[\"https:\\\/\\\/www.anovapeneira.gal\\\/index.php\\\/2025\\\/03\\\/26\\\/a-asociacion-cultural-almuinha-renova-asua-directiva\\\/#respond\"]}]},{\"@type\":\"WebPage\",\"@id\":\"https:\\\/\\\/www.anovapeneira.gal\\\/index.php\\\/2025\\\/03\\\/26\\\/a-asociacion-cultural-almuinha-renova-asua-directiva\\\/\",\"url\":\"https:\\\/\\\/www.anovapeneira.gal\\\/index.php\\\/2025\\\/03\\\/26\\\/a-asociacion-cultural-almuinha-renova-asua-directiva\\\/\",\"name\":\"A Asociaci\u00f3n Cultural Almuinha renova as\u00faa directiva -\",\"isPartOf\":{\"@id\":\"https:\\\/\\\/www.anovapeneira.gal\\\/#website\"},\"primaryImageOfPage\":{\"@id\":\"https:\\\/\\\/www.anovapeneira.gal\\\/index.php\\\/2025\\\/03\\\/26\\\/a-asociacion-cultural-almuinha-renova-asua-directiva\\\/#primaryimage\"},\"image\":{\"@id\":\"https:\\\/\\\/www.anovapeneira.gal\\\/index.php\\\/2025\\\/03\\\/26\\\/a-asociacion-cultural-almuinha-renova-asua-directiva\\\/#primaryimage\"},\"thumbnailUrl\":\"https:\\\/\\\/www.anovapeneira.gal\\\/wp-content\\\/uploads\\\/2025\\\/03\\\/aron.png\",\"datePublished\":\"2025-03-26T09:00:42+00:00\",\"breadcrumb\":{\"@id\":\"https:\\\/\\\/www.anovapeneira.gal\\\/index.php\\\/2025\\\/03\\\/26\\\/a-asociacion-cultural-almuinha-renova-asua-directiva\\\/#breadcrumb\"},\"inLanguage\":\"gl-ES\",\"potentialAction\":[{\"@type\":\"ReadAction\",\"target\":[\"https:\\\/\\\/www.anovapeneira.gal\\\/index.php\\\/2025\\\/03\\\/26\\\/a-asociacion-cultural-almuinha-renova-asua-directiva\\\/\"]}]},{\"@type\":\"ImageObject\",\"inLanguage\":\"gl-ES\",\"@id\":\"https:\\\/\\\/www.anovapeneira.gal\\\/index.php\\\/2025\\\/03\\\/26\\\/a-asociacion-cultural-almuinha-renova-asua-directiva\\\/#primaryimage\",\"url\":\"https:\\\/\\\/www.anovapeneira.gal\\\/wp-content\\\/uploads\\\/2025\\\/03\\\/aron.png\",\"contentUrl\":\"https:\\\/\\\/www.anovapeneira.gal\\\/wp-content\\\/uploads\\\/2025\\\/03\\\/aron.png\",\"width\":720,\"height\":432,\"caption\":\"Aar\u00f3n Franco\"},{\"@type\":\"BreadcrumbList\",\"@id\":\"https:\\\/\\\/www.anovapeneira.gal\\\/index.php\\\/2025\\\/03\\\/26\\\/a-asociacion-cultural-almuinha-renova-asua-directiva\\\/#breadcrumb\",\"itemListElement\":[{\"@type\":\"ListItem\",\"position\":1,\"name\":\"Portada\",\"item\":\"https:\\\/\\\/www.anovapeneira.gal\\\/\"},{\"@type\":\"ListItem\",\"position\":2,\"name\":\"A Asociaci\u00f3n Cultural Almuinha renova as\u00faa directiva\"}]},{\"@type\":\"WebSite\",\"@id\":\"https:\\\/\\\/www.anovapeneira.gal\\\/#website\",\"url\":\"https:\\\/\\\/www.anovapeneira.gal\\\/\",\"name\":\"\",\"description\":\"Xornal galego de informaci\u00f3n xeral Publicaci\u00f3n mensual de novas de Galicia e en especial dos Concellos da sur da provincia de Pontevedra.\",\"publisher\":{\"@id\":\"https:\\\/\\\/www.anovapeneira.gal\\\/#organization\"},\"potentialAction\":[{\"@type\":\"SearchAction\",\"target\":{\"@type\":\"EntryPoint\",\"urlTemplate\":\"https:\\\/\\\/www.anovapeneira.gal\\\/?s={search_term_string}\"},\"query-input\":{\"@type\":\"PropertyValueSpecification\",\"valueRequired\":true,\"valueName\":\"search_term_string\"}}],\"inLanguage\":\"gl-ES\"},{\"@type\":\"Organization\",\"@id\":\"https:\\\/\\\/www.anovapeneira.gal\\\/#organization\",\"name\":\"A Nova Peneira\",\"url\":\"https:\\\/\\\/www.anovapeneira.gal\\\/\",\"logo\":{\"@type\":\"ImageObject\",\"inLanguage\":\"gl-ES\",\"@id\":\"https:\\\/\\\/www.anovapeneira.gal\\\/#\\\/schema\\\/logo\\\/image\\\/\",\"url\":\"http:\\\/\\\/www.anovapeneira.gal\\\/wp-content\\\/uploads\\\/2019\\\/06\\\/logo_a_nova_peneira_portal_web.png\",\"contentUrl\":\"http:\\\/\\\/www.anovapeneira.gal\\\/wp-content\\\/uploads\\\/2019\\\/06\\\/logo_a_nova_peneira_portal_web.png\",\"width\":300,\"height\":100,\"caption\":\"A Nova Peneira\"},\"image\":{\"@id\":\"https:\\\/\\\/www.anovapeneira.gal\\\/#\\\/schema\\\/logo\\\/image\\\/\"},\"sameAs\":[\"https:\\\/\\\/www.facebook.com\\\/anovapeneira\",\"https:\\\/\\\/x.com\\\/APeneira\"]},{\"@type\":\"Person\",\"@id\":\"https:\\\/\\\/www.anovapeneira.gal\\\/#\\\/schema\\\/person\\\/b93e3f8932e3f8da96334607eb6ac6aa\",\"name\":\"Redacci\u00f3n A Nova Peneira\",\"image\":{\"@type\":\"ImageObject\",\"inLanguage\":\"gl-ES\",\"@id\":\"https:\\\/\\\/secure.gravatar.com\\\/avatar\\\/c052a2551a06e23fac63626232eaa90abd78dbcf1700fc46a2b2c89fd27b735f?s=96&d=mm&r=g\",\"url\":\"https:\\\/\\\/secure.gravatar.com\\\/avatar\\\/c052a2551a06e23fac63626232eaa90abd78dbcf1700fc46a2b2c89fd27b735f?s=96&d=mm&r=g\",\"contentUrl\":\"https:\\\/\\\/secure.gravatar.com\\\/avatar\\\/c052a2551a06e23fac63626232eaa90abd78dbcf1700fc46a2b2c89fd27b735f?s=96&d=mm&r=g\",\"caption\":\"Redacci\u00f3n A Nova Peneira\"},\"sameAs\":[\"http:\\\/\\\/www.anovapeneira.gal\\\/\"],\"url\":\"https:\\\/\\\/www.anovapeneira.gal\\\/index.php\\\/author\\\/redactor\\\/\"}]}<\/script>\n<!-- \/ Yoast SEO plugin. -->","yoast_head_json":{"title":"A Asociaci\u00f3n Cultural Almuinha renova as\u00faa directiva -","robots":{"index":"index","follow":"follow","max-snippet":"max-snippet:-1","max-image-preview":"max-image-preview:large","max-video-preview":"max-video-preview:-1"},"canonical":"https:\/\/www.anovapeneira.gal\/index.php\/2025\/03\/26\/a-asociacion-cultural-almuinha-renova-asua-directiva\/","og_locale":"gl_ES","og_type":"article","og_title":"A Asociaci\u00f3n Cultural Almuinha renova as\u00faa directiva -","og_description":"Aar\u00f3n Franco, novo presidente da Asociaci\u00f3n Cultural Almuinha, liderar\u00e1 unha etapa de renovaci\u00f3n e impulso cultural A Asociaci\u00f3n Cultural Almuinha inicia unha nova etapa con enerx\u00eda renovada tras a recente renovaci\u00f3n da s\u00faa directiva. Como [...]","og_url":"https:\/\/www.anovapeneira.gal\/index.php\/2025\/03\/26\/a-asociacion-cultural-almuinha-renova-asua-directiva\/","article_publisher":"https:\/\/www.facebook.com\/anovapeneira","article_published_time":"2025-03-26T09:00:42+00:00","og_image":[{"width":720,"height":432,"url":"https:\/\/www.anovapeneira.gal\/wp-content\/uploads\/2025\/03\/aron.png","type":"image\/png"}],"author":"Redacci\u00f3n A Nova Peneira","twitter_card":"summary_large_image","twitter_creator":"@APeneira","twitter_site":"@APeneira","twitter_misc":{"Escrito por":"Redacci\u00f3n A Nova Peneira","Tempo de lectura":"3 minutos"},"schema":{"@context":"https:\/\/schema.org","@graph":[{"@type":"Article","@id":"https:\/\/www.anovapeneira.gal\/index.php\/2025\/03\/26\/a-asociacion-cultural-almuinha-renova-asua-directiva\/#article","isPartOf":{"@id":"https:\/\/www.anovapeneira.gal\/index.php\/2025\/03\/26\/a-asociacion-cultural-almuinha-renova-asua-directiva\/"},"author":{"name":"Redacci\u00f3n A Nova Peneira","@id":"https:\/\/www.anovapeneira.gal\/#\/schema\/person\/b93e3f8932e3f8da96334607eb6ac6aa"},"headline":"A Asociaci\u00f3n Cultural Almuinha renova as\u00faa directiva","datePublished":"2025-03-26T09:00:42+00:00","mainEntityOfPage":{"@id":"https:\/\/www.anovapeneira.gal\/index.php\/2025\/03\/26\/a-asociacion-cultural-almuinha-renova-asua-directiva\/"},"wordCount":503,"commentCount":0,"publisher":{"@id":"https:\/\/www.anovapeneira.gal\/#organization"},"image":{"@id":"https:\/\/www.anovapeneira.gal\/index.php\/2025\/03\/26\/a-asociacion-cultural-almuinha-renova-asua-directiva\/#primaryimage"},"thumbnailUrl":"https:\/\/www.anovapeneira.gal\/wp-content\/uploads\/2025\/03\/aron.png","keywords":["Concello de Mar\u00edn"],"articleSection":["Morrazo"],"inLanguage":"gl-ES","potentialAction":[{"@type":"CommentAction","name":"Comment","target":["https:\/\/www.anovapeneira.gal\/index.php\/2025\/03\/26\/a-asociacion-cultural-almuinha-renova-asua-directiva\/#respond"]}]},{"@type":"WebPage","@id":"https:\/\/www.anovapeneira.gal\/index.php\/2025\/03\/26\/a-asociacion-cultural-almuinha-renova-asua-directiva\/","url":"https:\/\/www.anovapeneira.gal\/index.php\/2025\/03\/26\/a-asociacion-cultural-almuinha-renova-asua-directiva\/","name":"A Asociaci\u00f3n Cultural Almuinha renova as\u00faa directiva -","isPartOf":{"@id":"https:\/\/www.anovapeneira.gal\/#website"},"primaryImageOfPage":{"@id":"https:\/\/www.anovapeneira.gal\/index.php\/2025\/03\/26\/a-asociacion-cultural-almuinha-renova-asua-directiva\/#primaryimage"},"image":{"@id":"https:\/\/www.anovapeneira.gal\/index.php\/2025\/03\/26\/a-asociacion-cultural-almuinha-renova-asua-directiva\/#primaryimage"},"thumbnailUrl":"https:\/\/www.anovapeneira.gal\/wp-content\/uploads\/2025\/03\/aron.png","datePublished":"2025-03-26T09:00:42+00:00","breadcrumb":{"@id":"https:\/\/www.anovapeneira.gal\/index.php\/2025\/03\/26\/a-asociacion-cultural-almuinha-renova-asua-directiva\/#breadcrumb"},"inLanguage":"gl-ES","potentialAction":[{"@type":"ReadAction","target":["https:\/\/www.anovapeneira.gal\/index.php\/2025\/03\/26\/a-asociacion-cultural-almuinha-renova-asua-directiva\/"]}]},{"@type":"ImageObject","inLanguage":"gl-ES","@id":"https:\/\/www.anovapeneira.gal\/index.php\/2025\/03\/26\/a-asociacion-cultural-almuinha-renova-asua-directiva\/#primaryimage","url":"https:\/\/www.anovapeneira.gal\/wp-content\/uploads\/2025\/03\/aron.png","contentUrl":"https:\/\/www.anovapeneira.gal\/wp-content\/uploads\/2025\/03\/aron.png","width":720,"height":432,"caption":"Aar\u00f3n Franco"},{"@type":"BreadcrumbList","@id":"https:\/\/www.anovapeneira.gal\/index.php\/2025\/03\/26\/a-asociacion-cultural-almuinha-renova-asua-directiva\/#breadcrumb","itemListElement":[{"@type":"ListItem","position":1,"name":"Portada","item":"https:\/\/www.anovapeneira.gal\/"},{"@type":"ListItem","position":2,"name":"A Asociaci\u00f3n Cultural Almuinha renova as\u00faa directiva"}]},{"@type":"WebSite","@id":"https:\/\/www.anovapeneira.gal\/#website","url":"https:\/\/www.anovapeneira.gal\/","name":"","description":"Xornal galego de informaci\u00f3n xeral Publicaci\u00f3n mensual de novas de Galicia e en especial dos Concellos da sur da provincia de Pontevedra.","publisher":{"@id":"https:\/\/www.anovapeneira.gal\/#organization"},"potentialAction":[{"@type":"SearchAction","target":{"@type":"EntryPoint","urlTemplate":"https:\/\/www.anovapeneira.gal\/?s={search_term_string}"},"query-input":{"@type":"PropertyValueSpecification","valueRequired":true,"valueName":"search_term_string"}}],"inLanguage":"gl-ES"},{"@type":"Organization","@id":"https:\/\/www.anovapeneira.gal\/#organization","name":"A Nova Peneira","url":"https:\/\/www.anovapeneira.gal\/","logo":{"@type":"ImageObject","inLanguage":"gl-ES","@id":"https:\/\/www.anovapeneira.gal\/#\/schema\/logo\/image\/","url":"http:\/\/www.anovapeneira.gal\/wp-content\/uploads\/2019\/06\/logo_a_nova_peneira_portal_web.png","contentUrl":"http:\/\/www.anovapeneira.gal\/wp-content\/uploads\/2019\/06\/logo_a_nova_peneira_portal_web.png","width":300,"height":100,"caption":"A Nova Peneira"},"image":{"@id":"https:\/\/www.anovapeneira.gal\/#\/schema\/logo\/image\/"},"sameAs":["https:\/\/www.facebook.com\/anovapeneira","https:\/\/x.com\/APeneira"]},{"@type":"Person","@id":"https:\/\/www.anovapeneira.gal\/#\/schema\/person\/b93e3f8932e3f8da96334607eb6ac6aa","name":"Redacci\u00f3n A Nova Peneira","image":{"@type":"ImageObject","inLanguage":"gl-ES","@id":"https:\/\/secure.gravatar.com\/avatar\/c052a2551a06e23fac63626232eaa90abd78dbcf1700fc46a2b2c89fd27b735f?s=96&d=mm&r=g","url":"https:\/\/secure.gravatar.com\/avatar\/c052a2551a06e23fac63626232eaa90abd78dbcf1700fc46a2b2c89fd27b735f?s=96&d=mm&r=g","contentUrl":"https:\/\/secure.gravatar.com\/avatar\/c052a2551a06e23fac63626232eaa90abd78dbcf1700fc46a2b2c89fd27b735f?s=96&d=mm&r=g","caption":"Redacci\u00f3n A Nova Peneira"},"sameAs":["http:\/\/www.anovapeneira.gal\/"],"url":"https:\/\/www.anovapeneira.gal\/index.php\/author\/redactor\/"}]}},"jetpack_featured_media_url":"https:\/\/www.anovapeneira.gal\/wp-content\/uploads\/2025\/03\/aron.png","_links":{"self":[{"href":"https:\/\/www.anovapeneira.gal\/index.php\/wp-json\/wp\/v2\/posts\/13593","targetHints":{"allow":["GET"]}}],"collection":[{"href":"https:\/\/www.anovapeneira.gal\/index.php\/wp-json\/wp\/v2\/posts"}],"about":[{"href":"https:\/\/www.anovapeneira.gal\/index.php\/wp-json\/wp\/v2\/types\/post"}],"author":[{"embeddable":true,"href":"https:\/\/www.anovapeneira.gal\/index.php\/wp-json\/wp\/v2\/users\/3"}],"replies":[{"embeddable":true,"href":"https:\/\/www.anovapeneira.gal\/index.php\/wp-json\/wp\/v2\/comments?post=13593"}],"version-history":[{"count":1,"href":"https:\/\/www.anovapeneira.gal\/index.php\/wp-json\/wp\/v2\/posts\/13593\/revisions"}],"predecessor-version":[{"id":13595,"href":"https:\/\/www.anovapeneira.gal\/index.php\/wp-json\/wp\/v2\/posts\/13593\/revisions\/13595"}],"wp:featuredmedia":[{"embeddable":true,"href":"https:\/\/www.anovapeneira.gal\/index.php\/wp-json\/wp\/v2\/media\/13594"}],"wp:attachment":[{"href":"https:\/\/www.anovapeneira.gal\/index.php\/wp-json\/wp\/v2\/media?parent=13593"}],"wp:term":[{"taxonomy":"category","embeddable":true,"href":"https:\/\/www.anovapeneira.gal\/index.php\/wp-json\/wp\/v2\/categories?post=13593"},{"taxonomy":"post_tag","embeddable":true,"href":"https:\/\/www.anovapeneira.gal\/index.php\/wp-json\/wp\/v2\/tags?post=13593"}],"curies":[{"name":"wp","href":"https:\/\/api.w.org\/{rel}","templated":true}]}}