{"id":13596,"date":"2025-03-26T12:00:18","date_gmt":"2025-03-26T11:00:18","guid":{"rendered":"https:\/\/www.anovapeneira.gal\/?p=13596"},"modified":"2025-03-21T13:52:40","modified_gmt":"2025-03-21T12:52:40","slug":"as-mulleres-non-se-alugan-as-crianzas-non-se-mercan","status":"publish","type":"post","link":"https:\/\/www.anovapeneira.gal\/index.php\/2025\/03\/26\/as-mulleres-non-se-alugan-as-crianzas-non-se-mercan\/","title":{"rendered":"As mulleres non se alugan, as crianzas non se mercan"},"content":{"rendered":"\n<p>Un dos temas centrais da axenda feminista desta cuarta onda do feminismo \u00e9 a explotaci\u00f3n reprodutiva das mulleres e a compravenda de crianzas. A mal chamada \u201cxestaci\u00f3n.<\/p>\n\n\n\n<p>subrogada\u201d, tam\u00e9n co\u00f1ecida popularmente como \u201cventres de alugueiro\u201d, converteuse nas \u00faltimas d\u00e9cadas nun negocio multimillonario a escala global; un negocio de extraordinaria opacidade, no que \u00e9 imposible saber cantos cartos se moven, e que incl\u00fae desde cl\u00ednicas de fertilidade ata axencias de viaxes, pasando por bufetes de avogac\u00eda, axencias publicitarias ou entidades financeiras, entre outros. Todas estas empresas obte\u00f1en un lucro considerable a costa da sa\u00fade das mulleres m\u00e1is vulnerables economicamente.<\/p>\n\n\n\n<p>Nos \u00faltimos tempos este poderos\u00edsimo lobby econ\u00f3mico est\u00e1 intensificando as campa\u00f1as dirixidas \u00e1 normalizaci\u00f3n social desta pr\u00e1ctica, de xeito que se favoreza o proceso da s\u00faa<\/p>\n\n\n\n<p>legalizaci\u00f3n a nivel global para as\u00ed incrementar as s\u00faas xa desmesuradas ganancias. As<\/p>\n\n\n\n<p>universidades organizan xornadas, congresos e seminarios louvando as marabillas do que se presenta falazmente como unha t\u00e9cnica de reproduci\u00f3n asistida, ademais dunha interesante oportunidade de desenvolvemento profesional para o estudantado universitario en ramas tan diversas coma a Medicina, o Dereito ou as Ciencias Empresariais. Tam\u00e9n captan estudantes universitarias con necesidades econ\u00f3micas para que se convertan en \u201cdoadoras\u201d de \u00f3vulos.<\/p>\n\n\n\n<p>Pola s\u00faa banda, os medios de comunicaci\u00f3n presentan historias emotivas de persoas, con frecuencia famosas, que, imposibilitadas para teren crianzas propias, conseguen formar<\/p>\n\n\n\n<p>unha familia grazas ao \u201caltru\u00edsmo\u201d dunha muller marabillosa que decide xestar por encargo e entregarlles o beb\u00e9. Pero os medios s\u00f3 dan voz \u00e1s persoas compradoras e nunca falan destas nais: ocultan o seu nome e condici\u00f3n socioecon\u00f3mica, as\u00ed como os motivos que as<\/p>\n\n\n\n<p>levaron a aceptar someterse a un embarazo e un parto para despois desprend\u00e9rense da criatura. Tampouco mencionan nunca os medios as terribles condici\u00f3ns do contrato que estas nais se ven obrigadas a asinar, contratos que regulan ata os aspectos m\u00e1is \u00edntimos da s\u00faa vida durante os meses que dura o proceso; non falan tampouco das pr\u00e1cticas m\u00e9dicas e psicol\u00f3xicas \u00e1s que son sometidas \u00e1s nais, pr\u00e1cticas que entra\u00f1an graves riscos para a s\u00faa sa\u00fade e mesmo para a propia vida. Na linguaxe deshumanizadora dos medios, estas<\/p>\n\n\n\n<p>mulleres son reducidas a \u201cxestantes\u201d, meros instrumentos no proceso reprodutivo, meras incubadoras.<\/p>\n\n\n\n<p>Nada din tampouco os medios sobre os numerosos casos en que as crianzas que nacen<\/p>\n\n\n\n<p>acaban abandonadas por non cumpriren as expectativas das persoas compradoras, ben por non seren do sexo desexado, ben por teren enfermidades ou malformaci\u00f3ns. As crianzas son cousificadas e convertidas nun mero obxecto de comercio, nunha mercador\u00eda que se dese\u00f1a ao gusto de quen paga e se desbota se non satisfai as s\u00faas esixencias, e os medios de<\/p>\n\n\n\n<p>comunicaci\u00f3n son c\u00f3mplices desta aldraxe.<\/p>\n\n\n\n<p>Entrementres, gobernos de toda ideolox\u00eda legalizan a explotaci\u00f3n reprodutiva das mulleres e a compravenda de criaturas: desde Estados Unidos, paradigma do neoliberalismo m\u00e1is exacerbado, ata a propia Cuba, que no seu recente C\u00f3digo das Familias legalizou a versi\u00f3n<\/p>\n\n\n\n<p>\u201caltru\u00edsta\u201d. Mais, como demostra a experiencia, ese suposto altru\u00edsmo \u00e9 unha gran mentira, unha m\u00e1scara que oculta a explotaci\u00f3n das mulleres que se prestan a xestar condicionadas pola falta de alternativas e a necesidade econ\u00f3mica, especialmente as mulleres do Sur global. Cando en Reino Unido se legalizou a versi\u00f3n \u201caltru\u00edsta\u201d, non hab\u00eda mulleres suficientes para satisfacer a demanda de compradores de beb\u00e9s, que seguiron recorrendo a pa\u00edses como India. A diferenza \u00e9 que, cando a pr\u00e1ctica \u00e9 legal no pa\u00eds de orixe das persoas compradoras, \u00e9stas atopan moitas m\u00e1is facilidades para inscribiren os seus beb\u00e9s cando chegan de volta ao pa\u00eds. As\u00ed, esta suposta versi\u00f3n \u201caltru\u00edsta\u201d \u00e9 en realidade unicamente a porta de entrada para a versi\u00f3n comercial.<\/p>\n\n\n\n<p>No Estado espa\u00f1ol, malia que os contratos que impliquen xestar para terceiras persoas son nulos de pleno dereito, isto \u00e9, a explotaci\u00f3n reprodutiva \u00e9 ilegal, a Instruci\u00f3n de 2010 da Direcci\u00f3n Xeral dos Rexistros e o Notariado permite inscribir no Rexistro Civil criaturas nacidas mediante explotaci\u00f3n reprodutiva no estranxeiro, sempre que se presente unha resoluci\u00f3n xudicial do pa\u00eds de orixe que acredite a filiaci\u00f3n. Esta instruci\u00f3n, aprobada polo goberno de Zapatero, legaliza <em>de facto <\/em>unha pr\u00e1ctica prohibida pola lei, o que constit\u00fae un delito de prevaricaci\u00f3n que xa dura quince anos e varios gobernos de distintas cores, sen que a s\u00faa derrogaci\u00f3n semelle estar preto.<\/p>\n\n\n\n<p>Dende o feminismo, denunciamos que a explotaci\u00f3n reprodutiva \u00e9 un dos maiores ataques contra as mulleres por parte do patriarcado neoliberal. \u00c9 unha pr\u00e1ctica que atenta contra o concepto de dignidade humana e vulnera gravemente os dereitos humanos das mulleres e das crianzas, que son mercantilizadas e cousificadas. Esiximos a s\u00faa abolici\u00f3n universal para que ningunha muller pobre, en ning\u00fan lugar do mundo, poida ser explotada por persoas con cartos que pretendan converter en dereitos os seus desexos de reproducirse. A vida humana non pode ser obxecto de compravenda. As mulleres non se alugan, as crianzas non se mercan!<\/p>\n","protected":false},"excerpt":{"rendered":"<div class=\"mh-excerpt\"><p>Un dos temas centrais da axenda feminista desta cuarta onda do feminismo \u00e9 a explotaci\u00f3n reprodutiva das mulleres e a compravenda de crianzas. A mal chamada \u201cxestaci\u00f3n. <a class=\"mh-excerpt-more\" href=\"https:\/\/www.anovapeneira.gal\/index.php\/2025\/03\/26\/as-mulleres-non-se-alugan-as-crianzas-non-se-mercan\/\" title=\"As mulleres non se alugan, as crianzas non se mercan\">[&#8230;]<\/a><\/p>\n<\/div>","protected":false},"author":3,"featured_media":13363,"comment_status":"open","ping_status":"open","sticky":false,"template":"","format":"standard","meta":{"_exactmetrics_skip_tracking":false,"_exactmetrics_sitenote_active":false,"_exactmetrics_sitenote_note":"","_exactmetrics_sitenote_category":0,"footnotes":""},"categories":[7],"tags":[],"class_list":{"0":"post-13596","1":"post","2":"type-post","3":"status-publish","4":"format-standard","5":"has-post-thumbnail","7":"category-artigos-de-opinion"},"yoast_head":"<!-- This site is optimized with the Yoast SEO plugin v27.4 - https:\/\/yoast.com\/product\/yoast-seo-wordpress\/ -->\n<title>As mulleres non se alugan, as crianzas non se mercan -<\/title>\n<meta name=\"robots\" content=\"index, follow, max-snippet:-1, max-image-preview:large, max-video-preview:-1\" \/>\n<link rel=\"canonical\" href=\"https:\/\/www.anovapeneira.gal\/index.php\/2025\/03\/26\/as-mulleres-non-se-alugan-as-crianzas-non-se-mercan\/\" \/>\n<meta property=\"og:locale\" content=\"gl_ES\" \/>\n<meta property=\"og:type\" content=\"article\" \/>\n<meta property=\"og:title\" content=\"As mulleres non se alugan, as crianzas non se mercan -\" \/>\n<meta property=\"og:description\" content=\"Un dos temas centrais da axenda feminista desta cuarta onda do feminismo \u00e9 a explotaci\u00f3n reprodutiva das mulleres e a compravenda de crianzas. A mal chamada \u201cxestaci\u00f3n. [...]\" \/>\n<meta property=\"og:url\" content=\"https:\/\/www.anovapeneira.gal\/index.php\/2025\/03\/26\/as-mulleres-non-se-alugan-as-crianzas-non-se-mercan\/\" \/>\n<meta property=\"article:publisher\" content=\"https:\/\/www.facebook.com\/anovapeneira\" \/>\n<meta property=\"article:published_time\" content=\"2025-03-26T11:00:18+00:00\" \/>\n<meta property=\"og:image\" content=\"https:\/\/www.anovapeneira.gal\/wp-content\/uploads\/2025\/02\/Silveiras.jpg\" \/>\n\t<meta property=\"og:image:width\" content=\"720\" \/>\n\t<meta property=\"og:image:height\" content=\"432\" \/>\n\t<meta property=\"og:image:type\" content=\"image\/jpeg\" \/>\n<meta name=\"author\" content=\"Redacci\u00f3n A Nova Peneira\" \/>\n<meta name=\"twitter:card\" content=\"summary_large_image\" \/>\n<meta name=\"twitter:creator\" content=\"@APeneira\" \/>\n<meta name=\"twitter:site\" content=\"@APeneira\" \/>\n<meta name=\"twitter:label1\" content=\"Escrito por\" \/>\n\t<meta name=\"twitter:data1\" content=\"Redacci\u00f3n A Nova Peneira\" \/>\n\t<meta name=\"twitter:label2\" content=\"Tempo de lectura\" \/>\n\t<meta name=\"twitter:data2\" content=\"5 minutos\" \/>\n<script type=\"application\/ld+json\" class=\"yoast-schema-graph\">{\"@context\":\"https:\\\/\\\/schema.org\",\"@graph\":[{\"@type\":\"Article\",\"@id\":\"https:\\\/\\\/www.anovapeneira.gal\\\/index.php\\\/2025\\\/03\\\/26\\\/as-mulleres-non-se-alugan-as-crianzas-non-se-mercan\\\/#article\",\"isPartOf\":{\"@id\":\"https:\\\/\\\/www.anovapeneira.gal\\\/index.php\\\/2025\\\/03\\\/26\\\/as-mulleres-non-se-alugan-as-crianzas-non-se-mercan\\\/\"},\"author\":{\"name\":\"Redacci\u00f3n A Nova Peneira\",\"@id\":\"https:\\\/\\\/www.anovapeneira.gal\\\/#\\\/schema\\\/person\\\/b93e3f8932e3f8da96334607eb6ac6aa\"},\"headline\":\"As mulleres non se alugan, as crianzas non se mercan\",\"datePublished\":\"2025-03-26T11:00:18+00:00\",\"mainEntityOfPage\":{\"@id\":\"https:\\\/\\\/www.anovapeneira.gal\\\/index.php\\\/2025\\\/03\\\/26\\\/as-mulleres-non-se-alugan-as-crianzas-non-se-mercan\\\/\"},\"wordCount\":883,\"commentCount\":1,\"publisher\":{\"@id\":\"https:\\\/\\\/www.anovapeneira.gal\\\/#organization\"},\"image\":{\"@id\":\"https:\\\/\\\/www.anovapeneira.gal\\\/index.php\\\/2025\\\/03\\\/26\\\/as-mulleres-non-se-alugan-as-crianzas-non-se-mercan\\\/#primaryimage\"},\"thumbnailUrl\":\"https:\\\/\\\/www.anovapeneira.gal\\\/wp-content\\\/uploads\\\/2025\\\/02\\\/Silveiras.jpg\",\"articleSection\":[\"Artigos de opini\u00f3n\"],\"inLanguage\":\"gl-ES\",\"potentialAction\":[{\"@type\":\"CommentAction\",\"name\":\"Comment\",\"target\":[\"https:\\\/\\\/www.anovapeneira.gal\\\/index.php\\\/2025\\\/03\\\/26\\\/as-mulleres-non-se-alugan-as-crianzas-non-se-mercan\\\/#respond\"]}]},{\"@type\":\"WebPage\",\"@id\":\"https:\\\/\\\/www.anovapeneira.gal\\\/index.php\\\/2025\\\/03\\\/26\\\/as-mulleres-non-se-alugan-as-crianzas-non-se-mercan\\\/\",\"url\":\"https:\\\/\\\/www.anovapeneira.gal\\\/index.php\\\/2025\\\/03\\\/26\\\/as-mulleres-non-se-alugan-as-crianzas-non-se-mercan\\\/\",\"name\":\"As mulleres non se alugan, as crianzas non se mercan -\",\"isPartOf\":{\"@id\":\"https:\\\/\\\/www.anovapeneira.gal\\\/#website\"},\"primaryImageOfPage\":{\"@id\":\"https:\\\/\\\/www.anovapeneira.gal\\\/index.php\\\/2025\\\/03\\\/26\\\/as-mulleres-non-se-alugan-as-crianzas-non-se-mercan\\\/#primaryimage\"},\"image\":{\"@id\":\"https:\\\/\\\/www.anovapeneira.gal\\\/index.php\\\/2025\\\/03\\\/26\\\/as-mulleres-non-se-alugan-as-crianzas-non-se-mercan\\\/#primaryimage\"},\"thumbnailUrl\":\"https:\\\/\\\/www.anovapeneira.gal\\\/wp-content\\\/uploads\\\/2025\\\/02\\\/Silveiras.jpg\",\"datePublished\":\"2025-03-26T11:00:18+00:00\",\"breadcrumb\":{\"@id\":\"https:\\\/\\\/www.anovapeneira.gal\\\/index.php\\\/2025\\\/03\\\/26\\\/as-mulleres-non-se-alugan-as-crianzas-non-se-mercan\\\/#breadcrumb\"},\"inLanguage\":\"gl-ES\",\"potentialAction\":[{\"@type\":\"ReadAction\",\"target\":[\"https:\\\/\\\/www.anovapeneira.gal\\\/index.php\\\/2025\\\/03\\\/26\\\/as-mulleres-non-se-alugan-as-crianzas-non-se-mercan\\\/\"]}]},{\"@type\":\"ImageObject\",\"inLanguage\":\"gl-ES\",\"@id\":\"https:\\\/\\\/www.anovapeneira.gal\\\/index.php\\\/2025\\\/03\\\/26\\\/as-mulleres-non-se-alugan-as-crianzas-non-se-mercan\\\/#primaryimage\",\"url\":\"https:\\\/\\\/www.anovapeneira.gal\\\/wp-content\\\/uploads\\\/2025\\\/02\\\/Silveiras.jpg\",\"contentUrl\":\"https:\\\/\\\/www.anovapeneira.gal\\\/wp-content\\\/uploads\\\/2025\\\/02\\\/Silveiras.jpg\",\"width\":720,\"height\":432,\"caption\":\"Silveiras Asociaci\u00f3n feminista\"},{\"@type\":\"BreadcrumbList\",\"@id\":\"https:\\\/\\\/www.anovapeneira.gal\\\/index.php\\\/2025\\\/03\\\/26\\\/as-mulleres-non-se-alugan-as-crianzas-non-se-mercan\\\/#breadcrumb\",\"itemListElement\":[{\"@type\":\"ListItem\",\"position\":1,\"name\":\"Portada\",\"item\":\"https:\\\/\\\/www.anovapeneira.gal\\\/\"},{\"@type\":\"ListItem\",\"position\":2,\"name\":\"As mulleres non se alugan, as crianzas non se mercan\"}]},{\"@type\":\"WebSite\",\"@id\":\"https:\\\/\\\/www.anovapeneira.gal\\\/#website\",\"url\":\"https:\\\/\\\/www.anovapeneira.gal\\\/\",\"name\":\"\",\"description\":\"Xornal galego de informaci\u00f3n xeral Publicaci\u00f3n mensual de novas de Galicia e en especial dos Concellos da sur da provincia de Pontevedra.\",\"publisher\":{\"@id\":\"https:\\\/\\\/www.anovapeneira.gal\\\/#organization\"},\"potentialAction\":[{\"@type\":\"SearchAction\",\"target\":{\"@type\":\"EntryPoint\",\"urlTemplate\":\"https:\\\/\\\/www.anovapeneira.gal\\\/?s={search_term_string}\"},\"query-input\":{\"@type\":\"PropertyValueSpecification\",\"valueRequired\":true,\"valueName\":\"search_term_string\"}}],\"inLanguage\":\"gl-ES\"},{\"@type\":\"Organization\",\"@id\":\"https:\\\/\\\/www.anovapeneira.gal\\\/#organization\",\"name\":\"A Nova Peneira\",\"url\":\"https:\\\/\\\/www.anovapeneira.gal\\\/\",\"logo\":{\"@type\":\"ImageObject\",\"inLanguage\":\"gl-ES\",\"@id\":\"https:\\\/\\\/www.anovapeneira.gal\\\/#\\\/schema\\\/logo\\\/image\\\/\",\"url\":\"http:\\\/\\\/www.anovapeneira.gal\\\/wp-content\\\/uploads\\\/2019\\\/06\\\/logo_a_nova_peneira_portal_web.png\",\"contentUrl\":\"http:\\\/\\\/www.anovapeneira.gal\\\/wp-content\\\/uploads\\\/2019\\\/06\\\/logo_a_nova_peneira_portal_web.png\",\"width\":300,\"height\":100,\"caption\":\"A Nova Peneira\"},\"image\":{\"@id\":\"https:\\\/\\\/www.anovapeneira.gal\\\/#\\\/schema\\\/logo\\\/image\\\/\"},\"sameAs\":[\"https:\\\/\\\/www.facebook.com\\\/anovapeneira\",\"https:\\\/\\\/x.com\\\/APeneira\"]},{\"@type\":\"Person\",\"@id\":\"https:\\\/\\\/www.anovapeneira.gal\\\/#\\\/schema\\\/person\\\/b93e3f8932e3f8da96334607eb6ac6aa\",\"name\":\"Redacci\u00f3n A Nova Peneira\",\"image\":{\"@type\":\"ImageObject\",\"inLanguage\":\"gl-ES\",\"@id\":\"https:\\\/\\\/secure.gravatar.com\\\/avatar\\\/c052a2551a06e23fac63626232eaa90abd78dbcf1700fc46a2b2c89fd27b735f?s=96&d=mm&r=g\",\"url\":\"https:\\\/\\\/secure.gravatar.com\\\/avatar\\\/c052a2551a06e23fac63626232eaa90abd78dbcf1700fc46a2b2c89fd27b735f?s=96&d=mm&r=g\",\"contentUrl\":\"https:\\\/\\\/secure.gravatar.com\\\/avatar\\\/c052a2551a06e23fac63626232eaa90abd78dbcf1700fc46a2b2c89fd27b735f?s=96&d=mm&r=g\",\"caption\":\"Redacci\u00f3n A Nova Peneira\"},\"sameAs\":[\"http:\\\/\\\/www.anovapeneira.gal\\\/\"],\"url\":\"https:\\\/\\\/www.anovapeneira.gal\\\/index.php\\\/author\\\/redactor\\\/\"}]}<\/script>\n<!-- \/ Yoast SEO plugin. -->","yoast_head_json":{"title":"As mulleres non se alugan, as crianzas non se mercan -","robots":{"index":"index","follow":"follow","max-snippet":"max-snippet:-1","max-image-preview":"max-image-preview:large","max-video-preview":"max-video-preview:-1"},"canonical":"https:\/\/www.anovapeneira.gal\/index.php\/2025\/03\/26\/as-mulleres-non-se-alugan-as-crianzas-non-se-mercan\/","og_locale":"gl_ES","og_type":"article","og_title":"As mulleres non se alugan, as crianzas non se mercan -","og_description":"Un dos temas centrais da axenda feminista desta cuarta onda do feminismo \u00e9 a explotaci\u00f3n reprodutiva das mulleres e a compravenda de crianzas. A mal chamada \u201cxestaci\u00f3n. [...]","og_url":"https:\/\/www.anovapeneira.gal\/index.php\/2025\/03\/26\/as-mulleres-non-se-alugan-as-crianzas-non-se-mercan\/","article_publisher":"https:\/\/www.facebook.com\/anovapeneira","article_published_time":"2025-03-26T11:00:18+00:00","og_image":[{"width":720,"height":432,"url":"https:\/\/www.anovapeneira.gal\/wp-content\/uploads\/2025\/02\/Silveiras.jpg","type":"image\/jpeg"}],"author":"Redacci\u00f3n A Nova Peneira","twitter_card":"summary_large_image","twitter_creator":"@APeneira","twitter_site":"@APeneira","twitter_misc":{"Escrito por":"Redacci\u00f3n A Nova Peneira","Tempo de lectura":"5 minutos"},"schema":{"@context":"https:\/\/schema.org","@graph":[{"@type":"Article","@id":"https:\/\/www.anovapeneira.gal\/index.php\/2025\/03\/26\/as-mulleres-non-se-alugan-as-crianzas-non-se-mercan\/#article","isPartOf":{"@id":"https:\/\/www.anovapeneira.gal\/index.php\/2025\/03\/26\/as-mulleres-non-se-alugan-as-crianzas-non-se-mercan\/"},"author":{"name":"Redacci\u00f3n A Nova Peneira","@id":"https:\/\/www.anovapeneira.gal\/#\/schema\/person\/b93e3f8932e3f8da96334607eb6ac6aa"},"headline":"As mulleres non se alugan, as crianzas non se mercan","datePublished":"2025-03-26T11:00:18+00:00","mainEntityOfPage":{"@id":"https:\/\/www.anovapeneira.gal\/index.php\/2025\/03\/26\/as-mulleres-non-se-alugan-as-crianzas-non-se-mercan\/"},"wordCount":883,"commentCount":1,"publisher":{"@id":"https:\/\/www.anovapeneira.gal\/#organization"},"image":{"@id":"https:\/\/www.anovapeneira.gal\/index.php\/2025\/03\/26\/as-mulleres-non-se-alugan-as-crianzas-non-se-mercan\/#primaryimage"},"thumbnailUrl":"https:\/\/www.anovapeneira.gal\/wp-content\/uploads\/2025\/02\/Silveiras.jpg","articleSection":["Artigos de opini\u00f3n"],"inLanguage":"gl-ES","potentialAction":[{"@type":"CommentAction","name":"Comment","target":["https:\/\/www.anovapeneira.gal\/index.php\/2025\/03\/26\/as-mulleres-non-se-alugan-as-crianzas-non-se-mercan\/#respond"]}]},{"@type":"WebPage","@id":"https:\/\/www.anovapeneira.gal\/index.php\/2025\/03\/26\/as-mulleres-non-se-alugan-as-crianzas-non-se-mercan\/","url":"https:\/\/www.anovapeneira.gal\/index.php\/2025\/03\/26\/as-mulleres-non-se-alugan-as-crianzas-non-se-mercan\/","name":"As mulleres non se alugan, as crianzas non se mercan -","isPartOf":{"@id":"https:\/\/www.anovapeneira.gal\/#website"},"primaryImageOfPage":{"@id":"https:\/\/www.anovapeneira.gal\/index.php\/2025\/03\/26\/as-mulleres-non-se-alugan-as-crianzas-non-se-mercan\/#primaryimage"},"image":{"@id":"https:\/\/www.anovapeneira.gal\/index.php\/2025\/03\/26\/as-mulleres-non-se-alugan-as-crianzas-non-se-mercan\/#primaryimage"},"thumbnailUrl":"https:\/\/www.anovapeneira.gal\/wp-content\/uploads\/2025\/02\/Silveiras.jpg","datePublished":"2025-03-26T11:00:18+00:00","breadcrumb":{"@id":"https:\/\/www.anovapeneira.gal\/index.php\/2025\/03\/26\/as-mulleres-non-se-alugan-as-crianzas-non-se-mercan\/#breadcrumb"},"inLanguage":"gl-ES","potentialAction":[{"@type":"ReadAction","target":["https:\/\/www.anovapeneira.gal\/index.php\/2025\/03\/26\/as-mulleres-non-se-alugan-as-crianzas-non-se-mercan\/"]}]},{"@type":"ImageObject","inLanguage":"gl-ES","@id":"https:\/\/www.anovapeneira.gal\/index.php\/2025\/03\/26\/as-mulleres-non-se-alugan-as-crianzas-non-se-mercan\/#primaryimage","url":"https:\/\/www.anovapeneira.gal\/wp-content\/uploads\/2025\/02\/Silveiras.jpg","contentUrl":"https:\/\/www.anovapeneira.gal\/wp-content\/uploads\/2025\/02\/Silveiras.jpg","width":720,"height":432,"caption":"Silveiras Asociaci\u00f3n feminista"},{"@type":"BreadcrumbList","@id":"https:\/\/www.anovapeneira.gal\/index.php\/2025\/03\/26\/as-mulleres-non-se-alugan-as-crianzas-non-se-mercan\/#breadcrumb","itemListElement":[{"@type":"ListItem","position":1,"name":"Portada","item":"https:\/\/www.anovapeneira.gal\/"},{"@type":"ListItem","position":2,"name":"As mulleres non se alugan, as crianzas non se mercan"}]},{"@type":"WebSite","@id":"https:\/\/www.anovapeneira.gal\/#website","url":"https:\/\/www.anovapeneira.gal\/","name":"","description":"Xornal galego de informaci\u00f3n xeral Publicaci\u00f3n mensual de novas de Galicia e en especial dos Concellos da sur da provincia de Pontevedra.","publisher":{"@id":"https:\/\/www.anovapeneira.gal\/#organization"},"potentialAction":[{"@type":"SearchAction","target":{"@type":"EntryPoint","urlTemplate":"https:\/\/www.anovapeneira.gal\/?s={search_term_string}"},"query-input":{"@type":"PropertyValueSpecification","valueRequired":true,"valueName":"search_term_string"}}],"inLanguage":"gl-ES"},{"@type":"Organization","@id":"https:\/\/www.anovapeneira.gal\/#organization","name":"A Nova Peneira","url":"https:\/\/www.anovapeneira.gal\/","logo":{"@type":"ImageObject","inLanguage":"gl-ES","@id":"https:\/\/www.anovapeneira.gal\/#\/schema\/logo\/image\/","url":"http:\/\/www.anovapeneira.gal\/wp-content\/uploads\/2019\/06\/logo_a_nova_peneira_portal_web.png","contentUrl":"http:\/\/www.anovapeneira.gal\/wp-content\/uploads\/2019\/06\/logo_a_nova_peneira_portal_web.png","width":300,"height":100,"caption":"A Nova Peneira"},"image":{"@id":"https:\/\/www.anovapeneira.gal\/#\/schema\/logo\/image\/"},"sameAs":["https:\/\/www.facebook.com\/anovapeneira","https:\/\/x.com\/APeneira"]},{"@type":"Person","@id":"https:\/\/www.anovapeneira.gal\/#\/schema\/person\/b93e3f8932e3f8da96334607eb6ac6aa","name":"Redacci\u00f3n A Nova Peneira","image":{"@type":"ImageObject","inLanguage":"gl-ES","@id":"https:\/\/secure.gravatar.com\/avatar\/c052a2551a06e23fac63626232eaa90abd78dbcf1700fc46a2b2c89fd27b735f?s=96&d=mm&r=g","url":"https:\/\/secure.gravatar.com\/avatar\/c052a2551a06e23fac63626232eaa90abd78dbcf1700fc46a2b2c89fd27b735f?s=96&d=mm&r=g","contentUrl":"https:\/\/secure.gravatar.com\/avatar\/c052a2551a06e23fac63626232eaa90abd78dbcf1700fc46a2b2c89fd27b735f?s=96&d=mm&r=g","caption":"Redacci\u00f3n A Nova Peneira"},"sameAs":["http:\/\/www.anovapeneira.gal\/"],"url":"https:\/\/www.anovapeneira.gal\/index.php\/author\/redactor\/"}]}},"jetpack_featured_media_url":"https:\/\/www.anovapeneira.gal\/wp-content\/uploads\/2025\/02\/Silveiras.jpg","_links":{"self":[{"href":"https:\/\/www.anovapeneira.gal\/index.php\/wp-json\/wp\/v2\/posts\/13596","targetHints":{"allow":["GET"]}}],"collection":[{"href":"https:\/\/www.anovapeneira.gal\/index.php\/wp-json\/wp\/v2\/posts"}],"about":[{"href":"https:\/\/www.anovapeneira.gal\/index.php\/wp-json\/wp\/v2\/types\/post"}],"author":[{"embeddable":true,"href":"https:\/\/www.anovapeneira.gal\/index.php\/wp-json\/wp\/v2\/users\/3"}],"replies":[{"embeddable":true,"href":"https:\/\/www.anovapeneira.gal\/index.php\/wp-json\/wp\/v2\/comments?post=13596"}],"version-history":[{"count":1,"href":"https:\/\/www.anovapeneira.gal\/index.php\/wp-json\/wp\/v2\/posts\/13596\/revisions"}],"predecessor-version":[{"id":13597,"href":"https:\/\/www.anovapeneira.gal\/index.php\/wp-json\/wp\/v2\/posts\/13596\/revisions\/13597"}],"wp:featuredmedia":[{"embeddable":true,"href":"https:\/\/www.anovapeneira.gal\/index.php\/wp-json\/wp\/v2\/media\/13363"}],"wp:attachment":[{"href":"https:\/\/www.anovapeneira.gal\/index.php\/wp-json\/wp\/v2\/media?parent=13596"}],"wp:term":[{"taxonomy":"category","embeddable":true,"href":"https:\/\/www.anovapeneira.gal\/index.php\/wp-json\/wp\/v2\/categories?post=13596"},{"taxonomy":"post_tag","embeddable":true,"href":"https:\/\/www.anovapeneira.gal\/index.php\/wp-json\/wp\/v2\/tags?post=13596"}],"curies":[{"name":"wp","href":"https:\/\/api.w.org\/{rel}","templated":true}]}}