{"id":13598,"date":"2025-03-27T10:00:34","date_gmt":"2025-03-27T09:00:34","guid":{"rendered":"https:\/\/www.anovapeneira.gal\/?p=13598"},"modified":"2025-03-24T10:10:04","modified_gmt":"2025-03-24T09:10:04","slug":"a-asociacion-lisistrata-convoca-o-premio-de-oratoria-filomena-dato","status":"publish","type":"post","link":"https:\/\/www.anovapeneira.gal\/index.php\/2025\/03\/27\/a-asociacion-lisistrata-convoca-o-premio-de-oratoria-filomena-dato\/","title":{"rendered":"A asociaci\u00f3n Lis\u00edstrata convoca o premio de Oratoria Filomena Dato"},"content":{"rendered":"\n<p><strong>Este premio nacido no ano 2019 coa intenci\u00f3n de promover a participaci\u00f3n de alumnas e alumnos, tanto de centros p\u00fablicos como privados dos diferentes centros de ensino de Galicia e de f\u00f3ra do pa\u00eds.<\/strong><\/p>\n\n\n\n<p><strong>O evento ten por obxecto promover a expresividade e a expresi\u00f3n po\u00e9tica narrativa e discurso do idioma galego. Asemade pretende render homenaxe \u00e1 poeta das Mari\u00f1as un dos escasos referentes da literatura feminina e feminista do s\u00e9culo XIX. Ela \u00e9 a segunda escritora despois de Rosal\u00eda que publicar\u00eda un libro en galego nese s\u00e9culo.<\/strong><\/p>\n\n\n\n<p><strong>As persoas interesadas en participar te\u00f1en de prazo ata final de curso para se inscribir. Deben de facelo enviando un correo electr\u00f3nico a:<\/strong><\/p>\n\n\n\n<p><strong><a href=\"mailto:filomena.dato.muruais@gmail.com\">filomena.dato.muruais@gmail.com<\/a>.<\/strong><\/p>\n\n\n\n<p><strong>A ese correo debe de enviarse:<\/strong><\/p>\n\n\n\n<p><strong>-As gravaci\u00f3ns, dun m\u00e1ximo de 5 minutos<\/strong><\/p>\n\n\n\n<p><strong>-O traballo por escrito<\/strong><\/p>\n\n\n\n<p><strong>-Unha ficha de inscrici\u00f3n debidamente cuberta que se descarga no facebook da Asociaci\u00f3n Lis\u00edstrata<\/strong><\/p>\n\n\n\n<p><strong>Os traballos deben de cinguirse e un tema, e este ano o elixido \u00e9 :<\/strong><\/p>\n\n\n\n<p>\u201d<strong>Mansplaining\u201d<\/strong><\/p>\n","protected":false},"excerpt":{"rendered":"<div class=\"mh-excerpt\"><p>Este premio nacido no ano 2019 coa intenci\u00f3n de promover a participaci\u00f3n de alumnas e alumnos, tanto de centros p\u00fablicos como privados dos diferentes centros de ensino de Galicia e de f\u00f3ra do pa\u00eds <a class=\"mh-excerpt-more\" href=\"https:\/\/www.anovapeneira.gal\/index.php\/2025\/03\/27\/a-asociacion-lisistrata-convoca-o-premio-de-oratoria-filomena-dato\/\" title=\"A asociaci\u00f3n Lis\u00edstrata convoca o premio de Oratoria Filomena Dato\">[&#8230;]<\/a><\/p>\n<\/div>","protected":false},"author":3,"featured_media":13599,"comment_status":"open","ping_status":"open","sticky":false,"template":"","format":"standard","meta":{"_exactmetrics_skip_tracking":false,"_exactmetrics_sitenote_active":false,"_exactmetrics_sitenote_note":"","_exactmetrics_sitenote_category":0,"footnotes":""},"categories":[263],"tags":[1449],"class_list":{"0":"post-13598","1":"post","2":"type-post","3":"status-publish","4":"format-standard","5":"has-post-thumbnail","7":"category-novas","8":"tag-filomena-dato"},"yoast_head":"<!-- This site is optimized with the Yoast SEO plugin v27.4 - https:\/\/yoast.com\/product\/yoast-seo-wordpress\/ -->\n<title>A asociaci\u00f3n Lis\u00edstrata convoca o premio de Oratoria Filomena Dato -<\/title>\n<meta name=\"robots\" content=\"index, follow, max-snippet:-1, max-image-preview:large, max-video-preview:-1\" \/>\n<link rel=\"canonical\" href=\"https:\/\/www.anovapeneira.gal\/index.php\/2025\/03\/27\/a-asociacion-lisistrata-convoca-o-premio-de-oratoria-filomena-dato\/\" \/>\n<meta property=\"og:locale\" content=\"gl_ES\" \/>\n<meta property=\"og:type\" content=\"article\" \/>\n<meta property=\"og:title\" content=\"A asociaci\u00f3n Lis\u00edstrata convoca o premio de Oratoria Filomena Dato -\" \/>\n<meta property=\"og:description\" content=\"Este premio nacido no ano 2019 coa intenci\u00f3n de promover a participaci\u00f3n de alumnas e alumnos, tanto de centros p\u00fablicos como privados dos diferentes centros de ensino de Galicia e de f\u00f3ra do pa\u00eds [...]\" \/>\n<meta property=\"og:url\" content=\"https:\/\/www.anovapeneira.gal\/index.php\/2025\/03\/27\/a-asociacion-lisistrata-convoca-o-premio-de-oratoria-filomena-dato\/\" \/>\n<meta property=\"article:publisher\" content=\"https:\/\/www.facebook.com\/anovapeneira\" \/>\n<meta property=\"article:published_time\" content=\"2025-03-27T09:00:34+00:00\" \/>\n<meta property=\"og:image\" content=\"https:\/\/www.anovapeneira.gal\/wp-content\/uploads\/2025\/03\/filomena_Dato.png\" \/>\n\t<meta property=\"og:image:width\" content=\"720\" \/>\n\t<meta property=\"og:image:height\" content=\"432\" \/>\n\t<meta property=\"og:image:type\" content=\"image\/png\" \/>\n<meta name=\"author\" content=\"Redacci\u00f3n A Nova Peneira\" \/>\n<meta name=\"twitter:card\" content=\"summary_large_image\" \/>\n<meta name=\"twitter:creator\" content=\"@APeneira\" \/>\n<meta name=\"twitter:site\" content=\"@APeneira\" \/>\n<meta name=\"twitter:label1\" content=\"Escrito por\" \/>\n\t<meta name=\"twitter:data1\" content=\"Redacci\u00f3n A Nova Peneira\" \/>\n\t<meta name=\"twitter:label2\" content=\"Tempo de lectura\" \/>\n\t<meta name=\"twitter:data2\" content=\"1 minuto\" \/>\n<script type=\"application\/ld+json\" class=\"yoast-schema-graph\">{\"@context\":\"https:\\\/\\\/schema.org\",\"@graph\":[{\"@type\":\"Article\",\"@id\":\"https:\\\/\\\/www.anovapeneira.gal\\\/index.php\\\/2025\\\/03\\\/27\\\/a-asociacion-lisistrata-convoca-o-premio-de-oratoria-filomena-dato\\\/#article\",\"isPartOf\":{\"@id\":\"https:\\\/\\\/www.anovapeneira.gal\\\/index.php\\\/2025\\\/03\\\/27\\\/a-asociacion-lisistrata-convoca-o-premio-de-oratoria-filomena-dato\\\/\"},\"author\":{\"name\":\"Redacci\u00f3n A Nova Peneira\",\"@id\":\"https:\\\/\\\/www.anovapeneira.gal\\\/#\\\/schema\\\/person\\\/b93e3f8932e3f8da96334607eb6ac6aa\"},\"headline\":\"A asociaci\u00f3n Lis\u00edstrata convoca o premio de Oratoria Filomena Dato\",\"datePublished\":\"2025-03-27T09:00:34+00:00\",\"mainEntityOfPage\":{\"@id\":\"https:\\\/\\\/www.anovapeneira.gal\\\/index.php\\\/2025\\\/03\\\/27\\\/a-asociacion-lisistrata-convoca-o-premio-de-oratoria-filomena-dato\\\/\"},\"wordCount\":188,\"commentCount\":0,\"publisher\":{\"@id\":\"https:\\\/\\\/www.anovapeneira.gal\\\/#organization\"},\"image\":{\"@id\":\"https:\\\/\\\/www.anovapeneira.gal\\\/index.php\\\/2025\\\/03\\\/27\\\/a-asociacion-lisistrata-convoca-o-premio-de-oratoria-filomena-dato\\\/#primaryimage\"},\"thumbnailUrl\":\"https:\\\/\\\/www.anovapeneira.gal\\\/wp-content\\\/uploads\\\/2025\\\/03\\\/filomena_Dato.png\",\"keywords\":[\"Filomena Dato\"],\"articleSection\":[\"Novas\"],\"inLanguage\":\"gl-ES\",\"potentialAction\":[{\"@type\":\"CommentAction\",\"name\":\"Comment\",\"target\":[\"https:\\\/\\\/www.anovapeneira.gal\\\/index.php\\\/2025\\\/03\\\/27\\\/a-asociacion-lisistrata-convoca-o-premio-de-oratoria-filomena-dato\\\/#respond\"]}]},{\"@type\":\"WebPage\",\"@id\":\"https:\\\/\\\/www.anovapeneira.gal\\\/index.php\\\/2025\\\/03\\\/27\\\/a-asociacion-lisistrata-convoca-o-premio-de-oratoria-filomena-dato\\\/\",\"url\":\"https:\\\/\\\/www.anovapeneira.gal\\\/index.php\\\/2025\\\/03\\\/27\\\/a-asociacion-lisistrata-convoca-o-premio-de-oratoria-filomena-dato\\\/\",\"name\":\"A asociaci\u00f3n Lis\u00edstrata convoca o premio de Oratoria Filomena Dato -\",\"isPartOf\":{\"@id\":\"https:\\\/\\\/www.anovapeneira.gal\\\/#website\"},\"primaryImageOfPage\":{\"@id\":\"https:\\\/\\\/www.anovapeneira.gal\\\/index.php\\\/2025\\\/03\\\/27\\\/a-asociacion-lisistrata-convoca-o-premio-de-oratoria-filomena-dato\\\/#primaryimage\"},\"image\":{\"@id\":\"https:\\\/\\\/www.anovapeneira.gal\\\/index.php\\\/2025\\\/03\\\/27\\\/a-asociacion-lisistrata-convoca-o-premio-de-oratoria-filomena-dato\\\/#primaryimage\"},\"thumbnailUrl\":\"https:\\\/\\\/www.anovapeneira.gal\\\/wp-content\\\/uploads\\\/2025\\\/03\\\/filomena_Dato.png\",\"datePublished\":\"2025-03-27T09:00:34+00:00\",\"breadcrumb\":{\"@id\":\"https:\\\/\\\/www.anovapeneira.gal\\\/index.php\\\/2025\\\/03\\\/27\\\/a-asociacion-lisistrata-convoca-o-premio-de-oratoria-filomena-dato\\\/#breadcrumb\"},\"inLanguage\":\"gl-ES\",\"potentialAction\":[{\"@type\":\"ReadAction\",\"target\":[\"https:\\\/\\\/www.anovapeneira.gal\\\/index.php\\\/2025\\\/03\\\/27\\\/a-asociacion-lisistrata-convoca-o-premio-de-oratoria-filomena-dato\\\/\"]}]},{\"@type\":\"ImageObject\",\"inLanguage\":\"gl-ES\",\"@id\":\"https:\\\/\\\/www.anovapeneira.gal\\\/index.php\\\/2025\\\/03\\\/27\\\/a-asociacion-lisistrata-convoca-o-premio-de-oratoria-filomena-dato\\\/#primaryimage\",\"url\":\"https:\\\/\\\/www.anovapeneira.gal\\\/wp-content\\\/uploads\\\/2025\\\/03\\\/filomena_Dato.png\",\"contentUrl\":\"https:\\\/\\\/www.anovapeneira.gal\\\/wp-content\\\/uploads\\\/2025\\\/03\\\/filomena_Dato.png\",\"width\":720,\"height\":432,\"caption\":\"Filomena Dato\"},{\"@type\":\"BreadcrumbList\",\"@id\":\"https:\\\/\\\/www.anovapeneira.gal\\\/index.php\\\/2025\\\/03\\\/27\\\/a-asociacion-lisistrata-convoca-o-premio-de-oratoria-filomena-dato\\\/#breadcrumb\",\"itemListElement\":[{\"@type\":\"ListItem\",\"position\":1,\"name\":\"Portada\",\"item\":\"https:\\\/\\\/www.anovapeneira.gal\\\/\"},{\"@type\":\"ListItem\",\"position\":2,\"name\":\"A asociaci\u00f3n Lis\u00edstrata convoca o premio de Oratoria Filomena Dato\"}]},{\"@type\":\"WebSite\",\"@id\":\"https:\\\/\\\/www.anovapeneira.gal\\\/#website\",\"url\":\"https:\\\/\\\/www.anovapeneira.gal\\\/\",\"name\":\"\",\"description\":\"Xornal galego de informaci\u00f3n xeral Publicaci\u00f3n mensual de novas de Galicia e en especial dos Concellos da sur da provincia de Pontevedra.\",\"publisher\":{\"@id\":\"https:\\\/\\\/www.anovapeneira.gal\\\/#organization\"},\"potentialAction\":[{\"@type\":\"SearchAction\",\"target\":{\"@type\":\"EntryPoint\",\"urlTemplate\":\"https:\\\/\\\/www.anovapeneira.gal\\\/?s={search_term_string}\"},\"query-input\":{\"@type\":\"PropertyValueSpecification\",\"valueRequired\":true,\"valueName\":\"search_term_string\"}}],\"inLanguage\":\"gl-ES\"},{\"@type\":\"Organization\",\"@id\":\"https:\\\/\\\/www.anovapeneira.gal\\\/#organization\",\"name\":\"A Nova Peneira\",\"url\":\"https:\\\/\\\/www.anovapeneira.gal\\\/\",\"logo\":{\"@type\":\"ImageObject\",\"inLanguage\":\"gl-ES\",\"@id\":\"https:\\\/\\\/www.anovapeneira.gal\\\/#\\\/schema\\\/logo\\\/image\\\/\",\"url\":\"http:\\\/\\\/www.anovapeneira.gal\\\/wp-content\\\/uploads\\\/2019\\\/06\\\/logo_a_nova_peneira_portal_web.png\",\"contentUrl\":\"http:\\\/\\\/www.anovapeneira.gal\\\/wp-content\\\/uploads\\\/2019\\\/06\\\/logo_a_nova_peneira_portal_web.png\",\"width\":300,\"height\":100,\"caption\":\"A Nova Peneira\"},\"image\":{\"@id\":\"https:\\\/\\\/www.anovapeneira.gal\\\/#\\\/schema\\\/logo\\\/image\\\/\"},\"sameAs\":[\"https:\\\/\\\/www.facebook.com\\\/anovapeneira\",\"https:\\\/\\\/x.com\\\/APeneira\"]},{\"@type\":\"Person\",\"@id\":\"https:\\\/\\\/www.anovapeneira.gal\\\/#\\\/schema\\\/person\\\/b93e3f8932e3f8da96334607eb6ac6aa\",\"name\":\"Redacci\u00f3n A Nova Peneira\",\"image\":{\"@type\":\"ImageObject\",\"inLanguage\":\"gl-ES\",\"@id\":\"https:\\\/\\\/secure.gravatar.com\\\/avatar\\\/c052a2551a06e23fac63626232eaa90abd78dbcf1700fc46a2b2c89fd27b735f?s=96&d=mm&r=g\",\"url\":\"https:\\\/\\\/secure.gravatar.com\\\/avatar\\\/c052a2551a06e23fac63626232eaa90abd78dbcf1700fc46a2b2c89fd27b735f?s=96&d=mm&r=g\",\"contentUrl\":\"https:\\\/\\\/secure.gravatar.com\\\/avatar\\\/c052a2551a06e23fac63626232eaa90abd78dbcf1700fc46a2b2c89fd27b735f?s=96&d=mm&r=g\",\"caption\":\"Redacci\u00f3n A Nova Peneira\"},\"sameAs\":[\"http:\\\/\\\/www.anovapeneira.gal\\\/\"],\"url\":\"https:\\\/\\\/www.anovapeneira.gal\\\/index.php\\\/author\\\/redactor\\\/\"}]}<\/script>\n<!-- \/ Yoast SEO plugin. -->","yoast_head_json":{"title":"A asociaci\u00f3n Lis\u00edstrata convoca o premio de Oratoria Filomena Dato -","robots":{"index":"index","follow":"follow","max-snippet":"max-snippet:-1","max-image-preview":"max-image-preview:large","max-video-preview":"max-video-preview:-1"},"canonical":"https:\/\/www.anovapeneira.gal\/index.php\/2025\/03\/27\/a-asociacion-lisistrata-convoca-o-premio-de-oratoria-filomena-dato\/","og_locale":"gl_ES","og_type":"article","og_title":"A asociaci\u00f3n Lis\u00edstrata convoca o premio de Oratoria Filomena Dato -","og_description":"Este premio nacido no ano 2019 coa intenci\u00f3n de promover a participaci\u00f3n de alumnas e alumnos, tanto de centros p\u00fablicos como privados dos diferentes centros de ensino de Galicia e de f\u00f3ra do pa\u00eds [...]","og_url":"https:\/\/www.anovapeneira.gal\/index.php\/2025\/03\/27\/a-asociacion-lisistrata-convoca-o-premio-de-oratoria-filomena-dato\/","article_publisher":"https:\/\/www.facebook.com\/anovapeneira","article_published_time":"2025-03-27T09:00:34+00:00","og_image":[{"width":720,"height":432,"url":"https:\/\/www.anovapeneira.gal\/wp-content\/uploads\/2025\/03\/filomena_Dato.png","type":"image\/png"}],"author":"Redacci\u00f3n A Nova Peneira","twitter_card":"summary_large_image","twitter_creator":"@APeneira","twitter_site":"@APeneira","twitter_misc":{"Escrito por":"Redacci\u00f3n A Nova Peneira","Tempo de lectura":"1 minuto"},"schema":{"@context":"https:\/\/schema.org","@graph":[{"@type":"Article","@id":"https:\/\/www.anovapeneira.gal\/index.php\/2025\/03\/27\/a-asociacion-lisistrata-convoca-o-premio-de-oratoria-filomena-dato\/#article","isPartOf":{"@id":"https:\/\/www.anovapeneira.gal\/index.php\/2025\/03\/27\/a-asociacion-lisistrata-convoca-o-premio-de-oratoria-filomena-dato\/"},"author":{"name":"Redacci\u00f3n A Nova Peneira","@id":"https:\/\/www.anovapeneira.gal\/#\/schema\/person\/b93e3f8932e3f8da96334607eb6ac6aa"},"headline":"A asociaci\u00f3n Lis\u00edstrata convoca o premio de Oratoria Filomena Dato","datePublished":"2025-03-27T09:00:34+00:00","mainEntityOfPage":{"@id":"https:\/\/www.anovapeneira.gal\/index.php\/2025\/03\/27\/a-asociacion-lisistrata-convoca-o-premio-de-oratoria-filomena-dato\/"},"wordCount":188,"commentCount":0,"publisher":{"@id":"https:\/\/www.anovapeneira.gal\/#organization"},"image":{"@id":"https:\/\/www.anovapeneira.gal\/index.php\/2025\/03\/27\/a-asociacion-lisistrata-convoca-o-premio-de-oratoria-filomena-dato\/#primaryimage"},"thumbnailUrl":"https:\/\/www.anovapeneira.gal\/wp-content\/uploads\/2025\/03\/filomena_Dato.png","keywords":["Filomena Dato"],"articleSection":["Novas"],"inLanguage":"gl-ES","potentialAction":[{"@type":"CommentAction","name":"Comment","target":["https:\/\/www.anovapeneira.gal\/index.php\/2025\/03\/27\/a-asociacion-lisistrata-convoca-o-premio-de-oratoria-filomena-dato\/#respond"]}]},{"@type":"WebPage","@id":"https:\/\/www.anovapeneira.gal\/index.php\/2025\/03\/27\/a-asociacion-lisistrata-convoca-o-premio-de-oratoria-filomena-dato\/","url":"https:\/\/www.anovapeneira.gal\/index.php\/2025\/03\/27\/a-asociacion-lisistrata-convoca-o-premio-de-oratoria-filomena-dato\/","name":"A asociaci\u00f3n Lis\u00edstrata convoca o premio de Oratoria Filomena Dato -","isPartOf":{"@id":"https:\/\/www.anovapeneira.gal\/#website"},"primaryImageOfPage":{"@id":"https:\/\/www.anovapeneira.gal\/index.php\/2025\/03\/27\/a-asociacion-lisistrata-convoca-o-premio-de-oratoria-filomena-dato\/#primaryimage"},"image":{"@id":"https:\/\/www.anovapeneira.gal\/index.php\/2025\/03\/27\/a-asociacion-lisistrata-convoca-o-premio-de-oratoria-filomena-dato\/#primaryimage"},"thumbnailUrl":"https:\/\/www.anovapeneira.gal\/wp-content\/uploads\/2025\/03\/filomena_Dato.png","datePublished":"2025-03-27T09:00:34+00:00","breadcrumb":{"@id":"https:\/\/www.anovapeneira.gal\/index.php\/2025\/03\/27\/a-asociacion-lisistrata-convoca-o-premio-de-oratoria-filomena-dato\/#breadcrumb"},"inLanguage":"gl-ES","potentialAction":[{"@type":"ReadAction","target":["https:\/\/www.anovapeneira.gal\/index.php\/2025\/03\/27\/a-asociacion-lisistrata-convoca-o-premio-de-oratoria-filomena-dato\/"]}]},{"@type":"ImageObject","inLanguage":"gl-ES","@id":"https:\/\/www.anovapeneira.gal\/index.php\/2025\/03\/27\/a-asociacion-lisistrata-convoca-o-premio-de-oratoria-filomena-dato\/#primaryimage","url":"https:\/\/www.anovapeneira.gal\/wp-content\/uploads\/2025\/03\/filomena_Dato.png","contentUrl":"https:\/\/www.anovapeneira.gal\/wp-content\/uploads\/2025\/03\/filomena_Dato.png","width":720,"height":432,"caption":"Filomena Dato"},{"@type":"BreadcrumbList","@id":"https:\/\/www.anovapeneira.gal\/index.php\/2025\/03\/27\/a-asociacion-lisistrata-convoca-o-premio-de-oratoria-filomena-dato\/#breadcrumb","itemListElement":[{"@type":"ListItem","position":1,"name":"Portada","item":"https:\/\/www.anovapeneira.gal\/"},{"@type":"ListItem","position":2,"name":"A asociaci\u00f3n Lis\u00edstrata convoca o premio de Oratoria Filomena Dato"}]},{"@type":"WebSite","@id":"https:\/\/www.anovapeneira.gal\/#website","url":"https:\/\/www.anovapeneira.gal\/","name":"","description":"Xornal galego de informaci\u00f3n xeral Publicaci\u00f3n mensual de novas de Galicia e en especial dos Concellos da sur da provincia de Pontevedra.","publisher":{"@id":"https:\/\/www.anovapeneira.gal\/#organization"},"potentialAction":[{"@type":"SearchAction","target":{"@type":"EntryPoint","urlTemplate":"https:\/\/www.anovapeneira.gal\/?s={search_term_string}"},"query-input":{"@type":"PropertyValueSpecification","valueRequired":true,"valueName":"search_term_string"}}],"inLanguage":"gl-ES"},{"@type":"Organization","@id":"https:\/\/www.anovapeneira.gal\/#organization","name":"A Nova Peneira","url":"https:\/\/www.anovapeneira.gal\/","logo":{"@type":"ImageObject","inLanguage":"gl-ES","@id":"https:\/\/www.anovapeneira.gal\/#\/schema\/logo\/image\/","url":"http:\/\/www.anovapeneira.gal\/wp-content\/uploads\/2019\/06\/logo_a_nova_peneira_portal_web.png","contentUrl":"http:\/\/www.anovapeneira.gal\/wp-content\/uploads\/2019\/06\/logo_a_nova_peneira_portal_web.png","width":300,"height":100,"caption":"A Nova Peneira"},"image":{"@id":"https:\/\/www.anovapeneira.gal\/#\/schema\/logo\/image\/"},"sameAs":["https:\/\/www.facebook.com\/anovapeneira","https:\/\/x.com\/APeneira"]},{"@type":"Person","@id":"https:\/\/www.anovapeneira.gal\/#\/schema\/person\/b93e3f8932e3f8da96334607eb6ac6aa","name":"Redacci\u00f3n A Nova Peneira","image":{"@type":"ImageObject","inLanguage":"gl-ES","@id":"https:\/\/secure.gravatar.com\/avatar\/c052a2551a06e23fac63626232eaa90abd78dbcf1700fc46a2b2c89fd27b735f?s=96&d=mm&r=g","url":"https:\/\/secure.gravatar.com\/avatar\/c052a2551a06e23fac63626232eaa90abd78dbcf1700fc46a2b2c89fd27b735f?s=96&d=mm&r=g","contentUrl":"https:\/\/secure.gravatar.com\/avatar\/c052a2551a06e23fac63626232eaa90abd78dbcf1700fc46a2b2c89fd27b735f?s=96&d=mm&r=g","caption":"Redacci\u00f3n A Nova Peneira"},"sameAs":["http:\/\/www.anovapeneira.gal\/"],"url":"https:\/\/www.anovapeneira.gal\/index.php\/author\/redactor\/"}]}},"jetpack_featured_media_url":"https:\/\/www.anovapeneira.gal\/wp-content\/uploads\/2025\/03\/filomena_Dato.png","_links":{"self":[{"href":"https:\/\/www.anovapeneira.gal\/index.php\/wp-json\/wp\/v2\/posts\/13598","targetHints":{"allow":["GET"]}}],"collection":[{"href":"https:\/\/www.anovapeneira.gal\/index.php\/wp-json\/wp\/v2\/posts"}],"about":[{"href":"https:\/\/www.anovapeneira.gal\/index.php\/wp-json\/wp\/v2\/types\/post"}],"author":[{"embeddable":true,"href":"https:\/\/www.anovapeneira.gal\/index.php\/wp-json\/wp\/v2\/users\/3"}],"replies":[{"embeddable":true,"href":"https:\/\/www.anovapeneira.gal\/index.php\/wp-json\/wp\/v2\/comments?post=13598"}],"version-history":[{"count":1,"href":"https:\/\/www.anovapeneira.gal\/index.php\/wp-json\/wp\/v2\/posts\/13598\/revisions"}],"predecessor-version":[{"id":13600,"href":"https:\/\/www.anovapeneira.gal\/index.php\/wp-json\/wp\/v2\/posts\/13598\/revisions\/13600"}],"wp:featuredmedia":[{"embeddable":true,"href":"https:\/\/www.anovapeneira.gal\/index.php\/wp-json\/wp\/v2\/media\/13599"}],"wp:attachment":[{"href":"https:\/\/www.anovapeneira.gal\/index.php\/wp-json\/wp\/v2\/media?parent=13598"}],"wp:term":[{"taxonomy":"category","embeddable":true,"href":"https:\/\/www.anovapeneira.gal\/index.php\/wp-json\/wp\/v2\/categories?post=13598"},{"taxonomy":"post_tag","embeddable":true,"href":"https:\/\/www.anovapeneira.gal\/index.php\/wp-json\/wp\/v2\/tags?post=13598"}],"curies":[{"name":"wp","href":"https:\/\/api.w.org\/{rel}","templated":true}]}}