{"id":13601,"date":"2025-03-27T12:00:46","date_gmt":"2025-03-27T11:00:46","guid":{"rendered":"https:\/\/www.anovapeneira.gal\/?p=13601"},"modified":"2025-03-24T10:19:14","modified_gmt":"2025-03-24T09:19:14","slug":"lucia-ramonet-responsable-de-prensa-do-millo-verde","status":"publish","type":"post","link":"https:\/\/www.anovapeneira.gal\/index.php\/2025\/03\/27\/lucia-ramonet-responsable-de-prensa-do-millo-verde\/","title":{"rendered":"Luc\u00eda Ramonet, responsable de prensa do Millo Verde"},"content":{"rendered":"\n<pre class=\"wp-block-verse\"><strong>Marcos Santos.<\/strong><\/pre>\n\n\n\n<p><strong>O Millo \u00e9 un elemento esencial na idiosincrasia do pobo galego. En tempos de negra necesidade e miseria podre, o pan de millo saciou a fame de milleiros de galegas e galegos. E o Millo verde, que este ano faise maior de idade, comeza xa a ser tam\u00e9n indispensable na idiosincrasia cultural de Redondela para calmar a fame de boa m\u00fasica do exixente p\u00fablico choqueiro. Unha nova edici\u00f3n do seu concurso de maquetas, previo ao propio festival, asoma xa no horizonte, pois ter\u00e1 lugar o vindeiro mes de abril. N\u00f3s falamos con Luc\u00eda, a responsable de prensa do festival.<\/strong><\/p>\n\n\n\n<p>\u201c<strong>Estou enormemente agradecida ao pobo de Redondela pola acollida que lle d\u00e1 ao Millo Verde\u201d<\/strong><\/p>\n\n\n\n<p><strong>Seica temos unha cita imperdible o 12 de abril na Feira do Gando?<\/strong><\/p>\n\n\n\n<blockquote class=\"wp-block-quote is-layout-flow wp-block-quote-is-layout-flow\">\n<p>G\u00fastame que digas iso de imperdible Marcos,porque sei que o dis porque en realidade \u00e9 as\u00ed como o sentes. Si, ese d\u00eda temos unha cita que para n\u00f3s \u00e9 emocionalmente moi importante, temos o XVII concurso de maquetas.<\/p>\n<\/blockquote>\n\n\n\n<p><strong>No que atinxe \u00e1s maquetas seguides o procedemento habitual?<\/strong><\/p>\n\n\n\n<blockquote class=\"wp-block-quote is-layout-flow wp-block-quote-is-layout-flow\">\n<p>Si, as\u00ed \u00e9. De feito xa fixemos as votaci\u00f3ns e xa sa\u00edron as d\u00faas bandas finalistas: Sustanciados, de Mos e Alterazi\u00f3n, de Melide. Como sempre debateranse nun concurso de maquetas e a banda desas d\u00faas que resulte ga\u00f1adora formar\u00e1 parte do cartel oficial do festival.<\/p>\n<\/blockquote>\n\n\n\n<p><strong>Hai algunha actuaci\u00f3n xa confirmada?<\/strong><\/p>\n\n\n\n<blockquote class=\"wp-block-quote is-layout-flow wp-block-quote-is-layout-flow\">\n<p>Si, pero \u00e9 un pouco pronto para podelo confirmar. Dicirche que teremos grupos moi importantes e que nos fan moita ilusi\u00f3n.<\/p>\n<\/blockquote>\n\n\n\n<p><strong>Hai colaboraci\u00f3n con Arte Lixo, verdade?<\/strong><\/p>\n\n\n\n<blockquote class=\"wp-block-quote is-layout-flow wp-block-quote-is-layout-flow\">\n<p>Si, o d\u00eda de abril que mencionamos antes comezamos as actividades \u00e1s 16:00h con distintos obradoiros, logo teremos o SonaLixo, que como sabes convida \u00e1 xente a subir ao escenario para amosar as s\u00faas habilidades. Isto ser\u00eda ata \u00e1s 21:00 que \u00e9 a hora na que comezamos coas maquetas.<\/p>\n<\/blockquote>\n\n\n\n<p><strong>Como decidides a orde de actuaci\u00f3n dos dous grupos que chegan \u00e1 final do concurso de maquetas?<\/strong><\/p>\n\n\n\n<blockquote class=\"wp-block-quote is-layout-flow wp-block-quote-is-layout-flow\">\n<p>A verdade non hai ning\u00fan criterio determinado a priori. Iso f\u00e1lase al\u00ed no momento e depende da s\u00faa dispo\u00f1ibilidade.<\/p>\n<\/blockquote>\n\n\n\n<figure class=\"wp-block-image size-full\"><img loading=\"lazy\" decoding=\"async\" width=\"768\" height=\"960\" src=\"https:\/\/www.anovapeneira.gal\/wp-content\/uploads\/2025\/03\/Cartel-Millo-Verde.jpg\" alt=\"\" class=\"wp-image-13603\" srcset=\"https:\/\/www.anovapeneira.gal\/wp-content\/uploads\/2025\/03\/Cartel-Millo-Verde.jpg 768w, https:\/\/www.anovapeneira.gal\/wp-content\/uploads\/2025\/03\/Cartel-Millo-Verde-240x300.jpg 240w\" sizes=\"auto, (max-width: 768px) 100vw, 768px\" \/><\/figure>\n\n\n\n<p><strong>Este ano ides ter postos de Artesan\u00eda?<\/strong><\/p>\n\n\n\n<blockquote class=\"wp-block-quote is-layout-flow wp-block-quote-is-layout-flow\">\n<p>Non, nas maquetas non. Alg\u00fan ano, que eu lembre, montouse algo de gastronom\u00eda, pero despois xa non moito m\u00e1is. Non desboto que a asociaci\u00f3n Paxaretas queira montar algo, pero tampouco o podo afirmar con certeza.<\/p>\n<\/blockquote>\n\n\n\n<p><strong>En Canto ao Millo propiamente dito temos datas confirmadas e alg\u00fan grupo que xa nos poidas adiantar?<\/strong><\/p>\n\n\n\n<blockquote class=\"wp-block-quote is-layout-flow wp-block-quote-is-layout-flow\">\n<p>Si, o festival vai ser os vindeiros 5, 6 e 7 do mes de Xu\u00f1o e xa temos adianto de cartel no que aparecen os primeiros grupos confirmados.<\/p>\n<\/blockquote>\n\n\n\n<p><strong>O Cartel est\u00e1 pechado?<\/strong><\/p>\n\n\n\n<blockquote class=\"wp-block-quote is-layout-flow wp-block-quote-is-layout-flow\">\n<p>Si, en principio si que est\u00e1, pero o que podemos confirmar ao cen por cen de momento \u00e9 os grupos que aparecen no cartel que che env\u00edo.<\/p>\n<\/blockquote>\n\n\n\n<p><strong>Como foi a venda de abonos?<\/strong><\/p>\n\n\n\n<blockquote class=\"wp-block-quote is-layout-flow wp-block-quote-is-layout-flow\">\n<p>Pois nos primeiros dous d\u00edas esgotamos todos os que sacamos. Estamos moi contentos e enormemente agradecidos ao pobo de Redondela pola resposta .Quitamos 250 abonos \u00e1 venda e en dous d\u00edas vend\u00e9ronse todos.<\/p>\n<\/blockquote>\n\n\n\n<blockquote class=\"wp-block-quote is-layout-flow wp-block-quote-is-layout-flow\">\n<p>Agora xa temos dispo\u00f1ibles a venda de entradas por d\u00eda, por se algu\u00e9n non pode ou non quere vir os dous d\u00edas, para o venres e para o s\u00e1bado. O xoves, como sabes, \u00e9 de balde.<\/p>\n<\/blockquote>\n\n\n\n<p><strong>Este ano termos algunha novidade salientable?<\/strong><\/p>\n\n\n\n<blockquote class=\"wp-block-quote is-layout-flow wp-block-quote-is-layout-flow\">\n<p>Si, introducimos as pulseiras recargables tanto para control e para non saturar. Logo teremos as actividades habituais como o \u201cescala birras\u201d, ou as actividades de d\u00eda para a xente que non queira vir \u00e1 noite que poida gozar igualmente con n\u00f3s.<\/p>\n<\/blockquote>\n\n\n\n<p><strong>O Festival ser\u00e1 onde sempre ?<\/strong><\/p>\n\n\n\n<blockquote class=\"wp-block-quote is-layout-flow wp-block-quote-is-layout-flow\">\n<p>Si, na \u00e1rea recreativa da praia da punta de Cesantes<\/p>\n<\/blockquote>\n\n\n\n<p><strong>Por suposto que volveremos a falar en maio para que xa estea todo pechado e nolo poidas confirmar<\/strong><\/p>\n\n\n\n<blockquote class=\"wp-block-quote is-layout-flow wp-block-quote-is-layout-flow\">\n<p>Abof\u00e9 que ser\u00e1 as\u00ed, Marcos. Sempre \u00e9 un pracer falar contigo.<\/p>\n<\/blockquote>\n","protected":false},"excerpt":{"rendered":"<div class=\"mh-excerpt\"><p>O Millo \u00e9 un elemento esencial na idiosincrasia do pobo galego. En tempos de negra necesidade e miseria podre, o pan de millo saciou a fame de milleiros de galegas e galegos. <a class=\"mh-excerpt-more\" href=\"https:\/\/www.anovapeneira.gal\/index.php\/2025\/03\/27\/lucia-ramonet-responsable-de-prensa-do-millo-verde\/\" title=\"Luc\u00eda Ramonet, responsable de prensa do Millo Verde\">[&#8230;]<\/a><\/p>\n<\/div>","protected":false},"author":6,"featured_media":13602,"comment_status":"open","ping_status":"open","sticky":false,"template":"","format":"standard","meta":{"_exactmetrics_skip_tracking":false,"_exactmetrics_sitenote_active":false,"_exactmetrics_sitenote_note":"","_exactmetrics_sitenote_category":0,"footnotes":""},"categories":[1],"tags":[],"class_list":{"0":"post-13601","1":"post","2":"type-post","3":"status-publish","4":"format-standard","5":"has-post-thumbnail","7":"category-sin-categoria"},"yoast_head":"<!-- This site is optimized with the Yoast SEO plugin v27.4 - https:\/\/yoast.com\/product\/yoast-seo-wordpress\/ -->\n<title>Luc\u00eda Ramonet, responsable de prensa do Millo Verde -<\/title>\n<meta name=\"robots\" content=\"index, follow, max-snippet:-1, max-image-preview:large, max-video-preview:-1\" \/>\n<link rel=\"canonical\" href=\"https:\/\/www.anovapeneira.gal\/index.php\/2025\/03\/27\/lucia-ramonet-responsable-de-prensa-do-millo-verde\/\" \/>\n<meta property=\"og:locale\" content=\"gl_ES\" \/>\n<meta property=\"og:type\" content=\"article\" \/>\n<meta property=\"og:title\" content=\"Luc\u00eda Ramonet, responsable de prensa do Millo Verde -\" \/>\n<meta property=\"og:description\" content=\"O Millo \u00e9 un elemento esencial na idiosincrasia do pobo galego. En tempos de negra necesidade e miseria podre, o pan de millo saciou a fame de milleiros de galegas e galegos. [...]\" \/>\n<meta property=\"og:url\" content=\"https:\/\/www.anovapeneira.gal\/index.php\/2025\/03\/27\/lucia-ramonet-responsable-de-prensa-do-millo-verde\/\" \/>\n<meta property=\"article:publisher\" content=\"https:\/\/www.facebook.com\/anovapeneira\" \/>\n<meta property=\"article:published_time\" content=\"2025-03-27T11:00:46+00:00\" \/>\n<meta property=\"og:image\" content=\"https:\/\/www.anovapeneira.gal\/wp-content\/uploads\/2025\/03\/millo-verde-lucia-ramonet.png\" \/>\n\t<meta property=\"og:image:width\" content=\"720\" \/>\n\t<meta property=\"og:image:height\" content=\"432\" \/>\n\t<meta property=\"og:image:type\" content=\"image\/png\" \/>\n<meta name=\"author\" content=\"Marcos Santos\" \/>\n<meta name=\"twitter:card\" content=\"summary_large_image\" \/>\n<meta name=\"twitter:creator\" content=\"@APeneira\" \/>\n<meta name=\"twitter:site\" content=\"@APeneira\" \/>\n<meta name=\"twitter:label1\" content=\"Escrito por\" \/>\n\t<meta name=\"twitter:data1\" content=\"Marcos Santos\" \/>\n\t<meta name=\"twitter:label2\" content=\"Tempo de lectura\" \/>\n\t<meta name=\"twitter:data2\" content=\"2 minutos\" \/>\n<script type=\"application\/ld+json\" class=\"yoast-schema-graph\">{\"@context\":\"https:\\\/\\\/schema.org\",\"@graph\":[{\"@type\":\"Article\",\"@id\":\"https:\\\/\\\/www.anovapeneira.gal\\\/index.php\\\/2025\\\/03\\\/27\\\/lucia-ramonet-responsable-de-prensa-do-millo-verde\\\/#article\",\"isPartOf\":{\"@id\":\"https:\\\/\\\/www.anovapeneira.gal\\\/index.php\\\/2025\\\/03\\\/27\\\/lucia-ramonet-responsable-de-prensa-do-millo-verde\\\/\"},\"author\":{\"name\":\"Marcos Santos\",\"@id\":\"https:\\\/\\\/www.anovapeneira.gal\\\/#\\\/schema\\\/person\\\/d9d84823564720e7593293bab054e52d\"},\"headline\":\"Luc\u00eda Ramonet, responsable de prensa do Millo Verde\",\"datePublished\":\"2025-03-27T11:00:46+00:00\",\"mainEntityOfPage\":{\"@id\":\"https:\\\/\\\/www.anovapeneira.gal\\\/index.php\\\/2025\\\/03\\\/27\\\/lucia-ramonet-responsable-de-prensa-do-millo-verde\\\/\"},\"wordCount\":655,\"commentCount\":0,\"publisher\":{\"@id\":\"https:\\\/\\\/www.anovapeneira.gal\\\/#organization\"},\"image\":{\"@id\":\"https:\\\/\\\/www.anovapeneira.gal\\\/index.php\\\/2025\\\/03\\\/27\\\/lucia-ramonet-responsable-de-prensa-do-millo-verde\\\/#primaryimage\"},\"thumbnailUrl\":\"https:\\\/\\\/www.anovapeneira.gal\\\/wp-content\\\/uploads\\\/2025\\\/03\\\/millo-verde-lucia-ramonet.png\",\"articleSection\":[\"Sin categor\u00eda\"],\"inLanguage\":\"gl-ES\",\"potentialAction\":[{\"@type\":\"CommentAction\",\"name\":\"Comment\",\"target\":[\"https:\\\/\\\/www.anovapeneira.gal\\\/index.php\\\/2025\\\/03\\\/27\\\/lucia-ramonet-responsable-de-prensa-do-millo-verde\\\/#respond\"]}]},{\"@type\":\"WebPage\",\"@id\":\"https:\\\/\\\/www.anovapeneira.gal\\\/index.php\\\/2025\\\/03\\\/27\\\/lucia-ramonet-responsable-de-prensa-do-millo-verde\\\/\",\"url\":\"https:\\\/\\\/www.anovapeneira.gal\\\/index.php\\\/2025\\\/03\\\/27\\\/lucia-ramonet-responsable-de-prensa-do-millo-verde\\\/\",\"name\":\"Luc\u00eda Ramonet, responsable de prensa do Millo Verde -\",\"isPartOf\":{\"@id\":\"https:\\\/\\\/www.anovapeneira.gal\\\/#website\"},\"primaryImageOfPage\":{\"@id\":\"https:\\\/\\\/www.anovapeneira.gal\\\/index.php\\\/2025\\\/03\\\/27\\\/lucia-ramonet-responsable-de-prensa-do-millo-verde\\\/#primaryimage\"},\"image\":{\"@id\":\"https:\\\/\\\/www.anovapeneira.gal\\\/index.php\\\/2025\\\/03\\\/27\\\/lucia-ramonet-responsable-de-prensa-do-millo-verde\\\/#primaryimage\"},\"thumbnailUrl\":\"https:\\\/\\\/www.anovapeneira.gal\\\/wp-content\\\/uploads\\\/2025\\\/03\\\/millo-verde-lucia-ramonet.png\",\"datePublished\":\"2025-03-27T11:00:46+00:00\",\"breadcrumb\":{\"@id\":\"https:\\\/\\\/www.anovapeneira.gal\\\/index.php\\\/2025\\\/03\\\/27\\\/lucia-ramonet-responsable-de-prensa-do-millo-verde\\\/#breadcrumb\"},\"inLanguage\":\"gl-ES\",\"potentialAction\":[{\"@type\":\"ReadAction\",\"target\":[\"https:\\\/\\\/www.anovapeneira.gal\\\/index.php\\\/2025\\\/03\\\/27\\\/lucia-ramonet-responsable-de-prensa-do-millo-verde\\\/\"]}]},{\"@type\":\"ImageObject\",\"inLanguage\":\"gl-ES\",\"@id\":\"https:\\\/\\\/www.anovapeneira.gal\\\/index.php\\\/2025\\\/03\\\/27\\\/lucia-ramonet-responsable-de-prensa-do-millo-verde\\\/#primaryimage\",\"url\":\"https:\\\/\\\/www.anovapeneira.gal\\\/wp-content\\\/uploads\\\/2025\\\/03\\\/millo-verde-lucia-ramonet.png\",\"contentUrl\":\"https:\\\/\\\/www.anovapeneira.gal\\\/wp-content\\\/uploads\\\/2025\\\/03\\\/millo-verde-lucia-ramonet.png\",\"width\":720,\"height\":432,\"caption\":\"millo verde lucia ramonet\"},{\"@type\":\"BreadcrumbList\",\"@id\":\"https:\\\/\\\/www.anovapeneira.gal\\\/index.php\\\/2025\\\/03\\\/27\\\/lucia-ramonet-responsable-de-prensa-do-millo-verde\\\/#breadcrumb\",\"itemListElement\":[{\"@type\":\"ListItem\",\"position\":1,\"name\":\"Portada\",\"item\":\"https:\\\/\\\/www.anovapeneira.gal\\\/\"},{\"@type\":\"ListItem\",\"position\":2,\"name\":\"Luc\u00eda Ramonet, responsable de prensa do Millo Verde\"}]},{\"@type\":\"WebSite\",\"@id\":\"https:\\\/\\\/www.anovapeneira.gal\\\/#website\",\"url\":\"https:\\\/\\\/www.anovapeneira.gal\\\/\",\"name\":\"\",\"description\":\"Xornal galego de informaci\u00f3n xeral Publicaci\u00f3n mensual de novas de Galicia e en especial dos Concellos da sur da provincia de Pontevedra.\",\"publisher\":{\"@id\":\"https:\\\/\\\/www.anovapeneira.gal\\\/#organization\"},\"potentialAction\":[{\"@type\":\"SearchAction\",\"target\":{\"@type\":\"EntryPoint\",\"urlTemplate\":\"https:\\\/\\\/www.anovapeneira.gal\\\/?s={search_term_string}\"},\"query-input\":{\"@type\":\"PropertyValueSpecification\",\"valueRequired\":true,\"valueName\":\"search_term_string\"}}],\"inLanguage\":\"gl-ES\"},{\"@type\":\"Organization\",\"@id\":\"https:\\\/\\\/www.anovapeneira.gal\\\/#organization\",\"name\":\"A Nova Peneira\",\"url\":\"https:\\\/\\\/www.anovapeneira.gal\\\/\",\"logo\":{\"@type\":\"ImageObject\",\"inLanguage\":\"gl-ES\",\"@id\":\"https:\\\/\\\/www.anovapeneira.gal\\\/#\\\/schema\\\/logo\\\/image\\\/\",\"url\":\"http:\\\/\\\/www.anovapeneira.gal\\\/wp-content\\\/uploads\\\/2019\\\/06\\\/logo_a_nova_peneira_portal_web.png\",\"contentUrl\":\"http:\\\/\\\/www.anovapeneira.gal\\\/wp-content\\\/uploads\\\/2019\\\/06\\\/logo_a_nova_peneira_portal_web.png\",\"width\":300,\"height\":100,\"caption\":\"A Nova Peneira\"},\"image\":{\"@id\":\"https:\\\/\\\/www.anovapeneira.gal\\\/#\\\/schema\\\/logo\\\/image\\\/\"},\"sameAs\":[\"https:\\\/\\\/www.facebook.com\\\/anovapeneira\",\"https:\\\/\\\/x.com\\\/APeneira\"]},{\"@type\":\"Person\",\"@id\":\"https:\\\/\\\/www.anovapeneira.gal\\\/#\\\/schema\\\/person\\\/d9d84823564720e7593293bab054e52d\",\"name\":\"Marcos Santos\",\"image\":{\"@type\":\"ImageObject\",\"inLanguage\":\"gl-ES\",\"@id\":\"https:\\\/\\\/secure.gravatar.com\\\/avatar\\\/0e8017099a7a47c0a9d2275e865fe326484561eb3d70649069e4b8e61a8d2e8c?s=96&d=mm&r=g\",\"url\":\"https:\\\/\\\/secure.gravatar.com\\\/avatar\\\/0e8017099a7a47c0a9d2275e865fe326484561eb3d70649069e4b8e61a8d2e8c?s=96&d=mm&r=g\",\"contentUrl\":\"https:\\\/\\\/secure.gravatar.com\\\/avatar\\\/0e8017099a7a47c0a9d2275e865fe326484561eb3d70649069e4b8e61a8d2e8c?s=96&d=mm&r=g\",\"caption\":\"Marcos Santos\"},\"sameAs\":[\"http:\\\/\\\/anovapeneira.gal\"],\"url\":\"https:\\\/\\\/www.anovapeneira.gal\\\/index.php\\\/author\\\/marcos-santos\\\/\"}]}<\/script>\n<!-- \/ Yoast SEO plugin. -->","yoast_head_json":{"title":"Luc\u00eda Ramonet, responsable de prensa do Millo Verde -","robots":{"index":"index","follow":"follow","max-snippet":"max-snippet:-1","max-image-preview":"max-image-preview:large","max-video-preview":"max-video-preview:-1"},"canonical":"https:\/\/www.anovapeneira.gal\/index.php\/2025\/03\/27\/lucia-ramonet-responsable-de-prensa-do-millo-verde\/","og_locale":"gl_ES","og_type":"article","og_title":"Luc\u00eda Ramonet, responsable de prensa do Millo Verde -","og_description":"O Millo \u00e9 un elemento esencial na idiosincrasia do pobo galego. En tempos de negra necesidade e miseria podre, o pan de millo saciou a fame de milleiros de galegas e galegos. [...]","og_url":"https:\/\/www.anovapeneira.gal\/index.php\/2025\/03\/27\/lucia-ramonet-responsable-de-prensa-do-millo-verde\/","article_publisher":"https:\/\/www.facebook.com\/anovapeneira","article_published_time":"2025-03-27T11:00:46+00:00","og_image":[{"width":720,"height":432,"url":"https:\/\/www.anovapeneira.gal\/wp-content\/uploads\/2025\/03\/millo-verde-lucia-ramonet.png","type":"image\/png"}],"author":"Marcos Santos","twitter_card":"summary_large_image","twitter_creator":"@APeneira","twitter_site":"@APeneira","twitter_misc":{"Escrito por":"Marcos Santos","Tempo de lectura":"2 minutos"},"schema":{"@context":"https:\/\/schema.org","@graph":[{"@type":"Article","@id":"https:\/\/www.anovapeneira.gal\/index.php\/2025\/03\/27\/lucia-ramonet-responsable-de-prensa-do-millo-verde\/#article","isPartOf":{"@id":"https:\/\/www.anovapeneira.gal\/index.php\/2025\/03\/27\/lucia-ramonet-responsable-de-prensa-do-millo-verde\/"},"author":{"name":"Marcos Santos","@id":"https:\/\/www.anovapeneira.gal\/#\/schema\/person\/d9d84823564720e7593293bab054e52d"},"headline":"Luc\u00eda Ramonet, responsable de prensa do Millo Verde","datePublished":"2025-03-27T11:00:46+00:00","mainEntityOfPage":{"@id":"https:\/\/www.anovapeneira.gal\/index.php\/2025\/03\/27\/lucia-ramonet-responsable-de-prensa-do-millo-verde\/"},"wordCount":655,"commentCount":0,"publisher":{"@id":"https:\/\/www.anovapeneira.gal\/#organization"},"image":{"@id":"https:\/\/www.anovapeneira.gal\/index.php\/2025\/03\/27\/lucia-ramonet-responsable-de-prensa-do-millo-verde\/#primaryimage"},"thumbnailUrl":"https:\/\/www.anovapeneira.gal\/wp-content\/uploads\/2025\/03\/millo-verde-lucia-ramonet.png","articleSection":["Sin categor\u00eda"],"inLanguage":"gl-ES","potentialAction":[{"@type":"CommentAction","name":"Comment","target":["https:\/\/www.anovapeneira.gal\/index.php\/2025\/03\/27\/lucia-ramonet-responsable-de-prensa-do-millo-verde\/#respond"]}]},{"@type":"WebPage","@id":"https:\/\/www.anovapeneira.gal\/index.php\/2025\/03\/27\/lucia-ramonet-responsable-de-prensa-do-millo-verde\/","url":"https:\/\/www.anovapeneira.gal\/index.php\/2025\/03\/27\/lucia-ramonet-responsable-de-prensa-do-millo-verde\/","name":"Luc\u00eda Ramonet, responsable de prensa do Millo Verde -","isPartOf":{"@id":"https:\/\/www.anovapeneira.gal\/#website"},"primaryImageOfPage":{"@id":"https:\/\/www.anovapeneira.gal\/index.php\/2025\/03\/27\/lucia-ramonet-responsable-de-prensa-do-millo-verde\/#primaryimage"},"image":{"@id":"https:\/\/www.anovapeneira.gal\/index.php\/2025\/03\/27\/lucia-ramonet-responsable-de-prensa-do-millo-verde\/#primaryimage"},"thumbnailUrl":"https:\/\/www.anovapeneira.gal\/wp-content\/uploads\/2025\/03\/millo-verde-lucia-ramonet.png","datePublished":"2025-03-27T11:00:46+00:00","breadcrumb":{"@id":"https:\/\/www.anovapeneira.gal\/index.php\/2025\/03\/27\/lucia-ramonet-responsable-de-prensa-do-millo-verde\/#breadcrumb"},"inLanguage":"gl-ES","potentialAction":[{"@type":"ReadAction","target":["https:\/\/www.anovapeneira.gal\/index.php\/2025\/03\/27\/lucia-ramonet-responsable-de-prensa-do-millo-verde\/"]}]},{"@type":"ImageObject","inLanguage":"gl-ES","@id":"https:\/\/www.anovapeneira.gal\/index.php\/2025\/03\/27\/lucia-ramonet-responsable-de-prensa-do-millo-verde\/#primaryimage","url":"https:\/\/www.anovapeneira.gal\/wp-content\/uploads\/2025\/03\/millo-verde-lucia-ramonet.png","contentUrl":"https:\/\/www.anovapeneira.gal\/wp-content\/uploads\/2025\/03\/millo-verde-lucia-ramonet.png","width":720,"height":432,"caption":"millo verde lucia ramonet"},{"@type":"BreadcrumbList","@id":"https:\/\/www.anovapeneira.gal\/index.php\/2025\/03\/27\/lucia-ramonet-responsable-de-prensa-do-millo-verde\/#breadcrumb","itemListElement":[{"@type":"ListItem","position":1,"name":"Portada","item":"https:\/\/www.anovapeneira.gal\/"},{"@type":"ListItem","position":2,"name":"Luc\u00eda Ramonet, responsable de prensa do Millo Verde"}]},{"@type":"WebSite","@id":"https:\/\/www.anovapeneira.gal\/#website","url":"https:\/\/www.anovapeneira.gal\/","name":"","description":"Xornal galego de informaci\u00f3n xeral Publicaci\u00f3n mensual de novas de Galicia e en especial dos Concellos da sur da provincia de Pontevedra.","publisher":{"@id":"https:\/\/www.anovapeneira.gal\/#organization"},"potentialAction":[{"@type":"SearchAction","target":{"@type":"EntryPoint","urlTemplate":"https:\/\/www.anovapeneira.gal\/?s={search_term_string}"},"query-input":{"@type":"PropertyValueSpecification","valueRequired":true,"valueName":"search_term_string"}}],"inLanguage":"gl-ES"},{"@type":"Organization","@id":"https:\/\/www.anovapeneira.gal\/#organization","name":"A Nova Peneira","url":"https:\/\/www.anovapeneira.gal\/","logo":{"@type":"ImageObject","inLanguage":"gl-ES","@id":"https:\/\/www.anovapeneira.gal\/#\/schema\/logo\/image\/","url":"http:\/\/www.anovapeneira.gal\/wp-content\/uploads\/2019\/06\/logo_a_nova_peneira_portal_web.png","contentUrl":"http:\/\/www.anovapeneira.gal\/wp-content\/uploads\/2019\/06\/logo_a_nova_peneira_portal_web.png","width":300,"height":100,"caption":"A Nova Peneira"},"image":{"@id":"https:\/\/www.anovapeneira.gal\/#\/schema\/logo\/image\/"},"sameAs":["https:\/\/www.facebook.com\/anovapeneira","https:\/\/x.com\/APeneira"]},{"@type":"Person","@id":"https:\/\/www.anovapeneira.gal\/#\/schema\/person\/d9d84823564720e7593293bab054e52d","name":"Marcos Santos","image":{"@type":"ImageObject","inLanguage":"gl-ES","@id":"https:\/\/secure.gravatar.com\/avatar\/0e8017099a7a47c0a9d2275e865fe326484561eb3d70649069e4b8e61a8d2e8c?s=96&d=mm&r=g","url":"https:\/\/secure.gravatar.com\/avatar\/0e8017099a7a47c0a9d2275e865fe326484561eb3d70649069e4b8e61a8d2e8c?s=96&d=mm&r=g","contentUrl":"https:\/\/secure.gravatar.com\/avatar\/0e8017099a7a47c0a9d2275e865fe326484561eb3d70649069e4b8e61a8d2e8c?s=96&d=mm&r=g","caption":"Marcos Santos"},"sameAs":["http:\/\/anovapeneira.gal"],"url":"https:\/\/www.anovapeneira.gal\/index.php\/author\/marcos-santos\/"}]}},"jetpack_featured_media_url":"https:\/\/www.anovapeneira.gal\/wp-content\/uploads\/2025\/03\/millo-verde-lucia-ramonet.png","_links":{"self":[{"href":"https:\/\/www.anovapeneira.gal\/index.php\/wp-json\/wp\/v2\/posts\/13601","targetHints":{"allow":["GET"]}}],"collection":[{"href":"https:\/\/www.anovapeneira.gal\/index.php\/wp-json\/wp\/v2\/posts"}],"about":[{"href":"https:\/\/www.anovapeneira.gal\/index.php\/wp-json\/wp\/v2\/types\/post"}],"author":[{"embeddable":true,"href":"https:\/\/www.anovapeneira.gal\/index.php\/wp-json\/wp\/v2\/users\/6"}],"replies":[{"embeddable":true,"href":"https:\/\/www.anovapeneira.gal\/index.php\/wp-json\/wp\/v2\/comments?post=13601"}],"version-history":[{"count":1,"href":"https:\/\/www.anovapeneira.gal\/index.php\/wp-json\/wp\/v2\/posts\/13601\/revisions"}],"predecessor-version":[{"id":13604,"href":"https:\/\/www.anovapeneira.gal\/index.php\/wp-json\/wp\/v2\/posts\/13601\/revisions\/13604"}],"wp:featuredmedia":[{"embeddable":true,"href":"https:\/\/www.anovapeneira.gal\/index.php\/wp-json\/wp\/v2\/media\/13602"}],"wp:attachment":[{"href":"https:\/\/www.anovapeneira.gal\/index.php\/wp-json\/wp\/v2\/media?parent=13601"}],"wp:term":[{"taxonomy":"category","embeddable":true,"href":"https:\/\/www.anovapeneira.gal\/index.php\/wp-json\/wp\/v2\/categories?post=13601"},{"taxonomy":"post_tag","embeddable":true,"href":"https:\/\/www.anovapeneira.gal\/index.php\/wp-json\/wp\/v2\/tags?post=13601"}],"curies":[{"name":"wp","href":"https:\/\/api.w.org\/{rel}","templated":true}]}}