{"id":13605,"date":"2025-03-28T10:00:54","date_gmt":"2025-03-28T09:00:54","guid":{"rendered":"https:\/\/www.anovapeneira.gal\/?p=13605"},"modified":"2025-03-24T10:28:11","modified_gmt":"2025-03-24T09:28:11","slug":"auga-papel-veleno","status":"publish","type":"post","link":"https:\/\/www.anovapeneira.gal\/index.php\/2025\/03\/28\/auga-papel-veleno\/","title":{"rendered":"Auga, papel, veleno"},"content":{"rendered":"\n<figure class=\"wp-block-image size-full is-resized\"><img loading=\"lazy\" decoding=\"async\" width=\"513\" height=\"662\" src=\"https:\/\/www.anovapeneira.gal\/wp-content\/uploads\/2024\/03\/Aaron-foto-actual.jpg\" alt=\"\" class=\"wp-image-11469\" style=\"width:79px;height:auto\" srcset=\"https:\/\/www.anovapeneira.gal\/wp-content\/uploads\/2024\/03\/Aaron-foto-actual.jpg 513w, https:\/\/www.anovapeneira.gal\/wp-content\/uploads\/2024\/03\/Aaron-foto-actual-232x300.jpg 232w\" sizes=\"auto, (max-width: 513px) 100vw, 513px\" \/><figcaption class=\"wp-element-caption\">Aar\u00f3n Franco, mestre, historiador e poeta.<\/figcaption><\/figure>\n\n\n\n<p>O goberno da Xunta de Galicia v\u00e9n de aprobar a Declaraci\u00f3n de Impacto Ambiental (DIA) para o proxecto da megacelulosa de Altri en Palas de Rei, un dos maiores desprop\u00f3sitos industriais da historia recente do pa\u00eds. A autorizaci\u00f3n deste complexo qu\u00edmico, que devorar\u00e1 recursos naturais a un ritmo insostible, \u00e9 un exercicio de submisi\u00f3n descarada aos intereses dunha multinacional \u00e1 conta do futuro dos galegos e galegas. O Partido Popular, con Alfonso Rueda \u00e1 cabeza, confirma unha vez m\u00e1is que o seu modelo de &#8220;desenvolvemento&#8221; se basea en entregar o noso territorio como unha colonia industrial.<\/p>\n\n\n\n<p>Os datos son demoledores. A planta ocupar\u00e1 366 hect\u00e1reas, demandar\u00e1 1,2 mill\u00f3ns de toneladas de eucalipto ao ano e succionar\u00e1 46.000 metros c\u00fabicos de auga do r\u00edo Ulla cada d\u00eda, equivalente ao consumo de toda a provincia de Lugo. A isto s\u00famase a vertedura de 30.000 metros c\u00fabicos de augas residuais diarias, unha cheminea de 75 metros expulsando gases contaminantes, e unha afectaci\u00f3n directa sobre espazos protexidos da Rede Natura 2000. Todo isto en plena Ulloa, unha comarca de gran riqueza natural e agr\u00edcola, e a car\u00f3n do Cami\u00f1o de Santiago.<\/p>\n\n\n\n<p>Non \u00e9 que o PP non o saiba. Sabeo perfectamente, pero non lle importa. A Xunta prefire seguir exercendo de brazo executor dun modelo extractivista que reduce Galicia a un sumidoiro industrial, onde os beneficios quedan en mans privadas e os impactos recaen sobre a sociedade.<\/p>\n\n\n\n<p>A aprobaci\u00f3n da DIA \u00e9 a \u00faltima mostra de que o goberno galego non est\u00e1 ao servizo do interese xeral, sen\u00f3n dos intereses das grandes empresas. O informe ambiental, cuxo contido completo permanece opaco, foi avalado pola Xunta con absoluta celeridade, mentres proxectos moito menos agresivos sofren bloqueos administrativos infinitos. A mesma administraci\u00f3n que pon trabas ao desenvolvemento rural e a iniciativas sostibles non dubida en regalar licenzas cando se trata de instalar unha f\u00e1brica que, literalmente, vai beber e contaminar os r\u00edos galegos.<\/p>\n\n\n\n<p>Pero o m\u00e1is insultante \u00e9 que este proxecto se pretende vender como &#8220;verde&#8221; e &#8220;sostible&#8221;. A empresa non dubida en utilizar toda a linguaxe do lavado de cara ambiental para ocultar que, en realidade, estamos diante dunha industria altamente contaminante. A Xunta, c\u00f3mplice na farsa, asina informes ambientais a medida, facendo o\u00eddos xordos \u00e1s denuncias de ecoloxistas, cient\u00edficos e expertos que alertan do impacto irreversible sobre a biodiversidade, o ciclo da auga e a calidade do aire.<\/p>\n\n\n\n<p>E mentres o PP galego abraza Altri con entusiasmo, o Goberno central do PSOE mant\u00e9n unha posici\u00f3n ambigua e irresponsable. A empresa busca 250 mill\u00f3ns de euros de fondos p\u00fablicos a trav\u00e9s do PERTE de descarbonizaci\u00f3n industrial, e o Ministerio de Industria evita aclarar se se destinar\u00e1n cartos p\u00fablicos a esta barbaridade. O ministro Jordi Hereu afirma que a concesi\u00f3n de axudas &#8220;se avaliar\u00e1 con criterios t\u00e9cnicos&#8221;, sen desmentir en ning\u00fan momento que Altri poida beneficiarse dos recursos do Estado.<\/p>\n\n\n\n<p>Esta indefinici\u00f3n \u00e9 perigosa. Se finalmente se destinan fondos p\u00fablicos \u00e1 megacelulosa, ser\u00e1 unha traiz\u00f3n a Galicia e unha demostraci\u00f3n de que o Goberno de Espa\u00f1a non s\u00f3 tolera, sen\u00f3n que financia a destruci\u00f3n do noso territorio.<\/p>\n\n\n\n<p>A boa noticia \u00e9 que a sociedade galega non est\u00e1 disposta a aceptar este atentado ambiental sen loita. Plataformas como Ulloa Viva anunciaron unha batalla legal contra o proxecto e as protestas est\u00e1n en marcha en distintos puntos do pa\u00eds. A cidadan\u00eda xa demostrou coa loita contra ENCE que a mobilizaci\u00f3n pode torcer os plans do poder, e agora enfr\u00f3ntase a un desaf\u00edo similar.<\/p>\n\n\n\n<p>Altri non \u00e9 progreso, non \u00e9 emprego sostible, non \u00e9 industria verde. \u00c9 contaminaci\u00f3n, expolio e destruci\u00f3n. \u00c9 unha hipoteca ambiental que Galicia non pode asumir. O Partido Popular segue gobernando coma se o pa\u00eds fose o seu feudo particular, concedendo favores aos seus amigos empresarios en detrimento do ben com\u00fan.<\/p>\n\n\n\n<p>A pregunta agora \u00e9 clara: deixaremos que Galicia se converta nunha factor\u00eda ao servizo de multinacionais ou imos defender o noso territorio?<\/p>\n\n\n\n<p><\/p>\n","protected":false},"excerpt":{"rendered":"<div class=\"mh-excerpt\"><p>O goberno da Xunta de Galicia v\u00e9n de aprobar a Declaraci\u00f3n de Impacto Ambiental (DIA) para o proxecto da megacelulosa de Altri en Palas de Rei, un dos maiores desprop\u00f3sitos industriais da historia recente do pa\u00ed <a class=\"mh-excerpt-more\" href=\"https:\/\/www.anovapeneira.gal\/index.php\/2025\/03\/28\/auga-papel-veleno\/\" title=\"Auga, papel, veleno\">[&#8230;]<\/a><\/p>\n<\/div>","protected":false},"author":23,"featured_media":584,"comment_status":"open","ping_status":"open","sticky":false,"template":"","format":"standard","meta":{"_exactmetrics_skip_tracking":false,"_exactmetrics_sitenote_active":false,"_exactmetrics_sitenote_note":"","_exactmetrics_sitenote_category":0,"footnotes":""},"categories":[7],"tags":[1398],"class_list":{"0":"post-13605","1":"post","2":"type-post","3":"status-publish","4":"format-standard","5":"has-post-thumbnail","7":"category-artigos-de-opinion","8":"tag-altri"},"yoast_head":"<!-- This site is optimized with the Yoast SEO plugin v27.4 - https:\/\/yoast.com\/product\/yoast-seo-wordpress\/ -->\n<title>Auga, papel, veleno -<\/title>\n<meta name=\"robots\" content=\"index, follow, max-snippet:-1, max-image-preview:large, max-video-preview:-1\" \/>\n<link rel=\"canonical\" href=\"https:\/\/www.anovapeneira.gal\/index.php\/2025\/03\/28\/auga-papel-veleno\/\" \/>\n<meta property=\"og:locale\" content=\"gl_ES\" \/>\n<meta property=\"og:type\" content=\"article\" \/>\n<meta property=\"og:title\" content=\"Auga, papel, veleno -\" \/>\n<meta property=\"og:description\" content=\"O goberno da Xunta de Galicia v\u00e9n de aprobar a Declaraci\u00f3n de Impacto Ambiental (DIA) para o proxecto da megacelulosa de Altri en Palas de Rei, un dos maiores desprop\u00f3sitos industriais da historia recente do pa\u00ed [...]\" \/>\n<meta property=\"og:url\" content=\"https:\/\/www.anovapeneira.gal\/index.php\/2025\/03\/28\/auga-papel-veleno\/\" \/>\n<meta property=\"article:publisher\" content=\"https:\/\/www.facebook.com\/anovapeneira\" \/>\n<meta property=\"article:published_time\" content=\"2025-03-28T09:00:54+00:00\" \/>\n<meta property=\"og:image\" content=\"https:\/\/www.anovapeneira.gal\/wp-content\/uploads\/2019\/07\/ARTIGO_DE_OPINION_A_NOVA_PENEIRA.jpg\" \/>\n\t<meta property=\"og:image:width\" content=\"720\" \/>\n\t<meta property=\"og:image:height\" content=\"473\" \/>\n\t<meta property=\"og:image:type\" content=\"image\/jpeg\" \/>\n<meta name=\"author\" content=\"Aar\u00f3n Franco\" \/>\n<meta name=\"twitter:card\" content=\"summary_large_image\" \/>\n<meta name=\"twitter:creator\" content=\"@APeneira\" \/>\n<meta name=\"twitter:site\" content=\"@APeneira\" \/>\n<meta name=\"twitter:label1\" content=\"Escrito por\" \/>\n\t<meta name=\"twitter:data1\" content=\"Aar\u00f3n Franco\" \/>\n\t<meta name=\"twitter:label2\" content=\"Tempo de lectura\" \/>\n\t<meta name=\"twitter:data2\" content=\"4 minutos\" \/>\n<script type=\"application\/ld+json\" class=\"yoast-schema-graph\">{\"@context\":\"https:\\\/\\\/schema.org\",\"@graph\":[{\"@type\":\"Article\",\"@id\":\"https:\\\/\\\/www.anovapeneira.gal\\\/index.php\\\/2025\\\/03\\\/28\\\/auga-papel-veleno\\\/#article\",\"isPartOf\":{\"@id\":\"https:\\\/\\\/www.anovapeneira.gal\\\/index.php\\\/2025\\\/03\\\/28\\\/auga-papel-veleno\\\/\"},\"author\":{\"name\":\"Aar\u00f3n Franco\",\"@id\":\"https:\\\/\\\/www.anovapeneira.gal\\\/#\\\/schema\\\/person\\\/a907e49c1885c12d6f281770afd68766\"},\"headline\":\"Auga, papel, veleno\",\"datePublished\":\"2025-03-28T09:00:54+00:00\",\"mainEntityOfPage\":{\"@id\":\"https:\\\/\\\/www.anovapeneira.gal\\\/index.php\\\/2025\\\/03\\\/28\\\/auga-papel-veleno\\\/\"},\"wordCount\":693,\"commentCount\":0,\"publisher\":{\"@id\":\"https:\\\/\\\/www.anovapeneira.gal\\\/#organization\"},\"image\":{\"@id\":\"https:\\\/\\\/www.anovapeneira.gal\\\/index.php\\\/2025\\\/03\\\/28\\\/auga-papel-veleno\\\/#primaryimage\"},\"thumbnailUrl\":\"https:\\\/\\\/www.anovapeneira.gal\\\/wp-content\\\/uploads\\\/2019\\\/07\\\/ARTIGO_DE_OPINION_A_NOVA_PENEIRA.jpg\",\"keywords\":[\"Altri\"],\"articleSection\":[\"Artigos de opini\u00f3n\"],\"inLanguage\":\"gl-ES\",\"potentialAction\":[{\"@type\":\"CommentAction\",\"name\":\"Comment\",\"target\":[\"https:\\\/\\\/www.anovapeneira.gal\\\/index.php\\\/2025\\\/03\\\/28\\\/auga-papel-veleno\\\/#respond\"]}]},{\"@type\":\"WebPage\",\"@id\":\"https:\\\/\\\/www.anovapeneira.gal\\\/index.php\\\/2025\\\/03\\\/28\\\/auga-papel-veleno\\\/\",\"url\":\"https:\\\/\\\/www.anovapeneira.gal\\\/index.php\\\/2025\\\/03\\\/28\\\/auga-papel-veleno\\\/\",\"name\":\"Auga, papel, veleno -\",\"isPartOf\":{\"@id\":\"https:\\\/\\\/www.anovapeneira.gal\\\/#website\"},\"primaryImageOfPage\":{\"@id\":\"https:\\\/\\\/www.anovapeneira.gal\\\/index.php\\\/2025\\\/03\\\/28\\\/auga-papel-veleno\\\/#primaryimage\"},\"image\":{\"@id\":\"https:\\\/\\\/www.anovapeneira.gal\\\/index.php\\\/2025\\\/03\\\/28\\\/auga-papel-veleno\\\/#primaryimage\"},\"thumbnailUrl\":\"https:\\\/\\\/www.anovapeneira.gal\\\/wp-content\\\/uploads\\\/2019\\\/07\\\/ARTIGO_DE_OPINION_A_NOVA_PENEIRA.jpg\",\"datePublished\":\"2025-03-28T09:00:54+00:00\",\"breadcrumb\":{\"@id\":\"https:\\\/\\\/www.anovapeneira.gal\\\/index.php\\\/2025\\\/03\\\/28\\\/auga-papel-veleno\\\/#breadcrumb\"},\"inLanguage\":\"gl-ES\",\"potentialAction\":[{\"@type\":\"ReadAction\",\"target\":[\"https:\\\/\\\/www.anovapeneira.gal\\\/index.php\\\/2025\\\/03\\\/28\\\/auga-papel-veleno\\\/\"]}]},{\"@type\":\"ImageObject\",\"inLanguage\":\"gl-ES\",\"@id\":\"https:\\\/\\\/www.anovapeneira.gal\\\/index.php\\\/2025\\\/03\\\/28\\\/auga-papel-veleno\\\/#primaryimage\",\"url\":\"https:\\\/\\\/www.anovapeneira.gal\\\/wp-content\\\/uploads\\\/2019\\\/07\\\/ARTIGO_DE_OPINION_A_NOVA_PENEIRA.jpg\",\"contentUrl\":\"https:\\\/\\\/www.anovapeneira.gal\\\/wp-content\\\/uploads\\\/2019\\\/07\\\/ARTIGO_DE_OPINION_A_NOVA_PENEIRA.jpg\",\"width\":720,\"height\":473,\"caption\":\"Artigo de opini\u00f3n A Nova Peneira\"},{\"@type\":\"BreadcrumbList\",\"@id\":\"https:\\\/\\\/www.anovapeneira.gal\\\/index.php\\\/2025\\\/03\\\/28\\\/auga-papel-veleno\\\/#breadcrumb\",\"itemListElement\":[{\"@type\":\"ListItem\",\"position\":1,\"name\":\"Portada\",\"item\":\"https:\\\/\\\/www.anovapeneira.gal\\\/\"},{\"@type\":\"ListItem\",\"position\":2,\"name\":\"Auga, papel, veleno\"}]},{\"@type\":\"WebSite\",\"@id\":\"https:\\\/\\\/www.anovapeneira.gal\\\/#website\",\"url\":\"https:\\\/\\\/www.anovapeneira.gal\\\/\",\"name\":\"\",\"description\":\"Xornal galego de informaci\u00f3n xeral Publicaci\u00f3n mensual de novas de Galicia e en especial dos Concellos da sur da provincia de Pontevedra.\",\"publisher\":{\"@id\":\"https:\\\/\\\/www.anovapeneira.gal\\\/#organization\"},\"potentialAction\":[{\"@type\":\"SearchAction\",\"target\":{\"@type\":\"EntryPoint\",\"urlTemplate\":\"https:\\\/\\\/www.anovapeneira.gal\\\/?s={search_term_string}\"},\"query-input\":{\"@type\":\"PropertyValueSpecification\",\"valueRequired\":true,\"valueName\":\"search_term_string\"}}],\"inLanguage\":\"gl-ES\"},{\"@type\":\"Organization\",\"@id\":\"https:\\\/\\\/www.anovapeneira.gal\\\/#organization\",\"name\":\"A Nova Peneira\",\"url\":\"https:\\\/\\\/www.anovapeneira.gal\\\/\",\"logo\":{\"@type\":\"ImageObject\",\"inLanguage\":\"gl-ES\",\"@id\":\"https:\\\/\\\/www.anovapeneira.gal\\\/#\\\/schema\\\/logo\\\/image\\\/\",\"url\":\"http:\\\/\\\/www.anovapeneira.gal\\\/wp-content\\\/uploads\\\/2019\\\/06\\\/logo_a_nova_peneira_portal_web.png\",\"contentUrl\":\"http:\\\/\\\/www.anovapeneira.gal\\\/wp-content\\\/uploads\\\/2019\\\/06\\\/logo_a_nova_peneira_portal_web.png\",\"width\":300,\"height\":100,\"caption\":\"A Nova Peneira\"},\"image\":{\"@id\":\"https:\\\/\\\/www.anovapeneira.gal\\\/#\\\/schema\\\/logo\\\/image\\\/\"},\"sameAs\":[\"https:\\\/\\\/www.facebook.com\\\/anovapeneira\",\"https:\\\/\\\/x.com\\\/APeneira\"]},{\"@type\":\"Person\",\"@id\":\"https:\\\/\\\/www.anovapeneira.gal\\\/#\\\/schema\\\/person\\\/a907e49c1885c12d6f281770afd68766\",\"name\":\"Aar\u00f3n Franco\",\"image\":{\"@type\":\"ImageObject\",\"inLanguage\":\"gl-ES\",\"@id\":\"https:\\\/\\\/secure.gravatar.com\\\/avatar\\\/82f0614fe09ae3f066983f8d670d0ff15a0917fefe52b93ffa425275b87d6102?s=96&d=mm&r=g\",\"url\":\"https:\\\/\\\/secure.gravatar.com\\\/avatar\\\/82f0614fe09ae3f066983f8d670d0ff15a0917fefe52b93ffa425275b87d6102?s=96&d=mm&r=g\",\"contentUrl\":\"https:\\\/\\\/secure.gravatar.com\\\/avatar\\\/82f0614fe09ae3f066983f8d670d0ff15a0917fefe52b93ffa425275b87d6102?s=96&d=mm&r=g\",\"caption\":\"Aar\u00f3n Franco\"},\"sameAs\":[\"http:\\\/\\\/www.anovapeneira.gal\\\/\"],\"url\":\"https:\\\/\\\/www.anovapeneira.gal\\\/index.php\\\/author\\\/aaron-franco\\\/\"}]}<\/script>\n<!-- \/ Yoast SEO plugin. -->","yoast_head_json":{"title":"Auga, papel, veleno -","robots":{"index":"index","follow":"follow","max-snippet":"max-snippet:-1","max-image-preview":"max-image-preview:large","max-video-preview":"max-video-preview:-1"},"canonical":"https:\/\/www.anovapeneira.gal\/index.php\/2025\/03\/28\/auga-papel-veleno\/","og_locale":"gl_ES","og_type":"article","og_title":"Auga, papel, veleno -","og_description":"O goberno da Xunta de Galicia v\u00e9n de aprobar a Declaraci\u00f3n de Impacto Ambiental (DIA) para o proxecto da megacelulosa de Altri en Palas de Rei, un dos maiores desprop\u00f3sitos industriais da historia recente do pa\u00ed [...]","og_url":"https:\/\/www.anovapeneira.gal\/index.php\/2025\/03\/28\/auga-papel-veleno\/","article_publisher":"https:\/\/www.facebook.com\/anovapeneira","article_published_time":"2025-03-28T09:00:54+00:00","og_image":[{"width":720,"height":473,"url":"https:\/\/www.anovapeneira.gal\/wp-content\/uploads\/2019\/07\/ARTIGO_DE_OPINION_A_NOVA_PENEIRA.jpg","type":"image\/jpeg"}],"author":"Aar\u00f3n Franco","twitter_card":"summary_large_image","twitter_creator":"@APeneira","twitter_site":"@APeneira","twitter_misc":{"Escrito por":"Aar\u00f3n Franco","Tempo de lectura":"4 minutos"},"schema":{"@context":"https:\/\/schema.org","@graph":[{"@type":"Article","@id":"https:\/\/www.anovapeneira.gal\/index.php\/2025\/03\/28\/auga-papel-veleno\/#article","isPartOf":{"@id":"https:\/\/www.anovapeneira.gal\/index.php\/2025\/03\/28\/auga-papel-veleno\/"},"author":{"name":"Aar\u00f3n Franco","@id":"https:\/\/www.anovapeneira.gal\/#\/schema\/person\/a907e49c1885c12d6f281770afd68766"},"headline":"Auga, papel, veleno","datePublished":"2025-03-28T09:00:54+00:00","mainEntityOfPage":{"@id":"https:\/\/www.anovapeneira.gal\/index.php\/2025\/03\/28\/auga-papel-veleno\/"},"wordCount":693,"commentCount":0,"publisher":{"@id":"https:\/\/www.anovapeneira.gal\/#organization"},"image":{"@id":"https:\/\/www.anovapeneira.gal\/index.php\/2025\/03\/28\/auga-papel-veleno\/#primaryimage"},"thumbnailUrl":"https:\/\/www.anovapeneira.gal\/wp-content\/uploads\/2019\/07\/ARTIGO_DE_OPINION_A_NOVA_PENEIRA.jpg","keywords":["Altri"],"articleSection":["Artigos de opini\u00f3n"],"inLanguage":"gl-ES","potentialAction":[{"@type":"CommentAction","name":"Comment","target":["https:\/\/www.anovapeneira.gal\/index.php\/2025\/03\/28\/auga-papel-veleno\/#respond"]}]},{"@type":"WebPage","@id":"https:\/\/www.anovapeneira.gal\/index.php\/2025\/03\/28\/auga-papel-veleno\/","url":"https:\/\/www.anovapeneira.gal\/index.php\/2025\/03\/28\/auga-papel-veleno\/","name":"Auga, papel, veleno -","isPartOf":{"@id":"https:\/\/www.anovapeneira.gal\/#website"},"primaryImageOfPage":{"@id":"https:\/\/www.anovapeneira.gal\/index.php\/2025\/03\/28\/auga-papel-veleno\/#primaryimage"},"image":{"@id":"https:\/\/www.anovapeneira.gal\/index.php\/2025\/03\/28\/auga-papel-veleno\/#primaryimage"},"thumbnailUrl":"https:\/\/www.anovapeneira.gal\/wp-content\/uploads\/2019\/07\/ARTIGO_DE_OPINION_A_NOVA_PENEIRA.jpg","datePublished":"2025-03-28T09:00:54+00:00","breadcrumb":{"@id":"https:\/\/www.anovapeneira.gal\/index.php\/2025\/03\/28\/auga-papel-veleno\/#breadcrumb"},"inLanguage":"gl-ES","potentialAction":[{"@type":"ReadAction","target":["https:\/\/www.anovapeneira.gal\/index.php\/2025\/03\/28\/auga-papel-veleno\/"]}]},{"@type":"ImageObject","inLanguage":"gl-ES","@id":"https:\/\/www.anovapeneira.gal\/index.php\/2025\/03\/28\/auga-papel-veleno\/#primaryimage","url":"https:\/\/www.anovapeneira.gal\/wp-content\/uploads\/2019\/07\/ARTIGO_DE_OPINION_A_NOVA_PENEIRA.jpg","contentUrl":"https:\/\/www.anovapeneira.gal\/wp-content\/uploads\/2019\/07\/ARTIGO_DE_OPINION_A_NOVA_PENEIRA.jpg","width":720,"height":473,"caption":"Artigo de opini\u00f3n A Nova Peneira"},{"@type":"BreadcrumbList","@id":"https:\/\/www.anovapeneira.gal\/index.php\/2025\/03\/28\/auga-papel-veleno\/#breadcrumb","itemListElement":[{"@type":"ListItem","position":1,"name":"Portada","item":"https:\/\/www.anovapeneira.gal\/"},{"@type":"ListItem","position":2,"name":"Auga, papel, veleno"}]},{"@type":"WebSite","@id":"https:\/\/www.anovapeneira.gal\/#website","url":"https:\/\/www.anovapeneira.gal\/","name":"","description":"Xornal galego de informaci\u00f3n xeral Publicaci\u00f3n mensual de novas de Galicia e en especial dos Concellos da sur da provincia de Pontevedra.","publisher":{"@id":"https:\/\/www.anovapeneira.gal\/#organization"},"potentialAction":[{"@type":"SearchAction","target":{"@type":"EntryPoint","urlTemplate":"https:\/\/www.anovapeneira.gal\/?s={search_term_string}"},"query-input":{"@type":"PropertyValueSpecification","valueRequired":true,"valueName":"search_term_string"}}],"inLanguage":"gl-ES"},{"@type":"Organization","@id":"https:\/\/www.anovapeneira.gal\/#organization","name":"A Nova Peneira","url":"https:\/\/www.anovapeneira.gal\/","logo":{"@type":"ImageObject","inLanguage":"gl-ES","@id":"https:\/\/www.anovapeneira.gal\/#\/schema\/logo\/image\/","url":"http:\/\/www.anovapeneira.gal\/wp-content\/uploads\/2019\/06\/logo_a_nova_peneira_portal_web.png","contentUrl":"http:\/\/www.anovapeneira.gal\/wp-content\/uploads\/2019\/06\/logo_a_nova_peneira_portal_web.png","width":300,"height":100,"caption":"A Nova Peneira"},"image":{"@id":"https:\/\/www.anovapeneira.gal\/#\/schema\/logo\/image\/"},"sameAs":["https:\/\/www.facebook.com\/anovapeneira","https:\/\/x.com\/APeneira"]},{"@type":"Person","@id":"https:\/\/www.anovapeneira.gal\/#\/schema\/person\/a907e49c1885c12d6f281770afd68766","name":"Aar\u00f3n Franco","image":{"@type":"ImageObject","inLanguage":"gl-ES","@id":"https:\/\/secure.gravatar.com\/avatar\/82f0614fe09ae3f066983f8d670d0ff15a0917fefe52b93ffa425275b87d6102?s=96&d=mm&r=g","url":"https:\/\/secure.gravatar.com\/avatar\/82f0614fe09ae3f066983f8d670d0ff15a0917fefe52b93ffa425275b87d6102?s=96&d=mm&r=g","contentUrl":"https:\/\/secure.gravatar.com\/avatar\/82f0614fe09ae3f066983f8d670d0ff15a0917fefe52b93ffa425275b87d6102?s=96&d=mm&r=g","caption":"Aar\u00f3n Franco"},"sameAs":["http:\/\/www.anovapeneira.gal\/"],"url":"https:\/\/www.anovapeneira.gal\/index.php\/author\/aaron-franco\/"}]}},"jetpack_featured_media_url":"https:\/\/www.anovapeneira.gal\/wp-content\/uploads\/2019\/07\/ARTIGO_DE_OPINION_A_NOVA_PENEIRA.jpg","_links":{"self":[{"href":"https:\/\/www.anovapeneira.gal\/index.php\/wp-json\/wp\/v2\/posts\/13605","targetHints":{"allow":["GET"]}}],"collection":[{"href":"https:\/\/www.anovapeneira.gal\/index.php\/wp-json\/wp\/v2\/posts"}],"about":[{"href":"https:\/\/www.anovapeneira.gal\/index.php\/wp-json\/wp\/v2\/types\/post"}],"author":[{"embeddable":true,"href":"https:\/\/www.anovapeneira.gal\/index.php\/wp-json\/wp\/v2\/users\/23"}],"replies":[{"embeddable":true,"href":"https:\/\/www.anovapeneira.gal\/index.php\/wp-json\/wp\/v2\/comments?post=13605"}],"version-history":[{"count":1,"href":"https:\/\/www.anovapeneira.gal\/index.php\/wp-json\/wp\/v2\/posts\/13605\/revisions"}],"predecessor-version":[{"id":13606,"href":"https:\/\/www.anovapeneira.gal\/index.php\/wp-json\/wp\/v2\/posts\/13605\/revisions\/13606"}],"wp:featuredmedia":[{"embeddable":true,"href":"https:\/\/www.anovapeneira.gal\/index.php\/wp-json\/wp\/v2\/media\/584"}],"wp:attachment":[{"href":"https:\/\/www.anovapeneira.gal\/index.php\/wp-json\/wp\/v2\/media?parent=13605"}],"wp:term":[{"taxonomy":"category","embeddable":true,"href":"https:\/\/www.anovapeneira.gal\/index.php\/wp-json\/wp\/v2\/categories?post=13605"},{"taxonomy":"post_tag","embeddable":true,"href":"https:\/\/www.anovapeneira.gal\/index.php\/wp-json\/wp\/v2\/tags?post=13605"}],"curies":[{"name":"wp","href":"https:\/\/api.w.org\/{rel}","templated":true}]}}