{"id":13612,"date":"2025-03-31T10:00:49","date_gmt":"2025-03-31T08:00:49","guid":{"rendered":"https:\/\/www.anovapeneira.gal\/?p=13612"},"modified":"2025-03-24T10:41:21","modified_gmt":"2025-03-24T09:41:21","slug":"o-festival-de-cans-promovera-un-documental-sobre-os-70-anos-do-traxico-accidente-de-autobus-que-marcou-a-aldea","status":"publish","type":"post","link":"https:\/\/www.anovapeneira.gal\/index.php\/2025\/03\/31\/o-festival-de-cans-promovera-un-documental-sobre-os-70-anos-do-traxico-accidente-de-autobus-que-marcou-a-aldea\/","title":{"rendered":"O Festival de Cans promover\u00e1 un documental sobre os 70 anos do tr\u00e1xico accidente de autob\u00fas que marcou \u00e1 aldea"},"content":{"rendered":"\n<p>O proxecto colectivo Cans 303, coordinado polo cineasta Juanma Lodo, realizarase sobre este accidente no que 31 persoas faleceron ao incendiarse un autob\u00fas en 1955. O accidente produciuse diante da escola da aldea e marcou a unha xeraci\u00f3n de nenos, moitos dos cales falar\u00e1n no documental, que se estrear\u00e1 no festival<\/p>\n\n\n\n<p>O equipo do filme rescatou un hist\u00f3rico cantar de cego sobre a traxedia, que ir\u00e1 inclu\u00eddo na banda sonora, musicada por Pancho \u00c1lvarez.<\/p>\n\n\n\n<p>Imaxe tomada a finais dos anos 50 do monumento que lembra aos 31 falecidos na traxedia de Cans. Foto cedida por Carmen P\u00e9rez.<\/p>\n\n\n\n<p>Cans (O Porri\u00f1o), 20 de marzo de 2025. O Festival de Cans, cuxa XXII edici\u00f3n ter\u00e1 lugar do 20 ao 24 de maio nesta aldea de O Porri\u00f1o, estrear\u00e1 este ano un documental sobre os 70 anos do tr\u00e1xico accidente que marcou a toda unha xeraci\u00f3n. En febreiro de 1955, un total de 31 persoas morreron queimadas tras incendiarse un autob\u00fas que envorcou diante da escola dos nenos. Hoxe, nese mesmo lugar, existe un monumento que lembra o suceso.<\/p>\n\n\n\n<p>Este veh\u00edculo de transporte \u00eda cargado de feirantes que se dirix\u00edan \u00e1 feira de Ponteareas. Moitos destes feirantes eran moi co\u00f1ecidos na comarca, que quedou conmocionada por este suceso que tivo naquel momento un impacto en medios de alcance internacional. O proxecto _Cans 303_, documental colectivo coordinado por Juanma Lodo, e no que traballan alumnas e alumnos da aldea de varias xeraci\u00f3ns, busca preservar ano tras ano a memoria da aldea, sustentada sobre todo na testemu\u00f1a oral das persoas de m\u00e1is idade. Nesta ocasi\u00f3n estase a traballar nun censo dos ent\u00f3n nenos que a\u00ednda vivan na actualidade e que poder\u00edan estar nesa escola, cuxas idades roldar\u00edan hoxe os 80 anos e que contemplaron escenas que os marcar\u00edan de por vida.<\/p>\n\n\n\n<p>Neste proceso de construci\u00f3n colectivo e traballo interxeracional coa comunidade local, o Festival de Cans pide tam\u00e9n a colaboraci\u00f3n de persoas familiares de v\u00edtimas ou dos escasos superviventes, que poidan aportar alg\u00fan tipo de informaci\u00f3n as\u00ed como documentos, hemeroteca ou fotograf\u00edas desa \u00e9poca.<\/p>\n\n\n\n<p>As persoas que poidan facer achegas poden contactar co certame por mensaxe privada nas redes sociais do festival, no mail <a href=\"mailto:festivaldecans@festivaldecans.com\">festivaldecans@festivaldecans.com<\/a> ou via wahtsapp no tel\u00e9fono 657062771.<\/p>\n\n\n\n<p>M\u00fasica de Pancho \u00c1lvarez para o cantar de cego de Cans O equipo do documental, que leva traballando desde meses atr\u00e1s, tam\u00e9n rescatou un hist\u00f3rico cantar de cego arredor desta traxedia que os cegos contaban de feira en feira, vendendo copias destas coplas. Este cantar de cego ser\u00e1 musicado por Pancho \u00c1lvarez, multiinstrumentista que formou parte do n\u00facleo fundacional do grupo folk \u201cNa L\u00faa\u201d, e na actualidade forma parte da banda de Carlos N\u00fa\u00f1ez, mentres desenvolve en paralelo unha traxectoria en solitario.<\/p>\n\n\n\n<p>O documental ter\u00e1 a s\u00faa estrea no Torreiro de Cans o m\u00e9rcores 21 de maio, o co\u00f1ecido como D\u00eda dos Veci\u00f1os, e tradicionalmente un dos d\u00edas m\u00e1is emotivos do festival.<\/p>\n","protected":false},"excerpt":{"rendered":"<div class=\"mh-excerpt\"><p>O proxecto colectivo Cans 303, coordinado polo cineasta Juanma Lodo, realizarase sobre este accidente no que 31 persoas faleceron ao incendiarse un autob\u00fas en 1955. <a class=\"mh-excerpt-more\" href=\"https:\/\/www.anovapeneira.gal\/index.php\/2025\/03\/31\/o-festival-de-cans-promovera-un-documental-sobre-os-70-anos-do-traxico-accidente-de-autobus-que-marcou-a-aldea\/\" title=\"O Festival de Cans promover\u00e1 un documental sobre os 70 anos do tr\u00e1xico accidente de autob\u00fas que marcou \u00e1 aldea\">[&#8230;]<\/a><\/p>\n<\/div>","protected":false},"author":3,"featured_media":13613,"comment_status":"open","ping_status":"open","sticky":false,"template":"","format":"standard","meta":{"_exactmetrics_skip_tracking":false,"_exactmetrics_sitenote_active":false,"_exactmetrics_sitenote_note":"","_exactmetrics_sitenote_category":0,"footnotes":""},"categories":[23],"tags":[411],"class_list":{"0":"post-13612","1":"post","2":"type-post","3":"status-publish","4":"format-standard","5":"has-post-thumbnail","7":"category-a-lourina","8":"tag-concello-do-porrino"},"yoast_head":"<!-- This site is optimized with the Yoast SEO plugin v27.4 - https:\/\/yoast.com\/product\/yoast-seo-wordpress\/ -->\n<title>O Festival de Cans promover\u00e1 un documental sobre os 70 anos do tr\u00e1xico accidente de autob\u00fas que marcou \u00e1 aldea -<\/title>\n<meta name=\"robots\" content=\"index, follow, max-snippet:-1, max-image-preview:large, max-video-preview:-1\" \/>\n<link rel=\"canonical\" href=\"https:\/\/www.anovapeneira.gal\/index.php\/2025\/03\/31\/o-festival-de-cans-promovera-un-documental-sobre-os-70-anos-do-traxico-accidente-de-autobus-que-marcou-a-aldea\/\" \/>\n<meta property=\"og:locale\" content=\"gl_ES\" \/>\n<meta property=\"og:type\" content=\"article\" \/>\n<meta property=\"og:title\" content=\"O Festival de Cans promover\u00e1 un documental sobre os 70 anos do tr\u00e1xico accidente de autob\u00fas que marcou \u00e1 aldea -\" \/>\n<meta property=\"og:description\" content=\"O proxecto colectivo Cans 303, coordinado polo cineasta Juanma Lodo, realizarase sobre este accidente no que 31 persoas faleceron ao incendiarse un autob\u00fas en 1955. [...]\" \/>\n<meta property=\"og:url\" content=\"https:\/\/www.anovapeneira.gal\/index.php\/2025\/03\/31\/o-festival-de-cans-promovera-un-documental-sobre-os-70-anos-do-traxico-accidente-de-autobus-que-marcou-a-aldea\/\" \/>\n<meta property=\"article:publisher\" content=\"https:\/\/www.facebook.com\/anovapeneira\" \/>\n<meta property=\"article:published_time\" content=\"2025-03-31T08:00:49+00:00\" \/>\n<meta property=\"og:image\" content=\"https:\/\/www.anovapeneira.gal\/wp-content\/uploads\/2025\/03\/Proxecto-Colectivo-Cans.png\" \/>\n\t<meta property=\"og:image:width\" content=\"720\" \/>\n\t<meta property=\"og:image:height\" content=\"432\" \/>\n\t<meta property=\"og:image:type\" content=\"image\/png\" \/>\n<meta name=\"author\" content=\"Redacci\u00f3n A Nova Peneira\" \/>\n<meta name=\"twitter:card\" content=\"summary_large_image\" \/>\n<meta name=\"twitter:creator\" content=\"@APeneira\" \/>\n<meta name=\"twitter:site\" content=\"@APeneira\" \/>\n<meta name=\"twitter:label1\" content=\"Escrito por\" \/>\n\t<meta name=\"twitter:data1\" content=\"Redacci\u00f3n A Nova Peneira\" \/>\n\t<meta name=\"twitter:label2\" content=\"Tempo de lectura\" \/>\n\t<meta name=\"twitter:data2\" content=\"3 minutos\" \/>\n<script type=\"application\/ld+json\" class=\"yoast-schema-graph\">{\"@context\":\"https:\\\/\\\/schema.org\",\"@graph\":[{\"@type\":\"Article\",\"@id\":\"https:\\\/\\\/www.anovapeneira.gal\\\/index.php\\\/2025\\\/03\\\/31\\\/o-festival-de-cans-promovera-un-documental-sobre-os-70-anos-do-traxico-accidente-de-autobus-que-marcou-a-aldea\\\/#article\",\"isPartOf\":{\"@id\":\"https:\\\/\\\/www.anovapeneira.gal\\\/index.php\\\/2025\\\/03\\\/31\\\/o-festival-de-cans-promovera-un-documental-sobre-os-70-anos-do-traxico-accidente-de-autobus-que-marcou-a-aldea\\\/\"},\"author\":{\"name\":\"Redacci\u00f3n A Nova Peneira\",\"@id\":\"https:\\\/\\\/www.anovapeneira.gal\\\/#\\\/schema\\\/person\\\/b93e3f8932e3f8da96334607eb6ac6aa\"},\"headline\":\"O Festival de Cans promover\u00e1 un documental sobre os 70 anos do tr\u00e1xico accidente de autob\u00fas que marcou \u00e1 aldea\",\"datePublished\":\"2025-03-31T08:00:49+00:00\",\"mainEntityOfPage\":{\"@id\":\"https:\\\/\\\/www.anovapeneira.gal\\\/index.php\\\/2025\\\/03\\\/31\\\/o-festival-de-cans-promovera-un-documental-sobre-os-70-anos-do-traxico-accidente-de-autobus-que-marcou-a-aldea\\\/\"},\"wordCount\":529,\"commentCount\":0,\"publisher\":{\"@id\":\"https:\\\/\\\/www.anovapeneira.gal\\\/#organization\"},\"image\":{\"@id\":\"https:\\\/\\\/www.anovapeneira.gal\\\/index.php\\\/2025\\\/03\\\/31\\\/o-festival-de-cans-promovera-un-documental-sobre-os-70-anos-do-traxico-accidente-de-autobus-que-marcou-a-aldea\\\/#primaryimage\"},\"thumbnailUrl\":\"https:\\\/\\\/www.anovapeneira.gal\\\/wp-content\\\/uploads\\\/2025\\\/03\\\/Proxecto-Colectivo-Cans.png\",\"keywords\":[\"Concello do Porri\u00f1o\"],\"articleSection\":[\"A Louri\u00f1a\"],\"inLanguage\":\"gl-ES\",\"potentialAction\":[{\"@type\":\"CommentAction\",\"name\":\"Comment\",\"target\":[\"https:\\\/\\\/www.anovapeneira.gal\\\/index.php\\\/2025\\\/03\\\/31\\\/o-festival-de-cans-promovera-un-documental-sobre-os-70-anos-do-traxico-accidente-de-autobus-que-marcou-a-aldea\\\/#respond\"]}]},{\"@type\":\"WebPage\",\"@id\":\"https:\\\/\\\/www.anovapeneira.gal\\\/index.php\\\/2025\\\/03\\\/31\\\/o-festival-de-cans-promovera-un-documental-sobre-os-70-anos-do-traxico-accidente-de-autobus-que-marcou-a-aldea\\\/\",\"url\":\"https:\\\/\\\/www.anovapeneira.gal\\\/index.php\\\/2025\\\/03\\\/31\\\/o-festival-de-cans-promovera-un-documental-sobre-os-70-anos-do-traxico-accidente-de-autobus-que-marcou-a-aldea\\\/\",\"name\":\"O Festival de Cans promover\u00e1 un documental sobre os 70 anos do tr\u00e1xico accidente de autob\u00fas que marcou \u00e1 aldea -\",\"isPartOf\":{\"@id\":\"https:\\\/\\\/www.anovapeneira.gal\\\/#website\"},\"primaryImageOfPage\":{\"@id\":\"https:\\\/\\\/www.anovapeneira.gal\\\/index.php\\\/2025\\\/03\\\/31\\\/o-festival-de-cans-promovera-un-documental-sobre-os-70-anos-do-traxico-accidente-de-autobus-que-marcou-a-aldea\\\/#primaryimage\"},\"image\":{\"@id\":\"https:\\\/\\\/www.anovapeneira.gal\\\/index.php\\\/2025\\\/03\\\/31\\\/o-festival-de-cans-promovera-un-documental-sobre-os-70-anos-do-traxico-accidente-de-autobus-que-marcou-a-aldea\\\/#primaryimage\"},\"thumbnailUrl\":\"https:\\\/\\\/www.anovapeneira.gal\\\/wp-content\\\/uploads\\\/2025\\\/03\\\/Proxecto-Colectivo-Cans.png\",\"datePublished\":\"2025-03-31T08:00:49+00:00\",\"breadcrumb\":{\"@id\":\"https:\\\/\\\/www.anovapeneira.gal\\\/index.php\\\/2025\\\/03\\\/31\\\/o-festival-de-cans-promovera-un-documental-sobre-os-70-anos-do-traxico-accidente-de-autobus-que-marcou-a-aldea\\\/#breadcrumb\"},\"inLanguage\":\"gl-ES\",\"potentialAction\":[{\"@type\":\"ReadAction\",\"target\":[\"https:\\\/\\\/www.anovapeneira.gal\\\/index.php\\\/2025\\\/03\\\/31\\\/o-festival-de-cans-promovera-un-documental-sobre-os-70-anos-do-traxico-accidente-de-autobus-que-marcou-a-aldea\\\/\"]}]},{\"@type\":\"ImageObject\",\"inLanguage\":\"gl-ES\",\"@id\":\"https:\\\/\\\/www.anovapeneira.gal\\\/index.php\\\/2025\\\/03\\\/31\\\/o-festival-de-cans-promovera-un-documental-sobre-os-70-anos-do-traxico-accidente-de-autobus-que-marcou-a-aldea\\\/#primaryimage\",\"url\":\"https:\\\/\\\/www.anovapeneira.gal\\\/wp-content\\\/uploads\\\/2025\\\/03\\\/Proxecto-Colectivo-Cans.png\",\"contentUrl\":\"https:\\\/\\\/www.anovapeneira.gal\\\/wp-content\\\/uploads\\\/2025\\\/03\\\/Proxecto-Colectivo-Cans.png\",\"width\":720,\"height\":432,\"caption\":\"O Festival de Cans promover\u00e1 un documental sobre os 70 anos do tr\u00e1xico accidente de autob\u00fas que marcou \u00e1 aldea\"},{\"@type\":\"BreadcrumbList\",\"@id\":\"https:\\\/\\\/www.anovapeneira.gal\\\/index.php\\\/2025\\\/03\\\/31\\\/o-festival-de-cans-promovera-un-documental-sobre-os-70-anos-do-traxico-accidente-de-autobus-que-marcou-a-aldea\\\/#breadcrumb\",\"itemListElement\":[{\"@type\":\"ListItem\",\"position\":1,\"name\":\"Portada\",\"item\":\"https:\\\/\\\/www.anovapeneira.gal\\\/\"},{\"@type\":\"ListItem\",\"position\":2,\"name\":\"O Festival de Cans promover\u00e1 un documental sobre os 70 anos do tr\u00e1xico accidente de autob\u00fas que marcou \u00e1 aldea\"}]},{\"@type\":\"WebSite\",\"@id\":\"https:\\\/\\\/www.anovapeneira.gal\\\/#website\",\"url\":\"https:\\\/\\\/www.anovapeneira.gal\\\/\",\"name\":\"\",\"description\":\"Xornal galego de informaci\u00f3n xeral Publicaci\u00f3n mensual de novas de Galicia e en especial dos Concellos da sur da provincia de Pontevedra.\",\"publisher\":{\"@id\":\"https:\\\/\\\/www.anovapeneira.gal\\\/#organization\"},\"potentialAction\":[{\"@type\":\"SearchAction\",\"target\":{\"@type\":\"EntryPoint\",\"urlTemplate\":\"https:\\\/\\\/www.anovapeneira.gal\\\/?s={search_term_string}\"},\"query-input\":{\"@type\":\"PropertyValueSpecification\",\"valueRequired\":true,\"valueName\":\"search_term_string\"}}],\"inLanguage\":\"gl-ES\"},{\"@type\":\"Organization\",\"@id\":\"https:\\\/\\\/www.anovapeneira.gal\\\/#organization\",\"name\":\"A Nova Peneira\",\"url\":\"https:\\\/\\\/www.anovapeneira.gal\\\/\",\"logo\":{\"@type\":\"ImageObject\",\"inLanguage\":\"gl-ES\",\"@id\":\"https:\\\/\\\/www.anovapeneira.gal\\\/#\\\/schema\\\/logo\\\/image\\\/\",\"url\":\"http:\\\/\\\/www.anovapeneira.gal\\\/wp-content\\\/uploads\\\/2019\\\/06\\\/logo_a_nova_peneira_portal_web.png\",\"contentUrl\":\"http:\\\/\\\/www.anovapeneira.gal\\\/wp-content\\\/uploads\\\/2019\\\/06\\\/logo_a_nova_peneira_portal_web.png\",\"width\":300,\"height\":100,\"caption\":\"A Nova Peneira\"},\"image\":{\"@id\":\"https:\\\/\\\/www.anovapeneira.gal\\\/#\\\/schema\\\/logo\\\/image\\\/\"},\"sameAs\":[\"https:\\\/\\\/www.facebook.com\\\/anovapeneira\",\"https:\\\/\\\/x.com\\\/APeneira\"]},{\"@type\":\"Person\",\"@id\":\"https:\\\/\\\/www.anovapeneira.gal\\\/#\\\/schema\\\/person\\\/b93e3f8932e3f8da96334607eb6ac6aa\",\"name\":\"Redacci\u00f3n A Nova Peneira\",\"image\":{\"@type\":\"ImageObject\",\"inLanguage\":\"gl-ES\",\"@id\":\"https:\\\/\\\/secure.gravatar.com\\\/avatar\\\/c052a2551a06e23fac63626232eaa90abd78dbcf1700fc46a2b2c89fd27b735f?s=96&d=mm&r=g\",\"url\":\"https:\\\/\\\/secure.gravatar.com\\\/avatar\\\/c052a2551a06e23fac63626232eaa90abd78dbcf1700fc46a2b2c89fd27b735f?s=96&d=mm&r=g\",\"contentUrl\":\"https:\\\/\\\/secure.gravatar.com\\\/avatar\\\/c052a2551a06e23fac63626232eaa90abd78dbcf1700fc46a2b2c89fd27b735f?s=96&d=mm&r=g\",\"caption\":\"Redacci\u00f3n A Nova Peneira\"},\"sameAs\":[\"http:\\\/\\\/www.anovapeneira.gal\\\/\"],\"url\":\"https:\\\/\\\/www.anovapeneira.gal\\\/index.php\\\/author\\\/redactor\\\/\"}]}<\/script>\n<!-- \/ Yoast SEO plugin. -->","yoast_head_json":{"title":"O Festival de Cans promover\u00e1 un documental sobre os 70 anos do tr\u00e1xico accidente de autob\u00fas que marcou \u00e1 aldea -","robots":{"index":"index","follow":"follow","max-snippet":"max-snippet:-1","max-image-preview":"max-image-preview:large","max-video-preview":"max-video-preview:-1"},"canonical":"https:\/\/www.anovapeneira.gal\/index.php\/2025\/03\/31\/o-festival-de-cans-promovera-un-documental-sobre-os-70-anos-do-traxico-accidente-de-autobus-que-marcou-a-aldea\/","og_locale":"gl_ES","og_type":"article","og_title":"O Festival de Cans promover\u00e1 un documental sobre os 70 anos do tr\u00e1xico accidente de autob\u00fas que marcou \u00e1 aldea -","og_description":"O proxecto colectivo Cans 303, coordinado polo cineasta Juanma Lodo, realizarase sobre este accidente no que 31 persoas faleceron ao incendiarse un autob\u00fas en 1955. [...]","og_url":"https:\/\/www.anovapeneira.gal\/index.php\/2025\/03\/31\/o-festival-de-cans-promovera-un-documental-sobre-os-70-anos-do-traxico-accidente-de-autobus-que-marcou-a-aldea\/","article_publisher":"https:\/\/www.facebook.com\/anovapeneira","article_published_time":"2025-03-31T08:00:49+00:00","og_image":[{"width":720,"height":432,"url":"https:\/\/www.anovapeneira.gal\/wp-content\/uploads\/2025\/03\/Proxecto-Colectivo-Cans.png","type":"image\/png"}],"author":"Redacci\u00f3n A Nova Peneira","twitter_card":"summary_large_image","twitter_creator":"@APeneira","twitter_site":"@APeneira","twitter_misc":{"Escrito por":"Redacci\u00f3n A Nova Peneira","Tempo de lectura":"3 minutos"},"schema":{"@context":"https:\/\/schema.org","@graph":[{"@type":"Article","@id":"https:\/\/www.anovapeneira.gal\/index.php\/2025\/03\/31\/o-festival-de-cans-promovera-un-documental-sobre-os-70-anos-do-traxico-accidente-de-autobus-que-marcou-a-aldea\/#article","isPartOf":{"@id":"https:\/\/www.anovapeneira.gal\/index.php\/2025\/03\/31\/o-festival-de-cans-promovera-un-documental-sobre-os-70-anos-do-traxico-accidente-de-autobus-que-marcou-a-aldea\/"},"author":{"name":"Redacci\u00f3n A Nova Peneira","@id":"https:\/\/www.anovapeneira.gal\/#\/schema\/person\/b93e3f8932e3f8da96334607eb6ac6aa"},"headline":"O Festival de Cans promover\u00e1 un documental sobre os 70 anos do tr\u00e1xico accidente de autob\u00fas que marcou \u00e1 aldea","datePublished":"2025-03-31T08:00:49+00:00","mainEntityOfPage":{"@id":"https:\/\/www.anovapeneira.gal\/index.php\/2025\/03\/31\/o-festival-de-cans-promovera-un-documental-sobre-os-70-anos-do-traxico-accidente-de-autobus-que-marcou-a-aldea\/"},"wordCount":529,"commentCount":0,"publisher":{"@id":"https:\/\/www.anovapeneira.gal\/#organization"},"image":{"@id":"https:\/\/www.anovapeneira.gal\/index.php\/2025\/03\/31\/o-festival-de-cans-promovera-un-documental-sobre-os-70-anos-do-traxico-accidente-de-autobus-que-marcou-a-aldea\/#primaryimage"},"thumbnailUrl":"https:\/\/www.anovapeneira.gal\/wp-content\/uploads\/2025\/03\/Proxecto-Colectivo-Cans.png","keywords":["Concello do Porri\u00f1o"],"articleSection":["A Louri\u00f1a"],"inLanguage":"gl-ES","potentialAction":[{"@type":"CommentAction","name":"Comment","target":["https:\/\/www.anovapeneira.gal\/index.php\/2025\/03\/31\/o-festival-de-cans-promovera-un-documental-sobre-os-70-anos-do-traxico-accidente-de-autobus-que-marcou-a-aldea\/#respond"]}]},{"@type":"WebPage","@id":"https:\/\/www.anovapeneira.gal\/index.php\/2025\/03\/31\/o-festival-de-cans-promovera-un-documental-sobre-os-70-anos-do-traxico-accidente-de-autobus-que-marcou-a-aldea\/","url":"https:\/\/www.anovapeneira.gal\/index.php\/2025\/03\/31\/o-festival-de-cans-promovera-un-documental-sobre-os-70-anos-do-traxico-accidente-de-autobus-que-marcou-a-aldea\/","name":"O Festival de Cans promover\u00e1 un documental sobre os 70 anos do tr\u00e1xico accidente de autob\u00fas que marcou \u00e1 aldea -","isPartOf":{"@id":"https:\/\/www.anovapeneira.gal\/#website"},"primaryImageOfPage":{"@id":"https:\/\/www.anovapeneira.gal\/index.php\/2025\/03\/31\/o-festival-de-cans-promovera-un-documental-sobre-os-70-anos-do-traxico-accidente-de-autobus-que-marcou-a-aldea\/#primaryimage"},"image":{"@id":"https:\/\/www.anovapeneira.gal\/index.php\/2025\/03\/31\/o-festival-de-cans-promovera-un-documental-sobre-os-70-anos-do-traxico-accidente-de-autobus-que-marcou-a-aldea\/#primaryimage"},"thumbnailUrl":"https:\/\/www.anovapeneira.gal\/wp-content\/uploads\/2025\/03\/Proxecto-Colectivo-Cans.png","datePublished":"2025-03-31T08:00:49+00:00","breadcrumb":{"@id":"https:\/\/www.anovapeneira.gal\/index.php\/2025\/03\/31\/o-festival-de-cans-promovera-un-documental-sobre-os-70-anos-do-traxico-accidente-de-autobus-que-marcou-a-aldea\/#breadcrumb"},"inLanguage":"gl-ES","potentialAction":[{"@type":"ReadAction","target":["https:\/\/www.anovapeneira.gal\/index.php\/2025\/03\/31\/o-festival-de-cans-promovera-un-documental-sobre-os-70-anos-do-traxico-accidente-de-autobus-que-marcou-a-aldea\/"]}]},{"@type":"ImageObject","inLanguage":"gl-ES","@id":"https:\/\/www.anovapeneira.gal\/index.php\/2025\/03\/31\/o-festival-de-cans-promovera-un-documental-sobre-os-70-anos-do-traxico-accidente-de-autobus-que-marcou-a-aldea\/#primaryimage","url":"https:\/\/www.anovapeneira.gal\/wp-content\/uploads\/2025\/03\/Proxecto-Colectivo-Cans.png","contentUrl":"https:\/\/www.anovapeneira.gal\/wp-content\/uploads\/2025\/03\/Proxecto-Colectivo-Cans.png","width":720,"height":432,"caption":"O Festival de Cans promover\u00e1 un documental sobre os 70 anos do tr\u00e1xico accidente de autob\u00fas que marcou \u00e1 aldea"},{"@type":"BreadcrumbList","@id":"https:\/\/www.anovapeneira.gal\/index.php\/2025\/03\/31\/o-festival-de-cans-promovera-un-documental-sobre-os-70-anos-do-traxico-accidente-de-autobus-que-marcou-a-aldea\/#breadcrumb","itemListElement":[{"@type":"ListItem","position":1,"name":"Portada","item":"https:\/\/www.anovapeneira.gal\/"},{"@type":"ListItem","position":2,"name":"O Festival de Cans promover\u00e1 un documental sobre os 70 anos do tr\u00e1xico accidente de autob\u00fas que marcou \u00e1 aldea"}]},{"@type":"WebSite","@id":"https:\/\/www.anovapeneira.gal\/#website","url":"https:\/\/www.anovapeneira.gal\/","name":"","description":"Xornal galego de informaci\u00f3n xeral Publicaci\u00f3n mensual de novas de Galicia e en especial dos Concellos da sur da provincia de Pontevedra.","publisher":{"@id":"https:\/\/www.anovapeneira.gal\/#organization"},"potentialAction":[{"@type":"SearchAction","target":{"@type":"EntryPoint","urlTemplate":"https:\/\/www.anovapeneira.gal\/?s={search_term_string}"},"query-input":{"@type":"PropertyValueSpecification","valueRequired":true,"valueName":"search_term_string"}}],"inLanguage":"gl-ES"},{"@type":"Organization","@id":"https:\/\/www.anovapeneira.gal\/#organization","name":"A Nova Peneira","url":"https:\/\/www.anovapeneira.gal\/","logo":{"@type":"ImageObject","inLanguage":"gl-ES","@id":"https:\/\/www.anovapeneira.gal\/#\/schema\/logo\/image\/","url":"http:\/\/www.anovapeneira.gal\/wp-content\/uploads\/2019\/06\/logo_a_nova_peneira_portal_web.png","contentUrl":"http:\/\/www.anovapeneira.gal\/wp-content\/uploads\/2019\/06\/logo_a_nova_peneira_portal_web.png","width":300,"height":100,"caption":"A Nova Peneira"},"image":{"@id":"https:\/\/www.anovapeneira.gal\/#\/schema\/logo\/image\/"},"sameAs":["https:\/\/www.facebook.com\/anovapeneira","https:\/\/x.com\/APeneira"]},{"@type":"Person","@id":"https:\/\/www.anovapeneira.gal\/#\/schema\/person\/b93e3f8932e3f8da96334607eb6ac6aa","name":"Redacci\u00f3n A Nova Peneira","image":{"@type":"ImageObject","inLanguage":"gl-ES","@id":"https:\/\/secure.gravatar.com\/avatar\/c052a2551a06e23fac63626232eaa90abd78dbcf1700fc46a2b2c89fd27b735f?s=96&d=mm&r=g","url":"https:\/\/secure.gravatar.com\/avatar\/c052a2551a06e23fac63626232eaa90abd78dbcf1700fc46a2b2c89fd27b735f?s=96&d=mm&r=g","contentUrl":"https:\/\/secure.gravatar.com\/avatar\/c052a2551a06e23fac63626232eaa90abd78dbcf1700fc46a2b2c89fd27b735f?s=96&d=mm&r=g","caption":"Redacci\u00f3n A Nova Peneira"},"sameAs":["http:\/\/www.anovapeneira.gal\/"],"url":"https:\/\/www.anovapeneira.gal\/index.php\/author\/redactor\/"}]}},"jetpack_featured_media_url":"https:\/\/www.anovapeneira.gal\/wp-content\/uploads\/2025\/03\/Proxecto-Colectivo-Cans.png","_links":{"self":[{"href":"https:\/\/www.anovapeneira.gal\/index.php\/wp-json\/wp\/v2\/posts\/13612","targetHints":{"allow":["GET"]}}],"collection":[{"href":"https:\/\/www.anovapeneira.gal\/index.php\/wp-json\/wp\/v2\/posts"}],"about":[{"href":"https:\/\/www.anovapeneira.gal\/index.php\/wp-json\/wp\/v2\/types\/post"}],"author":[{"embeddable":true,"href":"https:\/\/www.anovapeneira.gal\/index.php\/wp-json\/wp\/v2\/users\/3"}],"replies":[{"embeddable":true,"href":"https:\/\/www.anovapeneira.gal\/index.php\/wp-json\/wp\/v2\/comments?post=13612"}],"version-history":[{"count":1,"href":"https:\/\/www.anovapeneira.gal\/index.php\/wp-json\/wp\/v2\/posts\/13612\/revisions"}],"predecessor-version":[{"id":13614,"href":"https:\/\/www.anovapeneira.gal\/index.php\/wp-json\/wp\/v2\/posts\/13612\/revisions\/13614"}],"wp:featuredmedia":[{"embeddable":true,"href":"https:\/\/www.anovapeneira.gal\/index.php\/wp-json\/wp\/v2\/media\/13613"}],"wp:attachment":[{"href":"https:\/\/www.anovapeneira.gal\/index.php\/wp-json\/wp\/v2\/media?parent=13612"}],"wp:term":[{"taxonomy":"category","embeddable":true,"href":"https:\/\/www.anovapeneira.gal\/index.php\/wp-json\/wp\/v2\/categories?post=13612"},{"taxonomy":"post_tag","embeddable":true,"href":"https:\/\/www.anovapeneira.gal\/index.php\/wp-json\/wp\/v2\/tags?post=13612"}],"curies":[{"name":"wp","href":"https:\/\/api.w.org\/{rel}","templated":true}]}}