{"id":13615,"date":"2025-03-31T12:00:36","date_gmt":"2025-03-31T10:00:36","guid":{"rendered":"https:\/\/www.anovapeneira.gal\/?p=13615"},"modified":"2025-03-24T10:44:54","modified_gmt":"2025-03-24T09:44:54","slug":"unidade-fronte-a-traizon-sindical-en-stellantis","status":"publish","type":"post","link":"https:\/\/www.anovapeneira.gal\/index.php\/2025\/03\/31\/unidade-fronte-a-traizon-sindical-en-stellantis\/","title":{"rendered":"Unidade fronte \u00e1 traiz\u00f3n sindical en Stellantis"},"content":{"rendered":"\n<p>A secci\u00f3n sindical da CUT en Stellantis Vigo e as secci\u00f3ns sindicais da CGT nos centros de Stellantis en Madrid e Zaragoza reun\u00edmonos no d\u00eda de onte 20 de marzo nos locais da CGT en Madrid para analizar o ataque sistem\u00e1tico que tanto a empresa como os sindicatos do r\u00e9xime est\u00e1n levando a cabo contra o sindicalismo combativo.<\/p>\n\n\n\n<p>Un exemplo m\u00e1is desta situaci\u00f3n de conivencia coa empresa \u00e9 o chamado \u201cbonus\u201d que Stellantis decidiu repartir entre as persoas traballadoras aplicando un 1,53% do salario, cunha cont\u00eda que oscila entre os 300\u20ac e os 700\u20ac en t\u00f3dolos centros.<\/p>\n\n\n\n<p><strong>Ademais, os sindicatos vendidos aceptan unha vez mais sen cuestionar o<\/strong><strong>endurecemento<\/strong><strong>dos<\/strong><strong>requisitos<\/strong><strong>para<\/strong><strong>acceder e<\/strong><strong>este<\/strong><strong>miserable<\/strong><strong>\u201cbonus\u201d, pasando de 180 d\u00edas (6 meses) a 270 d\u00edas (9 meses) ininterrompidos para xerar dereito de cobro. <\/strong>A\u00ednda que xa non discriminan \u00e1s persoas que estiveron de IT, si excl\u00faen e discriminan \u00e1 unha gran maior\u00eda dos traballadores\/as entre eles os\/as eventuais, que seguramente quedaran f\u00f3ra do cobro desta paga. <strong>Outra mostra m\u00e1is de que estes sindicatos carecen de capacidade negociadora e act\u00faan como meros voceiros da empresa.<\/strong><\/p>\n\n\n\n<p>Ante este escenario, CUT e CGT reforzamos o noso compromiso de traballar conxuntamente para establecer loitas unitarias en todos os centros de Stellantis no estado espa\u00f1ol tanto xur\u00eddicas como sindicais. Porque <strong>as pol\u00edticas da empresa son as mesmas en todas partes e a s\u00faa complicidade cos sindicatos do r\u00e9xime tam\u00e9n.<\/strong><\/p>\n\n\n\n<p>Non esquecemos quen \u00e9 o noso verdadeiro adversario: a empresa. Pero tampouco ignoramos quen son os nosos inimigos: aqueles que, dicindo representar \u00e1 clase traballadora, venden os seus dereitos ao mellor \u201cpostor.\u201d<\/p>\n\n\n\n<p><strong>Por iso, seguiremos esixindo, m\u00e1is al\u00f3 deste miserable \u201cbonus\u201d, o reparto xusto da paga de beneficios, porque existen e pertencen \u00e1s persoas<\/strong><strong>traballadoras.<\/strong><strong>As\u00ed<\/strong><strong>como<\/strong><strong>a<\/strong><strong>s\u00faa<\/strong><strong>consolidaci\u00f3n<\/strong><strong>para<\/strong><strong>que<\/strong><strong>sexa<\/strong><strong>un dereito estable e non unha \u201climosna\u201d arbitraria da empresa.<\/strong><\/p>\n","protected":false},"excerpt":{"rendered":"<div class=\"mh-excerpt\"><p>A secci\u00f3n sindical da CUT en Stellantis Vigo e as secci\u00f3ns sindicais da CGT nos centros de Stellantis en Madrid e Zaragoza reun\u00edmonos no d\u00eda de onte 20 de marzo nos locais da CGT en Madrid para analizar o ataque sistem\u00e1tico que tanto a empresa como os sindicatos do r\u00e9xime est\u00e1n levando a cabo contra o sindicalismo combativo. <a class=\"mh-excerpt-more\" href=\"https:\/\/www.anovapeneira.gal\/index.php\/2025\/03\/31\/unidade-fronte-a-traizon-sindical-en-stellantis\/\" title=\"Unidade fronte \u00e1 traiz\u00f3n sindical en Stellantis\">[&#8230;]<\/a><\/p>\n<\/div>","protected":false},"author":3,"featured_media":7079,"comment_status":"open","ping_status":"open","sticky":false,"template":"","format":"standard","meta":{"_exactmetrics_skip_tracking":false,"_exactmetrics_sitenote_active":false,"_exactmetrics_sitenote_note":"","_exactmetrics_sitenote_category":0,"footnotes":""},"categories":[19],"tags":[227],"class_list":{"0":"post-13615","1":"post","2":"type-post","3":"status-publish","4":"format-standard","5":"has-post-thumbnail","7":"category-vigo","8":"tag-concello-de-vigo"},"yoast_head":"<!-- This site is optimized with the Yoast SEO plugin v27.4 - https:\/\/yoast.com\/product\/yoast-seo-wordpress\/ -->\n<title>Unidade fronte \u00e1 traiz\u00f3n sindical en Stellantis -<\/title>\n<meta name=\"robots\" content=\"index, follow, max-snippet:-1, max-image-preview:large, max-video-preview:-1\" \/>\n<link rel=\"canonical\" href=\"https:\/\/www.anovapeneira.gal\/index.php\/2025\/03\/31\/unidade-fronte-a-traizon-sindical-en-stellantis\/\" \/>\n<meta property=\"og:locale\" content=\"gl_ES\" \/>\n<meta property=\"og:type\" content=\"article\" \/>\n<meta property=\"og:title\" content=\"Unidade fronte \u00e1 traiz\u00f3n sindical en Stellantis -\" \/>\n<meta property=\"og:description\" content=\"A secci\u00f3n sindical da CUT en Stellantis Vigo e as secci\u00f3ns sindicais da CGT nos centros de Stellantis en Madrid e Zaragoza reun\u00edmonos no d\u00eda de onte 20 de marzo nos locais da CGT en Madrid para analizar o ataque sistem\u00e1tico que tanto a empresa como os sindicatos do r\u00e9xime est\u00e1n levando a cabo contra o sindicalismo combativo. [...]\" \/>\n<meta property=\"og:url\" content=\"https:\/\/www.anovapeneira.gal\/index.php\/2025\/03\/31\/unidade-fronte-a-traizon-sindical-en-stellantis\/\" \/>\n<meta property=\"article:publisher\" content=\"https:\/\/www.facebook.com\/anovapeneira\" \/>\n<meta property=\"article:published_time\" content=\"2025-03-31T10:00:36+00:00\" \/>\n<meta property=\"og:image\" content=\"https:\/\/www.anovapeneira.gal\/wp-content\/uploads\/2022\/03\/cut_citroen.jpg\" \/>\n\t<meta property=\"og:image:width\" content=\"720\" \/>\n\t<meta property=\"og:image:height\" content=\"432\" \/>\n\t<meta property=\"og:image:type\" content=\"image\/jpeg\" \/>\n<meta name=\"author\" content=\"Redacci\u00f3n A Nova Peneira\" \/>\n<meta name=\"twitter:card\" content=\"summary_large_image\" \/>\n<meta name=\"twitter:creator\" content=\"@APeneira\" \/>\n<meta name=\"twitter:site\" content=\"@APeneira\" \/>\n<meta name=\"twitter:label1\" content=\"Escrito por\" \/>\n\t<meta name=\"twitter:data1\" content=\"Redacci\u00f3n A Nova Peneira\" \/>\n\t<meta name=\"twitter:label2\" content=\"Tempo de lectura\" \/>\n\t<meta name=\"twitter:data2\" content=\"2 minutos\" \/>\n<script type=\"application\/ld+json\" class=\"yoast-schema-graph\">{\"@context\":\"https:\\\/\\\/schema.org\",\"@graph\":[{\"@type\":\"Article\",\"@id\":\"https:\\\/\\\/www.anovapeneira.gal\\\/index.php\\\/2025\\\/03\\\/31\\\/unidade-fronte-a-traizon-sindical-en-stellantis\\\/#article\",\"isPartOf\":{\"@id\":\"https:\\\/\\\/www.anovapeneira.gal\\\/index.php\\\/2025\\\/03\\\/31\\\/unidade-fronte-a-traizon-sindical-en-stellantis\\\/\"},\"author\":{\"name\":\"Redacci\u00f3n A Nova Peneira\",\"@id\":\"https:\\\/\\\/www.anovapeneira.gal\\\/#\\\/schema\\\/person\\\/b93e3f8932e3f8da96334607eb6ac6aa\"},\"headline\":\"Unidade fronte \u00e1 traiz\u00f3n sindical en Stellantis\",\"datePublished\":\"2025-03-31T10:00:36+00:00\",\"mainEntityOfPage\":{\"@id\":\"https:\\\/\\\/www.anovapeneira.gal\\\/index.php\\\/2025\\\/03\\\/31\\\/unidade-fronte-a-traizon-sindical-en-stellantis\\\/\"},\"wordCount\":333,\"commentCount\":0,\"publisher\":{\"@id\":\"https:\\\/\\\/www.anovapeneira.gal\\\/#organization\"},\"image\":{\"@id\":\"https:\\\/\\\/www.anovapeneira.gal\\\/index.php\\\/2025\\\/03\\\/31\\\/unidade-fronte-a-traizon-sindical-en-stellantis\\\/#primaryimage\"},\"thumbnailUrl\":\"https:\\\/\\\/www.anovapeneira.gal\\\/wp-content\\\/uploads\\\/2022\\\/03\\\/cut_citroen.jpg\",\"keywords\":[\"Concello de Vigo\"],\"articleSection\":[\"Vigo\"],\"inLanguage\":\"gl-ES\",\"potentialAction\":[{\"@type\":\"CommentAction\",\"name\":\"Comment\",\"target\":[\"https:\\\/\\\/www.anovapeneira.gal\\\/index.php\\\/2025\\\/03\\\/31\\\/unidade-fronte-a-traizon-sindical-en-stellantis\\\/#respond\"]}]},{\"@type\":\"WebPage\",\"@id\":\"https:\\\/\\\/www.anovapeneira.gal\\\/index.php\\\/2025\\\/03\\\/31\\\/unidade-fronte-a-traizon-sindical-en-stellantis\\\/\",\"url\":\"https:\\\/\\\/www.anovapeneira.gal\\\/index.php\\\/2025\\\/03\\\/31\\\/unidade-fronte-a-traizon-sindical-en-stellantis\\\/\",\"name\":\"Unidade fronte \u00e1 traiz\u00f3n sindical en Stellantis -\",\"isPartOf\":{\"@id\":\"https:\\\/\\\/www.anovapeneira.gal\\\/#website\"},\"primaryImageOfPage\":{\"@id\":\"https:\\\/\\\/www.anovapeneira.gal\\\/index.php\\\/2025\\\/03\\\/31\\\/unidade-fronte-a-traizon-sindical-en-stellantis\\\/#primaryimage\"},\"image\":{\"@id\":\"https:\\\/\\\/www.anovapeneira.gal\\\/index.php\\\/2025\\\/03\\\/31\\\/unidade-fronte-a-traizon-sindical-en-stellantis\\\/#primaryimage\"},\"thumbnailUrl\":\"https:\\\/\\\/www.anovapeneira.gal\\\/wp-content\\\/uploads\\\/2022\\\/03\\\/cut_citroen.jpg\",\"datePublished\":\"2025-03-31T10:00:36+00:00\",\"breadcrumb\":{\"@id\":\"https:\\\/\\\/www.anovapeneira.gal\\\/index.php\\\/2025\\\/03\\\/31\\\/unidade-fronte-a-traizon-sindical-en-stellantis\\\/#breadcrumb\"},\"inLanguage\":\"gl-ES\",\"potentialAction\":[{\"@type\":\"ReadAction\",\"target\":[\"https:\\\/\\\/www.anovapeneira.gal\\\/index.php\\\/2025\\\/03\\\/31\\\/unidade-fronte-a-traizon-sindical-en-stellantis\\\/\"]}]},{\"@type\":\"ImageObject\",\"inLanguage\":\"gl-ES\",\"@id\":\"https:\\\/\\\/www.anovapeneira.gal\\\/index.php\\\/2025\\\/03\\\/31\\\/unidade-fronte-a-traizon-sindical-en-stellantis\\\/#primaryimage\",\"url\":\"https:\\\/\\\/www.anovapeneira.gal\\\/wp-content\\\/uploads\\\/2022\\\/03\\\/cut_citroen.jpg\",\"contentUrl\":\"https:\\\/\\\/www.anovapeneira.gal\\\/wp-content\\\/uploads\\\/2022\\\/03\\\/cut_citroen.jpg\",\"width\":720,\"height\":432,\"caption\":\"Cut central unitaria de traballadores citro\u00ebn\"},{\"@type\":\"BreadcrumbList\",\"@id\":\"https:\\\/\\\/www.anovapeneira.gal\\\/index.php\\\/2025\\\/03\\\/31\\\/unidade-fronte-a-traizon-sindical-en-stellantis\\\/#breadcrumb\",\"itemListElement\":[{\"@type\":\"ListItem\",\"position\":1,\"name\":\"Portada\",\"item\":\"https:\\\/\\\/www.anovapeneira.gal\\\/\"},{\"@type\":\"ListItem\",\"position\":2,\"name\":\"Unidade fronte \u00e1 traiz\u00f3n sindical en Stellantis\"}]},{\"@type\":\"WebSite\",\"@id\":\"https:\\\/\\\/www.anovapeneira.gal\\\/#website\",\"url\":\"https:\\\/\\\/www.anovapeneira.gal\\\/\",\"name\":\"\",\"description\":\"Xornal galego de informaci\u00f3n xeral Publicaci\u00f3n mensual de novas de Galicia e en especial dos Concellos da sur da provincia de Pontevedra.\",\"publisher\":{\"@id\":\"https:\\\/\\\/www.anovapeneira.gal\\\/#organization\"},\"potentialAction\":[{\"@type\":\"SearchAction\",\"target\":{\"@type\":\"EntryPoint\",\"urlTemplate\":\"https:\\\/\\\/www.anovapeneira.gal\\\/?s={search_term_string}\"},\"query-input\":{\"@type\":\"PropertyValueSpecification\",\"valueRequired\":true,\"valueName\":\"search_term_string\"}}],\"inLanguage\":\"gl-ES\"},{\"@type\":\"Organization\",\"@id\":\"https:\\\/\\\/www.anovapeneira.gal\\\/#organization\",\"name\":\"A Nova Peneira\",\"url\":\"https:\\\/\\\/www.anovapeneira.gal\\\/\",\"logo\":{\"@type\":\"ImageObject\",\"inLanguage\":\"gl-ES\",\"@id\":\"https:\\\/\\\/www.anovapeneira.gal\\\/#\\\/schema\\\/logo\\\/image\\\/\",\"url\":\"http:\\\/\\\/www.anovapeneira.gal\\\/wp-content\\\/uploads\\\/2019\\\/06\\\/logo_a_nova_peneira_portal_web.png\",\"contentUrl\":\"http:\\\/\\\/www.anovapeneira.gal\\\/wp-content\\\/uploads\\\/2019\\\/06\\\/logo_a_nova_peneira_portal_web.png\",\"width\":300,\"height\":100,\"caption\":\"A Nova Peneira\"},\"image\":{\"@id\":\"https:\\\/\\\/www.anovapeneira.gal\\\/#\\\/schema\\\/logo\\\/image\\\/\"},\"sameAs\":[\"https:\\\/\\\/www.facebook.com\\\/anovapeneira\",\"https:\\\/\\\/x.com\\\/APeneira\"]},{\"@type\":\"Person\",\"@id\":\"https:\\\/\\\/www.anovapeneira.gal\\\/#\\\/schema\\\/person\\\/b93e3f8932e3f8da96334607eb6ac6aa\",\"name\":\"Redacci\u00f3n A Nova Peneira\",\"image\":{\"@type\":\"ImageObject\",\"inLanguage\":\"gl-ES\",\"@id\":\"https:\\\/\\\/secure.gravatar.com\\\/avatar\\\/c052a2551a06e23fac63626232eaa90abd78dbcf1700fc46a2b2c89fd27b735f?s=96&d=mm&r=g\",\"url\":\"https:\\\/\\\/secure.gravatar.com\\\/avatar\\\/c052a2551a06e23fac63626232eaa90abd78dbcf1700fc46a2b2c89fd27b735f?s=96&d=mm&r=g\",\"contentUrl\":\"https:\\\/\\\/secure.gravatar.com\\\/avatar\\\/c052a2551a06e23fac63626232eaa90abd78dbcf1700fc46a2b2c89fd27b735f?s=96&d=mm&r=g\",\"caption\":\"Redacci\u00f3n A Nova Peneira\"},\"sameAs\":[\"http:\\\/\\\/www.anovapeneira.gal\\\/\"],\"url\":\"https:\\\/\\\/www.anovapeneira.gal\\\/index.php\\\/author\\\/redactor\\\/\"}]}<\/script>\n<!-- \/ Yoast SEO plugin. -->","yoast_head_json":{"title":"Unidade fronte \u00e1 traiz\u00f3n sindical en Stellantis -","robots":{"index":"index","follow":"follow","max-snippet":"max-snippet:-1","max-image-preview":"max-image-preview:large","max-video-preview":"max-video-preview:-1"},"canonical":"https:\/\/www.anovapeneira.gal\/index.php\/2025\/03\/31\/unidade-fronte-a-traizon-sindical-en-stellantis\/","og_locale":"gl_ES","og_type":"article","og_title":"Unidade fronte \u00e1 traiz\u00f3n sindical en Stellantis -","og_description":"A secci\u00f3n sindical da CUT en Stellantis Vigo e as secci\u00f3ns sindicais da CGT nos centros de Stellantis en Madrid e Zaragoza reun\u00edmonos no d\u00eda de onte 20 de marzo nos locais da CGT en Madrid para analizar o ataque sistem\u00e1tico que tanto a empresa como os sindicatos do r\u00e9xime est\u00e1n levando a cabo contra o sindicalismo combativo. [...]","og_url":"https:\/\/www.anovapeneira.gal\/index.php\/2025\/03\/31\/unidade-fronte-a-traizon-sindical-en-stellantis\/","article_publisher":"https:\/\/www.facebook.com\/anovapeneira","article_published_time":"2025-03-31T10:00:36+00:00","og_image":[{"width":720,"height":432,"url":"https:\/\/www.anovapeneira.gal\/wp-content\/uploads\/2022\/03\/cut_citroen.jpg","type":"image\/jpeg"}],"author":"Redacci\u00f3n A Nova Peneira","twitter_card":"summary_large_image","twitter_creator":"@APeneira","twitter_site":"@APeneira","twitter_misc":{"Escrito por":"Redacci\u00f3n A Nova Peneira","Tempo de lectura":"2 minutos"},"schema":{"@context":"https:\/\/schema.org","@graph":[{"@type":"Article","@id":"https:\/\/www.anovapeneira.gal\/index.php\/2025\/03\/31\/unidade-fronte-a-traizon-sindical-en-stellantis\/#article","isPartOf":{"@id":"https:\/\/www.anovapeneira.gal\/index.php\/2025\/03\/31\/unidade-fronte-a-traizon-sindical-en-stellantis\/"},"author":{"name":"Redacci\u00f3n A Nova Peneira","@id":"https:\/\/www.anovapeneira.gal\/#\/schema\/person\/b93e3f8932e3f8da96334607eb6ac6aa"},"headline":"Unidade fronte \u00e1 traiz\u00f3n sindical en Stellantis","datePublished":"2025-03-31T10:00:36+00:00","mainEntityOfPage":{"@id":"https:\/\/www.anovapeneira.gal\/index.php\/2025\/03\/31\/unidade-fronte-a-traizon-sindical-en-stellantis\/"},"wordCount":333,"commentCount":0,"publisher":{"@id":"https:\/\/www.anovapeneira.gal\/#organization"},"image":{"@id":"https:\/\/www.anovapeneira.gal\/index.php\/2025\/03\/31\/unidade-fronte-a-traizon-sindical-en-stellantis\/#primaryimage"},"thumbnailUrl":"https:\/\/www.anovapeneira.gal\/wp-content\/uploads\/2022\/03\/cut_citroen.jpg","keywords":["Concello de Vigo"],"articleSection":["Vigo"],"inLanguage":"gl-ES","potentialAction":[{"@type":"CommentAction","name":"Comment","target":["https:\/\/www.anovapeneira.gal\/index.php\/2025\/03\/31\/unidade-fronte-a-traizon-sindical-en-stellantis\/#respond"]}]},{"@type":"WebPage","@id":"https:\/\/www.anovapeneira.gal\/index.php\/2025\/03\/31\/unidade-fronte-a-traizon-sindical-en-stellantis\/","url":"https:\/\/www.anovapeneira.gal\/index.php\/2025\/03\/31\/unidade-fronte-a-traizon-sindical-en-stellantis\/","name":"Unidade fronte \u00e1 traiz\u00f3n sindical en Stellantis -","isPartOf":{"@id":"https:\/\/www.anovapeneira.gal\/#website"},"primaryImageOfPage":{"@id":"https:\/\/www.anovapeneira.gal\/index.php\/2025\/03\/31\/unidade-fronte-a-traizon-sindical-en-stellantis\/#primaryimage"},"image":{"@id":"https:\/\/www.anovapeneira.gal\/index.php\/2025\/03\/31\/unidade-fronte-a-traizon-sindical-en-stellantis\/#primaryimage"},"thumbnailUrl":"https:\/\/www.anovapeneira.gal\/wp-content\/uploads\/2022\/03\/cut_citroen.jpg","datePublished":"2025-03-31T10:00:36+00:00","breadcrumb":{"@id":"https:\/\/www.anovapeneira.gal\/index.php\/2025\/03\/31\/unidade-fronte-a-traizon-sindical-en-stellantis\/#breadcrumb"},"inLanguage":"gl-ES","potentialAction":[{"@type":"ReadAction","target":["https:\/\/www.anovapeneira.gal\/index.php\/2025\/03\/31\/unidade-fronte-a-traizon-sindical-en-stellantis\/"]}]},{"@type":"ImageObject","inLanguage":"gl-ES","@id":"https:\/\/www.anovapeneira.gal\/index.php\/2025\/03\/31\/unidade-fronte-a-traizon-sindical-en-stellantis\/#primaryimage","url":"https:\/\/www.anovapeneira.gal\/wp-content\/uploads\/2022\/03\/cut_citroen.jpg","contentUrl":"https:\/\/www.anovapeneira.gal\/wp-content\/uploads\/2022\/03\/cut_citroen.jpg","width":720,"height":432,"caption":"Cut central unitaria de traballadores citro\u00ebn"},{"@type":"BreadcrumbList","@id":"https:\/\/www.anovapeneira.gal\/index.php\/2025\/03\/31\/unidade-fronte-a-traizon-sindical-en-stellantis\/#breadcrumb","itemListElement":[{"@type":"ListItem","position":1,"name":"Portada","item":"https:\/\/www.anovapeneira.gal\/"},{"@type":"ListItem","position":2,"name":"Unidade fronte \u00e1 traiz\u00f3n sindical en Stellantis"}]},{"@type":"WebSite","@id":"https:\/\/www.anovapeneira.gal\/#website","url":"https:\/\/www.anovapeneira.gal\/","name":"","description":"Xornal galego de informaci\u00f3n xeral Publicaci\u00f3n mensual de novas de Galicia e en especial dos Concellos da sur da provincia de Pontevedra.","publisher":{"@id":"https:\/\/www.anovapeneira.gal\/#organization"},"potentialAction":[{"@type":"SearchAction","target":{"@type":"EntryPoint","urlTemplate":"https:\/\/www.anovapeneira.gal\/?s={search_term_string}"},"query-input":{"@type":"PropertyValueSpecification","valueRequired":true,"valueName":"search_term_string"}}],"inLanguage":"gl-ES"},{"@type":"Organization","@id":"https:\/\/www.anovapeneira.gal\/#organization","name":"A Nova Peneira","url":"https:\/\/www.anovapeneira.gal\/","logo":{"@type":"ImageObject","inLanguage":"gl-ES","@id":"https:\/\/www.anovapeneira.gal\/#\/schema\/logo\/image\/","url":"http:\/\/www.anovapeneira.gal\/wp-content\/uploads\/2019\/06\/logo_a_nova_peneira_portal_web.png","contentUrl":"http:\/\/www.anovapeneira.gal\/wp-content\/uploads\/2019\/06\/logo_a_nova_peneira_portal_web.png","width":300,"height":100,"caption":"A Nova Peneira"},"image":{"@id":"https:\/\/www.anovapeneira.gal\/#\/schema\/logo\/image\/"},"sameAs":["https:\/\/www.facebook.com\/anovapeneira","https:\/\/x.com\/APeneira"]},{"@type":"Person","@id":"https:\/\/www.anovapeneira.gal\/#\/schema\/person\/b93e3f8932e3f8da96334607eb6ac6aa","name":"Redacci\u00f3n A Nova Peneira","image":{"@type":"ImageObject","inLanguage":"gl-ES","@id":"https:\/\/secure.gravatar.com\/avatar\/c052a2551a06e23fac63626232eaa90abd78dbcf1700fc46a2b2c89fd27b735f?s=96&d=mm&r=g","url":"https:\/\/secure.gravatar.com\/avatar\/c052a2551a06e23fac63626232eaa90abd78dbcf1700fc46a2b2c89fd27b735f?s=96&d=mm&r=g","contentUrl":"https:\/\/secure.gravatar.com\/avatar\/c052a2551a06e23fac63626232eaa90abd78dbcf1700fc46a2b2c89fd27b735f?s=96&d=mm&r=g","caption":"Redacci\u00f3n A Nova Peneira"},"sameAs":["http:\/\/www.anovapeneira.gal\/"],"url":"https:\/\/www.anovapeneira.gal\/index.php\/author\/redactor\/"}]}},"jetpack_featured_media_url":"https:\/\/www.anovapeneira.gal\/wp-content\/uploads\/2022\/03\/cut_citroen.jpg","_links":{"self":[{"href":"https:\/\/www.anovapeneira.gal\/index.php\/wp-json\/wp\/v2\/posts\/13615","targetHints":{"allow":["GET"]}}],"collection":[{"href":"https:\/\/www.anovapeneira.gal\/index.php\/wp-json\/wp\/v2\/posts"}],"about":[{"href":"https:\/\/www.anovapeneira.gal\/index.php\/wp-json\/wp\/v2\/types\/post"}],"author":[{"embeddable":true,"href":"https:\/\/www.anovapeneira.gal\/index.php\/wp-json\/wp\/v2\/users\/3"}],"replies":[{"embeddable":true,"href":"https:\/\/www.anovapeneira.gal\/index.php\/wp-json\/wp\/v2\/comments?post=13615"}],"version-history":[{"count":1,"href":"https:\/\/www.anovapeneira.gal\/index.php\/wp-json\/wp\/v2\/posts\/13615\/revisions"}],"predecessor-version":[{"id":13616,"href":"https:\/\/www.anovapeneira.gal\/index.php\/wp-json\/wp\/v2\/posts\/13615\/revisions\/13616"}],"wp:featuredmedia":[{"embeddable":true,"href":"https:\/\/www.anovapeneira.gal\/index.php\/wp-json\/wp\/v2\/media\/7079"}],"wp:attachment":[{"href":"https:\/\/www.anovapeneira.gal\/index.php\/wp-json\/wp\/v2\/media?parent=13615"}],"wp:term":[{"taxonomy":"category","embeddable":true,"href":"https:\/\/www.anovapeneira.gal\/index.php\/wp-json\/wp\/v2\/categories?post=13615"},{"taxonomy":"post_tag","embeddable":true,"href":"https:\/\/www.anovapeneira.gal\/index.php\/wp-json\/wp\/v2\/tags?post=13615"}],"curies":[{"name":"wp","href":"https:\/\/api.w.org\/{rel}","templated":true}]}}