{"id":13619,"date":"2025-04-01T10:00:54","date_gmt":"2025-04-01T08:00:54","guid":{"rendered":"https:\/\/www.anovapeneira.gal\/?p=13619"},"modified":"2025-03-24T11:31:21","modified_gmt":"2025-03-24T10:31:21","slug":"un-informe-a-nivel-europeo-cuestiona-o-modelo-de-xeracion-enerxetica-de-altri","status":"publish","type":"post","link":"https:\/\/www.anovapeneira.gal\/index.php\/2025\/04\/01\/un-informe-a-nivel-europeo-cuestiona-o-modelo-de-xeracion-enerxetica-de-altri\/","title":{"rendered":"Un informe a nivel europeo cuestiona o modelo de xeraci\u00f3n enerx\u00e9tica de Altri"},"content":{"rendered":"\n<h2 class=\"wp-block-heading\">Demandan \u00e1 UE que excl\u00faa a este tipo de industrias das axudas p\u00fablicas.<\/h2>\n\n\n\n<p>O informe revela que Altri empregar\u00eda at\u00e9 700.000 toneladas de madeira anual s\u00f3 para alimentar a s\u00faa planta enerx\u00e9tica.<\/p>\n\n\n\n<p>O uso da biomasa pola industria da celulosa aumenta en lugar de reducir as emisi\u00f3ns, ademais de alimentar a desaparaci\u00f3n dos bosques naturais europeos.<\/p>\n\n\n\n<p>Un informe lanzado hoxe por Biofuelwatch, Environmental Paper Network, Ecoloxistas en Acci\u00f3n e Montescola cuestiona o modelo de producci\u00f3n enerx\u00e9tico a partir de biomasa do proxecto de Altri en Palas de Rei, que replica un sistema que cada ano extrae 2,4 mill\u00f3ns de toneladas de madeira primaria e non biomasa residual. O informe, cuxa versi\u00f3n p\u00fablica se lanzou hoxe, d\u00eda internacional dos bosques, revela que, lonxe de reducir emisi\u00f3ns, o modelo actual de uso de biomasa por estas<br>industrias incrm\u00e9ntaas exponecialmente. Os c\u00e1lculos presentados indican que Altri empregar\u00eda at\u00e9 700.000 toneladas de madeira primaria (non residual) para alimentar a s\u00faa planta de xeraci\u00f3n enerx\u00e9tica con biomasa. En termos xerais da industria da celulosa e fibra no Estado, est\u00edmase que por cada tonelada de pasta de papel producida se incinera un metro c\u00fabico de madeira para producci\u00f3n de enerx\u00eda. Para Ecoloxistas en Acci\u00f3n, estas cifras revelan que \u201clonxe de de tratarse dun uso da biomasa sustent\u00e1bel, eficiente e de baixas emisi\u00f3ns, o aumento da capacidade de xeraci\u00f3n con biomasa en plantas como a proposta por Altri s\u00f3 fai que aumente o ritmo de extracci\u00f3n, o aumento das emisi\u00f3ns de carbono, e a reducci\u00f3n dos sumideiros de carbono existentes\u201d, afirma Crist\u00f3bal L\u00f3pez, voceiro da organizaci\u00f3n. Por iso o informe, cuxa versi\u00f3n \u00edntegra foi remitida \u00e1 Comisi\u00f3n Europea, axencias comunitarias e Goberno espa\u00f1ol, recomenda po\u00f1er fin \u00e1s axudas p\u00fablicas que incentivan este tipo de proxectos, crear un rexistro transparente das cadeas de suministro de biomasa para as plantas de celulosa e abordar a xigantesca demanda enerx\u00e9tica do sector centr\u00e1ndonos na reducci\u00f3n da producci\u00f3n e demanda en vez de aumentar a xeraci\u00f3n. O informe forma parte dunha investigaci\u00f3n a nivel europeo liderada por Biofuelwatch e Environmental Paper Network, que tam\u00e9n aprofundou nos casos de Portugal, Finlandia, Suecia e Alema\u00f1a, mostrando que cada ano se incineran 45 mill\u00f3ns de metros c\u00fabicos de madeira da UE en plantas de producci\u00f3n de celulosa. Isto implica que a industria da celulosa \u00e9 respons\u00e1bel pola queima do 17% da biomasa de madeira primaria na UE.<\/p>\n","protected":false},"excerpt":{"rendered":"<div class=\"mh-excerpt\"><p>Demandan \u00e1 UE que excl\u00faa a este tipo de industrias das axudas p\u00fablicas <a class=\"mh-excerpt-more\" href=\"https:\/\/www.anovapeneira.gal\/index.php\/2025\/04\/01\/un-informe-a-nivel-europeo-cuestiona-o-modelo-de-xeracion-enerxetica-de-altri\/\" title=\"Un informe a nivel europeo cuestiona o modelo de xeraci\u00f3n enerx\u00e9tica de Altri\">[&#8230;]<\/a><\/p>\n<\/div>","protected":false},"author":3,"featured_media":13620,"comment_status":"open","ping_status":"open","sticky":false,"template":"","format":"standard","meta":{"_exactmetrics_skip_tracking":false,"_exactmetrics_sitenote_active":false,"_exactmetrics_sitenote_note":"","_exactmetrics_sitenote_category":0,"footnotes":""},"categories":[263],"tags":[],"class_list":{"0":"post-13619","1":"post","2":"type-post","3":"status-publish","4":"format-standard","5":"has-post-thumbnail","7":"category-novas"},"yoast_head":"<!-- This site is optimized with the Yoast SEO plugin v27.4 - https:\/\/yoast.com\/product\/yoast-seo-wordpress\/ -->\n<title>Un informe a nivel europeo cuestiona o modelo de xeraci\u00f3n enerx\u00e9tica de Altri -<\/title>\n<meta name=\"robots\" content=\"index, follow, max-snippet:-1, max-image-preview:large, max-video-preview:-1\" \/>\n<link rel=\"canonical\" href=\"https:\/\/www.anovapeneira.gal\/index.php\/2025\/04\/01\/un-informe-a-nivel-europeo-cuestiona-o-modelo-de-xeracion-enerxetica-de-altri\/\" \/>\n<meta property=\"og:locale\" content=\"gl_ES\" \/>\n<meta property=\"og:type\" content=\"article\" \/>\n<meta property=\"og:title\" content=\"Un informe a nivel europeo cuestiona o modelo de xeraci\u00f3n enerx\u00e9tica de Altri -\" \/>\n<meta property=\"og:description\" content=\"Demandan \u00e1 UE que excl\u00faa a este tipo de industrias das axudas p\u00fablicas [...]\" \/>\n<meta property=\"og:url\" content=\"https:\/\/www.anovapeneira.gal\/index.php\/2025\/04\/01\/un-informe-a-nivel-europeo-cuestiona-o-modelo-de-xeracion-enerxetica-de-altri\/\" \/>\n<meta property=\"article:publisher\" content=\"https:\/\/www.facebook.com\/anovapeneira\" \/>\n<meta property=\"article:published_time\" content=\"2025-04-01T08:00:54+00:00\" \/>\n<meta property=\"og:image\" content=\"https:\/\/www.anovapeneira.gal\/wp-content\/uploads\/2025\/03\/altri.png\" \/>\n\t<meta property=\"og:image:width\" content=\"720\" \/>\n\t<meta property=\"og:image:height\" content=\"432\" \/>\n\t<meta property=\"og:image:type\" content=\"image\/png\" \/>\n<meta name=\"author\" content=\"Redacci\u00f3n A Nova Peneira\" \/>\n<meta name=\"twitter:card\" content=\"summary_large_image\" \/>\n<meta name=\"twitter:creator\" content=\"@APeneira\" \/>\n<meta name=\"twitter:site\" content=\"@APeneira\" \/>\n<meta name=\"twitter:label1\" content=\"Escrito por\" \/>\n\t<meta name=\"twitter:data1\" content=\"Redacci\u00f3n A Nova Peneira\" \/>\n\t<meta name=\"twitter:label2\" content=\"Tempo de lectura\" \/>\n\t<meta name=\"twitter:data2\" content=\"3 minutos\" \/>\n<script type=\"application\/ld+json\" class=\"yoast-schema-graph\">{\"@context\":\"https:\\\/\\\/schema.org\",\"@graph\":[{\"@type\":\"Article\",\"@id\":\"https:\\\/\\\/www.anovapeneira.gal\\\/index.php\\\/2025\\\/04\\\/01\\\/un-informe-a-nivel-europeo-cuestiona-o-modelo-de-xeracion-enerxetica-de-altri\\\/#article\",\"isPartOf\":{\"@id\":\"https:\\\/\\\/www.anovapeneira.gal\\\/index.php\\\/2025\\\/04\\\/01\\\/un-informe-a-nivel-europeo-cuestiona-o-modelo-de-xeracion-enerxetica-de-altri\\\/\"},\"author\":{\"name\":\"Redacci\u00f3n A Nova Peneira\",\"@id\":\"https:\\\/\\\/www.anovapeneira.gal\\\/#\\\/schema\\\/person\\\/b93e3f8932e3f8da96334607eb6ac6aa\"},\"headline\":\"Un informe a nivel europeo cuestiona o modelo de xeraci\u00f3n enerx\u00e9tica de Altri\",\"datePublished\":\"2025-04-01T08:00:54+00:00\",\"mainEntityOfPage\":{\"@id\":\"https:\\\/\\\/www.anovapeneira.gal\\\/index.php\\\/2025\\\/04\\\/01\\\/un-informe-a-nivel-europeo-cuestiona-o-modelo-de-xeracion-enerxetica-de-altri\\\/\"},\"wordCount\":450,\"commentCount\":0,\"publisher\":{\"@id\":\"https:\\\/\\\/www.anovapeneira.gal\\\/#organization\"},\"image\":{\"@id\":\"https:\\\/\\\/www.anovapeneira.gal\\\/index.php\\\/2025\\\/04\\\/01\\\/un-informe-a-nivel-europeo-cuestiona-o-modelo-de-xeracion-enerxetica-de-altri\\\/#primaryimage\"},\"thumbnailUrl\":\"https:\\\/\\\/www.anovapeneira.gal\\\/wp-content\\\/uploads\\\/2025\\\/03\\\/altri.png\",\"articleSection\":[\"Novas\"],\"inLanguage\":\"gl-ES\",\"potentialAction\":[{\"@type\":\"CommentAction\",\"name\":\"Comment\",\"target\":[\"https:\\\/\\\/www.anovapeneira.gal\\\/index.php\\\/2025\\\/04\\\/01\\\/un-informe-a-nivel-europeo-cuestiona-o-modelo-de-xeracion-enerxetica-de-altri\\\/#respond\"]}]},{\"@type\":\"WebPage\",\"@id\":\"https:\\\/\\\/www.anovapeneira.gal\\\/index.php\\\/2025\\\/04\\\/01\\\/un-informe-a-nivel-europeo-cuestiona-o-modelo-de-xeracion-enerxetica-de-altri\\\/\",\"url\":\"https:\\\/\\\/www.anovapeneira.gal\\\/index.php\\\/2025\\\/04\\\/01\\\/un-informe-a-nivel-europeo-cuestiona-o-modelo-de-xeracion-enerxetica-de-altri\\\/\",\"name\":\"Un informe a nivel europeo cuestiona o modelo de xeraci\u00f3n enerx\u00e9tica de Altri -\",\"isPartOf\":{\"@id\":\"https:\\\/\\\/www.anovapeneira.gal\\\/#website\"},\"primaryImageOfPage\":{\"@id\":\"https:\\\/\\\/www.anovapeneira.gal\\\/index.php\\\/2025\\\/04\\\/01\\\/un-informe-a-nivel-europeo-cuestiona-o-modelo-de-xeracion-enerxetica-de-altri\\\/#primaryimage\"},\"image\":{\"@id\":\"https:\\\/\\\/www.anovapeneira.gal\\\/index.php\\\/2025\\\/04\\\/01\\\/un-informe-a-nivel-europeo-cuestiona-o-modelo-de-xeracion-enerxetica-de-altri\\\/#primaryimage\"},\"thumbnailUrl\":\"https:\\\/\\\/www.anovapeneira.gal\\\/wp-content\\\/uploads\\\/2025\\\/03\\\/altri.png\",\"datePublished\":\"2025-04-01T08:00:54+00:00\",\"breadcrumb\":{\"@id\":\"https:\\\/\\\/www.anovapeneira.gal\\\/index.php\\\/2025\\\/04\\\/01\\\/un-informe-a-nivel-europeo-cuestiona-o-modelo-de-xeracion-enerxetica-de-altri\\\/#breadcrumb\"},\"inLanguage\":\"gl-ES\",\"potentialAction\":[{\"@type\":\"ReadAction\",\"target\":[\"https:\\\/\\\/www.anovapeneira.gal\\\/index.php\\\/2025\\\/04\\\/01\\\/un-informe-a-nivel-europeo-cuestiona-o-modelo-de-xeracion-enerxetica-de-altri\\\/\"]}]},{\"@type\":\"ImageObject\",\"inLanguage\":\"gl-ES\",\"@id\":\"https:\\\/\\\/www.anovapeneira.gal\\\/index.php\\\/2025\\\/04\\\/01\\\/un-informe-a-nivel-europeo-cuestiona-o-modelo-de-xeracion-enerxetica-de-altri\\\/#primaryimage\",\"url\":\"https:\\\/\\\/www.anovapeneira.gal\\\/wp-content\\\/uploads\\\/2025\\\/03\\\/altri.png\",\"contentUrl\":\"https:\\\/\\\/www.anovapeneira.gal\\\/wp-content\\\/uploads\\\/2025\\\/03\\\/altri.png\",\"width\":720,\"height\":432,\"caption\":\"Altri\"},{\"@type\":\"BreadcrumbList\",\"@id\":\"https:\\\/\\\/www.anovapeneira.gal\\\/index.php\\\/2025\\\/04\\\/01\\\/un-informe-a-nivel-europeo-cuestiona-o-modelo-de-xeracion-enerxetica-de-altri\\\/#breadcrumb\",\"itemListElement\":[{\"@type\":\"ListItem\",\"position\":1,\"name\":\"Portada\",\"item\":\"https:\\\/\\\/www.anovapeneira.gal\\\/\"},{\"@type\":\"ListItem\",\"position\":2,\"name\":\"Un informe a nivel europeo cuestiona o modelo de xeraci\u00f3n enerx\u00e9tica de Altri\"}]},{\"@type\":\"WebSite\",\"@id\":\"https:\\\/\\\/www.anovapeneira.gal\\\/#website\",\"url\":\"https:\\\/\\\/www.anovapeneira.gal\\\/\",\"name\":\"\",\"description\":\"Xornal galego de informaci\u00f3n xeral Publicaci\u00f3n mensual de novas de Galicia e en especial dos Concellos da sur da provincia de Pontevedra.\",\"publisher\":{\"@id\":\"https:\\\/\\\/www.anovapeneira.gal\\\/#organization\"},\"potentialAction\":[{\"@type\":\"SearchAction\",\"target\":{\"@type\":\"EntryPoint\",\"urlTemplate\":\"https:\\\/\\\/www.anovapeneira.gal\\\/?s={search_term_string}\"},\"query-input\":{\"@type\":\"PropertyValueSpecification\",\"valueRequired\":true,\"valueName\":\"search_term_string\"}}],\"inLanguage\":\"gl-ES\"},{\"@type\":\"Organization\",\"@id\":\"https:\\\/\\\/www.anovapeneira.gal\\\/#organization\",\"name\":\"A Nova Peneira\",\"url\":\"https:\\\/\\\/www.anovapeneira.gal\\\/\",\"logo\":{\"@type\":\"ImageObject\",\"inLanguage\":\"gl-ES\",\"@id\":\"https:\\\/\\\/www.anovapeneira.gal\\\/#\\\/schema\\\/logo\\\/image\\\/\",\"url\":\"http:\\\/\\\/www.anovapeneira.gal\\\/wp-content\\\/uploads\\\/2019\\\/06\\\/logo_a_nova_peneira_portal_web.png\",\"contentUrl\":\"http:\\\/\\\/www.anovapeneira.gal\\\/wp-content\\\/uploads\\\/2019\\\/06\\\/logo_a_nova_peneira_portal_web.png\",\"width\":300,\"height\":100,\"caption\":\"A Nova Peneira\"},\"image\":{\"@id\":\"https:\\\/\\\/www.anovapeneira.gal\\\/#\\\/schema\\\/logo\\\/image\\\/\"},\"sameAs\":[\"https:\\\/\\\/www.facebook.com\\\/anovapeneira\",\"https:\\\/\\\/x.com\\\/APeneira\"]},{\"@type\":\"Person\",\"@id\":\"https:\\\/\\\/www.anovapeneira.gal\\\/#\\\/schema\\\/person\\\/b93e3f8932e3f8da96334607eb6ac6aa\",\"name\":\"Redacci\u00f3n A Nova Peneira\",\"image\":{\"@type\":\"ImageObject\",\"inLanguage\":\"gl-ES\",\"@id\":\"https:\\\/\\\/secure.gravatar.com\\\/avatar\\\/c052a2551a06e23fac63626232eaa90abd78dbcf1700fc46a2b2c89fd27b735f?s=96&d=mm&r=g\",\"url\":\"https:\\\/\\\/secure.gravatar.com\\\/avatar\\\/c052a2551a06e23fac63626232eaa90abd78dbcf1700fc46a2b2c89fd27b735f?s=96&d=mm&r=g\",\"contentUrl\":\"https:\\\/\\\/secure.gravatar.com\\\/avatar\\\/c052a2551a06e23fac63626232eaa90abd78dbcf1700fc46a2b2c89fd27b735f?s=96&d=mm&r=g\",\"caption\":\"Redacci\u00f3n A Nova Peneira\"},\"sameAs\":[\"http:\\\/\\\/www.anovapeneira.gal\\\/\"],\"url\":\"https:\\\/\\\/www.anovapeneira.gal\\\/index.php\\\/author\\\/redactor\\\/\"}]}<\/script>\n<!-- \/ Yoast SEO plugin. -->","yoast_head_json":{"title":"Un informe a nivel europeo cuestiona o modelo de xeraci\u00f3n enerx\u00e9tica de Altri -","robots":{"index":"index","follow":"follow","max-snippet":"max-snippet:-1","max-image-preview":"max-image-preview:large","max-video-preview":"max-video-preview:-1"},"canonical":"https:\/\/www.anovapeneira.gal\/index.php\/2025\/04\/01\/un-informe-a-nivel-europeo-cuestiona-o-modelo-de-xeracion-enerxetica-de-altri\/","og_locale":"gl_ES","og_type":"article","og_title":"Un informe a nivel europeo cuestiona o modelo de xeraci\u00f3n enerx\u00e9tica de Altri -","og_description":"Demandan \u00e1 UE que excl\u00faa a este tipo de industrias das axudas p\u00fablicas [...]","og_url":"https:\/\/www.anovapeneira.gal\/index.php\/2025\/04\/01\/un-informe-a-nivel-europeo-cuestiona-o-modelo-de-xeracion-enerxetica-de-altri\/","article_publisher":"https:\/\/www.facebook.com\/anovapeneira","article_published_time":"2025-04-01T08:00:54+00:00","og_image":[{"width":720,"height":432,"url":"https:\/\/www.anovapeneira.gal\/wp-content\/uploads\/2025\/03\/altri.png","type":"image\/png"}],"author":"Redacci\u00f3n A Nova Peneira","twitter_card":"summary_large_image","twitter_creator":"@APeneira","twitter_site":"@APeneira","twitter_misc":{"Escrito por":"Redacci\u00f3n A Nova Peneira","Tempo de lectura":"3 minutos"},"schema":{"@context":"https:\/\/schema.org","@graph":[{"@type":"Article","@id":"https:\/\/www.anovapeneira.gal\/index.php\/2025\/04\/01\/un-informe-a-nivel-europeo-cuestiona-o-modelo-de-xeracion-enerxetica-de-altri\/#article","isPartOf":{"@id":"https:\/\/www.anovapeneira.gal\/index.php\/2025\/04\/01\/un-informe-a-nivel-europeo-cuestiona-o-modelo-de-xeracion-enerxetica-de-altri\/"},"author":{"name":"Redacci\u00f3n A Nova Peneira","@id":"https:\/\/www.anovapeneira.gal\/#\/schema\/person\/b93e3f8932e3f8da96334607eb6ac6aa"},"headline":"Un informe a nivel europeo cuestiona o modelo de xeraci\u00f3n enerx\u00e9tica de Altri","datePublished":"2025-04-01T08:00:54+00:00","mainEntityOfPage":{"@id":"https:\/\/www.anovapeneira.gal\/index.php\/2025\/04\/01\/un-informe-a-nivel-europeo-cuestiona-o-modelo-de-xeracion-enerxetica-de-altri\/"},"wordCount":450,"commentCount":0,"publisher":{"@id":"https:\/\/www.anovapeneira.gal\/#organization"},"image":{"@id":"https:\/\/www.anovapeneira.gal\/index.php\/2025\/04\/01\/un-informe-a-nivel-europeo-cuestiona-o-modelo-de-xeracion-enerxetica-de-altri\/#primaryimage"},"thumbnailUrl":"https:\/\/www.anovapeneira.gal\/wp-content\/uploads\/2025\/03\/altri.png","articleSection":["Novas"],"inLanguage":"gl-ES","potentialAction":[{"@type":"CommentAction","name":"Comment","target":["https:\/\/www.anovapeneira.gal\/index.php\/2025\/04\/01\/un-informe-a-nivel-europeo-cuestiona-o-modelo-de-xeracion-enerxetica-de-altri\/#respond"]}]},{"@type":"WebPage","@id":"https:\/\/www.anovapeneira.gal\/index.php\/2025\/04\/01\/un-informe-a-nivel-europeo-cuestiona-o-modelo-de-xeracion-enerxetica-de-altri\/","url":"https:\/\/www.anovapeneira.gal\/index.php\/2025\/04\/01\/un-informe-a-nivel-europeo-cuestiona-o-modelo-de-xeracion-enerxetica-de-altri\/","name":"Un informe a nivel europeo cuestiona o modelo de xeraci\u00f3n enerx\u00e9tica de Altri -","isPartOf":{"@id":"https:\/\/www.anovapeneira.gal\/#website"},"primaryImageOfPage":{"@id":"https:\/\/www.anovapeneira.gal\/index.php\/2025\/04\/01\/un-informe-a-nivel-europeo-cuestiona-o-modelo-de-xeracion-enerxetica-de-altri\/#primaryimage"},"image":{"@id":"https:\/\/www.anovapeneira.gal\/index.php\/2025\/04\/01\/un-informe-a-nivel-europeo-cuestiona-o-modelo-de-xeracion-enerxetica-de-altri\/#primaryimage"},"thumbnailUrl":"https:\/\/www.anovapeneira.gal\/wp-content\/uploads\/2025\/03\/altri.png","datePublished":"2025-04-01T08:00:54+00:00","breadcrumb":{"@id":"https:\/\/www.anovapeneira.gal\/index.php\/2025\/04\/01\/un-informe-a-nivel-europeo-cuestiona-o-modelo-de-xeracion-enerxetica-de-altri\/#breadcrumb"},"inLanguage":"gl-ES","potentialAction":[{"@type":"ReadAction","target":["https:\/\/www.anovapeneira.gal\/index.php\/2025\/04\/01\/un-informe-a-nivel-europeo-cuestiona-o-modelo-de-xeracion-enerxetica-de-altri\/"]}]},{"@type":"ImageObject","inLanguage":"gl-ES","@id":"https:\/\/www.anovapeneira.gal\/index.php\/2025\/04\/01\/un-informe-a-nivel-europeo-cuestiona-o-modelo-de-xeracion-enerxetica-de-altri\/#primaryimage","url":"https:\/\/www.anovapeneira.gal\/wp-content\/uploads\/2025\/03\/altri.png","contentUrl":"https:\/\/www.anovapeneira.gal\/wp-content\/uploads\/2025\/03\/altri.png","width":720,"height":432,"caption":"Altri"},{"@type":"BreadcrumbList","@id":"https:\/\/www.anovapeneira.gal\/index.php\/2025\/04\/01\/un-informe-a-nivel-europeo-cuestiona-o-modelo-de-xeracion-enerxetica-de-altri\/#breadcrumb","itemListElement":[{"@type":"ListItem","position":1,"name":"Portada","item":"https:\/\/www.anovapeneira.gal\/"},{"@type":"ListItem","position":2,"name":"Un informe a nivel europeo cuestiona o modelo de xeraci\u00f3n enerx\u00e9tica de Altri"}]},{"@type":"WebSite","@id":"https:\/\/www.anovapeneira.gal\/#website","url":"https:\/\/www.anovapeneira.gal\/","name":"","description":"Xornal galego de informaci\u00f3n xeral Publicaci\u00f3n mensual de novas de Galicia e en especial dos Concellos da sur da provincia de Pontevedra.","publisher":{"@id":"https:\/\/www.anovapeneira.gal\/#organization"},"potentialAction":[{"@type":"SearchAction","target":{"@type":"EntryPoint","urlTemplate":"https:\/\/www.anovapeneira.gal\/?s={search_term_string}"},"query-input":{"@type":"PropertyValueSpecification","valueRequired":true,"valueName":"search_term_string"}}],"inLanguage":"gl-ES"},{"@type":"Organization","@id":"https:\/\/www.anovapeneira.gal\/#organization","name":"A Nova Peneira","url":"https:\/\/www.anovapeneira.gal\/","logo":{"@type":"ImageObject","inLanguage":"gl-ES","@id":"https:\/\/www.anovapeneira.gal\/#\/schema\/logo\/image\/","url":"http:\/\/www.anovapeneira.gal\/wp-content\/uploads\/2019\/06\/logo_a_nova_peneira_portal_web.png","contentUrl":"http:\/\/www.anovapeneira.gal\/wp-content\/uploads\/2019\/06\/logo_a_nova_peneira_portal_web.png","width":300,"height":100,"caption":"A Nova Peneira"},"image":{"@id":"https:\/\/www.anovapeneira.gal\/#\/schema\/logo\/image\/"},"sameAs":["https:\/\/www.facebook.com\/anovapeneira","https:\/\/x.com\/APeneira"]},{"@type":"Person","@id":"https:\/\/www.anovapeneira.gal\/#\/schema\/person\/b93e3f8932e3f8da96334607eb6ac6aa","name":"Redacci\u00f3n A Nova Peneira","image":{"@type":"ImageObject","inLanguage":"gl-ES","@id":"https:\/\/secure.gravatar.com\/avatar\/c052a2551a06e23fac63626232eaa90abd78dbcf1700fc46a2b2c89fd27b735f?s=96&d=mm&r=g","url":"https:\/\/secure.gravatar.com\/avatar\/c052a2551a06e23fac63626232eaa90abd78dbcf1700fc46a2b2c89fd27b735f?s=96&d=mm&r=g","contentUrl":"https:\/\/secure.gravatar.com\/avatar\/c052a2551a06e23fac63626232eaa90abd78dbcf1700fc46a2b2c89fd27b735f?s=96&d=mm&r=g","caption":"Redacci\u00f3n A Nova Peneira"},"sameAs":["http:\/\/www.anovapeneira.gal\/"],"url":"https:\/\/www.anovapeneira.gal\/index.php\/author\/redactor\/"}]}},"jetpack_featured_media_url":"https:\/\/www.anovapeneira.gal\/wp-content\/uploads\/2025\/03\/altri.png","_links":{"self":[{"href":"https:\/\/www.anovapeneira.gal\/index.php\/wp-json\/wp\/v2\/posts\/13619","targetHints":{"allow":["GET"]}}],"collection":[{"href":"https:\/\/www.anovapeneira.gal\/index.php\/wp-json\/wp\/v2\/posts"}],"about":[{"href":"https:\/\/www.anovapeneira.gal\/index.php\/wp-json\/wp\/v2\/types\/post"}],"author":[{"embeddable":true,"href":"https:\/\/www.anovapeneira.gal\/index.php\/wp-json\/wp\/v2\/users\/3"}],"replies":[{"embeddable":true,"href":"https:\/\/www.anovapeneira.gal\/index.php\/wp-json\/wp\/v2\/comments?post=13619"}],"version-history":[{"count":2,"href":"https:\/\/www.anovapeneira.gal\/index.php\/wp-json\/wp\/v2\/posts\/13619\/revisions"}],"predecessor-version":[{"id":13622,"href":"https:\/\/www.anovapeneira.gal\/index.php\/wp-json\/wp\/v2\/posts\/13619\/revisions\/13622"}],"wp:featuredmedia":[{"embeddable":true,"href":"https:\/\/www.anovapeneira.gal\/index.php\/wp-json\/wp\/v2\/media\/13620"}],"wp:attachment":[{"href":"https:\/\/www.anovapeneira.gal\/index.php\/wp-json\/wp\/v2\/media?parent=13619"}],"wp:term":[{"taxonomy":"category","embeddable":true,"href":"https:\/\/www.anovapeneira.gal\/index.php\/wp-json\/wp\/v2\/categories?post=13619"},{"taxonomy":"post_tag","embeddable":true,"href":"https:\/\/www.anovapeneira.gal\/index.php\/wp-json\/wp\/v2\/tags?post=13619"}],"curies":[{"name":"wp","href":"https:\/\/api.w.org\/{rel}","templated":true}]}}