{"id":13623,"date":"2025-04-01T12:00:37","date_gmt":"2025-04-01T10:00:37","guid":{"rendered":"https:\/\/www.anovapeneira.gal\/?p=13623"},"modified":"2025-03-24T11:43:05","modified_gmt":"2025-03-24T10:43:05","slug":"comparsa-tio-emilio","status":"publish","type":"post","link":"https:\/\/www.anovapeneira.gal\/index.php\/2025\/04\/01\/comparsa-tio-emilio\/","title":{"rendered":"Comparsa T\u00edo Emilio"},"content":{"rendered":"\n<p><strong>A comparsa T\u00edo Emilio \u00e9 un dos sinais de identidade da vida cultural do noso pobo,e n\u00f3s non podiamos deixar de conversar con eles<\/strong><\/p>\n\n\n\n<p><strong>Falamos con Javier Devesa, Jose Manuel Pelo e Alfonso M\u00edguez.<\/strong><\/p>\n\n\n\n<h2 class=\"wp-block-heading\">\u201cConvidamos \u00e1 sociedade redondel\u00e1 a gozar con n\u00f3s da maxia das comparsas\u201d<\/h2>\n\n\n\n<p><strong>A \u201cComparsa T\u00edo Emilio\u201d \u00e9 a que marca a sa\u00edda de todas as actividades das diferentes organizaci\u00f3ns do tecido social da vila. Arrancades v\u00f3s co entroido, logo son \u201cAs xornadas co Colectivo Republicano\u201d, \u201cArte Lixo\u201d e remata coas baquetas do festival \u201cMillo Verde\u201d. Como vos sentides sendo os primeiros en activar o tecido social de Redondela?<\/strong><\/p>\n\n\n\n<blockquote class=\"wp-block-quote is-layout-flow wp-block-quote-is-layout-flow\">\n<p>\u00c9 unha honra de formar parte do tecido social do noso pobo, tam\u00e9n \u00e9 unha responsabilidade que asumimos moi orgullosos.<\/p>\n<\/blockquote>\n\n\n\n<p><strong>Parece que entre o ano pasado e este aumentou a familia da comparsa?<\/strong><\/p>\n\n\n\n<blockquote class=\"wp-block-quote is-layout-flow wp-block-quote-is-layout-flow\">\n<p>Hai un par de anos case se desfai por falta de compo\u00f1entes pero conseguimos mudar esta situaci\u00f3n e xuntar xente para seguir adiante con este proxecto. Agora estamos m\u00e1is rexuvenecidos e seguimos tendo prazas dispo\u00f1ibles por se algunha persoa m\u00e1is quere sumarse a esta familia.<\/p>\n<\/blockquote>\n\n\n\n<p><strong>Cantos compo\u00f1entes sodes agra mesmo?<\/strong><\/p>\n\n\n\n<blockquote class=\"wp-block-quote is-layout-flow wp-block-quote-is-layout-flow\">\n<p>35 persoas.<\/p>\n<\/blockquote>\n\n\n\n<p><strong>Ata cantas persoas poden formar parte da comparsa?<\/strong><\/p>\n\n\n\n<blockquote class=\"wp-block-quote is-layout-flow wp-block-quote-is-layout-flow\">\n<p>Por temas de organizaci\u00f3n dos nosos eventos e de onde xuntarnos non deber\u00edamos ser m\u00e1is de 40 compo\u00f1entes.<\/p>\n<\/blockquote>\n\n\n\n<p><strong>Que actividades desenvolvedes desde ?<\/strong><\/p>\n\n\n\n<blockquote class=\"wp-block-quote is-layout-flow wp-block-quote-is-layout-flow\">\n<p>A actividade principal da comparsa \u00e9 a comida do entroido e ademais facemos d\u00faas cenas, unha no nadal na que se pode traer \u00e1 parella, e outra antes do entroido.<\/p>\n<\/blockquote>\n\n\n\n<p><strong>Non sa\u00eddes no entroido de ver\u00e1n?<\/strong><\/p>\n\n\n\n<blockquote class=\"wp-block-quote is-layout-flow wp-block-quote-is-layout-flow\">\n<p>Si, aqu\u00ed \u00e9 unha participaci\u00f3n aberta a todas as persoas ou familias que se queiran apuntar. S\u00f3 te\u00f1en que conseguir o seu disfrace do tema que n\u00f3s eliximos.<\/p>\n<\/blockquote>\n\n\n\n<p><strong>Pero o carro de T\u00edo Emilio sae no ver\u00e1n?<\/strong><\/p>\n\n\n\n<blockquote class=\"wp-block-quote is-layout-flow wp-block-quote-is-layout-flow\">\n<p>Si, pero xa non representando a T\u00edo Emilio.<\/p>\n<\/blockquote>\n\n\n\n<p><strong>Falemos do carro, \u00e9 igual todos os anos?<\/strong><\/p>\n\n\n\n<blockquote class=\"wp-block-quote is-layout-flow wp-block-quote-is-layout-flow\">\n<p>O carro ad\u00f3rnase en funci\u00f3n da tem\u00e1tica do entroido dese ano.<\/p>\n<\/blockquote>\n\n\n\n<p><strong>Como se decide a tem\u00e1tica do entroido de cada ano?<\/strong><\/p>\n\n\n\n<blockquote class=\"wp-block-quote is-layout-flow wp-block-quote-is-layout-flow\">\n<p>N\u00f3s po\u00f1emos ideas e o que se encarga principalmente \u00e9 Lolo.<\/p>\n<\/blockquote>\n\n\n\n<p><strong>Canto tempo levades na xunta directiva?<\/strong><\/p>\n\n\n\n<blockquote class=\"wp-block-quote is-layout-flow wp-block-quote-is-layout-flow\">\n<p>Practicamente tres anos, despois da pandemia a xente maior que hab\u00eda deixouno e case se desfai a comparsa, quedamos soamente dez persoas. Decidimos hai tres anos coller o relevo para que esta comparsa, con corenta aos de historia na vila, non deixase de existir, as\u00ed conseguimos xente nova ata chegar agora aos 35 compo\u00f1entes.<\/p>\n<\/blockquote>\n\n\n\n<p><strong>Quen se encarga de vestir ao carro nas sa\u00eddas do entroido?<\/strong><\/p>\n\n\n\n<blockquote class=\"wp-block-quote is-layout-flow wp-block-quote-is-layout-flow\">\n<p>Un ex membro da comparsa, lev\u00e1molo ao seu baixo e el se encarga de facelo.<\/p>\n<\/blockquote>\n\n\n\n<p><strong>Con corenta anos de historia sodes a comparsa m\u00e1is antiga de Redondela non?<\/strong><\/p>\n\n\n\n<blockquote class=\"wp-block-quote is-layout-flow wp-block-quote-is-layout-flow\">\n<p>Pensamos que si. Eu xa levo vinte anos aqu\u00ed e daquela xa estaba Emilio e O Gaiteiro, uns dos fundadores e se non chegamos aos corenta anos, pouqui\u00f1o lle falta. Non temos clara a data exacta dos inicios. Si que estivo dous anos xermin\u00e1ndose antes de oficializar a comparsa con este nome.<\/p>\n<\/blockquote>\n\n\n\n<p><strong>Os fillos destas dous fundadores seguen coa tradici\u00f3n familiar?<\/strong><\/p>\n\n\n\n<blockquote class=\"wp-block-quote is-layout-flow wp-block-quote-is-layout-flow\">\n<p>Si, est\u00e1n os dous fillos deles.<\/p>\n<\/blockquote>\n\n\n\n<p><strong>\u00c9 complicado formar parte dunha comparsa e facer que perdure tanto no tempo?<\/strong><\/p>\n\n\n\n<blockquote class=\"wp-block-quote is-layout-flow wp-block-quote-is-layout-flow\">\n<p>Se cada un de n\u00f3s po\u00f1emos un pouco non \u00e9 complicado, este ano est\u00e1 sendo un bo ano e a xente fai que a comparsa sexa un \u00e9xito ano tras ano.<\/p>\n<\/blockquote>\n\n\n\n<p><strong>Como se financia a Comparsa T\u00edo Emilio?<\/strong><\/p>\n\n\n\n<blockquote class=\"wp-block-quote is-layout-flow wp-block-quote-is-layout-flow\">\n<p>Pagamos unha couta mensual e con ese di\u00f1eiro \u00e9 co que vestimos ao carro, pagamos os nosos disfraces, facemos as d\u00faas cenas e a comida.<\/p>\n<\/blockquote>\n\n\n\n<p><strong>Supo\u00f1o que rematado este entroido xa vos poredes a preparar os disfraces do entroido de ver\u00e1n, non?<\/strong><\/p>\n\n\n\n<blockquote class=\"wp-block-quote is-layout-flow wp-block-quote-is-layout-flow\">\n<p>Si, pasando d\u00faas semanas do martes de entroido xa temos ganas do seguinte e comezamos a traballar nel. Lembramos que para o de ver\u00e1n p\u00f3dese anotar calquera persoa que lle apeteza vir a divertirse con n\u00f3s, rapaces e rapazas novas, familias, parellas ou non, todos e todas estades invitados e vir troulear coa Comparsa T\u00edo Emilio este ver\u00e1n en Redondela.<\/p>\n<\/blockquote>\n\n\n\n<p><strong>F\u00e1ltanvos cinco persoas para cubrir o cota de integrantes da Comparsa T\u00edo Emilio. Queredes dicir algo a os nosos lectores para animalos a que se sume ao voso proxecto, como te\u00f1en que proceder?<\/strong><\/p>\n\n\n\n<blockquote class=\"wp-block-quote is-layout-flow wp-block-quote-is-layout-flow\">\n<p>As persoas interesadas te\u00f1en que dirixirse a calquera de n\u00f3s da directiva, traer moitas ganas de pasalo ben e saber comportarse.<\/p>\n<\/blockquote>\n\n\n\n<p><strong>Imos ter esta directiva para moito tempo?<\/strong><\/p>\n\n\n\n<blockquote class=\"wp-block-quote is-layout-flow wp-block-quote-is-layout-flow\">\n<p>Esperemos que si, mentres poidamos aqu\u00ed seguiremos. Agora mesmo temos un membro de 78 anos, tam\u00e9n temos alg\u00fan con m\u00e1is de 60. Tam\u00e9n \u00e9 verdade que temos xente que non chega aos 30 e queren entrar, esta xente son o futuro da comparsa. Estamos traballando a canteira para que isto perdure no tempo.<\/p>\n<\/blockquote>\n\n\n\n<p><strong>Cantos anos ten a persoa m\u00e1is nova agora mesmo?<\/strong><\/p>\n\n\n\n<blockquote class=\"wp-block-quote is-layout-flow wp-block-quote-is-layout-flow\">\n<p>38 anos. A xente m\u00e1is nova ao principio \u00e9 un pouco reticente a querer entrar na comparsa porque pensan que como hai xente maior vanlle cortar \u00e1 festa, unha vez dentro danse de conta de que non \u00e9 as\u00ed.<\/p>\n<\/blockquote>\n\n\n\n<p><strong>Moitas grazas pola conversa e moitos anos m\u00e1is de vida para esta comparsa redondel\u00e1.<\/strong><\/p>\n","protected":false},"excerpt":{"rendered":"<div class=\"mh-excerpt\"><p>A comparsa T\u00edo Emilio \u00e9 un dos sinais de identidade da vida cultural do noso pobo,e n\u00f3s non podiamos deixar de conversar con eles Falamos con Javier Devesa, Jose Manuel Pelo e Alfonso M\u00edguez. \u201cConvidamos <a class=\"mh-excerpt-more\" href=\"https:\/\/www.anovapeneira.gal\/index.php\/2025\/04\/01\/comparsa-tio-emilio\/\" title=\"Comparsa T\u00edo Emilio\">[&#8230;]<\/a><\/p>\n<\/div>","protected":false},"author":3,"featured_media":13624,"comment_status":"open","ping_status":"open","sticky":false,"template":"","format":"standard","meta":{"_exactmetrics_skip_tracking":false,"_exactmetrics_sitenote_active":false,"_exactmetrics_sitenote_note":"","_exactmetrics_sitenote_category":0,"footnotes":""},"categories":[270],"tags":[171],"class_list":{"0":"post-13623","1":"post","2":"type-post","3":"status-publish","4":"format-standard","5":"has-post-thumbnail","7":"category-redondela-entrevistas","8":"tag-concello-de-redondela"},"yoast_head":"<!-- This site is optimized with the Yoast SEO plugin v27.4 - https:\/\/yoast.com\/product\/yoast-seo-wordpress\/ -->\n<title>Comparsa T\u00edo Emilio -<\/title>\n<meta name=\"robots\" content=\"index, follow, max-snippet:-1, max-image-preview:large, max-video-preview:-1\" \/>\n<link rel=\"canonical\" href=\"https:\/\/www.anovapeneira.gal\/index.php\/2025\/04\/01\/comparsa-tio-emilio\/\" \/>\n<meta property=\"og:locale\" content=\"gl_ES\" \/>\n<meta property=\"og:type\" content=\"article\" \/>\n<meta property=\"og:title\" content=\"Comparsa T\u00edo Emilio -\" \/>\n<meta property=\"og:description\" content=\"A comparsa T\u00edo Emilio \u00e9 un dos sinais de identidade da vida cultural do noso pobo,e n\u00f3s non podiamos deixar de conversar con eles Falamos con Javier Devesa, Jose Manuel Pelo e Alfonso M\u00edguez. \u201cConvidamos [...]\" \/>\n<meta property=\"og:url\" content=\"https:\/\/www.anovapeneira.gal\/index.php\/2025\/04\/01\/comparsa-tio-emilio\/\" \/>\n<meta property=\"article:publisher\" content=\"https:\/\/www.facebook.com\/anovapeneira\" \/>\n<meta property=\"article:published_time\" content=\"2025-04-01T10:00:37+00:00\" \/>\n<meta property=\"og:image\" content=\"https:\/\/www.anovapeneira.gal\/wp-content\/uploads\/2025\/03\/comparsa-tio-emilio.png\" \/>\n\t<meta property=\"og:image:width\" content=\"720\" \/>\n\t<meta property=\"og:image:height\" content=\"432\" \/>\n\t<meta property=\"og:image:type\" content=\"image\/png\" \/>\n<meta name=\"author\" content=\"Redacci\u00f3n A Nova Peneira\" \/>\n<meta name=\"twitter:card\" content=\"summary_large_image\" \/>\n<meta name=\"twitter:creator\" content=\"@APeneira\" \/>\n<meta name=\"twitter:site\" content=\"@APeneira\" \/>\n<meta name=\"twitter:label1\" content=\"Escrito por\" \/>\n\t<meta name=\"twitter:data1\" content=\"Redacci\u00f3n A Nova Peneira\" \/>\n\t<meta name=\"twitter:label2\" content=\"Tempo de lectura\" \/>\n\t<meta name=\"twitter:data2\" content=\"2 minutos\" \/>\n<script type=\"application\/ld+json\" class=\"yoast-schema-graph\">{\"@context\":\"https:\\\/\\\/schema.org\",\"@graph\":[{\"@type\":\"Article\",\"@id\":\"https:\\\/\\\/www.anovapeneira.gal\\\/index.php\\\/2025\\\/04\\\/01\\\/comparsa-tio-emilio\\\/#article\",\"isPartOf\":{\"@id\":\"https:\\\/\\\/www.anovapeneira.gal\\\/index.php\\\/2025\\\/04\\\/01\\\/comparsa-tio-emilio\\\/\"},\"author\":{\"name\":\"Redacci\u00f3n A Nova Peneira\",\"@id\":\"https:\\\/\\\/www.anovapeneira.gal\\\/#\\\/schema\\\/person\\\/b93e3f8932e3f8da96334607eb6ac6aa\"},\"headline\":\"Comparsa T\u00edo Emilio\",\"datePublished\":\"2025-04-01T10:00:37+00:00\",\"mainEntityOfPage\":{\"@id\":\"https:\\\/\\\/www.anovapeneira.gal\\\/index.php\\\/2025\\\/04\\\/01\\\/comparsa-tio-emilio\\\/\"},\"wordCount\":882,\"commentCount\":0,\"publisher\":{\"@id\":\"https:\\\/\\\/www.anovapeneira.gal\\\/#organization\"},\"image\":{\"@id\":\"https:\\\/\\\/www.anovapeneira.gal\\\/index.php\\\/2025\\\/04\\\/01\\\/comparsa-tio-emilio\\\/#primaryimage\"},\"thumbnailUrl\":\"https:\\\/\\\/www.anovapeneira.gal\\\/wp-content\\\/uploads\\\/2025\\\/03\\\/comparsa-tio-emilio.png\",\"keywords\":[\"Concello de Redondela\"],\"articleSection\":[\"Redondela\"],\"inLanguage\":\"gl-ES\",\"potentialAction\":[{\"@type\":\"CommentAction\",\"name\":\"Comment\",\"target\":[\"https:\\\/\\\/www.anovapeneira.gal\\\/index.php\\\/2025\\\/04\\\/01\\\/comparsa-tio-emilio\\\/#respond\"]}]},{\"@type\":\"WebPage\",\"@id\":\"https:\\\/\\\/www.anovapeneira.gal\\\/index.php\\\/2025\\\/04\\\/01\\\/comparsa-tio-emilio\\\/\",\"url\":\"https:\\\/\\\/www.anovapeneira.gal\\\/index.php\\\/2025\\\/04\\\/01\\\/comparsa-tio-emilio\\\/\",\"name\":\"Comparsa T\u00edo Emilio -\",\"isPartOf\":{\"@id\":\"https:\\\/\\\/www.anovapeneira.gal\\\/#website\"},\"primaryImageOfPage\":{\"@id\":\"https:\\\/\\\/www.anovapeneira.gal\\\/index.php\\\/2025\\\/04\\\/01\\\/comparsa-tio-emilio\\\/#primaryimage\"},\"image\":{\"@id\":\"https:\\\/\\\/www.anovapeneira.gal\\\/index.php\\\/2025\\\/04\\\/01\\\/comparsa-tio-emilio\\\/#primaryimage\"},\"thumbnailUrl\":\"https:\\\/\\\/www.anovapeneira.gal\\\/wp-content\\\/uploads\\\/2025\\\/03\\\/comparsa-tio-emilio.png\",\"datePublished\":\"2025-04-01T10:00:37+00:00\",\"breadcrumb\":{\"@id\":\"https:\\\/\\\/www.anovapeneira.gal\\\/index.php\\\/2025\\\/04\\\/01\\\/comparsa-tio-emilio\\\/#breadcrumb\"},\"inLanguage\":\"gl-ES\",\"potentialAction\":[{\"@type\":\"ReadAction\",\"target\":[\"https:\\\/\\\/www.anovapeneira.gal\\\/index.php\\\/2025\\\/04\\\/01\\\/comparsa-tio-emilio\\\/\"]}]},{\"@type\":\"ImageObject\",\"inLanguage\":\"gl-ES\",\"@id\":\"https:\\\/\\\/www.anovapeneira.gal\\\/index.php\\\/2025\\\/04\\\/01\\\/comparsa-tio-emilio\\\/#primaryimage\",\"url\":\"https:\\\/\\\/www.anovapeneira.gal\\\/wp-content\\\/uploads\\\/2025\\\/03\\\/comparsa-tio-emilio.png\",\"contentUrl\":\"https:\\\/\\\/www.anovapeneira.gal\\\/wp-content\\\/uploads\\\/2025\\\/03\\\/comparsa-tio-emilio.png\",\"width\":720,\"height\":432,\"caption\":\"Comparsa t\u00edo Emilio\"},{\"@type\":\"BreadcrumbList\",\"@id\":\"https:\\\/\\\/www.anovapeneira.gal\\\/index.php\\\/2025\\\/04\\\/01\\\/comparsa-tio-emilio\\\/#breadcrumb\",\"itemListElement\":[{\"@type\":\"ListItem\",\"position\":1,\"name\":\"Portada\",\"item\":\"https:\\\/\\\/www.anovapeneira.gal\\\/\"},{\"@type\":\"ListItem\",\"position\":2,\"name\":\"Comparsa T\u00edo Emilio\"}]},{\"@type\":\"WebSite\",\"@id\":\"https:\\\/\\\/www.anovapeneira.gal\\\/#website\",\"url\":\"https:\\\/\\\/www.anovapeneira.gal\\\/\",\"name\":\"\",\"description\":\"Xornal galego de informaci\u00f3n xeral Publicaci\u00f3n mensual de novas de Galicia e en especial dos Concellos da sur da provincia de Pontevedra.\",\"publisher\":{\"@id\":\"https:\\\/\\\/www.anovapeneira.gal\\\/#organization\"},\"potentialAction\":[{\"@type\":\"SearchAction\",\"target\":{\"@type\":\"EntryPoint\",\"urlTemplate\":\"https:\\\/\\\/www.anovapeneira.gal\\\/?s={search_term_string}\"},\"query-input\":{\"@type\":\"PropertyValueSpecification\",\"valueRequired\":true,\"valueName\":\"search_term_string\"}}],\"inLanguage\":\"gl-ES\"},{\"@type\":\"Organization\",\"@id\":\"https:\\\/\\\/www.anovapeneira.gal\\\/#organization\",\"name\":\"A Nova Peneira\",\"url\":\"https:\\\/\\\/www.anovapeneira.gal\\\/\",\"logo\":{\"@type\":\"ImageObject\",\"inLanguage\":\"gl-ES\",\"@id\":\"https:\\\/\\\/www.anovapeneira.gal\\\/#\\\/schema\\\/logo\\\/image\\\/\",\"url\":\"http:\\\/\\\/www.anovapeneira.gal\\\/wp-content\\\/uploads\\\/2019\\\/06\\\/logo_a_nova_peneira_portal_web.png\",\"contentUrl\":\"http:\\\/\\\/www.anovapeneira.gal\\\/wp-content\\\/uploads\\\/2019\\\/06\\\/logo_a_nova_peneira_portal_web.png\",\"width\":300,\"height\":100,\"caption\":\"A Nova Peneira\"},\"image\":{\"@id\":\"https:\\\/\\\/www.anovapeneira.gal\\\/#\\\/schema\\\/logo\\\/image\\\/\"},\"sameAs\":[\"https:\\\/\\\/www.facebook.com\\\/anovapeneira\",\"https:\\\/\\\/x.com\\\/APeneira\"]},{\"@type\":\"Person\",\"@id\":\"https:\\\/\\\/www.anovapeneira.gal\\\/#\\\/schema\\\/person\\\/b93e3f8932e3f8da96334607eb6ac6aa\",\"name\":\"Redacci\u00f3n A Nova Peneira\",\"image\":{\"@type\":\"ImageObject\",\"inLanguage\":\"gl-ES\",\"@id\":\"https:\\\/\\\/secure.gravatar.com\\\/avatar\\\/c052a2551a06e23fac63626232eaa90abd78dbcf1700fc46a2b2c89fd27b735f?s=96&d=mm&r=g\",\"url\":\"https:\\\/\\\/secure.gravatar.com\\\/avatar\\\/c052a2551a06e23fac63626232eaa90abd78dbcf1700fc46a2b2c89fd27b735f?s=96&d=mm&r=g\",\"contentUrl\":\"https:\\\/\\\/secure.gravatar.com\\\/avatar\\\/c052a2551a06e23fac63626232eaa90abd78dbcf1700fc46a2b2c89fd27b735f?s=96&d=mm&r=g\",\"caption\":\"Redacci\u00f3n A Nova Peneira\"},\"sameAs\":[\"http:\\\/\\\/www.anovapeneira.gal\\\/\"],\"url\":\"https:\\\/\\\/www.anovapeneira.gal\\\/index.php\\\/author\\\/redactor\\\/\"}]}<\/script>\n<!-- \/ Yoast SEO plugin. -->","yoast_head_json":{"title":"Comparsa T\u00edo Emilio -","robots":{"index":"index","follow":"follow","max-snippet":"max-snippet:-1","max-image-preview":"max-image-preview:large","max-video-preview":"max-video-preview:-1"},"canonical":"https:\/\/www.anovapeneira.gal\/index.php\/2025\/04\/01\/comparsa-tio-emilio\/","og_locale":"gl_ES","og_type":"article","og_title":"Comparsa T\u00edo Emilio -","og_description":"A comparsa T\u00edo Emilio \u00e9 un dos sinais de identidade da vida cultural do noso pobo,e n\u00f3s non podiamos deixar de conversar con eles Falamos con Javier Devesa, Jose Manuel Pelo e Alfonso M\u00edguez. \u201cConvidamos [...]","og_url":"https:\/\/www.anovapeneira.gal\/index.php\/2025\/04\/01\/comparsa-tio-emilio\/","article_publisher":"https:\/\/www.facebook.com\/anovapeneira","article_published_time":"2025-04-01T10:00:37+00:00","og_image":[{"width":720,"height":432,"url":"https:\/\/www.anovapeneira.gal\/wp-content\/uploads\/2025\/03\/comparsa-tio-emilio.png","type":"image\/png"}],"author":"Redacci\u00f3n A Nova Peneira","twitter_card":"summary_large_image","twitter_creator":"@APeneira","twitter_site":"@APeneira","twitter_misc":{"Escrito por":"Redacci\u00f3n A Nova Peneira","Tempo de lectura":"2 minutos"},"schema":{"@context":"https:\/\/schema.org","@graph":[{"@type":"Article","@id":"https:\/\/www.anovapeneira.gal\/index.php\/2025\/04\/01\/comparsa-tio-emilio\/#article","isPartOf":{"@id":"https:\/\/www.anovapeneira.gal\/index.php\/2025\/04\/01\/comparsa-tio-emilio\/"},"author":{"name":"Redacci\u00f3n A Nova Peneira","@id":"https:\/\/www.anovapeneira.gal\/#\/schema\/person\/b93e3f8932e3f8da96334607eb6ac6aa"},"headline":"Comparsa T\u00edo Emilio","datePublished":"2025-04-01T10:00:37+00:00","mainEntityOfPage":{"@id":"https:\/\/www.anovapeneira.gal\/index.php\/2025\/04\/01\/comparsa-tio-emilio\/"},"wordCount":882,"commentCount":0,"publisher":{"@id":"https:\/\/www.anovapeneira.gal\/#organization"},"image":{"@id":"https:\/\/www.anovapeneira.gal\/index.php\/2025\/04\/01\/comparsa-tio-emilio\/#primaryimage"},"thumbnailUrl":"https:\/\/www.anovapeneira.gal\/wp-content\/uploads\/2025\/03\/comparsa-tio-emilio.png","keywords":["Concello de Redondela"],"articleSection":["Redondela"],"inLanguage":"gl-ES","potentialAction":[{"@type":"CommentAction","name":"Comment","target":["https:\/\/www.anovapeneira.gal\/index.php\/2025\/04\/01\/comparsa-tio-emilio\/#respond"]}]},{"@type":"WebPage","@id":"https:\/\/www.anovapeneira.gal\/index.php\/2025\/04\/01\/comparsa-tio-emilio\/","url":"https:\/\/www.anovapeneira.gal\/index.php\/2025\/04\/01\/comparsa-tio-emilio\/","name":"Comparsa T\u00edo Emilio -","isPartOf":{"@id":"https:\/\/www.anovapeneira.gal\/#website"},"primaryImageOfPage":{"@id":"https:\/\/www.anovapeneira.gal\/index.php\/2025\/04\/01\/comparsa-tio-emilio\/#primaryimage"},"image":{"@id":"https:\/\/www.anovapeneira.gal\/index.php\/2025\/04\/01\/comparsa-tio-emilio\/#primaryimage"},"thumbnailUrl":"https:\/\/www.anovapeneira.gal\/wp-content\/uploads\/2025\/03\/comparsa-tio-emilio.png","datePublished":"2025-04-01T10:00:37+00:00","breadcrumb":{"@id":"https:\/\/www.anovapeneira.gal\/index.php\/2025\/04\/01\/comparsa-tio-emilio\/#breadcrumb"},"inLanguage":"gl-ES","potentialAction":[{"@type":"ReadAction","target":["https:\/\/www.anovapeneira.gal\/index.php\/2025\/04\/01\/comparsa-tio-emilio\/"]}]},{"@type":"ImageObject","inLanguage":"gl-ES","@id":"https:\/\/www.anovapeneira.gal\/index.php\/2025\/04\/01\/comparsa-tio-emilio\/#primaryimage","url":"https:\/\/www.anovapeneira.gal\/wp-content\/uploads\/2025\/03\/comparsa-tio-emilio.png","contentUrl":"https:\/\/www.anovapeneira.gal\/wp-content\/uploads\/2025\/03\/comparsa-tio-emilio.png","width":720,"height":432,"caption":"Comparsa t\u00edo Emilio"},{"@type":"BreadcrumbList","@id":"https:\/\/www.anovapeneira.gal\/index.php\/2025\/04\/01\/comparsa-tio-emilio\/#breadcrumb","itemListElement":[{"@type":"ListItem","position":1,"name":"Portada","item":"https:\/\/www.anovapeneira.gal\/"},{"@type":"ListItem","position":2,"name":"Comparsa T\u00edo Emilio"}]},{"@type":"WebSite","@id":"https:\/\/www.anovapeneira.gal\/#website","url":"https:\/\/www.anovapeneira.gal\/","name":"","description":"Xornal galego de informaci\u00f3n xeral Publicaci\u00f3n mensual de novas de Galicia e en especial dos Concellos da sur da provincia de Pontevedra.","publisher":{"@id":"https:\/\/www.anovapeneira.gal\/#organization"},"potentialAction":[{"@type":"SearchAction","target":{"@type":"EntryPoint","urlTemplate":"https:\/\/www.anovapeneira.gal\/?s={search_term_string}"},"query-input":{"@type":"PropertyValueSpecification","valueRequired":true,"valueName":"search_term_string"}}],"inLanguage":"gl-ES"},{"@type":"Organization","@id":"https:\/\/www.anovapeneira.gal\/#organization","name":"A Nova Peneira","url":"https:\/\/www.anovapeneira.gal\/","logo":{"@type":"ImageObject","inLanguage":"gl-ES","@id":"https:\/\/www.anovapeneira.gal\/#\/schema\/logo\/image\/","url":"http:\/\/www.anovapeneira.gal\/wp-content\/uploads\/2019\/06\/logo_a_nova_peneira_portal_web.png","contentUrl":"http:\/\/www.anovapeneira.gal\/wp-content\/uploads\/2019\/06\/logo_a_nova_peneira_portal_web.png","width":300,"height":100,"caption":"A Nova Peneira"},"image":{"@id":"https:\/\/www.anovapeneira.gal\/#\/schema\/logo\/image\/"},"sameAs":["https:\/\/www.facebook.com\/anovapeneira","https:\/\/x.com\/APeneira"]},{"@type":"Person","@id":"https:\/\/www.anovapeneira.gal\/#\/schema\/person\/b93e3f8932e3f8da96334607eb6ac6aa","name":"Redacci\u00f3n A Nova Peneira","image":{"@type":"ImageObject","inLanguage":"gl-ES","@id":"https:\/\/secure.gravatar.com\/avatar\/c052a2551a06e23fac63626232eaa90abd78dbcf1700fc46a2b2c89fd27b735f?s=96&d=mm&r=g","url":"https:\/\/secure.gravatar.com\/avatar\/c052a2551a06e23fac63626232eaa90abd78dbcf1700fc46a2b2c89fd27b735f?s=96&d=mm&r=g","contentUrl":"https:\/\/secure.gravatar.com\/avatar\/c052a2551a06e23fac63626232eaa90abd78dbcf1700fc46a2b2c89fd27b735f?s=96&d=mm&r=g","caption":"Redacci\u00f3n A Nova Peneira"},"sameAs":["http:\/\/www.anovapeneira.gal\/"],"url":"https:\/\/www.anovapeneira.gal\/index.php\/author\/redactor\/"}]}},"jetpack_featured_media_url":"https:\/\/www.anovapeneira.gal\/wp-content\/uploads\/2025\/03\/comparsa-tio-emilio.png","_links":{"self":[{"href":"https:\/\/www.anovapeneira.gal\/index.php\/wp-json\/wp\/v2\/posts\/13623","targetHints":{"allow":["GET"]}}],"collection":[{"href":"https:\/\/www.anovapeneira.gal\/index.php\/wp-json\/wp\/v2\/posts"}],"about":[{"href":"https:\/\/www.anovapeneira.gal\/index.php\/wp-json\/wp\/v2\/types\/post"}],"author":[{"embeddable":true,"href":"https:\/\/www.anovapeneira.gal\/index.php\/wp-json\/wp\/v2\/users\/3"}],"replies":[{"embeddable":true,"href":"https:\/\/www.anovapeneira.gal\/index.php\/wp-json\/wp\/v2\/comments?post=13623"}],"version-history":[{"count":1,"href":"https:\/\/www.anovapeneira.gal\/index.php\/wp-json\/wp\/v2\/posts\/13623\/revisions"}],"predecessor-version":[{"id":13625,"href":"https:\/\/www.anovapeneira.gal\/index.php\/wp-json\/wp\/v2\/posts\/13623\/revisions\/13625"}],"wp:featuredmedia":[{"embeddable":true,"href":"https:\/\/www.anovapeneira.gal\/index.php\/wp-json\/wp\/v2\/media\/13624"}],"wp:attachment":[{"href":"https:\/\/www.anovapeneira.gal\/index.php\/wp-json\/wp\/v2\/media?parent=13623"}],"wp:term":[{"taxonomy":"category","embeddable":true,"href":"https:\/\/www.anovapeneira.gal\/index.php\/wp-json\/wp\/v2\/categories?post=13623"},{"taxonomy":"post_tag","embeddable":true,"href":"https:\/\/www.anovapeneira.gal\/index.php\/wp-json\/wp\/v2\/tags?post=13623"}],"curies":[{"name":"wp","href":"https:\/\/api.w.org\/{rel}","templated":true}]}}