{"id":13627,"date":"2025-04-02T10:00:12","date_gmt":"2025-04-02T08:00:12","guid":{"rendered":"https:\/\/www.anovapeneira.gal\/?p=13627"},"modified":"2025-03-25T20:10:38","modified_gmt":"2025-03-25T19:10:38","slug":"pasar-desapercibido-no-oeste-cun-smartphone","status":"publish","type":"post","link":"https:\/\/www.anovapeneira.gal\/index.php\/2025\/04\/02\/pasar-desapercibido-no-oeste-cun-smartphone\/","title":{"rendered":"Pasar desapercibido no oeste cun smartphone"},"content":{"rendered":"\n<figure class=\"wp-block-image size-full is-resized\"><img loading=\"lazy\" decoding=\"async\" width=\"190\" height=\"222\" src=\"https:\/\/www.anovapeneira.gal\/wp-content\/uploads\/2020\/03\/mestre_ceip_salvaterra_a_nova_peneira.jpg\" alt=\"Xo\u00e1n Carlos Caballero\" class=\"wp-image-2693\" style=\"width:94px;height:auto\"\/><figcaption class=\"wp-element-caption\">Xo\u00e1n Carlos Caballero\n&#8211; Mestre no CEIP de Salvaterra<\/figcaption><\/figure>\n\n\n\n<p>Na cafeter\u00eda onde almorzo a diario, que ven a ser unha prolongaci\u00f3n da sala de estar da casa, s\u00edntome un protagonista de Cheers. Coa diferencia que eu non son nin Woody, Norm ou Frasier Crane, sen\u00f3n un extra. Pero non dos extras protagonistas, que adoitan aparecer sobre 5 segundos, m\u00e1is ben dos case invisibles, dos que est\u00e1n no fondo do local e cando emiten o episodio b\u00fascase a si mesmo para ver si aparece en pantalla e logo contarllo con orgullo aos seus familiares e amigos. No cine e nas series de televisi\u00f3n hai castas ata entre os que non te\u00f1en categor\u00eda algunha de actor.<\/p>\n\n\n\n<p>Pasar desapercibido ten as s\u00faas vantaxes, unha delas \u00e9 que ningu\u00e9n sabe o teu nome nin de onde es. Ola bos dias, o de sempre, non? Non me fai falta responder, asinto coa cabeza. Creo que son o \u00fanico cliente que d\u00e1 a direcci\u00f3n da cafeter\u00eda aos repartidores para que me deixen as compras que fago on-line. A\u00ednda as\u00ed, cada vez que recollo o paquete sempre me preguntan como me chamo. Outra vantaxe de ser un cliente discreto \u00e9 que non sentes a presi\u00f3n de participar nas conversas das persoas que xa forman parte, coma min, do mobiliario do local.<\/p>\n\n\n\n<p>A mi\u00f1a afici\u00f3n, aparte de ler a prensa, \u00e9 po\u00f1erlle alcumes aos clientes. O Diplom\u00e1tico pola facilidade que ten para insultar aos que lle levan a contraria, o Matavacas, un gandeiro que presume de ter matado vacas a paus, o Chor\u00f3n porque nada est\u00e1 ao seu gusto. Que si o caf\u00e9 est\u00e1 quente, que si fr\u00edo ou o que si o pan est\u00e1 moi torrado. Speedy Gonz\u00e1lez \u00e9 o que sempre anda con presas e hai que servilo antes que a ningu\u00e9n. O Capcioso \u00e9 aquel que cando ga\u00f1a o Madrid pregunta si sabemos si o seu equipo ga\u00f1ou ou perdeu. Toilet c\u00e1eme especialmente ben. Nada m\u00e1is entrar sempre vai ao ba\u00f1o. Como si o local tivese un efecto laxante que acelerase o seu tr\u00e1nsito intestinal. Para disimular os comprometedores ru\u00eddos achega as s\u00faas mans a m\u00e1quina secadora que non deixa de funcionar ata que sae do v\u00e1ter.<\/p>\n\n\n\n<p>Outros poder\u00edan protagonizar un western, son os indios e vaqueiros. Impo\u00f1en a lei do Oeste. Hai que estar en alerta constante para que non te collan de costas. Para evitar verme involucrado nunha emboscada sempre me sento pegado a parede. Estes artistas desenfundan a lingua m\u00e1is r\u00e1pido que Pat Garret o seu Colt 44 no d\u00eda en que matou a Billy the Kid. Non dan opci\u00f3n a responder. Ametrallan a sangue fr\u00eda con conversas absurdas e con movementos linguais tan r\u00e1pidos que a xente non se atreve dicir nada para evitar un sufrimento innecesario. Mellor paz que plomo.<\/p>\n\n\n\n<p>Armarse cun m\u00f3bil ten un efecto disuasorio. Se alg\u00fan destes chapistas ves que intenta achegarse, colle r\u00e1pido o teu tel\u00e9fono e simula unha chamada sen\u00f3n queres estar fodido. \u00c9 como amosarlle un crucifixo ou un dente de allo a un vampiro.Non sintades pena por eles. Enseguida atopar\u00e1n a outro incauto a quen chucharlle a paciencia.<\/p>\n\n\n\n<p>Cohabitar nun ecosistema destas caracter\u00edsticas \u00e9 complicado pero non imposible mentres non aparezan os foraxidos da peor ralea. Aqueles que te tirotean cos seus smartphones, cargados de gigabytes, a todo volume como si estiveran na s\u00faa casa vendo a televisi\u00f3n. Te\u00f1o vivido situaci\u00f3ns esperp\u00e9nticas co eles. Dende escoitar chistes de Ar\u00e9valo, mitins, receitas de Argui\u00f1ano, v\u00eddeos caseiros e mesmo heavy metal. Mot\u00f6rhead, Iron Maiden, Metallica\u2026 a todo meter. Este d\u00eda en concreto, o do concerto, indigneime de tal xeito que me levantei e fun cara este cliente para dicirlle que as bandas de rock duro tam\u00e9n compo\u00f1en baladas pensando nos seus fans m\u00e1is rom\u00e1nticos. (Por certo, hai algo m\u00e1is entra\u00f1able que ver a dous tipos duros, con mu\u00f1equeras de pinchos e camisetas con calaveras, bailando agarrados?) D\u00edxenlle que si ser\u00eda tan amable de adicarme \u201cStill loving you\u201d de Scorpions subindo o volume, xa que apenas se escoitaba nada. Nin caso. Non me estra\u00f1ou a verdade, o intelixente era o tel\u00e9fono, non o seu dono. Senteime e aos poucos minutos comezou a soar \u201cNo puedo vivir sin ti\u201d do grupo madrile\u00f1o Sobredosis. Levantei a mirada e dime en actitude desafiante: \u201cG\u00fastache esta, meu\u201d<\/p>\n\n\n\n<p>No lonxano Oeste hab\u00eda saloons nos que obrigaban a entregarlle as armas aos camareiros para evitar problemas logo dos primeiros chupitos de bourbon ou por si alg\u00fan \u201ctah\u00far\u201d fose descuberto cun as de picas baixo a manga. En Minnesota, Idaho ou Wyoming sab\u00edan como solucionar as cousas. Aqu\u00ed si o neno chora, porque se aburre na cafeter\u00eda, d\u00e1moslle o tel\u00e9fono para que, co volume do aparato a tope, rebente cabezas con bates de b\u00e9isbol, mutile persoas con catanas ou atropelle o maior n\u00famero posible de viandantes. Embarazadas e anci\u00e1ns punt\u00faan doble.<\/p>\n","protected":false},"excerpt":{"rendered":"<div class=\"mh-excerpt\"><p>Na cafeter\u00eda onde almorzo a diario, que ven a ser unha prolongaci\u00f3n da sala de estar da casa, s\u00edntome un protagonista de Cheers <a class=\"mh-excerpt-more\" href=\"https:\/\/www.anovapeneira.gal\/index.php\/2025\/04\/02\/pasar-desapercibido-no-oeste-cun-smartphone\/\" title=\"Pasar desapercibido no oeste cun smartphone\">[&#8230;]<\/a><\/p>\n<\/div>","protected":false},"author":22,"featured_media":584,"comment_status":"open","ping_status":"open","sticky":false,"template":"","format":"standard","meta":{"_exactmetrics_skip_tracking":false,"_exactmetrics_sitenote_active":false,"_exactmetrics_sitenote_note":"","_exactmetrics_sitenote_category":0,"footnotes":""},"categories":[7],"tags":[],"class_list":{"0":"post-13627","1":"post","2":"type-post","3":"status-publish","4":"format-standard","5":"has-post-thumbnail","7":"category-artigos-de-opinion"},"yoast_head":"<!-- This site is optimized with the Yoast SEO plugin v27.4 - https:\/\/yoast.com\/product\/yoast-seo-wordpress\/ -->\n<title>Pasar desapercibido no oeste cun smartphone -<\/title>\n<meta name=\"robots\" content=\"index, follow, max-snippet:-1, max-image-preview:large, max-video-preview:-1\" \/>\n<link rel=\"canonical\" href=\"https:\/\/www.anovapeneira.gal\/index.php\/2025\/04\/02\/pasar-desapercibido-no-oeste-cun-smartphone\/\" \/>\n<meta property=\"og:locale\" content=\"gl_ES\" \/>\n<meta property=\"og:type\" content=\"article\" \/>\n<meta property=\"og:title\" content=\"Pasar desapercibido no oeste cun smartphone -\" \/>\n<meta property=\"og:description\" content=\"Na cafeter\u00eda onde almorzo a diario, que ven a ser unha prolongaci\u00f3n da sala de estar da casa, s\u00edntome un protagonista de Cheers [...]\" \/>\n<meta property=\"og:url\" content=\"https:\/\/www.anovapeneira.gal\/index.php\/2025\/04\/02\/pasar-desapercibido-no-oeste-cun-smartphone\/\" \/>\n<meta property=\"article:publisher\" content=\"https:\/\/www.facebook.com\/anovapeneira\" \/>\n<meta property=\"article:published_time\" content=\"2025-04-02T08:00:12+00:00\" \/>\n<meta property=\"og:image\" content=\"https:\/\/www.anovapeneira.gal\/wp-content\/uploads\/2019\/07\/ARTIGO_DE_OPINION_A_NOVA_PENEIRA.jpg\" \/>\n\t<meta property=\"og:image:width\" content=\"720\" \/>\n\t<meta property=\"og:image:height\" content=\"473\" \/>\n\t<meta property=\"og:image:type\" content=\"image\/jpeg\" \/>\n<meta name=\"author\" content=\"Xo\u00e1n Carlos Caballero\" \/>\n<meta name=\"twitter:card\" content=\"summary_large_image\" \/>\n<meta name=\"twitter:creator\" content=\"@APeneira\" \/>\n<meta name=\"twitter:site\" content=\"@APeneira\" \/>\n<meta name=\"twitter:label1\" content=\"Escrito por\" \/>\n\t<meta name=\"twitter:data1\" content=\"Xo\u00e1n Carlos Caballero\" \/>\n\t<meta name=\"twitter:label2\" content=\"Tempo de lectura\" \/>\n\t<meta name=\"twitter:data2\" content=\"5 minutos\" \/>\n<script type=\"application\/ld+json\" class=\"yoast-schema-graph\">{\"@context\":\"https:\\\/\\\/schema.org\",\"@graph\":[{\"@type\":\"Article\",\"@id\":\"https:\\\/\\\/www.anovapeneira.gal\\\/index.php\\\/2025\\\/04\\\/02\\\/pasar-desapercibido-no-oeste-cun-smartphone\\\/#article\",\"isPartOf\":{\"@id\":\"https:\\\/\\\/www.anovapeneira.gal\\\/index.php\\\/2025\\\/04\\\/02\\\/pasar-desapercibido-no-oeste-cun-smartphone\\\/\"},\"author\":{\"name\":\"Xo\u00e1n Carlos Caballero\",\"@id\":\"https:\\\/\\\/www.anovapeneira.gal\\\/#\\\/schema\\\/person\\\/1b50ea4c70279e2639668c02bf1674e5\"},\"headline\":\"Pasar desapercibido no oeste cun smartphone\",\"datePublished\":\"2025-04-02T08:00:12+00:00\",\"mainEntityOfPage\":{\"@id\":\"https:\\\/\\\/www.anovapeneira.gal\\\/index.php\\\/2025\\\/04\\\/02\\\/pasar-desapercibido-no-oeste-cun-smartphone\\\/\"},\"wordCount\":880,\"commentCount\":0,\"publisher\":{\"@id\":\"https:\\\/\\\/www.anovapeneira.gal\\\/#organization\"},\"image\":{\"@id\":\"https:\\\/\\\/www.anovapeneira.gal\\\/index.php\\\/2025\\\/04\\\/02\\\/pasar-desapercibido-no-oeste-cun-smartphone\\\/#primaryimage\"},\"thumbnailUrl\":\"https:\\\/\\\/www.anovapeneira.gal\\\/wp-content\\\/uploads\\\/2019\\\/07\\\/ARTIGO_DE_OPINION_A_NOVA_PENEIRA.jpg\",\"articleSection\":[\"Artigos de opini\u00f3n\"],\"inLanguage\":\"gl-ES\",\"potentialAction\":[{\"@type\":\"CommentAction\",\"name\":\"Comment\",\"target\":[\"https:\\\/\\\/www.anovapeneira.gal\\\/index.php\\\/2025\\\/04\\\/02\\\/pasar-desapercibido-no-oeste-cun-smartphone\\\/#respond\"]}]},{\"@type\":\"WebPage\",\"@id\":\"https:\\\/\\\/www.anovapeneira.gal\\\/index.php\\\/2025\\\/04\\\/02\\\/pasar-desapercibido-no-oeste-cun-smartphone\\\/\",\"url\":\"https:\\\/\\\/www.anovapeneira.gal\\\/index.php\\\/2025\\\/04\\\/02\\\/pasar-desapercibido-no-oeste-cun-smartphone\\\/\",\"name\":\"Pasar desapercibido no oeste cun smartphone -\",\"isPartOf\":{\"@id\":\"https:\\\/\\\/www.anovapeneira.gal\\\/#website\"},\"primaryImageOfPage\":{\"@id\":\"https:\\\/\\\/www.anovapeneira.gal\\\/index.php\\\/2025\\\/04\\\/02\\\/pasar-desapercibido-no-oeste-cun-smartphone\\\/#primaryimage\"},\"image\":{\"@id\":\"https:\\\/\\\/www.anovapeneira.gal\\\/index.php\\\/2025\\\/04\\\/02\\\/pasar-desapercibido-no-oeste-cun-smartphone\\\/#primaryimage\"},\"thumbnailUrl\":\"https:\\\/\\\/www.anovapeneira.gal\\\/wp-content\\\/uploads\\\/2019\\\/07\\\/ARTIGO_DE_OPINION_A_NOVA_PENEIRA.jpg\",\"datePublished\":\"2025-04-02T08:00:12+00:00\",\"breadcrumb\":{\"@id\":\"https:\\\/\\\/www.anovapeneira.gal\\\/index.php\\\/2025\\\/04\\\/02\\\/pasar-desapercibido-no-oeste-cun-smartphone\\\/#breadcrumb\"},\"inLanguage\":\"gl-ES\",\"potentialAction\":[{\"@type\":\"ReadAction\",\"target\":[\"https:\\\/\\\/www.anovapeneira.gal\\\/index.php\\\/2025\\\/04\\\/02\\\/pasar-desapercibido-no-oeste-cun-smartphone\\\/\"]}]},{\"@type\":\"ImageObject\",\"inLanguage\":\"gl-ES\",\"@id\":\"https:\\\/\\\/www.anovapeneira.gal\\\/index.php\\\/2025\\\/04\\\/02\\\/pasar-desapercibido-no-oeste-cun-smartphone\\\/#primaryimage\",\"url\":\"https:\\\/\\\/www.anovapeneira.gal\\\/wp-content\\\/uploads\\\/2019\\\/07\\\/ARTIGO_DE_OPINION_A_NOVA_PENEIRA.jpg\",\"contentUrl\":\"https:\\\/\\\/www.anovapeneira.gal\\\/wp-content\\\/uploads\\\/2019\\\/07\\\/ARTIGO_DE_OPINION_A_NOVA_PENEIRA.jpg\",\"width\":720,\"height\":473,\"caption\":\"Artigo de opini\u00f3n A Nova Peneira\"},{\"@type\":\"BreadcrumbList\",\"@id\":\"https:\\\/\\\/www.anovapeneira.gal\\\/index.php\\\/2025\\\/04\\\/02\\\/pasar-desapercibido-no-oeste-cun-smartphone\\\/#breadcrumb\",\"itemListElement\":[{\"@type\":\"ListItem\",\"position\":1,\"name\":\"Portada\",\"item\":\"https:\\\/\\\/www.anovapeneira.gal\\\/\"},{\"@type\":\"ListItem\",\"position\":2,\"name\":\"Pasar desapercibido no oeste cun smartphone\"}]},{\"@type\":\"WebSite\",\"@id\":\"https:\\\/\\\/www.anovapeneira.gal\\\/#website\",\"url\":\"https:\\\/\\\/www.anovapeneira.gal\\\/\",\"name\":\"\",\"description\":\"Xornal galego de informaci\u00f3n xeral Publicaci\u00f3n mensual de novas de Galicia e en especial dos Concellos da sur da provincia de Pontevedra.\",\"publisher\":{\"@id\":\"https:\\\/\\\/www.anovapeneira.gal\\\/#organization\"},\"potentialAction\":[{\"@type\":\"SearchAction\",\"target\":{\"@type\":\"EntryPoint\",\"urlTemplate\":\"https:\\\/\\\/www.anovapeneira.gal\\\/?s={search_term_string}\"},\"query-input\":{\"@type\":\"PropertyValueSpecification\",\"valueRequired\":true,\"valueName\":\"search_term_string\"}}],\"inLanguage\":\"gl-ES\"},{\"@type\":\"Organization\",\"@id\":\"https:\\\/\\\/www.anovapeneira.gal\\\/#organization\",\"name\":\"A Nova Peneira\",\"url\":\"https:\\\/\\\/www.anovapeneira.gal\\\/\",\"logo\":{\"@type\":\"ImageObject\",\"inLanguage\":\"gl-ES\",\"@id\":\"https:\\\/\\\/www.anovapeneira.gal\\\/#\\\/schema\\\/logo\\\/image\\\/\",\"url\":\"http:\\\/\\\/www.anovapeneira.gal\\\/wp-content\\\/uploads\\\/2019\\\/06\\\/logo_a_nova_peneira_portal_web.png\",\"contentUrl\":\"http:\\\/\\\/www.anovapeneira.gal\\\/wp-content\\\/uploads\\\/2019\\\/06\\\/logo_a_nova_peneira_portal_web.png\",\"width\":300,\"height\":100,\"caption\":\"A Nova Peneira\"},\"image\":{\"@id\":\"https:\\\/\\\/www.anovapeneira.gal\\\/#\\\/schema\\\/logo\\\/image\\\/\"},\"sameAs\":[\"https:\\\/\\\/www.facebook.com\\\/anovapeneira\",\"https:\\\/\\\/x.com\\\/APeneira\"]},{\"@type\":\"Person\",\"@id\":\"https:\\\/\\\/www.anovapeneira.gal\\\/#\\\/schema\\\/person\\\/1b50ea4c70279e2639668c02bf1674e5\",\"name\":\"Xo\u00e1n Carlos Caballero\",\"image\":{\"@type\":\"ImageObject\",\"inLanguage\":\"gl-ES\",\"@id\":\"https:\\\/\\\/secure.gravatar.com\\\/avatar\\\/3527a74f68662d57f3183bf223473824f80a9c34a28b750bb59badaf22fb2f38?s=96&d=mm&r=g\",\"url\":\"https:\\\/\\\/secure.gravatar.com\\\/avatar\\\/3527a74f68662d57f3183bf223473824f80a9c34a28b750bb59badaf22fb2f38?s=96&d=mm&r=g\",\"contentUrl\":\"https:\\\/\\\/secure.gravatar.com\\\/avatar\\\/3527a74f68662d57f3183bf223473824f80a9c34a28b750bb59badaf22fb2f38?s=96&d=mm&r=g\",\"caption\":\"Xo\u00e1n Carlos Caballero\"},\"sameAs\":[\"http:\\\/\\\/anovapeneira.gal\"],\"url\":\"https:\\\/\\\/www.anovapeneira.gal\\\/index.php\\\/author\\\/xoan-carlos-caballero\\\/\"}]}<\/script>\n<!-- \/ Yoast SEO plugin. -->","yoast_head_json":{"title":"Pasar desapercibido no oeste cun smartphone -","robots":{"index":"index","follow":"follow","max-snippet":"max-snippet:-1","max-image-preview":"max-image-preview:large","max-video-preview":"max-video-preview:-1"},"canonical":"https:\/\/www.anovapeneira.gal\/index.php\/2025\/04\/02\/pasar-desapercibido-no-oeste-cun-smartphone\/","og_locale":"gl_ES","og_type":"article","og_title":"Pasar desapercibido no oeste cun smartphone -","og_description":"Na cafeter\u00eda onde almorzo a diario, que ven a ser unha prolongaci\u00f3n da sala de estar da casa, s\u00edntome un protagonista de Cheers [...]","og_url":"https:\/\/www.anovapeneira.gal\/index.php\/2025\/04\/02\/pasar-desapercibido-no-oeste-cun-smartphone\/","article_publisher":"https:\/\/www.facebook.com\/anovapeneira","article_published_time":"2025-04-02T08:00:12+00:00","og_image":[{"width":720,"height":473,"url":"https:\/\/www.anovapeneira.gal\/wp-content\/uploads\/2019\/07\/ARTIGO_DE_OPINION_A_NOVA_PENEIRA.jpg","type":"image\/jpeg"}],"author":"Xo\u00e1n Carlos Caballero","twitter_card":"summary_large_image","twitter_creator":"@APeneira","twitter_site":"@APeneira","twitter_misc":{"Escrito por":"Xo\u00e1n Carlos Caballero","Tempo de lectura":"5 minutos"},"schema":{"@context":"https:\/\/schema.org","@graph":[{"@type":"Article","@id":"https:\/\/www.anovapeneira.gal\/index.php\/2025\/04\/02\/pasar-desapercibido-no-oeste-cun-smartphone\/#article","isPartOf":{"@id":"https:\/\/www.anovapeneira.gal\/index.php\/2025\/04\/02\/pasar-desapercibido-no-oeste-cun-smartphone\/"},"author":{"name":"Xo\u00e1n Carlos Caballero","@id":"https:\/\/www.anovapeneira.gal\/#\/schema\/person\/1b50ea4c70279e2639668c02bf1674e5"},"headline":"Pasar desapercibido no oeste cun smartphone","datePublished":"2025-04-02T08:00:12+00:00","mainEntityOfPage":{"@id":"https:\/\/www.anovapeneira.gal\/index.php\/2025\/04\/02\/pasar-desapercibido-no-oeste-cun-smartphone\/"},"wordCount":880,"commentCount":0,"publisher":{"@id":"https:\/\/www.anovapeneira.gal\/#organization"},"image":{"@id":"https:\/\/www.anovapeneira.gal\/index.php\/2025\/04\/02\/pasar-desapercibido-no-oeste-cun-smartphone\/#primaryimage"},"thumbnailUrl":"https:\/\/www.anovapeneira.gal\/wp-content\/uploads\/2019\/07\/ARTIGO_DE_OPINION_A_NOVA_PENEIRA.jpg","articleSection":["Artigos de opini\u00f3n"],"inLanguage":"gl-ES","potentialAction":[{"@type":"CommentAction","name":"Comment","target":["https:\/\/www.anovapeneira.gal\/index.php\/2025\/04\/02\/pasar-desapercibido-no-oeste-cun-smartphone\/#respond"]}]},{"@type":"WebPage","@id":"https:\/\/www.anovapeneira.gal\/index.php\/2025\/04\/02\/pasar-desapercibido-no-oeste-cun-smartphone\/","url":"https:\/\/www.anovapeneira.gal\/index.php\/2025\/04\/02\/pasar-desapercibido-no-oeste-cun-smartphone\/","name":"Pasar desapercibido no oeste cun smartphone -","isPartOf":{"@id":"https:\/\/www.anovapeneira.gal\/#website"},"primaryImageOfPage":{"@id":"https:\/\/www.anovapeneira.gal\/index.php\/2025\/04\/02\/pasar-desapercibido-no-oeste-cun-smartphone\/#primaryimage"},"image":{"@id":"https:\/\/www.anovapeneira.gal\/index.php\/2025\/04\/02\/pasar-desapercibido-no-oeste-cun-smartphone\/#primaryimage"},"thumbnailUrl":"https:\/\/www.anovapeneira.gal\/wp-content\/uploads\/2019\/07\/ARTIGO_DE_OPINION_A_NOVA_PENEIRA.jpg","datePublished":"2025-04-02T08:00:12+00:00","breadcrumb":{"@id":"https:\/\/www.anovapeneira.gal\/index.php\/2025\/04\/02\/pasar-desapercibido-no-oeste-cun-smartphone\/#breadcrumb"},"inLanguage":"gl-ES","potentialAction":[{"@type":"ReadAction","target":["https:\/\/www.anovapeneira.gal\/index.php\/2025\/04\/02\/pasar-desapercibido-no-oeste-cun-smartphone\/"]}]},{"@type":"ImageObject","inLanguage":"gl-ES","@id":"https:\/\/www.anovapeneira.gal\/index.php\/2025\/04\/02\/pasar-desapercibido-no-oeste-cun-smartphone\/#primaryimage","url":"https:\/\/www.anovapeneira.gal\/wp-content\/uploads\/2019\/07\/ARTIGO_DE_OPINION_A_NOVA_PENEIRA.jpg","contentUrl":"https:\/\/www.anovapeneira.gal\/wp-content\/uploads\/2019\/07\/ARTIGO_DE_OPINION_A_NOVA_PENEIRA.jpg","width":720,"height":473,"caption":"Artigo de opini\u00f3n A Nova Peneira"},{"@type":"BreadcrumbList","@id":"https:\/\/www.anovapeneira.gal\/index.php\/2025\/04\/02\/pasar-desapercibido-no-oeste-cun-smartphone\/#breadcrumb","itemListElement":[{"@type":"ListItem","position":1,"name":"Portada","item":"https:\/\/www.anovapeneira.gal\/"},{"@type":"ListItem","position":2,"name":"Pasar desapercibido no oeste cun smartphone"}]},{"@type":"WebSite","@id":"https:\/\/www.anovapeneira.gal\/#website","url":"https:\/\/www.anovapeneira.gal\/","name":"","description":"Xornal galego de informaci\u00f3n xeral Publicaci\u00f3n mensual de novas de Galicia e en especial dos Concellos da sur da provincia de Pontevedra.","publisher":{"@id":"https:\/\/www.anovapeneira.gal\/#organization"},"potentialAction":[{"@type":"SearchAction","target":{"@type":"EntryPoint","urlTemplate":"https:\/\/www.anovapeneira.gal\/?s={search_term_string}"},"query-input":{"@type":"PropertyValueSpecification","valueRequired":true,"valueName":"search_term_string"}}],"inLanguage":"gl-ES"},{"@type":"Organization","@id":"https:\/\/www.anovapeneira.gal\/#organization","name":"A Nova Peneira","url":"https:\/\/www.anovapeneira.gal\/","logo":{"@type":"ImageObject","inLanguage":"gl-ES","@id":"https:\/\/www.anovapeneira.gal\/#\/schema\/logo\/image\/","url":"http:\/\/www.anovapeneira.gal\/wp-content\/uploads\/2019\/06\/logo_a_nova_peneira_portal_web.png","contentUrl":"http:\/\/www.anovapeneira.gal\/wp-content\/uploads\/2019\/06\/logo_a_nova_peneira_portal_web.png","width":300,"height":100,"caption":"A Nova Peneira"},"image":{"@id":"https:\/\/www.anovapeneira.gal\/#\/schema\/logo\/image\/"},"sameAs":["https:\/\/www.facebook.com\/anovapeneira","https:\/\/x.com\/APeneira"]},{"@type":"Person","@id":"https:\/\/www.anovapeneira.gal\/#\/schema\/person\/1b50ea4c70279e2639668c02bf1674e5","name":"Xo\u00e1n Carlos Caballero","image":{"@type":"ImageObject","inLanguage":"gl-ES","@id":"https:\/\/secure.gravatar.com\/avatar\/3527a74f68662d57f3183bf223473824f80a9c34a28b750bb59badaf22fb2f38?s=96&d=mm&r=g","url":"https:\/\/secure.gravatar.com\/avatar\/3527a74f68662d57f3183bf223473824f80a9c34a28b750bb59badaf22fb2f38?s=96&d=mm&r=g","contentUrl":"https:\/\/secure.gravatar.com\/avatar\/3527a74f68662d57f3183bf223473824f80a9c34a28b750bb59badaf22fb2f38?s=96&d=mm&r=g","caption":"Xo\u00e1n Carlos Caballero"},"sameAs":["http:\/\/anovapeneira.gal"],"url":"https:\/\/www.anovapeneira.gal\/index.php\/author\/xoan-carlos-caballero\/"}]}},"jetpack_featured_media_url":"https:\/\/www.anovapeneira.gal\/wp-content\/uploads\/2019\/07\/ARTIGO_DE_OPINION_A_NOVA_PENEIRA.jpg","_links":{"self":[{"href":"https:\/\/www.anovapeneira.gal\/index.php\/wp-json\/wp\/v2\/posts\/13627","targetHints":{"allow":["GET"]}}],"collection":[{"href":"https:\/\/www.anovapeneira.gal\/index.php\/wp-json\/wp\/v2\/posts"}],"about":[{"href":"https:\/\/www.anovapeneira.gal\/index.php\/wp-json\/wp\/v2\/types\/post"}],"author":[{"embeddable":true,"href":"https:\/\/www.anovapeneira.gal\/index.php\/wp-json\/wp\/v2\/users\/22"}],"replies":[{"embeddable":true,"href":"https:\/\/www.anovapeneira.gal\/index.php\/wp-json\/wp\/v2\/comments?post=13627"}],"version-history":[{"count":1,"href":"https:\/\/www.anovapeneira.gal\/index.php\/wp-json\/wp\/v2\/posts\/13627\/revisions"}],"predecessor-version":[{"id":13628,"href":"https:\/\/www.anovapeneira.gal\/index.php\/wp-json\/wp\/v2\/posts\/13627\/revisions\/13628"}],"wp:featuredmedia":[{"embeddable":true,"href":"https:\/\/www.anovapeneira.gal\/index.php\/wp-json\/wp\/v2\/media\/584"}],"wp:attachment":[{"href":"https:\/\/www.anovapeneira.gal\/index.php\/wp-json\/wp\/v2\/media?parent=13627"}],"wp:term":[{"taxonomy":"category","embeddable":true,"href":"https:\/\/www.anovapeneira.gal\/index.php\/wp-json\/wp\/v2\/categories?post=13627"},{"taxonomy":"post_tag","embeddable":true,"href":"https:\/\/www.anovapeneira.gal\/index.php\/wp-json\/wp\/v2\/tags?post=13627"}],"curies":[{"name":"wp","href":"https:\/\/api.w.org\/{rel}","templated":true}]}}