{"id":13630,"date":"2025-04-02T12:00:21","date_gmt":"2025-04-02T10:00:21","guid":{"rendered":"https:\/\/www.anovapeneira.gal\/?p=13630"},"modified":"2025-04-02T06:23:47","modified_gmt":"2025-04-02T04:23:47","slug":"cronicas-negras","status":"publish","type":"post","link":"https:\/\/www.anovapeneira.gal\/index.php\/2025\/04\/02\/cronicas-negras\/","title":{"rendered":"Cr\u00f3nicas negras"},"content":{"rendered":"\n<pre class=\"wp-block-verse\">Francisco \u00c1lvarez Koki<\/pre>\n\n\n\n<p>Nova Iork 26 de marzo do 2025.<\/p>\n\n\n\n<p>Cami\u00f1ei polas r\u00faas, que tantas veces cami\u00f1ei sempre. Atopei nos ollos da xente que vive nas cidades ese cansazo de sobrevivenza desconsolada Atopei nos ollos d\u00e1 xente d\u00e1s cidades esa dor que roe por dentro como un can de palleiro. Atopei mozos e vellos no acubillo dos cart\u00f3ns, nas r\u00faas vellas de sempre. Atopei todo iso no coraz\u00f3n mancado deste imperio. Os homeless, non ten Deus que os protexa. Este ano, ademais de todo iso, apareceu unha nube de medo. Os emigrantes, te\u00f1en medo, os turistas, te\u00f1en medo, os que so\u00f1an, te\u00f1en medo. A xente de sentido com\u00fan, ten medo. O pa\u00eds empeza a estar secuestrado polos alc\u00f3ns do contubernio. Todos que non pensemos igual que eles, empezamos a ser un trofeo de guerra.<\/p>\n\n\n\n<p>Nestes d\u00edas a Secretaria Nacional de Seguridade, retratouse, fronte a mega c\u00e1rcere que o presidente do Salvador Bukele, lle ofreceu a Donald Trump. Este monicreque pol\u00edtico, non sabe que Roma non paga os traidores. Esta muller, encargada da seguridade nacional, aparece fachendosa coa s\u00faa cara como un mapa cultivado polo botox, como un bicho depredador. Esa mensaxe cara aos os emigrantes indocumentados convid\u00e1ndoos a marchar da terra prometida \u00e9 noxento. Probablemente, ela nunca se puxo no noso lugar, nin tivo necesidade de facelo. Que saibades que este tipo de xente vai t\u00f3dolos domingos a misa. Pero esta ameaza cara aos emigrantes, ten tam\u00e9n outro dano colateral. O abuso dos patr\u00f3ns que si antes os explotaban, agora est\u00e1n legalmente autorizados a chupar mais sangre. (pod\u00edan<\/p>\n\n\n\n<p><a><\/a> chupar outra cousa).Os presos Venezolanos. Se non foron todos, unha parte considerable deses presos, foron sen ter un xu\u00edzo xusto, moitos sen cargos. Iso f\u00edxome lembrar, aquela lei que legalizara o franquismo de, \u201cvagos e maleantes\u201d, ou aquel grito do ministro franquista Manuel Fraga de \u201cA r\u00faa \u00e9 mi\u00f1a\u201c. En realidade temos que entender, que para ser presidente de un imperio, non podes ter inclinaci\u00f3ns de santo, sen\u00f3n mais ben de demo. Eu, nunca entend\u00edn de que sempre USA vi\u00f1a con un tecido de l\u00edder das liberdades, cando sempre usou o seu poder para facer mal, quitar e por presidentes en latino-Am\u00e9rica, meternos bases onde nos quepa e manter aos ditadores, como Franco, pra usalos ao seu servizo. Por exemplo para porlle unha secretaria a Castelao para espialo. Fai alg\u00fans anos, escrib\u00edn uns versos que dic\u00edan.<\/p>\n\n\n\n<p>Din que os norteamericanos son os mais civilizados. E sen\u00f3n preg\u00fantenllo a bomba at\u00f3mica. Nestes d\u00edas todos puidemos ollar, como seis polic\u00edas de emigraci\u00f3n secuestraban \u00e1 estudante de orixe turco, Rumeysa Oztur, secuestrada en pleno d\u00eda, polo feito de usar o seu dereito de liberta de expresi\u00f3n, nun artigo defendendo a Palestina do xenocidio Sionista. Como sempre fai o fascismo, terxiversa a verdade e ac\u00fasannos de apoiar o terrorismo de Hamas e, non \u00e9 as\u00ed. Non queremos violencia. O que si queremos e que se lle devolva a patria os cidad\u00e1ns palestinos e deixen de continuar con este xenocidio. Pero, por que se chegou a esta situaci\u00f3n? O presidente ganou as elecci\u00f3ns e este e o resultado da ignorancia dos cidad\u00e1ns. Escoitei a moitos emigrantes queixarse de que eramos moitos, outros moitos brutos quer\u00edan a s\u00faa maneira Am\u00e9rica primeiro \u00e9 grande.<\/p>\n\n\n\n<p>Tam\u00e9n isto recorda a, Unha Grande Libre. Nas primeiras protestas nas universidades de Nova Iork. Na universidade de Columbia, foi detido un dos l\u00edderes. Mahmoud Khalil de orixe palestino, inda que estaba legal no pa\u00eds e casado cunha cidad\u00e1 americana. A universidade de Columbia quixo defender os estudantes, pero a ameaza de Donald Trump de retirarlle 400 mill\u00f3ns de fondos federais, fixo que esta cambiase de parecer. Como di o vello refraneiro \u201cCando o di\u00f1eiro fala, a xustiza cala\u201d. E Columbia xa est\u00e1 o servizo do poder. Neste intre nada se parece mais que o poder nazi que o poder en USA. Est\u00e1n sementando o poder e todos calan. Fai alg\u00fans meses, en certos estados do pa\u00eds, ofrec\u00edan 1000 d\u00f3lares por denunciar \u00e1 emigrantes indocumentados. Hai moito medo. Non sei cando comenzar\u00e1n a queimar libros e facer queimas. Si fora crente dir\u00eda \u201cDeus nos colla confesados\u201d.<\/p>\n","protected":false},"excerpt":{"rendered":"<div class=\"mh-excerpt\"><p>Cami\u00f1ei polas r\u00faas, que tantas veces cami\u00f1ei sempre. Atopei nos ollos da xente que vive nas cidades ese cansazo de sobrevivenza desconsolada Atopei nos ollos d\u00e1 xente d\u00e1s cidades esa dor que roe por dentro como un can de palleiro <a class=\"mh-excerpt-more\" href=\"https:\/\/www.anovapeneira.gal\/index.php\/2025\/04\/02\/cronicas-negras\/\" title=\"Cr\u00f3nicas negras\">[&#8230;]<\/a><\/p>\n<\/div>","protected":false},"author":7,"featured_media":9305,"comment_status":"open","ping_status":"open","sticky":false,"template":"","format":"standard","meta":{"_exactmetrics_skip_tracking":false,"_exactmetrics_sitenote_active":false,"_exactmetrics_sitenote_note":"","_exactmetrics_sitenote_category":0,"footnotes":""},"categories":[7],"tags":[184,1450],"class_list":{"0":"post-13630","1":"post","2":"type-post","3":"status-publish","4":"format-standard","5":"has-post-thumbnail","7":"category-artigos-de-opinion","8":"tag-francisco-alvarez-koki","9":"tag-nnova-iork"},"yoast_head":"<!-- This site is optimized with the Yoast SEO plugin v27.4 - https:\/\/yoast.com\/product\/yoast-seo-wordpress\/ -->\n<title>Cr\u00f3nicas negras -<\/title>\n<meta name=\"robots\" content=\"index, follow, max-snippet:-1, max-image-preview:large, max-video-preview:-1\" \/>\n<link rel=\"canonical\" href=\"https:\/\/www.anovapeneira.gal\/index.php\/2025\/04\/02\/cronicas-negras\/\" \/>\n<meta property=\"og:locale\" content=\"gl_ES\" \/>\n<meta property=\"og:type\" content=\"article\" \/>\n<meta property=\"og:title\" content=\"Cr\u00f3nicas negras -\" \/>\n<meta property=\"og:description\" content=\"Cami\u00f1ei polas r\u00faas, que tantas veces cami\u00f1ei sempre. Atopei nos ollos da xente que vive nas cidades ese cansazo de sobrevivenza desconsolada Atopei nos ollos d\u00e1 xente d\u00e1s cidades esa dor que roe por dentro como un can de palleiro [...]\" \/>\n<meta property=\"og:url\" content=\"https:\/\/www.anovapeneira.gal\/index.php\/2025\/04\/02\/cronicas-negras\/\" \/>\n<meta property=\"article:publisher\" content=\"https:\/\/www.facebook.com\/anovapeneira\" \/>\n<meta property=\"article:published_time\" content=\"2025-04-02T10:00:21+00:00\" \/>\n<meta property=\"og:image\" content=\"https:\/\/www.anovapeneira.gal\/wp-content\/uploads\/2023\/03\/koki.jpg\" \/>\n\t<meta property=\"og:image:width\" content=\"720\" \/>\n\t<meta property=\"og:image:height\" content=\"432\" \/>\n\t<meta property=\"og:image:type\" content=\"image\/jpeg\" \/>\n<meta name=\"author\" content=\"Francisco \u00c1lvarez Koki\" \/>\n<meta name=\"twitter:card\" content=\"summary_large_image\" \/>\n<meta name=\"twitter:creator\" content=\"@APeneira\" \/>\n<meta name=\"twitter:site\" content=\"@APeneira\" \/>\n<meta name=\"twitter:label1\" content=\"Escrito por\" \/>\n\t<meta name=\"twitter:data1\" content=\"Francisco \u00c1lvarez Koki\" \/>\n\t<meta name=\"twitter:label2\" content=\"Tempo de lectura\" \/>\n\t<meta name=\"twitter:data2\" content=\"4 minutos\" \/>\n<script type=\"application\/ld+json\" class=\"yoast-schema-graph\">{\"@context\":\"https:\\\/\\\/schema.org\",\"@graph\":[{\"@type\":\"Article\",\"@id\":\"https:\\\/\\\/www.anovapeneira.gal\\\/index.php\\\/2025\\\/04\\\/02\\\/cronicas-negras\\\/#article\",\"isPartOf\":{\"@id\":\"https:\\\/\\\/www.anovapeneira.gal\\\/index.php\\\/2025\\\/04\\\/02\\\/cronicas-negras\\\/\"},\"author\":{\"name\":\"Francisco \u00c1lvarez Koki\",\"@id\":\"https:\\\/\\\/www.anovapeneira.gal\\\/#\\\/schema\\\/person\\\/f92cb9f06b112bf2c8d3c940d5c375a2\"},\"headline\":\"Cr\u00f3nicas negras\",\"datePublished\":\"2025-04-02T10:00:21+00:00\",\"mainEntityOfPage\":{\"@id\":\"https:\\\/\\\/www.anovapeneira.gal\\\/index.php\\\/2025\\\/04\\\/02\\\/cronicas-negras\\\/\"},\"wordCount\":737,\"commentCount\":0,\"publisher\":{\"@id\":\"https:\\\/\\\/www.anovapeneira.gal\\\/#organization\"},\"image\":{\"@id\":\"https:\\\/\\\/www.anovapeneira.gal\\\/index.php\\\/2025\\\/04\\\/02\\\/cronicas-negras\\\/#primaryimage\"},\"thumbnailUrl\":\"https:\\\/\\\/www.anovapeneira.gal\\\/wp-content\\\/uploads\\\/2023\\\/03\\\/koki.jpg\",\"keywords\":[\"Francisco \u00c1lvarez Koki\",\"NNova Iork\"],\"articleSection\":[\"Artigos de opini\u00f3n\"],\"inLanguage\":\"gl-ES\",\"potentialAction\":[{\"@type\":\"CommentAction\",\"name\":\"Comment\",\"target\":[\"https:\\\/\\\/www.anovapeneira.gal\\\/index.php\\\/2025\\\/04\\\/02\\\/cronicas-negras\\\/#respond\"]}]},{\"@type\":\"WebPage\",\"@id\":\"https:\\\/\\\/www.anovapeneira.gal\\\/index.php\\\/2025\\\/04\\\/02\\\/cronicas-negras\\\/\",\"url\":\"https:\\\/\\\/www.anovapeneira.gal\\\/index.php\\\/2025\\\/04\\\/02\\\/cronicas-negras\\\/\",\"name\":\"Cr\u00f3nicas negras -\",\"isPartOf\":{\"@id\":\"https:\\\/\\\/www.anovapeneira.gal\\\/#website\"},\"primaryImageOfPage\":{\"@id\":\"https:\\\/\\\/www.anovapeneira.gal\\\/index.php\\\/2025\\\/04\\\/02\\\/cronicas-negras\\\/#primaryimage\"},\"image\":{\"@id\":\"https:\\\/\\\/www.anovapeneira.gal\\\/index.php\\\/2025\\\/04\\\/02\\\/cronicas-negras\\\/#primaryimage\"},\"thumbnailUrl\":\"https:\\\/\\\/www.anovapeneira.gal\\\/wp-content\\\/uploads\\\/2023\\\/03\\\/koki.jpg\",\"datePublished\":\"2025-04-02T10:00:21+00:00\",\"breadcrumb\":{\"@id\":\"https:\\\/\\\/www.anovapeneira.gal\\\/index.php\\\/2025\\\/04\\\/02\\\/cronicas-negras\\\/#breadcrumb\"},\"inLanguage\":\"gl-ES\",\"potentialAction\":[{\"@type\":\"ReadAction\",\"target\":[\"https:\\\/\\\/www.anovapeneira.gal\\\/index.php\\\/2025\\\/04\\\/02\\\/cronicas-negras\\\/\"]}]},{\"@type\":\"ImageObject\",\"inLanguage\":\"gl-ES\",\"@id\":\"https:\\\/\\\/www.anovapeneira.gal\\\/index.php\\\/2025\\\/04\\\/02\\\/cronicas-negras\\\/#primaryimage\",\"url\":\"https:\\\/\\\/www.anovapeneira.gal\\\/wp-content\\\/uploads\\\/2023\\\/03\\\/koki.jpg\",\"contentUrl\":\"https:\\\/\\\/www.anovapeneira.gal\\\/wp-content\\\/uploads\\\/2023\\\/03\\\/koki.jpg\",\"width\":720,\"height\":432,\"caption\":\"Francisco \u00c1lvarez \u201cKOKI\u201d poeta de A Guarda\"},{\"@type\":\"BreadcrumbList\",\"@id\":\"https:\\\/\\\/www.anovapeneira.gal\\\/index.php\\\/2025\\\/04\\\/02\\\/cronicas-negras\\\/#breadcrumb\",\"itemListElement\":[{\"@type\":\"ListItem\",\"position\":1,\"name\":\"Portada\",\"item\":\"https:\\\/\\\/www.anovapeneira.gal\\\/\"},{\"@type\":\"ListItem\",\"position\":2,\"name\":\"Cr\u00f3nicas negras\"}]},{\"@type\":\"WebSite\",\"@id\":\"https:\\\/\\\/www.anovapeneira.gal\\\/#website\",\"url\":\"https:\\\/\\\/www.anovapeneira.gal\\\/\",\"name\":\"\",\"description\":\"Xornal galego de informaci\u00f3n xeral Publicaci\u00f3n mensual de novas de Galicia e en especial dos Concellos da sur da provincia de Pontevedra.\",\"publisher\":{\"@id\":\"https:\\\/\\\/www.anovapeneira.gal\\\/#organization\"},\"potentialAction\":[{\"@type\":\"SearchAction\",\"target\":{\"@type\":\"EntryPoint\",\"urlTemplate\":\"https:\\\/\\\/www.anovapeneira.gal\\\/?s={search_term_string}\"},\"query-input\":{\"@type\":\"PropertyValueSpecification\",\"valueRequired\":true,\"valueName\":\"search_term_string\"}}],\"inLanguage\":\"gl-ES\"},{\"@type\":\"Organization\",\"@id\":\"https:\\\/\\\/www.anovapeneira.gal\\\/#organization\",\"name\":\"A Nova Peneira\",\"url\":\"https:\\\/\\\/www.anovapeneira.gal\\\/\",\"logo\":{\"@type\":\"ImageObject\",\"inLanguage\":\"gl-ES\",\"@id\":\"https:\\\/\\\/www.anovapeneira.gal\\\/#\\\/schema\\\/logo\\\/image\\\/\",\"url\":\"http:\\\/\\\/www.anovapeneira.gal\\\/wp-content\\\/uploads\\\/2019\\\/06\\\/logo_a_nova_peneira_portal_web.png\",\"contentUrl\":\"http:\\\/\\\/www.anovapeneira.gal\\\/wp-content\\\/uploads\\\/2019\\\/06\\\/logo_a_nova_peneira_portal_web.png\",\"width\":300,\"height\":100,\"caption\":\"A Nova Peneira\"},\"image\":{\"@id\":\"https:\\\/\\\/www.anovapeneira.gal\\\/#\\\/schema\\\/logo\\\/image\\\/\"},\"sameAs\":[\"https:\\\/\\\/www.facebook.com\\\/anovapeneira\",\"https:\\\/\\\/x.com\\\/APeneira\"]},{\"@type\":\"Person\",\"@id\":\"https:\\\/\\\/www.anovapeneira.gal\\\/#\\\/schema\\\/person\\\/f92cb9f06b112bf2c8d3c940d5c375a2\",\"name\":\"Francisco \u00c1lvarez Koki\",\"image\":{\"@type\":\"ImageObject\",\"inLanguage\":\"gl-ES\",\"@id\":\"https:\\\/\\\/secure.gravatar.com\\\/avatar\\\/97364db51c48aff867225029bf934794a7070fbaf65be818421407d41c9f6802?s=96&d=mm&r=g\",\"url\":\"https:\\\/\\\/secure.gravatar.com\\\/avatar\\\/97364db51c48aff867225029bf934794a7070fbaf65be818421407d41c9f6802?s=96&d=mm&r=g\",\"contentUrl\":\"https:\\\/\\\/secure.gravatar.com\\\/avatar\\\/97364db51c48aff867225029bf934794a7070fbaf65be818421407d41c9f6802?s=96&d=mm&r=g\",\"caption\":\"Francisco \u00c1lvarez Koki\"},\"sameAs\":[\"http:\\\/\\\/anovapeneira.gal\"],\"url\":\"https:\\\/\\\/www.anovapeneira.gal\\\/index.php\\\/author\\\/opinonkoki\\\/\"}]}<\/script>\n<!-- \/ Yoast SEO plugin. -->","yoast_head_json":{"title":"Cr\u00f3nicas negras -","robots":{"index":"index","follow":"follow","max-snippet":"max-snippet:-1","max-image-preview":"max-image-preview:large","max-video-preview":"max-video-preview:-1"},"canonical":"https:\/\/www.anovapeneira.gal\/index.php\/2025\/04\/02\/cronicas-negras\/","og_locale":"gl_ES","og_type":"article","og_title":"Cr\u00f3nicas negras -","og_description":"Cami\u00f1ei polas r\u00faas, que tantas veces cami\u00f1ei sempre. Atopei nos ollos da xente que vive nas cidades ese cansazo de sobrevivenza desconsolada Atopei nos ollos d\u00e1 xente d\u00e1s cidades esa dor que roe por dentro como un can de palleiro [...]","og_url":"https:\/\/www.anovapeneira.gal\/index.php\/2025\/04\/02\/cronicas-negras\/","article_publisher":"https:\/\/www.facebook.com\/anovapeneira","article_published_time":"2025-04-02T10:00:21+00:00","og_image":[{"width":720,"height":432,"url":"https:\/\/www.anovapeneira.gal\/wp-content\/uploads\/2023\/03\/koki.jpg","type":"image\/jpeg"}],"author":"Francisco \u00c1lvarez Koki","twitter_card":"summary_large_image","twitter_creator":"@APeneira","twitter_site":"@APeneira","twitter_misc":{"Escrito por":"Francisco \u00c1lvarez Koki","Tempo de lectura":"4 minutos"},"schema":{"@context":"https:\/\/schema.org","@graph":[{"@type":"Article","@id":"https:\/\/www.anovapeneira.gal\/index.php\/2025\/04\/02\/cronicas-negras\/#article","isPartOf":{"@id":"https:\/\/www.anovapeneira.gal\/index.php\/2025\/04\/02\/cronicas-negras\/"},"author":{"name":"Francisco \u00c1lvarez Koki","@id":"https:\/\/www.anovapeneira.gal\/#\/schema\/person\/f92cb9f06b112bf2c8d3c940d5c375a2"},"headline":"Cr\u00f3nicas negras","datePublished":"2025-04-02T10:00:21+00:00","mainEntityOfPage":{"@id":"https:\/\/www.anovapeneira.gal\/index.php\/2025\/04\/02\/cronicas-negras\/"},"wordCount":737,"commentCount":0,"publisher":{"@id":"https:\/\/www.anovapeneira.gal\/#organization"},"image":{"@id":"https:\/\/www.anovapeneira.gal\/index.php\/2025\/04\/02\/cronicas-negras\/#primaryimage"},"thumbnailUrl":"https:\/\/www.anovapeneira.gal\/wp-content\/uploads\/2023\/03\/koki.jpg","keywords":["Francisco \u00c1lvarez Koki","NNova Iork"],"articleSection":["Artigos de opini\u00f3n"],"inLanguage":"gl-ES","potentialAction":[{"@type":"CommentAction","name":"Comment","target":["https:\/\/www.anovapeneira.gal\/index.php\/2025\/04\/02\/cronicas-negras\/#respond"]}]},{"@type":"WebPage","@id":"https:\/\/www.anovapeneira.gal\/index.php\/2025\/04\/02\/cronicas-negras\/","url":"https:\/\/www.anovapeneira.gal\/index.php\/2025\/04\/02\/cronicas-negras\/","name":"Cr\u00f3nicas negras -","isPartOf":{"@id":"https:\/\/www.anovapeneira.gal\/#website"},"primaryImageOfPage":{"@id":"https:\/\/www.anovapeneira.gal\/index.php\/2025\/04\/02\/cronicas-negras\/#primaryimage"},"image":{"@id":"https:\/\/www.anovapeneira.gal\/index.php\/2025\/04\/02\/cronicas-negras\/#primaryimage"},"thumbnailUrl":"https:\/\/www.anovapeneira.gal\/wp-content\/uploads\/2023\/03\/koki.jpg","datePublished":"2025-04-02T10:00:21+00:00","breadcrumb":{"@id":"https:\/\/www.anovapeneira.gal\/index.php\/2025\/04\/02\/cronicas-negras\/#breadcrumb"},"inLanguage":"gl-ES","potentialAction":[{"@type":"ReadAction","target":["https:\/\/www.anovapeneira.gal\/index.php\/2025\/04\/02\/cronicas-negras\/"]}]},{"@type":"ImageObject","inLanguage":"gl-ES","@id":"https:\/\/www.anovapeneira.gal\/index.php\/2025\/04\/02\/cronicas-negras\/#primaryimage","url":"https:\/\/www.anovapeneira.gal\/wp-content\/uploads\/2023\/03\/koki.jpg","contentUrl":"https:\/\/www.anovapeneira.gal\/wp-content\/uploads\/2023\/03\/koki.jpg","width":720,"height":432,"caption":"Francisco \u00c1lvarez \u201cKOKI\u201d poeta de A Guarda"},{"@type":"BreadcrumbList","@id":"https:\/\/www.anovapeneira.gal\/index.php\/2025\/04\/02\/cronicas-negras\/#breadcrumb","itemListElement":[{"@type":"ListItem","position":1,"name":"Portada","item":"https:\/\/www.anovapeneira.gal\/"},{"@type":"ListItem","position":2,"name":"Cr\u00f3nicas negras"}]},{"@type":"WebSite","@id":"https:\/\/www.anovapeneira.gal\/#website","url":"https:\/\/www.anovapeneira.gal\/","name":"","description":"Xornal galego de informaci\u00f3n xeral Publicaci\u00f3n mensual de novas de Galicia e en especial dos Concellos da sur da provincia de Pontevedra.","publisher":{"@id":"https:\/\/www.anovapeneira.gal\/#organization"},"potentialAction":[{"@type":"SearchAction","target":{"@type":"EntryPoint","urlTemplate":"https:\/\/www.anovapeneira.gal\/?s={search_term_string}"},"query-input":{"@type":"PropertyValueSpecification","valueRequired":true,"valueName":"search_term_string"}}],"inLanguage":"gl-ES"},{"@type":"Organization","@id":"https:\/\/www.anovapeneira.gal\/#organization","name":"A Nova Peneira","url":"https:\/\/www.anovapeneira.gal\/","logo":{"@type":"ImageObject","inLanguage":"gl-ES","@id":"https:\/\/www.anovapeneira.gal\/#\/schema\/logo\/image\/","url":"http:\/\/www.anovapeneira.gal\/wp-content\/uploads\/2019\/06\/logo_a_nova_peneira_portal_web.png","contentUrl":"http:\/\/www.anovapeneira.gal\/wp-content\/uploads\/2019\/06\/logo_a_nova_peneira_portal_web.png","width":300,"height":100,"caption":"A Nova Peneira"},"image":{"@id":"https:\/\/www.anovapeneira.gal\/#\/schema\/logo\/image\/"},"sameAs":["https:\/\/www.facebook.com\/anovapeneira","https:\/\/x.com\/APeneira"]},{"@type":"Person","@id":"https:\/\/www.anovapeneira.gal\/#\/schema\/person\/f92cb9f06b112bf2c8d3c940d5c375a2","name":"Francisco \u00c1lvarez Koki","image":{"@type":"ImageObject","inLanguage":"gl-ES","@id":"https:\/\/secure.gravatar.com\/avatar\/97364db51c48aff867225029bf934794a7070fbaf65be818421407d41c9f6802?s=96&d=mm&r=g","url":"https:\/\/secure.gravatar.com\/avatar\/97364db51c48aff867225029bf934794a7070fbaf65be818421407d41c9f6802?s=96&d=mm&r=g","contentUrl":"https:\/\/secure.gravatar.com\/avatar\/97364db51c48aff867225029bf934794a7070fbaf65be818421407d41c9f6802?s=96&d=mm&r=g","caption":"Francisco \u00c1lvarez Koki"},"sameAs":["http:\/\/anovapeneira.gal"],"url":"https:\/\/www.anovapeneira.gal\/index.php\/author\/opinonkoki\/"}]}},"jetpack_featured_media_url":"https:\/\/www.anovapeneira.gal\/wp-content\/uploads\/2023\/03\/koki.jpg","_links":{"self":[{"href":"https:\/\/www.anovapeneira.gal\/index.php\/wp-json\/wp\/v2\/posts\/13630","targetHints":{"allow":["GET"]}}],"collection":[{"href":"https:\/\/www.anovapeneira.gal\/index.php\/wp-json\/wp\/v2\/posts"}],"about":[{"href":"https:\/\/www.anovapeneira.gal\/index.php\/wp-json\/wp\/v2\/types\/post"}],"author":[{"embeddable":true,"href":"https:\/\/www.anovapeneira.gal\/index.php\/wp-json\/wp\/v2\/users\/7"}],"replies":[{"embeddable":true,"href":"https:\/\/www.anovapeneira.gal\/index.php\/wp-json\/wp\/v2\/comments?post=13630"}],"version-history":[{"count":1,"href":"https:\/\/www.anovapeneira.gal\/index.php\/wp-json\/wp\/v2\/posts\/13630\/revisions"}],"predecessor-version":[{"id":13631,"href":"https:\/\/www.anovapeneira.gal\/index.php\/wp-json\/wp\/v2\/posts\/13630\/revisions\/13631"}],"wp:featuredmedia":[{"embeddable":true,"href":"https:\/\/www.anovapeneira.gal\/index.php\/wp-json\/wp\/v2\/media\/9305"}],"wp:attachment":[{"href":"https:\/\/www.anovapeneira.gal\/index.php\/wp-json\/wp\/v2\/media?parent=13630"}],"wp:term":[{"taxonomy":"category","embeddable":true,"href":"https:\/\/www.anovapeneira.gal\/index.php\/wp-json\/wp\/v2\/categories?post=13630"},{"taxonomy":"post_tag","embeddable":true,"href":"https:\/\/www.anovapeneira.gal\/index.php\/wp-json\/wp\/v2\/tags?post=13630"}],"curies":[{"name":"wp","href":"https:\/\/api.w.org\/{rel}","templated":true}]}}