{"id":13633,"date":"2025-04-03T10:00:49","date_gmt":"2025-04-03T08:00:49","guid":{"rendered":"https:\/\/www.anovapeneira.gal\/?p=13633"},"modified":"2025-04-03T11:12:10","modified_gmt":"2025-04-03T09:12:10","slug":"os-investimentos-reais-do-concello-de-nigran-caen-case-a-metade-que-no-2024","status":"publish","type":"post","link":"https:\/\/www.anovapeneira.gal\/index.php\/2025\/04\/03\/os-investimentos-reais-do-concello-de-nigran-caen-case-a-metade-que-no-2024\/","title":{"rendered":"Os investimentos reais do Concello de Nigr\u00e1n caen case a metade que no 2024"},"content":{"rendered":"\n<p>O orzamento do 2025 destina pouco m\u00e1is de 420.000 \u20ac a inversi\u00f3ns, dun total de 17.371.872 \u20ac, lastrado polo incremento das novas licitaci\u00f3ns en curso.<\/p>\n\n\n\n<p>O BNG critica a ausencia de inspecci\u00f3ns tributarias que fai que o esforzo fiscal recaia s\u00f3 nas persoas que cumpren voluntariamente coas s\u00faas obrigas.<\/p>\n\n\n\n<p>O portavoz municipal Xavier Rodr\u00edguez denuncia tam\u00e9n que non se incl\u00faa no orzamento os fondos que Nigr\u00e1n recibir\u00e1 do Plan +Provincia, da Deputaci\u00f3n de Pontevedra, evitando as\u00ed definir os proxectos en que se investir\u00e1n.<\/p>\n\n\n\n<p>O Pleno do Concello de Nigr\u00e1n aprobou hoxe os seus orzamentos para o ano 2025. Esta aprobaci\u00f3n faise rematado o primeiro trimestre do ano, cando ti\u00f1an que terse elevado ao Pleno antes do 15 de outubro do ano pasado, no que \u00e9 xa un incumprimento habitual deste goberno.<\/p>\n\n\n\n<p>Son unhas contas cun montante global de m\u00e1is de 17 mill\u00f3ns de euros dos que apenas destina 421.000 a inversi\u00f3ns reais. Esta cifra tan baixa \u00e9 consecuencia fundamentalmente de dous factores: por unha banda o not\u00e1bel incremento en bens correntes e servizos, de m\u00e1is de un mill\u00f3n de euros sobre o 2024, produto da necesidade de dotar as novas licitaci\u00f3ns que se foron atrasando no tempo como o lixo, o SAF ou o mantemento de parques e xard\u00edns e que ven a coincidir todas elas neste exercicio, lastrando en boa medida a capacidade de investimento; e por outra banda \u00e9 produto da non inclusi\u00f3n no orzamento dos fondos a percibir da Deputaci\u00f3n dentro do Plan +Provincia, evitando as\u00ed ter que definir nas contas os proxectos aos que ir\u00e1n destinados, unha pr\u00e1ctica tam\u00e9n habitual neste goberno a diferencia de outros concellos onde si forman parte do seu orzamento.<\/p>\n\n\n\n<p>No debate plenario Xavier Rodr\u00edguez advertiu da posibilidade de que poidan non cumprirse os ingresos patrimoniais previstos, como consecuencia da xa acostumada pr\u00e1ctica deste goberno de atrasar as licitaci\u00f3ns p\u00fablicas, que no caso da cafetar\u00eda do Centro da Terceira Idade de A Ramallosa supor\u00e1 o abandono da concesi\u00f3n por parte do actual adxudicatario e o seu peche. Neste sentido lembrou a necesidade de licitar servizos vencidos como a Limpeza de centros escolares (contrato finalizado fai 3 anos), Mantemento aplicaci\u00f3ns inform\u00e1ticas (finalizado fai 2 anos) ou o m\u00e1is importante de Abastecemento e saneamento de auga que leva anos sendo prestado sen que a empresa concesionaria te\u00f1a que pasar por unha licitaci\u00f3n.<\/p>\n\n\n\n<p>O portavoz do BNG tam\u00e9n alertou da utilizaci\u00f3n das subvenci\u00f3ns nominativas como a pr\u00e1ctica habitual de outorgamento, cando debera ser a excepci\u00f3n e, pola contra, este goberno converte o procedemento que debera ser a norma, a concorrencia competitiva, en excepci\u00f3n.<\/p>\n\n\n\n<p>\u201cIsto provoca que haxa subvenci\u00f3ns que te\u00f1en que ir a reco\u00f1ecementos extraxudiciais de cr\u00e9ditos para ser cobradas, por ser concedidas sen consignaci\u00f3n orzamentaria, como os 26.500 \u20ac de subvenci\u00f3ns nominativas do ano 2023 para o Centro Juan Mar\u00eda ou a Fundaci\u00f3n Igualarte\u201d sinalou Xavier Rodr\u00edguez.<\/p>\n\n\n\n<p>Finalmente incidiu na necesidade das inspecci\u00f3ns tributarias para que o esforzo fiscal sexa igual para todos, evitando a fraude que crea un agravio comparativo respecto das persoas que cumpren.<\/p>\n","protected":false},"excerpt":{"rendered":"<div class=\"mh-excerpt\"><p>O orzamento do 2025 destina pouco m\u00e1is de 420.000 \u20ac a inversi\u00f3ns, dun total de 17.371.872 \u20ac, lastrado polo incremento das novas licitaci\u00f3ns en curso <a class=\"mh-excerpt-more\" href=\"https:\/\/www.anovapeneira.gal\/index.php\/2025\/04\/03\/os-investimentos-reais-do-concello-de-nigran-caen-case-a-metade-que-no-2024\/\" title=\"Os investimentos reais do Concello de Nigr\u00e1n caen case a metade que no 2024\">[&#8230;]<\/a><\/p>\n<\/div>","protected":false},"author":3,"featured_media":13644,"comment_status":"open","ping_status":"open","sticky":false,"template":"","format":"standard","meta":{"_exactmetrics_skip_tracking":false,"_exactmetrics_sitenote_active":false,"_exactmetrics_sitenote_note":"","_exactmetrics_sitenote_category":0,"footnotes":""},"categories":[20],"tags":[135],"class_list":{"0":"post-13633","1":"post","2":"type-post","3":"status-publish","4":"format-standard","5":"has-post-thumbnail","7":"category-val-minor","8":"tag-concello-de-nigran"},"yoast_head":"<!-- This site is optimized with the Yoast SEO plugin v27.4 - https:\/\/yoast.com\/product\/yoast-seo-wordpress\/ -->\n<title>Os investimentos reais do Concello de Nigr\u00e1n caen case a metade que no 2024 -<\/title>\n<meta name=\"robots\" content=\"index, follow, max-snippet:-1, max-image-preview:large, max-video-preview:-1\" \/>\n<link rel=\"canonical\" href=\"https:\/\/www.anovapeneira.gal\/index.php\/2025\/04\/03\/os-investimentos-reais-do-concello-de-nigran-caen-case-a-metade-que-no-2024\/\" \/>\n<meta property=\"og:locale\" content=\"gl_ES\" \/>\n<meta property=\"og:type\" content=\"article\" \/>\n<meta property=\"og:title\" content=\"Os investimentos reais do Concello de Nigr\u00e1n caen case a metade que no 2024 -\" \/>\n<meta property=\"og:description\" content=\"O orzamento do 2025 destina pouco m\u00e1is de 420.000 \u20ac a inversi\u00f3ns, dun total de 17.371.872 \u20ac, lastrado polo incremento das novas licitaci\u00f3ns en curso [...]\" \/>\n<meta property=\"og:url\" content=\"https:\/\/www.anovapeneira.gal\/index.php\/2025\/04\/03\/os-investimentos-reais-do-concello-de-nigran-caen-case-a-metade-que-no-2024\/\" \/>\n<meta property=\"article:publisher\" content=\"https:\/\/www.facebook.com\/anovapeneira\" \/>\n<meta property=\"article:published_time\" content=\"2025-04-03T08:00:49+00:00\" \/>\n<meta property=\"article:modified_time\" content=\"2025-04-03T09:12:10+00:00\" \/>\n<meta property=\"og:image\" content=\"https:\/\/www.anovapeneira.gal\/wp-content\/uploads\/2025\/04\/xavier-nigran.png\" \/>\n\t<meta property=\"og:image:width\" content=\"720\" \/>\n\t<meta property=\"og:image:height\" content=\"432\" \/>\n\t<meta property=\"og:image:type\" content=\"image\/png\" \/>\n<meta name=\"author\" content=\"Redacci\u00f3n A Nova Peneira\" \/>\n<meta name=\"twitter:card\" content=\"summary_large_image\" \/>\n<meta name=\"twitter:creator\" content=\"@APeneira\" \/>\n<meta name=\"twitter:site\" content=\"@APeneira\" \/>\n<meta name=\"twitter:label1\" content=\"Escrito por\" \/>\n\t<meta name=\"twitter:data1\" content=\"Redacci\u00f3n A Nova Peneira\" \/>\n\t<meta name=\"twitter:label2\" content=\"Tempo de lectura\" \/>\n\t<meta name=\"twitter:data2\" content=\"3 minutos\" \/>\n<script type=\"application\/ld+json\" class=\"yoast-schema-graph\">{\"@context\":\"https:\\\/\\\/schema.org\",\"@graph\":[{\"@type\":\"Article\",\"@id\":\"https:\\\/\\\/www.anovapeneira.gal\\\/index.php\\\/2025\\\/04\\\/03\\\/os-investimentos-reais-do-concello-de-nigran-caen-case-a-metade-que-no-2024\\\/#article\",\"isPartOf\":{\"@id\":\"https:\\\/\\\/www.anovapeneira.gal\\\/index.php\\\/2025\\\/04\\\/03\\\/os-investimentos-reais-do-concello-de-nigran-caen-case-a-metade-que-no-2024\\\/\"},\"author\":{\"name\":\"Redacci\u00f3n A Nova Peneira\",\"@id\":\"https:\\\/\\\/www.anovapeneira.gal\\\/#\\\/schema\\\/person\\\/b93e3f8932e3f8da96334607eb6ac6aa\"},\"headline\":\"Os investimentos reais do Concello de Nigr\u00e1n caen case a metade que no 2024\",\"datePublished\":\"2025-04-03T08:00:49+00:00\",\"dateModified\":\"2025-04-03T09:12:10+00:00\",\"mainEntityOfPage\":{\"@id\":\"https:\\\/\\\/www.anovapeneira.gal\\\/index.php\\\/2025\\\/04\\\/03\\\/os-investimentos-reais-do-concello-de-nigran-caen-case-a-metade-que-no-2024\\\/\"},\"wordCount\":552,\"commentCount\":0,\"publisher\":{\"@id\":\"https:\\\/\\\/www.anovapeneira.gal\\\/#organization\"},\"image\":{\"@id\":\"https:\\\/\\\/www.anovapeneira.gal\\\/index.php\\\/2025\\\/04\\\/03\\\/os-investimentos-reais-do-concello-de-nigran-caen-case-a-metade-que-no-2024\\\/#primaryimage\"},\"thumbnailUrl\":\"https:\\\/\\\/www.anovapeneira.gal\\\/wp-content\\\/uploads\\\/2025\\\/04\\\/xavier-nigran.png\",\"keywords\":[\"Concello de Nigr\u00e1n\"],\"articleSection\":[\"Val Mi\u00f1or\"],\"inLanguage\":\"gl-ES\",\"potentialAction\":[{\"@type\":\"CommentAction\",\"name\":\"Comment\",\"target\":[\"https:\\\/\\\/www.anovapeneira.gal\\\/index.php\\\/2025\\\/04\\\/03\\\/os-investimentos-reais-do-concello-de-nigran-caen-case-a-metade-que-no-2024\\\/#respond\"]}]},{\"@type\":\"WebPage\",\"@id\":\"https:\\\/\\\/www.anovapeneira.gal\\\/index.php\\\/2025\\\/04\\\/03\\\/os-investimentos-reais-do-concello-de-nigran-caen-case-a-metade-que-no-2024\\\/\",\"url\":\"https:\\\/\\\/www.anovapeneira.gal\\\/index.php\\\/2025\\\/04\\\/03\\\/os-investimentos-reais-do-concello-de-nigran-caen-case-a-metade-que-no-2024\\\/\",\"name\":\"Os investimentos reais do Concello de Nigr\u00e1n caen case a metade que no 2024 -\",\"isPartOf\":{\"@id\":\"https:\\\/\\\/www.anovapeneira.gal\\\/#website\"},\"primaryImageOfPage\":{\"@id\":\"https:\\\/\\\/www.anovapeneira.gal\\\/index.php\\\/2025\\\/04\\\/03\\\/os-investimentos-reais-do-concello-de-nigran-caen-case-a-metade-que-no-2024\\\/#primaryimage\"},\"image\":{\"@id\":\"https:\\\/\\\/www.anovapeneira.gal\\\/index.php\\\/2025\\\/04\\\/03\\\/os-investimentos-reais-do-concello-de-nigran-caen-case-a-metade-que-no-2024\\\/#primaryimage\"},\"thumbnailUrl\":\"https:\\\/\\\/www.anovapeneira.gal\\\/wp-content\\\/uploads\\\/2025\\\/04\\\/xavier-nigran.png\",\"datePublished\":\"2025-04-03T08:00:49+00:00\",\"dateModified\":\"2025-04-03T09:12:10+00:00\",\"breadcrumb\":{\"@id\":\"https:\\\/\\\/www.anovapeneira.gal\\\/index.php\\\/2025\\\/04\\\/03\\\/os-investimentos-reais-do-concello-de-nigran-caen-case-a-metade-que-no-2024\\\/#breadcrumb\"},\"inLanguage\":\"gl-ES\",\"potentialAction\":[{\"@type\":\"ReadAction\",\"target\":[\"https:\\\/\\\/www.anovapeneira.gal\\\/index.php\\\/2025\\\/04\\\/03\\\/os-investimentos-reais-do-concello-de-nigran-caen-case-a-metade-que-no-2024\\\/\"]}]},{\"@type\":\"ImageObject\",\"inLanguage\":\"gl-ES\",\"@id\":\"https:\\\/\\\/www.anovapeneira.gal\\\/index.php\\\/2025\\\/04\\\/03\\\/os-investimentos-reais-do-concello-de-nigran-caen-case-a-metade-que-no-2024\\\/#primaryimage\",\"url\":\"https:\\\/\\\/www.anovapeneira.gal\\\/wp-content\\\/uploads\\\/2025\\\/04\\\/xavier-nigran.png\",\"contentUrl\":\"https:\\\/\\\/www.anovapeneira.gal\\\/wp-content\\\/uploads\\\/2025\\\/04\\\/xavier-nigran.png\",\"width\":720,\"height\":432,\"caption\":\"Xavier Rodr\u00edguez Nigr\u00e1n BNG\"},{\"@type\":\"BreadcrumbList\",\"@id\":\"https:\\\/\\\/www.anovapeneira.gal\\\/index.php\\\/2025\\\/04\\\/03\\\/os-investimentos-reais-do-concello-de-nigran-caen-case-a-metade-que-no-2024\\\/#breadcrumb\",\"itemListElement\":[{\"@type\":\"ListItem\",\"position\":1,\"name\":\"Portada\",\"item\":\"https:\\\/\\\/www.anovapeneira.gal\\\/\"},{\"@type\":\"ListItem\",\"position\":2,\"name\":\"Os investimentos reais do Concello de Nigr\u00e1n caen case a metade que no 2024\"}]},{\"@type\":\"WebSite\",\"@id\":\"https:\\\/\\\/www.anovapeneira.gal\\\/#website\",\"url\":\"https:\\\/\\\/www.anovapeneira.gal\\\/\",\"name\":\"\",\"description\":\"Xornal galego de informaci\u00f3n xeral Publicaci\u00f3n mensual de novas de Galicia e en especial dos Concellos da sur da provincia de Pontevedra.\",\"publisher\":{\"@id\":\"https:\\\/\\\/www.anovapeneira.gal\\\/#organization\"},\"potentialAction\":[{\"@type\":\"SearchAction\",\"target\":{\"@type\":\"EntryPoint\",\"urlTemplate\":\"https:\\\/\\\/www.anovapeneira.gal\\\/?s={search_term_string}\"},\"query-input\":{\"@type\":\"PropertyValueSpecification\",\"valueRequired\":true,\"valueName\":\"search_term_string\"}}],\"inLanguage\":\"gl-ES\"},{\"@type\":\"Organization\",\"@id\":\"https:\\\/\\\/www.anovapeneira.gal\\\/#organization\",\"name\":\"A Nova Peneira\",\"url\":\"https:\\\/\\\/www.anovapeneira.gal\\\/\",\"logo\":{\"@type\":\"ImageObject\",\"inLanguage\":\"gl-ES\",\"@id\":\"https:\\\/\\\/www.anovapeneira.gal\\\/#\\\/schema\\\/logo\\\/image\\\/\",\"url\":\"http:\\\/\\\/www.anovapeneira.gal\\\/wp-content\\\/uploads\\\/2019\\\/06\\\/logo_a_nova_peneira_portal_web.png\",\"contentUrl\":\"http:\\\/\\\/www.anovapeneira.gal\\\/wp-content\\\/uploads\\\/2019\\\/06\\\/logo_a_nova_peneira_portal_web.png\",\"width\":300,\"height\":100,\"caption\":\"A Nova Peneira\"},\"image\":{\"@id\":\"https:\\\/\\\/www.anovapeneira.gal\\\/#\\\/schema\\\/logo\\\/image\\\/\"},\"sameAs\":[\"https:\\\/\\\/www.facebook.com\\\/anovapeneira\",\"https:\\\/\\\/x.com\\\/APeneira\"]},{\"@type\":\"Person\",\"@id\":\"https:\\\/\\\/www.anovapeneira.gal\\\/#\\\/schema\\\/person\\\/b93e3f8932e3f8da96334607eb6ac6aa\",\"name\":\"Redacci\u00f3n A Nova Peneira\",\"image\":{\"@type\":\"ImageObject\",\"inLanguage\":\"gl-ES\",\"@id\":\"https:\\\/\\\/secure.gravatar.com\\\/avatar\\\/c052a2551a06e23fac63626232eaa90abd78dbcf1700fc46a2b2c89fd27b735f?s=96&d=mm&r=g\",\"url\":\"https:\\\/\\\/secure.gravatar.com\\\/avatar\\\/c052a2551a06e23fac63626232eaa90abd78dbcf1700fc46a2b2c89fd27b735f?s=96&d=mm&r=g\",\"contentUrl\":\"https:\\\/\\\/secure.gravatar.com\\\/avatar\\\/c052a2551a06e23fac63626232eaa90abd78dbcf1700fc46a2b2c89fd27b735f?s=96&d=mm&r=g\",\"caption\":\"Redacci\u00f3n A Nova Peneira\"},\"sameAs\":[\"http:\\\/\\\/www.anovapeneira.gal\\\/\"],\"url\":\"https:\\\/\\\/www.anovapeneira.gal\\\/index.php\\\/author\\\/redactor\\\/\"}]}<\/script>\n<!-- \/ Yoast SEO plugin. -->","yoast_head_json":{"title":"Os investimentos reais do Concello de Nigr\u00e1n caen case a metade que no 2024 -","robots":{"index":"index","follow":"follow","max-snippet":"max-snippet:-1","max-image-preview":"max-image-preview:large","max-video-preview":"max-video-preview:-1"},"canonical":"https:\/\/www.anovapeneira.gal\/index.php\/2025\/04\/03\/os-investimentos-reais-do-concello-de-nigran-caen-case-a-metade-que-no-2024\/","og_locale":"gl_ES","og_type":"article","og_title":"Os investimentos reais do Concello de Nigr\u00e1n caen case a metade que no 2024 -","og_description":"O orzamento do 2025 destina pouco m\u00e1is de 420.000 \u20ac a inversi\u00f3ns, dun total de 17.371.872 \u20ac, lastrado polo incremento das novas licitaci\u00f3ns en curso [...]","og_url":"https:\/\/www.anovapeneira.gal\/index.php\/2025\/04\/03\/os-investimentos-reais-do-concello-de-nigran-caen-case-a-metade-que-no-2024\/","article_publisher":"https:\/\/www.facebook.com\/anovapeneira","article_published_time":"2025-04-03T08:00:49+00:00","article_modified_time":"2025-04-03T09:12:10+00:00","og_image":[{"width":720,"height":432,"url":"https:\/\/www.anovapeneira.gal\/wp-content\/uploads\/2025\/04\/xavier-nigran.png","type":"image\/png"}],"author":"Redacci\u00f3n A Nova Peneira","twitter_card":"summary_large_image","twitter_creator":"@APeneira","twitter_site":"@APeneira","twitter_misc":{"Escrito por":"Redacci\u00f3n A Nova Peneira","Tempo de lectura":"3 minutos"},"schema":{"@context":"https:\/\/schema.org","@graph":[{"@type":"Article","@id":"https:\/\/www.anovapeneira.gal\/index.php\/2025\/04\/03\/os-investimentos-reais-do-concello-de-nigran-caen-case-a-metade-que-no-2024\/#article","isPartOf":{"@id":"https:\/\/www.anovapeneira.gal\/index.php\/2025\/04\/03\/os-investimentos-reais-do-concello-de-nigran-caen-case-a-metade-que-no-2024\/"},"author":{"name":"Redacci\u00f3n A Nova Peneira","@id":"https:\/\/www.anovapeneira.gal\/#\/schema\/person\/b93e3f8932e3f8da96334607eb6ac6aa"},"headline":"Os investimentos reais do Concello de Nigr\u00e1n caen case a metade que no 2024","datePublished":"2025-04-03T08:00:49+00:00","dateModified":"2025-04-03T09:12:10+00:00","mainEntityOfPage":{"@id":"https:\/\/www.anovapeneira.gal\/index.php\/2025\/04\/03\/os-investimentos-reais-do-concello-de-nigran-caen-case-a-metade-que-no-2024\/"},"wordCount":552,"commentCount":0,"publisher":{"@id":"https:\/\/www.anovapeneira.gal\/#organization"},"image":{"@id":"https:\/\/www.anovapeneira.gal\/index.php\/2025\/04\/03\/os-investimentos-reais-do-concello-de-nigran-caen-case-a-metade-que-no-2024\/#primaryimage"},"thumbnailUrl":"https:\/\/www.anovapeneira.gal\/wp-content\/uploads\/2025\/04\/xavier-nigran.png","keywords":["Concello de Nigr\u00e1n"],"articleSection":["Val Mi\u00f1or"],"inLanguage":"gl-ES","potentialAction":[{"@type":"CommentAction","name":"Comment","target":["https:\/\/www.anovapeneira.gal\/index.php\/2025\/04\/03\/os-investimentos-reais-do-concello-de-nigran-caen-case-a-metade-que-no-2024\/#respond"]}]},{"@type":"WebPage","@id":"https:\/\/www.anovapeneira.gal\/index.php\/2025\/04\/03\/os-investimentos-reais-do-concello-de-nigran-caen-case-a-metade-que-no-2024\/","url":"https:\/\/www.anovapeneira.gal\/index.php\/2025\/04\/03\/os-investimentos-reais-do-concello-de-nigran-caen-case-a-metade-que-no-2024\/","name":"Os investimentos reais do Concello de Nigr\u00e1n caen case a metade que no 2024 -","isPartOf":{"@id":"https:\/\/www.anovapeneira.gal\/#website"},"primaryImageOfPage":{"@id":"https:\/\/www.anovapeneira.gal\/index.php\/2025\/04\/03\/os-investimentos-reais-do-concello-de-nigran-caen-case-a-metade-que-no-2024\/#primaryimage"},"image":{"@id":"https:\/\/www.anovapeneira.gal\/index.php\/2025\/04\/03\/os-investimentos-reais-do-concello-de-nigran-caen-case-a-metade-que-no-2024\/#primaryimage"},"thumbnailUrl":"https:\/\/www.anovapeneira.gal\/wp-content\/uploads\/2025\/04\/xavier-nigran.png","datePublished":"2025-04-03T08:00:49+00:00","dateModified":"2025-04-03T09:12:10+00:00","breadcrumb":{"@id":"https:\/\/www.anovapeneira.gal\/index.php\/2025\/04\/03\/os-investimentos-reais-do-concello-de-nigran-caen-case-a-metade-que-no-2024\/#breadcrumb"},"inLanguage":"gl-ES","potentialAction":[{"@type":"ReadAction","target":["https:\/\/www.anovapeneira.gal\/index.php\/2025\/04\/03\/os-investimentos-reais-do-concello-de-nigran-caen-case-a-metade-que-no-2024\/"]}]},{"@type":"ImageObject","inLanguage":"gl-ES","@id":"https:\/\/www.anovapeneira.gal\/index.php\/2025\/04\/03\/os-investimentos-reais-do-concello-de-nigran-caen-case-a-metade-que-no-2024\/#primaryimage","url":"https:\/\/www.anovapeneira.gal\/wp-content\/uploads\/2025\/04\/xavier-nigran.png","contentUrl":"https:\/\/www.anovapeneira.gal\/wp-content\/uploads\/2025\/04\/xavier-nigran.png","width":720,"height":432,"caption":"Xavier Rodr\u00edguez Nigr\u00e1n BNG"},{"@type":"BreadcrumbList","@id":"https:\/\/www.anovapeneira.gal\/index.php\/2025\/04\/03\/os-investimentos-reais-do-concello-de-nigran-caen-case-a-metade-que-no-2024\/#breadcrumb","itemListElement":[{"@type":"ListItem","position":1,"name":"Portada","item":"https:\/\/www.anovapeneira.gal\/"},{"@type":"ListItem","position":2,"name":"Os investimentos reais do Concello de Nigr\u00e1n caen case a metade que no 2024"}]},{"@type":"WebSite","@id":"https:\/\/www.anovapeneira.gal\/#website","url":"https:\/\/www.anovapeneira.gal\/","name":"","description":"Xornal galego de informaci\u00f3n xeral Publicaci\u00f3n mensual de novas de Galicia e en especial dos Concellos da sur da provincia de Pontevedra.","publisher":{"@id":"https:\/\/www.anovapeneira.gal\/#organization"},"potentialAction":[{"@type":"SearchAction","target":{"@type":"EntryPoint","urlTemplate":"https:\/\/www.anovapeneira.gal\/?s={search_term_string}"},"query-input":{"@type":"PropertyValueSpecification","valueRequired":true,"valueName":"search_term_string"}}],"inLanguage":"gl-ES"},{"@type":"Organization","@id":"https:\/\/www.anovapeneira.gal\/#organization","name":"A Nova Peneira","url":"https:\/\/www.anovapeneira.gal\/","logo":{"@type":"ImageObject","inLanguage":"gl-ES","@id":"https:\/\/www.anovapeneira.gal\/#\/schema\/logo\/image\/","url":"http:\/\/www.anovapeneira.gal\/wp-content\/uploads\/2019\/06\/logo_a_nova_peneira_portal_web.png","contentUrl":"http:\/\/www.anovapeneira.gal\/wp-content\/uploads\/2019\/06\/logo_a_nova_peneira_portal_web.png","width":300,"height":100,"caption":"A Nova Peneira"},"image":{"@id":"https:\/\/www.anovapeneira.gal\/#\/schema\/logo\/image\/"},"sameAs":["https:\/\/www.facebook.com\/anovapeneira","https:\/\/x.com\/APeneira"]},{"@type":"Person","@id":"https:\/\/www.anovapeneira.gal\/#\/schema\/person\/b93e3f8932e3f8da96334607eb6ac6aa","name":"Redacci\u00f3n A Nova Peneira","image":{"@type":"ImageObject","inLanguage":"gl-ES","@id":"https:\/\/secure.gravatar.com\/avatar\/c052a2551a06e23fac63626232eaa90abd78dbcf1700fc46a2b2c89fd27b735f?s=96&d=mm&r=g","url":"https:\/\/secure.gravatar.com\/avatar\/c052a2551a06e23fac63626232eaa90abd78dbcf1700fc46a2b2c89fd27b735f?s=96&d=mm&r=g","contentUrl":"https:\/\/secure.gravatar.com\/avatar\/c052a2551a06e23fac63626232eaa90abd78dbcf1700fc46a2b2c89fd27b735f?s=96&d=mm&r=g","caption":"Redacci\u00f3n A Nova Peneira"},"sameAs":["http:\/\/www.anovapeneira.gal\/"],"url":"https:\/\/www.anovapeneira.gal\/index.php\/author\/redactor\/"}]}},"jetpack_featured_media_url":"https:\/\/www.anovapeneira.gal\/wp-content\/uploads\/2025\/04\/xavier-nigran.png","_links":{"self":[{"href":"https:\/\/www.anovapeneira.gal\/index.php\/wp-json\/wp\/v2\/posts\/13633","targetHints":{"allow":["GET"]}}],"collection":[{"href":"https:\/\/www.anovapeneira.gal\/index.php\/wp-json\/wp\/v2\/posts"}],"about":[{"href":"https:\/\/www.anovapeneira.gal\/index.php\/wp-json\/wp\/v2\/types\/post"}],"author":[{"embeddable":true,"href":"https:\/\/www.anovapeneira.gal\/index.php\/wp-json\/wp\/v2\/users\/3"}],"replies":[{"embeddable":true,"href":"https:\/\/www.anovapeneira.gal\/index.php\/wp-json\/wp\/v2\/comments?post=13633"}],"version-history":[{"count":1,"href":"https:\/\/www.anovapeneira.gal\/index.php\/wp-json\/wp\/v2\/posts\/13633\/revisions"}],"predecessor-version":[{"id":13634,"href":"https:\/\/www.anovapeneira.gal\/index.php\/wp-json\/wp\/v2\/posts\/13633\/revisions\/13634"}],"wp:featuredmedia":[{"embeddable":true,"href":"https:\/\/www.anovapeneira.gal\/index.php\/wp-json\/wp\/v2\/media\/13644"}],"wp:attachment":[{"href":"https:\/\/www.anovapeneira.gal\/index.php\/wp-json\/wp\/v2\/media?parent=13633"}],"wp:term":[{"taxonomy":"category","embeddable":true,"href":"https:\/\/www.anovapeneira.gal\/index.php\/wp-json\/wp\/v2\/categories?post=13633"},{"taxonomy":"post_tag","embeddable":true,"href":"https:\/\/www.anovapeneira.gal\/index.php\/wp-json\/wp\/v2\/tags?post=13633"}],"curies":[{"name":"wp","href":"https:\/\/api.w.org\/{rel}","templated":true}]}}