{"id":13645,"date":"2025-04-07T10:00:41","date_gmt":"2025-04-07T08:00:41","guid":{"rendered":"https:\/\/www.anovapeneira.gal\/?p=13645"},"modified":"2025-04-05T10:57:04","modified_gmt":"2025-04-05T08:57:04","slug":"guerra-e-arcolitos","status":"publish","type":"post","link":"https:\/\/www.anovapeneira.gal\/index.php\/2025\/04\/07\/guerra-e-arcolitos\/","title":{"rendered":"Guerra e \u201carcolitos\u201d"},"content":{"rendered":"\n<figure class=\"wp-block-image size-full is-resized\"><img loading=\"lazy\" decoding=\"async\" width=\"190\" height=\"222\" src=\"https:\/\/www.anovapeneira.gal\/wp-content\/uploads\/2019\/07\/pedro_cortegoso_opinion_a_nova_peneira_bn.jpg\" alt=\"Pedro M. Cortegoso Gago Artigo Opini\u00f3n A Nova Peneira\" class=\"wp-image-464\" style=\"width:87px;height:auto\"\/><figcaption class=\"wp-element-caption\">Pedro M. Cortegoso Gago\nTraballador do Sergas<\/figcaption><\/figure>\n\n\n\n<p>O capitalismo \u00e9 salvaxe, depredador. Necesita depredar os recursos naturais at\u00e9 o l\u00edmite da existencia do planeta, do mesmo xeito que non ten problema en sacrificar miles de persoas en guerras para manter a s\u00faa taxa de ganancia. A guerra \u00e9 necesaria para resetear o capitalismo cando est\u00e1 en crise.<\/p>\n\n\n\n<p>Isto pode aplicarse ao xenocidio palestino, ao que asistimos en directo sen que os defensores dos valores da \u201cdemocracia e a liberdade\u201d se despeiteen, \u00e1 deforestaci\u00f3n do Amazonas ou a transformaci\u00f3n de Galiza nunha enorme plantaci\u00f3n de eucaliptos.<\/p>\n\n\n\n<p>Ricos sen escr\u00fapulos en luxosos despachos dese\u00f1an unha guerra no Congo para que te\u00f1amos tel\u00e9fonos m\u00f3biles baratos, ao tempo que planifican a instalaci\u00f3n de macrocelulosas ou minas para converter Galiza nunha esterqueira. Presidentes, Ministros, Conselleiros, e unha longa lista de cargos institucionais son os encargados de levar adiante este dese\u00f1o macabro, coa inestim\u00e1bel colaboraci\u00f3n da Xustiza encargada de quitar do medio \u201clegalmente\u201d calquera traba.<\/p>\n\n\n\n<p><strong>M\u00e1is madeira, \u00e9 a guerra!<\/strong><\/p>\n\n\n\n<p>Necesitamos unha boa guerra para meterlle o medo no corpo aos pobos de Europa. Deste xeito ser\u00e1 m\u00e1is f\u00e1cil que traguen coa desaparici\u00f3n definitiva do \u201cestado do benestar\u201d, coa liquidaci\u00f3n de todo o p\u00fablico en beneficio do privado. E de paso aumentamos os xa grandes beneficios da industria militar espa\u00f1ola e estadounidense, que \u00e9 a onde van ir os nosos cartos.<\/p>\n\n\n\n<p>Como as gali\u00f1as no gali\u00f1eiro os goberno dos pa\u00edses da Uni\u00f3n Europea m\u00e1is o brit\u00e1nico organizan xuntanzas cada semana para maior lucimento de \u201cnapoleonci\u00f1o\u201d Macr\u00f3n. Pretenden facernos crer que son importantes e pintan moito no escenario internacional mentres Rusia e EEUU fan que negocian a fin da guerra, unha guerra que rematar\u00e1 cando Rusia acade o seus obxectivos.<\/p>\n\n\n\n<p>Co mesmo ardor guerreiro, o Pedro S\u00e1nchez pon cara de compunxido e interesante no Congreso para xustificar o inxustific\u00e1bel: que van gastar en tanques, avi\u00f3ns de combate e bombas uns cartos que deber\u00edan ir a mellorar o noso nivel de vida. Non \u00e9 mellor investir en escolas, centros de sa\u00fade, hospitais ou residencias de maiores?<\/p>\n\n\n\n<p>Por\u00e9n, est\u00e1n atope coa guerra cando militarmente non te\u00f1en capacidade real e saben con certeza que Rusia non \u00e9 unha ameaza para Europa. Desde os medios de comunicaci\u00f3n, desde os gobernos, partidos pol\u00edticos de todas as cores, todos tentando que merquemos o kit de supervivencia por \u201cse ve\u00f1en os rusos\u201d. Cando llo conten aos rusos van alucinar, eles xa te\u00f1en abondo limpando de nazis a ucra\u00edna e non parecen ter ning\u00fan interese en vir conquistar Compostela. Deix\u00e9molos terminar o traballo, no 1945 fixeron ben.<\/p>\n\n\n\n<p><strong>Q<\/strong><strong>ue mellor madeira que a de eucalipto, a favorita do Partido Popular.<\/strong><\/p>\n\n\n\n<p>Na Galiza tam\u00e9n estamos en guerra, unha guerra de resistencia contra a eucaliptizaci\u00f3n dos nosos montes e a desfeita dos nosos r\u00edos e r\u00edas por unha empresa portuguesa, que ten detr\u00e1s moito capital \u201cgalego\u201d, tanto pol\u00edtico como econ\u00f3mico. O mesmo apoio que te\u00f1en as empresas mineiras dispostas a sacar da nosa terra un beneficio econ\u00f3mico que se van levar petos alleos (que novidade!) deixando un rastro de desolaci\u00f3n e desfeita no medio ambiente.<\/p>\n\n\n\n<p>Que m\u00e1is da se o r\u00edos te\u00f1en unha cor marr\u00f3n e cheiran mal, en Mar\u00edn xa estamos afeitos ao fedor e ao fume de Ence, que grazas ao Tribunal Supremo (ese que fai t\u00e1ndem co Tribunal Constitucional para deixar todo arranxado no estado espa\u00f1ol) imos ter eternamente botando merda na r\u00eda.<\/p>\n\n\n\n<p>Hoxe \u00e9 dif\u00edcil distinguir se as Conselleiras e o Presidente Rueda son parte do consello de administraci\u00f3n de Altri ou se os portavoces de Altri forman parte do goberno galego. Os mesmos argumentos nunha mesma campa\u00f1a de propaganda coordenada entre empresa e administraci\u00f3n. Hoxe coas portas xiratorias isto pode converterse en realidade, e ma\u00f1\u00e1 quizais vexamos ao Sr. Rueda sentado nun consello de administraci\u00f3n cunha boa remuneraci\u00f3n polos servizos prestados.<\/p>\n\n\n\n<p>Estamos en guerra, nunha guerra sen fin contra os que pretenden desfacer a nosa terra.<\/p>\n\n\n\n<p>Mar\u00edn, 2 de abril de 2025.<\/p>\n\n\n\n<p>Asdo.: Pedro M. Cortegoso Gago.<\/p>\n","protected":false},"excerpt":{"rendered":"<div class=\"mh-excerpt\"><p>O capitalismo \u00e9 salvaxe, depredador. Necesita depredar os recursos naturais at\u00e9 o l\u00edmite da existencia do planeta, do mesmo xeito que non ten problema en sacrificar miles de persoas en guerras para manter a s\u00faa taxa de ganancia. A guerra \u00e9 necesaria para resetear o capitalismo cando est\u00e1 en crise <a class=\"mh-excerpt-more\" href=\"https:\/\/www.anovapeneira.gal\/index.php\/2025\/04\/07\/guerra-e-arcolitos\/\" title=\"Guerra e \u201carcolitos\u201d\">[&#8230;]<\/a><\/p>\n<\/div>","protected":false},"author":4,"featured_media":584,"comment_status":"open","ping_status":"open","sticky":false,"template":"","format":"standard","meta":{"_exactmetrics_skip_tracking":false,"_exactmetrics_sitenote_active":false,"_exactmetrics_sitenote_note":"","_exactmetrics_sitenote_category":0,"footnotes":""},"categories":[7],"tags":[],"class_list":{"0":"post-13645","1":"post","2":"type-post","3":"status-publish","4":"format-standard","5":"has-post-thumbnail","7":"category-artigos-de-opinion"},"yoast_head":"<!-- This site is optimized with the Yoast SEO plugin v27.4 - https:\/\/yoast.com\/product\/yoast-seo-wordpress\/ -->\n<title>Guerra e \u201carcolitos\u201d -<\/title>\n<meta name=\"robots\" content=\"index, follow, max-snippet:-1, max-image-preview:large, max-video-preview:-1\" \/>\n<link rel=\"canonical\" href=\"https:\/\/www.anovapeneira.gal\/index.php\/2025\/04\/07\/guerra-e-arcolitos\/\" \/>\n<meta property=\"og:locale\" content=\"gl_ES\" \/>\n<meta property=\"og:type\" content=\"article\" \/>\n<meta property=\"og:title\" content=\"Guerra e \u201carcolitos\u201d -\" \/>\n<meta property=\"og:description\" content=\"O capitalismo \u00e9 salvaxe, depredador. Necesita depredar os recursos naturais at\u00e9 o l\u00edmite da existencia do planeta, do mesmo xeito que non ten problema en sacrificar miles de persoas en guerras para manter a s\u00faa taxa de ganancia. A guerra \u00e9 necesaria para resetear o capitalismo cando est\u00e1 en crise [...]\" \/>\n<meta property=\"og:url\" content=\"https:\/\/www.anovapeneira.gal\/index.php\/2025\/04\/07\/guerra-e-arcolitos\/\" \/>\n<meta property=\"article:publisher\" content=\"https:\/\/www.facebook.com\/anovapeneira\" \/>\n<meta property=\"article:published_time\" content=\"2025-04-07T08:00:41+00:00\" \/>\n<meta property=\"og:image\" content=\"https:\/\/www.anovapeneira.gal\/wp-content\/uploads\/2019\/07\/ARTIGO_DE_OPINION_A_NOVA_PENEIRA.jpg\" \/>\n\t<meta property=\"og:image:width\" content=\"720\" \/>\n\t<meta property=\"og:image:height\" content=\"473\" \/>\n\t<meta property=\"og:image:type\" content=\"image\/jpeg\" \/>\n<meta name=\"author\" content=\"Pedro M. Cortegoso Gago\" \/>\n<meta name=\"twitter:card\" content=\"summary_large_image\" \/>\n<meta name=\"twitter:creator\" content=\"@APeneira\" \/>\n<meta name=\"twitter:site\" content=\"@APeneira\" \/>\n<meta name=\"twitter:label1\" content=\"Escrito por\" \/>\n\t<meta name=\"twitter:data1\" content=\"Pedro M. Cortegoso Gago\" \/>\n\t<meta name=\"twitter:label2\" content=\"Tempo de lectura\" \/>\n\t<meta name=\"twitter:data2\" content=\"4 minutos\" \/>\n<script type=\"application\/ld+json\" class=\"yoast-schema-graph\">{\"@context\":\"https:\\\/\\\/schema.org\",\"@graph\":[{\"@type\":\"Article\",\"@id\":\"https:\\\/\\\/www.anovapeneira.gal\\\/index.php\\\/2025\\\/04\\\/07\\\/guerra-e-arcolitos\\\/#article\",\"isPartOf\":{\"@id\":\"https:\\\/\\\/www.anovapeneira.gal\\\/index.php\\\/2025\\\/04\\\/07\\\/guerra-e-arcolitos\\\/\"},\"author\":{\"name\":\"Pedro M. Cortegoso Gago\",\"@id\":\"https:\\\/\\\/www.anovapeneira.gal\\\/#\\\/schema\\\/person\\\/c04a9c9f722c9446e71ae434c0353337\"},\"headline\":\"Guerra e \u201carcolitos\u201d\",\"datePublished\":\"2025-04-07T08:00:41+00:00\",\"mainEntityOfPage\":{\"@id\":\"https:\\\/\\\/www.anovapeneira.gal\\\/index.php\\\/2025\\\/04\\\/07\\\/guerra-e-arcolitos\\\/\"},\"wordCount\":716,\"commentCount\":0,\"publisher\":{\"@id\":\"https:\\\/\\\/www.anovapeneira.gal\\\/#organization\"},\"image\":{\"@id\":\"https:\\\/\\\/www.anovapeneira.gal\\\/index.php\\\/2025\\\/04\\\/07\\\/guerra-e-arcolitos\\\/#primaryimage\"},\"thumbnailUrl\":\"https:\\\/\\\/www.anovapeneira.gal\\\/wp-content\\\/uploads\\\/2019\\\/07\\\/ARTIGO_DE_OPINION_A_NOVA_PENEIRA.jpg\",\"articleSection\":[\"Artigos de opini\u00f3n\"],\"inLanguage\":\"gl-ES\",\"potentialAction\":[{\"@type\":\"CommentAction\",\"name\":\"Comment\",\"target\":[\"https:\\\/\\\/www.anovapeneira.gal\\\/index.php\\\/2025\\\/04\\\/07\\\/guerra-e-arcolitos\\\/#respond\"]}]},{\"@type\":\"WebPage\",\"@id\":\"https:\\\/\\\/www.anovapeneira.gal\\\/index.php\\\/2025\\\/04\\\/07\\\/guerra-e-arcolitos\\\/\",\"url\":\"https:\\\/\\\/www.anovapeneira.gal\\\/index.php\\\/2025\\\/04\\\/07\\\/guerra-e-arcolitos\\\/\",\"name\":\"Guerra e \u201carcolitos\u201d -\",\"isPartOf\":{\"@id\":\"https:\\\/\\\/www.anovapeneira.gal\\\/#website\"},\"primaryImageOfPage\":{\"@id\":\"https:\\\/\\\/www.anovapeneira.gal\\\/index.php\\\/2025\\\/04\\\/07\\\/guerra-e-arcolitos\\\/#primaryimage\"},\"image\":{\"@id\":\"https:\\\/\\\/www.anovapeneira.gal\\\/index.php\\\/2025\\\/04\\\/07\\\/guerra-e-arcolitos\\\/#primaryimage\"},\"thumbnailUrl\":\"https:\\\/\\\/www.anovapeneira.gal\\\/wp-content\\\/uploads\\\/2019\\\/07\\\/ARTIGO_DE_OPINION_A_NOVA_PENEIRA.jpg\",\"datePublished\":\"2025-04-07T08:00:41+00:00\",\"breadcrumb\":{\"@id\":\"https:\\\/\\\/www.anovapeneira.gal\\\/index.php\\\/2025\\\/04\\\/07\\\/guerra-e-arcolitos\\\/#breadcrumb\"},\"inLanguage\":\"gl-ES\",\"potentialAction\":[{\"@type\":\"ReadAction\",\"target\":[\"https:\\\/\\\/www.anovapeneira.gal\\\/index.php\\\/2025\\\/04\\\/07\\\/guerra-e-arcolitos\\\/\"]}]},{\"@type\":\"ImageObject\",\"inLanguage\":\"gl-ES\",\"@id\":\"https:\\\/\\\/www.anovapeneira.gal\\\/index.php\\\/2025\\\/04\\\/07\\\/guerra-e-arcolitos\\\/#primaryimage\",\"url\":\"https:\\\/\\\/www.anovapeneira.gal\\\/wp-content\\\/uploads\\\/2019\\\/07\\\/ARTIGO_DE_OPINION_A_NOVA_PENEIRA.jpg\",\"contentUrl\":\"https:\\\/\\\/www.anovapeneira.gal\\\/wp-content\\\/uploads\\\/2019\\\/07\\\/ARTIGO_DE_OPINION_A_NOVA_PENEIRA.jpg\",\"width\":720,\"height\":473,\"caption\":\"Artigo de opini\u00f3n A Nova Peneira\"},{\"@type\":\"BreadcrumbList\",\"@id\":\"https:\\\/\\\/www.anovapeneira.gal\\\/index.php\\\/2025\\\/04\\\/07\\\/guerra-e-arcolitos\\\/#breadcrumb\",\"itemListElement\":[{\"@type\":\"ListItem\",\"position\":1,\"name\":\"Portada\",\"item\":\"https:\\\/\\\/www.anovapeneira.gal\\\/\"},{\"@type\":\"ListItem\",\"position\":2,\"name\":\"Guerra e \u201carcolitos\u201d\"}]},{\"@type\":\"WebSite\",\"@id\":\"https:\\\/\\\/www.anovapeneira.gal\\\/#website\",\"url\":\"https:\\\/\\\/www.anovapeneira.gal\\\/\",\"name\":\"\",\"description\":\"Xornal galego de informaci\u00f3n xeral Publicaci\u00f3n mensual de novas de Galicia e en especial dos Concellos da sur da provincia de Pontevedra.\",\"publisher\":{\"@id\":\"https:\\\/\\\/www.anovapeneira.gal\\\/#organization\"},\"potentialAction\":[{\"@type\":\"SearchAction\",\"target\":{\"@type\":\"EntryPoint\",\"urlTemplate\":\"https:\\\/\\\/www.anovapeneira.gal\\\/?s={search_term_string}\"},\"query-input\":{\"@type\":\"PropertyValueSpecification\",\"valueRequired\":true,\"valueName\":\"search_term_string\"}}],\"inLanguage\":\"gl-ES\"},{\"@type\":\"Organization\",\"@id\":\"https:\\\/\\\/www.anovapeneira.gal\\\/#organization\",\"name\":\"A Nova Peneira\",\"url\":\"https:\\\/\\\/www.anovapeneira.gal\\\/\",\"logo\":{\"@type\":\"ImageObject\",\"inLanguage\":\"gl-ES\",\"@id\":\"https:\\\/\\\/www.anovapeneira.gal\\\/#\\\/schema\\\/logo\\\/image\\\/\",\"url\":\"http:\\\/\\\/www.anovapeneira.gal\\\/wp-content\\\/uploads\\\/2019\\\/06\\\/logo_a_nova_peneira_portal_web.png\",\"contentUrl\":\"http:\\\/\\\/www.anovapeneira.gal\\\/wp-content\\\/uploads\\\/2019\\\/06\\\/logo_a_nova_peneira_portal_web.png\",\"width\":300,\"height\":100,\"caption\":\"A Nova Peneira\"},\"image\":{\"@id\":\"https:\\\/\\\/www.anovapeneira.gal\\\/#\\\/schema\\\/logo\\\/image\\\/\"},\"sameAs\":[\"https:\\\/\\\/www.facebook.com\\\/anovapeneira\",\"https:\\\/\\\/x.com\\\/APeneira\"]},{\"@type\":\"Person\",\"@id\":\"https:\\\/\\\/www.anovapeneira.gal\\\/#\\\/schema\\\/person\\\/c04a9c9f722c9446e71ae434c0353337\",\"name\":\"Pedro M. Cortegoso Gago\",\"image\":{\"@type\":\"ImageObject\",\"inLanguage\":\"gl-ES\",\"@id\":\"https:\\\/\\\/secure.gravatar.com\\\/avatar\\\/1613b27278a972c04db5c2f04fb2cbfa9edb58d6c3e2547817ecb8240eb58381?s=96&d=mm&r=g\",\"url\":\"https:\\\/\\\/secure.gravatar.com\\\/avatar\\\/1613b27278a972c04db5c2f04fb2cbfa9edb58d6c3e2547817ecb8240eb58381?s=96&d=mm&r=g\",\"contentUrl\":\"https:\\\/\\\/secure.gravatar.com\\\/avatar\\\/1613b27278a972c04db5c2f04fb2cbfa9edb58d6c3e2547817ecb8240eb58381?s=96&d=mm&r=g\",\"caption\":\"Pedro M. Cortegoso Gago\"},\"sameAs\":[\"http:\\\/\\\/anovapeneira.gal\"],\"url\":\"https:\\\/\\\/www.anovapeneira.gal\\\/index.php\\\/author\\\/opinionpcortegoso\\\/\"}]}<\/script>\n<!-- \/ Yoast SEO plugin. -->","yoast_head_json":{"title":"Guerra e \u201carcolitos\u201d -","robots":{"index":"index","follow":"follow","max-snippet":"max-snippet:-1","max-image-preview":"max-image-preview:large","max-video-preview":"max-video-preview:-1"},"canonical":"https:\/\/www.anovapeneira.gal\/index.php\/2025\/04\/07\/guerra-e-arcolitos\/","og_locale":"gl_ES","og_type":"article","og_title":"Guerra e \u201carcolitos\u201d -","og_description":"O capitalismo \u00e9 salvaxe, depredador. Necesita depredar os recursos naturais at\u00e9 o l\u00edmite da existencia do planeta, do mesmo xeito que non ten problema en sacrificar miles de persoas en guerras para manter a s\u00faa taxa de ganancia. A guerra \u00e9 necesaria para resetear o capitalismo cando est\u00e1 en crise [...]","og_url":"https:\/\/www.anovapeneira.gal\/index.php\/2025\/04\/07\/guerra-e-arcolitos\/","article_publisher":"https:\/\/www.facebook.com\/anovapeneira","article_published_time":"2025-04-07T08:00:41+00:00","og_image":[{"width":720,"height":473,"url":"https:\/\/www.anovapeneira.gal\/wp-content\/uploads\/2019\/07\/ARTIGO_DE_OPINION_A_NOVA_PENEIRA.jpg","type":"image\/jpeg"}],"author":"Pedro M. Cortegoso Gago","twitter_card":"summary_large_image","twitter_creator":"@APeneira","twitter_site":"@APeneira","twitter_misc":{"Escrito por":"Pedro M. Cortegoso Gago","Tempo de lectura":"4 minutos"},"schema":{"@context":"https:\/\/schema.org","@graph":[{"@type":"Article","@id":"https:\/\/www.anovapeneira.gal\/index.php\/2025\/04\/07\/guerra-e-arcolitos\/#article","isPartOf":{"@id":"https:\/\/www.anovapeneira.gal\/index.php\/2025\/04\/07\/guerra-e-arcolitos\/"},"author":{"name":"Pedro M. Cortegoso Gago","@id":"https:\/\/www.anovapeneira.gal\/#\/schema\/person\/c04a9c9f722c9446e71ae434c0353337"},"headline":"Guerra e \u201carcolitos\u201d","datePublished":"2025-04-07T08:00:41+00:00","mainEntityOfPage":{"@id":"https:\/\/www.anovapeneira.gal\/index.php\/2025\/04\/07\/guerra-e-arcolitos\/"},"wordCount":716,"commentCount":0,"publisher":{"@id":"https:\/\/www.anovapeneira.gal\/#organization"},"image":{"@id":"https:\/\/www.anovapeneira.gal\/index.php\/2025\/04\/07\/guerra-e-arcolitos\/#primaryimage"},"thumbnailUrl":"https:\/\/www.anovapeneira.gal\/wp-content\/uploads\/2019\/07\/ARTIGO_DE_OPINION_A_NOVA_PENEIRA.jpg","articleSection":["Artigos de opini\u00f3n"],"inLanguage":"gl-ES","potentialAction":[{"@type":"CommentAction","name":"Comment","target":["https:\/\/www.anovapeneira.gal\/index.php\/2025\/04\/07\/guerra-e-arcolitos\/#respond"]}]},{"@type":"WebPage","@id":"https:\/\/www.anovapeneira.gal\/index.php\/2025\/04\/07\/guerra-e-arcolitos\/","url":"https:\/\/www.anovapeneira.gal\/index.php\/2025\/04\/07\/guerra-e-arcolitos\/","name":"Guerra e \u201carcolitos\u201d -","isPartOf":{"@id":"https:\/\/www.anovapeneira.gal\/#website"},"primaryImageOfPage":{"@id":"https:\/\/www.anovapeneira.gal\/index.php\/2025\/04\/07\/guerra-e-arcolitos\/#primaryimage"},"image":{"@id":"https:\/\/www.anovapeneira.gal\/index.php\/2025\/04\/07\/guerra-e-arcolitos\/#primaryimage"},"thumbnailUrl":"https:\/\/www.anovapeneira.gal\/wp-content\/uploads\/2019\/07\/ARTIGO_DE_OPINION_A_NOVA_PENEIRA.jpg","datePublished":"2025-04-07T08:00:41+00:00","breadcrumb":{"@id":"https:\/\/www.anovapeneira.gal\/index.php\/2025\/04\/07\/guerra-e-arcolitos\/#breadcrumb"},"inLanguage":"gl-ES","potentialAction":[{"@type":"ReadAction","target":["https:\/\/www.anovapeneira.gal\/index.php\/2025\/04\/07\/guerra-e-arcolitos\/"]}]},{"@type":"ImageObject","inLanguage":"gl-ES","@id":"https:\/\/www.anovapeneira.gal\/index.php\/2025\/04\/07\/guerra-e-arcolitos\/#primaryimage","url":"https:\/\/www.anovapeneira.gal\/wp-content\/uploads\/2019\/07\/ARTIGO_DE_OPINION_A_NOVA_PENEIRA.jpg","contentUrl":"https:\/\/www.anovapeneira.gal\/wp-content\/uploads\/2019\/07\/ARTIGO_DE_OPINION_A_NOVA_PENEIRA.jpg","width":720,"height":473,"caption":"Artigo de opini\u00f3n A Nova Peneira"},{"@type":"BreadcrumbList","@id":"https:\/\/www.anovapeneira.gal\/index.php\/2025\/04\/07\/guerra-e-arcolitos\/#breadcrumb","itemListElement":[{"@type":"ListItem","position":1,"name":"Portada","item":"https:\/\/www.anovapeneira.gal\/"},{"@type":"ListItem","position":2,"name":"Guerra e \u201carcolitos\u201d"}]},{"@type":"WebSite","@id":"https:\/\/www.anovapeneira.gal\/#website","url":"https:\/\/www.anovapeneira.gal\/","name":"","description":"Xornal galego de informaci\u00f3n xeral Publicaci\u00f3n mensual de novas de Galicia e en especial dos Concellos da sur da provincia de Pontevedra.","publisher":{"@id":"https:\/\/www.anovapeneira.gal\/#organization"},"potentialAction":[{"@type":"SearchAction","target":{"@type":"EntryPoint","urlTemplate":"https:\/\/www.anovapeneira.gal\/?s={search_term_string}"},"query-input":{"@type":"PropertyValueSpecification","valueRequired":true,"valueName":"search_term_string"}}],"inLanguage":"gl-ES"},{"@type":"Organization","@id":"https:\/\/www.anovapeneira.gal\/#organization","name":"A Nova Peneira","url":"https:\/\/www.anovapeneira.gal\/","logo":{"@type":"ImageObject","inLanguage":"gl-ES","@id":"https:\/\/www.anovapeneira.gal\/#\/schema\/logo\/image\/","url":"http:\/\/www.anovapeneira.gal\/wp-content\/uploads\/2019\/06\/logo_a_nova_peneira_portal_web.png","contentUrl":"http:\/\/www.anovapeneira.gal\/wp-content\/uploads\/2019\/06\/logo_a_nova_peneira_portal_web.png","width":300,"height":100,"caption":"A Nova Peneira"},"image":{"@id":"https:\/\/www.anovapeneira.gal\/#\/schema\/logo\/image\/"},"sameAs":["https:\/\/www.facebook.com\/anovapeneira","https:\/\/x.com\/APeneira"]},{"@type":"Person","@id":"https:\/\/www.anovapeneira.gal\/#\/schema\/person\/c04a9c9f722c9446e71ae434c0353337","name":"Pedro M. Cortegoso Gago","image":{"@type":"ImageObject","inLanguage":"gl-ES","@id":"https:\/\/secure.gravatar.com\/avatar\/1613b27278a972c04db5c2f04fb2cbfa9edb58d6c3e2547817ecb8240eb58381?s=96&d=mm&r=g","url":"https:\/\/secure.gravatar.com\/avatar\/1613b27278a972c04db5c2f04fb2cbfa9edb58d6c3e2547817ecb8240eb58381?s=96&d=mm&r=g","contentUrl":"https:\/\/secure.gravatar.com\/avatar\/1613b27278a972c04db5c2f04fb2cbfa9edb58d6c3e2547817ecb8240eb58381?s=96&d=mm&r=g","caption":"Pedro M. Cortegoso Gago"},"sameAs":["http:\/\/anovapeneira.gal"],"url":"https:\/\/www.anovapeneira.gal\/index.php\/author\/opinionpcortegoso\/"}]}},"jetpack_featured_media_url":"https:\/\/www.anovapeneira.gal\/wp-content\/uploads\/2019\/07\/ARTIGO_DE_OPINION_A_NOVA_PENEIRA.jpg","_links":{"self":[{"href":"https:\/\/www.anovapeneira.gal\/index.php\/wp-json\/wp\/v2\/posts\/13645","targetHints":{"allow":["GET"]}}],"collection":[{"href":"https:\/\/www.anovapeneira.gal\/index.php\/wp-json\/wp\/v2\/posts"}],"about":[{"href":"https:\/\/www.anovapeneira.gal\/index.php\/wp-json\/wp\/v2\/types\/post"}],"author":[{"embeddable":true,"href":"https:\/\/www.anovapeneira.gal\/index.php\/wp-json\/wp\/v2\/users\/4"}],"replies":[{"embeddable":true,"href":"https:\/\/www.anovapeneira.gal\/index.php\/wp-json\/wp\/v2\/comments?post=13645"}],"version-history":[{"count":1,"href":"https:\/\/www.anovapeneira.gal\/index.php\/wp-json\/wp\/v2\/posts\/13645\/revisions"}],"predecessor-version":[{"id":13646,"href":"https:\/\/www.anovapeneira.gal\/index.php\/wp-json\/wp\/v2\/posts\/13645\/revisions\/13646"}],"wp:featuredmedia":[{"embeddable":true,"href":"https:\/\/www.anovapeneira.gal\/index.php\/wp-json\/wp\/v2\/media\/584"}],"wp:attachment":[{"href":"https:\/\/www.anovapeneira.gal\/index.php\/wp-json\/wp\/v2\/media?parent=13645"}],"wp:term":[{"taxonomy":"category","embeddable":true,"href":"https:\/\/www.anovapeneira.gal\/index.php\/wp-json\/wp\/v2\/categories?post=13645"},{"taxonomy":"post_tag","embeddable":true,"href":"https:\/\/www.anovapeneira.gal\/index.php\/wp-json\/wp\/v2\/tags?post=13645"}],"curies":[{"name":"wp","href":"https:\/\/api.w.org\/{rel}","templated":true}]}}