{"id":13647,"date":"2025-04-07T12:00:50","date_gmt":"2025-04-07T10:00:50","guid":{"rendered":"https:\/\/www.anovapeneira.gal\/?p=13647"},"modified":"2025-04-05T11:01:09","modified_gmt":"2025-04-05T09:01:09","slug":"que-farias-ti-nun-ataque-preventivo-da-urss","status":"publish","type":"post","link":"https:\/\/www.anovapeneira.gal\/index.php\/2025\/04\/07\/que-farias-ti-nun-ataque-preventivo-da-urss\/","title":{"rendered":"Que far\u00edas ti nun ataque preventivo da URSS?"},"content":{"rendered":"\n<figure class=\"wp-block-image size-full is-resized\"><img loading=\"lazy\" decoding=\"async\" width=\"190\" height=\"222\" src=\"https:\/\/www.anovapeneira.gal\/wp-content\/uploads\/2020\/03\/mestre_ceip_salvaterra_a_nova_peneira.jpg\" alt=\"Xo\u00e1n Carlos Caballero\" class=\"wp-image-2693\" style=\"width:98px;height:auto\"\/><figcaption class=\"wp-element-caption\">Xo\u00e1n Carlos Caballero\n&#8211; Mestre no CEIP de Salvaterra<\/figcaption><\/figure>\n\n\n\n<p>Que Rusia atacar\u00eda Ucra\u00edna xa o predixo na d\u00e9cada dos oitenta Polansky y El Ardor na canci\u00f3n que ten o mesmo t\u00edtulo que este artigo. O verso \u201cNo, no, no, no, no tengo novia y no me mola el Pacto de Varsovia\u201d \u00e9 unha clara alusi\u00f3n ao abandono dunha Europa que se lamenta da soidade na que se atopa trala infidelidade da s\u00faa moza americana, que para m\u00e1is escarnio decidiu comezar unha nova relaci\u00f3n con Rusia, a s\u00faa peor inimiga e art\u00edfice do Pacto de Varsovia.<\/p>\n\n\n\n<p>Europa, desconcertada pola ruptura da s\u00faa parella, coa que xa cumprira as vodas de ouro hai tempo, acaba de aconsellar, para asegurar a vida dos seus cidad\u00e1ns, a compra dun kit para sobrevivir tres d\u00edas en caso de que se desate un conflito armado. O tempo que nos dan para conseguir os utensilios vannos aproveitar eles para pensar nas medidas de m\u00e1is calado.<\/p>\n\n\n\n<p>O medio elixido para difundir a recomendaci\u00f3n foi a gravaci\u00f3n dun v\u00eddeo, protagonizado pola comisaria europea de emerxencias, que non sabes exactamente si da medo ou risa, ou as d\u00faas cousas \u00e1 vez. A pouca capacidade de atenci\u00f3n de que dispo\u00f1o activouse de inmediato e tratei de memorizar cada un dos obxectos que debemos adquirir si queremos estar a salvo. A continuaci\u00f3n, pensei no frigor\u00edfico, que leva un ano baleiro para evitar atrac\u00f3ns nocturnos debido a un trastorno alimentario provocado por ansiedade xeneralizada. A verdade \u00e9 que agora te\u00f1o un tipazo, todo hai que dicilo.<\/p>\n\n\n\n<p>Para mi\u00f1a sorpresa, na casa te\u00f1o o cen por cen de todo o que se recomenda comprar e imaxino que a gran maior\u00eda dos domicilios europeos estar\u00e1n na mi\u00f1a situaci\u00f3n.<\/p>\n\n\n\n<p>Botei de menos que a comisaria non nos aconsellara un manual de instruci\u00f3ns para utilizar o kit de forma correcta. Na s\u00faa alocuci\u00f3n, deber\u00eda informarnos de que non \u00e9 aconsellable utilizalo ata o cuarto d\u00eda, xa que un ser humano pode sobrevivir m\u00e1is de 72 horas sen beber e sen comer. Un conflito b\u00e9lico \u00e9 raro que dure tres d\u00edas e si temos a sorte de que iso aconteza, sairiamos do refuxio con vida e o kit sen estrear.<\/p>\n\n\n\n<p>Os problemas comezar\u00edan a partir do d\u00eda tres pero sobre este aspecto a UE informou de forma imprecisa, xa que comezar a utilizalo dende o principio por\u00eda en risco a vida das persoas. Non se fai alusi\u00f3n tampouco a orde de utilizaci\u00f3n de cada un dos compo\u00f1entes, que \u00e9 de vital importancia. O manual de usuario ter\u00eda que indicar que o \u00fanico material que se pode utilizar os primeiros tres d\u00edas \u00e9 a baralla de cartas. Un tute, unha brisca, un cinquillo ou un chinch\u00f3n son xogos sinxelos nos que toda a familia pode participar e as\u00ed evitar pensar na fame e na sede. Si nos aburrimos das cartas, podemos aproveitar a funci\u00f3n 16 da navalla su\u00edza para xogar aos dardos. A auga, comezala a beber non antes do cuarto d\u00eda. Como medida de aforro aproveitar asociar a inxesta de auga coa toma da medicaci\u00f3n. Nunca facelo por separado. Economizar o l\u00edquido elemento \u00e9 fundamental. Sen comer podemos pasar ata dous meses, pero eu recomendar\u00eda comezar a partires do s\u00e9timo d\u00eda, tendo sempre en conta as reservas enerx\u00e9ticas que te\u00f1a cada individuo. As persoas co IMC (\u00cdndice de masa corporal) m\u00e1is alto ter\u00edan que facer un esforzo e comezar a partires do d\u00eda 10. Por este motivo, entre os obxectos recomendados deber\u00eda estar unha b\u00e1scula que calculase o IMC.<\/p>\n\n\n\n<p>A radio conectala para estar ao tanto de como vai a guerra. Fixarse si as pilas son alcalinas, tipo Duracell plus ou Energizer. Si son do Froiz ou de calquera outra marca branca, conectar o transistor e a lanterna o m\u00ednimo posible.<\/p>\n\n\n\n<p>O v\u00eddeo da UE non d\u00e1 toda a informaci\u00f3n que deber\u00eda ante unha situaci\u00f3n, que ao parecer \u00e9 de perigo extremo. O que si hai que reco\u00f1ecerlle \u00e1 comisaria \u00e9, que a inclusi\u00f3n da navalla su\u00edza no kit \u00e9 todo un acerto. Tanto che vale para descorchar un botella de vi\u00f1o en caso de vitoria, como para degolar a un moscovita ou como para facerse as u\u00f1as. En concreto, as funci\u00f3ns 9, 11 e 17.<\/p>\n","protected":false},"excerpt":{"rendered":"<div class=\"mh-excerpt\"><p>Que Rusia atacar\u00eda Ucra\u00edna xa o predixo na d\u00e9cada dos oitenta Polansky y El Ardor na canci\u00f3n que ten o mesmo t\u00edtulo que este artigo <a class=\"mh-excerpt-more\" href=\"https:\/\/www.anovapeneira.gal\/index.php\/2025\/04\/07\/que-farias-ti-nun-ataque-preventivo-da-urss\/\" title=\"Que far\u00edas ti nun ataque preventivo da URSS?\">[&#8230;]<\/a><\/p>\n<\/div>","protected":false},"author":22,"featured_media":584,"comment_status":"open","ping_status":"open","sticky":false,"template":"","format":"standard","meta":{"_exactmetrics_skip_tracking":false,"_exactmetrics_sitenote_active":false,"_exactmetrics_sitenote_note":"","_exactmetrics_sitenote_category":0,"footnotes":""},"categories":[7],"tags":[],"class_list":{"0":"post-13647","1":"post","2":"type-post","3":"status-publish","4":"format-standard","5":"has-post-thumbnail","7":"category-artigos-de-opinion"},"yoast_head":"<!-- This site is optimized with the Yoast SEO plugin v27.4 - https:\/\/yoast.com\/product\/yoast-seo-wordpress\/ -->\n<title>Que far\u00edas ti nun ataque preventivo da URSS? -<\/title>\n<meta name=\"robots\" content=\"index, follow, max-snippet:-1, max-image-preview:large, max-video-preview:-1\" \/>\n<link rel=\"canonical\" href=\"https:\/\/www.anovapeneira.gal\/index.php\/2025\/04\/07\/que-farias-ti-nun-ataque-preventivo-da-urss\/\" \/>\n<meta property=\"og:locale\" content=\"gl_ES\" \/>\n<meta property=\"og:type\" content=\"article\" \/>\n<meta property=\"og:title\" content=\"Que far\u00edas ti nun ataque preventivo da URSS? -\" \/>\n<meta property=\"og:description\" content=\"Que Rusia atacar\u00eda Ucra\u00edna xa o predixo na d\u00e9cada dos oitenta Polansky y El Ardor na canci\u00f3n que ten o mesmo t\u00edtulo que este artigo [...]\" \/>\n<meta property=\"og:url\" content=\"https:\/\/www.anovapeneira.gal\/index.php\/2025\/04\/07\/que-farias-ti-nun-ataque-preventivo-da-urss\/\" \/>\n<meta property=\"article:publisher\" content=\"https:\/\/www.facebook.com\/anovapeneira\" \/>\n<meta property=\"article:published_time\" content=\"2025-04-07T10:00:50+00:00\" \/>\n<meta property=\"og:image\" content=\"https:\/\/www.anovapeneira.gal\/wp-content\/uploads\/2019\/07\/ARTIGO_DE_OPINION_A_NOVA_PENEIRA.jpg\" \/>\n\t<meta property=\"og:image:width\" content=\"720\" \/>\n\t<meta property=\"og:image:height\" content=\"473\" \/>\n\t<meta property=\"og:image:type\" content=\"image\/jpeg\" \/>\n<meta name=\"author\" content=\"Xo\u00e1n Carlos Caballero\" \/>\n<meta name=\"twitter:card\" content=\"summary_large_image\" \/>\n<meta name=\"twitter:creator\" content=\"@APeneira\" \/>\n<meta name=\"twitter:site\" content=\"@APeneira\" \/>\n<meta name=\"twitter:label1\" content=\"Escrito por\" \/>\n\t<meta name=\"twitter:data1\" content=\"Xo\u00e1n Carlos Caballero\" \/>\n\t<meta name=\"twitter:label2\" content=\"Tempo de lectura\" \/>\n\t<meta name=\"twitter:data2\" content=\"5 minutos\" \/>\n<script type=\"application\/ld+json\" class=\"yoast-schema-graph\">{\"@context\":\"https:\\\/\\\/schema.org\",\"@graph\":[{\"@type\":\"Article\",\"@id\":\"https:\\\/\\\/www.anovapeneira.gal\\\/index.php\\\/2025\\\/04\\\/07\\\/que-farias-ti-nun-ataque-preventivo-da-urss\\\/#article\",\"isPartOf\":{\"@id\":\"https:\\\/\\\/www.anovapeneira.gal\\\/index.php\\\/2025\\\/04\\\/07\\\/que-farias-ti-nun-ataque-preventivo-da-urss\\\/\"},\"author\":{\"name\":\"Xo\u00e1n Carlos Caballero\",\"@id\":\"https:\\\/\\\/www.anovapeneira.gal\\\/#\\\/schema\\\/person\\\/1b50ea4c70279e2639668c02bf1674e5\"},\"headline\":\"Que far\u00edas ti nun ataque preventivo da URSS?\",\"datePublished\":\"2025-04-07T10:00:50+00:00\",\"mainEntityOfPage\":{\"@id\":\"https:\\\/\\\/www.anovapeneira.gal\\\/index.php\\\/2025\\\/04\\\/07\\\/que-farias-ti-nun-ataque-preventivo-da-urss\\\/\"},\"wordCount\":764,\"commentCount\":0,\"publisher\":{\"@id\":\"https:\\\/\\\/www.anovapeneira.gal\\\/#organization\"},\"image\":{\"@id\":\"https:\\\/\\\/www.anovapeneira.gal\\\/index.php\\\/2025\\\/04\\\/07\\\/que-farias-ti-nun-ataque-preventivo-da-urss\\\/#primaryimage\"},\"thumbnailUrl\":\"https:\\\/\\\/www.anovapeneira.gal\\\/wp-content\\\/uploads\\\/2019\\\/07\\\/ARTIGO_DE_OPINION_A_NOVA_PENEIRA.jpg\",\"articleSection\":[\"Artigos de opini\u00f3n\"],\"inLanguage\":\"gl-ES\",\"potentialAction\":[{\"@type\":\"CommentAction\",\"name\":\"Comment\",\"target\":[\"https:\\\/\\\/www.anovapeneira.gal\\\/index.php\\\/2025\\\/04\\\/07\\\/que-farias-ti-nun-ataque-preventivo-da-urss\\\/#respond\"]}]},{\"@type\":\"WebPage\",\"@id\":\"https:\\\/\\\/www.anovapeneira.gal\\\/index.php\\\/2025\\\/04\\\/07\\\/que-farias-ti-nun-ataque-preventivo-da-urss\\\/\",\"url\":\"https:\\\/\\\/www.anovapeneira.gal\\\/index.php\\\/2025\\\/04\\\/07\\\/que-farias-ti-nun-ataque-preventivo-da-urss\\\/\",\"name\":\"Que far\u00edas ti nun ataque preventivo da URSS? -\",\"isPartOf\":{\"@id\":\"https:\\\/\\\/www.anovapeneira.gal\\\/#website\"},\"primaryImageOfPage\":{\"@id\":\"https:\\\/\\\/www.anovapeneira.gal\\\/index.php\\\/2025\\\/04\\\/07\\\/que-farias-ti-nun-ataque-preventivo-da-urss\\\/#primaryimage\"},\"image\":{\"@id\":\"https:\\\/\\\/www.anovapeneira.gal\\\/index.php\\\/2025\\\/04\\\/07\\\/que-farias-ti-nun-ataque-preventivo-da-urss\\\/#primaryimage\"},\"thumbnailUrl\":\"https:\\\/\\\/www.anovapeneira.gal\\\/wp-content\\\/uploads\\\/2019\\\/07\\\/ARTIGO_DE_OPINION_A_NOVA_PENEIRA.jpg\",\"datePublished\":\"2025-04-07T10:00:50+00:00\",\"breadcrumb\":{\"@id\":\"https:\\\/\\\/www.anovapeneira.gal\\\/index.php\\\/2025\\\/04\\\/07\\\/que-farias-ti-nun-ataque-preventivo-da-urss\\\/#breadcrumb\"},\"inLanguage\":\"gl-ES\",\"potentialAction\":[{\"@type\":\"ReadAction\",\"target\":[\"https:\\\/\\\/www.anovapeneira.gal\\\/index.php\\\/2025\\\/04\\\/07\\\/que-farias-ti-nun-ataque-preventivo-da-urss\\\/\"]}]},{\"@type\":\"ImageObject\",\"inLanguage\":\"gl-ES\",\"@id\":\"https:\\\/\\\/www.anovapeneira.gal\\\/index.php\\\/2025\\\/04\\\/07\\\/que-farias-ti-nun-ataque-preventivo-da-urss\\\/#primaryimage\",\"url\":\"https:\\\/\\\/www.anovapeneira.gal\\\/wp-content\\\/uploads\\\/2019\\\/07\\\/ARTIGO_DE_OPINION_A_NOVA_PENEIRA.jpg\",\"contentUrl\":\"https:\\\/\\\/www.anovapeneira.gal\\\/wp-content\\\/uploads\\\/2019\\\/07\\\/ARTIGO_DE_OPINION_A_NOVA_PENEIRA.jpg\",\"width\":720,\"height\":473,\"caption\":\"Artigo de opini\u00f3n A Nova Peneira\"},{\"@type\":\"BreadcrumbList\",\"@id\":\"https:\\\/\\\/www.anovapeneira.gal\\\/index.php\\\/2025\\\/04\\\/07\\\/que-farias-ti-nun-ataque-preventivo-da-urss\\\/#breadcrumb\",\"itemListElement\":[{\"@type\":\"ListItem\",\"position\":1,\"name\":\"Portada\",\"item\":\"https:\\\/\\\/www.anovapeneira.gal\\\/\"},{\"@type\":\"ListItem\",\"position\":2,\"name\":\"Que far\u00edas ti nun ataque preventivo da URSS?\"}]},{\"@type\":\"WebSite\",\"@id\":\"https:\\\/\\\/www.anovapeneira.gal\\\/#website\",\"url\":\"https:\\\/\\\/www.anovapeneira.gal\\\/\",\"name\":\"\",\"description\":\"Xornal galego de informaci\u00f3n xeral Publicaci\u00f3n mensual de novas de Galicia e en especial dos Concellos da sur da provincia de Pontevedra.\",\"publisher\":{\"@id\":\"https:\\\/\\\/www.anovapeneira.gal\\\/#organization\"},\"potentialAction\":[{\"@type\":\"SearchAction\",\"target\":{\"@type\":\"EntryPoint\",\"urlTemplate\":\"https:\\\/\\\/www.anovapeneira.gal\\\/?s={search_term_string}\"},\"query-input\":{\"@type\":\"PropertyValueSpecification\",\"valueRequired\":true,\"valueName\":\"search_term_string\"}}],\"inLanguage\":\"gl-ES\"},{\"@type\":\"Organization\",\"@id\":\"https:\\\/\\\/www.anovapeneira.gal\\\/#organization\",\"name\":\"A Nova Peneira\",\"url\":\"https:\\\/\\\/www.anovapeneira.gal\\\/\",\"logo\":{\"@type\":\"ImageObject\",\"inLanguage\":\"gl-ES\",\"@id\":\"https:\\\/\\\/www.anovapeneira.gal\\\/#\\\/schema\\\/logo\\\/image\\\/\",\"url\":\"http:\\\/\\\/www.anovapeneira.gal\\\/wp-content\\\/uploads\\\/2019\\\/06\\\/logo_a_nova_peneira_portal_web.png\",\"contentUrl\":\"http:\\\/\\\/www.anovapeneira.gal\\\/wp-content\\\/uploads\\\/2019\\\/06\\\/logo_a_nova_peneira_portal_web.png\",\"width\":300,\"height\":100,\"caption\":\"A Nova Peneira\"},\"image\":{\"@id\":\"https:\\\/\\\/www.anovapeneira.gal\\\/#\\\/schema\\\/logo\\\/image\\\/\"},\"sameAs\":[\"https:\\\/\\\/www.facebook.com\\\/anovapeneira\",\"https:\\\/\\\/x.com\\\/APeneira\"]},{\"@type\":\"Person\",\"@id\":\"https:\\\/\\\/www.anovapeneira.gal\\\/#\\\/schema\\\/person\\\/1b50ea4c70279e2639668c02bf1674e5\",\"name\":\"Xo\u00e1n Carlos Caballero\",\"image\":{\"@type\":\"ImageObject\",\"inLanguage\":\"gl-ES\",\"@id\":\"https:\\\/\\\/secure.gravatar.com\\\/avatar\\\/3527a74f68662d57f3183bf223473824f80a9c34a28b750bb59badaf22fb2f38?s=96&d=mm&r=g\",\"url\":\"https:\\\/\\\/secure.gravatar.com\\\/avatar\\\/3527a74f68662d57f3183bf223473824f80a9c34a28b750bb59badaf22fb2f38?s=96&d=mm&r=g\",\"contentUrl\":\"https:\\\/\\\/secure.gravatar.com\\\/avatar\\\/3527a74f68662d57f3183bf223473824f80a9c34a28b750bb59badaf22fb2f38?s=96&d=mm&r=g\",\"caption\":\"Xo\u00e1n Carlos Caballero\"},\"sameAs\":[\"http:\\\/\\\/anovapeneira.gal\"],\"url\":\"https:\\\/\\\/www.anovapeneira.gal\\\/index.php\\\/author\\\/xoan-carlos-caballero\\\/\"}]}<\/script>\n<!-- \/ Yoast SEO plugin. -->","yoast_head_json":{"title":"Que far\u00edas ti nun ataque preventivo da URSS? -","robots":{"index":"index","follow":"follow","max-snippet":"max-snippet:-1","max-image-preview":"max-image-preview:large","max-video-preview":"max-video-preview:-1"},"canonical":"https:\/\/www.anovapeneira.gal\/index.php\/2025\/04\/07\/que-farias-ti-nun-ataque-preventivo-da-urss\/","og_locale":"gl_ES","og_type":"article","og_title":"Que far\u00edas ti nun ataque preventivo da URSS? -","og_description":"Que Rusia atacar\u00eda Ucra\u00edna xa o predixo na d\u00e9cada dos oitenta Polansky y El Ardor na canci\u00f3n que ten o mesmo t\u00edtulo que este artigo [...]","og_url":"https:\/\/www.anovapeneira.gal\/index.php\/2025\/04\/07\/que-farias-ti-nun-ataque-preventivo-da-urss\/","article_publisher":"https:\/\/www.facebook.com\/anovapeneira","article_published_time":"2025-04-07T10:00:50+00:00","og_image":[{"width":720,"height":473,"url":"https:\/\/www.anovapeneira.gal\/wp-content\/uploads\/2019\/07\/ARTIGO_DE_OPINION_A_NOVA_PENEIRA.jpg","type":"image\/jpeg"}],"author":"Xo\u00e1n Carlos Caballero","twitter_card":"summary_large_image","twitter_creator":"@APeneira","twitter_site":"@APeneira","twitter_misc":{"Escrito por":"Xo\u00e1n Carlos Caballero","Tempo de lectura":"5 minutos"},"schema":{"@context":"https:\/\/schema.org","@graph":[{"@type":"Article","@id":"https:\/\/www.anovapeneira.gal\/index.php\/2025\/04\/07\/que-farias-ti-nun-ataque-preventivo-da-urss\/#article","isPartOf":{"@id":"https:\/\/www.anovapeneira.gal\/index.php\/2025\/04\/07\/que-farias-ti-nun-ataque-preventivo-da-urss\/"},"author":{"name":"Xo\u00e1n Carlos Caballero","@id":"https:\/\/www.anovapeneira.gal\/#\/schema\/person\/1b50ea4c70279e2639668c02bf1674e5"},"headline":"Que far\u00edas ti nun ataque preventivo da URSS?","datePublished":"2025-04-07T10:00:50+00:00","mainEntityOfPage":{"@id":"https:\/\/www.anovapeneira.gal\/index.php\/2025\/04\/07\/que-farias-ti-nun-ataque-preventivo-da-urss\/"},"wordCount":764,"commentCount":0,"publisher":{"@id":"https:\/\/www.anovapeneira.gal\/#organization"},"image":{"@id":"https:\/\/www.anovapeneira.gal\/index.php\/2025\/04\/07\/que-farias-ti-nun-ataque-preventivo-da-urss\/#primaryimage"},"thumbnailUrl":"https:\/\/www.anovapeneira.gal\/wp-content\/uploads\/2019\/07\/ARTIGO_DE_OPINION_A_NOVA_PENEIRA.jpg","articleSection":["Artigos de opini\u00f3n"],"inLanguage":"gl-ES","potentialAction":[{"@type":"CommentAction","name":"Comment","target":["https:\/\/www.anovapeneira.gal\/index.php\/2025\/04\/07\/que-farias-ti-nun-ataque-preventivo-da-urss\/#respond"]}]},{"@type":"WebPage","@id":"https:\/\/www.anovapeneira.gal\/index.php\/2025\/04\/07\/que-farias-ti-nun-ataque-preventivo-da-urss\/","url":"https:\/\/www.anovapeneira.gal\/index.php\/2025\/04\/07\/que-farias-ti-nun-ataque-preventivo-da-urss\/","name":"Que far\u00edas ti nun ataque preventivo da URSS? -","isPartOf":{"@id":"https:\/\/www.anovapeneira.gal\/#website"},"primaryImageOfPage":{"@id":"https:\/\/www.anovapeneira.gal\/index.php\/2025\/04\/07\/que-farias-ti-nun-ataque-preventivo-da-urss\/#primaryimage"},"image":{"@id":"https:\/\/www.anovapeneira.gal\/index.php\/2025\/04\/07\/que-farias-ti-nun-ataque-preventivo-da-urss\/#primaryimage"},"thumbnailUrl":"https:\/\/www.anovapeneira.gal\/wp-content\/uploads\/2019\/07\/ARTIGO_DE_OPINION_A_NOVA_PENEIRA.jpg","datePublished":"2025-04-07T10:00:50+00:00","breadcrumb":{"@id":"https:\/\/www.anovapeneira.gal\/index.php\/2025\/04\/07\/que-farias-ti-nun-ataque-preventivo-da-urss\/#breadcrumb"},"inLanguage":"gl-ES","potentialAction":[{"@type":"ReadAction","target":["https:\/\/www.anovapeneira.gal\/index.php\/2025\/04\/07\/que-farias-ti-nun-ataque-preventivo-da-urss\/"]}]},{"@type":"ImageObject","inLanguage":"gl-ES","@id":"https:\/\/www.anovapeneira.gal\/index.php\/2025\/04\/07\/que-farias-ti-nun-ataque-preventivo-da-urss\/#primaryimage","url":"https:\/\/www.anovapeneira.gal\/wp-content\/uploads\/2019\/07\/ARTIGO_DE_OPINION_A_NOVA_PENEIRA.jpg","contentUrl":"https:\/\/www.anovapeneira.gal\/wp-content\/uploads\/2019\/07\/ARTIGO_DE_OPINION_A_NOVA_PENEIRA.jpg","width":720,"height":473,"caption":"Artigo de opini\u00f3n A Nova Peneira"},{"@type":"BreadcrumbList","@id":"https:\/\/www.anovapeneira.gal\/index.php\/2025\/04\/07\/que-farias-ti-nun-ataque-preventivo-da-urss\/#breadcrumb","itemListElement":[{"@type":"ListItem","position":1,"name":"Portada","item":"https:\/\/www.anovapeneira.gal\/"},{"@type":"ListItem","position":2,"name":"Que far\u00edas ti nun ataque preventivo da URSS?"}]},{"@type":"WebSite","@id":"https:\/\/www.anovapeneira.gal\/#website","url":"https:\/\/www.anovapeneira.gal\/","name":"","description":"Xornal galego de informaci\u00f3n xeral Publicaci\u00f3n mensual de novas de Galicia e en especial dos Concellos da sur da provincia de Pontevedra.","publisher":{"@id":"https:\/\/www.anovapeneira.gal\/#organization"},"potentialAction":[{"@type":"SearchAction","target":{"@type":"EntryPoint","urlTemplate":"https:\/\/www.anovapeneira.gal\/?s={search_term_string}"},"query-input":{"@type":"PropertyValueSpecification","valueRequired":true,"valueName":"search_term_string"}}],"inLanguage":"gl-ES"},{"@type":"Organization","@id":"https:\/\/www.anovapeneira.gal\/#organization","name":"A Nova Peneira","url":"https:\/\/www.anovapeneira.gal\/","logo":{"@type":"ImageObject","inLanguage":"gl-ES","@id":"https:\/\/www.anovapeneira.gal\/#\/schema\/logo\/image\/","url":"http:\/\/www.anovapeneira.gal\/wp-content\/uploads\/2019\/06\/logo_a_nova_peneira_portal_web.png","contentUrl":"http:\/\/www.anovapeneira.gal\/wp-content\/uploads\/2019\/06\/logo_a_nova_peneira_portal_web.png","width":300,"height":100,"caption":"A Nova Peneira"},"image":{"@id":"https:\/\/www.anovapeneira.gal\/#\/schema\/logo\/image\/"},"sameAs":["https:\/\/www.facebook.com\/anovapeneira","https:\/\/x.com\/APeneira"]},{"@type":"Person","@id":"https:\/\/www.anovapeneira.gal\/#\/schema\/person\/1b50ea4c70279e2639668c02bf1674e5","name":"Xo\u00e1n Carlos Caballero","image":{"@type":"ImageObject","inLanguage":"gl-ES","@id":"https:\/\/secure.gravatar.com\/avatar\/3527a74f68662d57f3183bf223473824f80a9c34a28b750bb59badaf22fb2f38?s=96&d=mm&r=g","url":"https:\/\/secure.gravatar.com\/avatar\/3527a74f68662d57f3183bf223473824f80a9c34a28b750bb59badaf22fb2f38?s=96&d=mm&r=g","contentUrl":"https:\/\/secure.gravatar.com\/avatar\/3527a74f68662d57f3183bf223473824f80a9c34a28b750bb59badaf22fb2f38?s=96&d=mm&r=g","caption":"Xo\u00e1n Carlos Caballero"},"sameAs":["http:\/\/anovapeneira.gal"],"url":"https:\/\/www.anovapeneira.gal\/index.php\/author\/xoan-carlos-caballero\/"}]}},"jetpack_featured_media_url":"https:\/\/www.anovapeneira.gal\/wp-content\/uploads\/2019\/07\/ARTIGO_DE_OPINION_A_NOVA_PENEIRA.jpg","_links":{"self":[{"href":"https:\/\/www.anovapeneira.gal\/index.php\/wp-json\/wp\/v2\/posts\/13647","targetHints":{"allow":["GET"]}}],"collection":[{"href":"https:\/\/www.anovapeneira.gal\/index.php\/wp-json\/wp\/v2\/posts"}],"about":[{"href":"https:\/\/www.anovapeneira.gal\/index.php\/wp-json\/wp\/v2\/types\/post"}],"author":[{"embeddable":true,"href":"https:\/\/www.anovapeneira.gal\/index.php\/wp-json\/wp\/v2\/users\/22"}],"replies":[{"embeddable":true,"href":"https:\/\/www.anovapeneira.gal\/index.php\/wp-json\/wp\/v2\/comments?post=13647"}],"version-history":[{"count":1,"href":"https:\/\/www.anovapeneira.gal\/index.php\/wp-json\/wp\/v2\/posts\/13647\/revisions"}],"predecessor-version":[{"id":13648,"href":"https:\/\/www.anovapeneira.gal\/index.php\/wp-json\/wp\/v2\/posts\/13647\/revisions\/13648"}],"wp:featuredmedia":[{"embeddable":true,"href":"https:\/\/www.anovapeneira.gal\/index.php\/wp-json\/wp\/v2\/media\/584"}],"wp:attachment":[{"href":"https:\/\/www.anovapeneira.gal\/index.php\/wp-json\/wp\/v2\/media?parent=13647"}],"wp:term":[{"taxonomy":"category","embeddable":true,"href":"https:\/\/www.anovapeneira.gal\/index.php\/wp-json\/wp\/v2\/categories?post=13647"},{"taxonomy":"post_tag","embeddable":true,"href":"https:\/\/www.anovapeneira.gal\/index.php\/wp-json\/wp\/v2\/tags?post=13647"}],"curies":[{"name":"wp","href":"https:\/\/api.w.org\/{rel}","templated":true}]}}