{"id":13649,"date":"2025-04-08T10:00:13","date_gmt":"2025-04-08T08:00:13","guid":{"rendered":"https:\/\/www.anovapeneira.gal\/?p=13649"},"modified":"2025-04-07T09:13:11","modified_gmt":"2025-04-07T07:13:11","slug":"ernesto-filgueira-esixe-a-cubela-que-cumpra-coa-lei-de-memoria-democratica-e-retire-toda-a-simboloxia-franquista-do-concello","status":"publish","type":"post","link":"https:\/\/www.anovapeneira.gal\/index.php\/2025\/04\/08\/ernesto-filgueira-esixe-a-cubela-que-cumpra-coa-lei-de-memoria-democratica-e-retire-toda-a-simboloxia-franquista-do-concello\/","title":{"rendered":"Ernesto Filgueira esixe a Cubela que cumpra coa Lei de Memoria Democr\u00e1tica e retire toda a simbolox\u00eda franquista do concello"},"content":{"rendered":"\n<h2 class=\"wp-block-heading\"><strong>Filgueira lembra que en novembro de 2021 o Pleno da corporaci\u00f3n aprobou unha iniciativa do BNG neste sentido<\/strong><\/h2>\n\n\n\n<p>Reco\u00f1ecer as v\u00edtimas do fascismo e honrar a s\u00faa memoria, eis os eixos fundamentais dunha nova iniciativa do BNG para que o concello de Cerdedo-Cotobade deixe de ser incumprir a Lei e, sobre todo, para que honre, como se merece, a memoria das persoas dem\u00f3cratas asasinadas polas forzas franquistas no noso termo municipal.<\/p>\n\n\n\n<p>Non \u00e9 aprimeira vez que o BNG leva este tema a pleno. As\u00ed, en xaneiro de 2020, instaba ao goberno municipal a cumprir coa Lei e eliminar toda a simbolox\u00eda de exaltaci\u00f3n da ditadura no noso termo municipal, en especial naqueles espazos p\u00fablicos, como fontes, edificios, etc. Daquela o PP votou en contra da iniciativa escud\u00e1ndose nunha suposta \u201cfalta de recursos\u201d para levar a cabo esa actuaci\u00f3n. En novembro do ano seguinte o BNG volve enviar ao pleno unha moci\u00f3n en termos semellantes que foi aprobada coa abstenci\u00f3n do PP.<\/p>\n\n\n\n<p>Nesta moci\u00f3n aprobada inst\u00e1base \u00e1 creaci\u00f3n dunha comisi\u00f3n de seguimento para a eliminaci\u00f3n de toda a simbolox\u00eda franquista. Non obstante, m\u00e1is de tres anos despois, non se fixo nada.<\/p>\n\n\n\n<p>\u201cLamentamos que por pasiva o sr. Cubela siga as directrices da r\u00faa G\u00e9nova e mante\u00f1a unha actitude de desprezo as v\u00edtimas do fascismo, e de conivencia cos verdugos\u201d, afirmou o portavoz do BNG, Ernesto Filgueira.<\/p>\n\n\n\n<p>O Portavoz municipal do BNG citou ao historiador local, Manuel Reboredo, e a Xos\u00e9 \u00c1lvarez, un dos maiores especialistas na represi\u00f3n na comarca, para solicitar a necesidade de restaurar a memoria dos asasinados na Volta do Couto, en Calvelo o 8 de novembro de 1936: Jos\u00e9 L\u00f3pez Bern\u00e1rdez, Luis Frade Pazos, Ramiro Granja Gonz\u00e1lez, Luis Varela Sobrado, Jos\u00e9 Montoto Rodr\u00edguez, Eliseo Garra Lal\u00edn, Alfonso Alonso Portugue (sic), Telmo Rodr\u00edguez Alonso, Juan Alonso P\u00e9rez, Jos\u00e9 G\u00f3mez Sampayo e Antonio Picallo Buela. Para eles ped\u00edu o reco\u00f1ecemento da corporaci\u00f3n e a colocaci\u00f3n dunha placa conmemorativa que honre a s\u00faa memoria no lugar onde foron vilmente asasinados.<\/p>\n\n\n\n<p>O BNG volver\u00e1 a levar o tema ao vindeiro pleno coa esperanza que o PP deixe a s\u00faa actitude vergo\u00f1enta e aposte dunha vez por todas pola xustiza, a dignidade, a reparaci\u00f3n e a democr\u00e1cia.<\/p>\n","protected":false},"excerpt":{"rendered":"<div class=\"mh-excerpt\"><p>Filgueira lembra que en novembro de 2021 o Pleno da corporaci\u00f3n aprobou unha iniciativa do BNG neste sentido <a class=\"mh-excerpt-more\" href=\"https:\/\/www.anovapeneira.gal\/index.php\/2025\/04\/08\/ernesto-filgueira-esixe-a-cubela-que-cumpra-coa-lei-de-memoria-democratica-e-retire-toda-a-simboloxia-franquista-do-concello\/\" title=\"Ernesto Filgueira esixe a Cubela que cumpra coa Lei de Memoria Democr\u00e1tica e retire toda a simbolox\u00eda franquista do concello\">[&#8230;]<\/a><\/p>\n<\/div>","protected":false},"author":3,"featured_media":13651,"comment_status":"open","ping_status":"open","sticky":false,"template":"","format":"standard","meta":{"_exactmetrics_skip_tracking":false,"_exactmetrics_sitenote_active":false,"_exactmetrics_sitenote_note":"","_exactmetrics_sitenote_category":0,"footnotes":""},"categories":[26],"tags":[1451],"class_list":{"0":"post-13649","1":"post","2":"type-post","3":"status-publish","4":"format-standard","5":"has-post-thumbnail","7":"category-pontevedra","8":"tag-cerdedo-cotabade"},"yoast_head":"<!-- This site is optimized with the Yoast SEO plugin v27.4 - https:\/\/yoast.com\/product\/yoast-seo-wordpress\/ -->\n<title>Ernesto Filgueira esixe a Cubela que cumpra coa Lei de Memoria Democr\u00e1tica e retire toda a simbolox\u00eda franquista do concello -<\/title>\n<meta name=\"robots\" content=\"index, follow, max-snippet:-1, max-image-preview:large, max-video-preview:-1\" \/>\n<link rel=\"canonical\" href=\"https:\/\/www.anovapeneira.gal\/index.php\/2025\/04\/08\/ernesto-filgueira-esixe-a-cubela-que-cumpra-coa-lei-de-memoria-democratica-e-retire-toda-a-simboloxia-franquista-do-concello\/\" \/>\n<meta property=\"og:locale\" content=\"gl_ES\" \/>\n<meta property=\"og:type\" content=\"article\" \/>\n<meta property=\"og:title\" content=\"Ernesto Filgueira esixe a Cubela que cumpra coa Lei de Memoria Democr\u00e1tica e retire toda a simbolox\u00eda franquista do concello -\" \/>\n<meta property=\"og:description\" content=\"Filgueira lembra que en novembro de 2021 o Pleno da corporaci\u00f3n aprobou unha iniciativa do BNG neste sentido [...]\" \/>\n<meta property=\"og:url\" content=\"https:\/\/www.anovapeneira.gal\/index.php\/2025\/04\/08\/ernesto-filgueira-esixe-a-cubela-que-cumpra-coa-lei-de-memoria-democratica-e-retire-toda-a-simboloxia-franquista-do-concello\/\" \/>\n<meta property=\"article:publisher\" content=\"https:\/\/www.facebook.com\/anovapeneira\" \/>\n<meta property=\"article:published_time\" content=\"2025-04-08T08:00:13+00:00\" \/>\n<meta property=\"og:image\" content=\"https:\/\/www.anovapeneira.gal\/wp-content\/uploads\/2025\/04\/Ernesto_Filgueira_cotobade.png\" \/>\n\t<meta property=\"og:image:width\" content=\"720\" \/>\n\t<meta property=\"og:image:height\" content=\"432\" \/>\n\t<meta property=\"og:image:type\" content=\"image\/png\" \/>\n<meta name=\"author\" content=\"Redacci\u00f3n A Nova Peneira\" \/>\n<meta name=\"twitter:card\" content=\"summary_large_image\" \/>\n<meta name=\"twitter:creator\" content=\"@APeneira\" \/>\n<meta name=\"twitter:site\" content=\"@APeneira\" \/>\n<meta name=\"twitter:label1\" content=\"Escrito por\" \/>\n\t<meta name=\"twitter:data1\" content=\"Redacci\u00f3n A Nova Peneira\" \/>\n\t<meta name=\"twitter:label2\" content=\"Tempo de lectura\" \/>\n\t<meta name=\"twitter:data2\" content=\"3 minutos\" \/>\n<script type=\"application\/ld+json\" class=\"yoast-schema-graph\">{\"@context\":\"https:\\\/\\\/schema.org\",\"@graph\":[{\"@type\":\"Article\",\"@id\":\"https:\\\/\\\/www.anovapeneira.gal\\\/index.php\\\/2025\\\/04\\\/08\\\/ernesto-filgueira-esixe-a-cubela-que-cumpra-coa-lei-de-memoria-democratica-e-retire-toda-a-simboloxia-franquista-do-concello\\\/#article\",\"isPartOf\":{\"@id\":\"https:\\\/\\\/www.anovapeneira.gal\\\/index.php\\\/2025\\\/04\\\/08\\\/ernesto-filgueira-esixe-a-cubela-que-cumpra-coa-lei-de-memoria-democratica-e-retire-toda-a-simboloxia-franquista-do-concello\\\/\"},\"author\":{\"name\":\"Redacci\u00f3n A Nova Peneira\",\"@id\":\"https:\\\/\\\/www.anovapeneira.gal\\\/#\\\/schema\\\/person\\\/b93e3f8932e3f8da96334607eb6ac6aa\"},\"headline\":\"Ernesto Filgueira esixe a Cubela que cumpra coa Lei de Memoria Democr\u00e1tica e retire toda a simbolox\u00eda franquista do concello\",\"datePublished\":\"2025-04-08T08:00:13+00:00\",\"mainEntityOfPage\":{\"@id\":\"https:\\\/\\\/www.anovapeneira.gal\\\/index.php\\\/2025\\\/04\\\/08\\\/ernesto-filgueira-esixe-a-cubela-que-cumpra-coa-lei-de-memoria-democratica-e-retire-toda-a-simboloxia-franquista-do-concello\\\/\"},\"wordCount\":421,\"commentCount\":0,\"publisher\":{\"@id\":\"https:\\\/\\\/www.anovapeneira.gal\\\/#organization\"},\"image\":{\"@id\":\"https:\\\/\\\/www.anovapeneira.gal\\\/index.php\\\/2025\\\/04\\\/08\\\/ernesto-filgueira-esixe-a-cubela-que-cumpra-coa-lei-de-memoria-democratica-e-retire-toda-a-simboloxia-franquista-do-concello\\\/#primaryimage\"},\"thumbnailUrl\":\"https:\\\/\\\/www.anovapeneira.gal\\\/wp-content\\\/uploads\\\/2025\\\/04\\\/Ernesto_Filgueira_cotobade.png\",\"keywords\":[\"Cerdedo Cotabade\"],\"articleSection\":[\"Pontevedra\"],\"inLanguage\":\"gl-ES\",\"potentialAction\":[{\"@type\":\"CommentAction\",\"name\":\"Comment\",\"target\":[\"https:\\\/\\\/www.anovapeneira.gal\\\/index.php\\\/2025\\\/04\\\/08\\\/ernesto-filgueira-esixe-a-cubela-que-cumpra-coa-lei-de-memoria-democratica-e-retire-toda-a-simboloxia-franquista-do-concello\\\/#respond\"]}]},{\"@type\":\"WebPage\",\"@id\":\"https:\\\/\\\/www.anovapeneira.gal\\\/index.php\\\/2025\\\/04\\\/08\\\/ernesto-filgueira-esixe-a-cubela-que-cumpra-coa-lei-de-memoria-democratica-e-retire-toda-a-simboloxia-franquista-do-concello\\\/\",\"url\":\"https:\\\/\\\/www.anovapeneira.gal\\\/index.php\\\/2025\\\/04\\\/08\\\/ernesto-filgueira-esixe-a-cubela-que-cumpra-coa-lei-de-memoria-democratica-e-retire-toda-a-simboloxia-franquista-do-concello\\\/\",\"name\":\"Ernesto Filgueira esixe a Cubela que cumpra coa Lei de Memoria Democr\u00e1tica e retire toda a simbolox\u00eda franquista do concello -\",\"isPartOf\":{\"@id\":\"https:\\\/\\\/www.anovapeneira.gal\\\/#website\"},\"primaryImageOfPage\":{\"@id\":\"https:\\\/\\\/www.anovapeneira.gal\\\/index.php\\\/2025\\\/04\\\/08\\\/ernesto-filgueira-esixe-a-cubela-que-cumpra-coa-lei-de-memoria-democratica-e-retire-toda-a-simboloxia-franquista-do-concello\\\/#primaryimage\"},\"image\":{\"@id\":\"https:\\\/\\\/www.anovapeneira.gal\\\/index.php\\\/2025\\\/04\\\/08\\\/ernesto-filgueira-esixe-a-cubela-que-cumpra-coa-lei-de-memoria-democratica-e-retire-toda-a-simboloxia-franquista-do-concello\\\/#primaryimage\"},\"thumbnailUrl\":\"https:\\\/\\\/www.anovapeneira.gal\\\/wp-content\\\/uploads\\\/2025\\\/04\\\/Ernesto_Filgueira_cotobade.png\",\"datePublished\":\"2025-04-08T08:00:13+00:00\",\"breadcrumb\":{\"@id\":\"https:\\\/\\\/www.anovapeneira.gal\\\/index.php\\\/2025\\\/04\\\/08\\\/ernesto-filgueira-esixe-a-cubela-que-cumpra-coa-lei-de-memoria-democratica-e-retire-toda-a-simboloxia-franquista-do-concello\\\/#breadcrumb\"},\"inLanguage\":\"gl-ES\",\"potentialAction\":[{\"@type\":\"ReadAction\",\"target\":[\"https:\\\/\\\/www.anovapeneira.gal\\\/index.php\\\/2025\\\/04\\\/08\\\/ernesto-filgueira-esixe-a-cubela-que-cumpra-coa-lei-de-memoria-democratica-e-retire-toda-a-simboloxia-franquista-do-concello\\\/\"]}]},{\"@type\":\"ImageObject\",\"inLanguage\":\"gl-ES\",\"@id\":\"https:\\\/\\\/www.anovapeneira.gal\\\/index.php\\\/2025\\\/04\\\/08\\\/ernesto-filgueira-esixe-a-cubela-que-cumpra-coa-lei-de-memoria-democratica-e-retire-toda-a-simboloxia-franquista-do-concello\\\/#primaryimage\",\"url\":\"https:\\\/\\\/www.anovapeneira.gal\\\/wp-content\\\/uploads\\\/2025\\\/04\\\/Ernesto_Filgueira_cotobade.png\",\"contentUrl\":\"https:\\\/\\\/www.anovapeneira.gal\\\/wp-content\\\/uploads\\\/2025\\\/04\\\/Ernesto_Filgueira_cotobade.png\",\"width\":720,\"height\":432,\"caption\":\"Ernesto Filgueira, Cerdedo-Cotobade\"},{\"@type\":\"BreadcrumbList\",\"@id\":\"https:\\\/\\\/www.anovapeneira.gal\\\/index.php\\\/2025\\\/04\\\/08\\\/ernesto-filgueira-esixe-a-cubela-que-cumpra-coa-lei-de-memoria-democratica-e-retire-toda-a-simboloxia-franquista-do-concello\\\/#breadcrumb\",\"itemListElement\":[{\"@type\":\"ListItem\",\"position\":1,\"name\":\"Portada\",\"item\":\"https:\\\/\\\/www.anovapeneira.gal\\\/\"},{\"@type\":\"ListItem\",\"position\":2,\"name\":\"Ernesto Filgueira esixe a Cubela que cumpra coa Lei de Memoria Democr\u00e1tica e retire toda a simbolox\u00eda franquista do concello\"}]},{\"@type\":\"WebSite\",\"@id\":\"https:\\\/\\\/www.anovapeneira.gal\\\/#website\",\"url\":\"https:\\\/\\\/www.anovapeneira.gal\\\/\",\"name\":\"\",\"description\":\"Xornal galego de informaci\u00f3n xeral Publicaci\u00f3n mensual de novas de Galicia e en especial dos Concellos da sur da provincia de Pontevedra.\",\"publisher\":{\"@id\":\"https:\\\/\\\/www.anovapeneira.gal\\\/#organization\"},\"potentialAction\":[{\"@type\":\"SearchAction\",\"target\":{\"@type\":\"EntryPoint\",\"urlTemplate\":\"https:\\\/\\\/www.anovapeneira.gal\\\/?s={search_term_string}\"},\"query-input\":{\"@type\":\"PropertyValueSpecification\",\"valueRequired\":true,\"valueName\":\"search_term_string\"}}],\"inLanguage\":\"gl-ES\"},{\"@type\":\"Organization\",\"@id\":\"https:\\\/\\\/www.anovapeneira.gal\\\/#organization\",\"name\":\"A Nova Peneira\",\"url\":\"https:\\\/\\\/www.anovapeneira.gal\\\/\",\"logo\":{\"@type\":\"ImageObject\",\"inLanguage\":\"gl-ES\",\"@id\":\"https:\\\/\\\/www.anovapeneira.gal\\\/#\\\/schema\\\/logo\\\/image\\\/\",\"url\":\"http:\\\/\\\/www.anovapeneira.gal\\\/wp-content\\\/uploads\\\/2019\\\/06\\\/logo_a_nova_peneira_portal_web.png\",\"contentUrl\":\"http:\\\/\\\/www.anovapeneira.gal\\\/wp-content\\\/uploads\\\/2019\\\/06\\\/logo_a_nova_peneira_portal_web.png\",\"width\":300,\"height\":100,\"caption\":\"A Nova Peneira\"},\"image\":{\"@id\":\"https:\\\/\\\/www.anovapeneira.gal\\\/#\\\/schema\\\/logo\\\/image\\\/\"},\"sameAs\":[\"https:\\\/\\\/www.facebook.com\\\/anovapeneira\",\"https:\\\/\\\/x.com\\\/APeneira\"]},{\"@type\":\"Person\",\"@id\":\"https:\\\/\\\/www.anovapeneira.gal\\\/#\\\/schema\\\/person\\\/b93e3f8932e3f8da96334607eb6ac6aa\",\"name\":\"Redacci\u00f3n A Nova Peneira\",\"image\":{\"@type\":\"ImageObject\",\"inLanguage\":\"gl-ES\",\"@id\":\"https:\\\/\\\/secure.gravatar.com\\\/avatar\\\/c052a2551a06e23fac63626232eaa90abd78dbcf1700fc46a2b2c89fd27b735f?s=96&d=mm&r=g\",\"url\":\"https:\\\/\\\/secure.gravatar.com\\\/avatar\\\/c052a2551a06e23fac63626232eaa90abd78dbcf1700fc46a2b2c89fd27b735f?s=96&d=mm&r=g\",\"contentUrl\":\"https:\\\/\\\/secure.gravatar.com\\\/avatar\\\/c052a2551a06e23fac63626232eaa90abd78dbcf1700fc46a2b2c89fd27b735f?s=96&d=mm&r=g\",\"caption\":\"Redacci\u00f3n A Nova Peneira\"},\"sameAs\":[\"http:\\\/\\\/www.anovapeneira.gal\\\/\"],\"url\":\"https:\\\/\\\/www.anovapeneira.gal\\\/index.php\\\/author\\\/redactor\\\/\"}]}<\/script>\n<!-- \/ Yoast SEO plugin. -->","yoast_head_json":{"title":"Ernesto Filgueira esixe a Cubela que cumpra coa Lei de Memoria Democr\u00e1tica e retire toda a simbolox\u00eda franquista do concello -","robots":{"index":"index","follow":"follow","max-snippet":"max-snippet:-1","max-image-preview":"max-image-preview:large","max-video-preview":"max-video-preview:-1"},"canonical":"https:\/\/www.anovapeneira.gal\/index.php\/2025\/04\/08\/ernesto-filgueira-esixe-a-cubela-que-cumpra-coa-lei-de-memoria-democratica-e-retire-toda-a-simboloxia-franquista-do-concello\/","og_locale":"gl_ES","og_type":"article","og_title":"Ernesto Filgueira esixe a Cubela que cumpra coa Lei de Memoria Democr\u00e1tica e retire toda a simbolox\u00eda franquista do concello -","og_description":"Filgueira lembra que en novembro de 2021 o Pleno da corporaci\u00f3n aprobou unha iniciativa do BNG neste sentido [...]","og_url":"https:\/\/www.anovapeneira.gal\/index.php\/2025\/04\/08\/ernesto-filgueira-esixe-a-cubela-que-cumpra-coa-lei-de-memoria-democratica-e-retire-toda-a-simboloxia-franquista-do-concello\/","article_publisher":"https:\/\/www.facebook.com\/anovapeneira","article_published_time":"2025-04-08T08:00:13+00:00","og_image":[{"width":720,"height":432,"url":"https:\/\/www.anovapeneira.gal\/wp-content\/uploads\/2025\/04\/Ernesto_Filgueira_cotobade.png","type":"image\/png"}],"author":"Redacci\u00f3n A Nova Peneira","twitter_card":"summary_large_image","twitter_creator":"@APeneira","twitter_site":"@APeneira","twitter_misc":{"Escrito por":"Redacci\u00f3n A Nova Peneira","Tempo de lectura":"3 minutos"},"schema":{"@context":"https:\/\/schema.org","@graph":[{"@type":"Article","@id":"https:\/\/www.anovapeneira.gal\/index.php\/2025\/04\/08\/ernesto-filgueira-esixe-a-cubela-que-cumpra-coa-lei-de-memoria-democratica-e-retire-toda-a-simboloxia-franquista-do-concello\/#article","isPartOf":{"@id":"https:\/\/www.anovapeneira.gal\/index.php\/2025\/04\/08\/ernesto-filgueira-esixe-a-cubela-que-cumpra-coa-lei-de-memoria-democratica-e-retire-toda-a-simboloxia-franquista-do-concello\/"},"author":{"name":"Redacci\u00f3n A Nova Peneira","@id":"https:\/\/www.anovapeneira.gal\/#\/schema\/person\/b93e3f8932e3f8da96334607eb6ac6aa"},"headline":"Ernesto Filgueira esixe a Cubela que cumpra coa Lei de Memoria Democr\u00e1tica e retire toda a simbolox\u00eda franquista do concello","datePublished":"2025-04-08T08:00:13+00:00","mainEntityOfPage":{"@id":"https:\/\/www.anovapeneira.gal\/index.php\/2025\/04\/08\/ernesto-filgueira-esixe-a-cubela-que-cumpra-coa-lei-de-memoria-democratica-e-retire-toda-a-simboloxia-franquista-do-concello\/"},"wordCount":421,"commentCount":0,"publisher":{"@id":"https:\/\/www.anovapeneira.gal\/#organization"},"image":{"@id":"https:\/\/www.anovapeneira.gal\/index.php\/2025\/04\/08\/ernesto-filgueira-esixe-a-cubela-que-cumpra-coa-lei-de-memoria-democratica-e-retire-toda-a-simboloxia-franquista-do-concello\/#primaryimage"},"thumbnailUrl":"https:\/\/www.anovapeneira.gal\/wp-content\/uploads\/2025\/04\/Ernesto_Filgueira_cotobade.png","keywords":["Cerdedo Cotabade"],"articleSection":["Pontevedra"],"inLanguage":"gl-ES","potentialAction":[{"@type":"CommentAction","name":"Comment","target":["https:\/\/www.anovapeneira.gal\/index.php\/2025\/04\/08\/ernesto-filgueira-esixe-a-cubela-que-cumpra-coa-lei-de-memoria-democratica-e-retire-toda-a-simboloxia-franquista-do-concello\/#respond"]}]},{"@type":"WebPage","@id":"https:\/\/www.anovapeneira.gal\/index.php\/2025\/04\/08\/ernesto-filgueira-esixe-a-cubela-que-cumpra-coa-lei-de-memoria-democratica-e-retire-toda-a-simboloxia-franquista-do-concello\/","url":"https:\/\/www.anovapeneira.gal\/index.php\/2025\/04\/08\/ernesto-filgueira-esixe-a-cubela-que-cumpra-coa-lei-de-memoria-democratica-e-retire-toda-a-simboloxia-franquista-do-concello\/","name":"Ernesto Filgueira esixe a Cubela que cumpra coa Lei de Memoria Democr\u00e1tica e retire toda a simbolox\u00eda franquista do concello -","isPartOf":{"@id":"https:\/\/www.anovapeneira.gal\/#website"},"primaryImageOfPage":{"@id":"https:\/\/www.anovapeneira.gal\/index.php\/2025\/04\/08\/ernesto-filgueira-esixe-a-cubela-que-cumpra-coa-lei-de-memoria-democratica-e-retire-toda-a-simboloxia-franquista-do-concello\/#primaryimage"},"image":{"@id":"https:\/\/www.anovapeneira.gal\/index.php\/2025\/04\/08\/ernesto-filgueira-esixe-a-cubela-que-cumpra-coa-lei-de-memoria-democratica-e-retire-toda-a-simboloxia-franquista-do-concello\/#primaryimage"},"thumbnailUrl":"https:\/\/www.anovapeneira.gal\/wp-content\/uploads\/2025\/04\/Ernesto_Filgueira_cotobade.png","datePublished":"2025-04-08T08:00:13+00:00","breadcrumb":{"@id":"https:\/\/www.anovapeneira.gal\/index.php\/2025\/04\/08\/ernesto-filgueira-esixe-a-cubela-que-cumpra-coa-lei-de-memoria-democratica-e-retire-toda-a-simboloxia-franquista-do-concello\/#breadcrumb"},"inLanguage":"gl-ES","potentialAction":[{"@type":"ReadAction","target":["https:\/\/www.anovapeneira.gal\/index.php\/2025\/04\/08\/ernesto-filgueira-esixe-a-cubela-que-cumpra-coa-lei-de-memoria-democratica-e-retire-toda-a-simboloxia-franquista-do-concello\/"]}]},{"@type":"ImageObject","inLanguage":"gl-ES","@id":"https:\/\/www.anovapeneira.gal\/index.php\/2025\/04\/08\/ernesto-filgueira-esixe-a-cubela-que-cumpra-coa-lei-de-memoria-democratica-e-retire-toda-a-simboloxia-franquista-do-concello\/#primaryimage","url":"https:\/\/www.anovapeneira.gal\/wp-content\/uploads\/2025\/04\/Ernesto_Filgueira_cotobade.png","contentUrl":"https:\/\/www.anovapeneira.gal\/wp-content\/uploads\/2025\/04\/Ernesto_Filgueira_cotobade.png","width":720,"height":432,"caption":"Ernesto Filgueira, Cerdedo-Cotobade"},{"@type":"BreadcrumbList","@id":"https:\/\/www.anovapeneira.gal\/index.php\/2025\/04\/08\/ernesto-filgueira-esixe-a-cubela-que-cumpra-coa-lei-de-memoria-democratica-e-retire-toda-a-simboloxia-franquista-do-concello\/#breadcrumb","itemListElement":[{"@type":"ListItem","position":1,"name":"Portada","item":"https:\/\/www.anovapeneira.gal\/"},{"@type":"ListItem","position":2,"name":"Ernesto Filgueira esixe a Cubela que cumpra coa Lei de Memoria Democr\u00e1tica e retire toda a simbolox\u00eda franquista do concello"}]},{"@type":"WebSite","@id":"https:\/\/www.anovapeneira.gal\/#website","url":"https:\/\/www.anovapeneira.gal\/","name":"","description":"Xornal galego de informaci\u00f3n xeral Publicaci\u00f3n mensual de novas de Galicia e en especial dos Concellos da sur da provincia de Pontevedra.","publisher":{"@id":"https:\/\/www.anovapeneira.gal\/#organization"},"potentialAction":[{"@type":"SearchAction","target":{"@type":"EntryPoint","urlTemplate":"https:\/\/www.anovapeneira.gal\/?s={search_term_string}"},"query-input":{"@type":"PropertyValueSpecification","valueRequired":true,"valueName":"search_term_string"}}],"inLanguage":"gl-ES"},{"@type":"Organization","@id":"https:\/\/www.anovapeneira.gal\/#organization","name":"A Nova Peneira","url":"https:\/\/www.anovapeneira.gal\/","logo":{"@type":"ImageObject","inLanguage":"gl-ES","@id":"https:\/\/www.anovapeneira.gal\/#\/schema\/logo\/image\/","url":"http:\/\/www.anovapeneira.gal\/wp-content\/uploads\/2019\/06\/logo_a_nova_peneira_portal_web.png","contentUrl":"http:\/\/www.anovapeneira.gal\/wp-content\/uploads\/2019\/06\/logo_a_nova_peneira_portal_web.png","width":300,"height":100,"caption":"A Nova Peneira"},"image":{"@id":"https:\/\/www.anovapeneira.gal\/#\/schema\/logo\/image\/"},"sameAs":["https:\/\/www.facebook.com\/anovapeneira","https:\/\/x.com\/APeneira"]},{"@type":"Person","@id":"https:\/\/www.anovapeneira.gal\/#\/schema\/person\/b93e3f8932e3f8da96334607eb6ac6aa","name":"Redacci\u00f3n A Nova Peneira","image":{"@type":"ImageObject","inLanguage":"gl-ES","@id":"https:\/\/secure.gravatar.com\/avatar\/c052a2551a06e23fac63626232eaa90abd78dbcf1700fc46a2b2c89fd27b735f?s=96&d=mm&r=g","url":"https:\/\/secure.gravatar.com\/avatar\/c052a2551a06e23fac63626232eaa90abd78dbcf1700fc46a2b2c89fd27b735f?s=96&d=mm&r=g","contentUrl":"https:\/\/secure.gravatar.com\/avatar\/c052a2551a06e23fac63626232eaa90abd78dbcf1700fc46a2b2c89fd27b735f?s=96&d=mm&r=g","caption":"Redacci\u00f3n A Nova Peneira"},"sameAs":["http:\/\/www.anovapeneira.gal\/"],"url":"https:\/\/www.anovapeneira.gal\/index.php\/author\/redactor\/"}]}},"jetpack_featured_media_url":"https:\/\/www.anovapeneira.gal\/wp-content\/uploads\/2025\/04\/Ernesto_Filgueira_cotobade.png","_links":{"self":[{"href":"https:\/\/www.anovapeneira.gal\/index.php\/wp-json\/wp\/v2\/posts\/13649","targetHints":{"allow":["GET"]}}],"collection":[{"href":"https:\/\/www.anovapeneira.gal\/index.php\/wp-json\/wp\/v2\/posts"}],"about":[{"href":"https:\/\/www.anovapeneira.gal\/index.php\/wp-json\/wp\/v2\/types\/post"}],"author":[{"embeddable":true,"href":"https:\/\/www.anovapeneira.gal\/index.php\/wp-json\/wp\/v2\/users\/3"}],"replies":[{"embeddable":true,"href":"https:\/\/www.anovapeneira.gal\/index.php\/wp-json\/wp\/v2\/comments?post=13649"}],"version-history":[{"count":1,"href":"https:\/\/www.anovapeneira.gal\/index.php\/wp-json\/wp\/v2\/posts\/13649\/revisions"}],"predecessor-version":[{"id":13650,"href":"https:\/\/www.anovapeneira.gal\/index.php\/wp-json\/wp\/v2\/posts\/13649\/revisions\/13650"}],"wp:featuredmedia":[{"embeddable":true,"href":"https:\/\/www.anovapeneira.gal\/index.php\/wp-json\/wp\/v2\/media\/13651"}],"wp:attachment":[{"href":"https:\/\/www.anovapeneira.gal\/index.php\/wp-json\/wp\/v2\/media?parent=13649"}],"wp:term":[{"taxonomy":"category","embeddable":true,"href":"https:\/\/www.anovapeneira.gal\/index.php\/wp-json\/wp\/v2\/categories?post=13649"},{"taxonomy":"post_tag","embeddable":true,"href":"https:\/\/www.anovapeneira.gal\/index.php\/wp-json\/wp\/v2\/tags?post=13649"}],"curies":[{"name":"wp","href":"https:\/\/api.w.org\/{rel}","templated":true}]}}