{"id":13655,"date":"2025-04-09T10:00:48","date_gmt":"2025-04-09T08:00:48","guid":{"rendered":"https:\/\/www.anovapeneira.gal\/?p=13655"},"modified":"2025-04-08T10:36:12","modified_gmt":"2025-04-08T08:36:12","slug":"o-pp-de-redondela-esixelle-ao-goberno-que-aproveite-o-convenio-coa-xunta-para-a-posta-en-valor-e-a-celebracion-de-actividades-na-illa-de-san-simon-tras-seis-anos-de-esquecemento","status":"publish","type":"post","link":"https:\/\/www.anovapeneira.gal\/index.php\/2025\/04\/09\/o-pp-de-redondela-esixelle-ao-goberno-que-aproveite-o-convenio-coa-xunta-para-a-posta-en-valor-e-a-celebracion-de-actividades-na-illa-de-san-simon-tras-seis-anos-de-esquecemento\/","title":{"rendered":"O PP de Redondela es\u00edxelle ao goberno que aproveite o convenio coa Xunta para a posta en valor e a celebraci\u00f3n de actividades na Illa de San Sim\u00f3n tras seis anos de esquecemento"},"content":{"rendered":"\n<p>Os populares lembran que hai un acordo co Goberno galego que permite que o Concello empregue asiduamente este espazo e impulse a s\u00faa difusi\u00f3n, pero lamenta que o executivo \u201c<em>non<\/em><em> <\/em><em>fixera<\/em><em> <\/em><em>absolutamente<\/em><em> <\/em><em>nada<\/em>\u201d neste emblem\u00e1tico arquip\u00e9lago da parroquia de Cesantes<\/p>\n\n\n\n<p>\u00b7 O voceiro municipal, Javier Bas, tilda a proposta socialista de integrarse nas fundaci\u00f3ns de xesti\u00f3n e administraci\u00f3n da illa de \u201c<em>intento baleiro de lavar a <\/em><em>cara simplemente por cuesti\u00f3ns de confrontaci\u00f3n e de axenda ideol\u00f3xica que nin lle importan aos veci\u00f1os nin valorizan San Sim\u00f3n<\/em>\u201d<\/p>\n\n\n\n<p><strong>Redondela, 2 de abril<\/strong><strong>de 2025.- <\/strong>O grupo municipal do PP de Redondela v\u00e9n de posicionarse sobre a situaci\u00f3n e o emprego da Illa de San Sim\u00f3n e o papel que debe xogar o Concello sobre enclave esix\u00edndolle ao goberno local que abandone a \u201c<em>pol\u00edtica baleira de palabras est\u00e9riles<\/em>\u201d e aproveite ao m\u00e1ximo o convenio vixente entre a Xunta de Galicia e a administraci\u00f3n local para a s\u00faa posta en valor e a celebraci\u00f3n de actividades tras seis anos de absoluto esquecemento.<\/p>\n\n\n\n<p>Os populares lembraron que actualmente est\u00e1 en vigor un amplo e potente acordo entre o Goberno galego e o Concello de Redondela, asinado en marzo de 2015 polo ent\u00f3n alcalde Javier Bas, que permite que o municipio celebre nesta emblem\u00e1tica illa da parroquia de Cesantes actividades socioculturais e deportivas, acci\u00f3ns de potenciaci\u00f3n e promoci\u00f3n dos seus valores, visitas guiadas e incluso que dese\u00f1e un calendario anual de eventos en coordinaci\u00f3n coa Conseller\u00eda de Cultura, Lingua e Xuventude.<\/p>\n\n\n\n<p>\u201c<em>O<\/em><em> <\/em><em>Concello<\/em><em> <\/em><em>de<\/em><em> <\/em><em>Redondela<\/em><em> <\/em><em>pode<\/em><em> <\/em><em>e<\/em><em> <\/em><em>debe<\/em><em> <\/em><em>empregar<\/em><em> <\/em><em>asiduamente<\/em><em> <\/em><em>este<\/em><em> <\/em><em>espazo,<\/em><em> <\/em><em>que <\/em><em>posiblemente<\/em><em> <\/em><em>sexa<\/em><em> <\/em><em>o<\/em><em> <\/em><em>m\u00e1is<\/em><em> <\/em><em>co\u00f1ecido<\/em><em> <\/em><em>do<\/em><em> <\/em><em>noso<\/em><em> <\/em><em>municipio<\/em><em> <\/em><em>en<\/em><em> <\/em><em>toda<\/em><em> <\/em><em>Galicia,<\/em><em> <\/em><em>e<\/em><em> <\/em><em>tam\u00e9n ten que impulsar de maneira decidida a s\u00faa difusi\u00f3n e promoci\u00f3n, pero lamentablemente<\/em><em> <\/em><em>non<\/em><em> <\/em><em>fixeron<\/em><em> <\/em><em>absolutamente<\/em><em> <\/em><em>nada<\/em><em> <\/em><em>malia<\/em><em> <\/em><em>as<\/em><em> <\/em><em>moitas<\/em><\/p>\n\n\n\n<p><em>oportunidades que lle confire o convenio coa Xunta<\/em>\u201d, aseverou o voceiro municipal, Javier Bas.<\/p>\n\n\n\n<p>Por elo, e ante a nova proposta dos socialistas locais reclamando a inclusi\u00f3n do Concello na Fundaci\u00f3n Museo do Mar de Galicia, dependente da Xunta e que regula os usos de San Sim\u00f3n, e pedindo a reactivaci\u00f3n da Fundaci\u00f3n Illa de San Sim\u00f3n, o PP redondel\u00e1n amosou o seu escepticismo en que \u201c<em>un partido ao que lle custa un mundo xestionar o goberno local cun m\u00ednimo de eficiencia queira <\/em><em>tam\u00e9n<\/em><em> <\/em><em>po\u00f1erse<\/em><em> <\/em><em>a<\/em><em> <\/em><em>codirixir<\/em><em> <\/em><em>esta<\/em><em> <\/em><em>illa,<\/em><em> <\/em><em>coas<\/em><em> <\/em><em>limitaci\u00f3ns<\/em><em> <\/em><em>de<\/em><em> <\/em><em>usos,<\/em><em> <\/em><em>aforos<\/em><em> <\/em><em>e<\/em><em> <\/em><em>actividades <\/em><em>que<\/em><em> <\/em><em>loxicamente<\/em><em> <\/em><em>ten<\/em><em> <\/em><em>que<\/em><em> <\/em><em>ter,<\/em><em> <\/em><em>e<\/em><em> <\/em><em>m\u00e1is<\/em><em> <\/em><em>cando<\/em><em> <\/em><em>nestes<\/em><em> <\/em><em>seis<\/em><em> <\/em><em>anos<\/em><em> <\/em><em>deixou<\/em><em> <\/em><em>clara<\/em><em> <\/em><em>a<\/em><em> <\/em><em>s\u00faa total<\/em><em> <\/em><em>desidia<\/em><em> <\/em><em>e<\/em><em> <\/em><em>pasotismo<\/em><em> <\/em><em>con<\/em><em> <\/em><em>este<\/em><em> <\/em><em>enclave<\/em>\u201d.<\/p>\n\n\n\n<p>Deste xeito, o PP cre que o goberno de Digna Rivas tivo agora esta \u201c<em>ocorrencia<\/em>\u201d por cuesti\u00f3ns de interese pol\u00edtica e electoral e por presi\u00f3ns dos seus socios e aliados BNG e AER: \u201c<em>Cremos que estas novas petici\u00f3ns supo\u00f1en un intento baleiro<\/em><em> <\/em><em>dos<\/em><em> <\/em><em>socialistas<\/em><em> <\/em><em>para<\/em><em> <\/em><em>tentar<\/em><em> <\/em><em>desviar<\/em><em> <\/em><em>a<\/em><em> <\/em><em>atenci\u00f3n<\/em><em> <\/em><em>da<\/em><em> <\/em><em>s\u00faa<\/em><em> <\/em><em>nefasta<\/em><em> <\/em><em>xesti\u00f3n<\/em><em> <\/em><em>en Redondela, para lavar a cara tras pasar de San Sim\u00f3n todo este tempo, para buscar a confrontaci\u00f3n coa Xunta e para tratar de implantar unha axenda ideol\u00f3xica<\/em><em> <\/em><em>sectaria<\/em><em> <\/em><em>que<\/em><em> <\/em><em>nin<\/em><em> <\/em><em>lle<\/em><em> <\/em><em>importa<\/em><em> <\/em><em>aos<\/em><em> <\/em><em>veci\u00f1os<\/em><em> <\/em><em>nin<\/em><em> <\/em><em>serve<\/em><em> <\/em><em>para<\/em><em> <\/em><em>valorizar<\/em><em> <\/em><em>San <\/em><em>Sim\u00f3n<\/em>\u201d.<\/p>\n\n\n\n<p>Finalmente, os populares redondel\u00e1ns consideran de maior utilidade que o Concello se adhira e apoie a petici\u00f3n da Xunta de Galicia ao Goberno de Espa\u00f1a para que transfira a titularidade da Illa de San Sim\u00f3n a prol da comunidade aut\u00f3noma despois de que a mesma leve trinta anos coidando, xestionando, preservando, divulgando e investindo neste espazo e de que acordo de cesi\u00f3n finalice dentro de dous anos.<\/p>\n","protected":false},"excerpt":{"rendered":"<div class=\"mh-excerpt\"><p>Os populares lembran que hai un acordo co Goberno galego que permite que o Concello empregue asiduamente este espazo e impulse a s\u00faa difusi\u00f3n, pero lamenta que o executivo \u201cnon fixera absolutamente nada\u201d neste emblem\u00e1tico arquip\u00e9lago da parroquia de Cesantes <a class=\"mh-excerpt-more\" href=\"https:\/\/www.anovapeneira.gal\/index.php\/2025\/04\/09\/o-pp-de-redondela-esixelle-ao-goberno-que-aproveite-o-convenio-coa-xunta-para-a-posta-en-valor-e-a-celebracion-de-actividades-na-illa-de-san-simon-tras-seis-anos-de-esquecemento\/\" title=\"O PP de Redondela es\u00edxelle ao goberno que aproveite o convenio coa Xunta para a posta en valor e a celebraci\u00f3n de actividades na Illa de San Sim\u00f3n tras seis anos de esquecemento\">[&#8230;]<\/a><\/p>\n<\/div>","protected":false},"author":3,"featured_media":9476,"comment_status":"open","ping_status":"open","sticky":false,"template":"","format":"standard","meta":{"_exactmetrics_skip_tracking":false,"_exactmetrics_sitenote_active":false,"_exactmetrics_sitenote_note":"","_exactmetrics_sitenote_category":0,"footnotes":""},"categories":[24],"tags":[171],"class_list":{"0":"post-13655","1":"post","2":"type-post","3":"status-publish","4":"format-standard","5":"has-post-thumbnail","7":"category-redondela","8":"tag-concello-de-redondela"},"yoast_head":"<!-- This site is optimized with the Yoast SEO plugin v27.4 - https:\/\/yoast.com\/product\/yoast-seo-wordpress\/ -->\n<title>O PP de Redondela es\u00edxelle ao goberno que aproveite o convenio coa Xunta para a posta en valor e a celebraci\u00f3n de actividades na Illa de San Sim\u00f3n tras seis anos de esquecemento -<\/title>\n<meta name=\"robots\" content=\"index, follow, max-snippet:-1, max-image-preview:large, max-video-preview:-1\" \/>\n<link rel=\"canonical\" href=\"https:\/\/www.anovapeneira.gal\/index.php\/2025\/04\/09\/o-pp-de-redondela-esixelle-ao-goberno-que-aproveite-o-convenio-coa-xunta-para-a-posta-en-valor-e-a-celebracion-de-actividades-na-illa-de-san-simon-tras-seis-anos-de-esquecemento\/\" \/>\n<meta property=\"og:locale\" content=\"gl_ES\" \/>\n<meta property=\"og:type\" content=\"article\" \/>\n<meta property=\"og:title\" content=\"O PP de Redondela es\u00edxelle ao goberno que aproveite o convenio coa Xunta para a posta en valor e a celebraci\u00f3n de actividades na Illa de San Sim\u00f3n tras seis anos de esquecemento -\" \/>\n<meta property=\"og:description\" content=\"Os populares lembran que hai un acordo co Goberno galego que permite que o Concello empregue asiduamente este espazo e impulse a s\u00faa difusi\u00f3n, pero lamenta que o executivo \u201cnon fixera absolutamente nada\u201d neste emblem\u00e1tico arquip\u00e9lago da parroquia de Cesantes [...]\" \/>\n<meta property=\"og:url\" content=\"https:\/\/www.anovapeneira.gal\/index.php\/2025\/04\/09\/o-pp-de-redondela-esixelle-ao-goberno-que-aproveite-o-convenio-coa-xunta-para-a-posta-en-valor-e-a-celebracion-de-actividades-na-illa-de-san-simon-tras-seis-anos-de-esquecemento\/\" \/>\n<meta property=\"article:publisher\" content=\"https:\/\/www.facebook.com\/anovapeneira\" \/>\n<meta property=\"article:published_time\" content=\"2025-04-09T08:00:48+00:00\" \/>\n<meta property=\"og:image\" content=\"https:\/\/www.anovapeneira.gal\/wp-content\/uploads\/2023\/04\/pp_redondela.jpg\" \/>\n\t<meta property=\"og:image:width\" content=\"720\" \/>\n\t<meta property=\"og:image:height\" content=\"432\" \/>\n\t<meta property=\"og:image:type\" content=\"image\/jpeg\" \/>\n<meta name=\"author\" content=\"Redacci\u00f3n A Nova Peneira\" \/>\n<meta name=\"twitter:card\" content=\"summary_large_image\" \/>\n<meta name=\"twitter:creator\" content=\"@APeneira\" \/>\n<meta name=\"twitter:site\" content=\"@APeneira\" \/>\n<meta name=\"twitter:label1\" content=\"Escrito por\" \/>\n\t<meta name=\"twitter:data1\" content=\"Redacci\u00f3n A Nova Peneira\" \/>\n\t<meta name=\"twitter:label2\" content=\"Tempo de lectura\" \/>\n\t<meta name=\"twitter:data2\" content=\"4 minutos\" \/>\n<script type=\"application\/ld+json\" class=\"yoast-schema-graph\">{\"@context\":\"https:\\\/\\\/schema.org\",\"@graph\":[{\"@type\":\"Article\",\"@id\":\"https:\\\/\\\/www.anovapeneira.gal\\\/index.php\\\/2025\\\/04\\\/09\\\/o-pp-de-redondela-esixelle-ao-goberno-que-aproveite-o-convenio-coa-xunta-para-a-posta-en-valor-e-a-celebracion-de-actividades-na-illa-de-san-simon-tras-seis-anos-de-esquecemento\\\/#article\",\"isPartOf\":{\"@id\":\"https:\\\/\\\/www.anovapeneira.gal\\\/index.php\\\/2025\\\/04\\\/09\\\/o-pp-de-redondela-esixelle-ao-goberno-que-aproveite-o-convenio-coa-xunta-para-a-posta-en-valor-e-a-celebracion-de-actividades-na-illa-de-san-simon-tras-seis-anos-de-esquecemento\\\/\"},\"author\":{\"name\":\"Redacci\u00f3n A Nova Peneira\",\"@id\":\"https:\\\/\\\/www.anovapeneira.gal\\\/#\\\/schema\\\/person\\\/b93e3f8932e3f8da96334607eb6ac6aa\"},\"headline\":\"O PP de Redondela es\u00edxelle ao goberno que aproveite o convenio coa Xunta para a posta en valor e a celebraci\u00f3n de actividades na Illa de San Sim\u00f3n tras seis anos de esquecemento\",\"datePublished\":\"2025-04-09T08:00:48+00:00\",\"mainEntityOfPage\":{\"@id\":\"https:\\\/\\\/www.anovapeneira.gal\\\/index.php\\\/2025\\\/04\\\/09\\\/o-pp-de-redondela-esixelle-ao-goberno-que-aproveite-o-convenio-coa-xunta-para-a-posta-en-valor-e-a-celebracion-de-actividades-na-illa-de-san-simon-tras-seis-anos-de-esquecemento\\\/\"},\"wordCount\":670,\"commentCount\":0,\"publisher\":{\"@id\":\"https:\\\/\\\/www.anovapeneira.gal\\\/#organization\"},\"image\":{\"@id\":\"https:\\\/\\\/www.anovapeneira.gal\\\/index.php\\\/2025\\\/04\\\/09\\\/o-pp-de-redondela-esixelle-ao-goberno-que-aproveite-o-convenio-coa-xunta-para-a-posta-en-valor-e-a-celebracion-de-actividades-na-illa-de-san-simon-tras-seis-anos-de-esquecemento\\\/#primaryimage\"},\"thumbnailUrl\":\"https:\\\/\\\/www.anovapeneira.gal\\\/wp-content\\\/uploads\\\/2023\\\/04\\\/pp_redondela.jpg\",\"keywords\":[\"Concello de Redondela\"],\"articleSection\":[\"Redondela\"],\"inLanguage\":\"gl-ES\",\"potentialAction\":[{\"@type\":\"CommentAction\",\"name\":\"Comment\",\"target\":[\"https:\\\/\\\/www.anovapeneira.gal\\\/index.php\\\/2025\\\/04\\\/09\\\/o-pp-de-redondela-esixelle-ao-goberno-que-aproveite-o-convenio-coa-xunta-para-a-posta-en-valor-e-a-celebracion-de-actividades-na-illa-de-san-simon-tras-seis-anos-de-esquecemento\\\/#respond\"]}]},{\"@type\":\"WebPage\",\"@id\":\"https:\\\/\\\/www.anovapeneira.gal\\\/index.php\\\/2025\\\/04\\\/09\\\/o-pp-de-redondela-esixelle-ao-goberno-que-aproveite-o-convenio-coa-xunta-para-a-posta-en-valor-e-a-celebracion-de-actividades-na-illa-de-san-simon-tras-seis-anos-de-esquecemento\\\/\",\"url\":\"https:\\\/\\\/www.anovapeneira.gal\\\/index.php\\\/2025\\\/04\\\/09\\\/o-pp-de-redondela-esixelle-ao-goberno-que-aproveite-o-convenio-coa-xunta-para-a-posta-en-valor-e-a-celebracion-de-actividades-na-illa-de-san-simon-tras-seis-anos-de-esquecemento\\\/\",\"name\":\"O PP de Redondela es\u00edxelle ao goberno que aproveite o convenio coa Xunta para a posta en valor e a celebraci\u00f3n de actividades na Illa de San Sim\u00f3n tras seis anos de esquecemento -\",\"isPartOf\":{\"@id\":\"https:\\\/\\\/www.anovapeneira.gal\\\/#website\"},\"primaryImageOfPage\":{\"@id\":\"https:\\\/\\\/www.anovapeneira.gal\\\/index.php\\\/2025\\\/04\\\/09\\\/o-pp-de-redondela-esixelle-ao-goberno-que-aproveite-o-convenio-coa-xunta-para-a-posta-en-valor-e-a-celebracion-de-actividades-na-illa-de-san-simon-tras-seis-anos-de-esquecemento\\\/#primaryimage\"},\"image\":{\"@id\":\"https:\\\/\\\/www.anovapeneira.gal\\\/index.php\\\/2025\\\/04\\\/09\\\/o-pp-de-redondela-esixelle-ao-goberno-que-aproveite-o-convenio-coa-xunta-para-a-posta-en-valor-e-a-celebracion-de-actividades-na-illa-de-san-simon-tras-seis-anos-de-esquecemento\\\/#primaryimage\"},\"thumbnailUrl\":\"https:\\\/\\\/www.anovapeneira.gal\\\/wp-content\\\/uploads\\\/2023\\\/04\\\/pp_redondela.jpg\",\"datePublished\":\"2025-04-09T08:00:48+00:00\",\"breadcrumb\":{\"@id\":\"https:\\\/\\\/www.anovapeneira.gal\\\/index.php\\\/2025\\\/04\\\/09\\\/o-pp-de-redondela-esixelle-ao-goberno-que-aproveite-o-convenio-coa-xunta-para-a-posta-en-valor-e-a-celebracion-de-actividades-na-illa-de-san-simon-tras-seis-anos-de-esquecemento\\\/#breadcrumb\"},\"inLanguage\":\"gl-ES\",\"potentialAction\":[{\"@type\":\"ReadAction\",\"target\":[\"https:\\\/\\\/www.anovapeneira.gal\\\/index.php\\\/2025\\\/04\\\/09\\\/o-pp-de-redondela-esixelle-ao-goberno-que-aproveite-o-convenio-coa-xunta-para-a-posta-en-valor-e-a-celebracion-de-actividades-na-illa-de-san-simon-tras-seis-anos-de-esquecemento\\\/\"]}]},{\"@type\":\"ImageObject\",\"inLanguage\":\"gl-ES\",\"@id\":\"https:\\\/\\\/www.anovapeneira.gal\\\/index.php\\\/2025\\\/04\\\/09\\\/o-pp-de-redondela-esixelle-ao-goberno-que-aproveite-o-convenio-coa-xunta-para-a-posta-en-valor-e-a-celebracion-de-actividades-na-illa-de-san-simon-tras-seis-anos-de-esquecemento\\\/#primaryimage\",\"url\":\"https:\\\/\\\/www.anovapeneira.gal\\\/wp-content\\\/uploads\\\/2023\\\/04\\\/pp_redondela.jpg\",\"contentUrl\":\"https:\\\/\\\/www.anovapeneira.gal\\\/wp-content\\\/uploads\\\/2023\\\/04\\\/pp_redondela.jpg\",\"width\":720,\"height\":432,\"caption\":\"Javier Bas candidato do PP \u00e1 alcald\u00eda de Redondela\"},{\"@type\":\"BreadcrumbList\",\"@id\":\"https:\\\/\\\/www.anovapeneira.gal\\\/index.php\\\/2025\\\/04\\\/09\\\/o-pp-de-redondela-esixelle-ao-goberno-que-aproveite-o-convenio-coa-xunta-para-a-posta-en-valor-e-a-celebracion-de-actividades-na-illa-de-san-simon-tras-seis-anos-de-esquecemento\\\/#breadcrumb\",\"itemListElement\":[{\"@type\":\"ListItem\",\"position\":1,\"name\":\"Portada\",\"item\":\"https:\\\/\\\/www.anovapeneira.gal\\\/\"},{\"@type\":\"ListItem\",\"position\":2,\"name\":\"O PP de Redondela es\u00edxelle ao goberno que aproveite o convenio coa Xunta para a posta en valor e a celebraci\u00f3n de actividades na Illa de San Sim\u00f3n tras seis anos de esquecemento\"}]},{\"@type\":\"WebSite\",\"@id\":\"https:\\\/\\\/www.anovapeneira.gal\\\/#website\",\"url\":\"https:\\\/\\\/www.anovapeneira.gal\\\/\",\"name\":\"\",\"description\":\"Xornal galego de informaci\u00f3n xeral Publicaci\u00f3n mensual de novas de Galicia e en especial dos Concellos da sur da provincia de Pontevedra.\",\"publisher\":{\"@id\":\"https:\\\/\\\/www.anovapeneira.gal\\\/#organization\"},\"potentialAction\":[{\"@type\":\"SearchAction\",\"target\":{\"@type\":\"EntryPoint\",\"urlTemplate\":\"https:\\\/\\\/www.anovapeneira.gal\\\/?s={search_term_string}\"},\"query-input\":{\"@type\":\"PropertyValueSpecification\",\"valueRequired\":true,\"valueName\":\"search_term_string\"}}],\"inLanguage\":\"gl-ES\"},{\"@type\":\"Organization\",\"@id\":\"https:\\\/\\\/www.anovapeneira.gal\\\/#organization\",\"name\":\"A Nova Peneira\",\"url\":\"https:\\\/\\\/www.anovapeneira.gal\\\/\",\"logo\":{\"@type\":\"ImageObject\",\"inLanguage\":\"gl-ES\",\"@id\":\"https:\\\/\\\/www.anovapeneira.gal\\\/#\\\/schema\\\/logo\\\/image\\\/\",\"url\":\"http:\\\/\\\/www.anovapeneira.gal\\\/wp-content\\\/uploads\\\/2019\\\/06\\\/logo_a_nova_peneira_portal_web.png\",\"contentUrl\":\"http:\\\/\\\/www.anovapeneira.gal\\\/wp-content\\\/uploads\\\/2019\\\/06\\\/logo_a_nova_peneira_portal_web.png\",\"width\":300,\"height\":100,\"caption\":\"A Nova Peneira\"},\"image\":{\"@id\":\"https:\\\/\\\/www.anovapeneira.gal\\\/#\\\/schema\\\/logo\\\/image\\\/\"},\"sameAs\":[\"https:\\\/\\\/www.facebook.com\\\/anovapeneira\",\"https:\\\/\\\/x.com\\\/APeneira\"]},{\"@type\":\"Person\",\"@id\":\"https:\\\/\\\/www.anovapeneira.gal\\\/#\\\/schema\\\/person\\\/b93e3f8932e3f8da96334607eb6ac6aa\",\"name\":\"Redacci\u00f3n A Nova Peneira\",\"image\":{\"@type\":\"ImageObject\",\"inLanguage\":\"gl-ES\",\"@id\":\"https:\\\/\\\/secure.gravatar.com\\\/avatar\\\/c052a2551a06e23fac63626232eaa90abd78dbcf1700fc46a2b2c89fd27b735f?s=96&d=mm&r=g\",\"url\":\"https:\\\/\\\/secure.gravatar.com\\\/avatar\\\/c052a2551a06e23fac63626232eaa90abd78dbcf1700fc46a2b2c89fd27b735f?s=96&d=mm&r=g\",\"contentUrl\":\"https:\\\/\\\/secure.gravatar.com\\\/avatar\\\/c052a2551a06e23fac63626232eaa90abd78dbcf1700fc46a2b2c89fd27b735f?s=96&d=mm&r=g\",\"caption\":\"Redacci\u00f3n A Nova Peneira\"},\"sameAs\":[\"http:\\\/\\\/www.anovapeneira.gal\\\/\"],\"url\":\"https:\\\/\\\/www.anovapeneira.gal\\\/index.php\\\/author\\\/redactor\\\/\"}]}<\/script>\n<!-- \/ Yoast SEO plugin. -->","yoast_head_json":{"title":"O PP de Redondela es\u00edxelle ao goberno que aproveite o convenio coa Xunta para a posta en valor e a celebraci\u00f3n de actividades na Illa de San Sim\u00f3n tras seis anos de esquecemento -","robots":{"index":"index","follow":"follow","max-snippet":"max-snippet:-1","max-image-preview":"max-image-preview:large","max-video-preview":"max-video-preview:-1"},"canonical":"https:\/\/www.anovapeneira.gal\/index.php\/2025\/04\/09\/o-pp-de-redondela-esixelle-ao-goberno-que-aproveite-o-convenio-coa-xunta-para-a-posta-en-valor-e-a-celebracion-de-actividades-na-illa-de-san-simon-tras-seis-anos-de-esquecemento\/","og_locale":"gl_ES","og_type":"article","og_title":"O PP de Redondela es\u00edxelle ao goberno que aproveite o convenio coa Xunta para a posta en valor e a celebraci\u00f3n de actividades na Illa de San Sim\u00f3n tras seis anos de esquecemento -","og_description":"Os populares lembran que hai un acordo co Goberno galego que permite que o Concello empregue asiduamente este espazo e impulse a s\u00faa difusi\u00f3n, pero lamenta que o executivo \u201cnon fixera absolutamente nada\u201d neste emblem\u00e1tico arquip\u00e9lago da parroquia de Cesantes [...]","og_url":"https:\/\/www.anovapeneira.gal\/index.php\/2025\/04\/09\/o-pp-de-redondela-esixelle-ao-goberno-que-aproveite-o-convenio-coa-xunta-para-a-posta-en-valor-e-a-celebracion-de-actividades-na-illa-de-san-simon-tras-seis-anos-de-esquecemento\/","article_publisher":"https:\/\/www.facebook.com\/anovapeneira","article_published_time":"2025-04-09T08:00:48+00:00","og_image":[{"width":720,"height":432,"url":"https:\/\/www.anovapeneira.gal\/wp-content\/uploads\/2023\/04\/pp_redondela.jpg","type":"image\/jpeg"}],"author":"Redacci\u00f3n A Nova Peneira","twitter_card":"summary_large_image","twitter_creator":"@APeneira","twitter_site":"@APeneira","twitter_misc":{"Escrito por":"Redacci\u00f3n A Nova Peneira","Tempo de lectura":"4 minutos"},"schema":{"@context":"https:\/\/schema.org","@graph":[{"@type":"Article","@id":"https:\/\/www.anovapeneira.gal\/index.php\/2025\/04\/09\/o-pp-de-redondela-esixelle-ao-goberno-que-aproveite-o-convenio-coa-xunta-para-a-posta-en-valor-e-a-celebracion-de-actividades-na-illa-de-san-simon-tras-seis-anos-de-esquecemento\/#article","isPartOf":{"@id":"https:\/\/www.anovapeneira.gal\/index.php\/2025\/04\/09\/o-pp-de-redondela-esixelle-ao-goberno-que-aproveite-o-convenio-coa-xunta-para-a-posta-en-valor-e-a-celebracion-de-actividades-na-illa-de-san-simon-tras-seis-anos-de-esquecemento\/"},"author":{"name":"Redacci\u00f3n A Nova Peneira","@id":"https:\/\/www.anovapeneira.gal\/#\/schema\/person\/b93e3f8932e3f8da96334607eb6ac6aa"},"headline":"O PP de Redondela es\u00edxelle ao goberno que aproveite o convenio coa Xunta para a posta en valor e a celebraci\u00f3n de actividades na Illa de San Sim\u00f3n tras seis anos de esquecemento","datePublished":"2025-04-09T08:00:48+00:00","mainEntityOfPage":{"@id":"https:\/\/www.anovapeneira.gal\/index.php\/2025\/04\/09\/o-pp-de-redondela-esixelle-ao-goberno-que-aproveite-o-convenio-coa-xunta-para-a-posta-en-valor-e-a-celebracion-de-actividades-na-illa-de-san-simon-tras-seis-anos-de-esquecemento\/"},"wordCount":670,"commentCount":0,"publisher":{"@id":"https:\/\/www.anovapeneira.gal\/#organization"},"image":{"@id":"https:\/\/www.anovapeneira.gal\/index.php\/2025\/04\/09\/o-pp-de-redondela-esixelle-ao-goberno-que-aproveite-o-convenio-coa-xunta-para-a-posta-en-valor-e-a-celebracion-de-actividades-na-illa-de-san-simon-tras-seis-anos-de-esquecemento\/#primaryimage"},"thumbnailUrl":"https:\/\/www.anovapeneira.gal\/wp-content\/uploads\/2023\/04\/pp_redondela.jpg","keywords":["Concello de Redondela"],"articleSection":["Redondela"],"inLanguage":"gl-ES","potentialAction":[{"@type":"CommentAction","name":"Comment","target":["https:\/\/www.anovapeneira.gal\/index.php\/2025\/04\/09\/o-pp-de-redondela-esixelle-ao-goberno-que-aproveite-o-convenio-coa-xunta-para-a-posta-en-valor-e-a-celebracion-de-actividades-na-illa-de-san-simon-tras-seis-anos-de-esquecemento\/#respond"]}]},{"@type":"WebPage","@id":"https:\/\/www.anovapeneira.gal\/index.php\/2025\/04\/09\/o-pp-de-redondela-esixelle-ao-goberno-que-aproveite-o-convenio-coa-xunta-para-a-posta-en-valor-e-a-celebracion-de-actividades-na-illa-de-san-simon-tras-seis-anos-de-esquecemento\/","url":"https:\/\/www.anovapeneira.gal\/index.php\/2025\/04\/09\/o-pp-de-redondela-esixelle-ao-goberno-que-aproveite-o-convenio-coa-xunta-para-a-posta-en-valor-e-a-celebracion-de-actividades-na-illa-de-san-simon-tras-seis-anos-de-esquecemento\/","name":"O PP de Redondela es\u00edxelle ao goberno que aproveite o convenio coa Xunta para a posta en valor e a celebraci\u00f3n de actividades na Illa de San Sim\u00f3n tras seis anos de esquecemento -","isPartOf":{"@id":"https:\/\/www.anovapeneira.gal\/#website"},"primaryImageOfPage":{"@id":"https:\/\/www.anovapeneira.gal\/index.php\/2025\/04\/09\/o-pp-de-redondela-esixelle-ao-goberno-que-aproveite-o-convenio-coa-xunta-para-a-posta-en-valor-e-a-celebracion-de-actividades-na-illa-de-san-simon-tras-seis-anos-de-esquecemento\/#primaryimage"},"image":{"@id":"https:\/\/www.anovapeneira.gal\/index.php\/2025\/04\/09\/o-pp-de-redondela-esixelle-ao-goberno-que-aproveite-o-convenio-coa-xunta-para-a-posta-en-valor-e-a-celebracion-de-actividades-na-illa-de-san-simon-tras-seis-anos-de-esquecemento\/#primaryimage"},"thumbnailUrl":"https:\/\/www.anovapeneira.gal\/wp-content\/uploads\/2023\/04\/pp_redondela.jpg","datePublished":"2025-04-09T08:00:48+00:00","breadcrumb":{"@id":"https:\/\/www.anovapeneira.gal\/index.php\/2025\/04\/09\/o-pp-de-redondela-esixelle-ao-goberno-que-aproveite-o-convenio-coa-xunta-para-a-posta-en-valor-e-a-celebracion-de-actividades-na-illa-de-san-simon-tras-seis-anos-de-esquecemento\/#breadcrumb"},"inLanguage":"gl-ES","potentialAction":[{"@type":"ReadAction","target":["https:\/\/www.anovapeneira.gal\/index.php\/2025\/04\/09\/o-pp-de-redondela-esixelle-ao-goberno-que-aproveite-o-convenio-coa-xunta-para-a-posta-en-valor-e-a-celebracion-de-actividades-na-illa-de-san-simon-tras-seis-anos-de-esquecemento\/"]}]},{"@type":"ImageObject","inLanguage":"gl-ES","@id":"https:\/\/www.anovapeneira.gal\/index.php\/2025\/04\/09\/o-pp-de-redondela-esixelle-ao-goberno-que-aproveite-o-convenio-coa-xunta-para-a-posta-en-valor-e-a-celebracion-de-actividades-na-illa-de-san-simon-tras-seis-anos-de-esquecemento\/#primaryimage","url":"https:\/\/www.anovapeneira.gal\/wp-content\/uploads\/2023\/04\/pp_redondela.jpg","contentUrl":"https:\/\/www.anovapeneira.gal\/wp-content\/uploads\/2023\/04\/pp_redondela.jpg","width":720,"height":432,"caption":"Javier Bas candidato do PP \u00e1 alcald\u00eda de Redondela"},{"@type":"BreadcrumbList","@id":"https:\/\/www.anovapeneira.gal\/index.php\/2025\/04\/09\/o-pp-de-redondela-esixelle-ao-goberno-que-aproveite-o-convenio-coa-xunta-para-a-posta-en-valor-e-a-celebracion-de-actividades-na-illa-de-san-simon-tras-seis-anos-de-esquecemento\/#breadcrumb","itemListElement":[{"@type":"ListItem","position":1,"name":"Portada","item":"https:\/\/www.anovapeneira.gal\/"},{"@type":"ListItem","position":2,"name":"O PP de Redondela es\u00edxelle ao goberno que aproveite o convenio coa Xunta para a posta en valor e a celebraci\u00f3n de actividades na Illa de San Sim\u00f3n tras seis anos de esquecemento"}]},{"@type":"WebSite","@id":"https:\/\/www.anovapeneira.gal\/#website","url":"https:\/\/www.anovapeneira.gal\/","name":"","description":"Xornal galego de informaci\u00f3n xeral Publicaci\u00f3n mensual de novas de Galicia e en especial dos Concellos da sur da provincia de Pontevedra.","publisher":{"@id":"https:\/\/www.anovapeneira.gal\/#organization"},"potentialAction":[{"@type":"SearchAction","target":{"@type":"EntryPoint","urlTemplate":"https:\/\/www.anovapeneira.gal\/?s={search_term_string}"},"query-input":{"@type":"PropertyValueSpecification","valueRequired":true,"valueName":"search_term_string"}}],"inLanguage":"gl-ES"},{"@type":"Organization","@id":"https:\/\/www.anovapeneira.gal\/#organization","name":"A Nova Peneira","url":"https:\/\/www.anovapeneira.gal\/","logo":{"@type":"ImageObject","inLanguage":"gl-ES","@id":"https:\/\/www.anovapeneira.gal\/#\/schema\/logo\/image\/","url":"http:\/\/www.anovapeneira.gal\/wp-content\/uploads\/2019\/06\/logo_a_nova_peneira_portal_web.png","contentUrl":"http:\/\/www.anovapeneira.gal\/wp-content\/uploads\/2019\/06\/logo_a_nova_peneira_portal_web.png","width":300,"height":100,"caption":"A Nova Peneira"},"image":{"@id":"https:\/\/www.anovapeneira.gal\/#\/schema\/logo\/image\/"},"sameAs":["https:\/\/www.facebook.com\/anovapeneira","https:\/\/x.com\/APeneira"]},{"@type":"Person","@id":"https:\/\/www.anovapeneira.gal\/#\/schema\/person\/b93e3f8932e3f8da96334607eb6ac6aa","name":"Redacci\u00f3n A Nova Peneira","image":{"@type":"ImageObject","inLanguage":"gl-ES","@id":"https:\/\/secure.gravatar.com\/avatar\/c052a2551a06e23fac63626232eaa90abd78dbcf1700fc46a2b2c89fd27b735f?s=96&d=mm&r=g","url":"https:\/\/secure.gravatar.com\/avatar\/c052a2551a06e23fac63626232eaa90abd78dbcf1700fc46a2b2c89fd27b735f?s=96&d=mm&r=g","contentUrl":"https:\/\/secure.gravatar.com\/avatar\/c052a2551a06e23fac63626232eaa90abd78dbcf1700fc46a2b2c89fd27b735f?s=96&d=mm&r=g","caption":"Redacci\u00f3n A Nova Peneira"},"sameAs":["http:\/\/www.anovapeneira.gal\/"],"url":"https:\/\/www.anovapeneira.gal\/index.php\/author\/redactor\/"}]}},"jetpack_featured_media_url":"https:\/\/www.anovapeneira.gal\/wp-content\/uploads\/2023\/04\/pp_redondela.jpg","_links":{"self":[{"href":"https:\/\/www.anovapeneira.gal\/index.php\/wp-json\/wp\/v2\/posts\/13655","targetHints":{"allow":["GET"]}}],"collection":[{"href":"https:\/\/www.anovapeneira.gal\/index.php\/wp-json\/wp\/v2\/posts"}],"about":[{"href":"https:\/\/www.anovapeneira.gal\/index.php\/wp-json\/wp\/v2\/types\/post"}],"author":[{"embeddable":true,"href":"https:\/\/www.anovapeneira.gal\/index.php\/wp-json\/wp\/v2\/users\/3"}],"replies":[{"embeddable":true,"href":"https:\/\/www.anovapeneira.gal\/index.php\/wp-json\/wp\/v2\/comments?post=13655"}],"version-history":[{"count":1,"href":"https:\/\/www.anovapeneira.gal\/index.php\/wp-json\/wp\/v2\/posts\/13655\/revisions"}],"predecessor-version":[{"id":13656,"href":"https:\/\/www.anovapeneira.gal\/index.php\/wp-json\/wp\/v2\/posts\/13655\/revisions\/13656"}],"wp:featuredmedia":[{"embeddable":true,"href":"https:\/\/www.anovapeneira.gal\/index.php\/wp-json\/wp\/v2\/media\/9476"}],"wp:attachment":[{"href":"https:\/\/www.anovapeneira.gal\/index.php\/wp-json\/wp\/v2\/media?parent=13655"}],"wp:term":[{"taxonomy":"category","embeddable":true,"href":"https:\/\/www.anovapeneira.gal\/index.php\/wp-json\/wp\/v2\/categories?post=13655"},{"taxonomy":"post_tag","embeddable":true,"href":"https:\/\/www.anovapeneira.gal\/index.php\/wp-json\/wp\/v2\/tags?post=13655"}],"curies":[{"name":"wp","href":"https:\/\/api.w.org\/{rel}","templated":true}]}}