{"id":13657,"date":"2025-04-09T12:00:06","date_gmt":"2025-04-09T10:00:06","guid":{"rendered":"https:\/\/www.anovapeneira.gal\/?p=13657"},"modified":"2025-04-08T10:59:19","modified_gmt":"2025-04-08T08:59:19","slug":"o-bng-volve-pedir-explicacions-a-xunta-ante-a-inaccion-na-vivenda-de-arbo-asolagada-por-obras","status":"publish","type":"post","link":"https:\/\/www.anovapeneira.gal\/index.php\/2025\/04\/09\/o-bng-volve-pedir-explicacions-a-xunta-ante-a-inaccion-na-vivenda-de-arbo-asolagada-por-obras\/","title":{"rendered":"O BNG volve pedir explicaci\u00f3ns \u00e1 Xunta ante a inacci\u00f3n na vivenda de Arbo asolagada por obras"},"content":{"rendered":"\n<h2 class=\"wp-block-heading\"><strong>Cristina Fern\u00e1ndez logra o compromiso da Xunta de visitar a vivenda en busca dunha soluci\u00f3n<\/strong><\/h2>\n\n\n\n<p>A deputada do BNG, Cristina Fern\u00e1ndez, volveu tratar no Parlamento Galego a problem\u00e1tica da familia de Arbo que leva case dous anos soportando a entrada de auga na s\u00faa vivenda a causa das obras de humanizaci\u00f3n dunha r\u00faa.<\/p>\n\n\n\n<p>Fern\u00e1ndez lembrou que \u201cos traballos no subsolo realizados nesta obra, financiada pola Xunta de Galiza, provocaron o asolagamento na parcela desta familia e na s\u00faa vivenda. Estas filtraci\u00f3ns permanentes de auga no interior levan dende o 2023 causando estragos na vivenda, no mobiliario e nos equipamentos da mesma, e mesmo pode afectar \u00e1 s\u00faa estrutura\u201d, lamentou a deputada do Bloque, que esixiu \u00e1 Xunta que asuma a responsabilidade dos problemas que est\u00e1 a padecer esta familia, resolvendo o problema e repo\u00f1endo os \u00fatiles estragados.<\/p>\n\n\n\n<p>\u201cA familia advertiu dende o primeiro instante da situaci\u00f3n, e mesmo se realizou, sen \u00e9xito, un traballo de drenaxe para intentar corrixir a situaci\u00f3n\u201d, sinalou a parlamentaria nacionalista. A vista de que as\u00ed non se resolveu o problema, Cristina Fern\u00e1ndez instou \u00e1 Xunta a que planifiquen cos seus servizos t\u00e9cnicos unha nova actuaci\u00f3n para evitar as filtraci\u00f3ns de auga na vivenda de xeito definitivo, logrando o compromiso da Xunta de visitar a zona para avaliar posibles actuaci\u00f3ns.<\/p>\n\n\n\n<p>Cristina Fern\u00e1ndez indicou que \u201ca propia Directora Xeral de Urbanismo da Xunta admitiu en sede parlamentaria que non estaban a realizar ningunha actuaci\u00f3n para resolver o problema\u201d. A deputada do BNG lamentou esta inacci\u00f3n \u201cmentres a familia contin\u00faa desesperada cun grave problema sen resolver. As persoas propietarias da vivenda asolagada est\u00e1n ao l\u00edmite das s\u00faas forzas e frustradas ante a ineficacia e a desidia dos gobernos do PP \u00e1 fronte da Xunta e do Concello\u201d, conclu\u00edu Fern\u00e1ndez.<\/p>\n","protected":false},"excerpt":{"rendered":"<div class=\"mh-excerpt\"><p>Cristina Fern\u00e1ndez logra o compromiso da Xunta de visitar a vivenda en busca dunha soluci\u00f3n <a class=\"mh-excerpt-more\" href=\"https:\/\/www.anovapeneira.gal\/index.php\/2025\/04\/09\/o-bng-volve-pedir-explicacions-a-xunta-ante-a-inaccion-na-vivenda-de-arbo-asolagada-por-obras\/\" title=\"O BNG volve pedir explicaci\u00f3ns \u00e1 Xunta ante a inacci\u00f3n na vivenda de Arbo asolagada por obras\">[&#8230;]<\/a><\/p>\n<\/div>","protected":false},"author":3,"featured_media":0,"comment_status":"open","ping_status":"open","sticky":false,"template":"","format":"standard","meta":{"_exactmetrics_skip_tracking":false,"_exactmetrics_sitenote_active":false,"_exactmetrics_sitenote_note":"","_exactmetrics_sitenote_category":0,"footnotes":""},"categories":[25],"tags":[444],"class_list":{"0":"post-13657","1":"post","2":"type-post","3":"status-publish","4":"format-standard","6":"category-condado","7":"tag-concello-de-arbo"},"yoast_head":"<!-- This site is optimized with the Yoast SEO plugin v27.4 - https:\/\/yoast.com\/product\/yoast-seo-wordpress\/ -->\n<title>O BNG volve pedir explicaci\u00f3ns \u00e1 Xunta ante a inacci\u00f3n na vivenda de Arbo asolagada por obras -<\/title>\n<meta name=\"robots\" content=\"index, follow, max-snippet:-1, max-image-preview:large, max-video-preview:-1\" \/>\n<link rel=\"canonical\" href=\"https:\/\/www.anovapeneira.gal\/index.php\/2025\/04\/09\/o-bng-volve-pedir-explicacions-a-xunta-ante-a-inaccion-na-vivenda-de-arbo-asolagada-por-obras\/\" \/>\n<meta property=\"og:locale\" content=\"gl_ES\" \/>\n<meta property=\"og:type\" content=\"article\" \/>\n<meta property=\"og:title\" content=\"O BNG volve pedir explicaci\u00f3ns \u00e1 Xunta ante a inacci\u00f3n na vivenda de Arbo asolagada por obras -\" \/>\n<meta property=\"og:description\" content=\"Cristina Fern\u00e1ndez logra o compromiso da Xunta de visitar a vivenda en busca dunha soluci\u00f3n [...]\" \/>\n<meta property=\"og:url\" content=\"https:\/\/www.anovapeneira.gal\/index.php\/2025\/04\/09\/o-bng-volve-pedir-explicacions-a-xunta-ante-a-inaccion-na-vivenda-de-arbo-asolagada-por-obras\/\" \/>\n<meta property=\"article:publisher\" content=\"https:\/\/www.facebook.com\/anovapeneira\" \/>\n<meta property=\"article:published_time\" content=\"2025-04-09T10:00:06+00:00\" \/>\n<meta name=\"author\" content=\"Redacci\u00f3n A Nova Peneira\" \/>\n<meta name=\"twitter:card\" content=\"summary_large_image\" \/>\n<meta name=\"twitter:creator\" content=\"@APeneira\" \/>\n<meta name=\"twitter:site\" content=\"@APeneira\" \/>\n<meta name=\"twitter:label1\" content=\"Escrito por\" \/>\n\t<meta name=\"twitter:data1\" content=\"Redacci\u00f3n A Nova Peneira\" \/>\n\t<meta name=\"twitter:label2\" content=\"Tempo de lectura\" \/>\n\t<meta name=\"twitter:data2\" content=\"2 minutos\" \/>\n<script type=\"application\/ld+json\" class=\"yoast-schema-graph\">{\"@context\":\"https:\\\/\\\/schema.org\",\"@graph\":[{\"@type\":\"Article\",\"@id\":\"https:\\\/\\\/www.anovapeneira.gal\\\/index.php\\\/2025\\\/04\\\/09\\\/o-bng-volve-pedir-explicacions-a-xunta-ante-a-inaccion-na-vivenda-de-arbo-asolagada-por-obras\\\/#article\",\"isPartOf\":{\"@id\":\"https:\\\/\\\/www.anovapeneira.gal\\\/index.php\\\/2025\\\/04\\\/09\\\/o-bng-volve-pedir-explicacions-a-xunta-ante-a-inaccion-na-vivenda-de-arbo-asolagada-por-obras\\\/\"},\"author\":{\"name\":\"Redacci\u00f3n A Nova Peneira\",\"@id\":\"https:\\\/\\\/www.anovapeneira.gal\\\/#\\\/schema\\\/person\\\/b93e3f8932e3f8da96334607eb6ac6aa\"},\"headline\":\"O BNG volve pedir explicaci\u00f3ns \u00e1 Xunta ante a inacci\u00f3n na vivenda de Arbo asolagada por obras\",\"datePublished\":\"2025-04-09T10:00:06+00:00\",\"mainEntityOfPage\":{\"@id\":\"https:\\\/\\\/www.anovapeneira.gal\\\/index.php\\\/2025\\\/04\\\/09\\\/o-bng-volve-pedir-explicacions-a-xunta-ante-a-inaccion-na-vivenda-de-arbo-asolagada-por-obras\\\/\"},\"wordCount\":332,\"commentCount\":0,\"publisher\":{\"@id\":\"https:\\\/\\\/www.anovapeneira.gal\\\/#organization\"},\"keywords\":[\"Concello de Arbo\"],\"articleSection\":[\"Condado\"],\"inLanguage\":\"gl-ES\",\"potentialAction\":[{\"@type\":\"CommentAction\",\"name\":\"Comment\",\"target\":[\"https:\\\/\\\/www.anovapeneira.gal\\\/index.php\\\/2025\\\/04\\\/09\\\/o-bng-volve-pedir-explicacions-a-xunta-ante-a-inaccion-na-vivenda-de-arbo-asolagada-por-obras\\\/#respond\"]}]},{\"@type\":\"WebPage\",\"@id\":\"https:\\\/\\\/www.anovapeneira.gal\\\/index.php\\\/2025\\\/04\\\/09\\\/o-bng-volve-pedir-explicacions-a-xunta-ante-a-inaccion-na-vivenda-de-arbo-asolagada-por-obras\\\/\",\"url\":\"https:\\\/\\\/www.anovapeneira.gal\\\/index.php\\\/2025\\\/04\\\/09\\\/o-bng-volve-pedir-explicacions-a-xunta-ante-a-inaccion-na-vivenda-de-arbo-asolagada-por-obras\\\/\",\"name\":\"O BNG volve pedir explicaci\u00f3ns \u00e1 Xunta ante a inacci\u00f3n na vivenda de Arbo asolagada por obras -\",\"isPartOf\":{\"@id\":\"https:\\\/\\\/www.anovapeneira.gal\\\/#website\"},\"datePublished\":\"2025-04-09T10:00:06+00:00\",\"breadcrumb\":{\"@id\":\"https:\\\/\\\/www.anovapeneira.gal\\\/index.php\\\/2025\\\/04\\\/09\\\/o-bng-volve-pedir-explicacions-a-xunta-ante-a-inaccion-na-vivenda-de-arbo-asolagada-por-obras\\\/#breadcrumb\"},\"inLanguage\":\"gl-ES\",\"potentialAction\":[{\"@type\":\"ReadAction\",\"target\":[\"https:\\\/\\\/www.anovapeneira.gal\\\/index.php\\\/2025\\\/04\\\/09\\\/o-bng-volve-pedir-explicacions-a-xunta-ante-a-inaccion-na-vivenda-de-arbo-asolagada-por-obras\\\/\"]}]},{\"@type\":\"BreadcrumbList\",\"@id\":\"https:\\\/\\\/www.anovapeneira.gal\\\/index.php\\\/2025\\\/04\\\/09\\\/o-bng-volve-pedir-explicacions-a-xunta-ante-a-inaccion-na-vivenda-de-arbo-asolagada-por-obras\\\/#breadcrumb\",\"itemListElement\":[{\"@type\":\"ListItem\",\"position\":1,\"name\":\"Portada\",\"item\":\"https:\\\/\\\/www.anovapeneira.gal\\\/\"},{\"@type\":\"ListItem\",\"position\":2,\"name\":\"O BNG volve pedir explicaci\u00f3ns \u00e1 Xunta ante a inacci\u00f3n na vivenda de Arbo asolagada por obras\"}]},{\"@type\":\"WebSite\",\"@id\":\"https:\\\/\\\/www.anovapeneira.gal\\\/#website\",\"url\":\"https:\\\/\\\/www.anovapeneira.gal\\\/\",\"name\":\"\",\"description\":\"Xornal galego de informaci\u00f3n xeral Publicaci\u00f3n mensual de novas de Galicia e en especial dos Concellos da sur da provincia de Pontevedra.\",\"publisher\":{\"@id\":\"https:\\\/\\\/www.anovapeneira.gal\\\/#organization\"},\"potentialAction\":[{\"@type\":\"SearchAction\",\"target\":{\"@type\":\"EntryPoint\",\"urlTemplate\":\"https:\\\/\\\/www.anovapeneira.gal\\\/?s={search_term_string}\"},\"query-input\":{\"@type\":\"PropertyValueSpecification\",\"valueRequired\":true,\"valueName\":\"search_term_string\"}}],\"inLanguage\":\"gl-ES\"},{\"@type\":\"Organization\",\"@id\":\"https:\\\/\\\/www.anovapeneira.gal\\\/#organization\",\"name\":\"A Nova Peneira\",\"url\":\"https:\\\/\\\/www.anovapeneira.gal\\\/\",\"logo\":{\"@type\":\"ImageObject\",\"inLanguage\":\"gl-ES\",\"@id\":\"https:\\\/\\\/www.anovapeneira.gal\\\/#\\\/schema\\\/logo\\\/image\\\/\",\"url\":\"http:\\\/\\\/www.anovapeneira.gal\\\/wp-content\\\/uploads\\\/2019\\\/06\\\/logo_a_nova_peneira_portal_web.png\",\"contentUrl\":\"http:\\\/\\\/www.anovapeneira.gal\\\/wp-content\\\/uploads\\\/2019\\\/06\\\/logo_a_nova_peneira_portal_web.png\",\"width\":300,\"height\":100,\"caption\":\"A Nova Peneira\"},\"image\":{\"@id\":\"https:\\\/\\\/www.anovapeneira.gal\\\/#\\\/schema\\\/logo\\\/image\\\/\"},\"sameAs\":[\"https:\\\/\\\/www.facebook.com\\\/anovapeneira\",\"https:\\\/\\\/x.com\\\/APeneira\"]},{\"@type\":\"Person\",\"@id\":\"https:\\\/\\\/www.anovapeneira.gal\\\/#\\\/schema\\\/person\\\/b93e3f8932e3f8da96334607eb6ac6aa\",\"name\":\"Redacci\u00f3n A Nova Peneira\",\"image\":{\"@type\":\"ImageObject\",\"inLanguage\":\"gl-ES\",\"@id\":\"https:\\\/\\\/secure.gravatar.com\\\/avatar\\\/c052a2551a06e23fac63626232eaa90abd78dbcf1700fc46a2b2c89fd27b735f?s=96&d=mm&r=g\",\"url\":\"https:\\\/\\\/secure.gravatar.com\\\/avatar\\\/c052a2551a06e23fac63626232eaa90abd78dbcf1700fc46a2b2c89fd27b735f?s=96&d=mm&r=g\",\"contentUrl\":\"https:\\\/\\\/secure.gravatar.com\\\/avatar\\\/c052a2551a06e23fac63626232eaa90abd78dbcf1700fc46a2b2c89fd27b735f?s=96&d=mm&r=g\",\"caption\":\"Redacci\u00f3n A Nova Peneira\"},\"sameAs\":[\"http:\\\/\\\/www.anovapeneira.gal\\\/\"],\"url\":\"https:\\\/\\\/www.anovapeneira.gal\\\/index.php\\\/author\\\/redactor\\\/\"}]}<\/script>\n<!-- \/ Yoast SEO plugin. -->","yoast_head_json":{"title":"O BNG volve pedir explicaci\u00f3ns \u00e1 Xunta ante a inacci\u00f3n na vivenda de Arbo asolagada por obras -","robots":{"index":"index","follow":"follow","max-snippet":"max-snippet:-1","max-image-preview":"max-image-preview:large","max-video-preview":"max-video-preview:-1"},"canonical":"https:\/\/www.anovapeneira.gal\/index.php\/2025\/04\/09\/o-bng-volve-pedir-explicacions-a-xunta-ante-a-inaccion-na-vivenda-de-arbo-asolagada-por-obras\/","og_locale":"gl_ES","og_type":"article","og_title":"O BNG volve pedir explicaci\u00f3ns \u00e1 Xunta ante a inacci\u00f3n na vivenda de Arbo asolagada por obras -","og_description":"Cristina Fern\u00e1ndez logra o compromiso da Xunta de visitar a vivenda en busca dunha soluci\u00f3n [...]","og_url":"https:\/\/www.anovapeneira.gal\/index.php\/2025\/04\/09\/o-bng-volve-pedir-explicacions-a-xunta-ante-a-inaccion-na-vivenda-de-arbo-asolagada-por-obras\/","article_publisher":"https:\/\/www.facebook.com\/anovapeneira","article_published_time":"2025-04-09T10:00:06+00:00","author":"Redacci\u00f3n A Nova Peneira","twitter_card":"summary_large_image","twitter_creator":"@APeneira","twitter_site":"@APeneira","twitter_misc":{"Escrito por":"Redacci\u00f3n A Nova Peneira","Tempo de lectura":"2 minutos"},"schema":{"@context":"https:\/\/schema.org","@graph":[{"@type":"Article","@id":"https:\/\/www.anovapeneira.gal\/index.php\/2025\/04\/09\/o-bng-volve-pedir-explicacions-a-xunta-ante-a-inaccion-na-vivenda-de-arbo-asolagada-por-obras\/#article","isPartOf":{"@id":"https:\/\/www.anovapeneira.gal\/index.php\/2025\/04\/09\/o-bng-volve-pedir-explicacions-a-xunta-ante-a-inaccion-na-vivenda-de-arbo-asolagada-por-obras\/"},"author":{"name":"Redacci\u00f3n A Nova Peneira","@id":"https:\/\/www.anovapeneira.gal\/#\/schema\/person\/b93e3f8932e3f8da96334607eb6ac6aa"},"headline":"O BNG volve pedir explicaci\u00f3ns \u00e1 Xunta ante a inacci\u00f3n na vivenda de Arbo asolagada por obras","datePublished":"2025-04-09T10:00:06+00:00","mainEntityOfPage":{"@id":"https:\/\/www.anovapeneira.gal\/index.php\/2025\/04\/09\/o-bng-volve-pedir-explicacions-a-xunta-ante-a-inaccion-na-vivenda-de-arbo-asolagada-por-obras\/"},"wordCount":332,"commentCount":0,"publisher":{"@id":"https:\/\/www.anovapeneira.gal\/#organization"},"keywords":["Concello de Arbo"],"articleSection":["Condado"],"inLanguage":"gl-ES","potentialAction":[{"@type":"CommentAction","name":"Comment","target":["https:\/\/www.anovapeneira.gal\/index.php\/2025\/04\/09\/o-bng-volve-pedir-explicacions-a-xunta-ante-a-inaccion-na-vivenda-de-arbo-asolagada-por-obras\/#respond"]}]},{"@type":"WebPage","@id":"https:\/\/www.anovapeneira.gal\/index.php\/2025\/04\/09\/o-bng-volve-pedir-explicacions-a-xunta-ante-a-inaccion-na-vivenda-de-arbo-asolagada-por-obras\/","url":"https:\/\/www.anovapeneira.gal\/index.php\/2025\/04\/09\/o-bng-volve-pedir-explicacions-a-xunta-ante-a-inaccion-na-vivenda-de-arbo-asolagada-por-obras\/","name":"O BNG volve pedir explicaci\u00f3ns \u00e1 Xunta ante a inacci\u00f3n na vivenda de Arbo asolagada por obras -","isPartOf":{"@id":"https:\/\/www.anovapeneira.gal\/#website"},"datePublished":"2025-04-09T10:00:06+00:00","breadcrumb":{"@id":"https:\/\/www.anovapeneira.gal\/index.php\/2025\/04\/09\/o-bng-volve-pedir-explicacions-a-xunta-ante-a-inaccion-na-vivenda-de-arbo-asolagada-por-obras\/#breadcrumb"},"inLanguage":"gl-ES","potentialAction":[{"@type":"ReadAction","target":["https:\/\/www.anovapeneira.gal\/index.php\/2025\/04\/09\/o-bng-volve-pedir-explicacions-a-xunta-ante-a-inaccion-na-vivenda-de-arbo-asolagada-por-obras\/"]}]},{"@type":"BreadcrumbList","@id":"https:\/\/www.anovapeneira.gal\/index.php\/2025\/04\/09\/o-bng-volve-pedir-explicacions-a-xunta-ante-a-inaccion-na-vivenda-de-arbo-asolagada-por-obras\/#breadcrumb","itemListElement":[{"@type":"ListItem","position":1,"name":"Portada","item":"https:\/\/www.anovapeneira.gal\/"},{"@type":"ListItem","position":2,"name":"O BNG volve pedir explicaci\u00f3ns \u00e1 Xunta ante a inacci\u00f3n na vivenda de Arbo asolagada por obras"}]},{"@type":"WebSite","@id":"https:\/\/www.anovapeneira.gal\/#website","url":"https:\/\/www.anovapeneira.gal\/","name":"","description":"Xornal galego de informaci\u00f3n xeral Publicaci\u00f3n mensual de novas de Galicia e en especial dos Concellos da sur da provincia de Pontevedra.","publisher":{"@id":"https:\/\/www.anovapeneira.gal\/#organization"},"potentialAction":[{"@type":"SearchAction","target":{"@type":"EntryPoint","urlTemplate":"https:\/\/www.anovapeneira.gal\/?s={search_term_string}"},"query-input":{"@type":"PropertyValueSpecification","valueRequired":true,"valueName":"search_term_string"}}],"inLanguage":"gl-ES"},{"@type":"Organization","@id":"https:\/\/www.anovapeneira.gal\/#organization","name":"A Nova Peneira","url":"https:\/\/www.anovapeneira.gal\/","logo":{"@type":"ImageObject","inLanguage":"gl-ES","@id":"https:\/\/www.anovapeneira.gal\/#\/schema\/logo\/image\/","url":"http:\/\/www.anovapeneira.gal\/wp-content\/uploads\/2019\/06\/logo_a_nova_peneira_portal_web.png","contentUrl":"http:\/\/www.anovapeneira.gal\/wp-content\/uploads\/2019\/06\/logo_a_nova_peneira_portal_web.png","width":300,"height":100,"caption":"A Nova Peneira"},"image":{"@id":"https:\/\/www.anovapeneira.gal\/#\/schema\/logo\/image\/"},"sameAs":["https:\/\/www.facebook.com\/anovapeneira","https:\/\/x.com\/APeneira"]},{"@type":"Person","@id":"https:\/\/www.anovapeneira.gal\/#\/schema\/person\/b93e3f8932e3f8da96334607eb6ac6aa","name":"Redacci\u00f3n A Nova Peneira","image":{"@type":"ImageObject","inLanguage":"gl-ES","@id":"https:\/\/secure.gravatar.com\/avatar\/c052a2551a06e23fac63626232eaa90abd78dbcf1700fc46a2b2c89fd27b735f?s=96&d=mm&r=g","url":"https:\/\/secure.gravatar.com\/avatar\/c052a2551a06e23fac63626232eaa90abd78dbcf1700fc46a2b2c89fd27b735f?s=96&d=mm&r=g","contentUrl":"https:\/\/secure.gravatar.com\/avatar\/c052a2551a06e23fac63626232eaa90abd78dbcf1700fc46a2b2c89fd27b735f?s=96&d=mm&r=g","caption":"Redacci\u00f3n A Nova Peneira"},"sameAs":["http:\/\/www.anovapeneira.gal\/"],"url":"https:\/\/www.anovapeneira.gal\/index.php\/author\/redactor\/"}]}},"jetpack_featured_media_url":"","_links":{"self":[{"href":"https:\/\/www.anovapeneira.gal\/index.php\/wp-json\/wp\/v2\/posts\/13657","targetHints":{"allow":["GET"]}}],"collection":[{"href":"https:\/\/www.anovapeneira.gal\/index.php\/wp-json\/wp\/v2\/posts"}],"about":[{"href":"https:\/\/www.anovapeneira.gal\/index.php\/wp-json\/wp\/v2\/types\/post"}],"author":[{"embeddable":true,"href":"https:\/\/www.anovapeneira.gal\/index.php\/wp-json\/wp\/v2\/users\/3"}],"replies":[{"embeddable":true,"href":"https:\/\/www.anovapeneira.gal\/index.php\/wp-json\/wp\/v2\/comments?post=13657"}],"version-history":[{"count":3,"href":"https:\/\/www.anovapeneira.gal\/index.php\/wp-json\/wp\/v2\/posts\/13657\/revisions"}],"predecessor-version":[{"id":13662,"href":"https:\/\/www.anovapeneira.gal\/index.php\/wp-json\/wp\/v2\/posts\/13657\/revisions\/13662"}],"wp:attachment":[{"href":"https:\/\/www.anovapeneira.gal\/index.php\/wp-json\/wp\/v2\/media?parent=13657"}],"wp:term":[{"taxonomy":"category","embeddable":true,"href":"https:\/\/www.anovapeneira.gal\/index.php\/wp-json\/wp\/v2\/categories?post=13657"},{"taxonomy":"post_tag","embeddable":true,"href":"https:\/\/www.anovapeneira.gal\/index.php\/wp-json\/wp\/v2\/tags?post=13657"}],"curies":[{"name":"wp","href":"https:\/\/api.w.org\/{rel}","templated":true}]}}