{"id":13671,"date":"2025-04-10T12:00:30","date_gmt":"2025-04-10T10:00:30","guid":{"rendered":"https:\/\/www.anovapeneira.gal\/?p=13671"},"modified":"2025-04-09T10:43:44","modified_gmt":"2025-04-09T08:43:44","slug":"mellora-a-seguridade-viaria-na-estrada-de-porto-cabeiro-cunha-nova-calzada-e-beirarruas","status":"publish","type":"post","link":"https:\/\/www.anovapeneira.gal\/index.php\/2025\/04\/10\/mellora-a-seguridade-viaria-na-estrada-de-porto-cabeiro-cunha-nova-calzada-e-beirarruas\/","title":{"rendered":"Mellora a seguridade viaria na estrada de Porto Cabeiro cunha nova calzada e beirarr\u00faas"},"content":{"rendered":"\n<p><em>O<\/em><em> proxecto contempla a reforma integral da estrada no tramo entre a N-555 e o cami\u00f1o do Campi\u00f1o, nas inmediaci\u00f3ns do CEIP Porto Cabeiro. A alcaldesa, Digna Rivas, sinala que esta humanizaci\u00f3n ten un dobre obxectivo, \u201cpor unha banda ordenar os espazos dando prioridade ao pe\u00f3n, cun acceso m\u00e1is seguro para o colexio, e por outra renovar os servizos urbanos que se atopan en mal estado\u201d.<\/em><\/p>\n\n\n\n<p><em>&#8211; A nova estrada ter\u00e1 unha calzada de 5,8 metros de ancho, e beirarr\u00faa nunha das marxes cun ancho variable de 1,1 metros nas zonas m\u00e1is estreitas e 3 metros nas m\u00e1is amplas. As obras lic\u00edtanse por un importe de m\u00e1is de 530.000 euros dentro do plan +Provincia da Deputaci\u00f3n de Pontevedra. Dentro deste programa tam\u00e9n se incl\u00fae a reforma total da pista polideportiva ao aire libre do CEIP Porto Cabeiro.<\/em><\/p>\n\n\n\n<p>Redondela, 4 de abril de 2025. O Concello de Redondela mellorar\u00e1 a seguridade viaria no tramo da estrada de Porto Cabeiro comprendido entre a N-555 e o cami\u00f1o do Campi\u00f1o, nas inmediaci\u00f3ns do cruce onde se atopa o CEIP Porto Cabeiro. A alcaldesa, Digna Rivas, sinala que no marco que segue o Concello para crear contornas urbanas \u201cm\u00e1is accesibles e adaptadas \u00e1s persoas\u201d, a humanizaci\u00f3n deste treito ten un dobre obxectivo, \u201cpor unha banda ordenar os espazos de forma m\u00e1is equilibrada, dando prioridade ao pe\u00f3n, e por outra parte renovar e mellorar os servizos urbanos que se atopan en mal estado\u201d.<\/p>\n\n\n\n<p>A situaci\u00f3n actual da r\u00faa caracter\u00edzase por un estado de conservaci\u00f3n deficiente debido<\/p>\n\n\n\n<p>ao paso do tempo e \u00e1s sucesivas reformas parciais. A ausencia case total de beirarr\u00faas, os parches e as intervenci\u00f3ns illadas realizadas ao longo dos anos fan recomendable a renovaci\u00f3n integral dos acabados. Tam\u00e9n \u00e9 necesario renovar a rede de drenaxe.<\/p>\n\n\n\n<p>Esta renovaci\u00f3n integral da estrada permitir\u00e1 inclu\u00edr un paso peonil seguro para facilitar o acceso ao CEIP Porto Cabeiro desde a N-555, cunha beirarr\u00faa dunha das marxes da v\u00eda. A estrada ten un ancho variable, de entre 6,50 m e 9,00 m. A nova calzada ter\u00e1 5,8 metros, con carr\u00eds de 2,75 metros cada un. A beirarr\u00faa ter\u00e1 un ancho variable, de entre entre 1,1 metros e 3 metros. Tam\u00e9n se incluir\u00e1n elementos vexetais ao longo do itinerario. Os traballos licitaranse por un importe superior aos 530.000 euros dentro do plan +Provincia financiado pola Deputaci\u00f3n de Pontevedra.<\/p>\n\n\n\n<p><strong>Renovaci\u00f3n pista polideportiva CEIP Porto Cabeiro<\/strong><\/p>\n\n\n\n<p>A pista polideportiva ao aire libre do CEIP Porto Cabeiro conta actualmente cun firme de asfalto en malas condici\u00f3ns. Neste espazo, de m\u00e1is de 900 metros cadrados, construirase unha nova pista de formig\u00f3n pulido, que levar\u00e1 un tratamento para evitar esvar\u00f3ns. Esta nova pista permitir\u00e1 unha pr\u00e1ctica do deporte m\u00e1is c\u00f3moda e segura, tanto para o alumnado do centro como para a veci\u00f1anza da contorna que utiliza este espazo deportivo municipal. Estes traballos, que tam\u00e9n se incl\u00faen no plan +Provincia, contan cun orzamento de 48.000 euros, e unha parte ser\u00e1 financiada con fondos municipais.<\/p>\n","protected":false},"excerpt":{"rendered":"<div class=\"mh-excerpt\"><p>O proxecto contempla a reforma integral da estrada no tramo entre a N-555 e o cami\u00f1o do Campi\u00f1o, nas inmediaci\u00f3ns do CEIP Porto Cabeiro. <a class=\"mh-excerpt-more\" href=\"https:\/\/www.anovapeneira.gal\/index.php\/2025\/04\/10\/mellora-a-seguridade-viaria-na-estrada-de-porto-cabeiro-cunha-nova-calzada-e-beirarruas\/\" title=\"Mellora a seguridade viaria na estrada de Porto Cabeiro cunha nova calzada e beirarr\u00faas\">[&#8230;]<\/a><\/p>\n<\/div>","protected":false},"author":3,"featured_media":13672,"comment_status":"open","ping_status":"open","sticky":false,"template":"","format":"standard","meta":{"_exactmetrics_skip_tracking":false,"_exactmetrics_sitenote_active":false,"_exactmetrics_sitenote_note":"","_exactmetrics_sitenote_category":0,"footnotes":""},"categories":[24],"tags":[171],"class_list":{"0":"post-13671","1":"post","2":"type-post","3":"status-publish","4":"format-standard","5":"has-post-thumbnail","7":"category-redondela","8":"tag-concello-de-redondela"},"yoast_head":"<!-- This site is optimized with the Yoast SEO plugin v27.4 - https:\/\/yoast.com\/product\/yoast-seo-wordpress\/ -->\n<title>Mellora a seguridade viaria na estrada de Porto Cabeiro cunha nova calzada e beirarr\u00faas -<\/title>\n<meta name=\"robots\" content=\"index, follow, max-snippet:-1, max-image-preview:large, max-video-preview:-1\" \/>\n<link rel=\"canonical\" href=\"https:\/\/www.anovapeneira.gal\/index.php\/2025\/04\/10\/mellora-a-seguridade-viaria-na-estrada-de-porto-cabeiro-cunha-nova-calzada-e-beirarruas\/\" \/>\n<meta property=\"og:locale\" content=\"gl_ES\" \/>\n<meta property=\"og:type\" content=\"article\" \/>\n<meta property=\"og:title\" content=\"Mellora a seguridade viaria na estrada de Porto Cabeiro cunha nova calzada e beirarr\u00faas -\" \/>\n<meta property=\"og:description\" content=\"O proxecto contempla a reforma integral da estrada no tramo entre a N-555 e o cami\u00f1o do Campi\u00f1o, nas inmediaci\u00f3ns do CEIP Porto Cabeiro. [...]\" \/>\n<meta property=\"og:url\" content=\"https:\/\/www.anovapeneira.gal\/index.php\/2025\/04\/10\/mellora-a-seguridade-viaria-na-estrada-de-porto-cabeiro-cunha-nova-calzada-e-beirarruas\/\" \/>\n<meta property=\"article:publisher\" content=\"https:\/\/www.facebook.com\/anovapeneira\" \/>\n<meta property=\"article:published_time\" content=\"2025-04-10T10:00:30+00:00\" \/>\n<meta property=\"og:image\" content=\"https:\/\/www.anovapeneira.gal\/wp-content\/uploads\/2025\/04\/porto_cabeiro.png\" \/>\n\t<meta property=\"og:image:width\" content=\"720\" \/>\n\t<meta property=\"og:image:height\" content=\"432\" \/>\n\t<meta property=\"og:image:type\" content=\"image\/png\" \/>\n<meta name=\"author\" content=\"Redacci\u00f3n A Nova Peneira\" \/>\n<meta name=\"twitter:card\" content=\"summary_large_image\" \/>\n<meta name=\"twitter:creator\" content=\"@APeneira\" \/>\n<meta name=\"twitter:site\" content=\"@APeneira\" \/>\n<meta name=\"twitter:label1\" content=\"Escrito por\" \/>\n\t<meta name=\"twitter:data1\" content=\"Redacci\u00f3n A Nova Peneira\" \/>\n\t<meta name=\"twitter:label2\" content=\"Tempo de lectura\" \/>\n\t<meta name=\"twitter:data2\" content=\"3 minutos\" \/>\n<script type=\"application\/ld+json\" class=\"yoast-schema-graph\">{\"@context\":\"https:\\\/\\\/schema.org\",\"@graph\":[{\"@type\":\"Article\",\"@id\":\"https:\\\/\\\/www.anovapeneira.gal\\\/index.php\\\/2025\\\/04\\\/10\\\/mellora-a-seguridade-viaria-na-estrada-de-porto-cabeiro-cunha-nova-calzada-e-beirarruas\\\/#article\",\"isPartOf\":{\"@id\":\"https:\\\/\\\/www.anovapeneira.gal\\\/index.php\\\/2025\\\/04\\\/10\\\/mellora-a-seguridade-viaria-na-estrada-de-porto-cabeiro-cunha-nova-calzada-e-beirarruas\\\/\"},\"author\":{\"name\":\"Redacci\u00f3n A Nova Peneira\",\"@id\":\"https:\\\/\\\/www.anovapeneira.gal\\\/#\\\/schema\\\/person\\\/b93e3f8932e3f8da96334607eb6ac6aa\"},\"headline\":\"Mellora a seguridade viaria na estrada de Porto Cabeiro cunha nova calzada e beirarr\u00faas\",\"datePublished\":\"2025-04-10T10:00:30+00:00\",\"mainEntityOfPage\":{\"@id\":\"https:\\\/\\\/www.anovapeneira.gal\\\/index.php\\\/2025\\\/04\\\/10\\\/mellora-a-seguridade-viaria-na-estrada-de-porto-cabeiro-cunha-nova-calzada-e-beirarruas\\\/\"},\"wordCount\":537,\"commentCount\":0,\"publisher\":{\"@id\":\"https:\\\/\\\/www.anovapeneira.gal\\\/#organization\"},\"image\":{\"@id\":\"https:\\\/\\\/www.anovapeneira.gal\\\/index.php\\\/2025\\\/04\\\/10\\\/mellora-a-seguridade-viaria-na-estrada-de-porto-cabeiro-cunha-nova-calzada-e-beirarruas\\\/#primaryimage\"},\"thumbnailUrl\":\"https:\\\/\\\/www.anovapeneira.gal\\\/wp-content\\\/uploads\\\/2025\\\/04\\\/porto_cabeiro.png\",\"keywords\":[\"Concello de Redondela\"],\"articleSection\":[\"Redondela\"],\"inLanguage\":\"gl-ES\",\"potentialAction\":[{\"@type\":\"CommentAction\",\"name\":\"Comment\",\"target\":[\"https:\\\/\\\/www.anovapeneira.gal\\\/index.php\\\/2025\\\/04\\\/10\\\/mellora-a-seguridade-viaria-na-estrada-de-porto-cabeiro-cunha-nova-calzada-e-beirarruas\\\/#respond\"]}]},{\"@type\":\"WebPage\",\"@id\":\"https:\\\/\\\/www.anovapeneira.gal\\\/index.php\\\/2025\\\/04\\\/10\\\/mellora-a-seguridade-viaria-na-estrada-de-porto-cabeiro-cunha-nova-calzada-e-beirarruas\\\/\",\"url\":\"https:\\\/\\\/www.anovapeneira.gal\\\/index.php\\\/2025\\\/04\\\/10\\\/mellora-a-seguridade-viaria-na-estrada-de-porto-cabeiro-cunha-nova-calzada-e-beirarruas\\\/\",\"name\":\"Mellora a seguridade viaria na estrada de Porto Cabeiro cunha nova calzada e beirarr\u00faas -\",\"isPartOf\":{\"@id\":\"https:\\\/\\\/www.anovapeneira.gal\\\/#website\"},\"primaryImageOfPage\":{\"@id\":\"https:\\\/\\\/www.anovapeneira.gal\\\/index.php\\\/2025\\\/04\\\/10\\\/mellora-a-seguridade-viaria-na-estrada-de-porto-cabeiro-cunha-nova-calzada-e-beirarruas\\\/#primaryimage\"},\"image\":{\"@id\":\"https:\\\/\\\/www.anovapeneira.gal\\\/index.php\\\/2025\\\/04\\\/10\\\/mellora-a-seguridade-viaria-na-estrada-de-porto-cabeiro-cunha-nova-calzada-e-beirarruas\\\/#primaryimage\"},\"thumbnailUrl\":\"https:\\\/\\\/www.anovapeneira.gal\\\/wp-content\\\/uploads\\\/2025\\\/04\\\/porto_cabeiro.png\",\"datePublished\":\"2025-04-10T10:00:30+00:00\",\"breadcrumb\":{\"@id\":\"https:\\\/\\\/www.anovapeneira.gal\\\/index.php\\\/2025\\\/04\\\/10\\\/mellora-a-seguridade-viaria-na-estrada-de-porto-cabeiro-cunha-nova-calzada-e-beirarruas\\\/#breadcrumb\"},\"inLanguage\":\"gl-ES\",\"potentialAction\":[{\"@type\":\"ReadAction\",\"target\":[\"https:\\\/\\\/www.anovapeneira.gal\\\/index.php\\\/2025\\\/04\\\/10\\\/mellora-a-seguridade-viaria-na-estrada-de-porto-cabeiro-cunha-nova-calzada-e-beirarruas\\\/\"]}]},{\"@type\":\"ImageObject\",\"inLanguage\":\"gl-ES\",\"@id\":\"https:\\\/\\\/www.anovapeneira.gal\\\/index.php\\\/2025\\\/04\\\/10\\\/mellora-a-seguridade-viaria-na-estrada-de-porto-cabeiro-cunha-nova-calzada-e-beirarruas\\\/#primaryimage\",\"url\":\"https:\\\/\\\/www.anovapeneira.gal\\\/wp-content\\\/uploads\\\/2025\\\/04\\\/porto_cabeiro.png\",\"contentUrl\":\"https:\\\/\\\/www.anovapeneira.gal\\\/wp-content\\\/uploads\\\/2025\\\/04\\\/porto_cabeiro.png\",\"width\":720,\"height\":432,\"caption\":\"Porto Cabeiro\"},{\"@type\":\"BreadcrumbList\",\"@id\":\"https:\\\/\\\/www.anovapeneira.gal\\\/index.php\\\/2025\\\/04\\\/10\\\/mellora-a-seguridade-viaria-na-estrada-de-porto-cabeiro-cunha-nova-calzada-e-beirarruas\\\/#breadcrumb\",\"itemListElement\":[{\"@type\":\"ListItem\",\"position\":1,\"name\":\"Portada\",\"item\":\"https:\\\/\\\/www.anovapeneira.gal\\\/\"},{\"@type\":\"ListItem\",\"position\":2,\"name\":\"Mellora a seguridade viaria na estrada de Porto Cabeiro cunha nova calzada e beirarr\u00faas\"}]},{\"@type\":\"WebSite\",\"@id\":\"https:\\\/\\\/www.anovapeneira.gal\\\/#website\",\"url\":\"https:\\\/\\\/www.anovapeneira.gal\\\/\",\"name\":\"\",\"description\":\"Xornal galego de informaci\u00f3n xeral Publicaci\u00f3n mensual de novas de Galicia e en especial dos Concellos da sur da provincia de Pontevedra.\",\"publisher\":{\"@id\":\"https:\\\/\\\/www.anovapeneira.gal\\\/#organization\"},\"potentialAction\":[{\"@type\":\"SearchAction\",\"target\":{\"@type\":\"EntryPoint\",\"urlTemplate\":\"https:\\\/\\\/www.anovapeneira.gal\\\/?s={search_term_string}\"},\"query-input\":{\"@type\":\"PropertyValueSpecification\",\"valueRequired\":true,\"valueName\":\"search_term_string\"}}],\"inLanguage\":\"gl-ES\"},{\"@type\":\"Organization\",\"@id\":\"https:\\\/\\\/www.anovapeneira.gal\\\/#organization\",\"name\":\"A Nova Peneira\",\"url\":\"https:\\\/\\\/www.anovapeneira.gal\\\/\",\"logo\":{\"@type\":\"ImageObject\",\"inLanguage\":\"gl-ES\",\"@id\":\"https:\\\/\\\/www.anovapeneira.gal\\\/#\\\/schema\\\/logo\\\/image\\\/\",\"url\":\"http:\\\/\\\/www.anovapeneira.gal\\\/wp-content\\\/uploads\\\/2019\\\/06\\\/logo_a_nova_peneira_portal_web.png\",\"contentUrl\":\"http:\\\/\\\/www.anovapeneira.gal\\\/wp-content\\\/uploads\\\/2019\\\/06\\\/logo_a_nova_peneira_portal_web.png\",\"width\":300,\"height\":100,\"caption\":\"A Nova Peneira\"},\"image\":{\"@id\":\"https:\\\/\\\/www.anovapeneira.gal\\\/#\\\/schema\\\/logo\\\/image\\\/\"},\"sameAs\":[\"https:\\\/\\\/www.facebook.com\\\/anovapeneira\",\"https:\\\/\\\/x.com\\\/APeneira\"]},{\"@type\":\"Person\",\"@id\":\"https:\\\/\\\/www.anovapeneira.gal\\\/#\\\/schema\\\/person\\\/b93e3f8932e3f8da96334607eb6ac6aa\",\"name\":\"Redacci\u00f3n A Nova Peneira\",\"image\":{\"@type\":\"ImageObject\",\"inLanguage\":\"gl-ES\",\"@id\":\"https:\\\/\\\/secure.gravatar.com\\\/avatar\\\/c052a2551a06e23fac63626232eaa90abd78dbcf1700fc46a2b2c89fd27b735f?s=96&d=mm&r=g\",\"url\":\"https:\\\/\\\/secure.gravatar.com\\\/avatar\\\/c052a2551a06e23fac63626232eaa90abd78dbcf1700fc46a2b2c89fd27b735f?s=96&d=mm&r=g\",\"contentUrl\":\"https:\\\/\\\/secure.gravatar.com\\\/avatar\\\/c052a2551a06e23fac63626232eaa90abd78dbcf1700fc46a2b2c89fd27b735f?s=96&d=mm&r=g\",\"caption\":\"Redacci\u00f3n A Nova Peneira\"},\"sameAs\":[\"http:\\\/\\\/www.anovapeneira.gal\\\/\"],\"url\":\"https:\\\/\\\/www.anovapeneira.gal\\\/index.php\\\/author\\\/redactor\\\/\"}]}<\/script>\n<!-- \/ Yoast SEO plugin. -->","yoast_head_json":{"title":"Mellora a seguridade viaria na estrada de Porto Cabeiro cunha nova calzada e beirarr\u00faas -","robots":{"index":"index","follow":"follow","max-snippet":"max-snippet:-1","max-image-preview":"max-image-preview:large","max-video-preview":"max-video-preview:-1"},"canonical":"https:\/\/www.anovapeneira.gal\/index.php\/2025\/04\/10\/mellora-a-seguridade-viaria-na-estrada-de-porto-cabeiro-cunha-nova-calzada-e-beirarruas\/","og_locale":"gl_ES","og_type":"article","og_title":"Mellora a seguridade viaria na estrada de Porto Cabeiro cunha nova calzada e beirarr\u00faas -","og_description":"O proxecto contempla a reforma integral da estrada no tramo entre a N-555 e o cami\u00f1o do Campi\u00f1o, nas inmediaci\u00f3ns do CEIP Porto Cabeiro. [...]","og_url":"https:\/\/www.anovapeneira.gal\/index.php\/2025\/04\/10\/mellora-a-seguridade-viaria-na-estrada-de-porto-cabeiro-cunha-nova-calzada-e-beirarruas\/","article_publisher":"https:\/\/www.facebook.com\/anovapeneira","article_published_time":"2025-04-10T10:00:30+00:00","og_image":[{"width":720,"height":432,"url":"https:\/\/www.anovapeneira.gal\/wp-content\/uploads\/2025\/04\/porto_cabeiro.png","type":"image\/png"}],"author":"Redacci\u00f3n A Nova Peneira","twitter_card":"summary_large_image","twitter_creator":"@APeneira","twitter_site":"@APeneira","twitter_misc":{"Escrito por":"Redacci\u00f3n A Nova Peneira","Tempo de lectura":"3 minutos"},"schema":{"@context":"https:\/\/schema.org","@graph":[{"@type":"Article","@id":"https:\/\/www.anovapeneira.gal\/index.php\/2025\/04\/10\/mellora-a-seguridade-viaria-na-estrada-de-porto-cabeiro-cunha-nova-calzada-e-beirarruas\/#article","isPartOf":{"@id":"https:\/\/www.anovapeneira.gal\/index.php\/2025\/04\/10\/mellora-a-seguridade-viaria-na-estrada-de-porto-cabeiro-cunha-nova-calzada-e-beirarruas\/"},"author":{"name":"Redacci\u00f3n A Nova Peneira","@id":"https:\/\/www.anovapeneira.gal\/#\/schema\/person\/b93e3f8932e3f8da96334607eb6ac6aa"},"headline":"Mellora a seguridade viaria na estrada de Porto Cabeiro cunha nova calzada e beirarr\u00faas","datePublished":"2025-04-10T10:00:30+00:00","mainEntityOfPage":{"@id":"https:\/\/www.anovapeneira.gal\/index.php\/2025\/04\/10\/mellora-a-seguridade-viaria-na-estrada-de-porto-cabeiro-cunha-nova-calzada-e-beirarruas\/"},"wordCount":537,"commentCount":0,"publisher":{"@id":"https:\/\/www.anovapeneira.gal\/#organization"},"image":{"@id":"https:\/\/www.anovapeneira.gal\/index.php\/2025\/04\/10\/mellora-a-seguridade-viaria-na-estrada-de-porto-cabeiro-cunha-nova-calzada-e-beirarruas\/#primaryimage"},"thumbnailUrl":"https:\/\/www.anovapeneira.gal\/wp-content\/uploads\/2025\/04\/porto_cabeiro.png","keywords":["Concello de Redondela"],"articleSection":["Redondela"],"inLanguage":"gl-ES","potentialAction":[{"@type":"CommentAction","name":"Comment","target":["https:\/\/www.anovapeneira.gal\/index.php\/2025\/04\/10\/mellora-a-seguridade-viaria-na-estrada-de-porto-cabeiro-cunha-nova-calzada-e-beirarruas\/#respond"]}]},{"@type":"WebPage","@id":"https:\/\/www.anovapeneira.gal\/index.php\/2025\/04\/10\/mellora-a-seguridade-viaria-na-estrada-de-porto-cabeiro-cunha-nova-calzada-e-beirarruas\/","url":"https:\/\/www.anovapeneira.gal\/index.php\/2025\/04\/10\/mellora-a-seguridade-viaria-na-estrada-de-porto-cabeiro-cunha-nova-calzada-e-beirarruas\/","name":"Mellora a seguridade viaria na estrada de Porto Cabeiro cunha nova calzada e beirarr\u00faas -","isPartOf":{"@id":"https:\/\/www.anovapeneira.gal\/#website"},"primaryImageOfPage":{"@id":"https:\/\/www.anovapeneira.gal\/index.php\/2025\/04\/10\/mellora-a-seguridade-viaria-na-estrada-de-porto-cabeiro-cunha-nova-calzada-e-beirarruas\/#primaryimage"},"image":{"@id":"https:\/\/www.anovapeneira.gal\/index.php\/2025\/04\/10\/mellora-a-seguridade-viaria-na-estrada-de-porto-cabeiro-cunha-nova-calzada-e-beirarruas\/#primaryimage"},"thumbnailUrl":"https:\/\/www.anovapeneira.gal\/wp-content\/uploads\/2025\/04\/porto_cabeiro.png","datePublished":"2025-04-10T10:00:30+00:00","breadcrumb":{"@id":"https:\/\/www.anovapeneira.gal\/index.php\/2025\/04\/10\/mellora-a-seguridade-viaria-na-estrada-de-porto-cabeiro-cunha-nova-calzada-e-beirarruas\/#breadcrumb"},"inLanguage":"gl-ES","potentialAction":[{"@type":"ReadAction","target":["https:\/\/www.anovapeneira.gal\/index.php\/2025\/04\/10\/mellora-a-seguridade-viaria-na-estrada-de-porto-cabeiro-cunha-nova-calzada-e-beirarruas\/"]}]},{"@type":"ImageObject","inLanguage":"gl-ES","@id":"https:\/\/www.anovapeneira.gal\/index.php\/2025\/04\/10\/mellora-a-seguridade-viaria-na-estrada-de-porto-cabeiro-cunha-nova-calzada-e-beirarruas\/#primaryimage","url":"https:\/\/www.anovapeneira.gal\/wp-content\/uploads\/2025\/04\/porto_cabeiro.png","contentUrl":"https:\/\/www.anovapeneira.gal\/wp-content\/uploads\/2025\/04\/porto_cabeiro.png","width":720,"height":432,"caption":"Porto Cabeiro"},{"@type":"BreadcrumbList","@id":"https:\/\/www.anovapeneira.gal\/index.php\/2025\/04\/10\/mellora-a-seguridade-viaria-na-estrada-de-porto-cabeiro-cunha-nova-calzada-e-beirarruas\/#breadcrumb","itemListElement":[{"@type":"ListItem","position":1,"name":"Portada","item":"https:\/\/www.anovapeneira.gal\/"},{"@type":"ListItem","position":2,"name":"Mellora a seguridade viaria na estrada de Porto Cabeiro cunha nova calzada e beirarr\u00faas"}]},{"@type":"WebSite","@id":"https:\/\/www.anovapeneira.gal\/#website","url":"https:\/\/www.anovapeneira.gal\/","name":"","description":"Xornal galego de informaci\u00f3n xeral Publicaci\u00f3n mensual de novas de Galicia e en especial dos Concellos da sur da provincia de Pontevedra.","publisher":{"@id":"https:\/\/www.anovapeneira.gal\/#organization"},"potentialAction":[{"@type":"SearchAction","target":{"@type":"EntryPoint","urlTemplate":"https:\/\/www.anovapeneira.gal\/?s={search_term_string}"},"query-input":{"@type":"PropertyValueSpecification","valueRequired":true,"valueName":"search_term_string"}}],"inLanguage":"gl-ES"},{"@type":"Organization","@id":"https:\/\/www.anovapeneira.gal\/#organization","name":"A Nova Peneira","url":"https:\/\/www.anovapeneira.gal\/","logo":{"@type":"ImageObject","inLanguage":"gl-ES","@id":"https:\/\/www.anovapeneira.gal\/#\/schema\/logo\/image\/","url":"http:\/\/www.anovapeneira.gal\/wp-content\/uploads\/2019\/06\/logo_a_nova_peneira_portal_web.png","contentUrl":"http:\/\/www.anovapeneira.gal\/wp-content\/uploads\/2019\/06\/logo_a_nova_peneira_portal_web.png","width":300,"height":100,"caption":"A Nova Peneira"},"image":{"@id":"https:\/\/www.anovapeneira.gal\/#\/schema\/logo\/image\/"},"sameAs":["https:\/\/www.facebook.com\/anovapeneira","https:\/\/x.com\/APeneira"]},{"@type":"Person","@id":"https:\/\/www.anovapeneira.gal\/#\/schema\/person\/b93e3f8932e3f8da96334607eb6ac6aa","name":"Redacci\u00f3n A Nova Peneira","image":{"@type":"ImageObject","inLanguage":"gl-ES","@id":"https:\/\/secure.gravatar.com\/avatar\/c052a2551a06e23fac63626232eaa90abd78dbcf1700fc46a2b2c89fd27b735f?s=96&d=mm&r=g","url":"https:\/\/secure.gravatar.com\/avatar\/c052a2551a06e23fac63626232eaa90abd78dbcf1700fc46a2b2c89fd27b735f?s=96&d=mm&r=g","contentUrl":"https:\/\/secure.gravatar.com\/avatar\/c052a2551a06e23fac63626232eaa90abd78dbcf1700fc46a2b2c89fd27b735f?s=96&d=mm&r=g","caption":"Redacci\u00f3n A Nova Peneira"},"sameAs":["http:\/\/www.anovapeneira.gal\/"],"url":"https:\/\/www.anovapeneira.gal\/index.php\/author\/redactor\/"}]}},"jetpack_featured_media_url":"https:\/\/www.anovapeneira.gal\/wp-content\/uploads\/2025\/04\/porto_cabeiro.png","_links":{"self":[{"href":"https:\/\/www.anovapeneira.gal\/index.php\/wp-json\/wp\/v2\/posts\/13671","targetHints":{"allow":["GET"]}}],"collection":[{"href":"https:\/\/www.anovapeneira.gal\/index.php\/wp-json\/wp\/v2\/posts"}],"about":[{"href":"https:\/\/www.anovapeneira.gal\/index.php\/wp-json\/wp\/v2\/types\/post"}],"author":[{"embeddable":true,"href":"https:\/\/www.anovapeneira.gal\/index.php\/wp-json\/wp\/v2\/users\/3"}],"replies":[{"embeddable":true,"href":"https:\/\/www.anovapeneira.gal\/index.php\/wp-json\/wp\/v2\/comments?post=13671"}],"version-history":[{"count":1,"href":"https:\/\/www.anovapeneira.gal\/index.php\/wp-json\/wp\/v2\/posts\/13671\/revisions"}],"predecessor-version":[{"id":13673,"href":"https:\/\/www.anovapeneira.gal\/index.php\/wp-json\/wp\/v2\/posts\/13671\/revisions\/13673"}],"wp:featuredmedia":[{"embeddable":true,"href":"https:\/\/www.anovapeneira.gal\/index.php\/wp-json\/wp\/v2\/media\/13672"}],"wp:attachment":[{"href":"https:\/\/www.anovapeneira.gal\/index.php\/wp-json\/wp\/v2\/media?parent=13671"}],"wp:term":[{"taxonomy":"category","embeddable":true,"href":"https:\/\/www.anovapeneira.gal\/index.php\/wp-json\/wp\/v2\/categories?post=13671"},{"taxonomy":"post_tag","embeddable":true,"href":"https:\/\/www.anovapeneira.gal\/index.php\/wp-json\/wp\/v2\/tags?post=13671"}],"curies":[{"name":"wp","href":"https:\/\/api.w.org\/{rel}","templated":true}]}}